{"id":294419,"date":"2022-08-25T05:13:02","date_gmt":"2022-08-25T03:13:02","guid":{"rendered":"https:\/\/www.radiopiu.net\/wordpress\/?p=294419"},"modified":"2022-08-25T05:38:17","modified_gmt":"2022-08-25T03:38:17","slug":"altre-conferme-nel-roster-dellalleghe-hockey","status":"publish","type":"post","link":"https:\/\/www.radiopiu.net\/wordpress\/altre-conferme-nel-roster-dellalleghe-hockey\/","title":{"rendered":"ALTRE CONFERME NEL ROSTER DELL&#8217;ALLEGHE HOCKEY"},"content":{"rendered":"<p><strong>di Roberto Miana, portavoce dell&#8217;Alleghe Hockey<\/strong><\/p>\n<p><strong>ALLEGHE <\/strong>Il sodalizio alleghese annuncia con soddisfazione la conferma nel proprio organico di Marco Lorenzini e il ritorno in squadra di Matteo Fontanive.<\/p>\n<p><strong><a class=\"dt-pswp-item\" href=\"https:\/\/www.radiopiu.net\/wordpress\/wp-content\/uploads\/2022\/08\/c24350d5-39a7-4a3f-bfd7-d5dc3e9169d7.jpg\" data-dt-img-description=\"\" data-large_image_width=\"681\" data-large_image_height=\"1024\"><img loading=\"lazy\" decoding=\"async\" class=\"alignleft wp-image-294421 \" src=\"https:\/\/www.radiopiu.net\/wordpress\/wp-content\/uploads\/2022\/08\/c24350d5-39a7-4a3f-bfd7-d5dc3e9169d7-200x300.jpg\" alt=\"\" width=\"122\" height=\"183\" srcset=\"https:\/\/www.radiopiu.net\/wordpress\/wp-content\/uploads\/2022\/08\/c24350d5-39a7-4a3f-bfd7-d5dc3e9169d7-200x300.jpg 200w, https:\/\/www.radiopiu.net\/wordpress\/wp-content\/uploads\/2022\/08\/c24350d5-39a7-4a3f-bfd7-d5dc3e9169d7.jpg 681w\" sizes=\"auto, (max-width: 122px) 100vw, 122px\" \/><\/a>Marco LORENZINI<\/strong>, possente difensore d&#8217;esperienza, classe 1989, \u00e8 considerato un jolly per la sua duttilit\u00e0 tattica, potendo giocare sia in zona difensiva che offensiva. L\u2019esordio in prima squadra biancorossa risale alla stagione 2013\/2014 dove ha disputato 139 partite, impreziosite da 5 gol e 7 assist.<br \/>\nCos\u00ec Marco: \u201cPer la nuova stagione, nonostante alcune importanti defezioni, sono fiducioso sul fatto che resteremo competitivi e penso che ce la giocheremo un po\u2019 con tutti. Il mio obiettivo personale sar\u00e0 di riuscire ad allenarmi e giocare con pi\u00f9 continuit\u00e0 rispetto agli ultimi anni nei quali ho dovuto fare i conti con problemi fisici, che al momento sembrano risolti. A livello di squadra sarebbe un ottimo risultato qualificarci nelle prime quattro\/cinque posizioni e poi ai playoff si vedr\u00e0\u2026 Nella mia carriera ho sempre giocato in attacco ma con Juhani (Matikainen) ho cominciato a giocare in difesa e sinceramente \u00e8 il ruolo che attualmente preferisco. Comunque a me interessa giocare e dare una mano alla squadra e giocher\u00f2 dove mi chieder\u00e0 il coach senza nessun problema\u201d.<\/p>\n<p><strong><a class=\"dt-pswp-item\" href=\"https:\/\/www.radiopiu.net\/wordpress\/wp-content\/uploads\/2022\/08\/bf31c12c-d4f5-4146-90aa-8f75d1b68ab0.jpg\" data-dt-img-description=\"\" data-large_image_width=\"595\" data-large_image_height=\"780\"><img loading=\"lazy\" decoding=\"async\" class=\"alignright wp-image-294422 \" src=\"https:\/\/www.radiopiu.net\/wordpress\/wp-content\/uploads\/2022\/08\/bf31c12c-d4f5-4146-90aa-8f75d1b68ab0-229x300.jpg\" alt=\"\" width=\"144\" height=\"188\" srcset=\"https:\/\/www.radiopiu.net\/wordpress\/wp-content\/uploads\/2022\/08\/bf31c12c-d4f5-4146-90aa-8f75d1b68ab0-229x300.jpg 229w, https:\/\/www.radiopiu.net\/wordpress\/wp-content\/uploads\/2022\/08\/bf31c12c-d4f5-4146-90aa-8f75d1b68ab0.jpg 595w\" sizes=\"auto, (max-width: 144px) 100vw, 144px\" \/><\/a>Matteo FONTANIVE<\/strong>, difensore ventunenne, ha esordito in prima squadra giocando solo una stagione nel 2018\/2019, collezionando 8 presenze.<br \/>\nCos\u00ec Matteo: \u201cQuesto per me \u00e8 un ritorno a vestire la maglia delle Civette dopo tre anni nei quali mi sono fermato perch\u00e9 ho preferito concentrarmi sulla scuola. Finiti gli studi ho iniziato a lavorare ma il lavoro intrapreso non mi permetteva di giocare. Adesso ho trovato un impiego qui in zona e posso finalmente calzare nuovamente i pattini rimettendomi in gioco, perch\u00e9 l\u2019hockey \u00e8 sempre stato la mia passione. Mi sto allenando sul ghiaccio da alcune settimane dopo aver seguito in estate tutta la preparazione fatta da Nicola Fontanive. In questa stagione mi aspetto di arrivare pi\u00f9 avanti possibile con la squadra, integrarmi bene con il gruppo e magari togliermi qualche soddisfazione personale. Al momento il mio obbiettivo primario \u00e8 riuscire ad essere al top della forma il prima possibile per dare il mio contributo alla squadra\u201d.<\/p>\n<p>&nbsp;<\/p>\n<p>&nbsp;<\/p>\n<p>*******<\/p>\n","protected":false},"excerpt":{"rendered":"<p>di Roberto Miana, portavoce dell&#8217;Alleghe Hockey ALLEGHE Il sodalizio alleghese annuncia con soddisfazione la conferma nel proprio organico di Marco Lorenzini e il ritorno in squadra di Matteo Fontanive. Marco LORENZINI, possente difensore d&#8217;esperienza, classe 1989, \u00e8 considerato un jolly per la sua duttilit\u00e0 tattica, potendo giocare sia in zona difensiva che offensiva. L\u2019esordio in&hellip;<\/p>\n","protected":false},"author":4,"featured_media":95699,"comment_status":"closed","ping_status":"closed","sticky":false,"template":"","format":"standard","meta":{"_monsterinsights_skip_tracking":false,"_monsterinsights_sitenote_active":false,"_monsterinsights_sitenote_note":"","_monsterinsights_sitenote_category":0,"footnotes":""},"categories":[104,49],"tags":[],"class_list":["post-294419","post","type-post","status-publish","format-standard","has-post-thumbnail","hentry","category-evidenza_3","category-news-18","category-104","category-49","description-off"],"img_url":"https:\/\/www.radiopiu.net\/wordpress\/wp-content\/uploads\/2019\/08\/logo-alleghe-hockey.png","_links":{"self":[{"href":"https:\/\/www.radiopiu.net\/wordpress\/wp-json\/wp\/v2\/posts\/294419","targetHints":{"allow":["GET"]}}],"collection":[{"href":"https:\/\/www.radiopiu.net\/wordpress\/wp-json\/wp\/v2\/posts"}],"about":[{"href":"https:\/\/www.radiopiu.net\/wordpress\/wp-json\/wp\/v2\/types\/post"}],"author":[{"embeddable":true,"href":"https:\/\/www.radiopiu.net\/wordpress\/wp-json\/wp\/v2\/users\/4"}],"replies":[{"embeddable":true,"href":"https:\/\/www.radiopiu.net\/wordpress\/wp-json\/wp\/v2\/comments?post=294419"}],"version-history":[{"count":0,"href":"https:\/\/www.radiopiu.net\/wordpress\/wp-json\/wp\/v2\/posts\/294419\/revisions"}],"wp:featuredmedia":[{"embeddable":true,"href":"https:\/\/www.radiopiu.net\/wordpress\/wp-json\/wp\/v2\/media\/95699"}],"wp:attachment":[{"href":"https:\/\/www.radiopiu.net\/wordpress\/wp-json\/wp\/v2\/media?parent=294419"}],"wp:term":[{"taxonomy":"category","embeddable":true,"href":"https:\/\/www.radiopiu.net\/wordpress\/wp-json\/wp\/v2\/categories?post=294419"},{"taxonomy":"post_tag","embeddable":true,"href":"https:\/\/www.radiopiu.net\/wordpress\/wp-json\/wp\/v2\/tags?post=294419"}],"curies":[{"name":"wp","href":"https:\/\/api.w.org\/{rel}","templated":true}]}}