{"id":294451,"date":"2022-08-25T05:25:26","date_gmt":"2022-08-25T03:25:26","guid":{"rendered":"https:\/\/www.radiopiu.net\/wordpress\/?p=294451"},"modified":"2022-08-25T05:34:05","modified_gmt":"2022-08-25T03:34:05","slug":"escursionista-soccorsa-alleremo-dei-romiti","status":"publish","type":"post","link":"https:\/\/www.radiopiu.net\/wordpress\/escursionista-soccorsa-alleremo-dei-romiti\/","title":{"rendered":"ESCURSIONISTA SOCCORSA ALL&#8217;EREMO DEI ROMITI"},"content":{"rendered":"<p><strong>DOMEGGE DI CADORE<\/strong> Dopo essere salita assieme al marito dal sentiero della Via Crucis all&#8217;Eremo dei Romiti, al momento di ridiscendere a valle lungo la strada silvopastorale, a un&#8217;escursionista di 34 anni di Portomaggiore (FE) ha iniziato a fare male un ginocchio e non \u00e8 stata pi\u00f9 in grado di proseguire oltre. Il marito \u00e8 tornato all&#8217;Eremo a chiedere aiuto e la gestrice ha allertato i soccorsi, poco prima delle 16. Un soccorritore ha quindi raggiunto in fuoristrada la coppia ferma a bordo strada e dopo aver caricato a bordo entrambi, li ha accompagnati in localit\u00e0 Navarre dove avevano parcheggiato la macchina.<\/p>\n<p>&nbsp;<\/p>\n<p>&nbsp;<\/p>\n<p>****<\/p>\n","protected":false},"excerpt":{"rendered":"<p>DOMEGGE DI CADORE Dopo essere salita assieme al marito dal sentiero della Via Crucis all&#8217;Eremo dei Romiti, al momento di ridiscendere a valle lungo la strada silvopastorale, a un&#8217;escursionista di 34 anni di Portomaggiore (FE) ha iniziato a fare male un ginocchio e non \u00e8 stata pi\u00f9 in grado di proseguire oltre. Il marito \u00e8&hellip;<\/p>\n","protected":false},"author":4,"featured_media":270917,"comment_status":"closed","ping_status":"closed","sticky":false,"template":"","format":"standard","meta":{"_monsterinsights_skip_tracking":false,"_monsterinsights_sitenote_active":false,"_monsterinsights_sitenote_note":"","_monsterinsights_sitenote_category":0,"footnotes":""},"categories":[51,49],"tags":[],"class_list":["post-294451","post","type-post","status-publish","format-standard","has-post-thumbnail","hentry","category-evidenza-top","category-news-18","category-51","category-49","description-off"],"img_url":"https:\/\/www.radiopiu.net\/wordpress\/wp-content\/uploads\/2022\/04\/soccorso-alpino-1024x602-1.jpg","_links":{"self":[{"href":"https:\/\/www.radiopiu.net\/wordpress\/wp-json\/wp\/v2\/posts\/294451","targetHints":{"allow":["GET"]}}],"collection":[{"href":"https:\/\/www.radiopiu.net\/wordpress\/wp-json\/wp\/v2\/posts"}],"about":[{"href":"https:\/\/www.radiopiu.net\/wordpress\/wp-json\/wp\/v2\/types\/post"}],"author":[{"embeddable":true,"href":"https:\/\/www.radiopiu.net\/wordpress\/wp-json\/wp\/v2\/users\/4"}],"replies":[{"embeddable":true,"href":"https:\/\/www.radiopiu.net\/wordpress\/wp-json\/wp\/v2\/comments?post=294451"}],"version-history":[{"count":0,"href":"https:\/\/www.radiopiu.net\/wordpress\/wp-json\/wp\/v2\/posts\/294451\/revisions"}],"wp:featuredmedia":[{"embeddable":true,"href":"https:\/\/www.radiopiu.net\/wordpress\/wp-json\/wp\/v2\/media\/270917"}],"wp:attachment":[{"href":"https:\/\/www.radiopiu.net\/wordpress\/wp-json\/wp\/v2\/media?parent=294451"}],"wp:term":[{"taxonomy":"category","embeddable":true,"href":"https:\/\/www.radiopiu.net\/wordpress\/wp-json\/wp\/v2\/categories?post=294451"},{"taxonomy":"post_tag","embeddable":true,"href":"https:\/\/www.radiopiu.net\/wordpress\/wp-json\/wp\/v2\/tags?post=294451"}],"curies":[{"name":"wp","href":"https:\/\/api.w.org\/{rel}","templated":true}]}}