{"id":294538,"date":"2022-08-26T05:29:36","date_gmt":"2022-08-26T03:29:36","guid":{"rendered":"https:\/\/www.radiopiu.net\/wordpress\/?p=294538"},"modified":"2022-08-26T05:50:56","modified_gmt":"2022-08-26T03:50:56","slug":"timore-per-un-escursionista-allarme-rientrato","status":"publish","type":"post","link":"https:\/\/www.radiopiu.net\/wordpress\/timore-per-un-escursionista-allarme-rientrato\/","title":{"rendered":"TIMORE PER UN ESCURSIONISTA, ALLARME RIENTRATO"},"content":{"rendered":"<div dir=\"auto\"><strong>CORTINA<\/strong>\u00a0 Allarme cessato per un escursionista con il quale i familiari non avevano pi\u00f9 contatti da ieri. Questa mattina verso le 9 l&#8217;elicottero di Dolomiti Emergency \u00e8 decollato per una ricognizione nella zona di Forcella Ciase, a seguito della segnalazione della sorella di un 55enne di Feltre (BL), preoccupata poich\u00e9 non lo sentiva pi\u00f9 da ieri alle 14.30. L&#8217;uomo, che doveva stare fuori pi\u00f9 giorni, si trovava al Bivacco della Pace sul Monte Castello al momento dell&#8217;ultimo contatto, ma poi il suo cellulare non era pi\u00f9 stato raggiungibile. Fortunatamente durante la ricognizione lungo il sentiero che scende in Val Travenanzes, la donna ha richiamato dicendo che il fratello si trovava al Rifugio Giussani e l&#8217;allarme \u00e8 rientrato.<\/div>\n<div dir=\"auto\"><\/div>\n<div dir=\"auto\"><\/div>\n<div dir=\"auto\">\n<hr \/>\n<\/div>\n","protected":false},"excerpt":{"rendered":"<p>CORTINA\u00a0 Allarme cessato per un escursionista con il quale i familiari non avevano pi\u00f9 contatti da ieri. Questa mattina verso le 9 l&#8217;elicottero di Dolomiti Emergency \u00e8 decollato per una ricognizione nella zona di Forcella Ciase, a seguito della segnalazione della sorella di un 55enne di Feltre (BL), preoccupata poich\u00e9 non lo sentiva pi\u00f9 da&hellip;<\/p>\n","protected":false},"author":4,"featured_media":292928,"comment_status":"closed","ping_status":"closed","sticky":false,"template":"","format":"standard","meta":{"_monsterinsights_skip_tracking":false,"_monsterinsights_sitenote_active":false,"_monsterinsights_sitenote_note":"","_monsterinsights_sitenote_category":0,"footnotes":""},"categories":[51,49],"tags":[],"class_list":["post-294538","post","type-post","status-publish","format-standard","has-post-thumbnail","hentry","category-evidenza-top","category-news-18","category-51","category-49","description-off"],"img_url":"https:\/\/www.radiopiu.net\/wordpress\/wp-content\/uploads\/2022\/08\/salt_20220815_165013_303.jpg","_links":{"self":[{"href":"https:\/\/www.radiopiu.net\/wordpress\/wp-json\/wp\/v2\/posts\/294538","targetHints":{"allow":["GET"]}}],"collection":[{"href":"https:\/\/www.radiopiu.net\/wordpress\/wp-json\/wp\/v2\/posts"}],"about":[{"href":"https:\/\/www.radiopiu.net\/wordpress\/wp-json\/wp\/v2\/types\/post"}],"author":[{"embeddable":true,"href":"https:\/\/www.radiopiu.net\/wordpress\/wp-json\/wp\/v2\/users\/4"}],"replies":[{"embeddable":true,"href":"https:\/\/www.radiopiu.net\/wordpress\/wp-json\/wp\/v2\/comments?post=294538"}],"version-history":[{"count":0,"href":"https:\/\/www.radiopiu.net\/wordpress\/wp-json\/wp\/v2\/posts\/294538\/revisions"}],"wp:featuredmedia":[{"embeddable":true,"href":"https:\/\/www.radiopiu.net\/wordpress\/wp-json\/wp\/v2\/media\/292928"}],"wp:attachment":[{"href":"https:\/\/www.radiopiu.net\/wordpress\/wp-json\/wp\/v2\/media?parent=294538"}],"wp:term":[{"taxonomy":"category","embeddable":true,"href":"https:\/\/www.radiopiu.net\/wordpress\/wp-json\/wp\/v2\/categories?post=294538"},{"taxonomy":"post_tag","embeddable":true,"href":"https:\/\/www.radiopiu.net\/wordpress\/wp-json\/wp\/v2\/tags?post=294538"}],"curies":[{"name":"wp","href":"https:\/\/api.w.org\/{rel}","templated":true}]}}