{"id":294541,"date":"2022-08-26T05:27:45","date_gmt":"2022-08-26T03:27:45","guid":{"rendered":"https:\/\/www.radiopiu.net\/wordpress\/?p=294541"},"modified":"2022-08-26T05:50:31","modified_gmt":"2022-08-26T03:50:31","slug":"laumento-del-prezzo-dellenergia-spaventa-il-turismo","status":"publish","type":"post","link":"https:\/\/www.radiopiu.net\/wordpress\/laumento-del-prezzo-dellenergia-spaventa-il-turismo\/","title":{"rendered":"L\u2019AUMENTO DEL PREZZO DELL\u2019ENERGIA SPAVENTA IL TURISMO:"},"content":{"rendered":"<p>&nbsp;<\/p>\n<p>&nbsp;<\/p>\n<p><strong>REDAZIONE<\/strong> <span style=\"font-family: Verdana, serif;\"><span style=\"font-size: small;\"><span lang=\"it-IT\">\u00c8 un\u2019estate a due facce quella degli operatori del turismo del Veneto. Da un lato c\u2019\u00e8 grande soddisfazione per la ripresa del movimento turistico, che porter\u00e0 diverse localit\u00e0 a raggiungere i volumi pre-pandemia del 2019. Ma dall\u2019altro lato desta forte preoccupazione il considerevole aumento dei prezzi dell\u2019energia: una voce di costo importante anche per il settore ricettivo e per la ristorazione, che rischia di mettere in pericolo il futuro di molte imprese. <\/span><\/span><\/span><span style=\"font-family: Verdana, serif;\"><span style=\"font-size: small;\"><span lang=\"it-IT\">Secondo le stime della Fondazione Think Tank Nord Est, infatti, i servizi di alloggio e ristorazione in Veneto, nel corso del 2022, potrebbero complessivamente arrivare a pagare oltre un miliardo di euro in pi\u00f9 per le forniture di energia elettrica e gas. Se nel 2019 si stimava un costo complessivo inferiore ai 300 milioni di euro, a parit\u00e0 di consumi nel 2022 le bollette potrebbero crescere fino ad oltre 1,3 miliardi di euro: si tratterebbe di un aumento, rispetto al 2019, di quasi il 400%.\u00a0 <\/span><\/span><\/span><span style=\"font-family: Verdana, serif;\"><span style=\"font-size: small;\"><span lang=\"it-IT\">E purtroppo la situazione potrebbe ulteriormente peggiorare in autunno, quando si teme una nuova impennata dei costi energetici, nel caso in cui la fornitura di gas proveniente dalla Russia dovesse diminuire.<\/span><\/span><\/span><\/p>\n<p>&nbsp;<\/p>\n<p class=\"western\" lang=\"en-US\" align=\"justify\"><span style=\"font-family: Verdana, serif;\"><span style=\"font-size: small;\"><span lang=\"it-IT\"><b>Prezzo Unico Nazionale (PUN) dell\u2019Energia Elettrica in Italia, 2021-2022 (euro per MWh, prezzo medio mensile).<\/b><\/span><\/span><\/span><\/p>\n<p lang=\"en-US\"><a class=\"dt-pswp-item\" href=\"https:\/\/www.radiopiu.net\/wordpress\/wp-content\/uploads\/2022\/08\/aaaa-8.jpg\" data-dt-img-description=\"\" data-large_image_width=\"589\" data-large_image_height=\"380\"><img loading=\"lazy\" decoding=\"async\" class=\"alignnone wp-image-294542 size-full\" src=\"https:\/\/www.radiopiu.net\/wordpress\/wp-content\/uploads\/2022\/08\/aaaa-8.jpg\" alt=\"\" width=\"589\" height=\"380\" srcset=\"https:\/\/www.radiopiu.net\/wordpress\/wp-content\/uploads\/2022\/08\/aaaa-8.jpg 589w, https:\/\/www.radiopiu.net\/wordpress\/wp-content\/uploads\/2022\/08\/aaaa-8-300x194.jpg 300w\" sizes=\"auto, (max-width: 589px) 100vw, 589px\" \/><\/a><\/p>\n<p lang=\"en-US\" align=\"justify\">\n<p class=\"western\" lang=\"en-US\" align=\"justify\"><span style=\"font-family: Verdana, serif;\"><span style=\"font-size: small;\"><span lang=\"it-IT\"><b>Prezzo del Gas in Italia, 2021-2022 (euro per MWh, prezzo medio mensile).<\/b><\/span><\/span><\/span><\/p>\n<p class=\"western\" lang=\"en-US\" align=\"justify\"><a class=\"dt-pswp-item\" href=\"https:\/\/www.radiopiu.net\/wordpress\/wp-content\/uploads\/2022\/08\/BBBBBBBBBBBBBBBB.jpg\" data-dt-img-description=\"\" data-large_image_width=\"601\" data-large_image_height=\"434\"><img loading=\"lazy\" decoding=\"async\" class=\"alignnone wp-image-294543 size-full\" src=\"https:\/\/www.radiopiu.net\/wordpress\/wp-content\/uploads\/2022\/08\/BBBBBBBBBBBBBBBB.jpg\" alt=\"\" width=\"601\" height=\"434\" srcset=\"https:\/\/www.radiopiu.net\/wordpress\/wp-content\/uploads\/2022\/08\/BBBBBBBBBBBBBBBB.jpg 601w, https:\/\/www.radiopiu.net\/wordpress\/wp-content\/uploads\/2022\/08\/BBBBBBBBBBBBBBBB-300x217.jpg 300w\" sizes=\"auto, (max-width: 601px) 100vw, 601px\" \/><\/a><\/p>\n<p lang=\"en-US\" align=\"justify\">\n<p lang=\"en-US\" align=\"justify\">\n<p lang=\"en-US\" align=\"justify\">\n<hr \/>\n<p>&nbsp;<\/p>\n","protected":false},"excerpt":{"rendered":"<p>&nbsp; &nbsp; REDAZIONE \u00c8 un\u2019estate a due facce quella degli operatori del turismo del Veneto. Da un lato c\u2019\u00e8 grande soddisfazione per la ripresa del movimento turistico, che porter\u00e0 diverse localit\u00e0 a raggiungere i volumi pre-pandemia del 2019. Ma dall\u2019altro lato desta forte preoccupazione il considerevole aumento dei prezzi dell\u2019energia: una voce di costo importante&hellip;<\/p>\n","protected":false},"author":4,"featured_media":294542,"comment_status":"closed","ping_status":"closed","sticky":false,"template":"","format":"standard","meta":{"_monsterinsights_skip_tracking":false,"_monsterinsights_sitenote_active":false,"_monsterinsights_sitenote_note":"","_monsterinsights_sitenote_category":0,"footnotes":""},"categories":[104,49],"tags":[],"class_list":["post-294541","post","type-post","status-publish","format-standard","has-post-thumbnail","hentry","category-evidenza_3","category-news-18","category-104","category-49","description-off"],"img_url":"https:\/\/www.radiopiu.net\/wordpress\/wp-content\/uploads\/2022\/08\/aaaa-8.jpg","_links":{"self":[{"href":"https:\/\/www.radiopiu.net\/wordpress\/wp-json\/wp\/v2\/posts\/294541","targetHints":{"allow":["GET"]}}],"collection":[{"href":"https:\/\/www.radiopiu.net\/wordpress\/wp-json\/wp\/v2\/posts"}],"about":[{"href":"https:\/\/www.radiopiu.net\/wordpress\/wp-json\/wp\/v2\/types\/post"}],"author":[{"embeddable":true,"href":"https:\/\/www.radiopiu.net\/wordpress\/wp-json\/wp\/v2\/users\/4"}],"replies":[{"embeddable":true,"href":"https:\/\/www.radiopiu.net\/wordpress\/wp-json\/wp\/v2\/comments?post=294541"}],"version-history":[{"count":0,"href":"https:\/\/www.radiopiu.net\/wordpress\/wp-json\/wp\/v2\/posts\/294541\/revisions"}],"wp:featuredmedia":[{"embeddable":true,"href":"https:\/\/www.radiopiu.net\/wordpress\/wp-json\/wp\/v2\/media\/294542"}],"wp:attachment":[{"href":"https:\/\/www.radiopiu.net\/wordpress\/wp-json\/wp\/v2\/media?parent=294541"}],"wp:term":[{"taxonomy":"category","embeddable":true,"href":"https:\/\/www.radiopiu.net\/wordpress\/wp-json\/wp\/v2\/categories?post=294541"},{"taxonomy":"post_tag","embeddable":true,"href":"https:\/\/www.radiopiu.net\/wordpress\/wp-json\/wp\/v2\/tags?post=294541"}],"curies":[{"name":"wp","href":"https:\/\/api.w.org\/{rel}","templated":true}]}}