{"id":294574,"date":"2022-08-26T05:32:00","date_gmt":"2022-08-26T03:32:00","guid":{"rendered":"https:\/\/www.radiopiu.net\/wordpress\/?p=294574"},"modified":"2022-08-26T05:47:45","modified_gmt":"2022-08-26T03:47:45","slug":"e-morto-don-andrea-tison-aveva-83-anni","status":"publish","type":"post","link":"https:\/\/www.radiopiu.net\/wordpress\/e-morto-don-andrea-tison-aveva-83-anni\/","title":{"rendered":"E&#8217; MORTO DON ANDREA TISON, AVEVA 83 ANNI"},"content":{"rendered":"<p><strong><a class=\"dt-pswp-item\" href=\"https:\/\/www.radiopiu.net\/wordpress\/wp-content\/uploads\/2022\/08\/Andrea-Tison-1.jpg\" data-dt-img-description=\"\" data-large_image_width=\"607\" data-large_image_height=\"447\"><img loading=\"lazy\" decoding=\"async\" class=\"size-thumbnail wp-image-294576 alignleft\" src=\"https:\/\/www.radiopiu.net\/wordpress\/wp-content\/uploads\/2022\/08\/Andrea-Tison-1-150x150.jpg\" alt=\"\" width=\"150\" height=\"150\" \/><\/a>BELLUNO<\/strong> Si \u00e8 spento questa mattina dopo una breve ma grave malattia Don Andrea Tison. Era ricoverato all&#8217;Ospedale San Martino di Belluno. Nato a Col Di Cugnago a Ponte Nelle Alpi, aveva 83 anni. Dopo il percorso nei seminari della diocesi, venne ordinato presbitero il 28 giugno 1965. Visse il suo primo incarico come vicario cooperatore nella parrocchia di Canale d\u2019Agordo negli anni 1965-1967; fu particolarmente impegnato nell\u2019insegnamento della religione a scuola, partecipando a un progetto di cui si parl\u00f2 anche nella televisione di allora, in riferimento a una ricerca dei ragazzi della locale Scuola media su \u201c<em>Religione e superstizione<\/em>\u201d. Dal 1967 al 1969 pass\u00f2 a servizio della parrocchia di Limana, sempre come vicario cooperatore. Torn\u00f2 poi in Agordino, come parroco a\u00a0La Valle, dove rimase fino al 1982. Nell\u2019autunno di quell\u2019anno, il vescovo Maffeo Ducoli gli affid\u00f2 la parrocchia di\u00a0Canale d\u2019Agordo, dove si spese nella vita pastorale e si impegn\u00f2 per tenere viva la memoria di papa Luciani; tocc\u00f2 a lui accogliere porporati, vescovi e personalit\u00e0, che di anno in anno raggiungevano il paese natale di Papa Luciani. In almeno un\u2019occasione accolse riservatamente anche papa Giovanni Paolo II che, venendo da Lorenzago, aveva suonato alla porta della sua canonica. Nell\u2019autunno del 2000 pass\u00f2 alla guida della parrocchia di\u00a0San Gervasio a Belluno, dove svolse anche il delicato compito di cappellano del cimitero urbano. Le\u00a0esequie saranno celebrate luned\u00ec 29 agosto, alle ore 10.30 nella Basilica Cattedrale di Belluno, dove la salma arriver\u00e0 alle 10.00 e sar\u00e0 recitato il santo Rosario. La salma riposer\u00e0 nella tomba di famiglia nel cimitero di Col di Cugnan. (fonte e foto: Diocesi Belluno Feltre)<\/p>\n<p>&nbsp;<\/p>\n<p>&nbsp;<\/p>\n<p>******<\/p>\n","protected":false},"excerpt":{"rendered":"<p>BELLUNO Si \u00e8 spento questa mattina dopo una breve ma grave malattia Don Andrea Tison. Era ricoverato all&#8217;Ospedale San Martino di Belluno. Nato a Col Di Cugnago a Ponte Nelle Alpi, aveva 83 anni. Dopo il percorso nei seminari della diocesi, venne ordinato presbitero il 28 giugno 1965. Visse il suo primo incarico come vicario&hellip;<\/p>\n","protected":false},"author":4,"featured_media":294576,"comment_status":"closed","ping_status":"closed","sticky":false,"template":"","format":"standard","meta":{"_monsterinsights_skip_tracking":false,"_monsterinsights_sitenote_active":false,"_monsterinsights_sitenote_note":"","_monsterinsights_sitenote_category":0,"footnotes":""},"categories":[51,49],"tags":[],"class_list":["post-294574","post","type-post","status-publish","format-standard","has-post-thumbnail","hentry","category-evidenza-top","category-news-18","category-51","category-49","description-off"],"img_url":"https:\/\/www.radiopiu.net\/wordpress\/wp-content\/uploads\/2022\/08\/Andrea-Tison-1.jpg","_links":{"self":[{"href":"https:\/\/www.radiopiu.net\/wordpress\/wp-json\/wp\/v2\/posts\/294574","targetHints":{"allow":["GET"]}}],"collection":[{"href":"https:\/\/www.radiopiu.net\/wordpress\/wp-json\/wp\/v2\/posts"}],"about":[{"href":"https:\/\/www.radiopiu.net\/wordpress\/wp-json\/wp\/v2\/types\/post"}],"author":[{"embeddable":true,"href":"https:\/\/www.radiopiu.net\/wordpress\/wp-json\/wp\/v2\/users\/4"}],"replies":[{"embeddable":true,"href":"https:\/\/www.radiopiu.net\/wordpress\/wp-json\/wp\/v2\/comments?post=294574"}],"version-history":[{"count":0,"href":"https:\/\/www.radiopiu.net\/wordpress\/wp-json\/wp\/v2\/posts\/294574\/revisions"}],"wp:featuredmedia":[{"embeddable":true,"href":"https:\/\/www.radiopiu.net\/wordpress\/wp-json\/wp\/v2\/media\/294576"}],"wp:attachment":[{"href":"https:\/\/www.radiopiu.net\/wordpress\/wp-json\/wp\/v2\/media?parent=294574"}],"wp:term":[{"taxonomy":"category","embeddable":true,"href":"https:\/\/www.radiopiu.net\/wordpress\/wp-json\/wp\/v2\/categories?post=294574"},{"taxonomy":"post_tag","embeddable":true,"href":"https:\/\/www.radiopiu.net\/wordpress\/wp-json\/wp\/v2\/tags?post=294574"}],"curies":[{"name":"wp","href":"https:\/\/api.w.org\/{rel}","templated":true}]}}