{"id":294584,"date":"2022-08-26T05:30:02","date_gmt":"2022-08-26T03:30:02","guid":{"rendered":"https:\/\/www.radiopiu.net\/wordpress\/?p=294584"},"modified":"2022-08-26T05:48:15","modified_gmt":"2022-08-26T03:48:15","slug":"luxottica-si-chiude-il-piano-flessibilita-e-ora-di-scegliere","status":"publish","type":"post","link":"https:\/\/www.radiopiu.net\/wordpress\/luxottica-si-chiude-il-piano-flessibilita-e-ora-di-scegliere\/","title":{"rendered":"LUXOTTICA: SI CHIUDE IL PIANO FLESSIBILITA&#8217;, E&#8217; ORA DI SCEGLIERE"},"content":{"rendered":"<p><strong>AGORDO<\/strong> Con il 31 agosto si chiude il piano di flessibilit\u00e0 2021-2022 per gli operai Luxottica. Come ogni anno, le maestranze sono chiamate a fare una scelta su come trasformare le ore in eccesso che sono state lavorate nei sabati degli ultimi 12 mesi. Due le possibilit\u00e0 di trasformazione: portare le ore in avanzo in banca ore oppure farsi liquidare il tutto in busta paga. L&#8217;operaio per effettuare la scelta deve andare sul My Personal Desk del sito aziendale, accedere alla sezione &#8220;I miei moduli&#8221; e all&#8217;interno trover\u00e0 il modulo per la liquidazione della flessibilit\u00e0. Si ricorda che, in caso di monetizzazione, ci sar\u00e0 una maggiorazione in denaro delle ore da trasformare: fino a 12 ore accumulate il 15 % in pi\u00f9, fino a 30 ore il 25% in pi\u00f9 e oltre le 30 ore il 45% in pi\u00f9. Si pu\u00f2 effettuare la scelta entro il 31 agosto. Nel frattempo stanno continuando a pieno ritmo i lavori allo stabilimento di Agordo e la commissione trasporti della RSU viene in contro a coloro che si devono recare al lavoro mettendo a disposizione con l&#8217;azienda un bus navetta per coloro che lavorano a giornata.<\/p>\n<p><strong>GLI ORARI DELLA NUOVA NAVETTA<\/strong><\/p>\n<p><a class=\"dt-pswp-item\" href=\"https:\/\/www.radiopiu.net\/wordpress\/wp-content\/uploads\/2022\/08\/b571196e-2d8a-41af-8c35-83a26b038fd7.jpg\" data-dt-img-description=\"\" data-large_image_width=\"720\" data-large_image_height=\"759\"><img loading=\"lazy\" decoding=\"async\" class=\"alignnone wp-image-294594 size-full\" src=\"https:\/\/www.radiopiu.net\/wordpress\/wp-content\/uploads\/2022\/08\/b571196e-2d8a-41af-8c35-83a26b038fd7.jpg\" alt=\"\" width=\"720\" height=\"759\" srcset=\"https:\/\/www.radiopiu.net\/wordpress\/wp-content\/uploads\/2022\/08\/b571196e-2d8a-41af-8c35-83a26b038fd7.jpg 720w, https:\/\/www.radiopiu.net\/wordpress\/wp-content\/uploads\/2022\/08\/b571196e-2d8a-41af-8c35-83a26b038fd7-285x300.jpg 285w\" sizes=\"auto, (max-width: 720px) 100vw, 720px\" \/><\/a><\/p>\n<p>&nbsp;<\/p>\n<p>&nbsp;<\/p>\n<p>*******<\/p>\n","protected":false},"excerpt":{"rendered":"<p>AGORDO Con il 31 agosto si chiude il piano di flessibilit\u00e0 2021-2022 per gli operai Luxottica. Come ogni anno, le maestranze sono chiamate a fare una scelta su come trasformare le ore in eccesso che sono state lavorate nei sabati degli ultimi 12 mesi. Due le possibilit\u00e0 di trasformazione: portare le ore in avanzo in&hellip;<\/p>\n","protected":false},"author":4,"featured_media":284018,"comment_status":"closed","ping_status":"closed","sticky":false,"template":"","format":"standard","meta":{"_monsterinsights_skip_tracking":false,"_monsterinsights_sitenote_active":false,"_monsterinsights_sitenote_note":"","_monsterinsights_sitenote_category":0,"footnotes":""},"categories":[104,49],"tags":[],"class_list":["post-294584","post","type-post","status-publish","format-standard","has-post-thumbnail","hentry","category-evidenza_3","category-news-18","category-104","category-49","description-off"],"img_url":"https:\/\/www.radiopiu.net\/wordpress\/wp-content\/uploads\/2022\/06\/LUXOTTICA-11-scaled.jpg","_links":{"self":[{"href":"https:\/\/www.radiopiu.net\/wordpress\/wp-json\/wp\/v2\/posts\/294584","targetHints":{"allow":["GET"]}}],"collection":[{"href":"https:\/\/www.radiopiu.net\/wordpress\/wp-json\/wp\/v2\/posts"}],"about":[{"href":"https:\/\/www.radiopiu.net\/wordpress\/wp-json\/wp\/v2\/types\/post"}],"author":[{"embeddable":true,"href":"https:\/\/www.radiopiu.net\/wordpress\/wp-json\/wp\/v2\/users\/4"}],"replies":[{"embeddable":true,"href":"https:\/\/www.radiopiu.net\/wordpress\/wp-json\/wp\/v2\/comments?post=294584"}],"version-history":[{"count":0,"href":"https:\/\/www.radiopiu.net\/wordpress\/wp-json\/wp\/v2\/posts\/294584\/revisions"}],"wp:featuredmedia":[{"embeddable":true,"href":"https:\/\/www.radiopiu.net\/wordpress\/wp-json\/wp\/v2\/media\/284018"}],"wp:attachment":[{"href":"https:\/\/www.radiopiu.net\/wordpress\/wp-json\/wp\/v2\/media?parent=294584"}],"wp:term":[{"taxonomy":"category","embeddable":true,"href":"https:\/\/www.radiopiu.net\/wordpress\/wp-json\/wp\/v2\/categories?post=294584"},{"taxonomy":"post_tag","embeddable":true,"href":"https:\/\/www.radiopiu.net\/wordpress\/wp-json\/wp\/v2\/tags?post=294584"}],"curies":[{"name":"wp","href":"https:\/\/api.w.org\/{rel}","templated":true}]}}