{"id":294612,"date":"2022-08-25T19:43:09","date_gmt":"2022-08-25T17:43:09","guid":{"rendered":"https:\/\/www.radiopiu.net\/wordpress\/?p=294612"},"modified":"2022-08-25T19:43:09","modified_gmt":"2022-08-25T17:43:09","slug":"dillo-a-radio-piu-lagordino-non-viene-sfruttato-a-dovere-per-quanto-riguarda-il-mondo-delle-biciclette","status":"publish","type":"post","link":"https:\/\/www.radiopiu.net\/wordpress\/dillo-a-radio-piu-lagordino-non-viene-sfruttato-a-dovere-per-quanto-riguarda-il-mondo-delle-biciclette\/","title":{"rendered":"DILLO A RADIO PIU&#8217;&#8230;L&#8217;AGORDINO NON VIENE SFRUTTATO A DOVERE PER QUANTO RIGUARDA IL MONDO DELLE BICICLETTE"},"content":{"rendered":"<p><strong><a class=\"dt-pswp-item\" href=\"https:\/\/www.radiopiu.net\/wordpress\/wp-content\/uploads\/2019\/07\/MountaiBike.jpg\" data-dt-img-description=\"\" data-large_image_width=\"1200\" data-large_image_height=\"799\"><img loading=\"lazy\" decoding=\"async\" class=\"size-thumbnail wp-image-91557 alignleft\" src=\"https:\/\/www.radiopiu.net\/wordpress\/wp-content\/uploads\/2019\/07\/MountaiBike-150x150.jpg\" alt=\"\" width=\"150\" height=\"150\" \/><\/a>REDAZIONE<\/strong> Riceviamo e pubblichiamo alcune considerazioni di Thomas Soppera del gruppo Girovagando in E-Bike nelle Dolomiti riguardo le ciclabili in Agordino.<\/p>\n<blockquote><p><em>Avendo creato la pagina Facebook (girovagando in Ebike nelle Dolomiti) con dei miei amici abbiamo avuto molte possibilit\u00e0 di fare dei bellissimi giri con le nostre ebike praticamente ovunque Corvara, Val di Fassa, Val gardena, Molveno e molti altri ancora, vedendo una realt\u00e0 e un credere nel mondo delle biciclette mtb, ebike, gravel insomma delle due ruote impressionante sia dal punto di vista dei bike park ma soprattutto per il cicloturismo le famose piste ciclabili che qui da noi sono sconosciute perch\u00e9 \u00e8 impossibile iniziare a pedalare da Agordo per arrivare in alto Agordino senza intoppi e strade interrotte, alberi caduti insomma, \u00e8 una cosa veramente triste perch\u00e9 si potrebbe fare un ottima stagione invernale con lo sci e un ottima stagione estiva con le due ruote perch\u00e9 faccio un esempio: la zona della Paganella comincia la stagione a fine maggio e chiude a fine ottobre grazie alle biciclette! E questo turismo porta bei soldini a tutti impianti, rifugi, alberghi, bar ecc ecc. \u00c8 un peccato vivere in uno dei posti pi\u00f9 belli al mondo ed essere cos\u00ec indietro rispetto ai nostri vicini che distano pochi km da noi \u00e8 che hanno una realt\u00e0 cos\u00ec evoluta tra ciclabili, trail ma sopratutto danno la possibilit\u00e0 a tutti di arrivare ovunque con la bici. \u00c8 un po\u2019 che penso di comprare un carretto per trasportare le mie bimbe assieme in bici insomma per poter passare una giornata assieme divertendosi ma soprattutto facendo sport, ma qui da noi \u00e8 un rischio perch\u00e9 le ciclabili non ci sono e gran parte dei giri purtroppo ti mettono nella condizione di dover pedalare in strada in mezzo al traffico rischiando di essere travolto. Cosa che in alta Badia, Val di Fassa praticamente ovunque e praticabile senza rischiare niente. Mi chiedo quanto sia difficile provare almeno a copiare dai nostri vicini senza fare cose enormi basta una strada bianca riservata alle bici, pedoni. Ultimo esempio un nostro amico insegna ai bimbi di 10 anni ad andare in bici nei bike park e sta tirando su dei piccoli campioni ma purtroppo ogni volta deve farsi parecchi km per portarli a girare nei Bike park quando potrebbe tranquillamente farli girare qui da noi se facessero dei bei e semplici trail. Sperando in un futuro migliore nel mondo delle biciclette qui nell\u2019Agordino<\/em><\/p>\n<p><em>Thomas Soppera<\/em><\/p><\/blockquote>\n<p>&nbsp;<\/p>\n<p>&nbsp;<\/p>\n<p>******<\/p>\n","protected":false},"excerpt":{"rendered":"<p>REDAZIONE Riceviamo e pubblichiamo alcune considerazioni di Thomas Soppera del gruppo Girovagando in E-Bike nelle Dolomiti riguardo le ciclabili in Agordino. Avendo creato la pagina Facebook (girovagando in Ebike nelle Dolomiti) con dei miei amici abbiamo avuto molte possibilit\u00e0 di fare dei bellissimi giri con le nostre ebike praticamente ovunque Corvara, Val di Fassa, Val&hellip;<\/p>\n","protected":false},"author":4,"featured_media":91557,"comment_status":"closed","ping_status":"closed","sticky":false,"template":"","format":"standard","meta":{"_monsterinsights_skip_tracking":false,"_monsterinsights_sitenote_active":false,"_monsterinsights_sitenote_note":"","_monsterinsights_sitenote_category":0,"footnotes":""},"categories":[49],"tags":[],"class_list":["post-294612","post","type-post","status-publish","format-standard","has-post-thumbnail","hentry","category-news-18","category-49","description-off"],"img_url":"https:\/\/www.radiopiu.net\/wordpress\/wp-content\/uploads\/2019\/07\/MountaiBike.jpg","_links":{"self":[{"href":"https:\/\/www.radiopiu.net\/wordpress\/wp-json\/wp\/v2\/posts\/294612","targetHints":{"allow":["GET"]}}],"collection":[{"href":"https:\/\/www.radiopiu.net\/wordpress\/wp-json\/wp\/v2\/posts"}],"about":[{"href":"https:\/\/www.radiopiu.net\/wordpress\/wp-json\/wp\/v2\/types\/post"}],"author":[{"embeddable":true,"href":"https:\/\/www.radiopiu.net\/wordpress\/wp-json\/wp\/v2\/users\/4"}],"replies":[{"embeddable":true,"href":"https:\/\/www.radiopiu.net\/wordpress\/wp-json\/wp\/v2\/comments?post=294612"}],"version-history":[{"count":0,"href":"https:\/\/www.radiopiu.net\/wordpress\/wp-json\/wp\/v2\/posts\/294612\/revisions"}],"wp:featuredmedia":[{"embeddable":true,"href":"https:\/\/www.radiopiu.net\/wordpress\/wp-json\/wp\/v2\/media\/91557"}],"wp:attachment":[{"href":"https:\/\/www.radiopiu.net\/wordpress\/wp-json\/wp\/v2\/media?parent=294612"}],"wp:term":[{"taxonomy":"category","embeddable":true,"href":"https:\/\/www.radiopiu.net\/wordpress\/wp-json\/wp\/v2\/categories?post=294612"},{"taxonomy":"post_tag","embeddable":true,"href":"https:\/\/www.radiopiu.net\/wordpress\/wp-json\/wp\/v2\/tags?post=294612"}],"curies":[{"name":"wp","href":"https:\/\/api.w.org\/{rel}","templated":true}]}}