{"id":294673,"date":"2022-08-26T19:19:37","date_gmt":"2022-08-26T17:19:37","guid":{"rendered":"https:\/\/www.radiopiu.net\/wordpress\/?p=294673"},"modified":"2022-08-26T19:28:18","modified_gmt":"2022-08-26T17:28:18","slug":"metalba-la-provincia-e-il-progetto-di-potenziamento","status":"publish","type":"post","link":"https:\/\/www.radiopiu.net\/wordpress\/metalba-la-provincia-e-il-progetto-di-potenziamento\/","title":{"rendered":"METALBA, LA PROVINCIA E IL PROGETTO DI POTENZIAMENTO"},"content":{"rendered":"<p><strong><img decoding=\"async\" class=\"alignleft\" src=\"https:\/\/www.radiopiu.net\/wordpress\/wp-content\/uploads\/2022\/08\/azienda.jpg\" \/>BELLUNO<\/strong> Il progetto di ampliamento di Metalba sar\u00e0 oggetto di un confronto pubblico. Il presidente del Comitato tecnico provinciale Via (valutazione impatto ambientale) ha convocato l\u2019inchiesta pubblica per il 4 ottobre prossimo, alle 17.30, tramite meeting su web app. Si tratta di uno strumento di garanzia partecipativa nelle procedure di Via che metter\u00e0 a confronto le osservazioni presentate dai cittadini direttamente con l\u2019azienda Metalba Alluminium spa, che nelle settimane scorse aveva avanzato il progetto di incremento della capacit\u00e0 fusoria massima dello stabilimento di Fortogna (Longarone). All\u2019inchiesta pubblica potranno partecipare con diritto di parola tutti i cittadini che hanno presentato osservazioni rispetto al progetto di ampliamento (e come uditori anche tutti gli altri cittadini interessati). Coloro che hanno presentato osservazioni scritte sono invitati a relazionare, per un tempo massimo di 15 minuti (nel caso di comitati o gruppi di pi\u00f9 persone, \u00e8 previsto un solo relatore). Il proponente potr\u00e0 rispondere a ogni osservazione per un tempo massimo di 10 minuti. Compatibilmente con il tempo a disposizione, il presidente del Comitato tecnico provinciale Via potr\u00e0 dare la possibilit\u00e0 di replica a coloro che hanno presentato le osservazioni.<\/p>\n<p>&nbsp;<\/p>\n<p>&nbsp;<\/p>\n<p>&nbsp;<\/p>\n<hr \/>\n<p>&nbsp;<\/p>\n","protected":false},"excerpt":{"rendered":"<p>BELLUNO Il progetto di ampliamento di Metalba sar\u00e0 oggetto di un confronto pubblico. Il presidente del Comitato tecnico provinciale Via (valutazione impatto ambientale) ha convocato l\u2019inchiesta pubblica per il 4 ottobre prossimo, alle 17.30, tramite meeting su web app. Si tratta di uno strumento di garanzia partecipativa nelle procedure di Via che metter\u00e0 a confronto&hellip;<\/p>\n","protected":false},"author":4,"featured_media":294674,"comment_status":"closed","ping_status":"closed","sticky":false,"template":"","format":"standard","meta":{"_monsterinsights_skip_tracking":false,"_monsterinsights_sitenote_active":false,"_monsterinsights_sitenote_note":"","_monsterinsights_sitenote_category":0,"footnotes":""},"categories":[51,49],"tags":[],"class_list":["post-294673","post","type-post","status-publish","format-standard","has-post-thumbnail","hentry","category-evidenza-top","category-news-18","category-51","category-49","description-off"],"img_url":"https:\/\/www.radiopiu.net\/wordpress\/wp-content\/uploads\/2022\/08\/azienda.jpg","_links":{"self":[{"href":"https:\/\/www.radiopiu.net\/wordpress\/wp-json\/wp\/v2\/posts\/294673","targetHints":{"allow":["GET"]}}],"collection":[{"href":"https:\/\/www.radiopiu.net\/wordpress\/wp-json\/wp\/v2\/posts"}],"about":[{"href":"https:\/\/www.radiopiu.net\/wordpress\/wp-json\/wp\/v2\/types\/post"}],"author":[{"embeddable":true,"href":"https:\/\/www.radiopiu.net\/wordpress\/wp-json\/wp\/v2\/users\/4"}],"replies":[{"embeddable":true,"href":"https:\/\/www.radiopiu.net\/wordpress\/wp-json\/wp\/v2\/comments?post=294673"}],"version-history":[{"count":0,"href":"https:\/\/www.radiopiu.net\/wordpress\/wp-json\/wp\/v2\/posts\/294673\/revisions"}],"wp:featuredmedia":[{"embeddable":true,"href":"https:\/\/www.radiopiu.net\/wordpress\/wp-json\/wp\/v2\/media\/294674"}],"wp:attachment":[{"href":"https:\/\/www.radiopiu.net\/wordpress\/wp-json\/wp\/v2\/media?parent=294673"}],"wp:term":[{"taxonomy":"category","embeddable":true,"href":"https:\/\/www.radiopiu.net\/wordpress\/wp-json\/wp\/v2\/categories?post=294673"},{"taxonomy":"post_tag","embeddable":true,"href":"https:\/\/www.radiopiu.net\/wordpress\/wp-json\/wp\/v2\/tags?post=294673"}],"curies":[{"name":"wp","href":"https:\/\/api.w.org\/{rel}","templated":true}]}}