{"id":294834,"date":"2022-08-29T05:57:42","date_gmt":"2022-08-29T03:57:42","guid":{"rendered":"https:\/\/www.radiopiu.net\/wordpress\/?p=294834"},"modified":"2022-08-29T05:57:42","modified_gmt":"2022-08-29T03:57:42","slug":"giornale-radiopiu-29-agosto-2022-direttore-mirko-mezzacasa","status":"publish","type":"post","link":"https:\/\/www.radiopiu.net\/wordpress\/giornale-radiopiu-29-agosto-2022-direttore-mirko-mezzacasa\/","title":{"rendered":"GIORNALE RADIOPIU 29 AGOSTO 2022 DIRETTORE MIRKO MEZZACASA"},"content":{"rendered":"<h3 class=\"kvgmc6g5 cxmmr5t8 oygrvhab hcukyx3x c1et5uql\"><span style=\"color: #0000ff;\"><strong>RADIO PIU INFORMAZIONE il canale su TELEGRAM informazione di prima\u00a0\u00a0<\/strong><strong>mano e in tempo reale. iscriviti ed aiutaci a farlo conoscere\u00a0\u00a0<\/strong><\/span><\/h3>\n<p>&nbsp;<\/p>\n<hr \/>\n<p>&nbsp;<\/p>\n<blockquote>\n<h3>RIAPRONO I CANTIERI GSP, DISAGI AL QUADRIVIO DELL&#8217;UNIONE MONTANA<\/h3>\n<p><em><a class=\"dt-pswp-item\" href=\"https:\/\/www.radiopiu.net\/wordpress\/wp-content\/uploads\/2022\/08\/Schermata-2022-08-22-alle-17.35.19.png\" data-dt-img-description=\"\" data-large_image_width=\"1556\" data-large_image_height=\"1160\"><img loading=\"lazy\" decoding=\"async\" class=\"size-thumbnail wp-image-294125 alignleft\" src=\"https:\/\/www.radiopiu.net\/wordpress\/wp-content\/uploads\/2022\/08\/Schermata-2022-08-22-alle-17.35.19-150x150.png\" alt=\"\" width=\"150\" height=\"150\" \/><\/a>Divieto di transito in Via Insurrezione, nel tratto compreso tra l\u2019incrocio con la Via 27 Aprile 1945 e la via 4 Novembre 1918; istituzione di un senso unico alternato, regolato da impianto semaforico, nel tratto della ex S.R. 203 \u201cAgordina\u201d<\/em><\/p><\/blockquote>\n<p><strong>AGORDO<\/strong> Gsp riapre i cantieri dopo il periodo di ferragosto, disagi previsti dal 5 al 10 settembre &#8211; ma non \u00e8 escluso i lavori possano terminare in tempi pi\u00f9 brevi &#8211; le modifiche alla viabilit\u00e0 interesseranno via Insurrezione all&#8217;altezza dell&#8217;Officina della Casa (centro commerciale Ganz) e fino all&#8217;incrocio con via 27 aprile e via via 4 Novembre 1918. Lungo la regionale 203 agordina non sono previste sospensioni totali, ovvero la ditta interessata provveder\u00e0 a regolare il traffico a senso unico alternato con movieri o semaforo. Diversa la questione lungo la 346 del Duran e Cereda, infatti in prossimit\u00e0 del Centro commerciale Ganz (ingresso per Officina della Casa) e quindi fino a poco prima dell&#8217;intersezione con Viale Sommariva \u00e8 prevista l&#8217;interdizione totale al transito dei veicoli. In questo caso sono previste deviazioni sulla viabilit\u00e0 alternativa. Per chi proviene dalla zone industriale (o dalle stazione Dolomitibus) potr\u00e0 raggiungere il centro da Viale Sommariva (fronte scuole-municipio) e quindi per Corso Patrioti fino a Piazza Libert\u00e0. Per il senso inverso (essendo Viale Sommariva a Senso Unico) potr\u00e0\u00a0 percorrere o la tangenziale, oppure via teto Piciol.<\/p>\n<p>&nbsp;<\/p>\n<p>&nbsp;<\/p>\n<hr \/>\n<p>&nbsp;<\/p>\n<blockquote>\n<h3>SP 3 CHIUSA PER DUE SETTIMANE A RIVAMONTE IN LOCALITA&#8217; GONA DI CONDERA e\u00a0 VERSO L\u2019ELIMINAZIONE DEL SEMAFORO, SULLA PROVINCIALE 8 DAL 29 AGOSTO VIA AI CANTIERI<\/h3>\n<\/blockquote>\n<p><strong><img loading=\"lazy\" decoding=\"async\" class=\"alignleft\" src=\"https:\/\/www.radiopiu.net\/wordpress\/wp-content\/uploads\/2021\/11\/81aa72cc-d66b-44fa-afd5-7103ae531a24.jpg\" width=\"193\" height=\"142\" \/><\/strong><\/p>\n<p>&nbsp;<\/p>\n<p>&nbsp;<\/p>\n<p>&nbsp;<\/p>\n<p>&nbsp;<\/p>\n<p>&nbsp;<\/p>\n<p><strong>DAL CORRIERE DELLE ALPI, di Gianni Santomaso<\/strong><\/p>\n<audio class=\"wp-audio-shortcode\" id=\"audio-294834-1\" preload=\"none\" style=\"width: 100%;\" controls=\"controls\"><source type=\"audio\/mpeg\" src=\"https:\/\/www.radiopiu.net\/wordpress\/wp-content\/uploads\/2022\/08\/GIANNI-GONA-DI-CONEDERA.mp3?_=1\" \/><a href=\"https:\/\/www.radiopiu.net\/wordpress\/wp-content\/uploads\/2022\/08\/GIANNI-GONA-DI-CONEDERA.mp3\">https:\/\/www.radiopiu.net\/wordpress\/wp-content\/uploads\/2022\/08\/GIANNI-GONA-DI-CONEDERA.mp3<\/a><\/audio>\n<p>&nbsp;<\/p>\n<hr \/>\n<p>&nbsp;<\/p>\n<p>&nbsp;<\/p>\n<blockquote>\n<h3><a class=\"dt-pswp-item\" href=\"https:\/\/www.radiopiu.net\/wordpress\/wp-content\/uploads\/2022\/08\/rifornimenti-con-autobotti.jpg\" data-dt-img-description=\"\" data-large_image_width=\"1500\" data-large_image_height=\"2000\"><img loading=\"lazy\" decoding=\"async\" class=\"size-thumbnail wp-image-294728 alignleft\" src=\"https:\/\/www.radiopiu.net\/wordpress\/wp-content\/uploads\/2022\/08\/rifornimenti-con-autobotti-150x150.jpg\" alt=\"\" width=\"150\" height=\"150\" \/><\/a>A MOE&#8217; DI LASTE ACQUA FINALMENTE POTABILE, MA C&#8217;E&#8217; VOLUTO UN MESE<\/h3>\n<\/blockquote>\n<p><strong>ROCCA PIETORE<\/strong>\u00a0 nelle localit\u00e0 VAL, DAGAI, DAVARE, LE COSTE, RONCH e MOE&#8217; DI LASTE l&#8217;acqua erogata dall&#8217;acquedotto \u00e8 di nuovo potabile e pu\u00f2 essere usata, quindi, per scopi alimentari.<\/p>\n<blockquote>\n<h3>ACQUA NON POTABILE A GOSALDO<\/h3>\n<\/blockquote>\n<p><strong>GOSALDO<\/strong> nelle localit\u00e0 LE FOCHE, LAMBROI, DENEORE, MAGAIT, REN, SELLE, COL TAMAI, BITTI, GIARDOI, PETTUINE, LE CASE, CURTI, INCASAL, VIA CAVELLERA e dal c.n. 26 al c.n. 29 di VIA S. ANDREA l&#8217;acqua erogata dall&#8217;acquedotto non \u00e8 potabile e pu\u00f2 essere usata per scopi alimentari SOLO PREVIA bollitura.<\/p>\n<p>&nbsp;<\/p>\n<p>&nbsp;<\/p>\n<hr \/>\n<p>&nbsp;<\/p>\n<blockquote>\n<h3 class=\"entry-title\">TRE RAGAZZI COINVOLTI NELL\u2019INCIDENTE IN VALLE DI GARES<\/h3>\n<\/blockquote>\n<p><strong><a class=\"dt-pswp-item\" href=\"https:\/\/www.radiopiu.net\/wordpress\/wp-content\/uploads\/2022\/08\/4bc42ca3-ad26-4ff5-9dec-d99b337294fd-3.jpg\" data-dt-img-description=\"\" data-large_image_width=\"1280\" data-large_image_height=\"960\"><img loading=\"lazy\" decoding=\"async\" class=\"size-thumbnail wp-image-294865 alignleft\" src=\"https:\/\/www.radiopiu.net\/wordpress\/wp-content\/uploads\/2022\/08\/4bc42ca3-ad26-4ff5-9dec-d99b337294fd-3-150x150.jpg\" alt=\"\" width=\"150\" height=\"150\" \/><\/a>CANALE D&#8217;AGORDO<\/strong> Attorno alle 2:15 della tra venerdi e sabato i Vigili del Fuoco sono intervenuti a Gares di Canale D&#8217;Agordo per un incidente. Una Peugeot 16 Rallye ha terminato la sua corsa nel torrente Liera. A bordo del mezzo tre giovani, due ragazze e un ragazzo originari di Vallada Agordina e Voltago Agordino. Ad avere la peggio E.B. di 19 anni che \u00e8 stata trasferita al nosocomio di Treviso, non \u00e8 in pericolo di vita. Alla guida del mezzo un ragazzo di 23 anni del posto. I pompieri arrivati dal locale distaccamento anche con personale volontario, hanno messo in sicurezza l\u2019auto, mentre le tre persone a bordo del mezzo sono state assistite dal personale sanitario, una persona portata in ospedale. Le operazioni di soccorso sono terminate dopo un\u2019ora e mezza circa con il recupero dell\u2019auto. Sul posto anche il Soccorso Alpino con 5 soccorritori e i Carabinieri.<\/p>\n<p>&nbsp;<\/p>\n<p>&nbsp;<\/p>\n<hr \/>\n<p>&nbsp;<\/p>\n<blockquote>\n<h3 class=\"entry-title\">GIOVANE INFORTUNATO SOTTO IL RIFUGIO VENEZIA<\/h3>\n<\/blockquote>\n<p><strong>VODO DI CADORE\u00a0<\/strong>Su richiesta della gestrice, sabato attorno alle 13.30 il Soccorso alpino di San Vito di Cadore \u00e8 intervenuto al Rifugio Venezia, nelle cui vicinanze un giovane escursionista statunitense si era procurato una sospetta distorsione al ginocchio. Una squadra ha raggiunto in jeep l\u2019edificio, ha prestato prima assistenza all\u2019undicenne di New York e, dopo aver caricato a bordo lui e uno dei suoi genitori, li ha accompagnati al rendez-vous con l\u2019ambulanza, poi partita in direzione dell\u2019ospedale di Cortina.<\/p>\n<p>&nbsp;<\/p>\n<p>&nbsp;<\/p>\n<hr \/>\n<p>&nbsp;<\/p>\n<blockquote>\n<h3>INFORTUNIO ALLA CAVIGLIA SOPRA DANTA DI CADORE<\/h3>\n<\/blockquote>\n<p><strong>DANTA DI CADORE<\/strong> Attorno alle 11 di ieri, su richiesta dei Carabinieri forestali una squadra del Soccorso alpino della Val Comelico \u00e8 intervenuta in localit\u00e0 Piedo, sopra l&#8217;abitato di Danta di Cadore, per un 79enne di Carbonera (TV) che, messo male un piede, aveva riportato un probabile trauma alla caviglia. Avvicinatisi in jeep per poi proseguire a piedi, i soccorritori hanno raggiunto l&#8217;infortunato, gli hanno prestato assistenza per poi trasportarlo all&#8217;appuntamento con l&#8217;ambulanza, partita in direzione dell&#8217;ospedale di Pieve di Cadore.<\/p>\n<p>&nbsp;<\/p>\n<p>&nbsp;<\/p>\n<hr \/>\n<p>&nbsp;<\/p>\n<blockquote>\n<h3>TRAUMA ALLA CAVIGLIA A CASERA COPADA<\/h3>\n<\/blockquote>\n<p><strong>CIBIANA DI CADORE<\/strong> Ieri passate le 14 la Centrale del Suem \u00e8 stata attivata da un escursionista trevigiano, che si era infortunato davanti a Casera Copada Alta, dove si trovava con la figlia. Una squadra del Soccorso alpino di Pieve di Cadore ha raggiunto il 45enne di Roncade e, dopo avergli immobilizzato il piede per un sospetto trauma alla caviglia, lo ha caricato in fuoristrada per poi trasportarlo fino all&#8217;ospedale di Pieve.<\/p>\n<p>&nbsp;<\/p>\n<p>&nbsp;<\/p>\n<hr \/>\n<p>&nbsp;<\/p>\n<blockquote>\n<h3>NON CONFERMATO IL CASO AUTOCTONO DI WEST NILE IN PROVINCIA DI BELLUNO<\/h3>\n<\/blockquote>\n<p><strong>BELLUNO <\/strong>Il centro di riferimento dell\u2019Universit\u00e0 di Padova ha comunicato che la revisione laboratoristica della positivit\u00e0 per virus West Nile a carico del giovane bellunese, dimesso venerd\u00ec dall\u2019Ospedale di Feltre, non ha confermato la diagnosi di malattia West Nile. Questa revisione laboratoristica viene talora condotta a fronte di non perfetto allineamento dei dati clinici e strumentali. La provincia di Belluno, rimane quindi, per ora, indenne da casi autoctoni di malattia West Nile (come precedentemente comunicato, gli altri due casi riscontrati in questa settimana erano quasi certamente di \u201cimportazione\u201d). Rimangono comunque valide tutte le raccomandazioni per evitare la proliferazione delle zanzare e per ridurre il rischio di puntura<\/p>\n\n\t\t\t<style type='text\/css'>\n\t\t\t\t#gallery-1 {\n\t\t\t\t\tmargin: auto;\n\t\t\t\t}\n\t\t\t\t#gallery-1 .gallery-item {\n\t\t\t\t\tfloat: left;\n\t\t\t\t\tmargin-top: 10px;\n\t\t\t\t\ttext-align: center;\n\t\t\t\t\twidth: 33%;\n\t\t\t\t}\n\t\t\t\t#gallery-1 img {\n\t\t\t\t\tborder: 2px solid #cfcfcf;\n\t\t\t\t}\n\t\t\t\t#gallery-1 .gallery-caption {\n\t\t\t\t\tmargin-left: 0;\n\t\t\t\t}\n\t\t\t\t\/* see gallery_shortcode() in wp-includes\/media.php *\/\n\t\t\t<\/style>\n\t\t<div id='gallery-1' class='dt-gallery-container gallery galleryid-294834 gallery-columns-3 gallery-size-thumbnail'><dl class='gallery-item'>\n\t\t\t\t<dt class='gallery-icon landscape'>\n\t\t\t\t\t<a class=\"rollover rollover-zoom dt-pswp-item\" title=\"west nile 1\" data-dt-img-description=\"\" data-large_image_width=\"960\" data-large_image_height=\"804\"href='https:\/\/www.radiopiu.net\/wordpress\/wp-content\/uploads\/2022\/08\/west-nile-1.jpg'><img loading=\"lazy\" decoding=\"async\" width=\"150\" height=\"150\" src=\"https:\/\/www.radiopiu.net\/wordpress\/wp-content\/uploads\/2022\/08\/west-nile-1-150x150.jpg\" class=\"attachment-thumbnail size-thumbnail\" alt=\"\" \/><\/a>\n\t\t\t\t<\/dt><\/dl><dl class='gallery-item'>\n\t\t\t\t<dt class='gallery-icon landscape'>\n\t\t\t\t\t<a class=\"rollover rollover-zoom dt-pswp-item\" title=\"west nile 2\" data-dt-img-description=\"\" data-large_image_width=\"960\" data-large_image_height=\"804\"href='https:\/\/www.radiopiu.net\/wordpress\/wp-content\/uploads\/2022\/08\/west-nile-2.jpg'><img loading=\"lazy\" decoding=\"async\" width=\"150\" height=\"150\" src=\"https:\/\/www.radiopiu.net\/wordpress\/wp-content\/uploads\/2022\/08\/west-nile-2-150x150.jpg\" class=\"attachment-thumbnail size-thumbnail\" alt=\"\" \/><\/a>\n\t\t\t\t<\/dt><\/dl><dl class='gallery-item'>\n\t\t\t\t<dt class='gallery-icon landscape'>\n\t\t\t\t\t<a class=\"rollover rollover-zoom dt-pswp-item\" title=\"west nile 3\" data-dt-img-description=\"\" data-large_image_width=\"960\" data-large_image_height=\"804\"href='https:\/\/www.radiopiu.net\/wordpress\/wp-content\/uploads\/2022\/08\/west-nile-3.jpg'><img loading=\"lazy\" decoding=\"async\" width=\"150\" height=\"150\" src=\"https:\/\/www.radiopiu.net\/wordpress\/wp-content\/uploads\/2022\/08\/west-nile-3-150x150.jpg\" class=\"attachment-thumbnail size-thumbnail\" alt=\"\" \/><\/a>\n\t\t\t\t<\/dt><\/dl><br style=\"clear: both\" \/><dl class='gallery-item'>\n\t\t\t\t<dt class='gallery-icon landscape'>\n\t\t\t\t\t<a class=\"rollover rollover-zoom dt-pswp-item\" title=\"west nile 4\" data-dt-img-description=\"\" data-large_image_width=\"1080\" data-large_image_height=\"905\"href='https:\/\/www.radiopiu.net\/wordpress\/wp-content\/uploads\/2022\/08\/west-nile-4.jpg'><img loading=\"lazy\" decoding=\"async\" width=\"150\" height=\"150\" src=\"https:\/\/www.radiopiu.net\/wordpress\/wp-content\/uploads\/2022\/08\/west-nile-4-150x150.jpg\" class=\"attachment-thumbnail size-thumbnail\" alt=\"\" \/><\/a>\n\t\t\t\t<\/dt><\/dl><dl class='gallery-item'>\n\t\t\t\t<dt class='gallery-icon landscape'>\n\t\t\t\t\t<a class=\"rollover rollover-zoom dt-pswp-item\" title=\"west nile 5\" data-dt-img-description=\"\" data-large_image_width=\"1080\" data-large_image_height=\"905\"href='https:\/\/www.radiopiu.net\/wordpress\/wp-content\/uploads\/2022\/08\/west-nile-5.jpg'><img loading=\"lazy\" decoding=\"async\" width=\"150\" height=\"150\" src=\"https:\/\/www.radiopiu.net\/wordpress\/wp-content\/uploads\/2022\/08\/west-nile-5-150x150.jpg\" class=\"attachment-thumbnail size-thumbnail\" alt=\"\" \/><\/a>\n\t\t\t\t<\/dt><\/dl><dl class='gallery-item'>\n\t\t\t\t<dt class='gallery-icon landscape'>\n\t\t\t\t\t<a class=\"rollover rollover-zoom dt-pswp-item\" title=\"west nile 6\" data-dt-img-description=\"\" data-large_image_width=\"1080\" data-large_image_height=\"905\"href='https:\/\/www.radiopiu.net\/wordpress\/wp-content\/uploads\/2022\/08\/west-nile-6.jpg'><img loading=\"lazy\" decoding=\"async\" width=\"150\" height=\"150\" src=\"https:\/\/www.radiopiu.net\/wordpress\/wp-content\/uploads\/2022\/08\/west-nile-6-150x150.jpg\" class=\"attachment-thumbnail size-thumbnail\" alt=\"\" \/><\/a>\n\t\t\t\t<\/dt><\/dl><br style=\"clear: both\" \/>\n\t\t\t<\/div>\n\n<p>&nbsp;<\/p>\n<hr \/>\n<p>&nbsp;<\/p>\n<blockquote>\n<h3>DILLO A RADIO PIU&#8217;&#8230;UN RAGIONAMENTO SUL BOSTRICO<\/h3>\n<\/blockquote>\n<p><strong><a class=\"dt-pswp-item\" href=\"https:\/\/www.radiopiu.net\/wordpress\/wp-content\/uploads\/2022\/08\/Schermata-2022-08-28-alle-15.35.00.png\" data-dt-img-description=\"\" data-large_image_width=\"958\" data-large_image_height=\"602\"><img loading=\"lazy\" decoding=\"async\" class=\"size-thumbnail wp-image-294937 alignleft\" src=\"https:\/\/www.radiopiu.net\/wordpress\/wp-content\/uploads\/2022\/08\/Schermata-2022-08-28-alle-15.35.00-150x150.png\" alt=\"\" width=\"150\" height=\"150\" \/><\/a>di Tiziano De Col<\/strong><\/p>\n<p>Si sa chi \u00e8 il nemico ma si sa dov&#8217;era solo quando se n\u00e8 andato &#8230;.. abeti troppo vecchi presenti dall&#8217;abbandono dei prati (nella maggior parte dei casi circa 60-70 anni ma anche pi\u00f9). Gli abeti non sono eterni, invecchiano anche loro, qualcuno pi\u00f9 velocemente e qualcuno pi\u00f9 lentamente, per vari fattori o caratteristiche. Vecchi, quindi deboli e pi\u00f9 facilmente attaccabili. Insieme a piante giovani (novellame) cresciute al riparo dei vecchi abeti e che, di per se stesse sarebbero pi\u00f9 resistenti, solo che, una volta seccate o tolte quelle grosse che le riparavano, queste giovani rimangono esposte al sole al quale non sono abituate, si indeboliscono e quindi vengono attaccate dal parassita. Riassunto: una gestione non consona dei boschi nel dopoguerra,(quantomeno negli ultimi 50 anni) con piani di riassetto forestali fatti a tavolino (in tanti Comuni l&#8217;ultimo piano di riassetto con la presenza di squadre di ragazzi che misuravano le piante e rinfrescavano i confini delle particelle risale a 50 anni fa). I ragazzi che facevano la stagione come &#8220;misuratori&#8221; con i forestali, ora sona gi\u00e0 in pensione. Mi scusino i dottori forestali che hanno redatto i piani, loro hanno solo applicato norme e regolamenti vigenti. In questo periodo si \u00e8 tagliato con i piani dei tagli basati su piani di riassetto, come detto, aggiornati a tavolino e nell&#8217;ottica di agevolare le imprese per l&#8217;adozione di nuove modalit\u00e0 di taglio ed esbosco economicamente sostenibili, ma che stressano notevolmente il sistema foresta. E parliamo dei boschi pubblici delle antiche Regole o Vicinie ora &#8220;gestiti&#8221; dai Comuni che dovrebbero far da tutori di questi beni per conto delle Comunit\u00e0 degli abitanti che sono i reali proprietari, ma sui terreni privati, frazionati all&#8217;inverosimile, il problema si pone ancor maggiormente, anzi \u00e8 quasi irrisolvibile se non con un preventivo riordino fondiario coatto di difficilissima attuazione. Anche il prelievo di tutte le fronde che non restano pi\u00f9 in bosco ad emendare il terreno, impoverendo sempre pi\u00f9 il \u201csistema bosco\u201d ed il mancato sfoltimento delle piante, fanno la loro parte. La natura provvede a resettare la situazione: o bostrico o fuoco &#8230;.. o Vaia \u2026.e poi si riparte &#8230;. E poi si da la colpa al Sindaco di turno , che talvolta ce l&#8217;ha, ma molte volte no. Cambiare sistema di gestione delle foreste, sia dal punto di vista selvicolturale che per l&#8217;assetto idro-geologico, ricordando che un abete pesa molto sul versante ed ha pochissimo apparato radicare, per cui un abete pesante, posto su un pendio ad alta pendenza \u00e8 un punto di debolezza per la stabilit\u00e0 e non un punto di forza. Se si vuole tenere un bosco di abeti su alta pendenza bisogna tenere abeti giovani e radi quel che basta per la continuit\u00e0 di fronda, per riparare il terreno dal dilavamento e dalle azioni ustionanti del sole diretto. Insomma essere montanari non vuol dire lavorare 8 ore in fabbrica e fare l&#8217;apericena al bar del paese (imprecando verso &#8220;chi non fa niente per la montagna\u201d); essere montanari vuol dire abitare veramente la montagna, senza tanta poesia o senza tanto menefreghismo o saccenza che esplode dopo il terzo prosecco, ma conoscerla, con le sue logiche e dinamiche, cos\u00ec come la conoscevano i nostri anziani, ma con una aggravante: che noi ora non abbiamo pi\u00f9 il territorio manutentato per secoli che loro ci avevano lasciato.<\/p>\n<p>&nbsp;<\/p>\n<p>&nbsp;<\/p>\n<hr \/>\n<p>&nbsp;<\/p>\n<blockquote>\n<h3>DILLO A RADIO PIU&#8217;&#8230;LE STRISCE PEDONALI IN PIENA CURVA SALENDO IL SAN PELLEGRINO<\/h3>\n<\/blockquote>\n<p><strong><a class=\"dt-pswp-item\" href=\"https:\/\/www.radiopiu.net\/wordpress\/wp-content\/uploads\/2021\/11\/strisce-pedonali.jpg\" data-dt-img-description=\"\" data-large_image_width=\"1920\" data-large_image_height=\"1042\"><img loading=\"lazy\" decoding=\"async\" class=\"size-thumbnail wp-image-241382 alignleft\" src=\"https:\/\/www.radiopiu.net\/wordpress\/wp-content\/uploads\/2021\/11\/strisce-pedonali-150x150.jpg\" alt=\"\" width=\"150\" height=\"150\" \/><\/a>REDAZIONE<\/strong> Riceviamo e pubblichiamo una considerazione di un nostro ascoltatore che ci scrive da Santa Giustina. Oggetto della segnalazione le strisce pedonali in piena curva salendo da Falcade verso il Passo San Pellegrino che rendono scivoloso l&#8217;asfalto<\/p>\n<blockquote><p>Sono un utente motociclista da tanti anni e frequento spesso le strade dell&#8217;Agordino abitando non molto distante. Vi scrivo per segnalare e possibilmente far arrivare il messaggio a chi \u00e8 competente per quanto riguarda la segnaletica stradale, in questo caso l&#8217;oggetto in questione sono le strisce pedonali. Vengo al dunque: salendo frequentemente verso il Passo S.Pellegrino, mi \u00e8 capitato, anche a velocit\u00e0 da codice della strada, di affrontare la curva a destra a salire dopo la chiesa Parrocchiale, (diciamo tra Falcade ,e Falcade alto ). In questa suddetta curva la moto (logicamente un po&#8217; in piega) mi sia sbandata pi\u00f9 di una volta. La causa? Strisce pedonali in centro curva. Non so con quale criterio siano state disegnate proprio l\u00ec&#8230;. mi \u00e8 sembrato doveroso fare questa segnalazione onde evitare spiacevoli conseguenze in futuro ad eventuali utenti di passaggio. Buona giornata.<\/p>\n<p>Loris R.<\/p><\/blockquote>\n<p>&nbsp;<\/p>\n<p>&nbsp;<\/p>\n<hr \/>\n<p>&nbsp;<\/p>\n<blockquote class=\"wp-embedded-content\" data-secret=\"Fl4v7gGrsV\"><p><a href=\"https:\/\/www.radiopiu.net\/wordpress\/aggnazionaleagosto28\/\">CORONAVIRUS: AGGIORNAMENTO NAZIONALE 28 AGOSTO 2022<\/a><\/p><\/blockquote>\n<p><iframe loading=\"lazy\" class=\"wp-embedded-content\" sandbox=\"allow-scripts\" security=\"restricted\" style=\"position: absolute; clip: rect(1px, 1px, 1px, 1px);\" title=\"&#8220;CORONAVIRUS: AGGIORNAMENTO NAZIONALE 28 AGOSTO 2022&#8221; &#8212; Radio Pi\u00f9\" src=\"https:\/\/www.radiopiu.net\/wordpress\/aggnazionaleagosto28\/embed\/#?secret=9Qw8S4oJyz#?secret=Fl4v7gGrsV\" data-secret=\"Fl4v7gGrsV\" width=\"600\" height=\"338\" frameborder=\"0\" marginwidth=\"0\" marginheight=\"0\" scrolling=\"no\"><\/iframe><\/p>\n<p>&nbsp;<\/p>\n<blockquote class=\"wp-embedded-content\" data-secret=\"OBXE0ZYrno\"><p><a href=\"https:\/\/www.radiopiu.net\/wordpress\/aziendazeroagosto28\/\">RICOVERI STABILI, OLTRE 2 MILA NUOVE POSITIVITA&#8217; E 8 DECESSI NELLE ULTIME 24 ORE IN VENETO<\/a><\/p><\/blockquote>\n<p><iframe loading=\"lazy\" class=\"wp-embedded-content\" sandbox=\"allow-scripts\" security=\"restricted\" style=\"position: absolute; clip: rect(1px, 1px, 1px, 1px);\" title=\"&#8220;RICOVERI STABILI, OLTRE 2 MILA NUOVE POSITIVITA&#8217; E 8 DECESSI NELLE ULTIME 24 ORE IN VENETO&#8221; &#8212; Radio Pi\u00f9\" src=\"https:\/\/www.radiopiu.net\/wordpress\/aziendazeroagosto28\/embed\/#?secret=hDwYxdwfvg#?secret=OBXE0ZYrno\" data-secret=\"OBXE0ZYrno\" width=\"600\" height=\"338\" frameborder=\"0\" marginwidth=\"0\" marginheight=\"0\" scrolling=\"no\"><\/iframe><\/p>\n<p>&nbsp;<\/p>\n<h2>I GRAFICI DI TIZIANO DE COL<\/h2>\n\n\t\t\t<style type='text\/css'>\n\t\t\t\t#gallery-2 {\n\t\t\t\t\tmargin: auto;\n\t\t\t\t}\n\t\t\t\t#gallery-2 .gallery-item {\n\t\t\t\t\tfloat: left;\n\t\t\t\t\tmargin-top: 10px;\n\t\t\t\t\ttext-align: center;\n\t\t\t\t\twidth: 33%;\n\t\t\t\t}\n\t\t\t\t#gallery-2 img {\n\t\t\t\t\tborder: 2px solid #cfcfcf;\n\t\t\t\t}\n\t\t\t\t#gallery-2 .gallery-caption {\n\t\t\t\t\tmargin-left: 0;\n\t\t\t\t}\n\t\t\t\t\/* see gallery_shortcode() in wp-includes\/media.php *\/\n\t\t\t<\/style>\n\t\t<div id='gallery-2' class='dt-gallery-container gallery galleryid-294834 gallery-columns-3 gallery-size-thumbnail'><dl class='gallery-item'>\n\t\t\t\t<dt class='gallery-icon landscape'>\n\t\t\t\t\t<a class=\"rollover rollover-zoom dt-pswp-item\" title=\"8760200b-0c71-41f7-b034-7700bb65b962\" data-dt-img-description=\"\" data-large_image_width=\"595\" data-large_image_height=\"361\"href='https:\/\/www.radiopiu.net\/wordpress\/wp-content\/uploads\/2022\/08\/8760200b-0c71-41f7-b034-7700bb65b962.jpg'><img loading=\"lazy\" decoding=\"async\" width=\"150\" height=\"150\" src=\"https:\/\/www.radiopiu.net\/wordpress\/wp-content\/uploads\/2022\/08\/8760200b-0c71-41f7-b034-7700bb65b962-150x150.jpg\" class=\"attachment-thumbnail size-thumbnail\" alt=\"\" \/><\/a>\n\t\t\t\t<\/dt><\/dl><dl class='gallery-item'>\n\t\t\t\t<dt class='gallery-icon landscape'>\n\t\t\t\t\t<a class=\"rollover rollover-zoom dt-pswp-item\" title=\"5c81c2a3-4fc3-462b-b53f-198fa0182d3f\" data-dt-img-description=\"\" data-large_image_width=\"601\" data-large_image_height=\"368\"href='https:\/\/www.radiopiu.net\/wordpress\/wp-content\/uploads\/2022\/08\/5c81c2a3-4fc3-462b-b53f-198fa0182d3f.jpg'><img loading=\"lazy\" decoding=\"async\" width=\"150\" height=\"150\" src=\"https:\/\/www.radiopiu.net\/wordpress\/wp-content\/uploads\/2022\/08\/5c81c2a3-4fc3-462b-b53f-198fa0182d3f-150x150.jpg\" class=\"attachment-thumbnail size-thumbnail\" alt=\"\" \/><\/a>\n\t\t\t\t<\/dt><\/dl><dl class='gallery-item'>\n\t\t\t\t<dt class='gallery-icon landscape'>\n\t\t\t\t\t<a class=\"rollover rollover-zoom dt-pswp-item\" title=\"0ca09760-0f12-4d67-87d0-1849b45d7730\" data-dt-img-description=\"\" data-large_image_width=\"618\" data-large_image_height=\"368\"href='https:\/\/www.radiopiu.net\/wordpress\/wp-content\/uploads\/2022\/08\/0ca09760-0f12-4d67-87d0-1849b45d7730.jpg'><img loading=\"lazy\" decoding=\"async\" width=\"150\" height=\"150\" src=\"https:\/\/www.radiopiu.net\/wordpress\/wp-content\/uploads\/2022\/08\/0ca09760-0f12-4d67-87d0-1849b45d7730-150x150.jpg\" class=\"attachment-thumbnail size-thumbnail\" alt=\"\" \/><\/a>\n\t\t\t\t<\/dt><\/dl><br style=\"clear: both\" \/><dl class='gallery-item'>\n\t\t\t\t<dt class='gallery-icon landscape'>\n\t\t\t\t\t<a class=\"rollover rollover-zoom dt-pswp-item\" title=\"f2d18579-8b9e-44eb-b9c4-45c8f579ba9c\" data-dt-img-description=\"\" data-large_image_width=\"616\" data-large_image_height=\"361\"href='https:\/\/www.radiopiu.net\/wordpress\/wp-content\/uploads\/2022\/08\/f2d18579-8b9e-44eb-b9c4-45c8f579ba9c.jpg'><img loading=\"lazy\" decoding=\"async\" width=\"150\" height=\"150\" src=\"https:\/\/www.radiopiu.net\/wordpress\/wp-content\/uploads\/2022\/08\/f2d18579-8b9e-44eb-b9c4-45c8f579ba9c-150x150.jpg\" class=\"attachment-thumbnail size-thumbnail\" alt=\"\" \/><\/a>\n\t\t\t\t<\/dt><\/dl><dl class='gallery-item'>\n\t\t\t\t<dt class='gallery-icon landscape'>\n\t\t\t\t\t<a class=\"rollover rollover-zoom dt-pswp-item\" title=\"eb505452-de51-4ea9-b560-b261de056cda\" data-dt-img-description=\"\" data-large_image_width=\"622\" data-large_image_height=\"374\"href='https:\/\/www.radiopiu.net\/wordpress\/wp-content\/uploads\/2022\/08\/eb505452-de51-4ea9-b560-b261de056cda.jpg'><img loading=\"lazy\" decoding=\"async\" width=\"150\" height=\"150\" src=\"https:\/\/www.radiopiu.net\/wordpress\/wp-content\/uploads\/2022\/08\/eb505452-de51-4ea9-b560-b261de056cda-150x150.jpg\" class=\"attachment-thumbnail size-thumbnail\" alt=\"\" \/><\/a>\n\t\t\t\t<\/dt><\/dl><dl class='gallery-item'>\n\t\t\t\t<dt class='gallery-icon landscape'>\n\t\t\t\t\t<a class=\"rollover rollover-zoom dt-pswp-item\" title=\"8febb4fa-7cc4-41f0-b460-6df2ba006819\" data-dt-img-description=\"\" data-large_image_width=\"610\" data-large_image_height=\"365\"href='https:\/\/www.radiopiu.net\/wordpress\/wp-content\/uploads\/2022\/08\/8febb4fa-7cc4-41f0-b460-6df2ba006819.jpg'><img loading=\"lazy\" decoding=\"async\" width=\"150\" height=\"150\" src=\"https:\/\/www.radiopiu.net\/wordpress\/wp-content\/uploads\/2022\/08\/8febb4fa-7cc4-41f0-b460-6df2ba006819-150x150.jpg\" class=\"attachment-thumbnail size-thumbnail\" alt=\"\" \/><\/a>\n\t\t\t\t<\/dt><\/dl><br style=\"clear: both\" \/>\n\t\t\t<\/div>\n\n<p>&nbsp;<\/p>\n<hr \/>\n<p>&nbsp;<\/p>\n<blockquote>\n<h3>RICORDATA A MAS DI SEDICO LA TRAGEDIA DI MATTMARK<\/h3>\n<\/blockquote>\n<p><strong>SEDICO <\/strong>Ricordare per non dimenticare. Ricordare perch\u00e9 si possa lavorare, anche ai giorni nostri, in totale sicurezza. Nella mattinata di ieri a Mas di Sedico \u00e8 stato ricordato il 57.mo anniversario della catastrofe\u00a0 di Mattmark. Una tragedia sul lavoro che colp\u00ec pesantemente la provincia di Belluno, all\u2019epoca segnata da un\u2019emigrazione di massa che ogni anno portava centinaia di bellunesi all\u2019estero in cerca di un futuro migliore. Siamo in Svizzera, nel Canton Vallese, a circa 2.200 metri di quota in una localit\u00e0 chiamata Mattmark. \u00c8 il 1965. Centinaia di operai, soprattutto stranieri, sono impegnati a costruire la diga in terra battuta pi\u00f9 grande d\u2019Europa. Un\u2019opera monumentale, modellata da faticosi turni di lavoro che vedono tra i protagonisti anche molti bellunesi giunti da tutta la provincia. Nulla farebbe presagire il disastro, se non un dettaglio: una parte delle officine e degli alloggi dei lavoratori \u00e8 posizionata sotto la lingua di un immenso ghiacciaio, l\u2019Allalin. E proprio il 30 agosto, alle 17.15 l\u2019Allalin si mette in moto. Un blocco di circa due milioni di metri cubi di materiale si stacca e comincia una letale discesa che travolge tutto ci\u00f2 che incontra sulla propria strada, compresi uomini e donne. Le vittime sono 88, di cui 56 italiane e tra queste 17 bellunesi. E c&#8217;\u00e8 un motivo perch\u00e9 ormai da una decina di anni la commemorazione si celebra a Mas: in questa frazione del comune di Sedico nel 2016 \u00e8 stato intitolato un parco proprio alle vittime di Mattmark. Un parco con un monumento dedicato a chi \u00e8 perito sul lavoro e in emigrazione. Un\u00a0 monumento sostenuto e realizzato dalla Famiglia Ex emigranti &#8220;Monte Pizzocco&#8221;. \u00c8 proprio la &#8220;Monte Pizzocco&#8221;, assieme all&#8217;Associazione\u00a0 Bellunesi nel Mondo e con il patrocinio dei Comuni di Sedico, Santa Giustina, Sospirolo, San Gregorio nelle Alpi e Cesiomaggiore, ha organizzato la commemorazione in ricordo delle vittime di Mattmark.<\/p>\n\n\t\t\t<style type='text\/css'>\n\t\t\t\t#gallery-3 {\n\t\t\t\t\tmargin: auto;\n\t\t\t\t}\n\t\t\t\t#gallery-3 .gallery-item {\n\t\t\t\t\tfloat: left;\n\t\t\t\t\tmargin-top: 10px;\n\t\t\t\t\ttext-align: center;\n\t\t\t\t\twidth: 33%;\n\t\t\t\t}\n\t\t\t\t#gallery-3 img {\n\t\t\t\t\tborder: 2px solid #cfcfcf;\n\t\t\t\t}\n\t\t\t\t#gallery-3 .gallery-caption {\n\t\t\t\t\tmargin-left: 0;\n\t\t\t\t}\n\t\t\t\t\/* see gallery_shortcode() in wp-includes\/media.php *\/\n\t\t\t<\/style>\n\t\t<div id='gallery-3' class='dt-gallery-container gallery galleryid-294834 gallery-columns-3 gallery-size-thumbnail'><dl class='gallery-item'>\n\t\t\t\t<dt class='gallery-icon landscape'>\n\t\t\t\t\t<a class=\"rollover rollover-zoom dt-pswp-item\" title=\"20220828_205858\" data-dt-img-description=\"\" data-large_image_width=\"1612\" data-large_image_height=\"907\"href='https:\/\/www.radiopiu.net\/wordpress\/wp-content\/uploads\/2022\/08\/20220828_205858.jpg'><img loading=\"lazy\" decoding=\"async\" width=\"150\" height=\"150\" src=\"https:\/\/www.radiopiu.net\/wordpress\/wp-content\/uploads\/2022\/08\/20220828_205858-150x150.jpg\" class=\"attachment-thumbnail size-thumbnail\" alt=\"\" \/><\/a>\n\t\t\t\t<\/dt><\/dl><dl class='gallery-item'>\n\t\t\t\t<dt class='gallery-icon landscape'>\n\t\t\t\t\t<a class=\"rollover rollover-zoom dt-pswp-item\" title=\"20220828_210039\" data-dt-img-description=\"\" data-large_image_width=\"1600\" data-large_image_height=\"902\"href='https:\/\/www.radiopiu.net\/wordpress\/wp-content\/uploads\/2022\/08\/20220828_210039.jpg'><img loading=\"lazy\" decoding=\"async\" width=\"150\" height=\"150\" src=\"https:\/\/www.radiopiu.net\/wordpress\/wp-content\/uploads\/2022\/08\/20220828_210039-150x150.jpg\" class=\"attachment-thumbnail size-thumbnail\" alt=\"\" \/><\/a>\n\t\t\t\t<\/dt><\/dl><dl class='gallery-item'>\n\t\t\t\t<dt class='gallery-icon landscape'>\n\t\t\t\t\t<a class=\"rollover rollover-zoom dt-pswp-item\" title=\"20220828_210017\" data-dt-img-description=\"\" data-large_image_width=\"1600\" data-large_image_height=\"902\"href='https:\/\/www.radiopiu.net\/wordpress\/wp-content\/uploads\/2022\/08\/20220828_210017.jpg'><img loading=\"lazy\" decoding=\"async\" width=\"150\" height=\"150\" src=\"https:\/\/www.radiopiu.net\/wordpress\/wp-content\/uploads\/2022\/08\/20220828_210017-150x150.jpg\" class=\"attachment-thumbnail size-thumbnail\" alt=\"\" \/><\/a>\n\t\t\t\t<\/dt><\/dl><br style=\"clear: both\" \/>\n\t\t\t<\/div>\n\n<p>&nbsp;<\/p>\n<p>&nbsp;<\/p>\n<hr \/>\n<p>&nbsp;<\/p>\n<blockquote>\n<h3>PARTE A BELLUNO LA DOLOMITI SUMMER SCHOOL<\/h3>\n<\/blockquote>\n<p><strong><a class=\"dt-pswp-item\" href=\"https:\/\/www.radiopiu.net\/wordpress\/wp-content\/uploads\/2021\/05\/CONFINDUSTRIA.png\" data-dt-img-description=\"\" data-large_image_width=\"575\" data-large_image_height=\"575\"><img loading=\"lazy\" decoding=\"async\" class=\"size-thumbnail wp-image-211858 alignleft\" src=\"https:\/\/www.radiopiu.net\/wordpress\/wp-content\/uploads\/2021\/05\/CONFINDUSTRIA-150x150.png\" alt=\"\" width=\"150\" height=\"150\" srcset=\"https:\/\/www.radiopiu.net\/wordpress\/wp-content\/uploads\/2021\/05\/CONFINDUSTRIA-150x150.png 150w, https:\/\/www.radiopiu.net\/wordpress\/wp-content\/uploads\/2021\/05\/CONFINDUSTRIA-300x300.png 300w, https:\/\/www.radiopiu.net\/wordpress\/wp-content\/uploads\/2021\/05\/CONFINDUSTRIA.png 575w\" sizes=\"auto, (max-width: 150px) 100vw, 150px\" \/><\/a>BELLUNO <\/strong>Belluno si prepara a vivere la sua prima settimana \u201cuniversitaria\u201d. Partir\u00e0 infatti oggi a Palazzo Bembo, sede della Luiss BS &#8211; la Dolomiti Summer School, l\u2019iniziativa di orientamento che vuole aiutare gli studenti del terzo e quarto anno delle scuole superiori a scegliere il percorso accademico pi\u00f9 indicato alle loro aspirazioni e attitudini. Dolomiti Summer School vede in campo accanto a Confindustria Belluno Dolomiti l\u2019Ateneo Ca\u2019 Foscari Venezia, le Universit\u00e0 di Trento e Verona, la Luiss Guido Carli. \u201c<em>Si tratta di una prova generale di quello che vogliamo rendere strutturale nei prossimi anni: una grande piattaforma di orientamento dedicata ai nostri giovani, alle loro famiglie e alle scuole<\/em>\u201d, spiega Lorraine Berton, presidente di Confindustria Belluno Dolomiti.\u00a0 \u201c<em>Stiamo gi\u00e0 lavorando per il 2023, dopo questa prima edizione sperimentale che ci \u00e8 servita per mettere a fuoco alcune criticit\u00e0, per valutare alcune soluzioni organizzative, insomma per testare una formula che sia adatta al nostro territorio e in linea con le aspettative e le esigenze dei nostri giovani e delle loro famiglie. Avremo pi\u00f9 tempo a disposizione, soprattutto per avviare da subito un dialogo con le scuole su questa opportunit\u00e0, cosa che per questa edizione non \u00e8 stata possibile, visti i tempi molto ristretti\u201d<\/em>. I docenti delle Universit\u00e0 coinvolte proporranno ai partecipanti lezioni di Giurisprudenza e Economia, Informatica, Ingegneria Industriale e Civile, Lettere, Lingue, Medicina e Scienze Infermieristiche, con l\u2019obiettivo di aiutare i giovani delle superiori a prendere una scelta consapevole del proprio percorso di studio e, quindi, professionale. La metafora usata per illustrare l\u2019utilit\u00e0 dell\u2019iniziativa \u00e8 questa: se un giovane dovesse scegliere lo sport da praticare per il resto della sua vita, vorrebbe quantomeno provare prima a giocare a tennis, a calcio, a pallavolo, a correre, nuotare e andare in bicicletta. Allo stesso modo, la summer school permetter\u00e0 ai ragazzi di avere un\u2019esperienza diretta di cosa significa studiare economia, piuttosto che medicina, lettere, ingegneria o informatica. Cos\u00ec da ridurre il rischio di sbagliare facolt\u00e0, e quindi di perdere tempo e soldi.<\/p>\n<p>&nbsp;<\/p>\n<p>&nbsp;<\/p>\n<hr \/>\n<p>&nbsp;<\/p>\n<blockquote>\n<h3>DOLOMITI ACCESSIBILI. UN PATRIMONIO PER TUTTI<\/h3>\n<\/blockquote>\n<p><strong><a class=\"dt-pswp-item\" href=\"https:\/\/www.radiopiu.net\/wordpress\/wp-content\/uploads\/2022\/08\/FONDAZIONE-DOLOMITI-UNESCO.png\" data-dt-img-description=\"\" data-large_image_width=\"1200\" data-large_image_height=\"585\"><img loading=\"lazy\" decoding=\"async\" class=\"alignleft wp-image-294841 \" src=\"https:\/\/www.radiopiu.net\/wordpress\/wp-content\/uploads\/2022\/08\/FONDAZIONE-DOLOMITI-UNESCO-300x146.png\" alt=\"\" width=\"179\" height=\"87\" srcset=\"https:\/\/www.radiopiu.net\/wordpress\/wp-content\/uploads\/2022\/08\/FONDAZIONE-DOLOMITI-UNESCO-300x146.png 300w, https:\/\/www.radiopiu.net\/wordpress\/wp-content\/uploads\/2022\/08\/FONDAZIONE-DOLOMITI-UNESCO-1024x499.png 1024w, https:\/\/www.radiopiu.net\/wordpress\/wp-content\/uploads\/2022\/08\/FONDAZIONE-DOLOMITI-UNESCO-768x374.png 768w, https:\/\/www.radiopiu.net\/wordpress\/wp-content\/uploads\/2022\/08\/FONDAZIONE-DOLOMITI-UNESCO.png 1200w\" sizes=\"auto, (max-width: 179px) 100vw, 179px\" \/><\/a>BELLUNO <\/strong>Essere un Bene del Patrimonio Mondiale significa essere un Bene che appartiene a tutti, e di cui tutti devono poter fare esperienza. La promozione di una frequentazione inclusiva delle Dolomiti rappresenta un obiettivo primario per la Fondazione Dolomiti UNESCO che in questi anni ha avviato una collaborazione con enti e associazioni del territorio, attive nel favorire la frequentazione delle Dolomiti a soggetti con limitate capacit\u00e0 motorie. \u00ab<em>L\u2019inclusione \u00e8 un tema di grande attualit\u00e0 non solo una parola \u201cdi moda\u201d. Per il nostro territorio, montano e quindi spesso difficile, dove le pendenze rendono complesso spostarsi, \u00e8 un obbligo e insieme una necessit\u00e0<\/em>\u00bb sottolinea il presidente della Provincia di Belluno. \u00ab<em>In questo senso, le Dolomiti non possono essere esclusive, riservate a pochi eletti, e l\u2019accessibilit\u00e0 diventa un valore<\/em>\u00bb. Ad Auronzo di Cadore il 10 e 11 settembre si terr\u00e0 un incontro sul tema del dell\u2019accessibilit\u00e0 rivolto a tutti gli interessati e all\u2019insegna dei valori di inclusivit\u00e0 derivati dall\u2019essere Patrimonio Mondiale.\u00a0Per maggiori informazioni visitare il sito web della Fondazione Dolomiti UNESCO\u00a0<a href=\"https:\/\/www.dolomitiunesco.info\/dolomiti-accessibili-auronzo-incontro\/\">www.dolomitiunesco.info<\/a>. Si ricorda che per partecipare all\u2019evento la prenotazione \u00e8 obbligatoria.<\/p>\n<p>&nbsp;<\/p>\n<p>&nbsp;<\/p>\n<hr \/>\n<p>&nbsp;<\/p>\n<blockquote>\n<h3 class=\"entry-title\">IMPRESE ENERGETICHE: +60% FATTURATO, MA AL FISCO HANNO DATO QUASI NULLA<\/h3>\n<\/blockquote>\n<p class=\"photoswipe-wrapper\"><a class=\"dt-pswp-item pspw-wrap-ready\" href=\"https:\/\/www.radiopiu.net\/wordpress\/wp-content\/uploads\/2022\/08\/Schermata-2022-08-27-alle-10.01.53.png\" data-dt-img-description=\"\" data-large_image_width=\"946\" data-large_image_height=\"460\"><img loading=\"lazy\" decoding=\"async\" class=\"alignleft size-medium wp-image-294832\" src=\"https:\/\/www.radiopiu.net\/wordpress\/wp-content\/uploads\/2022\/08\/Schermata-2022-08-27-alle-10.01.53-300x146.png\" sizes=\"auto, (max-width: 300px) 100vw, 300px\" srcset=\"https:\/\/www.radiopiu.net\/wordpress\/wp-content\/uploads\/2022\/08\/Schermata-2022-08-27-alle-10.01.53-300x146.png 300w, https:\/\/www.radiopiu.net\/wordpress\/wp-content\/uploads\/2022\/08\/Schermata-2022-08-27-alle-10.01.53-768x373.png 768w, https:\/\/www.radiopiu.net\/wordpress\/wp-content\/uploads\/2022\/08\/Schermata-2022-08-27-alle-10.01.53.png 946w\" alt=\"\" width=\"300\" height=\"146\" \/><\/a>Se, a causa dei rincari di luce e gas, molte imprese sono a rischio chiusura, altre invece, \u201csfruttando\u201d questa congiuntura cos\u00ec negativa, hanno registrato fatturati da capogiro. \u00c8 il caso delle imprese energetiche presenti in Italia che, nei primi 5 mesi di quest\u2019anno hanno visto aumentare i ricavi, rispetto allo stesso periodo del 2021, del 60 per cento. Stiamo parlando di attivit\u00e0 industriali estrattive di materie prime energetiche (come il petrolio, il gas naturale, etc.) e dell\u2019industria della raffinazione. Ad affermarlo \u00e8 l\u2019Ufficio studi della CGIA.<\/p>\n<p><strong>Recentemente, mai incrementi di fatturato come quest\u2019anno<\/strong><br \/>\nChe ci\u00f2 sia legato all\u2019andamento dei prezzi delle materie prime energetiche lo dimostrano anche i dati di questi ultimi anni. Con riferimento al periodo gennaio-maggio, la crescita del fatturato delle imprese del settore energetico nel 2019 \u00e8 stata dello +0,5 per cento rispetto allo stesso periodo dell\u2019anno precedente; successivamente, in piena pandemia i ricavi invece sono crollati del 34,6 per cento (gennaio-maggio 2020 sullo stesso periodo anno precedente); diversamente, nei primi 5 mesi del 2021 la variazione \u00e8 stata del +19,6 per cento. Quest\u2019anno, infine, il fatturato ha subito una impennata impressionante che, come dicevamo, \u00e8 stata del +60 per cento (vedi Tab. 1).<\/p>\n<p><strong>No accanimento fiscale su imprese energetiche, ora per\u00f2 paghino<\/strong><br \/>\nSia chiaro: nessuno chiede un accanimento fiscale contro le grandi imprese dell\u2019energia: sarebbe ingiusto. Va infatti ricordato che non necessariamente ad un aumento del fatturato corrisponde un analogo incremento dell\u2019utile. Tuttavia, appare evidente che il risultato economico di questo settore nell\u2019ultimo anno \u00e8 stato molto positivo. E, anche per una questione di solidariet\u00e0 e di giustizia sociale, queste realt\u00e0 dovrebbero versare almeno quanto imposto dallo Stato con una legge per \u201caiutare\u201d economicamente le famiglie e le imprese pi\u00f9 in difficolt\u00e0. Invece, le grandi imprese energetiche si sono guardate bene dal farlo. Almeno con la prima scadenza prevista lo scorso 30 giugno. Ricordiamo che con il decreto Aiuti le imprese energetiche sono state obbligate ad applicare un\u2019aliquota del 25 per cento sugli extraprofitti ottenuti grazie all\u2019aumento dei prezzi di gas e petrolio. Dei 4,2 miliardi di euro attesi con la prima rata, lo Stato ha incassato poco meno di 1 miliardo. Se la nuova norma per recuperare queste mancate entrate inserita nel decreto Aiuti bis non dovesse avere effetto, l\u2019erario potrebbe perdere quest\u2019anno oltre 9 miliardi dei 10,5 previsti con l\u2019introduzione di questa tassazione sugli extraprofitti. Certo, di fronte agli aumenti registrati in questi ultimi giorni, 9 miliardi di euro farebbero ben poco per calmierare i costi delle bollette di famiglie e imprese. Tuttavia, \u00e8 una questione che mette a repentaglio la nostra coesione sociale: in un momento di difficolt\u00e0 come questo, chi pi\u00f9 ha deve aiutare chi sta peggio.<\/p>\n<p><strong>Tra coloro che hanno eluso il fisco, ci sono anche aziende partecipate dallo Stato ?<\/strong><br \/>\nSiamo certi che con la prossima scadenza anche queste realt\u00e0 imprenditoriali onoreranno i loro impegni con il fisco, cos\u00ec come previsto dalla legge. Sarebbe inaccettabile se ci\u00f2 non avvenisse. In primo luogo, perch\u00e9 una fetta importante della nostra imprenditoria eluderebbe vergognosamente il fisco. In secondo luogo, ancorch\u00e9 fino ad ora non sia possibile provarlo, tra coloro che non hanno versato al fisco quanto richiesto, potremmo annoverare anche le multiutility controllate dagli enti locali o a partecipazione statale; se fosse cos\u00ec, oltre al danno ci troveremo di fronte anche ad una vera e propria beffa.<\/p>\n<p><strong>I settori a rischio blackout<\/strong><br \/>\nCon aumenti delle bollette che non hanno eguali nella storia recente del nostro Paese, non solo i settori energivori sono pi\u00f9 a rischio degli altri. Per quanto riguarda il consumo del gas, segnaliamo le difficolt\u00e0 che stanno colpendo le imprese del vetro, della ceramica, del cemento, della plastica, della produzione di laterizi, la meccanica pesante, l\u2019alimentazione e la chimica etc. Per quanto concerne l\u2019energia elettrica, invece, rischiano il blackout le acciaierie\/fonderie, l\u2019alimentare, la logistica, il commercio (negozi, botteghe, centri commerciali, etc.), alberghi, bar-ristoranti, altri servizi (cinema, teatri, discoteche, lavanderie, palestre, impianti sportivi, etc.).<\/p>\n<p>La difficolt\u00e0 dei distretti<br \/>\nLe difficolt\u00e0, fa sapere l\u2019Ufficio studi della CGIA, colpiscono molte imprese e conseguentemente anche tanti distretti produttivi e non che sono il motore dell\u2019economia e dell\u2019export del Paese. Riportiamo pi\u00f9 sotto alcuni che hanno manifestato importanti segnali di crisi:<\/p>\n<p>Cartario di Lucca-Capannori;<br \/>\nMaterie plastiche di Treviso, Vicenza e Padova;<br \/>\nMetalli di Brescia-Lumezzane;<br \/>\nMetalmeccanico basso mantovano;<br \/>\nMetalmeccanico di Lecco;<br \/>\nPiastrelle di Sassuolo;<br \/>\nTerme Euganee;<br \/>\nTermomeccanica Padova;<br \/>\nVetro di Murano.<\/p>\n<p><strong>Soluzioni ? Scostamento di bilancio e aumentare l\u2019offerta<\/strong><br \/>\nOggi il prezzo del gas \u00e8 10 volte superiore al suo valore storico: \u00e8 come se pagassimo la benzina 20 euro al litro. Una follia che difficilmente pu\u00f2 essere contrastata efficacemente. Purtroppo, a questi livelli di prezzo non ci sono soluzioni miracolistiche. Certo, \u00e8 indispensabile introdurre un price cap a livello europeo, sganciare dalle quotazioni del gas il prezzo dell\u2019energia ricavata dalle fonti rinnovabili e abbassare ulteriormente imposte, oneri e Iva sulle bollette. Alcune misure tampone possono essere approvate in tempi ragionevolmente brevi; altre, pi\u00f9 sostanziali, come l\u2019introduzione di un tetto al prezzo del gas, richiedono tempi di approvazione eccessivamente lunghi, che famiglie e imprese non possono attendere. Pertanto, cosa si dovrebbe fare da subito ? In primo luogo, come \u00e8 stato fatto con la crisi pandemica, Bruxelles dovrebbe alleggerire le regole sul debito pubblico e sugli aiuti di Stato alle imprese. Insomma, dovrebbe consentire lo scostamento di bilancio, permettendo ai singoli Paesi di indebitarsi per lenire gli aumenti di luce e gas a famiglie e imprese. In secondo luogo, l\u2019UE dovrebbe \u201cchiedere\u201d a Olanda e Norvegia di tornare ad essere leader europei nell\u2019estrazione di gas naturale . Attraverso un intervento persuasivo del Consiglio europeo su Amsterdam e Oslo, l\u2019aumento della produzione comporterebbe, anche a livello psicologico, effetti molto positivi che, quasi sicuramente, si tradurrebbero in una contrazione delle quotazioni dei prodotti energetici, consentendo a tutta Europa di tirare un sospiro di sollievo.<\/p>\n<p>&nbsp;<\/p>\n<p>&nbsp;<\/p>\n<hr \/>\n<p>&nbsp;<\/p>\n<blockquote>\n<h3>LA FESTA DEI 100 ANNI DEL GRUPPO SPORTIVO FRASSENE&#8217;<\/h3>\n<\/blockquote>\n<p><strong><a class=\"dt-pswp-item\" href=\"https:\/\/www.radiopiu.net\/wordpress\/wp-content\/uploads\/2022\/08\/Schermata-2022-08-04-alle-12.23.41.png\" data-dt-img-description=\"\" data-large_image_width=\"1336\" data-large_image_height=\"1014\"><img loading=\"lazy\" decoding=\"async\" class=\"alignleft wp-image-290914 \" src=\"https:\/\/www.radiopiu.net\/wordpress\/wp-content\/uploads\/2022\/08\/Schermata-2022-08-04-alle-12.23.41-300x228.png\" alt=\"\" width=\"158\" height=\"120\" srcset=\"https:\/\/www.radiopiu.net\/wordpress\/wp-content\/uploads\/2022\/08\/Schermata-2022-08-04-alle-12.23.41-300x228.png 300w, https:\/\/www.radiopiu.net\/wordpress\/wp-content\/uploads\/2022\/08\/Schermata-2022-08-04-alle-12.23.41-1024x777.png 1024w, https:\/\/www.radiopiu.net\/wordpress\/wp-content\/uploads\/2022\/08\/Schermata-2022-08-04-alle-12.23.41-768x583.png 768w, https:\/\/www.radiopiu.net\/wordpress\/wp-content\/uploads\/2022\/08\/Schermata-2022-08-04-alle-12.23.41.png 1336w\" sizes=\"auto, (max-width: 158px) 100vw, 158px\" \/><\/a>VOLTAGO <\/strong>1922-2022 il primo secolo di vita del Gruppo Sportivo Frassen\u00e8: tre giorni di eventi al tendone nel parcheggio della chiesa. Venerdi&#8217; 9 settembre alle 18 apertura stand gastronomico e serata musicale con Sabrina Silvestrin. Sabato 10 voli panoramici in elicottero dalle 10 alle 15 e, fino alle 17 mercatini dell&#8217;artigianato, dalle 10 torneo di calcio del Poi, a mezzogiorno stand gastronomico, 16.30 Frassene&#8217; Cross, gare podistiche non competitive, 17 aperitivo con DJ Morgan e Battaglia, 19 cena e premiazioni, dalle 21 serata musicale con I Riflesso, chiusura con DJ Morgan e Battaglia. Domenica 11 alle 10 mostra sui 100 anni del Gruppo Sportivo Frassene&#8217; presso l&#8217;ex scuola Paolo Mosca, 11 sfilata dei gruppi associativi per le vie del paese, 12.30 pranzo, 15 presentazione libro &#8220;Il Primo Secolo Di Vita&#8221;. Il ricavato sar\u00e0 devoluto al Gruppo Sportivo Frasssen\u00e8.<\/p>\n<p>&nbsp;<\/p>\n<blockquote>\n<h3>LO SPECIALE ALLA RADIO<\/h3>\n<p><span style=\"color: #ff0000;\"><strong>OSPITI,\u00a0 YURI PARISSENTI PRESIDENTE GRUPPO SPORTIVO FRASSENE&#8217;,\u00a0 SHARON DE MARCO\u00a0<\/strong><\/span><\/p><\/blockquote>\n<audio class=\"wp-audio-shortcode\" id=\"audio-294834-2\" preload=\"none\" style=\"width: 100%;\" controls=\"controls\"><source type=\"audio\/mpeg\" src=\"https:\/\/www.radiopiu.net\/wordpress\/wp-content\/uploads\/2022\/08\/gruppo-sportivo-frassene-SPECIALE.mp3?_=2\" \/><a href=\"https:\/\/www.radiopiu.net\/wordpress\/wp-content\/uploads\/2022\/08\/gruppo-sportivo-frassene-SPECIALE.mp3\">https:\/\/www.radiopiu.net\/wordpress\/wp-content\/uploads\/2022\/08\/gruppo-sportivo-frassene-SPECIALE.mp3<\/a><\/audio>\n<p>&nbsp;<\/p>\n<hr \/>\n<p>&nbsp;<\/p>\n<p>&nbsp;<\/p>\n<blockquote>\n<h3><a class=\"dt-pswp-item\" href=\"https:\/\/www.radiopiu.net\/wordpress\/wp-content\/uploads\/2022\/08\/CammiNATURAlmente-settembre-22.jpg\" data-dt-img-description=\"\" data-large_image_width=\"2560\" data-large_image_height=\"1920\"><img loading=\"lazy\" decoding=\"async\" class=\"size-thumbnail wp-image-294409 alignleft\" src=\"https:\/\/www.radiopiu.net\/wordpress\/wp-content\/uploads\/2022\/08\/CammiNATURAlmente-settembre-22-150x150.jpg\" alt=\"\" width=\"150\" height=\"150\" \/><\/a>CAMMINATURALMENTE A SETTEMBRE<\/h3>\n<\/blockquote>\n<p><span dir=\"ltr\" role=\"presentation\">La Biblioteca civica di Belluno propone due nuovi itinerari naturalistici e ambientali <\/span><span dir=\"ltr\" role=\"presentation\">accompagnati da Anacleto Boranga. <\/span><span dir=\"ltr\" role=\"presentation\">\u00a0Sabato 3 con \u201cIl borgo di Sitran e i frutti dell\u2019albero <\/span><span dir=\"ltr\" role=\"presentation\">della<\/span> <span dir=\"ltr\" role=\"presentation\">bicicletta\u201d<\/span> <span dir=\"ltr\" role=\"presentation\">e<\/span> <span dir=\"ltr\" role=\"presentation\">si svolger\u00e0 a<\/span> <span dir=\"ltr\" role=\"presentation\">Sitran. <\/span><span dir=\"ltr\" role=\"presentation\">Il percorso sar\u00e0 guidato da Giorgio Vazza, artista eclettico<\/span><span dir=\"ltr\" role=\"presentation\">.\u00a0 Alla visita del borgo seguir\u00e0 una breve passeggiata per <\/span><span dir=\"ltr\" role=\"presentation\">ammirare il sorprendente castagno che ha inglobato una bicicletta e per questo \u00e8 <\/span><span dir=\"ltr\" role=\"presentation\">stato censito tra gli Alberi Monumentali. <\/span><span dir=\"ltr\" role=\"presentation\">Il secondo appuntamento si svolger\u00e0 domenica 25 settembre, con \u201cVal di Seren \u2013 Il <\/span><span dir=\"ltr\" role=\"presentation\">percorso<\/span> <span dir=\"ltr\" role=\"presentation\">dei<\/span> <span dir=\"ltr\" role=\"presentation\">fojaroi<\/span><span dir=\"ltr\" role=\"presentation\">\u201d,<\/span> <span dir=\"ltr\" role=\"presentation\">un<\/span> <span dir=\"ltr\" role=\"presentation\">rilassante<\/span> <span dir=\"ltr\" role=\"presentation\">itinerario<\/span> <span dir=\"ltr\" role=\"presentation\">ad<\/span> <span dir=\"ltr\" role=\"presentation\">anello<\/span> <span dir=\"ltr\" role=\"presentation\">in<\/span> <span dir=\"ltr\" role=\"presentation\">una<\/span> <span dir=\"ltr\" role=\"presentation\">valle<\/span> <span dir=\"ltr\" role=\"presentation\">in<\/span> <span dir=\"ltr\" role=\"presentation\">passato <\/span><span dir=\"ltr\" role=\"presentation\">intensamente<\/span> <span dir=\"ltr\" role=\"presentation\">abitata,<\/span> <span dir=\"ltr\" role=\"presentation\">ma<\/span> <span dir=\"ltr\" role=\"presentation\">che<\/span> <span dir=\"ltr\" role=\"presentation\">oggi<\/span> <span dir=\"ltr\" role=\"presentation\">risulta<\/span> <span dir=\"ltr\" role=\"presentation\">quasi<\/span> <span dir=\"ltr\" role=\"presentation\">completamente<\/span> <span dir=\"ltr\" role=\"presentation\">abbandonata. <\/span><span dir=\"ltr\" role=\"presentation\">Informazioni <\/span><span dir=\"ltr\" role=\"presentation\">sugli itinerari possono essere richieste a Anacleto Boranga, telefono 340 876 9665\u00a0<\/span><\/p>\n<p>&nbsp;<\/p>\n<p>&nbsp;<\/p>\n<p>&nbsp;<\/p>\n<hr \/>\n<p>&nbsp;<\/p>\n<blockquote>\n<h3><a class=\"dt-pswp-item\" href=\"https:\/\/www.radiopiu.net\/wordpress\/wp-content\/uploads\/2022\/08\/cartolina_promo_concorso_emi_abm.jpg\" data-dt-img-description=\"\" data-large_image_width=\"1181\" data-large_image_height=\"787\"><img loading=\"lazy\" decoding=\"async\" class=\" wp-image-294392 alignleft\" src=\"https:\/\/www.radiopiu.net\/wordpress\/wp-content\/uploads\/2022\/08\/cartolina_promo_concorso_emi_abm-150x150.jpg\" alt=\"\" width=\"117\" height=\"117\" \/><\/a>RACCONTARE L&#8217;EMIGRAZIONE VENETA, IL CONCORSO LETTERARIO DELL&#8217;ABM<\/h3>\n<\/blockquote>\n<p><strong>BELLUNO <\/strong>L&#8217;Associazione Bellunesi nel Mondo ha bandito un concorso letterario Intitolato \u201cRaccontare l&#8217;emigrazione veneta\u201d, \u00e8 dedicato a racconti inediti e originali, reali o di fantasia, in lingua italiana. La partecipazione, gratuita, \u00e8 aperta a chiunque abbia almeno sedici anni\u00a0La scadenza per l&#8217;invio degli elaborati, da spedire via email a <a class=\"moz-txt-link-abbreviated\" href=\"mailto:concorsoemigrazione@bellunesinelmondo.it\">concorsoemigrazione@bellunesinelmondo.it<\/a>, \u00e8 fissata al 4 novembre 2022. Il bando completo del concorso\u00a0 \u00e8 disponibile sul sito: <a class=\"moz-txt-link-abbreviated\" href=\"http:\/\/www.bellunesinelmondo.it\">www.bellunesinelmondo.it<\/a>.<\/p>\n<p>&nbsp;<\/p>\n<hr \/>\n<p>&nbsp;<\/p>\n<p>&nbsp;<\/p>\n<blockquote>\n<h3>DUE APPUNTAMENTI CON LE MUSE E LE DOLOMITI<\/h3>\n<\/blockquote>\n<p><a class=\"dt-pswp-item\" href=\"https:\/\/www.radiopiu.net\/wordpress\/wp-content\/uploads\/2022\/08\/ConcertoSolidarieta\u03002021.jpeg\" data-dt-img-description=\"Le Muse e le Dolomiti - concerto di solidariet\u00e0 Midori Nmikawa soprano, Oda Zoe Hochscheid contralto, Hun Kim tenore, Kwang Park basso Coro Citt\u00e0 di Piazzolla sul Brenta dir.Paolo Piana\" data-large_image_width=\"1280\" data-large_image_height=\"853\"><img loading=\"lazy\" decoding=\"async\" class=\"wp-image-294261 alignleft\" src=\"https:\/\/www.radiopiu.net\/wordpress\/wp-content\/uploads\/2022\/08\/ConcertoSolidarieta\u03002021-300x200.jpeg\" alt=\"\" width=\"257\" height=\"171\" srcset=\"https:\/\/www.radiopiu.net\/wordpress\/wp-content\/uploads\/2022\/08\/ConcertoSolidarieta\u03002021-300x200.jpeg 300w, https:\/\/www.radiopiu.net\/wordpress\/wp-content\/uploads\/2022\/08\/ConcertoSolidarieta\u03002021-1024x682.jpeg 1024w, https:\/\/www.radiopiu.net\/wordpress\/wp-content\/uploads\/2022\/08\/ConcertoSolidarieta\u03002021-768x512.jpeg 768w, https:\/\/www.radiopiu.net\/wordpress\/wp-content\/uploads\/2022\/08\/ConcertoSolidarieta\u03002021.jpeg 1280w\" sizes=\"auto, (max-width: 257px) 100vw, 257px\" \/><\/a>Nel mese di settembre l\u2019Associazione propone due eventi di particolare rilievo.<strong> Sabato 3 settembre \u2013 a Cavalese<\/strong>\u00a0 dalle 21 con ingresso libero, lo Stabat Mater di Giovanni Battista Pergolesi, cantato da Costanza Fontana, soprano e Oda Zoe Hochscheid, contralto. Suoneranno i musicisti della rinomata \u201cAccademia Italiana Strumentale\u201d, composta da strumentisti che collaborano con i pi\u00f9 grandi direttori a livello mondiale e gestita artisticamente da Alberto Rasi.\u00a0 <strong>Sabato 10 settembre a Canale d\u2019Agordo \u2013<\/strong>\u00a0 alle 20.30 con ingresso libero \u201cUna guarigione miracolosa\u201d con Candela Giarda. La giovane argentina racconter\u00e0 come lei, gravemente ammalata, \u00e8 tornata miracolosamente in salute. Moderer\u00e0 l&#8217;incontro Loris Serafini, direttore della Fondazione Papa Luciani di Canale d\u2019Agordo. \u201cLe Muse e le Dolomiti\u201d canteranno e suoneranno brani sacri\u00a0 con \u00a0la partecipazione del \u201cCoro Citt\u00e0 Piazzola sul Brenta\u201d,\u00a0 il mezzosoprano Oda Zoe Hochscheid, la violinista Myriam Dal Don e l\u2019organista Ai Yoshida<\/p>\n<p>&nbsp;<\/p>\n<p>&nbsp;<\/p>\n<hr \/>\n<p>&nbsp;<\/p>\n<blockquote>\n<h3>\u201cBEATO GIOVANNI PAOLO I. LA SPERANZA CHE NASCE DALL\u2019UMILTA&#8217;\u201d NEL LIBRETTO DI MONS. GIORGIO LISE<\/h3>\n<\/blockquote>\n<p><strong>di Renato Bona<\/strong><\/p>\n<p>Cinquanta volte grazie all\u2019amico monsignor Giorgio Lise cui va sincera riconoscenza per aver messo insieme, copertina compresa, altrettante pagine del libro, piccolo (12&#215;20) nel formato ma grande nei contenuti, intitolato \u201cBeato Giovanni Paolo I. La speranza che nasce dall\u2019umilt\u00e0\u201d. La pubblicazione non \u00e8 di oggi, ma diviene attualissima a pochi giorni dallo storico evento del 4 settembre quando in Vaticano ci sar\u00e0 la solenne cerimonia presieduta da Papa Francesco, per la beatificazione del \u201cPapa bellunese del sorriso\u201d, Albino Luciani, asceso al soglio di Pietro col nome di Giovanni Paolo I. E grazie pure ad un altro sacerdote, il parroco di San Giovanni Bosco di Belluno, don Claudio Zamparin, il quale proprio in vista della beatificazione, ha messo a disposizione dei fedeli, in chiesa, gratuitamente, una bella serie di santini, riviste e libri dedicati al secondo pontefice bellunese della storia dopo Gregorio XVI, \u201cperch\u00e9 ciascuno possa farne dono a parenti e-o amici\u201d. E fra il materiale andato praticamente esaurito, c\u2019era anche la pubblicazione curata (Elledici editrice Velar, Stamperia di Gorle di Bergamo) da Giorgio Lise nel settembre 2008 (altre edizioni nel 2010, nel 2028 e 2022, prima ristampa nel 2015) che nella copertina di Augusto Maraffa propone in primo piano Papa Luciani sorridente e benedicente e, sullo sfondo, la Basilica di San Pietro. E questi i capitoli: \u201cCronologia\u201d, \u201cGli inizi\u201d, \u201cDon Albino sacerdote\u201d, \u201cVescovo di Vittorio Veneto (1958-1969)\u201d, Patriarca di Venezia (1969-1978\u201d), \u201cSommo Pontefice: \u2018Mi chiamer\u00f2 Giovanni Paolo\u2026\u2019\u201d, \u201cAlbino Luciani \u2018Beato\u2019\u201d, \u201cConclusione\u201d. Partiamo proprio da quest\u2019ultimo dove l\u2019autore, alla fine della \u201cpasseggiata\u201d effettuata tra i sentieri di vita percorsi da Luciani, esprime la convinzione che il segreto della sua spiritualit\u00e0 \u201cstia nell\u2019umilt\u00e0 messa a fondamento di tutto l\u2019edificio spirituale, secondo l\u2019insegnamento della Parola di Dio, secondo lo stile del Figlio di Dio\u201d. Ancora monsignor Lise: \u201cCos\u00ec si spiegano tante manifestazioni tipiche di Papa Luciani: la semplicit\u00e0 del comportamento, il fastidio per la retorica, per ogni tipo di falsit\u00e0, come per i discorsi incomprensibili\u2026 umilt\u00e0 era il fondamento su cui s\u2019innalzavano, robuste e vive, tutte le altre virt\u00f9: dalla fede alla carit\u00e0, dalla speranza alla prudenza, dalla povert\u00e0 personale al senso della giustizia\u201d. E conclude: \u201cQuesto \u00e8 il tesoro prezioso che ci ha trasmesso Giovanni Paolo I. Lo abbiamo in mano, la Provvidenza ce lo ha consegnato: il Signore ci renda forti di fronte alla tentazione di sotterrarlo per pigrizia o per paura, e ci aiuti &#8211; anche per intercessione di Papa Luciani e sul suo esempio &#8211; a renderlo fruttuoso per noi stessi e per gli uomini del nostro tempo\u201d. Ed ora un salto indietro nel tempo per ricordare che Albino Luciani era nato a Forno di Canale (ora Canale d\u2019Agordo) provincia di Belluno il 17 ottobre 1912, Nel 1923 entr\u00f2 nel Seminario Minore di Feltre e cinque anni dopo in quello Maggiore di Belluno. Del 7 luglio 1935 l\u2019ordinazione sacerdotale e quindi il ministero come cappellano nella parrocchia del paese natale e poi ad Agordo. Nel 1937 \u00e8 vicerettore del Seminario di Belluno ed il 27 febbraio 1947 si laurea in teologia alla Pontificia Universit\u00e0 Gregoriana; nel 1954 la nomina a Vicario generale della Diocesi bellunese e nel 1958 quella a vescovo di Vittorio Veneto; nel 1969 diviene Patriarca di Venezia. Nell\u2019agosto del 1978, alla morte di Paolo VI, Luciani, divenuto nel frattempo cardinale patriarca di Venezia \u201cgiunge a Roma, celebra la messa nella chiesa di San Marco ed invita i fedeli a pregare per il futuro Papa. Il 26 dello stesso mese, dopo un solo giorno di conclave, dalla loggia di San Pietro il cardinale Felici scandisce con tono solenne: \u201cSanctae Romanae Ecclesiae Cardinalem Luciani\u201d: Viene eletto Papa, prendendo per la prima volta nella storia ecclesiale un doppio nome: Giovanni Paolo. Il 28 settembre muore improvvisamente dopo 33 giorni di pontificato. Il prossimo 4 settembre 2022 la solenne beatificazione da Papa Francesco. Giorgio Lise che, in qualit\u00e0 di postulatore diocesano nella causa, ha seguito passo passo l\u2019iter della beatificazione, ha avuto modo di toccare con mano, nelle lettere che a decine arrivavano al Centro \u201cPapa Luciani\u201d di Col Cumano di Santa Giustina (Belluno) \u201cquanto la figura e la memoria di Luciani siano vive nel mondo; e quante grazie, soprattutto spirituali per sua intercessione raggiungano le persone pi\u00f9 diverse per et\u00e0 e condizione;\u201d e aggiunge: \u201cSe posso per\u00f2 dire una mia impressione, il nostro \u2018don Albino\u2019 \u00e8 specializzato per venire incontro alle mamme in difficolt\u00e0 e ai bambini; e questo, conoscendolo un po\u2019, sinceramente non mi meraviglia!\u201d Dunque: \u201cLa beatificazione del nostro \u2018Don Albino\u2019, non \u00e8 tanto e solo un onore per noi, piuttosto \u00e8 un impegno: sappiamo infatti che la Chiesa non ci presenta dei santi semplicemente perch\u00e9 diventino il nostro modello, ma in realt\u00e0 perch\u00e9 essa desidera \u2013 attraverso le figure dei santi, la loro vita, le loro opere, la testimonianza cristiana &#8211; presentarci Colui al quale essi si sono configurati: Ges\u00f9 stesso\u201d. Concludiamo la lettura del libro di Giorgio Lise tornando brevemente all\u2019anno 2002 quando il vescovo monsignor Vincenzo Savio a Canale d\u2019Agordo, durante la solenne concelebrazione del 26 agosto, commemorativa dell\u2019elezione di Papa Luciani, comunica ufficialmente che \u201cviene aperta in diocesi l\u2019indagine conoscitiva sulla fama di santit\u00e0 di Albino Luciani, Papa Giovanni Paolo I. E cos\u00ec il 23 novembre 2003 inizia con una solenne celebrazione in cattedrale a Belluno il processo di beatificazione e canonizzazione del servo di Dio, Giovanni Paolo I, presente il Prefetto della Congregazione delle cause dei Santi, card. Jos\u00e9 Saraiva Martins\u201d.<\/p>\n\n\t\t\t<style type='text\/css'>\n\t\t\t\t#gallery-4 {\n\t\t\t\t\tmargin: auto;\n\t\t\t\t}\n\t\t\t\t#gallery-4 .gallery-item {\n\t\t\t\t\tfloat: left;\n\t\t\t\t\tmargin-top: 10px;\n\t\t\t\t\ttext-align: center;\n\t\t\t\t\twidth: 25%;\n\t\t\t\t}\n\t\t\t\t#gallery-4 img {\n\t\t\t\t\tborder: 2px solid #cfcfcf;\n\t\t\t\t}\n\t\t\t\t#gallery-4 .gallery-caption {\n\t\t\t\t\tmargin-left: 0;\n\t\t\t\t}\n\t\t\t\t\/* see gallery_shortcode() in wp-includes\/media.php *\/\n\t\t\t<\/style>\n\t\t<div id='gallery-4' class='dt-gallery-container gallery galleryid-294834 gallery-columns-4 gallery-size-thumbnail'><dl class='gallery-item'>\n\t\t\t\t<dt class='gallery-icon portrait'>\n\t\t\t\t\t<a class=\"rollover rollover-zoom dt-pswp-item\" title=\"300527804_382708194045470_3709230918929382548_n\" data-dt-img-description=\"\" data-large_image_width=\"312\" data-large_image_height=\"540\"href='https:\/\/www.radiopiu.net\/wordpress\/wp-content\/uploads\/2022\/08\/300527804_382708194045470_3709230918929382548_n.jpg'><img loading=\"lazy\" decoding=\"async\" width=\"150\" height=\"150\" src=\"https:\/\/www.radiopiu.net\/wordpress\/wp-content\/uploads\/2022\/08\/300527804_382708194045470_3709230918929382548_n-150x150.jpg\" class=\"attachment-thumbnail size-thumbnail\" alt=\"\" \/><\/a>\n\t\t\t\t<\/dt><\/dl><dl class='gallery-item'>\n\t\t\t\t<dt class='gallery-icon portrait'>\n\t\t\t\t\t<a class=\"rollover rollover-zoom dt-pswp-item\" title=\"300458377_614755626771036_4448351907192670016_n\" data-dt-img-description=\"\" data-large_image_width=\"320\" data-large_image_height=\"524\"href='https:\/\/www.radiopiu.net\/wordpress\/wp-content\/uploads\/2022\/08\/300458377_614755626771036_4448351907192670016_n.jpg'><img loading=\"lazy\" decoding=\"async\" width=\"150\" height=\"150\" src=\"https:\/\/www.radiopiu.net\/wordpress\/wp-content\/uploads\/2022\/08\/300458377_614755626771036_4448351907192670016_n-150x150.jpg\" class=\"attachment-thumbnail size-thumbnail\" alt=\"\" \/><\/a>\n\t\t\t\t<\/dt><\/dl><dl class='gallery-item'>\n\t\t\t\t<dt class='gallery-icon landscape'>\n\t\t\t\t\t<a class=\"rollover rollover-zoom dt-pswp-item\" title=\"301702470_1737720846587334_3683628350450281217_n\" data-dt-img-description=\"\" data-large_image_width=\"600\" data-large_image_height=\"401\"href='https:\/\/www.radiopiu.net\/wordpress\/wp-content\/uploads\/2022\/08\/301702470_1737720846587334_3683628350450281217_n.jpg'><img loading=\"lazy\" decoding=\"async\" width=\"150\" height=\"150\" src=\"https:\/\/www.radiopiu.net\/wordpress\/wp-content\/uploads\/2022\/08\/301702470_1737720846587334_3683628350450281217_n-150x150.jpg\" class=\"attachment-thumbnail size-thumbnail\" alt=\"\" \/><\/a>\n\t\t\t\t<\/dt><\/dl><dl class='gallery-item'>\n\t\t\t\t<dt class='gallery-icon landscape'>\n\t\t\t\t\t<a class=\"rollover rollover-zoom dt-pswp-item\" title=\"301357652_604128757880895_2961016342412850293_n\" data-dt-img-description=\"\" data-large_image_width=\"663\" data-large_image_height=\"403\"href='https:\/\/www.radiopiu.net\/wordpress\/wp-content\/uploads\/2022\/08\/301357652_604128757880895_2961016342412850293_n.jpg'><img loading=\"lazy\" decoding=\"async\" width=\"150\" height=\"150\" src=\"https:\/\/www.radiopiu.net\/wordpress\/wp-content\/uploads\/2022\/08\/301357652_604128757880895_2961016342412850293_n-150x150.jpg\" class=\"attachment-thumbnail size-thumbnail\" alt=\"\" \/><\/a>\n\t\t\t\t<\/dt><\/dl><br style=\"clear: both\" \/><dl class='gallery-item'>\n\t\t\t\t<dt class='gallery-icon landscape'>\n\t\t\t\t\t<a class=\"rollover rollover-zoom dt-pswp-item\" title=\"300190744_407291574820568_7756843231418092203_n\" data-dt-img-description=\"\" data-large_image_width=\"624\" data-large_image_height=\"403\"href='https:\/\/www.radiopiu.net\/wordpress\/wp-content\/uploads\/2022\/08\/300190744_407291574820568_7756843231418092203_n.jpg'><img loading=\"lazy\" decoding=\"async\" width=\"150\" height=\"150\" src=\"https:\/\/www.radiopiu.net\/wordpress\/wp-content\/uploads\/2022\/08\/300190744_407291574820568_7756843231418092203_n-150x150.jpg\" class=\"attachment-thumbnail size-thumbnail\" alt=\"\" \/><\/a>\n\t\t\t\t<\/dt><\/dl><dl class='gallery-item'>\n\t\t\t\t<dt class='gallery-icon landscape'>\n\t\t\t\t\t<a class=\"rollover rollover-zoom dt-pswp-item\" title=\"300064813_607942697578966_343311380409897671_n\" data-dt-img-description=\"\" data-large_image_width=\"587\" data-large_image_height=\"403\"href='https:\/\/www.radiopiu.net\/wordpress\/wp-content\/uploads\/2022\/08\/300064813_607942697578966_343311380409897671_n.jpg'><img loading=\"lazy\" decoding=\"async\" width=\"150\" height=\"150\" src=\"https:\/\/www.radiopiu.net\/wordpress\/wp-content\/uploads\/2022\/08\/300064813_607942697578966_343311380409897671_n-150x150.jpg\" class=\"attachment-thumbnail size-thumbnail\" alt=\"\" \/><\/a>\n\t\t\t\t<\/dt><\/dl><dl class='gallery-item'>\n\t\t\t\t<dt class='gallery-icon landscape'>\n\t\t\t\t\t<a class=\"rollover rollover-zoom dt-pswp-item\" title=\"300079664_1489696784794759_4318467990819106560_n\" data-dt-img-description=\"\" data-large_image_width=\"640\" data-large_image_height=\"401\"href='https:\/\/www.radiopiu.net\/wordpress\/wp-content\/uploads\/2022\/08\/300079664_1489696784794759_4318467990819106560_n.jpg'><img loading=\"lazy\" decoding=\"async\" width=\"150\" height=\"150\" src=\"https:\/\/www.radiopiu.net\/wordpress\/wp-content\/uploads\/2022\/08\/300079664_1489696784794759_4318467990819106560_n-150x150.jpg\" class=\"attachment-thumbnail size-thumbnail\" alt=\"\" \/><\/a>\n\t\t\t\t<\/dt><\/dl><dl class='gallery-item'>\n\t\t\t\t<dt class='gallery-icon landscape'>\n\t\t\t\t\t<a class=\"rollover rollover-zoom dt-pswp-item\" title=\"301037269_616860813298233_2143853692279980064_n\" data-dt-img-description=\"\" data-large_image_width=\"583\" data-large_image_height=\"403\"href='https:\/\/www.radiopiu.net\/wordpress\/wp-content\/uploads\/2022\/08\/301037269_616860813298233_2143853692279980064_n.jpg'><img loading=\"lazy\" decoding=\"async\" width=\"150\" height=\"150\" src=\"https:\/\/www.radiopiu.net\/wordpress\/wp-content\/uploads\/2022\/08\/301037269_616860813298233_2143853692279980064_n-150x150.jpg\" class=\"attachment-thumbnail size-thumbnail\" alt=\"\" \/><\/a>\n\t\t\t\t<\/dt><\/dl><br style=\"clear: both\" \/><dl class='gallery-item'>\n\t\t\t\t<dt class='gallery-icon portrait'>\n\t\t\t\t\t<a class=\"rollover rollover-zoom dt-pswp-item\" title=\"299749602_5154240194698212_475497329266033366_n\" data-dt-img-description=\"\" data-large_image_width=\"350\" data-large_image_height=\"400\"href='https:\/\/www.radiopiu.net\/wordpress\/wp-content\/uploads\/2022\/08\/299749602_5154240194698212_475497329266033366_n.jpg'><img loading=\"lazy\" decoding=\"async\" width=\"150\" height=\"150\" src=\"https:\/\/www.radiopiu.net\/wordpress\/wp-content\/uploads\/2022\/08\/299749602_5154240194698212_475497329266033366_n-150x150.jpg\" class=\"attachment-thumbnail size-thumbnail\" alt=\"\" \/><\/a>\n\t\t\t\t<\/dt><\/dl><dl class='gallery-item'>\n\t\t\t\t<dt class='gallery-icon landscape'>\n\t\t\t\t\t<a class=\"rollover rollover-zoom dt-pswp-item\" title=\"300417312_819764865826180_7916789924887276846_n\" data-dt-img-description=\"\" data-large_image_width=\"565\" data-large_image_height=\"403\"href='https:\/\/www.radiopiu.net\/wordpress\/wp-content\/uploads\/2022\/08\/300417312_819764865826180_7916789924887276846_n.jpg'><img loading=\"lazy\" decoding=\"async\" width=\"150\" height=\"150\" src=\"https:\/\/www.radiopiu.net\/wordpress\/wp-content\/uploads\/2022\/08\/300417312_819764865826180_7916789924887276846_n-150x150.jpg\" class=\"attachment-thumbnail size-thumbnail\" alt=\"\" \/><\/a>\n\t\t\t\t<\/dt><\/dl><dl class='gallery-item'>\n\t\t\t\t<dt class='gallery-icon portrait'>\n\t\t\t\t\t<a class=\"rollover rollover-zoom dt-pswp-item\" title=\"300084776_3203033293280656_6120203816522412576_n\" data-dt-img-description=\"\" data-large_image_width=\"332\" data-large_image_height=\"403\"href='https:\/\/www.radiopiu.net\/wordpress\/wp-content\/uploads\/2022\/08\/300084776_3203033293280656_6120203816522412576_n.jpg'><img loading=\"lazy\" decoding=\"async\" width=\"150\" height=\"150\" src=\"https:\/\/www.radiopiu.net\/wordpress\/wp-content\/uploads\/2022\/08\/300084776_3203033293280656_6120203816522412576_n-150x150.jpg\" class=\"attachment-thumbnail size-thumbnail\" alt=\"\" \/><\/a>\n\t\t\t\t<\/dt><\/dl><dl class='gallery-item'>\n\t\t\t\t<dt class='gallery-icon portrait'>\n\t\t\t\t\t<a class=\"rollover rollover-zoom dt-pswp-item\" title=\"300531405_435299535239251_1623102671875061779_n\" data-dt-img-description=\"\" data-large_image_width=\"320\" data-large_image_height=\"538\"href='https:\/\/www.radiopiu.net\/wordpress\/wp-content\/uploads\/2022\/08\/300531405_435299535239251_1623102671875061779_n.jpg'><img loading=\"lazy\" decoding=\"async\" width=\"150\" height=\"150\" src=\"https:\/\/www.radiopiu.net\/wordpress\/wp-content\/uploads\/2022\/08\/300531405_435299535239251_1623102671875061779_n-150x150.jpg\" class=\"attachment-thumbnail size-thumbnail\" alt=\"\" \/><\/a>\n\t\t\t\t<\/dt><\/dl><br style=\"clear: both\" \/><dl class='gallery-item'>\n\t\t\t\t<dt class='gallery-icon portrait'>\n\t\t\t\t\t<a class=\"rollover rollover-zoom dt-pswp-item\" title=\"300260243_1262303434514764_3979008873394007607_n\" data-dt-img-description=\"\" data-large_image_width=\"320\" data-large_image_height=\"526\"href='https:\/\/www.radiopiu.net\/wordpress\/wp-content\/uploads\/2022\/08\/300260243_1262303434514764_3979008873394007607_n.jpg'><img loading=\"lazy\" decoding=\"async\" width=\"150\" height=\"150\" src=\"https:\/\/www.radiopiu.net\/wordpress\/wp-content\/uploads\/2022\/08\/300260243_1262303434514764_3979008873394007607_n-150x150.jpg\" class=\"attachment-thumbnail size-thumbnail\" alt=\"\" \/><\/a>\n\t\t\t\t<\/dt><\/dl><dl class='gallery-item'>\n\t\t\t\t<dt class='gallery-icon landscape'>\n\t\t\t\t\t<a class=\"rollover rollover-zoom dt-pswp-item\" title=\"300908766_607966984197225_4329154964992450421_n\" data-dt-img-description=\"\" data-large_image_width=\"658\" data-large_image_height=\"403\"href='https:\/\/www.radiopiu.net\/wordpress\/wp-content\/uploads\/2022\/08\/300908766_607966984197225_4329154964992450421_n.jpg'><img loading=\"lazy\" decoding=\"async\" width=\"150\" height=\"150\" src=\"https:\/\/www.radiopiu.net\/wordpress\/wp-content\/uploads\/2022\/08\/300908766_607966984197225_4329154964992450421_n-150x150.jpg\" class=\"attachment-thumbnail size-thumbnail\" alt=\"\" \/><\/a>\n\t\t\t\t<\/dt><\/dl><dl class='gallery-item'>\n\t\t\t\t<dt class='gallery-icon landscape'>\n\t\t\t\t\t<a class=\"rollover rollover-zoom dt-pswp-item\" title=\"301409118_1235855610508057_3978967075870969021_n\" data-dt-img-description=\"\" data-large_image_width=\"570\" data-large_image_height=\"403\"href='https:\/\/www.radiopiu.net\/wordpress\/wp-content\/uploads\/2022\/08\/301409118_1235855610508057_3978967075870969021_n.jpg'><img loading=\"lazy\" decoding=\"async\" width=\"150\" height=\"150\" src=\"https:\/\/www.radiopiu.net\/wordpress\/wp-content\/uploads\/2022\/08\/301409118_1235855610508057_3978967075870969021_n-150x150.jpg\" class=\"attachment-thumbnail size-thumbnail\" alt=\"\" \/><\/a>\n\t\t\t\t<\/dt><\/dl><dl class='gallery-item'>\n\t\t\t\t<dt class='gallery-icon portrait'>\n\t\t\t\t\t<a class=\"rollover rollover-zoom dt-pswp-item\" title=\"300631054_796170298187952_6208443089108151099_n\" data-dt-img-description=\"\" data-large_image_width=\"150\" data-large_image_height=\"178\"href='https:\/\/www.radiopiu.net\/wordpress\/wp-content\/uploads\/2022\/08\/300631054_796170298187952_6208443089108151099_n.jpg'><img loading=\"lazy\" decoding=\"async\" width=\"150\" height=\"150\" src=\"https:\/\/www.radiopiu.net\/wordpress\/wp-content\/uploads\/2022\/08\/300631054_796170298187952_6208443089108151099_n-150x150.jpg\" class=\"attachment-thumbnail size-thumbnail\" alt=\"\" \/><\/a>\n\t\t\t\t<\/dt><\/dl><br style=\"clear: both\" \/>\n\t\t\t<\/div>\n\n<p>&nbsp;<\/p>\n<p>NELLE FOTO (riproduzioni dal libro \u201cBeato Giovanni Paolo I &#8211; La speranza che nasce dall\u2019umilt\u00e0\u201d): la copertina della pubblicazione: Papa Luciani sorridente; ingresso in seminario a Belluno per Albino Luciani (secondo da sinistra in prima fila); foto-ricordo in occasione della prima messa di \u201cdon Albino\u201d a Canale d\u2019Agordo l\u20198 luglio 1935; vice rettore del Seminario Gregoriano di Belluno (ultimo seduto a destra), al centro il vescovo Cattarossi che lo aveva ordinato sacerdote; vicario generale della Diocesi di Belluno, partecipa all\u2019inaugurazione della scuola elementare di Borgo Pra il 22 settembre 1958; basilica di San Pietro in Vaticano, 27 dicembre 1958: Papas Giovanni XXIII consacra Vescovo mons. Luciani (il quinto da sinistra); cittadinanza onoraria di Vittorio Veneto conferita al Vescovo bellunese; il cardinale Luciani riceve la berretta cardinalizia da Papa Paolo VI; il neo eletto Pontefice; primi incontri subito dopo l\u2019elezione; la foto ufficiale del nuovo Papa; Giovanni Paolo I con il cardinale Villot, segretario di Stato; caratteristica di Papa Luciani era chiamare a s\u00e9 i bambini \u201cper aiutare il Papa\u201d; il segretario di Luciani, mons. John Magee in preghiera accanto alla salma del Pontefice nella Sala Clementina; l\u2019autore del libro, monsignor Giorgio Lise.<\/p>\n<p>&nbsp;<\/p>\n<p>&nbsp;<\/p>\n<hr \/>\n<p>&nbsp;<\/p>\n<h2><span style=\"color: #ff0000;\">IERI ALLA RADIO<\/span><\/h2>\n<h2><strong><a class=\"dt-pswp-item\" href=\"https:\/\/www.radiopiu.net\/wordpress\/wp-content\/uploads\/2020\/12\/DON-GIORGIO-LISE.jpg\" data-dt-img-description=\"\" data-large_image_width=\"1600\" data-large_image_height=\"901\"><img loading=\"lazy\" decoding=\"async\" class=\"size-thumbnail wp-image-177420 alignleft\" src=\"https:\/\/www.radiopiu.net\/wordpress\/wp-content\/uploads\/2020\/12\/DON-GIORGIO-LISE-150x150.jpg\" alt=\"\" width=\"150\" height=\"150\" \/><\/a><\/strong><span style=\"color: #800080;\">DUE MINUTI PER TE<\/span><\/h2>\n<p><strong>APPUNTAMENTO DELLA DOMENICA CON MONSIGNOR GIORGIO LISE<\/strong><\/p>\n<audio class=\"wp-audio-shortcode\" id=\"audio-294834-3\" preload=\"none\" style=\"width: 100%;\" controls=\"controls\"><source type=\"audio\/mpeg\" src=\"https:\/\/www.radiopiu.net\/wordpress\/wp-content\/uploads\/2022\/08\/DON-GIORGIO-3.mp3?_=3\" \/><a href=\"https:\/\/www.radiopiu.net\/wordpress\/wp-content\/uploads\/2022\/08\/DON-GIORGIO-3.mp3\">https:\/\/www.radiopiu.net\/wordpress\/wp-content\/uploads\/2022\/08\/DON-GIORGIO-3.mp3<\/a><\/audio>\n<p>&nbsp;<\/p>\n<hr \/>\n<p>&nbsp;<\/p>\n<div>\n<div class=\"b654a4as d2edcug0\">\n<div class=\"rq0escxv hkbzh7o3 jwdofwj8 n8tt0mok r8blr3vg hyh9befq\">\n<p><a class=\"dt-pswp-item\" href=\"https:\/\/www.radiopiu.net\/wordpress\/wp-content\/uploads\/2020\/10\/pp.jpg\" data-dt-img-description=\"\" data-large_image_width=\"640\" data-large_image_height=\"640\"><img loading=\"lazy\" decoding=\"async\" class=\"wp-image-163678 alignleft\" src=\"https:\/\/www.radiopiu.net\/wordpress\/wp-content\/uploads\/2020\/10\/pp-300x300.jpg\" alt=\"\" width=\"106\" height=\"106\" srcset=\"https:\/\/www.radiopiu.net\/wordpress\/wp-content\/uploads\/2020\/10\/pp-300x300.jpg 300w, https:\/\/www.radiopiu.net\/wordpress\/wp-content\/uploads\/2020\/10\/pp-150x150.jpg 150w, https:\/\/www.radiopiu.net\/wordpress\/wp-content\/uploads\/2020\/10\/pp-125x125.jpg 125w, https:\/\/www.radiopiu.net\/wordpress\/wp-content\/uploads\/2020\/10\/pp-200x200.jpg 200w, https:\/\/www.radiopiu.net\/wordpress\/wp-content\/uploads\/2020\/10\/pp-80x80.jpg 80w, https:\/\/www.radiopiu.net\/wordpress\/wp-content\/uploads\/2020\/10\/pp-480x480.jpg 480w, https:\/\/www.radiopiu.net\/wordpress\/wp-content\/uploads\/2020\/10\/pp.jpg 640w\" sizes=\"auto, (max-width: 106px) 100vw, 106px\" \/><\/a><\/p>\n<\/div>\n<\/div>\n<\/div>\n<div>\n<div class=\"page-title-head hgroup\">\n<div class=\"page-title-head hgroup\">\n<div class=\"b654a4as d2edcug0\">\n<div class=\"j83agx80 btwxx1t3 lhclo0ds hop8lmos nkwizq5d scwd0bx6 roh60bw9\">\n<div class=\"rq0escxv hkbzh7o3 jwdofwj8 n8tt0mok r8blr3vg hyh9befq\">\n<div class=\"do00u71z l9j0dhe7 k4urcfbm\">\n<h2><span style=\"color: #000080;\">DON CESARE, IL PENSIERO DEL GIORNO. ALLA RADIO ALLE 7 DEL MATTINO E ALLE 19.30 DELLA SERA.\u00a0<\/span><\/h2>\n<\/div>\n<\/div>\n<\/div>\n<\/div>\n<\/div>\n<\/div>\n<\/div>\n<div class=\"do00u71z l9j0dhe7 k4urcfbm\">\n<div class=\"page-title-head hgroup\">\n<div class=\"page-title-head hgroup\">\n<div class=\"b654a4as d2edcug0\">\n<div class=\"j83agx80 btwxx1t3 lhclo0ds hop8lmos nkwizq5d scwd0bx6 roh60bw9\">\n<div class=\"rq0escxv hkbzh7o3 jwdofwj8 n8tt0mok r8blr3vg hyh9befq\">\n<div class=\"do00u71z l9j0dhe7 k4urcfbm\">\n<div class=\"page-title-head hgroup\">\n<div class=\"page-title-head hgroup\">\n<div class=\"b654a4as d2edcug0\">\n<div class=\"j83agx80 btwxx1t3 lhclo0ds hop8lmos nkwizq5d scwd0bx6 roh60bw9\">\n<div class=\"rq0escxv hkbzh7o3 jwdofwj8 n8tt0mok r8blr3vg hyh9befq\">\n<div class=\"do00u71z l9j0dhe7 k4urcfbm\">\n<div class=\"ecm0bbzt e5nlhep0 a8c37x1j\">\n<div class=\"kvgmc6g5 cxmmr5t8 oygrvhab hcukyx3x c1et5uql\">\n<div class=\"gmail-kvgmc6g5 gmail-cxmmr5t8 gmail-oygrvhab gmail-hcukyx3x gmail-c1et5uql gmail-ii04i59q\">\n<div class=\"page-title-head hgroup\">\n<div class=\"page-title-head hgroup\">\n<div class=\"b654a4as d2edcug0\">\n<div class=\"j83agx80 btwxx1t3 lhclo0ds hop8lmos nkwizq5d scwd0bx6 roh60bw9\">\n<div class=\"rq0escxv hkbzh7o3 jwdofwj8 n8tt0mok r8blr3vg hyh9befq\">\n<div class=\"do00u71z l9j0dhe7 k4urcfbm\">\n<div class=\"page-title-head hgroup\">\n<div class=\"page-title-head hgroup\">\n<div class=\"b654a4as d2edcug0\">\n<div class=\"j83agx80 btwxx1t3 lhclo0ds hop8lmos nkwizq5d scwd0bx6 roh60bw9\">\n<div class=\"rq0escxv hkbzh7o3 jwdofwj8 n8tt0mok r8blr3vg hyh9befq\">\n<div class=\"do00u71z l9j0dhe7 k4urcfbm\">\n<div class=\"page-title-head hgroup\">\n<div class=\"page-title-head hgroup\">\n<div class=\"b654a4as d2edcug0\">\n<div class=\"j83agx80 btwxx1t3 lhclo0ds hop8lmos nkwizq5d scwd0bx6 roh60bw9\">\n<div class=\"rq0escxv hkbzh7o3 jwdofwj8 n8tt0mok r8blr3vg hyh9befq\">\n<div class=\"do00u71z l9j0dhe7 k4urcfbm\">\n<div class=\"ecm0bbzt e5nlhep0 a8c37x1j\">\n<div class=\"kvgmc6g5 cxmmr5t8 oygrvhab hcukyx3x c1et5uql\">\n<div class=\"gmail-kvgmc6g5 gmail-cxmmr5t8 gmail-oygrvhab gmail-hcukyx3x gmail-c1et5uql gmail-ii04i59q\">\n<div class=\"page-title-head hgroup\">\n<div class=\"page-title-head hgroup\">\n<div class=\"b654a4as d2edcug0\">\n<div class=\"j83agx80 btwxx1t3 lhclo0ds hop8lmos nkwizq5d scwd0bx6 roh60bw9\">\n<div class=\"rq0escxv hkbzh7o3 jwdofwj8 n8tt0mok r8blr3vg hyh9befq\">\n<div class=\"do00u71z l9j0dhe7 k4urcfbm\">\n<audio class=\"wp-audio-shortcode\" id=\"audio-294834-4\" preload=\"none\" style=\"width: 100%;\" controls=\"controls\"><source type=\"audio\/mpeg\" src=\"https:\/\/www.radiopiu.net\/wordpress\/wp-content\/uploads\/2022\/08\/CESARE-20.mp3?_=4\" \/><a href=\"https:\/\/www.radiopiu.net\/wordpress\/wp-content\/uploads\/2022\/08\/CESARE-20.mp3\">https:\/\/www.radiopiu.net\/wordpress\/wp-content\/uploads\/2022\/08\/CESARE-20.mp3<\/a><\/audio>\n<p>&nbsp;<\/p>\n<p>&nbsp;<\/p>\n<hr \/>\n<p>&nbsp;<\/p>\n<p><span style=\"color: #0000ff;\">MUSICA PIU&#8217;\u00a0<\/span><\/p>\n<p><a href=\"https:\/\/www.radiopiu.net\/wordpress\/giornale-radiopiu-20-settembre-2021-direttore-mirko-mezzacasa\/pp-79\/\" rel=\"attachment wp-att-232921\"><img loading=\"lazy\" decoding=\"async\" class=\"wp-image-232921 alignleft\" src=\"https:\/\/www.radiopiu.net\/wordpress\/wp-content\/uploads\/2021\/09\/pp-1-300x300.jpg\" alt=\"\" width=\"135\" height=\"135\" srcset=\"https:\/\/www.radiopiu.net\/wordpress\/wp-content\/uploads\/2021\/09\/pp-1-300x300.jpg 300w, https:\/\/www.radiopiu.net\/wordpress\/wp-content\/uploads\/2021\/09\/pp-1-150x150.jpg 150w, https:\/\/www.radiopiu.net\/wordpress\/wp-content\/uploads\/2021\/09\/pp-1.jpg 640w\" sizes=\"auto, (max-width: 135px) 100vw, 135px\" \/><\/a><\/p>\n<div class=\"mkdf-post-text\">\n<div class=\"mkdf-post-text-inner\">\n<div class=\"mkdf-post-text-main\">\n<div class=\"mkdf-post-text\">\n<div class=\"mkdf-post-text-inner\">\n<div class=\"mkdf-post-text-main\">\n<div class=\"mkdf-post-text\">\n<div class=\"mkdf-post-text-inner\">\n<div class=\"mkdf-post-text-main\">\n<div class=\"page-title-head hgroup\">\n<div class=\"page-title-head hgroup\">\n<div class=\"mkdf-post-text\">\n<div class=\"mkdf-post-text-inner\">\n<div class=\"mkdf-post-text-main\">\n<div class=\"mkdf-post-text\">\n<div class=\"mkdf-post-text-inner\">\n<div class=\"mkdf-post-text-main\">\n<div class=\"page-title-head hgroup\">\n<div class=\"page-title-head hgroup\">\n<div class=\"page-title-head hgroup\">\n<div class=\"page-title-head hgroup\">\n<div class=\"b654a4as d2edcug0\">\n<div class=\"page-title-head hgroup\">\n<div class=\"page-title-head hgroup\">\n<div class=\"page-title-head hgroup\">\n<div class=\"page-title-head hgroup\">\n<div class=\"b654a4as d2edcug0\">\n<div class=\"page-title-head hgroup\">\n<div class=\"page-title-head hgroup\">\n<div class=\"page-title-head hgroup\">\n<div class=\"page-title-head hgroup\">\n<div class=\"b654a4as d2edcug0\">\n<div class=\"mkdf-post-text\">\n<div class=\"mkdf-post-text-inner\">\n<div class=\"mkdf-post-text-main\">\n<div class=\"mkdf-post-text\">\n<div class=\"mkdf-post-text-inner\">\n<div class=\"mkdf-post-text-main\">\n<div class=\"mkdf-post-text\">\n<div class=\"mkdf-post-text-inner\">\n<div class=\"mkdf-post-text-main\">\n<div class=\"page-title-head hgroup\">\n<div class=\"page-title-head hgroup\">\n<div class=\"mkdf-post-text\">\n<div class=\"mkdf-post-text-inner\">\n<div class=\"mkdf-post-text-main\">\n<div class=\"mkdf-post-text\">\n<div class=\"mkdf-post-text-inner\">\n<div class=\"mkdf-post-text-main\">\n<div class=\"page-title-head hgroup\">\n<div class=\"page-title-head hgroup\">\n<div class=\"page-title-head hgroup\">\n<div class=\"page-title-head hgroup\">\n<div class=\"b654a4as d2edcug0\">\n<div class=\"page-title-head hgroup\">\n<div class=\"page-title-head hgroup\">\n<div class=\"page-title-head hgroup\">\n<div class=\"page-title-head hgroup\">\n<div class=\"b654a4as d2edcug0\">\n<div class=\"page-title-head hgroup\">\n<div class=\"page-title-head hgroup\">\n<div class=\"page-title-head hgroup\">\n<div class=\"page-title-head hgroup\">\n<div class=\"b654a4as d2edcug0\">\n<div><\/div>\n<div><\/div>\n<div>\n<p><strong>MUSICA ALLA RADIO, IL PROGRAMMA DI LORIS SCUSSEL &#8220;COLLAGE OPERAZIONE NOSTALGIA&#8221; DAL LUNEDI AL VENERDI ALLE 16.00\u00a0 E ALLE 23\u00a0<\/strong><\/p>\n<\/div>\n<\/div>\n<p>&nbsp;<\/p>\n<\/div>\n<\/div>\n<\/div>\n<\/div>\n<\/div>\n<\/div>\n<\/div>\n<\/div>\n<\/div>\n<\/div>\n<\/div>\n<\/div>\n<\/div>\n<\/div>\n<\/div>\n<\/div>\n<\/div>\n<\/div>\n<\/div>\n<\/div>\n<\/div>\n<\/div>\n<\/div>\n<\/div>\n<\/div>\n<\/div>\n<\/div>\n<\/div>\n<\/div>\n<\/div>\n<\/div>\n<\/div>\n<\/div>\n<\/div>\n<\/div>\n<\/div>\n<\/div>\n<\/div>\n<\/div>\n<\/div>\n<\/div>\n<\/div>\n<\/div>\n<\/div>\n<\/div>\n<\/div>\n<\/div>\n<\/div>\n<\/div>\n<\/div>\n<\/div>\n<\/div>\n<\/div>\n<\/div>\n<\/div>\n<\/div>\n<\/div>\n<\/div>\n<\/div>\n<\/div>\n<\/div>\n<\/div>\n<\/div>\n<div>\n<div class=\"page-title-head hgroup\">\n<div class=\"page-title-head hgroup\">\n<div class=\"page-title-head hgroup\">\n<div class=\"page-title-head hgroup\">\n<div class=\"b654a4as d2edcug0\">\n<div class=\"page-title-head hgroup\">\n<div class=\"page-title-head hgroup\">\n<div class=\"page-title-head hgroup\">\n<div class=\"page-title-head hgroup\">\n<div class=\"b654a4as d2edcug0\">\n<div class=\"page-title-head hgroup\">\n<div class=\"page-title-head hgroup\">\n<div class=\"page-title-head hgroup\">\n<div class=\"page-title-head hgroup\">\n<div class=\"page-title-head hgroup\">\n<div class=\"page-title-head hgroup\">\n<div class=\"page-title-head hgroup\">\n<div class=\"page-title-head hgroup\">\n<div class=\"page-title-head hgroup\">\n<div class=\"b654a4as d2edcug0\">\n<div class=\"page-title-head hgroup\">\n<div class=\"page-title-head hgroup\">\n<div class=\"page-title-head hgroup\">\n<div class=\"page-title-head hgroup\">\n<div class=\"b654a4as d2edcug0\">\n<div class=\"page-title-head hgroup\">\n<div class=\"page-title-head hgroup\">\n<div class=\"page-title-head hgroup\">\n<div class=\"page-title-head hgroup\">\n<div class=\"page-title-head hgroup\">\n<div class=\"mkdf-post-text\">\n<div class=\"mkdf-post-text-inner\">\n<div class=\"mkdf-post-text-main\">\n<div class=\"mkdf-post-text\">\n<div class=\"mkdf-post-text-inner\">\n<div class=\"mkdf-post-text-main\">\n<div class=\"mkdf-post-text\">\n<div class=\"mkdf-post-text-inner\">\n<div class=\"mkdf-post-text-main\">\n<div class=\"page-title-head hgroup\">\n<div class=\"page-title-head hgroup\">\n<div class=\"mkdf-post-text\">\n<div class=\"mkdf-post-text-inner\">\n<div class=\"mkdf-post-text-main\">\n<div class=\"mkdf-post-text\">\n<div class=\"mkdf-post-text-inner\">\n<div class=\"mkdf-post-text-main\">\n<div class=\"page-title-head hgroup\">\n<div class=\"page-title-head hgroup\">\n<div class=\"page-title-head hgroup\">\n<div class=\"page-title-head hgroup\">\n<div class=\"b654a4as d2edcug0\">\n<div class=\"page-title-head hgroup\">\n<div class=\"page-title-head hgroup\">\n<div class=\"page-title-head hgroup\">\n<div class=\"page-title-head hgroup\">\n<div class=\"b654a4as d2edcug0\">\n<div class=\"page-title-head hgroup\">\n<div class=\"page-title-head hgroup\">\n<div class=\"page-title-head hgroup\">\n<p>&nbsp;<\/p>\n<p>&nbsp;<\/p>\n<p><strong><a class=\"dt-pswp-item\" href=\"https:\/\/www.radiopiu.net\/wordpress\/wp-content\/uploads\/2022\/08\/rivanazionale2.jpg\" data-dt-img-description=\"\" data-large_image_width=\"630\" data-large_image_height=\"354\"><img loading=\"lazy\" decoding=\"async\" class=\" wp-image-294881 alignleft\" src=\"https:\/\/www.radiopiu.net\/wordpress\/wp-content\/uploads\/2022\/08\/rivanazionale2-150x150.jpg\" alt=\"\" width=\"126\" height=\"126\" \/><\/a>di Loris Scussel<\/strong><\/p>\n<p>Collage operazione nostalgia si apre con un omaggio musicale ad alcuni personaggi mitici dello sport partendo da una proposta del cantautore sardo Piero Marras che ha scritto \u201cQuando Gigi Riva torner\u00e0\u201d una piccola favola in musica. La settimana proseguir\u00e0 con la consueta alternanza tra musica italiana ed internazionale con una puntata dedicata agli amici ed un\u2019altra alla musica dal vivo perch\u00e9 come dice anche il grande Renzo Arbore \u201cMeglio dal vivo che dal morto\u201d. Collage va in onda dal luned\u00ec al venerd\u00ec alle 16,00 e alle 23,00 naturalmente su RadioPi\u00f9<\/p>\n<p>&nbsp;<\/p>\n<p>&nbsp;<\/p>\n<hr \/>\n<p>&nbsp;<\/p>\n<p><a class=\"dt-pswp-item\" href=\"https:\/\/www.radiopiu.net\/wordpress\/wp-content\/uploads\/2018\/09\/WhatsApp-Image-2018-09-20-at-16.04.06.jpeg\" data-dt-img-description=\"\" data-large_image_width=\"800\" data-large_image_height=\"100\"><img loading=\"lazy\" decoding=\"async\" class=\"aligncenter wp-image-61378 size-full\" src=\"https:\/\/www.radiopiu.net\/wordpress\/wp-content\/uploads\/2018\/09\/WhatsApp-Image-2018-09-20-at-16.04.06.jpeg\" alt=\"\" width=\"800\" height=\"100\" srcset=\"https:\/\/www.radiopiu.net\/wordpress\/wp-content\/uploads\/2018\/09\/WhatsApp-Image-2018-09-20-at-16.04.06.jpeg 800w, https:\/\/www.radiopiu.net\/wordpress\/wp-content\/uploads\/2018\/09\/WhatsApp-Image-2018-09-20-at-16.04.06-300x38.jpeg 300w, https:\/\/www.radiopiu.net\/wordpress\/wp-content\/uploads\/2018\/09\/WhatsApp-Image-2018-09-20-at-16.04.06-768x96.jpeg 768w\" sizes=\"auto, (max-width: 800px) 100vw, 800px\" \/><\/a><\/p>\n<p>&nbsp;<\/p>\n<p><center><b>Lunedi 29<\/b><\/center><b>Tempo atteso: <\/b>Tempo in parziale miglioramento con sole temporaneamente velato da sottili nubi alte al mattino. Nel corso del pomeriggio parziale riduzione del soleggiamento per sviluppo di una irregolare attivit\u00e0 cumuliforme, localmente associata a qualche rovescio o piovasco, ma su alcuni settori la situazione non andr\u00e0 a degradarsi fino a risultare instabile. La maggiore presenza del sole favorir\u00e0 il ritorno di una certa mitezza diurna nelle valli.<br \/>\n<b>Precipitazioni: <\/b>Al mattino assenti (0%). Al pomeriggio probabilit\u00e0 media di qualche rovescio o singolo temporale (40-50%). Tale rischio sar\u00e0 minore sulle Dolomiti (20-30%). Approti perlopi\u00f9 modesti, perlopi\u00f9 compresi tra 1-5 mm.<br \/>\n<b>Temperature: <\/b>Minime senza variazioni di rilievo e massime in leggera ripresa. Previste punte di 25\/27\u00b0C nei fondovalle prealpini e di 20\/23\u00b0C a 1000-1200 m. Su Prealpi a 1500 m min 11\u00b0C, max 16\u00b0C; a 2000 m min 9\u00b0C, max 13\u00b0C. Su Dolomiti a 2000 m min 9\u00b0C, max 13\u00b0C; a 3000 m min 3\u00b0C, max 5\u00b0C.<br \/>\n<b>Venti: <\/b>Nelle valli deboli a regime di brezza, a tratti e localmente moderati durante le ore pi\u00f9 calde; in quota deboli da nord-ovest, a 5-10 km\/h sia a 2000 m che a 3000 m.<\/p>\n<hr \/>\n<p><center><b>Martedi 30<\/b><\/center><b>Tempo atteso: <\/b>Al mattino ben soleggiato con cielo sereno, salvo effimeri nubi basse mattutine in Valbelluna, in rapido diradamento. Al pomeriggio parziale riduzione del soleggiamento per attivit\u00e0 cumuliforme irregolare, in alcuni casi associata a fenomeni convettivi di limitata estensione spazio-temporale, tant&#8217;\u00e8 che su alcuni settori non piover\u00e0 affatto. Conservazione della mitezza gi\u00e0 osservata luned\u00ec per i valori termici diurni.<br \/>\n<b>Precipitazioni: <\/b>Al mattino assenti (0%). Al pomeriggio probabilit\u00e0 media di qualche rovescio o singolo temporale (40-60%), non escluso che tale probabilit\u00e0 sia minore sulle Dolomiti per presenza di aria meno umida (20-40%).<br \/>\n<b>Temperature: <\/b>Minime e massime pressoch\u00e9 stazionarie rispetto a luned\u00ec. Su Prealpi a 1500 m min 11\u00b0C, max 16\u00b0C; a 2000 m min 9\u00b0C, max 13\u00b0C. Su Dolomiti a 2000 m min 9\u00b0C, max 13\u00b0C; a 3000 m min 4\u00b0C, max 5\u00b0C.<br \/>\n<b>Venti: <\/b>Nelle valli deboli a regime di brezza, a tratti e localmente moderati in alcuni settori, specie nelle ore pi\u00f9 calde; in quota deboli da nord al mattino, poi moderati meridionali, a 5-10 km\/h a 2000 m e 5-15 km\/h a 3000 m.<\/p>\n<hr \/>\n<p><center><b>Mercoledi 31<\/b><\/center>Cielo nuvoloso o molto nuvoloso con probabile rapido peggioramento del tempo, gi\u00e0 nelle prime ore del giorno, anche prima sulle Prealpi. Fase instabile o in parte perturbata che tender\u00e0 a esaurirsi nel corso del pomeriggio, con successivo diradamento della nuvolosit\u00e0. Non escluso il ritorno della neve sulle cime dolomitiche pi\u00f9 alte Temperature in generale diminuzione, con minime osservate alla sera in quota. Nelle valli venti deboli di direzione variabile, con locali temporanei rinforzi; in quota deboli da sud-ovest al mattino, in rotazione dai quadranti settentrionali al pomeriggio\/sera, assieme a lievi rinforzi.<\/p>\n<hr \/>\n<p><center><b>Giovedi 1<\/b><\/center>Sole e qualche banco di nubi alte al mattino, al pomeriggio parziale riduzione del soleggiamento per contenuto aumento della nuvolosit\u00e0, anche di tipo cumuliforme, ma il rischio di fenomeni sar\u00e0 pi\u00f9 contenuto rispetto ai giorni precedenti. Temperature minime in calo, massime in leggera ripresa grazie al maggiore soleggiamento. Nelle valli venti deboli per brezze, localmente e a tratti moderati, specie durante le ore pi\u00f9 calde; in quota deboli da nord-ovest, a tratti moderati sulle vette pi\u00f9 alte. Previsore: R.L.Th.<\/p>\n<p>&nbsp;<\/p>\n<hr \/>\n<p>&nbsp;<\/p>\n<p><a href=\"https:\/\/www.radiopiu.net\/wordpress\/giornale-radiopiu-26-settembre-2018-direttore-mirko-mezzacasa\/viabilita-2\/\" rel=\"attachment wp-att-61954\"><img loading=\"lazy\" decoding=\"async\" class=\"aligncenter wp-image-61954 size-full\" src=\"https:\/\/www.radiopiu.net\/wordpress\/wp-content\/uploads\/2018\/09\/viabilita.jpeg\" sizes=\"auto, (max-width: 800px) 100vw, 800px\" srcset=\"https:\/\/www.radiopiu.net\/wordpress\/wp-content\/uploads\/2018\/09\/viabilita.jpeg 800w, https:\/\/www.radiopiu.net\/wordpress\/wp-content\/uploads\/2018\/09\/viabilita-300x38.jpeg 300w, https:\/\/www.radiopiu.net\/wordpress\/wp-content\/uploads\/2018\/09\/viabilita-768x96.jpeg 768w\" alt=\"\" width=\"800\" height=\"100\" \/><\/a><\/p>\n<blockquote>\n<h3><\/h3>\n<h3>GALLERIA DI SEGUSINO CHIUSA PER 4 MESI<\/h3>\n<\/blockquote>\n<p><strong><a class=\"dt-pswp-item\" href=\"https:\/\/www.radiopiu.net\/wordpress\/wp-content\/uploads\/2020\/05\/VENETO-STRADE.png\" data-dt-img-description=\"\" data-large_image_width=\"400\" data-large_image_height=\"400\"><img loading=\"lazy\" decoding=\"async\" class=\" wp-image-135574 alignleft\" src=\"https:\/\/www.radiopiu.net\/wordpress\/wp-content\/uploads\/2020\/05\/VENETO-STRADE-150x150.png\" alt=\"\" width=\"102\" height=\"102\" srcset=\"https:\/\/www.radiopiu.net\/wordpress\/wp-content\/uploads\/2020\/05\/VENETO-STRADE-150x150.png 150w, https:\/\/www.radiopiu.net\/wordpress\/wp-content\/uploads\/2020\/05\/VENETO-STRADE-300x300.png 300w, https:\/\/www.radiopiu.net\/wordpress\/wp-content\/uploads\/2020\/05\/VENETO-STRADE.png 400w\" sizes=\"auto, (max-width: 102px) 100vw, 102px\" \/><\/a><\/strong><\/p>\n<p><strong>SEGUSINO<\/strong> Fino al 4 novembre, compresi sabati domeniche e festivi infrasettimanali, un&#8217;interdizione totale al transito per l&#8217;intera tratta della galleria di Segusino in seguito a dei lavori per messa in sicurezza della condotta acquedottistica<\/p>\n<p><strong>RIVAMONTE<\/strong> Veneto Strade comunica che lungo la SP 3 della Valle Imperina, a Gona di Conedera \u00e8\u00a0 istituito un senso unico alternato regolato da semaforo fino al 29 agosto compresi sabato domenica e festivi. Senso unico necessario per consentire i lavori di consolidamento della strada.<\/p>\n<blockquote class=\"wp-embedded-content\" data-secret=\"OLzLxpzJ8z\"><p><a href=\"https:\/\/www.radiopiu.net\/wordpress\/viabilita\/\">viabilita<\/a><\/p><\/blockquote>\n<p><iframe loading=\"lazy\" class=\"wp-embedded-content\" sandbox=\"allow-scripts\" security=\"restricted\" style=\"position: absolute; clip: rect(1px, 1px, 1px, 1px);\" title=\"&#8220;viabilita&#8221; &#8212; Radio Pi\u00f9\" src=\"https:\/\/www.radiopiu.net\/wordpress\/viabilita\/embed\/#?secret=Zts8fbvtLs#?secret=OLzLxpzJ8z\" data-secret=\"OLzLxpzJ8z\" width=\"600\" height=\"338\" frameborder=\"0\" marginwidth=\"0\" marginheight=\"0\" scrolling=\"no\"><\/iframe><\/p>\n<p>&nbsp;<\/p>\n<hr \/>\n<p>&nbsp;<\/p>\n<p>&nbsp;<\/p>\n<p><img loading=\"lazy\" decoding=\"async\" class=\"wp-image-60761 size-full aligncenter\" src=\"https:\/\/www.radiopiu.net\/wordpress\/wp-content\/uploads\/2018\/09\/sport.jpg\" alt=\"\" width=\"800\" height=\"100\" srcset=\"https:\/\/www.radiopiu.net\/wordpress\/wp-content\/uploads\/2018\/09\/sport.jpg 800w, https:\/\/www.radiopiu.net\/wordpress\/wp-content\/uploads\/2018\/09\/sport-300x38.jpg 300w, https:\/\/www.radiopiu.net\/wordpress\/wp-content\/uploads\/2018\/09\/sport-768x96.jpg 768w\" sizes=\"auto, (max-width: 800px) 100vw, 800px\" \/><\/p>\n<\/div>\n<\/div>\n<\/div>\n<div class=\"page-title-head hgroup\">\n<div class=\"page-title-head hgroup\">\n<p>&nbsp;<\/p>\n<p><span style=\"color: #0000ff;\"><strong>CALCIO<\/strong><\/span><\/p>\n<blockquote>\n<h3>PARTE CON UNA SCONFITTA IN COPPA LA STAGIONE DELL&#8217;AGORDINA<\/h3>\n<\/blockquote>\n<p><strong><a class=\"dt-pswp-item\" href=\"https:\/\/www.radiopiu.net\/wordpress\/wp-content\/uploads\/2019\/09\/AGORDINA-CALCIO.jpeg\" data-dt-img-description=\"\" data-large_image_width=\"225\" data-large_image_height=\"225\"><img loading=\"lazy\" decoding=\"async\" class=\" wp-image-97575 alignleft\" src=\"https:\/\/www.radiopiu.net\/wordpress\/wp-content\/uploads\/2019\/09\/AGORDINA-CALCIO-150x150.jpeg\" alt=\"\" width=\"99\" height=\"99\" srcset=\"https:\/\/www.radiopiu.net\/wordpress\/wp-content\/uploads\/2019\/09\/AGORDINA-CALCIO-150x150.jpeg 150w, https:\/\/www.radiopiu.net\/wordpress\/wp-content\/uploads\/2019\/09\/AGORDINA-CALCIO.jpeg 225w\" sizes=\"auto, (max-width: 99px) 100vw, 99px\" \/><\/a>AGORDO<\/strong> Prima partita ufficiale per l&#8217;Agordina di Marco Lorenzi e prima sconfitta. Inizia in salita la Coppa Veneto per la compagine di Agordo che perde in trasferta contro il Sois per 3 a 0. Un risultato che non rispecchia ci\u00f2 che si \u00e8 visto in campo, infatti a fare la partita \u00e8 stata l&#8217;Agordina che per\u00f2 non ha saputo sfruttare le occasioni arrivate. Pi\u00f9 cinico il Sois che sblocca il risultato e poi dilaga. Ora due partite in casa per la formazione agordina che nelle prossime due domeniche ospiter\u00e0 all&#8217;Ivano Dorigo il Gemelle e la Sospirolese.<\/p>\n<p><strong>L&#8217;ALLENATORE DELL&#8217;AGORDINA MARCO LORENZI<\/strong><\/p>\n<audio class=\"wp-audio-shortcode\" id=\"audio-294834-5\" preload=\"none\" style=\"width: 100%;\" controls=\"controls\"><source type=\"audio\/mpeg\" src=\"https:\/\/www.radiopiu.net\/wordpress\/wp-content\/uploads\/2022\/08\/MARCO-LORENZI-AGORDINA.mp3?_=5\" \/><a href=\"https:\/\/www.radiopiu.net\/wordpress\/wp-content\/uploads\/2022\/08\/MARCO-LORENZI-AGORDINA.mp3\">https:\/\/www.radiopiu.net\/wordpress\/wp-content\/uploads\/2022\/08\/MARCO-LORENZI-AGORDINA.mp3<\/a><\/audio>\n<p>&nbsp;<\/p>\n<hr \/>\n<p>&nbsp;<\/p>\n<p><span style=\"color: #0000ff;\"><strong>HOCKEY SU GHIACCIO<\/strong><\/span><\/p>\n<blockquote>\n<h3>ARRIVA DALLA LETTONIA IL NUOVO STRANIERO DELL\u2019ALLEGHE, ALEKSANDRS NOVIKOVS<\/h3>\n<\/blockquote>\n<p><strong><a class=\"dt-pswp-item\" href=\"https:\/\/www.radiopiu.net\/wordpress\/wp-content\/uploads\/2022\/08\/a397b6a1-2254-44b0-ac8b-679fc9b5448c.jpg\" data-dt-img-description=\"\" data-large_image_width=\"1024\" data-large_image_height=\"867\"><img loading=\"lazy\" decoding=\"async\" class=\"size-thumbnail wp-image-294921 alignleft\" src=\"https:\/\/www.radiopiu.net\/wordpress\/wp-content\/uploads\/2022\/08\/a397b6a1-2254-44b0-ac8b-679fc9b5448c-150x150.jpg\" alt=\"\" width=\"150\" height=\"150\" \/><\/a>di Roberto Miana, portavoce dell&#8217;Alleghe Hockey<\/strong><\/p>\n<p><strong>ALLEGHE<\/strong> Il presidente Adriano Levis annuncia con grande soddisfazione l\u2019ingaggio di ALEKSANDRS NOVIKOVS, il primo straniero che andr\u00e0 a rinforzare la squadra agordina per la prossima stagione. Nativo di Jelgava, citt\u00e0 lettone non distante dalla pi\u00f9 nota Riga, \u00e8 un ala di stecca sinistra, ventiquattrenne classe 1998, alto 187 centimetri per 78 chilogrammi. Nell\u2019ultima stagione ha vinto il titolo nazionale con la squadra lettone dello Zemgale, rendendosi protagonista segnando una doppietta nella gara decisiva di finale contro l\u2019HK Olimp, dopo aver sfiorato il titolo contro la stessa formazione anche l\u2019anno precedente. Arriva in Italia alla corte di coach Fontana per rimettersi in gioco e provare una nuova esperienza fuori dai confini nazionali, avendo raggiunto il suo obiettivo in patria. Nell\u2019ultima stagione, che lo ha portato al titolo, ha disputato 32 gare mettendo a referto 16 gol e 13 assist con un 5+3 nei playoff. Nelle ultime quattro stagioni, giocate tutte nello Zemgale, ha giocato 134 partite segnando 47 reti e fornendo 29 assist.<\/p>\n<p>Benvenuto ad Alleghe, Aleksandrs<\/p>\n<p>&nbsp;<\/p>\n<p>&nbsp;<\/p>\n<hr \/>\n<p>&nbsp;<\/p>\n<blockquote>\n<h3>MANUEL DA COL E VALENTINA SCHEGGI SI AGGIUDICANO LA VERTICAL 107<\/h3>\n<\/blockquote>\n<p><strong><a class=\"dt-pswp-item\" href=\"https:\/\/www.radiopiu.net\/wordpress\/wp-content\/uploads\/2022\/08\/302494728_8111860372188099_8074698693781745560_n.jpg\" data-dt-img-description=\"\" data-large_image_width=\"1280\" data-large_image_height=\"960\"><img loading=\"lazy\" decoding=\"async\" class=\"size-thumbnail wp-image-294950 alignleft\" src=\"https:\/\/www.radiopiu.net\/wordpress\/wp-content\/uploads\/2022\/08\/302494728_8111860372188099_8074698693781745560_n-150x150.jpg\" alt=\"\" width=\"150\" height=\"150\" \/><\/a>FALCADE<\/strong> Si \u00e8 svolta ieri la terza edizione della Vertical 107, la gara di corsa in montagna che parte da localit\u00e0 Molino e arriva a Le Buse dopo 670 metri di dislivello per una lunghezza di 1900 metri. 117 gli atleti iscritti alla manifestazione. A imporsi con il tempo di 24&#8217;45&#8221; \u00e8 stato Manuel Da Col che ha staccato Isacco Costa di 1&#8217;02&#8221;. Al terzo posto Alex Serafini. In campo femminile la vittoria \u00e8 andata a Valentina Scheggi che ha chiuso con il tempo di 35&#8217;06&#8221;. Secondo gradino del podio per Heidi Dapunt e terza Elena Cerutti.<\/p>\n<p>&nbsp;<\/p>\n<p><strong>PER CONSULTARE LE CLASSIFICHE <a href=\"https:\/\/www.radiopiu.net\/wordpress\/wp-content\/uploads\/2022\/08\/Class.Uff_.-vertical-107-2022.pdf\">CLICCA QUI<\/a><\/strong><\/p>\n<p>&nbsp;<\/p>\n<p>&nbsp;<\/p>\n<hr \/>\n<p>&nbsp;<\/p>\n<p><span style=\"color: #0000ff;\"><strong>BASKET<\/strong>\u00a0<\/span><\/p>\n<blockquote>\n<h3>L&#8217;UMANA REYER SALUTA FALCADE<\/h3>\n<\/blockquote>\n<p><strong>FALCADE<\/strong> Si e\u0300 concluso a Falcade il ritiro pre campionato dell\u2019Umana Reyer Venezia. Per la seconda stagione consecutiva, grazie all\u2019accordo con il Consorzio PromoFalcade, gli orogranata hanno scelto la localita\u0300 delle Dolomiti Bellunesi per la prima fase della preparazione. Il gruppo e\u0300 arrivato domenica scorsa e si e\u0300 allenato sia in palestra sia all\u2019aria aperta scegliendo luoghi e situazioni adatti al lavoro da svolgere, dando anche la possibilita\u0300 ai tifosi di poter assistere al training in alcuni momenti della giornata. Oltre al Palafalcade, le sedute atletiche si sono svolte anche al campo di Vallada Agordina mentre il lavoro con i pesi e\u0300 stato effettuato nella palestra dello Ski College Veneto. Durante il ritiro c\u2019e\u0300 stato anche il tempo per una mezza giornata di riposo, mercoledi\u0300 mattina, durante la quale il gruppo e\u0300 arrivato con gli impianti di risalita fino al punto piu\u0300 alto del comprensorio sciistico Falcade San Pellegrino per godere del panorama mozzafiato su tutte le Dolomiti. La settimana di training camp si e\u0300 conclusa sabato, con l\u2019abbraccio di oltre 300 tifosi sulla piana di Falcade e l\u2019amichevole in famiglia con l\u2019Umana San Giobbe Chiusi, un vero e proprio derby in famiglia tra Reyer e \u201cBulls\u201d, societa\u0300 del progetto e cantera orogranata militante in Serie A2. La partita e\u0300 finita 71-63 per Venezia.<\/p>\n<p><strong>LE INTERVISTE<\/strong><\/p>\n<div style=\"width: 1200px;\" class=\"wp-video\"><video class=\"wp-video-shortcode\" id=\"video-294834-1\" width=\"1200\" height=\"675\" preload=\"metadata\" controls=\"controls\"><source type=\"video\/mp4\" src=\"https:\/\/www.radiopiu.net\/wordpress\/wp-content\/uploads\/2022\/08\/INTERVISTE-REYER.mp4?_=1\" \/><a href=\"https:\/\/www.radiopiu.net\/wordpress\/wp-content\/uploads\/2022\/08\/INTERVISTE-REYER.mp4\">https:\/\/www.radiopiu.net\/wordpress\/wp-content\/uploads\/2022\/08\/INTERVISTE-REYER.mp4<\/a><\/video><\/div>\n<p>&nbsp;<\/p>\n<p><strong>LE FOTO DELL&#8217;INCONTRO CON I TIFOSI<\/strong><\/p>\n\n\t\t\t<style type='text\/css'>\n\t\t\t\t#gallery-5 {\n\t\t\t\t\tmargin: auto;\n\t\t\t\t}\n\t\t\t\t#gallery-5 .gallery-item {\n\t\t\t\t\tfloat: left;\n\t\t\t\t\tmargin-top: 10px;\n\t\t\t\t\ttext-align: center;\n\t\t\t\t\twidth: 33%;\n\t\t\t\t}\n\t\t\t\t#gallery-5 img {\n\t\t\t\t\tborder: 2px solid #cfcfcf;\n\t\t\t\t}\n\t\t\t\t#gallery-5 .gallery-caption {\n\t\t\t\t\tmargin-left: 0;\n\t\t\t\t}\n\t\t\t\t\/* see gallery_shortcode() in wp-includes\/media.php *\/\n\t\t\t<\/style>\n\t\t<div id='gallery-5' class='dt-gallery-container gallery galleryid-294834 gallery-columns-3 gallery-size-thumbnail'><dl class='gallery-item'>\n\t\t\t\t<dt class='gallery-icon landscape'>\n\t\t\t\t\t<a class=\"rollover rollover-zoom dt-pswp-item\" title=\"DSC01792_OK\" data-dt-img-description=\"\" data-large_image_width=\"2560\" data-large_image_height=\"1707\"href='https:\/\/www.radiopiu.net\/wordpress\/wp-content\/uploads\/2022\/08\/DSC01792_OK-scaled.jpg'><img loading=\"lazy\" decoding=\"async\" width=\"150\" height=\"150\" src=\"https:\/\/www.radiopiu.net\/wordpress\/wp-content\/uploads\/2022\/08\/DSC01792_OK-150x150.jpg\" class=\"attachment-thumbnail size-thumbnail\" alt=\"\" \/><\/a>\n\t\t\t\t<\/dt><\/dl><dl class='gallery-item'>\n\t\t\t\t<dt class='gallery-icon landscape'>\n\t\t\t\t\t<a class=\"rollover rollover-zoom dt-pswp-item\" title=\"DSC01823_OK\" data-dt-img-description=\"\" data-large_image_width=\"2560\" data-large_image_height=\"1707\"href='https:\/\/www.radiopiu.net\/wordpress\/wp-content\/uploads\/2022\/08\/DSC01823_OK-scaled.jpg'><img loading=\"lazy\" decoding=\"async\" width=\"150\" height=\"150\" src=\"https:\/\/www.radiopiu.net\/wordpress\/wp-content\/uploads\/2022\/08\/DSC01823_OK-150x150.jpg\" class=\"attachment-thumbnail size-thumbnail\" alt=\"\" \/><\/a>\n\t\t\t\t<\/dt><\/dl><dl class='gallery-item'>\n\t\t\t\t<dt class='gallery-icon landscape'>\n\t\t\t\t\t<a class=\"rollover rollover-zoom dt-pswp-item\" title=\"DSC01830_OK\" data-dt-img-description=\"\" data-large_image_width=\"2560\" data-large_image_height=\"1707\"href='https:\/\/www.radiopiu.net\/wordpress\/wp-content\/uploads\/2022\/08\/DSC01830_OK-scaled.jpg'><img loading=\"lazy\" decoding=\"async\" width=\"150\" height=\"150\" src=\"https:\/\/www.radiopiu.net\/wordpress\/wp-content\/uploads\/2022\/08\/DSC01830_OK-150x150.jpg\" class=\"attachment-thumbnail size-thumbnail\" alt=\"\" \/><\/a>\n\t\t\t\t<\/dt><\/dl><br style=\"clear: both\" \/><dl class='gallery-item'>\n\t\t\t\t<dt class='gallery-icon landscape'>\n\t\t\t\t\t<a class=\"rollover rollover-zoom dt-pswp-item\" title=\"DSC01901_OK\" data-dt-img-description=\"\" data-large_image_width=\"2560\" data-large_image_height=\"1707\"href='https:\/\/www.radiopiu.net\/wordpress\/wp-content\/uploads\/2022\/08\/DSC01901_OK-scaled.jpg'><img loading=\"lazy\" decoding=\"async\" width=\"150\" height=\"150\" src=\"https:\/\/www.radiopiu.net\/wordpress\/wp-content\/uploads\/2022\/08\/DSC01901_OK-150x150.jpg\" class=\"attachment-thumbnail size-thumbnail\" alt=\"\" \/><\/a>\n\t\t\t\t<\/dt><\/dl><dl class='gallery-item'>\n\t\t\t\t<dt class='gallery-icon landscape'>\n\t\t\t\t\t<a class=\"rollover rollover-zoom dt-pswp-item\" title=\"DSC01979_OK\" data-dt-img-description=\"\" data-large_image_width=\"2560\" data-large_image_height=\"1707\"href='https:\/\/www.radiopiu.net\/wordpress\/wp-content\/uploads\/2022\/08\/DSC01979_OK-scaled.jpg'><img loading=\"lazy\" decoding=\"async\" width=\"150\" height=\"150\" src=\"https:\/\/www.radiopiu.net\/wordpress\/wp-content\/uploads\/2022\/08\/DSC01979_OK-150x150.jpg\" class=\"attachment-thumbnail size-thumbnail\" alt=\"\" \/><\/a>\n\t\t\t\t<\/dt><\/dl><dl class='gallery-item'>\n\t\t\t\t<dt class='gallery-icon landscape'>\n\t\t\t\t\t<a class=\"rollover rollover-zoom dt-pswp-item\" title=\"DSC02017_OK\" data-dt-img-description=\"\" data-large_image_width=\"2560\" data-large_image_height=\"1706\"href='https:\/\/www.radiopiu.net\/wordpress\/wp-content\/uploads\/2022\/08\/DSC02017_OK-scaled.jpg'><img loading=\"lazy\" decoding=\"async\" width=\"150\" height=\"150\" src=\"https:\/\/www.radiopiu.net\/wordpress\/wp-content\/uploads\/2022\/08\/DSC02017_OK-150x150.jpg\" class=\"attachment-thumbnail size-thumbnail\" alt=\"\" \/><\/a>\n\t\t\t\t<\/dt><\/dl><br style=\"clear: both\" \/>\n\t\t\t<\/div>\n\n<p>&nbsp;<\/p>\n<\/div>\n<\/div>\n<\/div>\n<\/div>\n<\/div>\n<\/div>\n<\/div>\n<\/div>\n<\/div>\n<\/div>\n<\/div>\n<\/div>\n<\/div>\n<\/div>\n<\/div>\n<\/div>\n<\/div>\n<\/div>\n<\/div>\n<\/div>\n<\/div>\n<\/div>\n<\/div>\n<\/div>\n<\/div>\n<\/div>\n<\/div>\n<\/div>\n<\/div>\n<\/div>\n<\/div>\n<\/div>\n<\/div>\n<\/div>\n<\/div>\n<\/div>\n<\/div>\n<\/div>\n<\/div>\n<\/div>\n<\/div>\n<\/div>\n<\/div>\n<\/div>\n<\/div>\n<\/div>\n<\/div>\n<\/div>\n<\/div>\n<\/div>\n<\/div>\n<\/div>\n<\/div>\n<\/div>\n<\/div>\n<\/div>\n<\/div>\n<\/div>\n<\/div>\n<\/div>\n<\/div>\n<\/div>\n<\/div>\n<\/div>\n<\/div>\n<\/div>\n<\/div>\n<\/div>\n<\/div>\n<\/div>\n<\/div>\n<\/div>\n<\/div>\n<\/div>\n<\/div>\n<\/div>\n<\/div>\n<\/div>\n<\/div>\n<\/div>\n<\/div>\n<\/div>\n<\/div>\n<\/div>\n<\/div>\n<\/div>\n<\/div>\n<\/div>\n<\/div>\n<\/div>\n<\/div>\n<\/div>\n<\/div>\n<\/div>\n<\/div>\n<\/div>\n<\/div>\n<\/div>\n<\/div>\n<\/div>\n<\/div>\n<\/div>\n<\/div>\n","protected":false},"excerpt":{"rendered":"<p>RADIO PIU INFORMAZIONE il canale su TELEGRAM informazione di prima\u00a0\u00a0mano e in tempo reale. iscriviti ed aiutaci a farlo conoscere\u00a0\u00a0 &nbsp; &nbsp; RIAPRONO I CANTIERI GSP, DISAGI AL QUADRIVIO DELL&#8217;UNIONE MONTANA Divieto di transito in Via Insurrezione, nel tratto compreso tra l\u2019incrocio con la Via 27 Aprile 1945 e la via 4 Novembre 1918; istituzione&hellip;<\/p>\n","protected":false},"author":4,"featured_media":294955,"comment_status":"closed","ping_status":"closed","sticky":false,"template":"","format":"standard","meta":{"_monsterinsights_skip_tracking":false,"_monsterinsights_sitenote_active":false,"_monsterinsights_sitenote_note":"","_monsterinsights_sitenote_category":0,"footnotes":""},"categories":[51,86,49],"tags":[],"class_list":["post-294834","post","type-post","status-publish","format-standard","has-post-thumbnail","hentry","category-evidenza-top","category-gr","category-news-18","category-51","category-86","category-49","description-off"],"img_url":"https:\/\/www.radiopiu.net\/wordpress\/wp-content\/uploads\/2022\/08\/20220828_210039.jpg","_links":{"self":[{"href":"https:\/\/www.radiopiu.net\/wordpress\/wp-json\/wp\/v2\/posts\/294834","targetHints":{"allow":["GET"]}}],"collection":[{"href":"https:\/\/www.radiopiu.net\/wordpress\/wp-json\/wp\/v2\/posts"}],"about":[{"href":"https:\/\/www.radiopiu.net\/wordpress\/wp-json\/wp\/v2\/types\/post"}],"author":[{"embeddable":true,"href":"https:\/\/www.radiopiu.net\/wordpress\/wp-json\/wp\/v2\/users\/4"}],"replies":[{"embeddable":true,"href":"https:\/\/www.radiopiu.net\/wordpress\/wp-json\/wp\/v2\/comments?post=294834"}],"version-history":[{"count":0,"href":"https:\/\/www.radiopiu.net\/wordpress\/wp-json\/wp\/v2\/posts\/294834\/revisions"}],"wp:featuredmedia":[{"embeddable":true,"href":"https:\/\/www.radiopiu.net\/wordpress\/wp-json\/wp\/v2\/media\/294955"}],"wp:attachment":[{"href":"https:\/\/www.radiopiu.net\/wordpress\/wp-json\/wp\/v2\/media?parent=294834"}],"wp:term":[{"taxonomy":"category","embeddable":true,"href":"https:\/\/www.radiopiu.net\/wordpress\/wp-json\/wp\/v2\/categories?post=294834"},{"taxonomy":"post_tag","embeddable":true,"href":"https:\/\/www.radiopiu.net\/wordpress\/wp-json\/wp\/v2\/tags?post=294834"}],"curies":[{"name":"wp","href":"https:\/\/api.w.org\/{rel}","templated":true}]}}