{"id":294850,"date":"2022-08-27T12:00:52","date_gmt":"2022-08-27T10:00:52","guid":{"rendered":"https:\/\/www.radiopiu.net\/wordpress\/?p=294850"},"modified":"2022-08-28T10:34:13","modified_gmt":"2022-08-28T08:34:13","slug":"il-grazie-del-comitato-palio-dei-cento-unedizione-senza-precedenti-quella-appena-terminata","status":"publish","type":"post","link":"https:\/\/www.radiopiu.net\/wordpress\/il-grazie-del-comitato-palio-dei-cento-unedizione-senza-precedenti-quella-appena-terminata\/","title":{"rendered":"IL GRAZIE DEL COMITATO PALIO DEI CENTO. UN&#8217;EDIZIONE SENZA PRECEDENTI QUELLA APPENA TERMINATA"},"content":{"rendered":"<p><strong>AGORDO<\/strong> Sono passati sette giorni dal Palio dei Cento vinto da Toccol dopo 18 anni. Un&#8217;edizione straordinaria con una partecipazione di pubblico da record. Una festa vera e propria, questo anche all&#8217;organizzazione del Comitato Palio che si \u00e8 fatto in quattro per la buona riuscita della manifestazione sul Broi di Agordo.<\/p>\n<p><strong>I RINGRAZIAMENTI DEL COMITATO PALIO<\/strong><\/p>\n<audio class=\"wp-audio-shortcode\" id=\"audio-294850-1\" preload=\"none\" style=\"width: 100%;\" controls=\"controls\"><source type=\"audio\/mpeg\" src=\"https:\/\/www.radiopiu.net\/wordpress\/wp-content\/uploads\/2022\/08\/PALIO-OK.mp3?_=1\" \/><a href=\"https:\/\/www.radiopiu.net\/wordpress\/wp-content\/uploads\/2022\/08\/PALIO-OK.mp3\">https:\/\/www.radiopiu.net\/wordpress\/wp-content\/uploads\/2022\/08\/PALIO-OK.mp3<\/a><\/audio>\n<p>&nbsp;<\/p>\n<blockquote><p><a class=\"dt-pswp-item\" href=\"https:\/\/www.radiopiu.net\/wordpress\/wp-content\/uploads\/2022\/08\/f9a6f4c7-9399-4875-afc9-5cf02d4807d4.jpg\" data-dt-img-description=\"\" data-large_image_width=\"1600\" data-large_image_height=\"1067\"><img loading=\"lazy\" decoding=\"async\" class=\"alignleft wp-image-294852 \" src=\"https:\/\/www.radiopiu.net\/wordpress\/wp-content\/uploads\/2022\/08\/f9a6f4c7-9399-4875-afc9-5cf02d4807d4-300x200.jpg\" alt=\"\" width=\"179\" height=\"119\" srcset=\"https:\/\/www.radiopiu.net\/wordpress\/wp-content\/uploads\/2022\/08\/f9a6f4c7-9399-4875-afc9-5cf02d4807d4-300x200.jpg 300w, https:\/\/www.radiopiu.net\/wordpress\/wp-content\/uploads\/2022\/08\/f9a6f4c7-9399-4875-afc9-5cf02d4807d4-1024x683.jpg 1024w, https:\/\/www.radiopiu.net\/wordpress\/wp-content\/uploads\/2022\/08\/f9a6f4c7-9399-4875-afc9-5cf02d4807d4-768x512.jpg 768w, https:\/\/www.radiopiu.net\/wordpress\/wp-content\/uploads\/2022\/08\/f9a6f4c7-9399-4875-afc9-5cf02d4807d4-1536x1024.jpg 1536w, https:\/\/www.radiopiu.net\/wordpress\/wp-content\/uploads\/2022\/08\/f9a6f4c7-9399-4875-afc9-5cf02d4807d4.jpg 1600w\" sizes=\"auto, (max-width: 179px) 100vw, 179px\" \/><\/a>Grazie! Vogliamo cominciare cos\u00ec, con quella parola che in questi giorni ci siamo sentiti rivolgere, con immenso piacere, da tante parti: volontari, turisti, cittadini di Agordo e dintorni. In molti ci hanno ringraziato, e tuttora continuano a farlo, per quanto andato in scena lo scorso fine settimana nella splendida cornice del Broi di Agordo. In realt\u00e0 sentiamo di essere noi a dover ringraziare tutti coloro che hanno reso possibile la splendida riuscita dell\u2019edizione 2022 del Palio dei 100, la prima post pandemia: in tanti hanno preso parte alla manifestazione, dando ciascuno il proprio prezioso contributo nel consentire di realizzare l\u2019evento che, senza ombra di dubbio, ha richiamato in centro ad Agordo un pubblico che mai prima si era visto. E allora, sulle ali dell\u2019entusiasmo e della soddisfazione per quanto siamo stati in grado di offrire, vogliamo in queste righe condividere alcuni pensieri su ci\u00f2 che \u00e8 il Palio dei 100 per Agordo e per l\u2019agordino in genere, con anche alcuni spunti di riflessione per noi davvero importanti. Il Comitato Palio \u00e8 attualmente costituito da un insieme di circa 15 ragazzi, che da alcuni anni porta avanti l\u2019organizzazione del Palio dei 100 e del Torneo di calcetto delle frazioni. Purtroppo, siamo stati costretti ad annullare le edizioni 2020 e 2021 della manifestazione, ma a gennaio di quest\u2019anno, durante la prima riunione del Comitato, abbiamo deciso che, regole permettendo, il Palio dei 100 sarebbe tornato ad animare l\u2019estate Agordina. Non vi nascondiamo che strada facendo le difficolt\u00e0 che abbiamo incontrato sono state davvero molte, testimone ne \u00e8 il grande numero di eventi che quotidianamente leggiamo annullati nelle pagine dei giornali. Tuttavia, consapevoli di quello che rappresenta il Palio dei 100 per l\u2019intera vallata, non abbiamo voluto arrenderci, ed a testa bassa siamo andati avanti, giorno dopo giorno, fino allo scorso week end, consci delle difficolt\u00e0 che avremmo incontrato, ma speranzosi nella buona riuscita della manifestazione. La nostra testardaggine, e l\u2019aiuto che abbiamo trovato strada facendo da parte di tanti, ci hanno dato ragione: crediamo infatti di aver contribuito a rendere lo scorso week end davvero speciale perch\u00e9, in tanti anni, non avevamo mai avuto il piacere e l\u2019onore di ospitare cos\u00ec tanta gente sul Broi. Tutto \u00e8 migliorabile, ne siamo consapevoli, e siamo sicuri che in futuro sapremo fare tesoro anche degli errori che possiamo aver commesso: partendo da questa riflessione, ci sentiamo di condividere un breve ragionamento, che vuole essere anche un invito rivolto a tutti. Chi pi\u00f9, chi meno, conosce le difficolt\u00e0 che oggi si riscontrano nell\u2019organizzare un evento della dimensione del Palio. Siamo tutti volontari, dai membri del Comitato agli amici che durante la due giorni sul Broi ci aiutano in cucina, nel servizio ai tavoli, ecc. Per definizione, ad un volontario non andrebbe richiesta un\u2019assunzione di responsabilit\u00e0 come quella che, invece, quotidianamente ricade sulle spalle di chi vuole semplicemente mettere in scena un evento per il proprio paese: questo incide sicuramente in modo pesante nella decisione di molti di abbandonare l\u2019organizzazione di eventi, sagre e feste di paese. Gli imprevisti dell\u2019ultima ora sono purtroppo all\u2019ordine del giorno, ci abbiamo tristemente fatto l\u2019abitudine, cos\u00ec come siamo ormai abituati a dover rincorrere pratiche, adempimenti, burocrazia, che purtroppo spesso tolgono parte di quell\u2019entusiasmo che invece dovrebbe essere la base attorno alla quale poter lavorare con serenit\u00e0. Tuttavia, se ognuno, in base alle proprie disponibilit\u00e0 e competenze, desse una piccola mano ad organizzazioni come la nostra, beh, i paesi tornerebbero di certo ad essere pi\u00f9 animati, pi\u00f9 ricchi di intrattenimenti, cultura e socialit\u00e0, quella socialit\u00e0 che oggi sempre pi\u00f9 viene a mancare anche nei nostri comuni di montagna. Da qui l\u2019invito che vogliamo rivolgere a tutti, dalle istituzioni del nostro territorio ai singoli cittadini: eventi come il Palio potranno continuare ad essere realizzati non solo se i membri del Comitato si impegneranno in tal senso, ma se tutti daranno il proprio contributo. Per noi stare sul Broi anche 15 ore al giorno, come la scorsa settimana, rappresenta un grande impegno, non lo nascondiamo: vengono sacrificate ferie e momenti di relax, ma lo facciamo con grande piacere ed orgoglio, perch\u00e9 l\u2019entusiasmo dei bimbi la mattina del Minipalio, i sorrisi dei genitori, le urla di incitamento agli atleti la domenica pomeriggio, quei \u201cavete bisogno di una mano?\u201d che ci sentiamo rivolgere da semplici cittadini che si affacciano sul Broi durante gli allestimenti, i \u201cgrazie\u201d di questi giorni, ecco, sono la benzina del nostro motore, sono ci\u00f2 che ci ha fatto resistere in questi 2 anni difficili, e che lo scorso week end hanno contribuito a rinnovare l\u2019entusiasmo e la voglia di andare avanti. Abbiamo tante idee per rendere ancora pi\u00f9 entusiasmante il Palio dei 100, e nel prossimo futuro cercheremo di metterle in pratica, sperando come detto nella collaborazione di tutti, specialmente nei mesi durante i quali il Palio viene preparato, durante i quali ci si trova la sera, dopo lavoro come accade in tutte le Associazioni, a pensare, a capire il da farsi, a cercare l\u2019aiuto di amici e volenterosi disposti a dare una mano, per semplificare almeno un po\u2019 quell\u2019iter di preparazione all\u2019evento che spesso assorbe tutte le nostre energie, energie che invece andrebbero riversate nell\u2019organizzare le squadre, nel provare i giochi, nel rivedere i regolamenti. Speriamo e crediamo che lo scorso week end possa essere davvero una pietra miliare per gli eventi di Agordo e dintorni, una pietra attorno alla quale possano riunirsi in tanti, portando ognuno le proprie idee ed il proprio entusiasmo, quell\u2019entusiasmo con il quale abbiamo scritto queste righe per rinnovare il nostro grandissimo \u201cGrazie a tutti\u201d! Ci rivedremo nel 2023, con l\u2019auspicio di vedere ancora pi\u00f9 gente sul Broi, perch\u00e9 il Palio dei 100 rappresenta, lo diciamo con orgoglio, la storia delle estati agordine, una storia che si avvicina a compiere i suoi 40 anni\u2026 E che ci vedr\u00e0 ancora l\u00ec, sul Broi, come tutte le estati, perch\u00e9 il Palio \u00e8 soprattutto questo: \u00e8 stare insieme sul Broi, con casacche di colori diversi, rivali sul campo gara, ma sempre e comunque amici, nello spirito del nostro, anzi, del vostro, Comitato Palio Agordo!<\/p>\n<p>Ancora una volta, grazie a tutti.<\/p><\/blockquote>\n<p>&nbsp;<\/p>\n<p>&nbsp;<\/p>\n<p>*******<\/p>\n","protected":false},"excerpt":{"rendered":"<p>AGORDO Sono passati sette giorni dal Palio dei Cento vinto da Toccol dopo 18 anni. Un&#8217;edizione straordinaria con una partecipazione di pubblico da record. Una festa vera e propria, questo anche all&#8217;organizzazione del Comitato Palio che si \u00e8 fatto in quattro per la buona riuscita della manifestazione sul Broi di Agordo. I RINGRAZIAMENTI DEL COMITATO&hellip;<\/p>\n","protected":false},"author":4,"featured_media":294852,"comment_status":"closed","ping_status":"closed","sticky":false,"template":"","format":"standard","meta":{"_monsterinsights_skip_tracking":false,"_monsterinsights_sitenote_active":false,"_monsterinsights_sitenote_note":"","_monsterinsights_sitenote_category":0,"footnotes":""},"categories":[86,49],"tags":[],"class_list":["post-294850","post","type-post","status-publish","format-standard","has-post-thumbnail","hentry","category-gr","category-news-18","category-86","category-49","description-off"],"img_url":"https:\/\/www.radiopiu.net\/wordpress\/wp-content\/uploads\/2022\/08\/f9a6f4c7-9399-4875-afc9-5cf02d4807d4.jpg","_links":{"self":[{"href":"https:\/\/www.radiopiu.net\/wordpress\/wp-json\/wp\/v2\/posts\/294850","targetHints":{"allow":["GET"]}}],"collection":[{"href":"https:\/\/www.radiopiu.net\/wordpress\/wp-json\/wp\/v2\/posts"}],"about":[{"href":"https:\/\/www.radiopiu.net\/wordpress\/wp-json\/wp\/v2\/types\/post"}],"author":[{"embeddable":true,"href":"https:\/\/www.radiopiu.net\/wordpress\/wp-json\/wp\/v2\/users\/4"}],"replies":[{"embeddable":true,"href":"https:\/\/www.radiopiu.net\/wordpress\/wp-json\/wp\/v2\/comments?post=294850"}],"version-history":[{"count":0,"href":"https:\/\/www.radiopiu.net\/wordpress\/wp-json\/wp\/v2\/posts\/294850\/revisions"}],"wp:featuredmedia":[{"embeddable":true,"href":"https:\/\/www.radiopiu.net\/wordpress\/wp-json\/wp\/v2\/media\/294852"}],"wp:attachment":[{"href":"https:\/\/www.radiopiu.net\/wordpress\/wp-json\/wp\/v2\/media?parent=294850"}],"wp:term":[{"taxonomy":"category","embeddable":true,"href":"https:\/\/www.radiopiu.net\/wordpress\/wp-json\/wp\/v2\/categories?post=294850"},{"taxonomy":"post_tag","embeddable":true,"href":"https:\/\/www.radiopiu.net\/wordpress\/wp-json\/wp\/v2\/tags?post=294850"}],"curies":[{"name":"wp","href":"https:\/\/api.w.org\/{rel}","templated":true}]}}