{"id":294867,"date":"2022-08-27T15:20:56","date_gmt":"2022-08-27T13:20:56","guid":{"rendered":"https:\/\/www.radiopiu.net\/wordpress\/?p=294867"},"modified":"2022-08-27T15:20:56","modified_gmt":"2022-08-27T13:20:56","slug":"probabili-intensi-rovesci-su-dolomiti-da-oggi-fino-a-tutto-domani-dichiarata-fase-di-attenzione-nel-bacino-idrografico-alto-piave","status":"publish","type":"post","link":"https:\/\/www.radiopiu.net\/wordpress\/probabili-intensi-rovesci-su-dolomiti-da-oggi-fino-a-tutto-domani-dichiarata-fase-di-attenzione-nel-bacino-idrografico-alto-piave\/","title":{"rendered":"PROBABILI INTENSI ROVESCI SU DOLOMITI. DA OGGI FINO A TUTTO DOMANI DICHIARATA FASE DI ATTENZIONE NEL BACINO IDROGRAFICO \u201cALTO PIAVE\u201d"},"content":{"rendered":"<p><strong>VENEZIA <\/strong>Il Meteo regionale segnala che nel pomeriggio di oggi, sabato 27 agosto, e nella giornata di domani, domenica 28 agosto, si registrer\u00e0 un\u2019alternanza di momenti di variabilit\u00e0 e di fasi instabili. Sulle Dolomiti non si pu\u00f2 escludere qualche rovescio di forte intensit\u00e0. Visti i fenomeni meteorologici attesi, per la zona interessata la criticit\u00e0 idrogeologica \u00e8 riferita allo scenario per temporali forti. Il Centro Funzionale Decentrato della Regione del Veneto ha dichiarato \u2013 dalle 14.00 di oggi alla mezzanotte di domani &#8211; la fase operativa di \u201cAttenzione\u201d (Allerta Gialla) per criticit\u00e0 idrogeologica nel bacino idrografico \u201cAlto Piave\u201d (BL).<\/p>\n<p><a class=\"dt-pswp-item\" href=\"https:\/\/www.radiopiu.net\/wordpress\/wp-content\/uploads\/2022\/08\/Schermata-2022-08-27-alle-15.16.27.png\" data-dt-img-description=\"\" data-large_image_width=\"1286\" data-large_image_height=\"422\"><img loading=\"lazy\" decoding=\"async\" class=\"alignnone wp-image-294868 size-large\" src=\"https:\/\/www.radiopiu.net\/wordpress\/wp-content\/uploads\/2022\/08\/Schermata-2022-08-27-alle-15.16.27-1024x336.png\" alt=\"\" width=\"1024\" height=\"336\" srcset=\"https:\/\/www.radiopiu.net\/wordpress\/wp-content\/uploads\/2022\/08\/Schermata-2022-08-27-alle-15.16.27-1024x336.png 1024w, https:\/\/www.radiopiu.net\/wordpress\/wp-content\/uploads\/2022\/08\/Schermata-2022-08-27-alle-15.16.27-300x98.png 300w, https:\/\/www.radiopiu.net\/wordpress\/wp-content\/uploads\/2022\/08\/Schermata-2022-08-27-alle-15.16.27-768x252.png 768w, https:\/\/www.radiopiu.net\/wordpress\/wp-content\/uploads\/2022\/08\/Schermata-2022-08-27-alle-15.16.27.png 1286w\" sizes=\"auto, (max-width: 1024px) 100vw, 1024px\" \/><\/a><\/p>\n<p>&nbsp;<\/p>\n<p>&nbsp;<\/p>\n<p>******<\/p>\n","protected":false},"excerpt":{"rendered":"<p>VENEZIA Il Meteo regionale segnala che nel pomeriggio di oggi, sabato 27 agosto, e nella giornata di domani, domenica 28 agosto, si registrer\u00e0 un\u2019alternanza di momenti di variabilit\u00e0 e di fasi instabili. Sulle Dolomiti non si pu\u00f2 escludere qualche rovescio di forte intensit\u00e0. Visti i fenomeni meteorologici attesi, per la zona interessata la criticit\u00e0 idrogeologica&hellip;<\/p>\n","protected":false},"author":4,"featured_media":144264,"comment_status":"closed","ping_status":"closed","sticky":false,"template":"","format":"standard","meta":{"_monsterinsights_skip_tracking":false,"_monsterinsights_sitenote_active":false,"_monsterinsights_sitenote_note":"","_monsterinsights_sitenote_category":0,"footnotes":""},"categories":[49],"tags":[],"class_list":["post-294867","post","type-post","status-publish","format-standard","has-post-thumbnail","hentry","category-news-18","category-49","description-off"],"img_url":"https:\/\/www.radiopiu.net\/wordpress\/wp-content\/uploads\/2020\/06\/PIOGGIA.jpg","_links":{"self":[{"href":"https:\/\/www.radiopiu.net\/wordpress\/wp-json\/wp\/v2\/posts\/294867","targetHints":{"allow":["GET"]}}],"collection":[{"href":"https:\/\/www.radiopiu.net\/wordpress\/wp-json\/wp\/v2\/posts"}],"about":[{"href":"https:\/\/www.radiopiu.net\/wordpress\/wp-json\/wp\/v2\/types\/post"}],"author":[{"embeddable":true,"href":"https:\/\/www.radiopiu.net\/wordpress\/wp-json\/wp\/v2\/users\/4"}],"replies":[{"embeddable":true,"href":"https:\/\/www.radiopiu.net\/wordpress\/wp-json\/wp\/v2\/comments?post=294867"}],"version-history":[{"count":0,"href":"https:\/\/www.radiopiu.net\/wordpress\/wp-json\/wp\/v2\/posts\/294867\/revisions"}],"wp:featuredmedia":[{"embeddable":true,"href":"https:\/\/www.radiopiu.net\/wordpress\/wp-json\/wp\/v2\/media\/144264"}],"wp:attachment":[{"href":"https:\/\/www.radiopiu.net\/wordpress\/wp-json\/wp\/v2\/media?parent=294867"}],"wp:term":[{"taxonomy":"category","embeddable":true,"href":"https:\/\/www.radiopiu.net\/wordpress\/wp-json\/wp\/v2\/categories?post=294867"},{"taxonomy":"post_tag","embeddable":true,"href":"https:\/\/www.radiopiu.net\/wordpress\/wp-json\/wp\/v2\/tags?post=294867"}],"curies":[{"name":"wp","href":"https:\/\/api.w.org\/{rel}","templated":true}]}}