{"id":294880,"date":"2022-08-28T10:02:18","date_gmt":"2022-08-28T08:02:18","guid":{"rendered":"https:\/\/www.radiopiu.net\/wordpress\/?p=294880"},"modified":"2022-08-28T10:02:18","modified_gmt":"2022-08-28T08:02:18","slug":"collage-operazione-nostalgia-tra-campioni-dello-sport-musica-dal-vivo-e-amici","status":"publish","type":"post","link":"https:\/\/www.radiopiu.net\/wordpress\/collage-operazione-nostalgia-tra-campioni-dello-sport-musica-dal-vivo-e-amici\/","title":{"rendered":"COLLAGE OPERAZIONE NOSTALGIA: TRA CAMPIONI DELLO SPORT, MUSICA DAL VIVO E AMICI"},"content":{"rendered":"<p><strong><a class=\"dt-pswp-item\" href=\"https:\/\/www.radiopiu.net\/wordpress\/wp-content\/uploads\/2022\/08\/rivanazionale2.jpg\" data-dt-img-description=\"\" data-large_image_width=\"630\" data-large_image_height=\"354\"><img loading=\"lazy\" decoding=\"async\" class=\"size-thumbnail wp-image-294881 alignleft\" src=\"https:\/\/www.radiopiu.net\/wordpress\/wp-content\/uploads\/2022\/08\/rivanazionale2-150x150.jpg\" alt=\"\" width=\"150\" height=\"150\" \/><\/a>di Loris Scussel<\/strong><\/p>\n<p>Collage operazione nostalgia si apre con un omaggio musicale ad alcuni personaggi mitici dello sport partendo da una proposta del cantautore sardo Piero Marras che ha scritto \u201cQuando Gigi Riva torner\u00e0\u201d una piccola favola in musica. La settimana proseguir\u00e0 con la consueta alternanza tra musica italiana ed internazionale con una puntata dedicata agli amici ed un\u2019altra alla musica dal vivo perch\u00e9 come dice anche il grande Renzo Arbore \u201cMeglio dal vivo che dal morto\u201d. Collage va in onda dal luned\u00ec al venerd\u00ec alle 16,00 e alle 23,00 naturalmente su RadioPi\u00f9<\/p>\n<p>&nbsp;<\/p>\n<p>&nbsp;<\/p>\n<p>&nbsp;<\/p>\n<p>&nbsp;<\/p>\n<p>*****<\/p>\n","protected":false},"excerpt":{"rendered":"<p>di Loris Scussel Collage operazione nostalgia si apre con un omaggio musicale ad alcuni personaggi mitici dello sport partendo da una proposta del cantautore sardo Piero Marras che ha scritto \u201cQuando Gigi Riva torner\u00e0\u201d una piccola favola in musica. La settimana proseguir\u00e0 con la consueta alternanza tra musica italiana ed internazionale con una puntata dedicata&hellip;<\/p>\n","protected":false},"author":4,"featured_media":294881,"comment_status":"closed","ping_status":"closed","sticky":false,"template":"","format":"standard","meta":{"_monsterinsights_skip_tracking":false,"_monsterinsights_sitenote_active":false,"_monsterinsights_sitenote_note":"","_monsterinsights_sitenote_category":0,"footnotes":""},"categories":[49],"tags":[],"class_list":["post-294880","post","type-post","status-publish","format-standard","has-post-thumbnail","hentry","category-news-18","category-49","description-off"],"img_url":"https:\/\/www.radiopiu.net\/wordpress\/wp-content\/uploads\/2022\/08\/rivanazionale2.jpg","_links":{"self":[{"href":"https:\/\/www.radiopiu.net\/wordpress\/wp-json\/wp\/v2\/posts\/294880","targetHints":{"allow":["GET"]}}],"collection":[{"href":"https:\/\/www.radiopiu.net\/wordpress\/wp-json\/wp\/v2\/posts"}],"about":[{"href":"https:\/\/www.radiopiu.net\/wordpress\/wp-json\/wp\/v2\/types\/post"}],"author":[{"embeddable":true,"href":"https:\/\/www.radiopiu.net\/wordpress\/wp-json\/wp\/v2\/users\/4"}],"replies":[{"embeddable":true,"href":"https:\/\/www.radiopiu.net\/wordpress\/wp-json\/wp\/v2\/comments?post=294880"}],"version-history":[{"count":0,"href":"https:\/\/www.radiopiu.net\/wordpress\/wp-json\/wp\/v2\/posts\/294880\/revisions"}],"wp:featuredmedia":[{"embeddable":true,"href":"https:\/\/www.radiopiu.net\/wordpress\/wp-json\/wp\/v2\/media\/294881"}],"wp:attachment":[{"href":"https:\/\/www.radiopiu.net\/wordpress\/wp-json\/wp\/v2\/media?parent=294880"}],"wp:term":[{"taxonomy":"category","embeddable":true,"href":"https:\/\/www.radiopiu.net\/wordpress\/wp-json\/wp\/v2\/categories?post=294880"},{"taxonomy":"post_tag","embeddable":true,"href":"https:\/\/www.radiopiu.net\/wordpress\/wp-json\/wp\/v2\/tags?post=294880"}],"curies":[{"name":"wp","href":"https:\/\/api.w.org\/{rel}","templated":true}]}}