{"id":294928,"date":"2022-08-28T11:53:03","date_gmt":"2022-08-28T09:53:03","guid":{"rendered":"https:\/\/www.radiopiu.net\/wordpress\/?p=294928"},"modified":"2022-08-28T11:53:03","modified_gmt":"2022-08-28T09:53:03","slug":"dillo-a-radio-piu-le-strisce-pedonali-in-piena-curva-salendo-il-san-pellegrino","status":"publish","type":"post","link":"https:\/\/www.radiopiu.net\/wordpress\/dillo-a-radio-piu-le-strisce-pedonali-in-piena-curva-salendo-il-san-pellegrino\/","title":{"rendered":"DILLO A RADIO PIU&#8217;&#8230;LE STRISCE PEDONALI IN PIENA CURVA SALENDO IL SAN PELLEGRINO"},"content":{"rendered":"<p><strong><a class=\"dt-pswp-item\" href=\"https:\/\/www.radiopiu.net\/wordpress\/wp-content\/uploads\/2021\/11\/strisce-pedonali.jpg\" data-dt-img-description=\"\" data-large_image_width=\"1920\" data-large_image_height=\"1042\"><img loading=\"lazy\" decoding=\"async\" class=\"size-thumbnail wp-image-241382 alignleft\" src=\"https:\/\/www.radiopiu.net\/wordpress\/wp-content\/uploads\/2021\/11\/strisce-pedonali-150x150.jpg\" alt=\"\" width=\"150\" height=\"150\" \/><\/a>REDAZIONE<\/strong> Riceviamo e pubblichiamo una considerazione di un nostro ascoltatore che ci scrive da Santa Giustina. Oggetto della segnalazione le strisce pedonali in piena curva salendo da Falcade verso il Passo San Pellegrino che rendono scivoloso l&#8217;asfalto<\/p>\n<blockquote><p>Sono un utente motociclista da tanti anni e frequento spesso le strade dell&#8217;Agordino abitando non molto distante. Vi scrivo per segnalare e possibilmente far arrivare il messaggio a chi \u00e8 competente per quanto riguarda la segnaletica stradale, in questo caso l&#8217;oggetto in questione sono le strisce pedonali. Vengo al dunque: salendo frequentemente verso il Passo S.Pellegrino, mi \u00e8 capitato, anche a velocit\u00e0 da codice della strada, di affrontare la curva a destra a salire dopo la chiesa Parrocchiale, (diciamo tra Falcade ,e Falcade alto ). In questa suddetta curva la moto (logicamente un po&#8217; in piega) mi sia sbandata pi\u00f9 di una volta. La causa? Strisce pedonali in centro curva. Non so con quale criterio siano state disegnate proprio l\u00ec&#8230;. mi \u00e8 sembrato doveroso fare questa segnalazione onde evitare spiacevoli conseguenze in futuro ad eventuali utenti di passaggio. Buona giornata.<\/p>\n<p>Loris R.<\/p><\/blockquote>\n<p>&nbsp;<\/p>\n<p>&nbsp;<\/p>\n<p>&nbsp;<\/p>\n<p>******<\/p>\n","protected":false},"excerpt":{"rendered":"<p>REDAZIONE Riceviamo e pubblichiamo una considerazione di un nostro ascoltatore che ci scrive da Santa Giustina. Oggetto della segnalazione le strisce pedonali in piena curva salendo da Falcade verso il Passo San Pellegrino che rendono scivoloso l&#8217;asfalto Sono un utente motociclista da tanti anni e frequento spesso le strade dell&#8217;Agordino abitando non molto distante. Vi&hellip;<\/p>\n","protected":false},"author":4,"featured_media":241382,"comment_status":"closed","ping_status":"closed","sticky":false,"template":"","format":"standard","meta":{"_monsterinsights_skip_tracking":false,"_monsterinsights_sitenote_active":false,"_monsterinsights_sitenote_note":"","_monsterinsights_sitenote_category":0,"footnotes":""},"categories":[49],"tags":[],"class_list":["post-294928","post","type-post","status-publish","format-standard","has-post-thumbnail","hentry","category-news-18","category-49","description-off"],"img_url":"https:\/\/www.radiopiu.net\/wordpress\/wp-content\/uploads\/2021\/11\/strisce-pedonali.jpg","_links":{"self":[{"href":"https:\/\/www.radiopiu.net\/wordpress\/wp-json\/wp\/v2\/posts\/294928","targetHints":{"allow":["GET"]}}],"collection":[{"href":"https:\/\/www.radiopiu.net\/wordpress\/wp-json\/wp\/v2\/posts"}],"about":[{"href":"https:\/\/www.radiopiu.net\/wordpress\/wp-json\/wp\/v2\/types\/post"}],"author":[{"embeddable":true,"href":"https:\/\/www.radiopiu.net\/wordpress\/wp-json\/wp\/v2\/users\/4"}],"replies":[{"embeddable":true,"href":"https:\/\/www.radiopiu.net\/wordpress\/wp-json\/wp\/v2\/comments?post=294928"}],"version-history":[{"count":0,"href":"https:\/\/www.radiopiu.net\/wordpress\/wp-json\/wp\/v2\/posts\/294928\/revisions"}],"wp:featuredmedia":[{"embeddable":true,"href":"https:\/\/www.radiopiu.net\/wordpress\/wp-json\/wp\/v2\/media\/241382"}],"wp:attachment":[{"href":"https:\/\/www.radiopiu.net\/wordpress\/wp-json\/wp\/v2\/media?parent=294928"}],"wp:term":[{"taxonomy":"category","embeddable":true,"href":"https:\/\/www.radiopiu.net\/wordpress\/wp-json\/wp\/v2\/categories?post=294928"},{"taxonomy":"post_tag","embeddable":true,"href":"https:\/\/www.radiopiu.net\/wordpress\/wp-json\/wp\/v2\/tags?post=294928"}],"curies":[{"name":"wp","href":"https:\/\/api.w.org\/{rel}","templated":true}]}}