{"id":294944,"date":"2022-08-28T23:59:56","date_gmt":"2022-08-28T21:59:56","guid":{"rendered":"https:\/\/www.radiopiu.net\/wordpress\/?p=294944"},"modified":"2022-08-29T06:02:07","modified_gmt":"2022-08-29T04:02:07","slug":"parte-con-una-sconfitta-in-coppa-la-stagione-dellagordina","status":"publish","type":"post","link":"https:\/\/www.radiopiu.net\/wordpress\/parte-con-una-sconfitta-in-coppa-la-stagione-dellagordina\/","title":{"rendered":"PARTE CON UNA SCONFITTA IN COPPA LA STAGIONE DELL&#8217;AGORDINA"},"content":{"rendered":"<p><strong><a class=\"dt-pswp-item\" href=\"https:\/\/www.radiopiu.net\/wordpress\/wp-content\/uploads\/2019\/09\/AGORDINA-CALCIO.jpeg\" data-dt-img-description=\"\" data-large_image_width=\"225\" data-large_image_height=\"225\"><img loading=\"lazy\" decoding=\"async\" class=\" wp-image-97575 alignleft\" src=\"https:\/\/www.radiopiu.net\/wordpress\/wp-content\/uploads\/2019\/09\/AGORDINA-CALCIO-150x150.jpeg\" alt=\"\" width=\"99\" height=\"99\" srcset=\"https:\/\/www.radiopiu.net\/wordpress\/wp-content\/uploads\/2019\/09\/AGORDINA-CALCIO-150x150.jpeg 150w, https:\/\/www.radiopiu.net\/wordpress\/wp-content\/uploads\/2019\/09\/AGORDINA-CALCIO.jpeg 225w\" sizes=\"auto, (max-width: 99px) 100vw, 99px\" \/><\/a>AGORDO<\/strong> Prima partita ufficiale per l&#8217;Agordina di Marco Lorenzi e prima sconfitta. Inizia in salita la Coppa Veneto per la compagine di Agordo che perde in trasferta contro il Sois per 3 a 0. Un risultato che non rispecchia ci\u00f2 che si \u00e8 visto in campo, infatti a fare la partita \u00e8 stata l&#8217;Agordina che per\u00f2 non ha saputo sfruttare le occasioni arrivate. Pi\u00f9 cinico il Sois che sblocca il risultato e poi dilaga. Ora due partite in casa per la formazione agordina che nelle prossime due domeniche ospiter\u00e0 all&#8217;Ivano Dorigo il Gemelle e la Sospirolese.<\/p>\n<p><strong>L&#8217;ALLENATORE DELL&#8217;AGORDINA MARCO LORENZI<\/strong><\/p>\n<audio class=\"wp-audio-shortcode\" id=\"audio-294944-1\" preload=\"none\" style=\"width: 100%;\" controls=\"controls\"><source type=\"audio\/mpeg\" src=\"https:\/\/www.radiopiu.net\/wordpress\/wp-content\/uploads\/2022\/08\/MARCO-LORENZI-AGORDINA.mp3?_=1\" \/><a href=\"https:\/\/www.radiopiu.net\/wordpress\/wp-content\/uploads\/2022\/08\/MARCO-LORENZI-AGORDINA.mp3\">https:\/\/www.radiopiu.net\/wordpress\/wp-content\/uploads\/2022\/08\/MARCO-LORENZI-AGORDINA.mp3<\/a><\/audio>\n<p>&nbsp;<\/p>\n<p>&nbsp;<\/p>\n<p>*****<\/p>\n","protected":false},"excerpt":{"rendered":"<p>AGORDO Prima partita ufficiale per l&#8217;Agordina di Marco Lorenzi e prima sconfitta. Inizia in salita la Coppa Veneto per la compagine di Agordo che perde in trasferta contro il Sois per 3 a 0. Un risultato che non rispecchia ci\u00f2 che si \u00e8 visto in campo, infatti a fare la partita \u00e8 stata l&#8217;Agordina che&hellip;<\/p>\n","protected":false},"author":4,"featured_media":97575,"comment_status":"closed","ping_status":"closed","sticky":false,"template":"","format":"standard","meta":{"_monsterinsights_skip_tracking":false,"_monsterinsights_sitenote_active":false,"_monsterinsights_sitenote_note":"","_monsterinsights_sitenote_category":0,"footnotes":""},"categories":[51,49],"tags":[],"class_list":["post-294944","post","type-post","status-publish","format-standard","has-post-thumbnail","hentry","category-evidenza-top","category-news-18","category-51","category-49","description-off"],"img_url":"https:\/\/www.radiopiu.net\/wordpress\/wp-content\/uploads\/2019\/09\/AGORDINA-CALCIO.jpeg","_links":{"self":[{"href":"https:\/\/www.radiopiu.net\/wordpress\/wp-json\/wp\/v2\/posts\/294944","targetHints":{"allow":["GET"]}}],"collection":[{"href":"https:\/\/www.radiopiu.net\/wordpress\/wp-json\/wp\/v2\/posts"}],"about":[{"href":"https:\/\/www.radiopiu.net\/wordpress\/wp-json\/wp\/v2\/types\/post"}],"author":[{"embeddable":true,"href":"https:\/\/www.radiopiu.net\/wordpress\/wp-json\/wp\/v2\/users\/4"}],"replies":[{"embeddable":true,"href":"https:\/\/www.radiopiu.net\/wordpress\/wp-json\/wp\/v2\/comments?post=294944"}],"version-history":[{"count":0,"href":"https:\/\/www.radiopiu.net\/wordpress\/wp-json\/wp\/v2\/posts\/294944\/revisions"}],"wp:featuredmedia":[{"embeddable":true,"href":"https:\/\/www.radiopiu.net\/wordpress\/wp-json\/wp\/v2\/media\/97575"}],"wp:attachment":[{"href":"https:\/\/www.radiopiu.net\/wordpress\/wp-json\/wp\/v2\/media?parent=294944"}],"wp:term":[{"taxonomy":"category","embeddable":true,"href":"https:\/\/www.radiopiu.net\/wordpress\/wp-json\/wp\/v2\/categories?post=294944"},{"taxonomy":"post_tag","embeddable":true,"href":"https:\/\/www.radiopiu.net\/wordpress\/wp-json\/wp\/v2\/tags?post=294944"}],"curies":[{"name":"wp","href":"https:\/\/api.w.org\/{rel}","templated":true}]}}