{"id":295001,"date":"2022-08-30T05:59:08","date_gmt":"2022-08-30T03:59:08","guid":{"rendered":"https:\/\/www.radiopiu.net\/wordpress\/?p=295001"},"modified":"2022-08-30T05:59:08","modified_gmt":"2022-08-30T03:59:08","slug":"giornale-radiopiu-30-agosto-2022-direttore-mirko-mezzacasa","status":"publish","type":"post","link":"https:\/\/www.radiopiu.net\/wordpress\/giornale-radiopiu-30-agosto-2022-direttore-mirko-mezzacasa\/","title":{"rendered":"GIORNALE RADIOPIU 30 AGOSTO 2022 DIRETTORE MIRKO MEZZACASA"},"content":{"rendered":"<h3 class=\"kvgmc6g5 cxmmr5t8 oygrvhab hcukyx3x c1et5uql\"><span style=\"color: #0000ff;\"><strong>RADIO PIU INFORMAZIONE il canale su TELEGRAM informazione di prima\u00a0\u00a0<\/strong><strong>mano e in tempo reale. iscriviti ed aiutaci a farlo conoscere\u00a0\u00a0<\/strong><\/span><\/h3>\n<p>&nbsp;<\/p>\n<hr \/>\n<p>&nbsp;<\/p>\n<blockquote>\n<h3>RIAPRONO I CANTIERI GSP, DISAGI AL QUADRIVIO DELL&#8217;UNIONE MONTANA<\/h3>\n<p><em><a class=\"dt-pswp-item\" href=\"https:\/\/www.radiopiu.net\/wordpress\/wp-content\/uploads\/2022\/08\/Schermata-2022-08-22-alle-17.35.19.png\" data-dt-img-description=\"\" data-large_image_width=\"1556\" data-large_image_height=\"1160\"><img loading=\"lazy\" decoding=\"async\" class=\"size-thumbnail wp-image-294125 alignleft\" src=\"https:\/\/www.radiopiu.net\/wordpress\/wp-content\/uploads\/2022\/08\/Schermata-2022-08-22-alle-17.35.19-150x150.png\" alt=\"\" width=\"150\" height=\"150\" \/><\/a>Divieto di transito in Via Insurrezione, nel tratto compreso tra l\u2019incrocio con la Via 27 Aprile 1945 e la via 4 Novembre 1918; istituzione di un senso unico alternato, regolato da impianto semaforico, nel tratto della ex S.R. 203 \u201cAgordina\u201d<\/em><\/p><\/blockquote>\n<p><strong>AGORDO<\/strong> Gsp riapre i cantieri dopo il periodo di ferragosto, disagi previsti dal 5 al 10 settembre &#8211; ma non \u00e8 escluso i lavori possano terminare in tempi pi\u00f9 brevi &#8211; le modifiche alla viabilit\u00e0 interesseranno via Insurrezione all&#8217;altezza dell&#8217;Officina della Casa (centro commerciale Ganz) e fino all&#8217;incrocio con via 27 aprile e via via 4 Novembre 1918. Lungo la regionale 203 agordina non sono previste sospensioni totali, ovvero la ditta interessata provveder\u00e0 a regolare il traffico a senso unico alternato con movieri o semaforo. Diversa la questione lungo la 346 del Duran e Cereda, infatti in prossimit\u00e0 del Centro commerciale Ganz (ingresso per Officina della Casa) e quindi fino a poco prima dell&#8217;intersezione con Viale Sommariva \u00e8 prevista l&#8217;interdizione totale al transito dei veicoli. In questo caso sono previste deviazioni sulla viabilit\u00e0 alternativa. Per chi proviene dalla zone industriale (o dalle stazione Dolomitibus) potr\u00e0 raggiungere il centro da Viale Sommariva (fronte scuole-municipio) e quindi per Corso Patrioti fino a Piazza Libert\u00e0. Per il senso inverso (essendo Viale Sommariva a Senso Unico) potr\u00e0\u00a0 percorrere o la tangenziale, oppure via teto Piciol.<\/p>\n<p>&nbsp;<\/p>\n<p>&nbsp;<\/p>\n<hr \/>\n<p>&nbsp;<\/p>\n<blockquote>\n<h3>SP 3 CHIUSA PER DUE SETTIMANE A RIVAMONTE IN LOCALITA&#8217; GONA DI CONDERA e\u00a0 VERSO L\u2019ELIMINAZIONE DEL SEMAFORO, SULLA PROVINCIALE 8 DAL 29 AGOSTO VIA AI CANTIERI<\/h3>\n<\/blockquote>\n<p><strong><img loading=\"lazy\" decoding=\"async\" class=\"alignleft\" src=\"https:\/\/www.radiopiu.net\/wordpress\/wp-content\/uploads\/2021\/11\/81aa72cc-d66b-44fa-afd5-7103ae531a24.jpg\" width=\"193\" height=\"142\" \/><\/strong><\/p>\n<p>&nbsp;<\/p>\n<p>&nbsp;<\/p>\n<p>&nbsp;<\/p>\n<p>&nbsp;<\/p>\n<p>&nbsp;<\/p>\n<p><strong>DAL CORRIERE DELLE ALPI, di Gianni Santomaso<\/strong><\/p>\n<audio class=\"wp-audio-shortcode\" id=\"audio-295001-1\" preload=\"none\" style=\"width: 100%;\" controls=\"controls\"><source type=\"audio\/mpeg\" src=\"https:\/\/www.radiopiu.net\/wordpress\/wp-content\/uploads\/2022\/08\/GIANNI-GONA-DI-CONEDERA.mp3?_=1\" \/><a href=\"https:\/\/www.radiopiu.net\/wordpress\/wp-content\/uploads\/2022\/08\/GIANNI-GONA-DI-CONEDERA.mp3\">https:\/\/www.radiopiu.net\/wordpress\/wp-content\/uploads\/2022\/08\/GIANNI-GONA-DI-CONEDERA.mp3<\/a><\/audio>\n<p>&nbsp;<\/p>\n<hr \/>\n<p>&nbsp;<\/p>\n<p>&nbsp;<\/p>\n<blockquote>\n<h3><a class=\"dt-pswp-item\" href=\"https:\/\/www.radiopiu.net\/wordpress\/wp-content\/uploads\/2022\/08\/rifornimenti-con-autobotti.jpg\" data-dt-img-description=\"\" data-large_image_width=\"1500\" data-large_image_height=\"2000\"><img loading=\"lazy\" decoding=\"async\" class=\"size-thumbnail wp-image-294728 alignleft\" src=\"https:\/\/www.radiopiu.net\/wordpress\/wp-content\/uploads\/2022\/08\/rifornimenti-con-autobotti-150x150.jpg\" alt=\"\" width=\"150\" height=\"150\" \/><\/a>A MOE&#8217; DI LASTE ACQUA FINALMENTE POTABILE, MA C&#8217;E&#8217; VOLUTO UN MESE<\/h3>\n<\/blockquote>\n<p><strong>ROCCA PIETORE<\/strong>\u00a0 nelle localit\u00e0 VAL, DAGAI, DAVARE, LE COSTE, RONCH e MOE&#8217; DI LASTE l&#8217;acqua erogata dall&#8217;acquedotto \u00e8 di nuovo potabile e pu\u00f2 essere usata, quindi, per scopi alimentari.<\/p>\n<blockquote>\n<h3>ACQUA NON POTABILE A GOSALDO<\/h3>\n<\/blockquote>\n<p><strong>GOSALDO<\/strong> nelle localit\u00e0 LE FOCHE, LAMBROI, DENEORE, MAGAIT, REN, SELLE, COL TAMAI, BITTI, GIARDOI, PETTUINE, LE CASE, CURTI, INCASAL, VIA CAVELLERA e dal c.n. 26 al c.n. 29 di VIA S. ANDREA l&#8217;acqua erogata dall&#8217;acquedotto non \u00e8 potabile e pu\u00f2 essere usata per scopi alimentari SOLO PREVIA bollitura.<\/p>\n<p>&nbsp;<\/p>\n<p>&nbsp;<\/p>\n<hr \/>\n<p>&nbsp;<\/p>\n<blockquote>\n<h3>UN SETTEMBRE INCENTIVATO PER GLI OPERAI LUXOTTICA DI AGORDO. PROGRAMMATI 4 SABATI LAVORATIVI<\/h3>\n<\/blockquote>\n<p><strong><a class=\"dt-pswp-item\" href=\"https:\/\/www.radiopiu.net\/wordpress\/wp-content\/uploads\/2020\/01\/NUOVA-INSEGNA-LUXOTTICA-scaled.jpg\" data-dt-img-description=\"\" data-large_image_width=\"2560\" data-large_image_height=\"1920\"><img loading=\"lazy\" decoding=\"async\" class=\"size-thumbnail wp-image-113444 alignleft\" src=\"https:\/\/www.radiopiu.net\/wordpress\/wp-content\/uploads\/2020\/01\/NUOVA-INSEGNA-LUXOTTICA-150x150.jpg\" alt=\"\" width=\"150\" height=\"150\" \/><\/a>AGORDO<\/strong> Quattro sabati di straordinario incentivato, due per turno. \u00c8 quanto \u00e8 stato concordato per lo stabilimento Luxottica di Agordo tra azienda e RSU nelle ultime ore. Dal metallo alla plastica, tutte le aree saranno interessate dai sabati lavorativi. Chiamate al lavoro le maestranze che in quella settimana effettueranno il turno mattino. 3, 10 17 e 24 settembre le date che gli operai Luxottica di Agordo devono segnare sul calendario, queste le date per il metallo. Le aree iniettato invece lavoreranno solo i primi due sabati di settembre. Sulle bacheche aziendali \u00e8 presente il comunicato aziendale con tutte le date e i rispettivi reparti coinvolti. &#8220;<em>Viste le importanti necessit\u00e0 produttive per il mese prossimo &#8211; dicono i rappresentanti della UILTEC &#8211; \u00e8 stato firmato un accordo riguardante i sabati lavorativi di settembre. Sono previsti 1 o 2 sabati a seconda delle aree per quanto riguarda i reparti produttivi dello stabilimento. Teniamo solo a sottolineare che, dopo un confronto sul tema tra la RSU e l&#8217;azienda, sono stati concordati solamente sabati incentivati, i quali possono avere una maggiorazione fino al 100% in base alla presenza effettiva (che auspichiamo sar\u00e0 elevata). Sono stati concordati anche dei sabati incentivati per l&#8217;area Collaudi: anche in questo caso invitiamo i colleghi coinvolti a leggere l&#8217;accordo relativo all&#8217;area. A tutti ricordiamo &#8211; concludono i delegati UIL &#8211; che verr\u00e0 messo a disposizione il servizio di trasporto ma solo in base alle preadesioni effettuate dagli interessati su My personal desk entro il marted\u00ec precedente<\/em>&#8220;.<\/p>\n<p>&nbsp;<\/p>\n<p>&nbsp;<\/p>\n<hr \/>\n<p>&nbsp;<\/p>\n<blockquote>\n<h3>RAFFICA DI MULTE IN VALCOZZENA, MA GLI OPERAI ERANO STATI AVVISATI<\/h3>\n<\/blockquote>\n<p><strong><a class=\"dt-pswp-item\" href=\"https:\/\/www.radiopiu.net\/wordpress\/wp-content\/uploads\/2019\/10\/MAGLIA-LUXOTTICA.jpeg\" data-dt-img-description=\"\" data-large_image_width=\"1024\" data-large_image_height=\"1024\"><img loading=\"lazy\" decoding=\"async\" class=\"size-thumbnail wp-image-103580 alignleft\" src=\"https:\/\/www.radiopiu.net\/wordpress\/wp-content\/uploads\/2019\/10\/MAGLIA-LUXOTTICA-150x150.jpeg\" alt=\"\" width=\"150\" height=\"150\" srcset=\"https:\/\/www.radiopiu.net\/wordpress\/wp-content\/uploads\/2019\/10\/MAGLIA-LUXOTTICA-150x150.jpeg 150w, https:\/\/www.radiopiu.net\/wordpress\/wp-content\/uploads\/2019\/10\/MAGLIA-LUXOTTICA-300x300.jpeg 300w, https:\/\/www.radiopiu.net\/wordpress\/wp-content\/uploads\/2019\/10\/MAGLIA-LUXOTTICA-768x768.jpeg 768w, https:\/\/www.radiopiu.net\/wordpress\/wp-content\/uploads\/2019\/10\/MAGLIA-LUXOTTICA.jpeg 1024w\" sizes=\"auto, (max-width: 150px) 100vw, 150px\" \/><\/a>REDAZIONE<\/strong> \u00c8 arrivata in radio una segnalazione che riguarda i parcheggi in zona Valcozzena. La nostra ascoltatrice ci segnala che nella giornata di ieri la Polizia Locale \u00e8 intervenuta per fare delle contravvenzioni alle auto dei dipendenti che, non trovando parcheggio, hanno parcheggiato in zona ex Warm Agordino. &#8220;<em>Eravamo certamente fuori dai posteggi dedicati, ma sarebbe stato corretto da parte della Polizia Locale considerare che al momento diverse aree parcheggio non sono disponibili perch\u00e9 occupate da cantiere<\/em>&#8221; ci dice la nostra ascoltatrice. C&#8217;\u00e8 da precisare per\u00f2 che Luxottica aveva avvisato le maestranze proprio nella serata di domenica con un messaggio sms consigliando di parcheggiare a Tamonich o nelle altre zone di Agordo destinate a parcheggio. Infatti nell&#8217;ultima settimana Luxottica ha messo a disposizione un&#8217;ulteriore navetta per accompagnare al lavoro, oltre ai turnisti del pomeriggio, anche coloro che lavorano a giornata (orario 8-17). &#8220;<em>Previeni i disagi alla circolazione, parcheggia solo nei posti consentiti ed evita in questo modo multe e contravvenzioni<\/em>&#8221; diceva l&#8217;SMS inviato dall&#8217;azienda nelle ultime ore.<\/p>\n<p>&nbsp;<\/p>\n<p>&nbsp;<\/p>\n<hr \/>\n<p>&nbsp;<\/p>\n<blockquote>\n<h3>SCIVOLA NEL BOSCO MENTRE VA A FUNGHI<\/h3>\n<\/blockquote>\n<p><strong>LIVINALLONGO<\/strong> Attorno alle 10.15 di ieri il Soccorso alpino di Livinallongo \u00e8 stato attivato per una cercatrice di fungi che si era fatta male a un piede e non era piu in grado di proseguire. La 50enne di Livinallongo del Col di Lana (BL) si trovava nei boschi di localit\u00e0 Col de Teba, nelle vicinanze di Andraz, quando a seguito di una brutta scivolata aveva riportato un probabile trauma alla caviglia. La donna aveva cercato di scendere da sola, ma a un certo punto si era dovuta fermare per il dolore. Raggiunta subito dal marito, non appena sono sopraggiunti i soccorritori all&#8217;infortunata \u00e8 stato bloccato il piede. Caricata sul pick up della Stazione, \u00e8 stata quindi accompagnata al rendez vous con l&#8217;ambulanza diretta all&#8217;ospedale di Agordo.<\/p>\n<p>&nbsp;<\/p>\n<p>&nbsp;<\/p>\n<hr \/>\n<p>&nbsp;<\/p>\n<blockquote>\n<h3>AIUTATO UNO STAMBECCO SUL LAGO DI SORAPIS, AVEVA INGOIATO UNA LATTA DI TONNO<\/h3>\n<\/blockquote>\n<p><strong>CORTINA<\/strong> L\u2019aiuto per uno stambecco ferito alla bocca \u00e8 arrivato dal cielo con il trasporto da parte dell\u2019elicottero dei Vigili del Fuoco Drago 139, di un veterinario e di una guardia provinciale nei pressi del lago di Sorapis a circa 2000 metri di quota. \u00c8 accaduto domenica pomeriggio, quando una guardia parco di Cortina D\u2019Ampezzo e i Carabinieri Forestali hanno dato l\u2019allarme per lo stambecco ferito. Il veterinario e una guardia provinciale sono stati sbarcati poco sopra il lago di Sorapis per prestare soccorso all\u2019animale. Dopo essere stato anestetizzato il veterinario \u00e8 riuscito a togliere dalla bocca una scatoletta arrugginita di tonno, che impediva il movimento della lingua. Passato l\u2019effetto dell\u2019anestetizzante lo stambecco si \u00e8 rimesso in piedi e ha ripreso a saltare e dominare le Dolomiti.<\/p>\n<div style=\"width: 848px;\" class=\"wp-video\"><video class=\"wp-video-shortcode\" id=\"video-295001-1\" width=\"848\" height=\"480\" preload=\"metadata\" controls=\"controls\"><source type=\"video\/mp4\" src=\"https:\/\/www.radiopiu.net\/wordpress\/wp-content\/uploads\/2022\/08\/WhatsApp-Video-2022-08-29-at-09.56.38.mp4?_=1\" \/><a href=\"https:\/\/www.radiopiu.net\/wordpress\/wp-content\/uploads\/2022\/08\/WhatsApp-Video-2022-08-29-at-09.56.38.mp4\">https:\/\/www.radiopiu.net\/wordpress\/wp-content\/uploads\/2022\/08\/WhatsApp-Video-2022-08-29-at-09.56.38.mp4<\/a><\/video><\/div>\n<p>&nbsp;<\/p>\n\n\t\t\t<style type='text\/css'>\n\t\t\t\t#gallery-1 {\n\t\t\t\t\tmargin: auto;\n\t\t\t\t}\n\t\t\t\t#gallery-1 .gallery-item {\n\t\t\t\t\tfloat: left;\n\t\t\t\t\tmargin-top: 10px;\n\t\t\t\t\ttext-align: center;\n\t\t\t\t\twidth: 33%;\n\t\t\t\t}\n\t\t\t\t#gallery-1 img {\n\t\t\t\t\tborder: 2px solid #cfcfcf;\n\t\t\t\t}\n\t\t\t\t#gallery-1 .gallery-caption {\n\t\t\t\t\tmargin-left: 0;\n\t\t\t\t}\n\t\t\t\t\/* see gallery_shortcode() in wp-includes\/media.php *\/\n\t\t\t<\/style>\n\t\t<div id='gallery-1' class='dt-gallery-container gallery galleryid-295001 gallery-columns-3 gallery-size-thumbnail'><dl class='gallery-item'>\n\t\t\t\t<dt class='gallery-icon landscape'>\n\t\t\t\t\t<a class=\"rollover rollover-zoom dt-pswp-item\" title=\"a50da27e-ecea-4ca6-a8ca-c6a3d6730ad7\" data-dt-img-description=\"\" data-large_image_width=\"1072\" data-large_image_height=\"639\"href='https:\/\/www.radiopiu.net\/wordpress\/wp-content\/uploads\/2022\/08\/a50da27e-ecea-4ca6-a8ca-c6a3d6730ad7.jpg'><img loading=\"lazy\" decoding=\"async\" width=\"150\" height=\"150\" src=\"https:\/\/www.radiopiu.net\/wordpress\/wp-content\/uploads\/2022\/08\/a50da27e-ecea-4ca6-a8ca-c6a3d6730ad7-150x150.jpg\" class=\"attachment-thumbnail size-thumbnail\" alt=\"\" \/><\/a>\n\t\t\t\t<\/dt><\/dl><dl class='gallery-item'>\n\t\t\t\t<dt class='gallery-icon landscape'>\n\t\t\t\t\t<a class=\"rollover rollover-zoom dt-pswp-item\" title=\"7946468a-f331-4d41-8250-bd9c52c2a454\" data-dt-img-description=\"\" data-large_image_width=\"1324\" data-large_image_height=\"777\"href='https:\/\/www.radiopiu.net\/wordpress\/wp-content\/uploads\/2022\/08\/7946468a-f331-4d41-8250-bd9c52c2a454.jpg'><img loading=\"lazy\" decoding=\"async\" width=\"150\" height=\"150\" src=\"https:\/\/www.radiopiu.net\/wordpress\/wp-content\/uploads\/2022\/08\/7946468a-f331-4d41-8250-bd9c52c2a454-150x150.jpg\" class=\"attachment-thumbnail size-thumbnail\" alt=\"\" \/><\/a>\n\t\t\t\t<\/dt><\/dl><dl class='gallery-item'>\n\t\t\t\t<dt class='gallery-icon landscape'>\n\t\t\t\t\t<a class=\"rollover rollover-zoom dt-pswp-item\" title=\"5be00e86-8cb9-440c-a664-efd5244eaa97\" data-dt-img-description=\"\" data-large_image_width=\"1375\" data-large_image_height=\"777\"href='https:\/\/www.radiopiu.net\/wordpress\/wp-content\/uploads\/2022\/08\/5be00e86-8cb9-440c-a664-efd5244eaa97.jpg'><img loading=\"lazy\" decoding=\"async\" width=\"150\" height=\"150\" src=\"https:\/\/www.radiopiu.net\/wordpress\/wp-content\/uploads\/2022\/08\/5be00e86-8cb9-440c-a664-efd5244eaa97-150x150.jpg\" class=\"attachment-thumbnail size-thumbnail\" alt=\"\" \/><\/a>\n\t\t\t\t<\/dt><\/dl><br style=\"clear: both\" \/>\n\t\t\t<\/div>\n\n<p>&nbsp;<\/p>\n<hr \/>\n<p>&nbsp;<\/p>\n<blockquote>\n<h3>I PROGETTI DEL COMUNE DI GOSALDO CON I FONDI COMUNI CONFINANTI<\/h3>\n<\/blockquote>\n<p><strong><a class=\"dt-pswp-item\" href=\"https:\/\/www.radiopiu.net\/wordpress\/wp-content\/uploads\/2020\/10\/79c9f1e1-b965-41be-9cbf-10134d99e6d6.jpg\" data-dt-img-description=\"\" data-large_image_width=\"2048\" data-large_image_height=\"1024\"><img loading=\"lazy\" decoding=\"async\" class=\"size-thumbnail wp-image-164723 alignleft\" src=\"https:\/\/www.radiopiu.net\/wordpress\/wp-content\/uploads\/2020\/10\/79c9f1e1-b965-41be-9cbf-10134d99e6d6-150x150.jpg\" alt=\"\" width=\"150\" height=\"150\" \/><\/a>GOSALDO<\/strong><\/p>\n<p>di Gianni Santomaso<\/p>\n<audio class=\"wp-audio-shortcode\" id=\"audio-295001-2\" preload=\"none\" style=\"width: 100%;\" controls=\"controls\"><source type=\"audio\/mpeg\" src=\"https:\/\/www.radiopiu.net\/wordpress\/wp-content\/uploads\/2022\/08\/GIANNI-I-PROGETTI-DEL-COMUNE-DI-GOSALDO-CON-I-FONDI-COMUNI-CONFINANTI.mp3?_=2\" \/><a href=\"https:\/\/www.radiopiu.net\/wordpress\/wp-content\/uploads\/2022\/08\/GIANNI-I-PROGETTI-DEL-COMUNE-DI-GOSALDO-CON-I-FONDI-COMUNI-CONFINANTI.mp3\">https:\/\/www.radiopiu.net\/wordpress\/wp-content\/uploads\/2022\/08\/GIANNI-I-PROGETTI-DEL-COMUNE-DI-GOSALDO-CON-I-FONDI-COMUNI-CONFINANTI.mp3<\/a><\/audio>\n<p>&nbsp;<\/p>\n<p>&nbsp;<\/p>\n<hr \/>\n<p>&nbsp;<\/p>\n<blockquote>\n<h3>I VIGILI DEL FUOCO DI CAPRILE HANNO PARTECIPATO ALL&#8217;ANNIVERSARIO DELL&#8217;INCENDIO DI CALALZO<\/h3>\n<\/blockquote>\n<p><strong>CALALZO DI CADORE\u00a0<\/strong> I Vigili del Fuoco volontari di Caprile hanno partecipato alla manifestazione di Calalzo in occasione della ricorrenza del 70\u00ba anniversario dell&#8217;incendio di Calalzo di Cadore. Hanno eseguito il tricolore effettuato con manichette e lance. Prima dell&#8217;esibizione la Santa Messa celebrata da Don Simone, parroco originario di Rocca Pietore, il quale nell&#8217;omelia ha espresso parole di elogio per il mondo del volontariato in generale e in particolare per i Vigili del Fuoco volontari. Il parroco ha ricordato anche i Vigili del Fuoco di Caprile e le comunit\u00e0 dell&#8217;Alto Cordevole. Una giornata importante per l&#8217;intera provincia nonch\u00e9 per tutti i pompieri volontari.<\/p>\n\n\t\t\t<style type='text\/css'>\n\t\t\t\t#gallery-2 {\n\t\t\t\t\tmargin: auto;\n\t\t\t\t}\n\t\t\t\t#gallery-2 .gallery-item {\n\t\t\t\t\tfloat: left;\n\t\t\t\t\tmargin-top: 10px;\n\t\t\t\t\ttext-align: center;\n\t\t\t\t\twidth: 33%;\n\t\t\t\t}\n\t\t\t\t#gallery-2 img {\n\t\t\t\t\tborder: 2px solid #cfcfcf;\n\t\t\t\t}\n\t\t\t\t#gallery-2 .gallery-caption {\n\t\t\t\t\tmargin-left: 0;\n\t\t\t\t}\n\t\t\t\t\/* see gallery_shortcode() in wp-includes\/media.php *\/\n\t\t\t<\/style>\n\t\t<div id='gallery-2' class='dt-gallery-container gallery galleryid-295001 gallery-columns-3 gallery-size-thumbnail'><dl class='gallery-item'>\n\t\t\t\t<dt class='gallery-icon landscape'>\n\t\t\t\t\t<a class=\"rollover rollover-zoom dt-pswp-item\" title=\"289b91f4-1f7a-4717-9a3e-09031f3c67b6\" data-dt-img-description=\"\" data-large_image_width=\"1600\" data-large_image_height=\"1200\"href='https:\/\/www.radiopiu.net\/wordpress\/wp-content\/uploads\/2022\/08\/289b91f4-1f7a-4717-9a3e-09031f3c67b6.jpg'><img loading=\"lazy\" decoding=\"async\" width=\"150\" height=\"150\" src=\"https:\/\/www.radiopiu.net\/wordpress\/wp-content\/uploads\/2022\/08\/289b91f4-1f7a-4717-9a3e-09031f3c67b6-150x150.jpg\" class=\"attachment-thumbnail size-thumbnail\" alt=\"\" \/><\/a>\n\t\t\t\t<\/dt><\/dl><dl class='gallery-item'>\n\t\t\t\t<dt class='gallery-icon portrait'>\n\t\t\t\t\t<a class=\"rollover rollover-zoom dt-pswp-item\" title=\"a818e951-550a-4d75-a915-daddf9308848\" data-dt-img-description=\"\" data-large_image_width=\"1200\" data-large_image_height=\"1600\"href='https:\/\/www.radiopiu.net\/wordpress\/wp-content\/uploads\/2022\/08\/a818e951-550a-4d75-a915-daddf9308848.jpg'><img loading=\"lazy\" decoding=\"async\" width=\"150\" height=\"150\" src=\"https:\/\/www.radiopiu.net\/wordpress\/wp-content\/uploads\/2022\/08\/a818e951-550a-4d75-a915-daddf9308848-150x150.jpg\" class=\"attachment-thumbnail size-thumbnail\" alt=\"\" \/><\/a>\n\t\t\t\t<\/dt><\/dl><dl class='gallery-item'>\n\t\t\t\t<dt class='gallery-icon portrait'>\n\t\t\t\t\t<a class=\"rollover rollover-zoom dt-pswp-item\" title=\"9ab55790-e5b5-4e49-acfb-2335ba7638e0\" data-dt-img-description=\"\" data-large_image_width=\"1536\" data-large_image_height=\"2048\"href='https:\/\/www.radiopiu.net\/wordpress\/wp-content\/uploads\/2022\/08\/9ab55790-e5b5-4e49-acfb-2335ba7638e0.jpg'><img loading=\"lazy\" decoding=\"async\" width=\"150\" height=\"150\" src=\"https:\/\/www.radiopiu.net\/wordpress\/wp-content\/uploads\/2022\/08\/9ab55790-e5b5-4e49-acfb-2335ba7638e0-150x150.jpg\" class=\"attachment-thumbnail size-thumbnail\" alt=\"\" \/><\/a>\n\t\t\t\t<\/dt><\/dl><br style=\"clear: both\" \/>\n\t\t\t<\/div>\n\n<p>&nbsp;<\/p>\n<hr \/>\n<p>&nbsp;<\/p>\n<blockquote>\n<h3>LA &#8220;RUOTA&#8221; IN PIETRA RITROVATA IN VALCOZZENA RISALE AL FINE 800<\/h3>\n<\/blockquote>\n<p><strong>AGORDO<\/strong> Ne abbiamo gi\u00e0 parlato alcuni giorni fa del ritrovamento, durante i lavori per la nuova viabilit\u00e0 in Valcozzena, di una ruota in pietra. Ora ci viene in aiuto Bruno Valcozzena che nei giorni scorsi ha voluto approfondire la provenienza della grande &#8220;mola&#8221;. &#8220;<em>A fine 800 inizio 900 nel torrente Bisoliga in frazione Brugnach, dove tuttora stanno sistemando gli argini, ci stava un mulino alimentato dall&#8217;acqua del torrente &#8211; ci racconta Bruno &#8211; probabilmente \u00e8 partita da l\u00ec la mola, prima dell&#8217;alluvione del 66. Agli inizi del 900 c&#8217;era stata un&#8217;altra alluvione e, parlando con le persone anziane della frazione, c&#8217;era anche un mulino e anche un&#8217;officina di un fabbro dove il maglio per battere il ferro era alimentato sempre dal torrente Bisoliga<\/em>&#8220;.<\/p>\n\n\t\t\t<style type='text\/css'>\n\t\t\t\t#gallery-3 {\n\t\t\t\t\tmargin: auto;\n\t\t\t\t}\n\t\t\t\t#gallery-3 .gallery-item {\n\t\t\t\t\tfloat: left;\n\t\t\t\t\tmargin-top: 10px;\n\t\t\t\t\ttext-align: center;\n\t\t\t\t\twidth: 25%;\n\t\t\t\t}\n\t\t\t\t#gallery-3 img {\n\t\t\t\t\tborder: 2px solid #cfcfcf;\n\t\t\t\t}\n\t\t\t\t#gallery-3 .gallery-caption {\n\t\t\t\t\tmargin-left: 0;\n\t\t\t\t}\n\t\t\t\t\/* see gallery_shortcode() in wp-includes\/media.php *\/\n\t\t\t<\/style>\n\t\t<div id='gallery-3' class='dt-gallery-container gallery galleryid-295001 gallery-columns-4 gallery-size-thumbnail'><dl class='gallery-item'>\n\t\t\t\t<dt class='gallery-icon portrait'>\n\t\t\t\t\t<a class=\"rollover rollover-zoom dt-pswp-item\" title=\"226e008f-ec14-4ec2-89fe-079f1e4620db\" data-dt-img-description=\"\" data-large_image_width=\"769\" data-large_image_height=\"1037\"href='https:\/\/www.radiopiu.net\/wordpress\/wp-content\/uploads\/2022\/08\/226e008f-ec14-4ec2-89fe-079f1e4620db.jpg'><img loading=\"lazy\" decoding=\"async\" width=\"150\" height=\"150\" src=\"https:\/\/www.radiopiu.net\/wordpress\/wp-content\/uploads\/2022\/08\/226e008f-ec14-4ec2-89fe-079f1e4620db-150x150.jpg\" class=\"attachment-thumbnail size-thumbnail\" alt=\"\" \/><\/a>\n\t\t\t\t<\/dt><\/dl><dl class='gallery-item'>\n\t\t\t\t<dt class='gallery-icon portrait'>\n\t\t\t\t\t<a class=\"rollover rollover-zoom dt-pswp-item\" title=\"d89737a5-8f71-400b-a632-1d1dcc75cb4c\" data-dt-img-description=\"\" data-large_image_width=\"1500\" data-large_image_height=\"2000\"href='https:\/\/www.radiopiu.net\/wordpress\/wp-content\/uploads\/2022\/08\/d89737a5-8f71-400b-a632-1d1dcc75cb4c.jpg'><img loading=\"lazy\" decoding=\"async\" width=\"150\" height=\"150\" src=\"https:\/\/www.radiopiu.net\/wordpress\/wp-content\/uploads\/2022\/08\/d89737a5-8f71-400b-a632-1d1dcc75cb4c-150x150.jpg\" class=\"attachment-thumbnail size-thumbnail\" alt=\"\" \/><\/a>\n\t\t\t\t<\/dt><\/dl><dl class='gallery-item'>\n\t\t\t\t<dt class='gallery-icon portrait'>\n\t\t\t\t\t<a class=\"rollover rollover-zoom dt-pswp-item\" title=\"6198552d-25e4-4d72-bd3a-dc360830a46e\" data-dt-img-description=\"\" data-large_image_width=\"1500\" data-large_image_height=\"2000\"href='https:\/\/www.radiopiu.net\/wordpress\/wp-content\/uploads\/2022\/08\/6198552d-25e4-4d72-bd3a-dc360830a46e.jpg'><img loading=\"lazy\" decoding=\"async\" width=\"150\" height=\"150\" src=\"https:\/\/www.radiopiu.net\/wordpress\/wp-content\/uploads\/2022\/08\/6198552d-25e4-4d72-bd3a-dc360830a46e-150x150.jpg\" class=\"attachment-thumbnail size-thumbnail\" alt=\"\" \/><\/a>\n\t\t\t\t<\/dt><\/dl><dl class='gallery-item'>\n\t\t\t\t<dt class='gallery-icon portrait'>\n\t\t\t\t\t<a class=\"rollover rollover-zoom dt-pswp-item\" title=\"65568a0e-5ff8-4499-9216-c8b83b04727e\" data-dt-img-description=\"\" data-large_image_width=\"1500\" data-large_image_height=\"2000\"href='https:\/\/www.radiopiu.net\/wordpress\/wp-content\/uploads\/2022\/08\/65568a0e-5ff8-4499-9216-c8b83b04727e.jpg'><img loading=\"lazy\" decoding=\"async\" width=\"150\" height=\"150\" src=\"https:\/\/www.radiopiu.net\/wordpress\/wp-content\/uploads\/2022\/08\/65568a0e-5ff8-4499-9216-c8b83b04727e-150x150.jpg\" class=\"attachment-thumbnail size-thumbnail\" alt=\"\" \/><\/a>\n\t\t\t\t<\/dt><\/dl><br style=\"clear: both\" \/>\n\t\t\t<\/div>\n\n<p>&nbsp;<\/p>\n<hr \/>\n<p>&nbsp;<\/p>\n<blockquote>\n<h3>PER OTTOBRE POTREBBE APRIRE IL RIFUGIO CAVALLERA<\/h3>\n<\/blockquote>\n<p><strong><a class=\"dt-pswp-item\" href=\"https:\/\/www.radiopiu.net\/wordpress\/wp-content\/uploads\/2020\/08\/Rifugio-Cavallera.png\" data-dt-img-description=\"\" data-large_image_width=\"1602\" data-large_image_height=\"892\"><img loading=\"lazy\" decoding=\"async\" class=\"size-thumbnail wp-image-154301 alignleft\" src=\"https:\/\/www.radiopiu.net\/wordpress\/wp-content\/uploads\/2020\/08\/Rifugio-Cavallera-150x150.png\" alt=\"\" width=\"150\" height=\"150\" \/><\/a>GOSALDO<\/strong><\/p>\n<p>di Gianni Santomaso<\/p>\n<audio class=\"wp-audio-shortcode\" id=\"audio-295001-3\" preload=\"none\" style=\"width: 100%;\" controls=\"controls\"><source type=\"audio\/mpeg\" src=\"https:\/\/www.radiopiu.net\/wordpress\/wp-content\/uploads\/2022\/08\/GIANNI-PER-OTTOBRE-POTREBBE-APRIRE-IL-RIFUGIO-CAVALLERA.mp3?_=3\" \/><a href=\"https:\/\/www.radiopiu.net\/wordpress\/wp-content\/uploads\/2022\/08\/GIANNI-PER-OTTOBRE-POTREBBE-APRIRE-IL-RIFUGIO-CAVALLERA.mp3\">https:\/\/www.radiopiu.net\/wordpress\/wp-content\/uploads\/2022\/08\/GIANNI-PER-OTTOBRE-POTREBBE-APRIRE-IL-RIFUGIO-CAVALLERA.mp3<\/a><\/audio>\n<p>&nbsp;<\/p>\n<hr \/>\n<p>&nbsp;<\/p>\n<blockquote>\n<h3>DILLO A RADIO PIU&#8217;&#8230;IL BOSTRICO IN COMELICO<\/h3>\n<\/blockquote>\n<p><strong><a class=\"dt-pswp-item\" href=\"https:\/\/www.radiopiu.net\/wordpress\/wp-content\/uploads\/2021\/10\/BOSTRICO.jpg\" data-dt-img-description=\"\" data-large_image_width=\"2048\" data-large_image_height=\"1536\"><img loading=\"lazy\" decoding=\"async\" class=\"size-thumbnail wp-image-239763 alignleft\" src=\"https:\/\/www.radiopiu.net\/wordpress\/wp-content\/uploads\/2021\/10\/BOSTRICO-150x150.jpg\" alt=\"\" width=\"150\" height=\"150\" \/><\/a>REDAZIONE<\/strong> Riceviamo e pubblichiamo una considerazione in merito all&#8217;articolo comparso nelle ultime ore sul nostro sito riguardo il bostrico a firma di Tiziano De Col. Le precisazioni arrivano da Stefano, ascoltatore del Comelico.<\/p>\n<blockquote><p><em>Mi permetto di dissentire, almeno per quanto riguarda il territorio comeliano, dal recente articolo sul bostrico di Tiziano De Col. Sono stato presidente della Regola di Valle nel comune di San Pietro per il quinquennio 2017\/2022 e ora conservo lo status di amministratore e la carica di vice e, mentre posso confermare che i piani di riassetto forestale di cui le Regole sono dotate ex Legge, sono, da anni, elaborati e redatti sulla base di stime e non gi\u00e0 previo rilievo in bosco, non posso per\u00f2 avvalorare la tesi della mancanza di cura e attenzione nella gestione selvicolturale delle nostre foreste; fortunatamente il 70% dei boschi del nostro territorio \u00e8 di propriet\u00e0 delle Regole che con Vaia prima, gli schianti da neve nel 2020\/21 e ora il bostrico, hanno subito e stanno subendo un enorme danno ambientale che, non posso nasconderlo, \u00e8 indubbiamente anche di natura economica se pensiamo che i bilanci regolieri si basavano quasi prevalentemente sugli introiti derivanti dalla vendita dei lotti boschivi. I nostri boschi erano la rappresentazione di una gestione millenaria basata sulla selezione e coltivazione delle piante con effetti positivi anche per la biodiversit\u00e0 che da molte parti viene riconosciuta al nostro territorio. Nonostante l&#8217;attenzione e la cura dei boschi, la natura ha comunque fatto il suo corso (Vaia &amp; co) come ora lo sta facendo con questa invasione del bostrico che non ha attaccato boschi incolti e affetti da incuria o abbandono, ma boschi che venivano regolarmente &#8220;condotti&#8221; da secoli con attenzione e cura e che sono per\u00f2, ahinoi, stati pesantemente provati dalle intense raffiche di vento di fine ottobre 2018. Fare quindi di &#8220;ogni erba un fascio&#8221; non \u00e8 poi cos\u00ec corretto, ma porsi le giuste domande in merito ad un diverso approccio di fronte a madre natura e agli evidenti cambiamenti climatici beh, questo si, indubbiamente! Ricordo che solo dalla Val Visdende (area pi\u00f9 colpita da queste avversit\u00e0) abbiamo allestiti e trasportati via oltre 250.000 metri cubi di legname &#8220;ex Vaia&#8221; per i quali ci eravamo dati un limite temporale di 3 anni, ovviamente disatteso da ci\u00f2 che \u00e8 successo nell&#8217;inverno 2020\/21 e da quello che sta succedendo ora con il bostrico. Diversificare le specie \u00e8 senz&#8217;altro un buon punto di partenza, ma poi la natura sa il fatto suo e laddove ha raso al suolo, sar\u00e0 capace di riportare la vita, anche pi\u00f9 rigogliosa di prima. Gli eventi eccezionali e l&#8217;attuale crisi energetica deve forse portarci ad un ripensamento della gestione forestale e perch\u00e9 no, appunto ad una diversificazione del bosco introducendo anche quelle specie a crescita rapida, in grado di rinvigorire la macchia, proteggere il sottobosco e il substrato vegetale in genere, ma anche fornire, in modo pi\u00f9 sostenibile, materia prima da cui ricavare energia rinnovabile e non solo.<\/em><\/p>\n<p><em>Stefano<\/em><\/p><\/blockquote>\n<p>&nbsp;<\/p>\n<p>&nbsp;<\/p>\n<hr \/>\n<p>&nbsp;<\/p>\n<blockquote class=\"wp-embedded-content\" data-secret=\"DagDtXqkMX\"><p><a href=\"https:\/\/www.radiopiu.net\/wordpress\/aggnazionaleagosto29\/\">CORONAVIRUS: AGGIORNAMENTO NAZIONALE 29 AGOSTO 2022<\/a><\/p><\/blockquote>\n<p><iframe loading=\"lazy\" class=\"wp-embedded-content\" sandbox=\"allow-scripts\" security=\"restricted\" style=\"position: absolute; clip: rect(1px, 1px, 1px, 1px);\" title=\"&#8220;CORONAVIRUS: AGGIORNAMENTO NAZIONALE 29 AGOSTO 2022&#8221; &#8212; Radio Pi\u00f9\" src=\"https:\/\/www.radiopiu.net\/wordpress\/aggnazionaleagosto29\/embed\/#?secret=CVq7xVm7AN#?secret=DagDtXqkMX\" data-secret=\"DagDtXqkMX\" width=\"600\" height=\"338\" frameborder=\"0\" marginwidth=\"0\" marginheight=\"0\" scrolling=\"no\"><\/iframe><\/p>\n<p>&nbsp;<\/p>\n<blockquote class=\"wp-embedded-content\" data-secret=\"DRKGrZU32t\"><p><a href=\"https:\/\/www.radiopiu.net\/wordpress\/aziendazeroagosto29\/\">SONO 689 I NUOVI POSITIVI DELLE ULTIME 24 ORE. CINQUE I DECESSI<\/a><\/p><\/blockquote>\n<p><iframe loading=\"lazy\" class=\"wp-embedded-content\" sandbox=\"allow-scripts\" security=\"restricted\" style=\"position: absolute; clip: rect(1px, 1px, 1px, 1px);\" title=\"&#8220;SONO 689 I NUOVI POSITIVI DELLE ULTIME 24 ORE. CINQUE I DECESSI&#8221; &#8212; Radio Pi\u00f9\" src=\"https:\/\/www.radiopiu.net\/wordpress\/aziendazeroagosto29\/embed\/#?secret=uYrKgU73WC#?secret=DRKGrZU32t\" data-secret=\"DRKGrZU32t\" width=\"600\" height=\"338\" frameborder=\"0\" marginwidth=\"0\" marginheight=\"0\" scrolling=\"no\"><\/iframe><\/p>\n<p>&nbsp;<\/p>\n<h2>I GRAFICI DI TIZIANO DE COL<\/h2>\n\n\t\t\t<style type='text\/css'>\n\t\t\t\t#gallery-4 {\n\t\t\t\t\tmargin: auto;\n\t\t\t\t}\n\t\t\t\t#gallery-4 .gallery-item {\n\t\t\t\t\tfloat: left;\n\t\t\t\t\tmargin-top: 10px;\n\t\t\t\t\ttext-align: center;\n\t\t\t\t\twidth: 33%;\n\t\t\t\t}\n\t\t\t\t#gallery-4 img {\n\t\t\t\t\tborder: 2px solid #cfcfcf;\n\t\t\t\t}\n\t\t\t\t#gallery-4 .gallery-caption {\n\t\t\t\t\tmargin-left: 0;\n\t\t\t\t}\n\t\t\t\t\/* see gallery_shortcode() in wp-includes\/media.php *\/\n\t\t\t<\/style>\n\t\t<div id='gallery-4' class='dt-gallery-container gallery galleryid-295001 gallery-columns-3 gallery-size-thumbnail'><dl class='gallery-item'>\n\t\t\t\t<dt class='gallery-icon landscape'>\n\t\t\t\t\t<a class=\"rollover rollover-zoom dt-pswp-item\" title=\"bddb44af-713c-45ab-b062-be17a426aa02\" data-dt-img-description=\"\" data-large_image_width=\"616\" data-large_image_height=\"362\"href='https:\/\/www.radiopiu.net\/wordpress\/wp-content\/uploads\/2022\/08\/bddb44af-713c-45ab-b062-be17a426aa02.jpg'><img loading=\"lazy\" decoding=\"async\" width=\"150\" height=\"150\" src=\"https:\/\/www.radiopiu.net\/wordpress\/wp-content\/uploads\/2022\/08\/bddb44af-713c-45ab-b062-be17a426aa02-150x150.jpg\" class=\"attachment-thumbnail size-thumbnail\" alt=\"\" \/><\/a>\n\t\t\t\t<\/dt><\/dl><dl class='gallery-item'>\n\t\t\t\t<dt class='gallery-icon landscape'>\n\t\t\t\t\t<a class=\"rollover rollover-zoom dt-pswp-item\" title=\"efba92ba-302f-464c-9bbc-1b10f354cdf9\" data-dt-img-description=\"\" data-large_image_width=\"610\" data-large_image_height=\"357\"href='https:\/\/www.radiopiu.net\/wordpress\/wp-content\/uploads\/2022\/08\/efba92ba-302f-464c-9bbc-1b10f354cdf9.jpg'><img loading=\"lazy\" decoding=\"async\" width=\"150\" height=\"150\" src=\"https:\/\/www.radiopiu.net\/wordpress\/wp-content\/uploads\/2022\/08\/efba92ba-302f-464c-9bbc-1b10f354cdf9-150x150.jpg\" class=\"attachment-thumbnail size-thumbnail\" alt=\"\" \/><\/a>\n\t\t\t\t<\/dt><\/dl><dl class='gallery-item'>\n\t\t\t\t<dt class='gallery-icon landscape'>\n\t\t\t\t\t<a class=\"rollover rollover-zoom dt-pswp-item\" title=\"d5ea41a2-cf18-450f-99ac-95e58d9125e7\" data-dt-img-description=\"\" data-large_image_width=\"612\" data-large_image_height=\"360\"href='https:\/\/www.radiopiu.net\/wordpress\/wp-content\/uploads\/2022\/08\/d5ea41a2-cf18-450f-99ac-95e58d9125e7.jpg'><img loading=\"lazy\" decoding=\"async\" width=\"150\" height=\"150\" src=\"https:\/\/www.radiopiu.net\/wordpress\/wp-content\/uploads\/2022\/08\/d5ea41a2-cf18-450f-99ac-95e58d9125e7-150x150.jpg\" class=\"attachment-thumbnail size-thumbnail\" alt=\"\" \/><\/a>\n\t\t\t\t<\/dt><\/dl><br style=\"clear: both\" \/><dl class='gallery-item'>\n\t\t\t\t<dt class='gallery-icon landscape'>\n\t\t\t\t\t<a class=\"rollover rollover-zoom dt-pswp-item\" title=\"520bbe42-97d2-4a71-963a-d84912c1a181\" data-dt-img-description=\"\" data-large_image_width=\"624\" data-large_image_height=\"355\"href='https:\/\/www.radiopiu.net\/wordpress\/wp-content\/uploads\/2022\/08\/520bbe42-97d2-4a71-963a-d84912c1a181.jpg'><img loading=\"lazy\" decoding=\"async\" width=\"150\" height=\"150\" src=\"https:\/\/www.radiopiu.net\/wordpress\/wp-content\/uploads\/2022\/08\/520bbe42-97d2-4a71-963a-d84912c1a181-150x150.jpg\" class=\"attachment-thumbnail size-thumbnail\" alt=\"\" \/><\/a>\n\t\t\t\t<\/dt><\/dl><dl class='gallery-item'>\n\t\t\t\t<dt class='gallery-icon landscape'>\n\t\t\t\t\t<a class=\"rollover rollover-zoom dt-pswp-item\" title=\"55d36ddd-0f6c-4fcb-a735-9d767b5e0f1c\" data-dt-img-description=\"\" data-large_image_width=\"610\" data-large_image_height=\"364\"href='https:\/\/www.radiopiu.net\/wordpress\/wp-content\/uploads\/2022\/08\/55d36ddd-0f6c-4fcb-a735-9d767b5e0f1c.jpg'><img loading=\"lazy\" decoding=\"async\" width=\"150\" height=\"150\" src=\"https:\/\/www.radiopiu.net\/wordpress\/wp-content\/uploads\/2022\/08\/55d36ddd-0f6c-4fcb-a735-9d767b5e0f1c-150x150.jpg\" class=\"attachment-thumbnail size-thumbnail\" alt=\"\" \/><\/a>\n\t\t\t\t<\/dt><\/dl><dl class='gallery-item'>\n\t\t\t\t<dt class='gallery-icon landscape'>\n\t\t\t\t\t<a class=\"rollover rollover-zoom dt-pswp-item\" title=\"794fec32-89a2-4d5a-b493-02177739b491\" data-dt-img-description=\"\" data-large_image_width=\"616\" data-large_image_height=\"354\"href='https:\/\/www.radiopiu.net\/wordpress\/wp-content\/uploads\/2022\/08\/794fec32-89a2-4d5a-b493-02177739b491.jpg'><img loading=\"lazy\" decoding=\"async\" width=\"150\" height=\"150\" src=\"https:\/\/www.radiopiu.net\/wordpress\/wp-content\/uploads\/2022\/08\/794fec32-89a2-4d5a-b493-02177739b491-150x150.jpg\" class=\"attachment-thumbnail size-thumbnail\" alt=\"\" \/><\/a>\n\t\t\t\t<\/dt><\/dl><br style=\"clear: both\" \/>\n\t\t\t<\/div>\n\n<p>&nbsp;<\/p>\n<hr \/>\n<p>&nbsp;<\/p>\n<blockquote>\n<h3>COVID IN PROVINCIA: CALANO LEGGERMENTE I CASI, 4 DECESSI NEGLI ULTIMI 7 GIORNI E 40 PERSONE RICOVERATE NEGLI OSPEDALI BELLUNESI<\/h3>\n<\/blockquote>\n<p><strong>BELLUNO<\/strong> Aggiornamento settimanale sulla situazione epidemiologica in provincia di Belluno a cura dell&#8217;Ulss 1 dolomiti. Le persone attualmente positive sono 1505. Anche nella settimana qui analizzata si registra una lieve diminuzione dei nuovi casi rispetto al precedente periodo di osservazione. Nel dettaglio, i nuovi casi rilevati nell\u2019ultima settimana sono 614 (-84 rispetto alla scorsa settimana), con un conseguente tasso di incidenza settimanale di 309 casi su 100 mila abitanti, in lieve diminuzione rispetto al precedente periodo di osservazione, ma superiore all&#8217;incidenza nazionale (265 su 100 mila abitanti). Pur se in evidente rallentamento, la circolazione virale di SARS-CoV-2 rimane consistente, determinando una casistica circa 6 volte superiore alla soglia epidemica (50 casi settimanali su 100.000 abitanti). Ci\u00f2 raccomanda la necessit\u00e0 di mantenere attivi i comportamenti preventivi. Nella settimana scorsa sono stati eseguiti dai team dell\u2019Ulss Dolomiti 5.508 tamponi (di cui 2.140 molecolari e 3.368 antigenici). A questi si aggiungono 1.697 tamponi antigenici eseguiti dalle Farmacie del territorio, 36 tamponi eseguiti dai Pediatri di Libera scelta e 171 tamponi eseguiti dai Medici di Medicina Generale. In media, ogni giorno vengono eseguiti circa 530 tamponi ogni 100 mila abitanti. Sono stati somministrati 6 trattamenti con anticorpi monoclonali dall\u2019Unit\u00e0 Operativa di Malattie Infettive di Belluno, per un totale di 473 dosi complessive; sono stati prescritti 12 trattamenti con farmaco antivirale orale per un totale di 429 trattamenti complessivi. Sono attualmente ricoverati 33 pazienti in area non critica di cui 16 non covid, 2 in terapia intensiva e 5 negli ospedali di comunit\u00e0. Negli ultimi sette giorni sono decedute 4 persone: un uomo di86 anni, un uomo di 92 anni, un uomo di 82 anni e un uomo di 91 anni. <span class=\"Carpredefinitoparagrafo1\">Ad oggi sono state somministrate 13.883 dosi di second booster (quarte dosi). \u00c8 stato vaccinato il 51,1% degli eleggibili over 80.<\/span><\/p>\n\n\t\t\t<style type='text\/css'>\n\t\t\t\t#gallery-5 {\n\t\t\t\t\tmargin: auto;\n\t\t\t\t}\n\t\t\t\t#gallery-5 .gallery-item {\n\t\t\t\t\tfloat: left;\n\t\t\t\t\tmargin-top: 10px;\n\t\t\t\t\ttext-align: center;\n\t\t\t\t\twidth: 33%;\n\t\t\t\t}\n\t\t\t\t#gallery-5 img {\n\t\t\t\t\tborder: 2px solid #cfcfcf;\n\t\t\t\t}\n\t\t\t\t#gallery-5 .gallery-caption {\n\t\t\t\t\tmargin-left: 0;\n\t\t\t\t}\n\t\t\t\t\/* see gallery_shortcode() in wp-includes\/media.php *\/\n\t\t\t<\/style>\n\t\t<div id='gallery-5' class='dt-gallery-container gallery galleryid-295001 gallery-columns-3 gallery-size-thumbnail'><dl class='gallery-item'>\n\t\t\t\t<dt class='gallery-icon landscape'>\n\t\t\t\t\t<a class=\"rollover rollover-zoom dt-pswp-item\" title=\"Schermata 2022-08-29 alle 15.44.20\" data-dt-img-description=\"\" data-large_image_width=\"1144\" data-large_image_height=\"706\"href='https:\/\/www.radiopiu.net\/wordpress\/wp-content\/uploads\/2022\/08\/Schermata-2022-08-29-alle-15.44.20.png'><img loading=\"lazy\" decoding=\"async\" width=\"150\" height=\"150\" src=\"https:\/\/www.radiopiu.net\/wordpress\/wp-content\/uploads\/2022\/08\/Schermata-2022-08-29-alle-15.44.20-150x150.png\" class=\"attachment-thumbnail size-thumbnail\" alt=\"\" aria-describedby=\"gallery-5-295080\" \/><\/a>\n\t\t\t\t<\/dt>\n\t\t\t\t\t<dd class='wp-caption-text gallery-caption' id='gallery-5-295080'>\n\t\t\t\t\tANDAMENTO EPIDEMICO COVID DAI PRIMI DI MARZO 2020 AD OGGI \n\t\t\t\t\t<\/dd><\/dl><dl class='gallery-item'>\n\t\t\t\t<dt class='gallery-icon portrait'>\n\t\t\t\t\t<a class=\"rollover rollover-zoom dt-pswp-item\" title=\"Schermata 2022-08-29 alle 15.44.39\" data-dt-img-description=\"\" data-large_image_width=\"1280\" data-large_image_height=\"1396\"href='https:\/\/www.radiopiu.net\/wordpress\/wp-content\/uploads\/2022\/08\/Schermata-2022-08-29-alle-15.44.39.png'><img loading=\"lazy\" decoding=\"async\" width=\"150\" height=\"150\" src=\"https:\/\/www.radiopiu.net\/wordpress\/wp-content\/uploads\/2022\/08\/Schermata-2022-08-29-alle-15.44.39-150x150.png\" class=\"attachment-thumbnail size-thumbnail\" alt=\"\" aria-describedby=\"gallery-5-295081\" \/><\/a>\n\t\t\t\t<\/dt>\n\t\t\t\t\t<dd class='wp-caption-text gallery-caption' id='gallery-5-295081'>\n\t\t\t\t\tL\u2019INCIDENZA SETTIMANALE PER SINGOLO COMUNE\n\t\t\t\t\t<\/dd><\/dl><dl class='gallery-item'>\n\t\t\t\t<dt class='gallery-icon landscape'>\n\t\t\t\t\t<a class=\"rollover rollover-zoom dt-pswp-item\" title=\"Schermata 2022-08-29 alle 15.44.56\" data-dt-img-description=\"\" data-large_image_width=\"1114\" data-large_image_height=\"702\"href='https:\/\/www.radiopiu.net\/wordpress\/wp-content\/uploads\/2022\/08\/Schermata-2022-08-29-alle-15.44.56.png'><img loading=\"lazy\" decoding=\"async\" width=\"150\" height=\"150\" src=\"https:\/\/www.radiopiu.net\/wordpress\/wp-content\/uploads\/2022\/08\/Schermata-2022-08-29-alle-15.44.56-150x150.png\" class=\"attachment-thumbnail size-thumbnail\" alt=\"\" aria-describedby=\"gallery-5-295082\" \/><\/a>\n\t\t\t\t<\/dt>\n\t\t\t\t\t<dd class='wp-caption-text gallery-caption' id='gallery-5-295082'>\n\t\t\t\t\tCASI PER FASCE D&#8217;ETA&#8217;\n\t\t\t\t\t<\/dd><\/dl><br style=\"clear: both\" \/>\n\t\t\t<\/div>\n\n<p>&nbsp;<\/p>\n<hr \/>\n<p>&nbsp;<\/p>\n<blockquote>\n<h3>CORSI DI LAUREA IN INFERMIERISTICA E IN TECNICHE DELLA PREVENZIONE NELL\u2019AMBIENTE E NEI LUOGHI DI LAVORO. ULTIMI GIORNI PER ISCRIVERSI<\/h3>\n<\/blockquote>\n<p><strong><a class=\"dt-pswp-item\" href=\"https:\/\/www.radiopiu.net\/wordpress\/wp-content\/uploads\/2021\/03\/ULSS-1.jpg\" data-dt-img-description=\"\" data-large_image_width=\"776\" data-large_image_height=\"408\"><img loading=\"lazy\" decoding=\"async\" class=\"alignleft wp-image-198838 \" src=\"https:\/\/www.radiopiu.net\/wordpress\/wp-content\/uploads\/2021\/03\/ULSS-1-300x158.jpg\" alt=\"\" width=\"154\" height=\"81\" srcset=\"https:\/\/www.radiopiu.net\/wordpress\/wp-content\/uploads\/2021\/03\/ULSS-1-300x158.jpg 300w, https:\/\/www.radiopiu.net\/wordpress\/wp-content\/uploads\/2021\/03\/ULSS-1-768x404.jpg 768w, https:\/\/www.radiopiu.net\/wordpress\/wp-content\/uploads\/2021\/03\/ULSS-1.jpg 776w\" sizes=\"auto, (max-width: 154px) 100vw, 154px\" \/><\/a>BELLUNO <\/strong>Mancano ancora pochi giorni alla chiusura delle preiscrizioni per l\u2019a.a. 2022\/2023 ai corsi di Laurea in Infermieristica e in Tecniche della Prevenzione nell\u2019Ambiente e nei Luoghi di Lavoro attivati dall\u2019Universit\u00e0 degli Studi di Padova nella sede di Feltre. <strong>Corso di Laurea in Infermieristica: <\/strong>Il corso \u00e8 a numero programmato, nella sede di Feltre quest\u2019anno sono a disposizione 100 posti. Le pre iscrizioni per l\u2019a.a. 2022\/2023 sono aperte fino al 2 settembre 2022, la prova di ammissione si terr\u00e0 il 15 settembre 2022. <strong>Corso di Laurea in Tecniche della Prevenzione nell\u2019Ambiente e nei Luoghi di Lavoro: <\/strong>Il corso \u00e8 a numero programmato, a <a href=\"https:\/\/www.facebook.com\/hashtag\/feltre?__eep__=6&amp;__cft__%5b0%5d=AZUBMnDd2hPclTkaHR14HUG8oU6NRuSNitC83uGA1HpInye_rY3fob28iw605wpHOR6rVvkGeDgUdsiKJ-BhDSIE_5gB53_h-OB2II00hsWaXH31U4CiHmADJTLUKnT2ZhmMwdOpggmqHREUXKTp7SZpbx7eZTKNjvXmq16mWEHJCQ&amp;__tn__=*NK-R\">Feltre<\/a> quest\u2019anno sono disponibili 19 posti. Le pre iscrizioni per l\u2019a.a. 2022\/2023 sono aperte fino al 2 settembre 2022, la prova di ammissione si terr\u00e0 il 15 settembre 2022.<\/p>\n<p>&nbsp;<\/p>\n<p>&nbsp;<\/p>\n<hr \/>\n<p>&nbsp;<\/p>\n<blockquote>\n<h3>SERVIZIO CIVILE REGIONALE: AL VIA IL PROGETTO<\/h3>\n<\/blockquote>\n<p><strong><a class=\"dt-pswp-item\" href=\"https:\/\/www.radiopiu.net\/wordpress\/wp-content\/uploads\/2018\/08\/servizio-civile.jpg\" data-dt-img-description=\"\" data-large_image_width=\"582\" data-large_image_height=\"615\"><img loading=\"lazy\" decoding=\"async\" class=\"alignleft wp-image-59107 \" src=\"https:\/\/www.radiopiu.net\/wordpress\/wp-content\/uploads\/2018\/08\/servizio-civile-284x300.jpg\" alt=\"\" width=\"128\" height=\"135\" srcset=\"https:\/\/www.radiopiu.net\/wordpress\/wp-content\/uploads\/2018\/08\/servizio-civile-284x300.jpg 284w, https:\/\/www.radiopiu.net\/wordpress\/wp-content\/uploads\/2018\/08\/servizio-civile.jpg 582w\" sizes=\"auto, (max-width: 128px) 100vw, 128px\" \/><\/a>BELLUNO <\/strong>Decollano i nuovi progetti di servizio civile regionale rivolti ai giovani tra i 18 e i 28 anni della provincia di Belluno. A disposizione vi sono 24 posti in diverse associazioni ed enti del territorio bellunese. L&#8217;organizzazione \u00e8 a cura del Comitato d&#8217;Intesa di Belluno, i cui progetti hanno appena ottenuto l\u2019approvazione della Regione del Veneto. Il servizio civile garantisce ai ragazzi coinvolti una forte valenza educativa e formativa ed \u00e8 un\u2019importante e spesso unica occasione di crescita personale, un\u2019opportunit\u00e0 di educazione alla cittadinanza attiva, un prezioso strumento per aiutare l\u2019inserimento sociale e professionale dei giovani. I giovani verranno impiegati nei settori: promozione ed organizzazione di attivit\u00e0 educative e culturali, assistenza e servizio sociale; sono previste 18 ore di impegno settimanale per un anno e un rimborso mensile. Molti gli enti e le associazioni coinvolte che ospiteranno i ragazzi. I giovani interessati dovranno presentare apposita domanda entro il 26 settembre seguendo le modalit\u00e0 indicate. Per informazioni: 0437 25775, <a href=\"mailto:serviziocivile@comitatodintesa.it\">serviziocivile@comitatodintesa.it<\/a>, www.comitatodintesa.it<\/p>\n<p>&nbsp;<\/p>\n<p>&nbsp;<\/p>\n<hr \/>\n<p>&nbsp;<\/p>\n<div class=\"page\" title=\"Page 1\">\n<div class=\"layoutArea\">\n<div class=\"column\">\n<blockquote>\n<h3>SCOPRIMENTO DELLA TARGA COMMEMORATIVA DELLA NASCITA DELLA SEZIONE A.N.A. DI FELTRE<\/h3>\n<\/blockquote>\n<p><strong><a class=\"dt-pswp-item\" href=\"https:\/\/www.radiopiu.net\/wordpress\/wp-content\/uploads\/2022\/05\/alpini-647542_960_720.jpg\" data-dt-img-description=\"\" data-large_image_width=\"960\" data-large_image_height=\"640\"><img loading=\"lazy\" decoding=\"async\" class=\"size-thumbnail wp-image-275532 alignleft\" src=\"https:\/\/www.radiopiu.net\/wordpress\/wp-content\/uploads\/2022\/05\/alpini-647542_960_720-150x150.jpg\" alt=\"\" width=\"150\" height=\"150\" \/><\/a>FELTRE<\/strong> Sino a qui il 2022 e\u0300 stato per gli alpini di Feltre un anno molto intenso: impegnativo sul piano operativo, ma anche ricco di soddisfazioni per la buona riuscita dei molti eventi organizzati per i festeggiamenti del Centenario della Sezione. Ora e\u0300 giunto il momento del ricordo di uno dei primi luoghi che fu spettatore della nascita della Sezione: i primi locali che ospitarono i Soci Fondatori e testimoniarono l\u2019entusiastico avvio delle attivita\u0300 di questa importante realta\u0300, che per ben cento anni e oltre, operera\u0300 a favore del territorio feltrino e dei suoi abitanti. Sabato 3 settembre alle 17.30, gli alpini di Feltre invitano la cittadinanza a partecipare alla cerimonia di scoprimento della targa commemorativa in via Liberazione, a ricordo di alcuni dei locali che ospitarono i Soci Fondatori nei giorni della nascita della Sezione. Sara\u0300 un momento molto importante per gli Alpini di Feltre, che desiderano commemorare questa pietra miliare della Sezione, accolti dall\u2019abbraccio della cittadinanza, per rinnovare gli impegni e ricordare i valori che spinsero nel lontano settembre 1922 i Soci Fondatori a creare questa realta\u0300, che ancor oggi e\u0300 vanto per la citta\u0300 di Feltre.<\/p>\n<p>&nbsp;<\/p>\n<p>&nbsp;<\/p>\n<hr \/>\n<p>&nbsp;<\/p>\n<div class=\"page\" title=\"Page 1\">\n<div class=\"layoutArea\">\n<div class=\"column\">\n<blockquote>\n<h3>UNA CANZONE PER RACCONTARE FELTRE AI BAMBINI<\/h3>\n<\/blockquote>\n<p><strong><a class=\"dt-pswp-item\" href=\"https:\/\/www.radiopiu.net\/wordpress\/wp-content\/uploads\/2020\/06\/94e3b68b-d386-4f94-8aa8-30105c25932b.jpg\" data-dt-img-description=\"\" data-large_image_width=\"960\" data-large_image_height=\"720\"><img loading=\"lazy\" decoding=\"async\" class=\"size-thumbnail wp-image-145789 alignleft\" src=\"https:\/\/www.radiopiu.net\/wordpress\/wp-content\/uploads\/2020\/06\/94e3b68b-d386-4f94-8aa8-30105c25932b-150x150.jpg\" alt=\"\" width=\"150\" height=\"150\" \/><\/a>FELTRE<\/strong> E&#8217; firmata da uno dei maestri della creativita\u0300 dell&#8217;infanzia la nuova iniziativa rivolta a bambini e ragazzi per la promozione della citta\u0300 e del territorio feltrino. Si tratta di una canzone, scritta e musicata dal paroliere e compositore Lodovico Saccol, autore dello Zecchino d&#8217;Oro per il quale ha firmato anche alcune delle canzoni vincitrici delle ultime edizioni. La creazione, interpretata dal coro Arcobaleno Limana, sara\u0300 presentata in anteprima assoluta presso l&#8217;Auditorium Canossiano il prossimo 17 settembre alle 18. L&#8217;incontro prevede la presentazione della guida \u201cA spasso per Feltre\u201d dedicata a bambini e ragazzi e la prima della canzone e del videoclip promozionale della citta\u0300 che vede per protagonisti gli stessi bambini del coro. Testo, spartito e base in MP3 della canzone saranno successivamente messi a disposizione di insegnanti, educatori e di chi e\u0300 interessato a far conoscere il brano.<\/p>\n<p>&nbsp;<\/p>\n<p>&nbsp;<\/p>\n<hr \/>\n<p>&nbsp;<\/p>\n<\/div>\n<\/div>\n<\/div>\n<\/div>\n<\/div>\n<\/div>\n<blockquote>\n<h3>L&#8217;AIDO ORGANIZZA UN INCONTRO A SAN VITO DI CADORE<\/h3>\n<\/blockquote>\n<p><strong><a class=\"dt-pswp-item\" href=\"https:\/\/www.radiopiu.net\/wordpress\/wp-content\/uploads\/2022\/06\/AIDO.png\" data-dt-img-description=\"\" data-large_image_width=\"233\" data-large_image_height=\"233\"><img loading=\"lazy\" decoding=\"async\" class=\"size-thumbnail wp-image-279760 alignleft\" src=\"https:\/\/www.radiopiu.net\/wordpress\/wp-content\/uploads\/2022\/06\/AIDO-150x150.png\" alt=\"\" width=\"150\" height=\"150\" srcset=\"https:\/\/www.radiopiu.net\/wordpress\/wp-content\/uploads\/2022\/06\/AIDO-150x150.png 150w, https:\/\/www.radiopiu.net\/wordpress\/wp-content\/uploads\/2022\/06\/AIDO.png 233w\" sizes=\"auto, (max-width: 150px) 100vw, 150px\" \/><\/a>SAN VITO DI CADORE<\/strong> Venerdi\u0300 2 settembre, alle 20.30, la sala polifunzionale di San Vito di Cadore sara\u0300 protagonista di una serata dedicata ai trapianti. L&#8217;Aido Belluno ha infatti deciso di organizzare una serata denominata &#8220;Dopo il trapianto il Monte Rosa, dal sogno alla realta\u0300&#8221;, durante la quale il vice presidente dell&#8217;associazione, Mirko Dalle Mulle, portera\u0300 la propria testimonianza al pubblico presente in sala, cogliendo inoltre l&#8217;occasione per presentare la propria autobiografia &#8220;Fragili coraggiosi&#8221;, scritta da Orazio Longo. Un racconto ricco di suspance, che culmina nell&#8217;impresa piu\u0300 grande: nel 2021, Dalle Mulle e altri quattro escursionisti, affetti da fibrosi cistica, avevano raggiunto la vetta del Monte Rosa per lanciare un messaggio a favore della donazione. Durante la serata, interverranno anche gli infermieri del centro trapianti del San Martino di Belluno. Per informazioni e\u0300 possibile inviare una mail a belluno.provincia@aido.it<\/p>\n<p>&nbsp;<\/p>\n<p>&nbsp;<\/p>\n<hr \/>\n<p>&nbsp;<\/p>\n<blockquote>\n<h3>DOMENICA L&#8217;ANNULLO FILATELICO A CANALE D&#8217;AGORDO<\/h3>\n<\/blockquote>\n<p><strong>CANALE D&#8217;AGORDO<\/strong><\/p>\n<p>di Gianni Santomaso<\/p>\n<audio class=\"wp-audio-shortcode\" id=\"audio-295001-4\" preload=\"none\" style=\"width: 100%;\" controls=\"controls\"><source type=\"audio\/mpeg\" src=\"https:\/\/www.radiopiu.net\/wordpress\/wp-content\/uploads\/2022\/08\/GIANNI-LANNULLAMENTO-FILATELICO-A-CANALE-DAGORDO.mp3?_=4\" \/><a href=\"https:\/\/www.radiopiu.net\/wordpress\/wp-content\/uploads\/2022\/08\/GIANNI-LANNULLAMENTO-FILATELICO-A-CANALE-DAGORDO.mp3\">https:\/\/www.radiopiu.net\/wordpress\/wp-content\/uploads\/2022\/08\/GIANNI-LANNULLAMENTO-FILATELICO-A-CANALE-DAGORDO.mp3<\/a><\/audio>\n<p>&nbsp;<\/p>\n\n\t\t\t<style type='text\/css'>\n\t\t\t\t#gallery-6 {\n\t\t\t\t\tmargin: auto;\n\t\t\t\t}\n\t\t\t\t#gallery-6 .gallery-item {\n\t\t\t\t\tfloat: left;\n\t\t\t\t\tmargin-top: 10px;\n\t\t\t\t\ttext-align: center;\n\t\t\t\t\twidth: 50%;\n\t\t\t\t}\n\t\t\t\t#gallery-6 img {\n\t\t\t\t\tborder: 2px solid #cfcfcf;\n\t\t\t\t}\n\t\t\t\t#gallery-6 .gallery-caption {\n\t\t\t\t\tmargin-left: 0;\n\t\t\t\t}\n\t\t\t\t\/* see gallery_shortcode() in wp-includes\/media.php *\/\n\t\t\t<\/style>\n\t\t<div id='gallery-6' class='dt-gallery-container gallery galleryid-295001 gallery-columns-2 gallery-size-thumbnail'><dl class='gallery-item'>\n\t\t\t\t<dt class='gallery-icon landscape'>\n\t\t\t\t\t<a class=\"rollover rollover-zoom dt-pswp-item\" title=\"11111111111\" data-dt-img-description=\"\" data-large_image_width=\"183\" data-large_image_height=\"174\"href='https:\/\/www.radiopiu.net\/wordpress\/wp-content\/uploads\/2022\/08\/11111111111.jpg'><img loading=\"lazy\" decoding=\"async\" width=\"150\" height=\"150\" src=\"https:\/\/www.radiopiu.net\/wordpress\/wp-content\/uploads\/2022\/08\/11111111111-150x150.jpg\" class=\"attachment-thumbnail size-thumbnail\" alt=\"\" \/><\/a>\n\t\t\t\t<\/dt><\/dl><dl class='gallery-item'>\n\t\t\t\t<dt class='gallery-icon landscape'>\n\t\t\t\t\t<a class=\"rollover rollover-zoom dt-pswp-item\" title=\"4444444444\" data-dt-img-description=\"\" data-large_image_width=\"225\" data-large_image_height=\"157\"href='https:\/\/www.radiopiu.net\/wordpress\/wp-content\/uploads\/2022\/08\/4444444444.jpg'><img loading=\"lazy\" decoding=\"async\" width=\"150\" height=\"150\" src=\"https:\/\/www.radiopiu.net\/wordpress\/wp-content\/uploads\/2022\/08\/4444444444-150x150.jpg\" class=\"attachment-thumbnail size-thumbnail\" alt=\"\" \/><\/a>\n\t\t\t\t<\/dt><\/dl><br style=\"clear: both\" \/>\n\t\t\t<\/div>\n\n<p>&nbsp;<\/p>\n<hr \/>\n<p>&nbsp;<\/p>\n<blockquote>\n<h3>A VOLTAGO IL CONSIGLIO COMUNALE<\/h3>\n<\/blockquote>\n<p><strong>VOLTAGO<\/strong> \u00c8 in programma per venerd\u00ec alle 20 presso la sala consigliare del municipio di Voltago il consiglio comunale. Il sindaco ha convocato i consiglieri comunali per parlare di una variazione al bilancio di previsione 2022\/23.<\/p>\n<p>&nbsp;<\/p>\n<p>&nbsp;<\/p>\n<hr \/>\n<p>&nbsp;<\/p>\n<blockquote>\n<h3>LA FESTA DEI 100 ANNI DEL GRUPPO SPORTIVO FRASSENE&#8217;<\/h3>\n<\/blockquote>\n<p><strong><a class=\"dt-pswp-item\" href=\"https:\/\/www.radiopiu.net\/wordpress\/wp-content\/uploads\/2022\/08\/Schermata-2022-08-04-alle-12.23.41.png\" data-dt-img-description=\"\" data-large_image_width=\"1336\" data-large_image_height=\"1014\"><img loading=\"lazy\" decoding=\"async\" class=\"alignleft wp-image-290914 \" src=\"https:\/\/www.radiopiu.net\/wordpress\/wp-content\/uploads\/2022\/08\/Schermata-2022-08-04-alle-12.23.41-300x228.png\" alt=\"\" width=\"158\" height=\"120\" srcset=\"https:\/\/www.radiopiu.net\/wordpress\/wp-content\/uploads\/2022\/08\/Schermata-2022-08-04-alle-12.23.41-300x228.png 300w, https:\/\/www.radiopiu.net\/wordpress\/wp-content\/uploads\/2022\/08\/Schermata-2022-08-04-alle-12.23.41-1024x777.png 1024w, https:\/\/www.radiopiu.net\/wordpress\/wp-content\/uploads\/2022\/08\/Schermata-2022-08-04-alle-12.23.41-768x583.png 768w, https:\/\/www.radiopiu.net\/wordpress\/wp-content\/uploads\/2022\/08\/Schermata-2022-08-04-alle-12.23.41.png 1336w\" sizes=\"auto, (max-width: 158px) 100vw, 158px\" \/><\/a>VOLTAGO <\/strong>1922-2022 il primo secolo di vita del Gruppo Sportivo Frassen\u00e8: tre giorni di eventi al tendone nel parcheggio della chiesa. Venerdi&#8217; 9 settembre alle 18 apertura stand gastronomico e serata musicale con Sabrina Silvestrin. Sabato 10 voli panoramici in elicottero dalle 10 alle 15 e, fino alle 17 mercatini dell&#8217;artigianato, dalle 10 torneo di calcio del Poi, a mezzogiorno stand gastronomico, 16.30 Frassene&#8217; Cross, gare podistiche non competitive, 17 aperitivo con DJ Morgan e Battaglia, 19 cena e premiazioni, dalle 21 serata musicale con I Riflesso, chiusura con DJ Morgan e Battaglia. Domenica 11 alle 10 mostra sui 100 anni del Gruppo Sportivo Frassene&#8217; presso l&#8217;ex scuola Paolo Mosca, 11 sfilata dei gruppi associativi per le vie del paese, 12.30 pranzo, 15 presentazione libro &#8220;Il Primo Secolo Di Vita&#8221;. Il ricavato sar\u00e0 devoluto al Gruppo Sportivo Frasssen\u00e8.<\/p>\n<p>&nbsp;<\/p>\n<blockquote>\n<h3>LO SPECIALE ALLA RADIO<\/h3>\n<p><span style=\"color: #ff0000;\"><strong>OSPITI,\u00a0 YURI PARISSENTI PRESIDENTE GRUPPO SPORTIVO FRASSENE&#8217;,\u00a0 SHARON DE MARCO\u00a0<\/strong><\/span><\/p><\/blockquote>\n<audio class=\"wp-audio-shortcode\" id=\"audio-295001-5\" preload=\"none\" style=\"width: 100%;\" controls=\"controls\"><source type=\"audio\/mpeg\" src=\"https:\/\/www.radiopiu.net\/wordpress\/wp-content\/uploads\/2022\/08\/gruppo-sportivo-frassene-SPECIALE.mp3?_=5\" \/><a href=\"https:\/\/www.radiopiu.net\/wordpress\/wp-content\/uploads\/2022\/08\/gruppo-sportivo-frassene-SPECIALE.mp3\">https:\/\/www.radiopiu.net\/wordpress\/wp-content\/uploads\/2022\/08\/gruppo-sportivo-frassene-SPECIALE.mp3<\/a><\/audio>\n<p>&nbsp;<\/p>\n<hr \/>\n<p>&nbsp;<\/p>\n<blockquote>\n<h3><a class=\"dt-pswp-item\" href=\"https:\/\/www.radiopiu.net\/wordpress\/wp-content\/uploads\/2022\/08\/CammiNATURAlmente-settembre-22.jpg\" data-dt-img-description=\"\" data-large_image_width=\"2560\" data-large_image_height=\"1920\"><img loading=\"lazy\" decoding=\"async\" class=\"size-thumbnail wp-image-294409 alignleft\" src=\"https:\/\/www.radiopiu.net\/wordpress\/wp-content\/uploads\/2022\/08\/CammiNATURAlmente-settembre-22-150x150.jpg\" alt=\"\" width=\"150\" height=\"150\" \/><\/a>CAMMINATURALMENTE A SETTEMBRE<\/h3>\n<\/blockquote>\n<p><span dir=\"ltr\" role=\"presentation\">La Biblioteca civica di Belluno propone due nuovi itinerari naturalistici e ambientali <\/span><span dir=\"ltr\" role=\"presentation\">accompagnati da Anacleto Boranga. <\/span><span dir=\"ltr\" role=\"presentation\">\u00a0Sabato 3 con \u201cIl borgo di Sitran e i frutti dell\u2019albero <\/span><span dir=\"ltr\" role=\"presentation\">della<\/span> <span dir=\"ltr\" role=\"presentation\">bicicletta\u201d<\/span> <span dir=\"ltr\" role=\"presentation\">e<\/span> <span dir=\"ltr\" role=\"presentation\">si svolger\u00e0 a<\/span> <span dir=\"ltr\" role=\"presentation\">Sitran. <\/span><span dir=\"ltr\" role=\"presentation\">Il percorso sar\u00e0 guidato da Giorgio Vazza, artista eclettico<\/span><span dir=\"ltr\" role=\"presentation\">.\u00a0 Alla visita del borgo seguir\u00e0 una breve passeggiata per <\/span><span dir=\"ltr\" role=\"presentation\">ammirare il sorprendente castagno che ha inglobato una bicicletta e per questo \u00e8 <\/span><span dir=\"ltr\" role=\"presentation\">stato censito tra gli Alberi Monumentali. <\/span><span dir=\"ltr\" role=\"presentation\">Il secondo appuntamento si svolger\u00e0 domenica 25 settembre, con \u201cVal di Seren \u2013 Il <\/span><span dir=\"ltr\" role=\"presentation\">percorso<\/span> <span dir=\"ltr\" role=\"presentation\">dei<\/span> <span dir=\"ltr\" role=\"presentation\">fojaroi<\/span><span dir=\"ltr\" role=\"presentation\">\u201d,<\/span> <span dir=\"ltr\" role=\"presentation\">un<\/span> <span dir=\"ltr\" role=\"presentation\">rilassante<\/span> <span dir=\"ltr\" role=\"presentation\">itinerario<\/span> <span dir=\"ltr\" role=\"presentation\">ad<\/span> <span dir=\"ltr\" role=\"presentation\">anello<\/span> <span dir=\"ltr\" role=\"presentation\">in<\/span> <span dir=\"ltr\" role=\"presentation\">una<\/span> <span dir=\"ltr\" role=\"presentation\">valle<\/span> <span dir=\"ltr\" role=\"presentation\">in<\/span> <span dir=\"ltr\" role=\"presentation\">passato <\/span><span dir=\"ltr\" role=\"presentation\">intensamente<\/span> <span dir=\"ltr\" role=\"presentation\">abitata,<\/span> <span dir=\"ltr\" role=\"presentation\">ma<\/span> <span dir=\"ltr\" role=\"presentation\">che<\/span> <span dir=\"ltr\" role=\"presentation\">oggi<\/span> <span dir=\"ltr\" role=\"presentation\">risulta<\/span> <span dir=\"ltr\" role=\"presentation\">quasi<\/span> <span dir=\"ltr\" role=\"presentation\">completamente<\/span> <span dir=\"ltr\" role=\"presentation\">abbandonata. <\/span><span dir=\"ltr\" role=\"presentation\">Informazioni <\/span><span dir=\"ltr\" role=\"presentation\">sugli itinerari possono essere richieste a Anacleto Boranga, telefono 340 876 9665\u00a0<\/span><\/p>\n<p>&nbsp;<\/p>\n<p>&nbsp;<\/p>\n<p>&nbsp;<\/p>\n<hr \/>\n<p>&nbsp;<\/p>\n<blockquote>\n<h3><a class=\"dt-pswp-item\" href=\"https:\/\/www.radiopiu.net\/wordpress\/wp-content\/uploads\/2022\/08\/cartolina_promo_concorso_emi_abm.jpg\" data-dt-img-description=\"\" data-large_image_width=\"1181\" data-large_image_height=\"787\"><img loading=\"lazy\" decoding=\"async\" class=\" wp-image-294392 alignleft\" src=\"https:\/\/www.radiopiu.net\/wordpress\/wp-content\/uploads\/2022\/08\/cartolina_promo_concorso_emi_abm-150x150.jpg\" alt=\"\" width=\"117\" height=\"117\" \/><\/a>RACCONTARE L&#8217;EMIGRAZIONE VENETA, IL CONCORSO LETTERARIO DELL&#8217;ABM<\/h3>\n<\/blockquote>\n<p><strong>BELLUNO <\/strong>L&#8217;Associazione Bellunesi nel Mondo ha bandito un concorso letterario Intitolato \u201cRaccontare l&#8217;emigrazione veneta\u201d, \u00e8 dedicato a racconti inediti e originali, reali o di fantasia, in lingua italiana. La partecipazione, gratuita, \u00e8 aperta a chiunque abbia almeno sedici anni\u00a0La scadenza per l&#8217;invio degli elaborati, da spedire via email a <a class=\"moz-txt-link-abbreviated\" href=\"mailto:concorsoemigrazione@bellunesinelmondo.it\">concorsoemigrazione@bellunesinelmondo.it<\/a>, \u00e8 fissata al 4 novembre 2022. Il bando completo del concorso\u00a0 \u00e8 disponibile sul sito: <a class=\"moz-txt-link-abbreviated\" href=\"http:\/\/www.bellunesinelmondo.it\">www.bellunesinelmondo.it<\/a>.<\/p>\n<p>&nbsp;<\/p>\n<hr \/>\n<p>&nbsp;<\/p>\n<p>&nbsp;<\/p>\n<blockquote>\n<h3>DUE APPUNTAMENTI CON LE MUSE E LE DOLOMITI<\/h3>\n<\/blockquote>\n<p><a class=\"dt-pswp-item\" href=\"https:\/\/www.radiopiu.net\/wordpress\/wp-content\/uploads\/2022\/08\/ConcertoSolidarieta\u03002021.jpeg\" data-dt-img-description=\"Le Muse e le Dolomiti - concerto di solidariet\u00e0 Midori Nmikawa soprano, Oda Zoe Hochscheid contralto, Hun Kim tenore, Kwang Park basso Coro Citt\u00e0 di Piazzolla sul Brenta dir.Paolo Piana\" data-large_image_width=\"1280\" data-large_image_height=\"853\"><img loading=\"lazy\" decoding=\"async\" class=\"wp-image-294261 alignleft\" src=\"https:\/\/www.radiopiu.net\/wordpress\/wp-content\/uploads\/2022\/08\/ConcertoSolidarieta\u03002021-300x200.jpeg\" alt=\"\" width=\"257\" height=\"171\" srcset=\"https:\/\/www.radiopiu.net\/wordpress\/wp-content\/uploads\/2022\/08\/ConcertoSolidarieta\u03002021-300x200.jpeg 300w, https:\/\/www.radiopiu.net\/wordpress\/wp-content\/uploads\/2022\/08\/ConcertoSolidarieta\u03002021-1024x682.jpeg 1024w, https:\/\/www.radiopiu.net\/wordpress\/wp-content\/uploads\/2022\/08\/ConcertoSolidarieta\u03002021-768x512.jpeg 768w, https:\/\/www.radiopiu.net\/wordpress\/wp-content\/uploads\/2022\/08\/ConcertoSolidarieta\u03002021.jpeg 1280w\" sizes=\"auto, (max-width: 257px) 100vw, 257px\" \/><\/a>Nel mese di settembre l\u2019Associazione propone due eventi di particolare rilievo.<strong> Sabato 3 settembre \u2013 a Cavalese<\/strong>\u00a0 dalle 21 con ingresso libero, lo Stabat Mater di Giovanni Battista Pergolesi, cantato da Costanza Fontana, soprano e Oda Zoe Hochscheid, contralto. Suoneranno i musicisti della rinomata \u201cAccademia Italiana Strumentale\u201d, composta da strumentisti che collaborano con i pi\u00f9 grandi direttori a livello mondiale e gestita artisticamente da Alberto Rasi.\u00a0 <strong>Sabato 10 settembre a Canale d\u2019Agordo \u2013<\/strong>\u00a0 alle 20.30 con ingresso libero \u201cUna guarigione miracolosa\u201d con Candela Giarda. La giovane argentina racconter\u00e0 come lei, gravemente ammalata, \u00e8 tornata miracolosamente in salute. Moderer\u00e0 l&#8217;incontro Loris Serafini, direttore della Fondazione Papa Luciani di Canale d\u2019Agordo. \u201cLe Muse e le Dolomiti\u201d canteranno e suoneranno brani sacri\u00a0 con \u00a0la partecipazione del \u201cCoro Citt\u00e0 Piazzola sul Brenta\u201d,\u00a0 il mezzosoprano Oda Zoe Hochscheid, la violinista Myriam Dal Don e l\u2019organista Ai Yoshida<\/p>\n<p>&nbsp;<\/p>\n<p>&nbsp;<\/p>\n<hr \/>\n<p>&nbsp;<\/p>\n<blockquote>\n<h3>FRA LE ANTICHE TRADIZIONI DI SELVA DI CADORE PURE LA BENEMERITA ISTITUZIONE DELLE REGOLE<\/h3>\n<\/blockquote>\n<p><strong>di Renato Bona<\/strong><\/p>\n<p>Nel prezioso e pregevole libro \u201cSelva di Cadore come era (\u201cSelva da nosak\u00e0n\u201d in ladino) che il carissimo amico e collega prof. don Lorenzo Dell\u2019Andrea ha realizzato nel novembre 1993 grazie all\u2019Union de i Ladi\u00f1 de Selva con la bellunese tipografia Piave, c\u2019\u00e8 il capitolo \u201cVolti e tradizioni\u201d che \u00e8 fra l\u2019altro \u2013 ce ne siamo occupati nel precedente servizio \u2013 una autentica passerella dei selvesi, compaesani dell\u2019autore, con i loro volti, l\u2019eleganza di qualche gesto, la foggia del vestire dai quali \u00e8 possibile cogliere aspetti della loro personalit\u00e0. In questa occasione spendiamo con Dell\u2019Andrea alcune parole per le tradizioni , termine che in questo caso \u201csi carica di un significato particolare e pi\u00f9 ricco: non solamente quello che viene tramandato, ma tutto ci\u00f2 che ha una particolare valenza sociale, umana, culturale e religiosa\u201d. Cita, ad esempio, la benemerita istituzione delle \u201cRegole\u201d che per secoli ha disciplinato la vita sociale, visto che le erano demandati utilizzo e conservazione del territorio, che regolamentava l\u2018uso dei pascoli per i regolieri, erano preposte alla disciplina e alla distribuzione dei \u201ckolendi\u00e9i\u201d, aveva funzione importante quanto al legnatico assegnato e sorteggiato nelle assemblee. Inoltre: particolari funzioni sociali in caso di calamit\u00e0, per bisogni dei regolieri, per edifici di pubblica utilit\u00e0, e disponevano , per i loro interventi, di propriet\u00e0 particolari (le \u2018vize\u2019). Ma non \u00e8 tutto se \u00e8 vero che la vita della comunit\u00e0 locale \u201cha fatto capo per secoli all\u2019istituzione della Regola: il servizio gratuito per opere pubbliche come lo sgombero della neve, il ripristino di strade e sentieri, la costruzione o la riparazione di arginature lungo i torrenti, la pulizia dei pascoli e dei \u2018kolendiei\u2019 che venivano disposti in ogni Regola dal \u2018kapovila\u2019, o la \u2018ronda dei fu\u00f3k\u2019 in periodi di siccit\u00e0. Il tutto &#8211; sottolinea giustamente Lorenzo Dell\u2019Andrea &#8211; in applicazione della democrazia vera, cio\u00e8 governo effettivo del popolo, attuata per secoli nel territorio. Ed ora diamo spazio alla carrellata di immagini , riservata ancora e in prevalenza ai volti di quelli che Dell\u2019Andrea richiama come \u201ci nostri vecchi che continuano a vivere in mezzo a noi e che vivono in quello che hanno fatto per la famiglia e per il paese; vivono in ci\u00f2 che ci hanno lasciato in eredit\u00e0, sia materiale, sia soprattutto spirituale e di valori\u201d. La prima ci mostra Attilio Zuliani (1883-1971) con la moglie Virginia Callerari; la seconda (raccolta Antonio Torre) propone: \u201cMargherita Torre Dell\u2019Andrea e Primo Torre (1887-1957) di L\u2019Andria in occasione del loro matrimonio. La sposa \u00e8 nel costume ladino locale. A ben pensarci. \u00e8 un \u2018abito da nozze\u2019 migliore di tanti altri oggi di moda, impersonali, eguali in tutta Italia e che poi non si useranno pi\u00f9. Perch\u00e9 allora non utilizzare anche per le nozze gli antichi costumi?\u201d. E siamo al \u201cGruppo familiare nei primi anni del secolo. La mamma e la figlia sono con gli abiti tradizionali, mentre il padre porta la cravatta, adeguandosi alla moda del tempo (raccolta Elide Cadorin).Tocca a: \u201cDue coppie di sposi in una foto (raccolta Leo Monico) scattata il 3 luglio 1904. Mentre gli uomini vestono secondo la moda corrente, anche nella convinzione, purtroppo diffusa che questo fosse \u2018progresso\u2019, le donne usano il costume ladino locale\u201d.Ed ora ecco Matilde Rudatis Toffoli con la figlia Teresina Toffoli \u2018de i Bakali\u00f1\u2019, a L\u2019Andria (raccolta Pietro Toffoli). E a: \u201cUn gruppo di ragazze di Pescul, nel tradizionale costume ladino locale, fanno festa ad un\u2019anziana signora sorretta da Florio Bonifacio, da sinistra: Ida Talamini, Maria Dell\u2019Andrea \u2018de la Brigida\u2019, Maria Bonifacio \u2018de i Proti\u2019, Oliva Lorenzini, Maria Lorenzini, Bortolina Dell\u2019Andrea (raccolta Maria Lorenzini). Seguono gli scatti singoli, nell\u2019ordine: Romano Chizzolin \u2018de i Monek\u2019 (raccolta Maria Grazia Callegari; Giovanni Bonifacio \u2018Gioani Frate\u2019: per decenni ha rifornito tutte le case di aghi, filo, bottoni e di mille altre cose utili alla vita quotidiana; Costantino Monico \u2018Monek\u2019 (raccolta Maria Nicolai Dell\u2019Andrea); Lorenzo Dell\u2019Andrea \u2018de Costa\u2019 (foto Fedele Chizzolin, raccolta Union Ladi\u00f1 de Selva); Angela De Filippo \u2018de i Lela\u2019 (foto Fedele Chizzolin, raccolta Union Ladi\u00f1 de Selva); Costantino Piai \u2018dei Teta\u2019 (foto Fedele Chizzolin, raccolta Union Ladi\u00f1 de Selva).<\/p>\n\n\t\t\t<style type='text\/css'>\n\t\t\t\t#gallery-7 {\n\t\t\t\t\tmargin: auto;\n\t\t\t\t}\n\t\t\t\t#gallery-7 .gallery-item {\n\t\t\t\t\tfloat: left;\n\t\t\t\t\tmargin-top: 10px;\n\t\t\t\t\ttext-align: center;\n\t\t\t\t\twidth: 25%;\n\t\t\t\t}\n\t\t\t\t#gallery-7 img {\n\t\t\t\t\tborder: 2px solid #cfcfcf;\n\t\t\t\t}\n\t\t\t\t#gallery-7 .gallery-caption {\n\t\t\t\t\tmargin-left: 0;\n\t\t\t\t}\n\t\t\t\t\/* see gallery_shortcode() in wp-includes\/media.php *\/\n\t\t\t<\/style>\n\t\t<div id='gallery-7' class='dt-gallery-container gallery galleryid-295001 gallery-columns-4 gallery-size-thumbnail'><dl class='gallery-item'>\n\t\t\t\t<dt class='gallery-icon portrait'>\n\t\t\t\t\t<a class=\"rollover rollover-zoom dt-pswp-item\" title=\"300039861_481017853868542_8868810423554040588_n\" data-dt-img-description=\"\" data-large_image_width=\"314\" data-large_image_height=\"403\"href='https:\/\/www.radiopiu.net\/wordpress\/wp-content\/uploads\/2022\/08\/300039861_481017853868542_8868810423554040588_n.jpg'><img loading=\"lazy\" decoding=\"async\" width=\"150\" height=\"150\" src=\"https:\/\/www.radiopiu.net\/wordpress\/wp-content\/uploads\/2022\/08\/300039861_481017853868542_8868810423554040588_n-150x150.jpg\" class=\"attachment-thumbnail size-thumbnail\" alt=\"\" \/><\/a>\n\t\t\t\t<\/dt><\/dl><dl class='gallery-item'>\n\t\t\t\t<dt class='gallery-icon portrait'>\n\t\t\t\t\t<a class=\"rollover rollover-zoom dt-pswp-item\" title=\"300841875_1735559623475790_3693282628416522964_n\" data-dt-img-description=\"\" data-large_image_width=\"301\" data-large_image_height=\"403\"href='https:\/\/www.radiopiu.net\/wordpress\/wp-content\/uploads\/2022\/08\/300841875_1735559623475790_3693282628416522964_n.jpg'><img loading=\"lazy\" decoding=\"async\" width=\"150\" height=\"150\" src=\"https:\/\/www.radiopiu.net\/wordpress\/wp-content\/uploads\/2022\/08\/300841875_1735559623475790_3693282628416522964_n-150x150.jpg\" class=\"attachment-thumbnail size-thumbnail\" alt=\"\" \/><\/a>\n\t\t\t\t<\/dt><\/dl><dl class='gallery-item'>\n\t\t\t\t<dt class='gallery-icon portrait'>\n\t\t\t\t\t<a class=\"rollover rollover-zoom dt-pswp-item\" title=\"300603914_616259193223683_7461472438906838063_n\" data-dt-img-description=\"\" data-large_image_width=\"304\" data-large_image_height=\"403\"href='https:\/\/www.radiopiu.net\/wordpress\/wp-content\/uploads\/2022\/08\/300603914_616259193223683_7461472438906838063_n.jpg'><img loading=\"lazy\" decoding=\"async\" width=\"150\" height=\"150\" src=\"https:\/\/www.radiopiu.net\/wordpress\/wp-content\/uploads\/2022\/08\/300603914_616259193223683_7461472438906838063_n-150x150.jpg\" class=\"attachment-thumbnail size-thumbnail\" alt=\"\" \/><\/a>\n\t\t\t\t<\/dt><\/dl><dl class='gallery-item'>\n\t\t\t\t<dt class='gallery-icon portrait'>\n\t\t\t\t\t<a class=\"rollover rollover-zoom dt-pswp-item\" title=\"301007438_3143428395987127_8195242614500580056_n\" data-dt-img-description=\"\" data-large_image_width=\"306\" data-large_image_height=\"414\"href='https:\/\/www.radiopiu.net\/wordpress\/wp-content\/uploads\/2022\/08\/301007438_3143428395987127_8195242614500580056_n.jpg'><img loading=\"lazy\" decoding=\"async\" width=\"150\" height=\"150\" src=\"https:\/\/www.radiopiu.net\/wordpress\/wp-content\/uploads\/2022\/08\/301007438_3143428395987127_8195242614500580056_n-150x150.jpg\" class=\"attachment-thumbnail size-thumbnail\" alt=\"\" \/><\/a>\n\t\t\t\t<\/dt><\/dl><br style=\"clear: both\" \/><dl class='gallery-item'>\n\t\t\t\t<dt class='gallery-icon portrait'>\n\t\t\t\t\t<a class=\"rollover rollover-zoom dt-pswp-item\" title=\"301930254_359626829577928_876150581610536287_n\" data-dt-img-description=\"\" data-large_image_width=\"320\" data-large_image_height=\"581\"href='https:\/\/www.radiopiu.net\/wordpress\/wp-content\/uploads\/2022\/08\/301930254_359626829577928_876150581610536287_n.jpg'><img loading=\"lazy\" decoding=\"async\" width=\"150\" height=\"150\" src=\"https:\/\/www.radiopiu.net\/wordpress\/wp-content\/uploads\/2022\/08\/301930254_359626829577928_876150581610536287_n-150x150.jpg\" class=\"attachment-thumbnail size-thumbnail\" alt=\"\" \/><\/a>\n\t\t\t\t<\/dt><\/dl><dl class='gallery-item'>\n\t\t\t\t<dt class='gallery-icon portrait'>\n\t\t\t\t\t<a class=\"rollover rollover-zoom dt-pswp-item\" title=\"301216469_606181607851841_1332639193202805993_n\" data-dt-img-description=\"\" data-large_image_width=\"350\" data-large_image_height=\"401\"href='https:\/\/www.radiopiu.net\/wordpress\/wp-content\/uploads\/2022\/08\/301216469_606181607851841_1332639193202805993_n.jpg'><img loading=\"lazy\" decoding=\"async\" width=\"150\" height=\"150\" src=\"https:\/\/www.radiopiu.net\/wordpress\/wp-content\/uploads\/2022\/08\/301216469_606181607851841_1332639193202805993_n-150x150.jpg\" class=\"attachment-thumbnail size-thumbnail\" alt=\"\" \/><\/a>\n\t\t\t\t<\/dt><\/dl><dl class='gallery-item'>\n\t\t\t\t<dt class='gallery-icon portrait'>\n\t\t\t\t\t<a class=\"rollover rollover-zoom dt-pswp-item\" title=\"299986927_1868637806807434_3181176854067597601_n\" data-dt-img-description=\"\" data-large_image_width=\"320\" data-large_image_height=\"688\"href='https:\/\/www.radiopiu.net\/wordpress\/wp-content\/uploads\/2022\/08\/299986927_1868637806807434_3181176854067597601_n.jpg'><img loading=\"lazy\" decoding=\"async\" width=\"150\" height=\"150\" src=\"https:\/\/www.radiopiu.net\/wordpress\/wp-content\/uploads\/2022\/08\/299986927_1868637806807434_3181176854067597601_n-150x150.jpg\" class=\"attachment-thumbnail size-thumbnail\" alt=\"\" \/><\/a>\n\t\t\t\t<\/dt><\/dl><dl class='gallery-item'>\n\t\t\t\t<dt class='gallery-icon portrait'>\n\t\t\t\t\t<a class=\"rollover rollover-zoom dt-pswp-item\" title=\"300299468_556019512941678_6042885162237510940_n\" data-dt-img-description=\"\" data-large_image_width=\"320\" data-large_image_height=\"850\"href='https:\/\/www.radiopiu.net\/wordpress\/wp-content\/uploads\/2022\/08\/300299468_556019512941678_6042885162237510940_n.jpg'><img loading=\"lazy\" decoding=\"async\" width=\"150\" height=\"150\" src=\"https:\/\/www.radiopiu.net\/wordpress\/wp-content\/uploads\/2022\/08\/300299468_556019512941678_6042885162237510940_n-150x150.jpg\" class=\"attachment-thumbnail size-thumbnail\" alt=\"\" \/><\/a>\n\t\t\t\t<\/dt><\/dl><br style=\"clear: both\" \/><dl class='gallery-item'>\n\t\t\t\t<dt class='gallery-icon portrait'>\n\t\t\t\t\t<a class=\"rollover rollover-zoom dt-pswp-item\" title=\"301152571_1257101915048327_733149102274754512_n\" data-dt-img-description=\"\" data-large_image_width=\"306\" data-large_image_height=\"640\"href='https:\/\/www.radiopiu.net\/wordpress\/wp-content\/uploads\/2022\/08\/301152571_1257101915048327_733149102274754512_n.jpg'><img loading=\"lazy\" decoding=\"async\" width=\"150\" height=\"150\" src=\"https:\/\/www.radiopiu.net\/wordpress\/wp-content\/uploads\/2022\/08\/301152571_1257101915048327_733149102274754512_n-150x150.jpg\" class=\"attachment-thumbnail size-thumbnail\" alt=\"\" \/><\/a>\n\t\t\t\t<\/dt><\/dl><dl class='gallery-item'>\n\t\t\t\t<dt class='gallery-icon portrait'>\n\t\t\t\t\t<a class=\"rollover rollover-zoom dt-pswp-item\" title=\"301592072_487195216555575_5294256612213444600_n\" data-dt-img-description=\"\" data-large_image_width=\"304\" data-large_image_height=\"640\"href='https:\/\/www.radiopiu.net\/wordpress\/wp-content\/uploads\/2022\/08\/301592072_487195216555575_5294256612213444600_n.jpg'><img loading=\"lazy\" decoding=\"async\" width=\"150\" height=\"150\" src=\"https:\/\/www.radiopiu.net\/wordpress\/wp-content\/uploads\/2022\/08\/301592072_487195216555575_5294256612213444600_n-150x150.jpg\" class=\"attachment-thumbnail size-thumbnail\" alt=\"\" \/><\/a>\n\t\t\t\t<\/dt><\/dl><dl class='gallery-item'>\n\t\t\t\t<dt class='gallery-icon portrait'>\n\t\t\t\t\t<a class=\"rollover rollover-zoom dt-pswp-item\" title=\"301530106_3296609947261844_872927973142092835_n\" data-dt-img-description=\"\" data-large_image_width=\"320\" data-large_image_height=\"699\"href='https:\/\/www.radiopiu.net\/wordpress\/wp-content\/uploads\/2022\/08\/301530106_3296609947261844_872927973142092835_n.jpg'><img loading=\"lazy\" decoding=\"async\" width=\"150\" height=\"150\" src=\"https:\/\/www.radiopiu.net\/wordpress\/wp-content\/uploads\/2022\/08\/301530106_3296609947261844_872927973142092835_n-150x150.jpg\" class=\"attachment-thumbnail size-thumbnail\" alt=\"\" \/><\/a>\n\t\t\t\t<\/dt><\/dl><dl class='gallery-item'>\n\t\t\t\t<dt class='gallery-icon portrait'>\n\t\t\t\t\t<a class=\"rollover rollover-zoom dt-pswp-item\" title=\"300366858_2899590263681972_616416156983853469_n\" data-dt-img-description=\"\" data-large_image_width=\"320\" data-large_image_height=\"584\"href='https:\/\/www.radiopiu.net\/wordpress\/wp-content\/uploads\/2022\/08\/300366858_2899590263681972_616416156983853469_n.jpg'><img loading=\"lazy\" decoding=\"async\" width=\"150\" height=\"150\" src=\"https:\/\/www.radiopiu.net\/wordpress\/wp-content\/uploads\/2022\/08\/300366858_2899590263681972_616416156983853469_n-150x150.jpg\" class=\"attachment-thumbnail size-thumbnail\" alt=\"\" \/><\/a>\n\t\t\t\t<\/dt><\/dl><br style=\"clear: both\" \/>\n\t\t\t<\/div>\n\n<p>&nbsp;<\/p>\n<hr \/>\n<p>&nbsp;<\/p>\n<h2><span style=\"color: #ff0000;\">IERI ALLA RADIO<\/span><\/h2>\n<h2><strong><a class=\"dt-pswp-item\" href=\"https:\/\/www.radiopiu.net\/wordpress\/wp-content\/uploads\/2022\/08\/67871305_889113631465075_8925735751044300800_n.jpg\" data-dt-img-description=\"\" data-large_image_width=\"960\" data-large_image_height=\"720\"><img loading=\"lazy\" decoding=\"async\" class=\"size-thumbnail wp-image-295019 alignleft\" src=\"https:\/\/www.radiopiu.net\/wordpress\/wp-content\/uploads\/2022\/08\/67871305_889113631465075_8925735751044300800_n-150x150.jpg\" alt=\"\" width=\"150\" height=\"150\" \/><\/a><\/strong><span style=\"color: #993300;\">LA FESTA DELL&#8217;ORZO E DELLA BIRRA ARTIGIANALE A SAN TOMASO<\/span><\/h2>\n<p><strong>di Claudio Fontanive<\/strong><\/p>\n<p>OSPITI: Maria Jos\u00e8 Gaiardo, Sara De Val e Silvia Alchini<\/p>\n<audio class=\"wp-audio-shortcode\" id=\"audio-295001-6\" preload=\"none\" style=\"width: 100%;\" controls=\"controls\"><source type=\"audio\/mpeg\" src=\"https:\/\/www.radiopiu.net\/wordpress\/wp-content\/uploads\/2022\/08\/festa-dellorzoSPECIALE.mp3?_=6\" \/><a href=\"https:\/\/www.radiopiu.net\/wordpress\/wp-content\/uploads\/2022\/08\/festa-dellorzoSPECIALE.mp3\">https:\/\/www.radiopiu.net\/wordpress\/wp-content\/uploads\/2022\/08\/festa-dellorzoSPECIALE.mp3<\/a><\/audio>\n<p>&nbsp;<\/p>\n<hr \/>\n<p>&nbsp;<\/p>\n<h2><strong><a class=\"dt-pswp-item\" href=\"https:\/\/www.radiopiu.net\/wordpress\/wp-content\/uploads\/2022\/08\/302494728_8111860372188099_8074698693781745560_n.jpg\" data-dt-img-description=\"\" data-large_image_width=\"1280\" data-large_image_height=\"960\"><img loading=\"lazy\" decoding=\"async\" class=\"size-thumbnail wp-image-294950 alignleft\" src=\"https:\/\/www.radiopiu.net\/wordpress\/wp-content\/uploads\/2022\/08\/302494728_8111860372188099_8074698693781745560_n-150x150.jpg\" alt=\"\" width=\"150\" height=\"150\" \/><\/a><span style=\"color: #008000;\">LA VERTICAL 107, UN VERO SUCCESSO<\/span><\/strong><\/h2>\n<p><strong>di Claudio Fontanive<\/strong><\/p>\n<p>OSPITE: Carlo Zanon<\/p>\n<audio class=\"wp-audio-shortcode\" id=\"audio-295001-7\" preload=\"none\" style=\"width: 100%;\" controls=\"controls\"><source type=\"audio\/mpeg\" src=\"https:\/\/www.radiopiu.net\/wordpress\/wp-content\/uploads\/2022\/08\/carlo-zanon-post-vertical.mp3?_=7\" \/><a href=\"https:\/\/www.radiopiu.net\/wordpress\/wp-content\/uploads\/2022\/08\/carlo-zanon-post-vertical.mp3\">https:\/\/www.radiopiu.net\/wordpress\/wp-content\/uploads\/2022\/08\/carlo-zanon-post-vertical.mp3<\/a><\/audio>\n<p>&nbsp;<\/p>\n<hr \/>\n<p>&nbsp;<\/p>\n<div>\n<div class=\"b654a4as d2edcug0\">\n<div class=\"rq0escxv hkbzh7o3 jwdofwj8 n8tt0mok r8blr3vg hyh9befq\">\n<p><a class=\"dt-pswp-item\" href=\"https:\/\/www.radiopiu.net\/wordpress\/wp-content\/uploads\/2020\/10\/pp.jpg\" data-dt-img-description=\"\" data-large_image_width=\"640\" data-large_image_height=\"640\"><img loading=\"lazy\" decoding=\"async\" class=\"wp-image-163678 alignleft\" src=\"https:\/\/www.radiopiu.net\/wordpress\/wp-content\/uploads\/2020\/10\/pp-300x300.jpg\" alt=\"\" width=\"106\" height=\"106\" srcset=\"https:\/\/www.radiopiu.net\/wordpress\/wp-content\/uploads\/2020\/10\/pp-300x300.jpg 300w, https:\/\/www.radiopiu.net\/wordpress\/wp-content\/uploads\/2020\/10\/pp-150x150.jpg 150w, https:\/\/www.radiopiu.net\/wordpress\/wp-content\/uploads\/2020\/10\/pp-125x125.jpg 125w, https:\/\/www.radiopiu.net\/wordpress\/wp-content\/uploads\/2020\/10\/pp-200x200.jpg 200w, https:\/\/www.radiopiu.net\/wordpress\/wp-content\/uploads\/2020\/10\/pp-80x80.jpg 80w, https:\/\/www.radiopiu.net\/wordpress\/wp-content\/uploads\/2020\/10\/pp-480x480.jpg 480w, https:\/\/www.radiopiu.net\/wordpress\/wp-content\/uploads\/2020\/10\/pp.jpg 640w\" sizes=\"auto, (max-width: 106px) 100vw, 106px\" \/><\/a><\/p>\n<\/div>\n<\/div>\n<\/div>\n<div>\n<div class=\"page-title-head hgroup\">\n<div class=\"page-title-head hgroup\">\n<div class=\"b654a4as d2edcug0\">\n<div class=\"j83agx80 btwxx1t3 lhclo0ds hop8lmos nkwizq5d scwd0bx6 roh60bw9\">\n<div class=\"rq0escxv hkbzh7o3 jwdofwj8 n8tt0mok r8blr3vg hyh9befq\">\n<div class=\"do00u71z l9j0dhe7 k4urcfbm\">\n<h2><span style=\"color: #000080;\">DON CESARE, IL PENSIERO DEL GIORNO. ALLA RADIO ALLE 7 DEL MATTINO E ALLE 19.30 DELLA SERA.\u00a0<\/span><\/h2>\n<\/div>\n<\/div>\n<\/div>\n<\/div>\n<\/div>\n<\/div>\n<\/div>\n<div class=\"do00u71z l9j0dhe7 k4urcfbm\">\n<div class=\"page-title-head hgroup\">\n<div class=\"page-title-head hgroup\">\n<div class=\"b654a4as d2edcug0\">\n<div class=\"j83agx80 btwxx1t3 lhclo0ds hop8lmos nkwizq5d scwd0bx6 roh60bw9\">\n<div class=\"rq0escxv hkbzh7o3 jwdofwj8 n8tt0mok r8blr3vg hyh9befq\">\n<div class=\"do00u71z l9j0dhe7 k4urcfbm\">\n<div class=\"page-title-head hgroup\">\n<div class=\"page-title-head hgroup\">\n<div class=\"b654a4as d2edcug0\">\n<div class=\"j83agx80 btwxx1t3 lhclo0ds hop8lmos nkwizq5d scwd0bx6 roh60bw9\">\n<div class=\"rq0escxv hkbzh7o3 jwdofwj8 n8tt0mok r8blr3vg hyh9befq\">\n<div class=\"do00u71z l9j0dhe7 k4urcfbm\">\n<div class=\"ecm0bbzt e5nlhep0 a8c37x1j\">\n<div class=\"kvgmc6g5 cxmmr5t8 oygrvhab hcukyx3x c1et5uql\">\n<div class=\"gmail-kvgmc6g5 gmail-cxmmr5t8 gmail-oygrvhab gmail-hcukyx3x gmail-c1et5uql gmail-ii04i59q\">\n<div class=\"page-title-head hgroup\">\n<div class=\"page-title-head hgroup\">\n<div class=\"b654a4as d2edcug0\">\n<div class=\"j83agx80 btwxx1t3 lhclo0ds hop8lmos nkwizq5d scwd0bx6 roh60bw9\">\n<div class=\"rq0escxv hkbzh7o3 jwdofwj8 n8tt0mok r8blr3vg hyh9befq\">\n<div class=\"do00u71z l9j0dhe7 k4urcfbm\">\n<div class=\"page-title-head hgroup\">\n<div class=\"page-title-head hgroup\">\n<div class=\"b654a4as d2edcug0\">\n<div class=\"j83agx80 btwxx1t3 lhclo0ds hop8lmos nkwizq5d scwd0bx6 roh60bw9\">\n<div class=\"rq0escxv hkbzh7o3 jwdofwj8 n8tt0mok r8blr3vg hyh9befq\">\n<div class=\"do00u71z l9j0dhe7 k4urcfbm\">\n<div class=\"page-title-head hgroup\">\n<div class=\"page-title-head hgroup\">\n<div class=\"b654a4as d2edcug0\">\n<div class=\"j83agx80 btwxx1t3 lhclo0ds hop8lmos nkwizq5d scwd0bx6 roh60bw9\">\n<div class=\"rq0escxv hkbzh7o3 jwdofwj8 n8tt0mok r8blr3vg hyh9befq\">\n<div class=\"do00u71z l9j0dhe7 k4urcfbm\">\n<div class=\"ecm0bbzt e5nlhep0 a8c37x1j\">\n<div class=\"kvgmc6g5 cxmmr5t8 oygrvhab hcukyx3x c1et5uql\">\n<div class=\"gmail-kvgmc6g5 gmail-cxmmr5t8 gmail-oygrvhab gmail-hcukyx3x gmail-c1et5uql gmail-ii04i59q\">\n<div class=\"page-title-head hgroup\">\n<div class=\"page-title-head hgroup\">\n<div class=\"b654a4as d2edcug0\">\n<div class=\"j83agx80 btwxx1t3 lhclo0ds hop8lmos nkwizq5d scwd0bx6 roh60bw9\">\n<div class=\"rq0escxv hkbzh7o3 jwdofwj8 n8tt0mok r8blr3vg hyh9befq\">\n<div class=\"do00u71z l9j0dhe7 k4urcfbm\">\n<p>&nbsp;<\/p>\n<audio class=\"wp-audio-shortcode\" id=\"audio-295001-8\" preload=\"none\" style=\"width: 100%;\" controls=\"controls\"><source type=\"audio\/mpeg\" src=\"https:\/\/www.radiopiu.net\/wordpress\/wp-content\/uploads\/2022\/08\/CESARE-21.mp3?_=8\" \/><a href=\"https:\/\/www.radiopiu.net\/wordpress\/wp-content\/uploads\/2022\/08\/CESARE-21.mp3\">https:\/\/www.radiopiu.net\/wordpress\/wp-content\/uploads\/2022\/08\/CESARE-21.mp3<\/a><\/audio>\n<p>&nbsp;<\/p>\n<hr \/>\n<p>&nbsp;<\/p>\n<p><span style=\"color: #0000ff;\">MUSICA PIU&#8217;\u00a0<\/span><\/p>\n<p><a href=\"https:\/\/www.radiopiu.net\/wordpress\/giornale-radiopiu-20-settembre-2021-direttore-mirko-mezzacasa\/pp-79\/\" rel=\"attachment wp-att-232921\"><img loading=\"lazy\" decoding=\"async\" class=\"wp-image-232921 alignleft\" src=\"https:\/\/www.radiopiu.net\/wordpress\/wp-content\/uploads\/2021\/09\/pp-1-300x300.jpg\" alt=\"\" width=\"135\" height=\"135\" srcset=\"https:\/\/www.radiopiu.net\/wordpress\/wp-content\/uploads\/2021\/09\/pp-1-300x300.jpg 300w, https:\/\/www.radiopiu.net\/wordpress\/wp-content\/uploads\/2021\/09\/pp-1-150x150.jpg 150w, https:\/\/www.radiopiu.net\/wordpress\/wp-content\/uploads\/2021\/09\/pp-1.jpg 640w\" sizes=\"auto, (max-width: 135px) 100vw, 135px\" \/><\/a><\/p>\n<div class=\"mkdf-post-text\">\n<div class=\"mkdf-post-text-inner\">\n<div class=\"mkdf-post-text-main\">\n<div class=\"mkdf-post-text\">\n<div class=\"mkdf-post-text-inner\">\n<div class=\"mkdf-post-text-main\">\n<div class=\"mkdf-post-text\">\n<div class=\"mkdf-post-text-inner\">\n<div class=\"mkdf-post-text-main\">\n<div class=\"page-title-head hgroup\">\n<div class=\"page-title-head hgroup\">\n<div class=\"mkdf-post-text\">\n<div class=\"mkdf-post-text-inner\">\n<div class=\"mkdf-post-text-main\">\n<div class=\"mkdf-post-text\">\n<div class=\"mkdf-post-text-inner\">\n<div class=\"mkdf-post-text-main\">\n<div class=\"page-title-head hgroup\">\n<div class=\"page-title-head hgroup\">\n<div class=\"page-title-head hgroup\">\n<div class=\"page-title-head hgroup\">\n<div class=\"b654a4as d2edcug0\">\n<div class=\"page-title-head hgroup\">\n<div class=\"page-title-head hgroup\">\n<div class=\"page-title-head hgroup\">\n<div class=\"page-title-head hgroup\">\n<div class=\"b654a4as d2edcug0\">\n<div class=\"page-title-head hgroup\">\n<div class=\"page-title-head hgroup\">\n<div class=\"page-title-head hgroup\">\n<div class=\"page-title-head hgroup\">\n<div class=\"b654a4as d2edcug0\">\n<div class=\"mkdf-post-text\">\n<div class=\"mkdf-post-text-inner\">\n<div class=\"mkdf-post-text-main\">\n<div class=\"mkdf-post-text\">\n<div class=\"mkdf-post-text-inner\">\n<div class=\"mkdf-post-text-main\">\n<div class=\"mkdf-post-text\">\n<div class=\"mkdf-post-text-inner\">\n<div class=\"mkdf-post-text-main\">\n<div class=\"page-title-head hgroup\">\n<div class=\"page-title-head hgroup\">\n<div class=\"mkdf-post-text\">\n<div class=\"mkdf-post-text-inner\">\n<div class=\"mkdf-post-text-main\">\n<div class=\"mkdf-post-text\">\n<div class=\"mkdf-post-text-inner\">\n<div class=\"mkdf-post-text-main\">\n<div class=\"page-title-head hgroup\">\n<div class=\"page-title-head hgroup\">\n<div class=\"page-title-head hgroup\">\n<div class=\"page-title-head hgroup\">\n<div class=\"b654a4as d2edcug0\">\n<div class=\"page-title-head hgroup\">\n<div class=\"page-title-head hgroup\">\n<div class=\"page-title-head hgroup\">\n<div class=\"page-title-head hgroup\">\n<div class=\"b654a4as d2edcug0\">\n<div class=\"page-title-head hgroup\">\n<div class=\"page-title-head hgroup\">\n<div class=\"page-title-head hgroup\">\n<div class=\"page-title-head hgroup\">\n<div class=\"b654a4as d2edcug0\">\n<div><\/div>\n<div><\/div>\n<div>\n<p><strong>MUSICA ALLA RADIO, IL PROGRAMMA DI LORIS SCUSSEL &#8220;COLLAGE OPERAZIONE NOSTALGIA&#8221; DAL LUNEDI AL VENERDI ALLE 16.00\u00a0 E ALLE 23\u00a0<\/strong><\/p>\n<\/div>\n<\/div>\n<p>&nbsp;<\/p>\n<\/div>\n<\/div>\n<\/div>\n<\/div>\n<\/div>\n<\/div>\n<\/div>\n<\/div>\n<\/div>\n<\/div>\n<\/div>\n<\/div>\n<\/div>\n<\/div>\n<\/div>\n<\/div>\n<\/div>\n<\/div>\n<\/div>\n<\/div>\n<\/div>\n<\/div>\n<\/div>\n<\/div>\n<\/div>\n<\/div>\n<\/div>\n<\/div>\n<\/div>\n<\/div>\n<\/div>\n<\/div>\n<\/div>\n<\/div>\n<\/div>\n<\/div>\n<\/div>\n<\/div>\n<\/div>\n<\/div>\n<\/div>\n<\/div>\n<\/div>\n<\/div>\n<\/div>\n<\/div>\n<\/div>\n<\/div>\n<\/div>\n<\/div>\n<\/div>\n<\/div>\n<\/div>\n<\/div>\n<\/div>\n<\/div>\n<\/div>\n<\/div>\n<\/div>\n<\/div>\n<\/div>\n<\/div>\n<\/div>\n<div>\n<div class=\"page-title-head hgroup\">\n<div class=\"page-title-head hgroup\">\n<div class=\"page-title-head hgroup\">\n<div class=\"page-title-head hgroup\">\n<div class=\"b654a4as d2edcug0\">\n<div class=\"page-title-head hgroup\">\n<div class=\"page-title-head hgroup\">\n<div class=\"page-title-head hgroup\">\n<div class=\"page-title-head hgroup\">\n<div class=\"b654a4as d2edcug0\">\n<div class=\"page-title-head hgroup\">\n<div class=\"page-title-head hgroup\">\n<div class=\"page-title-head hgroup\">\n<div class=\"page-title-head hgroup\">\n<div class=\"page-title-head hgroup\">\n<div class=\"page-title-head hgroup\">\n<div class=\"page-title-head hgroup\">\n<div class=\"page-title-head hgroup\">\n<div class=\"page-title-head hgroup\">\n<div class=\"b654a4as d2edcug0\">\n<div class=\"page-title-head hgroup\">\n<div class=\"page-title-head hgroup\">\n<div class=\"page-title-head hgroup\">\n<div class=\"page-title-head hgroup\">\n<div class=\"b654a4as d2edcug0\">\n<div class=\"page-title-head hgroup\">\n<div class=\"page-title-head hgroup\">\n<div class=\"page-title-head hgroup\">\n<div class=\"page-title-head hgroup\">\n<div class=\"page-title-head hgroup\">\n<div class=\"mkdf-post-text\">\n<div class=\"mkdf-post-text-inner\">\n<div class=\"mkdf-post-text-main\">\n<div class=\"mkdf-post-text\">\n<div class=\"mkdf-post-text-inner\">\n<div class=\"mkdf-post-text-main\">\n<div class=\"mkdf-post-text\">\n<div class=\"mkdf-post-text-inner\">\n<div class=\"mkdf-post-text-main\">\n<div class=\"page-title-head hgroup\">\n<div class=\"page-title-head hgroup\">\n<div class=\"mkdf-post-text\">\n<div class=\"mkdf-post-text-inner\">\n<div class=\"mkdf-post-text-main\">\n<div class=\"mkdf-post-text\">\n<div class=\"mkdf-post-text-inner\">\n<div class=\"mkdf-post-text-main\">\n<div class=\"page-title-head hgroup\">\n<div class=\"page-title-head hgroup\">\n<div class=\"page-title-head hgroup\">\n<div class=\"page-title-head hgroup\">\n<div class=\"b654a4as d2edcug0\">\n<div class=\"page-title-head hgroup\">\n<div class=\"page-title-head hgroup\">\n<div class=\"page-title-head hgroup\">\n<div class=\"page-title-head hgroup\">\n<div class=\"b654a4as d2edcug0\">\n<div class=\"page-title-head hgroup\">\n<div class=\"page-title-head hgroup\">\n<div class=\"page-title-head hgroup\">\n<p>&nbsp;<\/p>\n<p>&nbsp;<\/p>\n<p><strong><a class=\"dt-pswp-item\" href=\"https:\/\/www.radiopiu.net\/wordpress\/wp-content\/uploads\/2022\/08\/rivanazionale2.jpg\" data-dt-img-description=\"\" data-large_image_width=\"630\" data-large_image_height=\"354\"><img loading=\"lazy\" decoding=\"async\" class=\" wp-image-294881 alignleft\" src=\"https:\/\/www.radiopiu.net\/wordpress\/wp-content\/uploads\/2022\/08\/rivanazionale2-150x150.jpg\" alt=\"\" width=\"126\" height=\"126\" \/><\/a>di Loris Scussel<\/strong><\/p>\n<p>Collage operazione nostalgia si apre con un omaggio musicale ad alcuni personaggi mitici dello sport partendo da una proposta del cantautore sardo Piero Marras che ha scritto \u201cQuando Gigi Riva torner\u00e0\u201d una piccola favola in musica. La settimana proseguir\u00e0 con la consueta alternanza tra musica italiana ed internazionale con una puntata dedicata agli amici ed un\u2019altra alla musica dal vivo perch\u00e9 come dice anche il grande Renzo Arbore \u201cMeglio dal vivo che dal morto\u201d. Collage va in onda dal luned\u00ec al venerd\u00ec alle 16,00 e alle 23,00 naturalmente su RadioPi\u00f9<\/p>\n<p>&nbsp;<\/p>\n<p>&nbsp;<\/p>\n<hr \/>\n<p>&nbsp;<\/p>\n<p><a class=\"dt-pswp-item\" href=\"https:\/\/www.radiopiu.net\/wordpress\/wp-content\/uploads\/2018\/09\/WhatsApp-Image-2018-09-20-at-16.04.06.jpeg\" data-dt-img-description=\"\" data-large_image_width=\"800\" data-large_image_height=\"100\"><img loading=\"lazy\" decoding=\"async\" class=\"aligncenter wp-image-61378 size-full\" src=\"https:\/\/www.radiopiu.net\/wordpress\/wp-content\/uploads\/2018\/09\/WhatsApp-Image-2018-09-20-at-16.04.06.jpeg\" alt=\"\" width=\"800\" height=\"100\" srcset=\"https:\/\/www.radiopiu.net\/wordpress\/wp-content\/uploads\/2018\/09\/WhatsApp-Image-2018-09-20-at-16.04.06.jpeg 800w, https:\/\/www.radiopiu.net\/wordpress\/wp-content\/uploads\/2018\/09\/WhatsApp-Image-2018-09-20-at-16.04.06-300x38.jpeg 300w, https:\/\/www.radiopiu.net\/wordpress\/wp-content\/uploads\/2018\/09\/WhatsApp-Image-2018-09-20-at-16.04.06-768x96.jpeg 768w\" sizes=\"auto, (max-width: 800px) 100vw, 800px\" \/><\/a><\/p>\n<p>&nbsp;<\/p>\n<p><center><b>Martedi 30<\/b><\/center><b>Tempo atteso: <\/b>Al mattino ben soleggiato con cielo sereno, salvo effimeri nubi basse mattutine in Valbelluna, in rapido diradamento. Al pomeriggio parziale riduzione del soleggiamento per arrivo di sottili nubi alte e per attivit\u00e0 cumuliforme irregolare, spesso modesta, localmente moderata e in alcuni casi associata a fenomeni convettivi di limitata estensione spazio-temporale, tant&#8217;\u00e8 che su molto settori non piover\u00e0 affatto. In serata presumibile maggiore instabilit\u00e0. Conservazione della mitezza gi\u00e0 osservata luned\u00ec per quanto riguarda i valori termici diurni.<br \/>\n<b>Precipitazioni: <\/b>Al mattino assenti (0%). Al pomeriggio probabilit\u00e0 medio-bassa qualche rovescio o di qualche singolo temporale sulle Prealpi (30-40%), mentre l&#8217;instabilit\u00e0 sar\u00e0 assai minore sulle Dolomiti e limitata a qualche sporadico piovasco (10-20%). Non escluso un ulteriore aumento della probabilit\u00e0 verso sera (40-60%), Dolomiti comprese (apporti molto variabili: 2-15 mm).<br \/>\n<b>Temperature: <\/b>Minime e massime pressoch\u00e9 stazionarie rispetto a luned\u00ec. Su Prealpi a 1500 m min 11\u00b0C, max 16\u00b0C; a 2000 m min 9\u00b0C, max 13\u00b0C. Su Dolomiti a 2000 m min 9\u00b0C, max 13\u00b0C; a 3000 m min 3\u00b0C, max 5\u00b0C.<br \/>\n<b>Venti: <\/b>Nelle valli deboli a regime di brezza, a tratti e localmente moderati in alcuni settori, specie nelle ore pi\u00f9 calde; in quota deboli da nord al mattino, poi da est sud-est, a 5-10 km\/h a 2000 m e 5-15 km\/h a 3000 m.<\/p>\n<hr \/>\n<p><center><b>Mercoledi 31<\/b><\/center><b>Tempo atteso: <\/b>Cielo nuvoloso o molto nuvoloso, gi\u00e0 entro il primo mattino sulle Prealpi, mentre qualche residue e temporanee schiarite saranno ancora presenti sulle Dolomiti. Nel corso del mattino rapido peggioramento sulle Prealpi, mentre lo stesso sar\u00e0 pi\u00f9 graduale sulle Dolomiti. Al pomeriggio tempo instabile\/perturbato ovunque con cielo coperto e fenomeni via via pi\u00f9 diffusi. Contesto termico pi\u00f9 fresco con debole escursione termica diurna.<br \/>\n<b>Precipitazioni: <\/b>Al mattino aumento della probabilit\u00e0 fino ad alta (70-80%). Al pomeriggio fenomeni via via pi\u00f9 diffusi (80-90%), a tratti di moderata intensit\u00e0 su alcuni settori, localmente anche temporaleschi.<br \/>\n<b>Temperature: <\/b>In generale diminuzione, considerando che le minime saranno ovunque osservate alla sera, mentre quelle del mattino potrebbero essere in aumento nelle valli. Su Prealpi a 1500 m min 10\u00b0C, max 14\u00b0C; a 2000 m min 8\u00b0C, max 11\u00b0C. Su Dolomiti a 2000 m min 8\u00b0C, max 11\u00b0C; a 3000 m min 2\u00b0C, max 4\u00b0C.<br \/>\n<b>Venti: <\/b>Nelle valli perlopi\u00f9 deboli di direzione variabile, eccetto locali rinforzi per raffiche temporalesche; in quota generalmente deboli da sud sud-ovest, non esclusi lievi rinforzi sulle cime al pomeriggio, a 5-15 km\/h a 2000 m e 10-20 km\/h a 3000 m.<\/p>\n<hr \/>\n<p><center><b>Giovedi 1<\/b><\/center>Persistenza del maltempo con cielo molto nuvoloso\/coperto e poche chance di schiarite. Precipitazioni spesso persistenti, anche di moderata intensit\u00e0. Ulteriore lieve e generale calo termico e probabile ricomparsa di un po&#8217; di neve sulle cime dolomitiche pi\u00f9 alte (oltre i 3000 m). Nelle valli venti deboli di direzione variabile; in quota deboli da sud-ovest al mattino, disponendosi da nord nord-est al pomeriggio\/sera, rimanendo sempre deboli.<\/p>\n<hr \/>\n<p><center><b>Venerdi 2<\/b><\/center>Al mattino sole, velature e presenza irregolare di stratocumuli. Al pomeriggio crescente nuvolosit\u00e0 per attivit\u00e0 cumuliforme, anche intensa e associata a rovesci e temporali sparsi. Temperature minime in calo e massime in leggera ripresa. Nelle valli venti deboli a regime di brezza, a tratti e localmente moderati durante le ore pi\u00f9 calde; in quota deboli da nord-est. Previsore: R.L.Th.<\/p>\n<p>&nbsp;<\/p>\n<hr \/>\n<p>&nbsp;<\/p>\n<p><a href=\"https:\/\/www.radiopiu.net\/wordpress\/giornale-radiopiu-26-settembre-2018-direttore-mirko-mezzacasa\/viabilita-2\/\" rel=\"attachment wp-att-61954\"><img loading=\"lazy\" decoding=\"async\" class=\"aligncenter wp-image-61954 size-full\" src=\"https:\/\/www.radiopiu.net\/wordpress\/wp-content\/uploads\/2018\/09\/viabilita.jpeg\" sizes=\"auto, (max-width: 800px) 100vw, 800px\" srcset=\"https:\/\/www.radiopiu.net\/wordpress\/wp-content\/uploads\/2018\/09\/viabilita.jpeg 800w, https:\/\/www.radiopiu.net\/wordpress\/wp-content\/uploads\/2018\/09\/viabilita-300x38.jpeg 300w, https:\/\/www.radiopiu.net\/wordpress\/wp-content\/uploads\/2018\/09\/viabilita-768x96.jpeg 768w\" alt=\"\" width=\"800\" height=\"100\" \/><\/a><\/p>\n<blockquote>\n<h3><\/h3>\n<h3>GALLERIA DI SEGUSINO CHIUSA PER 4 MESI<\/h3>\n<\/blockquote>\n<p><strong><a class=\"dt-pswp-item\" href=\"https:\/\/www.radiopiu.net\/wordpress\/wp-content\/uploads\/2020\/05\/VENETO-STRADE.png\" data-dt-img-description=\"\" data-large_image_width=\"400\" data-large_image_height=\"400\"><img loading=\"lazy\" decoding=\"async\" class=\" wp-image-135574 alignleft\" src=\"https:\/\/www.radiopiu.net\/wordpress\/wp-content\/uploads\/2020\/05\/VENETO-STRADE-150x150.png\" alt=\"\" width=\"102\" height=\"102\" srcset=\"https:\/\/www.radiopiu.net\/wordpress\/wp-content\/uploads\/2020\/05\/VENETO-STRADE-150x150.png 150w, https:\/\/www.radiopiu.net\/wordpress\/wp-content\/uploads\/2020\/05\/VENETO-STRADE-300x300.png 300w, https:\/\/www.radiopiu.net\/wordpress\/wp-content\/uploads\/2020\/05\/VENETO-STRADE.png 400w\" sizes=\"auto, (max-width: 102px) 100vw, 102px\" \/><\/a><\/strong><\/p>\n<p><strong>SEGUSINO<\/strong> Fino al 4 novembre, compresi sabati domeniche e festivi infrasettimanali, un&#8217;interdizione totale al transito per l&#8217;intera tratta della galleria di Segusino in seguito a dei lavori per messa in sicurezza della condotta acquedottistica<\/p>\n<p><strong>RIVAMONTE<\/strong> Veneto Strade comunica che lungo la SP 3 della Valle Imperina, a Gona di Conedera \u00e8\u00a0 istituito un senso unico alternato regolato da semaforo fino al 29 agosto compresi sabato domenica e festivi. Senso unico necessario per consentire i lavori di consolidamento della strada.<\/p>\n<blockquote class=\"wp-embedded-content\" data-secret=\"2jukXzMnhS\"><p><a href=\"https:\/\/www.radiopiu.net\/wordpress\/viabilita\/\">viabilita<\/a><\/p><\/blockquote>\n<p><iframe loading=\"lazy\" class=\"wp-embedded-content\" sandbox=\"allow-scripts\" security=\"restricted\" style=\"position: absolute; clip: rect(1px, 1px, 1px, 1px);\" title=\"&#8220;viabilita&#8221; &#8212; Radio Pi\u00f9\" src=\"https:\/\/www.radiopiu.net\/wordpress\/viabilita\/embed\/#?secret=9fJBzd61Td#?secret=2jukXzMnhS\" data-secret=\"2jukXzMnhS\" width=\"600\" height=\"338\" frameborder=\"0\" marginwidth=\"0\" marginheight=\"0\" scrolling=\"no\"><\/iframe><\/p>\n<p>&nbsp;<\/p>\n<hr \/>\n<p>&nbsp;<\/p>\n<p>&nbsp;<\/p>\n<p><img loading=\"lazy\" decoding=\"async\" class=\"wp-image-60761 size-full aligncenter\" src=\"https:\/\/www.radiopiu.net\/wordpress\/wp-content\/uploads\/2018\/09\/sport.jpg\" alt=\"\" width=\"800\" height=\"100\" srcset=\"https:\/\/www.radiopiu.net\/wordpress\/wp-content\/uploads\/2018\/09\/sport.jpg 800w, https:\/\/www.radiopiu.net\/wordpress\/wp-content\/uploads\/2018\/09\/sport-300x38.jpg 300w, https:\/\/www.radiopiu.net\/wordpress\/wp-content\/uploads\/2018\/09\/sport-768x96.jpg 768w\" sizes=\"auto, (max-width: 800px) 100vw, 800px\" \/><\/p>\n<\/div>\n<\/div>\n<\/div>\n<div class=\"page-title-head hgroup\">\n<div class=\"page-title-head hgroup\">\n<p>&nbsp;<\/p>\n<p><span style=\"color: #0000ff;\"><strong>NUOTO<\/strong><\/span><\/p>\n<blockquote>\n<h3>EUROPEI MASTER: C\u2019E&#8217; GLORIA ANCHE PER DE BONA E BIANCHINI NEGLI 800 METRI<\/h3>\n<\/blockquote>\n<p><strong><a class=\"dt-pswp-item\" href=\"https:\/\/www.radiopiu.net\/wordpress\/wp-content\/uploads\/2022\/08\/Giulia_De_Bona_e_Giorgia_Bianchin.jpg\" data-dt-img-description=\"\" data-large_image_width=\"2000\" data-large_image_height=\"1500\"><img loading=\"lazy\" decoding=\"async\" class=\"size-thumbnail wp-image-295064 alignleft\" src=\"https:\/\/www.radiopiu.net\/wordpress\/wp-content\/uploads\/2022\/08\/Giulia_De_Bona_e_Giorgia_Bianchin-150x150.jpg\" alt=\"\" width=\"150\" height=\"150\" \/><\/a>BELLUNO <\/strong>La storia continua. Quale storia? Quella della Sportivamente Belluno agli Europei Master di Roma. Archiviata la felicissima parentesi del nuoto in acque libere, con Tullio Franceschini e un Matteo Sogne capace di chiudere la sua prova in ventunesima posizione, \u00e8 stato il turno di due atlete in vasca. E, in particolare, nella prova degli 800 metri stile libero: Giulia De Bona e Giorgia Bianchin. La prima ha gareggiato nella categoria M25-29 e chiuso la sua batteria al quarto posto con il tempo di 12\u201918\u201d50. E la seconda, nella fascia 45-49, ha completato la prova in sesta posizione, in 12\u201905\u201d10. Sul palcoscenico internazionale Master, la Sportivamente Belluno continua a brillare di luce propria, grazie all\u2019impegno e all\u2019abnegazione delle sue atlete e dei suoi atleti.<\/p>\n<p>&nbsp;<\/p>\n<p>&nbsp;<\/p>\n<hr \/>\n<p>&nbsp;<\/p>\n<p><span style=\"color: #0000ff;\"><strong>CORSA PODISTICA<\/strong><\/span><\/p>\n<blockquote>\n<h3>TUTTO PRONTO PER LA VA PIAN MA RIVA<\/h3>\n<\/blockquote>\n<p><strong><a class=\"dt-pswp-item\" href=\"https:\/\/www.radiopiu.net\/wordpress\/wp-content\/uploads\/2022\/08\/VA-PIAN-MA-RIVA.jpg\" data-dt-img-description=\"\" data-large_image_width=\"1182\" data-large_image_height=\"1181\"><img loading=\"lazy\" decoding=\"async\" class=\"size-thumbnail wp-image-295067 alignleft\" src=\"https:\/\/www.radiopiu.net\/wordpress\/wp-content\/uploads\/2022\/08\/VA-PIAN-MA-RIVA-150x150.jpg\" alt=\"\" width=\"150\" height=\"150\" srcset=\"https:\/\/www.radiopiu.net\/wordpress\/wp-content\/uploads\/2022\/08\/VA-PIAN-MA-RIVA-150x150.jpg 150w, https:\/\/www.radiopiu.net\/wordpress\/wp-content\/uploads\/2022\/08\/VA-PIAN-MA-RIVA-300x300.jpg 300w, https:\/\/www.radiopiu.net\/wordpress\/wp-content\/uploads\/2022\/08\/VA-PIAN-MA-RIVA-1024x1024.jpg 1024w, https:\/\/www.radiopiu.net\/wordpress\/wp-content\/uploads\/2022\/08\/VA-PIAN-MA-RIVA-768x767.jpg 768w, https:\/\/www.radiopiu.net\/wordpress\/wp-content\/uploads\/2022\/08\/VA-PIAN-MA-RIVA.jpg 1182w\" sizes=\"auto, (max-width: 150px) 100vw, 150px\" \/><\/a>VOLTAGO<\/strong><\/p>\n<p>di Gianni Santomaso<\/p>\n<audio class=\"wp-audio-shortcode\" id=\"audio-295001-9\" preload=\"none\" style=\"width: 100%;\" controls=\"controls\"><source type=\"audio\/mpeg\" src=\"https:\/\/www.radiopiu.net\/wordpress\/wp-content\/uploads\/2022\/08\/GIANNI-TUTTO-PRONTO-PER-LA-VA-PIAN-MA-RIVA.mp3?_=9\" \/><a href=\"https:\/\/www.radiopiu.net\/wordpress\/wp-content\/uploads\/2022\/08\/GIANNI-TUTTO-PRONTO-PER-LA-VA-PIAN-MA-RIVA.mp3\">https:\/\/www.radiopiu.net\/wordpress\/wp-content\/uploads\/2022\/08\/GIANNI-TUTTO-PRONTO-PER-LA-VA-PIAN-MA-RIVA.mp3<\/a><\/audio>\n<p>&nbsp;<\/p>\n<\/div>\n<\/div>\n<\/div>\n<\/div>\n<\/div>\n<\/div>\n<\/div>\n<\/div>\n<\/div>\n<\/div>\n<\/div>\n<\/div>\n<\/div>\n<\/div>\n<\/div>\n<\/div>\n<\/div>\n<\/div>\n<\/div>\n<\/div>\n<\/div>\n<\/div>\n<\/div>\n<\/div>\n<\/div>\n<\/div>\n<\/div>\n<\/div>\n<\/div>\n<\/div>\n<\/div>\n<\/div>\n<\/div>\n<\/div>\n<\/div>\n<\/div>\n<\/div>\n<\/div>\n<\/div>\n<\/div>\n<\/div>\n<\/div>\n<\/div>\n<\/div>\n<\/div>\n<\/div>\n<\/div>\n<\/div>\n<\/div>\n<\/div>\n<\/div>\n<\/div>\n<\/div>\n<\/div>\n<\/div>\n<\/div>\n<\/div>\n<\/div>\n<\/div>\n<\/div>\n<\/div>\n<\/div>\n<\/div>\n<\/div>\n<\/div>\n<\/div>\n<\/div>\n<\/div>\n<\/div>\n<\/div>\n<\/div>\n<\/div>\n<\/div>\n<\/div>\n<\/div>\n<\/div>\n<\/div>\n<\/div>\n<\/div>\n<\/div>\n<\/div>\n<\/div>\n<\/div>\n<\/div>\n<\/div>\n<\/div>\n<\/div>\n<\/div>\n<\/div>\n<\/div>\n<\/div>\n<\/div>\n<\/div>\n<\/div>\n<\/div>\n<\/div>\n<\/div>\n<\/div>\n<\/div>\n<\/div>\n<\/div>\n<\/div>\n<\/div>\n","protected":false},"excerpt":{"rendered":"<p>RADIO PIU INFORMAZIONE il canale su TELEGRAM informazione di prima\u00a0\u00a0mano e in tempo reale. iscriviti ed aiutaci a farlo conoscere\u00a0\u00a0 &nbsp; &nbsp; RIAPRONO I CANTIERI GSP, DISAGI AL QUADRIVIO DELL&#8217;UNIONE MONTANA Divieto di transito in Via Insurrezione, nel tratto compreso tra l\u2019incrocio con la Via 27 Aprile 1945 e la via 4 Novembre 1918; istituzione&hellip;<\/p>\n","protected":false},"author":4,"featured_media":295009,"comment_status":"closed","ping_status":"closed","sticky":false,"template":"","format":"standard","meta":{"_monsterinsights_skip_tracking":false,"_monsterinsights_sitenote_active":false,"_monsterinsights_sitenote_note":"","_monsterinsights_sitenote_category":0,"footnotes":""},"categories":[51,86,49],"tags":[],"class_list":["post-295001","post","type-post","status-publish","format-standard","has-post-thumbnail","hentry","category-evidenza-top","category-gr","category-news-18","category-51","category-86","category-49","description-off"],"img_url":"https:\/\/www.radiopiu.net\/wordpress\/wp-content\/uploads\/2022\/08\/7946468a-f331-4d41-8250-bd9c52c2a454.jpg","_links":{"self":[{"href":"https:\/\/www.radiopiu.net\/wordpress\/wp-json\/wp\/v2\/posts\/295001","targetHints":{"allow":["GET"]}}],"collection":[{"href":"https:\/\/www.radiopiu.net\/wordpress\/wp-json\/wp\/v2\/posts"}],"about":[{"href":"https:\/\/www.radiopiu.net\/wordpress\/wp-json\/wp\/v2\/types\/post"}],"author":[{"embeddable":true,"href":"https:\/\/www.radiopiu.net\/wordpress\/wp-json\/wp\/v2\/users\/4"}],"replies":[{"embeddable":true,"href":"https:\/\/www.radiopiu.net\/wordpress\/wp-json\/wp\/v2\/comments?post=295001"}],"version-history":[{"count":0,"href":"https:\/\/www.radiopiu.net\/wordpress\/wp-json\/wp\/v2\/posts\/295001\/revisions"}],"wp:featuredmedia":[{"embeddable":true,"href":"https:\/\/www.radiopiu.net\/wordpress\/wp-json\/wp\/v2\/media\/295009"}],"wp:attachment":[{"href":"https:\/\/www.radiopiu.net\/wordpress\/wp-json\/wp\/v2\/media?parent=295001"}],"wp:term":[{"taxonomy":"category","embeddable":true,"href":"https:\/\/www.radiopiu.net\/wordpress\/wp-json\/wp\/v2\/categories?post=295001"},{"taxonomy":"post_tag","embeddable":true,"href":"https:\/\/www.radiopiu.net\/wordpress\/wp-json\/wp\/v2\/tags?post=295001"}],"curies":[{"name":"wp","href":"https:\/\/api.w.org\/{rel}","templated":true}]}}