{"id":295085,"date":"2022-08-29T16:05:10","date_gmt":"2022-08-29T14:05:10","guid":{"rendered":"https:\/\/www.radiopiu.net\/wordpress\/?p=295085"},"modified":"2022-08-29T16:07:20","modified_gmt":"2022-08-29T14:07:20","slug":"dillo-a-radio-piu-il-bostrico-in-comelico","status":"publish","type":"post","link":"https:\/\/www.radiopiu.net\/wordpress\/dillo-a-radio-piu-il-bostrico-in-comelico\/","title":{"rendered":"DILLO A RADIO PIU&#8217;&#8230;IL BOSTRICO IN COMELICO"},"content":{"rendered":"<p><strong><a class=\"dt-pswp-item\" href=\"https:\/\/www.radiopiu.net\/wordpress\/wp-content\/uploads\/2021\/10\/BOSTRICO.jpg\" data-dt-img-description=\"\" data-large_image_width=\"2048\" data-large_image_height=\"1536\"><img loading=\"lazy\" decoding=\"async\" class=\"size-thumbnail wp-image-239763 alignleft\" src=\"https:\/\/www.radiopiu.net\/wordpress\/wp-content\/uploads\/2021\/10\/BOSTRICO-150x150.jpg\" alt=\"\" width=\"150\" height=\"150\" \/><\/a>REDAZIONE<\/strong> Riceviamo e pubblichiamo una considerazione in merito all&#8217;articolo comparso nelle ultime ore sul nostro sito riguardo il bostrico a firma di Tiziano De Col. Le precisazioni arrivano da Stefano, ascoltatore del Comelico.<\/p>\n<blockquote><p><em>Mi permetto di dissentire, almeno per quanto riguarda il territorio comeliano, dal recente articolo sul bostrico di Tiziano De Col. Sono stato presidente della Regola di Valle nel comune di San Pietro per il quinquennio 2017\/2022 e ora conservo lo status di amministratore e la carica di vice e, mentre posso confermare che i piani di riassetto forestale di cui le Regole sono dotate ex Legge, sono, da anni, elaborati e redatti sulla base di stime e non gi\u00e0 previo rilievo in bosco, non posso per\u00f2 avvalorare la tesi della mancanza di cura e attenzione nella gestione selvicolturale delle nostre foreste; fortunatamente il 70% dei boschi del nostro territorio \u00e8 di propriet\u00e0 delle Regole che con Vaia prima, gli schianti da neve nel 2020\/21 e ora il bostrico, hanno subito e stanno subendo un enorme danno ambientale che, non posso nasconderlo, \u00e8 indubbiamente anche di natura economica se pensiamo che i bilanci regolieri si basavano quasi prevalentemente sugli introiti derivanti dalla vendita dei lotti boschivi. I nostri boschi erano la rappresentazione di una gestione millenaria basata sulla selezione e coltivazione delle piante con effetti positivi anche per la biodiversit\u00e0 che da molte parti viene riconosciuta al nostro territorio. Nonostante l&#8217;attenzione e la cura dei boschi, la natura ha comunque fatto il suo corso (Vaia &amp; co) come ora lo sta facendo con questa invasione del bostrico che non ha attaccato boschi incolti e affetti da incuria o abbandono, ma boschi che venivano regolarmente &#8220;condotti&#8221; da secoli con attenzione e cura e che sono per\u00f2, ahinoi, stati pesantemente provati dalle intense raffiche di vento di fine ottobre 2018. Fare quindi di &#8220;ogni erba un fascio&#8221; non \u00e8 poi cos\u00ec corretto, ma porsi le giuste domande in merito ad un diverso approccio di fronte a madre natura e agli evidenti cambiamenti climatici beh, questo si, indubbiamente! Ricordo che solo dalla Val Visdende (area pi\u00f9 colpita da queste avversit\u00e0) abbiamo allestiti e trasportati via oltre 250.000 metri cubi di legname &#8220;ex Vaia&#8221; per i quali ci eravamo dati un limite temporale di 3 anni, ovviamente disatteso da ci\u00f2 che \u00e8 successo nell&#8217;inverno 2020\/21 e da quello che sta succedendo ora con il bostrico. Diversificare le specie \u00e8 senz&#8217;altro un buon punto di partenza, ma poi la natura sa il fatto suo e laddove ha raso al suolo, sar\u00e0 capace di riportare la vita, anche pi\u00f9 rigogliosa di prima. Gli eventi eccezionali e l&#8217;attuale crisi energetica deve forse portarci ad un ripensamento della gestione forestale e perch\u00e9 no, appunto ad una diversificazione del bosco introducendo anche quelle specie a crescita rapida, in grado di rinvigorire la macchia, proteggere il sottobosco e il substrato vegetale in genere, ma anche fornire, in modo pi\u00f9 sostenibile, materia prima da cui ricavare energia rinnovabile e non solo.<\/em><\/p>\n<p><em>Stefano<\/em><\/p><\/blockquote>\n<p>&nbsp;<\/p>\n<h1><span style=\"color: #ff0000;\">L&#8217;ARTICOLO DI IERI<\/span><\/h1>\n<blockquote class=\"wp-embedded-content\" data-secret=\"PIYGvJVdwE\"><p><a href=\"https:\/\/www.radiopiu.net\/wordpress\/dillo-a-radio-piu-un-ragionamento-sul-bostrico\/\">DILLO A RADIO PIU&#8217;&#8230;UN RAGIONAMENTO SUL BOSTRICO<\/a><\/p><\/blockquote>\n<p><iframe loading=\"lazy\" class=\"wp-embedded-content\" sandbox=\"allow-scripts\" security=\"restricted\" style=\"position: absolute; clip: rect(1px, 1px, 1px, 1px);\" title=\"&#8220;DILLO A RADIO PIU&#8217;&#8230;UN RAGIONAMENTO SUL BOSTRICO&#8221; &#8212; Radio Pi\u00f9\" src=\"https:\/\/www.radiopiu.net\/wordpress\/dillo-a-radio-piu-un-ragionamento-sul-bostrico\/embed\/#?secret=P816a9jGOn#?secret=PIYGvJVdwE\" data-secret=\"PIYGvJVdwE\" width=\"600\" height=\"338\" frameborder=\"0\" marginwidth=\"0\" marginheight=\"0\" scrolling=\"no\"><\/iframe><\/p>\n<p>&nbsp;<\/p>\n<p>&nbsp;<\/p>\n<p>******<\/p>\n","protected":false},"excerpt":{"rendered":"<p>REDAZIONE Riceviamo e pubblichiamo una considerazione in merito all&#8217;articolo comparso nelle ultime ore sul nostro sito riguardo il bostrico a firma di Tiziano De Col. Le precisazioni arrivano da Stefano, ascoltatore del Comelico. Mi permetto di dissentire, almeno per quanto riguarda il territorio comeliano, dal recente articolo sul bostrico di Tiziano De Col. Sono stato&hellip;<\/p>\n","protected":false},"author":4,"featured_media":254880,"comment_status":"closed","ping_status":"closed","sticky":false,"template":"","format":"standard","meta":{"_monsterinsights_skip_tracking":false,"_monsterinsights_sitenote_active":false,"_monsterinsights_sitenote_note":"","_monsterinsights_sitenote_category":0,"footnotes":""},"categories":[49],"tags":[],"class_list":["post-295085","post","type-post","status-publish","format-standard","has-post-thumbnail","hentry","category-news-18","category-49","description-off"],"img_url":"https:\/\/www.radiopiu.net\/wordpress\/wp-content\/uploads\/2022\/01\/BOSTRICO.jpg","_links":{"self":[{"href":"https:\/\/www.radiopiu.net\/wordpress\/wp-json\/wp\/v2\/posts\/295085","targetHints":{"allow":["GET"]}}],"collection":[{"href":"https:\/\/www.radiopiu.net\/wordpress\/wp-json\/wp\/v2\/posts"}],"about":[{"href":"https:\/\/www.radiopiu.net\/wordpress\/wp-json\/wp\/v2\/types\/post"}],"author":[{"embeddable":true,"href":"https:\/\/www.radiopiu.net\/wordpress\/wp-json\/wp\/v2\/users\/4"}],"replies":[{"embeddable":true,"href":"https:\/\/www.radiopiu.net\/wordpress\/wp-json\/wp\/v2\/comments?post=295085"}],"version-history":[{"count":0,"href":"https:\/\/www.radiopiu.net\/wordpress\/wp-json\/wp\/v2\/posts\/295085\/revisions"}],"wp:featuredmedia":[{"embeddable":true,"href":"https:\/\/www.radiopiu.net\/wordpress\/wp-json\/wp\/v2\/media\/254880"}],"wp:attachment":[{"href":"https:\/\/www.radiopiu.net\/wordpress\/wp-json\/wp\/v2\/media?parent=295085"}],"wp:term":[{"taxonomy":"category","embeddable":true,"href":"https:\/\/www.radiopiu.net\/wordpress\/wp-json\/wp\/v2\/categories?post=295085"},{"taxonomy":"post_tag","embeddable":true,"href":"https:\/\/www.radiopiu.net\/wordpress\/wp-json\/wp\/v2\/tags?post=295085"}],"curies":[{"name":"wp","href":"https:\/\/api.w.org\/{rel}","templated":true}]}}