{"id":295111,"date":"2022-08-31T06:05:42","date_gmt":"2022-08-31T04:05:42","guid":{"rendered":"https:\/\/www.radiopiu.net\/wordpress\/?p=295111"},"modified":"2022-08-31T09:24:59","modified_gmt":"2022-08-31T07:24:59","slug":"giornale-radiopiu-31-agosto-2022-direttore-mirko-mezzacasa","status":"publish","type":"post","link":"https:\/\/www.radiopiu.net\/wordpress\/giornale-radiopiu-31-agosto-2022-direttore-mirko-mezzacasa\/","title":{"rendered":"GIORNALE RADIOPIU 31 AGOSTO 2022 DIRETTORE MIRKO MEZZACASA"},"content":{"rendered":"<h3 class=\"kvgmc6g5 cxmmr5t8 oygrvhab hcukyx3x c1et5uql\"><span style=\"color: #0000ff;\"><strong>RADIO PIU INFORMAZIONE il canale su TELEGRAM informazione di prima\u00a0\u00a0<\/strong><strong>mano e in tempo reale. iscriviti ed aiutaci a farlo conoscere\u00a0\u00a0<\/strong><\/span><\/h3>\n<p>&nbsp;<\/p>\n<hr \/>\n<p>&nbsp;<\/p>\n<blockquote>\n<h3>RIAPRONO I CANTIERI GSP, DISAGI AL QUADRIVIO DELL&#8217;UNIONE MONTANA<\/h3>\n<p><em><a class=\"dt-pswp-item\" href=\"https:\/\/www.radiopiu.net\/wordpress\/wp-content\/uploads\/2022\/08\/Schermata-2022-08-22-alle-17.35.19.png\" data-dt-img-description=\"\" data-large_image_width=\"1556\" data-large_image_height=\"1160\"><img loading=\"lazy\" decoding=\"async\" class=\"size-thumbnail wp-image-294125 alignleft\" src=\"https:\/\/www.radiopiu.net\/wordpress\/wp-content\/uploads\/2022\/08\/Schermata-2022-08-22-alle-17.35.19-150x150.png\" alt=\"\" width=\"150\" height=\"150\" \/><\/a>Divieto di transito in Via Insurrezione, nel tratto compreso tra l\u2019incrocio con la Via 27 Aprile 1945 e la via 4 Novembre 1918; istituzione di un senso unico alternato, regolato da impianto semaforico, nel tratto della ex S.R. 203 \u201cAgordina\u201d<\/em><\/p><\/blockquote>\n<p><strong>AGORDO<\/strong> Gsp riapre i cantieri dopo il periodo di ferragosto, disagi previsti dal 5 al 10 settembre &#8211; ma non \u00e8 escluso i lavori possano terminare in tempi pi\u00f9 brevi &#8211; le modifiche alla viabilit\u00e0 interesseranno via Insurrezione all&#8217;altezza dell&#8217;Officina della Casa (centro commerciale Ganz) e fino all&#8217;incrocio con via 27 aprile e via via 4 Novembre 1918. Lungo la regionale 203 agordina non sono previste sospensioni totali, ovvero la ditta interessata provveder\u00e0 a regolare il traffico a senso unico alternato con movieri o semaforo. Diversa la questione lungo la 346 del Duran e Cereda, infatti in prossimit\u00e0 del Centro commerciale Ganz (ingresso per Officina della Casa) e quindi fino a poco prima dell&#8217;intersezione con Viale Sommariva \u00e8 prevista l&#8217;interdizione totale al transito dei veicoli. In questo caso sono previste deviazioni sulla viabilit\u00e0 alternativa. Per chi proviene dalla zone industriale (o dalle stazione Dolomitibus) potr\u00e0 raggiungere il centro da Viale Sommariva (fronte scuole-municipio) e quindi per Corso Patrioti fino a Piazza Libert\u00e0. Per il senso inverso (essendo Viale Sommariva a Senso Unico) potr\u00e0\u00a0 percorrere o la tangenziale, oppure via teto Piciol.<\/p>\n<p>&nbsp;<\/p>\n<p>&nbsp;<\/p>\n<hr \/>\n<p>&nbsp;<\/p>\n<blockquote>\n<h3>SP 3 CHIUSA PER DUE SETTIMANE A RIVAMONTE IN LOCALITA&#8217; GONA DI CONDERA e\u00a0 VERSO L\u2019ELIMINAZIONE DEL SEMAFORO, SULLA PROVINCIALE 8 DAL 29 AGOSTO VIA AI CANTIERI<\/h3>\n<\/blockquote>\n<p><strong><img loading=\"lazy\" decoding=\"async\" class=\"alignleft\" src=\"https:\/\/www.radiopiu.net\/wordpress\/wp-content\/uploads\/2021\/11\/81aa72cc-d66b-44fa-afd5-7103ae531a24.jpg\" width=\"193\" height=\"142\" \/><\/strong><\/p>\n<p>&nbsp;<\/p>\n<p>&nbsp;<\/p>\n<p>&nbsp;<\/p>\n<p>&nbsp;<\/p>\n<p>&nbsp;<\/p>\n<p><strong>DAL CORRIERE DELLE ALPI, di Gianni Santomaso<\/strong><\/p>\n<audio class=\"wp-audio-shortcode\" id=\"audio-295111-1\" preload=\"none\" style=\"width: 100%;\" controls=\"controls\"><source type=\"audio\/mpeg\" src=\"https:\/\/www.radiopiu.net\/wordpress\/wp-content\/uploads\/2022\/08\/GIANNI-GONA-DI-CONEDERA.mp3?_=1\" \/><a href=\"https:\/\/www.radiopiu.net\/wordpress\/wp-content\/uploads\/2022\/08\/GIANNI-GONA-DI-CONEDERA.mp3\">https:\/\/www.radiopiu.net\/wordpress\/wp-content\/uploads\/2022\/08\/GIANNI-GONA-DI-CONEDERA.mp3<\/a><\/audio>\n<p>&nbsp;<\/p>\n<hr \/>\n<p>&nbsp;<\/p>\n<p>&nbsp;<\/p>\n<blockquote>\n<h3><a class=\"dt-pswp-item\" href=\"https:\/\/www.radiopiu.net\/wordpress\/wp-content\/uploads\/2022\/08\/rifornimenti-con-autobotti.jpg\" data-dt-img-description=\"\" data-large_image_width=\"1500\" data-large_image_height=\"2000\"><img loading=\"lazy\" decoding=\"async\" class=\"size-thumbnail wp-image-294728 alignleft\" src=\"https:\/\/www.radiopiu.net\/wordpress\/wp-content\/uploads\/2022\/08\/rifornimenti-con-autobotti-150x150.jpg\" alt=\"\" width=\"150\" height=\"150\" \/><\/a>A MOE&#8217; DI LASTE ACQUA FINALMENTE POTABILE, MA C&#8217;E&#8217; VOLUTO UN MESE<\/h3>\n<\/blockquote>\n<p><strong>ROCCA PIETORE<\/strong>\u00a0 nelle localit\u00e0 VAL, DAGAI, DAVARE, LE COSTE, RONCH e MOE&#8217; DI LASTE l&#8217;acqua erogata dall&#8217;acquedotto \u00e8 di nuovo potabile e pu\u00f2 essere usata, quindi, per scopi alimentari.<\/p>\n<blockquote>\n<h3>ACQUA NON POTABILE A GOSALDO<\/h3>\n<\/blockquote>\n<p><strong>GOSALDO<\/strong> nelle localit\u00e0 LE FOCHE, LAMBROI, DENEORE, MAGAIT, REN, SELLE, COL TAMAI, BITTI, GIARDOI, PETTUINE, LE CASE, CURTI, INCASAL, VIA CAVELLERA e dal c.n. 26 al c.n. 29 di VIA S. ANDREA l&#8217;acqua erogata dall&#8217;acquedotto non \u00e8 potabile e pu\u00f2 essere usata per scopi alimentari SOLO PREVIA bollitura.<\/p>\n<p>&nbsp;<\/p>\n<p>&nbsp;<\/p>\n<hr \/>\n<p>&nbsp;<\/p>\n<blockquote>\n<h3>TEMPO INSTABILE SULLE DOLOMITI. SUCCESSIVAMENTE ANCHE IN PIANURA<\/h3>\n<\/blockquote>\n<p><strong>VENEZIA <\/strong>Il Centro Funzionale Decentrato della Protezione Civile della Regione del Veneto ha emesso un avviso in cui si prevede una crescente instabilit\u00e0 a partire dalle zone montane che si estender\u00e0 in pianura. Successivamente, dopo una pausa dei fenomeni, \u00e8 attesa una possibile ripresa dell&#8217;instabilit\u00e0 nel pomeriggio di oggi con alcuni nuovi rovesci o locali temporali, in esaurimento serale. Non si escludono locali temporali intensi (forti rovesci, forti raffiche di vento e locali grandinate) e in caso di maggior persistenza quantitativi di precipitazione localmente consistenti. <strong>Si prevede, inoltre, criticit\u00e0 idrogeologica, con particolare riferimento alla rete idraulica secondaria, stabilendo fino alle 00.00 di gioved\u00ec 1 settembre, lo stato di Attenzione (allerta gialla).<\/strong><\/p>\n<p><a class=\"dt-pswp-item\" href=\"https:\/\/www.radiopiu.net\/wordpress\/wp-content\/uploads\/2022\/08\/Schermata-2022-08-30-alle-14.30.07.png\" data-dt-img-description=\"\" data-large_image_width=\"1290\" data-large_image_height=\"424\"><img loading=\"lazy\" decoding=\"async\" class=\"alignnone wp-image-295174 size-large\" src=\"https:\/\/www.radiopiu.net\/wordpress\/wp-content\/uploads\/2022\/08\/Schermata-2022-08-30-alle-14.30.07-1024x337.png\" alt=\"\" width=\"1024\" height=\"337\" srcset=\"https:\/\/www.radiopiu.net\/wordpress\/wp-content\/uploads\/2022\/08\/Schermata-2022-08-30-alle-14.30.07-1024x337.png 1024w, https:\/\/www.radiopiu.net\/wordpress\/wp-content\/uploads\/2022\/08\/Schermata-2022-08-30-alle-14.30.07-300x99.png 300w, https:\/\/www.radiopiu.net\/wordpress\/wp-content\/uploads\/2022\/08\/Schermata-2022-08-30-alle-14.30.07-768x252.png 768w, https:\/\/www.radiopiu.net\/wordpress\/wp-content\/uploads\/2022\/08\/Schermata-2022-08-30-alle-14.30.07.png 1290w\" sizes=\"auto, (max-width: 1024px) 100vw, 1024px\" \/><\/a><\/p>\n<p>&nbsp;<\/p>\n<hr \/>\n<p>&nbsp;<\/p>\n<blockquote>\n<h3>SI SVOLGERANNO DOMANI A ROCCA PIETORE I FUNERALI DI MARCO DE VALLIER<\/h3>\n<\/blockquote>\n<p><strong>ROCCA PIETORE<\/strong> Saranno celebrati domani presso la chiesa parrocchiale di Rocca Pietore i funerali di Marco De Vallier, morto a 41 anni. A darne il triste annuncio la mamma Claudia, i nonni, gli zii, i cugini, angelica, i colleghi di lavoro e i parenti tutti. I funerali si svolgeranno alle 14:30. Il santo rosario oggi alle 18 sempre in chiesa. I famigliari ringraziano fin da ora quanti si uniranno nel ricordo e nella preghiera. La famiglia chiede non fiori ma un&#8217;eventuale offerta all&#8217;Unione Italiana Ciechi di Belluno. La redazione di Radio Pi\u00f9 si stringe attorno alla famiglia in questo momento difficile.<\/p>\n<p><a class=\"dt-pswp-item\" href=\"https:\/\/www.radiopiu.net\/wordpress\/wp-content\/uploads\/2022\/08\/De-Vallier-Marco-sito.jpg\" data-dt-img-description=\"EPIGRAFI\" data-large_image_width=\"734\" data-large_image_height=\"1042\"><img loading=\"lazy\" decoding=\"async\" class=\"alignnone wp-image-295120 size-medium\" src=\"https:\/\/www.radiopiu.net\/wordpress\/wp-content\/uploads\/2022\/08\/De-Vallier-Marco-sito-211x300.jpg\" alt=\"\" width=\"211\" height=\"300\" srcset=\"https:\/\/www.radiopiu.net\/wordpress\/wp-content\/uploads\/2022\/08\/De-Vallier-Marco-sito-211x300.jpg 211w, https:\/\/www.radiopiu.net\/wordpress\/wp-content\/uploads\/2022\/08\/De-Vallier-Marco-sito-721x1024.jpg 721w, https:\/\/www.radiopiu.net\/wordpress\/wp-content\/uploads\/2022\/08\/De-Vallier-Marco-sito.jpg 734w\" sizes=\"auto, (max-width: 211px) 100vw, 211px\" \/><\/a><\/p>\n<p>&nbsp;<\/p>\n<hr \/>\n<p>&nbsp;<\/p>\n<blockquote>\n<h3>INVESTITO UN BAMBINO A CENCENIGHE<\/h3>\n<\/blockquote>\n<p><strong>CENCENIGHE<\/strong> Erano le 11:45 di ieri mattina quando a Cencenighe \u00e8 stato investito un bambino. L&#8217;incidente \u00e8 avvenuto nei pressi del bivio per Avoscan. Ad investire il bimbo di 9 anni di Cencenighe un&#8217;auto che procedeva da Alleghe verso Agordo condotta da un 44enne della provincia di Treviso. Sul posto i Carabinieri e i sanitari. Il bambino, che nell&#8217;impatto aveva battuto la testa, \u00e8 stato soccorso dall&#8217;elicottero del Suem ma non sarebbe in condizioni gravi. Secondo le prime ricostruzioni il giovane stava rincorrendo un pallone ed ha attraversato la strada nel momento in cui arrivava l&#8217;auotomobile<\/p>\n<p>&nbsp;<\/p>\n<p>&nbsp;<\/p>\n<hr \/>\n<p>&nbsp;<\/p>\n<blockquote>\n<h3>CERCATORE DI FUNGHI RUZZOLA PER UNA SESSANTINA DI METRI NEL BOSCO<\/h3>\n<\/blockquote>\n<p><strong>CANALE D&#8217;AGORDO<\/strong> Ieri mattina verso le 10.15 il Soccorso alpino della Val Biois \u00e8 stato attivato per un cercatore di funghi ruzzolato una sessantina di metri fermandosi addosso a un albero, dopo essere scivolato sul fogliame bagnato di una faggeta, sopra le scuole medie di Canale\u00a0 d&#8217;Agordo. L&#8217;amico che era con lui, non avendo con loro il cellulare, \u00e8 corso a chiedere aiuto e ha guidato i soccorritori &#8211; 8 volontari compresa un&#8217;infermiera della Stazione &#8211; a ritroso tra la vegetazione, finch\u00e9 le squadre non hanno ritrovato il 59enne di Falcade, che aveva riportato contusioni e sospetto trauma toracico e a un braccio. Le sue condizioni sono state poi valutate dall&#8217;equipe medica e dal tecnico di elisoccorso dell&#8217;elicottero di Dolomiti Emergency verricellati sul posto. Stabilizzato e imbarellato, l&#8217;infortunato \u00e8 stato calato per 120 metri per arrivare sul prato sottostante, dove \u00e8 avvenuto il recupero sempre con il verricello. L&#8217;eliambulanza \u00e8 poi volata all&#8217;ospedale di Belluno.<\/p>\n<p><strong>IL VIDEO DEL RECUPERO CON L&#8217;ELICOTTERO<\/strong><\/p>\n<div style=\"width: 848px;\" class=\"wp-video\"><video class=\"wp-video-shortcode\" id=\"video-295111-1\" width=\"848\" height=\"480\" preload=\"metadata\" controls=\"controls\"><source type=\"video\/mp4\" src=\"https:\/\/www.radiopiu.net\/wordpress\/wp-content\/uploads\/2022\/08\/WhatsApp-Video-2022-08-30-at-12.26.26.mp4?_=1\" \/><a href=\"https:\/\/www.radiopiu.net\/wordpress\/wp-content\/uploads\/2022\/08\/WhatsApp-Video-2022-08-30-at-12.26.26.mp4\">https:\/\/www.radiopiu.net\/wordpress\/wp-content\/uploads\/2022\/08\/WhatsApp-Video-2022-08-30-at-12.26.26.mp4<\/a><\/video><\/div>\n<p>&nbsp;<\/p>\n<hr \/>\n<p>&nbsp;<\/p>\n<blockquote>\n<h3>SHOCK ANAFILATTICO IN VAL VISDENDE<\/h3>\n<\/blockquote>\n<p><strong><a class=\"dt-pswp-item\" href=\"https:\/\/www.radiopiu.net\/wordpress\/wp-content\/uploads\/2022\/08\/IMG-20220830-WA0012.jpg\" data-dt-img-description=\"\" data-large_image_width=\"1824\" data-large_image_height=\"840\"><img loading=\"lazy\" decoding=\"async\" class=\"wp-image-295206 alignleft\" src=\"https:\/\/www.radiopiu.net\/wordpress\/wp-content\/uploads\/2022\/08\/IMG-20220830-WA0012-300x138.jpg\" alt=\"\" width=\"183\" height=\"84\" srcset=\"https:\/\/www.radiopiu.net\/wordpress\/wp-content\/uploads\/2022\/08\/IMG-20220830-WA0012-300x138.jpg 300w, https:\/\/www.radiopiu.net\/wordpress\/wp-content\/uploads\/2022\/08\/IMG-20220830-WA0012-1024x472.jpg 1024w, https:\/\/www.radiopiu.net\/wordpress\/wp-content\/uploads\/2022\/08\/IMG-20220830-WA0012-768x354.jpg 768w, https:\/\/www.radiopiu.net\/wordpress\/wp-content\/uploads\/2022\/08\/IMG-20220830-WA0012-1536x707.jpg 1536w, https:\/\/www.radiopiu.net\/wordpress\/wp-content\/uploads\/2022\/08\/IMG-20220830-WA0012.jpg 1824w\" sizes=\"auto, (max-width: 183px) 100vw, 183px\" \/><\/a>SANTO STEFANO DI CADORE <\/strong>Verso le 14.50 di ieri una squadra del Soccorso alpino della Val Comelico, assieme a una del Soccorso alpino della Guardia di finanza di Auronzo, \u00e8 intervenuta in Val Visdende, per un escursionista con shock anafilattico per punture di insetti. L&#8217;uomo, che si trovava con la moglie e un amico in localit\u00e0 Ravanel, a 300 metri dal Ristorante Plenta, aveva infatti calpestato un nido di vespe di terra, manifestando subito malessere dopo essere stato punto. Sbarcati nelle vicinanze dall&#8217;elicottero del Suem di Pieve di Cadore, medico, infermiere e tecnico di elisoccorso hanno subito prestato le prime cure al 60enne di Montereale Valcellina (PN). Imbarellato, l&#8217;uomo \u00e8 stato poi caricato dai soccorritori sulla jeep e trasportato fino all&#8217;eliambulanza atterrata poco distante e decollata verso l&#8217;ospedale di Belluno.<\/p>\n<p>&nbsp;<\/p>\n<p>&nbsp;<\/p>\n<hr \/>\n<p>&nbsp;<\/p>\n<blockquote>\n<h3>CORDATA IN DIFFICOLTA&#8217; SOTTO LA CIMA DEL BEC DE MESDI&#8217;<\/h3>\n<\/blockquote>\n<p><strong>CORTINA<\/strong> Non appena il maltempo lo ha permesso, l&#8217;elicottero di Dolomiti Emergency \u00e8 intervenuto 150 metri circa sotto la cima del Bec de Mesd\u00ec, dove una coppia di alpinisti di Bressanone (BZ), lui 67 anni, lei 62, non era pi\u00f9 in grado di proseguire dopo aver preso una grandinata. Recuperati all&#8217;inizio di un canalone, a due tiri dall&#8217;uscita della via, entrambi sono stati recuperati in due rotazioni dal tecnico di elisoccorso, con un verricello di 50 metri. Gli scalatori sono poi stati lasciati a Malga Federa.<\/p>\n<p><strong>ALLEGHE<\/strong> Ieri attorno alle 16 l&#8217;elicottero di Dolomiti Emergency \u00e8 stato inviato lungo il sentiero numero 565, che dal Rifugio Tissi scende ad Alleghe, per un escursionista che si era fatto male a un piede scendendo da solo. Il 55enne di Casier (TV) \u00e8 stato quindi individuato e recuperato con un verricello di 30 metri, per essere poi trasportato all&#8217;ospedale di Agordo con un sospetto trauma alla caviglia.<\/p>\n<p>&nbsp;<\/p>\n<p>&nbsp;<\/p>\n<hr \/>\n<p>&nbsp;<\/p>\n<blockquote>\n<h3>SEDICENNE SI INFORTUNA FACENDO DOWNHILL<\/h3>\n<\/blockquote>\n<p><strong>CORTINA<\/strong> Attorno alle 17 una squadra del Soccorso alpino della Guardia di finanza di Cortina \u00e8 intervenuta lungo la pista di downhill Tofanina, per un giovane ciclista che era caduto e si era fatto male. Il sedicenne milanese \u00e8 stato raggiunto dai soccorritori avvicinatisi in fuoristrada, che gli hanno prestato prima assistenza e lo hanno poi accompagnato al Codivilla, per il sospetto trauma al gomito riportato.<\/p>\n<p>&nbsp;<\/p>\n<p>&nbsp;<\/p>\n<hr \/>\n<p>&nbsp;<\/p>\n<blockquote>\n<h3><a class=\"dt-pswp-item\" href=\"https:\/\/www.radiopiu.net\/wordpress\/wp-content\/uploads\/2022\/08\/a6ef568d-b4cd-4ce4-b671-a207b985a719.jpg\" data-dt-img-description=\"\" data-large_image_width=\"1003\" data-large_image_height=\"642\"><img loading=\"lazy\" decoding=\"async\" class=\"size-thumbnail wp-image-295008 alignleft\" src=\"https:\/\/www.radiopiu.net\/wordpress\/wp-content\/uploads\/2022\/08\/a6ef568d-b4cd-4ce4-b671-a207b985a719-150x150.jpg\" alt=\"\" width=\"150\" height=\"150\" \/><\/a>MORTO LO STAMBECCO SOCCORSO DOMENICA IN ZONA SORAPISS<\/h3>\n<\/blockquote>\n<p><strong>BELLUNO<\/strong> \u00abLa montagna ama chi le lascia i suoi fiori, si diceva una volta. Direi che oggi, la montagna ama chi la frequenta con rispetto e non sopporta chi abbandona rifiuti nell\u2019ambiente\u00bb. \u00c8 il commento del consigliere provinciale delegato a caccia e pesca, a poche ore dal ritrovamento della carcassa dello stambecco soccorso domenica in zona Sorapiss, in una vasta operazione coordinata dalla Polizia Provinciale. L\u2019animale aveva ingerito una vecchia lattina arrugginita ed era stato operato dal veterinario, portato in quota con l\u2019elicottero. Due giorni dopo per\u00f2 \u00e8 stato ritrovato morto.<\/p>\n<p>&nbsp;<\/p>\n<p>&nbsp;<\/p>\n<hr \/>\n<p>&nbsp;<\/p>\n<blockquote>\n<h3>PRONTO SOCCORSO AGORDO: NOMINATO ROSSI COME DIRETTORE FACENTE FUNZIONE<\/h3>\n<\/blockquote>\n<p><strong><a class=\"dt-pswp-item\" href=\"https:\/\/www.radiopiu.net\/wordpress\/wp-content\/uploads\/2022\/07\/OSPEDALE-AGORDO.png\" data-dt-img-description=\"\" data-large_image_width=\"1316\" data-large_image_height=\"756\"><img loading=\"lazy\" decoding=\"async\" class=\"alignleft wp-image-289638 \" src=\"https:\/\/www.radiopiu.net\/wordpress\/wp-content\/uploads\/2022\/07\/OSPEDALE-AGORDO-300x172.png\" alt=\"\" width=\"180\" height=\"103\" srcset=\"https:\/\/www.radiopiu.net\/wordpress\/wp-content\/uploads\/2022\/07\/OSPEDALE-AGORDO-300x172.png 300w, https:\/\/www.radiopiu.net\/wordpress\/wp-content\/uploads\/2022\/07\/OSPEDALE-AGORDO-1024x588.png 1024w, https:\/\/www.radiopiu.net\/wordpress\/wp-content\/uploads\/2022\/07\/OSPEDALE-AGORDO-768x441.png 768w, https:\/\/www.radiopiu.net\/wordpress\/wp-content\/uploads\/2022\/07\/OSPEDALE-AGORDO.png 1316w\" sizes=\"auto, (max-width: 180px) 100vw, 180px\" \/><\/a>BELLUNO <\/strong>Il Pronto Soccorso di Agordo, nelle more dell\u2019espletamento del concorso per l\u2019individuazione del nuovo primario, sar\u00e0 affidato al dr Edoardo Rossi, coordinatore del dipartimento aziendale di Emergenza Urgenza e direttore del Pronto Soccorso di Feltre. L\u2019apprezzato primario Giuseppe Ranieri Cravero, infatti,\u00a0 andr\u00e0 a dirigere il Pronto Soccorso di Gorizia-Monfalcone dell\u2019Azienda Ospedaliera Universitaria Giuliano Isontina in Friuli. Oltre a una occasione professionale di rilievo, infatti, il dr Cravero ha scelto di avvinarsi alla famiglia, che vive in Friuli. Al dr Rossi il compito di traghettare l\u2019unit\u00e0 operativa nei mesi necessari per l\u2019espletamento delle procedure concorsuali per la nomina del nuovo direttore del Pronto Soccorso di Agordo. A breve il bando sar\u00e0 pubblicato in Gazzetta Ufficiale e da quel momento decorrano i 30 giorni per la presentazione delle domande a cui seguir\u00e0 la prova concorsuale. Il Pronto Soccorso di Agordo \u00e8 una unit\u00e0 operativa molto organizzata che nei primi sei mesi del 2022 ha gestito circa 6 mila accessi (erano circa 10 mila nel 2021), offrendo a residenti e turisti una risposta efficace alle situazioni di urgenza ed emergenza.<\/p>\n<p><strong>di Gianni Santomaso<\/strong><\/p>\n<audio class=\"wp-audio-shortcode\" id=\"audio-295111-2\" preload=\"none\" style=\"width: 100%;\" controls=\"controls\"><source type=\"audio\/mpeg\" src=\"https:\/\/www.radiopiu.net\/wordpress\/wp-content\/uploads\/2022\/08\/GIANNI-PRONTO-SOCCORSO.mp3?_=2\" \/><a href=\"https:\/\/www.radiopiu.net\/wordpress\/wp-content\/uploads\/2022\/08\/GIANNI-PRONTO-SOCCORSO.mp3\">https:\/\/www.radiopiu.net\/wordpress\/wp-content\/uploads\/2022\/08\/GIANNI-PRONTO-SOCCORSO.mp3<\/a><\/audio>\n<p>&nbsp;<\/p>\n<hr \/>\n<p>&nbsp;<\/p>\n<blockquote>\n<h3>MANCANZA DI AUTISTI NEL TRASPORTO PUBBLICO LOCALE. I SINDACATI FANNO CHIAREZZA<\/h3>\n<\/blockquote>\n<p><strong><a class=\"dt-pswp-item\" href=\"https:\/\/www.radiopiu.net\/wordpress\/wp-content\/uploads\/2018\/08\/dolomitibus.jpeg\" data-dt-img-description=\"\" data-large_image_width=\"621\" data-large_image_height=\"414\"><img loading=\"lazy\" decoding=\"async\" class=\"size-thumbnail wp-image-59158 alignleft\" src=\"https:\/\/www.radiopiu.net\/wordpress\/wp-content\/uploads\/2018\/08\/dolomitibus-150x150.jpeg\" alt=\"\" width=\"150\" height=\"150\" \/><\/a>BELLUNO<\/strong> Con un comunicato congiunto, le sigle sindacali vogliono fare chiarezza sulla questione della mancanza di personale per il trasporto pubblico locale. Mancano pochi giorni all&#8217;inizio della scuola e il personale non basta per sopperire alla necessit\u00e0.<\/p>\n<p><strong>IL COMUNICATO SINDACALE<\/strong><\/p>\n<div class=\"page\" title=\"Page 1\">\n<div class=\"layoutArea\">\n<div class=\"column\">\n<p>Anche quest\u2019estate l\u2019azienda Dolomiti Bus ha lanciato l\u2019ennesimo grido d\u2019allarme rispetto alla carenza nel trovare personale da destinare al servizio di guida ma non solo. Mancano infatti autisti, certo, ma mancano anche operai in officina, in magazzino e pare vi siano difficolta\u0300 anche a reclutare figure di piu\u0300 alta specializzazione. Il grido pero\u0300 fa pari con un silenzio assordante rispetto al perche\u0301 si sia arrivati a questa situazione non piu\u0300 arginabile. Silenzio colpevole sul perche\u0301, quasi quotidianamente, il personale di Dolomiti Bus decida di dimettersi da un\u2019azienda che non da\u0300 nessun tipo di risposte alle legittime richieste che i lavoratori, anche attraverso le scriventi Organizzazioni Sindacali, pongono con sempre piu\u0300 forza. Si tratta di richieste di rivedere una contrattazione interna ferma dal 2004, di rivederla dal punto di vista economico: ma davvero si pensa che le indennita\u0300 concordate 18 anni fa possano avere ancora oggi una qualche forza????? Ma davvero si pensa che un Premio di risultato, legato ad una produttivita\u0300 che stona con la natura di servizio pubblico locale, riconosciuto per lo piu\u0300 in forma di welfare e e oggetto di contrattazione ogni anno, possa davero riequilibrare la perdita del potere di acquisto degli autisti? Ma l\u2019azienda tace anche rispetto alle richieste di revisione della contrattazione dal punto di vista normativo, nell\u2019organizzazione del lavoro. Tace l\u2019azienda rispetto a turni che ormai non consentono piu\u0300 alcuna conciliazione vita lavoro, a orari spezzati, a nastri che superano le 12 ore di impegno giornaliero, ad avvicinamenti a casa sempre piu\u0300 spesso negati \u201cperche\u0301 non c\u2019e\u0300 personale\u201d. Tace l\u2019azienda che non dice che ormai non si dimettono solo i nuovi assunti ma stiamo perdendo le professionalita\u0300 piu\u0300 specializzati, i \u201cvecchi autisti\u201d che avevano scelto questo lavoro per autentica passione e che oggi non trovano piu\u0300 alcuna gratificazione, ne\u0301 economica ne\u0301 professionale. Tace nel non dire di essere costretta a rivolgersi al subaffido, in cui spesso non esiste nemmeno una contrattazione di secondo livello, rischiando cosi\u0300 di alimentare fenomeni di dumping sociale in cui l\u2019unico costo ancora riducibile pare essere quello del lavoro. Ma tace anche la politica locale che pare non preoccuparsi davvero del fenomeno e delle ricadute per il territorio e per i propri cittadini. Martedi scorso, in commissione turni, l\u2019azienda ha comunicato che il servizio scolastico prevede 112 turni e solo 129 lavoratori (di cui in parte, oggi impegnati in altre mansioni) per coprirli. A 20 giorni dalla ripresa delle scuole mancano almeno 20 autisti per garantire che il servizio possa essere realmente svolto. Pensando di tranquillizzarci ci e\u0300 stato detto che sono state coinvolte le Agenzie per il lavoro. La nostra preoccupazione aumenta: davvero siamo costretti ad affidarci a delle agenzie, a lavoratori che, ammesso si trovino, non conoscono il territorio, verrannno necessariamente assegnati nelle zone piu\u0300 agibili costringendo ancora una volta coloro che ancora resistono ad accollarsi trasdferte e servizio \u201ctappabuchi\u201d? E avanti con il ciroclo vizioso di incentivare dimissioni. Ma ci preoccupa anche la situazione dell\u2019officina. Siamo passati da un organico di 18 meccanici circa, alla meta\u0300&#8230; ci chiediamo come e a che condizioni possa essere garantita la manutenzioen e la riparazione dei mezzi in deposito. A settembre la Provincia, ormai socia di minoranza dopo la gara a doppio oggetto, sottoscrivera\u0300 con Dolomiti Bus il nuovo programma di esercizio per i prossimi 9 anni (+ eventuali 4). Nelle linee guida si parla di servizio flessibile (si tratta forse del servizio a chiamata?), di investimenti, di clausole sociali a tutela dei lavoraratori. Peccato pero\u0300 che ad oggi, e malgrado le ripetute richieste, sia mancato qualsiasi vero confronto con le Organizzazioni sindacali a riguardo. Quale piano futuro? Quali investimenti? Quale servizio? Non e\u0300 dato saperlo. Ad oggi a noi vengono solo proposte ipotesi di taglio di linee e chilometri perche\u0301 mancano lavoratori. Forse per invertire il trend sarebbe necessario parlare con quei lavoratori. Forse per invertire il trend bisognerebbe promuovere piu\u0300 servizio, chiedere risorse aggiuntive per questo territorio, remunerare meglio gli autisti, costruire turni a misura di essere umano e non di macchine. Forse per invertire il trend sarebbe necessario evitare di far scappare chi ancora regge piu\u0300 che continuare a cercare manodopera. Per questo motivo le scriventi OOSS hanno deciso di rivolgersi al Prefetto avviando la procedura di raffreddamento nei confronti dell\u2019azienda. Hanno altresi\u0300 chiesto che all\u2019incontro partecipino la Provincia di Belluno, proprietaria (seppur ormai di minoranza) di Dolomiti Bus e Ente di Governo e il Comune di Belluno, a sua volta affidatario del servizio di trasporto urbano.<\/p>\n<p><em>FILT CIGL, FIT CISL, UIL Trasporti e FAISA CISAL<\/em><\/p>\n<p>&nbsp;<\/p>\n<p>&nbsp;<\/p>\n<hr \/>\n<p>&nbsp;<\/p>\n<blockquote>\n<h3>LA PROVINCIA DI BELLUNO 22ESIMA PER SPORT IN ITALIA<\/h3>\n<\/blockquote>\n<p><strong><a class=\"dt-pswp-item\" href=\"https:\/\/www.radiopiu.net\/wordpress\/wp-content\/uploads\/2020\/11\/SPORT.jpg\" data-dt-img-description=\"\" data-large_image_width=\"1920\" data-large_image_height=\"1280\"><img loading=\"lazy\" decoding=\"async\" class=\"size-thumbnail wp-image-174730 alignleft\" src=\"https:\/\/www.radiopiu.net\/wordpress\/wp-content\/uploads\/2020\/11\/SPORT-150x150.jpg\" alt=\"\" width=\"150\" height=\"150\" \/><\/a>BELLUNO <\/strong>Positiva la diffusione sul territorio e la qualit\u00e0 delle strutture sportive in provincia di Belluno: nella classifica sull\u2019Indice di sportivit\u00e0 del Sole 24 Ore, il Bellunese ottiene la 22esima posizione su 107. La provincia di Belluno ottiene il 22esimo posto nella classifica finale, stilata sulla base dei punteggi conseguiti nei 32 indicatori e trend, ponendosi quarta nella classifica regionale, prima di Padova, Venezia e Rovigo. L\u2019indice di sportivit\u00e0 misura la qualit\u00e0 e la diffusione della pratica sportiva a livello provinciale ed \u00e8 la somma dei risultati ottenuti da un territorio nei 32 indicatori suddivisi in 4 categorie: struttura e organizzazione del sistema sportivo, sport di squadra, discipline individuali e relazioni dello sport con l\u2019economia e la realt\u00e0 sociale. La provincia ottiene buone prestazioni anche in qualcuna delle singole sotto classifiche, ponendosi per esempio quinta in quella sulle strutture sportive, subito dopo Bolzano, e quinta anche nell\u2019indicatore \u201cSport e societ\u00e0\u201d. In particolare, brilla nella sotto categoria \u201cSport e turismo \u2013 Natura\u201d dove ottiene un secondo posto subito dopo Aosta e prima di Trento e Bolzano.<\/p>\n<p><strong>MONICA MAZZOCCOLI, ASSESSORE ALLO SPORT DEL COMUNE DI BELLUNO<\/strong><\/p>\n<audio class=\"wp-audio-shortcode\" id=\"audio-295111-3\" preload=\"none\" style=\"width: 100%;\" controls=\"controls\"><source type=\"audio\/mpeg\" src=\"https:\/\/www.radiopiu.net\/wordpress\/wp-content\/uploads\/2022\/08\/Mazzoccoli-su-classifica-sport.mp3?_=3\" \/><a href=\"https:\/\/www.radiopiu.net\/wordpress\/wp-content\/uploads\/2022\/08\/Mazzoccoli-su-classifica-sport.mp3\">https:\/\/www.radiopiu.net\/wordpress\/wp-content\/uploads\/2022\/08\/Mazzoccoli-su-classifica-sport.mp3<\/a><\/audio>\n<p>&nbsp;<\/p>\n<hr \/>\n<p>&nbsp;<\/p>\n<blockquote class=\"wp-embedded-content\" data-secret=\"lZSzqyoECf\"><p><a href=\"https:\/\/www.radiopiu.net\/wordpress\/aggnazionaleagosto30\/\">CORONAVIRUS: AGGIORNAMENTO NAZIONALE 30 AGOSTO 2022<\/a><\/p><\/blockquote>\n<p><iframe loading=\"lazy\" class=\"wp-embedded-content\" sandbox=\"allow-scripts\" security=\"restricted\" style=\"position: absolute; clip: rect(1px, 1px, 1px, 1px);\" title=\"&#8220;CORONAVIRUS: AGGIORNAMENTO NAZIONALE 30 AGOSTO 2022&#8221; &#8212; Radio Pi\u00f9\" src=\"https:\/\/www.radiopiu.net\/wordpress\/aggnazionaleagosto30\/embed\/#?secret=ZXOZJclu2O#?secret=lZSzqyoECf\" data-secret=\"lZSzqyoECf\" width=\"600\" height=\"338\" frameborder=\"0\" marginwidth=\"0\" marginheight=\"0\" scrolling=\"no\"><\/iframe><\/p>\n<p>&nbsp;<\/p>\n<\/div>\n<\/div>\n<\/div>\n<blockquote class=\"wp-embedded-content\" data-secret=\"1Gk2yB2crP\"><p><a href=\"https:\/\/www.radiopiu.net\/wordpress\/aziendazeroagosto30\/\">SONO 3700 I NUOVI POSITIVI IN VENETO DELLE ULTIME 24 ORE. NOVE DECESSI E RICOVERI IN NETTO CALO<\/a><\/p><\/blockquote>\n<p><iframe loading=\"lazy\" class=\"wp-embedded-content\" sandbox=\"allow-scripts\" security=\"restricted\" style=\"position: absolute; clip: rect(1px, 1px, 1px, 1px);\" title=\"&#8220;SONO 3700 I NUOVI POSITIVI IN VENETO DELLE ULTIME 24 ORE. NOVE DECESSI E RICOVERI IN NETTO CALO&#8221; &#8212; Radio Pi\u00f9\" src=\"https:\/\/www.radiopiu.net\/wordpress\/aziendazeroagosto30\/embed\/#?secret=bbsBMeaeHH#?secret=1Gk2yB2crP\" data-secret=\"1Gk2yB2crP\" width=\"600\" height=\"338\" frameborder=\"0\" marginwidth=\"0\" marginheight=\"0\" scrolling=\"no\"><\/iframe><\/p>\n<p>&nbsp;<\/p>\n<h2>I GRAFICI DI TIZIANO DE COL<\/h2>\n\n\t\t\t<style type='text\/css'>\n\t\t\t\t#gallery-1 {\n\t\t\t\t\tmargin: auto;\n\t\t\t\t}\n\t\t\t\t#gallery-1 .gallery-item {\n\t\t\t\t\tfloat: left;\n\t\t\t\t\tmargin-top: 10px;\n\t\t\t\t\ttext-align: center;\n\t\t\t\t\twidth: 33%;\n\t\t\t\t}\n\t\t\t\t#gallery-1 img {\n\t\t\t\t\tborder: 2px solid #cfcfcf;\n\t\t\t\t}\n\t\t\t\t#gallery-1 .gallery-caption {\n\t\t\t\t\tmargin-left: 0;\n\t\t\t\t}\n\t\t\t\t\/* see gallery_shortcode() in wp-includes\/media.php *\/\n\t\t\t<\/style>\n\t\t<div id='gallery-1' class='dt-gallery-container gallery galleryid-295111 gallery-columns-3 gallery-size-thumbnail'><dl class='gallery-item'>\n\t\t\t\t<dt class='gallery-icon landscape'>\n\t\t\t\t\t<a class=\"rollover rollover-zoom dt-pswp-item\" title=\"3aa84d5e-1f69-473d-8bee-f9e06bddcb46\" data-dt-img-description=\"\" data-large_image_width=\"606\" data-large_image_height=\"361\"href='https:\/\/www.radiopiu.net\/wordpress\/wp-content\/uploads\/2022\/08\/3aa84d5e-1f69-473d-8bee-f9e06bddcb46.jpg'><img loading=\"lazy\" decoding=\"async\" width=\"150\" height=\"150\" src=\"https:\/\/www.radiopiu.net\/wordpress\/wp-content\/uploads\/2022\/08\/3aa84d5e-1f69-473d-8bee-f9e06bddcb46-150x150.jpg\" class=\"attachment-thumbnail size-thumbnail\" alt=\"\" \/><\/a>\n\t\t\t\t<\/dt><\/dl><dl class='gallery-item'>\n\t\t\t\t<dt class='gallery-icon landscape'>\n\t\t\t\t\t<a class=\"rollover rollover-zoom dt-pswp-item\" title=\"622da4e4-81a2-4116-8555-e922bb9bf461\" data-dt-img-description=\"\" data-large_image_width=\"595\" data-large_image_height=\"361\"href='https:\/\/www.radiopiu.net\/wordpress\/wp-content\/uploads\/2022\/08\/622da4e4-81a2-4116-8555-e922bb9bf461.jpg'><img loading=\"lazy\" decoding=\"async\" width=\"150\" height=\"150\" src=\"https:\/\/www.radiopiu.net\/wordpress\/wp-content\/uploads\/2022\/08\/622da4e4-81a2-4116-8555-e922bb9bf461-150x150.jpg\" class=\"attachment-thumbnail size-thumbnail\" alt=\"\" \/><\/a>\n\t\t\t\t<\/dt><\/dl><dl class='gallery-item'>\n\t\t\t\t<dt class='gallery-icon landscape'>\n\t\t\t\t\t<a class=\"rollover rollover-zoom dt-pswp-item\" title=\"c0e799f6-c5f8-4e41-82c4-4bc473894f6b\" data-dt-img-description=\"\" data-large_image_width=\"624\" data-large_image_height=\"362\"href='https:\/\/www.radiopiu.net\/wordpress\/wp-content\/uploads\/2022\/08\/c0e799f6-c5f8-4e41-82c4-4bc473894f6b.jpg'><img loading=\"lazy\" decoding=\"async\" width=\"150\" height=\"150\" src=\"https:\/\/www.radiopiu.net\/wordpress\/wp-content\/uploads\/2022\/08\/c0e799f6-c5f8-4e41-82c4-4bc473894f6b-150x150.jpg\" class=\"attachment-thumbnail size-thumbnail\" alt=\"\" \/><\/a>\n\t\t\t\t<\/dt><\/dl><br style=\"clear: both\" \/><dl class='gallery-item'>\n\t\t\t\t<dt class='gallery-icon landscape'>\n\t\t\t\t\t<a class=\"rollover rollover-zoom dt-pswp-item\" title=\"7518de0e-4fc9-4864-96d1-6d421a231cd2\" data-dt-img-description=\"\" data-large_image_width=\"612\" data-large_image_height=\"354\"href='https:\/\/www.radiopiu.net\/wordpress\/wp-content\/uploads\/2022\/08\/7518de0e-4fc9-4864-96d1-6d421a231cd2.jpg'><img loading=\"lazy\" decoding=\"async\" width=\"150\" height=\"150\" src=\"https:\/\/www.radiopiu.net\/wordpress\/wp-content\/uploads\/2022\/08\/7518de0e-4fc9-4864-96d1-6d421a231cd2-150x150.jpg\" class=\"attachment-thumbnail size-thumbnail\" alt=\"\" \/><\/a>\n\t\t\t\t<\/dt><\/dl><dl class='gallery-item'>\n\t\t\t\t<dt class='gallery-icon landscape'>\n\t\t\t\t\t<a class=\"rollover rollover-zoom dt-pswp-item\" title=\"fa6c6917-2e1f-48c6-8283-ac57a77fbebc\" data-dt-img-description=\"\" data-large_image_width=\"600\" data-large_image_height=\"353\"href='https:\/\/www.radiopiu.net\/wordpress\/wp-content\/uploads\/2022\/08\/fa6c6917-2e1f-48c6-8283-ac57a77fbebc.jpg'><img loading=\"lazy\" decoding=\"async\" width=\"150\" height=\"150\" src=\"https:\/\/www.radiopiu.net\/wordpress\/wp-content\/uploads\/2022\/08\/fa6c6917-2e1f-48c6-8283-ac57a77fbebc-150x150.jpg\" class=\"attachment-thumbnail size-thumbnail\" alt=\"\" \/><\/a>\n\t\t\t\t<\/dt><\/dl><dl class='gallery-item'>\n\t\t\t\t<dt class='gallery-icon landscape'>\n\t\t\t\t\t<a class=\"rollover rollover-zoom dt-pswp-item\" title=\"f76b1202-ffda-4a3d-b6fe-e111d8d51b67\" data-dt-img-description=\"\" data-large_image_width=\"608\" data-large_image_height=\"359\"href='https:\/\/www.radiopiu.net\/wordpress\/wp-content\/uploads\/2022\/08\/f76b1202-ffda-4a3d-b6fe-e111d8d51b67.jpg'><img loading=\"lazy\" decoding=\"async\" width=\"150\" height=\"150\" src=\"https:\/\/www.radiopiu.net\/wordpress\/wp-content\/uploads\/2022\/08\/f76b1202-ffda-4a3d-b6fe-e111d8d51b67-150x150.jpg\" class=\"attachment-thumbnail size-thumbnail\" alt=\"\" \/><\/a>\n\t\t\t\t<\/dt><\/dl><br style=\"clear: both\" \/>\n\t\t\t<\/div>\n\n<hr \/>\n<p>&nbsp;<\/p>\n<blockquote>\n<h3>APPALTO PER GARANTIRE I SERVIZI DI ANESTESIA A PIEVE DI CADORE E NEGLI ALTRI PRESIDI<\/h3>\n<\/blockquote>\n<p><strong><a class=\"dt-pswp-item\" href=\"https:\/\/www.radiopiu.net\/wordpress\/wp-content\/uploads\/2020\/03\/ULSS-1-DOLOMITI-LOGO.jpg\" data-dt-img-description=\"\" data-large_image_width=\"298\" data-large_image_height=\"219\"><img loading=\"lazy\" decoding=\"async\" class=\"alignleft wp-image-121256 \" src=\"https:\/\/www.radiopiu.net\/wordpress\/wp-content\/uploads\/2020\/03\/ULSS-1-DOLOMITI-LOGO.jpg\" alt=\"\" width=\"152\" height=\"112\" \/><\/a>BELLUNO <\/strong>E\u2019 stata indetta una procedura di gara per acquistare in modo strutturato dei turni di Anestesia per assicurare la continuit\u00e0 dei servizi dell\u2019Anestesia di Pieve di Cadore. Il numero di professionisti in Azienda, infatti, non consente la copertura di tutti i turni e di tutte le attivit\u00e0. Esperite tutte le procedure sia per l\u2019assunzione di dipendenti, sia per il supporto da altre Aziende o da parte di liberi professionisti senza esito, l\u2019Azienda da giugno si avvale di una ditta per la copertura di alcuni turni. In questi mesi le ulteriori azioni messe in campo non hanno portato all\u2019esito sperato. Come gi\u00e0 fatto da altre realt\u00e0 con esito positivo, si procede quindi\u00a0 ad indire una gara per l\u2019acquisto di turni volti a garantire: la Guardia anestesiologica diurna in turni da 12 ore dalle 8:00 alla 20:00; la Pronta Disponibilit\u00e0 notturna in turni da 12 ore dalle 20:00 alle 8:00; l\u2019attivit\u00e0 anestesiologica in Sala Operatoria di chirurgia generale e chirurgia urologica; per l\u2019ospedale di Pieve di Cadore che, in caso di necessit\u00e0, potranno essere utilizzati anche da altri presidi. Il contratto durer\u00e0 36 mesi. L\u2019importo a base d\u2019asta \u20ac 897.900,00\/anno (IVA esclusa), per un importo complessivo di gara, comprese le opzioni previste, di \u20ac 3.717.810,00 (IVA esclusa). I documenti della gara saranno pubblicati entro il 31 agosto, con termine di scadenza di presentazione dell\u2019offerta entro il 20 settembre. L\u2019assegnazione \u00e8 prevista entro novembre, con l\u2019avvio del servizio i 1 gennaio 2023.<\/p>\n<p>&nbsp;<\/p>\n<p>&nbsp;<\/p>\n<hr \/>\n<p>&nbsp;<\/p>\n<blockquote>\n<h3>PPI DI AURONZO: RINEGOZIATO IL CANONE<\/h3>\n<\/blockquote>\n<p><strong>BELLUNO <\/strong>Il servizio del Punto di Primo Intervento di Auronzo coster\u00e0 17 mila euro in pi\u00f9 al mese. L\u2019investimento si rende necessario per garantire il servizio, in esito alle trattative svolte con la ditta esterna che gestisce il PPI. Ad agosto 2020, in seguito a procedura comunitaria, il servizio di gestione del Punto di Primo Intervento di Auronzo di Cadore (BL) era stato affidato alla Societ\u00e0 CASTEL MONTE SCS ONLUS di Montebelluna (TV), considerato che non era pi\u00f9 possibile garantirlo con risorse aziendali. A maggio 2022 \u201cCastel Monte\u201d ha comunicato all\u2019Azienda che \u201cil contratto in essere per la gestione del Punto di Primo Intervento di Auronzo di Cadore \u00e8 divenuto eccessivamente oneroso per il verificarsi di eventi straordinari ed imprevedibili ed \u00e8 insostenibile dal punto di vista economico (al costo attuale di mercato), in comparazione alle tariffe di aggiudicazione\u201d, elencando una serie di cause esogene alla propria volont\u00e0 che riguardano la generalizzata scarsit\u00e0 delle figure professionali inserite nell\u2019appalto, con conseguente vertiginoso aumento del costo del lavoro. CastelMonte\u00a0 ha proposto quindi un adeguamento delle tariffe fatta salva la possibilit\u00e0 di risolvere il contratto per eccessiva onerosit\u00e0 sopravvenuta. L\u2019Ulss Dolomiti, come previsto dalla normativa, pur ritenendo fondate le ragioni della Cooperativa Sociale Onlus Castel Monte ha intavolato una serie di trattative volte da un lato ad assicurare la continuit\u00e0 del rapporto contrattuale, ed al contempo ad evitare che il corrispettivo contrattuale non subisca aumenti incontrollati. A seguito dell\u2019attivit\u00e0 negoziale intrapresa dall\u2019Ulss, la Cooperativa Castelmonte ha proposto, con nota del 06 luglio 2022, nuove\u00a0 tariffe parametriche che vanno a costituire la nuova offerta. In seguito ad ulteriori trattative, la Coop. Castel Monte ha ridotto il canone a forfait per la messa a disposizione di un\u2019ulteriore ambulanza da \u20ac 12.000,00 a \u20ac 8.000,00 annui. Complessivamente, l\u2019accordo trovato comporta con un aumento mensile del canone pari ad \u20ac 17.399, fino alla scadenza naturale del contratto (01\/11\/2025). In totale, quindi, il canone mensile per garantire il PPI di Auronzo \u00e8 di circa 99 mila euro al mese.<\/p>\n<p>&nbsp;<\/p>\n<p>&nbsp;<\/p>\n<hr \/>\n<p>&nbsp;<\/p>\n<blockquote>\n<h3>WEST NILE. IN VENETO UN PIANO STRAORDINARIO DI CONTRASTO E PREVENZIONE<\/h3>\n<\/blockquote>\n<p><strong><a class=\"dt-pswp-item\" href=\"https:\/\/www.radiopiu.net\/wordpress\/wp-content\/uploads\/2022\/08\/ZANZARA.png\" data-dt-img-description=\"\" data-large_image_width=\"870\" data-large_image_height=\"560\"><img loading=\"lazy\" decoding=\"async\" class=\"size-thumbnail wp-image-294856 alignleft\" src=\"https:\/\/www.radiopiu.net\/wordpress\/wp-content\/uploads\/2022\/08\/ZANZARA-150x150.png\" alt=\"\" width=\"150\" height=\"150\" \/><\/a>VENEZIA <\/strong>La Giunta regionale del Veneto, nella sua seduta odierna, ha approvato un Piano Straordinario per il Contrasto alla Diffusione del West Nile Virus. Il documento, per le cui azioni esiste un finanziamento di un milione di euro, \u00e8 stato presentato oggi, nel corso del punto stampa post Giunta dal Presidente della Regione e dall\u2019Assessore regionale alla sanit\u00e0. Il Piano, condiviso con il Ministero della Salute e l\u2019Istituto Superiore di Sanit\u00e0, prevede una serie di interventi da attuare nei primi 10 giorni di settembre, con l\u2019obiettivo di ridurre le nuove infezioni nella popolazione pi\u00f9 a rischio. Una mappa di valutazione del rischio permetter\u00e0 di indirizzare gli interventi che saranno concentrati nei territori in cui si potrebbero verificare il maggior numero di casi nelle prossime settimane, sulla base dei dati di sorveglianza epidemiologica raccolti dalla Regione, dalle ULSS e dall\u2019Istituto Zooprofilattico Sperimentale delle Venezie<strong>.<\/strong><\/p>\n<p>&nbsp;<\/p>\n<p>&nbsp;<\/p>\n<hr \/>\n<p>&nbsp;<\/p>\n<blockquote>\n<h3>IL RICORDO DELLE VITTIME DI MATTMARK<\/h3>\n<\/blockquote>\n<p><strong><a class=\"dt-pswp-item\" href=\"https:\/\/www.radiopiu.net\/wordpress\/wp-content\/uploads\/2022\/08\/MATTMARK.jpg\" data-dt-img-description=\"\" data-large_image_width=\"1400\" data-large_image_height=\"1777\"><img loading=\"lazy\" decoding=\"async\" class=\"size-thumbnail wp-image-295134 alignleft\" src=\"https:\/\/www.radiopiu.net\/wordpress\/wp-content\/uploads\/2022\/08\/MATTMARK-150x150.jpg\" alt=\"\" width=\"150\" height=\"150\" \/><\/a>VENEZIA<\/strong> La storia dell\u2019emigrazione non \u00e8 fatta solo di numeri, statistiche e date: dietro ogni numero ci sono uomini e famiglie, lavoro e fatiche, speranze e dolori. Per questo, una data come quella di oggi deve rimanere scolpita nella memoria e far riandare con il pensiero a quanti bellunesi molti anni fa persero la vita nel tentativo di costruire, per s\u00e9 e per i propri cari, un futuro migliore. A quegli operai dobbiamo moltissimo: il loro sacrificio non \u00e8 stato vano, anzi: ha contribuito a raccontare la storia della nostra regione e la nostra identit\u00e0 attraverso singole storie individuali. Con queste parole, il Presidente della Regione Veneto ricorda i 17 lavoratori di varie localit\u00e0 del bellunese che, il 30 agosto del 1965, persero la vita sotto la valanga che invest\u00ec il cantiere per la costruzione di una diga a Mattmark, in Svizzera, sul ghiacciaio dell\u2019Allalin.<\/p>\n<p>&nbsp;<\/p>\n<p>&nbsp;<\/p>\n<hr \/>\n<p>&nbsp;<\/p>\n<blockquote>\n<h3><strong>AL VIA NUOVO BANDO IN MATERIA DI RIFIUTI. 700MILA EURO A FAVORE DEI COMUNI<\/strong><\/h3>\n<\/blockquote>\n<p><strong><a class=\"dt-pswp-item\" href=\"https:\/\/www.radiopiu.net\/wordpress\/wp-content\/uploads\/2020\/10\/Raccolta_Ponte_nelle_Alpi.jpg\" data-dt-img-description=\"\" data-large_image_width=\"924\" data-large_image_height=\"616\"><img loading=\"lazy\" decoding=\"async\" class=\"size-thumbnail wp-image-166380 alignleft\" src=\"https:\/\/www.radiopiu.net\/wordpress\/wp-content\/uploads\/2020\/10\/Raccolta_Ponte_nelle_Alpi-150x150.jpg\" alt=\"\" width=\"150\" height=\"150\" \/><\/a>VENEZIA <\/strong>La Giunta regionale, su proposta dell\u2019Assessore all\u2019Ambiente, ha approvato oggi un nuovo bando in materia di rifiuti rivolto alle amministrazioni comunali, che prevede l\u2019assegnazione di contributi a sostegno di interventi di rimozione e smaltimento di rifiuti. Con il bando, rivolto sia ad aree di propriet\u00e0 del Comune sia ad aree private dove l\u2019ente territorialmente competente interviene in sostituzione e in danno del soggetto obbligato inadempiente, la regione mette a disposizione dei Comuni 700mila euro. Il contributo potr\u00e0 essere chiesto per lo smaltimento di rifiuti pericolosi e non pericolosi e garantire la copertura dell\u201980% della spesa su interventi che prevedano una spesa minima di 5mila euro e che non superi 100mila euro. Il termine di presentazione delle domande \u00e8 il 30 settembre 2022, mentre le attivit\u00e0 oggetto di finanziamento dovranno essere concluse entro il 31 dicembre 2022.<\/p>\n<p>&nbsp;<\/p>\n<p>&nbsp;<\/p>\n<hr \/>\n<p>&nbsp;<\/p>\n<blockquote>\n<h3>IL COMANDANTE DELLA LEGIONE DEI CARABINIERI GIUSEPPE SPINA IN VISITA AL COMANDO PROVINCIALE DI BELLUNO<\/h3>\n<\/blockquote>\n<p><strong>BELLUNO<\/strong> Visita gradita al comando provinciale dei Carabinieri di Belluno. Nella mattinata di oggi il Generale di Brigata Giuseppe Spina, comandante della Legione dei Carabinieri del Veneto, \u00e8 stato accolto a Belluno nella caserma Luigi Giarnieri. Dopo il saluto al neo sindaco di Belluno Oscar De Pellegrin, \u00e8 stato accolto dal Comandante Provinciale, il Colonnello Francesco Rastelli, assieme agli Ufficiali della Provincia e una rappresentanza di Comandanti delle sezioni dei Carabinieri della zona. Il Generale Spina ha salutato e ringraziato i presenti esprimendo apprezzamento per il lavoro svolto ed i risultati ottenuti. Prima di rientrare a Padova, al Generale Spina \u00e8 stato illustrata la situazione complessiva e l&#8217;andamento operativo del comando provinciale.<\/p>\n\n\t\t\t<style type='text\/css'>\n\t\t\t\t#gallery-2 {\n\t\t\t\t\tmargin: auto;\n\t\t\t\t}\n\t\t\t\t#gallery-2 .gallery-item {\n\t\t\t\t\tfloat: left;\n\t\t\t\t\tmargin-top: 10px;\n\t\t\t\t\ttext-align: center;\n\t\t\t\t\twidth: 50%;\n\t\t\t\t}\n\t\t\t\t#gallery-2 img {\n\t\t\t\t\tborder: 2px solid #cfcfcf;\n\t\t\t\t}\n\t\t\t\t#gallery-2 .gallery-caption {\n\t\t\t\t\tmargin-left: 0;\n\t\t\t\t}\n\t\t\t\t\/* see gallery_shortcode() in wp-includes\/media.php *\/\n\t\t\t<\/style>\n\t\t<div id='gallery-2' class='dt-gallery-container gallery galleryid-295111 gallery-columns-2 gallery-size-thumbnail'><dl class='gallery-item'>\n\t\t\t\t<dt class='gallery-icon portrait'>\n\t\t\t\t\t<a class=\"rollover rollover-zoom dt-pswp-item\" title=\"2022.08.30 SindacoComCC2\" data-dt-img-description=\"\" data-large_image_width=\"1799\" data-large_image_height=\"1816\"href='https:\/\/www.radiopiu.net\/wordpress\/wp-content\/uploads\/2022\/08\/2022.08.30-SindacoComCC2.jpg'><img loading=\"lazy\" decoding=\"async\" width=\"150\" height=\"150\" src=\"https:\/\/www.radiopiu.net\/wordpress\/wp-content\/uploads\/2022\/08\/2022.08.30-SindacoComCC2-150x150.jpg\" class=\"attachment-thumbnail size-thumbnail\" alt=\"\" srcset=\"https:\/\/www.radiopiu.net\/wordpress\/wp-content\/uploads\/2022\/08\/2022.08.30-SindacoComCC2-150x150.jpg 150w, https:\/\/www.radiopiu.net\/wordpress\/wp-content\/uploads\/2022\/08\/2022.08.30-SindacoComCC2-1014x1024.jpg 1014w, https:\/\/www.radiopiu.net\/wordpress\/wp-content\/uploads\/2022\/08\/2022.08.30-SindacoComCC2-768x775.jpg 768w, https:\/\/www.radiopiu.net\/wordpress\/wp-content\/uploads\/2022\/08\/2022.08.30-SindacoComCC2-1522x1536.jpg 1522w, https:\/\/www.radiopiu.net\/wordpress\/wp-content\/uploads\/2022\/08\/2022.08.30-SindacoComCC2.jpg 1799w\" sizes=\"auto, (max-width: 150px) 100vw, 150px\" \/><\/a>\n\t\t\t\t<\/dt><\/dl><dl class='gallery-item'>\n\t\t\t\t<dt class='gallery-icon landscape'>\n\t\t\t\t\t<a class=\"rollover rollover-zoom dt-pswp-item\" title=\"ed513cb4-a36a-48ce-a0c8-7c001cc9b500\" data-dt-img-description=\"\" data-large_image_width=\"1280\" data-large_image_height=\"848\"href='https:\/\/www.radiopiu.net\/wordpress\/wp-content\/uploads\/2022\/08\/ed513cb4-a36a-48ce-a0c8-7c001cc9b500.jpg'><img loading=\"lazy\" decoding=\"async\" width=\"150\" height=\"150\" src=\"https:\/\/www.radiopiu.net\/wordpress\/wp-content\/uploads\/2022\/08\/ed513cb4-a36a-48ce-a0c8-7c001cc9b500-150x150.jpg\" class=\"attachment-thumbnail size-thumbnail\" alt=\"\" \/><\/a>\n\t\t\t\t<\/dt><\/dl><br style=\"clear: both\" \/>\n\t\t\t<\/div>\n\n<p>&nbsp;<\/p>\n<hr \/>\n<p>&nbsp;<\/p>\n<blockquote>\n<h3>CARO ENERGIA, SI PROSPETTA UN AUTUNNO DIFFICILE PER LE PICCOLE E MEDIE IMPRESE<\/h3>\n<\/blockquote>\n<p><strong><a class=\"dt-pswp-item\" href=\"https:\/\/www.radiopiu.net\/wordpress\/wp-content\/uploads\/2020\/12\/CLAUDIA-SCARZANELLA-CONFARTIGIANATO.png\" data-dt-img-description=\"\" data-large_image_width=\"1042\" data-large_image_height=\"818\"><img loading=\"lazy\" decoding=\"async\" class=\"size-thumbnail wp-image-182277 alignleft\" src=\"https:\/\/www.radiopiu.net\/wordpress\/wp-content\/uploads\/2020\/12\/CLAUDIA-SCARZANELLA-CONFARTIGIANATO-150x150.png\" alt=\"\" width=\"150\" height=\"150\" \/><\/a>BELLUNO <\/strong>\u00abL\u2019aumento delle bollette di luce e gas sta mettendo a rischio le piccole imprese. Senza interventi rapidi per scongiurare costi insostenibili, rischiamo che diverse attivit\u00e0 siano costrette a chiudere\u00bb. Lancia l\u2019allarme la presidente di Confartigianato Belluno, Claudia Scarzanella. L\u2019escalation dei prezzi rilevata negli ultimi mesi sembra destinata a crescere ulteriormente. E per gli artigiani l\u2019autunno potrebbe trasformarsi in un incubo.\u00a0 Sono i dati rilevati da Confartigianato a tratteggiare la drammaticit\u00e0 della situazione. L\u2019ufficio studi ha calcolato l\u2019impatto sulle micro e piccole imprese della crisi energetica e dell\u2019impennata dei prezzi del gas. Da settembre 2021 a oggi le micro e piccole imprese del Veneto hanno pagato per l\u2019energia elettrica 2,1 miliardi in pi\u00f9 rispetto all\u2019anno precedente. Una batosta senza precedenti che rischia di ingigantirsi ulteriormente: se nei prossimi quattro mesi i prezzi dell\u2019elettricit\u00e0 non diminuiranno, i maggiori costi per i piccoli imprenditori saliranno nel 2022 a 4,2 miliardi in pi\u00f9 rispetto al 2021.<\/p>\n<p>&nbsp;<\/p>\n<p>&nbsp;<\/p>\n<hr \/>\n<p>&nbsp;<\/p>\n<blockquote>\n<h3>VALORIZZAZIONE TURISTICA DEL PARCO NAZIONALE DOLOMITI BELLUNESI, SOPRALLUOGHI PER PIANIFICARE GLI INVESTIMENTI<\/h3>\n<\/blockquote>\n<p><strong><a class=\"dt-pswp-item\" href=\"https:\/\/www.radiopiu.net\/wordpress\/wp-content\/uploads\/2022\/08\/Rifugio-Pian-de-Fontana-Padrin-Vigne.jpg\" data-dt-img-description=\"\" data-large_image_width=\"1600\" data-large_image_height=\"1200\"><img loading=\"lazy\" decoding=\"async\" class=\"size-thumbnail wp-image-295190 alignleft\" src=\"https:\/\/www.radiopiu.net\/wordpress\/wp-content\/uploads\/2022\/08\/Rifugio-Pian-de-Fontana-Padrin-Vigne-150x150.jpg\" alt=\"\" width=\"150\" height=\"150\" \/><\/a>BELLUNO<\/strong> Sopralluogo al Rifugio Pian de Fontana, ieri, per i presidenti della Provincia di Belluno e del Parco nazionale Dolomiti bellunesi. Una visita che rientra nella strategia del Parco finalizzata a pianificare interventi di valorizzazione del turismo slow e sostenibile. \u00abStiamo promuovendo diversi sopralluoghi sul territorio, all\u2019interno del perimetro dell\u2019area tutelata\u00bb spiega il presidente del Parco. \u00abSi tratta di visite propedeutiche a pianificare gli interventi e gli investimenti che intendiamo fare sulla sentieristica. L\u2019obiettivo \u00e8 sviluppare pacchetti turistici per zone particolari. E nell\u2019ultimo sopralluogo ci siamo concentrati sul Rifugio Pian de Fontana, passaggio suggestivo e tappa dell\u2019Alta via numero 1. Abbiamo approfittato della presenza del Cai di Longarone, del sindaco e del tecnico dell\u2019Unione montana per parlare della rete di sentieri\u00bb.<\/p>\n<p>&nbsp;<\/p>\n<p>&nbsp;<\/p>\n<hr \/>\n<p>&nbsp;<\/p>\n<blockquote>\n<h3>DOMENICA L&#8217;ANNULLO FILATELICO A CANALE D&#8217;AGORDO<\/h3>\n<\/blockquote>\n<p><strong>CANALE D&#8217;AGORDO<\/strong><\/p>\n<p>di Gianni Santomaso<\/p>\n<audio class=\"wp-audio-shortcode\" id=\"audio-295111-4\" preload=\"none\" style=\"width: 100%;\" controls=\"controls\"><source type=\"audio\/mpeg\" src=\"https:\/\/www.radiopiu.net\/wordpress\/wp-content\/uploads\/2022\/08\/GIANNI-LANNULLAMENTO-FILATELICO-A-CANALE-DAGORDO.mp3?_=4\" \/><a href=\"https:\/\/www.radiopiu.net\/wordpress\/wp-content\/uploads\/2022\/08\/GIANNI-LANNULLAMENTO-FILATELICO-A-CANALE-DAGORDO.mp3\">https:\/\/www.radiopiu.net\/wordpress\/wp-content\/uploads\/2022\/08\/GIANNI-LANNULLAMENTO-FILATELICO-A-CANALE-DAGORDO.mp3<\/a><\/audio>\n<p>&nbsp;<\/p>\n\n\t\t\t<style type='text\/css'>\n\t\t\t\t#gallery-3 {\n\t\t\t\t\tmargin: auto;\n\t\t\t\t}\n\t\t\t\t#gallery-3 .gallery-item {\n\t\t\t\t\tfloat: left;\n\t\t\t\t\tmargin-top: 10px;\n\t\t\t\t\ttext-align: center;\n\t\t\t\t\twidth: 50%;\n\t\t\t\t}\n\t\t\t\t#gallery-3 img {\n\t\t\t\t\tborder: 2px solid #cfcfcf;\n\t\t\t\t}\n\t\t\t\t#gallery-3 .gallery-caption {\n\t\t\t\t\tmargin-left: 0;\n\t\t\t\t}\n\t\t\t\t\/* see gallery_shortcode() in wp-includes\/media.php *\/\n\t\t\t<\/style>\n\t\t<div id='gallery-3' class='dt-gallery-container gallery galleryid-295111 gallery-columns-2 gallery-size-thumbnail'><dl class='gallery-item'>\n\t\t\t\t<dt class='gallery-icon landscape'>\n\t\t\t\t\t<a class=\"rollover rollover-zoom dt-pswp-item\" title=\"11111111111\" data-dt-img-description=\"\" data-large_image_width=\"183\" data-large_image_height=\"174\"href='https:\/\/www.radiopiu.net\/wordpress\/wp-content\/uploads\/2022\/08\/11111111111.jpg'><img loading=\"lazy\" decoding=\"async\" width=\"150\" height=\"150\" src=\"https:\/\/www.radiopiu.net\/wordpress\/wp-content\/uploads\/2022\/08\/11111111111-150x150.jpg\" class=\"attachment-thumbnail size-thumbnail\" alt=\"\" \/><\/a>\n\t\t\t\t<\/dt><\/dl><dl class='gallery-item'>\n\t\t\t\t<dt class='gallery-icon landscape'>\n\t\t\t\t\t<a class=\"rollover rollover-zoom dt-pswp-item\" title=\"4444444444\" data-dt-img-description=\"\" data-large_image_width=\"225\" data-large_image_height=\"157\"href='https:\/\/www.radiopiu.net\/wordpress\/wp-content\/uploads\/2022\/08\/4444444444.jpg'><img loading=\"lazy\" decoding=\"async\" width=\"150\" height=\"150\" src=\"https:\/\/www.radiopiu.net\/wordpress\/wp-content\/uploads\/2022\/08\/4444444444-150x150.jpg\" class=\"attachment-thumbnail size-thumbnail\" alt=\"\" \/><\/a>\n\t\t\t\t<\/dt><\/dl><br style=\"clear: both\" \/>\n\t\t\t<\/div>\n\n<p>&nbsp;<\/p>\n<hr \/>\n<p>&nbsp;<\/p>\n<blockquote>\n<h3>GLI EVENTI DELLA FONDAZIONE PAPA LUCIANI<\/h3>\n<\/blockquote>\n<p><strong><a class=\"dt-pswp-item\" href=\"https:\/\/www.radiopiu.net\/wordpress\/wp-content\/uploads\/2021\/08\/papa-luciani-2.jpg\" data-dt-img-description=\"\" data-large_image_width=\"1200\" data-large_image_height=\"800\"><img loading=\"lazy\" decoding=\"async\" class=\"size-thumbnail wp-image-229320 alignleft\" src=\"https:\/\/www.radiopiu.net\/wordpress\/wp-content\/uploads\/2021\/08\/papa-luciani-2-150x150.jpg\" alt=\"\" width=\"150\" height=\"150\" \/><\/a>CANALE D&#8217;AGORDO <\/strong>La Fondazione Papa Luciani \u00e8 lieta di condividere gli eventi principali in prossimit\u00e0 della beatificazione di Papa Luciani nel suo paese natale. In particolare segnaliamo domenica 4 settembre a partire dalle ore 10.00 e fino alle ore 14.00 l&#8217;annullo filatelico speciale presso la Sala Consiliare del municipio e dalle 10.30 la diretta live da Piazza San Pietro in Piazza Papa Luciani (per prenotazioni posti rivolgersi allo 04371948001, whatsapp 3779665237 FONDAZIONE PAPA LUCIANI ONLUS). La cerimonia di beatificazione sar\u00e0 trasmessa in diretta su Rai 1, tv2000, Antenna 3 e su Vatican News con telecronaca in 6 lingue. Domenica 11 settembre alle ore 16.00 in Piazza Papa Luciani e Piazza Salvatore Serafini (retro municipio) solenne Messa di ringraziamento alla presenza dei vescovi del Veneto (prenotazione posti al link <a href=\"http:\/\/www.chiesabellunofeltre.it\/tre-diocesi-un-unico-grazie\/?fbclid=IwAR0Iu1PaivfG8yxS19_GeNzohHIrfv9tLodjQp5aOi5sZUQmqlI6a13VwFM\">http:\/\/www.chiesabellunofeltre.it\/tre-diocesi-un-unico&#8230;\/<\/a> DIOCESI DI BELLUNO-FELTRE). Per informazioni e aggiornamenti circa la viabilit\u00e0 nelle due giornate del 4 e dell&#8217;11 si consiglia di consultare l&#8217;albo pretorio del Comune di Canale d&#8217;Agordo (<a href=\"https:\/\/l.facebook.com\/l.php?u=https%3A%2F%2Fcanaledagordo.trasparenza-valutazione-merito.it%2Fweb%2Ftrasparenza%2Fmenu-albo-pretorio%3Ffbclid%3DIwAR0Iu1PaivfG8yxS19_GeNzohHIrfv9tLodjQp5aOi5sZUQmqlI6a13VwFM&amp;h=AT1wrugumLk5NpOaMmE7R8LZ1CEza6804m9eMGjMXU4DHXJs9InJ2y48CMJTn3sSy7mIqAKhzAKXmozFllwAjEZwuVQb6ZFK2JKhWZ_PdEMVOrz2eFPaHANzmLSyDhNsJ8Y&amp;__tn__=-UK-R&amp;c%5B0%5D=AT2_Vci4ivKKKpLHz4E8Dm2Gnjy8hVjB4Bzatjg9XBBIwKdYW6opRGI3MU_45AfdH8a-G1p_x0_j_4i0sOrJupfa0Ni9zq6fKa2ZJ_dXUi0LzveSqdv1BxdmKivxuheguUjwof20KwHy208OLJqgIImGoJqpJ5Ku5txkCGLyBgVdcMK3D9X1LQudPkvXFPpywUQl4Qii0qfDPyccWQMYg_7dqP3UG0MdRA\">https:\/\/canaledagordo.trasparenza-valutazione-merito.it\/&#8230;<\/a>).<\/p>\n<p>&nbsp;<\/p>\n<p>&nbsp;<\/p>\n<hr \/>\n<p>&nbsp;<\/p>\n<blockquote>\n<h3>A VOLTAGO IL CONSIGLIO COMUNALE<\/h3>\n<\/blockquote>\n<p><strong>VOLTAGO<\/strong> \u00c8 in programma per venerd\u00ec alle 20 presso la sala consigliare del municipio di Voltago il consiglio comunale. Il sindaco ha convocato i consiglieri comunali per parlare di una variazione al bilancio di previsione 2022\/23.<\/p>\n<p>&nbsp;<\/p>\n<p>&nbsp;<\/p>\n<hr \/>\n<p>&nbsp;<\/p>\n<blockquote>\n<h3>L&#8217;AIDO ORGANIZZA UN INCONTRO A SAN VITO DI CADORE<\/h3>\n<\/blockquote>\n<p><strong><a class=\"dt-pswp-item\" href=\"https:\/\/www.radiopiu.net\/wordpress\/wp-content\/uploads\/2022\/06\/AIDO.png\" data-dt-img-description=\"\" data-large_image_width=\"233\" data-large_image_height=\"233\"><img loading=\"lazy\" decoding=\"async\" class=\" wp-image-279760 alignleft\" src=\"https:\/\/www.radiopiu.net\/wordpress\/wp-content\/uploads\/2022\/06\/AIDO-150x150.png\" alt=\"\" width=\"90\" height=\"90\" srcset=\"https:\/\/www.radiopiu.net\/wordpress\/wp-content\/uploads\/2022\/06\/AIDO-150x150.png 150w, https:\/\/www.radiopiu.net\/wordpress\/wp-content\/uploads\/2022\/06\/AIDO.png 233w\" sizes=\"auto, (max-width: 90px) 100vw, 90px\" \/><\/a>SAN VITO DI CADORE<\/strong> Venerdi\u0300 2 settembre, alle 20.30, la sala polifunzionale di San Vito di Cadore sara\u0300 protagonista di una serata dedicata ai trapianti. L&#8217;Aido Belluno ha infatti deciso di organizzare una serata denominata &#8220;Dopo il trapianto il Monte Rosa, dal sogno alla realta\u0300&#8221;, durante la quale il vice presidente dell&#8217;associazione, Mirko Dalle Mulle, portera\u0300 la propria testimonianza al pubblico presente in sala, cogliendo inoltre l&#8217;occasione per presentare la propria autobiografia &#8220;Fragili coraggiosi&#8221;, scritta da Orazio Longo.<\/p>\n<p>&nbsp;<\/p>\n<p>&nbsp;<\/p>\n<hr \/>\n<p>&nbsp;<\/p>\n<blockquote>\n<h3>LA FESTA DEI 100 ANNI DEL GRUPPO SPORTIVO FRASSENE&#8217;<\/h3>\n<\/blockquote>\n<p><strong><a class=\"dt-pswp-item\" href=\"https:\/\/www.radiopiu.net\/wordpress\/wp-content\/uploads\/2022\/08\/Schermata-2022-08-04-alle-12.23.41.png\" data-dt-img-description=\"\" data-large_image_width=\"1336\" data-large_image_height=\"1014\"><img loading=\"lazy\" decoding=\"async\" class=\"alignleft wp-image-290914 \" src=\"https:\/\/www.radiopiu.net\/wordpress\/wp-content\/uploads\/2022\/08\/Schermata-2022-08-04-alle-12.23.41-300x228.png\" alt=\"\" width=\"158\" height=\"120\" srcset=\"https:\/\/www.radiopiu.net\/wordpress\/wp-content\/uploads\/2022\/08\/Schermata-2022-08-04-alle-12.23.41-300x228.png 300w, https:\/\/www.radiopiu.net\/wordpress\/wp-content\/uploads\/2022\/08\/Schermata-2022-08-04-alle-12.23.41-1024x777.png 1024w, https:\/\/www.radiopiu.net\/wordpress\/wp-content\/uploads\/2022\/08\/Schermata-2022-08-04-alle-12.23.41-768x583.png 768w, https:\/\/www.radiopiu.net\/wordpress\/wp-content\/uploads\/2022\/08\/Schermata-2022-08-04-alle-12.23.41.png 1336w\" sizes=\"auto, (max-width: 158px) 100vw, 158px\" \/><\/a>VOLTAGO <\/strong>1922-2022 il primo secolo di vita del Gruppo Sportivo Frassen\u00e8: tre giorni di eventi al tendone nel parcheggio della chiesa. Venerdi&#8217; 9 settembre alle 18 apertura stand gastronomico e serata musicale con Sabrina Silvestrin. Sabato 10 voli panoramici in elicottero dalle 10 alle 15 e, fino alle 17 mercatini dell&#8217;artigianato, dalle 10 torneo di calcio del Poi, a mezzogiorno stand gastronomico, 16.30 Frassene&#8217; Cross, gare podistiche non competitive, 17 aperitivo con DJ Morgan e Battaglia, 19 cena e premiazioni, dalle 21 serata musicale con I Riflesso, chiusura con DJ Morgan e Battaglia. Domenica 11 alle 10 mostra sui 100 anni del Gruppo Sportivo Frassene&#8217; presso l&#8217;ex scuola Paolo Mosca, 11 sfilata dei gruppi associativi per le vie del paese, 12.30 pranzo, 15 presentazione libro &#8220;Il Primo Secolo Di Vita&#8221;. Il ricavato sar\u00e0 devoluto al Gruppo Sportivo Frasssen\u00e8.<\/p>\n<p>&nbsp;<\/p>\n<blockquote>\n<h3>LO SPECIALE ALLA RADIO<\/h3>\n<p><span style=\"color: #ff0000;\"><strong>OSPITI,\u00a0 YURI PARISSENTI PRESIDENTE GRUPPO SPORTIVO FRASSENE&#8217;,\u00a0 SHARON DE MARCO\u00a0<\/strong><\/span><\/p><\/blockquote>\n<audio class=\"wp-audio-shortcode\" id=\"audio-295111-5\" preload=\"none\" style=\"width: 100%;\" controls=\"controls\"><source type=\"audio\/mpeg\" src=\"https:\/\/www.radiopiu.net\/wordpress\/wp-content\/uploads\/2022\/08\/gruppo-sportivo-frassene-SPECIALE.mp3?_=5\" \/><a href=\"https:\/\/www.radiopiu.net\/wordpress\/wp-content\/uploads\/2022\/08\/gruppo-sportivo-frassene-SPECIALE.mp3\">https:\/\/www.radiopiu.net\/wordpress\/wp-content\/uploads\/2022\/08\/gruppo-sportivo-frassene-SPECIALE.mp3<\/a><\/audio>\n<p>&nbsp;<\/p>\n<hr \/>\n<p>&nbsp;<\/p>\n<blockquote>\n<h3><a class=\"dt-pswp-item\" href=\"https:\/\/www.radiopiu.net\/wordpress\/wp-content\/uploads\/2022\/08\/CammiNATURAlmente-settembre-22.jpg\" data-dt-img-description=\"\" data-large_image_width=\"2560\" data-large_image_height=\"1920\"><img loading=\"lazy\" decoding=\"async\" class=\"size-thumbnail wp-image-294409 alignleft\" src=\"https:\/\/www.radiopiu.net\/wordpress\/wp-content\/uploads\/2022\/08\/CammiNATURAlmente-settembre-22-150x150.jpg\" alt=\"\" width=\"150\" height=\"150\" \/><\/a>CAMMINATURALMENTE A SETTEMBRE<\/h3>\n<\/blockquote>\n<p><span dir=\"ltr\" role=\"presentation\">La Biblioteca civica di Belluno propone due nuovi itinerari naturalistici e ambientali <\/span><span dir=\"ltr\" role=\"presentation\">accompagnati da Anacleto Boranga. <\/span><span dir=\"ltr\" role=\"presentation\">\u00a0Sabato 3 con \u201cIl borgo di Sitran e i frutti dell\u2019albero <\/span><span dir=\"ltr\" role=\"presentation\">della<\/span> <span dir=\"ltr\" role=\"presentation\">bicicletta\u201d<\/span> <span dir=\"ltr\" role=\"presentation\">e<\/span> <span dir=\"ltr\" role=\"presentation\">si svolger\u00e0 a<\/span> <span dir=\"ltr\" role=\"presentation\">Sitran. <\/span><span dir=\"ltr\" role=\"presentation\">Il percorso sar\u00e0 guidato da Giorgio Vazza, artista eclettico<\/span><span dir=\"ltr\" role=\"presentation\">.\u00a0 Alla visita del borgo seguir\u00e0 una breve passeggiata per <\/span><span dir=\"ltr\" role=\"presentation\">ammirare il sorprendente castagno che ha inglobato una bicicletta e per questo \u00e8 <\/span><span dir=\"ltr\" role=\"presentation\">stato censito tra gli Alberi Monumentali. <\/span><span dir=\"ltr\" role=\"presentation\">Il secondo appuntamento si svolger\u00e0 domenica 25 settembre, con \u201cVal di Seren \u2013 Il <\/span><span dir=\"ltr\" role=\"presentation\">percorso<\/span> <span dir=\"ltr\" role=\"presentation\">dei<\/span> <span dir=\"ltr\" role=\"presentation\">fojaroi<\/span><span dir=\"ltr\" role=\"presentation\">\u201d,<\/span> <span dir=\"ltr\" role=\"presentation\">un<\/span> <span dir=\"ltr\" role=\"presentation\">rilassante<\/span> <span dir=\"ltr\" role=\"presentation\">itinerario<\/span> <span dir=\"ltr\" role=\"presentation\">ad<\/span> <span dir=\"ltr\" role=\"presentation\">anello<\/span> <span dir=\"ltr\" role=\"presentation\">in<\/span> <span dir=\"ltr\" role=\"presentation\">una<\/span> <span dir=\"ltr\" role=\"presentation\">valle<\/span> <span dir=\"ltr\" role=\"presentation\">in<\/span> <span dir=\"ltr\" role=\"presentation\">passato <\/span><span dir=\"ltr\" role=\"presentation\">intensamente<\/span> <span dir=\"ltr\" role=\"presentation\">abitata,<\/span> <span dir=\"ltr\" role=\"presentation\">ma<\/span> <span dir=\"ltr\" role=\"presentation\">che<\/span> <span dir=\"ltr\" role=\"presentation\">oggi<\/span> <span dir=\"ltr\" role=\"presentation\">risulta<\/span> <span dir=\"ltr\" role=\"presentation\">quasi<\/span> <span dir=\"ltr\" role=\"presentation\">completamente<\/span> <span dir=\"ltr\" role=\"presentation\">abbandonata. <\/span><span dir=\"ltr\" role=\"presentation\">Informazioni <\/span><span dir=\"ltr\" role=\"presentation\">sugli itinerari possono essere richieste a Anacleto Boranga, telefono 340 876 9665\u00a0<\/span><\/p>\n<p>&nbsp;<\/p>\n<p>&nbsp;<\/p>\n<p>&nbsp;<\/p>\n<hr \/>\n<p>&nbsp;<\/p>\n<blockquote>\n<h3><a class=\"dt-pswp-item\" href=\"https:\/\/www.radiopiu.net\/wordpress\/wp-content\/uploads\/2022\/08\/cartolina_promo_concorso_emi_abm.jpg\" data-dt-img-description=\"\" data-large_image_width=\"1181\" data-large_image_height=\"787\"><img loading=\"lazy\" decoding=\"async\" class=\" wp-image-294392 alignleft\" src=\"https:\/\/www.radiopiu.net\/wordpress\/wp-content\/uploads\/2022\/08\/cartolina_promo_concorso_emi_abm-150x150.jpg\" alt=\"\" width=\"117\" height=\"117\" \/><\/a>RACCONTARE L&#8217;EMIGRAZIONE VENETA, IL CONCORSO LETTERARIO DELL&#8217;ABM<\/h3>\n<\/blockquote>\n<p><strong>BELLUNO <\/strong>L&#8217;Associazione Bellunesi nel Mondo ha bandito un concorso letterario Intitolato \u201cRaccontare l&#8217;emigrazione veneta\u201d, \u00e8 dedicato a racconti inediti e originali, reali o di fantasia, in lingua italiana. La partecipazione, gratuita, \u00e8 aperta a chiunque abbia almeno sedici anni\u00a0La scadenza per l&#8217;invio degli elaborati, da spedire via email a <a class=\"moz-txt-link-abbreviated\" href=\"mailto:concorsoemigrazione@bellunesinelmondo.it\">concorsoemigrazione@bellunesinelmondo.it<\/a>, \u00e8 fissata al 4 novembre 2022. Il bando completo del concorso\u00a0 \u00e8 disponibile sul sito: <a class=\"moz-txt-link-abbreviated\" href=\"http:\/\/www.bellunesinelmondo.it\">www.bellunesinelmondo.it<\/a>.<\/p>\n<p>&nbsp;<\/p>\n<hr \/>\n<p>&nbsp;<\/p>\n<p>&nbsp;<\/p>\n<blockquote>\n<h3>DUE APPUNTAMENTI CON LE MUSE E LE DOLOMITI<\/h3>\n<\/blockquote>\n<p><a class=\"dt-pswp-item\" href=\"https:\/\/www.radiopiu.net\/wordpress\/wp-content\/uploads\/2022\/08\/ConcertoSolidarieta\u03002021.jpeg\" data-dt-img-description=\"Le Muse e le Dolomiti - concerto di solidariet\u00e0 Midori Nmikawa soprano, Oda Zoe Hochscheid contralto, Hun Kim tenore, Kwang Park basso Coro Citt\u00e0 di Piazzolla sul Brenta dir.Paolo Piana\" data-large_image_width=\"1280\" data-large_image_height=\"853\"><img loading=\"lazy\" decoding=\"async\" class=\"wp-image-294261 alignleft\" src=\"https:\/\/www.radiopiu.net\/wordpress\/wp-content\/uploads\/2022\/08\/ConcertoSolidarieta\u03002021-300x200.jpeg\" alt=\"\" width=\"257\" height=\"171\" srcset=\"https:\/\/www.radiopiu.net\/wordpress\/wp-content\/uploads\/2022\/08\/ConcertoSolidarieta\u03002021-300x200.jpeg 300w, https:\/\/www.radiopiu.net\/wordpress\/wp-content\/uploads\/2022\/08\/ConcertoSolidarieta\u03002021-1024x682.jpeg 1024w, https:\/\/www.radiopiu.net\/wordpress\/wp-content\/uploads\/2022\/08\/ConcertoSolidarieta\u03002021-768x512.jpeg 768w, https:\/\/www.radiopiu.net\/wordpress\/wp-content\/uploads\/2022\/08\/ConcertoSolidarieta\u03002021.jpeg 1280w\" sizes=\"auto, (max-width: 257px) 100vw, 257px\" \/><\/a>Nel mese di settembre l\u2019Associazione propone due eventi di particolare rilievo.<strong> Sabato 3 settembre \u2013 a Cavalese<\/strong>\u00a0 dalle 21 con ingresso libero, lo Stabat Mater di Giovanni Battista Pergolesi, cantato da Costanza Fontana, soprano e Oda Zoe Hochscheid, contralto. Suoneranno i musicisti della rinomata \u201cAccademia Italiana Strumentale\u201d, composta da strumentisti che collaborano con i pi\u00f9 grandi direttori a livello mondiale e gestita artisticamente da Alberto Rasi.\u00a0 <strong>Sabato 10 settembre a Canale d\u2019Agordo \u2013<\/strong>\u00a0 alle 20.30 con ingresso libero \u201cUna guarigione miracolosa\u201d con Candela Giarda. La giovane argentina racconter\u00e0 come lei, gravemente ammalata, \u00e8 tornata miracolosamente in salute. Moderer\u00e0 l&#8217;incontro Loris Serafini, direttore della Fondazione Papa Luciani di Canale d\u2019Agordo. \u201cLe Muse e le Dolomiti\u201d canteranno e suoneranno brani sacri\u00a0 con \u00a0la partecipazione del \u201cCoro Citt\u00e0 Piazzola sul Brenta\u201d,\u00a0 il mezzosoprano Oda Zoe Hochscheid, la violinista Myriam Dal Don e l\u2019organista Ai Yoshida<\/p>\n<p>&nbsp;<\/p>\n<p>&nbsp;<\/p>\n<hr \/>\n<p>&nbsp;<\/p>\n<blockquote>\n<h3>RIPARTONO I CORSI DELL&#8217;ADA<\/h3>\n<\/blockquote>\n<div style=\"width: 848px;\" class=\"wp-video\"><video class=\"wp-video-shortcode\" id=\"video-295111-2\" width=\"848\" height=\"480\" preload=\"metadata\" controls=\"controls\"><source type=\"video\/mp4\" src=\"https:\/\/www.radiopiu.net\/wordpress\/wp-content\/uploads\/2022\/08\/WhatsApp-Video-2022-08-30-at-17.21.20.mp4?_=2\" \/><a href=\"https:\/\/www.radiopiu.net\/wordpress\/wp-content\/uploads\/2022\/08\/WhatsApp-Video-2022-08-30-at-17.21.20.mp4\">https:\/\/www.radiopiu.net\/wordpress\/wp-content\/uploads\/2022\/08\/WhatsApp-Video-2022-08-30-at-17.21.20.mp4<\/a><\/video><\/div>\n<p>&nbsp;<\/p>\n<hr \/>\n<p>&nbsp;<\/p>\n<blockquote>\n<h3>MOLTE E QUALIFICATE ATTIVIT\u00c0 COMMERCIALI NELLE VALLI DEL PIAVE-VAJONT PRIMA DEL 1963<\/h3>\n<\/blockquote>\n<p><strong>di Renato Bona<\/strong><\/p>\n<p>Nel libro \u201cIl lavoro nelle Valli del Piave e del Vajont prima del 9 ottobre 1963, realizzato nel 2008 (Grafiche Longaronesi) dalla longaronese trapiantata a Belluno Elda Deon Cardin, c\u2019\u00e8 un capitolo dedicato alle attivit\u00e0 commerciali che si apre con la riproduzione di una cartolina postale con intestazione della \u201cPremiata Fabbrica Biscotti Fratelli De Biasio Longarone\u201d, accompagnata da questa didascalia: \u201cLa Fabbrica venne fondata nel 1986 da Pietro De Biasio, originario di Rocca Pietore (1871-1930). Dopo la morte del fondatore continuarono l\u2019attivit\u00e0 i figli Giuseppe, Renato, Giovanni e Norma. Nel 1963 vi lavoravano ancora tre dipendenti fra cui il capo pasticciere Luigi Pozzobon, oltre ai quattro proprietari, tre dei quali periti nella sciagura del 9 ottobre 1963\u201d. A questa immagine \u00e8 accostata quella (foto P. Breveglieri, collezione Giuseppe De Col) che propone: \u201cLongarone, via principale\u201d. Elda Deon Cardin scrive in proposito: \u201cRacconta Giacomo De Biasio, figlio di Renato e di Annie Solari, che il dottor Francesco Pesce, durante il periodo della sua condotta nel Comune di Longarone, consigliava alle mamme che svezzavano i loro piccoli di sbriciolare nel latte i biscotti \u2018Pisa\u2019 prodotti dalla Pasticceria De Biasio\u201d. Altra cartolina postale, quella di \u201cGiov. Plattner \u2013 Longarone\u201d sotto la cui riproduzione Eliana Olivotto esalta (da \u201cLa montagna \u00e8 una fiaba\u201d pubblicato su \u201cSpillini\u201d 2008): \u201cUn po\u2019 discosta, si faceva ammirare la preziosa signora del luogo; una macchina da cucire che vanta una linea sinuosa, decori dorati e intarsi in madreperla\u2026\u201d. Altra curiosit\u00e0 la precisazione che \u201cAll\u2019Emporio Specialit\u00e0 abbiamo di tutto: dall\u2019ago al milione ma non domandatemi soldi!\u201d come era solito dire il proprietario nel cui negozio erano disponibili macchine per cucire, ferramenta, rami, ottonami, chioderia, broccami, stufe e cucine economiche, articoli per latterie, per segherie e boscaioli, casalinghi, specchi, vetri, utensili da fabbro e falegname, olii, colori, vernici, insetticidi. Tocca a Pomponio Borgo, nato nel 1842, che &#8211; secondo il racconto di Alberto De Pra &#8211; fu fervente patriota assieme a Giocondo Protti durante i moti bellunesi del 1864, tanto da essere incarcerato dagli austriaci nella stessa cella di Lorenzo Fiorin, riuscendo a riconquistare la libert\u00e0 solamente nel 1866. La famiglia Borgo aveva nella piazza principale di Longarone l\u2019esercizio commerciale nato nel 1878 con la denominazione \u201cVincenzo e Pomponio Fratelli Borgo\u201d, condotto dalla fine degli anni Settanta e fino al 1916 dal solo Pomponio. Si occupava della vendita al minuto di coloniali, con clienti anche di Erto e Claut. Un secondo negozio &#8211; colpito dal tragico incendio del 12 maggio 1900, operava in quel di Forno di Zoldo. La ditta inoltre commerciava all\u2019ingrosso prodotti caseari che piazzava nelle principali citt\u00e0 italiane. Pomponio fu varie volte consigliere comunale e della Camera di commercio di Belluno. Sposato con Amalia, figlia del medico condotto di Longarone Giacomo Tissi, ebbero 7 figli alcuni dei quali collaborarono nell\u2019attivit\u00e0 paterna. Borgo, che si \u00e8 spento a Longarone il 6 aprile 1927, \u00e8 sepolto nella tomba di famiglia a Pirago. L\u2019immagine accostata a questa figura (Breveglieri edit. Belluno, collezione Alberto De Pra) \u00e8 la riproduzione di una cartolina che ricorda proprio il famoso incendio di Forno di Zoldo. Seguono la riproduzione di una cartolina postale e una veduta di Longarone, estate 1904 (foto Castellani Belluno, collezione Alberto De Pra): sul poggiolo di casa Borgo al centro il capofamiglia Pomponio e a sinistra la moglie Amalia Tissi; a destra, nell\u2019ordine, i figli Mario e Corinna con il figlio Italo Doriguzzi, sulla soglia del negozio, si affacciano i commessi. Siamo al longaronese esperto di orticoltura Giovanni Maria Fagarazzi la cui famiglia, proveniente da Venezia, \u201cgodeva di una discreta agiatezza\u201d. A Longarone, spos\u00f2 Enrichetta Celotta appartenente ad una nota famiglia della zona \u201cche si distinse durante i moti risorgimentali del 1848\u201d. Ebbero 6 figli ed il primogenito, Giovanni Maria, cui fu dato il nome del nonno paterno, fu un convinto patriota. Dopo l\u2019annessione del Veneto al Regno Sabaudo si occup\u00f2 di agricoltura interessandosi, fra l\u2019altro dei gradoni che dominano Longarone: i cosiddetti \u201cmurazzi\u201d. Anche in questo caso viene proposta una cartolina postale con questa dicitura: \u201cIl negozio di generi alimentari Fagarazzi era gestito dai fratelli Giacinto e Giuseppe con alle dipendenze altri due \u2018Bepi\u2019: Bratti e Rossi, a cui \u00e8 subentrato successivamente un altro\u2019Bepi\u2019: Sacchet\u201d. Concludiamo con la cartolina postale dell\u2019Unione Cooperativa di Consumo di Longarone, e con l\u2019immagine di Piazza Gonzaga (foto P. Breveglieri, cartolina viaggiata 10 agosto 1911, collezione Elda Deon Cardin) sotto la quale \u00e8 scritto: \u201cIl palazzo Nobis al centro della cartolina, era la sede dell\u2019Unione Cooperativa di Consumo, attivit\u00e0 fondata il 29 luglio 1919. Segue l\u2019ennesima cartolina postale, della \u201cBez Costantino &amp; Comp.\u201d negozianti , indirizzata al sindaco di Zopp\u00e8. Da ultimo, la riproduzione della \u201cdichiarazione dell\u2019atto di costituzione dell\u2019Unione Cooperativa di Consumo di Longarone (anno 1919)\u201d.<\/p>\n\n\t\t\t<style type='text\/css'>\n\t\t\t\t#gallery-4 {\n\t\t\t\t\tmargin: auto;\n\t\t\t\t}\n\t\t\t\t#gallery-4 .gallery-item {\n\t\t\t\t\tfloat: left;\n\t\t\t\t\tmargin-top: 10px;\n\t\t\t\t\ttext-align: center;\n\t\t\t\t\twidth: 16%;\n\t\t\t\t}\n\t\t\t\t#gallery-4 img {\n\t\t\t\t\tborder: 2px solid #cfcfcf;\n\t\t\t\t}\n\t\t\t\t#gallery-4 .gallery-caption {\n\t\t\t\t\tmargin-left: 0;\n\t\t\t\t}\n\t\t\t\t\/* see gallery_shortcode() in wp-includes\/media.php *\/\n\t\t\t<\/style>\n\t\t<div id='gallery-4' class='dt-gallery-container gallery galleryid-295111 gallery-columns-6 gallery-size-thumbnail'><dl class='gallery-item'>\n\t\t\t\t<dt class='gallery-icon landscape'>\n\t\t\t\t\t<a class=\"rollover rollover-zoom dt-pswp-item\" title=\"300045947_2329192087232543_1794598669545706919_n\" data-dt-img-description=\"\" data-large_image_width=\"638\" data-large_image_height=\"403\"href='https:\/\/www.radiopiu.net\/wordpress\/wp-content\/uploads\/2022\/08\/300045947_2329192087232543_1794598669545706919_n.jpg'><img loading=\"lazy\" decoding=\"async\" width=\"150\" height=\"150\" src=\"https:\/\/www.radiopiu.net\/wordpress\/wp-content\/uploads\/2022\/08\/300045947_2329192087232543_1794598669545706919_n-150x150.jpg\" class=\"attachment-thumbnail size-thumbnail\" alt=\"\" \/><\/a>\n\t\t\t\t<\/dt><\/dl><dl class='gallery-item'>\n\t\t\t\t<dt class='gallery-icon landscape'>\n\t\t\t\t\t<a class=\"rollover rollover-zoom dt-pswp-item\" title=\"299141164_1052237518762598_4476686746737079667_n\" data-dt-img-description=\"\" data-large_image_width=\"590\" data-large_image_height=\"403\"href='https:\/\/www.radiopiu.net\/wordpress\/wp-content\/uploads\/2022\/08\/299141164_1052237518762598_4476686746737079667_n.jpg'><img loading=\"lazy\" decoding=\"async\" width=\"150\" height=\"150\" src=\"https:\/\/www.radiopiu.net\/wordpress\/wp-content\/uploads\/2022\/08\/299141164_1052237518762598_4476686746737079667_n-150x150.jpg\" class=\"attachment-thumbnail size-thumbnail\" alt=\"\" \/><\/a>\n\t\t\t\t<\/dt><\/dl><dl class='gallery-item'>\n\t\t\t\t<dt class='gallery-icon landscape'>\n\t\t\t\t\t<a class=\"rollover rollover-zoom dt-pswp-item\" title=\"299686426_471420908183502_2085123873483832068_n\" data-dt-img-description=\"\" data-large_image_width=\"667\" data-large_image_height=\"403\"href='https:\/\/www.radiopiu.net\/wordpress\/wp-content\/uploads\/2022\/08\/299686426_471420908183502_2085123873483832068_n.jpg'><img loading=\"lazy\" decoding=\"async\" width=\"150\" height=\"150\" src=\"https:\/\/www.radiopiu.net\/wordpress\/wp-content\/uploads\/2022\/08\/299686426_471420908183502_2085123873483832068_n-150x150.jpg\" class=\"attachment-thumbnail size-thumbnail\" alt=\"\" \/><\/a>\n\t\t\t\t<\/dt><\/dl><dl class='gallery-item'>\n\t\t\t\t<dt class='gallery-icon landscape'>\n\t\t\t\t\t<a class=\"rollover rollover-zoom dt-pswp-item\" title=\"299714709_1531335274011372_8201807700223838174_n\" data-dt-img-description=\"\" data-large_image_width=\"711\" data-large_image_height=\"403\"href='https:\/\/www.radiopiu.net\/wordpress\/wp-content\/uploads\/2022\/08\/299714709_1531335274011372_8201807700223838174_n.jpg'><img loading=\"lazy\" decoding=\"async\" width=\"150\" height=\"150\" src=\"https:\/\/www.radiopiu.net\/wordpress\/wp-content\/uploads\/2022\/08\/299714709_1531335274011372_8201807700223838174_n-150x150.jpg\" class=\"attachment-thumbnail size-thumbnail\" alt=\"\" \/><\/a>\n\t\t\t\t<\/dt><\/dl><dl class='gallery-item'>\n\t\t\t\t<dt class='gallery-icon landscape'>\n\t\t\t\t\t<a class=\"rollover rollover-zoom dt-pswp-item\" title=\"300024417_628953255417121_3805312445142775141_n\" data-dt-img-description=\"\" data-large_image_width=\"619\" data-large_image_height=\"403\"href='https:\/\/www.radiopiu.net\/wordpress\/wp-content\/uploads\/2022\/08\/300024417_628953255417121_3805312445142775141_n.jpg'><img loading=\"lazy\" decoding=\"async\" width=\"150\" height=\"150\" src=\"https:\/\/www.radiopiu.net\/wordpress\/wp-content\/uploads\/2022\/08\/300024417_628953255417121_3805312445142775141_n-150x150.jpg\" class=\"attachment-thumbnail size-thumbnail\" alt=\"\" \/><\/a>\n\t\t\t\t<\/dt><\/dl><dl class='gallery-item'>\n\t\t\t\t<dt class='gallery-icon landscape'>\n\t\t\t\t\t<a class=\"rollover rollover-zoom dt-pswp-item\" title=\"301088577_1757432337941935_8869794941660672512_n\" data-dt-img-description=\"\" data-large_image_width=\"531\" data-large_image_height=\"403\"href='https:\/\/www.radiopiu.net\/wordpress\/wp-content\/uploads\/2022\/08\/301088577_1757432337941935_8869794941660672512_n.jpg'><img loading=\"lazy\" decoding=\"async\" width=\"150\" height=\"150\" src=\"https:\/\/www.radiopiu.net\/wordpress\/wp-content\/uploads\/2022\/08\/301088577_1757432337941935_8869794941660672512_n-150x150.jpg\" class=\"attachment-thumbnail size-thumbnail\" alt=\"\" \/><\/a>\n\t\t\t\t<\/dt><\/dl><br style=\"clear: both\" \/><dl class='gallery-item'>\n\t\t\t\t<dt class='gallery-icon landscape'>\n\t\t\t\t\t<a class=\"rollover rollover-zoom dt-pswp-item\" title=\"300464545_2240987656070956_5265513275465632640_n\" data-dt-img-description=\"\" data-large_image_width=\"769\" data-large_image_height=\"403\"href='https:\/\/www.radiopiu.net\/wordpress\/wp-content\/uploads\/2022\/08\/300464545_2240987656070956_5265513275465632640_n.jpg'><img loading=\"lazy\" decoding=\"async\" width=\"150\" height=\"150\" src=\"https:\/\/www.radiopiu.net\/wordpress\/wp-content\/uploads\/2022\/08\/300464545_2240987656070956_5265513275465632640_n-150x150.jpg\" class=\"attachment-thumbnail size-thumbnail\" alt=\"\" \/><\/a>\n\t\t\t\t<\/dt><\/dl><dl class='gallery-item'>\n\t\t\t\t<dt class='gallery-icon landscape'>\n\t\t\t\t\t<a class=\"rollover rollover-zoom dt-pswp-item\" title=\"300535776_603454898066504_6138802216604101744_n\" data-dt-img-description=\"\" data-large_image_width=\"613\" data-large_image_height=\"403\"href='https:\/\/www.radiopiu.net\/wordpress\/wp-content\/uploads\/2022\/08\/300535776_603454898066504_6138802216604101744_n.jpg'><img loading=\"lazy\" decoding=\"async\" width=\"150\" height=\"150\" src=\"https:\/\/www.radiopiu.net\/wordpress\/wp-content\/uploads\/2022\/08\/300535776_603454898066504_6138802216604101744_n-150x150.jpg\" class=\"attachment-thumbnail size-thumbnail\" alt=\"\" \/><\/a>\n\t\t\t\t<\/dt><\/dl><dl class='gallery-item'>\n\t\t\t\t<dt class='gallery-icon landscape'>\n\t\t\t\t\t<a class=\"rollover rollover-zoom dt-pswp-item\" title=\"302394449_468706658240145_2873075726065954560_n\" data-dt-img-description=\"\" data-large_image_width=\"663\" data-large_image_height=\"403\"href='https:\/\/www.radiopiu.net\/wordpress\/wp-content\/uploads\/2022\/08\/302394449_468706658240145_2873075726065954560_n.jpg'><img loading=\"lazy\" decoding=\"async\" width=\"150\" height=\"150\" src=\"https:\/\/www.radiopiu.net\/wordpress\/wp-content\/uploads\/2022\/08\/302394449_468706658240145_2873075726065954560_n-150x150.jpg\" class=\"attachment-thumbnail size-thumbnail\" alt=\"\" \/><\/a>\n\t\t\t\t<\/dt><\/dl><dl class='gallery-item'>\n\t\t\t\t<dt class='gallery-icon landscape'>\n\t\t\t\t\t<a class=\"rollover rollover-zoom dt-pswp-item\" title=\"300870047_1265042847665861_3428976858527377590_n\" data-dt-img-description=\"\" data-large_image_width=\"638\" data-large_image_height=\"403\"href='https:\/\/www.radiopiu.net\/wordpress\/wp-content\/uploads\/2022\/08\/300870047_1265042847665861_3428976858527377590_n.jpg'><img loading=\"lazy\" decoding=\"async\" width=\"150\" height=\"150\" src=\"https:\/\/www.radiopiu.net\/wordpress\/wp-content\/uploads\/2022\/08\/300870047_1265042847665861_3428976858527377590_n-150x150.jpg\" class=\"attachment-thumbnail size-thumbnail\" alt=\"\" \/><\/a>\n\t\t\t\t<\/dt><\/dl><dl class='gallery-item'>\n\t\t\t\t<dt class='gallery-icon portrait'>\n\t\t\t\t\t<a class=\"rollover rollover-zoom dt-pswp-item\" title=\"300861578_748448839564666_1224717764999902832_n\" data-dt-img-description=\"\" data-large_image_width=\"304\" data-large_image_height=\"414\"href='https:\/\/www.radiopiu.net\/wordpress\/wp-content\/uploads\/2022\/08\/300861578_748448839564666_1224717764999902832_n.jpg'><img loading=\"lazy\" decoding=\"async\" width=\"150\" height=\"150\" src=\"https:\/\/www.radiopiu.net\/wordpress\/wp-content\/uploads\/2022\/08\/300861578_748448839564666_1224717764999902832_n-150x150.jpg\" class=\"attachment-thumbnail size-thumbnail\" alt=\"\" \/><\/a>\n\t\t\t\t<\/dt><\/dl>\n\t\t\t\t<br style='clear: both' \/>\n\t\t\t<\/div>\n\n<p>&nbsp;<\/p>\n<hr \/>\n<p>&nbsp;<\/p>\n<h2><span style=\"color: #ff0000;\">IERI ALLA RADIO<\/span><\/h2>\n<h2><strong><a class=\"dt-pswp-item\" href=\"https:\/\/www.radiopiu.net\/wordpress\/wp-content\/uploads\/2022\/08\/oh-perbacco.png\" data-dt-img-description=\"\" data-large_image_width=\"1968\" data-large_image_height=\"1440\"><img loading=\"lazy\" decoding=\"async\" class=\"size-thumbnail wp-image-295126 alignleft\" src=\"https:\/\/www.radiopiu.net\/wordpress\/wp-content\/uploads\/2022\/08\/oh-perbacco-150x150.png\" alt=\"\" width=\"150\" height=\"150\" \/><\/a><span style=\"color: #00ccff;\">CRISTIAN DE BIASIO E L&#8217;ESTATE ALL&#8217;OH PERBACCO WINE<\/span><\/strong><\/h2>\n<p><strong>di Claudio Fontanive<\/strong><\/p>\n<p>OSPITE: Cristian De Biasio<\/p>\n<audio class=\"wp-audio-shortcode\" id=\"audio-295111-6\" preload=\"none\" style=\"width: 100%;\" controls=\"controls\"><source type=\"audio\/mpeg\" src=\"https:\/\/www.radiopiu.net\/wordpress\/wp-content\/uploads\/2022\/08\/cristian-de-biasio.mp3?_=6\" \/><a href=\"https:\/\/www.radiopiu.net\/wordpress\/wp-content\/uploads\/2022\/08\/cristian-de-biasio.mp3\">https:\/\/www.radiopiu.net\/wordpress\/wp-content\/uploads\/2022\/08\/cristian-de-biasio.mp3<\/a><\/audio>\n<p>&nbsp;<\/p>\n<hr \/>\n<p>&nbsp;<\/p>\n<h2><span style=\"color: #008080;\">&#8220;DINTORN E FORA VIA&#8221; A CURA DEL MUSLA, IL NUOVO PROGRAMMA\u00a0<\/span><\/h2>\n<p><strong><a class=\"dt-pswp-item\" href=\"https:\/\/www.radiopiu.net\/wordpress\/wp-content\/uploads\/2022\/08\/d3de8ff2-71c1-4ca3-b647-ab671e27e46c.jpg\" data-dt-img-description=\"\" data-large_image_width=\"1024\" data-large_image_height=\"1024\"><img loading=\"lazy\" decoding=\"async\" class=\"size-thumbnail wp-image-295250 alignleft\" src=\"https:\/\/www.radiopiu.net\/wordpress\/wp-content\/uploads\/2022\/08\/d3de8ff2-71c1-4ca3-b647-ab671e27e46c-150x150.jpg\" alt=\"\" width=\"150\" height=\"150\" srcset=\"https:\/\/www.radiopiu.net\/wordpress\/wp-content\/uploads\/2022\/08\/d3de8ff2-71c1-4ca3-b647-ab671e27e46c-150x150.jpg 150w, https:\/\/www.radiopiu.net\/wordpress\/wp-content\/uploads\/2022\/08\/d3de8ff2-71c1-4ca3-b647-ab671e27e46c-300x300.jpg 300w, https:\/\/www.radiopiu.net\/wordpress\/wp-content\/uploads\/2022\/08\/d3de8ff2-71c1-4ca3-b647-ab671e27e46c-768x768.jpg 768w, https:\/\/www.radiopiu.net\/wordpress\/wp-content\/uploads\/2022\/08\/d3de8ff2-71c1-4ca3-b647-ab671e27e46c.jpg 1024w\" sizes=\"auto, (max-width: 150px) 100vw, 150px\" \/><\/a>LA PUNTATA DEL 30 AGOSTO &#8211; NICOLA CASSISI<\/strong><\/p>\n<audio class=\"wp-audio-shortcode\" id=\"audio-295111-7\" preload=\"none\" style=\"width: 100%;\" controls=\"controls\"><source type=\"audio\/mpeg\" src=\"https:\/\/www.radiopiu.net\/wordpress\/wp-content\/uploads\/2022\/08\/MUSLA-3.mp3?_=7\" \/><a href=\"https:\/\/www.radiopiu.net\/wordpress\/wp-content\/uploads\/2022\/08\/MUSLA-3.mp3\">https:\/\/www.radiopiu.net\/wordpress\/wp-content\/uploads\/2022\/08\/MUSLA-3.mp3<\/a><\/audio>\n<p>&nbsp;<\/p>\n<p><strong>LA RACCOLTA COMPLETA<\/strong><\/p>\n<blockquote class=\"wp-embedded-content\" data-secret=\"5vtPTa1Yws\"><p><a href=\"https:\/\/www.radiopiu.net\/wordpress\/musla\/\">MUSLA<\/a><\/p><\/blockquote>\n<p><iframe loading=\"lazy\" class=\"wp-embedded-content\" sandbox=\"allow-scripts\" security=\"restricted\" style=\"position: absolute; clip: rect(1px, 1px, 1px, 1px);\" title=\"&#8220;MUSLA&#8221; &#8212; Radio Pi\u00f9\" src=\"https:\/\/www.radiopiu.net\/wordpress\/musla\/embed\/#?secret=JyZP73pTZK#?secret=5vtPTa1Yws\" data-secret=\"5vtPTa1Yws\" width=\"600\" height=\"338\" frameborder=\"0\" marginwidth=\"0\" marginheight=\"0\" scrolling=\"no\"><\/iframe><\/p>\n<p>&nbsp;<\/p>\n<hr \/>\n<p>&nbsp;<\/p>\n<div>\n<div class=\"b654a4as d2edcug0\">\n<div class=\"rq0escxv hkbzh7o3 jwdofwj8 n8tt0mok r8blr3vg hyh9befq\">\n<p><a class=\"dt-pswp-item\" href=\"https:\/\/www.radiopiu.net\/wordpress\/wp-content\/uploads\/2020\/10\/pp.jpg\" data-dt-img-description=\"\" data-large_image_width=\"640\" data-large_image_height=\"640\"><img loading=\"lazy\" decoding=\"async\" class=\"wp-image-163678 alignleft\" src=\"https:\/\/www.radiopiu.net\/wordpress\/wp-content\/uploads\/2020\/10\/pp-300x300.jpg\" alt=\"\" width=\"106\" height=\"106\" srcset=\"https:\/\/www.radiopiu.net\/wordpress\/wp-content\/uploads\/2020\/10\/pp-300x300.jpg 300w, https:\/\/www.radiopiu.net\/wordpress\/wp-content\/uploads\/2020\/10\/pp-150x150.jpg 150w, https:\/\/www.radiopiu.net\/wordpress\/wp-content\/uploads\/2020\/10\/pp-125x125.jpg 125w, https:\/\/www.radiopiu.net\/wordpress\/wp-content\/uploads\/2020\/10\/pp-200x200.jpg 200w, https:\/\/www.radiopiu.net\/wordpress\/wp-content\/uploads\/2020\/10\/pp-80x80.jpg 80w, https:\/\/www.radiopiu.net\/wordpress\/wp-content\/uploads\/2020\/10\/pp-480x480.jpg 480w, https:\/\/www.radiopiu.net\/wordpress\/wp-content\/uploads\/2020\/10\/pp.jpg 640w\" sizes=\"auto, (max-width: 106px) 100vw, 106px\" \/><\/a><\/p>\n<\/div>\n<\/div>\n<\/div>\n<div>\n<div class=\"page-title-head hgroup\">\n<div class=\"page-title-head hgroup\">\n<div class=\"b654a4as d2edcug0\">\n<div class=\"j83agx80 btwxx1t3 lhclo0ds hop8lmos nkwizq5d scwd0bx6 roh60bw9\">\n<div class=\"rq0escxv hkbzh7o3 jwdofwj8 n8tt0mok r8blr3vg hyh9befq\">\n<div class=\"do00u71z l9j0dhe7 k4urcfbm\">\n<h2><span style=\"color: #000080;\">DON CESARE, IL PENSIERO DEL GIORNO. ALLA RADIO ALLE 7 DEL MATTINO E ALLE 19.30 DELLA SERA.\u00a0<\/span><\/h2>\n<\/div>\n<\/div>\n<\/div>\n<\/div>\n<\/div>\n<\/div>\n<\/div>\n<div class=\"do00u71z l9j0dhe7 k4urcfbm\">\n<div class=\"page-title-head hgroup\">\n<div class=\"page-title-head hgroup\">\n<div class=\"b654a4as d2edcug0\">\n<div class=\"j83agx80 btwxx1t3 lhclo0ds hop8lmos nkwizq5d scwd0bx6 roh60bw9\">\n<div class=\"rq0escxv hkbzh7o3 jwdofwj8 n8tt0mok r8blr3vg hyh9befq\">\n<div class=\"do00u71z l9j0dhe7 k4urcfbm\">\n<div class=\"page-title-head hgroup\">\n<div class=\"page-title-head hgroup\">\n<div class=\"b654a4as d2edcug0\">\n<div class=\"j83agx80 btwxx1t3 lhclo0ds hop8lmos nkwizq5d scwd0bx6 roh60bw9\">\n<div class=\"rq0escxv hkbzh7o3 jwdofwj8 n8tt0mok r8blr3vg hyh9befq\">\n<div class=\"do00u71z l9j0dhe7 k4urcfbm\">\n<div class=\"ecm0bbzt e5nlhep0 a8c37x1j\">\n<div class=\"kvgmc6g5 cxmmr5t8 oygrvhab hcukyx3x c1et5uql\">\n<div class=\"gmail-kvgmc6g5 gmail-cxmmr5t8 gmail-oygrvhab gmail-hcukyx3x gmail-c1et5uql gmail-ii04i59q\">\n<div class=\"page-title-head hgroup\">\n<div class=\"page-title-head hgroup\">\n<div class=\"b654a4as d2edcug0\">\n<div class=\"j83agx80 btwxx1t3 lhclo0ds hop8lmos nkwizq5d scwd0bx6 roh60bw9\">\n<div class=\"rq0escxv hkbzh7o3 jwdofwj8 n8tt0mok r8blr3vg hyh9befq\">\n<div class=\"do00u71z l9j0dhe7 k4urcfbm\">\n<div class=\"page-title-head hgroup\">\n<div class=\"page-title-head hgroup\">\n<div class=\"b654a4as d2edcug0\">\n<div class=\"j83agx80 btwxx1t3 lhclo0ds hop8lmos nkwizq5d scwd0bx6 roh60bw9\">\n<div class=\"rq0escxv hkbzh7o3 jwdofwj8 n8tt0mok r8blr3vg hyh9befq\">\n<div class=\"do00u71z l9j0dhe7 k4urcfbm\">\n<div class=\"page-title-head hgroup\">\n<div class=\"page-title-head hgroup\">\n<div class=\"b654a4as d2edcug0\">\n<div class=\"j83agx80 btwxx1t3 lhclo0ds hop8lmos nkwizq5d scwd0bx6 roh60bw9\">\n<div class=\"rq0escxv hkbzh7o3 jwdofwj8 n8tt0mok r8blr3vg hyh9befq\">\n<div class=\"do00u71z l9j0dhe7 k4urcfbm\">\n<div class=\"ecm0bbzt e5nlhep0 a8c37x1j\">\n<div class=\"kvgmc6g5 cxmmr5t8 oygrvhab hcukyx3x c1et5uql\">\n<div class=\"gmail-kvgmc6g5 gmail-cxmmr5t8 gmail-oygrvhab gmail-hcukyx3x gmail-c1et5uql gmail-ii04i59q\">\n<div class=\"page-title-head hgroup\">\n<div class=\"page-title-head hgroup\">\n<div class=\"b654a4as d2edcug0\">\n<div class=\"j83agx80 btwxx1t3 lhclo0ds hop8lmos nkwizq5d scwd0bx6 roh60bw9\">\n<div class=\"rq0escxv hkbzh7o3 jwdofwj8 n8tt0mok r8blr3vg hyh9befq\">\n<div class=\"do00u71z l9j0dhe7 k4urcfbm\">\n<p>&nbsp;<\/p>\n<audio class=\"wp-audio-shortcode\" id=\"audio-295111-8\" preload=\"none\" style=\"width: 100%;\" controls=\"controls\"><source type=\"audio\/mpeg\" src=\"https:\/\/www.radiopiu.net\/wordpress\/wp-content\/uploads\/2022\/08\/CESARE-22.mp3?_=8\" \/><a href=\"https:\/\/www.radiopiu.net\/wordpress\/wp-content\/uploads\/2022\/08\/CESARE-22.mp3\">https:\/\/www.radiopiu.net\/wordpress\/wp-content\/uploads\/2022\/08\/CESARE-22.mp3<\/a><\/audio>\n<p>&nbsp;<\/p>\n<hr \/>\n<p>&nbsp;<\/p>\n<p><span style=\"color: #0000ff;\">MUSICA PIU&#8217;\u00a0<\/span><\/p>\n<p><a href=\"https:\/\/www.radiopiu.net\/wordpress\/giornale-radiopiu-20-settembre-2021-direttore-mirko-mezzacasa\/pp-79\/\" rel=\"attachment wp-att-232921\"><img loading=\"lazy\" decoding=\"async\" class=\"wp-image-232921 alignleft\" src=\"https:\/\/www.radiopiu.net\/wordpress\/wp-content\/uploads\/2021\/09\/pp-1-300x300.jpg\" alt=\"\" width=\"135\" height=\"135\" srcset=\"https:\/\/www.radiopiu.net\/wordpress\/wp-content\/uploads\/2021\/09\/pp-1-300x300.jpg 300w, https:\/\/www.radiopiu.net\/wordpress\/wp-content\/uploads\/2021\/09\/pp-1-150x150.jpg 150w, https:\/\/www.radiopiu.net\/wordpress\/wp-content\/uploads\/2021\/09\/pp-1.jpg 640w\" sizes=\"auto, (max-width: 135px) 100vw, 135px\" \/><\/a><\/p>\n<div class=\"mkdf-post-text\">\n<div class=\"mkdf-post-text-inner\">\n<div class=\"mkdf-post-text-main\">\n<div class=\"mkdf-post-text\">\n<div class=\"mkdf-post-text-inner\">\n<div class=\"mkdf-post-text-main\">\n<div class=\"mkdf-post-text\">\n<div class=\"mkdf-post-text-inner\">\n<div class=\"mkdf-post-text-main\">\n<div class=\"page-title-head hgroup\">\n<div class=\"page-title-head hgroup\">\n<div class=\"mkdf-post-text\">\n<div class=\"mkdf-post-text-inner\">\n<div class=\"mkdf-post-text-main\">\n<div class=\"mkdf-post-text\">\n<div class=\"mkdf-post-text-inner\">\n<div class=\"mkdf-post-text-main\">\n<div class=\"page-title-head hgroup\">\n<div class=\"page-title-head hgroup\">\n<div class=\"page-title-head hgroup\">\n<div class=\"page-title-head hgroup\">\n<div class=\"b654a4as d2edcug0\">\n<div class=\"page-title-head hgroup\">\n<div class=\"page-title-head hgroup\">\n<div class=\"page-title-head hgroup\">\n<div class=\"page-title-head hgroup\">\n<div class=\"b654a4as d2edcug0\">\n<div class=\"page-title-head hgroup\">\n<div class=\"page-title-head hgroup\">\n<div class=\"page-title-head hgroup\">\n<div class=\"page-title-head hgroup\">\n<div class=\"b654a4as d2edcug0\">\n<div class=\"mkdf-post-text\">\n<div class=\"mkdf-post-text-inner\">\n<div class=\"mkdf-post-text-main\">\n<div class=\"mkdf-post-text\">\n<div class=\"mkdf-post-text-inner\">\n<div class=\"mkdf-post-text-main\">\n<div class=\"mkdf-post-text\">\n<div class=\"mkdf-post-text-inner\">\n<div class=\"mkdf-post-text-main\">\n<div class=\"page-title-head hgroup\">\n<div class=\"page-title-head hgroup\">\n<div class=\"mkdf-post-text\">\n<div class=\"mkdf-post-text-inner\">\n<div class=\"mkdf-post-text-main\">\n<div class=\"mkdf-post-text\">\n<div class=\"mkdf-post-text-inner\">\n<div class=\"mkdf-post-text-main\">\n<div class=\"page-title-head hgroup\">\n<div class=\"page-title-head hgroup\">\n<div class=\"page-title-head hgroup\">\n<div class=\"page-title-head hgroup\">\n<div class=\"b654a4as d2edcug0\">\n<div class=\"page-title-head hgroup\">\n<div class=\"page-title-head hgroup\">\n<div class=\"page-title-head hgroup\">\n<div class=\"page-title-head hgroup\">\n<div class=\"b654a4as d2edcug0\">\n<div class=\"page-title-head hgroup\">\n<div class=\"page-title-head hgroup\">\n<div class=\"page-title-head hgroup\">\n<div class=\"page-title-head hgroup\">\n<div class=\"b654a4as d2edcug0\">\n<div><\/div>\n<div><\/div>\n<div>\n<p><strong>MUSICA ALLA RADIO, IL PROGRAMMA DI LORIS SCUSSEL &#8220;COLLAGE OPERAZIONE NOSTALGIA&#8221; DAL LUNEDI AL VENERDI ALLE 16.00\u00a0 E ALLE 23\u00a0<\/strong><\/p>\n<\/div>\n<\/div>\n<p>&nbsp;<\/p>\n<\/div>\n<\/div>\n<\/div>\n<\/div>\n<\/div>\n<\/div>\n<\/div>\n<\/div>\n<\/div>\n<\/div>\n<\/div>\n<\/div>\n<\/div>\n<\/div>\n<\/div>\n<\/div>\n<\/div>\n<\/div>\n<\/div>\n<\/div>\n<\/div>\n<\/div>\n<\/div>\n<\/div>\n<\/div>\n<\/div>\n<\/div>\n<\/div>\n<\/div>\n<\/div>\n<\/div>\n<\/div>\n<\/div>\n<\/div>\n<\/div>\n<\/div>\n<\/div>\n<\/div>\n<\/div>\n<\/div>\n<\/div>\n<\/div>\n<\/div>\n<\/div>\n<\/div>\n<\/div>\n<\/div>\n<\/div>\n<\/div>\n<\/div>\n<\/div>\n<\/div>\n<\/div>\n<\/div>\n<\/div>\n<\/div>\n<\/div>\n<\/div>\n<\/div>\n<\/div>\n<\/div>\n<\/div>\n<\/div>\n<div>\n<div class=\"page-title-head hgroup\">\n<div class=\"page-title-head hgroup\">\n<div class=\"page-title-head hgroup\">\n<div class=\"page-title-head hgroup\">\n<div class=\"b654a4as d2edcug0\">\n<div class=\"page-title-head hgroup\">\n<div class=\"page-title-head hgroup\">\n<div class=\"page-title-head hgroup\">\n<div class=\"page-title-head hgroup\">\n<div class=\"b654a4as d2edcug0\">\n<div class=\"page-title-head hgroup\">\n<div class=\"page-title-head hgroup\">\n<div class=\"page-title-head hgroup\">\n<div class=\"page-title-head hgroup\">\n<div class=\"page-title-head hgroup\">\n<div class=\"page-title-head hgroup\">\n<div class=\"page-title-head hgroup\">\n<div class=\"page-title-head hgroup\">\n<div class=\"page-title-head hgroup\">\n<div class=\"b654a4as d2edcug0\">\n<div class=\"page-title-head hgroup\">\n<div class=\"page-title-head hgroup\">\n<div class=\"page-title-head hgroup\">\n<div class=\"page-title-head hgroup\">\n<div class=\"b654a4as d2edcug0\">\n<div class=\"page-title-head hgroup\">\n<div class=\"page-title-head hgroup\">\n<div class=\"page-title-head hgroup\">\n<div class=\"page-title-head hgroup\">\n<div class=\"page-title-head hgroup\">\n<div class=\"mkdf-post-text\">\n<div class=\"mkdf-post-text-inner\">\n<div class=\"mkdf-post-text-main\">\n<div class=\"mkdf-post-text\">\n<div class=\"mkdf-post-text-inner\">\n<div class=\"mkdf-post-text-main\">\n<div class=\"mkdf-post-text\">\n<div class=\"mkdf-post-text-inner\">\n<div class=\"mkdf-post-text-main\">\n<div class=\"page-title-head hgroup\">\n<div class=\"page-title-head hgroup\">\n<div class=\"mkdf-post-text\">\n<div class=\"mkdf-post-text-inner\">\n<div class=\"mkdf-post-text-main\">\n<div class=\"mkdf-post-text\">\n<div class=\"mkdf-post-text-inner\">\n<div class=\"mkdf-post-text-main\">\n<div class=\"page-title-head hgroup\">\n<div class=\"page-title-head hgroup\">\n<div class=\"page-title-head hgroup\">\n<div class=\"page-title-head hgroup\">\n<div class=\"b654a4as d2edcug0\">\n<div class=\"page-title-head hgroup\">\n<div class=\"page-title-head hgroup\">\n<div class=\"page-title-head hgroup\">\n<div class=\"page-title-head hgroup\">\n<div class=\"b654a4as d2edcug0\">\n<div class=\"page-title-head hgroup\">\n<div class=\"page-title-head hgroup\">\n<div class=\"page-title-head hgroup\">\n<p>&nbsp;<\/p>\n<p>&nbsp;<\/p>\n<p><strong><a class=\"dt-pswp-item\" href=\"https:\/\/www.radiopiu.net\/wordpress\/wp-content\/uploads\/2022\/08\/rivanazionale2.jpg\" data-dt-img-description=\"\" data-large_image_width=\"630\" data-large_image_height=\"354\"><img loading=\"lazy\" decoding=\"async\" class=\" wp-image-294881 alignleft\" src=\"https:\/\/www.radiopiu.net\/wordpress\/wp-content\/uploads\/2022\/08\/rivanazionale2-150x150.jpg\" alt=\"\" width=\"126\" height=\"126\" \/><\/a>di Loris Scussel<\/strong><\/p>\n<p>Collage operazione nostalgia si apre con un omaggio musicale ad alcuni personaggi mitici dello sport partendo da una proposta del cantautore sardo Piero Marras che ha scritto \u201cQuando Gigi Riva torner\u00e0\u201d una piccola favola in musica. La settimana proseguir\u00e0 con la consueta alternanza tra musica italiana ed internazionale con una puntata dedicata agli amici ed un\u2019altra alla musica dal vivo perch\u00e9 come dice anche il grande Renzo Arbore \u201cMeglio dal vivo che dal morto\u201d. Collage va in onda dal luned\u00ec al venerd\u00ec alle 16,00 e alle 23,00 naturalmente su RadioPi\u00f9<\/p>\n<p>&nbsp;<\/p>\n<p>&nbsp;<\/p>\n<hr \/>\n<p>&nbsp;<\/p>\n<p><a class=\"dt-pswp-item\" href=\"https:\/\/www.radiopiu.net\/wordpress\/wp-content\/uploads\/2018\/09\/WhatsApp-Image-2018-09-20-at-16.04.06.jpeg\" data-dt-img-description=\"\" data-large_image_width=\"800\" data-large_image_height=\"100\"><img loading=\"lazy\" decoding=\"async\" class=\"aligncenter wp-image-61378 size-full\" src=\"https:\/\/www.radiopiu.net\/wordpress\/wp-content\/uploads\/2018\/09\/WhatsApp-Image-2018-09-20-at-16.04.06.jpeg\" alt=\"\" width=\"800\" height=\"100\" srcset=\"https:\/\/www.radiopiu.net\/wordpress\/wp-content\/uploads\/2018\/09\/WhatsApp-Image-2018-09-20-at-16.04.06.jpeg 800w, https:\/\/www.radiopiu.net\/wordpress\/wp-content\/uploads\/2018\/09\/WhatsApp-Image-2018-09-20-at-16.04.06-300x38.jpeg 300w, https:\/\/www.radiopiu.net\/wordpress\/wp-content\/uploads\/2018\/09\/WhatsApp-Image-2018-09-20-at-16.04.06-768x96.jpeg 768w\" sizes=\"auto, (max-width: 800px) 100vw, 800px\" \/><\/a><\/p>\n<p>&nbsp;<\/p>\n<p><center><b>Mercoledi 31<\/b><\/center><b>Tempo atteso: <\/b>Cielo nuvoloso o molto nuvoloso gi\u00e0 durante la notte con rapido peggioramento sulle Prealpi, mentre lo stesso sar\u00e0 pi\u00f9 graduale sulle Dolomiti. Al pomeriggio tempo instabile ovunque con cielo nuvoloso e fenomeni sparsi con tendenza ad esaurimento verso sera quando sar\u00e0 possibile qualche irregolare schiarita. Contesto termico pi\u00f9 fresco con debole escursione termica diurna.<br \/>\n<b>Precipitazioni: <\/b>Nella notte aumento della probabilit\u00e0 fino ad alta (70-90%) dapprima su Prealpi (anche temporaleschi) pi\u00f9 tardi anche su Dolomiti al mattino. Al pomeriggio fenomeni sparsi ancora probabili ovunque (50-70%), localmente anche temporaleschi. In serata tendenza ad attenuazione ed esaurimento dei fenomeni. Possibili fenomeni di forte intensit\u00e0 specie su Prealpi con quantitativi di pioggia localmente anche abbondanti.<br \/>\n<b>Temperature: <\/b>In generale diminuzione, considerando che le minime saranno ovunque osservate alla sera, mentre quelle del mattino potrebbero essere in aumento nelle valli. Su Prealpi a 1500 m: min 12 max 16, a 2000 m: min 9 max 11 Dolomiti &#8211; a 2000 m: min 9 max 12, a 3000 m: min 3 max 4<br \/>\n<b>Venti: <\/b>Nelle valli perlopi\u00f9 deboli di direzione variabile, eccetto locali rinforzi per raffiche temporalesche; in quota generalmente deboli da sud sud-ovest al mattino in rotazione da nord\/nordovest nel pomeriggio, non esclusi lievi rinforzi sulle cime al pomeriggio, a 5-15 km\/h a 2000 m e 10-20 km\/h a 3000 m.<\/p>\n<hr \/>\n<p><center><b>Giovedi 1<\/b><\/center><b>Tempo atteso: <\/b>Tempo variabile al mattino, un p\u00f2 instabile nel pomeriggio. Nella notte e al mattino nuvolosit\u00e0 irregolare con nubi basse e qualche breve schiarita, nel pomeriggio nuvolosit\u00e0 irregolare anche intensa associata a fenomeni sparsi.<br \/>\n<b>Precipitazioni: <\/b>Nella notte e al mattino generalmente assenti o poco probabile qualche piovasco qua e l\u00e0 (10-30 %), nel pomeriggio aumento della probabilit\u00e0 di rovesci sparsi e isolati temporali (60-80%) Ricomparsa di un po&#8217; di neve sulle cime dolomitiche pi\u00f9 alte (oltre i 3000 m).<br \/>\n<b>Temperature: <\/b>Ulteriore lieve e generale calo termico. Su Prealpi a 1500 m: min 12 max 14, a 2000 m: min 9 max 11 Dolomiti &#8211; a 2000 m: min 8 max 12, a 3000 m: min 2 max 3<br \/>\n<b>Venti: <\/b>Nelle valli venti deboli di direzione variabile; in quota deboli settentrionali a 5-15 km\/h a 2000 m e 10-20 km\/h a 3000 m.<\/p>\n<hr \/>\n<p><center><b>Venerdi 2<\/b><\/center>Al mattino velature e presenza irregolare di nubi basse con qualche schiarita, non escluso qualche piovasco sparso. Al pomeriggio crescente nuvolosit\u00e0 per attivit\u00e0 cumuliforme, anche moderata e associata a rovesci sparsi e isolati temporali. Temperature minime in lieve calo in quota, massime pressoch\u00e8 stazionarie. Nelle valli venti deboli a regime di brezza, a tratti e localmente moderati durante le ore pi\u00f9 calde; in quota deboli da nordovest in rotazione da sudovest in serata.<\/p>\n<hr \/>\n<p><center><b>Sabato 3<\/b><\/center>Da nuvoloso a molto nuvoloso con possibili precipitazioni anche diffuse in giornata in estensione da Prealpi a Dolomiti anche sottoforma di rovesci o isolati temporali specie su Prealpi. Temperature minime in lieve aumento, massime stazionarie o in lieve aumento in alta quota. Venti in quota moderati da sudovest Previsore: DDL<\/p>\n<p>&nbsp;<\/p>\n<hr \/>\n<p>&nbsp;<\/p>\n<p><a href=\"https:\/\/www.radiopiu.net\/wordpress\/giornale-radiopiu-26-settembre-2018-direttore-mirko-mezzacasa\/viabilita-2\/\" rel=\"attachment wp-att-61954\"><img loading=\"lazy\" decoding=\"async\" class=\"aligncenter wp-image-61954 size-full\" src=\"https:\/\/www.radiopiu.net\/wordpress\/wp-content\/uploads\/2018\/09\/viabilita.jpeg\" sizes=\"auto, (max-width: 800px) 100vw, 800px\" srcset=\"https:\/\/www.radiopiu.net\/wordpress\/wp-content\/uploads\/2018\/09\/viabilita.jpeg 800w, https:\/\/www.radiopiu.net\/wordpress\/wp-content\/uploads\/2018\/09\/viabilita-300x38.jpeg 300w, https:\/\/www.radiopiu.net\/wordpress\/wp-content\/uploads\/2018\/09\/viabilita-768x96.jpeg 768w\" alt=\"\" width=\"800\" height=\"100\" \/><\/a><\/p>\n<blockquote>\n<h3><\/h3>\n<h3>GALLERIA DI SEGUSINO CHIUSA PER 4 MESI<\/h3>\n<\/blockquote>\n<p><strong><a class=\"dt-pswp-item\" href=\"https:\/\/www.radiopiu.net\/wordpress\/wp-content\/uploads\/2020\/05\/VENETO-STRADE.png\" data-dt-img-description=\"\" data-large_image_width=\"400\" data-large_image_height=\"400\"><img loading=\"lazy\" decoding=\"async\" class=\" wp-image-135574 alignleft\" src=\"https:\/\/www.radiopiu.net\/wordpress\/wp-content\/uploads\/2020\/05\/VENETO-STRADE-150x150.png\" alt=\"\" width=\"102\" height=\"102\" srcset=\"https:\/\/www.radiopiu.net\/wordpress\/wp-content\/uploads\/2020\/05\/VENETO-STRADE-150x150.png 150w, https:\/\/www.radiopiu.net\/wordpress\/wp-content\/uploads\/2020\/05\/VENETO-STRADE-300x300.png 300w, https:\/\/www.radiopiu.net\/wordpress\/wp-content\/uploads\/2020\/05\/VENETO-STRADE.png 400w\" sizes=\"auto, (max-width: 102px) 100vw, 102px\" \/><\/a><\/strong><\/p>\n<p><strong>SEGUSINO<\/strong> Fino al 4 novembre, compresi sabati domeniche e festivi infrasettimanali, un&#8217;interdizione totale al transito per l&#8217;intera tratta della galleria di Segusino in seguito a dei lavori per messa in sicurezza della condotta acquedottistica<\/p>\n<p><strong>RIVAMONTE<\/strong> Veneto Strade comunica che lungo la SP 3 della Valle Imperina, a Gona di Conedera \u00e8\u00a0 istituito un senso unico alternato regolato da semaforo fino al 29 agosto compresi sabato domenica e festivi. Senso unico necessario per consentire i lavori di consolidamento della strada.<\/p>\n<blockquote class=\"wp-embedded-content\" data-secret=\"FBMlxvTOkG\"><p><a href=\"https:\/\/www.radiopiu.net\/wordpress\/viabilita\/\">viabilita<\/a><\/p><\/blockquote>\n<p><iframe loading=\"lazy\" class=\"wp-embedded-content\" sandbox=\"allow-scripts\" security=\"restricted\" style=\"position: absolute; clip: rect(1px, 1px, 1px, 1px);\" title=\"&#8220;viabilita&#8221; &#8212; Radio Pi\u00f9\" src=\"https:\/\/www.radiopiu.net\/wordpress\/viabilita\/embed\/#?secret=y4d8eWNWfI#?secret=FBMlxvTOkG\" data-secret=\"FBMlxvTOkG\" width=\"600\" height=\"338\" frameborder=\"0\" marginwidth=\"0\" marginheight=\"0\" scrolling=\"no\"><\/iframe><\/p>\n<p>&nbsp;<\/p>\n<hr \/>\n<p>&nbsp;<\/p>\n<p>&nbsp;<\/p>\n<p><img loading=\"lazy\" decoding=\"async\" class=\"wp-image-60761 size-full aligncenter\" src=\"https:\/\/www.radiopiu.net\/wordpress\/wp-content\/uploads\/2018\/09\/sport.jpg\" alt=\"\" width=\"800\" height=\"100\" srcset=\"https:\/\/www.radiopiu.net\/wordpress\/wp-content\/uploads\/2018\/09\/sport.jpg 800w, https:\/\/www.radiopiu.net\/wordpress\/wp-content\/uploads\/2018\/09\/sport-300x38.jpg 300w, https:\/\/www.radiopiu.net\/wordpress\/wp-content\/uploads\/2018\/09\/sport-768x96.jpg 768w\" sizes=\"auto, (max-width: 800px) 100vw, 800px\" \/><\/p>\n<\/div>\n<\/div>\n<\/div>\n<div class=\"page-title-head hgroup\">\n<div class=\"page-title-head hgroup\">\n<p>&nbsp;<\/p>\n<p><span style=\"color: #0000ff;\"><strong>CALCIO<\/strong><\/span><\/p>\n<blockquote>\n<h3>UFFICIALIZZATO IL CALENDARIO DI SECONDA CATEGORIA. ESORDIO IN TRASFERTA PER L&#8217;AGORDINA<\/h3>\n<\/blockquote>\n<p><strong>REDAZIONE <\/strong>Adesso la stagione inizia sul serio. La federazione LND ha comunicato nelle scorse ore il calendario ufficiale della Seconda Categoria. Nel girone T da tenere d&#8217;occhio l&#8217;Agordina di Marco Lorenzi. Campionato che inizier\u00e0 il 18 settembre ed agordini che esordiranno in trasferta contro l&#8217;Alpes Cesio. 26 giornate di campionato con il torneo che terminer\u00e0 domenica 16 aprile 2023. Prevista una lunga pausa invernale, le squadre rimarranno ai box dal 11 dicembre 2022 fino al 15 gennaio 2023. La stagione per\u00f2 \u00e8 gi\u00e0 iniziata domenica scorsa con la prima partita di Coppa Veneto. Un inizio amaro per la squadra di Agordo che ha perso 3 a 0 contro il Sois. Nelle prossime due domeniche le squadre giocheranno le ultime due partite di coppa, l&#8217;Agordina giocher\u00e0 in casa entrambe le sfide. Il 3 settembre con il Gemelle e l&#8217;11 contro la Sospirolese.<\/p>\n<p><strong>IL CALENDARIO DELLA SECONDA CATEGORIA GIRONE T<\/strong><\/p>\n<p><a class=\"dt-pswp-item\" href=\"https:\/\/www.radiopiu.net\/wordpress\/wp-content\/uploads\/2022\/08\/calendario-seconda-categoria.png\" data-dt-img-description=\"\" data-large_image_width=\"2446\" data-large_image_height=\"1572\"><img loading=\"lazy\" decoding=\"async\" class=\"alignnone wp-image-295144 size-large\" src=\"https:\/\/www.radiopiu.net\/wordpress\/wp-content\/uploads\/2022\/08\/calendario-seconda-categoria-1024x658.png\" alt=\"\" width=\"1024\" height=\"658\" srcset=\"https:\/\/www.radiopiu.net\/wordpress\/wp-content\/uploads\/2022\/08\/calendario-seconda-categoria-1024x658.png 1024w, https:\/\/www.radiopiu.net\/wordpress\/wp-content\/uploads\/2022\/08\/calendario-seconda-categoria-300x193.png 300w, https:\/\/www.radiopiu.net\/wordpress\/wp-content\/uploads\/2022\/08\/calendario-seconda-categoria-768x494.png 768w, https:\/\/www.radiopiu.net\/wordpress\/wp-content\/uploads\/2022\/08\/calendario-seconda-categoria-1536x987.png 1536w, https:\/\/www.radiopiu.net\/wordpress\/wp-content\/uploads\/2022\/08\/calendario-seconda-categoria-2048x1316.png 2048w\" sizes=\"auto, (max-width: 1024px) 100vw, 1024px\" \/><\/a><\/p>\n<p>&nbsp;<\/p>\n<p>&nbsp;<\/p>\n<hr \/>\n<p>&nbsp;<\/p>\n<p><span style=\"color: #0000ff;\"><strong>MOTORI<\/strong><\/span><\/p>\n<blockquote>\n<h3>UN RITORNO ALLE CRONOSCALATE PER DENIS MEZZACASA<\/h3>\n<\/blockquote>\n<p><strong><a class=\"dt-pswp-item\" href=\"https:\/\/www.radiopiu.net\/wordpress\/wp-content\/uploads\/2022\/08\/bf727bbc-ce70-4369-9f0d-d0da531e2c65.jpg\" data-dt-img-description=\"\" data-large_image_width=\"1024\" data-large_image_height=\"683\"><img loading=\"lazy\" decoding=\"async\" class=\"size-thumbnail wp-image-295216 alignleft\" src=\"https:\/\/www.radiopiu.net\/wordpress\/wp-content\/uploads\/2022\/08\/bf727bbc-ce70-4369-9f0d-d0da531e2c65-150x150.jpg\" alt=\"\" width=\"150\" height=\"150\" \/><\/a>AGORDO<\/strong><\/p>\n<p>di Roberto Bona<\/p>\n<audio class=\"wp-audio-shortcode\" id=\"audio-295111-9\" preload=\"none\" style=\"width: 100%;\" controls=\"controls\"><source type=\"audio\/mpeg\" src=\"https:\/\/www.radiopiu.net\/wordpress\/wp-content\/uploads\/2022\/08\/sport-denis-mezzacasa.mp3?_=9\" \/><a href=\"https:\/\/www.radiopiu.net\/wordpress\/wp-content\/uploads\/2022\/08\/sport-denis-mezzacasa.mp3\">https:\/\/www.radiopiu.net\/wordpress\/wp-content\/uploads\/2022\/08\/sport-denis-mezzacasa.mp3<\/a><\/audio>\n<p>&nbsp;<\/p>\n<hr \/>\n<p>&nbsp;<\/p>\n<p><span style=\"color: #0000ff;\"><strong>PALLAVOLO<\/strong>\u00a0<\/span><\/p>\n<blockquote>\n<h3>PER BOMBER NOVELLO LE ASPETTATIVE SONO ALTE<\/h3>\n<\/blockquote>\n<p><strong><a class=\"dt-pswp-item\" href=\"https:\/\/www.radiopiu.net\/wordpress\/wp-content\/uploads\/2022\/08\/Bomber_Novello-scaled.jpeg\" data-dt-img-description=\"\" data-large_image_width=\"2560\" data-large_image_height=\"1280\"><img loading=\"lazy\" decoding=\"async\" class=\"size-thumbnail wp-image-295141 alignleft\" src=\"https:\/\/www.radiopiu.net\/wordpress\/wp-content\/uploads\/2022\/08\/Bomber_Novello-150x150.jpeg\" alt=\"\" width=\"150\" height=\"150\" \/><\/a>BELLUNO<\/strong> Arriva da una stagione impeccabile, nella quale ha perfezionato il salto di categoria (dalla A3 alla A2) e vinto la Coppa Italia di A3. Ma alla Tinet Prata di Pordenone era il vice opposto, mentre quest\u2019anno suoner\u00e0 da primo violino: Marco Novello \u00e8 pronto a indossare le vesti del bomber. E a trascinare a suon di attacchi la Da Rold Logistics Belluno: \u00abLe aspettative sono molto alte &#8211; conferma il diciannovenne cresciuto nel Volley Treviso &#8211; poi spetta a noi confermarle sul campo\u00bb.<span class=\"gmail-Apple-converted-space\"> \u00a0<\/span>La nuova versione dei rinoceronti intriga anche chi, il gruppo, lo vive da dentro: \u00abQuesta \u00e8 una squadra giovane, ma con grande potenziale. Ci sono i presupposti per disputare una buona stagione\u00bb.<span class=\"gmail-Apple-converted-space\">\u00a0<\/span>Nel frattempo, il confronto con coach Gian Luca Colussi \u00e8 costante e proficuo: \u00abIl tecnico mi chiede soprattutto di aumentare i miei punti di forza e migliorare i miei punti deboli. Nello specifico, la battuta e il muro. Abbiamo avuto diversi colloqui, in cui si \u00e8 discusso di una serie di aspetti con l\u2019obiettivo di crescere\u00bb. La DRL, intanto, si \u00e8 immersa nella seconda settimana di lavoro. E mette gi\u00e0 nel mirino il primo test del pre-campionato: sabato, infatti, \u00e8 in programma il confronto a Monselice contro i neopromossi della Tmb.<span class=\"gmail-Apple-converted-space\">\u00a0<\/span><\/p>\n<p>&nbsp;<\/p>\n<p>&nbsp;<\/p>\n<hr \/>\n<p>&nbsp;<\/p>\n<p><span style=\"color: #0000ff;\"><strong>NUOTO<\/strong><\/span><\/p>\n<blockquote>\n<h3>FRANCESCHINI NON SI FERMA PIU&#8217;<\/h3>\n<\/blockquote>\n<p><strong><a class=\"dt-pswp-item\" href=\"https:\/\/www.radiopiu.net\/wordpress\/wp-content\/uploads\/2022\/08\/Franceschini_a_Milazzo.jpg\" data-dt-img-description=\"\" data-large_image_width=\"1600\" data-large_image_height=\"900\"><img loading=\"lazy\" decoding=\"async\" class=\"size-thumbnail wp-image-295183 alignleft\" src=\"https:\/\/www.radiopiu.net\/wordpress\/wp-content\/uploads\/2022\/08\/Franceschini_a_Milazzo-150x150.jpg\" alt=\"\" width=\"150\" height=\"150\" \/><\/a>BELLUNO<\/strong> Instancabile Tullio Franceschini. Dopo aver vissuto da protagonista gli Europei Master di nuoto in acque libere, a Ostia, il portacolori della Sportivamente Belluno si e\u0300 cimentato in un\u2019altra prova tostissima. A Milazzo, in Sicilia, in occasione della sesta edizione del Periplo del Capo. In questo contesto, Franceschini ha affrontato i 10 chilometri nella fascia M60 ed e\u0300 riuscito a chiudere in settima posizione nella sua categoria e in sessantunesima nella graduatoria generale. Il bellunese ha completato la sua prova con il tempo di 3h26\u201913\u201d. Ma, al di la\u0300 di piazzamenti e rilevamenti cronometrici, il bellunese ha dimostrato una volta di piu\u0300 che la passione per il nuoto non conosce limiti, ostacoli, ne\u0301 eta\u0300. E, anche in Sicilia, ha tenuto alto il nome e l\u2019onore della Sportivamente Belluno.<\/p>\n<\/div>\n<\/div>\n<\/div>\n<\/div>\n<\/div>\n<\/div>\n<\/div>\n<\/div>\n<\/div>\n<\/div>\n<\/div>\n<\/div>\n<\/div>\n<\/div>\n<\/div>\n<\/div>\n<\/div>\n<\/div>\n<\/div>\n<\/div>\n<\/div>\n<\/div>\n<\/div>\n<\/div>\n<\/div>\n<\/div>\n<\/div>\n<\/div>\n<\/div>\n<\/div>\n<\/div>\n<\/div>\n<\/div>\n<\/div>\n<\/div>\n<\/div>\n<\/div>\n<\/div>\n<\/div>\n<\/div>\n<\/div>\n<\/div>\n<\/div>\n<\/div>\n<\/div>\n<\/div>\n<\/div>\n<\/div>\n<\/div>\n<\/div>\n<\/div>\n<\/div>\n<\/div>\n<\/div>\n<\/div>\n<\/div>\n<\/div>\n<\/div>\n<\/div>\n<\/div>\n<\/div>\n<\/div>\n<\/div>\n<\/div>\n<\/div>\n<\/div>\n<\/div>\n<\/div>\n<\/div>\n<\/div>\n<\/div>\n<\/div>\n<\/div>\n<\/div>\n<\/div>\n<\/div>\n<\/div>\n<\/div>\n<\/div>\n<\/div>\n<\/div>\n<\/div>\n<\/div>\n<\/div>\n<\/div>\n<\/div>\n<\/div>\n<\/div>\n<\/div>\n<\/div>\n<\/div>\n<\/div>\n<\/div>\n<\/div>\n<\/div>\n<\/div>\n<\/div>\n<\/div>\n<\/div>\n<\/div>\n<\/div>\n<\/div>\n<\/div>\n","protected":false},"excerpt":{"rendered":"<p>RADIO PIU INFORMAZIONE il canale su TELEGRAM informazione di prima\u00a0\u00a0mano e in tempo reale. iscriviti ed aiutaci a farlo conoscere\u00a0\u00a0 &nbsp; &nbsp; RIAPRONO I CANTIERI GSP, DISAGI AL QUADRIVIO DELL&#8217;UNIONE MONTANA Divieto di transito in Via Insurrezione, nel tratto compreso tra l\u2019incrocio con la Via 27 Aprile 1945 e la via 4 Novembre 1918; istituzione&hellip;<\/p>\n","protected":false},"author":4,"featured_media":295198,"comment_status":"closed","ping_status":"closed","sticky":false,"template":"","format":"standard","meta":{"_monsterinsights_skip_tracking":false,"_monsterinsights_sitenote_active":false,"_monsterinsights_sitenote_note":"","_monsterinsights_sitenote_category":0,"footnotes":""},"categories":[51,86,49],"tags":[],"class_list":["post-295111","post","type-post","status-publish","format-standard","has-post-thumbnail","hentry","category-evidenza-top","category-gr","category-news-18","category-51","category-86","category-49","description-off"],"img_url":"https:\/\/www.radiopiu.net\/wordpress\/wp-content\/uploads\/2022\/08\/Schermata-2022-08-30-alle-16.35.21.png","_links":{"self":[{"href":"https:\/\/www.radiopiu.net\/wordpress\/wp-json\/wp\/v2\/posts\/295111","targetHints":{"allow":["GET"]}}],"collection":[{"href":"https:\/\/www.radiopiu.net\/wordpress\/wp-json\/wp\/v2\/posts"}],"about":[{"href":"https:\/\/www.radiopiu.net\/wordpress\/wp-json\/wp\/v2\/types\/post"}],"author":[{"embeddable":true,"href":"https:\/\/www.radiopiu.net\/wordpress\/wp-json\/wp\/v2\/users\/4"}],"replies":[{"embeddable":true,"href":"https:\/\/www.radiopiu.net\/wordpress\/wp-json\/wp\/v2\/comments?post=295111"}],"version-history":[{"count":0,"href":"https:\/\/www.radiopiu.net\/wordpress\/wp-json\/wp\/v2\/posts\/295111\/revisions"}],"wp:featuredmedia":[{"embeddable":true,"href":"https:\/\/www.radiopiu.net\/wordpress\/wp-json\/wp\/v2\/media\/295198"}],"wp:attachment":[{"href":"https:\/\/www.radiopiu.net\/wordpress\/wp-json\/wp\/v2\/media?parent=295111"}],"wp:term":[{"taxonomy":"category","embeddable":true,"href":"https:\/\/www.radiopiu.net\/wordpress\/wp-json\/wp\/v2\/categories?post=295111"},{"taxonomy":"post_tag","embeddable":true,"href":"https:\/\/www.radiopiu.net\/wordpress\/wp-json\/wp\/v2\/tags?post=295111"}],"curies":[{"name":"wp","href":"https:\/\/api.w.org\/{rel}","templated":true}]}}