{"id":295140,"date":"2022-08-30T23:59:34","date_gmt":"2022-08-30T21:59:34","guid":{"rendered":"https:\/\/www.radiopiu.net\/wordpress\/?p=295140"},"modified":"2022-08-31T06:53:07","modified_gmt":"2022-08-31T04:53:07","slug":"ufficializzato-il-calendario-di-seconda-categoria-esordio-in-trasferta-per-lagordina","status":"publish","type":"post","link":"https:\/\/www.radiopiu.net\/wordpress\/ufficializzato-il-calendario-di-seconda-categoria-esordio-in-trasferta-per-lagordina\/","title":{"rendered":"UFFICIALIZZATO IL CALENDARIO DI SECONDA CATEGORIA. ESORDIO IN TRASFERTA PER L&#8217;AGORDINA"},"content":{"rendered":"<p><strong>REDAZIONE <\/strong>Adesso la stagione inizia sul serio. La federazione LND ha comunicato nelle scorse ore il calendario ufficiale della Seconda Categoria. Nel girone T da tenere d&#8217;occhio l&#8217;Agordina di Marco Lorenzi. Campionato che inizier\u00e0 il 18 settembre ed agordini che esordiranno in trasferta contro l&#8217;Alpes Cesio. 26 giornate di campionato con il torneo che terminer\u00e0 domenica 16 aprile 2023. Prevista una lunga pausa invernale, le squadre rimarranno ai box dal 11 dicembre 2022 fino al 15 gennaio 2023. La stagione per\u00f2 \u00e8 gi\u00e0 iniziata domenica scorsa con la prima partita di Coppa Veneto. Un inizio amaro per la squadra di Agordo che ha perso 3 a 0 contro il Sois. Nelle prossime due domeniche le squadre giocheranno le ultime due partite di coppa, l&#8217;Agordina giocher\u00e0 in casa entrambe le sfide. Il 3 settembre con il Gemelle e l&#8217;11 contro la Sospirolese.<\/p>\n<p><strong>IL CALENDARIO DELLA SECONDA CATEGORIA GIRONE T<\/strong><\/p>\n<p><a class=\"dt-pswp-item\" href=\"https:\/\/www.radiopiu.net\/wordpress\/wp-content\/uploads\/2022\/08\/calendario-seconda-categoria.png\" data-dt-img-description=\"\" data-large_image_width=\"2446\" data-large_image_height=\"1572\"><img loading=\"lazy\" decoding=\"async\" class=\"alignnone wp-image-295144 size-large\" src=\"https:\/\/www.radiopiu.net\/wordpress\/wp-content\/uploads\/2022\/08\/calendario-seconda-categoria-1024x658.png\" alt=\"\" width=\"1024\" height=\"658\" srcset=\"https:\/\/www.radiopiu.net\/wordpress\/wp-content\/uploads\/2022\/08\/calendario-seconda-categoria-1024x658.png 1024w, https:\/\/www.radiopiu.net\/wordpress\/wp-content\/uploads\/2022\/08\/calendario-seconda-categoria-300x193.png 300w, https:\/\/www.radiopiu.net\/wordpress\/wp-content\/uploads\/2022\/08\/calendario-seconda-categoria-768x494.png 768w, https:\/\/www.radiopiu.net\/wordpress\/wp-content\/uploads\/2022\/08\/calendario-seconda-categoria-1536x987.png 1536w, https:\/\/www.radiopiu.net\/wordpress\/wp-content\/uploads\/2022\/08\/calendario-seconda-categoria-2048x1316.png 2048w\" sizes=\"auto, (max-width: 1024px) 100vw, 1024px\" \/><\/a><\/p>\n<p>&nbsp;<\/p>\n<p>&nbsp;<\/p>\n<p>*******<\/p>\n","protected":false},"excerpt":{"rendered":"<p>REDAZIONE Adesso la stagione inizia sul serio. La federazione LND ha comunicato nelle scorse ore il calendario ufficiale della Seconda Categoria. Nel girone T da tenere d&#8217;occhio l&#8217;Agordina di Marco Lorenzi. Campionato che inizier\u00e0 il 18 settembre ed agordini che esordiranno in trasferta contro l&#8217;Alpes Cesio. 26 giornate di campionato con il torneo che terminer\u00e0&hellip;<\/p>\n","protected":false},"author":4,"featured_media":270520,"comment_status":"closed","ping_status":"closed","sticky":false,"template":"","format":"standard","meta":{"_monsterinsights_skip_tracking":false,"_monsterinsights_sitenote_active":false,"_monsterinsights_sitenote_note":"","_monsterinsights_sitenote_category":0,"footnotes":""},"categories":[104,49],"tags":[],"class_list":["post-295140","post","type-post","status-publish","format-standard","has-post-thumbnail","hentry","category-evidenza_3","category-news-18","category-104","category-49","description-off"],"img_url":"https:\/\/www.radiopiu.net\/wordpress\/wp-content\/uploads\/2022\/04\/CALCIO.jpg","_links":{"self":[{"href":"https:\/\/www.radiopiu.net\/wordpress\/wp-json\/wp\/v2\/posts\/295140","targetHints":{"allow":["GET"]}}],"collection":[{"href":"https:\/\/www.radiopiu.net\/wordpress\/wp-json\/wp\/v2\/posts"}],"about":[{"href":"https:\/\/www.radiopiu.net\/wordpress\/wp-json\/wp\/v2\/types\/post"}],"author":[{"embeddable":true,"href":"https:\/\/www.radiopiu.net\/wordpress\/wp-json\/wp\/v2\/users\/4"}],"replies":[{"embeddable":true,"href":"https:\/\/www.radiopiu.net\/wordpress\/wp-json\/wp\/v2\/comments?post=295140"}],"version-history":[{"count":0,"href":"https:\/\/www.radiopiu.net\/wordpress\/wp-json\/wp\/v2\/posts\/295140\/revisions"}],"wp:featuredmedia":[{"embeddable":true,"href":"https:\/\/www.radiopiu.net\/wordpress\/wp-json\/wp\/v2\/media\/270520"}],"wp:attachment":[{"href":"https:\/\/www.radiopiu.net\/wordpress\/wp-json\/wp\/v2\/media?parent=295140"}],"wp:term":[{"taxonomy":"category","embeddable":true,"href":"https:\/\/www.radiopiu.net\/wordpress\/wp-json\/wp\/v2\/categories?post=295140"},{"taxonomy":"post_tag","embeddable":true,"href":"https:\/\/www.radiopiu.net\/wordpress\/wp-json\/wp\/v2\/tags?post=295140"}],"curies":[{"name":"wp","href":"https:\/\/api.w.org\/{rel}","templated":true}]}}