{"id":295163,"date":"2022-08-30T13:32:27","date_gmt":"2022-08-30T11:32:27","guid":{"rendered":"https:\/\/www.radiopiu.net\/wordpress\/?p=295163"},"modified":"2022-08-30T13:32:27","modified_gmt":"2022-08-30T11:32:27","slug":"pronto-soccorso-agordo-nominato-rossi-come-direttore-facente-funzione","status":"publish","type":"post","link":"https:\/\/www.radiopiu.net\/wordpress\/pronto-soccorso-agordo-nominato-rossi-come-direttore-facente-funzione\/","title":{"rendered":"PRONTO SOCCORSO AGORDO: NOMINATO ROSSI COME DIRETTORE FACENTE FUNZIONE"},"content":{"rendered":"<p><strong><a class=\"dt-pswp-item\" href=\"https:\/\/www.radiopiu.net\/wordpress\/wp-content\/uploads\/2022\/07\/OSPEDALE-AGORDO.png\" data-dt-img-description=\"\" data-large_image_width=\"1316\" data-large_image_height=\"756\"><img loading=\"lazy\" decoding=\"async\" class=\"alignleft wp-image-289638 \" src=\"https:\/\/www.radiopiu.net\/wordpress\/wp-content\/uploads\/2022\/07\/OSPEDALE-AGORDO-300x172.png\" alt=\"\" width=\"180\" height=\"103\" srcset=\"https:\/\/www.radiopiu.net\/wordpress\/wp-content\/uploads\/2022\/07\/OSPEDALE-AGORDO-300x172.png 300w, https:\/\/www.radiopiu.net\/wordpress\/wp-content\/uploads\/2022\/07\/OSPEDALE-AGORDO-1024x588.png 1024w, https:\/\/www.radiopiu.net\/wordpress\/wp-content\/uploads\/2022\/07\/OSPEDALE-AGORDO-768x441.png 768w, https:\/\/www.radiopiu.net\/wordpress\/wp-content\/uploads\/2022\/07\/OSPEDALE-AGORDO.png 1316w\" sizes=\"auto, (max-width: 180px) 100vw, 180px\" \/><\/a>BELLUNO <\/strong>Il Pronto Soccorso di Agordo, nelle more dell\u2019espletamento del concorso per l\u2019individuazione del nuovo primario, sar\u00e0 affidato al dr Edoardo Rossi, coordinatore del dipartimento aziendale di Emergenza Urgenza e direttore del Pronto Soccorso di Feltre. L\u2019apprezzato primario Giuseppe Ranieri Cravero, infatti,\u00a0 andr\u00e0 a dirigere il Pronto Soccorso di Gorizia-Monfalcone dell\u2019Azienda Ospedaliera Universitaria Giuliano Isontina in Friuli. Oltre a una occasione professionale di rilievo, infatti, il dr Cravero ha scelto di avvinarsi alla famiglia, che vive in Friuli. Al dr Rossi il compito di traghettare l\u2019unit\u00e0 operativa nei mesi necessari per l\u2019espletamento delle procedure concorsuali per la nomina del nuovo direttore del Pronto Soccorso di Agordo. A breve il bando sar\u00e0 pubblicato in Gazzetta Ufficiale e da quel momento decorrano i 30 giorni per la presentazione delle domande a cui seguir\u00e0 la prova concorsuale. Il Pronto Soccorso di Agordo \u00e8 una unit\u00e0 operativa molto organizzata che nei primi sei mesi del 2022 ha gestito circa 6 mila accessi (erano circa 10 mila nel 2021), offrendo a residenti e turisti una risposta efficace alle situazioni di urgenza ed emergenza.<\/p>\n<p>&nbsp;<\/p>\n<p>&nbsp;<\/p>\n<p>&nbsp;<\/p>\n<p>******<\/p>\n","protected":false},"excerpt":{"rendered":"<p>BELLUNO Il Pronto Soccorso di Agordo, nelle more dell\u2019espletamento del concorso per l\u2019individuazione del nuovo primario, sar\u00e0 affidato al dr Edoardo Rossi, coordinatore del dipartimento aziendale di Emergenza Urgenza e direttore del Pronto Soccorso di Feltre. L\u2019apprezzato primario Giuseppe Ranieri Cravero, infatti,\u00a0 andr\u00e0 a dirigere il Pronto Soccorso di Gorizia-Monfalcone dell\u2019Azienda Ospedaliera Universitaria Giuliano Isontina&hellip;<\/p>\n","protected":false},"author":4,"featured_media":289638,"comment_status":"closed","ping_status":"closed","sticky":false,"template":"","format":"standard","meta":{"_monsterinsights_skip_tracking":false,"_monsterinsights_sitenote_active":false,"_monsterinsights_sitenote_note":"","_monsterinsights_sitenote_category":0,"footnotes":""},"categories":[49],"tags":[],"class_list":["post-295163","post","type-post","status-publish","format-standard","has-post-thumbnail","hentry","category-news-18","category-49","description-off"],"img_url":"https:\/\/www.radiopiu.net\/wordpress\/wp-content\/uploads\/2022\/07\/OSPEDALE-AGORDO.png","_links":{"self":[{"href":"https:\/\/www.radiopiu.net\/wordpress\/wp-json\/wp\/v2\/posts\/295163","targetHints":{"allow":["GET"]}}],"collection":[{"href":"https:\/\/www.radiopiu.net\/wordpress\/wp-json\/wp\/v2\/posts"}],"about":[{"href":"https:\/\/www.radiopiu.net\/wordpress\/wp-json\/wp\/v2\/types\/post"}],"author":[{"embeddable":true,"href":"https:\/\/www.radiopiu.net\/wordpress\/wp-json\/wp\/v2\/users\/4"}],"replies":[{"embeddable":true,"href":"https:\/\/www.radiopiu.net\/wordpress\/wp-json\/wp\/v2\/comments?post=295163"}],"version-history":[{"count":0,"href":"https:\/\/www.radiopiu.net\/wordpress\/wp-json\/wp\/v2\/posts\/295163\/revisions"}],"wp:featuredmedia":[{"embeddable":true,"href":"https:\/\/www.radiopiu.net\/wordpress\/wp-json\/wp\/v2\/media\/289638"}],"wp:attachment":[{"href":"https:\/\/www.radiopiu.net\/wordpress\/wp-json\/wp\/v2\/media?parent=295163"}],"wp:term":[{"taxonomy":"category","embeddable":true,"href":"https:\/\/www.radiopiu.net\/wordpress\/wp-json\/wp\/v2\/categories?post=295163"},{"taxonomy":"post_tag","embeddable":true,"href":"https:\/\/www.radiopiu.net\/wordpress\/wp-json\/wp\/v2\/tags?post=295163"}],"curies":[{"name":"wp","href":"https:\/\/api.w.org\/{rel}","templated":true}]}}