{"id":295166,"date":"2022-08-30T14:32:59","date_gmt":"2022-08-30T12:32:59","guid":{"rendered":"https:\/\/www.radiopiu.net\/wordpress\/?p=295166"},"modified":"2022-08-30T14:32:59","modified_gmt":"2022-08-30T12:32:59","slug":"tempo-instabile-da-oggi-pomeriggio-sulle-dolomiti-successivamente-anche-in-pianura","status":"publish","type":"post","link":"https:\/\/www.radiopiu.net\/wordpress\/tempo-instabile-da-oggi-pomeriggio-sulle-dolomiti-successivamente-anche-in-pianura\/","title":{"rendered":"TEMPO INSTABILE DA OGGI POMERIGGIO SULLE DOLOMITI. SUCCESSIVAMENTE ANCHE IN PIANURA"},"content":{"rendered":"<p><strong>VENEZIA <\/strong>Il Centro Funzionale Decentrato della Protezione Civile della Regione del Veneto ha emesso oggi un avviso in cui si prevede, dal pomeriggio\/sera di oggi, una crescente instabilit\u00e0 a partire dalle zone montane che si estender\u00e0 in pianura nel corso della notte e fino al primo mattino di domani, mercoled\u00ec 31 agosto. Successivamente, dopo una pausa dei fenomeni, \u00e8 attesa una possibile ripresa dell&#8217;instabilit\u00e0 nel pomeriggio con alcuni nuovi rovesci o locali temporali, in esaurimento serale. Non si escludono locali temporali intensi (forti rovesci, forti raffiche di vento e locali grandinate) e in caso di maggior persistenza quantitativi di precipitazione localmente consistenti. <strong>Si prevede, inoltre, criticit\u00e0 idrogeologica, con particolare riferimento alla rete idraulica secondaria, stabilendo dalle 16.00 di oggi fino alle 00.00 di gioved\u00ec 1 settembre, lo stato di Attenzione (allerta gialla)<\/strong><\/p>\n<p><a class=\"dt-pswp-item\" href=\"https:\/\/www.radiopiu.net\/wordpress\/wp-content\/uploads\/2022\/08\/Schermata-2022-08-30-alle-14.30.07.png\" data-dt-img-description=\"\" data-large_image_width=\"1290\" data-large_image_height=\"424\"><img loading=\"lazy\" decoding=\"async\" class=\"alignnone wp-image-295174 size-large\" src=\"https:\/\/www.radiopiu.net\/wordpress\/wp-content\/uploads\/2022\/08\/Schermata-2022-08-30-alle-14.30.07-1024x337.png\" alt=\"\" width=\"1024\" height=\"337\" srcset=\"https:\/\/www.radiopiu.net\/wordpress\/wp-content\/uploads\/2022\/08\/Schermata-2022-08-30-alle-14.30.07-1024x337.png 1024w, https:\/\/www.radiopiu.net\/wordpress\/wp-content\/uploads\/2022\/08\/Schermata-2022-08-30-alle-14.30.07-300x99.png 300w, https:\/\/www.radiopiu.net\/wordpress\/wp-content\/uploads\/2022\/08\/Schermata-2022-08-30-alle-14.30.07-768x252.png 768w, https:\/\/www.radiopiu.net\/wordpress\/wp-content\/uploads\/2022\/08\/Schermata-2022-08-30-alle-14.30.07.png 1290w\" sizes=\"auto, (max-width: 1024px) 100vw, 1024px\" \/><\/a><\/p>\n<p>&nbsp;<\/p>\n<p>&nbsp;<\/p>\n<p>*******<\/p>\n","protected":false},"excerpt":{"rendered":"<p>VENEZIA Il Centro Funzionale Decentrato della Protezione Civile della Regione del Veneto ha emesso oggi un avviso in cui si prevede, dal pomeriggio\/sera di oggi, una crescente instabilit\u00e0 a partire dalle zone montane che si estender\u00e0 in pianura nel corso della notte e fino al primo mattino di domani, mercoled\u00ec 31 agosto. Successivamente, dopo una&hellip;<\/p>\n","protected":false},"author":4,"featured_media":165742,"comment_status":"closed","ping_status":"closed","sticky":false,"template":"","format":"standard","meta":{"_monsterinsights_skip_tracking":false,"_monsterinsights_sitenote_active":false,"_monsterinsights_sitenote_note":"","_monsterinsights_sitenote_category":0,"footnotes":""},"categories":[49],"tags":[],"class_list":["post-295166","post","type-post","status-publish","format-standard","has-post-thumbnail","hentry","category-news-18","category-49","description-off"],"img_url":"https:\/\/www.radiopiu.net\/wordpress\/wp-content\/uploads\/2020\/10\/PIOGGIA.jpg","_links":{"self":[{"href":"https:\/\/www.radiopiu.net\/wordpress\/wp-json\/wp\/v2\/posts\/295166","targetHints":{"allow":["GET"]}}],"collection":[{"href":"https:\/\/www.radiopiu.net\/wordpress\/wp-json\/wp\/v2\/posts"}],"about":[{"href":"https:\/\/www.radiopiu.net\/wordpress\/wp-json\/wp\/v2\/types\/post"}],"author":[{"embeddable":true,"href":"https:\/\/www.radiopiu.net\/wordpress\/wp-json\/wp\/v2\/users\/4"}],"replies":[{"embeddable":true,"href":"https:\/\/www.radiopiu.net\/wordpress\/wp-json\/wp\/v2\/comments?post=295166"}],"version-history":[{"count":0,"href":"https:\/\/www.radiopiu.net\/wordpress\/wp-json\/wp\/v2\/posts\/295166\/revisions"}],"wp:featuredmedia":[{"embeddable":true,"href":"https:\/\/www.radiopiu.net\/wordpress\/wp-json\/wp\/v2\/media\/165742"}],"wp:attachment":[{"href":"https:\/\/www.radiopiu.net\/wordpress\/wp-json\/wp\/v2\/media?parent=295166"}],"wp:term":[{"taxonomy":"category","embeddable":true,"href":"https:\/\/www.radiopiu.net\/wordpress\/wp-json\/wp\/v2\/categories?post=295166"},{"taxonomy":"post_tag","embeddable":true,"href":"https:\/\/www.radiopiu.net\/wordpress\/wp-json\/wp\/v2\/tags?post=295166"}],"curies":[{"name":"wp","href":"https:\/\/api.w.org\/{rel}","templated":true}]}}