{"id":295167,"date":"2022-08-30T14:00:26","date_gmt":"2022-08-30T12:00:26","guid":{"rendered":"https:\/\/www.radiopiu.net\/wordpress\/?p=295167"},"modified":"2022-08-30T15:53:57","modified_gmt":"2022-08-30T13:53:57","slug":"investito-un-bambino-a-cencenighe","status":"publish","type":"post","link":"https:\/\/www.radiopiu.net\/wordpress\/investito-un-bambino-a-cencenighe\/","title":{"rendered":"INVESTITO UN BAMBINO A CENCENIGHE"},"content":{"rendered":"<p><span style=\"color: #ff0000;\"><strong>NOTIZIA IN AGGIORNAMENTO<\/strong><\/span><\/p>\n<p><strong>CENCENIGHE<\/strong> Erano le 11:45 di questa mattina quando a Cencenighe \u00e8 stato investito un bambino. L&#8217;incidente \u00e8 avvenuto nei pressi del bivio per Avoscan. Ad investire il bimbo di 9 anni di Cencenighe un&#8217;auto che procedeva da Alleghe verso Agordo condotta da un 44enne della provincia di Treviso. Sul posto i Carabinieri e i sanitari. Il bambino, che nell&#8217;impatto aveva battuto la testa, \u00e8 stato soccorso dall&#8217;elicottero del Suem. Il minorenne \u00e8 in prognosi riservata ma non \u00e8 in pericolo di vita.<\/p>\n<p>&nbsp;<\/p>\n<p>&nbsp;<\/p>\n<p>*****<\/p>\n","protected":false},"excerpt":{"rendered":"<p>NOTIZIA IN AGGIORNAMENTO CENCENIGHE Erano le 11:45 di questa mattina quando a Cencenighe \u00e8 stato investito un bambino. L&#8217;incidente \u00e8 avvenuto nei pressi del bivio per Avoscan. Ad investire il bimbo di 9 anni di Cencenighe un&#8217;auto che procedeva da Alleghe verso Agordo condotta da un 44enne della provincia di Treviso. Sul posto i Carabinieri&hellip;<\/p>\n","protected":false},"author":4,"featured_media":237925,"comment_status":"closed","ping_status":"closed","sticky":false,"template":"","format":"standard","meta":{"_monsterinsights_skip_tracking":false,"_monsterinsights_sitenote_active":false,"_monsterinsights_sitenote_note":"","_monsterinsights_sitenote_category":0,"footnotes":""},"categories":[51,49],"tags":[],"class_list":["post-295167","post","type-post","status-publish","format-standard","has-post-thumbnail","hentry","category-evidenza-top","category-news-18","category-51","category-49","description-off"],"img_url":"https:\/\/www.radiopiu.net\/wordpress\/wp-content\/uploads\/2021\/10\/CENCENIGHE-4.jpg","_links":{"self":[{"href":"https:\/\/www.radiopiu.net\/wordpress\/wp-json\/wp\/v2\/posts\/295167","targetHints":{"allow":["GET"]}}],"collection":[{"href":"https:\/\/www.radiopiu.net\/wordpress\/wp-json\/wp\/v2\/posts"}],"about":[{"href":"https:\/\/www.radiopiu.net\/wordpress\/wp-json\/wp\/v2\/types\/post"}],"author":[{"embeddable":true,"href":"https:\/\/www.radiopiu.net\/wordpress\/wp-json\/wp\/v2\/users\/4"}],"replies":[{"embeddable":true,"href":"https:\/\/www.radiopiu.net\/wordpress\/wp-json\/wp\/v2\/comments?post=295167"}],"version-history":[{"count":0,"href":"https:\/\/www.radiopiu.net\/wordpress\/wp-json\/wp\/v2\/posts\/295167\/revisions"}],"wp:featuredmedia":[{"embeddable":true,"href":"https:\/\/www.radiopiu.net\/wordpress\/wp-json\/wp\/v2\/media\/237925"}],"wp:attachment":[{"href":"https:\/\/www.radiopiu.net\/wordpress\/wp-json\/wp\/v2\/media?parent=295167"}],"wp:term":[{"taxonomy":"category","embeddable":true,"href":"https:\/\/www.radiopiu.net\/wordpress\/wp-json\/wp\/v2\/categories?post=295167"},{"taxonomy":"post_tag","embeddable":true,"href":"https:\/\/www.radiopiu.net\/wordpress\/wp-json\/wp\/v2\/tags?post=295167"}],"curies":[{"name":"wp","href":"https:\/\/api.w.org\/{rel}","templated":true}]}}