{"id":295185,"date":"2022-08-30T15:16:32","date_gmt":"2022-08-30T13:16:32","guid":{"rendered":"https:\/\/www.radiopiu.net\/wordpress\/?p=295185"},"modified":"2022-08-30T15:16:32","modified_gmt":"2022-08-30T13:16:32","slug":"cercatore-di-funghi-ruzzola-per-una-sessantina-di-metri-nel-bosco","status":"publish","type":"post","link":"https:\/\/www.radiopiu.net\/wordpress\/cercatore-di-funghi-ruzzola-per-una-sessantina-di-metri-nel-bosco\/","title":{"rendered":"CERCATORE DI FUNGHI RUZZOLA PER UNA SESSANTINA DI METRI NEL BOSCO"},"content":{"rendered":"<p><strong>CANALE D&#8217;AGORDO<\/strong> Questa mattina verso le 10.15 il Soccorso alpino della Val Biois \u00e8 stato attivato per un cercatore di funghi ruzzolato una sessantina di metri fermandosi addosso a un albero, dopo essere scivolato sul fogliame bagnato di una faggeta, sopra le scuole medie di Canale\u00a0 d&#8217;Agordo. L&#8217;amico che era con lui, non avendo con loro il cellulare, \u00e8 corso a chiedere aiuto e ha guidato i soccorritori &#8211; 8 volontari compresa un&#8217;infermiera della Stazione &#8211; a ritroso tra la vegetazione, finch\u00e9 le squadre non hanno ritrovato il 59enne di Falcade, che aveva riportato contusioni e sospetti traumi toracico e a un braccio. Le sue condizioni sono state poi valutate dall&#8217;equipe medica e dal tecnico di elisoccorso dell&#8217;elicottero di Dolomiti Emergency verricellati sul posto. Stabilizzato e imbarellato, l&#8217;infortunato \u00e8 stato calato per 120 metri per arrivare sul prato sottostante, dove \u00e8 avvenuto il recupero sempre con il verricello. L&#8217;eliambulanza \u00e8 poi volata all&#8217;ospedale di Belluno.<\/p>\n<p><strong>IL VIDEO DEL RECUPERO CON L&#8217;ELICOTTERO<\/strong><\/p>\n<div style=\"width: 848px;\" class=\"wp-video\"><video class=\"wp-video-shortcode\" id=\"video-295185-1\" width=\"848\" height=\"480\" preload=\"metadata\" controls=\"controls\"><source type=\"video\/mp4\" src=\"https:\/\/www.radiopiu.net\/wordpress\/wp-content\/uploads\/2022\/08\/WhatsApp-Video-2022-08-30-at-12.26.26.mp4?_=1\" \/><a href=\"https:\/\/www.radiopiu.net\/wordpress\/wp-content\/uploads\/2022\/08\/WhatsApp-Video-2022-08-30-at-12.26.26.mp4\">https:\/\/www.radiopiu.net\/wordpress\/wp-content\/uploads\/2022\/08\/WhatsApp-Video-2022-08-30-at-12.26.26.mp4<\/a><\/video><\/div>\n<p>&nbsp;<\/p>\n<p>&nbsp;<\/p>\n<p>******<\/p>\n","protected":false},"excerpt":{"rendered":"<p>CANALE D&#8217;AGORDO Questa mattina verso le 10.15 il Soccorso alpino della Val Biois \u00e8 stato attivato per un cercatore di funghi ruzzolato una sessantina di metri fermandosi addosso a un albero, dopo essere scivolato sul fogliame bagnato di una faggeta, sopra le scuole medie di Canale\u00a0 d&#8217;Agordo. L&#8217;amico che era con lui, non avendo con&hellip;<\/p>\n","protected":false},"author":4,"featured_media":290574,"comment_status":"closed","ping_status":"closed","sticky":false,"template":"","format":"standard","meta":{"_monsterinsights_skip_tracking":false,"_monsterinsights_sitenote_active":false,"_monsterinsights_sitenote_note":"","_monsterinsights_sitenote_category":0,"footnotes":""},"categories":[51,49],"tags":[],"class_list":["post-295185","post","type-post","status-publish","format-standard","has-post-thumbnail","hentry","category-evidenza-top","category-news-18","category-51","category-49","description-off"],"img_url":"https:\/\/www.radiopiu.net\/wordpress\/wp-content\/uploads\/2022\/08\/salt_20220802_105143_280.jpg","_links":{"self":[{"href":"https:\/\/www.radiopiu.net\/wordpress\/wp-json\/wp\/v2\/posts\/295185","targetHints":{"allow":["GET"]}}],"collection":[{"href":"https:\/\/www.radiopiu.net\/wordpress\/wp-json\/wp\/v2\/posts"}],"about":[{"href":"https:\/\/www.radiopiu.net\/wordpress\/wp-json\/wp\/v2\/types\/post"}],"author":[{"embeddable":true,"href":"https:\/\/www.radiopiu.net\/wordpress\/wp-json\/wp\/v2\/users\/4"}],"replies":[{"embeddable":true,"href":"https:\/\/www.radiopiu.net\/wordpress\/wp-json\/wp\/v2\/comments?post=295185"}],"version-history":[{"count":0,"href":"https:\/\/www.radiopiu.net\/wordpress\/wp-json\/wp\/v2\/posts\/295185\/revisions"}],"wp:featuredmedia":[{"embeddable":true,"href":"https:\/\/www.radiopiu.net\/wordpress\/wp-json\/wp\/v2\/media\/290574"}],"wp:attachment":[{"href":"https:\/\/www.radiopiu.net\/wordpress\/wp-json\/wp\/v2\/media?parent=295185"}],"wp:term":[{"taxonomy":"category","embeddable":true,"href":"https:\/\/www.radiopiu.net\/wordpress\/wp-json\/wp\/v2\/categories?post=295185"},{"taxonomy":"post_tag","embeddable":true,"href":"https:\/\/www.radiopiu.net\/wordpress\/wp-json\/wp\/v2\/tags?post=295185"}],"curies":[{"name":"wp","href":"https:\/\/api.w.org\/{rel}","templated":true}]}}