{"id":295257,"date":"2022-09-01T06:06:19","date_gmt":"2022-09-01T04:06:19","guid":{"rendered":"https:\/\/www.radiopiu.net\/wordpress\/?p=295257"},"modified":"2022-09-01T06:06:19","modified_gmt":"2022-09-01T04:06:19","slug":"giornale-radiopiu-01-settembre-2022-direttore-mirko-mezzacasa","status":"publish","type":"post","link":"https:\/\/www.radiopiu.net\/wordpress\/giornale-radiopiu-01-settembre-2022-direttore-mirko-mezzacasa\/","title":{"rendered":"GIORNALE RADIOPIU 01 SETTEMBRE 2022 DIRETTORE MIRKO MEZZACASA"},"content":{"rendered":"<h3 class=\"kvgmc6g5 cxmmr5t8 oygrvhab hcukyx3x c1et5uql\"><span style=\"color: #0000ff;\"><strong>RADIO PIU INFORMAZIONE il canale su TELEGRAM informazione di prima\u00a0\u00a0<\/strong><strong>mano e in tempo reale. iscriviti ed aiutaci a farlo conoscere\u00a0\u00a0<\/strong><\/span><\/h3>\n<p>&nbsp;<\/p>\n<hr \/>\n<p>&nbsp;<\/p>\n<blockquote>\n<h3>RIAPRONO I CANTIERI GSP, DISAGI AL QUADRIVIO DELL&#8217;UNIONE MONTANA<\/h3>\n<p><em><a class=\"dt-pswp-item\" href=\"https:\/\/www.radiopiu.net\/wordpress\/wp-content\/uploads\/2022\/08\/Schermata-2022-08-22-alle-17.35.19.png\" data-dt-img-description=\"\" data-large_image_width=\"1556\" data-large_image_height=\"1160\"><img loading=\"lazy\" decoding=\"async\" class=\"size-thumbnail wp-image-294125 alignleft\" src=\"https:\/\/www.radiopiu.net\/wordpress\/wp-content\/uploads\/2022\/08\/Schermata-2022-08-22-alle-17.35.19-150x150.png\" alt=\"\" width=\"150\" height=\"150\" \/><\/a>Divieto di transito in Via Insurrezione, nel tratto compreso tra l\u2019incrocio con la Via 27 Aprile 1945 e la via 4 Novembre 1918; istituzione di un senso unico alternato, regolato da impianto semaforico, nel tratto della ex S.R. 203 \u201cAgordina\u201d<\/em><\/p><\/blockquote>\n<p><strong>AGORDO<\/strong> Gsp riapre i cantieri dopo il periodo di ferragosto, disagi previsti dal 5 al 10 settembre &#8211; ma non \u00e8 escluso i lavori possano terminare in tempi pi\u00f9 brevi &#8211; le modifiche alla viabilit\u00e0 interesseranno via Insurrezione all&#8217;altezza dell&#8217;Officina della Casa (centro commerciale Ganz) e fino all&#8217;incrocio con via 27 aprile e via via 4 Novembre 1918. Lungo la regionale 203 agordina non sono previste sospensioni totali, ovvero la ditta interessata provveder\u00e0 a regolare il traffico a senso unico alternato con movieri o semaforo. Diversa la questione lungo la 346 del Duran e Cereda, infatti in prossimit\u00e0 del Centro commerciale Ganz (ingresso per Officina della Casa) e quindi fino a poco prima dell&#8217;intersezione con Viale Sommariva \u00e8 prevista l&#8217;interdizione totale al transito dei veicoli. In questo caso sono previste deviazioni sulla viabilit\u00e0 alternativa. Per chi proviene dalla zone industriale (o dalle stazione Dolomitibus) potr\u00e0 raggiungere il centro da Viale Sommariva (fronte scuole-municipio) e quindi per Corso Patrioti fino a Piazza Libert\u00e0. Per il senso inverso (essendo Viale Sommariva a Senso Unico) potr\u00e0\u00a0 percorrere o la tangenziale, oppure via teto Piciol.<\/p>\n<p>&nbsp;<\/p>\n<p>&nbsp;<\/p>\n<hr \/>\n<p>&nbsp;<\/p>\n<blockquote>\n<h3>ACQUA NON POTABILE A GOSALDO<\/h3>\n<\/blockquote>\n<p><strong>GOSALDO<\/strong> nelle localit\u00e0 LE FOCHE, LAMBROI, DENEORE, MAGAIT, REN, SELLE, COL TAMAI, BITTI, GIARDOI, PETTUINE, LE CASE, CURTI, INCASAL, VIA CAVELLERA e dal c.n. 26 al c.n. 29 di VIA S. ANDREA l&#8217;acqua erogata dall&#8217;acquedotto non \u00e8 potabile e pu\u00f2 essere usata per scopi alimentari SOLO PREVIA bollitura.<\/p>\n<p>&nbsp;<\/p>\n<blockquote>\n<h3>A TAIBON DUE FRAZIONI CON L&#8217;ACQUA NON POTABILE, ANCHE A CENCENIGHE<\/h3>\n<\/blockquote>\n<p><strong>TAIBON<\/strong> Gestione Servizi Pubblici informa che a TAIBON AGORDINO nelle localit\u00e0 RONCH DE BUOS e NOGAROLA l&#8217;acqua erogata dall&#8217;acquedotto non \u00e8 potabile e pu\u00f2 essere usata per scopi alimentari SOLO PREVIA bollitura. GSP ha, comunque, gi\u00e0 adottato le necessarie misure per la disinfezione dell&#8217;acqua presente nei serbatoi e nella rete idrica con l&#8217;aggiunta di cloro.<\/p>\n<p><strong>CENCENIGHE<\/strong> in localit\u00e0 COLLAZ l&#8217;acqua erogata dall&#8217;acquedotto non \u00e8 potabile e non pu\u00f2 essere usata per scopi alimentari. GSP ha, comunque, gi\u00e0 adottato le necessarie misure per la disinfezione dell&#8217;acqua presente nei serbatoi e nella rete idrica con l&#8217;aggiunta di cloro.<\/p>\n<p>&nbsp;<\/p>\n<hr \/>\n<p>&nbsp;<\/p>\n<blockquote>\n<h3>TRE FERITI NEL FROTALE TRA UN&#8217;AUTO ED UN BUS NELLA GALLERIA DI ARSIE&#8217;<\/h3>\n<\/blockquote>\n<p><strong>ARSIE&#8217;\u00a0<\/strong>Il bilancio dell&#8217;incidente avvenuto ieri alle 17:45 \u00e8 di tre feriti. I Vigili del Fuoco sono intervenuti nella galleria di San Vito lungo la SS 50 bis ad Arsi\u00e8 per lo scontro tra un bus turistico estero e un\u2019autovettura. L\u2019incidente a circa 500 metri dall\u2019imbocco della galleria dal lato della Valsugana. I pompieri arrivati da Bassano del Grappa con i volontari del Basso Feltrino e successivamente il personale del distaccamento di Feltre impegnati su un altro intervento, hanno messo in sicurezza i mezzi ed estratto dall\u2019auto il conducente, rimasto incastrato. L\u2019uomo e la passeggera dell\u2019auto sono stati stabilizzati dai sanitari del SUEM e trasferiti in ospedale. Assistito dal personale del 118 anche l\u2019autista del bus rimasto leggermente ferito. Sul posto i Carabinieri per i rilievi del sinistro.<\/p>\n\n\t\t\t<style type='text\/css'>\n\t\t\t\t#gallery-1 {\n\t\t\t\t\tmargin: auto;\n\t\t\t\t}\n\t\t\t\t#gallery-1 .gallery-item {\n\t\t\t\t\tfloat: left;\n\t\t\t\t\tmargin-top: 10px;\n\t\t\t\t\ttext-align: center;\n\t\t\t\t\twidth: 33%;\n\t\t\t\t}\n\t\t\t\t#gallery-1 img {\n\t\t\t\t\tborder: 2px solid #cfcfcf;\n\t\t\t\t}\n\t\t\t\t#gallery-1 .gallery-caption {\n\t\t\t\t\tmargin-left: 0;\n\t\t\t\t}\n\t\t\t\t\/* see gallery_shortcode() in wp-includes\/media.php *\/\n\t\t\t<\/style>\n\t\t<div id='gallery-1' class='dt-gallery-container gallery galleryid-295257 gallery-columns-3 gallery-size-thumbnail'><dl class='gallery-item'>\n\t\t\t\t<dt class='gallery-icon landscape'>\n\t\t\t\t\t<a class=\"rollover rollover-zoom dt-pswp-item\" title=\"8ac0ce68-04a0-41bf-9058-bd85267c1f1d\" data-dt-img-description=\"\" data-large_image_width=\"961\" data-large_image_height=\"676\"href='https:\/\/www.radiopiu.net\/wordpress\/wp-content\/uploads\/2022\/08\/8ac0ce68-04a0-41bf-9058-bd85267c1f1d.jpg'><img loading=\"lazy\" decoding=\"async\" width=\"150\" height=\"150\" src=\"https:\/\/www.radiopiu.net\/wordpress\/wp-content\/uploads\/2022\/08\/8ac0ce68-04a0-41bf-9058-bd85267c1f1d-150x150.jpg\" class=\"attachment-thumbnail size-thumbnail\" alt=\"\" \/><\/a>\n\t\t\t\t<\/dt><\/dl><dl class='gallery-item'>\n\t\t\t\t<dt class='gallery-icon landscape'>\n\t\t\t\t\t<a class=\"rollover rollover-zoom dt-pswp-item\" title=\"36f95a04-af8d-43d7-be8a-73bc564c24d7\" data-dt-img-description=\"\" data-large_image_width=\"1536\" data-large_image_height=\"1160\"href='https:\/\/www.radiopiu.net\/wordpress\/wp-content\/uploads\/2022\/08\/36f95a04-af8d-43d7-be8a-73bc564c24d7.jpg'><img loading=\"lazy\" decoding=\"async\" width=\"150\" height=\"150\" src=\"https:\/\/www.radiopiu.net\/wordpress\/wp-content\/uploads\/2022\/08\/36f95a04-af8d-43d7-be8a-73bc564c24d7-150x150.jpg\" class=\"attachment-thumbnail size-thumbnail\" alt=\"\" \/><\/a>\n\t\t\t\t<\/dt><\/dl><dl class='gallery-item'>\n\t\t\t\t<dt class='gallery-icon landscape'>\n\t\t\t\t\t<a class=\"rollover rollover-zoom dt-pswp-item\" title=\"103ad5f1-c7b8-498b-bfc6-ef38221b9998\" data-dt-img-description=\"\" data-large_image_width=\"1280\" data-large_image_height=\"961\"href='https:\/\/www.radiopiu.net\/wordpress\/wp-content\/uploads\/2022\/08\/103ad5f1-c7b8-498b-bfc6-ef38221b9998.jpg'><img loading=\"lazy\" decoding=\"async\" width=\"150\" height=\"150\" src=\"https:\/\/www.radiopiu.net\/wordpress\/wp-content\/uploads\/2022\/08\/103ad5f1-c7b8-498b-bfc6-ef38221b9998-150x150.jpg\" class=\"attachment-thumbnail size-thumbnail\" alt=\"\" \/><\/a>\n\t\t\t\t<\/dt><\/dl><br style=\"clear: both\" \/><dl class='gallery-item'>\n\t\t\t\t<dt class='gallery-icon landscape'>\n\t\t\t\t\t<a class=\"rollover rollover-zoom dt-pswp-item\" title=\"d0f5d819-a50c-4636-95e2-1efa07d30c3d\" data-dt-img-description=\"\" data-large_image_width=\"961\" data-large_image_height=\"692\"href='https:\/\/www.radiopiu.net\/wordpress\/wp-content\/uploads\/2022\/08\/d0f5d819-a50c-4636-95e2-1efa07d30c3d.jpg'><img loading=\"lazy\" decoding=\"async\" width=\"150\" height=\"150\" src=\"https:\/\/www.radiopiu.net\/wordpress\/wp-content\/uploads\/2022\/08\/d0f5d819-a50c-4636-95e2-1efa07d30c3d-150x150.jpg\" class=\"attachment-thumbnail size-thumbnail\" alt=\"\" \/><\/a>\n\t\t\t\t<\/dt><\/dl><dl class='gallery-item'>\n\t\t\t\t<dt class='gallery-icon landscape'>\n\t\t\t\t\t<a class=\"rollover rollover-zoom dt-pswp-item\" title=\"ded81ba7-f454-4754-8570-f59d0e086552\" data-dt-img-description=\"\" data-large_image_width=\"1536\" data-large_image_height=\"984\"href='https:\/\/www.radiopiu.net\/wordpress\/wp-content\/uploads\/2022\/08\/ded81ba7-f454-4754-8570-f59d0e086552.jpg'><img loading=\"lazy\" decoding=\"async\" width=\"150\" height=\"150\" src=\"https:\/\/www.radiopiu.net\/wordpress\/wp-content\/uploads\/2022\/08\/ded81ba7-f454-4754-8570-f59d0e086552-150x150.jpg\" class=\"attachment-thumbnail size-thumbnail\" alt=\"\" \/><\/a>\n\t\t\t\t<\/dt><\/dl><dl class='gallery-item'>\n\t\t\t\t<dt class='gallery-icon landscape'>\n\t\t\t\t\t<a class=\"rollover rollover-zoom dt-pswp-item\" title=\"f52905d5-c9f7-4bba-8c0c-ef0002d86358\" data-dt-img-description=\"\" data-large_image_width=\"1536\" data-large_image_height=\"1147\"href='https:\/\/www.radiopiu.net\/wordpress\/wp-content\/uploads\/2022\/08\/f52905d5-c9f7-4bba-8c0c-ef0002d86358.jpg'><img loading=\"lazy\" decoding=\"async\" width=\"150\" height=\"150\" src=\"https:\/\/www.radiopiu.net\/wordpress\/wp-content\/uploads\/2022\/08\/f52905d5-c9f7-4bba-8c0c-ef0002d86358-150x150.jpg\" class=\"attachment-thumbnail size-thumbnail\" alt=\"\" \/><\/a>\n\t\t\t\t<\/dt><\/dl><br style=\"clear: both\" \/>\n\t\t\t<\/div>\n\n<p>&nbsp;<\/p>\n<hr \/>\n<p>&nbsp;<\/p>\n<blockquote>\n<h3>INCIDENTE TRA AVOSCAN E CENCENIGHE. AUTO NEL TORRENTE<\/h3>\n<\/blockquote>\n<p><strong>CENCENIGHE<\/strong> Incidente tra Avoscan di San Tomaso e Cencenighe dove un&#8217;auto ha terminato la sua corsa nel torrente Cordevole. Sul posto Vigili del Fuoco di Agordo e volontari di Canale D&#8217;Agordo, Carabinieri, sanitari e Soccorso Alpino. L&#8217;incidente \u00e8 avvenuto subito dopo il paravalanghe scendendo da Alleghe. L&#8217;auto, una Fiat 500, ha completamente divelto le barriere di sicurezza prima di terminare la sua corsa sul greto del torrente. Arrivato sul posto l&#8217;elicottero del Suem che ha elitrasportato a Belluno il conducente del mezzo. Le sue condizioni non sembrerebbero gravi. A lanciare l&#8217;allarme un altro automobilista che ha visto la dinamica dell&#8217;incidente ed ha avvisato subito i soccorsi.<\/p>\n<p><strong>DAL SOCCORSO ALPINO<\/strong><\/p>\n<p>il Soccorso alpino della Val Biois \u00e8 stato attivato per un possibile supporto all&#8217;elicottero di Dolomiti Emergency, atterrato nel greto del torrente Cordevole per una macchina uscita di strada in localit\u00e0 Ghisel, sul posto anche i Vigili del fuoco e un&#8217;ambulanza. L&#8217;equipe medica ha prestato le prime cure al guidatore, finito con l&#8217;auto una decina di metri pi\u00f9 in basso, sotto il muro di contenimento dopo aver divelto il guardrail. Imbarellata, la persona \u00e8 stata imbarcata a seguito dei possibili traumi riportati e trasportata all&#8217;ospedale di Belluno<\/p>\n<p>&nbsp;<\/p>\n<div style=\"width: 848px;\" class=\"wp-video\"><video class=\"wp-video-shortcode\" id=\"video-295257-1\" width=\"848\" height=\"480\" preload=\"metadata\" controls=\"controls\"><source type=\"video\/mp4\" src=\"https:\/\/www.radiopiu.net\/wordpress\/wp-content\/uploads\/2022\/08\/WhatsApp-Video-2022-08-31-at-19.03.08.mp4?_=1\" \/><a href=\"https:\/\/www.radiopiu.net\/wordpress\/wp-content\/uploads\/2022\/08\/WhatsApp-Video-2022-08-31-at-19.03.08.mp4\">https:\/\/www.radiopiu.net\/wordpress\/wp-content\/uploads\/2022\/08\/WhatsApp-Video-2022-08-31-at-19.03.08.mp4<\/a><\/video><\/div>\n<p>&nbsp;<\/p>\n\n\t\t\t<style type='text\/css'>\n\t\t\t\t#gallery-2 {\n\t\t\t\t\tmargin: auto;\n\t\t\t\t}\n\t\t\t\t#gallery-2 .gallery-item {\n\t\t\t\t\tfloat: left;\n\t\t\t\t\tmargin-top: 10px;\n\t\t\t\t\ttext-align: center;\n\t\t\t\t\twidth: 25%;\n\t\t\t\t}\n\t\t\t\t#gallery-2 img {\n\t\t\t\t\tborder: 2px solid #cfcfcf;\n\t\t\t\t}\n\t\t\t\t#gallery-2 .gallery-caption {\n\t\t\t\t\tmargin-left: 0;\n\t\t\t\t}\n\t\t\t\t\/* see gallery_shortcode() in wp-includes\/media.php *\/\n\t\t\t<\/style>\n\t\t<div id='gallery-2' class='dt-gallery-container gallery galleryid-295257 gallery-columns-4 gallery-size-thumbnail'><dl class='gallery-item'>\n\t\t\t\t<dt class='gallery-icon landscape'>\n\t\t\t\t\t<a class=\"rollover rollover-zoom dt-pswp-item\" title=\"66969306-3807-432f-bfc5-1c86ca90e31b\" data-dt-img-description=\"\" data-large_image_width=\"2048\" data-large_image_height=\"1536\"href='https:\/\/www.radiopiu.net\/wordpress\/wp-content\/uploads\/2022\/08\/66969306-3807-432f-bfc5-1c86ca90e31b-1.jpg'><img loading=\"lazy\" decoding=\"async\" width=\"150\" height=\"150\" src=\"https:\/\/www.radiopiu.net\/wordpress\/wp-content\/uploads\/2022\/08\/66969306-3807-432f-bfc5-1c86ca90e31b-1-150x150.jpg\" class=\"attachment-thumbnail size-thumbnail\" alt=\"\" \/><\/a>\n\t\t\t\t<\/dt><\/dl><dl class='gallery-item'>\n\t\t\t\t<dt class='gallery-icon portrait'>\n\t\t\t\t\t<a class=\"rollover rollover-zoom dt-pswp-item\" title=\"4f2c8560-bc86-4eea-b6bc-b849d951f3bb\" data-dt-img-description=\"\" data-large_image_width=\"1536\" data-large_image_height=\"2048\"href='https:\/\/www.radiopiu.net\/wordpress\/wp-content\/uploads\/2022\/08\/4f2c8560-bc86-4eea-b6bc-b849d951f3bb.jpg'><img loading=\"lazy\" decoding=\"async\" width=\"150\" height=\"150\" src=\"https:\/\/www.radiopiu.net\/wordpress\/wp-content\/uploads\/2022\/08\/4f2c8560-bc86-4eea-b6bc-b849d951f3bb-150x150.jpg\" class=\"attachment-thumbnail size-thumbnail\" alt=\"\" \/><\/a>\n\t\t\t\t<\/dt><\/dl><dl class='gallery-item'>\n\t\t\t\t<dt class='gallery-icon portrait'>\n\t\t\t\t\t<a class=\"rollover rollover-zoom dt-pswp-item\" title=\"8a276345-357c-46e1-ac99-c01bad8368bf\" data-dt-img-description=\"\" data-large_image_width=\"1536\" data-large_image_height=\"2048\"href='https:\/\/www.radiopiu.net\/wordpress\/wp-content\/uploads\/2022\/08\/8a276345-357c-46e1-ac99-c01bad8368bf.jpg'><img loading=\"lazy\" decoding=\"async\" width=\"150\" height=\"150\" src=\"https:\/\/www.radiopiu.net\/wordpress\/wp-content\/uploads\/2022\/08\/8a276345-357c-46e1-ac99-c01bad8368bf-150x150.jpg\" class=\"attachment-thumbnail size-thumbnail\" alt=\"\" \/><\/a>\n\t\t\t\t<\/dt><\/dl><dl class='gallery-item'>\n\t\t\t\t<dt class='gallery-icon portrait'>\n\t\t\t\t\t<a class=\"rollover rollover-zoom dt-pswp-item\" title=\"48b516cb-7a37-4624-92e9-bfb6ad2af241\" data-dt-img-description=\"\" data-large_image_width=\"1200\" data-large_image_height=\"1600\"href='https:\/\/www.radiopiu.net\/wordpress\/wp-content\/uploads\/2022\/08\/48b516cb-7a37-4624-92e9-bfb6ad2af241.jpg'><img loading=\"lazy\" decoding=\"async\" width=\"150\" height=\"150\" src=\"https:\/\/www.radiopiu.net\/wordpress\/wp-content\/uploads\/2022\/08\/48b516cb-7a37-4624-92e9-bfb6ad2af241-150x150.jpg\" class=\"attachment-thumbnail size-thumbnail\" alt=\"\" \/><\/a>\n\t\t\t\t<\/dt><\/dl><br style=\"clear: both\" \/>\n\t\t\t<\/div>\n\n<p><strong>CENCENIGHE<\/strong> E&#8217; stata recuperata la Fiat 500 gialla che ha terminato la sua corsa nel torrente tra Avoscan e Cencenighe. I Vigili del Fuoco hanno usato l&#8217;autogru per portare in strada il mezzo<\/p>\n\n\t\t\t<style type='text\/css'>\n\t\t\t\t#gallery-3 {\n\t\t\t\t\tmargin: auto;\n\t\t\t\t}\n\t\t\t\t#gallery-3 .gallery-item {\n\t\t\t\t\tfloat: left;\n\t\t\t\t\tmargin-top: 10px;\n\t\t\t\t\ttext-align: center;\n\t\t\t\t\twidth: 25%;\n\t\t\t\t}\n\t\t\t\t#gallery-3 img {\n\t\t\t\t\tborder: 2px solid #cfcfcf;\n\t\t\t\t}\n\t\t\t\t#gallery-3 .gallery-caption {\n\t\t\t\t\tmargin-left: 0;\n\t\t\t\t}\n\t\t\t\t\/* see gallery_shortcode() in wp-includes\/media.php *\/\n\t\t\t<\/style>\n\t\t<div id='gallery-3' class='dt-gallery-container gallery galleryid-295257 gallery-columns-4 gallery-size-thumbnail'><dl class='gallery-item'>\n\t\t\t\t<dt class='gallery-icon landscape'>\n\t\t\t\t\t<a class=\"rollover rollover-zoom dt-pswp-item\" title=\"2f998f44-b4f4-420c-a8a8-3a5feebe4561\" data-dt-img-description=\"\" data-large_image_width=\"1496\" data-large_image_height=\"1496\"href='https:\/\/www.radiopiu.net\/wordpress\/wp-content\/uploads\/2022\/08\/2f998f44-b4f4-420c-a8a8-3a5feebe4561.jpg'><img loading=\"lazy\" decoding=\"async\" width=\"150\" height=\"150\" src=\"https:\/\/www.radiopiu.net\/wordpress\/wp-content\/uploads\/2022\/08\/2f998f44-b4f4-420c-a8a8-3a5feebe4561-150x150.jpg\" class=\"attachment-thumbnail size-thumbnail\" alt=\"\" srcset=\"https:\/\/www.radiopiu.net\/wordpress\/wp-content\/uploads\/2022\/08\/2f998f44-b4f4-420c-a8a8-3a5feebe4561-150x150.jpg 150w, https:\/\/www.radiopiu.net\/wordpress\/wp-content\/uploads\/2022\/08\/2f998f44-b4f4-420c-a8a8-3a5feebe4561-300x300.jpg 300w, https:\/\/www.radiopiu.net\/wordpress\/wp-content\/uploads\/2022\/08\/2f998f44-b4f4-420c-a8a8-3a5feebe4561-1024x1024.jpg 1024w, https:\/\/www.radiopiu.net\/wordpress\/wp-content\/uploads\/2022\/08\/2f998f44-b4f4-420c-a8a8-3a5feebe4561-768x768.jpg 768w, https:\/\/www.radiopiu.net\/wordpress\/wp-content\/uploads\/2022\/08\/2f998f44-b4f4-420c-a8a8-3a5feebe4561.jpg 1496w\" sizes=\"auto, (max-width: 150px) 100vw, 150px\" \/><\/a>\n\t\t\t\t<\/dt><\/dl><dl class='gallery-item'>\n\t\t\t\t<dt class='gallery-icon landscape'>\n\t\t\t\t\t<a class=\"rollover rollover-zoom dt-pswp-item\" title=\"b58dfb9e-287d-4920-ba00-71af511778b5\" data-dt-img-description=\"\" data-large_image_width=\"1496\" data-large_image_height=\"1496\"href='https:\/\/www.radiopiu.net\/wordpress\/wp-content\/uploads\/2022\/08\/b58dfb9e-287d-4920-ba00-71af511778b5.jpg'><img loading=\"lazy\" decoding=\"async\" width=\"150\" height=\"150\" src=\"https:\/\/www.radiopiu.net\/wordpress\/wp-content\/uploads\/2022\/08\/b58dfb9e-287d-4920-ba00-71af511778b5-150x150.jpg\" class=\"attachment-thumbnail size-thumbnail\" alt=\"\" srcset=\"https:\/\/www.radiopiu.net\/wordpress\/wp-content\/uploads\/2022\/08\/b58dfb9e-287d-4920-ba00-71af511778b5-150x150.jpg 150w, https:\/\/www.radiopiu.net\/wordpress\/wp-content\/uploads\/2022\/08\/b58dfb9e-287d-4920-ba00-71af511778b5-300x300.jpg 300w, https:\/\/www.radiopiu.net\/wordpress\/wp-content\/uploads\/2022\/08\/b58dfb9e-287d-4920-ba00-71af511778b5-1024x1024.jpg 1024w, https:\/\/www.radiopiu.net\/wordpress\/wp-content\/uploads\/2022\/08\/b58dfb9e-287d-4920-ba00-71af511778b5-768x768.jpg 768w, https:\/\/www.radiopiu.net\/wordpress\/wp-content\/uploads\/2022\/08\/b58dfb9e-287d-4920-ba00-71af511778b5.jpg 1496w\" sizes=\"auto, (max-width: 150px) 100vw, 150px\" \/><\/a>\n\t\t\t\t<\/dt><\/dl><dl class='gallery-item'>\n\t\t\t\t<dt class='gallery-icon landscape'>\n\t\t\t\t\t<a class=\"rollover rollover-zoom dt-pswp-item\" title=\"c2093172-6005-402a-8cab-28288d2d0ffb\" data-dt-img-description=\"\" data-large_image_width=\"1496\" data-large_image_height=\"1496\"href='https:\/\/www.radiopiu.net\/wordpress\/wp-content\/uploads\/2022\/08\/c2093172-6005-402a-8cab-28288d2d0ffb.jpg'><img loading=\"lazy\" decoding=\"async\" width=\"150\" height=\"150\" src=\"https:\/\/www.radiopiu.net\/wordpress\/wp-content\/uploads\/2022\/08\/c2093172-6005-402a-8cab-28288d2d0ffb-150x150.jpg\" class=\"attachment-thumbnail size-thumbnail\" alt=\"\" srcset=\"https:\/\/www.radiopiu.net\/wordpress\/wp-content\/uploads\/2022\/08\/c2093172-6005-402a-8cab-28288d2d0ffb-150x150.jpg 150w, https:\/\/www.radiopiu.net\/wordpress\/wp-content\/uploads\/2022\/08\/c2093172-6005-402a-8cab-28288d2d0ffb-300x300.jpg 300w, https:\/\/www.radiopiu.net\/wordpress\/wp-content\/uploads\/2022\/08\/c2093172-6005-402a-8cab-28288d2d0ffb-1024x1024.jpg 1024w, https:\/\/www.radiopiu.net\/wordpress\/wp-content\/uploads\/2022\/08\/c2093172-6005-402a-8cab-28288d2d0ffb-768x768.jpg 768w, https:\/\/www.radiopiu.net\/wordpress\/wp-content\/uploads\/2022\/08\/c2093172-6005-402a-8cab-28288d2d0ffb.jpg 1496w\" sizes=\"auto, (max-width: 150px) 100vw, 150px\" \/><\/a>\n\t\t\t\t<\/dt><\/dl><dl class='gallery-item'>\n\t\t\t\t<dt class='gallery-icon landscape'>\n\t\t\t\t\t<a class=\"rollover rollover-zoom dt-pswp-item\" title=\"f893d732-ab08-4034-a5c2-7f1261f35e7d\" data-dt-img-description=\"\" data-large_image_width=\"1496\" data-large_image_height=\"1496\"href='https:\/\/www.radiopiu.net\/wordpress\/wp-content\/uploads\/2022\/08\/f893d732-ab08-4034-a5c2-7f1261f35e7d.jpg'><img loading=\"lazy\" decoding=\"async\" width=\"150\" height=\"150\" src=\"https:\/\/www.radiopiu.net\/wordpress\/wp-content\/uploads\/2022\/08\/f893d732-ab08-4034-a5c2-7f1261f35e7d-150x150.jpg\" class=\"attachment-thumbnail size-thumbnail\" alt=\"\" srcset=\"https:\/\/www.radiopiu.net\/wordpress\/wp-content\/uploads\/2022\/08\/f893d732-ab08-4034-a5c2-7f1261f35e7d-150x150.jpg 150w, https:\/\/www.radiopiu.net\/wordpress\/wp-content\/uploads\/2022\/08\/f893d732-ab08-4034-a5c2-7f1261f35e7d-300x300.jpg 300w, https:\/\/www.radiopiu.net\/wordpress\/wp-content\/uploads\/2022\/08\/f893d732-ab08-4034-a5c2-7f1261f35e7d-1024x1024.jpg 1024w, https:\/\/www.radiopiu.net\/wordpress\/wp-content\/uploads\/2022\/08\/f893d732-ab08-4034-a5c2-7f1261f35e7d-768x768.jpg 768w, https:\/\/www.radiopiu.net\/wordpress\/wp-content\/uploads\/2022\/08\/f893d732-ab08-4034-a5c2-7f1261f35e7d.jpg 1496w\" sizes=\"auto, (max-width: 150px) 100vw, 150px\" \/><\/a>\n\t\t\t\t<\/dt><\/dl><br style=\"clear: both\" \/>\n\t\t\t<\/div>\n\n<p>&nbsp;<\/p>\n<p>Queste le condizioni dei pali che sostenevano le barriere di sicurezza<\/p>\n<p><a class=\"dt-pswp-item\" href=\"https:\/\/www.radiopiu.net\/wordpress\/wp-content\/uploads\/2022\/08\/605e225f-3457-4d12-8757-94106a080a0e.jpg\" data-dt-img-description=\"\" data-large_image_width=\"1024\" data-large_image_height=\"1009\"><img loading=\"lazy\" decoding=\"async\" class=\"wp-image-295357 size-medium aligncenter\" src=\"https:\/\/www.radiopiu.net\/wordpress\/wp-content\/uploads\/2022\/08\/605e225f-3457-4d12-8757-94106a080a0e-300x296.jpg\" alt=\"\" width=\"300\" height=\"296\" srcset=\"https:\/\/www.radiopiu.net\/wordpress\/wp-content\/uploads\/2022\/08\/605e225f-3457-4d12-8757-94106a080a0e-300x296.jpg 300w, https:\/\/www.radiopiu.net\/wordpress\/wp-content\/uploads\/2022\/08\/605e225f-3457-4d12-8757-94106a080a0e-768x757.jpg 768w, https:\/\/www.radiopiu.net\/wordpress\/wp-content\/uploads\/2022\/08\/605e225f-3457-4d12-8757-94106a080a0e.jpg 1024w\" sizes=\"auto, (max-width: 300px) 100vw, 300px\" \/><\/a><\/p>\n<p>&nbsp;<\/p>\n<hr \/>\n<p>&nbsp;<\/p>\n<blockquote>\n<h3>OGGI A ROCCA PIETORE I FUNERALI DI MARCO DE VALLIER<\/h3>\n<\/blockquote>\n<p><strong>ROCCA PIETORE<\/strong> Saranno celebrati oggi presso la chiesa parrocchiale di Rocca Pietore i funerali di Marco De Vallier, morto a 41 anni. A darne il triste annuncio la mamma Claudia, i nonni, gli zii, i cugini, angelica, i colleghi di lavoro e i parenti tutti. I funerali si svolgeranno alle 14:30. I famigliari ringraziano fin da ora quanti si uniranno nel ricordo e nella preghiera. La famiglia chiede non fiori ma un&#8217;eventuale offerta all&#8217;Unione Italiana Ciechi di Belluno. La redazione di Radio Pi\u00f9 si stringe attorno alla famiglia in questo momento difficile.<\/p>\n<p><a class=\"dt-pswp-item\" href=\"https:\/\/www.radiopiu.net\/wordpress\/wp-content\/uploads\/2022\/08\/De-Vallier-Marco-sito.jpg\" data-dt-img-description=\"EPIGRAFI\" data-large_image_width=\"734\" data-large_image_height=\"1042\"><img loading=\"lazy\" decoding=\"async\" class=\"alignnone wp-image-295120 size-medium\" src=\"https:\/\/www.radiopiu.net\/wordpress\/wp-content\/uploads\/2022\/08\/De-Vallier-Marco-sito-211x300.jpg\" alt=\"\" width=\"211\" height=\"300\" srcset=\"https:\/\/www.radiopiu.net\/wordpress\/wp-content\/uploads\/2022\/08\/De-Vallier-Marco-sito-211x300.jpg 211w, https:\/\/www.radiopiu.net\/wordpress\/wp-content\/uploads\/2022\/08\/De-Vallier-Marco-sito-721x1024.jpg 721w, https:\/\/www.radiopiu.net\/wordpress\/wp-content\/uploads\/2022\/08\/De-Vallier-Marco-sito.jpg 734w\" sizes=\"auto, (max-width: 211px) 100vw, 211px\" \/><\/a><\/p>\n<p>&nbsp;<\/p>\n<hr \/>\n<p>&nbsp;<\/p>\n<blockquote>\n<h3>VA A FARE UNA CAMMINATA E NON RIENTRA. RICERCHE IN CORSO A FALCADE<\/h3>\n<\/blockquote>\n<p><strong><a class=\"dt-pswp-item\" href=\"https:\/\/www.radiopiu.net\/wordpress\/wp-content\/uploads\/2022\/08\/IMG-20220831-WA0007.jpg\" data-dt-img-description=\"\" data-large_image_width=\"1200\" data-large_image_height=\"1600\"><img loading=\"lazy\" decoding=\"async\" class=\"size-thumbnail wp-image-295385 alignleft\" src=\"https:\/\/www.radiopiu.net\/wordpress\/wp-content\/uploads\/2022\/08\/IMG-20220831-WA0007-150x150.jpg\" alt=\"\" width=\"150\" height=\"150\" \/><\/a> <\/strong><\/p>\n<p><strong>\u00a0<\/strong><\/p>\n<p><strong>FALCADE<\/strong> Attorno alle 20 il Soccorso alpino della Val Biois \u00e8 stato allertato per prendere parte alla ricerca di un 46enne di Ferrara, partito nel primo pomeriggio dal Camping Eden di Falcade per una camminata e non rientrato. Tommaso, capelli castani, \u00e8 alto un metro e 80 ed \u00e8 di corporatura normale, indossa una tuta da ginnastica scura, scarponi e ha uno zaino nero con s\u00e9. Chiunque lo abbia visto \u00e8 pregato di contattare i Carabinieri.<\/p>\n<p>&nbsp;<\/p>\n<p>&nbsp;<\/p>\n<p>&nbsp;<\/p>\n<hr \/>\n<p>&nbsp;<\/p>\n<blockquote>\n<h3>FOTOGRAFO CADE DALLA POSTAZIONE SU UN ALBERO NEL PARCO NAZIONALE DOLOMITI BELLUNESI<\/h3>\n<\/blockquote>\n<p><strong>SEDICO<\/strong> Ieri mattina la Centrale del Suem \u00e8 stata attivata per un uomo che era caduto da un albero, dove stava scattando delle foto naturalistiche nella zona di Candaten. Il 70enne di Longarone si trovava a 4-5 metri da terra su una postazione in legno, quando era scivolato nel vuoto, riportando un probabile politrauma. In suo aiuto \u00e8 decollato l&#8217;elicottero del Suem di Pieve di Cadore, che ha individuato la sua macchina e poi un amico che era arrivato nel frattempo e dava indicazioni all&#8217;equipaggio. Atterrati nelle vicinanze, equipe medica e tecnico di elisoccorso hanno raggiunto l&#8217;uomo sul greto del Cordevole e gli hanno prestato le prime cure. Imbarellato, l&#8217;infortunato \u00e8 stato caricato a bordo e trasportato all&#8217;ospedale di Belluno.<\/p>\n<p>&nbsp;<\/p>\n<p>&nbsp;<\/p>\n<hr \/>\n<p>&nbsp;<\/p>\n<blockquote>\n<h3 class=\"entry-title\">INFORTUNIO AL RIFUGIO AVERAU<\/h3>\n<\/blockquote>\n<p><strong>CORTINA\u00a0<\/strong>Attorno alle 16 una squadra del Soccorso alpino di Cortina \u00e8 intervenuta in jeep al Rifugio Averau, dove si trovava una turista 48enne polacca con un sospetto trauma al ginocchio. L\u2019escursionista \u00e8 stata trasportata direttamente all\u2019ospedale di Cortina<\/p>\n<p>&nbsp;<\/p>\n<p>&nbsp;<\/p>\n<hr \/>\n<p>&nbsp;<\/p>\n<blockquote>\n<h3>CANE SI INCASTRA IN UN TUBO DI SCOLO DELLE ACQUE PIOVANE, SALVATO DAI VIGILI DEL FUOCO<\/h3>\n<\/blockquote>\n<p><strong>BORGO VALBELLUNA <\/strong>Un bastardino di piccola taglia \u00e8 stato salvato dai Vigili del Fuoco dopo essere rimasto incastrato in un tubo di scolo delle acque piovane in via Puner a Mel. L\u2019animale era scomparso da qualche giorno, quando ieri mattina la proprietaria ha sentito i guaiti di lamento dell\u2019animale provenire da un tubo di scolo. Il cane, forse incuriosito da qualche altro animaletto, si \u00e8 infilato nel tubo di scolo e poi una diramazione dalla sezione sempre pi\u00f9 piccola, rimanendo incastrato. I pompieri accorsi da Feltre, non riuscendo a capire esattamente in che punto si trovava l\u2019animale, hanno chiesto la collaborazione dei colleghi USAR (Urban Search and Rescue) della sede di Mestre, specializzati in soccorso sotto le macerie. Due operatori sono intervenuti con una lunga sonda telescopica dotata di telecamera e dopo 50 metri hanno individuato il cane. I Vigili del Fuoco hanno utilizzato un piccolo escavatore facendo una buca nel punto individuato riuscendo a prelevare e salvare il cane. L\u2019animale incolume \u00e8 stato affidato alle cure della sua padrona. Le tecniche utilizzate per l\u2019individuazione e salvataggio del cane sono quelle utilizzate dalle squadre per il soccorso alle persone sepolte da macerie a causa di crolli e terremoti.<\/p>\n<div style=\"width: 848px;\" class=\"wp-video\"><video class=\"wp-video-shortcode\" id=\"video-295257-2\" width=\"848\" height=\"480\" preload=\"metadata\" controls=\"controls\"><source type=\"video\/mp4\" src=\"https:\/\/www.radiopiu.net\/wordpress\/wp-content\/uploads\/2022\/08\/WhatsApp-Video-2022-08-31-at-22.31.27.mp4?_=2\" \/><a href=\"https:\/\/www.radiopiu.net\/wordpress\/wp-content\/uploads\/2022\/08\/WhatsApp-Video-2022-08-31-at-22.31.27.mp4\">https:\/\/www.radiopiu.net\/wordpress\/wp-content\/uploads\/2022\/08\/WhatsApp-Video-2022-08-31-at-22.31.27.mp4<\/a><\/video><\/div>\n<p>&nbsp;<\/p>\n\n\t\t\t<style type='text\/css'>\n\t\t\t\t#gallery-4 {\n\t\t\t\t\tmargin: auto;\n\t\t\t\t}\n\t\t\t\t#gallery-4 .gallery-item {\n\t\t\t\t\tfloat: left;\n\t\t\t\t\tmargin-top: 10px;\n\t\t\t\t\ttext-align: center;\n\t\t\t\t\twidth: 33%;\n\t\t\t\t}\n\t\t\t\t#gallery-4 img {\n\t\t\t\t\tborder: 2px solid #cfcfcf;\n\t\t\t\t}\n\t\t\t\t#gallery-4 .gallery-caption {\n\t\t\t\t\tmargin-left: 0;\n\t\t\t\t}\n\t\t\t\t\/* see gallery_shortcode() in wp-includes\/media.php *\/\n\t\t\t<\/style>\n\t\t<div id='gallery-4' class='dt-gallery-container gallery galleryid-295257 gallery-columns-3 gallery-size-thumbnail'><dl class='gallery-item'>\n\t\t\t\t<dt class='gallery-icon landscape'>\n\t\t\t\t\t<a class=\"rollover rollover-zoom dt-pswp-item\" title=\"456d4954-193b-4765-9f37-29af62df0866\" data-dt-img-description=\"\" data-large_image_width=\"961\" data-large_image_height=\"600\"href='https:\/\/www.radiopiu.net\/wordpress\/wp-content\/uploads\/2022\/08\/456d4954-193b-4765-9f37-29af62df0866.jpg'><img loading=\"lazy\" decoding=\"async\" width=\"150\" height=\"150\" src=\"https:\/\/www.radiopiu.net\/wordpress\/wp-content\/uploads\/2022\/08\/456d4954-193b-4765-9f37-29af62df0866-150x150.jpg\" class=\"attachment-thumbnail size-thumbnail\" alt=\"\" \/><\/a>\n\t\t\t\t<\/dt><\/dl><dl class='gallery-item'>\n\t\t\t\t<dt class='gallery-icon landscape'>\n\t\t\t\t\t<a class=\"rollover rollover-zoom dt-pswp-item\" title=\"f12a0873-0997-4cf8-ae35-5e749d8404fa\" data-dt-img-description=\"\" data-large_image_width=\"961\" data-large_image_height=\"820\"href='https:\/\/www.radiopiu.net\/wordpress\/wp-content\/uploads\/2022\/08\/f12a0873-0997-4cf8-ae35-5e749d8404fa.jpg'><img loading=\"lazy\" decoding=\"async\" width=\"150\" height=\"150\" src=\"https:\/\/www.radiopiu.net\/wordpress\/wp-content\/uploads\/2022\/08\/f12a0873-0997-4cf8-ae35-5e749d8404fa-150x150.jpg\" class=\"attachment-thumbnail size-thumbnail\" alt=\"\" \/><\/a>\n\t\t\t\t<\/dt><\/dl><dl class='gallery-item'>\n\t\t\t\t<dt class='gallery-icon portrait'>\n\t\t\t\t\t<a class=\"rollover rollover-zoom dt-pswp-item\" title=\"97cb3232-907e-4959-a047-9479bed964d7\" data-dt-img-description=\"\" data-large_image_width=\"961\" data-large_image_height=\"996\"href='https:\/\/www.radiopiu.net\/wordpress\/wp-content\/uploads\/2022\/08\/97cb3232-907e-4959-a047-9479bed964d7.jpg'><img loading=\"lazy\" decoding=\"async\" width=\"150\" height=\"150\" src=\"https:\/\/www.radiopiu.net\/wordpress\/wp-content\/uploads\/2022\/08\/97cb3232-907e-4959-a047-9479bed964d7-150x150.jpg\" class=\"attachment-thumbnail size-thumbnail\" alt=\"\" \/><\/a>\n\t\t\t\t<\/dt><\/dl><br style=\"clear: both\" \/>\n\t\t\t<\/div>\n\n<p>&nbsp;<\/p>\n<hr \/>\n<p>&nbsp;<\/p>\n<blockquote>\n<h3>LEGAMBIENTE LANCIA L&#8217;ALLARME: IL GHIACCIAIO DELLA MARMOLADA TRA 15 ANNI POTREBBE SCOMPARIRE<\/h3>\n<\/blockquote>\n<p><strong><a class=\"dt-pswp-item\" href=\"https:\/\/www.radiopiu.net\/wordpress\/wp-content\/uploads\/2022\/07\/marmolada.jpg\" data-dt-img-description=\"\" data-large_image_width=\"1280\" data-large_image_height=\"960\"><img loading=\"lazy\" decoding=\"async\" class=\"size-thumbnail wp-image-285964 alignleft\" src=\"https:\/\/www.radiopiu.net\/wordpress\/wp-content\/uploads\/2022\/07\/marmolada-150x150.jpg\" alt=\"\" width=\"150\" height=\"150\" \/><\/a>PADOVA<\/strong> Una riduzione nell\u2019ultimo secolo di pi\u00f9 del 70% in superficie e di oltre il 90% in volume che ne determinano una grandezza di circa un decimo rispetto a cento anni fa: gli effetti della crisi climatica non risparmiano il Ghiacciaio della Marmolada, il pi\u00f9 grande delle Dolomiti, lo scorso 3 luglio diventato teatro della strage in cui hanno perso la vita undici persone, a causa del distacco di un enorme seracco dalla sua parte sommitale. Il suo ritiro ha mostrato una progressiva accelerazione, tanto che negli ultimi quarant\u2019anni la sola fronte centrale \u00e8 arretrata di pi\u00f9 di 600 metri provocandone una risalta in quota di circa 250 metri. Un futuro incerto per il gigante bianco che, stando alle previsioni degli esperti, nel giro di meno di 15 anni potrebbe scomparire del tutto.\u00a0 \u00a0A parlar chiaro sono i risultati delle rilevazioni della quarta tappa di Carovana dei Ghiacciai 2022, in Veneto-Trentino, presentati nella conferenza stampa a Padova presso il Museo di Geografia dell\u2019Universit\u00e0 di Padova. La campagna di Legambiente con la partnership scientifica del Comitato Glaciologico Italiano che dal 17 agosto al 3 settembre si sta occupando del monitoraggio dello stato di salute dei ghiacciai alpini, \u00e8 tornata dopo due anni sulla Marmolada, facendo un passo indietro per capire cosa sta accadendo, a due mesi dalla tragedia, di cui gli esperti stanno ancora studiando le cause. Tali cause sono da imputare alla forte inclinazione del pendio roccioso e alla progressiva apertura di un grande crepaccio che ha separato il corpo glaciale in due unit\u00e0, alla presenza di discontinuit\u00e0 al fondo e sui lati, all\u2019aumento anomalo delle temperature con conseguente aumento della fusione e incremento della circolazione d\u2019acqua all\u2019interno del ghiaccio. \u00a0\u201c<em>Il Ghiacciaio della Marmolada \u2014 commenta Aldino Bondesan, Comitato Glaciologico Italiano e Universit\u00e0 di Padova \u2014 \u00e8 un fondamentale termometro dei cambiamenti climatici per la sua rapida risposta anche alle piccole variazioni di precipitazioni e temperatura. Fenomeni come il distaccamento dello scorso 3 luglio sono frequenti nei ghiacciai e fanno parte della loro normale dinamica. Ci\u00f2 che desta maggior preoccupazione \u00e8 la progressiva accelerazione del ritiro glaciale: se saranno confermati gli attuali andamenti anche nei prossimi anni, \u00e8 molto probabile che il ghiacciaio della Marmolada scompaia prima del 2040<\/em>.\u201d<\/p>\n<p>&nbsp;<\/p>\n<p>&nbsp;<\/p>\n<hr \/>\n<p>&nbsp;<\/p>\n<blockquote>\n<h3>ACC. FIOM: IL GOVERNO NON HA ANCORA AUTORIZZATO LA CASSA INTEGRAZIONE FINO AL 30 NOVEMBRE<\/h3>\n<\/blockquote>\n<p><strong><a class=\"dt-pswp-item\" href=\"https:\/\/www.radiopiu.net\/wordpress\/wp-content\/uploads\/2020\/06\/ACC-MEL.png\" data-dt-img-description=\"\" data-large_image_width=\"796\" data-large_image_height=\"796\"><img loading=\"lazy\" decoding=\"async\" class=\"size-thumbnail wp-image-145345 alignleft\" src=\"https:\/\/www.radiopiu.net\/wordpress\/wp-content\/uploads\/2020\/06\/ACC-MEL-150x150.png\" alt=\"\" width=\"150\" height=\"150\" srcset=\"https:\/\/www.radiopiu.net\/wordpress\/wp-content\/uploads\/2020\/06\/ACC-MEL-150x150.png 150w, https:\/\/www.radiopiu.net\/wordpress\/wp-content\/uploads\/2020\/06\/ACC-MEL-300x300.png 300w, https:\/\/www.radiopiu.net\/wordpress\/wp-content\/uploads\/2020\/06\/ACC-MEL-768x768.png 768w, https:\/\/www.radiopiu.net\/wordpress\/wp-content\/uploads\/2020\/06\/ACC-MEL.png 796w\" sizes=\"auto, (max-width: 150px) 100vw, 150px\" \/><\/a>BORGO VALBELLUNA<\/strong> Preoccupazione per la FIOM CGIL per il futuro degli operai ACC di Mel. Il Governo non ha ancora autorizzato la richiesta di cassa integrazione fino al prossimo 30 novembre.<\/p>\n<blockquote><p><strong>IL COMUNICATO DELLA FIOM CGIL<\/strong><\/p>\n<p><em>Ad oggi 31 Agosto il ministero competente non ha ancora autorizzato la proroga della cassa integrazione fino al 30 Novembre per le lavoratrici e i lavoratori di Acc pur avendo il commissario straordinario presentato la domanda in tempi congrui. Tale ritardo ci preoccupa fortemente, in un periodo nel quale l&#8217;andamento in crescita esponenziale dei prezzi al consumo e i costi energetici decuplicati a carico delle famiglie, l&#8217;assenza degli ammortizzatori sociali rischia di fare precipitare i lavoratori in una condizione di gravissima condizioni sociale in quanto privati dell&#8217;unico seppur esiguo redatto disponibile. Inoltre la caduta del governo in attesa delle prossime elezioni e del nuovo esecutivo preclude la possibilit\u00e0 di avere indicazioni chiare su quali strumenti saranno attivati, stante la non pi\u00f9 finanziata cassa per cessazione, per il periodo susseguente al Novembre 2022 fino a tutto il 2023. Chiediamo quindi che in primis la Regione Veneto e poi le istituzioni competenti si attivino per avere quanto meno garanzia sulla proroga. In pi\u00f9 e non starebbe a noi ricordarlo richiamiamo la necessit\u00e0, cos\u00ec come previsto dal punto 19 dell&#8217;accordo ex art 47 del 5 Aprile scorso, di convocare il Consiglio di Sorveglianza socio istituzionale con tutte le parti in causa principalmente per avere informazioni sull&#8217;andamento delle ricollocazioni dei lavoratori ricompreso nelle attivit\u00e0 della Task Force regionale costituita in merito e poi perch\u00e9 compito del consiglio \u00e8 monitorare e valutare lo stato di avanzamento del piano di consolidamento e sviluppo competitivo delle unit\u00e0 produttive di Sest a cominciare da quella acquisita da Sest con particolare riguardo alle opportunit\u00e0 di integrazione operativa nel contesto sociale, culturale economico e organizzativo del macro distretto del freddo che ha il suo epicentro nel Bellunese, di creazione di un favorevole contesto infrastrutturale e dei servizi e di radicamento di un sistema integrato di competenze industriali quale elemento territoriale distintivo e propulsivo. Come da pi\u00f9 parti sentiamo affermare la questione Acc non \u00e8 per nulla risolta ed \u00e8 urgente riproporla come prioritaria nelle agende istituzionali.<\/em><\/p><\/blockquote>\n<p>&nbsp;<\/p>\n<p>&nbsp;<\/p>\n<hr \/>\n<p>&nbsp;<\/p>\n<blockquote class=\"wp-embedded-content\" data-secret=\"2z1hmfKTE0\"><p><a href=\"https:\/\/www.radiopiu.net\/wordpress\/aggnazionaleagosto31\/\">CORONAVIRUS: AGGIORNAMENTO NAZIONALE 31 AGOSTO 2022<\/a><\/p><\/blockquote>\n<p><iframe loading=\"lazy\" class=\"wp-embedded-content\" sandbox=\"allow-scripts\" security=\"restricted\" style=\"position: absolute; clip: rect(1px, 1px, 1px, 1px);\" title=\"&#8220;CORONAVIRUS: AGGIORNAMENTO NAZIONALE 31 AGOSTO 2022&#8221; &#8212; Radio Pi\u00f9\" src=\"https:\/\/www.radiopiu.net\/wordpress\/aggnazionaleagosto31\/embed\/#?secret=sQUV14uNrI#?secret=2z1hmfKTE0\" data-secret=\"2z1hmfKTE0\" width=\"600\" height=\"338\" frameborder=\"0\" marginwidth=\"0\" marginheight=\"0\" scrolling=\"no\"><\/iframe><\/p>\n<p>&nbsp;<\/p>\n<blockquote class=\"wp-embedded-content\" data-secret=\"XzWZsKB7v4\"><p><a href=\"https:\/\/www.radiopiu.net\/wordpress\/aziendazeroagosto31\/\">RICOVERI STABILI, 2 DECESSI E 2848 NUOVI POSITIVI IN 24 ORE<\/a><\/p><\/blockquote>\n<p><iframe loading=\"lazy\" class=\"wp-embedded-content\" sandbox=\"allow-scripts\" security=\"restricted\" style=\"position: absolute; clip: rect(1px, 1px, 1px, 1px);\" title=\"&#8220;RICOVERI STABILI, 2 DECESSI E 2848 NUOVI POSITIVI IN 24 ORE&#8221; &#8212; Radio Pi\u00f9\" src=\"https:\/\/www.radiopiu.net\/wordpress\/aziendazeroagosto31\/embed\/#?secret=clUjS7vjoB#?secret=XzWZsKB7v4\" data-secret=\"XzWZsKB7v4\" width=\"600\" height=\"338\" frameborder=\"0\" marginwidth=\"0\" marginheight=\"0\" scrolling=\"no\"><\/iframe><\/p>\n<p>&nbsp;<\/p>\n<h2>I GRAFICI DI TIZIANO DE COL<\/h2>\n\n\t\t\t<style type='text\/css'>\n\t\t\t\t#gallery-5 {\n\t\t\t\t\tmargin: auto;\n\t\t\t\t}\n\t\t\t\t#gallery-5 .gallery-item {\n\t\t\t\t\tfloat: left;\n\t\t\t\t\tmargin-top: 10px;\n\t\t\t\t\ttext-align: center;\n\t\t\t\t\twidth: 33%;\n\t\t\t\t}\n\t\t\t\t#gallery-5 img {\n\t\t\t\t\tborder: 2px solid #cfcfcf;\n\t\t\t\t}\n\t\t\t\t#gallery-5 .gallery-caption {\n\t\t\t\t\tmargin-left: 0;\n\t\t\t\t}\n\t\t\t\t\/* see gallery_shortcode() in wp-includes\/media.php *\/\n\t\t\t<\/style>\n\t\t<div id='gallery-5' class='dt-gallery-container gallery galleryid-295257 gallery-columns-3 gallery-size-thumbnail'><dl class='gallery-item'>\n\t\t\t\t<dt class='gallery-icon landscape'>\n\t\t\t\t\t<a class=\"rollover rollover-zoom dt-pswp-item\" title=\"91e14b23-46ef-4245-8a69-9dc38f788398\" data-dt-img-description=\"\" data-large_image_width=\"604\" data-large_image_height=\"364\"href='https:\/\/www.radiopiu.net\/wordpress\/wp-content\/uploads\/2022\/08\/91e14b23-46ef-4245-8a69-9dc38f788398.jpg'><img loading=\"lazy\" decoding=\"async\" width=\"150\" height=\"150\" src=\"https:\/\/www.radiopiu.net\/wordpress\/wp-content\/uploads\/2022\/08\/91e14b23-46ef-4245-8a69-9dc38f788398-150x150.jpg\" class=\"attachment-thumbnail size-thumbnail\" alt=\"\" \/><\/a>\n\t\t\t\t<\/dt><\/dl><dl class='gallery-item'>\n\t\t\t\t<dt class='gallery-icon landscape'>\n\t\t\t\t\t<a class=\"rollover rollover-zoom dt-pswp-item\" title=\"1459063e-03e9-4061-9310-488e310f157c\" data-dt-img-description=\"\" data-large_image_width=\"605\" data-large_image_height=\"359\"href='https:\/\/www.radiopiu.net\/wordpress\/wp-content\/uploads\/2022\/08\/1459063e-03e9-4061-9310-488e310f157c.jpg'><img loading=\"lazy\" decoding=\"async\" width=\"150\" height=\"150\" src=\"https:\/\/www.radiopiu.net\/wordpress\/wp-content\/uploads\/2022\/08\/1459063e-03e9-4061-9310-488e310f157c-150x150.jpg\" class=\"attachment-thumbnail size-thumbnail\" alt=\"\" \/><\/a>\n\t\t\t\t<\/dt><\/dl><dl class='gallery-item'>\n\t\t\t\t<dt class='gallery-icon landscape'>\n\t\t\t\t\t<a class=\"rollover rollover-zoom dt-pswp-item\" title=\"50cde3c5-da0e-4787-bb71-237c92542b16\" data-dt-img-description=\"\" data-large_image_width=\"608\" data-large_image_height=\"351\"href='https:\/\/www.radiopiu.net\/wordpress\/wp-content\/uploads\/2022\/08\/50cde3c5-da0e-4787-bb71-237c92542b16.jpg'><img loading=\"lazy\" decoding=\"async\" width=\"150\" height=\"150\" src=\"https:\/\/www.radiopiu.net\/wordpress\/wp-content\/uploads\/2022\/08\/50cde3c5-da0e-4787-bb71-237c92542b16-150x150.jpg\" class=\"attachment-thumbnail size-thumbnail\" alt=\"\" \/><\/a>\n\t\t\t\t<\/dt><\/dl><br style=\"clear: both\" \/><dl class='gallery-item'>\n\t\t\t\t<dt class='gallery-icon landscape'>\n\t\t\t\t\t<a class=\"rollover rollover-zoom dt-pswp-item\" title=\"4bfcdc9b-18bc-4fa9-871b-f863c7d78fb8\" data-dt-img-description=\"\" data-large_image_width=\"614\" data-large_image_height=\"360\"href='https:\/\/www.radiopiu.net\/wordpress\/wp-content\/uploads\/2022\/08\/4bfcdc9b-18bc-4fa9-871b-f863c7d78fb8.jpg'><img loading=\"lazy\" decoding=\"async\" width=\"150\" height=\"150\" src=\"https:\/\/www.radiopiu.net\/wordpress\/wp-content\/uploads\/2022\/08\/4bfcdc9b-18bc-4fa9-871b-f863c7d78fb8-150x150.jpg\" class=\"attachment-thumbnail size-thumbnail\" alt=\"\" \/><\/a>\n\t\t\t\t<\/dt><\/dl><dl class='gallery-item'>\n\t\t\t\t<dt class='gallery-icon landscape'>\n\t\t\t\t\t<a class=\"rollover rollover-zoom dt-pswp-item\" title=\"22d0282d-1963-43ce-a5ac-f3d8f79d81fc\" data-dt-img-description=\"\" data-large_image_width=\"610\" data-large_image_height=\"364\"href='https:\/\/www.radiopiu.net\/wordpress\/wp-content\/uploads\/2022\/08\/22d0282d-1963-43ce-a5ac-f3d8f79d81fc.jpg'><img loading=\"lazy\" decoding=\"async\" width=\"150\" height=\"150\" src=\"https:\/\/www.radiopiu.net\/wordpress\/wp-content\/uploads\/2022\/08\/22d0282d-1963-43ce-a5ac-f3d8f79d81fc-150x150.jpg\" class=\"attachment-thumbnail size-thumbnail\" alt=\"\" \/><\/a>\n\t\t\t\t<\/dt><\/dl><dl class='gallery-item'>\n\t\t\t\t<dt class='gallery-icon landscape'>\n\t\t\t\t\t<a class=\"rollover rollover-zoom dt-pswp-item\" title=\"8277339c-7eb1-4428-9daa-688411254371\" data-dt-img-description=\"\" data-large_image_width=\"612\" data-large_image_height=\"368\"href='https:\/\/www.radiopiu.net\/wordpress\/wp-content\/uploads\/2022\/08\/8277339c-7eb1-4428-9daa-688411254371.jpg'><img loading=\"lazy\" decoding=\"async\" width=\"150\" height=\"150\" src=\"https:\/\/www.radiopiu.net\/wordpress\/wp-content\/uploads\/2022\/08\/8277339c-7eb1-4428-9daa-688411254371-150x150.jpg\" class=\"attachment-thumbnail size-thumbnail\" alt=\"\" \/><\/a>\n\t\t\t\t<\/dt><\/dl><br style=\"clear: both\" \/>\n\t\t\t<\/div>\n\n<p>&nbsp;<\/p>\n<hr \/>\n<p>&nbsp;<\/p>\n<blockquote>\n<h3>PARTITI I LAVORI DI RIQUALIFICAZIONE DELL\u2019OSPEDALE DI COMUNIT\u00c0 DI AGORDO<\/h3>\n<\/blockquote>\n<p><strong>BELLUNO <\/strong>Sono partiti i lavori di riqualificazione dell\u2019Ospedale di Comunit\u00e0 di Agordo, finanziati nell\u2019ambito del piano regionale di attuazione del PNRR. Sono stati acquistati e saranno a breve messi in opera 16 infissi, completi di cassonetto e avvolgibili, per un valore di 50.000 euro. Questo intervento permetter\u00e0 un miglioramento della condizione alberghiera e favorir\u00e0 il risparmio energetico.<\/p>\n<p>&nbsp;<\/p>\n<p>&nbsp;<\/p>\n<hr \/>\n<p>&nbsp;<\/p>\n<blockquote>\n<h3>CONTINUANO I GESTI DI SOLIDARIET\u00c0 PER GLI OSPEDALI DELL\u2019ULSS DOLOMITI<\/h3>\n<\/blockquote>\n<p><strong>BELLUNO <\/strong>Grazie alla grande generosit\u00e0 dei cittadini Bellunesi sono sempre numerose le donazioni da parte di privati e associazioni del territorio a sostegno delle attivit\u00e0 dei nostri ospedali. In particolare, questa settimana grazie alla generosit\u00e0 di privati, al Servizio di Assistenza Infermieristica del Cadore sono state donate 3 aste porta flebo, una carrozzina pieghevole e un materasso antidecubito. Inoltre, una poltrona ignifuga \u00e8 stata donata alla UOC di Ginecologia e Ostetricia dell\u2019Ospedale di Feltre. Un bastone da passeggio e due deambulatori sono stati donati, invece, all\u2019Ospedale di Comunit\u00e0 di Feltre. L\u2019Associazione Mano Amica ODV di Feltre ha donato, infine, un sistema di irrigazione automatica e tre poltrone relax con due motori indipendenti e sistema LIFT alza persona da destinare all\u2019Hospice \u201cLe Vette\u201d di Feltre. L\u2019Azienda ringrazia per queste donazioni, gesti di grande solidariet\u00e0 per la propria comunit\u00e0 che dimostrano attenzione alla cura dei nostri ambienti e al benessere delle persone assistite.<\/p>\n<p>&nbsp;<\/p>\n<p>&nbsp;<\/p>\n<hr \/>\n<p>&nbsp;<\/p>\n<blockquote>\n<h3>ARRIVANO 43 NUOVI CARABINIERI IN PROVINCIA DI BELLUNO. AL VIA ANCHE LE SELEZIONI DI ARRUOLAMENTO<\/h3>\n<\/blockquote>\n<p><strong><a class=\"dt-pswp-item\" href=\"https:\/\/www.radiopiu.net\/wordpress\/wp-content\/uploads\/2022\/08\/551078ee-650c-4acc-967e-43d7344087f4.jpg\" data-dt-img-description=\"\" data-large_image_width=\"1280\" data-large_image_height=\"960\"><img loading=\"lazy\" decoding=\"async\" class=\"size-thumbnail wp-image-295307 alignleft\" src=\"https:\/\/www.radiopiu.net\/wordpress\/wp-content\/uploads\/2022\/08\/551078ee-650c-4acc-967e-43d7344087f4-150x150.jpg\" alt=\"\" width=\"150\" height=\"150\" \/><\/a>BELLUNO <\/strong>Nei giorni scorsi sono stati assegnati al Comando Provinciale dei Carabinieri di Belluno 43 rinforzi che andranno a implementare la maggior parte delle stazioni del territorio provinciale. L&#8217;elevato numero di militari consentir\u00e0 di potenziare il gi\u00e0 valido dispositivo di controllo del territorio in favore della sicurezza del cittadino, nonch\u00e9 aumentare la vigilanza sulla realizzazione delle opere infrastrutturali connesse alle prossime Olimpiadi invernali. I giovani militari, di cui 5 marescialli e 38 carabinieri, provengono dai reparti di istruzione dell&#8217;arma e pertanto garantiranno una lunga permanenza in provincia. Nel frattempo, sono iniziate le procedure per la selezione l&#8217;arruolamento degli ufficiali della riserva selezionata dell&#8217;arma dei carabinieri. Gli aspiranti potranno presentare la domanda attraverso il portale www.carabinieri.it nell&#8217;area concorsi seguendo l&#8217;apposito iter. Decidere di entrare nell&#8217;arma e indossare l&#8217;uniforme significa aderire ad un complesso di valori quali onore, lealt\u00e0 e spirito di sacrificio, con la consapevolezza di entrare a far parte di una grande famiglia fondata su una tradizione di vicinanza al cittadino per la legalit\u00e0 e la difesa dei pi\u00f9 deboli. Gli ufficiali saranno selezionati da un bacino di professionisti provenienti dalla vita civile virgola in possesso di spiccate professionalit\u00e0 virgola in grado di prestare un&#8217;opera proficua nelle forze armate. Il personale individuato verr\u00e0 affiancato al personale in servizio permanente, per determinati periodi di tempo, per esigenze correlate ad attivit\u00e0 addestrative, operative e logistiche delle forze armate, sia sul territorio nazionale sia all&#8217;estero. Tra le novit\u00e0 pi\u00f9 importanti di quest&#8217;anno vi \u00e8 la riduzione del limite d&#8217;et\u00e0 che passa dai 27 ai 25 anni. La domanda di partecipazione va inoltrata esclusivamente online entro il 18 settembre 2022.<\/p>\n<p>&nbsp;<\/p>\n<p>&nbsp;<\/p>\n<hr \/>\n<p>&nbsp;<\/p>\n<blockquote>\n<h3>ISTITUTO SPERTI:\u00a0 IN CRESCITA LE ISCRIZIONI PER IL NUOVO ANNO SCOLASTICO<\/h3>\n<\/blockquote>\n<p><strong><a class=\"dt-pswp-item\" href=\"https:\/\/www.radiopiu.net\/wordpress\/wp-content\/uploads\/2022\/08\/Sperti_Conferenza-Stampa-Inaugurazione-foto-7.jpg\" data-dt-img-description=\"\" data-large_image_width=\"1028\" data-large_image_height=\"814\"><img loading=\"lazy\" decoding=\"async\" class=\"size-thumbnail wp-image-295284 alignleft\" src=\"https:\/\/www.radiopiu.net\/wordpress\/wp-content\/uploads\/2022\/08\/Sperti_Conferenza-Stampa-Inaugurazione-foto-7-150x150.jpg\" alt=\"\" width=\"150\" height=\"150\" \/><\/a>BELLUNO<\/strong> Crescono le iscrizioni all\u2019Istituto Sperti di Belluno, che luned\u00ec 12 settembre inaugurer\u00e0 il nuovo anno scolastico. La storica struttura \u00e8 gestita dalla cooperativa Kairos di Roma, che opera da tempo nella zona del bellunese con alcuni nidi per l\u2019infanzia e che negli ultimi mesi ha anche curato il Centro Estivo. Nuovo direttore dell\u2019istituto \u00e8 stata nominata la dott.ssa Valentina Tomasi. Nelle ultime settimane, sono arrivate molte richieste per l\u2019accoglienza nel Convitto di ragazze e \u2013 novit\u00e0 di quest\u2019anno, se verr\u00e0 raggiunto il numero minimo di iscritti \u2013 anche di ragazzi fuori sede provenienti dai paesi vicini e da altre regioni, che frequentano le scuole secondarie di secondo grado. Al momento, a causa delle norme per il covid, sono 41 i posti a disposizione, alcuni ancora liberi: l\u2019iscrizione comprende, oltre all\u2019alloggio in camere doppie, la mensa per i tre pasti principali preparati da una cucina interna, inclusa la merenda pomeridiana e il pranzo al sacco per il sabato. Molte le richieste di iscrizione all\u2019Istituto Sperti anche per il semi-Convitto, il servizio di doposcuola con mensa che potr\u00e0 continuare ad accogliere studenti delle scuole primarie e secondarie degli Istituti comprensivi della zona. In particolare, sar\u00e0 garantito il servizio di pre-accoglienza, accompagnamento a scuola e ritiro al termine delle lezioni per gli studenti del plesso Aristide Gabelli. Il servizio di doposcuola sar\u00e0 modulare, offrendo la possibilit\u00e0 di selezionare tra mensa, servizio compiti, spazio laboratori ed aggregativo.<\/p>\n<p>&nbsp;<\/p>\n<p>&nbsp;<\/p>\n<hr \/>\n<p>&nbsp;<\/p>\n<blockquote>\n<h3>BEPI PELLEGRINON FESTEGGIA GLI 80 ANNI<\/h3>\n<\/blockquote>\n<p><strong>FALCADE<\/strong><\/p>\n<p>di Gianni Santomaso<\/p>\n<p><strong>L&#8217;INCONTRO<\/strong><\/p>\n<audio class=\"wp-audio-shortcode\" id=\"audio-295257-1\" preload=\"none\" style=\"width: 100%;\" controls=\"controls\"><source type=\"audio\/mpeg\" src=\"https:\/\/www.radiopiu.net\/wordpress\/wp-content\/uploads\/2022\/08\/GIANNI-80-ANNI-PELLEGRINON-1.mp3?_=1\" \/><a href=\"https:\/\/www.radiopiu.net\/wordpress\/wp-content\/uploads\/2022\/08\/GIANNI-80-ANNI-PELLEGRINON-1.mp3\">https:\/\/www.radiopiu.net\/wordpress\/wp-content\/uploads\/2022\/08\/GIANNI-80-ANNI-PELLEGRINON-1.mp3<\/a><\/audio>\n<p>&nbsp;<\/p>\n<p><strong>BEPI PELLEGRINON E LA CULTURA A FALCADE<\/strong><\/p>\n<audio class=\"wp-audio-shortcode\" id=\"audio-295257-2\" preload=\"none\" style=\"width: 100%;\" controls=\"controls\"><source type=\"audio\/mpeg\" src=\"https:\/\/www.radiopiu.net\/wordpress\/wp-content\/uploads\/2022\/08\/GIANNI-80-ANNI-PELLEGRINON-2.mp3?_=2\" \/><a href=\"https:\/\/www.radiopiu.net\/wordpress\/wp-content\/uploads\/2022\/08\/GIANNI-80-ANNI-PELLEGRINON-2.mp3\">https:\/\/www.radiopiu.net\/wordpress\/wp-content\/uploads\/2022\/08\/GIANNI-80-ANNI-PELLEGRINON-2.mp3<\/a><\/audio>\n<p>&nbsp;<\/p>\n\n\t\t\t<style type='text\/css'>\n\t\t\t\t#gallery-6 {\n\t\t\t\t\tmargin: auto;\n\t\t\t\t}\n\t\t\t\t#gallery-6 .gallery-item {\n\t\t\t\t\tfloat: left;\n\t\t\t\t\tmargin-top: 10px;\n\t\t\t\t\ttext-align: center;\n\t\t\t\t\twidth: 20%;\n\t\t\t\t}\n\t\t\t\t#gallery-6 img {\n\t\t\t\t\tborder: 2px solid #cfcfcf;\n\t\t\t\t}\n\t\t\t\t#gallery-6 .gallery-caption {\n\t\t\t\t\tmargin-left: 0;\n\t\t\t\t}\n\t\t\t\t\/* see gallery_shortcode() in wp-includes\/media.php *\/\n\t\t\t<\/style>\n\t\t<div id='gallery-6' class='dt-gallery-container gallery galleryid-295257 gallery-columns-5 gallery-size-thumbnail'><dl class='gallery-item'>\n\t\t\t\t<dt class='gallery-icon landscape'>\n\t\t\t\t\t<a class=\"rollover rollover-zoom dt-pswp-item\" title=\"Armando Da Roit_Giovanni Angelini_Bepi Pellegrinon_Raffaello Vergani_Vito Pallabazzer\" data-dt-img-description=\"\" data-large_image_width=\"1733\" data-large_image_height=\"1225\"href='https:\/\/www.radiopiu.net\/wordpress\/wp-content\/uploads\/2022\/08\/Armando-Da-Roit_Giovanni-Angelini_Bepi-Pellegrinon_Raffaello-Vergani_Vito-Pallabazzer.jpg'><img loading=\"lazy\" decoding=\"async\" width=\"150\" height=\"150\" src=\"https:\/\/www.radiopiu.net\/wordpress\/wp-content\/uploads\/2022\/08\/Armando-Da-Roit_Giovanni-Angelini_Bepi-Pellegrinon_Raffaello-Vergani_Vito-Pallabazzer-150x150.jpg\" class=\"attachment-thumbnail size-thumbnail\" alt=\"\" \/><\/a>\n\t\t\t\t<\/dt><\/dl><dl class='gallery-item'>\n\t\t\t\t<dt class='gallery-icon landscape'>\n\t\t\t\t\t<a class=\"rollover rollover-zoom dt-pswp-item\" title=\"Bepi Pellegrinon Cesare Maestri Armando Aste\" data-dt-img-description=\"\" data-large_image_width=\"2304\" data-large_image_height=\"1728\"href='https:\/\/www.radiopiu.net\/wordpress\/wp-content\/uploads\/2022\/08\/Bepi-Pellegrinon-Cesare-Maestri-Armando-Aste.jpg'><img loading=\"lazy\" decoding=\"async\" width=\"150\" height=\"150\" src=\"https:\/\/www.radiopiu.net\/wordpress\/wp-content\/uploads\/2022\/08\/Bepi-Pellegrinon-Cesare-Maestri-Armando-Aste-150x150.jpg\" class=\"attachment-thumbnail size-thumbnail\" alt=\"\" \/><\/a>\n\t\t\t\t<\/dt><\/dl><dl class='gallery-item'>\n\t\t\t\t<dt class='gallery-icon landscape'>\n\t\t\t\t\t<a class=\"rollover rollover-zoom dt-pswp-item\" title=\"dav\" data-dt-img-description=\"\" data-large_image_width=\"2560\" data-large_image_height=\"1443\"href='https:\/\/www.radiopiu.net\/wordpress\/wp-content\/uploads\/2022\/08\/Bepi-Pellegrinon-con-la-moglie-Lucina-Zanvit-scaled.jpg'><img loading=\"lazy\" decoding=\"async\" width=\"150\" height=\"150\" src=\"https:\/\/www.radiopiu.net\/wordpress\/wp-content\/uploads\/2022\/08\/Bepi-Pellegrinon-con-la-moglie-Lucina-Zanvit-150x150.jpg\" class=\"attachment-thumbnail size-thumbnail\" alt=\"\" aria-describedby=\"gallery-6-295368\" \/><\/a>\n\t\t\t\t<\/dt>\n\t\t\t\t\t<dd class='wp-caption-text gallery-caption' id='gallery-6-295368'>\n\t\t\t\t\tdav\n\t\t\t\t\t<\/dd><\/dl><dl class='gallery-item'>\n\t\t\t\t<dt class='gallery-icon portrait'>\n\t\t\t\t\t<a class=\"rollover rollover-zoom dt-pswp-item\" title=\"Bepi Pellegrinon_Cima Grande di Lavaredo via Comici 1965\" data-dt-img-description=\"\" data-large_image_width=\"1280\" data-large_image_height=\"1830\"href='https:\/\/www.radiopiu.net\/wordpress\/wp-content\/uploads\/2022\/08\/Bepi-Pellegrinon_Cima-Grande-di-Lavaredo-via-Comici-1965.jpg'><img loading=\"lazy\" decoding=\"async\" width=\"150\" height=\"150\" src=\"https:\/\/www.radiopiu.net\/wordpress\/wp-content\/uploads\/2022\/08\/Bepi-Pellegrinon_Cima-Grande-di-Lavaredo-via-Comici-1965-150x150.jpg\" class=\"attachment-thumbnail size-thumbnail\" alt=\"\" \/><\/a>\n\t\t\t\t<\/dt><\/dl><dl class='gallery-item'>\n\t\t\t\t<dt class='gallery-icon landscape'>\n\t\t\t\t\t<a class=\"rollover rollover-zoom dt-pswp-item\" title=\"Bepi PellegrinonLivanos-Da Roit-Gabriel-Dal Bianco\" data-dt-img-description=\"\" data-large_image_width=\"1772\" data-large_image_height=\"1169\"href='https:\/\/www.radiopiu.net\/wordpress\/wp-content\/uploads\/2022\/08\/Bepi-PellegrinonLivanos-Da-Roit-Gabriel-Dal-Bianco.jpg'><img loading=\"lazy\" decoding=\"async\" width=\"150\" height=\"150\" src=\"https:\/\/www.radiopiu.net\/wordpress\/wp-content\/uploads\/2022\/08\/Bepi-PellegrinonLivanos-Da-Roit-Gabriel-Dal-Bianco-150x150.jpg\" class=\"attachment-thumbnail size-thumbnail\" alt=\"\" \/><\/a>\n\t\t\t\t<\/dt><\/dl><br style=\"clear: both\" \/><dl class='gallery-item'>\n\t\t\t\t<dt class='gallery-icon landscape'>\n\t\t\t\t\t<a class=\"rollover rollover-zoom dt-pswp-item\" title=\"Bepi Pellegrinon_Livanos_Armando Da Roit\" data-dt-img-description=\"\" data-large_image_width=\"1811\" data-large_image_height=\"1811\"href='https:\/\/www.radiopiu.net\/wordpress\/wp-content\/uploads\/2022\/08\/Bepi-Pellegrinon_Livanos_Armando-Da-Roit-1.jpg'><img loading=\"lazy\" decoding=\"async\" width=\"150\" height=\"150\" src=\"https:\/\/www.radiopiu.net\/wordpress\/wp-content\/uploads\/2022\/08\/Bepi-Pellegrinon_Livanos_Armando-Da-Roit-1-150x150.jpg\" class=\"attachment-thumbnail size-thumbnail\" alt=\"\" srcset=\"https:\/\/www.radiopiu.net\/wordpress\/wp-content\/uploads\/2022\/08\/Bepi-Pellegrinon_Livanos_Armando-Da-Roit-1-150x150.jpg 150w, https:\/\/www.radiopiu.net\/wordpress\/wp-content\/uploads\/2022\/08\/Bepi-Pellegrinon_Livanos_Armando-Da-Roit-1-300x300.jpg 300w, https:\/\/www.radiopiu.net\/wordpress\/wp-content\/uploads\/2022\/08\/Bepi-Pellegrinon_Livanos_Armando-Da-Roit-1-1024x1024.jpg 1024w, https:\/\/www.radiopiu.net\/wordpress\/wp-content\/uploads\/2022\/08\/Bepi-Pellegrinon_Livanos_Armando-Da-Roit-1-768x768.jpg 768w, https:\/\/www.radiopiu.net\/wordpress\/wp-content\/uploads\/2022\/08\/Bepi-Pellegrinon_Livanos_Armando-Da-Roit-1-1536x1536.jpg 1536w, https:\/\/www.radiopiu.net\/wordpress\/wp-content\/uploads\/2022\/08\/Bepi-Pellegrinon_Livanos_Armando-Da-Roit-1.jpg 1811w\" sizes=\"auto, (max-width: 150px) 100vw, 150px\" \/><\/a>\n\t\t\t\t<\/dt><\/dl><dl class='gallery-item'>\n\t\t\t\t<dt class='gallery-icon landscape'>\n\t\t\t\t\t<a class=\"rollover rollover-zoom dt-pswp-item\" title=\"Luciano Marisaldi (Zanichelli)_Mario Rigoni Stern_Bepi Pellegrinon_Armando Da Roit_Loris Santomaso al Film Festival di Trento\" data-dt-img-description=\"\" data-large_image_width=\"1734\" data-large_image_height=\"1181\"href='https:\/\/www.radiopiu.net\/wordpress\/wp-content\/uploads\/2022\/08\/Luciano-Marisaldi-Zanichelli_Mario-Rigoni-Stern_Bepi-Pellegrinon_Armando-Da-Roit_Loris-Santomaso-al-Film-Festival-di-Trento.jpg'><img loading=\"lazy\" decoding=\"async\" width=\"150\" height=\"150\" src=\"https:\/\/www.radiopiu.net\/wordpress\/wp-content\/uploads\/2022\/08\/Luciano-Marisaldi-Zanichelli_Mario-Rigoni-Stern_Bepi-Pellegrinon_Armando-Da-Roit_Loris-Santomaso-al-Film-Festival-di-Trento-150x150.jpg\" class=\"attachment-thumbnail size-thumbnail\" alt=\"\" \/><\/a>\n\t\t\t\t<\/dt><\/dl><dl class='gallery-item'>\n\t\t\t\t<dt class='gallery-icon portrait'>\n\t\t\t\t\t<a class=\"rollover rollover-zoom dt-pswp-item\" title=\"Vincenzo Dal Bianco3\" data-dt-img-description=\"\" data-large_image_width=\"1452\" data-large_image_height=\"2560\"href='https:\/\/www.radiopiu.net\/wordpress\/wp-content\/uploads\/2022\/08\/Vincenzo-Dal-Bianco3-scaled.jpg'><img loading=\"lazy\" decoding=\"async\" width=\"150\" height=\"150\" src=\"https:\/\/www.radiopiu.net\/wordpress\/wp-content\/uploads\/2022\/08\/Vincenzo-Dal-Bianco3-150x150.jpg\" class=\"attachment-thumbnail size-thumbnail\" alt=\"\" \/><\/a>\n\t\t\t\t<\/dt><\/dl><dl class='gallery-item'>\n\t\t\t\t<dt class='gallery-icon portrait'>\n\t\t\t\t\t<a class=\"rollover rollover-zoom dt-pswp-item\" title=\"Pellegrinon-DalBianco_GISM Novalesa 2003 lu\" data-dt-img-description=\"\" data-large_image_width=\"1818\" data-large_image_height=\"2560\"href='https:\/\/www.radiopiu.net\/wordpress\/wp-content\/uploads\/2022\/08\/Pellegrinon-DalBianco_GISM-Novalesa-2003-lu-1-scaled.jpg'><img loading=\"lazy\" decoding=\"async\" width=\"150\" height=\"150\" src=\"https:\/\/www.radiopiu.net\/wordpress\/wp-content\/uploads\/2022\/08\/Pellegrinon-DalBianco_GISM-Novalesa-2003-lu-1-150x150.jpg\" class=\"attachment-thumbnail size-thumbnail\" alt=\"\" \/><\/a>\n\t\t\t\t<\/dt><\/dl><dl class='gallery-item'>\n\t\t\t\t<dt class='gallery-icon landscape'>\n\t\t\t\t\t<a class=\"rollover rollover-zoom dt-pswp-item\" title=\"0\" data-dt-img-description=\"\" data-large_image_width=\"1288\" data-large_image_height=\"1237\"href='https:\/\/www.radiopiu.net\/wordpress\/wp-content\/uploads\/2022\/08\/0-1.jpg'><img loading=\"lazy\" decoding=\"async\" width=\"150\" height=\"150\" src=\"https:\/\/www.radiopiu.net\/wordpress\/wp-content\/uploads\/2022\/08\/0-1-150x150.jpg\" class=\"attachment-thumbnail size-thumbnail\" alt=\"\" \/><\/a>\n\t\t\t\t<\/dt><\/dl><br style=\"clear: both\" \/><dl class='gallery-item'>\n\t\t\t\t<dt class='gallery-icon landscape'>\n\t\t\t\t\t<a class=\"rollover rollover-zoom dt-pswp-item\" title=\"516c933c-9bc7-49f3-97f6-1edb64012af6\" data-dt-img-description=\"\" data-large_image_width=\"1599\" data-large_image_height=\"899\"href='https:\/\/www.radiopiu.net\/wordpress\/wp-content\/uploads\/2022\/08\/516c933c-9bc7-49f3-97f6-1edb64012af6-rotated.jpg'><img loading=\"lazy\" decoding=\"async\" width=\"150\" height=\"150\" src=\"https:\/\/www.radiopiu.net\/wordpress\/wp-content\/uploads\/2022\/08\/516c933c-9bc7-49f3-97f6-1edb64012af6-150x150.jpg\" class=\"attachment-thumbnail size-thumbnail\" alt=\"\" \/><\/a>\n\t\t\t\t<\/dt><\/dl><dl class='gallery-item'>\n\t\t\t\t<dt class='gallery-icon landscape'>\n\t\t\t\t\t<a class=\"rollover rollover-zoom dt-pswp-item\" title=\"b39f85a7-c082-4f17-8bf8-5ed8bdc63826\" data-dt-img-description=\"\" data-large_image_width=\"2048\" data-large_image_height=\"1526\"href='https:\/\/www.radiopiu.net\/wordpress\/wp-content\/uploads\/2022\/08\/b39f85a7-c082-4f17-8bf8-5ed8bdc63826.jpg'><img loading=\"lazy\" decoding=\"async\" width=\"150\" height=\"150\" src=\"https:\/\/www.radiopiu.net\/wordpress\/wp-content\/uploads\/2022\/08\/b39f85a7-c082-4f17-8bf8-5ed8bdc63826-150x150.jpg\" class=\"attachment-thumbnail size-thumbnail\" alt=\"\" \/><\/a>\n\t\t\t\t<\/dt><\/dl><dl class='gallery-item'>\n\t\t\t\t<dt class='gallery-icon portrait'>\n\t\t\t\t\t<a class=\"rollover rollover-zoom dt-pswp-item\" title=\"8e0e21b2-9c32-418b-baa8-583c5dcce136\" data-dt-img-description=\"\" data-large_image_width=\"1287\" data-large_image_height=\"1636\"href='https:\/\/www.radiopiu.net\/wordpress\/wp-content\/uploads\/2022\/08\/8e0e21b2-9c32-418b-baa8-583c5dcce136.jpg'><img loading=\"lazy\" decoding=\"async\" width=\"150\" height=\"150\" src=\"https:\/\/www.radiopiu.net\/wordpress\/wp-content\/uploads\/2022\/08\/8e0e21b2-9c32-418b-baa8-583c5dcce136-150x150.jpg\" class=\"attachment-thumbnail size-thumbnail\" alt=\"\" \/><\/a>\n\t\t\t\t<\/dt><\/dl><dl class='gallery-item'>\n\t\t\t\t<dt class='gallery-icon landscape'>\n\t\t\t\t\t<a class=\"rollover rollover-zoom dt-pswp-item\" title=\"4a42006e-13cf-49e8-83a7-11921d5ec4f7\" data-dt-img-description=\"\" data-large_image_width=\"2048\" data-large_image_height=\"1383\"href='https:\/\/www.radiopiu.net\/wordpress\/wp-content\/uploads\/2022\/08\/4a42006e-13cf-49e8-83a7-11921d5ec4f7.jpg'><img loading=\"lazy\" decoding=\"async\" width=\"150\" height=\"150\" src=\"https:\/\/www.radiopiu.net\/wordpress\/wp-content\/uploads\/2022\/08\/4a42006e-13cf-49e8-83a7-11921d5ec4f7-150x150.jpg\" class=\"attachment-thumbnail size-thumbnail\" alt=\"\" \/><\/a>\n\t\t\t\t<\/dt><\/dl><dl class='gallery-item'>\n\t\t\t\t<dt class='gallery-icon portrait'>\n\t\t\t\t\t<a class=\"rollover rollover-zoom dt-pswp-item\" title=\"Tamis Storia Agordino\" data-dt-img-description=\"\" data-large_image_width=\"787\" data-large_image_height=\"939\"href='https:\/\/www.radiopiu.net\/wordpress\/wp-content\/uploads\/2022\/08\/Tamis-Storia-Agordino.jpg'><img loading=\"lazy\" decoding=\"async\" width=\"150\" height=\"150\" src=\"https:\/\/www.radiopiu.net\/wordpress\/wp-content\/uploads\/2022\/08\/Tamis-Storia-Agordino-150x150.jpg\" class=\"attachment-thumbnail size-thumbnail\" alt=\"\" \/><\/a>\n\t\t\t\t<\/dt><\/dl><br style=\"clear: both\" \/>\n\t\t\t<\/div>\n\n<p>&nbsp;<\/p>\n<hr \/>\n<p>&nbsp;<\/p>\n<blockquote>\n<h3>RITORNA SPORT IN PIAZZA<\/h3>\n<\/blockquote>\n<p><strong><a class=\"dt-pswp-item\" href=\"https:\/\/www.radiopiu.net\/wordpress\/wp-content\/uploads\/2022\/08\/dowSnload.jpg\" data-dt-img-description=\"\" data-large_image_width=\"259\" data-large_image_height=\"194\"><img loading=\"lazy\" decoding=\"async\" class=\"size-thumbnail wp-image-295238 alignleft\" src=\"https:\/\/www.radiopiu.net\/wordpress\/wp-content\/uploads\/2022\/08\/dowSnload-150x150.jpg\" alt=\"\" width=\"150\" height=\"150\" \/><\/a>AGORDO<\/strong><\/p>\n<p>di Gianni Santomaso<\/p>\n<audio class=\"wp-audio-shortcode\" id=\"audio-295257-3\" preload=\"none\" style=\"width: 100%;\" controls=\"controls\"><source type=\"audio\/mpeg\" src=\"https:\/\/www.radiopiu.net\/wordpress\/wp-content\/uploads\/2022\/08\/GIANNI-SPORT-IN-PIAZZA.mp3?_=3\" \/><a href=\"https:\/\/www.radiopiu.net\/wordpress\/wp-content\/uploads\/2022\/08\/GIANNI-SPORT-IN-PIAZZA.mp3\">https:\/\/www.radiopiu.net\/wordpress\/wp-content\/uploads\/2022\/08\/GIANNI-SPORT-IN-PIAZZA.mp3<\/a><\/audio>\n<p>&nbsp;<\/p>\n<hr \/>\n<p>&nbsp;<\/p>\n<blockquote>\n<h3>GLI EVENTI DELLA FONDAZIONE PAPA LUCIANI<\/h3>\n<\/blockquote>\n<p><strong><a class=\"dt-pswp-item\" href=\"https:\/\/www.radiopiu.net\/wordpress\/wp-content\/uploads\/2021\/08\/papa-luciani-2.jpg\" data-dt-img-description=\"\" data-large_image_width=\"1200\" data-large_image_height=\"800\"><img loading=\"lazy\" decoding=\"async\" class=\"size-thumbnail wp-image-229320 alignleft\" src=\"https:\/\/www.radiopiu.net\/wordpress\/wp-content\/uploads\/2021\/08\/papa-luciani-2-150x150.jpg\" alt=\"\" width=\"150\" height=\"150\" \/><\/a>CANALE D&#8217;AGORDO <\/strong>La Fondazione Papa Luciani \u00e8 lieta di condividere gli eventi principali in prossimit\u00e0 della beatificazione di Papa Luciani nel suo paese natale. In particolare segnaliamo domenica 4 settembre a partire dalle ore 10.00 e fino alle ore 14.00 l&#8217;annullo filatelico speciale presso la Sala Consiliare del municipio e dalle 10.30 la diretta live da Piazza San Pietro in Piazza Papa Luciani (per prenotazioni posti rivolgersi allo 04371948001, whatsapp 3779665237 FONDAZIONE PAPA LUCIANI ONLUS). La cerimonia di beatificazione sar\u00e0 trasmessa in diretta su Rai 1, tv2000, Antenna 3 e su Vatican News con telecronaca in 6 lingue. Domenica 11 settembre alle ore 16.00 in Piazza Papa Luciani e Piazza Salvatore Serafini (retro municipio) solenne Messa di ringraziamento alla presenza dei vescovi del Veneto (prenotazione posti al link <a href=\"http:\/\/www.chiesabellunofeltre.it\/tre-diocesi-un-unico-grazie\/?fbclid=IwAR0Iu1PaivfG8yxS19_GeNzohHIrfv9tLodjQp5aOi5sZUQmqlI6a13VwFM\">http:\/\/www.chiesabellunofeltre.it\/tre-diocesi-un-unico&#8230;\/<\/a> DIOCESI DI BELLUNO-FELTRE). Per informazioni e aggiornamenti circa la viabilit\u00e0 nelle due giornate del 4 e dell&#8217;11 si consiglia di consultare l&#8217;albo pretorio del Comune di Canale d&#8217;Agordo (<a href=\"https:\/\/l.facebook.com\/l.php?u=https%3A%2F%2Fcanaledagordo.trasparenza-valutazione-merito.it%2Fweb%2Ftrasparenza%2Fmenu-albo-pretorio%3Ffbclid%3DIwAR0Iu1PaivfG8yxS19_GeNzohHIrfv9tLodjQp5aOi5sZUQmqlI6a13VwFM&amp;h=AT1wrugumLk5NpOaMmE7R8LZ1CEza6804m9eMGjMXU4DHXJs9InJ2y48CMJTn3sSy7mIqAKhzAKXmozFllwAjEZwuVQb6ZFK2JKhWZ_PdEMVOrz2eFPaHANzmLSyDhNsJ8Y&amp;__tn__=-UK-R&amp;c%5B0%5D=AT2_Vci4ivKKKpLHz4E8Dm2Gnjy8hVjB4Bzatjg9XBBIwKdYW6opRGI3MU_45AfdH8a-G1p_x0_j_4i0sOrJupfa0Ni9zq6fKa2ZJ_dXUi0LzveSqdv1BxdmKivxuheguUjwof20KwHy208OLJqgIImGoJqpJ5Ku5txkCGLyBgVdcMK3D9X1LQudPkvXFPpywUQl4Qii0qfDPyccWQMYg_7dqP3UG0MdRA\">https:\/\/canaledagordo.trasparenza-valutazione-merito.it\/&#8230;<\/a>).<\/p>\n<p>&nbsp;<\/p>\n<p>&nbsp;<\/p>\n<hr \/>\n<p>&nbsp;<\/p>\n<blockquote>\n<h3>A VOLTAGO IL CONSIGLIO COMUNALE<\/h3>\n<\/blockquote>\n<p><strong>VOLTAGO<\/strong> \u00c8 in programma per domani alle 20 presso la sala consigliare del municipio di Voltago il consiglio comunale. Il sindaco ha convocato i consiglieri comunali per parlare di una variazione al bilancio di previsione 2022\/23.<\/p>\n<p>&nbsp;<\/p>\n<p>&nbsp;<\/p>\n<hr \/>\n<p>&nbsp;<\/p>\n<blockquote>\n<h3>PROSEGUONO LE VISITE ALL&#8217;EX MANICOMIO PROVINCIALE DI FELTRE<\/h3>\n<\/blockquote>\n<p><strong><a class=\"dt-pswp-item\" href=\"https:\/\/www.radiopiu.net\/wordpress\/wp-content\/uploads\/2022\/08\/IMG_1671.jpg\" data-dt-img-description=\"\" data-large_image_width=\"1024\" data-large_image_height=\"683\"><img loading=\"lazy\" decoding=\"async\" class=\"size-thumbnail wp-image-295273 alignleft\" src=\"https:\/\/www.radiopiu.net\/wordpress\/wp-content\/uploads\/2022\/08\/IMG_1671-150x150.jpg\" alt=\"\" width=\"150\" height=\"150\" \/><\/a>BELLUNO<\/strong> Tornano sabato 10 e 17 settembre e 8 ottobre le visite all\u2019ex manicomio di Feltre a seguito delle molte richieste di partecipazione giunte alla Biblioteca Civica di Belluno che ha organizzato nei mesi scorsi gia\u0300 8 appuntamenti. Saranno narrati 247 anni di storia di questo luogo che originariamente ospitava il convento degli Agostiniani dove venivano accolte persone in stato di necessita\u0300, per ampliarsi poi nel 1873 e piu\u0300 volte nel corso del Novecento, ospitando dal 1911 quello che sara\u0300 il Manicomio provinciale. Con il supporto della testimonianza dell\u2019ex infermiere Romano Scopel, si percorreranno i grandi spazi esterni e le vite dei ricoverati fino alla promulgazione della celebre Legge Basaglia nel 1978 che porto\u0300 alla chiusura dei manicomi in tutta Italia e allo sviluppo della moderna psichiatria. Avvenuta definitivamente a Feltre nel 1996. Appuntamento alle ore 10.00 davanti all\u2019ingresso in Via Borgo Ruga a Feltre. Le visite sono patrocinate dal Comune di Feltre e organizzate grazie alla disponibilita\u0300 dell\u2019AULSS 1 Dolomiti. Per partecipare all\u2019appuntamento e\u0300 obbligatoria la prenotazione contattando la Biblioteca (Palazzo Bembo, Via Loreto \u2013 biblioteca@comune.belluno.it \u2013 0437\/948093, massimo 30 persone). Il costo di \u20ac 5 potra\u0300 essere versato il giorno della visita.<\/p>\n<p>&nbsp;<\/p>\n<p>&nbsp;<\/p>\n<hr \/>\n<p>&nbsp;<\/p>\n<blockquote>\n<h3>L&#8217;AIDO ORGANIZZA UN INCONTRO A SAN VITO DI CADORE<\/h3>\n<\/blockquote>\n<p><strong><a class=\"dt-pswp-item\" href=\"https:\/\/www.radiopiu.net\/wordpress\/wp-content\/uploads\/2022\/06\/AIDO.png\" data-dt-img-description=\"\" data-large_image_width=\"233\" data-large_image_height=\"233\"><img loading=\"lazy\" decoding=\"async\" class=\" wp-image-279760 alignleft\" src=\"https:\/\/www.radiopiu.net\/wordpress\/wp-content\/uploads\/2022\/06\/AIDO-150x150.png\" alt=\"\" width=\"90\" height=\"90\" srcset=\"https:\/\/www.radiopiu.net\/wordpress\/wp-content\/uploads\/2022\/06\/AIDO-150x150.png 150w, https:\/\/www.radiopiu.net\/wordpress\/wp-content\/uploads\/2022\/06\/AIDO.png 233w\" sizes=\"auto, (max-width: 90px) 100vw, 90px\" \/><\/a>SAN VITO DI CADORE<\/strong> Domani alle 20.30, la sala polifunzionale di San Vito di Cadore sara\u0300 protagonista di una serata dedicata ai trapianti. L&#8217;Aido Belluno ha infatti deciso di organizzare una serata denominata &#8220;Dopo il trapianto il Monte Rosa, dal sogno alla realta\u0300&#8221;, durante la quale il vice presidente dell&#8217;associazione, Mirko Dalle Mulle, portera\u0300 la propria testimonianza al pubblico presente in sala, cogliendo inoltre l&#8217;occasione per presentare la propria autobiografia &#8220;Fragili coraggiosi&#8221;, scritta da Orazio Longo.<\/p>\n<p>&nbsp;<\/p>\n<p>&nbsp;<\/p>\n<hr \/>\n<p>&nbsp;<\/p>\n<blockquote>\n<h3>LA FESTA DEI 100 ANNI DEL GRUPPO SPORTIVO FRASSENE&#8217;<\/h3>\n<\/blockquote>\n<p><strong><a class=\"dt-pswp-item\" href=\"https:\/\/www.radiopiu.net\/wordpress\/wp-content\/uploads\/2022\/08\/Schermata-2022-08-04-alle-12.23.41.png\" data-dt-img-description=\"\" data-large_image_width=\"1336\" data-large_image_height=\"1014\"><img loading=\"lazy\" decoding=\"async\" class=\"alignleft wp-image-290914 \" src=\"https:\/\/www.radiopiu.net\/wordpress\/wp-content\/uploads\/2022\/08\/Schermata-2022-08-04-alle-12.23.41-300x228.png\" alt=\"\" width=\"158\" height=\"120\" srcset=\"https:\/\/www.radiopiu.net\/wordpress\/wp-content\/uploads\/2022\/08\/Schermata-2022-08-04-alle-12.23.41-300x228.png 300w, https:\/\/www.radiopiu.net\/wordpress\/wp-content\/uploads\/2022\/08\/Schermata-2022-08-04-alle-12.23.41-1024x777.png 1024w, https:\/\/www.radiopiu.net\/wordpress\/wp-content\/uploads\/2022\/08\/Schermata-2022-08-04-alle-12.23.41-768x583.png 768w, https:\/\/www.radiopiu.net\/wordpress\/wp-content\/uploads\/2022\/08\/Schermata-2022-08-04-alle-12.23.41.png 1336w\" sizes=\"auto, (max-width: 158px) 100vw, 158px\" \/><\/a>VOLTAGO <\/strong>1922-2022 il primo secolo di vita del Gruppo Sportivo Frassen\u00e8: tre giorni di eventi al tendone nel parcheggio della chiesa. Venerdi&#8217; 9 settembre alle 18 apertura stand gastronomico e serata musicale con Sabrina Silvestrin. Sabato 10 voli panoramici in elicottero dalle 10 alle 15 e, fino alle 17 mercatini dell&#8217;artigianato, dalle 10 torneo di calcio del Poi, a mezzogiorno stand gastronomico, 16.30 Frassene&#8217; Cross, gare podistiche non competitive, 17 aperitivo con DJ Morgan e Battaglia, 19 cena e premiazioni, dalle 21 serata musicale con I Riflesso, chiusura con DJ Morgan e Battaglia. Domenica 11 alle 10 mostra sui 100 anni del Gruppo Sportivo Frassene&#8217; presso l&#8217;ex scuola Paolo Mosca, 11 sfilata dei gruppi associativi per le vie del paese, 12.30 pranzo, 15 presentazione libro &#8220;Il Primo Secolo Di Vita&#8221;. Il ricavato sar\u00e0 devoluto al Gruppo Sportivo Frasssen\u00e8.<\/p>\n<p>&nbsp;<\/p>\n<blockquote>\n<h3>LO SPECIALE ALLA RADIO<\/h3>\n<p><span style=\"color: #ff0000;\"><strong>OSPITI,\u00a0 YURI PARISSENTI PRESIDENTE GRUPPO SPORTIVO FRASSENE&#8217;,\u00a0 SHARON DE MARCO\u00a0<\/strong><\/span><\/p><\/blockquote>\n<audio class=\"wp-audio-shortcode\" id=\"audio-295257-4\" preload=\"none\" style=\"width: 100%;\" controls=\"controls\"><source type=\"audio\/mpeg\" src=\"https:\/\/www.radiopiu.net\/wordpress\/wp-content\/uploads\/2022\/08\/gruppo-sportivo-frassene-SPECIALE.mp3?_=4\" \/><a href=\"https:\/\/www.radiopiu.net\/wordpress\/wp-content\/uploads\/2022\/08\/gruppo-sportivo-frassene-SPECIALE.mp3\">https:\/\/www.radiopiu.net\/wordpress\/wp-content\/uploads\/2022\/08\/gruppo-sportivo-frassene-SPECIALE.mp3<\/a><\/audio>\n<p>&nbsp;<\/p>\n<hr \/>\n<p>&nbsp;<\/p>\n<blockquote>\n<h3><a class=\"dt-pswp-item\" href=\"https:\/\/www.radiopiu.net\/wordpress\/wp-content\/uploads\/2022\/08\/CammiNATURAlmente-settembre-22.jpg\" data-dt-img-description=\"\" data-large_image_width=\"2560\" data-large_image_height=\"1920\"><img loading=\"lazy\" decoding=\"async\" class=\"size-thumbnail wp-image-294409 alignleft\" src=\"https:\/\/www.radiopiu.net\/wordpress\/wp-content\/uploads\/2022\/08\/CammiNATURAlmente-settembre-22-150x150.jpg\" alt=\"\" width=\"150\" height=\"150\" \/><\/a>CAMMINATURALMENTE A SETTEMBRE<\/h3>\n<\/blockquote>\n<p><span dir=\"ltr\" role=\"presentation\">La Biblioteca civica di Belluno propone due nuovi itinerari naturalistici e ambientali <\/span><span dir=\"ltr\" role=\"presentation\">accompagnati da Anacleto Boranga. <\/span><span dir=\"ltr\" role=\"presentation\">\u00a0Sabato 3 con \u201cIl borgo di Sitran e i frutti dell\u2019albero <\/span><span dir=\"ltr\" role=\"presentation\">della<\/span> <span dir=\"ltr\" role=\"presentation\">bicicletta\u201d<\/span> <span dir=\"ltr\" role=\"presentation\">e<\/span> <span dir=\"ltr\" role=\"presentation\">si svolger\u00e0 a<\/span> <span dir=\"ltr\" role=\"presentation\">Sitran. <\/span><span dir=\"ltr\" role=\"presentation\">Il percorso sar\u00e0 guidato da Giorgio Vazza, artista eclettico<\/span><span dir=\"ltr\" role=\"presentation\">.\u00a0 Alla visita del borgo seguir\u00e0 una breve passeggiata per <\/span><span dir=\"ltr\" role=\"presentation\">ammirare il sorprendente castagno che ha inglobato una bicicletta e per questo \u00e8 <\/span><span dir=\"ltr\" role=\"presentation\">stato censito tra gli Alberi Monumentali. <\/span><span dir=\"ltr\" role=\"presentation\">Il secondo appuntamento si svolger\u00e0 domenica 25 settembre, con \u201cVal di Seren \u2013 Il <\/span><span dir=\"ltr\" role=\"presentation\">percorso<\/span> <span dir=\"ltr\" role=\"presentation\">dei<\/span> <span dir=\"ltr\" role=\"presentation\">fojaroi<\/span><span dir=\"ltr\" role=\"presentation\">\u201d,<\/span> <span dir=\"ltr\" role=\"presentation\">un<\/span> <span dir=\"ltr\" role=\"presentation\">rilassante<\/span> <span dir=\"ltr\" role=\"presentation\">itinerario<\/span> <span dir=\"ltr\" role=\"presentation\">ad<\/span> <span dir=\"ltr\" role=\"presentation\">anello<\/span> <span dir=\"ltr\" role=\"presentation\">in<\/span> <span dir=\"ltr\" role=\"presentation\">una<\/span> <span dir=\"ltr\" role=\"presentation\">valle<\/span> <span dir=\"ltr\" role=\"presentation\">in<\/span> <span dir=\"ltr\" role=\"presentation\">passato <\/span><span dir=\"ltr\" role=\"presentation\">intensamente<\/span> <span dir=\"ltr\" role=\"presentation\">abitata,<\/span> <span dir=\"ltr\" role=\"presentation\">ma<\/span> <span dir=\"ltr\" role=\"presentation\">che<\/span> <span dir=\"ltr\" role=\"presentation\">oggi<\/span> <span dir=\"ltr\" role=\"presentation\">risulta<\/span> <span dir=\"ltr\" role=\"presentation\">quasi<\/span> <span dir=\"ltr\" role=\"presentation\">completamente<\/span> <span dir=\"ltr\" role=\"presentation\">abbandonata. <\/span><span dir=\"ltr\" role=\"presentation\">Informazioni <\/span><span dir=\"ltr\" role=\"presentation\">sugli itinerari possono essere richieste a Anacleto Boranga, telefono 340 876 9665\u00a0<\/span><\/p>\n<p>&nbsp;<\/p>\n<p>&nbsp;<\/p>\n<p>&nbsp;<\/p>\n<hr \/>\n<p>&nbsp;<\/p>\n<blockquote>\n<h3><a class=\"dt-pswp-item\" href=\"https:\/\/www.radiopiu.net\/wordpress\/wp-content\/uploads\/2022\/08\/cartolina_promo_concorso_emi_abm.jpg\" data-dt-img-description=\"\" data-large_image_width=\"1181\" data-large_image_height=\"787\"><img loading=\"lazy\" decoding=\"async\" class=\" wp-image-294392 alignleft\" src=\"https:\/\/www.radiopiu.net\/wordpress\/wp-content\/uploads\/2022\/08\/cartolina_promo_concorso_emi_abm-150x150.jpg\" alt=\"\" width=\"117\" height=\"117\" \/><\/a>RACCONTARE L&#8217;EMIGRAZIONE VENETA, IL CONCORSO LETTERARIO DELL&#8217;ABM<\/h3>\n<\/blockquote>\n<p><strong>BELLUNO <\/strong>L&#8217;Associazione Bellunesi nel Mondo ha bandito un concorso letterario Intitolato \u201cRaccontare l&#8217;emigrazione veneta\u201d, \u00e8 dedicato a racconti inediti e originali, reali o di fantasia, in lingua italiana. La partecipazione, gratuita, \u00e8 aperta a chiunque abbia almeno sedici anni\u00a0La scadenza per l&#8217;invio degli elaborati, da spedire via email a <a class=\"moz-txt-link-abbreviated\" href=\"mailto:concorsoemigrazione@bellunesinelmondo.it\">concorsoemigrazione@bellunesinelmondo.it<\/a>, \u00e8 fissata al 4 novembre 2022. Il bando completo del concorso\u00a0 \u00e8 disponibile sul sito: <a class=\"moz-txt-link-abbreviated\" href=\"http:\/\/www.bellunesinelmondo.it\">www.bellunesinelmondo.it<\/a>.<\/p>\n<p>&nbsp;<\/p>\n<hr \/>\n<p>&nbsp;<\/p>\n<blockquote>\n<h3>IL DESERTO DEI TARTARI A BELLUNO<\/h3>\n<\/blockquote>\n<p><strong>BELLUNO <\/strong>Ultimi appuntamenti per Buzz@TI\/Amo, la rassegna voluta dall\u2019Associazione Culturale Villa Buzzati S. Pellegrino il granaio per celebrare i cinquant\u2019anni dalla morte dello scrittore bellunese. Sabato 3 settembre alle 20:45, nello splendido giardino della villa di S. Pellegrino alle porte di Belluno, torna il teatro con una prima assoluta per la citt\u00e0. La compagnia Trento Spettacoli metter\u00e0 in scena, \u2018Il deserto dei Tartari\u2019, pi\u00e8ce teatrale, da un adattamento dell\u2019omonimo romanzo, forse il pi\u00f9 noto di Dino Buzzati, che ha riscosso numerosi successi in tutta Italia.<\/p>\n<p>&nbsp;<\/p>\n<p>&nbsp;<\/p>\n<hr \/>\n<p>&nbsp;<\/p>\n<blockquote>\n<h3>A VALPIANA SI RAPPRESENTA BUZZATI<\/h3>\n<\/blockquote>\n<p><strong>LIMANA <\/strong>Continuano le iniziative del 50\u00b0 anno dalla morte dello scrittore Dino Buzzati ed il Comune di Limana \u00e8 lieto di invitarvi alla rappresentazione teatrale &#8220;<em>Sono vere oppure \u00e8 un sogno?<\/em>&#8221; che si terr\u00e0 <span id=\"OBJ_PREFIX_DWT256_com_zimbra_date\" class=\"Object\">DOMENICA<\/span> 4 <span id=\"OBJ_PREFIX_DWT253_com_zimbra_date\" class=\"Object\">SETTEMBRE <\/span>alle ore 18.00 presso la Casa degli Alpini a Valpiana. Ingresso gratuito<\/p>\n<p>&nbsp;<\/p>\n<p>&nbsp;<\/p>\n<hr \/>\n<p>&nbsp;<\/p>\n<blockquote>\n<h3>DUE APPUNTAMENTI CON LE MUSE E LE DOLOMITI<\/h3>\n<\/blockquote>\n<p><a class=\"dt-pswp-item\" href=\"https:\/\/www.radiopiu.net\/wordpress\/wp-content\/uploads\/2022\/08\/ConcertoSolidarieta\u03002021.jpeg\" data-dt-img-description=\"Le Muse e le Dolomiti - concerto di solidariet\u00e0 Midori Nmikawa soprano, Oda Zoe Hochscheid contralto, Hun Kim tenore, Kwang Park basso Coro Citt\u00e0 di Piazzolla sul Brenta dir.Paolo Piana\" data-large_image_width=\"1280\" data-large_image_height=\"853\"><img loading=\"lazy\" decoding=\"async\" class=\"wp-image-294261 alignleft\" src=\"https:\/\/www.radiopiu.net\/wordpress\/wp-content\/uploads\/2022\/08\/ConcertoSolidarieta\u03002021-300x200.jpeg\" alt=\"\" width=\"257\" height=\"171\" srcset=\"https:\/\/www.radiopiu.net\/wordpress\/wp-content\/uploads\/2022\/08\/ConcertoSolidarieta\u03002021-300x200.jpeg 300w, https:\/\/www.radiopiu.net\/wordpress\/wp-content\/uploads\/2022\/08\/ConcertoSolidarieta\u03002021-1024x682.jpeg 1024w, https:\/\/www.radiopiu.net\/wordpress\/wp-content\/uploads\/2022\/08\/ConcertoSolidarieta\u03002021-768x512.jpeg 768w, https:\/\/www.radiopiu.net\/wordpress\/wp-content\/uploads\/2022\/08\/ConcertoSolidarieta\u03002021.jpeg 1280w\" sizes=\"auto, (max-width: 257px) 100vw, 257px\" \/><\/a>Nel mese di settembre l\u2019Associazione propone due eventi di particolare rilievo.<strong> Sabato 3 settembre \u2013 a Cavalese<\/strong>\u00a0 dalle 21 con ingresso libero, lo Stabat Mater di Giovanni Battista Pergolesi, cantato da Costanza Fontana, soprano e Oda Zoe Hochscheid, contralto. Suoneranno i musicisti della rinomata \u201cAccademia Italiana Strumentale\u201d, composta da strumentisti che collaborano con i pi\u00f9 grandi direttori a livello mondiale e gestita artisticamente da Alberto Rasi.\u00a0 <strong>Sabato 10 settembre a Canale d\u2019Agordo \u2013<\/strong>\u00a0 alle 20.30 con ingresso libero \u201cUna guarigione miracolosa\u201d con Candela Giarda. La giovane argentina racconter\u00e0 come lei, gravemente ammalata, \u00e8 tornata miracolosamente in salute. Moderer\u00e0 l&#8217;incontro Loris Serafini, direttore della Fondazione Papa Luciani di Canale d\u2019Agordo. \u201cLe Muse e le Dolomiti\u201d canteranno e suoneranno brani sacri\u00a0 con \u00a0la partecipazione del \u201cCoro Citt\u00e0 Piazzola sul Brenta\u201d,\u00a0 il mezzosoprano Oda Zoe Hochscheid, la violinista Myriam Dal Don e l\u2019organista Ai Yoshida<\/p>\n<p>&nbsp;<\/p>\n<p>&nbsp;<\/p>\n<hr \/>\n<p>&nbsp;<\/p>\n<blockquote>\n<h3>RIPARTONO I CORSI DELL&#8217;ADA<\/h3>\n<\/blockquote>\n<div style=\"width: 848px;\" class=\"wp-video\"><video class=\"wp-video-shortcode\" id=\"video-295257-3\" width=\"848\" height=\"480\" preload=\"metadata\" controls=\"controls\"><source type=\"video\/mp4\" src=\"https:\/\/www.radiopiu.net\/wordpress\/wp-content\/uploads\/2022\/08\/WhatsApp-Video-2022-08-30-at-17.21.20.mp4?_=3\" \/><a href=\"https:\/\/www.radiopiu.net\/wordpress\/wp-content\/uploads\/2022\/08\/WhatsApp-Video-2022-08-30-at-17.21.20.mp4\">https:\/\/www.radiopiu.net\/wordpress\/wp-content\/uploads\/2022\/08\/WhatsApp-Video-2022-08-30-at-17.21.20.mp4<\/a><\/video><\/div>\n<p>&nbsp;<\/p>\n<hr \/>\n<p>&nbsp;<\/p>\n<blockquote>\n<h3>I BENEMERITI GIORDANI DI CLAUT COLLEGARONO CON PASSIONE LA VAL CELLINA CON LONGARONE<\/h3>\n<\/blockquote>\n<p><strong>di Renato Bona<\/strong><\/p>\n<p>Numerose ed interessanti le notizie che il pordenonese Giovanni Giordani, titolare dell\u2019omonima azienda che si occupa dei collegamenti con autocorriera da Claut a Longarone, ha fornito a Renato Fiabane e Lionello Fiori che hanno realizzato (luglio 2000, Tipografia Piave) il prezioso volume intitolato: \u201cUn secolo in corriera nella provincia di Belluno\u201d, voluto da DolomitiBus e che ha usufruito del contributo della Provincia di Belluno, dei Comuni di Belluno e Sedico, del Comitato festeggiamenti Bribano e del Circolo bellunese \u201cBerto Gidoni\u201d &#8211; Auto-moto d\u2019epoca\u201d. Oggi parliamo di trasporto pubblico con autocorriere, in base a quanto riferito da titolare della ditta Giordani, agli autori del libro, relativamente al collegamento della Val Cellina con Longarone. Ricordando che \u201cle genti del Vajont debbono il collegamento all\u2019interesse strategico-militare delle valli dell\u2019arco prealpino, che indusse lo Stato a costruire una strada che, nelle originarie intenzioni, doveva tutte collegarle, permettendo la messa a punto di efficaci strategie di difesa-offesa in caso di conflitti armati\u201d. L\u2019impegnativo progetto del Genio militare del 1914 port\u00f2 alla costruzione \u201cdell\u2019ardito ponte sul Colomber (a 138 metri dal sottostante torrente Vajont) e rese agibile la strada che per la prima volta collegava la Val Vajont alla valle del Piave. Un evento di portata storica, che toglieva da un isolamento millenario la comunit\u00e0 erto-cassanese e dell\u2019alta Val Cellina, resa agibile pochi anni prima nel versante friulano, della strada costruita contestualmente all\u2019impianto idraulico della Molassa, destinato a fornire energia elettrica al Veneto e al Friuli\u201d. E\u2019 allora &#8211; si legge nel libro della Deon Cardin &#8211; che Giacomo Giordani interpret\u00f2 gli eventi come un\u2019opportunit\u00e0 da cogliere e \u201csubito estese il servizio di procaccia postale &#8211; che dal 1901 esercitava sull\u2019asse Claut-Cimolais-Erto fino a Longarone, dotandolo di carrozze a cavalli e accettando i pesanti oneri imposti nell\u2019atto di concessione della direzione provinciale delle Poste di Belluno\u201d. Ottenuta la concessione definitiva, \u201cil 29 luglio 1922 avvi\u00f2 corse regolari sulle linee Claut-Erto-Longarone e Claut-Montereale, assicurando il servizio postale e passeggeri con due autocorriere Fiat 18 P. a benzina (in grado di mantenere una velocit\u00e0 di 40 chilometri l\u2019ora) e un terzo veicolo di riserva (un C.M.C. americano tipo ambulanza, carrozzato per trasporto persone, pure quest\u2019ultimo a benzina)\u201d. Ancora: Della linea Claut-Montereale. che pi\u00f9 tardi il padre Giacomo gli assegn\u00f2 per testamento, si occup\u00f2 direttamente Terzo; della Claut-Longarone gli altri fratelli, in particolare Quarto, che in primissima persona speriment\u00f2 le difficolt\u00e0 di un tracciato arditissimo, suggestivo, ma quanto mai pericoloso (lo si vede ancora oggi dalle nuove gallerie: una ripida parete di roccia da un lato e la forra del torrente dell\u2019altro, il fondo stradale (non asfaltato) infido d\u2019estate per l\u2019acqua che scendeva dall\u2019alto; ghiacciato e innevato d\u2019inverno (tant\u2019\u00e8 che, prima della partenza, si caricava sulla corriera un adeguato quantitativo di sabbia da spargere sui punti pi\u00f9 scivolosi). E per salvaguardare il carico di valige, pacchi ed altro si provvedeva nel viaggio Claut-Longarone a sistemarlo sulla destra e al ritorno, sulla sinistra per evitare che urtasse contro le sporgenze della roccia. Insomma: diverse situazioni di emergenza affrontate con coraggio e superate, va detto, anche con una certa dose di fortuna. E\u2019 del 1956 l\u2019entrata in azienda della terza generazione dei Giordani, quella rappresentata dal figlio di Quinto, Giovanni, il quale \u201cha saputo guadagnarsi stima e considerazione per la correttezza dei rapporti con gli operatori del settore, con l\u2019utenza, con i dipendenti, ma soprattutto per la tenacia e la passione da lui dimostrate nelle situazioni pi\u00f9 difficili, fossero queste di natura economica o derivate da imprevisti propri dell\u2019attivit\u00e0\u201d. Ci avviamo a conclusione ricordando che all\u2019indomani della catastrofe del Vajont la Giordani (sede a Pordenone, 14 corriere in servizio di linea con percorrenza di 690 mila chilometri annui, 9 pullman per il turismo) \u201cnonostante l\u2019esiguit\u00e0 del traffico e gli alti costi di gestione, istitu\u00ec il collegamento della Val Cellina con la Valle del Piave e, segnatamente, con Longarone e Belluno attraverso Pordenone, Sacile, Vittorio Veneto e Ponte nelle Alpi, contribuendo in tal modo ad evitare la diaspora della comunit\u00e0 ertana e a tutelare l\u2019identit\u00e0 delle comunit\u00e0 colpite\u201d. Non va poi dimenticato che nel 1966 l\u2019alluvione isol\u00f2 ancora una volte le valli del Vajont e Cellina ma fu deciso il transito sulla pista tracciata dall\u2019Anas sopra l\u2019immensa frana del Toc, ripristinando in tal modo i collegamenti\u201d.<\/p>\n\n\t\t\t<style type='text\/css'>\n\t\t\t\t#gallery-7 {\n\t\t\t\t\tmargin: auto;\n\t\t\t\t}\n\t\t\t\t#gallery-7 .gallery-item {\n\t\t\t\t\tfloat: left;\n\t\t\t\t\tmargin-top: 10px;\n\t\t\t\t\ttext-align: center;\n\t\t\t\t\twidth: 33%;\n\t\t\t\t}\n\t\t\t\t#gallery-7 img {\n\t\t\t\t\tborder: 2px solid #cfcfcf;\n\t\t\t\t}\n\t\t\t\t#gallery-7 .gallery-caption {\n\t\t\t\t\tmargin-left: 0;\n\t\t\t\t}\n\t\t\t\t\/* see gallery_shortcode() in wp-includes\/media.php *\/\n\t\t\t<\/style>\n\t\t<div id='gallery-7' class='dt-gallery-container gallery galleryid-295257 gallery-columns-3 gallery-size-thumbnail'><dl class='gallery-item'>\n\t\t\t\t<dt class='gallery-icon landscape'>\n\t\t\t\t\t<a class=\"rollover rollover-zoom dt-pswp-item\" title=\"301025736_589805992615254_5687272261293723491_n\" data-dt-img-description=\"\" data-large_image_width=\"663\" data-large_image_height=\"403\"href='https:\/\/www.radiopiu.net\/wordpress\/wp-content\/uploads\/2022\/08\/301025736_589805992615254_5687272261293723491_n.jpg'><img loading=\"lazy\" decoding=\"async\" width=\"150\" height=\"150\" src=\"https:\/\/www.radiopiu.net\/wordpress\/wp-content\/uploads\/2022\/08\/301025736_589805992615254_5687272261293723491_n-150x150.jpg\" class=\"attachment-thumbnail size-thumbnail\" alt=\"\" \/><\/a>\n\t\t\t\t<\/dt><\/dl><dl class='gallery-item'>\n\t\t\t\t<dt class='gallery-icon landscape'>\n\t\t\t\t\t<a class=\"rollover rollover-zoom dt-pswp-item\" title=\"300839177_3184136528504900_9025781782109586498_n\" data-dt-img-description=\"\" data-large_image_width=\"735\" data-large_image_height=\"403\"href='https:\/\/www.radiopiu.net\/wordpress\/wp-content\/uploads\/2022\/08\/300839177_3184136528504900_9025781782109586498_n.jpg'><img loading=\"lazy\" decoding=\"async\" width=\"150\" height=\"150\" src=\"https:\/\/www.radiopiu.net\/wordpress\/wp-content\/uploads\/2022\/08\/300839177_3184136528504900_9025781782109586498_n-150x150.jpg\" class=\"attachment-thumbnail size-thumbnail\" alt=\"\" \/><\/a>\n\t\t\t\t<\/dt><\/dl><dl class='gallery-item'>\n\t\t\t\t<dt class='gallery-icon landscape'>\n\t\t\t\t\t<a class=\"rollover rollover-zoom dt-pswp-item\" title=\"302079418_5340419719419058_7779278056480906262_n\" data-dt-img-description=\"\" data-large_image_width=\"659\" data-large_image_height=\"403\"href='https:\/\/www.radiopiu.net\/wordpress\/wp-content\/uploads\/2022\/08\/302079418_5340419719419058_7779278056480906262_n.jpg'><img loading=\"lazy\" decoding=\"async\" width=\"150\" height=\"150\" src=\"https:\/\/www.radiopiu.net\/wordpress\/wp-content\/uploads\/2022\/08\/302079418_5340419719419058_7779278056480906262_n-150x150.jpg\" class=\"attachment-thumbnail size-thumbnail\" alt=\"\" \/><\/a>\n\t\t\t\t<\/dt><\/dl><br style=\"clear: both\" \/><dl class='gallery-item'>\n\t\t\t\t<dt class='gallery-icon landscape'>\n\t\t\t\t\t<a class=\"rollover rollover-zoom dt-pswp-item\" title=\"300395244_396026436007809_3133597497859615677_n\" data-dt-img-description=\"\" data-large_image_width=\"600\" data-large_image_height=\"400\"href='https:\/\/www.radiopiu.net\/wordpress\/wp-content\/uploads\/2022\/08\/300395244_396026436007809_3133597497859615677_n.jpg'><img loading=\"lazy\" decoding=\"async\" width=\"150\" height=\"150\" src=\"https:\/\/www.radiopiu.net\/wordpress\/wp-content\/uploads\/2022\/08\/300395244_396026436007809_3133597497859615677_n-150x150.jpg\" class=\"attachment-thumbnail size-thumbnail\" alt=\"\" \/><\/a>\n\t\t\t\t<\/dt><\/dl><dl class='gallery-item'>\n\t\t\t\t<dt class='gallery-icon landscape'>\n\t\t\t\t\t<a class=\"rollover rollover-zoom dt-pswp-item\" title=\"299773649_3421862041382113_7922075806590372996_n\" data-dt-img-description=\"\" data-large_image_width=\"685\" data-large_image_height=\"403\"href='https:\/\/www.radiopiu.net\/wordpress\/wp-content\/uploads\/2022\/08\/299773649_3421862041382113_7922075806590372996_n.jpg'><img loading=\"lazy\" decoding=\"async\" width=\"150\" height=\"150\" src=\"https:\/\/www.radiopiu.net\/wordpress\/wp-content\/uploads\/2022\/08\/299773649_3421862041382113_7922075806590372996_n-150x150.jpg\" class=\"attachment-thumbnail size-thumbnail\" alt=\"\" \/><\/a>\n\t\t\t\t<\/dt><\/dl><dl class='gallery-item'>\n\t\t\t\t<dt class='gallery-icon landscape'>\n\t\t\t\t\t<a class=\"rollover rollover-zoom dt-pswp-item\" title=\"299439672_402625755134299_2522832091642355901_n\" data-dt-img-description=\"\" data-large_image_width=\"664\" data-large_image_height=\"403\"href='https:\/\/www.radiopiu.net\/wordpress\/wp-content\/uploads\/2022\/08\/299439672_402625755134299_2522832091642355901_n.jpg'><img loading=\"lazy\" decoding=\"async\" width=\"150\" height=\"150\" src=\"https:\/\/www.radiopiu.net\/wordpress\/wp-content\/uploads\/2022\/08\/299439672_402625755134299_2522832091642355901_n-150x150.jpg\" class=\"attachment-thumbnail size-thumbnail\" alt=\"\" \/><\/a>\n\t\t\t\t<\/dt><\/dl><br style=\"clear: both\" \/>\n\t\t\t<\/div>\n\n<p>&nbsp;<\/p>\n<p>NELLE FOTO (riproduzioni dal libro \u201cUn secolo in corriera nella provincia di Belluno\u201d): anni \u00ec\u201920 autocorriera Fiat 18 P, autentico cimelio della ditta Giordani, in sosta a Longarone; foto \u201cstorica\u201d della corriera postale Giordani sul ponte sospeso del Colomber nella valle del Vajont; anno 1922: autocorriere della ditta Giordani in servizio sulla Longarone-Claut e la Claut-Montereale; la \u201cfamosa\u201d Fiat 18 P in servizio sulla Longarone-Claut-Montereale; anni \u201850: Fiat 626 della Giordani in servizio nella Valcellina; anno 1959: OM Tigre della Giordani, carrozzata De Simon, ad Osoppo.<\/p>\n<p>&nbsp;<\/p>\n<p>&nbsp;<\/p>\n<hr \/>\n<p>&nbsp;<\/p>\n<blockquote class=\"wp-embedded-content\" data-secret=\"VG8tJMLzdK\"><p><a href=\"https:\/\/www.radiopiu.net\/wordpress\/la-brentana-terribile-che-mise-in-ginocchio-la-val-di-zoldo-e-il-paese-di-la-valle-nella-notte-tra-il-29-e-il-30-agosto-1890\/\">LA \u201cBRENTANA TERRIBILE\u201d CHE MISE IN GINOCCHIO LA VAL DI ZOLDO E IL PAESE DI LA VALLE NELLA NOTTE TRA IL 29 E IL 30 AGOSTO 1890<\/a><\/p><\/blockquote>\n<p><iframe loading=\"lazy\" class=\"wp-embedded-content\" sandbox=\"allow-scripts\" security=\"restricted\" style=\"position: absolute; clip: rect(1px, 1px, 1px, 1px);\" title=\"&#8220;LA \u201cBRENTANA TERRIBILE\u201d CHE MISE IN GINOCCHIO LA VAL DI ZOLDO E IL PAESE DI LA VALLE NELLA NOTTE TRA IL 29 E IL 30 AGOSTO 1890&#8221; &#8212; Radio Pi\u00f9\" src=\"https:\/\/www.radiopiu.net\/wordpress\/la-brentana-terribile-che-mise-in-ginocchio-la-val-di-zoldo-e-il-paese-di-la-valle-nella-notte-tra-il-29-e-il-30-agosto-1890\/embed\/#?secret=buCSXW1ln4#?secret=VG8tJMLzdK\" data-secret=\"VG8tJMLzdK\" width=\"600\" height=\"338\" frameborder=\"0\" marginwidth=\"0\" marginheight=\"0\" scrolling=\"no\"><\/iframe><\/p>\n<p>&nbsp;<\/p>\n<hr \/>\n<p>&nbsp;<\/p>\n<h2><span style=\"color: #ff0000;\">IERI ALLA RADIO<\/span><\/h2>\n<h2><strong><a class=\"dt-pswp-item\" href=\"https:\/\/www.radiopiu.net\/wordpress\/wp-content\/uploads\/2021\/07\/FALCADE_ESTATE-2990.jpg\" data-dt-img-description=\"\" data-large_image_width=\"900\" data-large_image_height=\"600\"><img loading=\"lazy\" decoding=\"async\" class=\"size-thumbnail wp-image-220251 alignleft\" src=\"https:\/\/www.radiopiu.net\/wordpress\/wp-content\/uploads\/2021\/07\/FALCADE_ESTATE-2990-150x150.jpg\" alt=\"\" width=\"150\" height=\"150\" \/><\/a><span style=\"color: #339966;\">L&#8217;ESTATE FALCADINA CON ANTONELLA SCHENA, PRESIDENTE DI PROMO FALCADE<\/span><\/strong><\/h2>\n<p><strong>di Claudio Fontanive<\/strong><\/p>\n<p>OSPITE: Antonella Schena, Promo Falcade<\/p>\n<audio class=\"wp-audio-shortcode\" id=\"audio-295257-5\" preload=\"none\" style=\"width: 100%;\" controls=\"controls\"><source type=\"audio\/mpeg\" src=\"https:\/\/www.radiopiu.net\/wordpress\/wp-content\/uploads\/2022\/08\/ANTONELLA-SCHENA.mp3?_=5\" \/><a href=\"https:\/\/www.radiopiu.net\/wordpress\/wp-content\/uploads\/2022\/08\/ANTONELLA-SCHENA.mp3\">https:\/\/www.radiopiu.net\/wordpress\/wp-content\/uploads\/2022\/08\/ANTONELLA-SCHENA.mp3<\/a><\/audio>\n<p>&nbsp;<\/p>\n<hr \/>\n<p>&nbsp;<\/p>\n<div>\n<div class=\"b654a4as d2edcug0\">\n<div class=\"rq0escxv hkbzh7o3 jwdofwj8 n8tt0mok r8blr3vg hyh9befq\">\n<p><a class=\"dt-pswp-item\" href=\"https:\/\/www.radiopiu.net\/wordpress\/wp-content\/uploads\/2020\/10\/pp.jpg\" data-dt-img-description=\"\" data-large_image_width=\"640\" data-large_image_height=\"640\"><img loading=\"lazy\" decoding=\"async\" class=\"wp-image-163678 alignleft\" src=\"https:\/\/www.radiopiu.net\/wordpress\/wp-content\/uploads\/2020\/10\/pp-300x300.jpg\" alt=\"\" width=\"106\" height=\"106\" srcset=\"https:\/\/www.radiopiu.net\/wordpress\/wp-content\/uploads\/2020\/10\/pp-300x300.jpg 300w, https:\/\/www.radiopiu.net\/wordpress\/wp-content\/uploads\/2020\/10\/pp-150x150.jpg 150w, https:\/\/www.radiopiu.net\/wordpress\/wp-content\/uploads\/2020\/10\/pp-125x125.jpg 125w, https:\/\/www.radiopiu.net\/wordpress\/wp-content\/uploads\/2020\/10\/pp-200x200.jpg 200w, https:\/\/www.radiopiu.net\/wordpress\/wp-content\/uploads\/2020\/10\/pp-80x80.jpg 80w, https:\/\/www.radiopiu.net\/wordpress\/wp-content\/uploads\/2020\/10\/pp-480x480.jpg 480w, https:\/\/www.radiopiu.net\/wordpress\/wp-content\/uploads\/2020\/10\/pp.jpg 640w\" sizes=\"auto, (max-width: 106px) 100vw, 106px\" \/><\/a><\/p>\n<\/div>\n<\/div>\n<\/div>\n<div>\n<div class=\"page-title-head hgroup\">\n<div class=\"page-title-head hgroup\">\n<div class=\"b654a4as d2edcug0\">\n<div class=\"j83agx80 btwxx1t3 lhclo0ds hop8lmos nkwizq5d scwd0bx6 roh60bw9\">\n<div class=\"rq0escxv hkbzh7o3 jwdofwj8 n8tt0mok r8blr3vg hyh9befq\">\n<div class=\"do00u71z l9j0dhe7 k4urcfbm\">\n<h2><span style=\"color: #000080;\">DON CESARE, IL PENSIERO DEL GIORNO. ALLA RADIO ALLE 7 DEL MATTINO E ALLE 19.30 DELLA SERA.\u00a0<\/span><\/h2>\n<\/div>\n<\/div>\n<\/div>\n<\/div>\n<\/div>\n<\/div>\n<\/div>\n<div class=\"do00u71z l9j0dhe7 k4urcfbm\">\n<div class=\"page-title-head hgroup\">\n<div class=\"page-title-head hgroup\">\n<div class=\"b654a4as d2edcug0\">\n<div class=\"j83agx80 btwxx1t3 lhclo0ds hop8lmos nkwizq5d scwd0bx6 roh60bw9\">\n<div class=\"rq0escxv hkbzh7o3 jwdofwj8 n8tt0mok r8blr3vg hyh9befq\">\n<div class=\"do00u71z l9j0dhe7 k4urcfbm\">\n<div class=\"page-title-head hgroup\">\n<div class=\"page-title-head hgroup\">\n<div class=\"b654a4as d2edcug0\">\n<div class=\"j83agx80 btwxx1t3 lhclo0ds hop8lmos nkwizq5d scwd0bx6 roh60bw9\">\n<div class=\"rq0escxv hkbzh7o3 jwdofwj8 n8tt0mok r8blr3vg hyh9befq\">\n<div class=\"do00u71z l9j0dhe7 k4urcfbm\">\n<div class=\"ecm0bbzt e5nlhep0 a8c37x1j\">\n<div class=\"kvgmc6g5 cxmmr5t8 oygrvhab hcukyx3x c1et5uql\">\n<div class=\"gmail-kvgmc6g5 gmail-cxmmr5t8 gmail-oygrvhab gmail-hcukyx3x gmail-c1et5uql gmail-ii04i59q\">\n<div class=\"page-title-head hgroup\">\n<div class=\"page-title-head hgroup\">\n<div class=\"b654a4as d2edcug0\">\n<div class=\"j83agx80 btwxx1t3 lhclo0ds hop8lmos nkwizq5d scwd0bx6 roh60bw9\">\n<div class=\"rq0escxv hkbzh7o3 jwdofwj8 n8tt0mok r8blr3vg hyh9befq\">\n<div class=\"do00u71z l9j0dhe7 k4urcfbm\">\n<div class=\"page-title-head hgroup\">\n<div class=\"page-title-head hgroup\">\n<div class=\"b654a4as d2edcug0\">\n<div class=\"j83agx80 btwxx1t3 lhclo0ds hop8lmos nkwizq5d scwd0bx6 roh60bw9\">\n<div class=\"rq0escxv hkbzh7o3 jwdofwj8 n8tt0mok r8blr3vg hyh9befq\">\n<div class=\"do00u71z l9j0dhe7 k4urcfbm\">\n<div class=\"page-title-head hgroup\">\n<div class=\"page-title-head hgroup\">\n<div class=\"b654a4as d2edcug0\">\n<div class=\"j83agx80 btwxx1t3 lhclo0ds hop8lmos nkwizq5d scwd0bx6 roh60bw9\">\n<div class=\"rq0escxv hkbzh7o3 jwdofwj8 n8tt0mok r8blr3vg hyh9befq\">\n<div class=\"do00u71z l9j0dhe7 k4urcfbm\">\n<div class=\"ecm0bbzt e5nlhep0 a8c37x1j\">\n<div class=\"kvgmc6g5 cxmmr5t8 oygrvhab hcukyx3x c1et5uql\">\n<div class=\"gmail-kvgmc6g5 gmail-cxmmr5t8 gmail-oygrvhab gmail-hcukyx3x gmail-c1et5uql gmail-ii04i59q\">\n<div class=\"page-title-head hgroup\">\n<div class=\"page-title-head hgroup\">\n<div class=\"b654a4as d2edcug0\">\n<div class=\"j83agx80 btwxx1t3 lhclo0ds hop8lmos nkwizq5d scwd0bx6 roh60bw9\">\n<div class=\"rq0escxv hkbzh7o3 jwdofwj8 n8tt0mok r8blr3vg hyh9befq\">\n<div class=\"do00u71z l9j0dhe7 k4urcfbm\">\n<p>&nbsp;<\/p>\n<audio class=\"wp-audio-shortcode\" id=\"audio-295257-6\" preload=\"none\" style=\"width: 100%;\" controls=\"controls\"><source type=\"audio\/mpeg\" src=\"https:\/\/www.radiopiu.net\/wordpress\/wp-content\/uploads\/2022\/09\/CESARE.mp3?_=6\" \/><a href=\"https:\/\/www.radiopiu.net\/wordpress\/wp-content\/uploads\/2022\/09\/CESARE.mp3\">https:\/\/www.radiopiu.net\/wordpress\/wp-content\/uploads\/2022\/09\/CESARE.mp3<\/a><\/audio>\n<p>&nbsp;<\/p>\n<hr \/>\n<p>&nbsp;<\/p>\n<p><span style=\"color: #0000ff;\">MUSICA PIU&#8217;\u00a0<\/span><\/p>\n<p><a href=\"https:\/\/www.radiopiu.net\/wordpress\/giornale-radiopiu-20-settembre-2021-direttore-mirko-mezzacasa\/pp-79\/\" rel=\"attachment wp-att-232921\"><img loading=\"lazy\" decoding=\"async\" class=\"wp-image-232921 alignleft\" src=\"https:\/\/www.radiopiu.net\/wordpress\/wp-content\/uploads\/2021\/09\/pp-1-300x300.jpg\" alt=\"\" width=\"135\" height=\"135\" srcset=\"https:\/\/www.radiopiu.net\/wordpress\/wp-content\/uploads\/2021\/09\/pp-1-300x300.jpg 300w, https:\/\/www.radiopiu.net\/wordpress\/wp-content\/uploads\/2021\/09\/pp-1-150x150.jpg 150w, https:\/\/www.radiopiu.net\/wordpress\/wp-content\/uploads\/2021\/09\/pp-1.jpg 640w\" sizes=\"auto, (max-width: 135px) 100vw, 135px\" \/><\/a><\/p>\n<div class=\"mkdf-post-text\">\n<div class=\"mkdf-post-text-inner\">\n<div class=\"mkdf-post-text-main\">\n<div class=\"mkdf-post-text\">\n<div class=\"mkdf-post-text-inner\">\n<div class=\"mkdf-post-text-main\">\n<div class=\"mkdf-post-text\">\n<div class=\"mkdf-post-text-inner\">\n<div class=\"mkdf-post-text-main\">\n<div class=\"page-title-head hgroup\">\n<div class=\"page-title-head hgroup\">\n<div class=\"mkdf-post-text\">\n<div class=\"mkdf-post-text-inner\">\n<div class=\"mkdf-post-text-main\">\n<div class=\"mkdf-post-text\">\n<div class=\"mkdf-post-text-inner\">\n<div class=\"mkdf-post-text-main\">\n<div class=\"page-title-head hgroup\">\n<div class=\"page-title-head hgroup\">\n<div class=\"page-title-head hgroup\">\n<div class=\"page-title-head hgroup\">\n<div class=\"b654a4as d2edcug0\">\n<div class=\"page-title-head hgroup\">\n<div class=\"page-title-head hgroup\">\n<div class=\"page-title-head hgroup\">\n<div class=\"page-title-head hgroup\">\n<div class=\"b654a4as d2edcug0\">\n<div class=\"page-title-head hgroup\">\n<div class=\"page-title-head hgroup\">\n<div class=\"page-title-head hgroup\">\n<div class=\"page-title-head hgroup\">\n<div class=\"b654a4as d2edcug0\">\n<div class=\"mkdf-post-text\">\n<div class=\"mkdf-post-text-inner\">\n<div class=\"mkdf-post-text-main\">\n<div class=\"mkdf-post-text\">\n<div class=\"mkdf-post-text-inner\">\n<div class=\"mkdf-post-text-main\">\n<div class=\"mkdf-post-text\">\n<div class=\"mkdf-post-text-inner\">\n<div class=\"mkdf-post-text-main\">\n<div class=\"page-title-head hgroup\">\n<div class=\"page-title-head hgroup\">\n<div class=\"mkdf-post-text\">\n<div class=\"mkdf-post-text-inner\">\n<div class=\"mkdf-post-text-main\">\n<div class=\"mkdf-post-text\">\n<div class=\"mkdf-post-text-inner\">\n<div class=\"mkdf-post-text-main\">\n<div class=\"page-title-head hgroup\">\n<div class=\"page-title-head hgroup\">\n<div class=\"page-title-head hgroup\">\n<div class=\"page-title-head hgroup\">\n<div class=\"b654a4as d2edcug0\">\n<div class=\"page-title-head hgroup\">\n<div class=\"page-title-head hgroup\">\n<div class=\"page-title-head hgroup\">\n<div class=\"page-title-head hgroup\">\n<div class=\"b654a4as d2edcug0\">\n<div class=\"page-title-head hgroup\">\n<div class=\"page-title-head hgroup\">\n<div class=\"page-title-head hgroup\">\n<div class=\"page-title-head hgroup\">\n<div class=\"b654a4as d2edcug0\">\n<div><\/div>\n<div><\/div>\n<div>\n<p><strong>MUSICA ALLA RADIO, IL PROGRAMMA DI LORIS SCUSSEL &#8220;COLLAGE OPERAZIONE NOSTALGIA&#8221; DAL LUNEDI AL VENERDI ALLE 16.00\u00a0 E ALLE 23\u00a0<\/strong><\/p>\n<\/div>\n<\/div>\n<p>&nbsp;<\/p>\n<\/div>\n<\/div>\n<\/div>\n<\/div>\n<\/div>\n<\/div>\n<\/div>\n<\/div>\n<\/div>\n<\/div>\n<\/div>\n<\/div>\n<\/div>\n<\/div>\n<\/div>\n<\/div>\n<\/div>\n<\/div>\n<\/div>\n<\/div>\n<\/div>\n<\/div>\n<\/div>\n<\/div>\n<\/div>\n<\/div>\n<\/div>\n<\/div>\n<\/div>\n<\/div>\n<\/div>\n<\/div>\n<\/div>\n<\/div>\n<\/div>\n<\/div>\n<\/div>\n<\/div>\n<\/div>\n<\/div>\n<\/div>\n<\/div>\n<\/div>\n<\/div>\n<\/div>\n<\/div>\n<\/div>\n<\/div>\n<\/div>\n<\/div>\n<\/div>\n<\/div>\n<\/div>\n<\/div>\n<\/div>\n<\/div>\n<\/div>\n<\/div>\n<\/div>\n<\/div>\n<\/div>\n<\/div>\n<\/div>\n<div>\n<div class=\"page-title-head hgroup\">\n<div class=\"page-title-head hgroup\">\n<div class=\"page-title-head hgroup\">\n<div class=\"page-title-head hgroup\">\n<div class=\"b654a4as d2edcug0\">\n<div class=\"page-title-head hgroup\">\n<div class=\"page-title-head hgroup\">\n<div class=\"page-title-head hgroup\">\n<div class=\"page-title-head hgroup\">\n<div class=\"b654a4as d2edcug0\">\n<div class=\"page-title-head hgroup\">\n<div class=\"page-title-head hgroup\">\n<div class=\"page-title-head hgroup\">\n<div class=\"page-title-head hgroup\">\n<div class=\"page-title-head hgroup\">\n<div class=\"page-title-head hgroup\">\n<div class=\"page-title-head hgroup\">\n<div class=\"page-title-head hgroup\">\n<div class=\"page-title-head hgroup\">\n<div class=\"b654a4as d2edcug0\">\n<div class=\"page-title-head hgroup\">\n<div class=\"page-title-head hgroup\">\n<div class=\"page-title-head hgroup\">\n<div class=\"page-title-head hgroup\">\n<div class=\"b654a4as d2edcug0\">\n<div class=\"page-title-head hgroup\">\n<div class=\"page-title-head hgroup\">\n<div class=\"page-title-head hgroup\">\n<div class=\"page-title-head hgroup\">\n<div class=\"page-title-head hgroup\">\n<div class=\"mkdf-post-text\">\n<div class=\"mkdf-post-text-inner\">\n<div class=\"mkdf-post-text-main\">\n<div class=\"mkdf-post-text\">\n<div class=\"mkdf-post-text-inner\">\n<div class=\"mkdf-post-text-main\">\n<div class=\"mkdf-post-text\">\n<div class=\"mkdf-post-text-inner\">\n<div class=\"mkdf-post-text-main\">\n<div class=\"page-title-head hgroup\">\n<div class=\"page-title-head hgroup\">\n<div class=\"mkdf-post-text\">\n<div class=\"mkdf-post-text-inner\">\n<div class=\"mkdf-post-text-main\">\n<div class=\"mkdf-post-text\">\n<div class=\"mkdf-post-text-inner\">\n<div class=\"mkdf-post-text-main\">\n<div class=\"page-title-head hgroup\">\n<div class=\"page-title-head hgroup\">\n<div class=\"page-title-head hgroup\">\n<div class=\"page-title-head hgroup\">\n<div class=\"b654a4as d2edcug0\">\n<div class=\"page-title-head hgroup\">\n<div class=\"page-title-head hgroup\">\n<div class=\"page-title-head hgroup\">\n<div class=\"page-title-head hgroup\">\n<div class=\"b654a4as d2edcug0\">\n<div class=\"page-title-head hgroup\">\n<div class=\"page-title-head hgroup\">\n<div class=\"page-title-head hgroup\">\n<p>&nbsp;<\/p>\n<p>&nbsp;<\/p>\n<p><strong><a class=\"dt-pswp-item\" href=\"https:\/\/www.radiopiu.net\/wordpress\/wp-content\/uploads\/2022\/08\/rivanazionale2.jpg\" data-dt-img-description=\"\" data-large_image_width=\"630\" data-large_image_height=\"354\"><img loading=\"lazy\" decoding=\"async\" class=\" wp-image-294881 alignleft\" src=\"https:\/\/www.radiopiu.net\/wordpress\/wp-content\/uploads\/2022\/08\/rivanazionale2-150x150.jpg\" alt=\"\" width=\"126\" height=\"126\" \/><\/a>di Loris Scussel<\/strong><\/p>\n<p>Collage operazione nostalgia si apre con un omaggio musicale ad alcuni personaggi mitici dello sport partendo da una proposta del cantautore sardo Piero Marras che ha scritto \u201cQuando Gigi Riva torner\u00e0\u201d una piccola favola in musica. La settimana proseguir\u00e0 con la consueta alternanza tra musica italiana ed internazionale con una puntata dedicata agli amici ed un\u2019altra alla musica dal vivo perch\u00e9 come dice anche il grande Renzo Arbore \u201cMeglio dal vivo che dal morto\u201d. Collage va in onda dal luned\u00ec al venerd\u00ec alle 16,00 e alle 23,00 naturalmente su RadioPi\u00f9<\/p>\n<p>&nbsp;<\/p>\n<p>&nbsp;<\/p>\n<hr \/>\n<p>&nbsp;<\/p>\n<p><a class=\"dt-pswp-item\" href=\"https:\/\/www.radiopiu.net\/wordpress\/wp-content\/uploads\/2018\/09\/WhatsApp-Image-2018-09-20-at-16.04.06.jpeg\" data-dt-img-description=\"\" data-large_image_width=\"800\" data-large_image_height=\"100\"><img loading=\"lazy\" decoding=\"async\" class=\"aligncenter wp-image-61378 size-full\" src=\"https:\/\/www.radiopiu.net\/wordpress\/wp-content\/uploads\/2018\/09\/WhatsApp-Image-2018-09-20-at-16.04.06.jpeg\" alt=\"\" width=\"800\" height=\"100\" srcset=\"https:\/\/www.radiopiu.net\/wordpress\/wp-content\/uploads\/2018\/09\/WhatsApp-Image-2018-09-20-at-16.04.06.jpeg 800w, https:\/\/www.radiopiu.net\/wordpress\/wp-content\/uploads\/2018\/09\/WhatsApp-Image-2018-09-20-at-16.04.06-300x38.jpeg 300w, https:\/\/www.radiopiu.net\/wordpress\/wp-content\/uploads\/2018\/09\/WhatsApp-Image-2018-09-20-at-16.04.06-768x96.jpeg 768w\" sizes=\"auto, (max-width: 800px) 100vw, 800px\" \/><\/a><\/p>\n<p>&nbsp;<\/p>\n<p><center><b>Giovedi 1<\/b><\/center><b>Tempo atteso: <\/b>Tempo variabile al mattino, un p\u00f2 instabile nel pomeriggio. Nella notte e al primo mattino nuvolosit\u00e0 variabile con nubi basse in qualche valle e sottili velature anche estese, poi parzialmente soleggiato, nel pomeriggio nuvolosit\u00e0 cumuliforme irregolare localmente intensa associata a fenomeni sparsi.<br \/>\n<b>Precipitazioni: <\/b>Nella notte e al mattino generalmente assenti o poco probabile qualche piovasco qua e l\u00e0 (10-30 %), nel pomeriggio aumento della probabilit\u00e0 di rovesci sparsi (60\/80%) solo isolatamente temporaleschi (10-30%) Possibile ricomparsa di un po&#8217; di neve sulle cime dolomitiche pi\u00f9 alte (oltre i 3000 m).<br \/>\n<b>Temperature: <\/b>Ulteriore lieve e generale calo termico. Su Prealpi &#8211; a 1500 m: min 11 max 14, a 2000 m: min 8 max 10 Dolomiti &#8211; a 2000 m: min 8 max 11, a 3000 m: min 2 max 3<br \/>\n<b>Venti: <\/b>Nelle valli venti deboli di direzione variabile; in quota deboli settentrionali a 5-15 km\/h a 2000 m e 10-20 km\/h a 3000 m.<\/p>\n<hr \/>\n<p><center><b>Venerdi 2<\/b><\/center><b>Tempo atteso: <\/b>Al mattino soleggiato con qualche nube bassa possibile in qualche valle. Al pomeriggio un p\u00f2 di variabilit\u00e0 con crescente nuvolosit\u00e0 per attivit\u00e0 cumuliforme, localmente moderata e associata a qualche fenomeno sparso. In serata velature in arrivo da sudovest.<br \/>\n<b>Precipitazioni: <\/b>Al mattino generalmente assenti, nel pomeriggio non escluso qualche rovescio sparso su Dolomiti (30\/50%), generalmente assenti o comunque poco probabili su Prealpi specie occidentali.<br \/>\n<b>Temperature: <\/b>Temperature pressoch\u00e8 stazionarie o in lieve aumento le massime nelle valli. Su Prealpi a 1500 m: min 10 max 14, a 2000 m: min 7 max 10 Dolomiti &#8211; a 2000 m: min 8 max 12, a 3000 m: min 2 max 3<br \/>\n<b>Venti: <\/b>Nelle valli venti deboli a regime di brezza, a tratti e localmente moderati durante le ore pi\u00f9 calde; in quota deboli da nordovest in rotazione da sudovest in serata. a 5-15 km\/h a 2000 m e 10-20 km\/h a 3000 m.<\/p>\n<hr \/>\n<p><center><b>Sabato 3<\/b><\/center>Da nuvoloso a molto nuvoloso con irregolari schiarite al mattino. Possibili precipitazioni sparse specie nella seconda parte della giornata e verso sera, anche sottoforma di rovesci o isolati temporali specie su Prealpi. Temperature minime in lieve aumento, massime stazionarie o in lieve aumento in alta quota. Venti in quota moderati da sudovest<\/p>\n<hr \/>\n<p><center><b>Domenica 4<\/b><\/center>Evoluzione incerta: nuvolosit\u00e0 variabile con qualche piovasco\/rovescio non escluso. Temperature in generale aumento. Venti in quota deboli\/moderati occidentali al mattino in rotazione a settentrionali dal pomeriggio. Previsore:DDL<\/p>\n<p>&nbsp;<\/p>\n<hr \/>\n<p>&nbsp;<\/p>\n<p><a href=\"https:\/\/www.radiopiu.net\/wordpress\/giornale-radiopiu-26-settembre-2018-direttore-mirko-mezzacasa\/viabilita-2\/\" rel=\"attachment wp-att-61954\"><img loading=\"lazy\" decoding=\"async\" class=\"aligncenter wp-image-61954 size-full\" src=\"https:\/\/www.radiopiu.net\/wordpress\/wp-content\/uploads\/2018\/09\/viabilita.jpeg\" sizes=\"auto, (max-width: 800px) 100vw, 800px\" srcset=\"https:\/\/www.radiopiu.net\/wordpress\/wp-content\/uploads\/2018\/09\/viabilita.jpeg 800w, https:\/\/www.radiopiu.net\/wordpress\/wp-content\/uploads\/2018\/09\/viabilita-300x38.jpeg 300w, https:\/\/www.radiopiu.net\/wordpress\/wp-content\/uploads\/2018\/09\/viabilita-768x96.jpeg 768w\" alt=\"\" width=\"800\" height=\"100\" \/><\/a><\/p>\n<blockquote>\n<h3><\/h3>\n<h3>GALLERIA DI SEGUSINO CHIUSA PER 4 MESI<\/h3>\n<\/blockquote>\n<p><strong><a class=\"dt-pswp-item\" href=\"https:\/\/www.radiopiu.net\/wordpress\/wp-content\/uploads\/2020\/05\/VENETO-STRADE.png\" data-dt-img-description=\"\" data-large_image_width=\"400\" data-large_image_height=\"400\"><img loading=\"lazy\" decoding=\"async\" class=\" wp-image-135574 alignleft\" src=\"https:\/\/www.radiopiu.net\/wordpress\/wp-content\/uploads\/2020\/05\/VENETO-STRADE-150x150.png\" alt=\"\" width=\"102\" height=\"102\" srcset=\"https:\/\/www.radiopiu.net\/wordpress\/wp-content\/uploads\/2020\/05\/VENETO-STRADE-150x150.png 150w, https:\/\/www.radiopiu.net\/wordpress\/wp-content\/uploads\/2020\/05\/VENETO-STRADE-300x300.png 300w, https:\/\/www.radiopiu.net\/wordpress\/wp-content\/uploads\/2020\/05\/VENETO-STRADE.png 400w\" sizes=\"auto, (max-width: 102px) 100vw, 102px\" \/><\/a><\/strong><\/p>\n<p><strong>SEGUSINO<\/strong> Fino al 4 novembre, compresi sabati domeniche e festivi infrasettimanali, un&#8217;interdizione totale al transito per l&#8217;intera tratta della galleria di Segusino in seguito a dei lavori per messa in sicurezza della condotta acquedottistica<\/p>\n<p><strong>RIVAMONTE<\/strong> Veneto Strade comunica che lungo la SP 3 della Valle Imperina, a Gona di Conedera \u00e8\u00a0 istituito un senso unico alternato regolato da semaforo fino al 29 agosto compresi sabato domenica e festivi. Senso unico necessario per consentire i lavori di consolidamento della strada.<\/p>\n<blockquote class=\"wp-embedded-content\" data-secret=\"OJbApIX1d4\"><p><a href=\"https:\/\/www.radiopiu.net\/wordpress\/viabilita\/\">viabilita<\/a><\/p><\/blockquote>\n<p><iframe loading=\"lazy\" class=\"wp-embedded-content\" sandbox=\"allow-scripts\" security=\"restricted\" style=\"position: absolute; clip: rect(1px, 1px, 1px, 1px);\" title=\"&#8220;viabilita&#8221; &#8212; Radio Pi\u00f9\" src=\"https:\/\/www.radiopiu.net\/wordpress\/viabilita\/embed\/#?secret=7sj8Woa3zp#?secret=OJbApIX1d4\" data-secret=\"OJbApIX1d4\" width=\"600\" height=\"338\" frameborder=\"0\" marginwidth=\"0\" marginheight=\"0\" scrolling=\"no\"><\/iframe><\/p>\n<p>&nbsp;<\/p>\n<hr \/>\n<p>&nbsp;<\/p>\n<p>&nbsp;<\/p>\n<p><img loading=\"lazy\" decoding=\"async\" class=\"wp-image-60761 size-full aligncenter\" src=\"https:\/\/www.radiopiu.net\/wordpress\/wp-content\/uploads\/2018\/09\/sport.jpg\" alt=\"\" width=\"800\" height=\"100\" srcset=\"https:\/\/www.radiopiu.net\/wordpress\/wp-content\/uploads\/2018\/09\/sport.jpg 800w, https:\/\/www.radiopiu.net\/wordpress\/wp-content\/uploads\/2018\/09\/sport-300x38.jpg 300w, https:\/\/www.radiopiu.net\/wordpress\/wp-content\/uploads\/2018\/09\/sport-768x96.jpg 768w\" sizes=\"auto, (max-width: 800px) 100vw, 800px\" \/><\/p>\n<\/div>\n<\/div>\n<\/div>\n<div class=\"page-title-head hgroup\">\n<div class=\"page-title-head hgroup\">\n<p>&nbsp;<\/p>\n<p><span style=\"color: #0000ff;\"><strong>HOCKEY SU GHIACCIO<\/strong><\/span><\/p>\n<blockquote>\n<h3>ANDREA DAMIN RESTA CON LE CIVETTE<\/h3>\n<\/blockquote>\n<p><strong><a class=\"dt-pswp-item\" href=\"https:\/\/www.radiopiu.net\/wordpress\/wp-content\/uploads\/2022\/08\/ANDREA-DAMIN.jpg\" data-dt-img-description=\"\" data-large_image_width=\"681\" data-large_image_height=\"1024\"><img loading=\"lazy\" decoding=\"async\" class=\"alignleft wp-image-295260 \" src=\"https:\/\/www.radiopiu.net\/wordpress\/wp-content\/uploads\/2022\/08\/ANDREA-DAMIN-200x300.jpg\" alt=\"\" width=\"135\" height=\"203\" srcset=\"https:\/\/www.radiopiu.net\/wordpress\/wp-content\/uploads\/2022\/08\/ANDREA-DAMIN-200x300.jpg 200w, https:\/\/www.radiopiu.net\/wordpress\/wp-content\/uploads\/2022\/08\/ANDREA-DAMIN.jpg 681w\" sizes=\"auto, (max-width: 135px) 100vw, 135px\" \/><\/a>di Roberto Miana, portavoce dell&#8217;Alleghe Hockey<\/strong><\/p>\n<p><strong>ALLEGHE\u00a0<\/strong>Conferma importante per il reparto arretrato della squadra agordina che per il terzo anno consecutivo potr\u00e0 contare sulle prestazioni di Andrea Damin. In prestito dal Feltre, il difensore feltrino classe 2000 cresciuto hockeisticamente nella squadra della sua citt\u00e0 con trascorsi nelle giovanili alleghesi, si \u00e8 dimostrato pedina importante nello scacchiere biancorosso, meritandosi la riconferma della societ\u00e0 di via Lungolago. Nelle ultime due stagioni con la maglia delle Civette ha disputato un totale di 48 gare, mettendo a segno un gol e fornendo sette assist ai compagni. Cos\u00ec Andrea: \u201cSono contento di affrontare una nuova stagione sotto al Civetta. Sia il Feltre che l\u2019Alleghe mi hanno dato tanto a livello hockeistico, per questo \u00e8 un piacere e sono sempre orgoglioso di indossare queste maglie, essendomi trovato molto bene con entrambe. Ho da poco ripreso ad allenarmi sul ghiaccio e non vedo l&#8217;ora di ricominciare a giocare. Mi aspetto di ripetere i buoni risultati della scorsa stagione con l\u2019impegno e alla costanza che sto mettendo negli allenamenti. Ho l\u2019obiettivo di crescere il pi\u00f9 possibile come giocatore, cercando di raggiungere buoni risultati sia individuali che di squadra\u201d.<\/p>\n<p>&nbsp;<\/p>\n<p>&nbsp;<\/p>\n<hr \/>\n<p>&nbsp;<\/p>\n<p><span style=\"color: #0000ff;\"><strong>MOUNTAIN BIKE<\/strong><\/span><\/p>\n<blockquote>\n<h3>ASTRID MIOLA ALLA COPPA DEL MONDO IN VAL DI SOLE<\/h3>\n<\/blockquote>\n<p><strong>REDAZIONE<\/strong> Anche un&#8217;agordina alla Coppa del Mondo di Mountain Bike. \u00c8 Astrid Miola che domenica 4 settembre sar\u00e0 in gara in Val di Sole. L&#8217;atleta di Agordo per la prima volta potr\u00e0 confrontarsi con i pi\u00f9 grandi campioni al mondo. La gara sar\u00e0 trasmessa in diretta anche du Rai Sport.<\/p>\n<\/div>\n<\/div>\n<\/div>\n<\/div>\n<\/div>\n<\/div>\n<\/div>\n<\/div>\n<\/div>\n<\/div>\n<\/div>\n<\/div>\n<\/div>\n<\/div>\n<\/div>\n<\/div>\n<\/div>\n<\/div>\n<\/div>\n<\/div>\n<\/div>\n<\/div>\n<\/div>\n<\/div>\n<\/div>\n<\/div>\n<\/div>\n<\/div>\n<\/div>\n<\/div>\n<\/div>\n<\/div>\n<\/div>\n<\/div>\n<\/div>\n<\/div>\n<\/div>\n<\/div>\n<\/div>\n<\/div>\n<\/div>\n<\/div>\n<\/div>\n<\/div>\n<\/div>\n<\/div>\n<\/div>\n<\/div>\n<\/div>\n<\/div>\n<\/div>\n<\/div>\n<\/div>\n<\/div>\n<\/div>\n<\/div>\n<\/div>\n<\/div>\n<\/div>\n<\/div>\n<\/div>\n<\/div>\n<\/div>\n<\/div>\n<\/div>\n<\/div>\n<\/div>\n<\/div>\n<\/div>\n<\/div>\n<\/div>\n<\/div>\n<\/div>\n<\/div>\n<\/div>\n<\/div>\n<\/div>\n<\/div>\n<\/div>\n<\/div>\n<\/div>\n<\/div>\n<\/div>\n<\/div>\n<\/div>\n<\/div>\n<\/div>\n<\/div>\n<\/div>\n<\/div>\n<\/div>\n<\/div>\n<\/div>\n<\/div>\n<\/div>\n<\/div>\n<\/div>\n<\/div>\n<\/div>\n<\/div>\n<\/div>\n<\/div>\n<\/div>\n","protected":false},"excerpt":{"rendered":"<p>RADIO PIU INFORMAZIONE il canale su TELEGRAM informazione di prima\u00a0\u00a0mano e in tempo reale. iscriviti ed aiutaci a farlo conoscere\u00a0\u00a0 &nbsp; &nbsp; RIAPRONO I CANTIERI GSP, DISAGI AL QUADRIVIO DELL&#8217;UNIONE MONTANA Divieto di transito in Via Insurrezione, nel tratto compreso tra l\u2019incrocio con la Via 27 Aprile 1945 e la via 4 Novembre 1918; istituzione&hellip;<\/p>\n","protected":false},"author":4,"featured_media":295341,"comment_status":"closed","ping_status":"closed","sticky":false,"template":"","format":"standard","meta":{"_monsterinsights_skip_tracking":false,"_monsterinsights_sitenote_active":false,"_monsterinsights_sitenote_note":"","_monsterinsights_sitenote_category":0,"footnotes":""},"categories":[51,86,49],"tags":[],"class_list":["post-295257","post","type-post","status-publish","format-standard","has-post-thumbnail","hentry","category-evidenza-top","category-gr","category-news-18","category-51","category-86","category-49","description-off"],"img_url":"https:\/\/www.radiopiu.net\/wordpress\/wp-content\/uploads\/2022\/08\/8ac0ce68-04a0-41bf-9058-bd85267c1f1d.jpg","_links":{"self":[{"href":"https:\/\/www.radiopiu.net\/wordpress\/wp-json\/wp\/v2\/posts\/295257","targetHints":{"allow":["GET"]}}],"collection":[{"href":"https:\/\/www.radiopiu.net\/wordpress\/wp-json\/wp\/v2\/posts"}],"about":[{"href":"https:\/\/www.radiopiu.net\/wordpress\/wp-json\/wp\/v2\/types\/post"}],"author":[{"embeddable":true,"href":"https:\/\/www.radiopiu.net\/wordpress\/wp-json\/wp\/v2\/users\/4"}],"replies":[{"embeddable":true,"href":"https:\/\/www.radiopiu.net\/wordpress\/wp-json\/wp\/v2\/comments?post=295257"}],"version-history":[{"count":0,"href":"https:\/\/www.radiopiu.net\/wordpress\/wp-json\/wp\/v2\/posts\/295257\/revisions"}],"wp:featuredmedia":[{"embeddable":true,"href":"https:\/\/www.radiopiu.net\/wordpress\/wp-json\/wp\/v2\/media\/295341"}],"wp:attachment":[{"href":"https:\/\/www.radiopiu.net\/wordpress\/wp-json\/wp\/v2\/media?parent=295257"}],"wp:term":[{"taxonomy":"category","embeddable":true,"href":"https:\/\/www.radiopiu.net\/wordpress\/wp-json\/wp\/v2\/categories?post=295257"},{"taxonomy":"post_tag","embeddable":true,"href":"https:\/\/www.radiopiu.net\/wordpress\/wp-json\/wp\/v2\/tags?post=295257"}],"curies":[{"name":"wp","href":"https:\/\/api.w.org\/{rel}","templated":true}]}}