{"id":295259,"date":"2022-08-31T11:15:47","date_gmt":"2022-08-31T09:15:47","guid":{"rendered":"https:\/\/www.radiopiu.net\/wordpress\/?p=295259"},"modified":"2022-08-31T10:56:13","modified_gmt":"2022-08-31T08:56:13","slug":"andrea-damin-resta-con-le-civette","status":"publish","type":"post","link":"https:\/\/www.radiopiu.net\/wordpress\/andrea-damin-resta-con-le-civette\/","title":{"rendered":"ANDREA DAMIN RESTA CON LE CIVETTE"},"content":{"rendered":"<p><strong><a class=\"dt-pswp-item\" href=\"https:\/\/www.radiopiu.net\/wordpress\/wp-content\/uploads\/2022\/08\/ANDREA-DAMIN.jpg\" data-dt-img-description=\"\" data-large_image_width=\"681\" data-large_image_height=\"1024\"><img loading=\"lazy\" decoding=\"async\" class=\"alignleft wp-image-295260 \" src=\"https:\/\/www.radiopiu.net\/wordpress\/wp-content\/uploads\/2022\/08\/ANDREA-DAMIN-200x300.jpg\" alt=\"\" width=\"135\" height=\"203\" srcset=\"https:\/\/www.radiopiu.net\/wordpress\/wp-content\/uploads\/2022\/08\/ANDREA-DAMIN-200x300.jpg 200w, https:\/\/www.radiopiu.net\/wordpress\/wp-content\/uploads\/2022\/08\/ANDREA-DAMIN.jpg 681w\" sizes=\"auto, (max-width: 135px) 100vw, 135px\" \/><\/a>di Roberto Miana, portavoce dell&#8217;Alleghe Hockey<\/strong><\/p>\n<p><strong>ALLEGHE\u00a0<\/strong>Conferma importante per il reparto arretrato della squadra agordina che per il terzo anno consecutivo potr\u00e0 contare sulle prestazioni di Andrea Damin. In prestito dal Feltre, il difensore feltrino classe 2000 cresciuto hockeisticamente nella squadra della sua citt\u00e0 con trascorsi nelle giovanili alleghesi, si \u00e8 dimostrato pedina importante nello scacchiere biancorosso, meritandosi la riconferma della societ\u00e0 di via Lungolago. Nelle ultime due stagioni con la maglia delle Civette ha disputato un totale di 48 gare, mettendo a segno un gol e fornendo sette assist ai compagni. Cos\u00ec Andrea: \u201cSono contento di affrontare una nuova stagione sotto al Civetta. Sia il Feltre che l\u2019Alleghe mi hanno dato tanto a livello hockeistico, per questo \u00e8 un piacere e sono sempre orgoglioso di indossare queste maglie, essendomi trovato molto bene con entrambe. Ho da poco ripreso ad allenarmi sul ghiaccio e non vedo l&#8217;ora di ricominciare a giocare. Mi aspetto di ripetere i buoni risultati della scorsa stagione con l\u2019impegno e alla costanza che sto mettendo negli allenamenti. Ho l\u2019obiettivo di crescere il pi\u00f9 possibile come giocatore, cercando di raggiungere buoni risultati sia individuali che di squadra\u201d.<\/p>\n<p>&nbsp;<\/p>\n<p>&nbsp;<\/p>\n<p>&nbsp;<\/p>\n<p>*****<\/p>\n","protected":false},"excerpt":{"rendered":"<p>di Roberto Miana, portavoce dell&#8217;Alleghe Hockey ALLEGHE\u00a0Conferma importante per il reparto arretrato della squadra agordina che per il terzo anno consecutivo potr\u00e0 contare sulle prestazioni di Andrea Damin. In prestito dal Feltre, il difensore feltrino classe 2000 cresciuto hockeisticamente nella squadra della sua citt\u00e0 con trascorsi nelle giovanili alleghesi, si \u00e8 dimostrato pedina importante nello&hellip;<\/p>\n","protected":false},"author":4,"featured_media":295261,"comment_status":"closed","ping_status":"closed","sticky":false,"template":"","format":"standard","meta":{"_monsterinsights_skip_tracking":false,"_monsterinsights_sitenote_active":false,"_monsterinsights_sitenote_note":"","_monsterinsights_sitenote_category":0,"footnotes":""},"categories":[49],"tags":[],"class_list":["post-295259","post","type-post","status-publish","format-standard","has-post-thumbnail","hentry","category-news-18","category-49","description-off"],"img_url":"https:\/\/www.radiopiu.net\/wordpress\/wp-content\/uploads\/2022\/08\/Schermata-2022-08-31-alle-10.55.12.png","_links":{"self":[{"href":"https:\/\/www.radiopiu.net\/wordpress\/wp-json\/wp\/v2\/posts\/295259","targetHints":{"allow":["GET"]}}],"collection":[{"href":"https:\/\/www.radiopiu.net\/wordpress\/wp-json\/wp\/v2\/posts"}],"about":[{"href":"https:\/\/www.radiopiu.net\/wordpress\/wp-json\/wp\/v2\/types\/post"}],"author":[{"embeddable":true,"href":"https:\/\/www.radiopiu.net\/wordpress\/wp-json\/wp\/v2\/users\/4"}],"replies":[{"embeddable":true,"href":"https:\/\/www.radiopiu.net\/wordpress\/wp-json\/wp\/v2\/comments?post=295259"}],"version-history":[{"count":0,"href":"https:\/\/www.radiopiu.net\/wordpress\/wp-json\/wp\/v2\/posts\/295259\/revisions"}],"wp:featuredmedia":[{"embeddable":true,"href":"https:\/\/www.radiopiu.net\/wordpress\/wp-json\/wp\/v2\/media\/295261"}],"wp:attachment":[{"href":"https:\/\/www.radiopiu.net\/wordpress\/wp-json\/wp\/v2\/media?parent=295259"}],"wp:term":[{"taxonomy":"category","embeddable":true,"href":"https:\/\/www.radiopiu.net\/wordpress\/wp-json\/wp\/v2\/categories?post=295259"},{"taxonomy":"post_tag","embeddable":true,"href":"https:\/\/www.radiopiu.net\/wordpress\/wp-json\/wp\/v2\/tags?post=295259"}],"curies":[{"name":"wp","href":"https:\/\/api.w.org\/{rel}","templated":true}]}}