{"id":295289,"date":"2022-08-31T15:01:10","date_gmt":"2022-08-31T13:01:10","guid":{"rendered":"https:\/\/www.radiopiu.net\/wordpress\/?p=295289"},"modified":"2022-08-31T15:01:10","modified_gmt":"2022-08-31T13:01:10","slug":"acc-fiom-il-governo-non-ha-ancora-autorizzato-la-cassa-integrazione-fino-al-30-novembre","status":"publish","type":"post","link":"https:\/\/www.radiopiu.net\/wordpress\/acc-fiom-il-governo-non-ha-ancora-autorizzato-la-cassa-integrazione-fino-al-30-novembre\/","title":{"rendered":"ACC. FIOM: IL GOVERNO NON HA ANCORA AUTORIZZATO LA CASSA INTEGRAZIONE FINO AL 30 NOVEMBRE"},"content":{"rendered":"<p><strong><a class=\"dt-pswp-item\" href=\"https:\/\/www.radiopiu.net\/wordpress\/wp-content\/uploads\/2020\/06\/ACC-MEL.png\" data-dt-img-description=\"\" data-large_image_width=\"796\" data-large_image_height=\"796\"><img loading=\"lazy\" decoding=\"async\" class=\"size-thumbnail wp-image-145345 alignleft\" src=\"https:\/\/www.radiopiu.net\/wordpress\/wp-content\/uploads\/2020\/06\/ACC-MEL-150x150.png\" alt=\"\" width=\"150\" height=\"150\" srcset=\"https:\/\/www.radiopiu.net\/wordpress\/wp-content\/uploads\/2020\/06\/ACC-MEL-150x150.png 150w, https:\/\/www.radiopiu.net\/wordpress\/wp-content\/uploads\/2020\/06\/ACC-MEL-300x300.png 300w, https:\/\/www.radiopiu.net\/wordpress\/wp-content\/uploads\/2020\/06\/ACC-MEL-768x768.png 768w, https:\/\/www.radiopiu.net\/wordpress\/wp-content\/uploads\/2020\/06\/ACC-MEL.png 796w\" sizes=\"auto, (max-width: 150px) 100vw, 150px\" \/><\/a>BORGO VALBELLUNA<\/strong> Preoccupazione per la FIOM CGIL per il futuro degli operai ACC di Mel. Il Governo non ha ancora autorizzato la richiesta di cassa integrazione fino al prossimo 30 novembre.<\/p>\n<blockquote><p><strong>IL COMUNICATO DELLA FIOM CGIL<\/strong><\/p>\n<p><em>Ad oggi 31 Agosto il ministero competente non ha ancora autorizzato la proroga della cassa integrazione fino al 30 Novembre per le lavoratrici e i lavoratori di Acc pur avendo il commissario straordinario presentato la domanda in tempi congrui. Tale ritardo ci preoccupa fortemente, in un periodo nel quale l&#8217;andamento in crescita esponenziale dei prezzi al consumo e i costi energetici decuplicati a carico delle famiglie, l&#8217;assenza degli ammortizzatori sociali rischia di fare precipitare i lavoratori in una condizione di gravissima condizioni sociale in quanto privati dell&#8217;unico seppur esiguo redatto disponibile. Inoltre la caduta del governo in attesa delle prossime elezioni e del nuovo esecutivo preclude la possibilit\u00e0 di avere indicazioni chiare su quali strumenti saranno attivati, stante la non pi\u00f9 finanziata cassa per cessazione, per il periodo susseguente al Novembre 2022 fino a tutto il 2023. Chiediamo quindi che in primis la Regione Veneto e poi le istituzioni competenti si attivino per avere quanto meno garanzia sulla proroga. In pi\u00f9 e non starebbe a noi ricordarlo richiamiamo la necessit\u00e0, cos\u00ec come previsto dal punto 19 dell&#8217;accordo ex art 47 del 5 Aprile scorso, di convocare il Consiglio di Sorveglianza socio istituzionale con tutte le parti in causa principalmente per avere informazioni sull&#8217;andamento delle ricollocazioni dei lavoratori ricompreso nelle attivit\u00e0 della Task Force regionale costituita in merito e poi perch\u00e9 compito del consiglio \u00e8 monitorare e valutare lo stato di avanzamento del piano di consolidamento e sviluppo competitivo delle unit\u00e0 produttive di Sest a cominciare da quella acquisita da Sest con particolare riguardo alle opportunit\u00e0 di integrazione operativa nel contesto sociale, culturale economico e organizzativo del macro distretto del freddo che ha il suo epicentro nel Bellunese, di creazione di un favorevole contesto infrastrutturale e dei servizi e di radicamento di un sistema integrato di competenze industriali quale elemento territoriale distintivo e propulsivo. Come da pi\u00f9 parti sentiamo affermare la questione Acc non \u00e8 per nulla risolta ed \u00e8 urgente riproporla come prioritaria nelle agende istituzionali.<\/em><\/p><\/blockquote>\n<p>&nbsp;<\/p>\n<p>&nbsp;<\/p>\n<p>****<\/p>\n","protected":false},"excerpt":{"rendered":"<p>BORGO VALBELLUNA Preoccupazione per la FIOM CGIL per il futuro degli operai ACC di Mel. Il Governo non ha ancora autorizzato la richiesta di cassa integrazione fino al prossimo 30 novembre. IL COMUNICATO DELLA FIOM CGIL Ad oggi 31 Agosto il ministero competente non ha ancora autorizzato la proroga della cassa integrazione fino al 30&hellip;<\/p>\n","protected":false},"author":4,"featured_media":145345,"comment_status":"closed","ping_status":"closed","sticky":false,"template":"","format":"standard","meta":{"_monsterinsights_skip_tracking":false,"_monsterinsights_sitenote_active":false,"_monsterinsights_sitenote_note":"","_monsterinsights_sitenote_category":0,"footnotes":""},"categories":[49],"tags":[],"class_list":["post-295289","post","type-post","status-publish","format-standard","has-post-thumbnail","hentry","category-news-18","category-49","description-off"],"img_url":"https:\/\/www.radiopiu.net\/wordpress\/wp-content\/uploads\/2020\/06\/ACC-MEL.png","_links":{"self":[{"href":"https:\/\/www.radiopiu.net\/wordpress\/wp-json\/wp\/v2\/posts\/295289","targetHints":{"allow":["GET"]}}],"collection":[{"href":"https:\/\/www.radiopiu.net\/wordpress\/wp-json\/wp\/v2\/posts"}],"about":[{"href":"https:\/\/www.radiopiu.net\/wordpress\/wp-json\/wp\/v2\/types\/post"}],"author":[{"embeddable":true,"href":"https:\/\/www.radiopiu.net\/wordpress\/wp-json\/wp\/v2\/users\/4"}],"replies":[{"embeddable":true,"href":"https:\/\/www.radiopiu.net\/wordpress\/wp-json\/wp\/v2\/comments?post=295289"}],"version-history":[{"count":0,"href":"https:\/\/www.radiopiu.net\/wordpress\/wp-json\/wp\/v2\/posts\/295289\/revisions"}],"wp:featuredmedia":[{"embeddable":true,"href":"https:\/\/www.radiopiu.net\/wordpress\/wp-json\/wp\/v2\/media\/145345"}],"wp:attachment":[{"href":"https:\/\/www.radiopiu.net\/wordpress\/wp-json\/wp\/v2\/media?parent=295289"}],"wp:term":[{"taxonomy":"category","embeddable":true,"href":"https:\/\/www.radiopiu.net\/wordpress\/wp-json\/wp\/v2\/categories?post=295289"},{"taxonomy":"post_tag","embeddable":true,"href":"https:\/\/www.radiopiu.net\/wordpress\/wp-json\/wp\/v2\/tags?post=295289"}],"curies":[{"name":"wp","href":"https:\/\/api.w.org\/{rel}","templated":true}]}}