{"id":295384,"date":"2022-08-31T20:49:37","date_gmt":"2022-08-31T18:49:37","guid":{"rendered":"https:\/\/www.radiopiu.net\/wordpress\/?p=295384"},"modified":"2022-08-31T20:49:37","modified_gmt":"2022-08-31T18:49:37","slug":"va-a-fare-una-camminata-e-non-rientra-ricerche-in-corso-a-falcade","status":"publish","type":"post","link":"https:\/\/www.radiopiu.net\/wordpress\/va-a-fare-una-camminata-e-non-rientra-ricerche-in-corso-a-falcade\/","title":{"rendered":"VA A FARE UNA CAMMINATA E NON RIENTRA. RICERCHE IN CORSO A FALCADE"},"content":{"rendered":"<p><strong><a class=\"dt-pswp-item\" href=\"https:\/\/www.radiopiu.net\/wordpress\/wp-content\/uploads\/2022\/08\/IMG-20220831-WA0007.jpg\" data-dt-img-description=\"\" data-large_image_width=\"1200\" data-large_image_height=\"1600\"><img loading=\"lazy\" decoding=\"async\" class=\"size-thumbnail wp-image-295385 alignleft\" src=\"https:\/\/www.radiopiu.net\/wordpress\/wp-content\/uploads\/2022\/08\/IMG-20220831-WA0007-150x150.jpg\" alt=\"\" width=\"150\" height=\"150\" \/><\/a> <\/strong><\/p>\n<p><strong>\u00a0<\/strong><\/p>\n<p><strong>FALCADE<\/strong> Attorno alle 20 il Soccorso alpino della Val Biois \u00e8 stato allertato per prendere parte alla ricerca di un 46enne di Ferrara, partito nel primo pomeriggio dal Camping Eden di Falcade per una camminata e non rientrato. Tommaso, capelli castani, \u00e8 alto un metro e 80 ed \u00e8 di corporatura normale, indossa una tuta da ginnastica scura, scarponi e ha uno zaino nero con s\u00e9. Chiunque lo abbia visto \u00e8 pregato di contattare i Carabinieri.<\/p>\n<p>&nbsp;<\/p>\n<p>&nbsp;<\/p>\n<p>&nbsp;<\/p>\n<p>*******<\/p>\n","protected":false},"excerpt":{"rendered":"<p>\u00a0 FALCADE Attorno alle 20 il Soccorso alpino della Val Biois \u00e8 stato allertato per prendere parte alla ricerca di un 46enne di Ferrara, partito nel primo pomeriggio dal Camping Eden di Falcade per una camminata e non rientrato. Tommaso, capelli castani, \u00e8 alto un metro e 80 ed \u00e8 di corporatura normale, indossa una&hellip;<\/p>\n","protected":false},"author":4,"featured_media":295385,"comment_status":"closed","ping_status":"closed","sticky":false,"template":"","format":"standard","meta":{"_monsterinsights_skip_tracking":false,"_monsterinsights_sitenote_active":false,"_monsterinsights_sitenote_note":"","_monsterinsights_sitenote_category":0,"footnotes":""},"categories":[51,49],"tags":[],"class_list":["post-295384","post","type-post","status-publish","format-standard","has-post-thumbnail","hentry","category-evidenza-top","category-news-18","category-51","category-49","description-off"],"img_url":"https:\/\/www.radiopiu.net\/wordpress\/wp-content\/uploads\/2022\/08\/IMG-20220831-WA0007.jpg","_links":{"self":[{"href":"https:\/\/www.radiopiu.net\/wordpress\/wp-json\/wp\/v2\/posts\/295384","targetHints":{"allow":["GET"]}}],"collection":[{"href":"https:\/\/www.radiopiu.net\/wordpress\/wp-json\/wp\/v2\/posts"}],"about":[{"href":"https:\/\/www.radiopiu.net\/wordpress\/wp-json\/wp\/v2\/types\/post"}],"author":[{"embeddable":true,"href":"https:\/\/www.radiopiu.net\/wordpress\/wp-json\/wp\/v2\/users\/4"}],"replies":[{"embeddable":true,"href":"https:\/\/www.radiopiu.net\/wordpress\/wp-json\/wp\/v2\/comments?post=295384"}],"version-history":[{"count":0,"href":"https:\/\/www.radiopiu.net\/wordpress\/wp-json\/wp\/v2\/posts\/295384\/revisions"}],"wp:featuredmedia":[{"embeddable":true,"href":"https:\/\/www.radiopiu.net\/wordpress\/wp-json\/wp\/v2\/media\/295385"}],"wp:attachment":[{"href":"https:\/\/www.radiopiu.net\/wordpress\/wp-json\/wp\/v2\/media?parent=295384"}],"wp:term":[{"taxonomy":"category","embeddable":true,"href":"https:\/\/www.radiopiu.net\/wordpress\/wp-json\/wp\/v2\/categories?post=295384"},{"taxonomy":"post_tag","embeddable":true,"href":"https:\/\/www.radiopiu.net\/wordpress\/wp-json\/wp\/v2\/tags?post=295384"}],"curies":[{"name":"wp","href":"https:\/\/api.w.org\/{rel}","templated":true}]}}