{"id":295429,"date":"2022-09-01T11:20:13","date_gmt":"2022-09-01T09:20:13","guid":{"rendered":"https:\/\/www.radiopiu.net\/wordpress\/?p=295429"},"modified":"2022-09-01T11:20:13","modified_gmt":"2022-09-01T09:20:13","slug":"le-previsioni-di-valter-todesco-erano-giuste-tra-digoman-e-voltago-le-auto-faticano-a-scambiarsi","status":"publish","type":"post","link":"https:\/\/www.radiopiu.net\/wordpress\/le-previsioni-di-valter-todesco-erano-giuste-tra-digoman-e-voltago-le-auto-faticano-a-scambiarsi\/","title":{"rendered":"LE PREVISIONI DI VALTER TODESCO ERANO GIUSTE, TRA DIGOMAN E VOLTAGO LE AUTO FATICANO A SCAMBIARSI"},"content":{"rendered":"<p><strong>REDAZIONE<\/strong> Ce lo aveva preannunciato Valter Todesco, presidente dell&#8217;Auser Col Bel di Tiser. Con i lavori a Gona di Conedera potevano esserci dei disagi sulla strada di Digoman, unica alternativa per chi da Rivamonte deve scendere ad Agordo. La strada stretta e la mancanza di un semaforo rende pericoloso lo scambio tra mezzi, specialmente se in quel momento un camion deve raggiungere Voltago.<\/p>\n<blockquote><p><strong>LA PREVISIONE DI VALTER TODESCO DI ALCUNI GIORNI FA<\/strong><\/p>\n<p><em>Visto che a fine mese verr\u00e0 chiusa per una decina di giorni la SP3 in localit\u00e0 Gona per la messa in sicurezza e quindi si utilizzer\u00e0 la strada di Digoman, auspico che venga installato un impianto semaforico provvisorio tra il ponte sotto il cimitero di Digoman e i magazzini comunali di Voltago essendo che la strada \u00e8 stretta il traffico sar\u00e0 difficoltoso ed anche per il passaggio delle corriere e dei camion.<\/em><\/p><\/blockquote>\n<p>&nbsp;<\/p>\n<p><strong>LA SITUAZIONE &#8211; IL VIDEO<\/strong><\/p>\n<div style=\"width: 960px;\" class=\"wp-video\"><video class=\"wp-video-shortcode\" id=\"video-295429-1\" width=\"960\" height=\"540\" preload=\"metadata\" controls=\"controls\"><source type=\"video\/mp4\" src=\"https:\/\/www.radiopiu.net\/wordpress\/wp-content\/uploads\/2022\/09\/DIGOMAN.mp4?_=1\" \/><a href=\"https:\/\/www.radiopiu.net\/wordpress\/wp-content\/uploads\/2022\/09\/DIGOMAN.mp4\">https:\/\/www.radiopiu.net\/wordpress\/wp-content\/uploads\/2022\/09\/DIGOMAN.mp4<\/a><\/video><\/div>\n<p>&nbsp;<\/p>\n<p>&nbsp;<\/p>\n<p>*****<\/p>\n","protected":false},"excerpt":{"rendered":"<p>REDAZIONE Ce lo aveva preannunciato Valter Todesco, presidente dell&#8217;Auser Col Bel di Tiser. Con i lavori a Gona di Conedera potevano esserci dei disagi sulla strada di Digoman, unica alternativa per chi da Rivamonte deve scendere ad Agordo. La strada stretta e la mancanza di un semaforo rende pericoloso lo scambio tra mezzi, specialmente se&hellip;<\/p>\n","protected":false},"author":4,"featured_media":295431,"comment_status":"closed","ping_status":"closed","sticky":false,"template":"","format":"standard","meta":{"_monsterinsights_skip_tracking":false,"_monsterinsights_sitenote_active":false,"_monsterinsights_sitenote_note":"","_monsterinsights_sitenote_category":0,"footnotes":""},"categories":[49],"tags":[],"class_list":["post-295429","post","type-post","status-publish","format-standard","has-post-thumbnail","hentry","category-news-18","category-49","description-off"],"img_url":"https:\/\/www.radiopiu.net\/wordpress\/wp-content\/uploads\/2022\/09\/Schermata-2022-09-01-alle-11.19.39.png","_links":{"self":[{"href":"https:\/\/www.radiopiu.net\/wordpress\/wp-json\/wp\/v2\/posts\/295429","targetHints":{"allow":["GET"]}}],"collection":[{"href":"https:\/\/www.radiopiu.net\/wordpress\/wp-json\/wp\/v2\/posts"}],"about":[{"href":"https:\/\/www.radiopiu.net\/wordpress\/wp-json\/wp\/v2\/types\/post"}],"author":[{"embeddable":true,"href":"https:\/\/www.radiopiu.net\/wordpress\/wp-json\/wp\/v2\/users\/4"}],"replies":[{"embeddable":true,"href":"https:\/\/www.radiopiu.net\/wordpress\/wp-json\/wp\/v2\/comments?post=295429"}],"version-history":[{"count":0,"href":"https:\/\/www.radiopiu.net\/wordpress\/wp-json\/wp\/v2\/posts\/295429\/revisions"}],"wp:featuredmedia":[{"embeddable":true,"href":"https:\/\/www.radiopiu.net\/wordpress\/wp-json\/wp\/v2\/media\/295431"}],"wp:attachment":[{"href":"https:\/\/www.radiopiu.net\/wordpress\/wp-json\/wp\/v2\/media?parent=295429"}],"wp:term":[{"taxonomy":"category","embeddable":true,"href":"https:\/\/www.radiopiu.net\/wordpress\/wp-json\/wp\/v2\/categories?post=295429"},{"taxonomy":"post_tag","embeddable":true,"href":"https:\/\/www.radiopiu.net\/wordpress\/wp-json\/wp\/v2\/tags?post=295429"}],"curies":[{"name":"wp","href":"https:\/\/api.w.org\/{rel}","templated":true}]}}