{"id":295434,"date":"2022-09-01T11:31:07","date_gmt":"2022-09-01T09:31:07","guid":{"rendered":"https:\/\/www.radiopiu.net\/wordpress\/?p=295434"},"modified":"2022-09-01T20:28:46","modified_gmt":"2022-09-01T18:28:46","slug":"la-val-de-livinel-molto-conosciuta-a-sottoguda-nel-1916-una-valanga-causo-numerosi-morti","status":"publish","type":"post","link":"https:\/\/www.radiopiu.net\/wordpress\/la-val-de-livinel-molto-conosciuta-a-sottoguda-nel-1916-una-valanga-causo-numerosi-morti\/","title":{"rendered":"LA VAL DE LIVINEL, MOLTO CONOSCIUTA A SOTTOGUDA. NEL 1916 UNA VALANGA CAUSO&#8217; NUMEROSI MORTI"},"content":{"rendered":"<p><strong>ROCCA PIETORE<\/strong> Stanno per volgere al termine i lavori di paravalanghe a Livinel. Una valle molto conosciuta dagli abitanti del borgo di Sottoguda perch\u00e9 nel 1916 una valanga travolse civili e militari causando molte vittime. Valanga che si stacc\u00f2 anche nel 2014 e l&#8217;abitato fu salvato dal folto bosco.<\/p>\n<blockquote><p><em>Gli abitanti della Val Pettorina conoscono bene la Val de Livinel, ripidissimo pendio sopra il villaggio di Sottoguda. Nel 1916 si stacc\u00f2 una valanga che travolse civili e militari nel villaggio a fondo valle causando numerosi morti. La stessa valanga si stacc\u00f2 anche durante le eccezionali nevicate dell&#8217;inverno 2014 e solo grazie al folto rimboschimento del pendio non precipit\u00f2 fin sopra le case di Sottoguda. Si inizi\u00f2 un serio ragionamento per una messa in sicurezza dell&#8217;area che trov\u00f2 poi varie difficolt\u00e0 nella prosecuzione, prima con la tempesta Vaia che defin\u00ec brutalmente altre priorit\u00e0 e poi con il Covid. Dopo varie riunioni e sopralluoghi, si riusc\u00ec ad interessare il Settore Difesa del Suolo della Provincia che procedette con l&#8217;incarico di progettazione e successivamente col reperimento dei necessari 600mila euro per dare il via ai lavori. Lavori che ora risultano praticamente finiti. Gli 85 ancoraggi nella roccia e i 78 &#8220;ombrelli&#8221; fermaneve sono stati montati. Gli allestimenti di cantiere, comprese baracche per il personale, servizi igienici, gruppo elettrogeno, cisterne d&#8217;acqua ecc. sono stati smantellati e riportati a valle. Verr\u00e0 ripristinato anche il cotico erboso sull&#8217;area interessata dalla cantierizzazione e si conta di terminare i collaudi dell&#8217;opera entro fine settembre. I fermaneve sono stati prima montati a Malga Ciapela e poi trasportati in quota con il fondamentale apporto dell&#8217;elicottero.<\/em><br \/>\n<em>Desidero ringraziare davvero tutti, la Provincia di Belluno e i suoi funzionari con la parte politica, i progettisti, la direzione lavori ma soprattutto il personale, altamentey qualificato che ha operato su un terreno molto ripido e difficoltoso e merita per questo un particolare plauso. Negli ultimi anni si \u00e8 data priorit\u00e0 alla messa in sicurezza del territorio, mettendo in secondo piano molti lavori che avrebbero maggior visibilit\u00e0 ma certamente minore importanza,<\/em><\/p><\/blockquote>\n<p><strong>IL SINDACO DI ROCCA PIETORE ANDREA DE BERNARDIN<\/strong><\/p>\n<audio class=\"wp-audio-shortcode\" id=\"audio-295434-1\" preload=\"none\" style=\"width: 100%;\" controls=\"controls\"><source type=\"audio\/mpeg\" src=\"https:\/\/www.radiopiu.net\/wordpress\/wp-content\/uploads\/2022\/09\/DE-BERNARDIN-LIVINEL.mp3?_=1\" \/><a href=\"https:\/\/www.radiopiu.net\/wordpress\/wp-content\/uploads\/2022\/09\/DE-BERNARDIN-LIVINEL.mp3\">https:\/\/www.radiopiu.net\/wordpress\/wp-content\/uploads\/2022\/09\/DE-BERNARDIN-LIVINEL.mp3<\/a><\/audio>\n<p>&nbsp;<\/p>\n\n\t\t\t<style type='text\/css'>\n\t\t\t\t#gallery-1 {\n\t\t\t\t\tmargin: auto;\n\t\t\t\t}\n\t\t\t\t#gallery-1 .gallery-item {\n\t\t\t\t\tfloat: left;\n\t\t\t\t\tmargin-top: 10px;\n\t\t\t\t\ttext-align: center;\n\t\t\t\t\twidth: 33%;\n\t\t\t\t}\n\t\t\t\t#gallery-1 img {\n\t\t\t\t\tborder: 2px solid #cfcfcf;\n\t\t\t\t}\n\t\t\t\t#gallery-1 .gallery-caption {\n\t\t\t\t\tmargin-left: 0;\n\t\t\t\t}\n\t\t\t\t\/* see gallery_shortcode() in wp-includes\/media.php *\/\n\t\t\t<\/style>\n\t\t<div id='gallery-1' class='dt-gallery-container gallery galleryid-295434 gallery-columns-3 gallery-size-thumbnail'><dl class='gallery-item'>\n\t\t\t\t<dt class='gallery-icon landscape'>\n\t\t\t\t\t<a class=\"rollover rollover-zoom dt-pswp-item\" title=\"0b948a2a-8732-418a-a0a9-476b75e51207\" data-dt-img-description=\"\" data-large_image_width=\"1470\" data-large_image_height=\"1009\"href='https:\/\/www.radiopiu.net\/wordpress\/wp-content\/uploads\/2022\/09\/0b948a2a-8732-418a-a0a9-476b75e51207.jpg'><img loading=\"lazy\" decoding=\"async\" width=\"150\" height=\"150\" src=\"https:\/\/www.radiopiu.net\/wordpress\/wp-content\/uploads\/2022\/09\/0b948a2a-8732-418a-a0a9-476b75e51207-150x150.jpg\" class=\"attachment-thumbnail size-thumbnail\" alt=\"\" \/><\/a>\n\t\t\t\t<\/dt><\/dl><dl class='gallery-item'>\n\t\t\t\t<dt class='gallery-icon landscape'>\n\t\t\t\t\t<a class=\"rollover rollover-zoom dt-pswp-item\" title=\"71dcb4d5-7f8b-4ddd-9038-7ed1f89bf2a7\" data-dt-img-description=\"\" data-large_image_width=\"1591\" data-large_image_height=\"1065\"href='https:\/\/www.radiopiu.net\/wordpress\/wp-content\/uploads\/2022\/09\/71dcb4d5-7f8b-4ddd-9038-7ed1f89bf2a7.jpg'><img loading=\"lazy\" decoding=\"async\" width=\"150\" height=\"150\" src=\"https:\/\/www.radiopiu.net\/wordpress\/wp-content\/uploads\/2022\/09\/71dcb4d5-7f8b-4ddd-9038-7ed1f89bf2a7-150x150.jpg\" class=\"attachment-thumbnail size-thumbnail\" alt=\"\" \/><\/a>\n\t\t\t\t<\/dt><\/dl><dl class='gallery-item'>\n\t\t\t\t<dt class='gallery-icon landscape'>\n\t\t\t\t\t<a class=\"rollover rollover-zoom dt-pswp-item\" title=\"bd2579cd-a846-4ddf-abac-328546d7ef1e\" data-dt-img-description=\"\" data-large_image_width=\"1920\" data-large_image_height=\"1080\"href='https:\/\/www.radiopiu.net\/wordpress\/wp-content\/uploads\/2022\/09\/bd2579cd-a846-4ddf-abac-328546d7ef1e.jpg'><img loading=\"lazy\" decoding=\"async\" width=\"150\" height=\"150\" src=\"https:\/\/www.radiopiu.net\/wordpress\/wp-content\/uploads\/2022\/09\/bd2579cd-a846-4ddf-abac-328546d7ef1e-150x150.jpg\" class=\"attachment-thumbnail size-thumbnail\" alt=\"\" \/><\/a>\n\t\t\t\t<\/dt><\/dl><br style=\"clear: both\" \/>\n\t\t\t<\/div>\n\n<div style=\"width: 848px;\" class=\"wp-video\"><video class=\"wp-video-shortcode\" id=\"video-295434-1\" width=\"848\" height=\"480\" preload=\"metadata\" controls=\"controls\"><source type=\"video\/mp4\" src=\"https:\/\/www.radiopiu.net\/wordpress\/wp-content\/uploads\/2022\/09\/WhatsApp-Video-2022-09-01-at-08.43.52.mp4?_=1\" \/><a href=\"https:\/\/www.radiopiu.net\/wordpress\/wp-content\/uploads\/2022\/09\/WhatsApp-Video-2022-09-01-at-08.43.52.mp4\">https:\/\/www.radiopiu.net\/wordpress\/wp-content\/uploads\/2022\/09\/WhatsApp-Video-2022-09-01-at-08.43.52.mp4<\/a><\/video><\/div>\n<p>&nbsp;<\/p>\n<p>&nbsp;<\/p>\n<p>******<\/p>\n","protected":false},"excerpt":{"rendered":"<p>ROCCA PIETORE Stanno per volgere al termine i lavori di paravalanghe a Livinel. Una valle molto conosciuta dagli abitanti del borgo di Sottoguda perch\u00e9 nel 1916 una valanga travolse civili e militari causando molte vittime. Valanga che si stacc\u00f2 anche nel 2014 e l&#8217;abitato fu salvato dal folto bosco. Gli abitanti della Val Pettorina conoscono&hellip;<\/p>\n","protected":false},"author":4,"featured_media":295439,"comment_status":"closed","ping_status":"closed","sticky":false,"template":"","format":"standard","meta":{"_monsterinsights_skip_tracking":false,"_monsterinsights_sitenote_active":false,"_monsterinsights_sitenote_note":"","_monsterinsights_sitenote_category":0,"footnotes":""},"categories":[49],"tags":[],"class_list":["post-295434","post","type-post","status-publish","format-standard","has-post-thumbnail","hentry","category-news-18","category-49","description-off"],"img_url":"https:\/\/www.radiopiu.net\/wordpress\/wp-content\/uploads\/2022\/09\/0b948a2a-8732-418a-a0a9-476b75e51207.jpg","_links":{"self":[{"href":"https:\/\/www.radiopiu.net\/wordpress\/wp-json\/wp\/v2\/posts\/295434","targetHints":{"allow":["GET"]}}],"collection":[{"href":"https:\/\/www.radiopiu.net\/wordpress\/wp-json\/wp\/v2\/posts"}],"about":[{"href":"https:\/\/www.radiopiu.net\/wordpress\/wp-json\/wp\/v2\/types\/post"}],"author":[{"embeddable":true,"href":"https:\/\/www.radiopiu.net\/wordpress\/wp-json\/wp\/v2\/users\/4"}],"replies":[{"embeddable":true,"href":"https:\/\/www.radiopiu.net\/wordpress\/wp-json\/wp\/v2\/comments?post=295434"}],"version-history":[{"count":0,"href":"https:\/\/www.radiopiu.net\/wordpress\/wp-json\/wp\/v2\/posts\/295434\/revisions"}],"wp:featuredmedia":[{"embeddable":true,"href":"https:\/\/www.radiopiu.net\/wordpress\/wp-json\/wp\/v2\/media\/295439"}],"wp:attachment":[{"href":"https:\/\/www.radiopiu.net\/wordpress\/wp-json\/wp\/v2\/media?parent=295434"}],"wp:term":[{"taxonomy":"category","embeddable":true,"href":"https:\/\/www.radiopiu.net\/wordpress\/wp-json\/wp\/v2\/categories?post=295434"},{"taxonomy":"post_tag","embeddable":true,"href":"https:\/\/www.radiopiu.net\/wordpress\/wp-json\/wp\/v2\/tags?post=295434"}],"curies":[{"name":"wp","href":"https:\/\/api.w.org\/{rel}","templated":true}]}}