{"id":295459,"date":"2022-09-01T23:59:07","date_gmt":"2022-09-01T21:59:07","guid":{"rendered":"https:\/\/www.radiopiu.net\/wordpress\/?p=295459"},"modified":"2022-09-02T07:06:13","modified_gmt":"2022-09-02T05:06:13","slug":"albino-luciani-il-papa-giovanni-paolo-i-a-buon-diritto-nel-mondo-dei-migranti","status":"publish","type":"post","link":"https:\/\/www.radiopiu.net\/wordpress\/albino-luciani-il-papa-giovanni-paolo-i-a-buon-diritto-nel-mondo-dei-migranti\/","title":{"rendered":"ALBINO LUCIANI, IL PAPA GIOVANNI PAOLO I A BUON DIRITTO NEL MONDO DEI MIGRANTI"},"content":{"rendered":"<p><strong>di Renato Bona<\/strong><\/p>\n<p>Gli amici Ivano Pocchiesa (purtroppo scomparso da qualche anno), Mario Fornaro ed Aduo Vio sono gli autori del libro \u201cPiccole grandi storie di emigranti\u201d stampato nel dicembre del 1991 con Media diffusion editrice dall\u2019agenzia Polaris di Santa Giustina (Belluno). L\u2019allora presidente della Provincia nonch\u00e9 presidente della Consulta veneta per l\u2019emigrazione, Oscar De Bona, nel saluto ospitato nelle prime pagine del volume, aveva sottolineato come gli autori \u201channo scelto una \u2018chiave originale\u2019: hanno spaziato a tutto campo sul fenomeno emigrazione , comprendendo &#8211; come dice il titolo emblematico &#8211; nomi che, di primo acchito, non sembrerebbero quelli di emigranti, bens\u00ec di uomini celebri. Ebbene, la formula, a mio avviso, \u00e8 risultata una scelta felice. Si \u00e8 intuito che anche nei secoli passati &#8211; partendo addirittura dal 1400 circa . c\u2019erano emigranti. Personaggi \u2018sui generis\u2019, artisti, scienziati, religiosi, letterati, che per svariati motivi abbandonavano le loro terre, che per altrettante svariate \u2018vocazioni\u2019 soggettive, andavano per il mondo a vivere la loro esistenza\u201d. Ci\u00f2 premesso, ecco in sintesi (per saperne di pi\u00f9 baster\u00e0 recuperare il libro &#8211; ndr.) quanto i tre autori hanno scritto a proposito di \u201cPapa Luciani (Giovanni Paolo I &#8211; 1912)\u201d &#8211; che \u00e8 il titolo del capitolo dedicato allo scomparso secondo pontefice bellunese della storia dopo Gregorio XV, per il quale domenica 4 ci sar\u00e0, presieduta da Papa Francesco con il vescovo di Belluno-Feltre, Renato Marangoni, la solenne cerimonia per la beatificazione. Per chi si chiedesse cosa univa Luciani al mondo migratorio ecco la loro risposta: \u201cche anche a sacerdoti, frati, suore, parroci, vescovi, cardinali, papi spetti il titolo di \u2018emigrante\u2019 \u00e8 provato dal fatto che ad una certa et\u00e0 lasciano la famiglia, confluiscono nei seminari o in altri istituti appositi, e vengono, poi, \u2018assegnati\u2019 ad un luogo qualsiasi della terra, secondo il bisogno, per compiere la loro missione\u201d. Dunque anche per essi, Luciani compreso, \u201csono d\u2019obbligo la valigia e la partenza, la vita lontano da casa in nome di una fratellanza ben pi\u00f9 universale e nobile di quella che vige all\u2019interno delle pareti domestiche. Animati da un soffio ideale non comune a tutti, diventano pastori di anime e pellegrini del mondo\u2026\u201d. Segue un\u2019ampia cronologia degli eventi che hanno avuto per protagonista Albino Luciani che, nel 1923 entr\u00f2 nel seminario di Feltre. Nel 1935, a 23 anni divenne sacerdote nella chiesa di San Pietro a Belluno. Prima messa l\u2019indomani nella chiesa del paese natale, all\u2019epoca Forno di Canale, oggi Canale d\u2019Agordo. A 46 anni, nel 1956, fu nominato vescovo di Vittorio Veneto. Nel 1962 ci fu il secondo Concilio con 2 mila381 vescovi della terra, tra i quali anche Luciani. Nel 1969, scomparso il patriarca Urbani, Paolo VI propose Luciani cardinale che nel dicembre dello stesso anno fu nominato patriarca di Venezia. Nel 19071 lo stesso Pontefice gli affid\u00f2 la presidenza del sinodo mondiale dei vescovi che si occupava del magistero sacerdotale e di giustizia sociale. Nell\u2019agosto del 1978 Paolo VI mor\u00ec e &#8211; ricordano i tre autori del libro &#8211; \u201cA Londra gli allibratori davano il cardinale Pignedoli favorito 5 a 2, Luciani non era menzionato\u2026\u201d, Il 26 agosto i 111 porporati elettori entrarono nella cappella Sistina e mons. No\u00e8 sbarr\u00f2 la porta. Il nuovo Papa doveva raccogliere 75 preferenze. Al quarto scrutinio &#8211; secondo quanto poi trapel\u00f2 &#8211; Albino Luciani ebbe 99 voti. Alle 19,18 del 26 agosto, il cardinale Felici dal balcone di Piazza San Pietro, annunci\u00f2 al mondo: \u201cHabemus Papam\u2026 Cardinalem Albinum Luciani\u201d. All\u2019Angelus dell\u2019indomani, Giovanni Paolo I raccont\u00f2 ai 200 mila presenti nella piazza e a milioni di telespettatori come era andato il conclave\u2026 Il 29 settembre, alle 7,42 la sala stampa del Vaticano annunci\u00f2: \u201cStamane verso le ore 5,30 il segretario particolare del Papa, non avendo trovato il Santo Padre nella cappella dell\u2019appartamento privato, come di solito, lo ha cercato nella sua camera e lo ha trovato morto nel letto con la luce accesa, come persona intenta alla lettura\u2026 il decesso \u00e8 avvenuto presumibilmente verso le 23 di ieri, per infarto miocardico acuto\u201d, Il Papa bellunese del sorriso dopo soli 33 giorni di pontificato \u201caveva solcato la terra come una meteora. Un pontificato durato lo spazio di un sorriso\u201d concludevano Pocchiesa, Fornaro e Vio<\/p>\n\n\t\t\t<style type='text\/css'>\n\t\t\t\t#gallery-1 {\n\t\t\t\t\tmargin: auto;\n\t\t\t\t}\n\t\t\t\t#gallery-1 .gallery-item {\n\t\t\t\t\tfloat: left;\n\t\t\t\t\tmargin-top: 10px;\n\t\t\t\t\ttext-align: center;\n\t\t\t\t\twidth: 25%;\n\t\t\t\t}\n\t\t\t\t#gallery-1 img {\n\t\t\t\t\tborder: 2px solid #cfcfcf;\n\t\t\t\t}\n\t\t\t\t#gallery-1 .gallery-caption {\n\t\t\t\t\tmargin-left: 0;\n\t\t\t\t}\n\t\t\t\t\/* see gallery_shortcode() in wp-includes\/media.php *\/\n\t\t\t<\/style>\n\t\t<div id='gallery-1' class='dt-gallery-container gallery galleryid-295459 gallery-columns-4 gallery-size-thumbnail'><dl class='gallery-item'>\n\t\t\t\t<dt class='gallery-icon portrait'>\n\t\t\t\t\t<a class=\"rollover\" href='https:\/\/www.radiopiu.net\/wordpress\/albino-luciani-il-papa-giovanni-paolo-i-a-buon-diritto-nel-mondo-dei-migranti\/301050562_780538846428397_8065658229473215047_n\/'><img loading=\"lazy\" decoding=\"async\" width=\"150\" height=\"150\" src=\"https:\/\/www.radiopiu.net\/wordpress\/wp-content\/uploads\/2022\/09\/301050562_780538846428397_8065658229473215047_n-150x150.jpg\" class=\"attachment-thumbnail size-thumbnail\" alt=\"\" \/><\/a>\n\t\t\t\t<\/dt><\/dl><dl class='gallery-item'>\n\t\t\t\t<dt class='gallery-icon landscape'>\n\t\t\t\t\t<a class=\"rollover\" href='https:\/\/www.radiopiu.net\/wordpress\/albino-luciani-il-papa-giovanni-paolo-i-a-buon-diritto-nel-mondo-dei-migranti\/301238736_1213879632679447_957543389993359718_n\/'><img loading=\"lazy\" decoding=\"async\" width=\"150\" height=\"150\" src=\"https:\/\/www.radiopiu.net\/wordpress\/wp-content\/uploads\/2022\/09\/301238736_1213879632679447_957543389993359718_n-150x150.jpg\" class=\"attachment-thumbnail size-thumbnail\" alt=\"\" \/><\/a>\n\t\t\t\t<\/dt><\/dl><dl class='gallery-item'>\n\t\t\t\t<dt class='gallery-icon landscape'>\n\t\t\t\t\t<a class=\"rollover\" href='https:\/\/www.radiopiu.net\/wordpress\/albino-luciani-il-papa-giovanni-paolo-i-a-buon-diritto-nel-mondo-dei-migranti\/301408189_536069258279372_3097905472846403879_n\/'><img loading=\"lazy\" decoding=\"async\" width=\"150\" height=\"150\" src=\"https:\/\/www.radiopiu.net\/wordpress\/wp-content\/uploads\/2022\/09\/301408189_536069258279372_3097905472846403879_n-150x150.jpg\" class=\"attachment-thumbnail size-thumbnail\" alt=\"\" \/><\/a>\n\t\t\t\t<\/dt><\/dl><dl class='gallery-item'>\n\t\t\t\t<dt class='gallery-icon landscape'>\n\t\t\t\t\t<a class=\"rollover\" href='https:\/\/www.radiopiu.net\/wordpress\/albino-luciani-il-papa-giovanni-paolo-i-a-buon-diritto-nel-mondo-dei-migranti\/301231014_400137008906856_772996551249285996_n\/'><img loading=\"lazy\" decoding=\"async\" width=\"150\" height=\"150\" src=\"https:\/\/www.radiopiu.net\/wordpress\/wp-content\/uploads\/2022\/09\/301231014_400137008906856_772996551249285996_n-150x150.jpg\" class=\"attachment-thumbnail size-thumbnail\" alt=\"\" srcset=\"https:\/\/www.radiopiu.net\/wordpress\/wp-content\/uploads\/2022\/09\/301231014_400137008906856_772996551249285996_n-150x150.jpg 150w, https:\/\/www.radiopiu.net\/wordpress\/wp-content\/uploads\/2022\/09\/301231014_400137008906856_772996551249285996_n-300x300.jpg 300w, https:\/\/www.radiopiu.net\/wordpress\/wp-content\/uploads\/2022\/09\/301231014_400137008906856_772996551249285996_n.jpg 403w\" sizes=\"auto, (max-width: 150px) 100vw, 150px\" \/><\/a>\n\t\t\t\t<\/dt><\/dl><br style=\"clear: both\" \/><dl class='gallery-item'>\n\t\t\t\t<dt class='gallery-icon landscape'>\n\t\t\t\t\t<a class=\"rollover\" href='https:\/\/www.radiopiu.net\/wordpress\/albino-luciani-il-papa-giovanni-paolo-i-a-buon-diritto-nel-mondo-dei-migranti\/301599475_386587653634614_2712275321258133929_n\/'><img loading=\"lazy\" decoding=\"async\" width=\"150\" height=\"150\" src=\"https:\/\/www.radiopiu.net\/wordpress\/wp-content\/uploads\/2022\/09\/301599475_386587653634614_2712275321258133929_n-150x150.jpg\" class=\"attachment-thumbnail size-thumbnail\" alt=\"\" \/><\/a>\n\t\t\t\t<\/dt><\/dl><dl class='gallery-item'>\n\t\t\t\t<dt class='gallery-icon landscape'>\n\t\t\t\t\t<a class=\"rollover\" href='https:\/\/www.radiopiu.net\/wordpress\/albino-luciani-il-papa-giovanni-paolo-i-a-buon-diritto-nel-mondo-dei-migranti\/302604460_661757641494112_9003588581487477544_n\/'><img loading=\"lazy\" decoding=\"async\" width=\"150\" height=\"150\" src=\"https:\/\/www.radiopiu.net\/wordpress\/wp-content\/uploads\/2022\/09\/302604460_661757641494112_9003588581487477544_n-150x150.jpg\" class=\"attachment-thumbnail size-thumbnail\" alt=\"\" \/><\/a>\n\t\t\t\t<\/dt><\/dl><dl class='gallery-item'>\n\t\t\t\t<dt class='gallery-icon portrait'>\n\t\t\t\t\t<a class=\"rollover\" href='https:\/\/www.radiopiu.net\/wordpress\/albino-luciani-il-papa-giovanni-paolo-i-a-buon-diritto-nel-mondo-dei-migranti\/301900968_810396890294153_8577491137482938615_n\/'><img loading=\"lazy\" decoding=\"async\" width=\"150\" height=\"150\" src=\"https:\/\/www.radiopiu.net\/wordpress\/wp-content\/uploads\/2022\/09\/301900968_810396890294153_8577491137482938615_n-150x150.jpg\" class=\"attachment-thumbnail size-thumbnail\" alt=\"\" \/><\/a>\n\t\t\t\t<\/dt><\/dl><dl class='gallery-item'>\n\t\t\t\t<dt class='gallery-icon portrait'>\n\t\t\t\t\t<a class=\"rollover\" href='https:\/\/www.radiopiu.net\/wordpress\/albino-luciani-il-papa-giovanni-paolo-i-a-buon-diritto-nel-mondo-dei-migranti\/301731228_401806665416136_6590796871863664254_n\/'><img loading=\"lazy\" decoding=\"async\" width=\"150\" height=\"150\" src=\"https:\/\/www.radiopiu.net\/wordpress\/wp-content\/uploads\/2022\/09\/301731228_401806665416136_6590796871863664254_n-150x150.jpg\" class=\"attachment-thumbnail size-thumbnail\" alt=\"\" \/><\/a>\n\t\t\t\t<\/dt><\/dl><br style=\"clear: both\" \/>\n\t\t\t<\/div>\n\n<p>&nbsp;<\/p>\n<p>NELLE FOTO (riproduzioni dal libro \u201cPiccole grandi storie di emigranti\u201d): Albino Luciani \u201cIl papa bellunese del sorriso\u201d; famiglia Luciani all\u2019inizio del secolo passato: al centro il padre del futuro papa, alla sua destra la moglie Bortola, seduti: i nonni di Albino; eccolo, l\u2019undicenne Albino Luciani nel seminario di Feltre nell\u2019anno 1923; l\u2019allora vescovo di Vittorio Veneto in visita ad Agordo; Albino Luciani col fratello Edoardo, la cognata ed i nipoti; Venezia, settembre 1972: Papa Montini, con gesto profetico, poser\u00e0 la sua stola sulle spalle del patriarca Luciani; il messaggio che Luciani invi\u00f2 al convegno dell\u2019emigrazione veneta cui doveva partecipare ad Einsiedeln in Svizzera il 10 settembre 1978; Albino Luciani nei primi anni di sacerdozio.<\/p>\n<p>&nbsp;<\/p>\n<p>&nbsp;<\/p>\n<p>****<\/p>\n","protected":false},"excerpt":{"rendered":"<p>di Renato Bona Gli amici Ivano Pocchiesa (purtroppo scomparso da qualche anno), Mario Fornaro ed Aduo Vio sono gli autori del libro \u201cPiccole grandi storie di emigranti\u201d stampato nel dicembre del 1991 con Media diffusion editrice dall\u2019agenzia Polaris di Santa Giustina (Belluno). L\u2019allora presidente della Provincia nonch\u00e9 presidente della Consulta veneta per l\u2019emigrazione, Oscar De&hellip;<\/p>\n","protected":false},"author":4,"featured_media":295472,"comment_status":"closed","ping_status":"closed","sticky":false,"template":"","format":"standard","meta":{"_monsterinsights_skip_tracking":false,"_monsterinsights_sitenote_active":false,"_monsterinsights_sitenote_note":"","_monsterinsights_sitenote_category":0,"footnotes":""},"categories":[104,49],"tags":[],"class_list":["post-295459","post","type-post","status-publish","format-standard","has-post-thumbnail","hentry","category-evidenza_3","category-news-18","category-104","category-49","description-off"],"img_url":"https:\/\/www.radiopiu.net\/wordpress\/wp-content\/uploads\/2022\/09\/302604460_661757641494112_9003588581487477544_n.jpg","_links":{"self":[{"href":"https:\/\/www.radiopiu.net\/wordpress\/wp-json\/wp\/v2\/posts\/295459","targetHints":{"allow":["GET"]}}],"collection":[{"href":"https:\/\/www.radiopiu.net\/wordpress\/wp-json\/wp\/v2\/posts"}],"about":[{"href":"https:\/\/www.radiopiu.net\/wordpress\/wp-json\/wp\/v2\/types\/post"}],"author":[{"embeddable":true,"href":"https:\/\/www.radiopiu.net\/wordpress\/wp-json\/wp\/v2\/users\/4"}],"replies":[{"embeddable":true,"href":"https:\/\/www.radiopiu.net\/wordpress\/wp-json\/wp\/v2\/comments?post=295459"}],"version-history":[{"count":0,"href":"https:\/\/www.radiopiu.net\/wordpress\/wp-json\/wp\/v2\/posts\/295459\/revisions"}],"wp:featuredmedia":[{"embeddable":true,"href":"https:\/\/www.radiopiu.net\/wordpress\/wp-json\/wp\/v2\/media\/295472"}],"wp:attachment":[{"href":"https:\/\/www.radiopiu.net\/wordpress\/wp-json\/wp\/v2\/media?parent=295459"}],"wp:term":[{"taxonomy":"category","embeddable":true,"href":"https:\/\/www.radiopiu.net\/wordpress\/wp-json\/wp\/v2\/categories?post=295459"},{"taxonomy":"post_tag","embeddable":true,"href":"https:\/\/www.radiopiu.net\/wordpress\/wp-json\/wp\/v2\/tags?post=295459"}],"curies":[{"name":"wp","href":"https:\/\/api.w.org\/{rel}","templated":true}]}}