{"id":295546,"date":"2022-09-02T11:31:19","date_gmt":"2022-09-02T09:31:19","guid":{"rendered":"https:\/\/www.radiopiu.net\/wordpress\/?p=295546"},"modified":"2022-09-02T16:44:55","modified_gmt":"2022-09-02T14:44:55","slug":"alleghe-hockey-amichevole-con-il-fiemme-e-presentazione-della-squadra","status":"publish","type":"post","link":"https:\/\/www.radiopiu.net\/wordpress\/alleghe-hockey-amichevole-con-il-fiemme-e-presentazione-della-squadra\/","title":{"rendered":"ALLEGHE HOCKEY: AMICHEVOLE CON IL FIEMME E PRESENTAZIONE DELLA SQUADRA"},"content":{"rendered":"<p><strong>ALLEGHE<\/strong> Si avvicina sempre di pi\u00f9 il 24 settembre, data in cui l&#8217;Alleghe Hockey far\u00e0 il suo esordio in IHL. La squadra del presidente Adriano Levis si sta preparando per l&#8217;inizio della stagione ed ha messo in calendario anche un&#8217;amichevole al De Toni di Alleghe. Venerd\u00ec 9 settembre le Civette ospiteranno il Fiemme e coach Fontana potr\u00e0 testare il nuovo roster a disposizione. Il giorno successivo, il 10 settembre, presso l&#8217;Alleghe Beach ci sar\u00e0 la presentazione ufficiale dell&#8217;Alleghe Hockey.<\/p>\n<p><a class=\"dt-pswp-item\" href=\"https:\/\/www.radiopiu.net\/wordpress\/wp-content\/uploads\/2022\/09\/Schermata-2022-09-02-alle-11.29.29.png\" data-dt-img-description=\"\" data-large_image_width=\"1258\" data-large_image_height=\"1430\"><img loading=\"lazy\" decoding=\"async\" class=\"alignnone wp-image-295550 size-medium\" src=\"https:\/\/www.radiopiu.net\/wordpress\/wp-content\/uploads\/2022\/09\/Schermata-2022-09-02-alle-11.29.29-264x300.png\" alt=\"\" width=\"264\" height=\"300\" srcset=\"https:\/\/www.radiopiu.net\/wordpress\/wp-content\/uploads\/2022\/09\/Schermata-2022-09-02-alle-11.29.29-264x300.png 264w, https:\/\/www.radiopiu.net\/wordpress\/wp-content\/uploads\/2022\/09\/Schermata-2022-09-02-alle-11.29.29-901x1024.png 901w, https:\/\/www.radiopiu.net\/wordpress\/wp-content\/uploads\/2022\/09\/Schermata-2022-09-02-alle-11.29.29-768x873.png 768w, https:\/\/www.radiopiu.net\/wordpress\/wp-content\/uploads\/2022\/09\/Schermata-2022-09-02-alle-11.29.29.png 1258w\" sizes=\"auto, (max-width: 264px) 100vw, 264px\" \/><\/a><\/p>\n<p>&nbsp;<\/p>\n<p>&nbsp;<\/p>\n<p>&nbsp;<\/p>\n<p>*******<\/p>\n","protected":false},"excerpt":{"rendered":"<p>ALLEGHE Si avvicina sempre di pi\u00f9 il 24 settembre, data in cui l&#8217;Alleghe Hockey far\u00e0 il suo esordio in IHL. La squadra del presidente Adriano Levis si sta preparando per l&#8217;inizio della stagione ed ha messo in calendario anche un&#8217;amichevole al De Toni di Alleghe. Venerd\u00ec 9 settembre le Civette ospiteranno il Fiemme e coach&hellip;<\/p>\n","protected":false},"author":4,"featured_media":95699,"comment_status":"closed","ping_status":"closed","sticky":false,"template":"","format":"standard","meta":{"_monsterinsights_skip_tracking":false,"_monsterinsights_sitenote_active":false,"_monsterinsights_sitenote_note":"","_monsterinsights_sitenote_category":0,"footnotes":""},"categories":[49],"tags":[],"class_list":["post-295546","post","type-post","status-publish","format-standard","has-post-thumbnail","hentry","category-news-18","category-49","description-off"],"img_url":"https:\/\/www.radiopiu.net\/wordpress\/wp-content\/uploads\/2019\/08\/logo-alleghe-hockey.png","_links":{"self":[{"href":"https:\/\/www.radiopiu.net\/wordpress\/wp-json\/wp\/v2\/posts\/295546","targetHints":{"allow":["GET"]}}],"collection":[{"href":"https:\/\/www.radiopiu.net\/wordpress\/wp-json\/wp\/v2\/posts"}],"about":[{"href":"https:\/\/www.radiopiu.net\/wordpress\/wp-json\/wp\/v2\/types\/post"}],"author":[{"embeddable":true,"href":"https:\/\/www.radiopiu.net\/wordpress\/wp-json\/wp\/v2\/users\/4"}],"replies":[{"embeddable":true,"href":"https:\/\/www.radiopiu.net\/wordpress\/wp-json\/wp\/v2\/comments?post=295546"}],"version-history":[{"count":0,"href":"https:\/\/www.radiopiu.net\/wordpress\/wp-json\/wp\/v2\/posts\/295546\/revisions"}],"wp:featuredmedia":[{"embeddable":true,"href":"https:\/\/www.radiopiu.net\/wordpress\/wp-json\/wp\/v2\/media\/95699"}],"wp:attachment":[{"href":"https:\/\/www.radiopiu.net\/wordpress\/wp-json\/wp\/v2\/media?parent=295546"}],"wp:term":[{"taxonomy":"category","embeddable":true,"href":"https:\/\/www.radiopiu.net\/wordpress\/wp-json\/wp\/v2\/categories?post=295546"},{"taxonomy":"post_tag","embeddable":true,"href":"https:\/\/www.radiopiu.net\/wordpress\/wp-json\/wp\/v2\/tags?post=295546"}],"curies":[{"name":"wp","href":"https:\/\/api.w.org\/{rel}","templated":true}]}}