{"id":295583,"date":"2022-09-02T16:14:53","date_gmt":"2022-09-02T14:14:53","guid":{"rendered":"https:\/\/www.radiopiu.net\/wordpress\/?p=295583"},"modified":"2022-09-02T16:14:53","modified_gmt":"2022-09-02T14:14:53","slug":"infortunio-sulla-ferrata-berti-al-sorapis","status":"publish","type":"post","link":"https:\/\/www.radiopiu.net\/wordpress\/infortunio-sulla-ferrata-berti-al-sorapis\/","title":{"rendered":"INFORTUNIO SULLA FERRATA BERTI AL SORAPIS"},"content":{"rendered":"<p><strong>SAN VITO DI CADORE<\/strong> A mezzogiorno e mezza circa la Centrale del 118 \u00e8 stata allertata per una escursionista, che si era fatta male a met\u00e0 percorso della Ferrata Berti al Sorapis e non era pi\u00f9 in grado di proseguire. Risaliti alle coordinate del punto, in un momento in cui le nubi lo hanno permesso l&#8217;elicottero del Suem di Pieve di Cadore si \u00e8 avvicinato alla parete e il tecnico di elisoccorso ha recuperato con il verricello la 49enne tedesca, che era con un gruppo di persone quando aveva sbattuto un ginocchio. La donna \u00e8 stata trasportata all&#8217;ospedale di Pieve di Cadore.<\/p>\n<p>&nbsp;<\/p>\n<p>&nbsp;<\/p>\n<p>*****<\/p>\n","protected":false},"excerpt":{"rendered":"<p>SAN VITO DI CADORE A mezzogiorno e mezza circa la Centrale del 118 \u00e8 stata allertata per una escursionista, che si era fatta male a met\u00e0 percorso della Ferrata Berti al Sorapis e non era pi\u00f9 in grado di proseguire. Risaliti alle coordinate del punto, in un momento in cui le nubi lo hanno permesso&hellip;<\/p>\n","protected":false},"author":4,"featured_media":294603,"comment_status":"closed","ping_status":"closed","sticky":false,"template":"","format":"standard","meta":{"_monsterinsights_skip_tracking":false,"_monsterinsights_sitenote_active":false,"_monsterinsights_sitenote_note":"","_monsterinsights_sitenote_category":0,"footnotes":""},"categories":[49],"tags":[],"class_list":["post-295583","post","type-post","status-publish","format-standard","has-post-thumbnail","hentry","category-news-18","category-49","description-off"],"img_url":"https:\/\/www.radiopiu.net\/wordpress\/wp-content\/uploads\/2022\/08\/salt_20220825_171725_606.jpg","_links":{"self":[{"href":"https:\/\/www.radiopiu.net\/wordpress\/wp-json\/wp\/v2\/posts\/295583","targetHints":{"allow":["GET"]}}],"collection":[{"href":"https:\/\/www.radiopiu.net\/wordpress\/wp-json\/wp\/v2\/posts"}],"about":[{"href":"https:\/\/www.radiopiu.net\/wordpress\/wp-json\/wp\/v2\/types\/post"}],"author":[{"embeddable":true,"href":"https:\/\/www.radiopiu.net\/wordpress\/wp-json\/wp\/v2\/users\/4"}],"replies":[{"embeddable":true,"href":"https:\/\/www.radiopiu.net\/wordpress\/wp-json\/wp\/v2\/comments?post=295583"}],"version-history":[{"count":0,"href":"https:\/\/www.radiopiu.net\/wordpress\/wp-json\/wp\/v2\/posts\/295583\/revisions"}],"wp:featuredmedia":[{"embeddable":true,"href":"https:\/\/www.radiopiu.net\/wordpress\/wp-json\/wp\/v2\/media\/294603"}],"wp:attachment":[{"href":"https:\/\/www.radiopiu.net\/wordpress\/wp-json\/wp\/v2\/media?parent=295583"}],"wp:term":[{"taxonomy":"category","embeddable":true,"href":"https:\/\/www.radiopiu.net\/wordpress\/wp-json\/wp\/v2\/categories?post=295583"},{"taxonomy":"post_tag","embeddable":true,"href":"https:\/\/www.radiopiu.net\/wordpress\/wp-json\/wp\/v2\/tags?post=295583"}],"curies":[{"name":"wp","href":"https:\/\/api.w.org\/{rel}","templated":true}]}}