{"id":295646,"date":"2022-09-05T06:05:28","date_gmt":"2022-09-05T04:05:28","guid":{"rendered":"https:\/\/www.radiopiu.net\/wordpress\/?p=295646"},"modified":"2022-09-05T06:05:28","modified_gmt":"2022-09-05T04:05:28","slug":"giornale-radiopiu-05-settembre-2022-direttore-mirko-mezzacasa","status":"publish","type":"post","link":"https:\/\/www.radiopiu.net\/wordpress\/giornale-radiopiu-05-settembre-2022-direttore-mirko-mezzacasa\/","title":{"rendered":"GIORNALE RADIOPIU 05 SETTEMBRE 2022 DIRETTORE MIRKO MEZZACASA"},"content":{"rendered":"<h3 class=\"kvgmc6g5 cxmmr5t8 oygrvhab hcukyx3x c1et5uql\"><span style=\"color: #0000ff;\"><strong>RADIO PIU INFORMAZIONE il canale su TELEGRAM informazione di prima\u00a0\u00a0<\/strong><strong>mano e in tempo reale. iscriviti ed aiutaci a farlo conoscere\u00a0\u00a0<\/strong><\/span><\/h3>\n<p>&nbsp;<\/p>\n<hr \/>\n<p>&nbsp;<\/p>\n<blockquote>\n<h3>RIAPRONO I CANTIERI GSP, DISAGI AL QUADRIVIO DELL&#8217;UNIONE MONTANA<\/h3>\n<p><em><a class=\"dt-pswp-item\" href=\"https:\/\/www.radiopiu.net\/wordpress\/wp-content\/uploads\/2022\/08\/Schermata-2022-08-22-alle-17.35.19.png\" data-dt-img-description=\"\" data-large_image_width=\"1556\" data-large_image_height=\"1160\"><img loading=\"lazy\" decoding=\"async\" class=\"size-thumbnail wp-image-294125 alignleft\" src=\"https:\/\/www.radiopiu.net\/wordpress\/wp-content\/uploads\/2022\/08\/Schermata-2022-08-22-alle-17.35.19-150x150.png\" alt=\"\" width=\"150\" height=\"150\" \/><\/a>Divieto di transito in Via Insurrezione, nel tratto compreso tra l\u2019incrocio con la Via 27 Aprile 1945 e la via 4 Novembre 1918; istituzione di un senso unico alternato, regolato da impianto semaforico, nel tratto della ex S.R. 203 \u201cAgordina\u201d<\/em><\/p><\/blockquote>\n<p><strong>AGORDO<\/strong> Gsp riapre i cantieri dopo il periodo di ferragosto, disagi previsti dal 5 al 10 settembre &#8211; ma non \u00e8 escluso i lavori possano terminare in tempi pi\u00f9 brevi &#8211; le modifiche alla viabilit\u00e0 interesseranno via Insurrezione all&#8217;altezza dell&#8217;Officina della Casa (centro commerciale Ganz) e fino all&#8217;incrocio con via 27 aprile e via via 4 Novembre 1918. Lungo la regionale 203 agordina non sono previste sospensioni totali, ovvero la ditta interessata provveder\u00e0 a regolare il traffico a senso unico alternato con movieri o semaforo. Diversa la questione lungo la 346 del Duran e Cereda, infatti in prossimit\u00e0 del Centro commerciale Ganz (ingresso per Officina della Casa) e quindi fino a poco prima dell&#8217;intersezione con Viale Sommariva \u00e8 prevista l&#8217;interdizione totale al transito dei veicoli. In questo caso sono previste deviazioni sulla viabilit\u00e0 alternativa. Per chi proviene dalla zone industriale (o dalle stazione Dolomitibus) potr\u00e0 raggiungere il centro da Viale Sommariva (fronte scuole-municipio) e quindi per Corso Patrioti fino a Piazza Libert\u00e0. Per il senso inverso (essendo Viale Sommariva a Senso Unico) potr\u00e0\u00a0 percorrere o la tangenziale, oppure via teto Piciol.<\/p>\n<p>&nbsp;<\/p>\n<p>&nbsp;<\/p>\n<blockquote>\n<h3>DOLOMITIBUS: VARIAZIONE DI SERVIZIO AD AGORDO PER I LAVORI IN VIA INSURREZIONE<\/h3>\n<\/blockquote>\n<p><strong>AGORDO<\/strong> DolomitiBus comunica che, in occasione dei cantieri di GSP ad Agordo, verr\u00e0 effettuata una variazione di servizio. In centro ad Agordo, per lavori di manutenzione alla rete idrica, \u00e8 stato stabilito il divieto di transito in Via Insurrezione, tra l\u2019incrocio con la S.R. 203 Agordina e il negozio \u201cStile Libero\u201d dalle 7.00 del 5 settembre alle 17:00 del 10 settembre e comunque fino al termine dei lavori. Durante l\u2019interruzione, le corse delle linee extraurbane 1-2-3-6 e le corse per la zona industriale di Valcozzena raggiungeranno l\u2019autostazione di Agordo transitando via circonvallazione di Agordo. Le fermate di Pr\u00e0 Grande, Agordo Distributore Agip, Toccol, Toccol Centrale, Bries e Taibon San Cipriano saranno soppresse e sar\u00e0 attivata la fermata provvisoria \u201cPas\u201d, nelle vicinanze della rotatoria dei Vigili del Fuoco (come da mappa). Durante l\u2019interruzione, la linea extraurbana n. 7 Villanova &#8211; Agordo &#8211; La Valle raggiunger\u00e0 l\u2019autostazione di Agordo transitando sul percorso alternativo \u201cLa Valle \u2013 Ospedale (se previsto da orario) \u2013 Pra Grande \u2013 circonvallazione di Agordo \u2013 Agordo Autostazione \u2013 circonvallazione di Agordo \u2013 Strapont \u2013 Villanova\u201d. Le fermate Taibon ai Napi, Taibon Municipio, Taibon San Cipriano, Bries, Toccol Centrale, Toccol, Agordo Piazza e Agordo Distributore Agip (ad esclusione delle corse per l\u2019ospedale) saranno temporaneamente soppresse e sar\u00e0 attivata la fermata \u201cvia Strapont\u201d sul percorso alternativo: \u201cvia Strapont\u201d in direzione Taibon \u2013 Agordo, subito prima del ponte sul Cordevole, \u201cvia Strapont\u201d in direzione Agordo \u2013 Taibon, di fronte al mobilificio, subito prima del ponte sul Cordevole.<\/p>\n<p><a class=\"dt-pswp-item\" href=\"https:\/\/www.radiopiu.net\/wordpress\/wp-content\/uploads\/2022\/09\/57ffce25-bace-4f21-9867-09eb2b554a45.jpg\" data-dt-img-description=\"\" data-large_image_width=\"1239\" data-large_image_height=\"634\"><br \/>\n<img loading=\"lazy\" decoding=\"async\" class=\"wp-image-295559 size-large aligncenter\" src=\"https:\/\/www.radiopiu.net\/wordpress\/wp-content\/uploads\/2022\/09\/57ffce25-bace-4f21-9867-09eb2b554a45-1024x524.jpg\" alt=\"\" width=\"1024\" height=\"524\" srcset=\"https:\/\/www.radiopiu.net\/wordpress\/wp-content\/uploads\/2022\/09\/57ffce25-bace-4f21-9867-09eb2b554a45-1024x524.jpg 1024w, https:\/\/www.radiopiu.net\/wordpress\/wp-content\/uploads\/2022\/09\/57ffce25-bace-4f21-9867-09eb2b554a45-300x154.jpg 300w, https:\/\/www.radiopiu.net\/wordpress\/wp-content\/uploads\/2022\/09\/57ffce25-bace-4f21-9867-09eb2b554a45-768x393.jpg 768w, https:\/\/www.radiopiu.net\/wordpress\/wp-content\/uploads\/2022\/09\/57ffce25-bace-4f21-9867-09eb2b554a45.jpg 1239w\" sizes=\"auto, (max-width: 1024px) 100vw, 1024px\" \/><\/a><\/p>\n<p>&nbsp;<\/p>\n<p>&nbsp;<\/p>\n<hr \/>\n<p>&nbsp;<\/p>\n<blockquote>\n<h3>TORNA POTABILE L&#8217;ACQUA IN ALCUNE ZONE DI GOSALDO<\/h3>\n<\/blockquote>\n<p><strong>GOSALDO<\/strong> Gestione Servizi Pubblici informa che a GOSALDO nelle localit\u00e0 LE CASE, CURTI, INCASAL,CAVELLERA e dal c.n. 26 al c.n. 29 di Via S. ANDREA l&#8217;acqua erogata dall&#8217;acquedotto \u00e8 di nuovo potabile e pu\u00f2 essere usata, quindi, per scopi alimentari. nelle localit\u00e0 LE FOCHE, LAMBROI, DENEORE, MAGAIT, REN, SELLE, COL TAMAI, BITTI, GIARDOI, PETTUINE, l&#8217;acqua erogata dall&#8217;acquedotto non \u00e8 potabile e pu\u00f2 essere usata per scopi alimentari SOLO PREVIA bollitura.<\/p>\n<p>&nbsp;<\/p>\n<blockquote>\n<h3>A TAIBON DUE FRAZIONI CON L&#8217;ACQUA NON POTABILE, ANCHE A CENCENIGHE<\/h3>\n<\/blockquote>\n<p><strong>TAIBON<\/strong> Gestione Servizi Pubblici informa che a TAIBON AGORDINO nelle localit\u00e0 RONCH DE BUOS e NOGAROLA l&#8217;acqua erogata dall&#8217;acquedotto non \u00e8 potabile e pu\u00f2 essere usata per scopi alimentari SOLO PREVIA bollitura. GSP ha, comunque, gi\u00e0 adottato le necessarie misure per la disinfezione dell&#8217;acqua presente nei serbatoi e nella rete idrica con l&#8217;aggiunta di cloro.<\/p>\n<p><strong>CENCENIGHE<\/strong> in localit\u00e0 COLLAZ l&#8217;acqua erogata dall&#8217;acquedotto non \u00e8 potabile e non pu\u00f2 essere usata per scopi alimentari. GSP ha, comunque, gi\u00e0 adottato le necessarie misure per la disinfezione dell&#8217;acqua presente nei serbatoi e nella rete idrica con l&#8217;aggiunta di cloro.<\/p>\n<p>&nbsp;<\/p>\n<blockquote>\n<h3>ACQUA NON POTABILE A VALLADA E FALCADE<\/h3>\n<\/blockquote>\n<p><b>VALLADA<\/b> Gestione Servizi Pubblici informa che a VALLADA AGORDINA nelle LOCALITA&#8217; ANDRICH, SACCHET, TOFFOL, CELAT e MAS, l&#8217;acqua erogata dall&#8217;acquedotto non \u00e8 potabile e pu\u00f2 essere usata per scopi alimentari SOLO PREVIA bollitura. GSP ha, comunque, gi\u00e0 adottato le necessarie misure per la disinfezione dell&#8217;acqua presente nei serbatoi e nella rete idrica con l&#8217;aggiunta di cloro.<\/p>\n<p><strong>FALCADE<\/strong> Anche a Falcade nelle localit\u00e0 FALCADE ALTO, VILLOTTA, LA FOCA ed in via MAS DE LE MOLE, l&#8217;acqua erogata dall&#8217;acquedotto non \u00e8 potabile e pu\u00f2 essere usata per scopi alimentari SOLO PREVIA bollitura.<\/p>\n<p>&nbsp;<\/p>\n<p>&nbsp;<\/p>\n<hr \/>\n<p>&nbsp;<\/p>\n<blockquote>\n<h3>PAPA ALBINO LUCIANI E&#8217; BEATO. OLTRE 500 FEDELI DAVANTI IL MAXI SCHERMO DI CANALE D&#8217;AGORDO<\/h3>\n<\/blockquote>\n<p><strong>CANALE D\u2019AGORDO <\/strong>Erano quasi 500 i fedeli presenti in Piazza Papa Luciani per assistere sul mega schermo alla beatificazione di Albino Luciani. Tutti seduti e composti per assistere con attenzione alla cerimonia di Papa Francesco in diretta televisiva. Un silenzio tombale fin dai primi minuti della santa Messa quando a prendere parola \u00e8 stato il Vescovo di Belluno e Feltre Renato Marangoni che in latino ha chiesto la beatificazione di Papa Luciani. Dopo una breve biografia di Albino Luciani, Papa Francesco ha proclamato beato il Papa del sorriso. Quando il drappo \u00e8 stato tolto dalla tela rappresentante Luciani, i presenti in piazza si sono alzati in piedi ed \u00e8 partito un applauso scrosciante. La Messa \u00e8 continuata con silenzio ed attenzione fino alla 11:55 quando le campane della chiesa di Canale D\u2019Agordo hanno suonato a festa per oltre 10 minuti.<\/p>\n<p><strong>LO SCOPRIMENTO DELL&#8217;IMMAGINE DI PAPA LUCIANI IN PIAZZA SAN PIETRO<\/strong><\/p>\n<div style=\"width: 848px;\" class=\"wp-video\"><video class=\"wp-video-shortcode\" id=\"video-295646-1\" width=\"848\" height=\"480\" preload=\"metadata\" controls=\"controls\"><source type=\"video\/mp4\" src=\"https:\/\/www.radiopiu.net\/wordpress\/wp-content\/uploads\/2022\/09\/WhatsApp-Video-2022-09-04-at-14.31.14.mp4?_=1\" \/><a href=\"https:\/\/www.radiopiu.net\/wordpress\/wp-content\/uploads\/2022\/09\/WhatsApp-Video-2022-09-04-at-14.31.14.mp4\">https:\/\/www.radiopiu.net\/wordpress\/wp-content\/uploads\/2022\/09\/WhatsApp-Video-2022-09-04-at-14.31.14.mp4<\/a><\/video><\/div>\n<p>&nbsp;<\/p>\n<p><strong>LE IMPRESSIONI A CALDO DI MONSIGNOR GIORGIO LISE<\/strong><\/p>\n<audio class=\"wp-audio-shortcode\" id=\"audio-295646-1\" preload=\"none\" style=\"width: 100%;\" controls=\"controls\"><source type=\"audio\/mpeg\" src=\"https:\/\/www.radiopiu.net\/wordpress\/wp-content\/uploads\/2022\/09\/MONSIGNOR-GIORGIO-LISE-PAPA.mp3?_=1\" \/><a href=\"https:\/\/www.radiopiu.net\/wordpress\/wp-content\/uploads\/2022\/09\/MONSIGNOR-GIORGIO-LISE-PAPA.mp3\">https:\/\/www.radiopiu.net\/wordpress\/wp-content\/uploads\/2022\/09\/MONSIGNOR-GIORGIO-LISE-PAPA.mp3<\/a><\/audio>\n<p>&nbsp;<\/p>\n<p><strong>LE FOTO DA ROMA<\/strong><\/p>\n\n\t\t\t<style type='text\/css'>\n\t\t\t\t#gallery-1 {\n\t\t\t\t\tmargin: auto;\n\t\t\t\t}\n\t\t\t\t#gallery-1 .gallery-item {\n\t\t\t\t\tfloat: left;\n\t\t\t\t\tmargin-top: 10px;\n\t\t\t\t\ttext-align: center;\n\t\t\t\t\twidth: 25%;\n\t\t\t\t}\n\t\t\t\t#gallery-1 img {\n\t\t\t\t\tborder: 2px solid #cfcfcf;\n\t\t\t\t}\n\t\t\t\t#gallery-1 .gallery-caption {\n\t\t\t\t\tmargin-left: 0;\n\t\t\t\t}\n\t\t\t\t\/* see gallery_shortcode() in wp-includes\/media.php *\/\n\t\t\t<\/style>\n\t\t<div id='gallery-1' class='dt-gallery-container gallery galleryid-295646 gallery-columns-4 gallery-size-thumbnail'><dl class='gallery-item'>\n\t\t\t\t<dt class='gallery-icon portrait'>\n\t\t\t\t\t<a class=\"rollover rollover-zoom dt-pswp-item\" title=\"760477a8-8a8f-4b7e-b815-ed9b494dcefa\" data-dt-img-description=\"\" data-large_image_width=\"768\" data-large_image_height=\"1024\"href='https:\/\/www.radiopiu.net\/wordpress\/wp-content\/uploads\/2022\/09\/760477a8-8a8f-4b7e-b815-ed9b494dcefa.jpg'><img loading=\"lazy\" decoding=\"async\" width=\"150\" height=\"150\" src=\"https:\/\/www.radiopiu.net\/wordpress\/wp-content\/uploads\/2022\/09\/760477a8-8a8f-4b7e-b815-ed9b494dcefa-150x150.jpg\" class=\"attachment-thumbnail size-thumbnail\" alt=\"\" \/><\/a>\n\t\t\t\t<\/dt><\/dl><dl class='gallery-item'>\n\t\t\t\t<dt class='gallery-icon landscape'>\n\t\t\t\t\t<a class=\"rollover rollover-zoom dt-pswp-item\" title=\"3100b238-f7c7-4411-a23c-f35f7f2386e2\" data-dt-img-description=\"\" data-large_image_width=\"1512\" data-large_image_height=\"1512\"href='https:\/\/www.radiopiu.net\/wordpress\/wp-content\/uploads\/2022\/09\/3100b238-f7c7-4411-a23c-f35f7f2386e2.jpg'><img loading=\"lazy\" decoding=\"async\" width=\"150\" height=\"150\" src=\"https:\/\/www.radiopiu.net\/wordpress\/wp-content\/uploads\/2022\/09\/3100b238-f7c7-4411-a23c-f35f7f2386e2-150x150.jpg\" class=\"attachment-thumbnail size-thumbnail\" alt=\"\" srcset=\"https:\/\/www.radiopiu.net\/wordpress\/wp-content\/uploads\/2022\/09\/3100b238-f7c7-4411-a23c-f35f7f2386e2-150x150.jpg 150w, https:\/\/www.radiopiu.net\/wordpress\/wp-content\/uploads\/2022\/09\/3100b238-f7c7-4411-a23c-f35f7f2386e2-300x300.jpg 300w, https:\/\/www.radiopiu.net\/wordpress\/wp-content\/uploads\/2022\/09\/3100b238-f7c7-4411-a23c-f35f7f2386e2-1024x1024.jpg 1024w, https:\/\/www.radiopiu.net\/wordpress\/wp-content\/uploads\/2022\/09\/3100b238-f7c7-4411-a23c-f35f7f2386e2-768x768.jpg 768w, https:\/\/www.radiopiu.net\/wordpress\/wp-content\/uploads\/2022\/09\/3100b238-f7c7-4411-a23c-f35f7f2386e2.jpg 1512w\" sizes=\"auto, (max-width: 150px) 100vw, 150px\" \/><\/a>\n\t\t\t\t<\/dt><\/dl><dl class='gallery-item'>\n\t\t\t\t<dt class='gallery-icon landscape'>\n\t\t\t\t\t<a class=\"rollover rollover-zoom dt-pswp-item\" title=\"e3108c56-da76-44b2-a4fa-80ba83f75ed4\" data-dt-img-description=\"\" data-large_image_width=\"1920\" data-large_image_height=\"1080\"href='https:\/\/www.radiopiu.net\/wordpress\/wp-content\/uploads\/2022\/09\/e3108c56-da76-44b2-a4fa-80ba83f75ed4.jpg'><img loading=\"lazy\" decoding=\"async\" width=\"150\" height=\"150\" src=\"https:\/\/www.radiopiu.net\/wordpress\/wp-content\/uploads\/2022\/09\/e3108c56-da76-44b2-a4fa-80ba83f75ed4-150x150.jpg\" class=\"attachment-thumbnail size-thumbnail\" alt=\"\" \/><\/a>\n\t\t\t\t<\/dt><\/dl><dl class='gallery-item'>\n\t\t\t\t<dt class='gallery-icon portrait'>\n\t\t\t\t\t<a class=\"rollover rollover-zoom dt-pswp-item\" title=\"5026446d-960a-4865-9ef8-bd3521951911\" data-dt-img-description=\"\" data-large_image_width=\"1536\" data-large_image_height=\"2048\"href='https:\/\/www.radiopiu.net\/wordpress\/wp-content\/uploads\/2022\/09\/5026446d-960a-4865-9ef8-bd3521951911.jpg'><img loading=\"lazy\" decoding=\"async\" width=\"150\" height=\"150\" src=\"https:\/\/www.radiopiu.net\/wordpress\/wp-content\/uploads\/2022\/09\/5026446d-960a-4865-9ef8-bd3521951911-150x150.jpg\" class=\"attachment-thumbnail size-thumbnail\" alt=\"\" \/><\/a>\n\t\t\t\t<\/dt><\/dl><br style=\"clear: both\" \/><dl class='gallery-item'>\n\t\t\t\t<dt class='gallery-icon landscape'>\n\t\t\t\t\t<a class=\"rollover rollover-zoom dt-pswp-item\" title=\"0f52efcf-e5c0-49d6-9bab-9b51f4f304d2\" data-dt-img-description=\"\" data-large_image_width=\"2048\" data-large_image_height=\"1536\"href='https:\/\/www.radiopiu.net\/wordpress\/wp-content\/uploads\/2022\/09\/0f52efcf-e5c0-49d6-9bab-9b51f4f304d2.jpg'><img loading=\"lazy\" decoding=\"async\" width=\"150\" height=\"150\" src=\"https:\/\/www.radiopiu.net\/wordpress\/wp-content\/uploads\/2022\/09\/0f52efcf-e5c0-49d6-9bab-9b51f4f304d2-150x150.jpg\" class=\"attachment-thumbnail size-thumbnail\" alt=\"\" \/><\/a>\n\t\t\t\t<\/dt><\/dl><dl class='gallery-item'>\n\t\t\t\t<dt class='gallery-icon landscape'>\n\t\t\t\t\t<a class=\"rollover rollover-zoom dt-pswp-item\" title=\"840ae5fe-c3ca-477a-9941-5d059d55bc72\" data-dt-img-description=\"\" data-large_image_width=\"2048\" data-large_image_height=\"1536\"href='https:\/\/www.radiopiu.net\/wordpress\/wp-content\/uploads\/2022\/09\/840ae5fe-c3ca-477a-9941-5d059d55bc72.jpg'><img loading=\"lazy\" decoding=\"async\" width=\"150\" height=\"150\" src=\"https:\/\/www.radiopiu.net\/wordpress\/wp-content\/uploads\/2022\/09\/840ae5fe-c3ca-477a-9941-5d059d55bc72-150x150.jpg\" class=\"attachment-thumbnail size-thumbnail\" alt=\"\" \/><\/a>\n\t\t\t\t<\/dt><\/dl><dl class='gallery-item'>\n\t\t\t\t<dt class='gallery-icon landscape'>\n\t\t\t\t\t<a class=\"rollover rollover-zoom dt-pswp-item\" title=\"e8c92915-4924-4a86-bb89-c310c657e419\" data-dt-img-description=\"\" data-large_image_width=\"2048\" data-large_image_height=\"1536\"href='https:\/\/www.radiopiu.net\/wordpress\/wp-content\/uploads\/2022\/09\/e8c92915-4924-4a86-bb89-c310c657e419.jpg'><img loading=\"lazy\" decoding=\"async\" width=\"150\" height=\"150\" src=\"https:\/\/www.radiopiu.net\/wordpress\/wp-content\/uploads\/2022\/09\/e8c92915-4924-4a86-bb89-c310c657e419-150x150.jpg\" class=\"attachment-thumbnail size-thumbnail\" alt=\"\" \/><\/a>\n\t\t\t\t<\/dt><\/dl><dl class='gallery-item'>\n\t\t\t\t<dt class='gallery-icon landscape'>\n\t\t\t\t\t<a class=\"rollover rollover-zoom dt-pswp-item\" title=\"eaa1d19c-7256-405d-90e4-75062d808d8e\" data-dt-img-description=\"\" data-large_image_width=\"2048\" data-large_image_height=\"1536\"href='https:\/\/www.radiopiu.net\/wordpress\/wp-content\/uploads\/2022\/09\/eaa1d19c-7256-405d-90e4-75062d808d8e.jpg'><img loading=\"lazy\" decoding=\"async\" width=\"150\" height=\"150\" src=\"https:\/\/www.radiopiu.net\/wordpress\/wp-content\/uploads\/2022\/09\/eaa1d19c-7256-405d-90e4-75062d808d8e-150x150.jpg\" class=\"attachment-thumbnail size-thumbnail\" alt=\"\" \/><\/a>\n\t\t\t\t<\/dt><\/dl><br style=\"clear: both\" \/><dl class='gallery-item'>\n\t\t\t\t<dt class='gallery-icon portrait'>\n\t\t\t\t\t<a class=\"rollover rollover-zoom dt-pswp-item\" title=\"d3cf7889-edc7-48ec-b0a5-577422fd8b57\" data-dt-img-description=\"\" data-large_image_width=\"1536\" data-large_image_height=\"2048\"href='https:\/\/www.radiopiu.net\/wordpress\/wp-content\/uploads\/2022\/09\/d3cf7889-edc7-48ec-b0a5-577422fd8b57.jpg'><img loading=\"lazy\" decoding=\"async\" width=\"150\" height=\"150\" src=\"https:\/\/www.radiopiu.net\/wordpress\/wp-content\/uploads\/2022\/09\/d3cf7889-edc7-48ec-b0a5-577422fd8b57-150x150.jpg\" class=\"attachment-thumbnail size-thumbnail\" alt=\"\" \/><\/a>\n\t\t\t\t<\/dt><\/dl><dl class='gallery-item'>\n\t\t\t\t<dt class='gallery-icon portrait'>\n\t\t\t\t\t<a class=\"rollover rollover-zoom dt-pswp-item\" title=\"4def5c68-0682-4618-8f75-3be8bd39503f\" data-dt-img-description=\"\" data-large_image_width=\"1536\" data-large_image_height=\"2048\"href='https:\/\/www.radiopiu.net\/wordpress\/wp-content\/uploads\/2022\/09\/4def5c68-0682-4618-8f75-3be8bd39503f.jpg'><img loading=\"lazy\" decoding=\"async\" width=\"150\" height=\"150\" src=\"https:\/\/www.radiopiu.net\/wordpress\/wp-content\/uploads\/2022\/09\/4def5c68-0682-4618-8f75-3be8bd39503f-150x150.jpg\" class=\"attachment-thumbnail size-thumbnail\" alt=\"\" \/><\/a>\n\t\t\t\t<\/dt><\/dl><dl class='gallery-item'>\n\t\t\t\t<dt class='gallery-icon portrait'>\n\t\t\t\t\t<a class=\"rollover rollover-zoom dt-pswp-item\" title=\"4765080c-a702-4c47-8e8a-fd02aa316f22\" data-dt-img-description=\"\" data-large_image_width=\"1536\" data-large_image_height=\"2048\"href='https:\/\/www.radiopiu.net\/wordpress\/wp-content\/uploads\/2022\/09\/4765080c-a702-4c47-8e8a-fd02aa316f22.jpg'><img loading=\"lazy\" decoding=\"async\" width=\"150\" height=\"150\" src=\"https:\/\/www.radiopiu.net\/wordpress\/wp-content\/uploads\/2022\/09\/4765080c-a702-4c47-8e8a-fd02aa316f22-150x150.jpg\" class=\"attachment-thumbnail size-thumbnail\" alt=\"\" \/><\/a>\n\t\t\t\t<\/dt><\/dl><dl class='gallery-item'>\n\t\t\t\t<dt class='gallery-icon landscape'>\n\t\t\t\t\t<a class=\"rollover rollover-zoom dt-pswp-item\" title=\"7d0dd43a-cce3-4b64-865c-67821101791b\" data-dt-img-description=\"\" data-large_image_width=\"1600\" data-large_image_height=\"1200\"href='https:\/\/www.radiopiu.net\/wordpress\/wp-content\/uploads\/2022\/09\/7d0dd43a-cce3-4b64-865c-67821101791b.jpg'><img loading=\"lazy\" decoding=\"async\" width=\"150\" height=\"150\" src=\"https:\/\/www.radiopiu.net\/wordpress\/wp-content\/uploads\/2022\/09\/7d0dd43a-cce3-4b64-865c-67821101791b-150x150.jpg\" class=\"attachment-thumbnail size-thumbnail\" alt=\"\" \/><\/a>\n\t\t\t\t<\/dt><\/dl><br style=\"clear: both\" \/><dl class='gallery-item'>\n\t\t\t\t<dt class='gallery-icon landscape'>\n\t\t\t\t\t<a class=\"rollover rollover-zoom dt-pswp-item\" title=\"499d0156-03fa-445c-aa1f-f7ce70a4a883\" data-dt-img-description=\"\" data-large_image_width=\"1600\" data-large_image_height=\"1200\"href='https:\/\/www.radiopiu.net\/wordpress\/wp-content\/uploads\/2022\/09\/499d0156-03fa-445c-aa1f-f7ce70a4a883.jpg'><img loading=\"lazy\" decoding=\"async\" width=\"150\" height=\"150\" src=\"https:\/\/www.radiopiu.net\/wordpress\/wp-content\/uploads\/2022\/09\/499d0156-03fa-445c-aa1f-f7ce70a4a883-150x150.jpg\" class=\"attachment-thumbnail size-thumbnail\" alt=\"\" \/><\/a>\n\t\t\t\t<\/dt><\/dl><dl class='gallery-item'>\n\t\t\t\t<dt class='gallery-icon portrait'>\n\t\t\t\t\t<a class=\"rollover rollover-zoom dt-pswp-item\" title=\"5530218e-ee15-4704-af8c-1e1cb01ce615\" data-dt-img-description=\"\" data-large_image_width=\"1536\" data-large_image_height=\"2048\"href='https:\/\/www.radiopiu.net\/wordpress\/wp-content\/uploads\/2022\/09\/5530218e-ee15-4704-af8c-1e1cb01ce615.jpg'><img loading=\"lazy\" decoding=\"async\" width=\"150\" height=\"150\" src=\"https:\/\/www.radiopiu.net\/wordpress\/wp-content\/uploads\/2022\/09\/5530218e-ee15-4704-af8c-1e1cb01ce615-150x150.jpg\" class=\"attachment-thumbnail size-thumbnail\" alt=\"\" \/><\/a>\n\t\t\t\t<\/dt><\/dl><dl class='gallery-item'>\n\t\t\t\t<dt class='gallery-icon portrait'>\n\t\t\t\t\t<a class=\"rollover rollover-zoom dt-pswp-item\" title=\"3c5225ea-a6ca-4f7b-8516-a2c8a5053392\" data-dt-img-description=\"\" data-large_image_width=\"1200\" data-large_image_height=\"1600\"href='https:\/\/www.radiopiu.net\/wordpress\/wp-content\/uploads\/2022\/09\/3c5225ea-a6ca-4f7b-8516-a2c8a5053392.jpg'><img loading=\"lazy\" decoding=\"async\" width=\"150\" height=\"150\" src=\"https:\/\/www.radiopiu.net\/wordpress\/wp-content\/uploads\/2022\/09\/3c5225ea-a6ca-4f7b-8516-a2c8a5053392-150x150.jpg\" class=\"attachment-thumbnail size-thumbnail\" alt=\"\" \/><\/a>\n\t\t\t\t<\/dt><\/dl><dl class='gallery-item'>\n\t\t\t\t<dt class='gallery-icon landscape'>\n\t\t\t\t\t<a class=\"rollover rollover-zoom dt-pswp-item\" title=\"55554fa7-6d93-483a-afe0-03b0adb4b837\" data-dt-img-description=\"\" data-large_image_width=\"2048\" data-large_image_height=\"1536\"href='https:\/\/www.radiopiu.net\/wordpress\/wp-content\/uploads\/2022\/09\/55554fa7-6d93-483a-afe0-03b0adb4b837.jpg'><img loading=\"lazy\" decoding=\"async\" width=\"150\" height=\"150\" src=\"https:\/\/www.radiopiu.net\/wordpress\/wp-content\/uploads\/2022\/09\/55554fa7-6d93-483a-afe0-03b0adb4b837-150x150.jpg\" class=\"attachment-thumbnail size-thumbnail\" alt=\"\" \/><\/a>\n\t\t\t\t<\/dt><\/dl><br style=\"clear: both\" \/>\n\t\t\t<\/div>\n\n<p>&nbsp;<\/p>\n<p><strong>LE FOTO DELLA PIAZZA DI CANALE D&#8217;AGORDO<\/strong><\/p>\n\n\t\t\t<style type='text\/css'>\n\t\t\t\t#gallery-2 {\n\t\t\t\t\tmargin: auto;\n\t\t\t\t}\n\t\t\t\t#gallery-2 .gallery-item {\n\t\t\t\t\tfloat: left;\n\t\t\t\t\tmargin-top: 10px;\n\t\t\t\t\ttext-align: center;\n\t\t\t\t\twidth: 25%;\n\t\t\t\t}\n\t\t\t\t#gallery-2 img {\n\t\t\t\t\tborder: 2px solid #cfcfcf;\n\t\t\t\t}\n\t\t\t\t#gallery-2 .gallery-caption {\n\t\t\t\t\tmargin-left: 0;\n\t\t\t\t}\n\t\t\t\t\/* see gallery_shortcode() in wp-includes\/media.php *\/\n\t\t\t<\/style>\n\t\t<div id='gallery-2' class='dt-gallery-container gallery galleryid-295646 gallery-columns-4 gallery-size-thumbnail'><dl class='gallery-item'>\n\t\t\t\t<dt class='gallery-icon landscape'>\n\t\t\t\t\t<a class=\"rollover rollover-zoom dt-pswp-item\" title=\"8b06dcba-743c-4b27-9ddc-160f126eeddb\" data-dt-img-description=\"\" data-large_image_width=\"1024\" data-large_image_height=\"768\"href='https:\/\/www.radiopiu.net\/wordpress\/wp-content\/uploads\/2022\/09\/8b06dcba-743c-4b27-9ddc-160f126eeddb.jpg'><img loading=\"lazy\" decoding=\"async\" width=\"150\" height=\"150\" src=\"https:\/\/www.radiopiu.net\/wordpress\/wp-content\/uploads\/2022\/09\/8b06dcba-743c-4b27-9ddc-160f126eeddb-150x150.jpg\" class=\"attachment-thumbnail size-thumbnail\" alt=\"\" \/><\/a>\n\t\t\t\t<\/dt><\/dl><dl class='gallery-item'>\n\t\t\t\t<dt class='gallery-icon landscape'>\n\t\t\t\t\t<a class=\"rollover rollover-zoom dt-pswp-item\" title=\"321b5e10-6a15-46a2-bcad-9ca6e82908dd\" data-dt-img-description=\"\" data-large_image_width=\"1024\" data-large_image_height=\"768\"href='https:\/\/www.radiopiu.net\/wordpress\/wp-content\/uploads\/2022\/09\/321b5e10-6a15-46a2-bcad-9ca6e82908dd.jpg'><img loading=\"lazy\" decoding=\"async\" width=\"150\" height=\"150\" src=\"https:\/\/www.radiopiu.net\/wordpress\/wp-content\/uploads\/2022\/09\/321b5e10-6a15-46a2-bcad-9ca6e82908dd-150x150.jpg\" class=\"attachment-thumbnail size-thumbnail\" alt=\"\" \/><\/a>\n\t\t\t\t<\/dt><\/dl><dl class='gallery-item'>\n\t\t\t\t<dt class='gallery-icon landscape'>\n\t\t\t\t\t<a class=\"rollover rollover-zoom dt-pswp-item\" title=\"7085fbb3-2207-46b1-bc04-bb5760311e93\" data-dt-img-description=\"\" data-large_image_width=\"1024\" data-large_image_height=\"768\"href='https:\/\/www.radiopiu.net\/wordpress\/wp-content\/uploads\/2022\/09\/7085fbb3-2207-46b1-bc04-bb5760311e93.jpg'><img loading=\"lazy\" decoding=\"async\" width=\"150\" height=\"150\" src=\"https:\/\/www.radiopiu.net\/wordpress\/wp-content\/uploads\/2022\/09\/7085fbb3-2207-46b1-bc04-bb5760311e93-150x150.jpg\" class=\"attachment-thumbnail size-thumbnail\" alt=\"\" \/><\/a>\n\t\t\t\t<\/dt><\/dl><dl class='gallery-item'>\n\t\t\t\t<dt class='gallery-icon landscape'>\n\t\t\t\t\t<a class=\"rollover rollover-zoom dt-pswp-item\" title=\"6851618a-0d56-4990-9ae4-20540af1ab51\" data-dt-img-description=\"\" data-large_image_width=\"1024\" data-large_image_height=\"768\"href='https:\/\/www.radiopiu.net\/wordpress\/wp-content\/uploads\/2022\/09\/6851618a-0d56-4990-9ae4-20540af1ab51.jpg'><img loading=\"lazy\" decoding=\"async\" width=\"150\" height=\"150\" src=\"https:\/\/www.radiopiu.net\/wordpress\/wp-content\/uploads\/2022\/09\/6851618a-0d56-4990-9ae4-20540af1ab51-150x150.jpg\" class=\"attachment-thumbnail size-thumbnail\" alt=\"\" \/><\/a>\n\t\t\t\t<\/dt><\/dl><br style=\"clear: both\" \/>\n\t\t\t<\/div>\n\n<p>&nbsp;<\/p>\n<p><strong>IL PRESIDENTE DELLA REGIONE VENETO<\/strong><\/p>\n<audio class=\"wp-audio-shortcode\" id=\"audio-295646-2\" preload=\"none\" style=\"width: 100%;\" controls=\"controls\"><source type=\"audio\/mpeg\" src=\"https:\/\/www.radiopiu.net\/wordpress\/wp-content\/uploads\/2022\/09\/ZAIA-PAPA.mp3?_=2\" \/><a href=\"https:\/\/www.radiopiu.net\/wordpress\/wp-content\/uploads\/2022\/09\/ZAIA-PAPA.mp3\">https:\/\/www.radiopiu.net\/wordpress\/wp-content\/uploads\/2022\/09\/ZAIA-PAPA.mp3<\/a><\/audio>\n<p>&nbsp;<\/p>\n<p><strong>IL PRESIDENTE DELLA PROVINCIA DI BELLUNO ROBERTO PADRIN<\/strong><\/p>\n<div style=\"width: 848px;\" class=\"wp-video\"><video class=\"wp-video-shortcode\" id=\"video-295646-2\" width=\"848\" height=\"480\" preload=\"metadata\" controls=\"controls\"><source type=\"video\/mp4\" src=\"https:\/\/www.radiopiu.net\/wordpress\/wp-content\/uploads\/2022\/09\/WhatsApp-Video-2022-09-04-at-14.06.44.mp4?_=2\" \/><a href=\"https:\/\/www.radiopiu.net\/wordpress\/wp-content\/uploads\/2022\/09\/WhatsApp-Video-2022-09-04-at-14.06.44.mp4\">https:\/\/www.radiopiu.net\/wordpress\/wp-content\/uploads\/2022\/09\/WhatsApp-Video-2022-09-04-at-14.06.44.mp4<\/a><\/video><\/div>\n<p>&nbsp;<\/p>\n<p><strong>LA SANTA MESSA DI BEATIFICAZIONE DI PAPA LUCIANI (Canale YouTube Vatican News)<\/strong><\/p>\n<p><iframe loading=\"lazy\" title=\"Santa Messa  di Beatificazione e Angelus 04 settembre 2022 Papa Francesco\" width=\"1200\" height=\"675\" src=\"https:\/\/www.youtube.com\/embed\/8EV_35EHYwA?start=15&#038;feature=oembed\" frameborder=\"0\" allow=\"accelerometer; autoplay; clipboard-write; encrypted-media; gyroscope; picture-in-picture\" allowfullscreen><\/iframe><\/p>\n<p>&nbsp;<\/p>\n<blockquote class=\"wp-embedded-content\" data-secret=\"TXSCuJtGHc\"><p><a href=\"https:\/\/www.radiopiu.net\/wordpress\/la-beatificazione-di-papa-luciani-dalla-piazza-di-canale-dagordo\/\">LA BEATIFICAZIONE DI PAPA LUCIANI DALLA PIAZZA DI CANALE D&#8217;AGORDO<\/a><\/p><\/blockquote>\n<p><iframe loading=\"lazy\" class=\"wp-embedded-content\" sandbox=\"allow-scripts\" security=\"restricted\" style=\"position: absolute; clip: rect(1px, 1px, 1px, 1px);\" title=\"&#8220;LA BEATIFICAZIONE DI PAPA LUCIANI DALLA PIAZZA DI CANALE D&#8217;AGORDO&#8221; &#8212; Radio Pi\u00f9\" src=\"https:\/\/www.radiopiu.net\/wordpress\/la-beatificazione-di-papa-luciani-dalla-piazza-di-canale-dagordo\/embed\/#?secret=lhM4FiWwLz#?secret=TXSCuJtGHc\" data-secret=\"TXSCuJtGHc\" width=\"600\" height=\"338\" frameborder=\"0\" marginwidth=\"0\" marginheight=\"0\" scrolling=\"no\"><\/iframe><\/p>\n<p>&nbsp;<\/p>\n<hr \/>\n<p>&nbsp;<\/p>\n<blockquote>\n<h3>LA GIORNATA DELLA BEATIFICAZIONE DI PAPA LUCIANI. LE REAZIONI E LE INTERVISTE<\/h3>\n<\/blockquote>\n<p><strong>CANALE D&#8217;AGORDO<\/strong><\/p>\n<p>di Gianni Santomaso<\/p>\n<audio class=\"wp-audio-shortcode\" id=\"audio-295646-3\" preload=\"none\" style=\"width: 100%;\" controls=\"controls\"><source type=\"audio\/mpeg\" src=\"https:\/\/www.radiopiu.net\/wordpress\/wp-content\/uploads\/2022\/09\/SPECIALE-PAPA-LUCIANI.mp3?_=3\" \/><a href=\"https:\/\/www.radiopiu.net\/wordpress\/wp-content\/uploads\/2022\/09\/SPECIALE-PAPA-LUCIANI.mp3\">https:\/\/www.radiopiu.net\/wordpress\/wp-content\/uploads\/2022\/09\/SPECIALE-PAPA-LUCIANI.mp3<\/a><\/audio>\n<p>&nbsp;<\/p>\n\n\t\t\t<style type='text\/css'>\n\t\t\t\t#gallery-3 {\n\t\t\t\t\tmargin: auto;\n\t\t\t\t}\n\t\t\t\t#gallery-3 .gallery-item {\n\t\t\t\t\tfloat: left;\n\t\t\t\t\tmargin-top: 10px;\n\t\t\t\t\ttext-align: center;\n\t\t\t\t\twidth: 20%;\n\t\t\t\t}\n\t\t\t\t#gallery-3 img {\n\t\t\t\t\tborder: 2px solid #cfcfcf;\n\t\t\t\t}\n\t\t\t\t#gallery-3 .gallery-caption {\n\t\t\t\t\tmargin-left: 0;\n\t\t\t\t}\n\t\t\t\t\/* see gallery_shortcode() in wp-includes\/media.php *\/\n\t\t\t<\/style>\n\t\t<div id='gallery-3' class='dt-gallery-container gallery galleryid-295646 gallery-columns-5 gallery-size-thumbnail'><dl class='gallery-item'>\n\t\t\t\t<dt class='gallery-icon portrait'>\n\t\t\t\t\t<a class=\"rollover rollover-zoom dt-pswp-item\" title=\"6a333dd2-9d04-4e06-bf42-59b4495861d4\" data-dt-img-description=\"\" data-large_image_width=\"1536\" data-large_image_height=\"2048\"href='https:\/\/www.radiopiu.net\/wordpress\/wp-content\/uploads\/2022\/09\/6a333dd2-9d04-4e06-bf42-59b4495861d4.jpg'><img loading=\"lazy\" decoding=\"async\" width=\"150\" height=\"150\" src=\"https:\/\/www.radiopiu.net\/wordpress\/wp-content\/uploads\/2022\/09\/6a333dd2-9d04-4e06-bf42-59b4495861d4-150x150.jpg\" class=\"attachment-thumbnail size-thumbnail\" alt=\"\" \/><\/a>\n\t\t\t\t<\/dt><\/dl><dl class='gallery-item'>\n\t\t\t\t<dt class='gallery-icon landscape'>\n\t\t\t\t\t<a class=\"rollover rollover-zoom dt-pswp-item\" title=\"4ae81588-d52d-45fc-97d5-13b22cf8d674\" data-dt-img-description=\"\" data-large_image_width=\"1600\" data-large_image_height=\"960\"href='https:\/\/www.radiopiu.net\/wordpress\/wp-content\/uploads\/2022\/09\/4ae81588-d52d-45fc-97d5-13b22cf8d674.jpg'><img loading=\"lazy\" decoding=\"async\" width=\"150\" height=\"150\" src=\"https:\/\/www.radiopiu.net\/wordpress\/wp-content\/uploads\/2022\/09\/4ae81588-d52d-45fc-97d5-13b22cf8d674-150x150.jpg\" class=\"attachment-thumbnail size-thumbnail\" alt=\"\" \/><\/a>\n\t\t\t\t<\/dt><\/dl><dl class='gallery-item'>\n\t\t\t\t<dt class='gallery-icon landscape'>\n\t\t\t\t\t<a class=\"rollover rollover-zoom dt-pswp-item\" title=\"8aa1779c-e6b3-4f65-a689-63f59ecd8c30\" data-dt-img-description=\"\" data-large_image_width=\"1599\" data-large_image_height=\"1200\"href='https:\/\/www.radiopiu.net\/wordpress\/wp-content\/uploads\/2022\/09\/8aa1779c-e6b3-4f65-a689-63f59ecd8c30.jpg'><img loading=\"lazy\" decoding=\"async\" width=\"150\" height=\"150\" src=\"https:\/\/www.radiopiu.net\/wordpress\/wp-content\/uploads\/2022\/09\/8aa1779c-e6b3-4f65-a689-63f59ecd8c30-150x150.jpg\" class=\"attachment-thumbnail size-thumbnail\" alt=\"\" \/><\/a>\n\t\t\t\t<\/dt><\/dl><dl class='gallery-item'>\n\t\t\t\t<dt class='gallery-icon landscape'>\n\t\t\t\t\t<a class=\"rollover rollover-zoom dt-pswp-item\" title=\"b202e166-c01b-4695-a5f5-4bc2d74d3792\" data-dt-img-description=\"\" data-large_image_width=\"1600\" data-large_image_height=\"1200\"href='https:\/\/www.radiopiu.net\/wordpress\/wp-content\/uploads\/2022\/09\/b202e166-c01b-4695-a5f5-4bc2d74d3792.jpg'><img loading=\"lazy\" decoding=\"async\" width=\"150\" height=\"150\" src=\"https:\/\/www.radiopiu.net\/wordpress\/wp-content\/uploads\/2022\/09\/b202e166-c01b-4695-a5f5-4bc2d74d3792-150x150.jpg\" class=\"attachment-thumbnail size-thumbnail\" alt=\"\" \/><\/a>\n\t\t\t\t<\/dt><\/dl><dl class='gallery-item'>\n\t\t\t\t<dt class='gallery-icon landscape'>\n\t\t\t\t\t<a class=\"rollover rollover-zoom dt-pswp-item\" title=\"daa88fa5-ac83-40d7-8a29-24b89bee0b5d\" data-dt-img-description=\"\" data-large_image_width=\"1600\" data-large_image_height=\"721\"href='https:\/\/www.radiopiu.net\/wordpress\/wp-content\/uploads\/2022\/09\/daa88fa5-ac83-40d7-8a29-24b89bee0b5d.jpg'><img loading=\"lazy\" decoding=\"async\" width=\"150\" height=\"150\" src=\"https:\/\/www.radiopiu.net\/wordpress\/wp-content\/uploads\/2022\/09\/daa88fa5-ac83-40d7-8a29-24b89bee0b5d-150x150.jpg\" class=\"attachment-thumbnail size-thumbnail\" alt=\"\" \/><\/a>\n\t\t\t\t<\/dt><\/dl><br style=\"clear: both\" \/>\n\t\t\t<\/div>\n\n<p>&nbsp;<\/p>\n<hr \/>\n<p>&nbsp;<\/p>\n<blockquote>\n<h3>SFONDATI I FINESTRINI DELLE AUTO SULLA STRADA DEL PASSO DURAN<\/h3>\n<\/blockquote>\n<div><b>LA VALLE\u00a0<\/b>Brutta sorpresa nella giornata di sabato per alcuni escursionisti che hanno deciso di avventurarsi sul Passo Duran. Al ritorno della gita in montagna si sono ritrovati i finestrini della macchina in frantumi e l\u2019auto completamente svuotata. A segnalarcelo un ascoltatore di Radio Pi\u00f9 che proprio sabato ha deciso di passare una giornata in montagna, ma al ritorno presso il parcheggio vicino al sentiero che porta al Moschesin la brutta sorpresa. Sembra che non sia l\u2019unica auto presa di mira nella zona. Il nostro ascoltatore ha gi\u00e0 sporto denuncia alla stazione dei Carabinieri di Agordo. Chi avesse visto qualcosa pu\u00f2 rivolgersi ai Carabinieri.<\/div>\n<div>\n\n\t\t\t<style type='text\/css'>\n\t\t\t\t#gallery-4 {\n\t\t\t\t\tmargin: auto;\n\t\t\t\t}\n\t\t\t\t#gallery-4 .gallery-item {\n\t\t\t\t\tfloat: left;\n\t\t\t\t\tmargin-top: 10px;\n\t\t\t\t\ttext-align: center;\n\t\t\t\t\twidth: 50%;\n\t\t\t\t}\n\t\t\t\t#gallery-4 img {\n\t\t\t\t\tborder: 2px solid #cfcfcf;\n\t\t\t\t}\n\t\t\t\t#gallery-4 .gallery-caption {\n\t\t\t\t\tmargin-left: 0;\n\t\t\t\t}\n\t\t\t\t\/* see gallery_shortcode() in wp-includes\/media.php *\/\n\t\t\t<\/style>\n\t\t<div id='gallery-4' class='dt-gallery-container gallery galleryid-295646 gallery-columns-2 gallery-size-thumbnail'><dl class='gallery-item'>\n\t\t\t\t<dt class='gallery-icon landscape'>\n\t\t\t\t\t<a class=\"rollover\" href='https:\/\/www.radiopiu.net\/wordpress\/sfondati-i-finestrini-delle-auto-sulla-strada-del-passo-duran\/93bf5365-7352-4cad-b885-fa8f18fc5b64\/'><img loading=\"lazy\" decoding=\"async\" width=\"150\" height=\"150\" src=\"https:\/\/www.radiopiu.net\/wordpress\/wp-content\/uploads\/2022\/09\/93BF5365-7352-4CAD-B885-FA8F18FC5B64-150x150.jpeg\" class=\"attachment-thumbnail size-thumbnail\" alt=\"\" \/><\/a>\n\t\t\t\t<\/dt><\/dl><dl class='gallery-item'>\n\t\t\t\t<dt class='gallery-icon landscape'>\n\t\t\t\t\t<a class=\"rollover\" href='https:\/\/www.radiopiu.net\/wordpress\/sfondati-i-finestrini-delle-auto-sulla-strada-del-passo-duran\/fb024c6c-cbb0-477c-b2af-ddadc90dca3e\/'><img loading=\"lazy\" decoding=\"async\" width=\"150\" height=\"150\" src=\"https:\/\/www.radiopiu.net\/wordpress\/wp-content\/uploads\/2022\/09\/FB024C6C-CBB0-477C-B2AF-DDADC90DCA3E-150x150.jpeg\" class=\"attachment-thumbnail size-thumbnail\" alt=\"\" \/><\/a>\n\t\t\t\t<\/dt><\/dl><br style=\"clear: both\" \/>\n\t\t\t<\/div>\n\n<p>&nbsp;<\/p>\n<hr \/>\n<p>&nbsp;<\/p>\n<\/div>\n<blockquote>\n<h3>TRAUMA ALLA CAVIGLIA AL RIFUGIO VENEZIA<\/h3>\n<\/blockquote>\n<p><strong>VODO DI CADORE<\/strong> Sabato mattina alle 9.20 circa il 118 \u00e8 stato contattato da un escursionista che, dopo aver riportato un trauma alla caviglia, aveva raggiunto il Rifugio Venezia, ma non era pi\u00f9 in grado di proseguire autonomamente. Una squadra del Soccorso alpino di San Vito di Cadore ha raggiunto in fuoristrada il 51enne di Treviso e lo ha accompagnato a Vodo, all&#8217;appuntamento con l&#8217;ambulanza partita poi verso Cortina.<\/p>\n<p>&nbsp;<\/p>\n<p>&nbsp;<\/p>\n<hr \/>\n<p>&nbsp;<\/p>\n<blockquote>\n<h3>SCIVOLA NEL BOSCO MENTRE VA A FUNGHI<\/h3>\n<\/blockquote>\n<p><strong>COMELICO SUPERIORE<\/strong> Verso le 12.30 di ieri il Soccorso alpino della Val Comelico \u00e8 stato allertato per un cercatore di funghi, che si era fatto male dopo essere scivolato nel bosco sotto Malga Coltrondo. A dare l&#8217;allarme uno degli amici che era con lui. Una squadra, assieme a due soccorritori della Guardia di finanza di Auronzo, ha raggiunto in una decina di minuti a piedi il 29enne di Padova, dopo aver ricevuto dalla Centrale le coordinate Gps del punto in cui si trovava. Immobilizzato il piede per una sospetta frattura della caviglia, il ragazzo \u00e8 stato imbarellato e trasportato al rendez vous con l&#8217;ambulanza, partita in direzione dell&#8217;ospedale di Pieve di Cadore.<\/p>\n<p>&nbsp;<\/p>\n<p>&nbsp;<\/p>\n<hr \/>\n<p>&nbsp;<\/p>\n<blockquote>\n<h3>CADE DALLA E-BIKE AL RIFUGIO VENEZIA<\/h3>\n<\/blockquote>\n<p><strong>VODO DI CADORE<\/strong> Attorno alle 13.20 di ieri il Soccorso alpino di San Vito di Cadore \u00e8 salito in fuoristrada al Rifugio Venezia, dove si trovava una ciclista bellunese di 57 anni, che si era fatta male dopo una caduta dalla mountain bike a pedalata assistita. La donna stava infatti risalendo assieme al marito la strada bianca che parte da Borca, quando a 3 chilometri di distanza dal Rifugio era finita a terra sbattendo gomito e testa. Dopo aver proseguito ed essere arrivata al Rifugio, la ciclista non era per\u00f2 pi\u00f9 in grado di scendere da sola. Caricata a bordo dai soccorritori, la donna \u00e8 stata accompagnata fino a Zopp\u00e8 di Cadore dove la attendeva il figlio.<\/p>\n<p>&nbsp;<\/p>\n<p>&nbsp;<\/p>\n<hr \/>\n<p>&nbsp;<\/p>\n<blockquote>\n<h3>CADE IN BICICLETTA A PORTA VESCOVO<\/h3>\n<\/blockquote>\n<p><strong>LIVINALLONGO<\/strong> Ieri attorno alle 14 una squadra del Soccorso alpino di Livinallongo ha raggiunto in fuoristrada un ciclista, che era volato dalla propria mountain bike sulle piste sotto Porta Vescovo sbattendo la gamba su un sasso. Il 26enne di Bolzano, che aveva riportato un profondo taglio sotto il ginocchio ed era assistito dai presenti, \u00e8 stato poi affidato all&#8217;equipe medica dell&#8217;elicottero dell&#8217;Aiut Alpin Dolomites di Bolzano, atterrato a una cinquantina di metri di distanza. Caricato a bordo, l&#8217;infortunato \u00e8 stato trasportato all&#8217;ospedale di Bressanone.<\/p>\n<p>&nbsp;<\/p>\n<p>&nbsp;<\/p>\n<hr \/>\n<p>&nbsp;<\/p>\n<blockquote>\n<h3>INFORTUNIO ALLA TRANSPELMO, MALORE SULLA MARMOLADA E A PIZ BOE&#8217;<\/h3>\n<\/blockquote>\n<p><strong>VAL DI ZOLDO <\/strong>Ieri\u00a0mattina attorno alle 11 l&#8217;elicottero del Suem di Pieve di Cadore \u00e8 intervenuto lungo il percorso della Transpelmo in aiuto di un&#8217;atleta, 25enne inglese, che era scivolata sul Col de le Crepe sopra Palafavera procurandosi un sospetto trauma al ginocchio. Recuperata a 1.900 metri di quota con il verricello, l&#8217;infortunata \u00e8 stata trasportata all&#8217;ospedale di Belluno.<\/p>\n<p><strong>ROCCA PIETORE <\/strong>Verso le 13 l&#8217;eliambulanza \u00e8 stata inviata in Marmolada, lungo la Ferrata Eterna, dove un&#8217;escursionista che si trovava con il marito era stata colta da malore, disidratata, affaticata e con crisi di panico. Issata a bordo assieme al compagno dal tecnico di elisoccorso con un verricello di 20 metri, l&#8217;uomo \u00e8 stato lasciato al Passo Fedaia, mentre lei, 48 anni, di Bellinzago Novarese (NO), \u00e8 stata accompagnata al San Martino per le verifiche del caso.<\/p>\n<p><strong>LIVINALLONGO <\/strong>Alle 15 circa l&#8217;elicottero ha poi effettuato il recupero di una donna colta da lieve malore a 3.100 metri di quota sotto il Piz Bo\u00e8, mentre percorreva il sentiero attrezzato. L&#8217;escursionista, una 49enne tedesca, \u00e8 stata portata ad Agordo.<\/p>\n<p>&nbsp;<\/p>\n<p>&nbsp;<\/p>\n<hr \/>\n<p>&nbsp;<\/p>\n<blockquote>\n<h3>ALTRI DUE INTERVENTI DEL SOCCORSO ALPINO, SULLE MARMAROLE E SUL LAGAZUOI<\/h3>\n<\/blockquote>\n<p><strong>AURONZO DI CADORE <\/strong>Attorno alle 16.30 di ieri l&#8217;elicottero dell&#8217;Air Service Center, convenzionato con il Soccorso alpino Dolomiti Bellunesi, ha imbarcato due tecnici del Soccorso alpino di Auronzo e si \u00e8 diretto sulle Marmarole dove, al momento di scendere dal Bivacco Fanton lungo il sentiero, due escursionisti si erano bloccati stanchi e incapaci di proseguire. Sbarcati nelle vicinanze, i soccorritori hanno aiutato i due ragazzi, un ventenne di Mestrino (PD) e un 19enne di Rubano (PD), a salire a bordo e con loro sono stati lasciati a valle.<\/p>\n<p><strong>CORTINA <\/strong>Una squadra del Soccorso alpino della Guardia di finanza di Cortina \u00e8 invece salita all&#8217;uscita delle Gallerie del Lagazuoi per un&#8217;escursionista 58enne di Noale (VE) che si era fatta male a un polso.<\/p>\n<p>&nbsp;<\/p>\n<p>&nbsp;<\/p>\n<hr \/>\n<p>&nbsp;<\/p>\n<blockquote>\n<h3 class=\"entry-title\"><a class=\"dt-pswp-item\" href=\"https:\/\/www.radiopiu.net\/wordpress\/wp-content\/uploads\/2022\/06\/Luxottica-firmato-il-contratto-aziendale-per-lo-stabilimento-di-Pederobba_articleimage.jpg\" data-dt-img-description=\"\" data-large_image_width=\"770\" data-large_image_height=\"473\"><img loading=\"lazy\" decoding=\"async\" class=\" wp-image-281229 alignleft\" src=\"https:\/\/www.radiopiu.net\/wordpress\/wp-content\/uploads\/2022\/06\/Luxottica-firmato-il-contratto-aziendale-per-lo-stabilimento-di-Pederobba_articleimage-150x150.jpg\" alt=\"\" width=\"121\" height=\"121\" \/><\/a>PICCOLO INCENDIO NELLO STABILIMENTO SEDICO 2 DI LUXOTTICA<\/h3>\n<\/blockquote>\n<p><strong>SEDICO\u00a0<\/strong>Un incendio di piccole dimensioni ha interessato una palazzina di propriet\u00e0 di Luxottica adiacente allo stabilimento Sedico 2 nel pomeriggio di sabato. Non ci sono stati danni ne feriti. Il personale della sicurezza di Luxottica si \u00e8 subito attivato tanto che le fiamme sono state spente dalla security. Sul posto sono interventi i Vigili del Fuoco che hanno solo constato che l\u2019incendio sia stato spento. Un piccolo incidente subito risolto dal personale interno di Luxottica.<\/p>\n<p>&nbsp;<\/p>\n<p>&nbsp;<\/p>\n<hr \/>\n<p>&nbsp;<\/p>\n<blockquote>\n<h3>I RESIDENTI DI MAS DI SEDICO CHIEDONO DELUCIDAZIONI AL SINDACO SUGLI IMPIANTI SPORTIVI<\/h3>\n<\/blockquote>\n<p><strong><a class=\"dt-pswp-item\" href=\"https:\/\/www.radiopiu.net\/wordpress\/wp-content\/uploads\/2022\/09\/MAS-SEDICO-.jpg\" data-dt-img-description=\"\" data-large_image_width=\"1600\" data-large_image_height=\"1200\"><img loading=\"lazy\" decoding=\"async\" class=\"size-thumbnail wp-image-295802 alignleft\" src=\"https:\/\/www.radiopiu.net\/wordpress\/wp-content\/uploads\/2022\/09\/MAS-SEDICO--150x150.jpg\" alt=\"\" width=\"150\" height=\"150\" \/><\/a>SEDICO<\/strong><\/p>\n<p>di Roberto Bona<\/p>\n<audio class=\"wp-audio-shortcode\" id=\"audio-295646-4\" preload=\"none\" style=\"width: 100%;\" controls=\"controls\"><source type=\"audio\/mpeg\" src=\"https:\/\/www.radiopiu.net\/wordpress\/wp-content\/uploads\/2022\/09\/BONA-MAS-DI-SEDICO.mp3?_=4\" \/><a href=\"https:\/\/www.radiopiu.net\/wordpress\/wp-content\/uploads\/2022\/09\/BONA-MAS-DI-SEDICO.mp3\">https:\/\/www.radiopiu.net\/wordpress\/wp-content\/uploads\/2022\/09\/BONA-MAS-DI-SEDICO.mp3<\/a><\/audio>\n<p>&nbsp;<\/p>\n<hr \/>\n<p>&nbsp;<\/p>\n<blockquote class=\"wp-embedded-content\" data-secret=\"ZMm73aQkfM\"><p><a href=\"https:\/\/www.radiopiu.net\/wordpress\/aggnazionalesettembre-04\/\">CORONAVIRUS: AGGIORNAMENTO NAZIONALE 04 SETTEMBRE 2022<\/a><\/p><\/blockquote>\n<p><iframe loading=\"lazy\" class=\"wp-embedded-content\" sandbox=\"allow-scripts\" security=\"restricted\" style=\"position: absolute; clip: rect(1px, 1px, 1px, 1px);\" title=\"&#8220;CORONAVIRUS: AGGIORNAMENTO NAZIONALE 04 SETTEMBRE 2022&#8221; &#8212; Radio Pi\u00f9\" src=\"https:\/\/www.radiopiu.net\/wordpress\/aggnazionalesettembre-04\/embed\/#?secret=IIZHbAXvny#?secret=ZMm73aQkfM\" data-secret=\"ZMm73aQkfM\" width=\"600\" height=\"338\" frameborder=\"0\" marginwidth=\"0\" marginheight=\"0\" scrolling=\"no\"><\/iframe><\/p>\n<p>&nbsp;<\/p>\n<blockquote class=\"wp-embedded-content\" data-secret=\"v2dJUq6Qhr\"><p><a href=\"https:\/\/www.radiopiu.net\/wordpress\/aziendazerosettembre04\/\">SONO 1630 LE NUOVE POSITIVITA&#8217; REGISTRATE IN VENETO NELLE ULTIME 24 ORE. TRE DECESSI<\/a><\/p><\/blockquote>\n<p><iframe loading=\"lazy\" class=\"wp-embedded-content\" sandbox=\"allow-scripts\" security=\"restricted\" style=\"position: absolute; clip: rect(1px, 1px, 1px, 1px);\" title=\"&#8220;SONO 1630 LE NUOVE POSITIVITA&#8217; REGISTRATE IN VENETO NELLE ULTIME 24 ORE. TRE DECESSI&#8221; &#8212; Radio Pi\u00f9\" src=\"https:\/\/www.radiopiu.net\/wordpress\/aziendazerosettembre04\/embed\/#?secret=LlbGm0FydL#?secret=v2dJUq6Qhr\" data-secret=\"v2dJUq6Qhr\" width=\"600\" height=\"338\" frameborder=\"0\" marginwidth=\"0\" marginheight=\"0\" scrolling=\"no\"><\/iframe><\/p>\n<p>&nbsp;<\/p>\n<h2>I GRAFICI DI TIZIANO DE COL<\/h2>\n\n\t\t\t<style type='text\/css'>\n\t\t\t\t#gallery-5 {\n\t\t\t\t\tmargin: auto;\n\t\t\t\t}\n\t\t\t\t#gallery-5 .gallery-item {\n\t\t\t\t\tfloat: left;\n\t\t\t\t\tmargin-top: 10px;\n\t\t\t\t\ttext-align: center;\n\t\t\t\t\twidth: 33%;\n\t\t\t\t}\n\t\t\t\t#gallery-5 img {\n\t\t\t\t\tborder: 2px solid #cfcfcf;\n\t\t\t\t}\n\t\t\t\t#gallery-5 .gallery-caption {\n\t\t\t\t\tmargin-left: 0;\n\t\t\t\t}\n\t\t\t\t\/* see gallery_shortcode() in wp-includes\/media.php *\/\n\t\t\t<\/style>\n\t\t<div id='gallery-5' class='dt-gallery-container gallery galleryid-295646 gallery-columns-3 gallery-size-thumbnail'><dl class='gallery-item'>\n\t\t\t\t<dt class='gallery-icon landscape'>\n\t\t\t\t\t<a class=\"rollover rollover-zoom dt-pswp-item\" title=\"e5716fde-1299-47f0-a29d-fb400bd74afd\" data-dt-img-description=\"\" data-large_image_width=\"586\" data-large_image_height=\"361\"href='https:\/\/www.radiopiu.net\/wordpress\/wp-content\/uploads\/2022\/09\/e5716fde-1299-47f0-a29d-fb400bd74afd.jpg'><img loading=\"lazy\" decoding=\"async\" width=\"150\" height=\"150\" src=\"https:\/\/www.radiopiu.net\/wordpress\/wp-content\/uploads\/2022\/09\/e5716fde-1299-47f0-a29d-fb400bd74afd-150x150.jpg\" class=\"attachment-thumbnail size-thumbnail\" alt=\"\" \/><\/a>\n\t\t\t\t<\/dt><\/dl><dl class='gallery-item'>\n\t\t\t\t<dt class='gallery-icon landscape'>\n\t\t\t\t\t<a class=\"rollover rollover-zoom dt-pswp-item\" title=\"294d7eff-3ce1-445c-9b70-54518ff0cccb\" data-dt-img-description=\"\" data-large_image_width=\"601\" data-large_image_height=\"362\"href='https:\/\/www.radiopiu.net\/wordpress\/wp-content\/uploads\/2022\/09\/294d7eff-3ce1-445c-9b70-54518ff0cccb.jpg'><img loading=\"lazy\" decoding=\"async\" width=\"150\" height=\"150\" src=\"https:\/\/www.radiopiu.net\/wordpress\/wp-content\/uploads\/2022\/09\/294d7eff-3ce1-445c-9b70-54518ff0cccb-150x150.jpg\" class=\"attachment-thumbnail size-thumbnail\" alt=\"\" \/><\/a>\n\t\t\t\t<\/dt><\/dl><dl class='gallery-item'>\n\t\t\t\t<dt class='gallery-icon landscape'>\n\t\t\t\t\t<a class=\"rollover rollover-zoom dt-pswp-item\" title=\"387ef3c0-471b-4f93-80cb-e6777b803ecc\" data-dt-img-description=\"\" data-large_image_width=\"616\" data-large_image_height=\"353\"href='https:\/\/www.radiopiu.net\/wordpress\/wp-content\/uploads\/2022\/09\/387ef3c0-471b-4f93-80cb-e6777b803ecc.jpg'><img loading=\"lazy\" decoding=\"async\" width=\"150\" height=\"150\" src=\"https:\/\/www.radiopiu.net\/wordpress\/wp-content\/uploads\/2022\/09\/387ef3c0-471b-4f93-80cb-e6777b803ecc-150x150.jpg\" class=\"attachment-thumbnail size-thumbnail\" alt=\"\" \/><\/a>\n\t\t\t\t<\/dt><\/dl><br style=\"clear: both\" \/><dl class='gallery-item'>\n\t\t\t\t<dt class='gallery-icon landscape'>\n\t\t\t\t\t<a class=\"rollover rollover-zoom dt-pswp-item\" title=\"5722a214-0ce3-4f0c-9c56-6d46acac1f80\" data-dt-img-description=\"\" data-large_image_width=\"610\" data-large_image_height=\"354\"href='https:\/\/www.radiopiu.net\/wordpress\/wp-content\/uploads\/2022\/09\/5722a214-0ce3-4f0c-9c56-6d46acac1f80.jpg'><img loading=\"lazy\" decoding=\"async\" width=\"150\" height=\"150\" src=\"https:\/\/www.radiopiu.net\/wordpress\/wp-content\/uploads\/2022\/09\/5722a214-0ce3-4f0c-9c56-6d46acac1f80-150x150.jpg\" class=\"attachment-thumbnail size-thumbnail\" alt=\"\" \/><\/a>\n\t\t\t\t<\/dt><\/dl><dl class='gallery-item'>\n\t\t\t\t<dt class='gallery-icon landscape'>\n\t\t\t\t\t<a class=\"rollover rollover-zoom dt-pswp-item\" title=\"0591ba04-701c-4b6c-91c0-c106a9c0a142\" data-dt-img-description=\"\" data-large_image_width=\"610\" data-large_image_height=\"356\"href='https:\/\/www.radiopiu.net\/wordpress\/wp-content\/uploads\/2022\/09\/0591ba04-701c-4b6c-91c0-c106a9c0a142.jpg'><img loading=\"lazy\" decoding=\"async\" width=\"150\" height=\"150\" src=\"https:\/\/www.radiopiu.net\/wordpress\/wp-content\/uploads\/2022\/09\/0591ba04-701c-4b6c-91c0-c106a9c0a142-150x150.jpg\" class=\"attachment-thumbnail size-thumbnail\" alt=\"\" \/><\/a>\n\t\t\t\t<\/dt><\/dl><dl class='gallery-item'>\n\t\t\t\t<dt class='gallery-icon landscape'>\n\t\t\t\t\t<a class=\"rollover rollover-zoom dt-pswp-item\" title=\"0925390a-05db-4b56-9a0e-607fd1c36cea\" data-dt-img-description=\"\" data-large_image_width=\"608\" data-large_image_height=\"354\"href='https:\/\/www.radiopiu.net\/wordpress\/wp-content\/uploads\/2022\/09\/0925390a-05db-4b56-9a0e-607fd1c36cea.jpg'><img loading=\"lazy\" decoding=\"async\" width=\"150\" height=\"150\" src=\"https:\/\/www.radiopiu.net\/wordpress\/wp-content\/uploads\/2022\/09\/0925390a-05db-4b56-9a0e-607fd1c36cea-150x150.jpg\" class=\"attachment-thumbnail size-thumbnail\" alt=\"\" \/><\/a>\n\t\t\t\t<\/dt><\/dl><br style=\"clear: both\" \/>\n\t\t\t<\/div>\n\n<p>&nbsp;<\/p>\n<hr \/>\n<p>&nbsp;<\/p>\n<blockquote>\n<h3>1 KM AL GIORNO: ANCHE IL COMUNE DI LAMON PRESENTA IL SUO PERCORSO PER MANTENERSI IN SALUTE<\/h3>\n<\/blockquote>\n<p><strong>BELLUNO <\/strong>Un comune in movimento. Anche il Comune di Lamon ha aderito all\u2019iniziativa \u201c1 km al giorno\u201d promossa dalla Regione Veneto e dall\u2019Ulss1 Dolomiti, proponendo due percorsi: \u201c1KM di San Pietro\u201d e \u201c1KM della Campagna\u201d. \u201c1 Km al giorno\u201d \u00e8 un progetto che mira ad individuare nel territorio dei vari comuni un percorso accessibile di 1 km da svolgere in sicurezza per stimolare i cittadini a mantenersi in salute attraverso il movimento e l\u2019attivit\u00e0 fisica. Il Comune si \u00e8 impegnato ad identificare due percorsi di 1 km nel proprio territorio, facilmente accessibili e senza ostacoli, segnalati da appositi cartelli contenenti QR-code che rimandano a contenuti di salute e che possono essere praticati da tutti in sicurezza. L\u2019iniziativa si inserisce all\u2019interno del Piano della Prevenzione Regionale 2022-2025 con l\u2019obiettivo di creare e consolidare le Comunit\u00e0 Attive. In particolare, il Dipartimento di Prevenzione sta lavorando con i comuni per promuovere un approccio alla lotta alla sedentariet\u00e0 e alla promozione del movimento.<\/p>\n<p><strong>LA MAPPA DEI PERCORSI<\/strong><\/p>\n<a href=\"https:\/\/www.radiopiu.net\/wordpress\/wp-content\/uploads\/2022\/09\/Mappa-percorsI-1-Km-al-giorno_Lamon.pdf\" class=\"pdfemb-viewer\" style=\"\" data-width=\"max\" data-height=\"max\" data-toolbar=\"top\" data-toolbar-fixed=\"on\">Mappa percorsI 1 Km al giorno_Lamon<\/a>\n<p>&nbsp;<\/p>\n<hr \/>\n<p>&nbsp;<\/p>\n<blockquote>\n<h3>UNA PALESTRA A CIELO APERTO PER BAMBINI E RAGAZZI IN ETA&#8217; PEDIATRICA<\/h3>\n<\/blockquote>\n<p><strong><a class=\"dt-pswp-item\" href=\"https:\/\/www.radiopiu.net\/wordpress\/wp-content\/uploads\/2022\/09\/avvicinamento-allo-sport.png\" data-dt-img-description=\"\" data-large_image_width=\"1080\" data-large_image_height=\"1080\"><img loading=\"lazy\" decoding=\"async\" class=\"size-thumbnail wp-image-295697 alignleft\" src=\"https:\/\/www.radiopiu.net\/wordpress\/wp-content\/uploads\/2022\/09\/avvicinamento-allo-sport-150x150.png\" alt=\"\" width=\"150\" height=\"150\" srcset=\"https:\/\/www.radiopiu.net\/wordpress\/wp-content\/uploads\/2022\/09\/avvicinamento-allo-sport-150x150.png 150w, https:\/\/www.radiopiu.net\/wordpress\/wp-content\/uploads\/2022\/09\/avvicinamento-allo-sport-300x300.png 300w, https:\/\/www.radiopiu.net\/wordpress\/wp-content\/uploads\/2022\/09\/avvicinamento-allo-sport-1024x1024.png 1024w, https:\/\/www.radiopiu.net\/wordpress\/wp-content\/uploads\/2022\/09\/avvicinamento-allo-sport-768x768.png 768w, https:\/\/www.radiopiu.net\/wordpress\/wp-content\/uploads\/2022\/09\/avvicinamento-allo-sport.png 1080w\" sizes=\"auto, (max-width: 150px) 100vw, 150px\" \/><\/a>BELLUNO <\/strong>L\u2019Ulss Dolomiti, con l\u2019Ambulatorio di Obesit\u00e0 Pediatrica dell\u2019Ospedale Santa Maria del Prato di Feltre e dell\u2019Ospedale San Martino di Belluno, il Dipartimento di Prevenzione, l\u2019UISP Comitato Territoriale Treviso-Belluno APS, in collaborazione con i servizi integrati di dietetica e psicologia clinica, ha avviato un progetto di avvicinamento allo sport per promuovere l\u2019attivit\u00e0 ludico-motoria in et\u00e0 pediatrica nella prevenzione e nella cura dell\u2019obesit\u00e0 infantile. L\u2019iniziativa coinvolge circa 20-30 ragazzi di et\u00e0 compresa tra i 7 e 16 anni afferenti agli ambulatori per la cura e la prevenzione dell\u2019obesit\u00e0, che hanno la possibilit\u00e0 di sperimentare la footbike, partecipare a lezioni di parkour e atletica e cimentarsi nello skate, accompagnati dagli istruttori dell\u2019UISP di Belluno-Treviso e grazie alla collaborazione di volontari e associazioni. Lo sport, infatti, non \u00e8 solo un ottimo strumento per l\u2019educazione ad un corretto e sano stile di vita, ma aiuta anche a migliorare lo stato psicofisico, favorendo la socializzazione. Il progetto ha preso il via con una giornata a Pr\u00e0 del Moro a Feltre dedicata alla footbike, monopattino sportivo muscolare che, grazie alla spinta alternata di entrambi gli arti inferiori, permette di correggere la postura a beneficio della colonna vertebrale e delle articolazioni, rafforzando addominali e braccia. Seguiranno altre lezioni di parkour, atletica e skate. A completare il percorso, ai ragazzi sar\u00e0 proposto un laboratorio creativo dedicato all\u2019alimentazione consapevole e saranno organizzati altri momenti di incontro e di confronto. Seguiranno ulteriori sviluppi e collaborazioni anche con altri enti e associazioni del territorio.<\/p>\n<p>&nbsp;<\/p>\n<p>&nbsp;<\/p>\n<hr \/>\n<p>&nbsp;<\/p>\n<blockquote>\n<h3>MIG 2022. AL CENTRO LE CRITICIT\u00c0 E LE EMERGENZE DEL SETTORE<\/h3>\n<\/blockquote>\n<p><strong><a class=\"dt-pswp-item\" href=\"https:\/\/www.radiopiu.net\/wordpress\/wp-content\/uploads\/2022\/09\/20211130-piatto-vincitore-concorso-una-pralina-in-gelateria.jpg\" data-dt-img-description=\"\" data-large_image_width=\"2500\" data-large_image_height=\"1667\"><img loading=\"lazy\" decoding=\"async\" class=\"size-thumbnail wp-image-295699 alignleft\" src=\"https:\/\/www.radiopiu.net\/wordpress\/wp-content\/uploads\/2022\/09\/20211130-piatto-vincitore-concorso-una-pralina-in-gelateria-150x150.jpg\" alt=\"\" width=\"150\" height=\"150\" \/><\/a>LONGARONE <\/strong>Riprende a Longarone l\u2019organizzazione della Mostra Internazionale del Gelato Artigianale dopo la pausa estiva. Un\u2019edizione che si preannuncia molto partecipata. Se per lo scorso anno possiamo parlare di una MIG limitata fortemente da covid-19, ma comunque ben riuscita, ora si torna quasi alla normalit\u00e0. Tornano in particolare numerose le attivit\u00e0 collaterali in un programma che pone al centro le criticit\u00e0 e le emergenze del settore del momento, come gi\u00e0 nel 2021. Grazie in particolare ad importanti collaborazioni. Come la rinnovata e ampliata sinergia con Confartigianato Nazionale Alimentazione sul tema della pasticceria e cioccolateria in gelateria. Dalla formazione teorica e pratica alle dimostrazioni in un\u2019area attrezzata dedicata, fino al coinvolgimento attivo con il concorso \u201cUna pralina in gelateria\u201d. O il progetto \u201cArcipelago Sicilia \u2013 Dalle Madonie alle Dolomiti\u201d che sotto l\u2019egida di Gelato Officinale, realt\u00e0 fondata dal chef glacier Maurizio Valguarnera, metter\u00e0 in risalto le straordinarie qualit\u00e0 della granita siciliana, anche attraverso un contest. Valguarnera, docente della Vegan Academy, far\u00e0 risaltare anche le propriet\u00e0 del gelato vegano e il sempre pi\u00f9 apprezzato gelato dedicato ai nostri amici a quattro zampe. Grande ritorno, dopo due anni di stop forzato, anche dell\u2019ormai storico concorso riservato agli Istituti alberghieri e di trasformazione agroalimentare e intitolato al grande Maestro Carlo Pozzi. Rivisto nel regolamento per adeguarsi agli indirizzi post pandemici, sar\u00e0 ampliato da una prova pratica di preparazione del gelato, prima della consueta passerella del gelato al piatto. Previsto inoltre uno spazio in fiera dedicato alla formazione degli studenti che saranno ospiti di Longarone Fiere Dolomiti per due giorni.<\/p>\n<p>&nbsp;<\/p>\n<p>&nbsp;<\/p>\n<hr \/>\n<p>&nbsp;<\/p>\n<blockquote>\n<h3>LA NUOVA OPERA DI DUNIO PICCOLIN A BOGO DI CENCENIGHE<\/h3>\n<\/blockquote>\n<p><strong>di Luisa Manfroi<\/strong><\/p>\n<p>Riscoprire e conoscere le frazioni dei paesi grazie ai dipinti murali. Non \u00e8 un progetto nato a tavolino e a priori ma la conseguenza naturale della curiosit\u00e0\u00a0 suscitata dopo che \u00e8 stato realizzato un nuovo murale. Saranno forse i colori che vivacizzano l\u2019ambiente o forse\u00a0 i contenuti che in genere riassumono le peculiarit\u00e0 dell\u2019abitato, sta di fatto che il numero dei visitatori si fa notare. \u00c8 stato cos\u00ec ad Agordo per i graffiti di Dunio\u00a0 a \u201cle Ville\u201d, Toccol, Prompicai e Parech, per i murales su case private a\u00a0 Somor e Villotta (Falcade), a\u00a0 Carfon (Canale), a Zoldo, in altre localit\u00e0\u00a0 e probabilmente sar\u00e0 cos\u00ec anche per Bogo (Cencenighe) a\u00a0 1.194 metri s.l.m. Qui la vista spazia tutt\u2019attorno alle montagne circostanti: da sud ad ovest con lo Spiz de medod\u00ec (Cime d\u2019Ambrusogn),\u00a0 il monte San Lucano, la Palazza, il Col dal Pez e\u00a0 Cima Pape (Spiz de la Cros). A nord si riesce a vedere il Cern\u00e8ra e a est\u00a0 tutta la dorsale del Pelsa, il Framont e in fondo, la Gusela di Vescov\u00e0, nel gruppo dello Schiara, e il Zelo, a chiudere la valle del Cordevole. \u00c8 a Bogo che Dunio ha da poco ultimato il dipinto \u201cAgli Antichi\u2026\u201d sulla parete esterna di una casa privata.\u00a0 Un\u2019opera eseguita con la tecnica della pittura a secco con pigmenti sciolti in acqua ben visibile sia per le dimensioni di oltre cinque metri quadrati (m 1,60 X 3,50), sia per la posizione limitrofa al \u201ccapolinea\u201d della\u00a0 comunale che si ferma nella piccola piazzetta per lasciare il posto al vecchio sentiero di collegamento con la frazione pi\u00f9 alta di Cioit (Chioit) e quindi, a salire, alla rete di tracciati che porta anche a Cima Pape. Ma chi sono \u201cgli Antichi\u201d richiamati nel titolo? Per Dunio sono\u00a0 coloro che ci hanno preceduto. \u00abOgni luogo ha i suoi &#8221;Antichi&#8221; e le loro gesta talvolta non sono tanto remote poich\u00e9, per alcuni di noi, sono ancora impresse nella memoria tramandandoci sapienza e saggezza. Spesso dimentichiamo la lezione del passato perch\u00e9 oggi pensiamo di essere \u201cmoderni\u201d e tendiamo a non considerare ci\u00f2 che \u00e8 stato, dimenticando che le importanti esigenze di una volta sono le stesse di oggi: la fame, gli affetti, la comprensione, il lavoro, la salute\u2026 Ecco che un dipinto diventa un omaggio e un gesto di riconoscenza.\u00bb Ma \u201cgli Antichi\u201d fanno pure riferimento a un\u2019omonima via aperta a fine maggio del 1981 lungo la parete sud-ovest della Seconda Pala di San Lucano dagli alpinisti Lorenzo Massarotto e Ettore De Biasio.\u00a0 I puntini di sospensione presenti nel titolo contribuiscono a dare un senso di indefinito che invece appare molto chiaro osservando il murale raffigurante a sinistra un antenato, il vecchio proprietario dell\u2019abitazione\u00a0 con binocolo e alpenstock che sembra osservare compiaciuto le donne di famiglia rappresentate a destra intente nella filatura e nella preparazione delle suole degli \u201cscarp\u00e9t\u201d, le calzature di stoffa con la suola trapuntata. Al centro, le bambine di casa\u00a0 intrattengono nel gioco \u201cquattro gatti\u201d, espressione che rimanda ai pochi abitanti effettivamente ora residenti per tutto l\u2019anno\u00a0 a Bogo sullo sfondo dell\u2019anfiteatro che va dalle Pale di San Lucano fino al Pape e\u00a0 delle case del villaggio con i terreni dove venivano praticate le attivit\u00e0 agricole un tempo fondamentali per la sopravvivenza in queste localit\u00e0. Questo lavoro dell\u2019artista di Falcade sapr\u00e0 sicuramente attirare il dovuto interesse come hanno fatto del resto altre pitture murali, eseguite con varie tecniche, presenti sui muri esterni delle abitazioni\u00a0 opera non soltanto di Dunio ma anche di altri autori che il fotografo e videomaker Emilio de Castello valorizza e porta a conoscenza\u00a0 ormai da anni nelle sue puntate della trasmissione televisiva \u201cAndar per Murales\u201d in onda su TeleBelluno.<\/p>\n\n\t\t\t<style type='text\/css'>\n\t\t\t\t#gallery-6 {\n\t\t\t\t\tmargin: auto;\n\t\t\t\t}\n\t\t\t\t#gallery-6 .gallery-item {\n\t\t\t\t\tfloat: left;\n\t\t\t\t\tmargin-top: 10px;\n\t\t\t\t\ttext-align: center;\n\t\t\t\t\twidth: 25%;\n\t\t\t\t}\n\t\t\t\t#gallery-6 img {\n\t\t\t\t\tborder: 2px solid #cfcfcf;\n\t\t\t\t}\n\t\t\t\t#gallery-6 .gallery-caption {\n\t\t\t\t\tmargin-left: 0;\n\t\t\t\t}\n\t\t\t\t\/* see gallery_shortcode() in wp-includes\/media.php *\/\n\t\t\t<\/style>\n\t\t<div id='gallery-6' class='dt-gallery-container gallery galleryid-295646 gallery-columns-4 gallery-size-thumbnail'><dl class='gallery-item'>\n\t\t\t\t<dt class='gallery-icon portrait'>\n\t\t\t\t\t<a class=\"rollover rollover-zoom dt-pswp-item\" title=\"Dunio al lavoro a Bogo\" data-dt-img-description=\"\" data-large_image_width=\"675\" data-large_image_height=\"676\"href='https:\/\/www.radiopiu.net\/wordpress\/wp-content\/uploads\/2022\/09\/Dunio-al-lavoro-a-Bogo.jpeg'><img loading=\"lazy\" decoding=\"async\" width=\"150\" height=\"150\" src=\"https:\/\/www.radiopiu.net\/wordpress\/wp-content\/uploads\/2022\/09\/Dunio-al-lavoro-a-Bogo-150x150.jpeg\" class=\"attachment-thumbnail size-thumbnail\" alt=\"\" srcset=\"https:\/\/www.radiopiu.net\/wordpress\/wp-content\/uploads\/2022\/09\/Dunio-al-lavoro-a-Bogo-150x150.jpeg 150w, https:\/\/www.radiopiu.net\/wordpress\/wp-content\/uploads\/2022\/09\/Dunio-al-lavoro-a-Bogo-300x300.jpeg 300w, https:\/\/www.radiopiu.net\/wordpress\/wp-content\/uploads\/2022\/09\/Dunio-al-lavoro-a-Bogo.jpeg 675w\" sizes=\"auto, (max-width: 150px) 100vw, 150px\" \/><\/a>\n\t\t\t\t<\/dt><\/dl><dl class='gallery-item'>\n\t\t\t\t<dt class='gallery-icon landscape'>\n\t\t\t\t\t<a class=\"rollover rollover-zoom dt-pswp-item\" title=\"particolare del dipinto\" data-dt-img-description=\"\" data-large_image_width=\"2048\" data-large_image_height=\"2048\"href='https:\/\/www.radiopiu.net\/wordpress\/wp-content\/uploads\/2022\/09\/particolare-del-dipinto.jpeg'><img loading=\"lazy\" decoding=\"async\" width=\"150\" height=\"150\" src=\"https:\/\/www.radiopiu.net\/wordpress\/wp-content\/uploads\/2022\/09\/particolare-del-dipinto-150x150.jpeg\" class=\"attachment-thumbnail size-thumbnail\" alt=\"\" srcset=\"https:\/\/www.radiopiu.net\/wordpress\/wp-content\/uploads\/2022\/09\/particolare-del-dipinto-150x150.jpeg 150w, https:\/\/www.radiopiu.net\/wordpress\/wp-content\/uploads\/2022\/09\/particolare-del-dipinto-300x300.jpeg 300w, https:\/\/www.radiopiu.net\/wordpress\/wp-content\/uploads\/2022\/09\/particolare-del-dipinto-1024x1024.jpeg 1024w, https:\/\/www.radiopiu.net\/wordpress\/wp-content\/uploads\/2022\/09\/particolare-del-dipinto-768x768.jpeg 768w, https:\/\/www.radiopiu.net\/wordpress\/wp-content\/uploads\/2022\/09\/particolare-del-dipinto-1536x1536.jpeg 1536w, https:\/\/www.radiopiu.net\/wordpress\/wp-content\/uploads\/2022\/09\/particolare-del-dipinto.jpeg 2048w\" sizes=\"auto, (max-width: 150px) 100vw, 150px\" \/><\/a>\n\t\t\t\t<\/dt><\/dl><dl class='gallery-item'>\n\t\t\t\t<dt class='gallery-icon landscape'>\n\t\t\t\t\t<a class=\"rollover rollover-zoom dt-pswp-item\" title=\"Agli Antichi... dipinto murale di Dunio a Bogo\" data-dt-img-description=\"\" data-large_image_width=\"2560\" data-large_image_height=\"1440\"href='https:\/\/www.radiopiu.net\/wordpress\/wp-content\/uploads\/2022\/09\/Agli-Antichi...-dipinto-murale-di-Dunio-a-Bogo-scaled.jpg'><img loading=\"lazy\" decoding=\"async\" width=\"150\" height=\"150\" src=\"https:\/\/www.radiopiu.net\/wordpress\/wp-content\/uploads\/2022\/09\/Agli-Antichi...-dipinto-murale-di-Dunio-a-Bogo-150x150.jpg\" class=\"attachment-thumbnail size-thumbnail\" alt=\"\" \/><\/a>\n\t\t\t\t<\/dt><\/dl><dl class='gallery-item'>\n\t\t\t\t<dt class='gallery-icon landscape'>\n\t\t\t\t\t<a class=\"rollover rollover-zoom dt-pswp-item\" title=\"veduta del dipinto e parte della frazione\" data-dt-img-description=\"\" data-large_image_width=\"2048\" data-large_image_height=\"2048\"href='https:\/\/www.radiopiu.net\/wordpress\/wp-content\/uploads\/2022\/09\/veduta-del-dipinto-e-parte-della-frazione.jpeg'><img loading=\"lazy\" decoding=\"async\" width=\"150\" height=\"150\" src=\"https:\/\/www.radiopiu.net\/wordpress\/wp-content\/uploads\/2022\/09\/veduta-del-dipinto-e-parte-della-frazione-150x150.jpeg\" class=\"attachment-thumbnail size-thumbnail\" alt=\"\" srcset=\"https:\/\/www.radiopiu.net\/wordpress\/wp-content\/uploads\/2022\/09\/veduta-del-dipinto-e-parte-della-frazione-150x150.jpeg 150w, https:\/\/www.radiopiu.net\/wordpress\/wp-content\/uploads\/2022\/09\/veduta-del-dipinto-e-parte-della-frazione-300x300.jpeg 300w, https:\/\/www.radiopiu.net\/wordpress\/wp-content\/uploads\/2022\/09\/veduta-del-dipinto-e-parte-della-frazione-1024x1024.jpeg 1024w, https:\/\/www.radiopiu.net\/wordpress\/wp-content\/uploads\/2022\/09\/veduta-del-dipinto-e-parte-della-frazione-768x768.jpeg 768w, https:\/\/www.radiopiu.net\/wordpress\/wp-content\/uploads\/2022\/09\/veduta-del-dipinto-e-parte-della-frazione-1536x1536.jpeg 1536w, https:\/\/www.radiopiu.net\/wordpress\/wp-content\/uploads\/2022\/09\/veduta-del-dipinto-e-parte-della-frazione.jpeg 2048w\" sizes=\"auto, (max-width: 150px) 100vw, 150px\" \/><\/a>\n\t\t\t\t<\/dt><\/dl><br style=\"clear: both\" \/>\n\t\t\t<\/div>\n\n<p>&nbsp;<\/p>\n<hr \/>\n<p>&nbsp;<\/p>\n<h2><span style=\"color: #ff0000;\"><a class=\"dt-pswp-item\" href=\"https:\/\/www.radiopiu.net\/wordpress\/wp-content\/uploads\/2022\/09\/0.png\" data-dt-img-description=\"\" data-large_image_width=\"1744\" data-large_image_height=\"1926\"><img loading=\"lazy\" decoding=\"async\" class=\"size-thumbnail wp-image-295872 alignleft\" src=\"https:\/\/www.radiopiu.net\/wordpress\/wp-content\/uploads\/2022\/09\/0-150x150.png\" alt=\"\" width=\"150\" height=\"150\" \/><\/a>DAL CORRIERE DELLE ALPI DI OGGI<\/span><\/h2>\n<h3>MARIA CRISTINA RUBINATO E I SUOI BISCOTTI MESSAGGERI<\/h3>\n<p><strong>AGORDO <\/strong>Come ogni lunedi Gianni Santomaso dalle pagine del Corriere delle Alpi racconta una storia, un personaggio, un pezzo di vita dell\u2019Agordino \u201cVivere l\u2019Agordino\u201d una raccolta spaccato di vita agordina con le immancabili vignette di Erica Andrich<\/p>\n<p>di Gianni Santomaso<\/p>\n<p>&nbsp;<\/p>\n<p>&nbsp;<\/p>\n<hr \/>\n<p>&nbsp;<\/p>\n<blockquote>\n<h3 class=\"entry-title\">VENETO: TRA LE 125.000 E LE 208.500 FAMIGLIE IN POVERTA\u2019 ENERGETICA<\/h3>\n<\/blockquote>\n<p class=\"photoswipe-wrapper\"><a class=\"dt-pswp-item pspw-wrap-ready\" href=\"https:\/\/www.radiopiu.net\/wordpress\/wp-content\/uploads\/2022\/09\/Schermata-2022-09-03-alle-09.36.35.png\" data-dt-img-description=\"\" data-large_image_width=\"992\" data-large_image_height=\"824\"><img loading=\"lazy\" decoding=\"async\" class=\"alignleft size-medium wp-image-295654\" src=\"https:\/\/www.radiopiu.net\/wordpress\/wp-content\/uploads\/2022\/09\/Schermata-2022-09-03-alle-09.36.35-300x249.png\" sizes=\"auto, (max-width: 300px) 100vw, 300px\" srcset=\"https:\/\/www.radiopiu.net\/wordpress\/wp-content\/uploads\/2022\/09\/Schermata-2022-09-03-alle-09.36.35-300x249.png 300w, https:\/\/www.radiopiu.net\/wordpress\/wp-content\/uploads\/2022\/09\/Schermata-2022-09-03-alle-09.36.35-768x638.png 768w, https:\/\/www.radiopiu.net\/wordpress\/wp-content\/uploads\/2022\/09\/Schermata-2022-09-03-alle-09.36.35.png 992w\" alt=\"\" width=\"300\" height=\"249\" \/><\/a>Si stima che nella nostra regione le famiglie in povert\u00e0 energetica oscillino tra un dato minimo di 125.000 e uno massimo di 208.500 unit\u00e0.\u00a0<strong>Complessivamente, pertanto, sarebbero a rischio tra i 293 mila e i 488 mila veneti.<\/strong>\u00a0Questi dati emergono dall\u2019elaborazione realizzata dall\u2019Ufficio studi CGIA in merito agli ultimi dati disponibili estrapolati dal Rapporto OIPE 2020. Sono range preoccupanti, anche perch\u00e9 sicuramente sottodimensionati, poich\u00e9 sono stati \u201cmisurati\u201d ben prima dello shock energetico scoppiato nel nostro Paese a partire dalla seconda met\u00e0 del 2021.<\/p>\n<p>Sebbene il Veneto presenti un rischio molto contenuto (il pi\u00f9 basso tra le 4 fasce individuate dall\u2019OIPE), a livello provinciale le situazioni pi\u00f9 critiche si riscontrano a Padova e Verona: in queste due realt\u00e0, il numero dei nuclei familiari in difficolt\u00e0 oscilla tra poco meno di 24.000 fino a 39.500. Seguono Venezia (da 23.000 circa a quasi 38.000), Treviso (quasi 22 mila fino a 36.500), Vicenza (21.500 fino a 36.000), Rovigo (da 6.000 a 10.000) e\u00a0<strong>Belluno (da 5.600 a poco pi\u00f9 di 9.000)<\/strong>\u00a0(vedi Tab. 1).<\/p>\n<p>Secondo questa ricerca, si stimano in condizioni di povert\u00e0 energetica i nuclei familiari che non riescono a utilizzare con regolarit\u00e0 l\u2019impianto di riscaldamento d\u2019inverno, quello di raffrescamento d\u2019estate e, a causa delle precarie condizioni economiche, non dispongono di elettrodomestici ad elevato consumo di energia (lavastoviglie, lavatrice, asciugatrice, aspirapolvere, micro onde, forno elettrico, etc.).<\/p>\n<p>Nell\u2019identikit delle famiglie \u201cvulnerabili\u201d energeticamente spesso troviamo nuclei con un elevato numero di componenti che risiedono in alloggi in cattivo stato di conservazione, con il capofamiglia giovane, spesso inoccupato e\/o immigrato.<\/p>\n<p>A livello regionale la situazione pi\u00f9 critica si verifica soprattutto nel Mezzogiorno: in questa macro area la frequenza della povert\u00e0 energetica \u00e8 la pi\u00f9 elevata d\u2019Italia e interessa tra il 24 e il 36 per cento delle famiglie residenti in questo territorio. In termini assoluti \u00e8 la Campania la regione maggiormente in difficolt\u00e0: il numero delle famiglie che utilizza saltuariamente luce e gas oscilla tra le 519 mila e le 779 mila unit\u00e0. Altrettanto critica \u00e8 la situazione in Sicilia dove la forchetta oscilla tra i 481 mila e i 722 mila nuclei familiari e in Calabria che presenta un range tra le 191 mila e le 287 mila famiglie in difficolt\u00e0 nell\u2019utilizzo quotidiano di energia elettrica e metano.<\/p>\n<p>Un po\u2019 meno critica, ma comunque sempre con una \u201cvulnerabilit\u00e0\u201d energetica medio-alta, scorgiamo le altre regioni del Mezzogiorno e alcune del Centro che presentano una forchetta che varia dal 14 al 24 per cento delle famiglie residenti: la Puglia (con un numero di nuclei compreso tra i 223 mila e gli 383 mila), la Sardegna (tra 102 mila e 174 mila), le Marche (tra 90 mila e 154 mila), l\u2019Abruzzo (tra 77 mila e 132 mila) e l\u2019Umbria (tra 53 mila e 91 mila). La situazione migliora man mano che si risale la penisola. Nella fascia a rischio medio-bassa (tra il 10 e il 14 per cento delle famiglie coinvolte), notiamo il Lazio e alcune regioni del Nord: Piemonte, Liguria, Friuli Venezia Giulia e Valle d\u2019Aosta. Nella fascia pi\u00f9 bassa, infine, quella che comprende un numero di nuclei familiari in difficolt\u00e0 che va dal 6 al 10 per cento del totale, annovera la Lombardia, il Veneto, l\u2019Emilia Romagna, la Toscana e il Trentino Alto Adige (vedi Tab. 2).<\/p>\n<p><strong class=\"photoswipe-wrapper\"><a class=\"dt-pswp-item pspw-wrap-ready\" href=\"https:\/\/www.radiopiu.net\/wordpress\/wp-content\/uploads\/2022\/09\/Schermata-2022-09-03-alle-09.36.57.png\" data-dt-img-description=\"\" data-large_image_width=\"1214\" data-large_image_height=\"1194\"><img loading=\"lazy\" decoding=\"async\" class=\"alignleft size-medium wp-image-295655\" src=\"https:\/\/www.radiopiu.net\/wordpress\/wp-content\/uploads\/2022\/09\/Schermata-2022-09-03-alle-09.36.57-300x295.png\" sizes=\"auto, (max-width: 300px) 100vw, 300px\" srcset=\"https:\/\/www.radiopiu.net\/wordpress\/wp-content\/uploads\/2022\/09\/Schermata-2022-09-03-alle-09.36.57-300x295.png 300w, https:\/\/www.radiopiu.net\/wordpress\/wp-content\/uploads\/2022\/09\/Schermata-2022-09-03-alle-09.36.57-1024x1007.png 1024w, https:\/\/www.radiopiu.net\/wordpress\/wp-content\/uploads\/2022\/09\/Schermata-2022-09-03-alle-09.36.57-768x755.png 768w, https:\/\/www.radiopiu.net\/wordpress\/wp-content\/uploads\/2022\/09\/Schermata-2022-09-03-alle-09.36.57.png 1214w\" alt=\"\" width=\"300\" height=\"295\" \/><\/a>Pi\u00f9 a rischio le famiglie degli autonomi<\/strong><br \/>\nL\u2019aumento esponenziale dei prezzi delle bollette prevista per il prossimo autunno potrebbe peggiorare notevolmente la situazione economica di tantissime famiglie, soprattutto quelle composte da autonomi, soprattutto nel Veneto<strong>. Nel ricordare che il 70 per cento circa degli artigiani e dei commercianti lavora da solo, ovvero non ha n\u00e9 dipendenti n\u00e9 collaboratori familiari, moltissimi artigiani, piccoli commercianti e partite Iva stanno pagando due volte lo straordinario aumento registrato in questi ultimi 6 mesi dalle bollette di luce e gas. La prima come utenti domestici e la seconda come piccoli imprenditori per riscaldare\/raffrescare e illuminare le proprie botteghe e negozi.<\/strong>\u00a0E nonostante le misure di\u00a0 mitigazione introdotte in questi ultimi mesi dal Governo Draghi, i costi energetici sono esplosi, raggiungendo livelli mai visti nel recente passato.\u00a0Si ricorda, inoltre, che dagli ultimi dati elaborati dall\u2019Istat e riferiti al 2019, il rischio povert\u00e0 delle famiglie presenti in Italia con un reddito principale ascrivibile ad un lavoratore autonomo era pari al 25,1 per cento, contro il 20 per cento riconducibile a famiglie con fonte di reddito principale da lavoro dipendente. E con la crisi pandemica scoppiata a marzo 2020, negli ultimi 2,5 anni il differenziale tra queste due tipologie familiari potrebbe essere addirittura aumentato.<\/p>\n<p><strong>L\u2019elenco dei bonus per chi \u00e8 in difficolt\u00e0<\/strong><\/p>\n<p>Al netto delle misure prese a livello locale, il\u00a0bonus bollette 2022\u00a0\u00e8 un aiuto economico introdotto dal Governo Draghi che consente alle famiglie (utenti domestici) e alle imprese (utenti non domestici) in difficolt\u00e0 a causa del caro prezzo su luce e gas naturale, di mitigare, almeno in parte, i rincari.<\/p>\n<p>Le voci pi\u00f9 significative sono:<br \/>\npotenziamento del bonus sociale luce e gas\u00a0per gli utenti domestici che vertono in condizioni svantaggiate;<br \/>\nriduzione dell\u2019IVA al 5 per cento sul gas\u00a0sia per le famiglie che per le imprese;<br \/>\nazzeramento degli oneri generali di sistema\u00a0per le utenze a bassa tensione (fino a 16,5 KW);<br \/>\nla possibilit\u00e0 di pagare le bollette in 10 rate, ma solo per quelle emesse dal 1\u00b0 gennaio al 30 giugno 2022 (prima il termine previsto dalla Legge di Bilancio 2022 era il 30 aprile, differito dal\u00a0Decreto Energia 2022).<\/p>\n<p><strong>Chi ha diritto al bonus sociale luce e gas 2022 ?<\/strong><\/p>\n<p>Il bonus sociale, che fa parte delle agevolazioni citate rientranti nel bonus bollette 2022, spetta\u00a0ai soli utenti domestici\u00a0in difficolt\u00e0, ovvero:<br \/>\ni nuclei con un ISEE al di sotto dei 12.000 euro\u00a0(ricordiamo che per il primo trimestre la soglia ISEE era 8.265 euro, poi innalzata in via retroattiva: l\u2019indice ISEE dei 12.000 \u00e8 applicabile anche per le forniture di gennaio, febbraio e marzo 2022 e chi era in precedenza escluso ottiene una compensazione sulle bollette dei trimestri successivi);<br \/>\ni nuclei numerosi con un ISEE\u00a0di 20.000 euro annui e almeno 4 figli;<br \/>\ni beneficiari del\u00a0Reddito di cittadinanza\u00a0o pensione di cittadinanza;<br \/>\ngli utenti in condizioni di salute precarie\u00a0che utilizzano apparecchiature elettromedicali.<\/p>\n<p>Il\u00a0Decreto Aiuti bis,\u00a0approvato il mese scorso, ha incluso, dal 1\u00b0 gennaio 2023, tra i clienti \u201cvulnerabili\u201d anche le persone\u00a0con pi\u00f9 di 75 anni,\u00a0pensionati e non,\u00a0e chi ha utenze nelle isole minori non interconnesse o in abitazioni di emergenza dopo una calamit\u00e0.<\/p>\n<p>&nbsp;<\/p>\n<p>&nbsp;<\/p>\n<hr \/>\n<p>&nbsp;<\/p>\n<blockquote>\n<h3>GLI EVENTI DELLA FONDAZIONE PAPA LUCIANI<\/h3>\n<\/blockquote>\n<p><strong><a class=\"dt-pswp-item\" href=\"https:\/\/www.radiopiu.net\/wordpress\/wp-content\/uploads\/2021\/08\/papa-luciani-2.jpg\" data-dt-img-description=\"\" data-large_image_width=\"1200\" data-large_image_height=\"800\"><img loading=\"lazy\" decoding=\"async\" class=\"size-thumbnail wp-image-229320 alignleft\" src=\"https:\/\/www.radiopiu.net\/wordpress\/wp-content\/uploads\/2021\/08\/papa-luciani-2-150x150.jpg\" alt=\"\" width=\"150\" height=\"150\" \/><\/a>CANALE D&#8217;AGORDO <\/strong>La Fondazione Papa Luciani \u00e8 lieta di condividere gli eventi principali in prossimit\u00e0 della beatificazione di Papa Luciani nel suo paese natale. Domenica 11 settembre alle ore 16.00 in Piazza Papa Luciani e Piazza Salvatore Serafini (retro municipio) solenne Messa di ringraziamento alla presenza dei vescovi del Veneto (prenotazione posti al link <a href=\"http:\/\/www.chiesabellunofeltre.it\/tre-diocesi-un-unico-grazie\/?fbclid=IwAR0Iu1PaivfG8yxS19_GeNzohHIrfv9tLodjQp5aOi5sZUQmqlI6a13VwFM\">http:\/\/www.chiesabellunofeltre.it\/tre-diocesi-un-unico&#8230;\/<\/a> DIOCESI DI BELLUNO-FELTRE). Per informazioni e aggiornamenti circa la viabilit\u00e0 nelle due giornate del 4 e dell&#8217;11 si consiglia di consultare l&#8217;albo pretorio del Comune di Canale d&#8217;Agordo (<a href=\"https:\/\/l.facebook.com\/l.php?u=https%3A%2F%2Fcanaledagordo.trasparenza-valutazione-merito.it%2Fweb%2Ftrasparenza%2Fmenu-albo-pretorio%3Ffbclid%3DIwAR0Iu1PaivfG8yxS19_GeNzohHIrfv9tLodjQp5aOi5sZUQmqlI6a13VwFM&amp;h=AT1wrugumLk5NpOaMmE7R8LZ1CEza6804m9eMGjMXU4DHXJs9InJ2y48CMJTn3sSy7mIqAKhzAKXmozFllwAjEZwuVQb6ZFK2JKhWZ_PdEMVOrz2eFPaHANzmLSyDhNsJ8Y&amp;__tn__=-UK-R&amp;c%5B0%5D=AT2_Vci4ivKKKpLHz4E8Dm2Gnjy8hVjB4Bzatjg9XBBIwKdYW6opRGI3MU_45AfdH8a-G1p_x0_j_4i0sOrJupfa0Ni9zq6fKa2ZJ_dXUi0LzveSqdv1BxdmKivxuheguUjwof20KwHy208OLJqgIImGoJqpJ5Ku5txkCGLyBgVdcMK3D9X1LQudPkvXFPpywUQl4Qii0qfDPyccWQMYg_7dqP3UG0MdRA\">https:\/\/canaledagordo.trasparenza-valutazione-merito.it\/&#8230;<\/a>).<\/p>\n<p>&nbsp;<\/p>\n<p>&nbsp;<\/p>\n<hr \/>\n<p>&nbsp;<\/p>\n<blockquote>\n<h3>MUSEO E CASA NATALE DI PAPA LUCIANI APERTI A SETTEMBRE<\/h3>\n<\/blockquote>\n<p><strong><a class=\"dt-pswp-item\" href=\"https:\/\/www.radiopiu.net\/wordpress\/wp-content\/uploads\/2021\/05\/Casa-natale-di-papa-Luciani.jpg\" data-dt-img-description=\"\" data-large_image_width=\"1600\" data-large_image_height=\"1200\"><img loading=\"lazy\" decoding=\"async\" class=\"size-thumbnail wp-image-209269 alignleft\" src=\"https:\/\/www.radiopiu.net\/wordpress\/wp-content\/uploads\/2021\/05\/Casa-natale-di-papa-Luciani-150x150.jpg\" alt=\"\" width=\"150\" height=\"150\" \/><\/a>CANALE D&#8217;AGORDO <\/strong>Canale d&#8217;Agordo,\u00a0paese natale di Albino Luciani e sede del Museo a lui dedicato\u00a0(Musal \u2013 Museo Albino Luciani\u00a0<u><a href=\"http:\/\/www.musal.it\/\">www.musal.it<\/a><\/u>) si sta preparando al meglio per accogliere i molti pellegrini e visitatori che gi\u00e0 da inizio estate si sono interessati alla manifestazione, dimostrando la loro compartecipazione e vicinanza. Proprio per permettere a tutti di poter conoscere a fondo papa Luciani, durante il mese di settembre saranno\u00a0aperti la Casa natale\u00a0(dalle ore 10.00 alle 18.00) e il\u00a0Museo\u00a0dedicato al prossimo beato (dalle ore 9.00 alle ore 19.00) e,\u00a0fino all&#8217;11settembre, anche la chiesa monumentale di San Simon del 1185 con l&#8217;adiacente\u00a0<em>Schola<\/em>\u00a0della Confraternita dei Battuti, a Vallada Agordina. Questi gli orari: dal marted\u00ec alla domenica, dalle 9.30 alle 12.30 e dalle 15.30 alle 18.30.<\/p>\n<p>&nbsp;<\/p>\n<p>&nbsp;<\/p>\n<hr \/>\n<p>&nbsp;<\/p>\n<blockquote>\n<h3>RITORNA LA LUCCIOLATA SOLIDALE IN ALPAGO<\/h3>\n<\/blockquote>\n<p><strong>ALPAGO<\/strong> Dopo lo stop dovuto alla pandemia, ritorna la \u201cLucciolata\u201d sabato 10 settembre alle 20.30 a Molini di Chies d&#8217;Alpago. Una passeggiata notturna di circa 3 Km che ha lo scopo di raccogliere fondi per l&#8217;Associazione Via di Natale di Aviano. Per gli organizzatori sar\u00e0 il modo migliore di ricordare un vecchio amico: Vittorio De Battista. Gi\u00e0 segretario dei donatori del sangue e nativo di questa contrada. Venuto a mancare una decina di anni fa, nominava spesso Stracadon nei racconti d\u2019infanzia ai suoi collaboratori, che non hanno mai potuto esaudire il suo desiderio di fare \u201c4 passi nel paese fantasma\u201d.<\/p>\n<p>&nbsp;<\/p>\n<p>&nbsp;<\/p>\n<hr \/>\n<p>&nbsp;<\/p>\n<blockquote>\n<h3>LA FESTA DEI 100 ANNI DEL GRUPPO SPORTIVO FRASSENE&#8217;<\/h3>\n<\/blockquote>\n<p><strong><a class=\"dt-pswp-item\" href=\"https:\/\/www.radiopiu.net\/wordpress\/wp-content\/uploads\/2022\/08\/Schermata-2022-08-04-alle-12.23.41.png\" data-dt-img-description=\"\" data-large_image_width=\"1336\" data-large_image_height=\"1014\"><img loading=\"lazy\" decoding=\"async\" class=\"alignleft wp-image-290914 \" src=\"https:\/\/www.radiopiu.net\/wordpress\/wp-content\/uploads\/2022\/08\/Schermata-2022-08-04-alle-12.23.41-300x228.png\" alt=\"\" width=\"158\" height=\"120\" srcset=\"https:\/\/www.radiopiu.net\/wordpress\/wp-content\/uploads\/2022\/08\/Schermata-2022-08-04-alle-12.23.41-300x228.png 300w, https:\/\/www.radiopiu.net\/wordpress\/wp-content\/uploads\/2022\/08\/Schermata-2022-08-04-alle-12.23.41-1024x777.png 1024w, https:\/\/www.radiopiu.net\/wordpress\/wp-content\/uploads\/2022\/08\/Schermata-2022-08-04-alle-12.23.41-768x583.png 768w, https:\/\/www.radiopiu.net\/wordpress\/wp-content\/uploads\/2022\/08\/Schermata-2022-08-04-alle-12.23.41.png 1336w\" sizes=\"auto, (max-width: 158px) 100vw, 158px\" \/><\/a>VOLTAGO <\/strong>1922-2022 il primo secolo di vita del Gruppo Sportivo Frassen\u00e8: tre giorni di eventi al tendone nel parcheggio della chiesa. Venerdi&#8217; 9 settembre alle 18 apertura stand gastronomico e serata musicale con Sabrina Silvestrin. Sabato 10 voli panoramici in elicottero dalle 10 alle 15 e, fino alle 17 mercatini dell&#8217;artigianato, dalle 10 torneo di calcio del Poi, a mezzogiorno stand gastronomico, 16.30 Frassene&#8217; Cross, gare podistiche non competitive, 17 aperitivo con DJ Morgan e Battaglia, 19 cena e premiazioni, dalle 21 serata musicale con I Riflesso, chiusura con DJ Morgan e Battaglia. Domenica 11 alle 10 mostra sui 100 anni del Gruppo Sportivo Frassene&#8217; presso l&#8217;ex scuola Paolo Mosca, 11 sfilata dei gruppi associativi per le vie del paese, 12.30 pranzo, 15 presentazione libro &#8220;Il Primo Secolo Di Vita&#8221;. Il ricavato sar\u00e0 devoluto al Gruppo Sportivo Frasssen\u00e8.<\/p>\n<p>&nbsp;<\/p>\n<blockquote>\n<h3>LO SPECIALE ALLA RADIO<\/h3>\n<p><span style=\"color: #ff0000;\"><strong>OSPITI,\u00a0 YURI PARISSENTI PRESIDENTE GRUPPO SPORTIVO FRASSENE&#8217;,\u00a0 SHARON DE MARCO\u00a0<\/strong><\/span><\/p><\/blockquote>\n<audio class=\"wp-audio-shortcode\" id=\"audio-295646-5\" preload=\"none\" style=\"width: 100%;\" controls=\"controls\"><source type=\"audio\/mpeg\" src=\"https:\/\/www.radiopiu.net\/wordpress\/wp-content\/uploads\/2022\/08\/gruppo-sportivo-frassene-SPECIALE.mp3?_=5\" \/><a href=\"https:\/\/www.radiopiu.net\/wordpress\/wp-content\/uploads\/2022\/08\/gruppo-sportivo-frassene-SPECIALE.mp3\">https:\/\/www.radiopiu.net\/wordpress\/wp-content\/uploads\/2022\/08\/gruppo-sportivo-frassene-SPECIALE.mp3<\/a><\/audio>\n<p>&nbsp;<\/p>\n<hr \/>\n<p>&nbsp;<\/p>\n<blockquote>\n<h3><a class=\"dt-pswp-item\" href=\"https:\/\/www.radiopiu.net\/wordpress\/wp-content\/uploads\/2022\/08\/CammiNATURAlmente-settembre-22.jpg\" data-dt-img-description=\"\" data-large_image_width=\"2560\" data-large_image_height=\"1920\"><img loading=\"lazy\" decoding=\"async\" class=\"size-thumbnail wp-image-294409 alignleft\" src=\"https:\/\/www.radiopiu.net\/wordpress\/wp-content\/uploads\/2022\/08\/CammiNATURAlmente-settembre-22-150x150.jpg\" alt=\"\" width=\"150\" height=\"150\" \/><\/a>CAMMINATURALMENTE A SETTEMBRE<\/h3>\n<\/blockquote>\n<p><span dir=\"ltr\" role=\"presentation\">La Biblioteca civica di Belluno propone due nuovi itinerari naturalistici e ambientali <\/span><span dir=\"ltr\" role=\"presentation\">accompagnati da Anacleto Boranga. <\/span><span dir=\"ltr\" role=\"presentation\">\u00a0<\/span><span dir=\"ltr\" role=\"presentation\">Il secondo appuntamento si svolger\u00e0 domenica 25 settembre, con \u201cVal di Seren \u2013 Il <\/span><span dir=\"ltr\" role=\"presentation\">percorso<\/span> <span dir=\"ltr\" role=\"presentation\">dei<\/span> <span dir=\"ltr\" role=\"presentation\">fojaroi<\/span><span dir=\"ltr\" role=\"presentation\">\u201d,<\/span> <span dir=\"ltr\" role=\"presentation\">un<\/span> <span dir=\"ltr\" role=\"presentation\">rilassante<\/span> <span dir=\"ltr\" role=\"presentation\">itinerario<\/span> <span dir=\"ltr\" role=\"presentation\">ad<\/span> <span dir=\"ltr\" role=\"presentation\">anello<\/span> <span dir=\"ltr\" role=\"presentation\">in<\/span> <span dir=\"ltr\" role=\"presentation\">una<\/span> <span dir=\"ltr\" role=\"presentation\">valle<\/span> <span dir=\"ltr\" role=\"presentation\">in<\/span> <span dir=\"ltr\" role=\"presentation\">passato <\/span><span dir=\"ltr\" role=\"presentation\">intensamente<\/span> <span dir=\"ltr\" role=\"presentation\">abitata,<\/span> <span dir=\"ltr\" role=\"presentation\">ma<\/span> <span dir=\"ltr\" role=\"presentation\">che<\/span> <span dir=\"ltr\" role=\"presentation\">oggi<\/span> <span dir=\"ltr\" role=\"presentation\">risulta<\/span> <span dir=\"ltr\" role=\"presentation\">quasi<\/span> <span dir=\"ltr\" role=\"presentation\">completamente<\/span> <span dir=\"ltr\" role=\"presentation\">abbandonata. <\/span><span dir=\"ltr\" role=\"presentation\">Informazioni <\/span><span dir=\"ltr\" role=\"presentation\">sugli itinerari possono essere richieste a Anacleto Boranga, telefono 340 876 9665\u00a0<\/span><\/p>\n<p>&nbsp;<\/p>\n<p>&nbsp;<\/p>\n<p>&nbsp;<\/p>\n<hr \/>\n<p>&nbsp;<\/p>\n<blockquote>\n<h3><a class=\"dt-pswp-item\" href=\"https:\/\/www.radiopiu.net\/wordpress\/wp-content\/uploads\/2022\/08\/cartolina_promo_concorso_emi_abm.jpg\" data-dt-img-description=\"\" data-large_image_width=\"1181\" data-large_image_height=\"787\"><img loading=\"lazy\" decoding=\"async\" class=\" wp-image-294392 alignleft\" src=\"https:\/\/www.radiopiu.net\/wordpress\/wp-content\/uploads\/2022\/08\/cartolina_promo_concorso_emi_abm-150x150.jpg\" alt=\"\" width=\"117\" height=\"117\" \/><\/a>RACCONTARE L&#8217;EMIGRAZIONE VENETA, IL CONCORSO LETTERARIO DELL&#8217;ABM<\/h3>\n<\/blockquote>\n<p><strong>BELLUNO <\/strong>L&#8217;Associazione Bellunesi nel Mondo ha bandito un concorso letterario Intitolato \u201cRaccontare l&#8217;emigrazione veneta\u201d, \u00e8 dedicato a racconti inediti e originali, reali o di fantasia, in lingua italiana. La partecipazione, gratuita, \u00e8 aperta a chiunque abbia almeno sedici anni\u00a0La scadenza per l&#8217;invio degli elaborati, da spedire via email a <a class=\"moz-txt-link-abbreviated\" href=\"mailto:concorsoemigrazione@bellunesinelmondo.it\">concorsoemigrazione@bellunesinelmondo.it<\/a>, \u00e8 fissata al 4 novembre 2022. Il bando completo del concorso\u00a0 \u00e8 disponibile sul sito: <a class=\"moz-txt-link-abbreviated\" href=\"http:\/\/www.bellunesinelmondo.it\">www.bellunesinelmondo.it<\/a>.<\/p>\n<p>&nbsp;<\/p>\n<p>&nbsp;<\/p>\n<hr \/>\n<p>&nbsp;<\/p>\n<blockquote>\n<h3>A CANALE CON LE MUSE E LE DOLOMITI<\/h3>\n<\/blockquote>\n<p><a class=\"dt-pswp-item\" href=\"https:\/\/www.radiopiu.net\/wordpress\/wp-content\/uploads\/2022\/08\/ConcertoSolidarieta\u03002021.jpeg\" data-dt-img-description=\"Le Muse e le Dolomiti - concerto di solidariet\u00e0 Midori Nmikawa soprano, Oda Zoe Hochscheid contralto, Hun Kim tenore, Kwang Park basso Coro Citt\u00e0 di Piazzolla sul Brenta dir.Paolo Piana\" data-large_image_width=\"1280\" data-large_image_height=\"853\"><img loading=\"lazy\" decoding=\"async\" class=\"wp-image-294261 alignleft\" src=\"https:\/\/www.radiopiu.net\/wordpress\/wp-content\/uploads\/2022\/08\/ConcertoSolidarieta\u03002021-300x200.jpeg\" alt=\"\" width=\"125\" height=\"83\" srcset=\"https:\/\/www.radiopiu.net\/wordpress\/wp-content\/uploads\/2022\/08\/ConcertoSolidarieta\u03002021-300x200.jpeg 300w, https:\/\/www.radiopiu.net\/wordpress\/wp-content\/uploads\/2022\/08\/ConcertoSolidarieta\u03002021-1024x682.jpeg 1024w, https:\/\/www.radiopiu.net\/wordpress\/wp-content\/uploads\/2022\/08\/ConcertoSolidarieta\u03002021-768x512.jpeg 768w, https:\/\/www.radiopiu.net\/wordpress\/wp-content\/uploads\/2022\/08\/ConcertoSolidarieta\u03002021.jpeg 1280w\" sizes=\"auto, (max-width: 125px) 100vw, 125px\" \/><\/a><strong>Sabato 10 settembre a Canale d\u2019Agordo \u2013<\/strong>\u00a0 alle 20.30 con ingresso libero \u201cUna guarigione miracolosa\u201d con Candela Giarda. La giovane argentina racconter\u00e0 come lei, gravemente ammalata, \u00e8 tornata miracolosamente in salute. Moderer\u00e0 l&#8217;incontro Loris Serafini, direttore della Fondazione Papa Luciani di Canale d\u2019Agordo. \u201cLe Muse e le Dolomiti\u201d canteranno e suoneranno brani sacri\u00a0 con \u00a0la partecipazione del \u201cCoro Citt\u00e0 Piazzola sul Brenta\u201d,\u00a0 il mezzosoprano Oda Zoe Hochscheid, la violinista Myriam Dal Don e l\u2019organista Ai Yoshida<\/p>\n<p>&nbsp;<\/p>\n<p>&nbsp;<\/p>\n<hr \/>\n<p>&nbsp;<\/p>\n<blockquote>\n<h3>INIZIA IL CORSO LIS, PER LA LINGUA DEI SEGNI<\/h3>\n<\/blockquote>\n<p><strong>SANTA GIUSTINA <\/strong>Sono aperte le iscrizioni al Corso LIS &#8211; Lingua dei segni italiana di primo livello, promosso dalla sezione bellunese dell\u2019ENS-Ente Nazionale Sordi e dalla cooperativa Blhyster. Il corso \u00e8 aperto a tutti coloro che sono interessati a conoscere la cultura sorda e desiderano acquisire le basi della lingua dei segni italiana e gli strumenti necessari per comunicare con le persone sorde. Non sono richiesti particolari requisiti per l\u2019accesso. Il percorso \u00e8 particolarmente indicato per educatori, docenti, operatori del settore sociale e sanitario. Il programma didattico del corso si sviluppa in 155 ore di lezione e comprende LIS pratica (135 ore); grammatica LIS (10 ore) e discipline complementari (10 ore). Le lezioni si svolgeranno da ottobre a maggio ogni luned\u00ec e gioved\u00ec dalle 17:30 alle 20:30, presso l&#8217;oratorio della parrocchia, in Piazza Maggiore, a Santa Giustina.<\/p>\n<p>&nbsp;<\/p>\n<p>&nbsp;<\/p>\n<hr \/>\n<p>&nbsp;<\/p>\n<blockquote>\n<h3>A SETTEMBRE RIPRENDONO CORSI AIS PER DIVENTARE SOMMELIER<\/h3>\n<\/blockquote>\n<p><strong>BELLUNO <\/strong>La Delegazione AIS (Associazione Italiana Sommelier) di Belluno riapre la stagione con i nuovi corsi di formazione per diventare sommelier AIS. In programma due corsi di primo livello: marted\u00ec 6 settembre prender\u00e0 il via a Cortina d\u2019Ampezzo, presso il l\u2019<strong>Istituto Omnicomprensivo Valboite<\/strong>, mentre luned\u00ec 12 settembre a Castion di Belluno, presso il ristorante <strong>Nogherazza<\/strong>. Per ulteriori informazioni e iscrizioni \u00e8 possibile consultare il sito\u00a0<a href=\"http:\/\/www.aisveneto.it\/\">www.aisveneto.it<\/a><\/p>\n<p>&nbsp;<\/p>\n<p>&nbsp;<\/p>\n<hr \/>\n<p>&nbsp;<\/p>\n<blockquote>\n<h3>RIPARTONO I CORSI DELL&#8217;ADA<\/h3>\n<\/blockquote>\n<div style=\"width: 848px;\" class=\"wp-video\"><video class=\"wp-video-shortcode\" id=\"video-295646-3\" width=\"848\" height=\"480\" preload=\"metadata\" controls=\"controls\"><source type=\"video\/mp4\" src=\"https:\/\/www.radiopiu.net\/wordpress\/wp-content\/uploads\/2022\/08\/WhatsApp-Video-2022-08-30-at-17.21.20.mp4?_=3\" \/><a href=\"https:\/\/www.radiopiu.net\/wordpress\/wp-content\/uploads\/2022\/08\/WhatsApp-Video-2022-08-30-at-17.21.20.mp4\">https:\/\/www.radiopiu.net\/wordpress\/wp-content\/uploads\/2022\/08\/WhatsApp-Video-2022-08-30-at-17.21.20.mp4<\/a><\/video><\/div>\n<p>&nbsp;<\/p>\n<hr \/>\n<p>&nbsp;<\/p>\n<blockquote>\n<h3>LATTE, BURRO E FORMAGGIO: STRUMENTI E TECNICHE TRADIZIONALI DI LAVORAZIONE<\/h3>\n<\/blockquote>\n<p><strong>di Renato Bona<\/strong><\/p>\n<p>Il \u201clibro \u201cMalgari e pascoli. L\u2019alpeggio nella provincia di Belluno edito nel 1991 a cura di Daniela Perco e valenti collaboratori dalla Libreria editrice Pilotto di Feltre\u201d ad iniziativa della Comunit\u00e0 montana feltrina e del Centro per la documentazione della cultura popolare, dedica un lungo capitolo a \u201cLatte, burro e formaggio: strumenti e tecniche tradizionali di lavorazione sul massiccio del Grappa\u201d. Gli autori, Anita De Marco e Marco Rech partono con la puntualizzazione che sul versante nord del Massiccio del Grappa, nel territorio del comune di Seren del Grappa sono distribuite tredici malghe comunali: Resel\u00e9, Vallonera, Val dell\u2019Albero, Prassolan, Bocchette Cima, Bocchette Mezzo, Bocchette Fondo, Val dei Pez, Lebi, Valporre Cima, Valporre Mezzo, Murelon con Busa de la neve ed ognuna di esse era ed \u00e8 caratterizzata da boschi e pascoli. In alcune abitavano i malghesi che coltivavano l\u2019orto, mandavano al pascolo le mucche e falciavano il fieno per l\u2019inverno, in altre c\u2019era \u201cun unico appaltatore che si prendeva la responsabilit\u00e0 di molte mucche affidategli da vari contadini e le teneva al pascolo finch\u00e9 vi era era sufficiente, senza preoccuparsi di falciare il fieno. Nel primo caso la durata dell\u2019alpeggio era di sei-sette mesi, nel secondo era di tre mesi, dal 1. giugno all\u20198 settembre. Altre notizie: per ogni malga veniva stabilito d\u2019ufficio il numero dei capi di bestiame che vi potevano pascolare e calcolando la capienza della malga la mucca era l\u2019unit\u00e0 di misura: le corrispondevano infatti due manzi o tre vitelli o sei capre; ad inizio secolo la capienza totale delle 13 malghe comunali era di 1125 capi bovini adulti. Ancora: all\u2019interno della malga c\u2019erano vari edifici: cas\u00f3n, composto da pi\u00f9 vani: cucina, stalla, fienile, spel\u00f3ncia per la conservazione del latte e del burro, cas\u00f3n da aria, in alternativa alla spel\u00f3ncia, con le stesse funzioni; caser\u00ecn per la conservazione del formaggio, cas\u00f3n del fogo, dove si faceva il formaggio; cas\u00f3n su pilastri, da usare come stalla o altro, in alternativa a edifici in muratura; capitelli o croci, testimonianze di religiosit\u00e0 disseminare anche come punti di riferimento topografico. Importanti e vitali &#8211; si legge &#8211; erano poi le fosse o p\u00f3se che servivano per abbeverare il bestiame. Ve n\u2019erano in totale 41. Conclusione dell\u2019argomento malga con la precisazione, forse scontata, che \u201ctutta la giornata della malga ruotava intorno alle mucche. La produzione e la trasformazione del latte erano basilari non solo per garantire la sussistenza della famiglia ma anche per procurare, attraverso la commercializzazione di burro e formaggio, una pur limitata occasione di reddito\u201d. A proposito del latte gli autori hanno scritto fra l\u2019altro: \u201cGiusta attenzione veniva posta a favorire per quanto possibile la maggior produzione. Bisognava anzitutto condurre le mucche a pascolare lontano da zone ricche di erbe nitrofile o di cespugli e arbusti infestanti, La flora ammoniacale doveva anzi, per regola, essere distrutta col dissodamento e la coltivazione della zona interessata, oppure con l\u2019incalcinatura o con l\u2019impiego di adeguate concimazioni chimiche oppure della cenere. L\u2019erba migliore era quella ricca di trifoglio, in particolare di \u2018straf\u00f3i mat\u2019 dal fiore bianco, la peggiore era quella infestata dalla \u2018erba s\u00e8na\u2019 o dal \u2018lat de striga\u2019. Ottima era l\u2019erba brucata nel periodo dell\u2019alpeggio, nel mese di giugno: l\u2019abbondanza di fiori ricchi di nettare determinava non solo un aumento della produzione di latte, ma ne migliorava la qualit\u00e0, rendendolo pi\u00f9 aromatico e di conseguenza facendo pi\u00f9 gustosi anche il burro, che acquistava un colore giallastro, e il formaggio\u201d. Decisamente interessante anche la dettagliata illustrazione di burro, formaggio, ricotta, casata (che si faceva con il latte intero) ma\u2026 evidenti ragioni di spazio non consentono di soffermarci come avremmo voluto, sui singoli argomenti.<\/p>\n\n\t\t\t<style type='text\/css'>\n\t\t\t\t#gallery-7 {\n\t\t\t\t\tmargin: auto;\n\t\t\t\t}\n\t\t\t\t#gallery-7 .gallery-item {\n\t\t\t\t\tfloat: left;\n\t\t\t\t\tmargin-top: 10px;\n\t\t\t\t\ttext-align: center;\n\t\t\t\t\twidth: 25%;\n\t\t\t\t}\n\t\t\t\t#gallery-7 img {\n\t\t\t\t\tborder: 2px solid #cfcfcf;\n\t\t\t\t}\n\t\t\t\t#gallery-7 .gallery-caption {\n\t\t\t\t\tmargin-left: 0;\n\t\t\t\t}\n\t\t\t\t\/* see gallery_shortcode() in wp-includes\/media.php *\/\n\t\t\t<\/style>\n\t\t<div id='gallery-7' class='dt-gallery-container gallery galleryid-295646 gallery-columns-4 gallery-size-thumbnail'><dl class='gallery-item'>\n\t\t\t\t<dt class='gallery-icon landscape'>\n\t\t\t\t\t<a class=\"rollover rollover-zoom dt-pswp-item\" title=\"304979783_343757384558408_7631448575146290657_n\" data-dt-img-description=\"\" data-large_image_width=\"620\" data-large_image_height=\"403\"href='https:\/\/www.radiopiu.net\/wordpress\/wp-content\/uploads\/2022\/09\/304979783_343757384558408_7631448575146290657_n.jpg'><img loading=\"lazy\" decoding=\"async\" width=\"150\" height=\"150\" src=\"https:\/\/www.radiopiu.net\/wordpress\/wp-content\/uploads\/2022\/09\/304979783_343757384558408_7631448575146290657_n-150x150.jpg\" class=\"attachment-thumbnail size-thumbnail\" alt=\"\" \/><\/a>\n\t\t\t\t<\/dt><\/dl><dl class='gallery-item'>\n\t\t\t\t<dt class='gallery-icon landscape'>\n\t\t\t\t\t<a class=\"rollover rollover-zoom dt-pswp-item\" title=\"301962548_750734396186135_211661349494889329_n\" data-dt-img-description=\"\" data-large_image_width=\"552\" data-large_image_height=\"401\"href='https:\/\/www.radiopiu.net\/wordpress\/wp-content\/uploads\/2022\/09\/301962548_750734396186135_211661349494889329_n.jpg'><img loading=\"lazy\" decoding=\"async\" width=\"150\" height=\"150\" src=\"https:\/\/www.radiopiu.net\/wordpress\/wp-content\/uploads\/2022\/09\/301962548_750734396186135_211661349494889329_n-150x150.jpg\" class=\"attachment-thumbnail size-thumbnail\" alt=\"\" \/><\/a>\n\t\t\t\t<\/dt><\/dl><dl class='gallery-item'>\n\t\t\t\t<dt class='gallery-icon landscape'>\n\t\t\t\t\t<a class=\"rollover rollover-zoom dt-pswp-item\" title=\"304804716_599473681872958_2665651157762900632_n\" data-dt-img-description=\"\" data-large_image_width=\"500\" data-large_image_height=\"403\"href='https:\/\/www.radiopiu.net\/wordpress\/wp-content\/uploads\/2022\/09\/304804716_599473681872958_2665651157762900632_n.jpg'><img loading=\"lazy\" decoding=\"async\" width=\"150\" height=\"150\" src=\"https:\/\/www.radiopiu.net\/wordpress\/wp-content\/uploads\/2022\/09\/304804716_599473681872958_2665651157762900632_n-150x150.jpg\" class=\"attachment-thumbnail size-thumbnail\" alt=\"\" \/><\/a>\n\t\t\t\t<\/dt><\/dl><dl class='gallery-item'>\n\t\t\t\t<dt class='gallery-icon landscape'>\n\t\t\t\t\t<a class=\"rollover rollover-zoom dt-pswp-item\" title=\"300197691_794840248602249_8943042272033413693_n\" data-dt-img-description=\"\" data-large_image_width=\"835\" data-large_image_height=\"403\"href='https:\/\/www.radiopiu.net\/wordpress\/wp-content\/uploads\/2022\/09\/300197691_794840248602249_8943042272033413693_n.jpg'><img loading=\"lazy\" decoding=\"async\" width=\"150\" height=\"150\" src=\"https:\/\/www.radiopiu.net\/wordpress\/wp-content\/uploads\/2022\/09\/300197691_794840248602249_8943042272033413693_n-150x150.jpg\" class=\"attachment-thumbnail size-thumbnail\" alt=\"\" \/><\/a>\n\t\t\t\t<\/dt><\/dl><br style=\"clear: both\" \/><dl class='gallery-item'>\n\t\t\t\t<dt class='gallery-icon portrait'>\n\t\t\t\t\t<a class=\"rollover rollover-zoom dt-pswp-item\" title=\"302097494_488994569324522_5683834940447650936_n\" data-dt-img-description=\"\" data-large_image_width=\"320\" data-large_image_height=\"399\"href='https:\/\/www.radiopiu.net\/wordpress\/wp-content\/uploads\/2022\/09\/302097494_488994569324522_5683834940447650936_n.jpg'><img loading=\"lazy\" decoding=\"async\" width=\"150\" height=\"150\" src=\"https:\/\/www.radiopiu.net\/wordpress\/wp-content\/uploads\/2022\/09\/302097494_488994569324522_5683834940447650936_n-150x150.jpg\" class=\"attachment-thumbnail size-thumbnail\" alt=\"\" \/><\/a>\n\t\t\t\t<\/dt><\/dl><dl class='gallery-item'>\n\t\t\t\t<dt class='gallery-icon landscape'>\n\t\t\t\t\t<a class=\"rollover rollover-zoom dt-pswp-item\" title=\"299904395_569436548296127_6192905214845646755_n\" data-dt-img-description=\"\" data-large_image_width=\"795\" data-large_image_height=\"403\"href='https:\/\/www.radiopiu.net\/wordpress\/wp-content\/uploads\/2022\/09\/299904395_569436548296127_6192905214845646755_n.jpg'><img loading=\"lazy\" decoding=\"async\" width=\"150\" height=\"150\" src=\"https:\/\/www.radiopiu.net\/wordpress\/wp-content\/uploads\/2022\/09\/299904395_569436548296127_6192905214845646755_n-150x150.jpg\" class=\"attachment-thumbnail size-thumbnail\" alt=\"\" \/><\/a>\n\t\t\t\t<\/dt><\/dl><dl class='gallery-item'>\n\t\t\t\t<dt class='gallery-icon portrait'>\n\t\t\t\t\t<a class=\"rollover rollover-zoom dt-pswp-item\" title=\"302070409_1418696525318617_1137226991439684557_n\" data-dt-img-description=\"\" data-large_image_width=\"307\" data-large_image_height=\"414\"href='https:\/\/www.radiopiu.net\/wordpress\/wp-content\/uploads\/2022\/09\/302070409_1418696525318617_1137226991439684557_n.jpg'><img loading=\"lazy\" decoding=\"async\" width=\"150\" height=\"150\" src=\"https:\/\/www.radiopiu.net\/wordpress\/wp-content\/uploads\/2022\/09\/302070409_1418696525318617_1137226991439684557_n-150x150.jpg\" class=\"attachment-thumbnail size-thumbnail\" alt=\"\" \/><\/a>\n\t\t\t\t<\/dt><\/dl><dl class='gallery-item'>\n\t\t\t\t<dt class='gallery-icon portrait'>\n\t\t\t\t\t<a class=\"rollover rollover-zoom dt-pswp-item\" title=\"305172722_1215263929316464_8057192274904987881_n\" data-dt-img-description=\"\" data-large_image_width=\"316\" data-large_image_height=\"403\"href='https:\/\/www.radiopiu.net\/wordpress\/wp-content\/uploads\/2022\/09\/305172722_1215263929316464_8057192274904987881_n.jpg'><img loading=\"lazy\" decoding=\"async\" width=\"150\" height=\"150\" src=\"https:\/\/www.radiopiu.net\/wordpress\/wp-content\/uploads\/2022\/09\/305172722_1215263929316464_8057192274904987881_n-150x150.jpg\" class=\"attachment-thumbnail size-thumbnail\" alt=\"\" \/><\/a>\n\t\t\t\t<\/dt><\/dl><br style=\"clear: both\" \/><dl class='gallery-item'>\n\t\t\t\t<dt class='gallery-icon portrait'>\n\t\t\t\t\t<a class=\"rollover rollover-zoom dt-pswp-item\" title=\"300639308_3467742513473200_3767530805930499752_n\" data-dt-img-description=\"\" data-large_image_width=\"317\" data-large_image_height=\"540\"href='https:\/\/www.radiopiu.net\/wordpress\/wp-content\/uploads\/2022\/09\/300639308_3467742513473200_3767530805930499752_n.jpg'><img loading=\"lazy\" decoding=\"async\" width=\"150\" height=\"150\" src=\"https:\/\/www.radiopiu.net\/wordpress\/wp-content\/uploads\/2022\/09\/300639308_3467742513473200_3767530805930499752_n-150x150.jpg\" class=\"attachment-thumbnail size-thumbnail\" alt=\"\" \/><\/a>\n\t\t\t\t<\/dt><\/dl><dl class='gallery-item'>\n\t\t\t\t<dt class='gallery-icon landscape'>\n\t\t\t\t\t<a class=\"rollover rollover-zoom dt-pswp-item\" title=\"287095199_659404651785744_8964973299195474938_n\" data-dt-img-description=\"\" data-large_image_width=\"628\" data-large_image_height=\"403\"href='https:\/\/www.radiopiu.net\/wordpress\/wp-content\/uploads\/2022\/09\/287095199_659404651785744_8964973299195474938_n.jpg'><img loading=\"lazy\" decoding=\"async\" width=\"150\" height=\"150\" src=\"https:\/\/www.radiopiu.net\/wordpress\/wp-content\/uploads\/2022\/09\/287095199_659404651785744_8964973299195474938_n-150x150.jpg\" class=\"attachment-thumbnail size-thumbnail\" alt=\"\" \/><\/a>\n\t\t\t\t<\/dt><\/dl><dl class='gallery-item'>\n\t\t\t\t<dt class='gallery-icon landscape'>\n\t\t\t\t\t<a class=\"rollover rollover-zoom dt-pswp-item\" title=\"300417893_3184726538455363_6224217298372036900_n\" data-dt-img-description=\"\" data-large_image_width=\"616\" data-large_image_height=\"403\"href='https:\/\/www.radiopiu.net\/wordpress\/wp-content\/uploads\/2022\/09\/300417893_3184726538455363_6224217298372036900_n.jpg'><img loading=\"lazy\" decoding=\"async\" width=\"150\" height=\"150\" src=\"https:\/\/www.radiopiu.net\/wordpress\/wp-content\/uploads\/2022\/09\/300417893_3184726538455363_6224217298372036900_n-150x150.jpg\" class=\"attachment-thumbnail size-thumbnail\" alt=\"\" \/><\/a>\n\t\t\t\t<\/dt><\/dl><dl class='gallery-item'>\n\t\t\t\t<dt class='gallery-icon portrait'>\n\t\t\t\t\t<a class=\"rollover rollover-zoom dt-pswp-item\" title=\"302465429_455003153223574_5278991933497044824_n\" data-dt-img-description=\"\" data-large_image_width=\"300\" data-large_image_height=\"417\"href='https:\/\/www.radiopiu.net\/wordpress\/wp-content\/uploads\/2022\/09\/302465429_455003153223574_5278991933497044824_n.jpg'><img loading=\"lazy\" decoding=\"async\" width=\"150\" height=\"150\" src=\"https:\/\/www.radiopiu.net\/wordpress\/wp-content\/uploads\/2022\/09\/302465429_455003153223574_5278991933497044824_n-150x150.jpg\" class=\"attachment-thumbnail size-thumbnail\" alt=\"\" \/><\/a>\n\t\t\t\t<\/dt><\/dl><br style=\"clear: both\" \/><dl class='gallery-item'>\n\t\t\t\t<dt class='gallery-icon landscape'>\n\t\t\t\t\t<a class=\"rollover rollover-zoom dt-pswp-item\" title=\"301288140_612430993848867_4846788219835130506_n\" data-dt-img-description=\"\" data-large_image_width=\"600\" data-large_image_height=\"402\"href='https:\/\/www.radiopiu.net\/wordpress\/wp-content\/uploads\/2022\/09\/301288140_612430993848867_4846788219835130506_n.jpg'><img loading=\"lazy\" decoding=\"async\" width=\"150\" height=\"150\" src=\"https:\/\/www.radiopiu.net\/wordpress\/wp-content\/uploads\/2022\/09\/301288140_612430993848867_4846788219835130506_n-150x150.jpg\" class=\"attachment-thumbnail size-thumbnail\" alt=\"\" \/><\/a>\n\t\t\t\t<\/dt><\/dl><dl class='gallery-item'>\n\t\t\t\t<dt class='gallery-icon portrait'>\n\t\t\t\t\t<a class=\"rollover rollover-zoom dt-pswp-item\" title=\"300092834_1044818536218931_2779666156507747369_n\" data-dt-img-description=\"\" data-large_image_width=\"320\" data-large_image_height=\"466\"href='https:\/\/www.radiopiu.net\/wordpress\/wp-content\/uploads\/2022\/09\/300092834_1044818536218931_2779666156507747369_n.jpg'><img loading=\"lazy\" decoding=\"async\" width=\"150\" height=\"150\" src=\"https:\/\/www.radiopiu.net\/wordpress\/wp-content\/uploads\/2022\/09\/300092834_1044818536218931_2779666156507747369_n-150x150.jpg\" class=\"attachment-thumbnail size-thumbnail\" alt=\"\" \/><\/a>\n\t\t\t\t<\/dt><\/dl><dl class='gallery-item'>\n\t\t\t\t<dt class='gallery-icon landscape'>\n\t\t\t\t\t<a class=\"rollover rollover-zoom dt-pswp-item\" title=\"302169806_1220855925361132_5227548698770637153_n\" data-dt-img-description=\"\" data-large_image_width=\"600\" data-large_image_height=\"402\"href='https:\/\/www.radiopiu.net\/wordpress\/wp-content\/uploads\/2022\/09\/302169806_1220855925361132_5227548698770637153_n.jpg'><img loading=\"lazy\" decoding=\"async\" width=\"150\" height=\"150\" src=\"https:\/\/www.radiopiu.net\/wordpress\/wp-content\/uploads\/2022\/09\/302169806_1220855925361132_5227548698770637153_n-150x150.jpg\" class=\"attachment-thumbnail size-thumbnail\" alt=\"\" \/><\/a>\n\t\t\t\t<\/dt><\/dl><dl class='gallery-item'>\n\t\t\t\t<dt class='gallery-icon portrait'>\n\t\t\t\t\t<a class=\"rollover rollover-zoom dt-pswp-item\" title=\"301538505_450618677090849_7982036459611418171_n\" data-dt-img-description=\"\" data-large_image_width=\"311\" data-large_image_height=\"403\"href='https:\/\/www.radiopiu.net\/wordpress\/wp-content\/uploads\/2022\/09\/301538505_450618677090849_7982036459611418171_n.jpg'><img loading=\"lazy\" decoding=\"async\" width=\"150\" height=\"150\" src=\"https:\/\/www.radiopiu.net\/wordpress\/wp-content\/uploads\/2022\/09\/301538505_450618677090849_7982036459611418171_n-150x150.jpg\" class=\"attachment-thumbnail size-thumbnail\" alt=\"\" \/><\/a>\n\t\t\t\t<\/dt><\/dl><br style=\"clear: both\" \/>\n\t\t\t<\/div>\n\n<p>&nbsp;<\/p>\n<p>NELLE FOTO (riproduzioni da libro \u201cMalgari e pascoli. L\u2019alpeggio nella provincia di Belluno\u201d riferibili al 1991, immagini di Adolfo Malacarne e Marco Rech, tutti i disegni di Patrizia Pizzolotto): una vacca di razza bigia (archivio Irab); malga Le Ei in comune di Lamon: Giovanni Da Rugna e Rosa Resenterra intenti alla mungitura; \u201csed\u00e8l\u201d, il secchio di legno usato per la mungitura (collezione Museo etnografico provinciale di Cesiomaggiore); \u201ccol da lat\u201d in legno, usato per filtrare il latte appena munto (collezione Museo provinciale delle tradizioni popolari di Cesiomaggiore); la filtratura del latte sul massiccio del Grappa; tessera incisa su un bacchetto di nocciolo per segnare la quantit\u00e0 di latte prestato; la panna affiorata viene staccata e trattenuta con uno scopino, l\u2019operazione \u00e8 definita \u201csmald\u00e0r\u201d, siamo a Bocchette di Cima Grappa); Bocchette: panna lavorata col \u201cburcio\u201d o pigna, per ottenere il burro; centrifugazione della panna con la zangola: il burro una volta estratto viene lavorato con le mani per togliere il siero, evitando che irrancidisca, malga Le Ei di Lamon; strumenti rompicagliata definiti gioia o spin quelli di legno, viol\u00ecn, chit\u00e0ra o \u201ctaiatenza\u201d quello in ferro (collezione Museo Cesiomaggiore); Giovanni Da Rugna \u201cNane Pierolo\u201d, mescola la cagliata aiutandosi anche con le mani, quindi il formaggio viene pressato nei \u201csc\u00e0toi\u201d, fasce di legno senza fondi e messo a scolare su un apposito piatto inclinato: siamo a Malga Le Ei di Lamon; Rosa Resenterra controlla le forme di formaggio messe a stagionare su assi di legno nel \u201ccaser\u00ecn\u201d di Mala Le Ei: il malgaro Carlo Simioni.<\/p>\n<p>&nbsp;<\/p>\n<p>&nbsp;<\/p>\n<hr \/>\n<p>&nbsp;<\/p>\n<h2><span style=\"color: #ff0000;\">IERI ALLA RADIO<\/span><\/h2>\n<h2><strong><a class=\"dt-pswp-item\" href=\"https:\/\/www.radiopiu.net\/wordpress\/wp-content\/uploads\/2020\/12\/DON-GIORGIO-LISE.jpg\" data-dt-img-description=\"\" data-large_image_width=\"1600\" data-large_image_height=\"901\"><img loading=\"lazy\" decoding=\"async\" class=\"size-thumbnail wp-image-177420 alignleft\" src=\"https:\/\/www.radiopiu.net\/wordpress\/wp-content\/uploads\/2020\/12\/DON-GIORGIO-LISE-150x150.jpg\" alt=\"\" width=\"150\" height=\"150\" \/><\/a><\/strong><span style=\"color: #666699;\">DUE MINUTI PER TE<\/span><\/h2>\n<p><strong>APPUNTAMENTO DELLA DOMENICA CON MONSIGNOR GIORGIO LISE<\/strong><\/p>\n<audio class=\"wp-audio-shortcode\" id=\"audio-295646-6\" preload=\"none\" style=\"width: 100%;\" controls=\"controls\"><source type=\"audio\/mpeg\" src=\"https:\/\/www.radiopiu.net\/wordpress\/wp-content\/uploads\/2022\/09\/DON-GIORGIO.mp3?_=6\" \/><a href=\"https:\/\/www.radiopiu.net\/wordpress\/wp-content\/uploads\/2022\/09\/DON-GIORGIO.mp3\">https:\/\/www.radiopiu.net\/wordpress\/wp-content\/uploads\/2022\/09\/DON-GIORGIO.mp3<\/a><\/audio>\n<p>&nbsp;<\/p>\n<hr \/>\n<p>&nbsp;<\/p>\n<h2><strong><a class=\"dt-pswp-item\" href=\"https:\/\/www.radiopiu.net\/wordpress\/wp-content\/uploads\/2022\/05\/DON-VITO-DE-VIDO.jpg\" data-dt-img-description=\"\" data-large_image_width=\"550\" data-large_image_height=\"828\"><img loading=\"lazy\" decoding=\"async\" class=\"size-thumbnail wp-image-275816 alignleft\" src=\"https:\/\/www.radiopiu.net\/wordpress\/wp-content\/uploads\/2022\/05\/DON-VITO-DE-VIDO-150x150.jpg\" alt=\"\" width=\"150\" height=\"150\" \/><\/a><span style=\"color: #ff00ff;\">LA RASSEGNA STAMPA DA L&#8217;AMICO DEL POPOLO<\/span><\/strong><\/h2>\n<p><strong>di Gianni Santomaso<\/strong><\/p>\n<p>OSPITE: Don Vito De Vido<\/p>\n<audio class=\"wp-audio-shortcode\" id=\"audio-295646-7\" preload=\"none\" style=\"width: 100%;\" controls=\"controls\"><source type=\"audio\/mpeg\" src=\"https:\/\/www.radiopiu.net\/wordpress\/wp-content\/uploads\/2022\/09\/RASSEGNA-GIANNI.mp3?_=7\" \/><a href=\"https:\/\/www.radiopiu.net\/wordpress\/wp-content\/uploads\/2022\/09\/RASSEGNA-GIANNI.mp3\">https:\/\/www.radiopiu.net\/wordpress\/wp-content\/uploads\/2022\/09\/RASSEGNA-GIANNI.mp3<\/a><\/audio>\n<p>&nbsp;<\/p>\n<hr \/>\n<p>&nbsp;<\/p>\n<div>\n<div class=\"b654a4as d2edcug0\">\n<div class=\"rq0escxv hkbzh7o3 jwdofwj8 n8tt0mok r8blr3vg hyh9befq\">\n<p><a class=\"dt-pswp-item\" href=\"https:\/\/www.radiopiu.net\/wordpress\/wp-content\/uploads\/2020\/10\/pp.jpg\" data-dt-img-description=\"\" data-large_image_width=\"640\" data-large_image_height=\"640\"><img loading=\"lazy\" decoding=\"async\" class=\"wp-image-163678 alignleft\" src=\"https:\/\/www.radiopiu.net\/wordpress\/wp-content\/uploads\/2020\/10\/pp-300x300.jpg\" alt=\"\" width=\"106\" height=\"106\" srcset=\"https:\/\/www.radiopiu.net\/wordpress\/wp-content\/uploads\/2020\/10\/pp-300x300.jpg 300w, https:\/\/www.radiopiu.net\/wordpress\/wp-content\/uploads\/2020\/10\/pp-150x150.jpg 150w, https:\/\/www.radiopiu.net\/wordpress\/wp-content\/uploads\/2020\/10\/pp-125x125.jpg 125w, https:\/\/www.radiopiu.net\/wordpress\/wp-content\/uploads\/2020\/10\/pp-200x200.jpg 200w, https:\/\/www.radiopiu.net\/wordpress\/wp-content\/uploads\/2020\/10\/pp-80x80.jpg 80w, https:\/\/www.radiopiu.net\/wordpress\/wp-content\/uploads\/2020\/10\/pp-480x480.jpg 480w, https:\/\/www.radiopiu.net\/wordpress\/wp-content\/uploads\/2020\/10\/pp.jpg 640w\" sizes=\"auto, (max-width: 106px) 100vw, 106px\" \/><\/a><\/p>\n<\/div>\n<\/div>\n<\/div>\n<div>\n<div class=\"page-title-head hgroup\">\n<div class=\"page-title-head hgroup\">\n<div class=\"b654a4as d2edcug0\">\n<div class=\"j83agx80 btwxx1t3 lhclo0ds hop8lmos nkwizq5d scwd0bx6 roh60bw9\">\n<div class=\"rq0escxv hkbzh7o3 jwdofwj8 n8tt0mok r8blr3vg hyh9befq\">\n<div class=\"do00u71z l9j0dhe7 k4urcfbm\">\n<h2><span style=\"color: #000080;\">DON CESARE, IL PENSIERO DEL GIORNO. ALLA RADIO ALLE 7 DEL MATTINO E ALLE 19.30 DELLA SERA.\u00a0<\/span><\/h2>\n<\/div>\n<\/div>\n<\/div>\n<\/div>\n<\/div>\n<\/div>\n<\/div>\n<div class=\"do00u71z l9j0dhe7 k4urcfbm\">\n<div class=\"page-title-head hgroup\">\n<div class=\"page-title-head hgroup\">\n<div class=\"b654a4as d2edcug0\">\n<div class=\"j83agx80 btwxx1t3 lhclo0ds hop8lmos nkwizq5d scwd0bx6 roh60bw9\">\n<div class=\"rq0escxv hkbzh7o3 jwdofwj8 n8tt0mok r8blr3vg hyh9befq\">\n<div class=\"do00u71z l9j0dhe7 k4urcfbm\">\n<div class=\"page-title-head hgroup\">\n<div class=\"page-title-head hgroup\">\n<div class=\"b654a4as d2edcug0\">\n<div class=\"j83agx80 btwxx1t3 lhclo0ds hop8lmos nkwizq5d scwd0bx6 roh60bw9\">\n<div class=\"rq0escxv hkbzh7o3 jwdofwj8 n8tt0mok r8blr3vg hyh9befq\">\n<div class=\"do00u71z l9j0dhe7 k4urcfbm\">\n<div class=\"ecm0bbzt e5nlhep0 a8c37x1j\">\n<div class=\"kvgmc6g5 cxmmr5t8 oygrvhab hcukyx3x c1et5uql\">\n<div class=\"gmail-kvgmc6g5 gmail-cxmmr5t8 gmail-oygrvhab gmail-hcukyx3x gmail-c1et5uql gmail-ii04i59q\">\n<div class=\"page-title-head hgroup\">\n<div class=\"page-title-head hgroup\">\n<div class=\"b654a4as d2edcug0\">\n<div class=\"j83agx80 btwxx1t3 lhclo0ds hop8lmos nkwizq5d scwd0bx6 roh60bw9\">\n<div class=\"rq0escxv hkbzh7o3 jwdofwj8 n8tt0mok r8blr3vg hyh9befq\">\n<div class=\"do00u71z l9j0dhe7 k4urcfbm\">\n<div class=\"page-title-head hgroup\">\n<div class=\"page-title-head hgroup\">\n<div class=\"b654a4as d2edcug0\">\n<div class=\"j83agx80 btwxx1t3 lhclo0ds hop8lmos nkwizq5d scwd0bx6 roh60bw9\">\n<div class=\"rq0escxv hkbzh7o3 jwdofwj8 n8tt0mok r8blr3vg hyh9befq\">\n<div class=\"do00u71z l9j0dhe7 k4urcfbm\">\n<div class=\"page-title-head hgroup\">\n<div class=\"page-title-head hgroup\">\n<div class=\"b654a4as d2edcug0\">\n<div class=\"j83agx80 btwxx1t3 lhclo0ds hop8lmos nkwizq5d scwd0bx6 roh60bw9\">\n<div class=\"rq0escxv hkbzh7o3 jwdofwj8 n8tt0mok r8blr3vg hyh9befq\">\n<div class=\"do00u71z l9j0dhe7 k4urcfbm\">\n<div class=\"ecm0bbzt e5nlhep0 a8c37x1j\">\n<div class=\"kvgmc6g5 cxmmr5t8 oygrvhab hcukyx3x c1et5uql\">\n<div class=\"gmail-kvgmc6g5 gmail-cxmmr5t8 gmail-oygrvhab gmail-hcukyx3x gmail-c1et5uql gmail-ii04i59q\">\n<div class=\"page-title-head hgroup\">\n<div class=\"page-title-head hgroup\">\n<div class=\"b654a4as d2edcug0\">\n<div class=\"j83agx80 btwxx1t3 lhclo0ds hop8lmos nkwizq5d scwd0bx6 roh60bw9\">\n<div class=\"rq0escxv hkbzh7o3 jwdofwj8 n8tt0mok r8blr3vg hyh9befq\">\n<div class=\"do00u71z l9j0dhe7 k4urcfbm\">\n<audio class=\"wp-audio-shortcode\" id=\"audio-295646-8\" preload=\"none\" style=\"width: 100%;\" controls=\"controls\"><source type=\"audio\/mpeg\" src=\"https:\/\/www.radiopiu.net\/wordpress\/wp-content\/uploads\/2022\/09\/CESARE-3.mp3?_=8\" \/><a href=\"https:\/\/www.radiopiu.net\/wordpress\/wp-content\/uploads\/2022\/09\/CESARE-3.mp3\">https:\/\/www.radiopiu.net\/wordpress\/wp-content\/uploads\/2022\/09\/CESARE-3.mp3<\/a><\/audio>\n<p>&nbsp;<\/p>\n<hr \/>\n<p>&nbsp;<\/p>\n<p><span style=\"color: #0000ff;\">MUSICA PIU&#8217;\u00a0<\/span><\/p>\n<p><a href=\"https:\/\/www.radiopiu.net\/wordpress\/giornale-radiopiu-20-settembre-2021-direttore-mirko-mezzacasa\/pp-79\/\" rel=\"attachment wp-att-232921\"><img loading=\"lazy\" decoding=\"async\" class=\"wp-image-232921 alignleft\" src=\"https:\/\/www.radiopiu.net\/wordpress\/wp-content\/uploads\/2021\/09\/pp-1-300x300.jpg\" alt=\"\" width=\"135\" height=\"135\" srcset=\"https:\/\/www.radiopiu.net\/wordpress\/wp-content\/uploads\/2021\/09\/pp-1-300x300.jpg 300w, https:\/\/www.radiopiu.net\/wordpress\/wp-content\/uploads\/2021\/09\/pp-1-150x150.jpg 150w, https:\/\/www.radiopiu.net\/wordpress\/wp-content\/uploads\/2021\/09\/pp-1.jpg 640w\" sizes=\"auto, (max-width: 135px) 100vw, 135px\" \/><\/a><\/p>\n<div class=\"mkdf-post-text\">\n<div class=\"mkdf-post-text-inner\">\n<div class=\"mkdf-post-text-main\">\n<div class=\"mkdf-post-text\">\n<div class=\"mkdf-post-text-inner\">\n<div class=\"mkdf-post-text-main\">\n<div class=\"mkdf-post-text\">\n<div class=\"mkdf-post-text-inner\">\n<div class=\"mkdf-post-text-main\">\n<div class=\"page-title-head hgroup\">\n<div class=\"page-title-head hgroup\">\n<div class=\"mkdf-post-text\">\n<div class=\"mkdf-post-text-inner\">\n<div class=\"mkdf-post-text-main\">\n<div class=\"mkdf-post-text\">\n<div class=\"mkdf-post-text-inner\">\n<div class=\"mkdf-post-text-main\">\n<div class=\"page-title-head hgroup\">\n<div class=\"page-title-head hgroup\">\n<div class=\"page-title-head hgroup\">\n<div class=\"page-title-head hgroup\">\n<div class=\"b654a4as d2edcug0\">\n<div class=\"page-title-head hgroup\">\n<div class=\"page-title-head hgroup\">\n<div class=\"page-title-head hgroup\">\n<div class=\"page-title-head hgroup\">\n<div class=\"b654a4as d2edcug0\">\n<div class=\"page-title-head hgroup\">\n<div class=\"page-title-head hgroup\">\n<div class=\"page-title-head hgroup\">\n<div class=\"page-title-head hgroup\">\n<div class=\"b654a4as d2edcug0\">\n<div class=\"mkdf-post-text\">\n<div class=\"mkdf-post-text-inner\">\n<div class=\"mkdf-post-text-main\">\n<div class=\"mkdf-post-text\">\n<div class=\"mkdf-post-text-inner\">\n<div class=\"mkdf-post-text-main\">\n<div class=\"mkdf-post-text\">\n<div class=\"mkdf-post-text-inner\">\n<div class=\"mkdf-post-text-main\">\n<div class=\"page-title-head hgroup\">\n<div class=\"page-title-head hgroup\">\n<div class=\"mkdf-post-text\">\n<div class=\"mkdf-post-text-inner\">\n<div class=\"mkdf-post-text-main\">\n<div class=\"mkdf-post-text\">\n<div class=\"mkdf-post-text-inner\">\n<div class=\"mkdf-post-text-main\">\n<div class=\"page-title-head hgroup\">\n<div class=\"page-title-head hgroup\">\n<div class=\"page-title-head hgroup\">\n<div class=\"page-title-head hgroup\">\n<div class=\"b654a4as d2edcug0\">\n<div class=\"page-title-head hgroup\">\n<div class=\"page-title-head hgroup\">\n<div class=\"page-title-head hgroup\">\n<div class=\"page-title-head hgroup\">\n<div class=\"b654a4as d2edcug0\">\n<div class=\"page-title-head hgroup\">\n<div class=\"page-title-head hgroup\">\n<div class=\"page-title-head hgroup\">\n<div class=\"page-title-head hgroup\">\n<div class=\"b654a4as d2edcug0\">\n<div><\/div>\n<div><\/div>\n<div>\n<p><strong>MUSICA ALLA RADIO, IL PROGRAMMA DI LORIS SCUSSEL &#8220;COLLAGE OPERAZIONE NOSTALGIA&#8221; DAL LUNEDI AL VENERDI ALLE 16.00\u00a0 E ALLE 23\u00a0<\/strong><\/p>\n<\/div>\n<\/div>\n<p>&nbsp;<\/p>\n<\/div>\n<\/div>\n<\/div>\n<\/div>\n<\/div>\n<\/div>\n<\/div>\n<\/div>\n<\/div>\n<\/div>\n<\/div>\n<\/div>\n<\/div>\n<\/div>\n<\/div>\n<\/div>\n<\/div>\n<\/div>\n<\/div>\n<\/div>\n<\/div>\n<\/div>\n<\/div>\n<\/div>\n<\/div>\n<\/div>\n<\/div>\n<\/div>\n<\/div>\n<\/div>\n<\/div>\n<\/div>\n<\/div>\n<\/div>\n<\/div>\n<\/div>\n<\/div>\n<\/div>\n<\/div>\n<\/div>\n<\/div>\n<\/div>\n<\/div>\n<\/div>\n<\/div>\n<\/div>\n<\/div>\n<\/div>\n<\/div>\n<\/div>\n<\/div>\n<\/div>\n<\/div>\n<\/div>\n<\/div>\n<\/div>\n<\/div>\n<\/div>\n<\/div>\n<\/div>\n<\/div>\n<\/div>\n<\/div>\n<div>\n<div class=\"page-title-head hgroup\">\n<div class=\"page-title-head hgroup\">\n<div class=\"page-title-head hgroup\">\n<div class=\"page-title-head hgroup\">\n<div class=\"b654a4as d2edcug0\">\n<div class=\"page-title-head hgroup\">\n<div class=\"page-title-head hgroup\">\n<div class=\"page-title-head hgroup\">\n<div class=\"page-title-head hgroup\">\n<div class=\"b654a4as d2edcug0\">\n<div class=\"page-title-head hgroup\">\n<div class=\"page-title-head hgroup\">\n<div class=\"page-title-head hgroup\">\n<div class=\"page-title-head hgroup\">\n<div class=\"page-title-head hgroup\">\n<div class=\"page-title-head hgroup\">\n<div class=\"page-title-head hgroup\">\n<div class=\"page-title-head hgroup\">\n<div class=\"page-title-head hgroup\">\n<div class=\"b654a4as d2edcug0\">\n<div class=\"page-title-head hgroup\">\n<div class=\"page-title-head hgroup\">\n<div class=\"page-title-head hgroup\">\n<div class=\"page-title-head hgroup\">\n<div class=\"b654a4as d2edcug0\">\n<div class=\"page-title-head hgroup\">\n<div class=\"page-title-head hgroup\">\n<div class=\"page-title-head hgroup\">\n<div class=\"page-title-head hgroup\">\n<div class=\"page-title-head hgroup\">\n<div class=\"mkdf-post-text\">\n<div class=\"mkdf-post-text-inner\">\n<div class=\"mkdf-post-text-main\">\n<div class=\"mkdf-post-text\">\n<div class=\"mkdf-post-text-inner\">\n<div class=\"mkdf-post-text-main\">\n<div class=\"mkdf-post-text\">\n<div class=\"mkdf-post-text-inner\">\n<div class=\"mkdf-post-text-main\">\n<div class=\"page-title-head hgroup\">\n<div class=\"page-title-head hgroup\">\n<div class=\"mkdf-post-text\">\n<div class=\"mkdf-post-text-inner\">\n<div class=\"mkdf-post-text-main\">\n<div class=\"mkdf-post-text\">\n<div class=\"mkdf-post-text-inner\">\n<div class=\"mkdf-post-text-main\">\n<div class=\"page-title-head hgroup\">\n<div class=\"page-title-head hgroup\">\n<div class=\"page-title-head hgroup\">\n<div class=\"page-title-head hgroup\">\n<div class=\"b654a4as d2edcug0\">\n<div class=\"page-title-head hgroup\">\n<div class=\"page-title-head hgroup\">\n<div class=\"page-title-head hgroup\">\n<div class=\"page-title-head hgroup\">\n<div class=\"b654a4as d2edcug0\">\n<div class=\"page-title-head hgroup\">\n<div class=\"page-title-head hgroup\">\n<div class=\"page-title-head hgroup\">\n<p>&nbsp;<\/p>\n<p>&nbsp;<\/p>\n<p>&nbsp;<\/p>\n<hr \/>\n<p>&nbsp;<\/p>\n<p><a class=\"dt-pswp-item\" href=\"https:\/\/www.radiopiu.net\/wordpress\/wp-content\/uploads\/2018\/09\/WhatsApp-Image-2018-09-20-at-16.04.06.jpeg\" data-dt-img-description=\"\" data-large_image_width=\"800\" data-large_image_height=\"100\"><img loading=\"lazy\" decoding=\"async\" class=\"aligncenter wp-image-61378 size-full\" src=\"https:\/\/www.radiopiu.net\/wordpress\/wp-content\/uploads\/2018\/09\/WhatsApp-Image-2018-09-20-at-16.04.06.jpeg\" alt=\"\" width=\"800\" height=\"100\" srcset=\"https:\/\/www.radiopiu.net\/wordpress\/wp-content\/uploads\/2018\/09\/WhatsApp-Image-2018-09-20-at-16.04.06.jpeg 800w, https:\/\/www.radiopiu.net\/wordpress\/wp-content\/uploads\/2018\/09\/WhatsApp-Image-2018-09-20-at-16.04.06-300x38.jpeg 300w, https:\/\/www.radiopiu.net\/wordpress\/wp-content\/uploads\/2018\/09\/WhatsApp-Image-2018-09-20-at-16.04.06-768x96.jpeg 768w\" sizes=\"auto, (max-width: 800px) 100vw, 800px\" \/><\/a><\/p>\n<p>&nbsp;<\/p>\n<p><center><b>Lunedi 5<\/b><\/center><b>Tempo atteso: <\/b>Al mattino sole con cielo sereno o poco nuvoloso per temporaneo transito di cirri (sottili nubi alte). Al pomeriggio modesta attivit\u00e0 cumuliforme, generalmente senza fenomeni. Alla sera non esclusa una crescente nuvolosit\u00e0 medio-alta. Il contesto termico diurno continuer\u00e0 a essere gradevole nei settori pi\u00f9 assolati.<br \/>\n<b>Precipitazioni: <\/b>Assenti (0%), senza poter escludere del tutto qualche locale piovasco nelle ore pi\u00f9 calde (10%).<br \/>\n<b>Temperature: <\/b>Minime senza notevoli variazioni o in leggero rialzo in quota; massime in ulteriore lieve aumento, previste punte di 26\/28\u00b0C nei fondovalle prealpini e di 21\/24\u00b0C a 1000-1200 m. Su Prealpi a 1500 m min 11\u00b0C, max 17\u00b0C; a 2000 m min 9\u00b0C, max 14\u00b0C. Su Dolomiti a 2000 m min 8\u00b0C, max 15\u00b0C; a 3000 m min 3\u00b0C, max 5\u00b0C.<br \/>\n<b>Venti: <\/b>Nelle valli perlopi\u00f9 deboli a regime di brezza, localmente e a tratti moderati durante le ore pi\u00f9 calde; in quota deboli sud-occidentali nottetempo, poi in rotazione da ovest nord-ovest, a 5-10 km\/h a 2000 m e 5-15 km\/h a 3000 m.<\/p>\n<hr \/>\n<p><center><b>Martedi 6<\/b><\/center><b>Tempo atteso: <\/b>Al mattino da soleggiato a parzialmente soleggiato per il transito velature del cielo per nubi alte. Al pomeriggio riduzione del soleggiamento per attivit\u00e0 cumuliforme, un po&#8217; pi\u00f9 presente rispetto ai giorni precedenti e localmente associata a qualche fenomeno convettivo di limitata estensione spazio-temporale. La mitezza termica riacquisita nei dei giorni precedenti persister\u00e0, potrebbe addirittura accentuarsi nei settori pi\u00f9 assolati.<br \/>\n<b>Precipitazioni: <\/b>Al mattino assenti (0%). Al pomeriggio probabili locali rovesci (20-40%) e occasionali temporali (20%).<br \/>\n<b>Temperature: <\/b>In ulteriore generale lieve aumento, anche le massime nonostante il minore soleggiamento rispetto a luned\u00ec. Su Prealpi a 1500 m min 14\u00b0C, max 18\u00b0C; a 2000 m min 11\u00b0C, max 15\u00b0C. Su Dolomiti a 2000 m min 10\u00b0C, max 16\u00b0C; a 3000 m min 4\u00b0C, max 6\u00b0C.<br \/>\n<b>Venti: <\/b>Nelle valli perlopi\u00f9 deboli a regime di brezza, localmente e a tratti moderati durante le ore pi\u00f9 calde; in quota deboli\/moderati dai quadranti occidentali, a 5-10 km\/h a 2000 m e 5-20 km\/h a 3000 m.<\/p>\n<hr \/>\n<p><center><b>Mercoledi 7<\/b><\/center>Al mattino tempo ancora discreto con iniziali tratti soleggiati e successivo incremento delle velature del cielo, prima dell&#8217;arrivo di una maggiore nuvolosit\u00e0 alta entro le ore centrali. Al pomeriggio ulteriore intensificazione della nuvolosit\u00e0, anche per attivit\u00e0 cumuliforme, la quale sar\u00e0 associata a rovesci sparsi e locali temporali. Temperature minime in aumento e massime in contenuta flessione. Nelle valli venti deboli di direzione variabile, in quota moderati da sud-ovest.<\/p>\n<hr \/>\n<p><center><b>Giovedi 8<\/b><\/center>Tempo variabile\/instabile, con cielo da molto nuvoloso a coperto e alta probabilit\u00e0 di precipitazioni intermittenti, anche a carattere di rovescio o di temporale. Temperature in generale leggera flessione. Nelle valli venti deboli di direzione variabile, salvo temporanei rinforzi nei settori esposti ai quadranti meridionali; in quota moderati\/tesi da sud-ovest al mattino, poi in attenuazione ruotando da ovest. Previsore: R.L.Th.<\/p>\n<p>&nbsp;<\/p>\n<hr \/>\n<p>&nbsp;<\/p>\n<p><a href=\"https:\/\/www.radiopiu.net\/wordpress\/giornale-radiopiu-26-settembre-2018-direttore-mirko-mezzacasa\/viabilita-2\/\" rel=\"attachment wp-att-61954\"><img loading=\"lazy\" decoding=\"async\" class=\"aligncenter wp-image-61954 size-full\" src=\"https:\/\/www.radiopiu.net\/wordpress\/wp-content\/uploads\/2018\/09\/viabilita.jpeg\" sizes=\"auto, (max-width: 800px) 100vw, 800px\" srcset=\"https:\/\/www.radiopiu.net\/wordpress\/wp-content\/uploads\/2018\/09\/viabilita.jpeg 800w, https:\/\/www.radiopiu.net\/wordpress\/wp-content\/uploads\/2018\/09\/viabilita-300x38.jpeg 300w, https:\/\/www.radiopiu.net\/wordpress\/wp-content\/uploads\/2018\/09\/viabilita-768x96.jpeg 768w\" alt=\"\" width=\"800\" height=\"100\" \/><\/a><\/p>\n<blockquote>\n<h3><\/h3>\n<h3>GALLERIA DI SEGUSINO CHIUSA PER 4 MESI<\/h3>\n<\/blockquote>\n<p><strong><a class=\"dt-pswp-item\" href=\"https:\/\/www.radiopiu.net\/wordpress\/wp-content\/uploads\/2020\/05\/VENETO-STRADE.png\" data-dt-img-description=\"\" data-large_image_width=\"400\" data-large_image_height=\"400\"><img loading=\"lazy\" decoding=\"async\" class=\" wp-image-135574 alignleft\" src=\"https:\/\/www.radiopiu.net\/wordpress\/wp-content\/uploads\/2020\/05\/VENETO-STRADE-150x150.png\" alt=\"\" width=\"102\" height=\"102\" srcset=\"https:\/\/www.radiopiu.net\/wordpress\/wp-content\/uploads\/2020\/05\/VENETO-STRADE-150x150.png 150w, https:\/\/www.radiopiu.net\/wordpress\/wp-content\/uploads\/2020\/05\/VENETO-STRADE-300x300.png 300w, https:\/\/www.radiopiu.net\/wordpress\/wp-content\/uploads\/2020\/05\/VENETO-STRADE.png 400w\" sizes=\"auto, (max-width: 102px) 100vw, 102px\" \/><\/a><\/strong><\/p>\n<p><strong>\u00a0<\/strong><\/p>\n<p><strong>SEGUSINO<\/strong> Fino al 4 novembre, compresi sabati domeniche e festivi infrasettimanali, un&#8217;interdizione totale al transito per l&#8217;intera tratta della galleria di Segusino in seguito a dei lavori per messa in sicurezza della condotta acquedottistica<\/p>\n<p><b>\u00a0<\/b><\/p>\n<p>&nbsp;<\/p>\n<blockquote class=\"wp-embedded-content\" data-secret=\"gyMhFdEe8a\"><p><a href=\"https:\/\/www.radiopiu.net\/wordpress\/viabilita\/\">viabilita<\/a><\/p><\/blockquote>\n<p><iframe loading=\"lazy\" class=\"wp-embedded-content\" sandbox=\"allow-scripts\" security=\"restricted\" style=\"position: absolute; clip: rect(1px, 1px, 1px, 1px);\" title=\"&#8220;viabilita&#8221; &#8212; Radio Pi\u00f9\" src=\"https:\/\/www.radiopiu.net\/wordpress\/viabilita\/embed\/#?secret=XYWZ2BRpM0#?secret=gyMhFdEe8a\" data-secret=\"gyMhFdEe8a\" width=\"600\" height=\"338\" frameborder=\"0\" marginwidth=\"0\" marginheight=\"0\" scrolling=\"no\"><\/iframe><\/p>\n<p>&nbsp;<\/p>\n<hr \/>\n<p>&nbsp;<\/p>\n<p>&nbsp;<\/p>\n<p><img loading=\"lazy\" decoding=\"async\" class=\"wp-image-60761 size-full aligncenter\" src=\"https:\/\/www.radiopiu.net\/wordpress\/wp-content\/uploads\/2018\/09\/sport.jpg\" alt=\"\" width=\"800\" height=\"100\" srcset=\"https:\/\/www.radiopiu.net\/wordpress\/wp-content\/uploads\/2018\/09\/sport.jpg 800w, https:\/\/www.radiopiu.net\/wordpress\/wp-content\/uploads\/2018\/09\/sport-300x38.jpg 300w, https:\/\/www.radiopiu.net\/wordpress\/wp-content\/uploads\/2018\/09\/sport-768x96.jpg 768w\" sizes=\"auto, (max-width: 800px) 100vw, 800px\" \/><\/p>\n<\/div>\n<\/div>\n<\/div>\n<div class=\"page-title-head hgroup\">\n<div class=\"page-title-head hgroup\">\n<p>&nbsp;<\/p>\n<p><span style=\"color: #0000ff;\"><strong>CALCIO<\/strong><\/span><\/p>\n<blockquote>\n<h3>SECONDA SCONFITTA PER L&#8217;AGORDINA IN COPPA VENETO<\/h3>\n<\/blockquote>\n<p><strong><a class=\"dt-pswp-item\" href=\"https:\/\/www.radiopiu.net\/wordpress\/wp-content\/uploads\/2019\/06\/CALCIO-2019.jpg\" data-dt-img-description=\"\" data-large_image_width=\"624\" data-large_image_height=\"351\"><img loading=\"lazy\" decoding=\"async\" class=\"size-thumbnail wp-image-88853 alignleft\" src=\"https:\/\/www.radiopiu.net\/wordpress\/wp-content\/uploads\/2019\/06\/CALCIO-2019-150x150.jpg\" alt=\"\" width=\"150\" height=\"150\" \/><\/a>AGORDINA &#8211; SOSPIROLESE 2-4 (Gol Agordina: Zannoni (R), Case)<\/strong><\/p>\n<p><strong>AGORDO<\/strong> Seconda sconfitta consecutiva per l&#8217;Agordina di Marco Lorenzi che perde con la Sospirolese nella seconda partita di Coppa Veneto. Una sconfitta che brucia visto che la squadra di Agordo in questo momento non ha pi\u00f9 nessuna possibilit\u00e0 di accedere alla fase sucessiva della competizione. Due partite e zero punti, sicuramente un inizio di stagione da dimenticare in fretta per i ragazzi di Agordo. La Sospirolese fa la voce grossa e dopo 37&#8242; si trova in vantaggio per 3 a 0. L&#8217;Agordina risponde con Zannoni al 40&#8242; accorciando le distanze su calcio di rigore. Nella ripresa la squadra di Sospirolo cala il poker e a 10&#8242; dal termine arriva la seconda marcatura per la squadra di Agordo a firma di Case.<\/p>\n<p>&nbsp;<\/p>\n<blockquote>\n<h3>LE 100 GARE DI MOMO IBRAHIM CON LA MAGLIA DEL FIORI BARP<\/h3>\n<\/blockquote>\n<p><strong><a class=\"dt-pswp-item\" href=\"https:\/\/www.radiopiu.net\/wordpress\/wp-content\/uploads\/2022\/09\/c4fbe214-d464-400b-8706-2c5848d4d13a.jpg\" data-dt-img-description=\"\" data-large_image_width=\"1440\" data-large_image_height=\"1440\"><img loading=\"lazy\" decoding=\"async\" class=\"size-thumbnail wp-image-295824 alignleft\" src=\"https:\/\/www.radiopiu.net\/wordpress\/wp-content\/uploads\/2022\/09\/c4fbe214-d464-400b-8706-2c5848d4d13a-150x150.jpg\" alt=\"\" width=\"150\" height=\"150\" srcset=\"https:\/\/www.radiopiu.net\/wordpress\/wp-content\/uploads\/2022\/09\/c4fbe214-d464-400b-8706-2c5848d4d13a-150x150.jpg 150w, https:\/\/www.radiopiu.net\/wordpress\/wp-content\/uploads\/2022\/09\/c4fbe214-d464-400b-8706-2c5848d4d13a-300x300.jpg 300w, https:\/\/www.radiopiu.net\/wordpress\/wp-content\/uploads\/2022\/09\/c4fbe214-d464-400b-8706-2c5848d4d13a-1024x1024.jpg 1024w, https:\/\/www.radiopiu.net\/wordpress\/wp-content\/uploads\/2022\/09\/c4fbe214-d464-400b-8706-2c5848d4d13a-768x768.jpg 768w, https:\/\/www.radiopiu.net\/wordpress\/wp-content\/uploads\/2022\/09\/c4fbe214-d464-400b-8706-2c5848d4d13a.jpg 1440w\" sizes=\"auto, (max-width: 150px) 100vw, 150px\" \/><\/a>SEDICO<\/strong><\/p>\n<p>di Roberto Bona<\/p>\n<audio class=\"wp-audio-shortcode\" id=\"audio-295646-9\" preload=\"none\" style=\"width: 100%;\" controls=\"controls\"><source type=\"audio\/mpeg\" src=\"https:\/\/www.radiopiu.net\/wordpress\/wp-content\/uploads\/2022\/09\/BONA-FIORI-BARP.mp3?_=9\" \/><a href=\"https:\/\/www.radiopiu.net\/wordpress\/wp-content\/uploads\/2022\/09\/BONA-FIORI-BARP.mp3\">https:\/\/www.radiopiu.net\/wordpress\/wp-content\/uploads\/2022\/09\/BONA-FIORI-BARP.mp3<\/a><\/audio>\n<p>&nbsp;<\/p>\n<hr \/>\n<p>&nbsp;<\/p>\n<p><span style=\"color: #0000ff;\"><strong>CORSA PODISTICA<\/strong><\/span><\/p>\n<blockquote>\n<h3>VALENTINO DE NARDIN E MANUELA BULF VINCONO LA SECONDA EDIZIONE DELLA VA PIAN MA RIVA<\/h3>\n<\/blockquote>\n<p><strong><a class=\"dt-pswp-item\" href=\"https:\/\/www.radiopiu.net\/wordpress\/wp-content\/uploads\/2022\/09\/295989847_110516931747899_6407095472554035122_n.jpg\" data-dt-img-description=\"\" data-large_image_width=\"706\" data-large_image_height=\"486\"><img loading=\"lazy\" decoding=\"async\" class=\"size-thumbnail wp-image-295704 alignleft\" src=\"https:\/\/www.radiopiu.net\/wordpress\/wp-content\/uploads\/2022\/09\/295989847_110516931747899_6407095472554035122_n-150x150.jpg\" alt=\"\" width=\"150\" height=\"150\" \/><\/a>VOLTAGO<\/strong> Si \u00e8 conclusa la seconda edizione della Va Pian Ma Riva, la gara di corsa podistica organizzata dalla Polisportiva Voltago in memoria di Alan Scussel. Un&#8217;edizione molto partecipata, quasi 300 gli iscritti alla gara che si \u00e8 corsa tra le stradine del paese del Poi. Due percorsi, uno di 7 km per gli adulti e uno di 1,5 km per i bambini. Nella gara maschile ha vinto Valentino De Nardin con il tempo di 28&#8217;06&#8221; staccando di 13&#8243; Valentino Costa. Sul terzo gradino del podio Aron Lazzaro. In campo femminile dominio assoluto di Manuela Bulf. L&#8217;atleta di Taibon ha dettato legge staccando di 2&#8217;44&#8221; la seconda arrivata, Alessandra Da Ronch. Al terzo posto Francesca De Col\u00f2. Grande festa per i bambini che si sono divertiti sul circuito breve. I premi speciali sono andati all&#8217;atleta pi\u00f9 giovane, Azzurra Da Campo nata l&#8217;11 luglio 2022 (quasi due mesi di vita). Il pi\u00f9 &#8220;anziano&#8221; \u00e8 stato Fiore Lena, classe 1944. Noemi Venialetti \u00e8 stata la pi\u00f9 giovane ad aver concluso la gara in autonomia. Il premio al gruppo pi\u00f9 numeroso \u00e8 andato alla Polisportiva Voltago con 40 partecipanti mentre il premio al gruppo pi\u00f9 simpatico \u00e8 stato il &#8220;Co Rivon Rivon&#8221;.<\/p>\n<p><strong>PER CONSULTARE LE CLASSIFICHE <a href=\"https:\/\/sportdolomiti.it\/classifiche-va-pian-ma-riva-2022\">CLICCA QUI<\/a><\/strong><\/p>\n<p>&nbsp;<\/p>\n<hr \/>\n<p>&nbsp;<\/p>\n<p><span style=\"color: #0000ff;\"><strong>HOCKEY SU GHIACCIO<\/strong><\/span><\/p>\n<blockquote>\n<h3>CINQUE GIOVANI CONFERME NEL ROSTER DELLE CIVETTE<\/h3>\n<\/blockquote>\n<p><strong>di Roberto Miana, portavoce dell&#8217;Alleghe Hockey<\/strong><\/p>\n<p>Sotto al Civetta arrivano conferme di giovani rampanti che dovranno essere il futuro di questa societ\u00e0. Il direttore sportivo Manuel Da Tos annuncia con piacere le conferme nel prossimo roster IHL di Marwin Martini, Lorenzo Riva, Thomas Angoletta, Godstime Dariz e Michele Darman. Giovani promesse cresciute tutte nel vivaio biancorosso. <strong>Marwin MARTINI:<\/strong> attaccante diciottenne (classe 2004), fratello minore di Erwin, ha esordito con la prima squadra alleghese nella stagione 2020\/2021, facendo registrare 45 presenze. La passata stagione nell&#8217;Under 19 ha totalizzato 22 presenze con 8 gol e 3 assist.<br \/>\nCos\u00ec Marwin: &#8220;Giocare in IHL mi fa molto piacere, questo \u00e8 il terzo anno e non vedo l\u2019ora di iniziare. Il passaggio dalla Under 19 alla IHL non \u00e8 indifferente\u2026 ritmo molto pi\u00f9 alto e un gioco organizzato. Con coach Fontana abbiamo parlato nello spogliatoio della stagione che verr\u00e0 e che vogliamo essere competitivi anche quest\u2019anno. Ora che sono iniziati gli allenamenti ufficiali sul ghiaccio non aspettiamo altro che iniziare a giocare. Del nostro gruppo sono molto felice, come detto prima \u00e8 il terzo anno che ne faccio parte e ogni anno cresciamo sempre di pi\u00f9. Per la prossima stagione vedo squadre ben organizzate e non sar\u00e0 facile, ma noi sicuramente vogliamo andare ai playoff. Come obbiettivo personale vorrei riuscire a dare maggiormente il mio contributo sia nello spogliatoio che sul ghiaccio e sono pronto per iniziare questa nuova stagione per farlo\u201c. <strong>Lorenzo RIVA<\/strong>: roccioso difensore ventenne (classe 2002), \u00e8 nella squadra senior alleghese dalla passata stagione, dove ha totalizzato 19 partite, con la soddisfazione di un gol proprio contro l&#8217;Unterland Cavaliers prossimo vincitore del campionato. Per lui l&#8217;anno passato anche 18 presenze con l&#8217;Under 19. Cos\u00ec Lorenzo: &#8220;Giocare in IHL mi rende felice e mi stimola a migliorarmi ad ogni allenamento. Il passaggio dalla under alla senior non lo considero pesante per\u00f2 ti ritrovi a giocare contro giocatori con molta pi\u00f9 esperienza. Sono gi\u00e0 alcune settimane che ci alleniamo sul ghiaccio e personalmente, grazie al programma impostato da Nicola Fontanive e svolto durante l\u2019estate, mi sento pronto fisicamente e mentalmente per affrontare questa nuova avventura. Siamo un gruppo giovane e molto unito con giocatori d\u2019esperienza che sanno sempre come aiutare i pi\u00f9 giovani. Mi aspetto un campionato competitivo e il mio obbiettivo personale sar\u00e0 quello di arrivare ad essere titolare per poter aiutare al meglio la squadra\u201c. <strong>Thomas ANGOLETTA<\/strong>: longilineo attaccante diciottenne (classe 2004), convocato nella squadra maggiore alleghese dalla stagione 2021\/2022, dove ha fatto registrare 17 presenze. L&#8217;anno scorso 18 gare in Under 19 con 4 punti a referto. Cos\u00ec Thomas: &#8220;Giocare nella IHL mi rende orgoglioso del percorso che ho fatto con le giovanili. Dall&#8217;under 19 alla IHL \u00e8 un grande salto di qualit\u00e0 ma con l&#8217;impegno e la costanza i risultati arrivano. Quest&#8217;anno mi sento pronto per la IHL e dar\u00f2 tutto facendo del mio meglio per questa maglia. Come ha detto coach Fontana quest&#8217;anno ci mancheranno dei giocatori importanti, ma con i nuovi arrivi cercheremo di sopperire a questo, dando tutti il massimo. Gli allenamenti sul ghiaccio li abbiamo cominciati da circa un mese e ho visto che siamo un gruppo molto giovane, per\u00f2 con la stagione passata ci siamo uniti e motivati. Quest&#8217;anno mi aspetto buone cose, anche perch\u00e9 grinta e cuore non mi mancano mai. Il mio obbiettivo personale sar\u00e0 migliorare sempre di pi\u00f9 per essere un giocatore importante per la squadra. Mi sento pronto e a disposizione per dare il meglio\u201c. <strong>Godstime DARIZ:<\/strong> attaccante ventenne (classe 2002), ha debuttato con la prima squadra biancorossa nella stagione 2021\/2022, facendo registrare 4 presenze. La passata stagione nell&#8217;Under 19 ha totalizzato 9 presenze con 3 gol e 1 assist. Cos\u00ec Godstime: &#8220;Giocare in IHL mi fa felice e mi stimola. La differenza tra l&#8217;under 19 e la prima squadra l&#8217;ho notata soprattutto nella competitivit\u00e0, che \u00e8 di gran lunga superiore. Personalmente mi sento pronto per il salto di categoria e spero di poterlo dimostra da qui a fine stagione. Coach Fontana ci ha parlato della squadra di quest&#8217;anno e ci ha spronato a dare tutti il massimo. La mia impressione sulla squadra \u00e8 che siamo un bel gruppo unito e spero potremo toglierci delle soddisfazioni&#8221;. <strong>Michele DARMAN:<\/strong> difensore diciannovenne (classe 2003), \u00e8 nella squadra senior alleghese dalla scorsa stagione, dove ha totalizzato solo 3 presenze a causa di problemi fisici. Ultima stagione anche con 7 partite e un assist nell&#8217;Under 19. Cos\u00ec Michele: &#8220;Quest&#8217;anno ho molta voglia di riscattarmi e dare il massimo per questa maglia e non posso che essere felice e stimolato nel trovarmi in questo spogliatoio. Purtroppo le ultime due stagioni sono state per me molto difficili e discontinue a causa di un infortunio che mi ha fatto stare a lungo lontano dal ghiaccio. Ora, grazie alla buona preparazione estiva a secco che ho svolto, mi sento molto meglio e per questo devo ringraziare Nicola Fontanive che si \u00e8 messo a disposizione di tutti noi insieme a coach Alessandro Fontana. Nel mio piccolo cercher\u00f2 di impegnarmi il pi\u00f9 possibile e se riuscir\u00f2 a trovare pi\u00f9 continuit\u00e0 potr\u00f2 ritagliarmi uno spazio per aiutare la squadra. Quest&#8217;anno in particolar modo il gruppo \u00e8 composta da molti giovani, ma allo stesso tempo da giocatori di esperienza che ti fanno crescere sia mentalmente che tecnicamente e per questo \u00e8 sempre bello allenarsi con loro. Daremo il massimo per i tifosi nell&#8217;arco di tutta la stagione, puntando sicuramente all&#8217;obiettivo dei playoff\u201c.<\/p>\n<p>&nbsp;<\/p>\n\n\t\t\t<style type='text\/css'>\n\t\t\t\t#gallery-8 {\n\t\t\t\t\tmargin: auto;\n\t\t\t\t}\n\t\t\t\t#gallery-8 .gallery-item {\n\t\t\t\t\tfloat: left;\n\t\t\t\t\tmargin-top: 10px;\n\t\t\t\t\ttext-align: center;\n\t\t\t\t\twidth: 20%;\n\t\t\t\t}\n\t\t\t\t#gallery-8 img {\n\t\t\t\t\tborder: 2px solid #cfcfcf;\n\t\t\t\t}\n\t\t\t\t#gallery-8 .gallery-caption {\n\t\t\t\t\tmargin-left: 0;\n\t\t\t\t}\n\t\t\t\t\/* see gallery_shortcode() in wp-includes\/media.php *\/\n\t\t\t<\/style>\n\t\t<div id='gallery-8' class='dt-gallery-container gallery galleryid-295646 gallery-columns-5 gallery-size-medium'><dl class='gallery-item'>\n\t\t\t\t<dt class='gallery-icon portrait'>\n\t\t\t\t\t<a class=\"rollover rollover-zoom dt-pswp-item\" title=\"MARWIN MARTINI\" data-dt-img-description=\"\" data-large_image_width=\"681\" data-large_image_height=\"1024\"href='https:\/\/www.radiopiu.net\/wordpress\/wp-content\/uploads\/2022\/09\/MARWIN-MARTINI.jpg'><img loading=\"lazy\" decoding=\"async\" width=\"200\" height=\"300\" src=\"https:\/\/www.radiopiu.net\/wordpress\/wp-content\/uploads\/2022\/09\/MARWIN-MARTINI-200x300.jpg\" class=\"attachment-medium size-medium\" alt=\"\" aria-describedby=\"gallery-8-295744\" srcset=\"https:\/\/www.radiopiu.net\/wordpress\/wp-content\/uploads\/2022\/09\/MARWIN-MARTINI-200x300.jpg 200w, https:\/\/www.radiopiu.net\/wordpress\/wp-content\/uploads\/2022\/09\/MARWIN-MARTINI.jpg 681w\" sizes=\"auto, (max-width: 200px) 100vw, 200px\" \/><\/a>\n\t\t\t\t<\/dt>\n\t\t\t\t\t<dd class='wp-caption-text gallery-caption' id='gallery-8-295744'>\n\t\t\t\t\tMARWIN MARTINI\n\t\t\t\t\t<\/dd><\/dl><dl class='gallery-item'>\n\t\t\t\t<dt class='gallery-icon portrait'>\n\t\t\t\t\t<a class=\"rollover rollover-zoom dt-pswp-item\" title=\"LORENZO RIVA\" data-dt-img-description=\"\" data-large_image_width=\"681\" data-large_image_height=\"1024\"href='https:\/\/www.radiopiu.net\/wordpress\/wp-content\/uploads\/2022\/09\/LORENZO-RIVA.jpg'><img loading=\"lazy\" decoding=\"async\" width=\"200\" height=\"300\" src=\"https:\/\/www.radiopiu.net\/wordpress\/wp-content\/uploads\/2022\/09\/LORENZO-RIVA-200x300.jpg\" class=\"attachment-medium size-medium\" alt=\"\" aria-describedby=\"gallery-8-295745\" srcset=\"https:\/\/www.radiopiu.net\/wordpress\/wp-content\/uploads\/2022\/09\/LORENZO-RIVA-200x300.jpg 200w, https:\/\/www.radiopiu.net\/wordpress\/wp-content\/uploads\/2022\/09\/LORENZO-RIVA.jpg 681w\" sizes=\"auto, (max-width: 200px) 100vw, 200px\" \/><\/a>\n\t\t\t\t<\/dt>\n\t\t\t\t\t<dd class='wp-caption-text gallery-caption' id='gallery-8-295745'>\n\t\t\t\t\tLORENZO RIVA\n\t\t\t\t\t<\/dd><\/dl><dl class='gallery-item'>\n\t\t\t\t<dt class='gallery-icon portrait'>\n\t\t\t\t\t<a class=\"rollover rollover-zoom dt-pswp-item\" title=\"THOMAS ANGOLETTA\" data-dt-img-description=\"\" data-large_image_width=\"681\" data-large_image_height=\"1024\"href='https:\/\/www.radiopiu.net\/wordpress\/wp-content\/uploads\/2022\/09\/THOMAS-ANGOLETTA.jpg'><img loading=\"lazy\" decoding=\"async\" width=\"200\" height=\"300\" src=\"https:\/\/www.radiopiu.net\/wordpress\/wp-content\/uploads\/2022\/09\/THOMAS-ANGOLETTA-200x300.jpg\" class=\"attachment-medium size-medium\" alt=\"\" aria-describedby=\"gallery-8-295746\" srcset=\"https:\/\/www.radiopiu.net\/wordpress\/wp-content\/uploads\/2022\/09\/THOMAS-ANGOLETTA-200x300.jpg 200w, https:\/\/www.radiopiu.net\/wordpress\/wp-content\/uploads\/2022\/09\/THOMAS-ANGOLETTA.jpg 681w\" sizes=\"auto, (max-width: 200px) 100vw, 200px\" \/><\/a>\n\t\t\t\t<\/dt>\n\t\t\t\t\t<dd class='wp-caption-text gallery-caption' id='gallery-8-295746'>\n\t\t\t\t\tTHOMAS ANGOLETTA\n\t\t\t\t\t<\/dd><\/dl><dl class='gallery-item'>\n\t\t\t\t<dt class='gallery-icon portrait'>\n\t\t\t\t\t<a class=\"rollover rollover-zoom dt-pswp-item\" title=\"GODSTIME DARIZ\" data-dt-img-description=\"\" data-large_image_width=\"541\" data-large_image_height=\"682\"href='https:\/\/www.radiopiu.net\/wordpress\/wp-content\/uploads\/2022\/09\/GODSTIME-DARIZ.jpg'><img loading=\"lazy\" decoding=\"async\" width=\"238\" height=\"300\" src=\"https:\/\/www.radiopiu.net\/wordpress\/wp-content\/uploads\/2022\/09\/GODSTIME-DARIZ-238x300.jpg\" class=\"attachment-medium size-medium\" alt=\"\" aria-describedby=\"gallery-8-295747\" srcset=\"https:\/\/www.radiopiu.net\/wordpress\/wp-content\/uploads\/2022\/09\/GODSTIME-DARIZ-238x300.jpg 238w, https:\/\/www.radiopiu.net\/wordpress\/wp-content\/uploads\/2022\/09\/GODSTIME-DARIZ.jpg 541w\" sizes=\"auto, (max-width: 238px) 100vw, 238px\" \/><\/a>\n\t\t\t\t<\/dt>\n\t\t\t\t\t<dd class='wp-caption-text gallery-caption' id='gallery-8-295747'>\n\t\t\t\t\tGODSTIME DARIZ\n\t\t\t\t\t<\/dd><\/dl><dl class='gallery-item'>\n\t\t\t\t<dt class='gallery-icon portrait'>\n\t\t\t\t\t<a class=\"rollover rollover-zoom dt-pswp-item\" title=\"MICHELE DARMAN\" data-dt-img-description=\"\" data-large_image_width=\"469\" data-large_image_height=\"742\"href='https:\/\/www.radiopiu.net\/wordpress\/wp-content\/uploads\/2022\/09\/MICHELE-DARMAN.jpg'><img loading=\"lazy\" decoding=\"async\" width=\"190\" height=\"300\" src=\"https:\/\/www.radiopiu.net\/wordpress\/wp-content\/uploads\/2022\/09\/MICHELE-DARMAN-190x300.jpg\" class=\"attachment-medium size-medium\" alt=\"\" aria-describedby=\"gallery-8-295748\" srcset=\"https:\/\/www.radiopiu.net\/wordpress\/wp-content\/uploads\/2022\/09\/MICHELE-DARMAN-190x300.jpg 190w, https:\/\/www.radiopiu.net\/wordpress\/wp-content\/uploads\/2022\/09\/MICHELE-DARMAN.jpg 469w\" sizes=\"auto, (max-width: 190px) 100vw, 190px\" \/><\/a>\n\t\t\t\t<\/dt>\n\t\t\t\t\t<dd class='wp-caption-text gallery-caption' id='gallery-8-295748'>\n\t\t\t\t\tMICHELE DARMAN\n\t\t\t\t\t<\/dd><\/dl><br style=\"clear: both\" \/>\n\t\t\t<\/div>\n\n<p>&nbsp;<\/p>\n<hr \/>\n<p>&nbsp;<\/p>\n<p><span style=\"color: #0000ff;\"><strong>PALLAVOLO<\/strong><\/span><\/p>\n<blockquote>\n<h3>DA OGGI IL RITIRO AL DE MAS PER LA PALLAVOLO BELLUNO FEMMINILE<\/h3>\n<\/blockquote>\n<p><strong><a class=\"dt-pswp-item\" href=\"https:\/\/www.radiopiu.net\/wordpress\/wp-content\/uploads\/2022\/09\/Raduno_Pallavolo_Belluno_femminile.jpg\" data-dt-img-description=\"\" data-large_image_width=\"800\" data-large_image_height=\"400\"><img loading=\"lazy\" decoding=\"async\" class=\"alignleft wp-image-295683 \" src=\"https:\/\/www.radiopiu.net\/wordpress\/wp-content\/uploads\/2022\/09\/Raduno_Pallavolo_Belluno_femminile-300x150.jpg\" alt=\"\" width=\"170\" height=\"85\" srcset=\"https:\/\/www.radiopiu.net\/wordpress\/wp-content\/uploads\/2022\/09\/Raduno_Pallavolo_Belluno_femminile-300x150.jpg 300w, https:\/\/www.radiopiu.net\/wordpress\/wp-content\/uploads\/2022\/09\/Raduno_Pallavolo_Belluno_femminile-768x384.jpg 768w, https:\/\/www.radiopiu.net\/wordpress\/wp-content\/uploads\/2022\/09\/Raduno_Pallavolo_Belluno_femminile.jpg 800w\" sizes=\"auto, (max-width: 170px) 100vw, 170px\" \/><\/a>BELLUNO <\/strong>Si riaccendono le luci del palasport De Mas: le lupe tornano a casa. Oggi, infatti, \u00e8 in programma la prima seduta d\u2019allenamento di una squadra rinnovatissima. Anche nel nome: HL Immobiliare Pallavolo Belluno.<span class=\"gmail-Apple-converted-space\"> \u00a0<\/span>La formazione di coach Paolo Viel si raduna alle 18.45. E la fiducia nell\u2019ambiente \u00e8 tangibile, come confermano le parole del presidente Giancarlo Ingrosso: \u00ab<em>La societ\u00e0 si \u00e8 organizzata al meglio ed \u00e8 ormai a pieno regime, con una dozzina di dirigenti pronti a dare il massimo. Lo stesso vale per il roster, ambizioso e competitivo. E ora tocca alle ragazze<\/em>\u00bb.<span class=\"gmail-Apple-converted-space\"> \u00a0<\/span>Per quanto riguarda l\u2019esordio ufficiale, \u00e8 in calendario il 24 settembre, tra le mura amiche, contro la Cassa Rurale Dolomiti Feltre: \u00ab<em>Sar\u00e0 bello e stimolante prendere parte alla Coppa Veneto. Una competizione che non fa solo da antipasto al campionato, ma ci permetter\u00e0 di vivere quei derby che, in serie C, non giocheremo<\/em>\u00bb. In pentola bollono diverse novit\u00e0: \u00ab<em>A breve &#8211; annuncia il presidente Ingrosso &#8211; presenteremo il nuovo logo della Pallavolo Belluno femminile, che terr\u00e0 conto del nostro main sponsor. In pi\u00f9, stiamo lavorando in maniera proficua in ambito di settore giovanile. In questo senso, i numeri iniziano gi\u00e0 a essere interessanti: oltre alle 14 atlete di prima squadra, ne abbiamo una trentina per le due selezioni Under 16 e un\u2019altra trentina per il minivolley, con richieste in continua crescita<\/em>\u00bb.<span class=\"gmail-Apple-converted-space\">\u00a0<\/span><\/p>\n<p>&nbsp;<\/p>\n<blockquote>\n<h3>BUONA LA PRIMA PER I RINOCERONTI DI BELLUNO<\/h3>\n<\/blockquote>\n<p><strong><a class=\"dt-pswp-item\" href=\"https:\/\/www.radiopiu.net\/wordpress\/wp-content\/uploads\/2022\/09\/Prima_uscita_a_Schiavonia.jpg\" data-dt-img-description=\"\" data-large_image_width=\"1380\" data-large_image_height=\"920\"><img loading=\"lazy\" decoding=\"async\" class=\"size-thumbnail wp-image-295701 alignleft\" src=\"https:\/\/www.radiopiu.net\/wordpress\/wp-content\/uploads\/2022\/09\/Prima_uscita_a_Schiavonia-150x150.jpg\" alt=\"\" width=\"150\" height=\"150\" \/><\/a>TMB MONSELICE-DA ROLD LOGISTICS BELLUNO 2-3 (25-11, 21-25, 21-25, 25-21, 8-15)<\/strong><\/p>\n<p>Coach Gian Luca Colussi cercava le prime risposte? E a Schiavonia, contro la Tmb Monselice, le ha ottenute. Non tanto, e non solo, per l\u2019epilogo di un test che la Da Rold Logistics conduce dalla sua parte al quinto parziale. Il risultato, si sa, lascia il tempo che trova. Soprattutto all\u2019inizio di settembre.<span class=\"gmail-Apple-converted-space\"> \u00a0<\/span>No, le risposte che soddisfano sono di altra natura: strettamente tecnica, se \u00e8 vero che i bellunesi hanno messo in mostra sprazzi di un buon volley. E di atteggiamento: dopo una partenza in salita, certificata dal passivo di 25-11, i \u201crinoceronti\u201d prendono in mano le redini del confronto e, nei due set centrali (secondo e terzo), riescono a emergere. Ma forse il vero punto esclamativo della serata arriva da un singolo atleta: uno che, dallo scorso novembre, \u00e8 stato letteralmente martoriato dalla cattiva sorte. E dagli infortuni. Quel singolo ora \u00e8 tornato ad affacciarsi sul parquet: \u00e8 Giovanni Candeago. Il ventottenne schiacciatore bellunese ha subito fatto capire che su di lui si potr\u00e0 contare<\/p>\n<p>&nbsp;<\/p>\n<p>&nbsp;<\/p>\n<hr \/>\n<p>&nbsp;<\/p>\n<p><span style=\"color: #0000ff;\"><strong>MOTORI<\/strong><\/span><\/p>\n<blockquote>\n<h3>VENTESIMO POSTO ASSOLUTO PER DENIS MEZZACASA IN SLOVENIA<\/h3>\n<\/blockquote>\n<p><strong><a class=\"dt-pswp-item\" href=\"https:\/\/www.radiopiu.net\/wordpress\/wp-content\/uploads\/2022\/09\/97da43db-0206-4fb4-8dda-fc79310a910c.jpg\" data-dt-img-description=\"\" data-large_image_width=\"1024\" data-large_image_height=\"683\"><img loading=\"lazy\" decoding=\"async\" class=\"size-thumbnail wp-image-295846 alignleft\" src=\"https:\/\/www.radiopiu.net\/wordpress\/wp-content\/uploads\/2022\/09\/97da43db-0206-4fb4-8dda-fc79310a910c-150x150.jpg\" alt=\"\" width=\"150\" height=\"150\" \/><\/a>AGORDO<\/strong><\/p>\n<p>di Roberto Bona<\/p>\n<audio class=\"wp-audio-shortcode\" id=\"audio-295646-10\" preload=\"none\" style=\"width: 100%;\" controls=\"controls\"><source type=\"audio\/mpeg\" src=\"https:\/\/www.radiopiu.net\/wordpress\/wp-content\/uploads\/2022\/09\/sport-denis-mezzacasa.mp3?_=10\" \/><a href=\"https:\/\/www.radiopiu.net\/wordpress\/wp-content\/uploads\/2022\/09\/sport-denis-mezzacasa.mp3\">https:\/\/www.radiopiu.net\/wordpress\/wp-content\/uploads\/2022\/09\/sport-denis-mezzacasa.mp3<\/a><\/audio>\n<p>&nbsp;<\/p>\n<blockquote>\n<h3>LA COPPIA SIGNOR-BERNARDI SI LAUREA CAMPIONE DELLA COPPA RALLY QUARTA ZONA<\/h3>\n<\/blockquote>\n<p><strong>CIVIDALE DEL FRIULI<\/strong><\/p>\n<p>di Roberto Bona<\/p>\n<audio class=\"wp-audio-shortcode\" id=\"audio-295646-11\" preload=\"none\" style=\"width: 100%;\" controls=\"controls\"><source type=\"audio\/mpeg\" src=\"https:\/\/www.radiopiu.net\/wordpress\/wp-content\/uploads\/2022\/09\/BONA-SIGNOR-BERNARDI.mp3?_=11\" \/><a href=\"https:\/\/www.radiopiu.net\/wordpress\/wp-content\/uploads\/2022\/09\/BONA-SIGNOR-BERNARDI.mp3\">https:\/\/www.radiopiu.net\/wordpress\/wp-content\/uploads\/2022\/09\/BONA-SIGNOR-BERNARDI.mp3<\/a><\/audio>\n\n\t\t\t<style type='text\/css'>\n\t\t\t\t#gallery-9 {\n\t\t\t\t\tmargin: auto;\n\t\t\t\t}\n\t\t\t\t#gallery-9 .gallery-item {\n\t\t\t\t\tfloat: left;\n\t\t\t\t\tmargin-top: 10px;\n\t\t\t\t\ttext-align: center;\n\t\t\t\t\twidth: 33%;\n\t\t\t\t}\n\t\t\t\t#gallery-9 img {\n\t\t\t\t\tborder: 2px solid #cfcfcf;\n\t\t\t\t}\n\t\t\t\t#gallery-9 .gallery-caption {\n\t\t\t\t\tmargin-left: 0;\n\t\t\t\t}\n\t\t\t\t\/* see gallery_shortcode() in wp-includes\/media.php *\/\n\t\t\t<\/style>\n\t\t<div id='gallery-9' class='dt-gallery-container gallery galleryid-295646 gallery-columns-3 gallery-size-thumbnail'><dl class='gallery-item'>\n\t\t\t\t<dt class='gallery-icon landscape'>\n\t\t\t\t\t<a class=\"rollover rollover-zoom dt-pswp-item\" title=\"38b1cc35-456c-4454-9832-c25f8a5b3b65\" data-dt-img-description=\"\" data-large_image_width=\"1600\" data-large_image_height=\"1066\"href='https:\/\/www.radiopiu.net\/wordpress\/wp-content\/uploads\/2022\/09\/38b1cc35-456c-4454-9832-c25f8a5b3b65.jpg'><img loading=\"lazy\" decoding=\"async\" width=\"150\" height=\"150\" src=\"https:\/\/www.radiopiu.net\/wordpress\/wp-content\/uploads\/2022\/09\/38b1cc35-456c-4454-9832-c25f8a5b3b65-150x150.jpg\" class=\"attachment-thumbnail size-thumbnail\" alt=\"\" \/><\/a>\n\t\t\t\t<\/dt><\/dl><dl class='gallery-item'>\n\t\t\t\t<dt class='gallery-icon landscape'>\n\t\t\t\t\t<a class=\"rollover rollover-zoom dt-pswp-item\" title=\"6a0a845c-48d1-4d5f-be6e-d14ed998d3ce\" data-dt-img-description=\"\" data-large_image_width=\"1024\" data-large_image_height=\"682\"href='https:\/\/www.radiopiu.net\/wordpress\/wp-content\/uploads\/2022\/09\/6a0a845c-48d1-4d5f-be6e-d14ed998d3ce.jpg'><img loading=\"lazy\" decoding=\"async\" width=\"150\" height=\"150\" src=\"https:\/\/www.radiopiu.net\/wordpress\/wp-content\/uploads\/2022\/09\/6a0a845c-48d1-4d5f-be6e-d14ed998d3ce-150x150.jpg\" class=\"attachment-thumbnail size-thumbnail\" alt=\"\" \/><\/a>\n\t\t\t\t<\/dt><\/dl><dl class='gallery-item'>\n\t\t\t\t<dt class='gallery-icon landscape'>\n\t\t\t\t\t<a class=\"rollover rollover-zoom dt-pswp-item\" title=\"59cc9ffd-4b20-4cf5-a60c-27fd336d3710\" data-dt-img-description=\"\" data-large_image_width=\"1600\" data-large_image_height=\"1066\"href='https:\/\/www.radiopiu.net\/wordpress\/wp-content\/uploads\/2022\/09\/59cc9ffd-4b20-4cf5-a60c-27fd336d3710.jpg'><img loading=\"lazy\" decoding=\"async\" width=\"150\" height=\"150\" src=\"https:\/\/www.radiopiu.net\/wordpress\/wp-content\/uploads\/2022\/09\/59cc9ffd-4b20-4cf5-a60c-27fd336d3710-150x150.jpg\" class=\"attachment-thumbnail size-thumbnail\" alt=\"\" \/><\/a>\n\t\t\t\t<\/dt><\/dl><br style=\"clear: both\" \/>\n\t\t\t<\/div>\n\n<p>&nbsp;<\/p>\n<blockquote>\n<h3>L&#8217;ESPOSIZIONE DI AUTO A FAVORE DELLA PEDAVENA &#8211; CROCE D&#8217;AUNE<\/h3>\n<\/blockquote>\n<p><strong>PEDAVENA<\/strong><\/p>\n<p>di Roberto Bona<\/p>\n<audio class=\"wp-audio-shortcode\" id=\"audio-295646-12\" preload=\"none\" style=\"width: 100%;\" controls=\"controls\"><source type=\"audio\/mpeg\" src=\"https:\/\/www.radiopiu.net\/wordpress\/wp-content\/uploads\/2022\/09\/BONA-PEDAVENA.mp3?_=12\" \/><a href=\"https:\/\/www.radiopiu.net\/wordpress\/wp-content\/uploads\/2022\/09\/BONA-PEDAVENA.mp3\">https:\/\/www.radiopiu.net\/wordpress\/wp-content\/uploads\/2022\/09\/BONA-PEDAVENA.mp3<\/a><\/audio>\n<p>&nbsp;<\/p>\n\n\t\t\t<style type='text\/css'>\n\t\t\t\t#gallery-10 {\n\t\t\t\t\tmargin: auto;\n\t\t\t\t}\n\t\t\t\t#gallery-10 .gallery-item {\n\t\t\t\t\tfloat: left;\n\t\t\t\t\tmargin-top: 10px;\n\t\t\t\t\ttext-align: center;\n\t\t\t\t\twidth: 50%;\n\t\t\t\t}\n\t\t\t\t#gallery-10 img {\n\t\t\t\t\tborder: 2px solid #cfcfcf;\n\t\t\t\t}\n\t\t\t\t#gallery-10 .gallery-caption {\n\t\t\t\t\tmargin-left: 0;\n\t\t\t\t}\n\t\t\t\t\/* see gallery_shortcode() in wp-includes\/media.php *\/\n\t\t\t<\/style>\n\t\t<div id='gallery-10' class='dt-gallery-container gallery galleryid-295646 gallery-columns-2 gallery-size-thumbnail'><dl class='gallery-item'>\n\t\t\t\t<dt class='gallery-icon landscape'>\n\t\t\t\t\t<a class=\"rollover rollover-zoom dt-pswp-item\" title=\"21b13d55-5c4c-46be-bbba-b629a55e387a\" data-dt-img-description=\"\" data-large_image_width=\"1600\" data-large_image_height=\"1066\"href='https:\/\/www.radiopiu.net\/wordpress\/wp-content\/uploads\/2022\/09\/21b13d55-5c4c-46be-bbba-b629a55e387a.jpg'><img loading=\"lazy\" decoding=\"async\" width=\"150\" height=\"150\" src=\"https:\/\/www.radiopiu.net\/wordpress\/wp-content\/uploads\/2022\/09\/21b13d55-5c4c-46be-bbba-b629a55e387a-150x150.jpg\" class=\"attachment-thumbnail size-thumbnail\" alt=\"\" \/><\/a>\n\t\t\t\t<\/dt><\/dl><dl class='gallery-item'>\n\t\t\t\t<dt class='gallery-icon landscape'>\n\t\t\t\t\t<a class=\"rollover rollover-zoom dt-pswp-item\" title=\"5bc1a5e6-aab5-4bdd-a3c4-7a16e841e781\" data-dt-img-description=\"\" data-large_image_width=\"1600\" data-large_image_height=\"1200\"href='https:\/\/www.radiopiu.net\/wordpress\/wp-content\/uploads\/2022\/09\/5bc1a5e6-aab5-4bdd-a3c4-7a16e841e781.jpg'><img loading=\"lazy\" decoding=\"async\" width=\"150\" height=\"150\" src=\"https:\/\/www.radiopiu.net\/wordpress\/wp-content\/uploads\/2022\/09\/5bc1a5e6-aab5-4bdd-a3c4-7a16e841e781-150x150.jpg\" class=\"attachment-thumbnail size-thumbnail\" alt=\"\" \/><\/a>\n\t\t\t\t<\/dt><\/dl><br style=\"clear: both\" \/>\n\t\t\t<\/div>\n\n<p>&nbsp;<\/p>\n<p>&nbsp;<\/p>\n<\/div>\n<\/div>\n<\/div>\n<\/div>\n<\/div>\n<\/div>\n<\/div>\n<\/div>\n<\/div>\n<\/div>\n<\/div>\n<\/div>\n<\/div>\n<\/div>\n<\/div>\n<\/div>\n<\/div>\n<\/div>\n<\/div>\n<\/div>\n<\/div>\n<\/div>\n<\/div>\n<\/div>\n<\/div>\n<\/div>\n<\/div>\n<\/div>\n<\/div>\n<\/div>\n<\/div>\n<\/div>\n<\/div>\n<\/div>\n<\/div>\n<\/div>\n<\/div>\n<\/div>\n<\/div>\n<\/div>\n<\/div>\n<\/div>\n<\/div>\n<\/div>\n<\/div>\n<\/div>\n<\/div>\n<\/div>\n<\/div>\n<\/div>\n<\/div>\n<\/div>\n<\/div>\n<\/div>\n<\/div>\n<\/div>\n<\/div>\n<\/div>\n<\/div>\n<\/div>\n<\/div>\n<\/div>\n<\/div>\n<\/div>\n<\/div>\n<\/div>\n<\/div>\n<\/div>\n<\/div>\n<\/div>\n<\/div>\n<\/div>\n<\/div>\n<\/div>\n<\/div>\n<\/div>\n<\/div>\n<\/div>\n<\/div>\n<\/div>\n<\/div>\n<\/div>\n<\/div>\n<\/div>\n<\/div>\n<\/div>\n<\/div>\n<\/div>\n<\/div>\n<\/div>\n<\/div>\n<\/div>\n<\/div>\n<\/div>\n<\/div>\n<\/div>\n<\/div>\n<\/div>\n<\/div>\n<\/div>\n<\/div>\n<\/div>\n<\/div>\n","protected":false},"excerpt":{"rendered":"<p>RADIO PIU INFORMAZIONE il canale su TELEGRAM informazione di prima\u00a0\u00a0mano e in tempo reale. iscriviti ed aiutaci a farlo conoscere\u00a0\u00a0 &nbsp; &nbsp; RIAPRONO I CANTIERI GSP, DISAGI AL QUADRIVIO DELL&#8217;UNIONE MONTANA Divieto di transito in Via Insurrezione, nel tratto compreso tra l\u2019incrocio con la Via 27 Aprile 1945 e la via 4 Novembre 1918; istituzione&hellip;<\/p>\n","protected":false},"author":4,"featured_media":295740,"comment_status":"closed","ping_status":"closed","sticky":false,"template":"","format":"standard","meta":{"_monsterinsights_skip_tracking":false,"_monsterinsights_sitenote_active":false,"_monsterinsights_sitenote_note":"","_monsterinsights_sitenote_category":0,"footnotes":""},"categories":[51,86,49],"tags":[],"class_list":["post-295646","post","type-post","status-publish","format-standard","has-post-thumbnail","hentry","category-evidenza-top","category-gr","category-news-18","category-51","category-86","category-49","description-off"],"img_url":"https:\/\/www.radiopiu.net\/wordpress\/wp-content\/uploads\/2022\/09\/7085fbb3-2207-46b1-bc04-bb5760311e93.jpg","_links":{"self":[{"href":"https:\/\/www.radiopiu.net\/wordpress\/wp-json\/wp\/v2\/posts\/295646","targetHints":{"allow":["GET"]}}],"collection":[{"href":"https:\/\/www.radiopiu.net\/wordpress\/wp-json\/wp\/v2\/posts"}],"about":[{"href":"https:\/\/www.radiopiu.net\/wordpress\/wp-json\/wp\/v2\/types\/post"}],"author":[{"embeddable":true,"href":"https:\/\/www.radiopiu.net\/wordpress\/wp-json\/wp\/v2\/users\/4"}],"replies":[{"embeddable":true,"href":"https:\/\/www.radiopiu.net\/wordpress\/wp-json\/wp\/v2\/comments?post=295646"}],"version-history":[{"count":0,"href":"https:\/\/www.radiopiu.net\/wordpress\/wp-json\/wp\/v2\/posts\/295646\/revisions"}],"wp:featuredmedia":[{"embeddable":true,"href":"https:\/\/www.radiopiu.net\/wordpress\/wp-json\/wp\/v2\/media\/295740"}],"wp:attachment":[{"href":"https:\/\/www.radiopiu.net\/wordpress\/wp-json\/wp\/v2\/media?parent=295646"}],"wp:term":[{"taxonomy":"category","embeddable":true,"href":"https:\/\/www.radiopiu.net\/wordpress\/wp-json\/wp\/v2\/categories?post=295646"},{"taxonomy":"post_tag","embeddable":true,"href":"https:\/\/www.radiopiu.net\/wordpress\/wp-json\/wp\/v2\/tags?post=295646"}],"curies":[{"name":"wp","href":"https:\/\/api.w.org\/{rel}","templated":true}]}}