{"id":295721,"date":"2022-09-04T13:15:12","date_gmt":"2022-09-04T11:15:12","guid":{"rendered":"https:\/\/www.radiopiu.net\/wordpress\/?p=295721"},"modified":"2022-09-04T13:15:12","modified_gmt":"2022-09-04T11:15:12","slug":"a-collage-operazione-nostalgia-anche-la-musica-latino-americana","status":"publish","type":"post","link":"https:\/\/www.radiopiu.net\/wordpress\/a-collage-operazione-nostalgia-anche-la-musica-latino-americana\/","title":{"rendered":"A COLLAGE OPERAZIONE NOSTALGIA ANCHE LA MUSICA LATINO AMERICANA"},"content":{"rendered":"<p><strong><a class=\"dt-pswp-item\" href=\"https:\/\/www.radiopiu.net\/wordpress\/wp-content\/uploads\/2022\/09\/Celia-Cruz.jpg\" data-dt-img-description=\"\" data-large_image_width=\"948\" data-large_image_height=\"948\"><img loading=\"lazy\" decoding=\"async\" class=\" wp-image-295725 alignleft\" src=\"https:\/\/www.radiopiu.net\/wordpress\/wp-content\/uploads\/2022\/09\/Celia-Cruz-150x150.jpg\" alt=\"\" width=\"112\" height=\"112\" srcset=\"https:\/\/www.radiopiu.net\/wordpress\/wp-content\/uploads\/2022\/09\/Celia-Cruz-150x150.jpg 150w, https:\/\/www.radiopiu.net\/wordpress\/wp-content\/uploads\/2022\/09\/Celia-Cruz-300x300.jpg 300w, https:\/\/www.radiopiu.net\/wordpress\/wp-content\/uploads\/2022\/09\/Celia-Cruz-768x768.jpg 768w, https:\/\/www.radiopiu.net\/wordpress\/wp-content\/uploads\/2022\/09\/Celia-Cruz.jpg 948w\" sizes=\"auto, (max-width: 112px) 100vw, 112px\" \/><\/a>di Loris Scussel<\/strong><\/p>\n<p>Proseguono le repliche di Collage operazione nostalgia in attesa delle nuove puntate che andranno in onda dal prossimo mese di\u00a0 ottobre. \u201cRock around the clock\u201d aprir\u00e0 la nuova settimana nella quale ascolteremo una selezione di balli latino americani inoltre ci sar\u00e0 spazio per i complessi beat, per i cantautori, per la musica di oltreoceano e cos\u00ec via in un vero e proprio \u201cCollage\u201d musicale. Il programma va in onda dal luned\u00ec al venerd\u00ec alle 16,00 e alle 23,00 naturalmente su Radio Pi\u00f9.<\/p>\n<p>&nbsp;<\/p>\n<p>&nbsp;<\/p>\n<p>&nbsp;<\/p>\n<p>******<\/p>\n","protected":false},"excerpt":{"rendered":"<p>di Loris Scussel Proseguono le repliche di Collage operazione nostalgia in attesa delle nuove puntate che andranno in onda dal prossimo mese di\u00a0 ottobre. \u201cRock around the clock\u201d aprir\u00e0 la nuova settimana nella quale ascolteremo una selezione di balli latino americani inoltre ci sar\u00e0 spazio per i complessi beat, per i cantautori, per la musica&hellip;<\/p>\n","protected":false},"author":4,"featured_media":295725,"comment_status":"closed","ping_status":"closed","sticky":false,"template":"","format":"standard","meta":{"_monsterinsights_skip_tracking":false,"_monsterinsights_sitenote_active":false,"_monsterinsights_sitenote_note":"","_monsterinsights_sitenote_category":0,"footnotes":""},"categories":[49],"tags":[],"class_list":["post-295721","post","type-post","status-publish","format-standard","has-post-thumbnail","hentry","category-news-18","category-49","description-off"],"img_url":"https:\/\/www.radiopiu.net\/wordpress\/wp-content\/uploads\/2022\/09\/Celia-Cruz.jpg","_links":{"self":[{"href":"https:\/\/www.radiopiu.net\/wordpress\/wp-json\/wp\/v2\/posts\/295721","targetHints":{"allow":["GET"]}}],"collection":[{"href":"https:\/\/www.radiopiu.net\/wordpress\/wp-json\/wp\/v2\/posts"}],"about":[{"href":"https:\/\/www.radiopiu.net\/wordpress\/wp-json\/wp\/v2\/types\/post"}],"author":[{"embeddable":true,"href":"https:\/\/www.radiopiu.net\/wordpress\/wp-json\/wp\/v2\/users\/4"}],"replies":[{"embeddable":true,"href":"https:\/\/www.radiopiu.net\/wordpress\/wp-json\/wp\/v2\/comments?post=295721"}],"version-history":[{"count":0,"href":"https:\/\/www.radiopiu.net\/wordpress\/wp-json\/wp\/v2\/posts\/295721\/revisions"}],"wp:featuredmedia":[{"embeddable":true,"href":"https:\/\/www.radiopiu.net\/wordpress\/wp-json\/wp\/v2\/media\/295725"}],"wp:attachment":[{"href":"https:\/\/www.radiopiu.net\/wordpress\/wp-json\/wp\/v2\/media?parent=295721"}],"wp:term":[{"taxonomy":"category","embeddable":true,"href":"https:\/\/www.radiopiu.net\/wordpress\/wp-json\/wp\/v2\/categories?post=295721"},{"taxonomy":"post_tag","embeddable":true,"href":"https:\/\/www.radiopiu.net\/wordpress\/wp-json\/wp\/v2\/tags?post=295721"}],"curies":[{"name":"wp","href":"https:\/\/api.w.org\/{rel}","templated":true}]}}