{"id":295806,"date":"2022-09-04T16:35:59","date_gmt":"2022-09-04T14:35:59","guid":{"rendered":"https:\/\/www.radiopiu.net\/wordpress\/?p=295806"},"modified":"2022-09-04T16:35:59","modified_gmt":"2022-09-04T14:35:59","slug":"cade-dalla-e-bike-al-rifugio-venezia","status":"publish","type":"post","link":"https:\/\/www.radiopiu.net\/wordpress\/cade-dalla-e-bike-al-rifugio-venezia\/","title":{"rendered":"CADE DALLA E-BIKE AL RIFUGIO VENEZIA"},"content":{"rendered":"<p><strong>VODO DI CADORE<\/strong> Attorno alle 13.20 il Soccorso alpino di San Vito di Cadore \u00e8 salito in fuoristrada al Rifugio Venezia, dove si trovava una ciclista bellunese di 57 anni, che si era fatta male dopo una caduta dalla mountain bike a pedalata assistita. La donna stava infatti risalendo assieme al marito la strada bianca che parte da Borca, quando a 3 chilometri di distanza dal Rifugio era finita a terra sbattendo gomito e testa. Dopo aver proseguito ed essere arrivata al Rifugio, la ciclista non era per\u00f2 pi\u00f9 in grado di scendere da sola. Caricata a bordo dai soccorritori, la donna \u00e8 stata accompagnata fino a Zopp\u00e8 di Cadore dove la attendeva il figlio.<\/p>\n<p>&nbsp;<\/p>\n<p>&nbsp;<\/p>\n<p>*****<\/p>\n","protected":false},"excerpt":{"rendered":"<p>VODO DI CADORE Attorno alle 13.20 il Soccorso alpino di San Vito di Cadore \u00e8 salito in fuoristrada al Rifugio Venezia, dove si trovava una ciclista bellunese di 57 anni, che si era fatta male dopo una caduta dalla mountain bike a pedalata assistita. La donna stava infatti risalendo assieme al marito la strada bianca&hellip;<\/p>\n","protected":false},"author":4,"featured_media":289179,"comment_status":"closed","ping_status":"closed","sticky":false,"template":"","format":"standard","meta":{"_monsterinsights_skip_tracking":false,"_monsterinsights_sitenote_active":false,"_monsterinsights_sitenote_note":"","_monsterinsights_sitenote_category":0,"footnotes":""},"categories":[49],"tags":[],"class_list":["post-295806","post","type-post","status-publish","format-standard","has-post-thumbnail","hentry","category-news-18","category-49","description-off"],"img_url":"https:\/\/www.radiopiu.net\/wordpress\/wp-content\/uploads\/2022\/07\/salt_20220725_132211_968.jpg","_links":{"self":[{"href":"https:\/\/www.radiopiu.net\/wordpress\/wp-json\/wp\/v2\/posts\/295806","targetHints":{"allow":["GET"]}}],"collection":[{"href":"https:\/\/www.radiopiu.net\/wordpress\/wp-json\/wp\/v2\/posts"}],"about":[{"href":"https:\/\/www.radiopiu.net\/wordpress\/wp-json\/wp\/v2\/types\/post"}],"author":[{"embeddable":true,"href":"https:\/\/www.radiopiu.net\/wordpress\/wp-json\/wp\/v2\/users\/4"}],"replies":[{"embeddable":true,"href":"https:\/\/www.radiopiu.net\/wordpress\/wp-json\/wp\/v2\/comments?post=295806"}],"version-history":[{"count":0,"href":"https:\/\/www.radiopiu.net\/wordpress\/wp-json\/wp\/v2\/posts\/295806\/revisions"}],"wp:featuredmedia":[{"embeddable":true,"href":"https:\/\/www.radiopiu.net\/wordpress\/wp-json\/wp\/v2\/media\/289179"}],"wp:attachment":[{"href":"https:\/\/www.radiopiu.net\/wordpress\/wp-json\/wp\/v2\/media?parent=295806"}],"wp:term":[{"taxonomy":"category","embeddable":true,"href":"https:\/\/www.radiopiu.net\/wordpress\/wp-json\/wp\/v2\/categories?post=295806"},{"taxonomy":"post_tag","embeddable":true,"href":"https:\/\/www.radiopiu.net\/wordpress\/wp-json\/wp\/v2\/tags?post=295806"}],"curies":[{"name":"wp","href":"https:\/\/api.w.org\/{rel}","templated":true}]}}