{"id":295951,"date":"2022-09-05T17:19:26","date_gmt":"2022-09-05T15:19:26","guid":{"rendered":"https:\/\/www.radiopiu.net\/wordpress\/?p=295951"},"modified":"2022-09-05T17:19:26","modified_gmt":"2022-09-05T15:19:26","slug":"da-mercoledi-parte-investi-scuola-abbonamenti-a-prezzi-calmierati-per-gli-studenti-delle-superiori","status":"publish","type":"post","link":"https:\/\/www.radiopiu.net\/wordpress\/da-mercoledi-parte-investi-scuola-abbonamenti-a-prezzi-calmierati-per-gli-studenti-delle-superiori\/","title":{"rendered":"DA MERCOLEDI\u2019 PARTE \u201cINVESTI SCUOLA\u201d, ABBONAMENTI A PREZZI CALMIERATI PER GLI STUDENTI DELLE SUPERIORI"},"content":{"rendered":"<p><strong><a class=\"dt-pswp-item\" href=\"https:\/\/www.radiopiu.net\/wordpress\/wp-content\/uploads\/2020\/06\/80c303ed-9a2e-49f0-8b20-3dd5e061bbf3.jpg\" data-dt-img-description=\"\" data-large_image_width=\"1280\" data-large_image_height=\"960\"><img loading=\"lazy\" decoding=\"async\" class=\"size-thumbnail wp-image-145520 alignleft\" src=\"https:\/\/www.radiopiu.net\/wordpress\/wp-content\/uploads\/2020\/06\/80c303ed-9a2e-49f0-8b20-3dd5e061bbf3-150x150.jpg\" alt=\"\" width=\"150\" height=\"150\" \/><\/a>BELLUNO <\/strong>\u00abRidurre le distanze, non solo chilometriche, ma anche economiche, \u00e8 fondamentale per assicurare il vero diritto allo studio. Con questo spirito, riparte \u201cInvesti scuola\u201d. La Provincia si scusa del ritardo, ma quest\u2019anno \u00e8 stata una conquista riuscire a riproporre la misura a favore dei ragazzi delle scuole superiori e qualche nodo burocratico era inevitabile\u00bb. Lo dice il presidente della Provincia di Belluno, in giornate di fuoco per gli uffici provinciali, subissati di telefonate da parte delle famiglie, che chiedono quando partir\u00e0 la campagna abbonamenti a prezzi calmierati. La risposta di Palazzo Piloni \u00e8 che entro mercoled\u00ec saranno inviate a Dolomitibus tutte le pratiche per poter dare inizio alla vendita di abbonamenti attraverso \u201cInvesti scuola\u201d. Il progetto \u00e8 cofinanziato dal Fondo Comuni confinanti, dal Consorzio Bim Piave e dalla Provincia, \u00abcon 200mila euro prelevati dal fondo di riserva\u00bb sottolinea il presidente della Provincia. \u00ab\u00c8 ferma volont\u00e0 dell\u2019amministrazione provinciale proseguire con questa iniziativa a favore delle famiglie degli studenti, e in particolare quelli delle terre alte\u00bb. Anche per l\u2019anno scolastico 2022-23 infatti \u201cInvesti scuola\u201d conferma le tariffe degli anni scorsi. In pratica, tutti gli abbonamenti vengono allineati alla fascia chilometrica pi\u00f9 bassa e quindi meno onerosa. Il principio \u00e8 che per gli studenti delle superiori, il costo finale \u00e8 uguale per tutti, indifferentemente dai chilometri percorsi nel tragitto casa-scuola. La novit\u00e0 quest\u2019anno \u00e8 il bonus trasporti del Ministero Lavoro e Politiche sociali, del valore di 60 euro, per acquistare un abbonamento annuale. Potr\u00e0 essere utilizzato dagli utenti in aggiunta a \u201cInvesti scuola\u201d.<\/p>\n<p>&nbsp;<\/p>\n<p>&nbsp;<\/p>\n<p>******<\/p>\n","protected":false},"excerpt":{"rendered":"<p>BELLUNO \u00abRidurre le distanze, non solo chilometriche, ma anche economiche, \u00e8 fondamentale per assicurare il vero diritto allo studio. Con questo spirito, riparte \u201cInvesti scuola\u201d. La Provincia si scusa del ritardo, ma quest\u2019anno \u00e8 stata una conquista riuscire a riproporre la misura a favore dei ragazzi delle scuole superiori e qualche nodo burocratico era inevitabile\u00bb.&hellip;<\/p>\n","protected":false},"author":4,"featured_media":145520,"comment_status":"closed","ping_status":"closed","sticky":false,"template":"","format":"standard","meta":{"_monsterinsights_skip_tracking":false,"_monsterinsights_sitenote_active":false,"_monsterinsights_sitenote_note":"","_monsterinsights_sitenote_category":0,"footnotes":""},"categories":[49],"tags":[],"class_list":["post-295951","post","type-post","status-publish","format-standard","has-post-thumbnail","hentry","category-news-18","category-49","description-off"],"img_url":"https:\/\/www.radiopiu.net\/wordpress\/wp-content\/uploads\/2020\/06\/80c303ed-9a2e-49f0-8b20-3dd5e061bbf3.jpg","_links":{"self":[{"href":"https:\/\/www.radiopiu.net\/wordpress\/wp-json\/wp\/v2\/posts\/295951","targetHints":{"allow":["GET"]}}],"collection":[{"href":"https:\/\/www.radiopiu.net\/wordpress\/wp-json\/wp\/v2\/posts"}],"about":[{"href":"https:\/\/www.radiopiu.net\/wordpress\/wp-json\/wp\/v2\/types\/post"}],"author":[{"embeddable":true,"href":"https:\/\/www.radiopiu.net\/wordpress\/wp-json\/wp\/v2\/users\/4"}],"replies":[{"embeddable":true,"href":"https:\/\/www.radiopiu.net\/wordpress\/wp-json\/wp\/v2\/comments?post=295951"}],"version-history":[{"count":0,"href":"https:\/\/www.radiopiu.net\/wordpress\/wp-json\/wp\/v2\/posts\/295951\/revisions"}],"wp:featuredmedia":[{"embeddable":true,"href":"https:\/\/www.radiopiu.net\/wordpress\/wp-json\/wp\/v2\/media\/145520"}],"wp:attachment":[{"href":"https:\/\/www.radiopiu.net\/wordpress\/wp-json\/wp\/v2\/media?parent=295951"}],"wp:term":[{"taxonomy":"category","embeddable":true,"href":"https:\/\/www.radiopiu.net\/wordpress\/wp-json\/wp\/v2\/categories?post=295951"},{"taxonomy":"post_tag","embeddable":true,"href":"https:\/\/www.radiopiu.net\/wordpress\/wp-json\/wp\/v2\/tags?post=295951"}],"curies":[{"name":"wp","href":"https:\/\/api.w.org\/{rel}","templated":true}]}}