{"id":295989,"date":"2022-09-07T05:36:45","date_gmt":"2022-09-07T03:36:45","guid":{"rendered":"https:\/\/www.radiopiu.net\/wordpress\/?p=295989"},"modified":"2022-09-07T05:36:45","modified_gmt":"2022-09-07T03:36:45","slug":"giornale-radiopiu-07-settembre-2022-direttore-mirko-mezzacasa","status":"publish","type":"post","link":"https:\/\/www.radiopiu.net\/wordpress\/giornale-radiopiu-07-settembre-2022-direttore-mirko-mezzacasa\/","title":{"rendered":"GIORNALE RADIOPIU 07 SETTEMBRE 2022 DIRETTORE MIRKO MEZZACASA"},"content":{"rendered":"<h3 class=\"kvgmc6g5 cxmmr5t8 oygrvhab hcukyx3x c1et5uql\"><span style=\"color: #0000ff;\"><strong>RADIO PIU INFORMAZIONE il canale su TELEGRAM informazione di prima\u00a0\u00a0<\/strong><strong>mano e in tempo reale. iscriviti ed aiutaci a farlo conoscere\u00a0\u00a0<\/strong><\/span><\/h3>\n<p>&nbsp;<\/p>\n<hr \/>\n<p>&nbsp;<\/p>\n<p>&nbsp;<\/p>\n<blockquote>\n<h3>DOMENICA POMERIGGIO A CANALE D&#8217;AGORDO LA MESSA<\/h3>\n<\/blockquote>\n<p><strong>CANALE D&#8217;AGORDO<\/strong> In occasione della messa in programma in Piazza Papa Luciani per domenica alle 16, la strada sar\u00e0 interdetta al traffico dalle 15 alle 18.<\/p>\n<p>&nbsp;<\/p>\n<p>&nbsp;<\/p>\n<hr \/>\n<blockquote>\n<h3>\n<a class=\"dt-pswp-item\" href=\"https:\/\/www.radiopiu.net\/wordpress\/wp-content\/uploads\/2022\/09\/fav.jpg\" data-dt-img-description=\"\" data-large_image_width=\"241\" data-large_image_height=\"306\"><img loading=\"lazy\" decoding=\"async\" class=\"wp-image-296107 alignleft\" src=\"https:\/\/www.radiopiu.net\/wordpress\/wp-content\/uploads\/2022\/09\/fav-150x150.jpg\" alt=\"\" width=\"82\" height=\"82\" \/><\/a>SABATO L&#8217;ULTIMO SALUTO A FAVOUR<\/h3>\n<\/blockquote>\n<p><strong>BELLUNO\u00a0<\/strong> I funerali di \u00a0Favour Igboh\u00a0 morto annegato nel lago di Como\u00a0 si terranno sabato alle 15 nella chiesa evangelica di Sedico.\u00a0 Il 21enne di origine nigeriana,\u00a0 abitava all&#8217;Anta con la famiglia,\u00a0 \u00e8 morto il 22 agosto scorso, dopo un tuffo nel lago<\/p>\n<p>&nbsp;<\/p>\n<hr \/>\n<p>&nbsp;<\/p>\n<blockquote>\n<h3>E&#8217; MANCATA LEA CHIARELLI<\/h3>\n<\/blockquote>\n<p><strong>BELLUNO<\/strong> E&#8217; mancata \u00a0Lea Chiarelli, per una vita dietro al banco della farmacia all&#8217;Ospedale in via Matteotti.\u00a0 Aveva 95 anni, molti dei quali passati in farmacia. I funerali si svolgeranno domani, alle 15, in duomo<\/p>\n<p>&nbsp;<\/p>\n<hr \/>\n<p>&nbsp;<\/p>\n<blockquote>\n<h3>RITROVATA LA DONNA DATA PER SCOMPARSA<\/h3>\n<\/blockquote>\n<p><strong>FELTRE<\/strong>\u00a0 Allarme a Foen per una donna che era uscita di casa e inspiegabilmente non rientrava. \u00c8 stato un familiare ad avvertire il 112 dei carabinieri del suo allontanamento spontaneo e i militari hanno, a loro volta, allertato i vigili del fuoco.In diversi hanno cercato la 55enne feltrina e a ritrovarla \u00e8 stato un componente della famiglia. La donna era in buone condizioni.<\/p>\n<p>&nbsp;<\/p>\n<p>&nbsp;<\/p>\n<hr \/>\n<p>&nbsp;<\/p>\n<blockquote>\n<h3>SCIVOLA SUI CADINI DEL BRENTON E NON RIESCE AD USCIRE DALL&#8217;ACQUA, RECUPERATO DAL SOCCORSO ALPINO<\/h3>\n<\/blockquote>\n<p><strong><a class=\"dt-pswp-item\" href=\"https:\/\/www.radiopiu.net\/wordpress\/wp-content\/uploads\/2022\/04\/soccorso-alpino-1024x602-1.jpg\" data-dt-img-description=\"\" data-large_image_width=\"1024\" data-large_image_height=\"602\"><img loading=\"lazy\" decoding=\"async\" class=\"size-thumbnail wp-image-270917 alignleft\" src=\"https:\/\/www.radiopiu.net\/wordpress\/wp-content\/uploads\/2022\/04\/soccorso-alpino-1024x602-1-150x150.jpg\" alt=\"\" width=\"150\" height=\"150\" \/><\/a>SOSPIROLO <\/strong>Ieri mattina attorno alle 11.15 la Centrale del Suem \u00e8 stata allertata da una escursionista che si trovava sui Cadini del Brenton in Valle del Mis, dove un turista belga era scivolato all&#8217;interno di quello pi\u00f9 alto, si trovava fuori dall&#8217;acqua illeso, ma non era pi\u00f9 in grado di uscire risalendo le sponde rocciose. Una squadra del Soccorso alpino di Belluno si \u00e8 quindi recata sul posto e ha recuperato il ragazzo, un 22ene che era assieme alla compagna, \u00e8 in via precauzionale lo ha accompagnato all&#8217;ospedale per sincerarsi non avesse riportato conseguenze.<\/p>\n<p><strong>AURONZO<\/strong> Verso le 13 l&#8217;elicottero del Suem di Pieve di Cadore \u00e8 volato lungo il sentiero Minazio, che collega il Bivacco Comici al San Marco, per un 48enne olandese che era caduto e si era procurato una sospetta frattura alla gamba. Recuperato con un verricello di 15 metri, l&#8217;uomo \u00e8 stato trasportato all&#8217;ospedale di Belluno. Il compagno che era con lui ha proseguito autonomamente.<\/p>\n<p><strong>AURONZO <\/strong>Subito dopo l&#8217;eliambulanza \u00e8 intervenuta sulla Ferrata Roghel, poich\u00e9 una turista tedesca di 62 anni aveva riportato un sospetto trauma alla gamba. La donna, che si trovava sul versante Auronzo, \u00e8 stata issata a bordo dal tecnico di elisoccorso sempre con l&#8217;utilizzo del verricello e portata a Belluno.<\/p>\n<p>&nbsp;<\/p>\n<p>&nbsp;<\/p>\n<p>&nbsp;<\/p>\n<hr \/>\n<p>&nbsp;<\/p>\n<blockquote>\n<h3>RIAPRONO I CANTIERI GSP, DISAGI AL QUADRIVIO DELL&#8217;UNIONE MONTANA<\/h3>\n<p><em><a class=\"dt-pswp-item\" href=\"https:\/\/www.radiopiu.net\/wordpress\/wp-content\/uploads\/2022\/08\/Schermata-2022-08-22-alle-17.35.19.png\" data-dt-img-description=\"\" data-large_image_width=\"1556\" data-large_image_height=\"1160\"><img loading=\"lazy\" decoding=\"async\" class=\"size-thumbnail wp-image-294125 alignleft\" src=\"https:\/\/www.radiopiu.net\/wordpress\/wp-content\/uploads\/2022\/08\/Schermata-2022-08-22-alle-17.35.19-150x150.png\" alt=\"\" width=\"150\" height=\"150\" \/><\/a>Divieto di transito in Via Insurrezione, nel tratto compreso tra l\u2019incrocio con la Via 27 Aprile 1945 e la via 4 Novembre 1918; istituzione di un senso unico alternato, regolato da impianto semaforico, nel tratto della ex S.R. 203 \u201cAgordina\u201d<\/em><\/p><\/blockquote>\n<p><strong>AGORDO<\/strong> dal 5 al 10 settembre modifiche alla viabilit\u00e0 interesseranno via Insurrezione all&#8217;altezza dell&#8217;Officina della Casa (centro commerciale Ganz) e fino all&#8217;incrocio con via 27 aprile e via via 4 Novembre 1918. Lungo la regionale 203 agordina non sono previste sospensioni totali, ovvero la ditta interessata provveder\u00e0 a regolare il traffico a senso unico alternato con movieri o semaforo. Diversa la questione lungo la 346 del Duran e Cereda, infatti in prossimit\u00e0 del Centro commerciale Ganz (ingresso per Officina della Casa) e quindi fino a poco prima dell&#8217;intersezione con Viale Sommariva \u00e8 prevista l&#8217;interdizione totale al transito dei veicoli. In questo caso sono previste deviazioni sulla viabilit\u00e0 alternativa. Per chi proviene dalla zone industriale (o dalle stazione Dolomitibus) potr\u00e0 raggiungere il centro da Viale Sommariva (fronte scuole-municipio) e quindi per Corso Patrioti fino a Piazza Libert\u00e0. Per il senso inverso (essendo Viale Sommariva a Senso Unico) potr\u00e0\u00a0 percorrere o la tangenziale, oppure via teto Piciol.<\/p>\n<p>&nbsp;<\/p>\n<p>&nbsp;<\/p>\n<blockquote>\n<h3>DOLOMITIBUS: VARIAZIONE DI SERVIZIO AD AGORDO PER I LAVORI IN VIA INSURREZIONE<\/h3>\n<\/blockquote>\n<p><strong>AGORDO<\/strong> DolomitiBus comunica che, in occasione dei cantieri di GSP ad Agordo, verr\u00e0 effettuata una variazione di servizio. In centro ad Agordo, per lavori di manutenzione alla rete idrica, \u00e8 stato stabilito il divieto di transito in Via Insurrezione, tra l\u2019incrocio con la S.R. 203 Agordina e il negozio \u201cStile Libero\u201d dalle 7.00 del 5 settembre alle 17:00 del 10 settembre e comunque fino al termine dei lavori. Durante l\u2019interruzione, le corse delle linee extraurbane 1-2-3-6 e le corse per la zona industriale di Valcozzena raggiungeranno l\u2019autostazione di Agordo transitando via circonvallazione di Agordo. Le fermate di Pr\u00e0 Grande, Agordo Distributore Agip, Toccol, Toccol Centrale, Bries e Taibon San Cipriano saranno soppresse e sar\u00e0 attivata la fermata provvisoria \u201cPas\u201d, nelle vicinanze della rotatoria dei Vigili del Fuoco (come da mappa). Durante l\u2019interruzione, la linea extraurbana n. 7 Villanova &#8211; Agordo &#8211; La Valle raggiunger\u00e0 l\u2019autostazione di Agordo transitando sul percorso alternativo \u201cLa Valle \u2013 Ospedale (se previsto da orario) \u2013 Pra Grande \u2013 circonvallazione di Agordo \u2013 Agordo Autostazione \u2013 circonvallazione di Agordo \u2013 Strapont \u2013 Villanova\u201d. Le fermate Taibon ai Napi, Taibon Municipio, Taibon San Cipriano, Bries, Toccol Centrale, Toccol, Agordo Piazza e Agordo Distributore Agip (ad esclusione delle corse per l\u2019ospedale) saranno temporaneamente soppresse e sar\u00e0 attivata la fermata \u201cvia Strapont\u201d sul percorso alternativo: \u201cvia Strapont\u201d in direzione Taibon \u2013 Agordo, subito prima del ponte sul Cordevole, \u201cvia Strapont\u201d in direzione Agordo \u2013 Taibon, di fronte al mobilificio, subito prima del ponte sul Cordevole.<\/p>\n<p><a class=\"dt-pswp-item\" href=\"https:\/\/www.radiopiu.net\/wordpress\/wp-content\/uploads\/2022\/09\/57ffce25-bace-4f21-9867-09eb2b554a45.jpg\" data-dt-img-description=\"\" data-large_image_width=\"1239\" data-large_image_height=\"634\"><br \/>\n<img loading=\"lazy\" decoding=\"async\" class=\"wp-image-295559 size-large aligncenter\" src=\"https:\/\/www.radiopiu.net\/wordpress\/wp-content\/uploads\/2022\/09\/57ffce25-bace-4f21-9867-09eb2b554a45-1024x524.jpg\" alt=\"\" width=\"1024\" height=\"524\" srcset=\"https:\/\/www.radiopiu.net\/wordpress\/wp-content\/uploads\/2022\/09\/57ffce25-bace-4f21-9867-09eb2b554a45-1024x524.jpg 1024w, https:\/\/www.radiopiu.net\/wordpress\/wp-content\/uploads\/2022\/09\/57ffce25-bace-4f21-9867-09eb2b554a45-300x154.jpg 300w, https:\/\/www.radiopiu.net\/wordpress\/wp-content\/uploads\/2022\/09\/57ffce25-bace-4f21-9867-09eb2b554a45-768x393.jpg 768w, https:\/\/www.radiopiu.net\/wordpress\/wp-content\/uploads\/2022\/09\/57ffce25-bace-4f21-9867-09eb2b554a45.jpg 1239w\" sizes=\"auto, (max-width: 1024px) 100vw, 1024px\" \/><\/a><\/p>\n<p>&nbsp;<\/p>\n<p>&nbsp;<\/p>\n<hr \/>\n<p>&nbsp;<\/p>\n<blockquote>\n<h3>TORNA POTABILE L&#8217;ACQUA IN ALCUNE ZONE DI GOSALDO<\/h3>\n<\/blockquote>\n<p><strong>GOSALDO<\/strong> Gestione Servizi Pubblici informa che a GOSALDO nelle localit\u00e0 LE CASE, CURTI, INCASAL,CAVELLERA e dal c.n. 26 al c.n. 29 di Via S. ANDREA l&#8217;acqua erogata dall&#8217;acquedotto \u00e8 di nuovo potabile e pu\u00f2 essere usata, quindi, per scopi alimentari. nelle localit\u00e0 LE FOCHE, LAMBROI, DENEORE, MAGAIT, REN, SELLE, COL TAMAI, BITTI, GIARDOI, PETTUINE, l&#8217;acqua erogata dall&#8217;acquedotto non \u00e8 potabile e pu\u00f2 essere usata per scopi alimentari SOLO PREVIA bollitura.<\/p>\n<p>&nbsp;<\/p>\n<blockquote>\n<h3>A TAIBON DUE FRAZIONI CON L&#8217;ACQUA NON POTABILE, ANCHE A CENCENIGHE<\/h3>\n<\/blockquote>\n<p><strong>TAIBON<\/strong> Gestione Servizi Pubblici informa che a TAIBON AGORDINO nelle localit\u00e0 RONCH DE BUOS e NOGAROLA l&#8217;acqua erogata dall&#8217;acquedotto non \u00e8 potabile e pu\u00f2 essere usata per scopi alimentari SOLO PREVIA bollitura. GSP ha, comunque, gi\u00e0 adottato le necessarie misure per la disinfezione dell&#8217;acqua presente nei serbatoi e nella rete idrica con l&#8217;aggiunta di cloro.<\/p>\n<p><strong>CENCENIGHE<\/strong> in localit\u00e0 COLLAZ l&#8217;acqua erogata dall&#8217;acquedotto non \u00e8 potabile e non pu\u00f2 essere usata per scopi alimentari. GSP ha, comunque, gi\u00e0 adottato le necessarie misure per la disinfezione dell&#8217;acqua presente nei serbatoi e nella rete idrica con l&#8217;aggiunta di cloro.<\/p>\n<p>&nbsp;<\/p>\n<blockquote>\n<h3>ACQUA NON POTABILE A VALLADA E FALCADE<\/h3>\n<\/blockquote>\n<p><b>VALLADA<\/b> Gestione Servizi Pubblici informa che a VALLADA AGORDINA nelle LOCALITA&#8217; ANDRICH, SACCHET, TOFFOL, CELAT e MAS, l&#8217;acqua erogata dall&#8217;acquedotto non \u00e8 potabile e pu\u00f2 essere usata per scopi alimentari SOLO PREVIA bollitura. GSP ha, comunque, gi\u00e0 adottato le necessarie misure per la disinfezione dell&#8217;acqua presente nei serbatoi e nella rete idrica con l&#8217;aggiunta di cloro.<\/p>\n<p><strong>FALCADE<\/strong> Anche a Falcade nelle localit\u00e0 FALCADE ALTO, VILLOTTA, LA FOCA ed in via MAS DE LE MOLE, l&#8217;acqua erogata dall&#8217;acquedotto non \u00e8 potabile e pu\u00f2 essere usata per scopi alimentari SOLO PREVIA bollitura.<\/p>\n<p>&nbsp;<\/p>\n<blockquote>\n<h3>GSP: OGGI INTERRUZIONE PROGRAMMATA AD AGORDO<\/h3>\n<\/blockquote>\n<p><strong>AGORDO<\/strong> Gestione Servizi Pubblici informa che, per lavori alla rete idrica comunale, OGGI dalle ore 10:00 alle ore 17:00, e comunque FINO A FINE LAVORI, verr\u00e0 sospesa l\u2019erogazione dell\u2019acqua ad AGORDO, nelle vie INSURREZIONE, 4 NOVEMBRE 1918 ed R. COSTA e nelle localit\u00e0 PARECH, TOCCOL e BRIES. Il personale addetto operer\u00e0 per limitare il pi\u00f9 possibile i disagi alla popolazione.<\/p>\n<p>&nbsp;<\/p>\n<p>&nbsp;<\/p>\n<hr \/>\n<p>&nbsp;<\/p>\n<p>&nbsp;<\/p>\n<hr \/>\n<p>&nbsp;<\/p>\n<blockquote>\n<h3>PREFETTURA, QUESTURA E POLIZIA STRADALE SOFFRONO DI CARENZA DI PERSONALE<\/h3>\n<\/blockquote>\n<p><strong><a class=\"dt-pswp-item\" href=\"https:\/\/www.radiopiu.net\/wordpress\/wp-content\/uploads\/2022\/09\/e78a12e1-a2ef-46dc-9c6a-a25ceae4d18b-1.jpg\" data-dt-img-description=\"\" data-large_image_width=\"1600\" data-large_image_height=\"901\"><img loading=\"lazy\" decoding=\"async\" class=\"size-thumbnail wp-image-296022 alignleft\" src=\"https:\/\/www.radiopiu.net\/wordpress\/wp-content\/uploads\/2022\/09\/e78a12e1-a2ef-46dc-9c6a-a25ceae4d18b-1-150x150.jpg\" alt=\"\" width=\"150\" height=\"150\" \/><\/a>BELLUNO<\/strong><\/p>\n<p>di Moreno Gioli<\/p>\n<audio class=\"wp-audio-shortcode\" id=\"audio-295989-1\" preload=\"none\" style=\"width: 100%;\" controls=\"controls\"><source type=\"audio\/mpeg\" src=\"https:\/\/www.radiopiu.net\/wordpress\/wp-content\/uploads\/2022\/09\/GIOLI-PREFETTURA.mp3?_=1\" \/><a href=\"https:\/\/www.radiopiu.net\/wordpress\/wp-content\/uploads\/2022\/09\/GIOLI-PREFETTURA.mp3\">https:\/\/www.radiopiu.net\/wordpress\/wp-content\/uploads\/2022\/09\/GIOLI-PREFETTURA.mp3<\/a><\/audio>\n<p>&nbsp;<\/p>\n<p><strong>ANGELO COSTANZA &#8211; FP CISL<\/strong><\/p>\n<audio class=\"wp-audio-shortcode\" id=\"audio-295989-2\" preload=\"none\" style=\"width: 100%;\" controls=\"controls\"><source type=\"audio\/mpeg\" src=\"https:\/\/www.radiopiu.net\/wordpress\/wp-content\/uploads\/2022\/09\/ANGELO-COSTANZA-fp-cisl.mp3?_=2\" \/><a href=\"https:\/\/www.radiopiu.net\/wordpress\/wp-content\/uploads\/2022\/09\/ANGELO-COSTANZA-fp-cisl.mp3\">https:\/\/www.radiopiu.net\/wordpress\/wp-content\/uploads\/2022\/09\/ANGELO-COSTANZA-fp-cisl.mp3<\/a><\/audio>\n<p>&nbsp;<\/p>\n<p><strong>ALESSANDRO BAZZEATO &#8211; CONFINTESA<\/strong><\/p>\n<audio class=\"wp-audio-shortcode\" id=\"audio-295989-3\" preload=\"none\" style=\"width: 100%;\" controls=\"controls\"><source type=\"audio\/mpeg\" src=\"https:\/\/www.radiopiu.net\/wordpress\/wp-content\/uploads\/2022\/09\/ALESSANDRO-BAZZEATO-confintesa.mp3?_=3\" \/><a href=\"https:\/\/www.radiopiu.net\/wordpress\/wp-content\/uploads\/2022\/09\/ALESSANDRO-BAZZEATO-confintesa.mp3\">https:\/\/www.radiopiu.net\/wordpress\/wp-content\/uploads\/2022\/09\/ALESSANDRO-BAZZEATO-confintesa.mp3<\/a><\/audio>\n<p>&nbsp;<\/p>\n<hr \/>\n<p>&nbsp;<\/p>\n<blockquote>\n<h3>\u201cINVESTI SCUOLA\u201d E\u2019 PARTITO: DAL POMERIGGIO I PRIMI ABBONAMENTI CALMIERATI<\/h3>\n<\/blockquote>\n<p><strong><a class=\"dt-pswp-item\" href=\"https:\/\/www.radiopiu.net\/wordpress\/wp-content\/uploads\/2020\/06\/4b299438-d3cd-4953-bb41-b739ff3291f9.jpg\" data-dt-img-description=\"\" data-large_image_width=\"2048\" data-large_image_height=\"1536\"><img loading=\"lazy\" decoding=\"async\" class=\"size-thumbnail wp-image-144900 alignleft\" src=\"https:\/\/www.radiopiu.net\/wordpress\/wp-content\/uploads\/2020\/06\/4b299438-d3cd-4953-bb41-b739ff3291f9-150x150.jpg\" alt=\"\" width=\"150\" height=\"150\" \/><\/a>BELLUNO <\/strong>Conclusa la procedura di rifinanziamento di \u201cInvesti scuola\u201d, da ieri pomeriggio gli studenti bellunesi possono acquistare titoli di viaggio per i bus a prezzo calmierato. Dopo i ritardi delle ultime settimane, parte quindi la campagna abbonamenti in vista dell\u2019anno scolastico. \u00ab<em>Manca meno di una settimana alla prima campanella. Abbiamo dovuto fare le corse, ma ora finalmente si pu\u00f2 partire con \u201cInvesti scuola\u201d<\/em>\u00bb sottolinea il consigliere provinciale delegato ai trasporti. \u00ab<em>Ci auguriamo possa essere un anno scolastico sereno per i ragazzi e che possa essere l\u2019anno della ripartenza per il trasporto pubblico locale, dopo il periodo buio della pandemia che tanti danni ha provocato anche a questo settore. Proprio per dare un segnale concreto di vicinanza alle famiglie e spingere all\u2019utilizzo del mezzo pubblico, abbiamo sostenuto nuovamente \u201cInvesti scuola\u201d<\/em>\u00bb. Per \u201cInvesti scuola\u201d, sono gi\u00e0 state attivate le biglietterie di Dolomitibus. Hanno diritto all\u2019agevolazione gli studenti residenti in provincia di Belluno frequentanti una scuola secondaria di secondo grado, pubblica o privata, o un centro di formazione professionale regionale che utilizzano il servizio di trasporto pubblico locale per raggiungere il proprio istituto scolastico. Gli abbonamenti vengono tutti allineati alla fascia chilometrica pi\u00f9 bassa, indipendentemente dal tragitto casa-scuola percorso. Il mensile quindi costa per tutti 36 euro; l\u2019annuale 10 mesi costa 295 euro, mentre l\u2019annuale 12 mesi 330,50 euro. Sono rimborsabili anche gli abbonamenti sottoscritti con aziende di trasporto pubblico locale non convenzionate con la Provincia di Belluno o con aziende di trasporto ferroviario. In questo caso la maggiore spesa sostenuta rispetto a quella agevolata sar\u00e0 rimborsata direttamente dalla Provincia su richiesta da far pervenire all\u2019ente entro le ore 12 del 14 luglio 2023. Confermato anche il supporto economico per eventuali affitti. Gli studenti che sostengono delle spese per l\u2019alloggio distante almeno 35 chilometri dalla residenza, possono chiederne il rimborso alla Provincia per un importo annuale massimo di 1.000 euro.<\/p>\n<p>&nbsp;<\/p>\n<p>&nbsp;<\/p>\n<hr \/>\n<p>&nbsp;<\/p>\n<blockquote>\n<h3>DOLOMITI AMBIENTE SARA&#8217; CEDUTA ALLE QUATTRO AZIENDE CHE RACCOLGONO RIFIUTI IN PROVINCIA<\/h3>\n<\/blockquote>\n<p><strong><a class=\"dt-pswp-item\" href=\"https:\/\/www.radiopiu.net\/wordpress\/wp-content\/uploads\/2020\/10\/Raccolta_Ponte_nelle_Alpi.jpg\" data-dt-img-description=\"\" data-large_image_width=\"924\" data-large_image_height=\"616\"><img loading=\"lazy\" decoding=\"async\" class=\"size-thumbnail wp-image-166380 alignleft\" src=\"https:\/\/www.radiopiu.net\/wordpress\/wp-content\/uploads\/2020\/10\/Raccolta_Ponte_nelle_Alpi-150x150.jpg\" alt=\"\" width=\"150\" height=\"150\" \/><\/a>BELLUNO<\/strong><\/p>\n<p>di Moreno Gioli<\/p>\n<audio class=\"wp-audio-shortcode\" id=\"audio-295989-4\" preload=\"none\" style=\"width: 100%;\" controls=\"controls\"><source type=\"audio\/mpeg\" src=\"https:\/\/www.radiopiu.net\/wordpress\/wp-content\/uploads\/2022\/09\/GIOLI-DOLOMITI-AMBIENTE.mp3?_=4\" \/><a href=\"https:\/\/www.radiopiu.net\/wordpress\/wp-content\/uploads\/2022\/09\/GIOLI-DOLOMITI-AMBIENTE.mp3\">https:\/\/www.radiopiu.net\/wordpress\/wp-content\/uploads\/2022\/09\/GIOLI-DOLOMITI-AMBIENTE.mp3<\/a><\/audio>\n<p>&nbsp;<\/p>\n<hr \/>\n<p>&nbsp;<\/p>\n<blockquote>\n<h3>STANZIATI 4,4 MILIONI PER IL POTENZIAMENTO DELL&#8217;IMPIANTO DI MARISIGA A BELLUNO<\/h3>\n<\/blockquote>\n<p><strong><a class=\"dt-pswp-item\" href=\"https:\/\/www.radiopiu.net\/wordpress\/wp-content\/uploads\/2022\/09\/fogne.jpg\" data-dt-img-description=\"\" data-large_image_width=\"1140\" data-large_image_height=\"550\"><img loading=\"lazy\" decoding=\"async\" class=\"size-thumbnail wp-image-296025 alignleft\" src=\"https:\/\/www.radiopiu.net\/wordpress\/wp-content\/uploads\/2022\/09\/fogne-150x150.jpg\" alt=\"\" width=\"150\" height=\"150\" \/><\/a>VENEZIA<\/strong> La Giunta regionale, su proposta dell\u2019assessore alla Difesa del suolo e mitigazione del rischio idrogeologico, ha deliberato l\u2019approvazione degli investimenti per l\u2019adeguamento delle opere di fognatura e depurazione finanziabili con le risorse del PNNR. Tra queste sono stati inseriti i due stralci per il potenziamento dell\u2019impianto di Marisiga a Belluno. \u201cIn base ai criteri e alle priorit\u00e0 &#8211; spiega l&#8217;assessore &#8211; \u00e8 stata valutata positivamente la proposta avanzata dal Consiglio di bacino Dolomiti Bellunesi, che sar\u00e0 finanziato con ben 4,4 milioni di euro in due stralci funzionali, il primo di 2.935.000 euro e il secondo di 1.465.000 euro\u201d. Un intervento importante che permetter\u00e0 un cambio di passo e l\u2019adeguamento per un lungo periodo di tempo dell\u2019impianto. \u201c<em>Preziose risorse a beneficio del territorio, e nel caso specifico della citt\u00e0 di Belluno \u2013 conclude l\u2019assessore \u2013, a cui continuiamo a prestare estrema attenzione<\/em>\u201d.<\/p>\n<p>&nbsp;<\/p>\n<p>&nbsp;<\/p>\n<hr \/>\n<p>&nbsp;<\/p>\n<blockquote>\n<h3>RIAPERTA AL TRAFFICO LA SS 51 DI ALEMAGNA A VITTORIO VENETO<\/h3>\n<\/blockquote>\n<p><strong>VENEZIA <\/strong>Ieri alle 18 \u00e8 stata riaperta al traffico la strada statale 51 \u201cdi Alemagna\u201d tra il km 20,300 ed il km 21,800 a Vittorio Veneto, in provincia di Treviso. Anas ha infatti concluso le operazioni di ripristino del sistema di monitoraggio che era stato danneggiato dalle colate detritiche dello scorso 27 agosto e ha completato, in collaborazione con Autostrade per l\u2019Italia, gli interventi di svuotamento della vasca di contenimento, posta al km 21,700 e realizzata a protezione della statale, che ha correttamente svolto la sua funzione intercettando la colata detritica evitando cos\u00ec che il materiale invadesse la sede stradale.<\/p>\n\n\t\t\t<style type='text\/css'>\n\t\t\t\t#gallery-1 {\n\t\t\t\t\tmargin: auto;\n\t\t\t\t}\n\t\t\t\t#gallery-1 .gallery-item {\n\t\t\t\t\tfloat: left;\n\t\t\t\t\tmargin-top: 10px;\n\t\t\t\t\ttext-align: center;\n\t\t\t\t\twidth: 50%;\n\t\t\t\t}\n\t\t\t\t#gallery-1 img {\n\t\t\t\t\tborder: 2px solid #cfcfcf;\n\t\t\t\t}\n\t\t\t\t#gallery-1 .gallery-caption {\n\t\t\t\t\tmargin-left: 0;\n\t\t\t\t}\n\t\t\t\t\/* see gallery_shortcode() in wp-includes\/media.php *\/\n\t\t\t<\/style>\n\t\t<div id='gallery-1' class='dt-gallery-container gallery galleryid-295989 gallery-columns-2 gallery-size-thumbnail'><dl class='gallery-item'>\n\t\t\t\t<dt class='gallery-icon portrait'>\n\t\t\t\t\t<a class=\"rollover rollover-zoom dt-pswp-item\" title=\"SS 51 Vittorio Veneto lavori eseguiti (2)\" data-dt-img-description=\"\" data-large_image_width=\"1200\" data-large_image_height=\"1600\"href='https:\/\/www.radiopiu.net\/wordpress\/wp-content\/uploads\/2022\/09\/SS-51-Vittorio-Veneto-lavori-eseguiti-2.jpg'><img loading=\"lazy\" decoding=\"async\" width=\"150\" height=\"150\" src=\"https:\/\/www.radiopiu.net\/wordpress\/wp-content\/uploads\/2022\/09\/SS-51-Vittorio-Veneto-lavori-eseguiti-2-150x150.jpg\" class=\"attachment-thumbnail size-thumbnail\" alt=\"\" \/><\/a>\n\t\t\t\t<\/dt><\/dl><dl class='gallery-item'>\n\t\t\t\t<dt class='gallery-icon portrait'>\n\t\t\t\t\t<a class=\"rollover rollover-zoom dt-pswp-item\" title=\"SS 51 Vittorio Veneto lavori eseguiti (1)\" data-dt-img-description=\"\" data-large_image_width=\"970\" data-large_image_height=\"2048\"href='https:\/\/www.radiopiu.net\/wordpress\/wp-content\/uploads\/2022\/09\/SS-51-Vittorio-Veneto-lavori-eseguiti-1.jpg'><img loading=\"lazy\" decoding=\"async\" width=\"150\" height=\"150\" src=\"https:\/\/www.radiopiu.net\/wordpress\/wp-content\/uploads\/2022\/09\/SS-51-Vittorio-Veneto-lavori-eseguiti-1-150x150.jpg\" class=\"attachment-thumbnail size-thumbnail\" alt=\"\" \/><\/a>\n\t\t\t\t<\/dt><\/dl><br style=\"clear: both\" \/>\n\t\t\t<\/div>\n\n<p>&nbsp;<\/p>\n<hr \/>\n<p>&nbsp;<\/p>\n<blockquote>\n<h3>CONOSCERE IL LUPO PER FAVORIRE LA CONVIVENZA. PARCO NAZIONALE DOLOMITI BELLUNESI E UNIVERSITA&#8217; DI SASSARI INSIME PER LO STUDIO<\/h3>\n<\/blockquote>\n<p><strong><a class=\"dt-pswp-item\" href=\"https:\/\/www.radiopiu.net\/wordpress\/wp-content\/uploads\/2022\/09\/beautiful-and-elusive-eurasian-wolf-in-the-colorful-summer.jpg\" data-dt-img-description=\"\" data-large_image_width=\"1000\" data-large_image_height=\"667\"><img loading=\"lazy\" decoding=\"async\" class=\"size-thumbnail wp-image-296005 alignleft\" src=\"https:\/\/www.radiopiu.net\/wordpress\/wp-content\/uploads\/2022\/09\/beautiful-and-elusive-eurasian-wolf-in-the-colorful-summer-150x150.jpg\" alt=\"\" width=\"150\" height=\"150\" \/><\/a>FELTRE <\/strong>Dalla collaborazione tra il Parco e l\u2019Universit\u00e0 di Sassari nasce un nuovo progetto per studiare il predatore. <em>Conoscere sempre meglio le caratteristiche e il comportamento della fauna \u00e8 una delle finalit\u00e0 istitutive del Parco; nel caso del lupo l\u2019incremento delle conoscenze sull\u2019etologia e l\u2019ecologia della specie \u00e8 particolarmente importante, perch\u00e9 si tratta di un animale al vertice delle catene alimentari, che regola le popolazioni delle specie preda e perch\u00e9 una migliore conoscenza del comportamento del lupo pu\u00f2 aiutare a migliorare le strategie e le tecniche di prevenzione degli attacchi ai domestici. <\/em>La convivenza tra il lupo e le tradizionali attivit\u00e0 di allevamento \u00e8 un tema di scottante attualit\u00e0, che pu\u00f2 essere risolto con adeguate conoscenze e interventi di prevenzione. Il miglioramento della coesistenza tra lupo e zootecnia di montagna \u00e8 l\u2019obiettivo del progetto europeo LIFE Wolfalps, di cui il Parco Nazionale delle Dolomiti Bellunesi \u00e8 uno dei partner. Grazie ai fondi europei il Parco fornisce recinzioni elettriche, in comodato gratuito, agli allevatori, siano essi professionisti o semplici appassionati che hanno pochi capi. \u201c<em>Il Parco interviene concretamente al fianco degli allevatori \u2013 ha dichiarato il Presidente del Parco, Ennio Vigne \u2013 e all\u2019interno dell\u2019area protetta il numero di predazioni a carico dei domestici \u00e8 estremamente ridotto. Nel corso di questa stagione estiva abbiamo registrato, ad oggi, la perdita di soli tre capi negli alpeggi all\u2019interno del Parco<\/em>\u201d. Per questo motivo il Parco, utilizzando fondi del Ministero della Transizione Ecologica, ha stipulato una convenzione con il Dipartimento di medicina veterinaria dell\u2019Universit\u00e0 di Sassari per avviare una ricerca sul comportamento e l\u2019ecologia del lupo attraverso la radiotelemetria satellitare. Il progetto, coordinato dal professor Marco Apollonio, prevede la cattura di alcuni lupi, che saranno dotati di radiocollari in grado di rilevarne la posizione in tempo reale. La ricerca permetter\u00e0 di conoscere gli spostamenti degli animali e il loro comportamento, determinare quali prede selvatiche vengono consumate e quale sia il loro stato di salute, verificare in tempo reale l\u2019eventuale avvicinamento dei lupi agli allevamenti. Il nuovo progetto, di durata triennale, prender\u00e0 avvio questa settimana. \u201c<em>La ricerca \u00e8 una delle finalit\u00e0 istituzionali del Parco &#8211; ha dichiarato il Presidente Ennio Vigne \u2013 e questo nuovo progetto va ad aggiungersi alle numerose attivit\u00e0 scientifiche del Parco. Le informazioni raccolte con i progetti di studio e monitoraggio sono fondamentai per guidare le azioni di tutela condotte dal Parco; nel caso di questo nuovo progetto i dati raccolti saranno anche utili per migliorare le nostre attivit\u00e0 di prevenzione dei danni al bestiame, favorendo cos\u00ec la convivenza tra lupo e attivit\u00e0 zootecniche<\/em>\u201d. \u201c<em>Il progetto nasce da una positiva esperienza condotta sulle prealpi venete per la Regione del Veneto, &#8211; precisa il prof. Marco Apollonio, dell\u2019Universit\u00e0 di Sassari &#8211; attraverso la quale abbiamo avuto modo di seguire sei lupi con collare, che hanno gi\u00e0 fornito una grande quantit\u00e0 di dati riguardo i ritmi di attivit\u00e0, uso del territorio, rapporti con selvatici e domestici, dispersione. \u00c8 senza dubbio lo studio pi\u00f9 importante di telemetria condotto sull\u2019arco alpino e la possibilit\u00e0 di lavorare in questo settore delle Alpi, caratterizzato da popolazioni preda cos\u00ec ben strutturate, rappresenta senza dubbio una opportunit\u00e0 straordinaria per la conoscenza della specie in contesti di nuovo insediamento<\/em>\u201d<\/p>\n<p>&nbsp;<\/p>\n<p>&nbsp;<\/p>\n<hr \/>\n<p>&nbsp;<\/p>\n<blockquote>\n<h3>IL VENETO SI CONFERMA VIRTUOSO NELLA FORMAZIONE PROFESSIONALE<\/h3>\n<\/blockquote>\n<p><strong><a class=\"dt-pswp-item\" href=\"https:\/\/www.radiopiu.net\/wordpress\/wp-content\/uploads\/2018\/05\/lavoro.jpg\" data-dt-img-description=\"\" data-large_image_width=\"1280\" data-large_image_height=\"720\"><img loading=\"lazy\" decoding=\"async\" class=\"size-thumbnail wp-image-49672 alignleft\" src=\"https:\/\/www.radiopiu.net\/wordpress\/wp-content\/uploads\/2018\/05\/lavoro-150x150.jpg\" alt=\"\" width=\"150\" height=\"150\" \/><\/a>VENEZIA <\/strong>Con le sue 96 aziende che hanno avviato un corso di formazione aziendale, il Veneto si posiziona al sesto posto tra le regioni pi\u00f9 virtuose e conferma la sua vocazione nella preparazione e nell\u2019aggiornamento dei propri lavoratori. A testimoniarlo, i dati dei primi sei mesi \u00a0del 2022 di FondItalia (Fondo Formazione Italia) che ha chiuso il IV sportello relativo all\u2019Avviso FEMI 2022.01. Su un totale di 1.700 aziende che hanno partecipato a uno dei 485 progetti approvati da FondItalia, il 6% ha sede in Veneto. Nello specifico, hanno preso parte a un corso di formazione oltre 700 lavoratori veneti (737 per la precisione), pari al 5% del totale dei destinatari del periodo, che hanno beneficiato di contributi di poco superiori ai 195mila euro. I settori economici che pi\u00f9 hanno richiesto percorsi di formazione sono il commercio all\u2019ingrosso e al dettaglio (48 imprese per un totale di 1.300 ore di formazione) seguiti dalle attivit\u00e0 dei servizi di alloggio e ristorazione (12 imprese e un totale di oltre 600 ore\/formazione). Guardando ai dati sulle fasce di et\u00e0 dei lavoratori veneti si nota che in questi primi sei mesi dell\u2019anno hanno preso parte a un percorso formativo soprattutto dipendenti compresi tra i 30 e i 39 anni (il 37,6% del totale) seguiti da quelli compresi nella fascia 40\/49 anni (il 33%), mentre l\u201911% rientra nella fascia fino ai 29 anni.<\/p>\n<p>&nbsp;<\/p>\n<p>&nbsp;<\/p>\n<hr \/>\n<p>&nbsp;<\/p>\n<blockquote class=\"wp-embedded-content\" data-secret=\"b86UNkawue\"><p><a href=\"https:\/\/www.radiopiu.net\/wordpress\/aggnazionalesettembre-06\/\">CORONAVIRUS: AGGIORNAMENTO NAZIONALE 06 SETTEMBRE 2022<\/a><\/p><\/blockquote>\n<p><iframe loading=\"lazy\" class=\"wp-embedded-content\" sandbox=\"allow-scripts\" security=\"restricted\" style=\"position: absolute; clip: rect(1px, 1px, 1px, 1px);\" title=\"&#8220;CORONAVIRUS: AGGIORNAMENTO NAZIONALE 06 SETTEMBRE 2022&#8221; &#8212; Radio Pi\u00f9\" src=\"https:\/\/www.radiopiu.net\/wordpress\/aggnazionalesettembre-06\/embed\/#?secret=d9WjQKr3WA#?secret=b86UNkawue\" data-secret=\"b86UNkawue\" width=\"600\" height=\"338\" frameborder=\"0\" marginwidth=\"0\" marginheight=\"0\" scrolling=\"no\"><\/iframe><\/p>\n<p>&nbsp;<\/p>\n<blockquote class=\"wp-embedded-content\" data-secret=\"4TFJkhX8Sp\"><p><a href=\"https:\/\/www.radiopiu.net\/wordpress\/aziendazerosettembre06\/\">POCO PIU&#8217; DI 3 MILA NUOVI POSITIVI E 6 DECESSI IN 24 ORE NEL VENETO<\/a><\/p><\/blockquote>\n<p><iframe loading=\"lazy\" class=\"wp-embedded-content\" sandbox=\"allow-scripts\" security=\"restricted\" style=\"position: absolute; clip: rect(1px, 1px, 1px, 1px);\" title=\"&#8220;POCO PIU&#8217; DI 3 MILA NUOVI POSITIVI E 6 DECESSI IN 24 ORE NEL VENETO&#8221; &#8212; Radio Pi\u00f9\" src=\"https:\/\/www.radiopiu.net\/wordpress\/aziendazerosettembre06\/embed\/#?secret=SGEF7pxIUo#?secret=4TFJkhX8Sp\" data-secret=\"4TFJkhX8Sp\" width=\"600\" height=\"338\" frameborder=\"0\" marginwidth=\"0\" marginheight=\"0\" scrolling=\"no\"><\/iframe><\/p>\n<p>&nbsp;<\/p>\n<h2>I GRAFICI DI TIZIANO DE COL<\/h2>\n\n\t\t\t<style type='text\/css'>\n\t\t\t\t#gallery-2 {\n\t\t\t\t\tmargin: auto;\n\t\t\t\t}\n\t\t\t\t#gallery-2 .gallery-item {\n\t\t\t\t\tfloat: left;\n\t\t\t\t\tmargin-top: 10px;\n\t\t\t\t\ttext-align: center;\n\t\t\t\t\twidth: 33%;\n\t\t\t\t}\n\t\t\t\t#gallery-2 img {\n\t\t\t\t\tborder: 2px solid #cfcfcf;\n\t\t\t\t}\n\t\t\t\t#gallery-2 .gallery-caption {\n\t\t\t\t\tmargin-left: 0;\n\t\t\t\t}\n\t\t\t\t\/* see gallery_shortcode() in wp-includes\/media.php *\/\n\t\t\t<\/style>\n\t\t<div id='gallery-2' class='dt-gallery-container gallery galleryid-295989 gallery-columns-3 gallery-size-thumbnail'><dl class='gallery-item'>\n\t\t\t\t<dt class='gallery-icon landscape'>\n\t\t\t\t\t<a class=\"rollover rollover-zoom dt-pswp-item\" title=\"22d45a59-50a1-419f-a5a7-5fef12f120a5\" data-dt-img-description=\"\" data-large_image_width=\"606\" data-large_image_height=\"361\"href='https:\/\/www.radiopiu.net\/wordpress\/wp-content\/uploads\/2022\/09\/22d45a59-50a1-419f-a5a7-5fef12f120a5.jpg'><img loading=\"lazy\" decoding=\"async\" width=\"150\" height=\"150\" src=\"https:\/\/www.radiopiu.net\/wordpress\/wp-content\/uploads\/2022\/09\/22d45a59-50a1-419f-a5a7-5fef12f120a5-150x150.jpg\" class=\"attachment-thumbnail size-thumbnail\" alt=\"\" \/><\/a>\n\t\t\t\t<\/dt><\/dl><dl class='gallery-item'>\n\t\t\t\t<dt class='gallery-icon landscape'>\n\t\t\t\t\t<a class=\"rollover rollover-zoom dt-pswp-item\" title=\"20b3c4e8-6857-4bb9-b180-154cacd45237\" data-dt-img-description=\"\" data-large_image_width=\"607\" data-large_image_height=\"361\"href='https:\/\/www.radiopiu.net\/wordpress\/wp-content\/uploads\/2022\/09\/20b3c4e8-6857-4bb9-b180-154cacd45237.jpg'><img loading=\"lazy\" decoding=\"async\" width=\"150\" height=\"150\" src=\"https:\/\/www.radiopiu.net\/wordpress\/wp-content\/uploads\/2022\/09\/20b3c4e8-6857-4bb9-b180-154cacd45237-150x150.jpg\" class=\"attachment-thumbnail size-thumbnail\" alt=\"\" \/><\/a>\n\t\t\t\t<\/dt><\/dl><dl class='gallery-item'>\n\t\t\t\t<dt class='gallery-icon landscape'>\n\t\t\t\t\t<a class=\"rollover rollover-zoom dt-pswp-item\" title=\"2f22977a-1aea-4469-9bbd-34dcfdfc71fd\" data-dt-img-description=\"\" data-large_image_width=\"618\" data-large_image_height=\"358\"href='https:\/\/www.radiopiu.net\/wordpress\/wp-content\/uploads\/2022\/09\/2f22977a-1aea-4469-9bbd-34dcfdfc71fd.jpg'><img loading=\"lazy\" decoding=\"async\" width=\"150\" height=\"150\" src=\"https:\/\/www.radiopiu.net\/wordpress\/wp-content\/uploads\/2022\/09\/2f22977a-1aea-4469-9bbd-34dcfdfc71fd-150x150.jpg\" class=\"attachment-thumbnail size-thumbnail\" alt=\"\" \/><\/a>\n\t\t\t\t<\/dt><\/dl><br style=\"clear: both\" \/><dl class='gallery-item'>\n\t\t\t\t<dt class='gallery-icon landscape'>\n\t\t\t\t\t<a class=\"rollover rollover-zoom dt-pswp-item\" title=\"7a2188df-35fb-440b-a5fe-945314e21f23\" data-dt-img-description=\"\" data-large_image_width=\"612\" data-large_image_height=\"360\"href='https:\/\/www.radiopiu.net\/wordpress\/wp-content\/uploads\/2022\/09\/7a2188df-35fb-440b-a5fe-945314e21f23.jpg'><img loading=\"lazy\" decoding=\"async\" width=\"150\" height=\"150\" src=\"https:\/\/www.radiopiu.net\/wordpress\/wp-content\/uploads\/2022\/09\/7a2188df-35fb-440b-a5fe-945314e21f23-150x150.jpg\" class=\"attachment-thumbnail size-thumbnail\" alt=\"\" \/><\/a>\n\t\t\t\t<\/dt><\/dl><dl class='gallery-item'>\n\t\t\t\t<dt class='gallery-icon landscape'>\n\t\t\t\t\t<a class=\"rollover rollover-zoom dt-pswp-item\" title=\"c086baee-b7f7-44f5-84d6-540f5291e5dd\" data-dt-img-description=\"\" data-large_image_width=\"604\" data-large_image_height=\"362\"href='https:\/\/www.radiopiu.net\/wordpress\/wp-content\/uploads\/2022\/09\/c086baee-b7f7-44f5-84d6-540f5291e5dd.jpg'><img loading=\"lazy\" decoding=\"async\" width=\"150\" height=\"150\" src=\"https:\/\/www.radiopiu.net\/wordpress\/wp-content\/uploads\/2022\/09\/c086baee-b7f7-44f5-84d6-540f5291e5dd-150x150.jpg\" class=\"attachment-thumbnail size-thumbnail\" alt=\"\" \/><\/a>\n\t\t\t\t<\/dt><\/dl><dl class='gallery-item'>\n\t\t\t\t<dt class='gallery-icon landscape'>\n\t\t\t\t\t<a class=\"rollover rollover-zoom dt-pswp-item\" title=\"ddcee2ce-1fc2-4ac7-9490-e8f4c474f89e\" data-dt-img-description=\"\" data-large_image_width=\"610\" data-large_image_height=\"365\"href='https:\/\/www.radiopiu.net\/wordpress\/wp-content\/uploads\/2022\/09\/ddcee2ce-1fc2-4ac7-9490-e8f4c474f89e.jpg'><img loading=\"lazy\" decoding=\"async\" width=\"150\" height=\"150\" src=\"https:\/\/www.radiopiu.net\/wordpress\/wp-content\/uploads\/2022\/09\/ddcee2ce-1fc2-4ac7-9490-e8f4c474f89e-150x150.jpg\" class=\"attachment-thumbnail size-thumbnail\" alt=\"\" \/><\/a>\n\t\t\t\t<\/dt><\/dl><br style=\"clear: both\" \/>\n\t\t\t<\/div>\n\n<p>&nbsp;<\/p>\n<hr \/>\n<p>&nbsp;<\/p>\n<blockquote>\n<h3>DONAZIONI DI ORGANI E TESSUTI: IMPORTANTI RISULTATI NEI PRIMI MESI DEL 2022<\/h3>\n<\/blockquote>\n<p><strong><a class=\"dt-pswp-item\" href=\"https:\/\/www.radiopiu.net\/wordpress\/wp-content\/uploads\/2021\/03\/ULSS-1.jpg\" data-dt-img-description=\"\" data-large_image_width=\"776\" data-large_image_height=\"408\"><img loading=\"lazy\" decoding=\"async\" class=\"alignleft wp-image-198838 \" src=\"https:\/\/www.radiopiu.net\/wordpress\/wp-content\/uploads\/2021\/03\/ULSS-1-300x158.jpg\" alt=\"\" width=\"178\" height=\"94\" srcset=\"https:\/\/www.radiopiu.net\/wordpress\/wp-content\/uploads\/2021\/03\/ULSS-1-300x158.jpg 300w, https:\/\/www.radiopiu.net\/wordpress\/wp-content\/uploads\/2021\/03\/ULSS-1-768x404.jpg 768w, https:\/\/www.radiopiu.net\/wordpress\/wp-content\/uploads\/2021\/03\/ULSS-1.jpg 776w\" sizes=\"auto, (max-width: 178px) 100vw, 178px\" \/><\/a>BELLUNO <\/strong>Secondo il report del Centro Regionale Trapianti Veneto relativo alle donazioni di organi e tessuti, l\u2019Ulss 1 &#8211; Dolomiti nei primi 7 mesi del 2022 \u00e8 tornata alla piena operativit\u00e0 in questo ambito, dopo il periodo pandemico. La collaborazione fra tutte le professionalit\u00e0 coinvolte nella individuazione dei potenziali donatori e nel coordinamento del prelievo di organi e tessuti ha permesso di donare nuova vita e speranze, grazie alla sensibilit\u00e0 di molte persone che con grande generosit\u00e0 e spirito di solidariet\u00e0 hanno scelto di donare. Da gennaio a luglio 2022, 3 persone hanno donato gli organi (nel 2021 c\u2019erano stati 0 casi, 1 nel 2020). Non \u00e8 stata registrata alcuna opposizione alla donazione; i valori di solidariet\u00e0 e generosit\u00e0 che contraddistinguono il modo di vivere nelle nostra provincia e l\u2019approccio adottato per avvicinare le famiglie dei potenziali donatori hanno portato ad una scelta favorevole. Oltre alla donazione di organi \u00e8 possibile la donazione di tessuti oculari, nei casi di decesso prima degli 80 anni compiuti, e di altri tessuti in caso di decesso sotto i 65 anni. Sempre da gennaio a luglio 2022, quindi in soli sette mesi, nella intera ULSS 1-Dolomiti le donazioni da cavare di tessuti oculari sono state 64 (rispetto alle 47 dell\u2019intero 2021 e alle 71 del 2020); le donazioni multi tessuto sono state 7 (rispetto alle 6 del 2021 e alle 9 del 2020 sempre nell\u2019arco dell\u2019intero anno); le donazioni di cute 6 (rispetto alle 5 del 2021 e 2020). A questi donatori si aggiungono i donatori viventi; si tratta di persone sottoposte ad un intervento chirurgico programmato che hanno acconsentito alla donazione del tessuto prelevato a scopo di trapianto, come ad esempio,segmenti ossei, la membrana amniotica o il tessuto vascolare, in alcune particolari condizioni, possono essere utilizzati per applicare cure avanzate e favorire la guarigione da malattie rilevanti, come le lesioni estese della cute. Le donazioni di placenta nei primi sette mesi del 2022 sono state 17, pi\u00f9 che raddoppiate rispetto all\u2019intero 2020 e quelle di tessuto osseo da vivente sono state 23 (rispetto alle 9 del 2020). Donare la placenta \u00e8 un gesto di alto significato altruistico, senza rischi per la donatrice: in un giorno di gioia come quello di una nuova nascita, le mamme hanno la possibilit\u00e0 di dare sollievo a tanti malati con un gesto di generosit\u00e0.<\/p>\n<p>&nbsp;<\/p>\n<p>&nbsp;<\/p>\n<hr \/>\n<p>&nbsp;<\/p>\n<blockquote>\n<h3>NUOVE NOMINE NELL\u2019ESECUTIVO DEL COMITATO DI BELLUNO. SILVIA TORMEN, SINDACO DI TAIBON, PRENDE IL POSTO DI GIOVANNI FERRINI<\/h3>\n<\/blockquote>\n<p><a class=\"dt-pswp-item\" href=\"https:\/\/www.radiopiu.net\/wordpress\/wp-content\/uploads\/2019\/05\/TAIBON-SILVIA-TORMEN.jpeg\" data-dt-img-description=\"SILVIA TORMEN\" data-large_image_width=\"1062\" data-large_image_height=\"1600\"><img loading=\"lazy\" decoding=\"async\" class=\"wp-image-86482 size-thumbnail alignleft\" src=\"https:\/\/www.radiopiu.net\/wordpress\/wp-content\/uploads\/2019\/05\/TAIBON-SILVIA-TORMEN-150x150.jpeg\" alt=\"\" width=\"150\" height=\"150\" \/><\/a><strong>BELLUNO <\/strong>Nominati i due membri mancanti dell\u2019esecutivo del Comitato dei sindaci di Belluno: ora il gruppo \u00e8 al completo. A sostituire Nicola Zambelli sar\u00e0, per l\u2019area del Comelico, il vice sindaco di Danta Mirco Menia mentre il sindaco di Taibon Silvia Tormen riceve il testimone dall\u2019ex vice sindaco di Falcade, Giovanni Ferrini. L\u2019incontro, tenutosi nella sala consiliare di Palazzo Rosso ieri mattina, \u00e8 stato anche l\u2019occasione per affrontare il tema delle case di riposo, dei problemi legati alla mancanza di personale e ai costi energetici; a questo proposito, i primi cittadini si sono trovati d\u2019accordo nel costituire un gruppo di lavoro che discuter\u00e0 insieme per trovare soluzioni riunendosi a cadenza regolare una volta al mese. Al momento il numero di posti letto accreditati nelle case di riposo della provincia \u00e8 sufficiente a coprire interamente la domanda, se solo le rsa potessero attivarli tutti. Il nodo, noto ma ribadito ieri, \u00e8 infatti proprio quello della mancanza di personale che impone una riduzione della capacit\u00e0 di ospitalit\u00e0 delle strutture con conseguente formazione di liste d\u2019attesa. Su questo tema si sono concentrate buona parte delle riflessioni dei sindaci, unanimi nell\u2019intenzione di supportare con campagne informative nelle scuole l\u2019adesione di giovani ai corsi di formazione per Oss, ma anche concordi sulla necessit\u00e0 di attivare politiche per attrarre famiglie da fuori provincia a vivere e lavorare sul territorio. Lo spopolamento e il numero di lavoratori, di fatto insufficiente ai fabbisogni del territorio, impongono di essere attrattivi per coprire la carenza di oss e di infermieri con personale esterno. Altro problema affrontato ieri \u00e8 stato quello dei costi energetici. Anche su questo i sindaci si sono trovati d\u2019accordo nel cercare, da qui in avanti, soluzioni comuni che possano passare, anche, per acquisti collettivi di servizi e di beni, cos\u00ec da spuntare costi migliori. Lavorare insieme, infine, sar\u00e0 anche il modo per gestire in modo pi\u00f9 efficace i servizi dentro le strutture, personale compreso.<\/p>\n<p>&nbsp;<\/p>\n<p>&nbsp;<\/p>\n<hr \/>\n<p>&nbsp;<\/p>\n<blockquote>\n<h3>IL PRESIDENTE RICEVE A PALAZZO PILONI IL NUOVO COMANDANTE PROVINCIALE DEI CARABINIERI<\/h3>\n<\/blockquote>\n<p><strong>BELLUNO<\/strong> \u00abSiamo una provincia che conosce il senso della legalit\u00e0, in cui fortunatamente non sono presenti problemi che hanno invece altri territori. Ma questo non significa sedersi, perch\u00e9 la tranquillit\u00e0 va conservata giorno dopo giorno. Ce lo siamo detti chiaramente e concordo su questa linea con il nuovo comandante provinciale dei carabinieri\u00bb. Lo dice il presidente della Provincia di Belluno, che questa mattina ha ricevuto a Palazzo Piloni il nuovo comandante provinciale dei carabinieri, il colonnello Enrico Pigozzo. Durante il cordiale incontro, il presidente ha illustrato la situazione complessiva del territorio provinciale, chiamato a ospitare le Olimpiadi invernali 2026. \u00abUna sfida che \u00e8 gi\u00e0 in corso e ci vede obbligati a ridurre i tempi per la gestione dei cantieri. Questo non significa chiudere gli occhi o alleggerire la vigilanza su sicurezza e legalit\u00e0. E proprio per questo confidiamo nell\u2019ottimo lavoro delle forze dell\u2019ordine e nell\u2019impegno dei carabinieri\u00bb. \u00abAuguro buon lavoro al colonnello Pigozzo, assicurandogli l\u2019ospitalit\u00e0 che il territorio sa dare e tutta la collaborazione dell\u2019ente Provincia\u00bb conclude il presidente. Oltre al Presidente della Provincia, il nuovo Comandante Provinciale dei Carabinieri ha fatto visita anche al primo cittadino di Belluno.<\/p>\n\n\t\t\t<style type='text\/css'>\n\t\t\t\t#gallery-3 {\n\t\t\t\t\tmargin: auto;\n\t\t\t\t}\n\t\t\t\t#gallery-3 .gallery-item {\n\t\t\t\t\tfloat: left;\n\t\t\t\t\tmargin-top: 10px;\n\t\t\t\t\ttext-align: center;\n\t\t\t\t\twidth: 50%;\n\t\t\t\t}\n\t\t\t\t#gallery-3 img {\n\t\t\t\t\tborder: 2px solid #cfcfcf;\n\t\t\t\t}\n\t\t\t\t#gallery-3 .gallery-caption {\n\t\t\t\t\tmargin-left: 0;\n\t\t\t\t}\n\t\t\t\t\/* see gallery_shortcode() in wp-includes\/media.php *\/\n\t\t\t<\/style>\n\t\t<div id='gallery-3' class='dt-gallery-container gallery galleryid-295989 gallery-columns-2 gallery-size-medium'><dl class='gallery-item'>\n\t\t\t\t<dt class='gallery-icon portrait'>\n\t\t\t\t\t<a class=\"rollover rollover-zoom dt-pswp-item\" title=\"PHOTO-2022-09-06-12-29-26\" data-dt-img-description=\"\" data-large_image_width=\"631\" data-large_image_height=\"1024\"href='https:\/\/www.radiopiu.net\/wordpress\/wp-content\/uploads\/2022\/09\/PHOTO-2022-09-06-12-29-26.jpg'><img loading=\"lazy\" decoding=\"async\" width=\"185\" height=\"300\" src=\"https:\/\/www.radiopiu.net\/wordpress\/wp-content\/uploads\/2022\/09\/PHOTO-2022-09-06-12-29-26-185x300.jpg\" class=\"attachment-medium size-medium\" alt=\"\" srcset=\"https:\/\/www.radiopiu.net\/wordpress\/wp-content\/uploads\/2022\/09\/PHOTO-2022-09-06-12-29-26-185x300.jpg 185w, https:\/\/www.radiopiu.net\/wordpress\/wp-content\/uploads\/2022\/09\/PHOTO-2022-09-06-12-29-26.jpg 631w\" sizes=\"auto, (max-width: 185px) 100vw, 185px\" \/><\/a>\n\t\t\t\t<\/dt><\/dl><dl class='gallery-item'>\n\t\t\t\t<dt class='gallery-icon portrait'>\n\t\t\t\t\t<a class=\"rollover rollover-zoom dt-pswp-item\" title=\"2022.SindacoPigozzoCC\" data-dt-img-description=\"\" data-large_image_width=\"1706\" data-large_image_height=\"2560\"href='https:\/\/www.radiopiu.net\/wordpress\/wp-content\/uploads\/2022\/09\/2022.SindacoPigozzoCC-scaled.jpg'><img loading=\"lazy\" decoding=\"async\" width=\"200\" height=\"300\" src=\"https:\/\/www.radiopiu.net\/wordpress\/wp-content\/uploads\/2022\/09\/2022.SindacoPigozzoCC-200x300.jpg\" class=\"attachment-medium size-medium\" alt=\"\" srcset=\"https:\/\/www.radiopiu.net\/wordpress\/wp-content\/uploads\/2022\/09\/2022.SindacoPigozzoCC-200x300.jpg 200w, https:\/\/www.radiopiu.net\/wordpress\/wp-content\/uploads\/2022\/09\/2022.SindacoPigozzoCC-683x1024.jpg 683w, https:\/\/www.radiopiu.net\/wordpress\/wp-content\/uploads\/2022\/09\/2022.SindacoPigozzoCC-768x1152.jpg 768w, https:\/\/www.radiopiu.net\/wordpress\/wp-content\/uploads\/2022\/09\/2022.SindacoPigozzoCC-1024x1536.jpg 1024w, https:\/\/www.radiopiu.net\/wordpress\/wp-content\/uploads\/2022\/09\/2022.SindacoPigozzoCC-1365x2048.jpg 1365w, https:\/\/www.radiopiu.net\/wordpress\/wp-content\/uploads\/2022\/09\/2022.SindacoPigozzoCC-scaled.jpg 1706w\" sizes=\"auto, (max-width: 200px) 100vw, 200px\" \/><\/a>\n\t\t\t\t<\/dt><\/dl><br style=\"clear: both\" \/>\n\t\t\t<\/div>\n\n<p>&nbsp;<\/p>\n<p>&nbsp;<\/p>\n<hr \/>\n<p>&nbsp;<\/p>\n<blockquote>\n<h3>LA PROVINCIA INCONTRA I PRESIDI DELLE SCUOLE SUPERIORI<\/h3>\n<\/blockquote>\n<p><strong>BELLUNO <\/strong>\u00abLa scuola \u00e8 uno dei servizi fondamentali per dare un futuro al nostro territorio. La Provincia intende continuare a investire sulle scuole superiori di sua pertinenza per investire sui giovani e sulle loro capacit\u00e0\u00bb. Lo ha detto la vice presidente della Provincia di Belluno, delegata all\u2019edilizia scolastica, incontrando questa mattina i presidi degli istituti superiori.\u00a0L\u2019incontro \u00e8 servito per fare il punto sui sopralluoghi nelle scuole effettuati la primavera scorsa, e per illustrare i lavori eseguiti e gli interventi di prossima programmazione.<\/p>\n\n\t\t\t<style type='text\/css'>\n\t\t\t\t#gallery-4 {\n\t\t\t\t\tmargin: auto;\n\t\t\t\t}\n\t\t\t\t#gallery-4 .gallery-item {\n\t\t\t\t\tfloat: left;\n\t\t\t\t\tmargin-top: 10px;\n\t\t\t\t\ttext-align: center;\n\t\t\t\t\twidth: 33%;\n\t\t\t\t}\n\t\t\t\t#gallery-4 img {\n\t\t\t\t\tborder: 2px solid #cfcfcf;\n\t\t\t\t}\n\t\t\t\t#gallery-4 .gallery-caption {\n\t\t\t\t\tmargin-left: 0;\n\t\t\t\t}\n\t\t\t\t\/* see gallery_shortcode() in wp-includes\/media.php *\/\n\t\t\t<\/style>\n\t\t<div id='gallery-4' class='dt-gallery-container gallery galleryid-295989 gallery-columns-3 gallery-size-thumbnail'><dl class='gallery-item'>\n\t\t\t\t<dt class='gallery-icon landscape'>\n\t\t\t\t\t<a class=\"rollover rollover-zoom dt-pswp-item\" title=\"IMG_6091\" data-dt-img-description=\"\" data-large_image_width=\"2560\" data-large_image_height=\"1920\"href='https:\/\/www.radiopiu.net\/wordpress\/wp-content\/uploads\/2022\/09\/IMG_6091-scaled.jpg'><img loading=\"lazy\" decoding=\"async\" width=\"150\" height=\"150\" src=\"https:\/\/www.radiopiu.net\/wordpress\/wp-content\/uploads\/2022\/09\/IMG_6091-150x150.jpg\" class=\"attachment-thumbnail size-thumbnail\" alt=\"\" \/><\/a>\n\t\t\t\t<\/dt><\/dl><dl class='gallery-item'>\n\t\t\t\t<dt class='gallery-icon landscape'>\n\t\t\t\t\t<a class=\"rollover rollover-zoom dt-pswp-item\" title=\"IMG_6098\" data-dt-img-description=\"\" data-large_image_width=\"2560\" data-large_image_height=\"1920\"href='https:\/\/www.radiopiu.net\/wordpress\/wp-content\/uploads\/2022\/09\/IMG_6098-scaled.jpg'><img loading=\"lazy\" decoding=\"async\" width=\"150\" height=\"150\" src=\"https:\/\/www.radiopiu.net\/wordpress\/wp-content\/uploads\/2022\/09\/IMG_6098-150x150.jpg\" class=\"attachment-thumbnail size-thumbnail\" alt=\"\" \/><\/a>\n\t\t\t\t<\/dt><\/dl><dl class='gallery-item'>\n\t\t\t\t<dt class='gallery-icon landscape'>\n\t\t\t\t\t<a class=\"rollover rollover-zoom dt-pswp-item\" title=\"IMG_6095\" data-dt-img-description=\"\" data-large_image_width=\"2560\" data-large_image_height=\"1920\"href='https:\/\/www.radiopiu.net\/wordpress\/wp-content\/uploads\/2022\/09\/IMG_6095-scaled.jpg'><img loading=\"lazy\" decoding=\"async\" width=\"150\" height=\"150\" src=\"https:\/\/www.radiopiu.net\/wordpress\/wp-content\/uploads\/2022\/09\/IMG_6095-150x150.jpg\" class=\"attachment-thumbnail size-thumbnail\" alt=\"\" \/><\/a>\n\t\t\t\t<\/dt><\/dl><br style=\"clear: both\" \/>\n\t\t\t<\/div>\n\n<p>&nbsp;<\/p>\n<p>&nbsp;<\/p>\n<hr \/>\n<p>&nbsp;<\/p>\n<blockquote>\n<h3>L&#8217;ASSOCIAZIONE VOLONTARI AMBULANZA DI ROCCA PIETORE CERCA VOLONTARI<\/h3>\n<\/blockquote>\n<p><strong><a class=\"dt-pswp-item\" href=\"https:\/\/www.radiopiu.net\/wordpress\/wp-content\/uploads\/2022\/09\/Schermata-2022-09-06-alle-15.02.57.png\" data-dt-img-description=\"\" data-large_image_width=\"754\" data-large_image_height=\"342\"><img loading=\"lazy\" decoding=\"async\" class=\"size-thumbnail wp-image-296011 alignleft\" src=\"https:\/\/www.radiopiu.net\/wordpress\/wp-content\/uploads\/2022\/09\/Schermata-2022-09-06-alle-15.02.57-150x150.png\" alt=\"\" width=\"150\" height=\"150\" \/><\/a>ROCCA PIETORE <\/strong>L\u2019Associazione Volontari Ambulanza Rocca Pietore cerca nuovi volontari per riuscire a garantire la copertura del servizio durante tutto l\u2019anno e la partecipazione al corso di formazione \u00e8 il primo passo per poter iniziare ad essere un Soccorritore Volontario. &#8220;<em>La nostra associazione invita quindi tutti i cittadini a riflettere sull\u2019importanza del servizio di soccorso effettuato dalle associazioni di volontariato, sull\u2019importanza di dedicare un pochino del proprio tempo al prossimo e del fatto che senza le associazioni di volontariato, ogni urgenza sarebbe gestita con tempi nettamente superiori, a discapito dell\u2019intera comunit\u00e0 &#8211; dice Andrea Zanvit &#8211; Nell\u2019ultimo periodo, proprio per la carenza di volontari attivi, molte associazioni locali non hanno potuto effettuare tutti i servizi di soccorso, lasciando ricadere sulle associazioni limitrofe l\u2019onere dell\u2019intervento nell\u2019urgenza, con un conseguente allungamento dei tempi di intervento dei soccorritori. Proprio per evitare queste situazioni \u00e8 importante che ci siano pi\u00f9 volontari attivi in modo che ogni associazione ne disponga di un numero sufficiente per riuscire ad effettuare una completa copertura dei turni<\/em>&#8220;. Da ottobre a Dicembre ci sar\u00e0 appunto il corso di formazione iniziale, che viene da noi pubblicizzato, ma che risulta valido per tutte le persone dell\u2019Agordino e dello Zoldano che intendono poi entrare a far parte di una delle Associazione del Coordinamento Agordino Zoldano Ambulanze dato che l\u2019esigenza di avere un maggior numero di volontari \u00e8 comune a tutte le associazioni dell\u2019area. Ampliamo quindi l\u2019invito a tutta la popolazione a contattare l\u2019associazione operante nel proprio territorio per avere maggiori informazioni sulla partecipazione al corso e sul cosa significa essere un Soccorritore Volontario.<\/p>\n<p><strong>IL VOLANTINO<\/strong><\/p>\n<a href=\"https:\/\/www.radiopiu.net\/wordpress\/wp-content\/uploads\/2022\/09\/Ambulanza-Rocca.pdf\" class=\"pdfemb-viewer\" style=\"\" data-width=\"max\" data-height=\"max\" data-toolbar=\"top\" data-toolbar-fixed=\"on\">Ambulanza Rocca<\/a>\n<p>&nbsp;<\/p>\n<hr \/>\n<p>&nbsp;<\/p>\n<blockquote>\n<h3>POSTE ITALIANE: IN PROVINCIA DI BELLUNO AL RIENTRO DALLE VACANZE OPERAZIONI FACILI GRAZIE AI SERVIZI DIGITALI<\/h3>\n<\/blockquote>\n<p><strong><a class=\"dt-pswp-item\" href=\"https:\/\/www.radiopiu.net\/wordpress\/wp-content\/uploads\/2020\/05\/POSTE-ITALIANE.png\" data-dt-img-description=\"\" data-large_image_width=\"436\" data-large_image_height=\"88\"><img loading=\"lazy\" decoding=\"async\" class=\"alignleft wp-image-141305 \" src=\"https:\/\/www.radiopiu.net\/wordpress\/wp-content\/uploads\/2020\/05\/POSTE-ITALIANE-300x61.png\" alt=\"\" width=\"162\" height=\"33\" srcset=\"https:\/\/www.radiopiu.net\/wordpress\/wp-content\/uploads\/2020\/05\/POSTE-ITALIANE-300x61.png 300w, https:\/\/www.radiopiu.net\/wordpress\/wp-content\/uploads\/2020\/05\/POSTE-ITALIANE.png 436w\" sizes=\"auto, (max-width: 162px) 100vw, 162px\" \/><\/a>BELLUNO <\/strong>Al rientro dalle vacanze i cittadini della provincia di Belluno possono \u00a0prenotare l\u2019accesso agli sportelli di 9 uffici postali della provincia tramite il sito poste.it e l\u2019App Ufficio Postale, per rendere pi\u00f9 agevole il ritiro di raccomandate, assicurate, atti giudiziari e pacchi giacenti per assenza del destinatario durante le ferie e per il pagamento di bollettini. Il servizio di\u00a0 prenotazione \u00e8 disponibile negli uffici di: Agordo, Belluno 1, Belluno Castello, Cortina D&#8217;Ampezzo, Feltre, Pedavena, Ponte Nelle Alpi, Santa Giustina Bellunese, Sedico. Per prenotare il proprio ritiro o il pagamento tramite l\u2019App Ufficio Postale \u00e8 sufficiente scaricare gratuitamente l\u2019applicazione sul proprio smartphone, tablet o pc, selezionare la sede postale presso la quale si trova l\u2019oggetto giacente o la sede pi\u00f9 comoda per effettuare il pagamento e scegliere tra due opzioni: \u201cMettiti in fila\u201d che permette di visualizzare in tempo reale il numero di clienti in attesa oppure \u201cPrenota turno\u201d, che consente di scegliere il giorno e l\u2019orario preferito. Una volta selezionata la scelta si otterr\u00e0 un ticket elettronico con il numero di prenotazione. Per prenotare tramite sito, invece, \u00e8 possibile digitare nome o indirizzo dell\u2019Ufficio Postale richiesto, selezionare la sede sulla cartina e premere il tasto \u201cprenota ticket\u201d. Anche in questo caso si potr\u00e0 scegliere di visitare immediatamente l\u2019Ufficio, selezionando \u201cmettiti in fila\u201d oppure programmare la visita per un momento successivo con il tasto \u201cprenota turno\u201d. Nel secondo caso si ricever\u00e0 direttamente all\u2019indirizzo mail inserito, il ticket da presentare allo sportello nella data e nell\u2019orario prescelti.<\/p>\n<p>&nbsp;<\/p>\n<p>&nbsp;<\/p>\n<hr \/>\n<p>&nbsp;<\/p>\n<blockquote>\n<h3><strong>AL CARTIERE UN POSTO DI SERVIZIO CIVILE REGIONALE<\/strong><\/h3>\n<\/blockquote>\n<p><strong>BELLUNO <\/strong>C\u2019\u00e8 anche il Cartiere &#8211; una delle realt\u00e0 in cui si articola il Cantiere della Provvidenza &#8211; tra i soggetti ammessi a ospitare una persona nell\u2019ambito del Servizio Civile Regionale. \u00abInvesti il tuo tempo\u00bb, \u00e8 lo slogan del volantino proposto da Servizio Civile Veneto, Comitato d\u2019Intesa e Csv Belluno Treviso. La scadenza delle domande \u00e8 fissata per il 26 settembre prossimo, chi fosse interessato pu\u00f2 telefonare ai numeri 0437 25775 e 392 0050327 oppure scrivere una mail a <a href=\"mailto:serviziocivile@comitatodintesa.it\">serviziocivile@comitatodintesa.it<\/a><\/p>\n<p>&nbsp;<\/p>\n<p>&nbsp;<\/p>\n<hr \/>\n<p>&nbsp;<\/p>\n<blockquote>\n<h3>GLI EVENTI DELLA FONDAZIONE PAPA LUCIANI<\/h3>\n<\/blockquote>\n<p><strong><a class=\"dt-pswp-item\" href=\"https:\/\/www.radiopiu.net\/wordpress\/wp-content\/uploads\/2021\/08\/papa-luciani-2.jpg\" data-dt-img-description=\"\" data-large_image_width=\"1200\" data-large_image_height=\"800\"><img loading=\"lazy\" decoding=\"async\" class=\" wp-image-229320 alignleft\" src=\"https:\/\/www.radiopiu.net\/wordpress\/wp-content\/uploads\/2021\/08\/papa-luciani-2-150x150.jpg\" alt=\"\" width=\"95\" height=\"95\" \/><\/a>CANALE D&#8217;AGORDO <\/strong>La Fondazione Papa Luciani \u00e8 lieta di condividere gli eventi principali in prossimit\u00e0 della beatificazione di Papa Luciani nel suo paese natale. Domenica 11 settembre alle ore 16.00 in Piazza Papa Luciani e Piazza Salvatore Serafini (retro municipio) solenne Messa di ringraziamento alla presenza dei vescovi del Veneto (prenotazione posti al link <a href=\"http:\/\/www.chiesabellunofeltre.it\/tre-diocesi-un-unico-grazie\/?fbclid=IwAR0Iu1PaivfG8yxS19_GeNzohHIrfv9tLodjQp5aOi5sZUQmqlI6a13VwFM\">http:\/\/www.chiesabellunofeltre.it\/tre-diocesi-un-unico&#8230;\/<\/a> DIOCESI DI BELLUNO-FELTRE).<\/p>\n<p>&nbsp;<\/p>\n<p>&nbsp;<\/p>\n<hr \/>\n<p>&nbsp;<\/p>\n<blockquote>\n<h3>MUSEO E CASA NATALE DI PAPA LUCIANI APERTI A SETTEMBRE<\/h3>\n<\/blockquote>\n<p><strong><a class=\"dt-pswp-item\" href=\"https:\/\/www.radiopiu.net\/wordpress\/wp-content\/uploads\/2021\/05\/Casa-natale-di-papa-Luciani.jpg\" data-dt-img-description=\"\" data-large_image_width=\"1600\" data-large_image_height=\"1200\"><img loading=\"lazy\" decoding=\"async\" class=\"size-thumbnail wp-image-209269 alignleft\" src=\"https:\/\/www.radiopiu.net\/wordpress\/wp-content\/uploads\/2021\/05\/Casa-natale-di-papa-Luciani-150x150.jpg\" alt=\"\" width=\"150\" height=\"150\" \/><\/a>CANALE D&#8217;AGORDO <\/strong>Canale d&#8217;Agordo,\u00a0paese natale di Albino Luciani e sede del Museo a lui dedicato\u00a0(Musal \u2013 Museo Albino Luciani\u00a0<u><a href=\"http:\/\/www.musal.it\/\">www.musal.it<\/a><\/u>) si sta preparando al meglio per accogliere i molti pellegrini e visitatori che gi\u00e0 da inizio estate si sono interessati alla manifestazione, dimostrando la loro compartecipazione e vicinanza. Proprio per permettere a tutti di poter conoscere a fondo papa Luciani, durante il mese di settembre saranno\u00a0aperti la Casa natale\u00a0(dalle ore 10.00 alle 18.00) e il\u00a0Museo\u00a0dedicato al prossimo beato (dalle ore 9.00 alle ore 19.00) e,\u00a0fino all&#8217;11settembre, anche la chiesa monumentale di San Simon del 1185 con l&#8217;adiacente\u00a0<em>Schola<\/em>\u00a0della Confraternita dei Battuti, a Vallada Agordina. Questi gli orari: dal marted\u00ec alla domenica, dalle 9.30 alle 12.30 e dalle 15.30 alle 18.30.<\/p>\n<p>&nbsp;<\/p>\n<p>&nbsp;<\/p>\n<hr \/>\n<p>&nbsp;<\/p>\n<blockquote>\n<h3>RITORNA LA LUCCIOLATA SOLIDALE IN ALPAGO<\/h3>\n<\/blockquote>\n<p><strong>ALPAGO<\/strong> Dopo lo stop dovuto alla pandemia, ritorna la \u201cLucciolata\u201d sabato 10 settembre alle 20.30 a Molini di Chies d&#8217;Alpago. Una passeggiata notturna di circa 3 Km che ha lo scopo di raccogliere fondi per l&#8217;Associazione Via di Natale di Aviano. Per gli organizzatori sar\u00e0 il modo migliore di ricordare un vecchio amico: Vittorio De Battista. Gi\u00e0 segretario dei donatori del sangue e nativo di questa contrada. Venuto a mancare una decina di anni fa, nominava spesso Stracadon nei racconti d\u2019infanzia ai suoi collaboratori, che non hanno mai potuto esaudire il suo desiderio di fare \u201c4 passi nel paese fantasma\u201d.<\/p>\n<p>&nbsp;<\/p>\n<p>&nbsp;<\/p>\n<hr \/>\n<p>&nbsp;<\/p>\n<blockquote>\n<h3>LA FESTA DEI 100 ANNI DEL GRUPPO SPORTIVO FRASSENE&#8217;<\/h3>\n<\/blockquote>\n<p><strong><a class=\"dt-pswp-item\" href=\"https:\/\/www.radiopiu.net\/wordpress\/wp-content\/uploads\/2022\/08\/Schermata-2022-08-04-alle-12.23.41.png\" data-dt-img-description=\"\" data-large_image_width=\"1336\" data-large_image_height=\"1014\"><img loading=\"lazy\" decoding=\"async\" class=\"alignleft wp-image-290914 \" src=\"https:\/\/www.radiopiu.net\/wordpress\/wp-content\/uploads\/2022\/08\/Schermata-2022-08-04-alle-12.23.41-300x228.png\" alt=\"\" width=\"158\" height=\"120\" srcset=\"https:\/\/www.radiopiu.net\/wordpress\/wp-content\/uploads\/2022\/08\/Schermata-2022-08-04-alle-12.23.41-300x228.png 300w, https:\/\/www.radiopiu.net\/wordpress\/wp-content\/uploads\/2022\/08\/Schermata-2022-08-04-alle-12.23.41-1024x777.png 1024w, https:\/\/www.radiopiu.net\/wordpress\/wp-content\/uploads\/2022\/08\/Schermata-2022-08-04-alle-12.23.41-768x583.png 768w, https:\/\/www.radiopiu.net\/wordpress\/wp-content\/uploads\/2022\/08\/Schermata-2022-08-04-alle-12.23.41.png 1336w\" sizes=\"auto, (max-width: 158px) 100vw, 158px\" \/><\/a>VOLTAGO <\/strong>1922-2022 il primo secolo di vita del Gruppo Sportivo Frassen\u00e8: tre giorni di eventi al tendone nel parcheggio della chiesa. Venerdi&#8217; 9 settembre alle 18 apertura stand gastronomico e serata musicale con Sabrina Silvestrin. Sabato 10 voli panoramici in elicottero dalle 10 alle 15 e, fino alle 17 mercatini dell&#8217;artigianato, dalle 10 torneo di calcio del Poi, a mezzogiorno stand gastronomico, 16.30 Frassene&#8217; Cross, gare podistiche non competitive, 17 aperitivo con DJ Morgan e Battaglia, 19 cena e premiazioni, dalle 21 serata musicale con I Riflesso, chiusura con DJ Morgan e Battaglia. Domenica 11 alle 10 mostra sui 100 anni del Gruppo Sportivo Frassene&#8217; presso l&#8217;ex scuola Paolo Mosca, 11 sfilata dei gruppi associativi per le vie del paese, 12.30 pranzo, 15 presentazione libro &#8220;Il Primo Secolo Di Vita&#8221;. Il ricavato sar\u00e0 devoluto al Gruppo Sportivo Frasssen\u00e8.<\/p>\n<p>&nbsp;<\/p>\n<blockquote>\n<h3>LO SPECIALE ALLA RADIO<\/h3>\n<p><span style=\"color: #ff0000;\"><strong>OSPITI,\u00a0 YURI PARISSENTI PRESIDENTE GRUPPO SPORTIVO FRASSENE&#8217;,\u00a0 SHARON DE MARCO\u00a0<\/strong><\/span><\/p><\/blockquote>\n<audio class=\"wp-audio-shortcode\" id=\"audio-295989-5\" preload=\"none\" style=\"width: 100%;\" controls=\"controls\"><source type=\"audio\/mpeg\" src=\"https:\/\/www.radiopiu.net\/wordpress\/wp-content\/uploads\/2022\/08\/gruppo-sportivo-frassene-SPECIALE.mp3?_=5\" \/><a href=\"https:\/\/www.radiopiu.net\/wordpress\/wp-content\/uploads\/2022\/08\/gruppo-sportivo-frassene-SPECIALE.mp3\">https:\/\/www.radiopiu.net\/wordpress\/wp-content\/uploads\/2022\/08\/gruppo-sportivo-frassene-SPECIALE.mp3<\/a><\/audio>\n<p>&nbsp;<\/p>\n<hr \/>\n<p>&nbsp;<\/p>\n<blockquote>\n<h3><a class=\"dt-pswp-item\" href=\"https:\/\/www.radiopiu.net\/wordpress\/wp-content\/uploads\/2022\/08\/CammiNATURAlmente-settembre-22.jpg\" data-dt-img-description=\"\" data-large_image_width=\"2560\" data-large_image_height=\"1920\"><img loading=\"lazy\" decoding=\"async\" class=\"size-thumbnail wp-image-294409 alignleft\" src=\"https:\/\/www.radiopiu.net\/wordpress\/wp-content\/uploads\/2022\/08\/CammiNATURAlmente-settembre-22-150x150.jpg\" alt=\"\" width=\"150\" height=\"150\" \/><\/a>CAMMINATURALMENTE A SETTEMBRE<\/h3>\n<\/blockquote>\n<p><span dir=\"ltr\" role=\"presentation\">La Biblioteca civica di Belluno propone due nuovi itinerari naturalistici e ambientali <\/span><span dir=\"ltr\" role=\"presentation\">accompagnati da Anacleto Boranga. <\/span><span dir=\"ltr\" role=\"presentation\">\u00a0<\/span><span dir=\"ltr\" role=\"presentation\">Il secondo appuntamento si svolger\u00e0 domenica 25 settembre, con \u201cVal di Seren \u2013 Il <\/span><span dir=\"ltr\" role=\"presentation\">percorso<\/span> <span dir=\"ltr\" role=\"presentation\">dei<\/span> <span dir=\"ltr\" role=\"presentation\">fojaroi<\/span><span dir=\"ltr\" role=\"presentation\">\u201d,<\/span> <span dir=\"ltr\" role=\"presentation\">un<\/span> <span dir=\"ltr\" role=\"presentation\">rilassante<\/span> <span dir=\"ltr\" role=\"presentation\">itinerario<\/span> <span dir=\"ltr\" role=\"presentation\">ad<\/span> <span dir=\"ltr\" role=\"presentation\">anello<\/span> <span dir=\"ltr\" role=\"presentation\">in<\/span> <span dir=\"ltr\" role=\"presentation\">una<\/span> <span dir=\"ltr\" role=\"presentation\">valle<\/span> <span dir=\"ltr\" role=\"presentation\">in<\/span> <span dir=\"ltr\" role=\"presentation\">passato <\/span><span dir=\"ltr\" role=\"presentation\">intensamente<\/span> <span dir=\"ltr\" role=\"presentation\">abitata,<\/span> <span dir=\"ltr\" role=\"presentation\">ma<\/span> <span dir=\"ltr\" role=\"presentation\">che<\/span> <span dir=\"ltr\" role=\"presentation\">oggi<\/span> <span dir=\"ltr\" role=\"presentation\">risulta<\/span> <span dir=\"ltr\" role=\"presentation\">quasi<\/span> <span dir=\"ltr\" role=\"presentation\">completamente<\/span> <span dir=\"ltr\" role=\"presentation\">abbandonata. <\/span><span dir=\"ltr\" role=\"presentation\">Informazioni <\/span><span dir=\"ltr\" role=\"presentation\">sugli itinerari possono essere richieste a Anacleto Boranga, telefono 340 876 9665\u00a0<\/span><\/p>\n<p>&nbsp;<\/p>\n<p>&nbsp;<\/p>\n<p>&nbsp;<\/p>\n<hr \/>\n<p>&nbsp;<\/p>\n<blockquote>\n<h3><a class=\"dt-pswp-item\" href=\"https:\/\/www.radiopiu.net\/wordpress\/wp-content\/uploads\/2022\/08\/cartolina_promo_concorso_emi_abm.jpg\" data-dt-img-description=\"\" data-large_image_width=\"1181\" data-large_image_height=\"787\"><img loading=\"lazy\" decoding=\"async\" class=\" wp-image-294392 alignleft\" src=\"https:\/\/www.radiopiu.net\/wordpress\/wp-content\/uploads\/2022\/08\/cartolina_promo_concorso_emi_abm-150x150.jpg\" alt=\"\" width=\"117\" height=\"117\" \/><\/a>RACCONTARE L&#8217;EMIGRAZIONE VENETA, IL CONCORSO LETTERARIO DELL&#8217;ABM<\/h3>\n<\/blockquote>\n<p><strong>BELLUNO <\/strong>L&#8217;Associazione Bellunesi nel Mondo ha bandito un concorso letterario Intitolato \u201cRaccontare l&#8217;emigrazione veneta\u201d, \u00e8 dedicato a racconti inediti e originali, reali o di fantasia, in lingua italiana. La partecipazione, gratuita, \u00e8 aperta a chiunque abbia almeno sedici anni\u00a0La scadenza per l&#8217;invio degli elaborati, da spedire via email a <a class=\"moz-txt-link-abbreviated\" href=\"mailto:concorsoemigrazione@bellunesinelmondo.it\">concorsoemigrazione@bellunesinelmondo.it<\/a>, \u00e8 fissata al 4 novembre 2022. Il bando completo del concorso\u00a0 \u00e8 disponibile sul sito: <a class=\"moz-txt-link-abbreviated\" href=\"http:\/\/www.bellunesinelmondo.it\">www.bellunesinelmondo.it<\/a>.<\/p>\n<p>&nbsp;<\/p>\n<p>&nbsp;<\/p>\n<hr \/>\n<p>&nbsp;<\/p>\n<blockquote>\n<h3>A CANALE CON LE MUSE E LE DOLOMITI<\/h3>\n<\/blockquote>\n<p><a class=\"dt-pswp-item\" href=\"https:\/\/www.radiopiu.net\/wordpress\/wp-content\/uploads\/2022\/08\/ConcertoSolidarieta\u03002021.jpeg\" data-dt-img-description=\"Le Muse e le Dolomiti - concerto di solidariet\u00e0 Midori Nmikawa soprano, Oda Zoe Hochscheid contralto, Hun Kim tenore, Kwang Park basso Coro Citt\u00e0 di Piazzolla sul Brenta dir.Paolo Piana\" data-large_image_width=\"1280\" data-large_image_height=\"853\"><img loading=\"lazy\" decoding=\"async\" class=\"wp-image-294261 alignleft\" src=\"https:\/\/www.radiopiu.net\/wordpress\/wp-content\/uploads\/2022\/08\/ConcertoSolidarieta\u03002021-300x200.jpeg\" alt=\"\" width=\"125\" height=\"83\" srcset=\"https:\/\/www.radiopiu.net\/wordpress\/wp-content\/uploads\/2022\/08\/ConcertoSolidarieta\u03002021-300x200.jpeg 300w, https:\/\/www.radiopiu.net\/wordpress\/wp-content\/uploads\/2022\/08\/ConcertoSolidarieta\u03002021-1024x682.jpeg 1024w, https:\/\/www.radiopiu.net\/wordpress\/wp-content\/uploads\/2022\/08\/ConcertoSolidarieta\u03002021-768x512.jpeg 768w, https:\/\/www.radiopiu.net\/wordpress\/wp-content\/uploads\/2022\/08\/ConcertoSolidarieta\u03002021.jpeg 1280w\" sizes=\"auto, (max-width: 125px) 100vw, 125px\" \/><\/a><strong>Sabato 10 settembre a Canale d\u2019Agordo \u2013<\/strong>\u00a0 alle 20.30 con ingresso libero \u201cUna guarigione miracolosa\u201d con Candela Giarda. La giovane argentina racconter\u00e0 come lei, gravemente ammalata, \u00e8 tornata miracolosamente in salute. Moderer\u00e0 l&#8217;incontro Loris Serafini, direttore della Fondazione Papa Luciani di Canale d\u2019Agordo. \u201cLe Muse e le Dolomiti\u201d canteranno e suoneranno brani sacri\u00a0 con \u00a0la partecipazione del \u201cCoro Citt\u00e0 Piazzola sul Brenta\u201d,\u00a0 il mezzosoprano Oda Zoe Hochscheid, la violinista Myriam Dal Don e l\u2019organista Ai Yoshida<\/p>\n<p>&nbsp;<\/p>\n<p>&nbsp;<\/p>\n<hr \/>\n<p>&nbsp;<\/p>\n<blockquote>\n<h3>IL BANDO &#8220;INSIEME PER ROCCA&#8221;<\/h3>\n<\/blockquote>\n<div class=\"page\" title=\"Page 1\">\n<div class=\"layoutArea\">\n<div class=\"column\">\n<p>L\u2019Associazione Levi-Montalcini, l\u2019Associazione Centro Studi onorevole Sebastiano Schiavon aps, Opes Mind e Valentina Editrice con il patrocinio e il contributo dei Comuni di Rocca Pietore, Alleghe e Livinallongo del Col di Lana indicono il seguente concorso, composto da tre sezioni, con partecipazione libera e gratuita. Prima sezione: EMOZIONI Per studenti delle scuole primarie, secondarie di I grado e secondarie di II grado fino alla 4^ superiore. Esaltare la bellezza del vivere in montagna, evidenziando il perche\u0301 e trovando motivazioni paesaggistiche, culturali e delle tradizioni secondo le seguenti tracce a scelta. Seconda sezione: FUTURO Per studenti di 5^ delle scuole secondarie di II grado, studenti universitari e per giovani non studenti o lavoratori dai 17 ai 27 anni. Lo sguardo al futuro e al miglioramento della vita in montagna, considerando i grandi cambiamenti in atto nel mondo e nella societa\u0300. Terza sezione: VINCITORI DELLE PRECEDENTI EDIZIONI Per i vincitori delle precedenti edizioni che potranno partecipare con la presentazione di uno dei seguenti lavori: album di vecchie foto: paesaggio, famiglia, costumi; indagine sui cognomi della propria valle; breve storia del Giro d\u2019Italia a Rocca Pietore corredato da foto; avventure, aneddoti, ricordi riferentesi al Ghiacciaio della Marmolada. Le domande di partecipazione (per i minori e\u0300 obbligatoria la firma di uno dei genitori), corredate dai dati anagrafici, scuole di provenienza per gli studenti e indicazione del lavoro svolto per i non studenti e\/o lavoratori, dovranno pervenire entro il 31 ottobre 2022 via mail a matoffa@alice.it Entro aprile del 2023 verra\u0300 organizzato nel Comune di Rocca Pietore uno specifico evento per la cerimonia di premiazione.<\/p>\n<p>&nbsp;<\/p>\n<p>&nbsp;<\/p>\n<hr \/>\n<p>&nbsp;<\/p>\n<\/div>\n<\/div>\n<\/div>\n<blockquote>\n<h3>AD AGORDO IL PRIMO MEMORIAL RINALDO ZASSO<\/h3>\n<\/blockquote>\n<p><strong>AGORDO <\/strong>Il Tennis Club Agordo ha organizzato per domenica 18 settembre la prima edizione del Memorial Rinaldo Zasso &#8220;Nazza&#8221;. Torneo di tennis doppio misto presso i campi di Agordo. Per informazioni 340 3134441<\/p>\n<p>&nbsp;<\/p>\n<p>&nbsp;<\/p>\n<hr \/>\n<p>&nbsp;<\/p>\n<blockquote>\n<h3>INIZIA IL CORSO LIS, PER LA LINGUA DEI SEGNI<\/h3>\n<\/blockquote>\n<p><strong>SANTA GIUSTINA <\/strong>Sono aperte le iscrizioni al Corso LIS &#8211; Lingua dei segni italiana di primo livello, promosso dalla sezione bellunese dell\u2019ENS-Ente Nazionale Sordi e dalla cooperativa Blhyster. Il corso \u00e8 aperto a tutti coloro che sono interessati a conoscere la cultura sorda e desiderano acquisire le basi della lingua dei segni italiana e gli strumenti necessari per comunicare con le persone sorde. Non sono richiesti particolari requisiti per l\u2019accesso. Il percorso \u00e8 particolarmente indicato per educatori, docenti, operatori del settore sociale e sanitario. Il programma didattico del corso si sviluppa in 155 ore di lezione e comprende LIS pratica (135 ore); grammatica LIS (10 ore) e discipline complementari (10 ore). Le lezioni si svolgeranno da ottobre a maggio ogni luned\u00ec e gioved\u00ec dalle 17:30 alle 20:30, presso l&#8217;oratorio della parrocchia, in Piazza Maggiore, a Santa Giustina.<\/p>\n<p>&nbsp;<\/p>\n<p>&nbsp;<\/p>\n<hr \/>\n<p>&nbsp;<\/p>\n<blockquote>\n<h3>A SETTEMBRE RIPRENDONO CORSI AIS PER DIVENTARE SOMMELIER<\/h3>\n<\/blockquote>\n<p><strong>BELLUNO <\/strong>La Delegazione AIS (Associazione Italiana Sommelier) di Belluno riapre la stagione con i nuovi corsi di formazione per diventare sommelier AIS. In programma due corsi di primo livello: marted\u00ec 6 settembre prender\u00e0 il via a Cortina d\u2019Ampezzo, presso il l\u2019<strong>Istituto Omnicomprensivo Valboite<\/strong>, mentre luned\u00ec 12 settembre a Castion di Belluno, presso il ristorante <strong>Nogherazza<\/strong>. Per ulteriori informazioni e iscrizioni \u00e8 possibile consultare il sito\u00a0<a href=\"http:\/\/www.aisveneto.it\/\">www.aisveneto.it<\/a><\/p>\n<p>&nbsp;<\/p>\n<p>&nbsp;<\/p>\n<hr \/>\n<p>&nbsp;<\/p>\n<blockquote>\n<h3>RIPARTONO I CORSI DELL&#8217;ADA<\/h3>\n<\/blockquote>\n<div style=\"width: 848px;\" class=\"wp-video\"><video class=\"wp-video-shortcode\" id=\"video-295989-1\" width=\"848\" height=\"480\" preload=\"metadata\" controls=\"controls\"><source type=\"video\/mp4\" src=\"https:\/\/www.radiopiu.net\/wordpress\/wp-content\/uploads\/2022\/08\/WhatsApp-Video-2022-08-30-at-17.21.20.mp4?_=1\" \/><a href=\"https:\/\/www.radiopiu.net\/wordpress\/wp-content\/uploads\/2022\/08\/WhatsApp-Video-2022-08-30-at-17.21.20.mp4\">https:\/\/www.radiopiu.net\/wordpress\/wp-content\/uploads\/2022\/08\/WhatsApp-Video-2022-08-30-at-17.21.20.mp4<\/a><\/video><\/div>\n<p>&nbsp;<\/p>\n<hr \/>\n<p>&nbsp;<\/p>\n<blockquote>\n<h3>\u201cGUARDANDO OLTRE. CHIESA DI MAS-PERON\u201d IL LIBRO DELLO SCOMPARSO CLAUDIO SACCO<\/h3>\n<\/blockquote>\n<p><strong>di Renato Bona<\/strong><\/p>\n<p>Ottobre 2007: don Claudio Sacco, nativo di Dosoledo in Comelico, a capo della parrocchia di San Gottardo di Mas-Peron di Sedico, dava alle stampe per la Diocesi di Belluno-Feltre, con la bellunese tipografia Piave, lo splendido volume intitolato \u201cGuardando oltre. Chiesa di Mas-Peron\u201d dedicandolo \u201cai costruttori delle nostre chiese di ieri, di oggi, di domani\u201d. Facciamo nostra l\u2019introduzione di Claudio Sacco (tragicamente mancato il 2 dicembre 2009, all\u2019et\u00e0 di 64 anni, travolto da una valanga sul Monte Pore dove stava praticando lo sci-alpinismo del quale era grande appassionato) il quale esordisce spiegando che \u201cIl bello del libro sono le immagini\u201d per poi aggiungere: \u201cIl bello delle immagini \u00e8 la fede che le ha prodotte\u201d e, ancora: \u201cQueste parole di accompagnamento sono sguardi sulle immagini e sulla fede\u201d, per concludere: \u201cSfogliare il libro e ancora pi\u00f9 visitare la chiesa \u00e8 un viaggio tra segni di ogni genere. Come in ogni viaggio i segni si trasformano in significati, simboli, ricchezze insospettate. Ogni lettura e ogni visita riservano nuove sorprese, perch\u00e9 il segno \u00e8 una finestra dalla quale guardi oltre\u201d. Ricordiamo che la chiesa, realizzata tra il 2004 e 2006 (grazie anche al contributo derivante dall\u20198 per mille) e progettata da \u201cDe Biasio Progetti.Ingegneria e architettura\u201d con gli architetti Alberto De Biasio e Claudio Palazzo e l\u2019ing. Tito De Biasio, impresa esecutrice la Vanz srl, \u00e8 intitolata a \u201cSanta Maria del cammino\u201d. Sono ospitate opere degli artisti: Franco Fiabane scultore, Gino Casanova scultore, Luciano Franzin pittore, Brunetta Cornaviera pittrice, Anna Boranga decoratrice artistica. Le fotografie, tutte molto belle, sono state scattate da: Gianni Bridda, Holzbau e dallo stesso don Claudio. Hanno sostenuto l\u2019iniziativa in vari modi: Eugenio Boranga, Certottica, Comune di Sedico, Comunit\u00e0 montana di Belluno, De Biasio Progetti, Holzbau e Vanz srl oltre ad Andreas Messner, nel frattempo scomparso. Torniamo al libro per dire che, dopo l\u2019introduzione, si articola nei seguenti capitoli: Inserimento geografico, Inserimento storico, Inserimento spirituale, La chiesa, La nuova chiesa, Il portale, L\u2019altare, L\u2019ambone, Il tabernacolo, Il presbiterio, Il confessionale, La Madonna Odig\u00ectria, La corsia, Il muro a sassi, La finestra rotonda, Le croci degli apostoli, La mandorla, Le vetrate, Le quattro Marie, La scala a chiocciola, La via crucis, Il leone, Le autostrade, Il titanio, L\u2019acquasantiera, La croce della cappella, Il campanile, Le campane, Il legno, Le pietre, Il progetto architettonico, La struttura lignea, Edifici simili, Omelia del Vescovo, Sinfonia dello spazio liturgico, I nostri artisti e si conclude con la \u201cPreghiera a Santa Maria del Cammino Vergine Odig\u00ectria\u201d.<\/p>\n\n\t\t\t<style type='text\/css'>\n\t\t\t\t#gallery-5 {\n\t\t\t\t\tmargin: auto;\n\t\t\t\t}\n\t\t\t\t#gallery-5 .gallery-item {\n\t\t\t\t\tfloat: left;\n\t\t\t\t\tmargin-top: 10px;\n\t\t\t\t\ttext-align: center;\n\t\t\t\t\twidth: 20%;\n\t\t\t\t}\n\t\t\t\t#gallery-5 img {\n\t\t\t\t\tborder: 2px solid #cfcfcf;\n\t\t\t\t}\n\t\t\t\t#gallery-5 .gallery-caption {\n\t\t\t\t\tmargin-left: 0;\n\t\t\t\t}\n\t\t\t\t\/* see gallery_shortcode() in wp-includes\/media.php *\/\n\t\t\t<\/style>\n\t\t<div id='gallery-5' class='dt-gallery-container gallery galleryid-295989 gallery-columns-5 gallery-size-thumbnail'><dl class='gallery-item'>\n\t\t\t\t<dt class='gallery-icon portrait'>\n\t\t\t\t\t<a class=\"rollover rollover-zoom dt-pswp-item\" title=\"301762365_423961579606869_6743355941681862376_n\" data-dt-img-description=\"\" data-large_image_width=\"320\" data-large_image_height=\"514\"href='https:\/\/www.radiopiu.net\/wordpress\/wp-content\/uploads\/2022\/09\/301762365_423961579606869_6743355941681862376_n.jpg'><img loading=\"lazy\" decoding=\"async\" width=\"150\" height=\"150\" src=\"https:\/\/www.radiopiu.net\/wordpress\/wp-content\/uploads\/2022\/09\/301762365_423961579606869_6743355941681862376_n-150x150.jpg\" class=\"attachment-thumbnail size-thumbnail\" alt=\"\" \/><\/a>\n\t\t\t\t<\/dt><\/dl><dl class='gallery-item'>\n\t\t\t\t<dt class='gallery-icon landscape'>\n\t\t\t\t\t<a class=\"rollover rollover-zoom dt-pswp-item\" title=\"302010040_429193849278059_2900878114025121364_n\" data-dt-img-description=\"\" data-large_image_width=\"204\" data-large_image_height=\"158\"href='https:\/\/www.radiopiu.net\/wordpress\/wp-content\/uploads\/2022\/09\/302010040_429193849278059_2900878114025121364_n.jpg'><img loading=\"lazy\" decoding=\"async\" width=\"150\" height=\"150\" src=\"https:\/\/www.radiopiu.net\/wordpress\/wp-content\/uploads\/2022\/09\/302010040_429193849278059_2900878114025121364_n-150x150.jpg\" class=\"attachment-thumbnail size-thumbnail\" alt=\"\" \/><\/a>\n\t\t\t\t<\/dt><\/dl><dl class='gallery-item'>\n\t\t\t\t<dt class='gallery-icon landscape'>\n\t\t\t\t\t<a class=\"rollover rollover-zoom dt-pswp-item\" title=\"305368411_2218342828350505_190555394299289435_n\" data-dt-img-description=\"\" data-large_image_width=\"552\" data-large_image_height=\"401\"href='https:\/\/www.radiopiu.net\/wordpress\/wp-content\/uploads\/2022\/09\/305368411_2218342828350505_190555394299289435_n.jpg'><img loading=\"lazy\" decoding=\"async\" width=\"150\" height=\"150\" src=\"https:\/\/www.radiopiu.net\/wordpress\/wp-content\/uploads\/2022\/09\/305368411_2218342828350505_190555394299289435_n-150x150.jpg\" class=\"attachment-thumbnail size-thumbnail\" alt=\"\" \/><\/a>\n\t\t\t\t<\/dt><\/dl><dl class='gallery-item'>\n\t\t\t\t<dt class='gallery-icon landscape'>\n\t\t\t\t\t<a class=\"rollover rollover-zoom dt-pswp-item\" title=\"302727518_440935211338256_2310984138291555955_n\" data-dt-img-description=\"\" data-large_image_width=\"512\" data-large_image_height=\"403\"href='https:\/\/www.radiopiu.net\/wordpress\/wp-content\/uploads\/2022\/09\/302727518_440935211338256_2310984138291555955_n.jpg'><img loading=\"lazy\" decoding=\"async\" width=\"150\" height=\"150\" src=\"https:\/\/www.radiopiu.net\/wordpress\/wp-content\/uploads\/2022\/09\/302727518_440935211338256_2310984138291555955_n-150x150.jpg\" class=\"attachment-thumbnail size-thumbnail\" alt=\"\" \/><\/a>\n\t\t\t\t<\/dt><\/dl><dl class='gallery-item'>\n\t\t\t\t<dt class='gallery-icon portrait'>\n\t\t\t\t\t<a class=\"rollover rollover-zoom dt-pswp-item\" title=\"305027542_785117652884400_8723651287471766078_n\" data-dt-img-description=\"\" data-large_image_width=\"300\" data-large_image_height=\"540\"href='https:\/\/www.radiopiu.net\/wordpress\/wp-content\/uploads\/2022\/09\/305027542_785117652884400_8723651287471766078_n.jpg'><img loading=\"lazy\" decoding=\"async\" width=\"150\" height=\"150\" src=\"https:\/\/www.radiopiu.net\/wordpress\/wp-content\/uploads\/2022\/09\/305027542_785117652884400_8723651287471766078_n-150x150.jpg\" class=\"attachment-thumbnail size-thumbnail\" alt=\"\" \/><\/a>\n\t\t\t\t<\/dt><\/dl><br style=\"clear: both\" \/><dl class='gallery-item'>\n\t\t\t\t<dt class='gallery-icon landscape'>\n\t\t\t\t\t<a class=\"rollover rollover-zoom dt-pswp-item\" title=\"304108399_802010981215728_1395272226668147889_n\" data-dt-img-description=\"\" data-large_image_width=\"545\" data-large_image_height=\"403\"href='https:\/\/www.radiopiu.net\/wordpress\/wp-content\/uploads\/2022\/09\/304108399_802010981215728_1395272226668147889_n.jpg'><img loading=\"lazy\" decoding=\"async\" width=\"150\" height=\"150\" src=\"https:\/\/www.radiopiu.net\/wordpress\/wp-content\/uploads\/2022\/09\/304108399_802010981215728_1395272226668147889_n-150x150.jpg\" class=\"attachment-thumbnail size-thumbnail\" alt=\"\" \/><\/a>\n\t\t\t\t<\/dt><\/dl><dl class='gallery-item'>\n\t\t\t\t<dt class='gallery-icon portrait'>\n\t\t\t\t\t<a class=\"rollover rollover-zoom dt-pswp-item\" title=\"302456449_612722780391739_6332258816871339499_n\" data-dt-img-description=\"\" data-large_image_width=\"304\" data-large_image_height=\"403\"href='https:\/\/www.radiopiu.net\/wordpress\/wp-content\/uploads\/2022\/09\/302456449_612722780391739_6332258816871339499_n.jpg'><img loading=\"lazy\" decoding=\"async\" width=\"150\" height=\"150\" src=\"https:\/\/www.radiopiu.net\/wordpress\/wp-content\/uploads\/2022\/09\/302456449_612722780391739_6332258816871339499_n-150x150.jpg\" class=\"attachment-thumbnail size-thumbnail\" alt=\"\" \/><\/a>\n\t\t\t\t<\/dt><\/dl><dl class='gallery-item'>\n\t\t\t\t<dt class='gallery-icon landscape'>\n\t\t\t\t\t<a class=\"rollover rollover-zoom dt-pswp-item\" title=\"302505284_1247335266015675_4825948489651217965_n\" data-dt-img-description=\"\" data-large_image_width=\"525\" data-large_image_height=\"403\"href='https:\/\/www.radiopiu.net\/wordpress\/wp-content\/uploads\/2022\/09\/302505284_1247335266015675_4825948489651217965_n.jpg'><img loading=\"lazy\" decoding=\"async\" width=\"150\" height=\"150\" src=\"https:\/\/www.radiopiu.net\/wordpress\/wp-content\/uploads\/2022\/09\/302505284_1247335266015675_4825948489651217965_n-150x150.jpg\" class=\"attachment-thumbnail size-thumbnail\" alt=\"\" \/><\/a>\n\t\t\t\t<\/dt><\/dl><dl class='gallery-item'>\n\t\t\t\t<dt class='gallery-icon portrait'>\n\t\t\t\t\t<a class=\"rollover rollover-zoom dt-pswp-item\" title=\"301993741_794571418408354_3285290086977469603_n\" data-dt-img-description=\"\" data-large_image_width=\"362\" data-large_image_height=\"403\"href='https:\/\/www.radiopiu.net\/wordpress\/wp-content\/uploads\/2022\/09\/301993741_794571418408354_3285290086977469603_n.jpg'><img loading=\"lazy\" decoding=\"async\" width=\"150\" height=\"150\" src=\"https:\/\/www.radiopiu.net\/wordpress\/wp-content\/uploads\/2022\/09\/301993741_794571418408354_3285290086977469603_n-150x150.jpg\" class=\"attachment-thumbnail size-thumbnail\" alt=\"\" \/><\/a>\n\t\t\t\t<\/dt><\/dl><dl class='gallery-item'>\n\t\t\t\t<dt class='gallery-icon portrait'>\n\t\t\t\t\t<a class=\"rollover rollover-zoom dt-pswp-item\" title=\"302239352_1053352891991194_2152140553055225548_n\" data-dt-img-description=\"\" data-large_image_width=\"315\" data-large_image_height=\"403\"href='https:\/\/www.radiopiu.net\/wordpress\/wp-content\/uploads\/2022\/09\/302239352_1053352891991194_2152140553055225548_n.jpg'><img loading=\"lazy\" decoding=\"async\" width=\"150\" height=\"150\" src=\"https:\/\/www.radiopiu.net\/wordpress\/wp-content\/uploads\/2022\/09\/302239352_1053352891991194_2152140553055225548_n-150x150.jpg\" class=\"attachment-thumbnail size-thumbnail\" alt=\"\" \/><\/a>\n\t\t\t\t<\/dt><\/dl><br style=\"clear: both\" \/><dl class='gallery-item'>\n\t\t\t\t<dt class='gallery-icon portrait'>\n\t\t\t\t\t<a class=\"rollover rollover-zoom dt-pswp-item\" title=\"305175972_845881999727713_7626208803962592367_n\" data-dt-img-description=\"\" data-large_image_width=\"313\" data-large_image_height=\"600\"href='https:\/\/www.radiopiu.net\/wordpress\/wp-content\/uploads\/2022\/09\/305175972_845881999727713_7626208803962592367_n.jpg'><img loading=\"lazy\" decoding=\"async\" width=\"150\" height=\"150\" src=\"https:\/\/www.radiopiu.net\/wordpress\/wp-content\/uploads\/2022\/09\/305175972_845881999727713_7626208803962592367_n-150x150.jpg\" class=\"attachment-thumbnail size-thumbnail\" alt=\"\" \/><\/a>\n\t\t\t\t<\/dt><\/dl><dl class='gallery-item'>\n\t\t\t\t<dt class='gallery-icon portrait'>\n\t\t\t\t\t<a class=\"rollover rollover-zoom dt-pswp-item\" title=\"302161755_1128115611440487_734368804217424267_n\" data-dt-img-description=\"\" data-large_image_width=\"314\" data-large_image_height=\"403\"href='https:\/\/www.radiopiu.net\/wordpress\/wp-content\/uploads\/2022\/09\/302161755_1128115611440487_734368804217424267_n.jpg'><img loading=\"lazy\" decoding=\"async\" width=\"150\" height=\"150\" src=\"https:\/\/www.radiopiu.net\/wordpress\/wp-content\/uploads\/2022\/09\/302161755_1128115611440487_734368804217424267_n-150x150.jpg\" class=\"attachment-thumbnail size-thumbnail\" alt=\"\" \/><\/a>\n\t\t\t\t<\/dt><\/dl><dl class='gallery-item'>\n\t\t\t\t<dt class='gallery-icon portrait'>\n\t\t\t\t\t<a class=\"rollover rollover-zoom dt-pswp-item\" title=\"305061084_617249083398278_5586772967329793254_n\" data-dt-img-description=\"\" data-large_image_width=\"311\" data-large_image_height=\"640\"href='https:\/\/www.radiopiu.net\/wordpress\/wp-content\/uploads\/2022\/09\/305061084_617249083398278_5586772967329793254_n.jpg'><img loading=\"lazy\" decoding=\"async\" width=\"150\" height=\"150\" src=\"https:\/\/www.radiopiu.net\/wordpress\/wp-content\/uploads\/2022\/09\/305061084_617249083398278_5586772967329793254_n-150x150.jpg\" class=\"attachment-thumbnail size-thumbnail\" alt=\"\" \/><\/a>\n\t\t\t\t<\/dt><\/dl><dl class='gallery-item'>\n\t\t\t\t<dt class='gallery-icon portrait'>\n\t\t\t\t\t<a class=\"rollover rollover-zoom dt-pswp-item\" title=\"302330104_604581934644846_1018929541242205998_n\" data-dt-img-description=\"\" data-large_image_width=\"300\" data-large_image_height=\"414\"href='https:\/\/www.radiopiu.net\/wordpress\/wp-content\/uploads\/2022\/09\/302330104_604581934644846_1018929541242205998_n.jpg'><img loading=\"lazy\" decoding=\"async\" width=\"150\" height=\"150\" src=\"https:\/\/www.radiopiu.net\/wordpress\/wp-content\/uploads\/2022\/09\/302330104_604581934644846_1018929541242205998_n-150x150.jpg\" class=\"attachment-thumbnail size-thumbnail\" alt=\"\" \/><\/a>\n\t\t\t\t<\/dt><\/dl><dl class='gallery-item'>\n\t\t\t\t<dt class='gallery-icon landscape'>\n\t\t\t\t\t<a class=\"rollover rollover-zoom dt-pswp-item\" title=\"301563628_5944223688977128_3229974793841852781_n\" data-dt-img-description=\"\" data-large_image_width=\"611\" data-large_image_height=\"403\"href='https:\/\/www.radiopiu.net\/wordpress\/wp-content\/uploads\/2022\/09\/301563628_5944223688977128_3229974793841852781_n.jpg'><img loading=\"lazy\" decoding=\"async\" width=\"150\" height=\"150\" src=\"https:\/\/www.radiopiu.net\/wordpress\/wp-content\/uploads\/2022\/09\/301563628_5944223688977128_3229974793841852781_n-150x150.jpg\" class=\"attachment-thumbnail size-thumbnail\" alt=\"\" \/><\/a>\n\t\t\t\t<\/dt><\/dl><br style=\"clear: both\" \/>\n\t\t\t<\/div>\n\n<p>&nbsp;<\/p>\n<p>NELLE FOTO (riproduzioni dal volume \u201cGuardando oltre. Chiesa di Mas-Peron\u201d e da L\u2019Amico del Popolo): la copertina della pubblicazione; l\u2019autore, don Claudio Sacco; \u201c\u00e8 l\u2019alba, alziamo le vele\u2026\u201d; \u201ccielo, terra e ogni luogo sono la casa di Dio\u2026\u201d; la chiesa di Mas-Peron inserita nella splendida natura, con essa propone il mistero del bello ed accoglie il ricercatore; la porta dei santi piccoli e grandi, dei protettori e dei bisognosi del manto misericordioso della madre; l\u2019altare; il tabernacolo; il presbiterio; il battistero; il confessionale; la Madonna Odig\u00ectria; le vetrate; il campanile; il complesso dall\u2019alto, inserito tra case, boschi e monti; il giorno della dedicazione della parrocchiale con il vescovo emerito Giuseppe Andrich; sulle strade della vita, ecco le nuove generazioni&#8230;<\/p>\n<p>&nbsp;<\/p>\n<p>&nbsp;<\/p>\n<hr \/>\n<p>&nbsp;<\/p>\n<h2><span style=\"color: #ff0000;\">IERI ALLA RADIO<\/span><\/h2>\n<h2><span style=\"color: #008080;\">&#8220;DINTORN E FORA VIA&#8221; A CURA DEL MUSLA, IL NUOVO PROGRAMMA\u00a0<\/span><\/h2>\n<p><strong><a class=\"dt-pswp-item\" href=\"https:\/\/www.radiopiu.net\/wordpress\/wp-content\/uploads\/2022\/09\/870721d9-c15a-4aa9-9d95-b81587e821a3.jpg\" data-dt-img-description=\"\" data-large_image_width=\"2048\" data-large_image_height=\"2048\"><img loading=\"lazy\" decoding=\"async\" class=\"size-thumbnail wp-image-295994 alignleft\" src=\"https:\/\/www.radiopiu.net\/wordpress\/wp-content\/uploads\/2022\/09\/870721d9-c15a-4aa9-9d95-b81587e821a3-150x150.jpg\" alt=\"\" width=\"150\" height=\"150\" srcset=\"https:\/\/www.radiopiu.net\/wordpress\/wp-content\/uploads\/2022\/09\/870721d9-c15a-4aa9-9d95-b81587e821a3-150x150.jpg 150w, https:\/\/www.radiopiu.net\/wordpress\/wp-content\/uploads\/2022\/09\/870721d9-c15a-4aa9-9d95-b81587e821a3-300x300.jpg 300w, https:\/\/www.radiopiu.net\/wordpress\/wp-content\/uploads\/2022\/09\/870721d9-c15a-4aa9-9d95-b81587e821a3-1024x1024.jpg 1024w, https:\/\/www.radiopiu.net\/wordpress\/wp-content\/uploads\/2022\/09\/870721d9-c15a-4aa9-9d95-b81587e821a3-768x768.jpg 768w, https:\/\/www.radiopiu.net\/wordpress\/wp-content\/uploads\/2022\/09\/870721d9-c15a-4aa9-9d95-b81587e821a3-1536x1536.jpg 1536w, https:\/\/www.radiopiu.net\/wordpress\/wp-content\/uploads\/2022\/09\/870721d9-c15a-4aa9-9d95-b81587e821a3.jpg 2048w\" sizes=\"auto, (max-width: 150px) 100vw, 150px\" \/><\/a>LA PUNTATA DEL 06 SETEMBRE &#8211; ELEONORA DAL COL<\/strong><\/p>\n<audio class=\"wp-audio-shortcode\" id=\"audio-295989-6\" preload=\"none\" style=\"width: 100%;\" controls=\"controls\"><source type=\"audio\/mpeg\" src=\"https:\/\/www.radiopiu.net\/wordpress\/wp-content\/uploads\/2022\/09\/MUSLA-1.mp3?_=6\" \/><a href=\"https:\/\/www.radiopiu.net\/wordpress\/wp-content\/uploads\/2022\/09\/MUSLA-1.mp3\">https:\/\/www.radiopiu.net\/wordpress\/wp-content\/uploads\/2022\/09\/MUSLA-1.mp3<\/a><\/audio>\n<p><strong>LA RACCOLTA<\/strong><\/p>\n<blockquote class=\"wp-embedded-content\" data-secret=\"ThAh2ojsAX\"><p><a href=\"https:\/\/www.radiopiu.net\/wordpress\/musla\/\">MUSLA<\/a><\/p><\/blockquote>\n<p><iframe loading=\"lazy\" class=\"wp-embedded-content\" sandbox=\"allow-scripts\" security=\"restricted\" style=\"position: absolute; clip: rect(1px, 1px, 1px, 1px);\" title=\"&#8220;MUSLA&#8221; &#8212; Radio Pi\u00f9\" src=\"https:\/\/www.radiopiu.net\/wordpress\/musla\/embed\/#?secret=tjXt0f6qGj#?secret=ThAh2ojsAX\" data-secret=\"ThAh2ojsAX\" width=\"600\" height=\"338\" frameborder=\"0\" marginwidth=\"0\" marginheight=\"0\" scrolling=\"no\"><\/iframe><\/p>\n<p>&nbsp;<\/p>\n<hr \/>\n<p>&nbsp;<\/p>\n<div>\n<div class=\"b654a4as d2edcug0\">\n<div class=\"rq0escxv hkbzh7o3 jwdofwj8 n8tt0mok r8blr3vg hyh9befq\">\n<p><a class=\"dt-pswp-item\" href=\"https:\/\/www.radiopiu.net\/wordpress\/wp-content\/uploads\/2020\/10\/pp.jpg\" data-dt-img-description=\"\" data-large_image_width=\"640\" data-large_image_height=\"640\"><img loading=\"lazy\" decoding=\"async\" class=\"wp-image-163678 alignleft\" src=\"https:\/\/www.radiopiu.net\/wordpress\/wp-content\/uploads\/2020\/10\/pp-300x300.jpg\" alt=\"\" width=\"106\" height=\"106\" srcset=\"https:\/\/www.radiopiu.net\/wordpress\/wp-content\/uploads\/2020\/10\/pp-300x300.jpg 300w, https:\/\/www.radiopiu.net\/wordpress\/wp-content\/uploads\/2020\/10\/pp-150x150.jpg 150w, https:\/\/www.radiopiu.net\/wordpress\/wp-content\/uploads\/2020\/10\/pp-125x125.jpg 125w, https:\/\/www.radiopiu.net\/wordpress\/wp-content\/uploads\/2020\/10\/pp-200x200.jpg 200w, https:\/\/www.radiopiu.net\/wordpress\/wp-content\/uploads\/2020\/10\/pp-80x80.jpg 80w, https:\/\/www.radiopiu.net\/wordpress\/wp-content\/uploads\/2020\/10\/pp-480x480.jpg 480w, https:\/\/www.radiopiu.net\/wordpress\/wp-content\/uploads\/2020\/10\/pp.jpg 640w\" sizes=\"auto, (max-width: 106px) 100vw, 106px\" \/><\/a><\/p>\n<\/div>\n<\/div>\n<\/div>\n<div>\n<div class=\"page-title-head hgroup\">\n<div class=\"page-title-head hgroup\">\n<div class=\"b654a4as d2edcug0\">\n<div class=\"j83agx80 btwxx1t3 lhclo0ds hop8lmos nkwizq5d scwd0bx6 roh60bw9\">\n<div class=\"rq0escxv hkbzh7o3 jwdofwj8 n8tt0mok r8blr3vg hyh9befq\">\n<div class=\"do00u71z l9j0dhe7 k4urcfbm\">\n<h2><span style=\"color: #000080;\">DON CESARE, IL PENSIERO DEL GIORNO. ALLA RADIO ALLE 7 DEL MATTINO E ALLE 19.30 DELLA SERA.\u00a0<\/span><\/h2>\n<\/div>\n<\/div>\n<\/div>\n<\/div>\n<\/div>\n<\/div>\n<\/div>\n<div class=\"do00u71z l9j0dhe7 k4urcfbm\">\n<div class=\"page-title-head hgroup\">\n<div class=\"page-title-head hgroup\">\n<div class=\"b654a4as d2edcug0\">\n<div class=\"j83agx80 btwxx1t3 lhclo0ds hop8lmos nkwizq5d scwd0bx6 roh60bw9\">\n<div class=\"rq0escxv hkbzh7o3 jwdofwj8 n8tt0mok r8blr3vg hyh9befq\">\n<div class=\"do00u71z l9j0dhe7 k4urcfbm\">\n<div class=\"page-title-head hgroup\">\n<div class=\"page-title-head hgroup\">\n<div class=\"b654a4as d2edcug0\">\n<div class=\"j83agx80 btwxx1t3 lhclo0ds hop8lmos nkwizq5d scwd0bx6 roh60bw9\">\n<div class=\"rq0escxv hkbzh7o3 jwdofwj8 n8tt0mok r8blr3vg hyh9befq\">\n<div class=\"do00u71z l9j0dhe7 k4urcfbm\">\n<div class=\"ecm0bbzt e5nlhep0 a8c37x1j\">\n<div class=\"kvgmc6g5 cxmmr5t8 oygrvhab hcukyx3x c1et5uql\">\n<div class=\"gmail-kvgmc6g5 gmail-cxmmr5t8 gmail-oygrvhab gmail-hcukyx3x gmail-c1et5uql gmail-ii04i59q\">\n<div class=\"page-title-head hgroup\">\n<div class=\"page-title-head hgroup\">\n<div class=\"b654a4as d2edcug0\">\n<div class=\"j83agx80 btwxx1t3 lhclo0ds hop8lmos nkwizq5d scwd0bx6 roh60bw9\">\n<div class=\"rq0escxv hkbzh7o3 jwdofwj8 n8tt0mok r8blr3vg hyh9befq\">\n<div class=\"do00u71z l9j0dhe7 k4urcfbm\">\n<div class=\"page-title-head hgroup\">\n<div class=\"page-title-head hgroup\">\n<div class=\"b654a4as d2edcug0\">\n<div class=\"j83agx80 btwxx1t3 lhclo0ds hop8lmos nkwizq5d scwd0bx6 roh60bw9\">\n<div class=\"rq0escxv hkbzh7o3 jwdofwj8 n8tt0mok r8blr3vg hyh9befq\">\n<div class=\"do00u71z l9j0dhe7 k4urcfbm\">\n<div class=\"page-title-head hgroup\">\n<div class=\"page-title-head hgroup\">\n<div class=\"b654a4as d2edcug0\">\n<div class=\"j83agx80 btwxx1t3 lhclo0ds hop8lmos nkwizq5d scwd0bx6 roh60bw9\">\n<div class=\"rq0escxv hkbzh7o3 jwdofwj8 n8tt0mok r8blr3vg hyh9befq\">\n<div class=\"do00u71z l9j0dhe7 k4urcfbm\">\n<div class=\"ecm0bbzt e5nlhep0 a8c37x1j\">\n<div class=\"kvgmc6g5 cxmmr5t8 oygrvhab hcukyx3x c1et5uql\">\n<div class=\"gmail-kvgmc6g5 gmail-cxmmr5t8 gmail-oygrvhab gmail-hcukyx3x gmail-c1et5uql gmail-ii04i59q\">\n<div class=\"page-title-head hgroup\">\n<div class=\"page-title-head hgroup\">\n<div class=\"b654a4as d2edcug0\">\n<div class=\"j83agx80 btwxx1t3 lhclo0ds hop8lmos nkwizq5d scwd0bx6 roh60bw9\">\n<div class=\"rq0escxv hkbzh7o3 jwdofwj8 n8tt0mok r8blr3vg hyh9befq\">\n<div class=\"do00u71z l9j0dhe7 k4urcfbm\">\n<p>&nbsp;<\/p>\n<audio class=\"wp-audio-shortcode\" id=\"audio-295989-7\" preload=\"none\" style=\"width: 100%;\" controls=\"controls\"><source type=\"audio\/mpeg\" src=\"https:\/\/www.radiopiu.net\/wordpress\/wp-content\/uploads\/2022\/09\/CESARE-5.mp3?_=7\" \/><a href=\"https:\/\/www.radiopiu.net\/wordpress\/wp-content\/uploads\/2022\/09\/CESARE-5.mp3\">https:\/\/www.radiopiu.net\/wordpress\/wp-content\/uploads\/2022\/09\/CESARE-5.mp3<\/a><\/audio>\n<p>&nbsp;<\/p>\n<hr \/>\n<p>&nbsp;<\/p>\n<p><span style=\"color: #0000ff;\">MUSICA PIU&#8217;\u00a0<\/span><\/p>\n<p><a href=\"https:\/\/www.radiopiu.net\/wordpress\/giornale-radiopiu-20-settembre-2021-direttore-mirko-mezzacasa\/pp-79\/\" rel=\"attachment wp-att-232921\"><img loading=\"lazy\" decoding=\"async\" class=\"wp-image-232921 alignleft\" src=\"https:\/\/www.radiopiu.net\/wordpress\/wp-content\/uploads\/2021\/09\/pp-1-300x300.jpg\" alt=\"\" width=\"135\" height=\"135\" srcset=\"https:\/\/www.radiopiu.net\/wordpress\/wp-content\/uploads\/2021\/09\/pp-1-300x300.jpg 300w, https:\/\/www.radiopiu.net\/wordpress\/wp-content\/uploads\/2021\/09\/pp-1-150x150.jpg 150w, https:\/\/www.radiopiu.net\/wordpress\/wp-content\/uploads\/2021\/09\/pp-1.jpg 640w\" sizes=\"auto, (max-width: 135px) 100vw, 135px\" \/><\/a><\/p>\n<div class=\"mkdf-post-text\">\n<div class=\"mkdf-post-text-inner\">\n<div class=\"mkdf-post-text-main\">\n<div class=\"mkdf-post-text\">\n<div class=\"mkdf-post-text-inner\">\n<div class=\"mkdf-post-text-main\">\n<div class=\"mkdf-post-text\">\n<div class=\"mkdf-post-text-inner\">\n<div class=\"mkdf-post-text-main\">\n<div class=\"page-title-head hgroup\">\n<div class=\"page-title-head hgroup\">\n<div class=\"mkdf-post-text\">\n<div class=\"mkdf-post-text-inner\">\n<div class=\"mkdf-post-text-main\">\n<div class=\"mkdf-post-text\">\n<div class=\"mkdf-post-text-inner\">\n<div class=\"mkdf-post-text-main\">\n<div class=\"page-title-head hgroup\">\n<div class=\"page-title-head hgroup\">\n<div class=\"page-title-head hgroup\">\n<div class=\"page-title-head hgroup\">\n<div class=\"b654a4as d2edcug0\">\n<div class=\"page-title-head hgroup\">\n<div class=\"page-title-head hgroup\">\n<div class=\"page-title-head hgroup\">\n<div class=\"page-title-head hgroup\">\n<div class=\"b654a4as d2edcug0\">\n<div class=\"page-title-head hgroup\">\n<div class=\"page-title-head hgroup\">\n<div class=\"page-title-head hgroup\">\n<div class=\"page-title-head hgroup\">\n<div class=\"b654a4as d2edcug0\">\n<div class=\"mkdf-post-text\">\n<div class=\"mkdf-post-text-inner\">\n<div class=\"mkdf-post-text-main\">\n<div class=\"mkdf-post-text\">\n<div class=\"mkdf-post-text-inner\">\n<div class=\"mkdf-post-text-main\">\n<div class=\"mkdf-post-text\">\n<div class=\"mkdf-post-text-inner\">\n<div class=\"mkdf-post-text-main\">\n<div class=\"page-title-head hgroup\">\n<div class=\"page-title-head hgroup\">\n<div class=\"mkdf-post-text\">\n<div class=\"mkdf-post-text-inner\">\n<div class=\"mkdf-post-text-main\">\n<div class=\"mkdf-post-text\">\n<div class=\"mkdf-post-text-inner\">\n<div class=\"mkdf-post-text-main\">\n<div class=\"page-title-head hgroup\">\n<div class=\"page-title-head hgroup\">\n<div class=\"page-title-head hgroup\">\n<div class=\"page-title-head hgroup\">\n<div class=\"b654a4as d2edcug0\">\n<div class=\"page-title-head hgroup\">\n<div class=\"page-title-head hgroup\">\n<div class=\"page-title-head hgroup\">\n<div class=\"page-title-head hgroup\">\n<div class=\"b654a4as d2edcug0\">\n<div class=\"page-title-head hgroup\">\n<div class=\"page-title-head hgroup\">\n<div class=\"page-title-head hgroup\">\n<div class=\"page-title-head hgroup\">\n<div class=\"b654a4as d2edcug0\">\n<div><\/div>\n<div><\/div>\n<div>\n<p><strong>MUSICA ALLA RADIO, IL PROGRAMMA DI LORIS SCUSSEL &#8220;COLLAGE OPERAZIONE NOSTALGIA&#8221; DAL LUNEDI AL VENERDI ALLE 16.00\u00a0 E ALLE 23\u00a0<\/strong><\/p>\n<\/div>\n<\/div>\n<p>&nbsp;<\/p>\n<\/div>\n<\/div>\n<\/div>\n<\/div>\n<\/div>\n<\/div>\n<\/div>\n<\/div>\n<\/div>\n<\/div>\n<\/div>\n<\/div>\n<\/div>\n<\/div>\n<\/div>\n<\/div>\n<\/div>\n<\/div>\n<\/div>\n<\/div>\n<\/div>\n<\/div>\n<\/div>\n<\/div>\n<\/div>\n<\/div>\n<\/div>\n<\/div>\n<\/div>\n<\/div>\n<\/div>\n<\/div>\n<\/div>\n<\/div>\n<\/div>\n<\/div>\n<\/div>\n<\/div>\n<\/div>\n<\/div>\n<\/div>\n<\/div>\n<\/div>\n<\/div>\n<\/div>\n<\/div>\n<\/div>\n<\/div>\n<\/div>\n<\/div>\n<\/div>\n<\/div>\n<\/div>\n<\/div>\n<\/div>\n<\/div>\n<\/div>\n<\/div>\n<\/div>\n<\/div>\n<\/div>\n<\/div>\n<\/div>\n<div>\n<div class=\"page-title-head hgroup\">\n<div class=\"page-title-head hgroup\">\n<div class=\"page-title-head hgroup\">\n<div class=\"page-title-head hgroup\">\n<div class=\"b654a4as d2edcug0\">\n<div class=\"page-title-head hgroup\">\n<div class=\"page-title-head hgroup\">\n<div class=\"page-title-head hgroup\">\n<div class=\"page-title-head hgroup\">\n<div class=\"b654a4as d2edcug0\">\n<div class=\"page-title-head hgroup\">\n<div class=\"page-title-head hgroup\">\n<div class=\"page-title-head hgroup\">\n<div class=\"page-title-head hgroup\">\n<div class=\"page-title-head hgroup\">\n<div class=\"page-title-head hgroup\">\n<div class=\"page-title-head hgroup\">\n<div class=\"page-title-head hgroup\">\n<div class=\"page-title-head hgroup\">\n<div class=\"b654a4as d2edcug0\">\n<div class=\"page-title-head hgroup\">\n<div class=\"page-title-head hgroup\">\n<div class=\"page-title-head hgroup\">\n<div class=\"page-title-head hgroup\">\n<div class=\"b654a4as d2edcug0\">\n<div class=\"page-title-head hgroup\">\n<div class=\"page-title-head hgroup\">\n<div class=\"page-title-head hgroup\">\n<div class=\"page-title-head hgroup\">\n<div class=\"page-title-head hgroup\">\n<div class=\"mkdf-post-text\">\n<div class=\"mkdf-post-text-inner\">\n<div class=\"mkdf-post-text-main\">\n<div class=\"mkdf-post-text\">\n<div class=\"mkdf-post-text-inner\">\n<div class=\"mkdf-post-text-main\">\n<div class=\"mkdf-post-text\">\n<div class=\"mkdf-post-text-inner\">\n<div class=\"mkdf-post-text-main\">\n<div class=\"page-title-head hgroup\">\n<div class=\"page-title-head hgroup\">\n<div class=\"mkdf-post-text\">\n<div class=\"mkdf-post-text-inner\">\n<div class=\"mkdf-post-text-main\">\n<div class=\"mkdf-post-text\">\n<div class=\"mkdf-post-text-inner\">\n<div class=\"mkdf-post-text-main\">\n<div class=\"page-title-head hgroup\">\n<div class=\"page-title-head hgroup\">\n<div class=\"page-title-head hgroup\">\n<div class=\"page-title-head hgroup\">\n<div class=\"b654a4as d2edcug0\">\n<div class=\"page-title-head hgroup\">\n<div class=\"page-title-head hgroup\">\n<div class=\"page-title-head hgroup\">\n<div class=\"page-title-head hgroup\">\n<div class=\"b654a4as d2edcug0\">\n<div class=\"page-title-head hgroup\">\n<div class=\"page-title-head hgroup\">\n<div class=\"page-title-head hgroup\">\n<p>&nbsp;<\/p>\n<p>&nbsp;<\/p>\n<p><strong class=\"photoswipe-wrapper\"><a class=\"dt-pswp-item pspw-wrap-ready\" href=\"https:\/\/www.radiopiu.net\/wordpress\/wp-content\/uploads\/2022\/09\/Celia-Cruz.jpg\" data-dt-img-description=\"\" data-large_image_width=\"948\" data-large_image_height=\"948\"><img loading=\"lazy\" decoding=\"async\" class=\" wp-image-295725 alignleft\" src=\"https:\/\/www.radiopiu.net\/wordpress\/wp-content\/uploads\/2022\/09\/Celia-Cruz-150x150.jpg\" sizes=\"auto, (max-width: 112px) 100vw, 112px\" srcset=\"https:\/\/www.radiopiu.net\/wordpress\/wp-content\/uploads\/2022\/09\/Celia-Cruz-150x150.jpg 150w, https:\/\/www.radiopiu.net\/wordpress\/wp-content\/uploads\/2022\/09\/Celia-Cruz-300x300.jpg 300w, https:\/\/www.radiopiu.net\/wordpress\/wp-content\/uploads\/2022\/09\/Celia-Cruz-768x768.jpg 768w, https:\/\/www.radiopiu.net\/wordpress\/wp-content\/uploads\/2022\/09\/Celia-Cruz.jpg 948w\" alt=\"\" width=\"112\" height=\"112\" \/><\/a>di Loris Scussel<\/strong><\/p>\n<p>Proseguono le repliche di Collage operazione nostalgia in attesa delle nuove puntate che andranno in onda dal prossimo mese di\u00a0 ottobre. \u201cRock around the clock\u201d aprir\u00e0 la nuova settimana nella quale ascolteremo una selezione di balli latino americani inoltre ci sar\u00e0 spazio per i complessi beat, per i cantautori, per la musica di oltreoceano e cos\u00ec via in un vero e proprio \u201cCollage\u201d musicale. Il programma va in onda dal luned\u00ec al venerd\u00ec alle 16,00 e alle 23,00 naturalmente su Radio Pi\u00f9.<\/p>\n<p>&nbsp;<\/p>\n<hr \/>\n<p>&nbsp;<\/p>\n<p><a class=\"dt-pswp-item\" href=\"https:\/\/www.radiopiu.net\/wordpress\/wp-content\/uploads\/2018\/09\/WhatsApp-Image-2018-09-20-at-16.04.06.jpeg\" data-dt-img-description=\"\" data-large_image_width=\"800\" data-large_image_height=\"100\"><img loading=\"lazy\" decoding=\"async\" class=\"aligncenter wp-image-61378 size-full\" src=\"https:\/\/www.radiopiu.net\/wordpress\/wp-content\/uploads\/2018\/09\/WhatsApp-Image-2018-09-20-at-16.04.06.jpeg\" alt=\"\" width=\"800\" height=\"100\" srcset=\"https:\/\/www.radiopiu.net\/wordpress\/wp-content\/uploads\/2018\/09\/WhatsApp-Image-2018-09-20-at-16.04.06.jpeg 800w, https:\/\/www.radiopiu.net\/wordpress\/wp-content\/uploads\/2018\/09\/WhatsApp-Image-2018-09-20-at-16.04.06-300x38.jpeg 300w, https:\/\/www.radiopiu.net\/wordpress\/wp-content\/uploads\/2018\/09\/WhatsApp-Image-2018-09-20-at-16.04.06-768x96.jpeg 768w\" sizes=\"auto, (max-width: 800px) 100vw, 800px\" \/><\/a><\/p>\n<p>&nbsp;<\/p>\n<p><center><b>Mercoledi 7<\/b><\/center><b>Tempo atteso: <\/b>Al mattino tempo ancora discreto con iniziali tratti soleggiati e successivo incremento delle velature del cielo, prima dell&#8217;arrivo di una maggiore nuvolosit\u00e0 alta entro le ore centrali. Al pomeriggio ulteriore intensificazione della nuvolosit\u00e0, anche per attivit\u00e0 cumuliforme associata a rovesci sparsi e locali temporali. Conservazione di una certa mitezza, nonostante la maggiore nuvolosit\u00e0.<br \/>\n<b>Precipitazioni: <\/b>Al mattino perlopi\u00f9 assenti (0-10%); dal pomeriggio in poi probabilit\u00e0 in aumento fino a medio-alta (60-80%) per rovesci e temporali sparsi.<br \/>\n<b>Temperature: <\/b>Minime in leggero aumento e massime in contenuta flessione. Previste punte di 25\/26\u00b0C nei fondovalle prealpini e di 19\/22\u00b0C a 1000-1200 m. Su Prealpi a 1500 m min 14\u00b0C, max 16\u00b0C; a 2000 m min 11\u00b0C, max 13\u00b0C. Su Dolomiti a 2000 m min 10\u00b0C, max 14\u00b0C; a 3000 m min 3\u00b0C, max 5\u00b0C.<br \/>\n<b>Venti: <\/b>Nelle valli perlopi\u00f9 deboli di direzione variabile, salvo locali rinforzi durante gli episodi d&#8217;instabilit\u00e0; in quota deboli\/moderati da sud-ovest, a 5-10 km\/h a 2000 m e 10-25 km\/h a 3000 m.<\/p>\n<hr \/>\n<p><center><b>Giovedi 8<\/b><\/center><b>Tempo atteso: <\/b>Cielo da molto nuvoloso a coperto con lieve instabilit\u00e0 e qualche fase perturbata. In questo contesto le precipitazioni saranno altamente probabili, anche se con qualche intervallo senza fenomeni, ma complessivamente il rischio persister\u00e0 tutto il giorno. Alla sera temporaneo esaurimento del maltempo. Il contesto termico sar\u00e0 un po&#8217; pi\u00f9 fresco in relazione al forte deficit di sole e all&#8217;instabilit\u00e0.<br \/>\n<b>Precipitazioni: <\/b>Nottetempo probabile precipitazioni sparse (60-80%), a tratti anche di moderata intensit\u00e0. In giornata nuovi fenomeni, anche a carattere di rovescio e occasionalmente di temporale, probabili gi\u00e0 in mattinata, ma soprattutto al pomeriggio quando il rischio risulter\u00e0 di nuovo pi\u00f9 alto (80\/90%). Gli apporti saranno molto irregolari: 2-15 mm, localmente pari o superiori a 20\/30 mm per singoli temporali.<br \/>\n<b>Temperature: <\/b>In generale leggera flessione con debole escursione termica giornaliera a tutte le quote. Su Prealpi a 1500 m min 12\u00b0C, max 14\u00b0C; a 2000 m min 9\u00b0C, max 11\u00b0C. Su Dolomiti a 2000 m min 8\u00b0C, max 11\u00b0C; a 3000 m min 2\u00b0C, max 4\u00b0C.<br \/>\n<b>Venti: <\/b>Nelle valli deboli di direzione variabile, salvo temporanei rinforzi nei settori esposti ai quadranti meridionali; in quota moderati\/tesi da sud-ovest in giornata, in netta attenuazione disponendosi temporaneamente da ovest verso sera, a 10-25 km\/h a 2000 m e 15-45 km\/h a 3000 m.<\/p>\n<hr \/>\n<p><center><b>Venerdi 9<\/b><\/center>Ampi rasserenamenti nottetempo e lunghi tratti soleggiati nella prima parte del giorno, salvo qualche banco di nubi stratiformi, in diradamento. In seguito crescente nuvolosit\u00e0, anche cumuliforme, e ripresa dell&#8217;instabilit\u00e0 con alto rischio di rovesci e temporali pomeridiani pressoch\u00e9 ovunque; oltre i 3000 m i rovesci saranno nevosi. Temperature minime in ulteriore leggera flessione; massime stazionarie in quota e in lieve ripresa nelle valli. Venti deboli di direzione variabile nelle valli, salvo temporanei rinforzi; in quota perlopi\u00f9 moderati da sud-ovest.<\/p>\n<hr \/>\n<p><center><b>Sabato 10<\/b><\/center>Al mattino cielo sereno, aria tersa e ottima visibilit\u00e0, salvo locali banchi di nubi basse su alcuni settori prealpini, in rapido dissolvimento. Al pomeriggio attivit\u00e0 cumuliforme irregolare, localmente intensa e associata a rovesci e locali temporali per convezione di aria fredda in quota (limite neve 2800 m). Temperature minime in calo con ritorno delle brinate fino sui 2500 m e del gelo sulle cime dolomitiche pi\u00f9 alte; massime in lieve in diminuzione in quota e stazionarie nei fondovalle. Venti deboli\/moderati per brezze nelle valli; deboli moderati da ovest sud-ovest in quota, disponendosi da nord-ovest alla sera. Previsore:R.L.Th.<\/p>\n<p>&nbsp;<\/p>\n<hr \/>\n<p>&nbsp;<\/p>\n<p><a href=\"https:\/\/www.radiopiu.net\/wordpress\/giornale-radiopiu-26-settembre-2018-direttore-mirko-mezzacasa\/viabilita-2\/\" rel=\"attachment wp-att-61954\"><img loading=\"lazy\" decoding=\"async\" class=\"aligncenter wp-image-61954 size-full\" src=\"https:\/\/www.radiopiu.net\/wordpress\/wp-content\/uploads\/2018\/09\/viabilita.jpeg\" sizes=\"auto, (max-width: 800px) 100vw, 800px\" srcset=\"https:\/\/www.radiopiu.net\/wordpress\/wp-content\/uploads\/2018\/09\/viabilita.jpeg 800w, https:\/\/www.radiopiu.net\/wordpress\/wp-content\/uploads\/2018\/09\/viabilita-300x38.jpeg 300w, https:\/\/www.radiopiu.net\/wordpress\/wp-content\/uploads\/2018\/09\/viabilita-768x96.jpeg 768w\" alt=\"\" width=\"800\" height=\"100\" \/><\/a><\/p>\n<blockquote>\n<h3><\/h3>\n<h3>GALLERIA DI SEGUSINO CHIUSA PER 4 MESI<\/h3>\n<\/blockquote>\n<p><strong><a class=\"dt-pswp-item\" href=\"https:\/\/www.radiopiu.net\/wordpress\/wp-content\/uploads\/2020\/05\/VENETO-STRADE.png\" data-dt-img-description=\"\" data-large_image_width=\"400\" data-large_image_height=\"400\"><img loading=\"lazy\" decoding=\"async\" class=\" wp-image-135574 alignleft\" src=\"https:\/\/www.radiopiu.net\/wordpress\/wp-content\/uploads\/2020\/05\/VENETO-STRADE-150x150.png\" alt=\"\" width=\"102\" height=\"102\" srcset=\"https:\/\/www.radiopiu.net\/wordpress\/wp-content\/uploads\/2020\/05\/VENETO-STRADE-150x150.png 150w, https:\/\/www.radiopiu.net\/wordpress\/wp-content\/uploads\/2020\/05\/VENETO-STRADE-300x300.png 300w, https:\/\/www.radiopiu.net\/wordpress\/wp-content\/uploads\/2020\/05\/VENETO-STRADE.png 400w\" sizes=\"auto, (max-width: 102px) 100vw, 102px\" \/><\/a><\/strong><\/p>\n<p><strong>\u00a0<\/strong><\/p>\n<p><strong>SEGUSINO<\/strong> Fino al 4 novembre, compresi sabati domeniche e festivi infrasettimanali, un&#8217;interdizione totale al transito per l&#8217;intera tratta della galleria di Segusino in seguito a dei lavori per messa in sicurezza della condotta acquedottistica<\/p>\n<p><b>\u00a0<\/b><\/p>\n<p>&nbsp;<\/p>\n<blockquote class=\"wp-embedded-content\" data-secret=\"wcjauJyWVe\"><p><a href=\"https:\/\/www.radiopiu.net\/wordpress\/viabilita\/\">viabilita<\/a><\/p><\/blockquote>\n<p><iframe loading=\"lazy\" class=\"wp-embedded-content\" sandbox=\"allow-scripts\" security=\"restricted\" style=\"position: absolute; clip: rect(1px, 1px, 1px, 1px);\" title=\"&#8220;viabilita&#8221; &#8212; Radio Pi\u00f9\" src=\"https:\/\/www.radiopiu.net\/wordpress\/viabilita\/embed\/#?secret=jRYG8DIr9K#?secret=wcjauJyWVe\" data-secret=\"wcjauJyWVe\" width=\"600\" height=\"338\" frameborder=\"0\" marginwidth=\"0\" marginheight=\"0\" scrolling=\"no\"><\/iframe><\/p>\n<p>&nbsp;<\/p>\n<hr \/>\n<p>&nbsp;<\/p>\n<p>&nbsp;<\/p>\n<p><img loading=\"lazy\" decoding=\"async\" class=\"wp-image-60761 size-full aligncenter\" src=\"https:\/\/www.radiopiu.net\/wordpress\/wp-content\/uploads\/2018\/09\/sport.jpg\" alt=\"\" width=\"800\" height=\"100\" srcset=\"https:\/\/www.radiopiu.net\/wordpress\/wp-content\/uploads\/2018\/09\/sport.jpg 800w, https:\/\/www.radiopiu.net\/wordpress\/wp-content\/uploads\/2018\/09\/sport-300x38.jpg 300w, https:\/\/www.radiopiu.net\/wordpress\/wp-content\/uploads\/2018\/09\/sport-768x96.jpg 768w\" sizes=\"auto, (max-width: 800px) 100vw, 800px\" \/><\/p>\n<\/div>\n<\/div>\n<\/div>\n<div class=\"page-title-head hgroup\">\n<div class=\"page-title-head hgroup\">\n<p>&nbsp;<\/p>\n<p><span style=\"color: #0000ff;\"><strong>MOUNTAIN BIKE<\/strong><\/span><\/p>\n<blockquote>\n<h3>ASTRID MIOLA E IL SOGNO CHE SI REALIZZA, CORRERE UNA GARA DI COPPA DEL MONDO DI MOUNTAIN BIKE<\/h3>\n<\/blockquote>\n<p><strong><a class=\"dt-pswp-item\" href=\"https:\/\/www.radiopiu.net\/wordpress\/wp-content\/uploads\/2022\/09\/305541038_3376052735961087_2538581358607213178_n.jpg\" data-dt-img-description=\"\" data-large_image_width=\"1200\" data-large_image_height=\"1200\"><img loading=\"lazy\" decoding=\"async\" class=\"size-thumbnail wp-image-296055 alignleft\" src=\"https:\/\/www.radiopiu.net\/wordpress\/wp-content\/uploads\/2022\/09\/305541038_3376052735961087_2538581358607213178_n-150x150.jpg\" alt=\"\" width=\"150\" height=\"150\" srcset=\"https:\/\/www.radiopiu.net\/wordpress\/wp-content\/uploads\/2022\/09\/305541038_3376052735961087_2538581358607213178_n-150x150.jpg 150w, https:\/\/www.radiopiu.net\/wordpress\/wp-content\/uploads\/2022\/09\/305541038_3376052735961087_2538581358607213178_n-300x300.jpg 300w, https:\/\/www.radiopiu.net\/wordpress\/wp-content\/uploads\/2022\/09\/305541038_3376052735961087_2538581358607213178_n-1024x1024.jpg 1024w, https:\/\/www.radiopiu.net\/wordpress\/wp-content\/uploads\/2022\/09\/305541038_3376052735961087_2538581358607213178_n-768x768.jpg 768w, https:\/\/www.radiopiu.net\/wordpress\/wp-content\/uploads\/2022\/09\/305541038_3376052735961087_2538581358607213178_n.jpg 1200w\" sizes=\"auto, (max-width: 150px) 100vw, 150px\" \/><\/a>AGORDO\u00a0<\/strong>Si \u00e8 avverato domenica scorsa il sogno di Astrid Miola, correre una gara valevole per la Coppa del Mondo. E&#8217; successo in Val di Sole in occasione del gran finale della stagione dove l&#8217;atleta di Agordo ha potuto confrontarsi con i pi\u00f9 forti al mondo.<\/p>\n<p><strong>di Claudio Fontanive<\/strong><\/p>\n<p>OSPITE: Astrid Miola<\/p>\n<audio class=\"wp-audio-shortcode\" id=\"audio-295989-8\" preload=\"none\" style=\"width: 100%;\" controls=\"controls\"><source type=\"audio\/mpeg\" src=\"https:\/\/www.radiopiu.net\/wordpress\/wp-content\/uploads\/2022\/09\/astrid-miola-gr.mp3?_=8\" \/><a href=\"https:\/\/www.radiopiu.net\/wordpress\/wp-content\/uploads\/2022\/09\/astrid-miola-gr.mp3\">https:\/\/www.radiopiu.net\/wordpress\/wp-content\/uploads\/2022\/09\/astrid-miola-gr.mp3<\/a><\/audio>\n<p>&nbsp;<\/p>\n<hr \/>\n<p>&nbsp;<\/p>\n<p><span style=\"color: #0000ff;\"><strong>MOTORI<\/strong><\/span><\/p>\n<blockquote>\n<h3>DOPO IL SECONDO SOPRALLUOGO, VIA LIBERA AL RALLY DI SAN MARTINO ANCHE SULLE STRADE BELLUNESI<\/h3>\n<\/blockquote>\n<p><strong><a class=\"dt-pswp-item\" href=\"https:\/\/www.radiopiu.net\/wordpress\/wp-content\/uploads\/2022\/09\/c7b4f0bd-6cc4-4c2a-ab62-2973eafee71b.jpg\" data-dt-img-description=\"\" data-large_image_width=\"750\" data-large_image_height=\"465\"><img loading=\"lazy\" decoding=\"async\" class=\"size-thumbnail wp-image-296080 alignleft\" src=\"https:\/\/www.radiopiu.net\/wordpress\/wp-content\/uploads\/2022\/09\/c7b4f0bd-6cc4-4c2a-ab62-2973eafee71b-150x150.jpg\" alt=\"\" width=\"150\" height=\"150\" \/><\/a>BELLUNO<\/strong><\/p>\n<p>di Roberto Bona<\/p>\n<audio class=\"wp-audio-shortcode\" id=\"audio-295989-9\" preload=\"none\" style=\"width: 100%;\" controls=\"controls\"><source type=\"audio\/mpeg\" src=\"https:\/\/www.radiopiu.net\/wordpress\/wp-content\/uploads\/2022\/09\/gr-07-sport-rally-san-martino.mp3?_=9\" \/><a href=\"https:\/\/www.radiopiu.net\/wordpress\/wp-content\/uploads\/2022\/09\/gr-07-sport-rally-san-martino.mp3\">https:\/\/www.radiopiu.net\/wordpress\/wp-content\/uploads\/2022\/09\/gr-07-sport-rally-san-martino.mp3<\/a><\/audio>\n<p>&nbsp;<\/p>\n<hr \/>\n<p>&nbsp;<\/p>\n<p><span style=\"color: #0000ff;\"><strong>PALLAVOLO<\/strong><\/span><\/p>\n<blockquote>\n<h3>PAOLO BRISTOT E LA SFIDA AL FIGLIO ALESSANDRO<\/h3>\n<\/blockquote>\n<p><strong>BELLUNO <\/strong>Sar\u00e0 una sfida speciale, inutile nasconderlo. Lo sar\u00e0 per tutti, perch\u00e9 non capita ogni giorno di vedere all\u2019opera la squadra vice campione d\u2019Europa: ovvero, l\u2019Itas Trentino, pronta a raggiungere la Spes Arena per affrontare la Da Rold Logistics Belluno (venerd\u00ec 9, alle 18: l\u2019ingresso \u00e8 libero).<span class=\"gmail-Apple-converted-space\"> \u00a0<\/span>Ma sar\u00e0 doppiamente speciale per Paolo Bristot. S\u00ec, perch\u00e9 Paolo non \u00e8 solo un dirigente capace e il nuovo responsabile del settore giovanile targato DRL. \u00c8 anche il padre di Alessandro: schiacciatore e fresco titolo europeo Under 18, conquistato durante l\u2019estate in maglia azzurra. Ora, per\u00f2, chiusa la parentesi con la Nazionale, \u201cAle\u201d ha ripreso ad allenarsi nelle file del suo club: s\u00ec, proprio l\u2019Itas Trentino. E poich\u00e9 la prima squadra \u00e8 priva di cinque atleti impegnati ai Mondiali (Sbertoli, Lavia, Micheletto, oltre ai serbi Lisinac e Podrascanin, senza considerare il libero dell\u2019Italia Under 20, Laurenzano), ecco che Bristot, in questo primo scorcio di stagione, \u00e8 entrato in pianta stabile nel gruppo di coach Angelo Lorenzetti. E venerd\u00ec affronter\u00e0 da avversario i \u201crinoceronti\u201d. Oltre a pap\u00e0 Paolo. \u00abSar\u00e0 un momento emozionante &#8211; sorride il responsabile del vivaio bellunese &#8211; non lo nascondo. Per chi far\u00f2 il tifo? Per la pallavolo: uno sport che ha dato tantissimo a me e ora anche a mio figlio. Grazie al volley, Alessandro \u00e8 entrato in contatto con persone di alto profilo morale: persone che hanno contribuito alla sua crescita\u00bb. Insomma, venerd\u00ec il cuore di Paolo sar\u00e0 inevitabilmente diviso a met\u00e0: \u00abAle sta portando avanti un cammino importante. E con le proprie gambe. Non ho mai voluto indirizzarlo in alcun modo: al massimo mi ha chiesto qualche consiglio\u00bb.<span class=\"gmail-Apple-converted-space\">\u00a0<\/span><\/p>\n\n\t\t\t<style type='text\/css'>\n\t\t\t\t#gallery-6 {\n\t\t\t\t\tmargin: auto;\n\t\t\t\t}\n\t\t\t\t#gallery-6 .gallery-item {\n\t\t\t\t\tfloat: left;\n\t\t\t\t\tmargin-top: 10px;\n\t\t\t\t\ttext-align: center;\n\t\t\t\t\twidth: 50%;\n\t\t\t\t}\n\t\t\t\t#gallery-6 img {\n\t\t\t\t\tborder: 2px solid #cfcfcf;\n\t\t\t\t}\n\t\t\t\t#gallery-6 .gallery-caption {\n\t\t\t\t\tmargin-left: 0;\n\t\t\t\t}\n\t\t\t\t\/* see gallery_shortcode() in wp-includes\/media.php *\/\n\t\t\t<\/style>\n\t\t<div id='gallery-6' class='dt-gallery-container gallery galleryid-295989 gallery-columns-2 gallery-size-thumbnail'><dl class='gallery-item'>\n\t\t\t\t<dt class='gallery-icon landscape'>\n\t\t\t\t\t<a class=\"rollover rollover-zoom dt-pswp-item\" title=\"Alessandro_Bristot_in_maglia_Itas_Trentino\" data-dt-img-description=\"\" data-large_image_width=\"1280\" data-large_image_height=\"853\"href='https:\/\/www.radiopiu.net\/wordpress\/wp-content\/uploads\/2022\/09\/Alessandro_Bristot_in_maglia_Itas_Trentino.jpg'><img loading=\"lazy\" decoding=\"async\" width=\"150\" height=\"150\" src=\"https:\/\/www.radiopiu.net\/wordpress\/wp-content\/uploads\/2022\/09\/Alessandro_Bristot_in_maglia_Itas_Trentino-150x150.jpg\" class=\"attachment-thumbnail size-thumbnail\" alt=\"\" aria-describedby=\"gallery-6-296056\" \/><\/a>\n\t\t\t\t<\/dt>\n\t\t\t\t\t<dd class='wp-caption-text gallery-caption' id='gallery-6-296056'>\n\t\t\t\t\tALESSANDRO BRISTOT\n\t\t\t\t\t<\/dd><\/dl><dl class='gallery-item'>\n\t\t\t\t<dt class='gallery-icon landscape'>\n\t\t\t\t\t<a class=\"rollover rollover-zoom dt-pswp-item\" title=\"Paolo_Bristot_al_centro\" data-dt-img-description=\"\" data-large_image_width=\"2560\" data-large_image_height=\"2130\"href='https:\/\/www.radiopiu.net\/wordpress\/wp-content\/uploads\/2022\/09\/Paolo_Bristot_al_centro-scaled.jpg'><img loading=\"lazy\" decoding=\"async\" width=\"150\" height=\"150\" src=\"https:\/\/www.radiopiu.net\/wordpress\/wp-content\/uploads\/2022\/09\/Paolo_Bristot_al_centro-150x150.jpg\" class=\"attachment-thumbnail size-thumbnail\" alt=\"\" aria-describedby=\"gallery-6-296057\" \/><\/a>\n\t\t\t\t<\/dt>\n\t\t\t\t\t<dd class='wp-caption-text gallery-caption' id='gallery-6-296057'>\n\t\t\t\t\tPAOLO BRISTOT\n\t\t\t\t\t<\/dd><\/dl><br style=\"clear: both\" \/>\n\t\t\t<\/div>\n\n<p>&nbsp;<\/p>\n<hr \/>\n<p>&nbsp;<\/p>\n<p><span style=\"color: #0000ff;\"><strong>CORSA SU STRADA<\/strong><\/span><\/p>\n<blockquote>\n<h3><a class=\"dt-pswp-item\" href=\"https:\/\/www.radiopiu.net\/wordpress\/wp-content\/uploads\/2020\/07\/download-2.png\" data-dt-img-description=\"\" data-large_image_width=\"212\" data-large_image_height=\"238\"><img loading=\"lazy\" decoding=\"async\" class=\" wp-image-149386 alignleft\" src=\"https:\/\/www.radiopiu.net\/wordpress\/wp-content\/uploads\/2020\/07\/download-2-150x150.png\" alt=\"\" width=\"131\" height=\"131\" \/><\/a>A LAGGIO DI CADORE IL CAMPIONATO PROVINCIALE DI CORSA SU STRADA<\/h3>\n<\/blockquote>\n<p><strong>BELLUNO<\/strong> Per domenica 18 settembre il comitato provinciale di Belluno del Centro sportivo italiano e l\u2019Unione sportiva Aquilotti di Pelos propongono il Campionato provinciale di corsa su strada (prova unica).\u00a0L\u2019appuntamento \u00e8 fissato a Laggio, in comune di Vigo di Cadore. Le gare si svolgeranno su diverse distanze, in base alla categoria di appartenenza. La prima partenza (categoria Cucciole) \u00e8 prevista per le 9.30. A seguire tutte le altre. Le premiazioni si svolgeranno a partire indicativamente dalle 13.<\/p>\n<\/div>\n<\/div>\n<\/div>\n<\/div>\n<\/div>\n<\/div>\n<\/div>\n<\/div>\n<\/div>\n<\/div>\n<\/div>\n<\/div>\n<\/div>\n<\/div>\n<\/div>\n<\/div>\n<\/div>\n<\/div>\n<\/div>\n<\/div>\n<\/div>\n<\/div>\n<\/div>\n<\/div>\n<\/div>\n<\/div>\n<\/div>\n<\/div>\n<\/div>\n<\/div>\n<\/div>\n<\/div>\n<\/div>\n<\/div>\n<\/div>\n<\/div>\n<\/div>\n<\/div>\n<\/div>\n<\/div>\n<\/div>\n<\/div>\n<\/div>\n<\/div>\n<\/div>\n<\/div>\n<\/div>\n<\/div>\n<\/div>\n<\/div>\n<\/div>\n<\/div>\n<\/div>\n<\/div>\n<\/div>\n<\/div>\n<\/div>\n<\/div>\n<\/div>\n<\/div>\n<\/div>\n<\/div>\n<\/div>\n<\/div>\n<\/div>\n<\/div>\n<\/div>\n<\/div>\n<\/div>\n<\/div>\n<\/div>\n<\/div>\n<\/div>\n<\/div>\n<\/div>\n<\/div>\n<\/div>\n<\/div>\n<\/div>\n<\/div>\n<\/div>\n<\/div>\n<\/div>\n<\/div>\n<\/div>\n<\/div>\n<\/div>\n<\/div>\n<\/div>\n<\/div>\n<\/div>\n<\/div>\n<\/div>\n<\/div>\n<\/div>\n<\/div>\n<\/div>\n<\/div>\n<\/div>\n<\/div>\n<\/div>\n<\/div>\n<\/div>\n","protected":false},"excerpt":{"rendered":"<p>RADIO PIU INFORMAZIONE il canale su TELEGRAM informazione di prima\u00a0\u00a0mano e in tempo reale. iscriviti ed aiutaci a farlo conoscere\u00a0\u00a0 &nbsp; &nbsp; &nbsp; DOMENICA POMERIGGIO A CANALE D&#8217;AGORDO LA MESSA CANALE D&#8217;AGORDO In occasione della messa in programma in Piazza Papa Luciani per domenica alle 16, la strada sar\u00e0 interdetta al traffico dalle 15 alle&hellip;<\/p>\n","protected":false},"author":4,"featured_media":296107,"comment_status":"closed","ping_status":"closed","sticky":false,"template":"","format":"standard","meta":{"_monsterinsights_skip_tracking":false,"_monsterinsights_sitenote_active":false,"_monsterinsights_sitenote_note":"","_monsterinsights_sitenote_category":0,"footnotes":""},"categories":[51,86,49],"tags":[],"class_list":["post-295989","post","type-post","status-publish","format-standard","has-post-thumbnail","hentry","category-evidenza-top","category-gr","category-news-18","category-51","category-86","category-49","description-off"],"img_url":"https:\/\/www.radiopiu.net\/wordpress\/wp-content\/uploads\/2022\/09\/fav.jpg","_links":{"self":[{"href":"https:\/\/www.radiopiu.net\/wordpress\/wp-json\/wp\/v2\/posts\/295989","targetHints":{"allow":["GET"]}}],"collection":[{"href":"https:\/\/www.radiopiu.net\/wordpress\/wp-json\/wp\/v2\/posts"}],"about":[{"href":"https:\/\/www.radiopiu.net\/wordpress\/wp-json\/wp\/v2\/types\/post"}],"author":[{"embeddable":true,"href":"https:\/\/www.radiopiu.net\/wordpress\/wp-json\/wp\/v2\/users\/4"}],"replies":[{"embeddable":true,"href":"https:\/\/www.radiopiu.net\/wordpress\/wp-json\/wp\/v2\/comments?post=295989"}],"version-history":[{"count":0,"href":"https:\/\/www.radiopiu.net\/wordpress\/wp-json\/wp\/v2\/posts\/295989\/revisions"}],"wp:featuredmedia":[{"embeddable":true,"href":"https:\/\/www.radiopiu.net\/wordpress\/wp-json\/wp\/v2\/media\/296107"}],"wp:attachment":[{"href":"https:\/\/www.radiopiu.net\/wordpress\/wp-json\/wp\/v2\/media?parent=295989"}],"wp:term":[{"taxonomy":"category","embeddable":true,"href":"https:\/\/www.radiopiu.net\/wordpress\/wp-json\/wp\/v2\/categories?post=295989"},{"taxonomy":"post_tag","embeddable":true,"href":"https:\/\/www.radiopiu.net\/wordpress\/wp-json\/wp\/v2\/tags?post=295989"}],"curies":[{"name":"wp","href":"https:\/\/api.w.org\/{rel}","templated":true}]}}