{"id":296060,"date":"2022-09-06T16:48:25","date_gmt":"2022-09-06T14:48:25","guid":{"rendered":"https:\/\/www.radiopiu.net\/wordpress\/?p=296060"},"modified":"2022-09-06T16:59:48","modified_gmt":"2022-09-06T14:59:48","slug":"scivola-sui-cadini-del-brenton","status":"publish","type":"post","link":"https:\/\/www.radiopiu.net\/wordpress\/scivola-sui-cadini-del-brenton\/","title":{"rendered":"SCIVOLA SUI CADINI DEL BRENTON, RECUPERATO DAL SOCCORSO ALPINO"},"content":{"rendered":"<p><strong><a class=\"dt-pswp-item\" href=\"https:\/\/www.radiopiu.net\/wordpress\/wp-content\/uploads\/2022\/04\/soccorso-alpino-1024x602-1.jpg\" data-dt-img-description=\"\" data-large_image_width=\"1024\" data-large_image_height=\"602\"><img loading=\"lazy\" decoding=\"async\" class=\"size-thumbnail wp-image-270917 alignleft\" src=\"https:\/\/www.radiopiu.net\/wordpress\/wp-content\/uploads\/2022\/04\/soccorso-alpino-1024x602-1-150x150.jpg\" alt=\"\" width=\"150\" height=\"150\" \/><\/a>SOSPIROLO <\/strong>Questa mattina attorno alle 11.15 la Centrale del Suem \u00e8 stata allertata da una escursionista che si trovava sui Cadini del Brenton in Valle del Mis, dove un turista belga era scivolato all&#8217;interno di quello pi\u00f9 alto, si trovava fuori dall&#8217;acqua illeso, ma non era pi\u00f9 in grado di uscire risalendo le sponde rocciose. Una squadra del Soccorso alpino di Belluno si \u00e8 quindi recata sul posto e ha recuperato il ragazzo, un 22ene che era assieme alla compagna, \u00e8 in via precauzionale lo ha accompagnato all&#8217;ospedale per sincerarsi non avesse riportato conseguenze.<\/p>\n<p><strong>AURONZO<\/strong> Verso le 13 l&#8217;elicottero del Suem di Pieve di Cadore \u00e8 volato lungo il sentiero Minazio, che collega il Bivacco Comici al San Marco, per un 48enne olandese che era caduto e si era procurato una sospetta frattura alla gamba. Recuperato con un verricello di 15 metri, l&#8217;uomo \u00e8 stato trasportato all&#8217;ospedale di Belluno. Il compagno che era con lui ha proseguito autonomamente.<\/p>\n<p><strong>AURONZO <\/strong>Subito dopo l&#8217;eliambulanza \u00e8 intervenuta sulla Ferrata Roghel, poich\u00e9 una turista tedesca di 62 anni aveva riportato un sospetto trauma alla gamba. La donna, che si trovava sul versante Auronzo, \u00e8 stata issata a bordo dal tecnico di elisoccorso sempre con l&#8217;utilizzo del verricello e portata a Belluno.<\/p>\n<p>&nbsp;<\/p>\n<p>&nbsp;<\/p>\n<p>*****<\/p>\n","protected":false},"excerpt":{"rendered":"<p>SOSPIROLO Questa mattina attorno alle 11.15 la Centrale del Suem \u00e8 stata allertata da una escursionista che si trovava sui Cadini del Brenton in Valle del Mis, dove un turista belga era scivolato all&#8217;interno di quello pi\u00f9 alto, si trovava fuori dall&#8217;acqua illeso, ma non era pi\u00f9 in grado di uscire risalendo le sponde rocciose.&hellip;<\/p>\n","protected":false},"author":4,"featured_media":270917,"comment_status":"closed","ping_status":"closed","sticky":false,"template":"","format":"standard","meta":{"_monsterinsights_skip_tracking":false,"_monsterinsights_sitenote_active":false,"_monsterinsights_sitenote_note":"","_monsterinsights_sitenote_category":0,"footnotes":""},"categories":[51,49],"tags":[],"class_list":["post-296060","post","type-post","status-publish","format-standard","has-post-thumbnail","hentry","category-evidenza-top","category-news-18","category-51","category-49","description-off"],"img_url":"https:\/\/www.radiopiu.net\/wordpress\/wp-content\/uploads\/2022\/04\/soccorso-alpino-1024x602-1.jpg","_links":{"self":[{"href":"https:\/\/www.radiopiu.net\/wordpress\/wp-json\/wp\/v2\/posts\/296060","targetHints":{"allow":["GET"]}}],"collection":[{"href":"https:\/\/www.radiopiu.net\/wordpress\/wp-json\/wp\/v2\/posts"}],"about":[{"href":"https:\/\/www.radiopiu.net\/wordpress\/wp-json\/wp\/v2\/types\/post"}],"author":[{"embeddable":true,"href":"https:\/\/www.radiopiu.net\/wordpress\/wp-json\/wp\/v2\/users\/4"}],"replies":[{"embeddable":true,"href":"https:\/\/www.radiopiu.net\/wordpress\/wp-json\/wp\/v2\/comments?post=296060"}],"version-history":[{"count":0,"href":"https:\/\/www.radiopiu.net\/wordpress\/wp-json\/wp\/v2\/posts\/296060\/revisions"}],"wp:featuredmedia":[{"embeddable":true,"href":"https:\/\/www.radiopiu.net\/wordpress\/wp-json\/wp\/v2\/media\/270917"}],"wp:attachment":[{"href":"https:\/\/www.radiopiu.net\/wordpress\/wp-json\/wp\/v2\/media?parent=296060"}],"wp:term":[{"taxonomy":"category","embeddable":true,"href":"https:\/\/www.radiopiu.net\/wordpress\/wp-json\/wp\/v2\/categories?post=296060"},{"taxonomy":"post_tag","embeddable":true,"href":"https:\/\/www.radiopiu.net\/wordpress\/wp-json\/wp\/v2\/tags?post=296060"}],"curies":[{"name":"wp","href":"https:\/\/api.w.org\/{rel}","templated":true}]}}