{"id":296083,"date":"2022-09-08T06:01:40","date_gmt":"2022-09-08T04:01:40","guid":{"rendered":"https:\/\/www.radiopiu.net\/wordpress\/?p=296083"},"modified":"2022-09-08T08:36:57","modified_gmt":"2022-09-08T06:36:57","slug":"giornale-radiopiu-08-settembre-2022-direttore-mirko-mezzacasa","status":"publish","type":"post","link":"https:\/\/www.radiopiu.net\/wordpress\/giornale-radiopiu-08-settembre-2022-direttore-mirko-mezzacasa\/","title":{"rendered":"GIORNALE RADIOPIU 08 SETTEMBRE 2022 DIRETTORE MIRKO MEZZACASA"},"content":{"rendered":"<h3 class=\"kvgmc6g5 cxmmr5t8 oygrvhab hcukyx3x c1et5uql\"><span style=\"color: #0000ff;\"><strong>RADIO PIU INFORMAZIONE il canale su TELEGRAM informazione di prima\u00a0\u00a0<\/strong><strong>mano e in tempo reale. iscriviti ed aiutaci a farlo conoscere\u00a0\u00a0<\/strong><\/span><\/h3>\n<p>&nbsp;<\/p>\n<hr \/>\n<p>&nbsp;<\/p>\n<blockquote>\n<h3>ALLERTA GIALLA E ARANCIONE PER LE PROSSIME ORE. IN ARRIVO TEMPORALI INTENSI<\/h3>\n<\/blockquote>\n<p><strong>VENEZIA <\/strong>Il Centro Funzionale Decentrato della Protezione Civile della Regione del Veneto ha emesso un avviso in cui si prevede l&#8217;avvicinarsi di un&#8217;ampia e profonda circolazione ciclonica, che trasformer\u00e0 il tempo da instabile a perturbato fino alla serata di oggi. Saranno possibili fenomeni intensi in tutto il Veneto (forti rovesci, forti raffiche, locali grandinate), pi\u00f9 diffusi oggi su Prealpi, pedemontana e pianura centro-settentrionale, dove saranno possibili quantitativi di pioggia anche consistenti. CRITICITA&#8217; PREVISTA: fino alle 20 di oggi<\/p>\n<p><a class=\"dt-pswp-item\" href=\"https:\/\/www.radiopiu.net\/wordpress\/wp-content\/uploads\/2022\/09\/Schermata-2022-09-07-alle-16.10.49.png\" data-dt-img-description=\"\" data-large_image_width=\"1508\" data-large_image_height=\"498\"><img loading=\"lazy\" decoding=\"async\" class=\"alignnone wp-image-296202 size-large\" src=\"https:\/\/www.radiopiu.net\/wordpress\/wp-content\/uploads\/2022\/09\/Schermata-2022-09-07-alle-16.10.49-1024x338.png\" alt=\"\" width=\"1024\" height=\"338\" srcset=\"https:\/\/www.radiopiu.net\/wordpress\/wp-content\/uploads\/2022\/09\/Schermata-2022-09-07-alle-16.10.49-1024x338.png 1024w, https:\/\/www.radiopiu.net\/wordpress\/wp-content\/uploads\/2022\/09\/Schermata-2022-09-07-alle-16.10.49-300x99.png 300w, https:\/\/www.radiopiu.net\/wordpress\/wp-content\/uploads\/2022\/09\/Schermata-2022-09-07-alle-16.10.49-768x254.png 768w, https:\/\/www.radiopiu.net\/wordpress\/wp-content\/uploads\/2022\/09\/Schermata-2022-09-07-alle-16.10.49.png 1508w\" sizes=\"auto, (max-width: 1024px) 100vw, 1024px\" \/><\/a><\/p>\n<p>&nbsp;<\/p>\n<hr \/>\n<p>&nbsp;<\/p>\n<blockquote>\n<h3>VIABILITA&#8217; AD AGORDO.<\/h3>\n<p><em>Divieto di transito in Via Insurrezione, nel tratto compreso tra l\u2019incrocio con la Via 27 Aprile 1945 e la via 4 Novembre 1918; istituzione di un senso unico alternato, regolato da impianto semaforico, nel tratto della ex S.R. 203 \u201cAgordina\u201d<\/em><\/p><\/blockquote>\n<p>&nbsp;<\/p>\n<blockquote>\n<h3>DOLOMITIBUS: VARIAZIONE DI SERVIZIO<\/h3>\n<\/blockquote>\n<p><strong>AGORDO<\/strong>\u00a0 Le corse delle linee extraurbane 1-2-3-6 e le corse per la zona industriale di Valcozzena raggiungeranno l\u2019autostazione di Agordo transitando via circonvallazione di Agordo. Le fermate di Pragrande, Distributore Agip, Toccol, Bries e Taibon San Cipriano saranno soppresse e sar\u00e0 attivata la fermata provvisoria \u201cPas\u201d, nelle vicinanze della rotatoria dei Vigili del Fuoco. La linea extraurbana n. 7 Villanova &#8211; Agordo &#8211; La Valle raggiunger\u00e0 l\u2019autostazione di Agordo transitando sul percorso alternativo \u201cLa Valle \u2013 Ospedale. Le fermate Taibon ai Napi, Municipio,\u00a0 San Cipriano, Bries, Toccol\u00a0 saranno temporaneamente soppresse e sar\u00e0 attivata la fermata \u201cvia Strapont\u201d.<\/p>\n<p>&nbsp;<\/p>\n<p>&nbsp;<\/p>\n<hr \/>\n<p>&nbsp;<\/p>\n<blockquote>\n<h3>VIA INSURREZIONE NEL GIORNO DI MERCATO<\/h3>\n<\/blockquote>\n<p><span style=\"color: #ff0000;\"><strong>L&#8217;OPINIONE<\/strong><\/span><\/p>\n<p><em>lettera firmata<\/em><\/p>\n<p><strong><em><a class=\"dt-pswp-item\" href=\"https:\/\/www.radiopiu.net\/wordpress\/wp-content\/uploads\/2022\/08\/Schermata-2022-08-22-alle-17.35.19.png\" data-dt-img-description=\"\" data-large_image_width=\"1556\" data-large_image_height=\"1160\"><img loading=\"lazy\" decoding=\"async\" class=\" wp-image-294125 alignleft\" src=\"https:\/\/www.radiopiu.net\/wordpress\/wp-content\/uploads\/2022\/08\/Schermata-2022-08-22-alle-17.35.19-150x150.png\" alt=\"\" width=\"185\" height=\"185\" \/><\/a><\/em>AGORDO<\/strong> Mercoled\u00ec 7 settembre giorno di mercato ad Agordo e Via Insurrezione strada senza uscita ma nessuno lo sa. Come \u00e8 a tutti noto in questi giorni dei lavori hanno costretto alla chiusura di via Insurrezione a ridosso dell&#8217;incrocio di Brent richiedendo una deviazione attraverso viale Sommariva. Soluzione pi\u00f9 che valida ma non il mercoled\u00ec mattina giorno di mercato. Infatti chi si trova ad andare verso il centro tramite via Insurrezione ha trovato sbarrata via Insurrezione stessa all&#8217;altezza dell&#8217;incrocio di Brent ma anche la deviazione in viale Sommariva per la presenza del mercato con tanto di cartello di divieto di accesso. Via Insurrezione \u00e8 diventata una strada senza uscita,\u00a0 nessun avviso visibile e nessun cartello informativo soprattutto all&#8217;altezza dell&#8217;incrocio con via Teto Piciol che rappresenterebbe la normale alternativa in situazione di questo tipo. Seguendo il motto <em>aiutati che il cel ti aiuta<\/em> c&#8217;\u00e8 sempre il parcheggio del supermercato Walber gi\u00e0 ampiamente utilizzato tutti i mercoled\u00ec come via alternativa di disbrigo di viale Sommariva. Peccato che si tratti di una propriet\u00e0 privata e tutt&#8217;altro che predisposta ad una strada alternativa di comunicazione tra via XXVII Aprile e viale Sommariva: difficolt\u00e0 nello scambio tra due auto,\u00a0 Il parcheggio pericoloso per il viavai dei pedoni e soprattutto in presenza dei bilici che consegnano merce, la strada \u00e8 a tutti gli effetti ostruita. Niente male perch\u00e9 alla fine per raggiungere Piazza della Libert\u00e0 da viale Sommariva si pu\u00f2 comunque percorrere a ritroso via Insurrezione via teto piciol e via Raffaele Costa per arrivare dopo circa 2 km al centro di Agordo. Si diranno disagi momentanei ma forse sarebbe stato semplice un bel cartello di deviazione in via Insurrezione all&#8217;altezza di Teto Piciol per evitare imbottigliamenti e imbuti inutili in viale Sommariva e soprattutto intasamenti nel parcheggio del supermercato,\u00a0 peraltro essendo privato avrebbe potuto tranquillamente interdire la circolazione. Ovvi disagi anche in via Teto Piciol all&#8217;imbocco di via Raffaele Costa e di via Insurrezione dovuti all&#8217;impossibilit\u00e0 di scambio tra due auto e alle difficolt\u00e0 di manovra dei mezzi pesanti.<\/p>\n<p>&nbsp;<\/p>\n<p>&nbsp;<\/p>\n<hr \/>\n<p>&nbsp;<\/p>\n<blockquote>\n<h3>SOCCORSA FAMIGLIA NELLA NOTTE SOTTO LE TRE CIME<\/h3>\n<\/blockquote>\n<p><strong><img loading=\"lazy\" decoding=\"async\" class=\"alignleft\" src=\"https:\/\/www.radiopiu.net\/wordpress\/wp-content\/uploads\/2022\/09\/salt_20220907_090012_974.jpg\" width=\"230\" height=\"173\" \/>AURONZO<\/strong>\u00a0 L&#8217;altra sera verso le 23.30 il Soccorso alpino di Auronzo \u00e8 stato allertato per una famiglia in difficolt\u00e0 sotto le Tre Cime di Lavaredo. Partiti in mattinata per il giro delle Tre Cime, padre di 51 anni, madre di 50 anni, e i due figli, una 22enne e un tredicenne, di Massa (MS), in direzione del Locatelli avevano sbagliato sentiero, scendendo quasi fino al Rifugio Tre Scarperi prima di rendersene conto e risalire, finch\u00e9 \u00e8 iniziato a piovere, con forte temporale, e a fare freddo per loro vestiti con abbigliamento leggero. La famiglia si \u00e8 riparata in una grotta sotto la Torre di Toblin, senza pile, bagnati e infreddoliti, hanno chiesto aiuto. Dopo aver ricevuto le coordinate del punto in cui si trovano, otto soccorritori di Auronzo e Dobbiaco si sono avvicinati in jeep poco prima del Locatelli per poi proseguire a piedi una mezz&#8217;ora. Dopo averli raggiunti, i soccorritori hanno dato loro coperte e giacche per riscaldarli, per poi tornare ai mezzi e accompagnarli alla loro auto al Rifugio Auronzo. L&#8217;intervento si \u00e8 concluso verso le 2.30.<\/p>\n<p>&nbsp;<\/p>\n<blockquote>\n<h3>ESCURSIONISTA SFINITO SULLA FERRATA DELLE TRINCEE SUL PADON, RECUPERATO DAL SOCCORSO ALPINO<\/h3>\n<\/blockquote>\n<p style=\"text-align: left;\"><strong><a class=\"dt-pswp-item\" href=\"https:\/\/www.radiopiu.net\/wordpress\/wp-content\/uploads\/2022\/09\/salt_20220902_165728_351.jpg\" data-dt-img-description=\"\" data-large_image_width=\"2364\" data-large_image_height=\"1773\"><img loading=\"lazy\" decoding=\"async\" class=\"size-thumbnail wp-image-295611 alignleft\" src=\"https:\/\/www.radiopiu.net\/wordpress\/wp-content\/uploads\/2022\/09\/salt_20220902_165728_351-150x150.jpg\" alt=\"\" width=\"150\" height=\"150\" \/><\/a>CORTINA<\/strong> Una squadra del Soccorso alpino della Guardia di finanza di Cortina \u00e8 intervenuta, attorno alle 15.30 di ieri, in supporto all&#8217;ambulanza lungo la pista ciclabile Cortina &#8211; Dobbiaco per una 78enne di Arco (TN), caduta dalla propria mountain bike a pedalata assistita. La donna, che era ruzzolata alcuni metri riportando un sospetto trauma alla caviglia in localit\u00e0 Fiames, \u00e8 stata imbarellata e sollevata sulla strada, per essere poi trasferita sull&#8217;ambulanza partita in direzione dell&#8217;ospedale.<\/p>\n<p><strong>LIVINALLONGO<\/strong> Sempre ieri nel primo pomeriggio l&#8217;elicottero del Suem di Pieve di Cadore \u00e8 volato lungo il tracciato della Ferrata delle Trincee sul Padon, per un escursionista sfinito non pi\u00f9 in grado di procedere. Il 61enne tedesco, che si trovava con altre 3 persone, \u00e8 stato raggiunto dal tecnico di elisoccorso sbarcato in hovering e poi recuperato con un verricello di 10 metri. Per gli accertamenti del caso, l&#8217;uomo \u00e8 stato trasportato all&#8217;ospedale di Cortina.<\/p>\n<p>&nbsp;<\/p>\n<hr \/>\n<p>&nbsp;<\/p>\n<blockquote>\n<h2>IL PIRATA DI FERRAGOSTO: I CARABINIERI HANNO CHIUSO IL CERCHIO<\/h2>\n<\/blockquote>\n<p><strong><a class=\"dt-pswp-item\" href=\"https:\/\/www.radiopiu.net\/wordpress\/wp-content\/uploads\/2022\/09\/th-3-300x179-1.jpg\" data-dt-img-description=\"\" data-large_image_width=\"300\" data-large_image_height=\"179\"><img loading=\"lazy\" decoding=\"async\" class=\" wp-image-296276 alignleft\" src=\"https:\/\/www.radiopiu.net\/wordpress\/wp-content\/uploads\/2022\/09\/th-3-300x179-1-150x150.jpg\" alt=\"\" width=\"127\" height=\"127\" \/><\/a>LIMANA<\/strong> Il pirata di ferragosto che ha mandato in ospedale due ragazze dopo averle investite lungo la provinciale 1 sarebbe stato individuato dai Carabinieri di Feltre che lo hanno rintracciato analizzando\u00a0 i catarifrangente o parti del mezzo rimasti a terra dopo l&#8217;impatto. La denuncia prevede le ipotesi di lesioni stradali e omissione di soccorso, come da fascicolo aperto in procura.\u00a0 Negli ambienti del paese e vicini alle famiglie delle ragazze coinvolte trapela la voce circa il coinvolgimento di un uomo di Belluno.\u00a0 L&#8217;investimento \u00e8 avvenuto la sera del 15 agosto lungo il rettilineo della Provinciale 1, successivo alla doppia rotatoria. Le due amiche provenivano dalla sagra di Farra di Mel e, secondo una prima ricostruzione, stavano camminando a bordo strada, in direzione Belluno, quando alle loro spalle \u00e8 piombata l&#8217;auto e le ha scaraventate nella cunetta.<\/p>\n<p>&nbsp;<\/p>\n<hr \/>\n<p>&nbsp;<\/p>\n<blockquote>\n<h3>BICICLETTA CONTROMANO, BIMBO IN OSPEDALE<\/h3>\n<\/blockquote>\n<p><strong>SANTO STEFANO DI CADORE<\/strong> Il bambino se l&#8217;\u00e8 cavata con qualche ferita nell&#8217;incidente di ieri pomeriggio all&#8217;incrocio tra via Mazzini e via Frison, un&#8217;automobile Kia guidata da un uomo della provincia di Udine ha urato la bicicletta del bimbo della provincia di Treviso in vacanza con i genitori, il giovane circolava contromano.<\/p>\n<p>&nbsp;<\/p>\n<hr \/>\n<blockquote>\n<h3><\/h3>\n<h3>FURTO AL MAGAZZINO DI ALIMENTARI, SCOMPARE L&#8217;ADDITIVO PER IL GASOLIO<\/h3>\n<\/blockquote>\n<p><strong>CESIOMAGGIORE<\/strong> Non \u00e8 escluso si tratti di un furto su commissione quello commesso\u00a0 ai\u00a0 Magazzini Alfa di Busche. Svuotati 200 litri di additivo per gasolio &#8220;ad blu&#8221; per un valore di mille euro. Il furto \u00e8 avvenuto nella notte tra marted\u00ec e mercoled\u00ec. Indagini in corso da parte dei Carabinieri che stanno anche controllando le telecamere di traffico leggi targa che sono montate sulle direttrici verso la Sinistra Piave e verso Feltre o Belluno<\/p>\n<p>&nbsp;<\/p>\n<hr \/>\n<p>&nbsp;<\/p>\n<blockquote>\n<h3><a class=\"dt-pswp-item\" href=\"https:\/\/www.radiopiu.net\/wordpress\/wp-content\/uploads\/2022\/09\/aaaa-1.jpg\" data-dt-img-description=\"\" data-large_image_width=\"253\" data-large_image_height=\"200\"><img loading=\"lazy\" decoding=\"async\" class=\"size-thumbnail wp-image-296283 alignleft\" src=\"https:\/\/www.radiopiu.net\/wordpress\/wp-content\/uploads\/2022\/09\/aaaa-1-150x150.jpg\" alt=\"\" width=\"150\" height=\"150\" \/><\/a>POTEVA COSTARE CARA LA BRAVATA DI POLPET<\/h3>\n<\/blockquote>\n<p><em>\u00abAbbiamo capito che ci sono dei fenomeni in giro e che il semaforo rosso non basta a evitare drammi\u00bb, annuncia amaro il sindaco Paolo Vendramini<\/em><\/p>\n<p><strong>PONTE NELLE ALPI<\/strong> L&#8217;altra notte hanno sfidato il divieto e durante il temporale hanno imboccato il sottopasso con la Golf rimanendo intrappolati nell&#8217;acqua. Usciti dai finestrini hanno fatto il bagno e ripreso tutto per pubblicarlo sui social. Non sono escluse conseguenze sanzionatorie.\u00a0 il problema dell&#8217;allagamento del sottopasso \u00e8 legato a un mancato drenaggio di un&#8217;opera realizzata cinquant&#8217;anni fa.\u00a0 La soluzione \u00e8 stata finanziata con un milione di euro, ci vorr\u00e0 almeno un anno per i lavori.<\/p>\n<p>&nbsp;<\/p>\n<hr \/>\n<p>&nbsp;<\/p>\n<blockquote>\n<h3>FUGA DI GAS A PEDAVENA<\/h3>\n<\/blockquote>\n<p><strong>PEDAVENA<\/strong> Verso Facen un mezzo in manovra ha abbattuto una colonnina ed \u00e8 scattato l&#8217;allarme. Sul posto i vigili del fuoco che hanno bloccato la fuga di gas a monte.\u00a0 Bim\u00a0 Gsp\u00a0 ha sistemato la colonnina danneggiata e ripristinato la funzionalit\u00e0<\/p>\n<p>&nbsp;<\/p>\n<hr \/>\n<p>&nbsp;<\/p>\n<blockquote>\n<h3>IL CAMPANILE DI SAN GOTTARDO SEMPRE INAGIBILE<\/h3>\n<\/blockquote>\n<div class=\"testoArticolo\">\n<h3><em><span style=\"font-size: 14px;\">La chiesa<\/span> \u00e8 dedicata a San Gottardo, monaco benedettino particolarmente venerato nei paesi di lingua tedesca.<\/em><\/h3>\n<\/div>\n<p><span style=\"font-size: 14px; font-weight: normal;\"><strong>SOSPIROLO<\/strong> Il campanile di San Gottardo di Sospirolo \u00e8\u00a0 sempre sbarrato dopo il temporale e soprattutto il fulmine del mese scorso. lo confermano i vigili del fuoco intervenuti per la verifica statica che non ha dato i risultati sperati.\u00a0<\/span><\/p>\n<p>&nbsp;<\/p>\n<p><strong>DAL NOTIZIARIO DEL 3 AGOSTO SCORSO<\/strong><\/p>\n<blockquote>\n<h2>IL FULMINE SULLA CHIESA DI SAN GOTTARDO, DANNI ALLE ABITAZIONI DEL BORGO<\/h2>\n<\/blockquote>\n<p><strong>SOSPIROLO\u00a0<\/strong> Un botto, tanta paura e poi la consapevolezza di dover iniziare la conta dei danni, per il campanile centrato dal fulmine, per la sacrestia, l&#8217;interno della chiesa e le abitazioni vicine dove elettrodomestici, impianti elettrici sono stati seriamente danneggiati. <em>&#8220;Era l&#8217;una e trenta del mattino &#8211; ci racconta un&#8217;ascoltatrice di Radio Pi\u00f9 &#8211; quando abbiamo sentito un botto tremendo che ha fatto tremare le abitazioni. Un fulmine ha centrato il campanile della chiesa di San Gottardo causando seri danni alla struttura, al mattino ci siamo resi conto dei danni nelle abitazioni. Alcuni hanno dovuto ricorrere all&#8217;elettricista perch\u00e9 sono stati danneggiati i quadri elettrici, altri hanno dovuto correre in negozio ad acquistare nuovi elettrodomestici andati completamente distrutti&#8221;.\u00a0<\/em><\/p>\n\n\t\t\t<style type='text\/css'>\n\t\t\t\t#gallery-1 {\n\t\t\t\t\tmargin: auto;\n\t\t\t\t}\n\t\t\t\t#gallery-1 .gallery-item {\n\t\t\t\t\tfloat: left;\n\t\t\t\t\tmargin-top: 10px;\n\t\t\t\t\ttext-align: center;\n\t\t\t\t\twidth: 33%;\n\t\t\t\t}\n\t\t\t\t#gallery-1 img {\n\t\t\t\t\tborder: 2px solid #cfcfcf;\n\t\t\t\t}\n\t\t\t\t#gallery-1 .gallery-caption {\n\t\t\t\t\tmargin-left: 0;\n\t\t\t\t}\n\t\t\t\t\/* see gallery_shortcode() in wp-includes\/media.php *\/\n\t\t\t<\/style>\n\t\t<div id='gallery-1' class='dt-gallery-container gallery galleryid-296083 gallery-columns-3 gallery-size-thumbnail'><dl class='gallery-item'>\n\t\t\t\t<dt class='gallery-icon landscape'>\n\t\t\t\t\t<a class=\"rollover\" href='https:\/\/www.radiopiu.net\/wordpress\/un-paese-in-pra-de-la-melia-per-la-chiesa-di-san-gottardo\/chiesa-di-san-gottardo_56\/'><img loading=\"lazy\" decoding=\"async\" width=\"150\" height=\"150\" src=\"https:\/\/www.radiopiu.net\/wordpress\/wp-content\/uploads\/2022\/08\/Chiesa-di-San-Gottardo_56-150x150.jpg\" class=\"attachment-thumbnail size-thumbnail\" alt=\"\" \/><\/a>\n\t\t\t\t<\/dt><\/dl><dl class='gallery-item'>\n\t\t\t\t<dt class='gallery-icon portrait'>\n\t\t\t\t\t<a class=\"rollover\" href='https:\/\/www.radiopiu.net\/wordpress\/un-paese-in-pra-de-la-melia-per-la-chiesa-di-san-gottardo\/ff7e6f27-1c12-42e4-a481-80d3bc5d762e\/'><img loading=\"lazy\" decoding=\"async\" width=\"150\" height=\"150\" src=\"https:\/\/www.radiopiu.net\/wordpress\/wp-content\/uploads\/2022\/08\/ff7e6f27-1c12-42e4-a481-80d3bc5d762e-150x150.jpg\" class=\"attachment-thumbnail size-thumbnail\" alt=\"\" \/><\/a>\n\t\t\t\t<\/dt><\/dl><dl class='gallery-item'>\n\t\t\t\t<dt class='gallery-icon portrait'>\n\t\t\t\t\t<a class=\"rollover\" href='https:\/\/www.radiopiu.net\/wordpress\/un-paese-in-pra-de-la-melia-per-la-chiesa-di-san-gottardo\/c72e4d41-998f-4d19-ad0e-8db32c718baf\/'><img loading=\"lazy\" decoding=\"async\" width=\"150\" height=\"150\" src=\"https:\/\/www.radiopiu.net\/wordpress\/wp-content\/uploads\/2022\/08\/c72e4d41-998f-4d19-ad0e-8db32c718baf-150x150.jpg\" class=\"attachment-thumbnail size-thumbnail\" alt=\"\" \/><\/a>\n\t\t\t\t<\/dt><\/dl><br style=\"clear: both\" \/><dl class='gallery-item'>\n\t\t\t\t<dt class='gallery-icon landscape'>\n\t\t\t\t\t<a class=\"rollover\" href='https:\/\/www.radiopiu.net\/wordpress\/un-paese-in-pra-de-la-melia-per-la-chiesa-di-san-gottardo\/7c0ee88c-2f2d-495f-89e4-b4a50d3bb2b2\/'><img loading=\"lazy\" decoding=\"async\" width=\"150\" height=\"150\" src=\"https:\/\/www.radiopiu.net\/wordpress\/wp-content\/uploads\/2022\/08\/7c0ee88c-2f2d-495f-89e4-b4a50d3bb2b2-150x150.jpg\" class=\"attachment-thumbnail size-thumbnail\" alt=\"\" \/><\/a>\n\t\t\t\t<\/dt><\/dl><dl class='gallery-item'>\n\t\t\t\t<dt class='gallery-icon landscape'>\n\t\t\t\t\t<a class=\"rollover\" href='https:\/\/www.radiopiu.net\/wordpress\/un-paese-in-pra-de-la-melia-per-la-chiesa-di-san-gottardo\/818943cf-1b5a-4c87-8472-1c20d2679fcd\/'><img loading=\"lazy\" decoding=\"async\" width=\"150\" height=\"150\" src=\"https:\/\/www.radiopiu.net\/wordpress\/wp-content\/uploads\/2022\/08\/818943cf-1b5a-4c87-8472-1c20d2679fcd-150x150.jpg\" class=\"attachment-thumbnail size-thumbnail\" alt=\"\" \/><\/a>\n\t\t\t\t<\/dt><\/dl>\n\t\t\t\t<br style='clear: both' \/>\n\t\t\t<\/div>\n\n<p>&nbsp;<\/p>\n<hr \/>\n<p>&nbsp;<\/p>\n<blockquote>\n<h3><a class=\"dt-pswp-item\" href=\"https:\/\/www.radiopiu.net\/wordpress\/wp-content\/uploads\/2022\/05\/acqua.jpg\" data-dt-img-description=\"\" data-large_image_width=\"1920\" data-large_image_height=\"1275\"><img loading=\"lazy\" decoding=\"async\" class=\" wp-image-274889 alignleft\" src=\"https:\/\/www.radiopiu.net\/wordpress\/wp-content\/uploads\/2022\/05\/acqua-150x150.jpg\" alt=\"\" width=\"97\" height=\"97\" \/><\/a>ACQUA NON POTABILE<\/h3>\n<h3><em> l&#8217;acqua erogata dall&#8217;acquedotto non \u00e8 potabile e pu\u00f2 essere usata per scopi alimentari SOLO PREVIA bollitura.<\/em><\/h3>\n<\/blockquote>\n<p><strong>TAIBON<\/strong>\u00a0 nelle localit\u00e0 RONCH DE BOS e NOGAROLA <strong>CENCENIGHE<\/strong> in localit\u00e0 COLLAZ\u00a0 <b>VALLADA<\/b> localit\u00e0\u00a0 ANDRICH, SACCHET, TOFFOL, CELAT e MAS .<strong>FALCADE<\/strong>\u00a0 nelle localit\u00e0 FALCADE ALTO, VILLOTTA, LA FOCA ed in via MAS DE LE MOLE.<\/p>\n<p>&nbsp;<\/p>\n<p>&nbsp;<\/p>\n<hr \/>\n<p>&nbsp;<\/p>\n<blockquote>\n<h3>IL COLONNELLO ENRICO PIGOZZO E&#8217; IL NUOVO COMANDANTE PROVINCIALE DELL&#8217;ARMA DEI CARABINIERI DI BELLUNO<\/h3>\n<\/blockquote>\n<p><strong><a class=\"dt-pswp-item\" href=\"https:\/\/www.radiopiu.net\/wordpress\/wp-content\/uploads\/2022\/09\/Schermata-2022-09-07-alle-17.41.41.png\" data-dt-img-description=\"\" data-large_image_width=\"844\" data-large_image_height=\"702\"><img loading=\"lazy\" decoding=\"async\" class=\"size-thumbnail wp-image-296220 alignleft\" src=\"https:\/\/www.radiopiu.net\/wordpress\/wp-content\/uploads\/2022\/09\/Schermata-2022-09-07-alle-17.41.41-150x150.png\" alt=\"\" width=\"150\" height=\"150\" \/><\/a>BELLUNO<\/strong> Dal 5 Settembre il nuovo comandante provinciale dell&#8217;Arma dei Carabinieri di Belluno \u00e8 il Colonnello Enrico Pigozzo.<\/p>\n<p>&nbsp;<\/p>\n<p>&nbsp;<\/p>\n<p>&nbsp;<\/p>\n<p>&nbsp;<\/p>\n<p><strong>di Moreno Gioli<\/strong><\/p>\n<audio class=\"wp-audio-shortcode\" id=\"audio-296083-1\" preload=\"none\" style=\"width: 100%;\" controls=\"controls\"><source type=\"audio\/mpeg\" src=\"https:\/\/www.radiopiu.net\/wordpress\/wp-content\/uploads\/2022\/09\/MORENO.mp3?_=1\" \/><a href=\"https:\/\/www.radiopiu.net\/wordpress\/wp-content\/uploads\/2022\/09\/MORENO.mp3\">https:\/\/www.radiopiu.net\/wordpress\/wp-content\/uploads\/2022\/09\/MORENO.mp3<\/a><\/audio>\n<p><strong>di Barbara Paolazzi, Radio Club 103<\/strong><\/p>\n<audio class=\"wp-audio-shortcode\" id=\"audio-296083-2\" preload=\"none\" style=\"width: 100%;\" controls=\"controls\"><source type=\"audio\/mpeg\" src=\"https:\/\/www.radiopiu.net\/wordpress\/wp-content\/uploads\/2022\/09\/BARBARA-PAOLAZZI-CARABINIERI.mp3?_=2\" \/><a href=\"https:\/\/www.radiopiu.net\/wordpress\/wp-content\/uploads\/2022\/09\/BARBARA-PAOLAZZI-CARABINIERI.mp3\">https:\/\/www.radiopiu.net\/wordpress\/wp-content\/uploads\/2022\/09\/BARBARA-PAOLAZZI-CARABINIERI.mp3<\/a><\/audio>\n<p><strong>\u00a0<\/strong><\/p>\n<p><strong>IL CURRICULUM DEL COLONNELLO ENRICO PIGOZZO<\/strong><\/p>\n<p>Il Colonnello Enrico PIGOZZO \u00e8 nato a Bassano del Grappa il 6 agosto 1975 . Ha intrapreso la carriera militare nel 1996, frequentando il 178\u00b0 Corso dell\u2019Accademia Militare di Modena e, successivamente, la Scuola Ufficiali di Roma. Nel grado di Tenente \u00e8 stato Comandante di Plotone, Comandante di Compagnia e Capo Ufficio Comando\/Aiutante Maggiore presso\u00a0 il 18\u00b0 Battaglione Carabinieri \u201cLazio\u201d in Roma dove ha svolto attivit\u00e0 connesse all&#8217; organizzazione ed esecuzione di servizi di mantenimento dell\u2019ordine pubblico. Successivamente \u00e8 stato impiegato nell\u2019operazione NATO &#8220;Joint Forge&#8221; in Bosnia-Herzegovina (BiH), quale Comandante del Plotone di Polizia Militare Internazionale presso il Quartier Generale di Sarajevo e, al rientro in Patria, quale Ufficiale di Collegamento con la Protezione Civile in San Giuliano di Puglia, in occasione del terremoto che ha colpito le popolazioni del Molise nel novembre 2002. Nel grado di Capitano, dal 2003 al 2008 ha svolto servizio in Calabria, , successivamente, dapprima come Comandante del Nucleo Operativo e Radiomobile di Lamezia Terme e, successivamente, quale Comandante della neo istituita Compagnia di Soveria Mannelli (Catanzaro).<br \/>\nDal 2008 al 2013 \u00e8 stato quindi impiegato in Sicilia, quale comandante della Compagnia di Siracusa. Dal 2013 al 2016, nel grado di Maggiore, ha retto l\u2019incarico di Comandante della Sezione Antidroga del Nucleo Investigativo di Roma e, successivamente, con il grado di tenete Colonnello, dal 2016 al 2019, quello di Comandante del Reparto Operativo del Comando Provinciale di Bolzano. Nel settembre 2019 \u00e8 stato trasferito al Comando Generale dell&#8217;Arma dei carabiniei a Roma, quale Capo della Sezione \u201cPolizia Militare, Dottrina e Centri di Eccellenza NATO dell&#8217;Ufficio Polizia Militare e di Stabilit\u00e0 Promosso al grado di Colonnello, il 5 settembre 2022 ha assunto l\u2019incarico di Comandante Provinciale di Belluno.<\/p>\n<p><strong>LE FOTO DI LUCA ZANFRON<\/strong><\/p>\n\n\t\t\t<style type='text\/css'>\n\t\t\t\t#gallery-2 {\n\t\t\t\t\tmargin: auto;\n\t\t\t\t}\n\t\t\t\t#gallery-2 .gallery-item {\n\t\t\t\t\tfloat: left;\n\t\t\t\t\tmargin-top: 10px;\n\t\t\t\t\ttext-align: center;\n\t\t\t\t\twidth: 25%;\n\t\t\t\t}\n\t\t\t\t#gallery-2 img {\n\t\t\t\t\tborder: 2px solid #cfcfcf;\n\t\t\t\t}\n\t\t\t\t#gallery-2 .gallery-caption {\n\t\t\t\t\tmargin-left: 0;\n\t\t\t\t}\n\t\t\t\t\/* see gallery_shortcode() in wp-includes\/media.php *\/\n\t\t\t<\/style>\n\t\t<div id='gallery-2' class='dt-gallery-container gallery galleryid-296083 gallery-columns-4 gallery-size-medium'><dl class='gallery-item'>\n\t\t\t\t<dt class='gallery-icon landscape'>\n\t\t\t\t\t<a class=\"rollover rollover-zoom dt-pswp-item\" title=\"241563d1-33fb-418e-b38e-cdc7c1e979dc\" data-dt-img-description=\"\" data-large_image_width=\"1600\" data-large_image_height=\"1066\"href='https:\/\/www.radiopiu.net\/wordpress\/wp-content\/uploads\/2022\/09\/241563d1-33fb-418e-b38e-cdc7c1e979dc.jpg'><img loading=\"lazy\" decoding=\"async\" width=\"300\" height=\"200\" src=\"https:\/\/www.radiopiu.net\/wordpress\/wp-content\/uploads\/2022\/09\/241563d1-33fb-418e-b38e-cdc7c1e979dc-300x200.jpg\" class=\"attachment-medium size-medium\" alt=\"\" srcset=\"https:\/\/www.radiopiu.net\/wordpress\/wp-content\/uploads\/2022\/09\/241563d1-33fb-418e-b38e-cdc7c1e979dc-300x200.jpg 300w, https:\/\/www.radiopiu.net\/wordpress\/wp-content\/uploads\/2022\/09\/241563d1-33fb-418e-b38e-cdc7c1e979dc-1024x682.jpg 1024w, https:\/\/www.radiopiu.net\/wordpress\/wp-content\/uploads\/2022\/09\/241563d1-33fb-418e-b38e-cdc7c1e979dc-768x512.jpg 768w, https:\/\/www.radiopiu.net\/wordpress\/wp-content\/uploads\/2022\/09\/241563d1-33fb-418e-b38e-cdc7c1e979dc-1536x1023.jpg 1536w, https:\/\/www.radiopiu.net\/wordpress\/wp-content\/uploads\/2022\/09\/241563d1-33fb-418e-b38e-cdc7c1e979dc.jpg 1600w\" sizes=\"auto, (max-width: 300px) 100vw, 300px\" \/><\/a>\n\t\t\t\t<\/dt><\/dl><dl class='gallery-item'>\n\t\t\t\t<dt class='gallery-icon landscape'>\n\t\t\t\t\t<a class=\"rollover rollover-zoom dt-pswp-item\" title=\"312e5117-94eb-40ef-8670-85dcf8746b91\" data-dt-img-description=\"\" data-large_image_width=\"1600\" data-large_image_height=\"1066\"href='https:\/\/www.radiopiu.net\/wordpress\/wp-content\/uploads\/2022\/09\/312e5117-94eb-40ef-8670-85dcf8746b91.jpg'><img loading=\"lazy\" decoding=\"async\" width=\"300\" height=\"200\" src=\"https:\/\/www.radiopiu.net\/wordpress\/wp-content\/uploads\/2022\/09\/312e5117-94eb-40ef-8670-85dcf8746b91-300x200.jpg\" class=\"attachment-medium size-medium\" alt=\"\" srcset=\"https:\/\/www.radiopiu.net\/wordpress\/wp-content\/uploads\/2022\/09\/312e5117-94eb-40ef-8670-85dcf8746b91-300x200.jpg 300w, https:\/\/www.radiopiu.net\/wordpress\/wp-content\/uploads\/2022\/09\/312e5117-94eb-40ef-8670-85dcf8746b91-1024x682.jpg 1024w, https:\/\/www.radiopiu.net\/wordpress\/wp-content\/uploads\/2022\/09\/312e5117-94eb-40ef-8670-85dcf8746b91-768x512.jpg 768w, https:\/\/www.radiopiu.net\/wordpress\/wp-content\/uploads\/2022\/09\/312e5117-94eb-40ef-8670-85dcf8746b91-1536x1023.jpg 1536w, https:\/\/www.radiopiu.net\/wordpress\/wp-content\/uploads\/2022\/09\/312e5117-94eb-40ef-8670-85dcf8746b91.jpg 1600w\" sizes=\"auto, (max-width: 300px) 100vw, 300px\" \/><\/a>\n\t\t\t\t<\/dt><\/dl><dl class='gallery-item'>\n\t\t\t\t<dt class='gallery-icon landscape'>\n\t\t\t\t\t<a class=\"rollover rollover-zoom dt-pswp-item\" title=\"a267d75f-5cf3-41d3-b253-27e0f0a0d9b3\" data-dt-img-description=\"\" data-large_image_width=\"1600\" data-large_image_height=\"1066\"href='https:\/\/www.radiopiu.net\/wordpress\/wp-content\/uploads\/2022\/09\/a267d75f-5cf3-41d3-b253-27e0f0a0d9b3.jpg'><img loading=\"lazy\" decoding=\"async\" width=\"300\" height=\"200\" src=\"https:\/\/www.radiopiu.net\/wordpress\/wp-content\/uploads\/2022\/09\/a267d75f-5cf3-41d3-b253-27e0f0a0d9b3-300x200.jpg\" class=\"attachment-medium size-medium\" alt=\"\" srcset=\"https:\/\/www.radiopiu.net\/wordpress\/wp-content\/uploads\/2022\/09\/a267d75f-5cf3-41d3-b253-27e0f0a0d9b3-300x200.jpg 300w, https:\/\/www.radiopiu.net\/wordpress\/wp-content\/uploads\/2022\/09\/a267d75f-5cf3-41d3-b253-27e0f0a0d9b3-1024x682.jpg 1024w, https:\/\/www.radiopiu.net\/wordpress\/wp-content\/uploads\/2022\/09\/a267d75f-5cf3-41d3-b253-27e0f0a0d9b3-768x512.jpg 768w, https:\/\/www.radiopiu.net\/wordpress\/wp-content\/uploads\/2022\/09\/a267d75f-5cf3-41d3-b253-27e0f0a0d9b3-1536x1023.jpg 1536w, https:\/\/www.radiopiu.net\/wordpress\/wp-content\/uploads\/2022\/09\/a267d75f-5cf3-41d3-b253-27e0f0a0d9b3.jpg 1600w\" sizes=\"auto, (max-width: 300px) 100vw, 300px\" \/><\/a>\n\t\t\t\t<\/dt><\/dl><dl class='gallery-item'>\n\t\t\t\t<dt class='gallery-icon landscape'>\n\t\t\t\t\t<a class=\"rollover rollover-zoom dt-pswp-item\" title=\"c0988516-1dd1-4592-8aa5-739df41aa1de\" data-dt-img-description=\"\" data-large_image_width=\"1600\" data-large_image_height=\"1066\"href='https:\/\/www.radiopiu.net\/wordpress\/wp-content\/uploads\/2022\/09\/c0988516-1dd1-4592-8aa5-739df41aa1de.jpg'><img loading=\"lazy\" decoding=\"async\" width=\"300\" height=\"200\" src=\"https:\/\/www.radiopiu.net\/wordpress\/wp-content\/uploads\/2022\/09\/c0988516-1dd1-4592-8aa5-739df41aa1de-300x200.jpg\" class=\"attachment-medium size-medium\" alt=\"\" srcset=\"https:\/\/www.radiopiu.net\/wordpress\/wp-content\/uploads\/2022\/09\/c0988516-1dd1-4592-8aa5-739df41aa1de-300x200.jpg 300w, https:\/\/www.radiopiu.net\/wordpress\/wp-content\/uploads\/2022\/09\/c0988516-1dd1-4592-8aa5-739df41aa1de-1024x682.jpg 1024w, https:\/\/www.radiopiu.net\/wordpress\/wp-content\/uploads\/2022\/09\/c0988516-1dd1-4592-8aa5-739df41aa1de-768x512.jpg 768w, https:\/\/www.radiopiu.net\/wordpress\/wp-content\/uploads\/2022\/09\/c0988516-1dd1-4592-8aa5-739df41aa1de-1536x1023.jpg 1536w, https:\/\/www.radiopiu.net\/wordpress\/wp-content\/uploads\/2022\/09\/c0988516-1dd1-4592-8aa5-739df41aa1de.jpg 1600w\" sizes=\"auto, (max-width: 300px) 100vw, 300px\" \/><\/a>\n\t\t\t\t<\/dt><\/dl><br style=\"clear: both\" \/>\n\t\t\t<\/div>\n\n<p>&nbsp;<\/p>\n<hr \/>\n<p>&nbsp;<\/p>\n<blockquote>\n<h3>VALLES TROPHY E LAVORI NON A REGOLA D&#8217;ARTE<\/h3>\n<\/blockquote>\n<p>Riceviamo a volentieri pubblichiamo la segnalazione dalla Valle del Biois, un pessimo biglietto da visita per\u00a0 tre valli, ma anche un continuo disagio per i pendolari di Passo Valles<\/p>\n<blockquote><p><em><a class=\"dt-pswp-item\" href=\"https:\/\/www.radiopiu.net\/wordpress\/wp-content\/uploads\/2022\/09\/a5005199-a985-45b8-8aad-0b0501d3cb95.jpg\" data-dt-img-description=\"\" data-large_image_width=\"1126\" data-large_image_height=\"2000\"><img loading=\"lazy\" decoding=\"async\" class=\"size-thumbnail wp-image-296111 alignleft\" src=\"https:\/\/www.radiopiu.net\/wordpress\/wp-content\/uploads\/2022\/09\/a5005199-a985-45b8-8aad-0b0501d3cb95-150x150.jpg\" alt=\"\" width=\"150\" height=\"150\" \/><\/a>Ormai da svariati mesi la strada che collega Falcade alla vicina val di Fiemme e alla valle del Primiero \u00e8 in condizioni critiche. Chi come me si sposta attraverso il Passo Valles tutti i giorni per lavoro, avr\u00e0 notato sicuramente le condizioni del\u00a0 manto stradale\u00a0 tra Caverson\u00a0 e la localit\u00e0 Pian della Sussistenza. Il rattoppo fatto dalla ditta che ha posato le linee elettriche lungo la strada \u00e8 in continuo peggioramento. Inizialmente si notavano dossi e buche, ora l&#8217;asfalto sta cedendo in diversi punti creando degli avvallamenti pericolosi sia per le macchine ma soprattutto per moto e bici che per ancora qualche settimana saranno presenti sui nostri Passi. <\/em><em>Dato che le nostre autovetture non sono indistruttibili questa situazione\u00a0 obbliga a circolare contromano per evitare di distruggere sospensioni e in qualche punto fare anche qualche danno peggiore, oltre che rischiare l&#8217;incidente, dato che soprattutto bici e moto circolano contromano. Spero che qualche organo competente agisca al pi\u00f9 presto alla sistemazione almeno provvisoria della strada prima che succeda qualche disgrazia.<\/em><\/p><\/blockquote>\n<p>lettera firmata.<\/p>\n<p>&nbsp;<\/p>\n<hr \/>\n<p>&nbsp;<\/p>\n<blockquote>\n<h3>DILLO A RADIO PIU&#8217;&#8230; PER UN ABBONAMENTO IL TEMPO DI GUARDARE UN&#8217;INTERA PARTITA DI CALCIO<\/h3>\n<\/blockquote>\n<p><strong><a class=\"dt-pswp-item\" href=\"https:\/\/www.radiopiu.net\/wordpress\/wp-content\/uploads\/2020\/06\/102e3b2d-2b34-4aa0-8ed8-2bb1a098098a.jpg\" data-dt-img-description=\"\" data-large_image_width=\"2048\" data-large_image_height=\"1536\"><img loading=\"lazy\" decoding=\"async\" class=\" wp-image-144906 alignleft\" src=\"https:\/\/www.radiopiu.net\/wordpress\/wp-content\/uploads\/2020\/06\/102e3b2d-2b34-4aa0-8ed8-2bb1a098098a-150x150.jpg\" alt=\"\" width=\"115\" height=\"115\" \/><\/a>Riceviamo e pubblichiamo<\/strong><\/p>\n<p><strong>AGORDO<\/strong> Fila di un&#8217;ora e mezza e oltre agli uffici della Stazione Dolomitibus di Agordo per gli abbonamenti per studenti. Fastidioso anche perch\u00e9\u00a0 prevedibile visti i ritardi delle Comunicazioni relative agli sconti per studenti promulgate solo il giorno prima. Quindi era sufficiente o potenziare il personale o aumentare l&#8217;orario sempre esiguo che a volte obbliga a fare i salti mortali visto che l&#8217;ufficio \u00e8 aperto solo nella mattinata e molte persone devono pure prendersi dei permessi dal lavoro rinunciando poi a concludere la pratica allo sportello,\u00a0 perch\u00e9 il tempo di attesa \u00e8 superiore al permesso ottenuto<\/p>\n<p>&nbsp;<\/p>\n<p>&nbsp;<\/p>\n<hr \/>\n<blockquote>\n<h3><\/h3>\n<h3>BONUS TRASPORTI E INVESTI SCUOLA, BIGLIETTERIE CON ORARIO PROLUNGATO. PROSSIMAMENTE LA PROCEDURA ONLINE<\/h3>\n<\/blockquote>\n<p><strong><a class=\"dt-pswp-item\" href=\"https:\/\/www.radiopiu.net\/wordpress\/wp-content\/uploads\/2021\/10\/9d1e264f-0772-472e-94d9-473a8e2a9cd1.jpg\" data-dt-img-description=\"\" data-large_image_width=\"1599\" data-large_image_height=\"899\"><img loading=\"lazy\" decoding=\"async\" class=\"size-thumbnail wp-image-237484 alignleft\" src=\"https:\/\/www.radiopiu.net\/wordpress\/wp-content\/uploads\/2021\/10\/9d1e264f-0772-472e-94d9-473a8e2a9cd1-150x150.jpg\" alt=\"\" width=\"150\" height=\"150\" \/><\/a>BELLUNO <\/strong>Dolomiti Bus spa \u00e8 impegnata con la campagna abbonamenti, a seguito dell\u2019attivazione del progetto \u201cInvesti Scuola\u201d. Da marted\u00ec pomeriggio le biglietterie di Belluno, Agordo, Feltre, Calalzo e Cortina d\u2019Ampezzo stanno facendo gli straordinari per ricevere tutte le richieste; sono stati sottoscritti poco meno di 700 nuovi abbonamenti in appena una giornata. Al momento, il pagamento online del Bonus Trasporti (60 euro) e dell\u2019agevolazione \u201cInvesti Scuola 2022-2023\u201d, non sono attivi. Ci\u00f2 \u00e8 dovuto al ritardo con cui il Ministero del Lavoro e delle Politiche sociali (MLPS) ha reso disponibili le informazioni tecniche per poter gestire le procedure di emissione con il riscatto del Bonus Trasporti. \u00abMentre la procedura per la vendita degli abbonamenti con il Bonus Trasporti presso le biglietterie \u00e8 stata attivata il 1\u00b0 settembre, stiamo lavorando per rendere operativa anche la procedura online sul portale di rinnovo abbonamenti accessibile dal sito di Dolomiti Bus al link\u00a0<a href=\"https:\/\/www.autobus.it\/dolomiti-bl\/TPLWebPortal\/it\/showcase\">TPLWEB<\/a> (<a href=\"https:\/\/www.autobus.it\/dolomiti-bl\/TPLWebPortal\/it\/showcase\">https:\/\/www.autobus.it\/dolomiti-bl\/TPLWebPortal\/it\/showcase<\/a>). Non sar\u00e0 invece abilitata sull\u2019APP Dolomiti Bus\u00bb evidenzia la societ\u00e0 di trasporto pubblico locale Dolomiti Bus spa. \u00abVa per\u00f2 ricordato che l\u2019utente registrato sull\u2019APP Dolomiti Bus accede anche al portale\u00a0<a href=\"https:\/\/www.autobus.it\/dolomiti-bl\/TPLWebPortal\/it\/showcase\">TPLWEB<\/a>. Pertanto, chi abitualmente usa l\u2019APP, anche dallo smartphone potr\u00e0 collegarsi al portale TPLWEB ed utilizzare il suo account di accesso, compreso l\u2019eventuale credito disponibile sull\u2019APP\u00bb. Il rilascio degli aggiornamenti per attivare il Bonus Trasporti e l\u2019agevolazione \u201cInvesti Scuola 2022-2023\u201d online sono previsti per l\u2019inizio della prossima settimana. Al momento per avere regolarmente il titolo di viaggio ci si deve rivolgere alle biglietterie. \u00ab\u00c8 stato previsto un prolungamento del normale orario di servizio, per andare incontro alle esigenze degli utenti\u00bb sottolinea Dolomiti Bus spa. Fino al 15 settembre, per il momento, sono previste aperture straordinarie. Lo sportello di Belluno sar\u00e0 aperto dalle 7.30 alle 11.30 e dalle 14.30 alle 17. Agordo osserver\u00e0 l\u2019orario 8-12.30 e 13.30-17. Feltre sar\u00e0 attivo dalle 8 alle 11.30 e dalle 15.30 alle 17, mentre Calalzo operer\u00e0 dalle 7.30 alle 12.40 e dalle 16 alle 18. Apertura anche sabato 10 settembre (Belluno 7.30-11.30 e 14.30-17; Agordo 7.40-12.30 e 13.30-16.30; Feltre 8-15; Calalzo 7.30-12.40 e 13.30-16.30).<\/p>\n<p>&nbsp;<\/p>\n<hr \/>\n<p>&nbsp;<\/p>\n<p>&nbsp;<\/p>\n<blockquote>\n<h3>CICLISMO A FALCADE, IN 500 AL TOUR DE FRIENDS<\/h3>\n<\/blockquote>\n<div class=\"m8h3af8h l7ghb35v kjdc1dyq kmwttqpk gh25dzvf n3t5jt4f\">\n<div dir=\"auto\">\n<p><strong>\u00a0FALCADE<\/strong> Al &#8220;Rad Race &#8211; Tour de Friends VI &#8211; Italian Edition&#8221; protagonista Falcade come arrivo della seconda tappa da Levico Terme attraverso il Passo Manghen e il Passo San Pellegrino fino in valle del Biois. Oggi la partenza della terza tappa \u00e8 fissata per le 9 e l&#8217;arrivo a Fiera di Primiero. Il consorzio PromoFalcade Dolomiti\u00a0 cura l&#8217;organizzazione<\/p>\n\n\t\t\t<style type='text\/css'>\n\t\t\t\t#gallery-3 {\n\t\t\t\t\tmargin: auto;\n\t\t\t\t}\n\t\t\t\t#gallery-3 .gallery-item {\n\t\t\t\t\tfloat: left;\n\t\t\t\t\tmargin-top: 10px;\n\t\t\t\t\ttext-align: center;\n\t\t\t\t\twidth: 33%;\n\t\t\t\t}\n\t\t\t\t#gallery-3 img {\n\t\t\t\t\tborder: 2px solid #cfcfcf;\n\t\t\t\t}\n\t\t\t\t#gallery-3 .gallery-caption {\n\t\t\t\t\tmargin-left: 0;\n\t\t\t\t}\n\t\t\t\t\/* see gallery_shortcode() in wp-includes\/media.php *\/\n\t\t\t<\/style>\n\t\t<div id='gallery-3' class='dt-gallery-container gallery galleryid-296083 gallery-columns-3 gallery-size-thumbnail'><dl class='gallery-item'>\n\t\t\t\t<dt class='gallery-icon portrait'>\n\t\t\t\t\t<a class=\"rollover rollover-zoom dt-pswp-item\" title=\"302745300_8148555771851892_960335510664478513_n\" data-dt-img-description=\"\" data-large_image_width=\"417\" data-large_image_height=\"590\"href='https:\/\/www.radiopiu.net\/wordpress\/wp-content\/uploads\/2022\/09\/302745300_8148555771851892_960335510664478513_n.jpg'><img loading=\"lazy\" decoding=\"async\" width=\"150\" height=\"150\" src=\"https:\/\/www.radiopiu.net\/wordpress\/wp-content\/uploads\/2022\/09\/302745300_8148555771851892_960335510664478513_n-150x150.jpg\" class=\"attachment-thumbnail size-thumbnail\" alt=\"\" \/><\/a>\n\t\t\t\t<\/dt><\/dl><dl class='gallery-item'>\n\t\t\t\t<dt class='gallery-icon landscape'>\n\t\t\t\t\t<a class=\"rollover rollover-zoom dt-pswp-item\" title=\"305467795_8148556451851824_5243607906652244907_n\" data-dt-img-description=\"\" data-large_image_width=\"592\" data-large_image_height=\"395\"href='https:\/\/www.radiopiu.net\/wordpress\/wp-content\/uploads\/2022\/09\/305467795_8148556451851824_5243607906652244907_n.jpg'><img loading=\"lazy\" decoding=\"async\" width=\"150\" height=\"150\" src=\"https:\/\/www.radiopiu.net\/wordpress\/wp-content\/uploads\/2022\/09\/305467795_8148556451851824_5243607906652244907_n-150x150.jpg\" class=\"attachment-thumbnail size-thumbnail\" alt=\"\" \/><\/a>\n\t\t\t\t<\/dt><\/dl><dl class='gallery-item'>\n\t\t\t\t<dt class='gallery-icon portrait'>\n\t\t\t\t\t<a class=\"rollover rollover-zoom dt-pswp-item\" title=\"305488453_8148556771851792_5210318953330706077_n\" data-dt-img-description=\"\" data-large_image_width=\"400\" data-large_image_height=\"600\"href='https:\/\/www.radiopiu.net\/wordpress\/wp-content\/uploads\/2022\/09\/305488453_8148556771851792_5210318953330706077_n.jpg'><img loading=\"lazy\" decoding=\"async\" width=\"150\" height=\"150\" src=\"https:\/\/www.radiopiu.net\/wordpress\/wp-content\/uploads\/2022\/09\/305488453_8148556771851792_5210318953330706077_n-150x150.jpg\" class=\"attachment-thumbnail size-thumbnail\" alt=\"\" \/><\/a>\n\t\t\t\t<\/dt><\/dl><br style=\"clear: both\" \/>\n\t\t\t<\/div>\n\n<\/div>\n<\/div>\n<p>&nbsp;<\/p>\n<p>&nbsp;<\/p>\n<hr \/>\n<p>&nbsp;<\/p>\n<blockquote class=\"wp-embedded-content\" data-secret=\"rwdAyVXJJd\"><p><a href=\"https:\/\/www.radiopiu.net\/wordpress\/aggnazionalesettembre-07\/\">CORONAVIRUS: AGGIORNAMENTO NAZIONALE 07 SETTEMBRE 2022<\/a><\/p><\/blockquote>\n<p><iframe loading=\"lazy\" class=\"wp-embedded-content\" sandbox=\"allow-scripts\" security=\"restricted\" style=\"position: absolute; clip: rect(1px, 1px, 1px, 1px);\" title=\"&#8220;CORONAVIRUS: AGGIORNAMENTO NAZIONALE 07 SETTEMBRE 2022&#8221; &#8212; Radio Pi\u00f9\" src=\"https:\/\/www.radiopiu.net\/wordpress\/aggnazionalesettembre-07\/embed\/#?secret=dujoO2tecK#?secret=rwdAyVXJJd\" data-secret=\"rwdAyVXJJd\" width=\"600\" height=\"338\" frameborder=\"0\" marginwidth=\"0\" marginheight=\"0\" scrolling=\"no\"><\/iframe><\/p>\n<p>&nbsp;<\/p>\n<blockquote class=\"wp-embedded-content\" data-secret=\"EgoUbLqfZj\"><p><a href=\"https:\/\/www.radiopiu.net\/wordpress\/aziendazerosettembre07\/\">MENO  DI 3 MILA NUOVI POSITIVI E 6 DECESSI. 89 NUOVI CASI A BELLUNO<\/a><\/p><\/blockquote>\n<p><iframe loading=\"lazy\" class=\"wp-embedded-content\" sandbox=\"allow-scripts\" security=\"restricted\" style=\"position: absolute; clip: rect(1px, 1px, 1px, 1px);\" title=\"&#8220;MENO  DI 3 MILA NUOVI POSITIVI E 6 DECESSI. 89 NUOVI CASI A BELLUNO&#8221; &#8212; Radio Pi\u00f9\" src=\"https:\/\/www.radiopiu.net\/wordpress\/aziendazerosettembre07\/embed\/#?secret=hqBXuGDoLe#?secret=EgoUbLqfZj\" data-secret=\"EgoUbLqfZj\" width=\"600\" height=\"338\" frameborder=\"0\" marginwidth=\"0\" marginheight=\"0\" scrolling=\"no\"><\/iframe><\/p>\n<p>&nbsp;<\/p>\n<h2>I GRAFICI DI TIZIANO DE COL<\/h2>\n\n\t\t\t<style type='text\/css'>\n\t\t\t\t#gallery-4 {\n\t\t\t\t\tmargin: auto;\n\t\t\t\t}\n\t\t\t\t#gallery-4 .gallery-item {\n\t\t\t\t\tfloat: left;\n\t\t\t\t\tmargin-top: 10px;\n\t\t\t\t\ttext-align: center;\n\t\t\t\t\twidth: 33%;\n\t\t\t\t}\n\t\t\t\t#gallery-4 img {\n\t\t\t\t\tborder: 2px solid #cfcfcf;\n\t\t\t\t}\n\t\t\t\t#gallery-4 .gallery-caption {\n\t\t\t\t\tmargin-left: 0;\n\t\t\t\t}\n\t\t\t\t\/* see gallery_shortcode() in wp-includes\/media.php *\/\n\t\t\t<\/style>\n\t\t<div id='gallery-4' class='dt-gallery-container gallery galleryid-296083 gallery-columns-3 gallery-size-thumbnail'><dl class='gallery-item'>\n\t\t\t\t<dt class='gallery-icon landscape'>\n\t\t\t\t\t<a class=\"rollover rollover-zoom dt-pswp-item\" title=\"fa7116fd-fb3d-4a04-9303-520cd2761a33\" data-dt-img-description=\"\" data-large_image_width=\"602\" data-large_image_height=\"360\"href='https:\/\/www.radiopiu.net\/wordpress\/wp-content\/uploads\/2022\/09\/fa7116fd-fb3d-4a04-9303-520cd2761a33.jpg'><img loading=\"lazy\" decoding=\"async\" width=\"150\" height=\"150\" src=\"https:\/\/www.radiopiu.net\/wordpress\/wp-content\/uploads\/2022\/09\/fa7116fd-fb3d-4a04-9303-520cd2761a33-150x150.jpg\" class=\"attachment-thumbnail size-thumbnail\" alt=\"\" \/><\/a>\n\t\t\t\t<\/dt><\/dl><dl class='gallery-item'>\n\t\t\t\t<dt class='gallery-icon landscape'>\n\t\t\t\t\t<a class=\"rollover rollover-zoom dt-pswp-item\" title=\"2a512f8a-be7f-467f-ae57-b5b1860eb3b6\" data-dt-img-description=\"\" data-large_image_width=\"606\" data-large_image_height=\"344\"href='https:\/\/www.radiopiu.net\/wordpress\/wp-content\/uploads\/2022\/09\/2a512f8a-be7f-467f-ae57-b5b1860eb3b6.jpg'><img loading=\"lazy\" decoding=\"async\" width=\"150\" height=\"150\" src=\"https:\/\/www.radiopiu.net\/wordpress\/wp-content\/uploads\/2022\/09\/2a512f8a-be7f-467f-ae57-b5b1860eb3b6-150x150.jpg\" class=\"attachment-thumbnail size-thumbnail\" alt=\"\" \/><\/a>\n\t\t\t\t<\/dt><\/dl><dl class='gallery-item'>\n\t\t\t\t<dt class='gallery-icon landscape'>\n\t\t\t\t\t<a class=\"rollover rollover-zoom dt-pswp-item\" title=\"c83d9df0-338f-4223-9267-941209557e41\" data-dt-img-description=\"\" data-large_image_width=\"622\" data-large_image_height=\"363\"href='https:\/\/www.radiopiu.net\/wordpress\/wp-content\/uploads\/2022\/09\/c83d9df0-338f-4223-9267-941209557e41.jpg'><img loading=\"lazy\" decoding=\"async\" width=\"150\" height=\"150\" src=\"https:\/\/www.radiopiu.net\/wordpress\/wp-content\/uploads\/2022\/09\/c83d9df0-338f-4223-9267-941209557e41-150x150.jpg\" class=\"attachment-thumbnail size-thumbnail\" alt=\"\" \/><\/a>\n\t\t\t\t<\/dt><\/dl><br style=\"clear: both\" \/><dl class='gallery-item'>\n\t\t\t\t<dt class='gallery-icon landscape'>\n\t\t\t\t\t<a class=\"rollover rollover-zoom dt-pswp-item\" title=\"b4dc213e-406f-443f-9443-1f0e29b2a503\" data-dt-img-description=\"\" data-large_image_width=\"616\" data-large_image_height=\"372\"href='https:\/\/www.radiopiu.net\/wordpress\/wp-content\/uploads\/2022\/09\/b4dc213e-406f-443f-9443-1f0e29b2a503.jpg'><img loading=\"lazy\" decoding=\"async\" width=\"150\" height=\"150\" src=\"https:\/\/www.radiopiu.net\/wordpress\/wp-content\/uploads\/2022\/09\/b4dc213e-406f-443f-9443-1f0e29b2a503-150x150.jpg\" class=\"attachment-thumbnail size-thumbnail\" alt=\"\" \/><\/a>\n\t\t\t\t<\/dt><\/dl><dl class='gallery-item'>\n\t\t\t\t<dt class='gallery-icon landscape'>\n\t\t\t\t\t<a class=\"rollover rollover-zoom dt-pswp-item\" title=\"377921e6-0ee4-43bf-a279-2b57925af902\" data-dt-img-description=\"\" data-large_image_width=\"614\" data-large_image_height=\"365\"href='https:\/\/www.radiopiu.net\/wordpress\/wp-content\/uploads\/2022\/09\/377921e6-0ee4-43bf-a279-2b57925af902.jpg'><img loading=\"lazy\" decoding=\"async\" width=\"150\" height=\"150\" src=\"https:\/\/www.radiopiu.net\/wordpress\/wp-content\/uploads\/2022\/09\/377921e6-0ee4-43bf-a279-2b57925af902-150x150.jpg\" class=\"attachment-thumbnail size-thumbnail\" alt=\"\" \/><\/a>\n\t\t\t\t<\/dt><\/dl><dl class='gallery-item'>\n\t\t\t\t<dt class='gallery-icon landscape'>\n\t\t\t\t\t<a class=\"rollover rollover-zoom dt-pswp-item\" title=\"b26b9d51-d4d7-4de6-a993-dc4a6e20db91\" data-dt-img-description=\"\" data-large_image_width=\"610\" data-large_image_height=\"363\"href='https:\/\/www.radiopiu.net\/wordpress\/wp-content\/uploads\/2022\/09\/b26b9d51-d4d7-4de6-a993-dc4a6e20db91.jpg'><img loading=\"lazy\" decoding=\"async\" width=\"150\" height=\"150\" src=\"https:\/\/www.radiopiu.net\/wordpress\/wp-content\/uploads\/2022\/09\/b26b9d51-d4d7-4de6-a993-dc4a6e20db91-150x150.jpg\" class=\"attachment-thumbnail size-thumbnail\" alt=\"\" \/><\/a>\n\t\t\t\t<\/dt><\/dl><br style=\"clear: both\" \/>\n\t\t\t<\/div>\n\n<p>&nbsp;<\/p>\n<hr \/>\n<p>&nbsp;<\/p>\n<blockquote>\n<h3>MAMMOGRAFIE ED ECOGRAFIE GRATUITE<\/h3>\n<\/blockquote>\n<p><a class=\"dt-pswp-item\" href=\"https:\/\/www.radiopiu.net\/wordpress\/wp-content\/uploads\/2022\/09\/Camper_medico_1.jpg\" data-dt-img-description=\"\" data-large_image_width=\"768\" data-large_image_height=\"1024\"><img loading=\"lazy\" decoding=\"async\" class=\"size-thumbnail wp-image-296142 alignleft\" src=\"https:\/\/www.radiopiu.net\/wordpress\/wp-content\/uploads\/2022\/09\/Camper_medico_1-150x150.jpg\" alt=\"\" width=\"150\" height=\"150\" \/><\/a><strong>PONTE NELLE ALPI<\/strong> Prevenzione e screening gratuiti ieri in Piazza Mercato al camper medico per la mammografia. E in poche ore si sono iscritte 50 donne: il massimo della disponibilit\u00e0.<span class=\"gmail-Apple-converted-space\"> \u00a0<\/span>Il Comune di Ponte nelle Alpi, infatti, ha scelto di ospitare l\u2019iniziativa legata alla prevenzione del tumore al seno: \u00abAbbiamo deciso di aderire a questa opportunit\u00e0 &#8211; spiega la vice sindaca &#8211; in seguito ai riscontri positivi avuti dai territori limitrofi. \u00c8 un\u2019occasione di prevenzione concreta, rivolta alle donne fra i 35 e i 49 anni: una fascia d\u2019et\u00e0, ad oggi, non coperta dallo screening previsto dal Servizio sanitario nazionale\u00bb.<span class=\"gmail-Apple-converted-space\"> \u00a0<\/span>A Ponte nelle Alpi, la risposta delle cittadine si \u00e8 rivelata di assoluto rilievo. Gli esami diagnostici gratuiti grazie agli sponsor che, insieme al Comune, hanno creduto nell\u2019iniziativa.<\/p>\n<p>&nbsp;<\/p>\n<hr \/>\n<blockquote>\n<h3><\/h3>\n<h3>PAPA LUCIANI BEATO, IN VIDEO LA TESTIMONIANZA DI CANDELA GIARDA<\/h3>\n<\/blockquote>\n<p><strong><a class=\"dt-pswp-item\" href=\"https:\/\/www.radiopiu.net\/wordpress\/wp-content\/uploads\/2022\/09\/Messa-Solenne-11_09_2022-1.jpg\" data-dt-img-description=\"\" data-large_image_width=\"1414\" data-large_image_height=\"2000\"><img loading=\"lazy\" decoding=\"async\" class=\"wp-image-296158 alignleft\" src=\"https:\/\/www.radiopiu.net\/wordpress\/wp-content\/uploads\/2022\/09\/Messa-Solenne-11_09_2022-1-212x300.jpg\" alt=\"\" width=\"186\" height=\"263\" srcset=\"https:\/\/www.radiopiu.net\/wordpress\/wp-content\/uploads\/2022\/09\/Messa-Solenne-11_09_2022-1-212x300.jpg 212w, https:\/\/www.radiopiu.net\/wordpress\/wp-content\/uploads\/2022\/09\/Messa-Solenne-11_09_2022-1-724x1024.jpg 724w, https:\/\/www.radiopiu.net\/wordpress\/wp-content\/uploads\/2022\/09\/Messa-Solenne-11_09_2022-1-768x1086.jpg 768w, https:\/\/www.radiopiu.net\/wordpress\/wp-content\/uploads\/2022\/09\/Messa-Solenne-11_09_2022-1-1086x1536.jpg 1086w, https:\/\/www.radiopiu.net\/wordpress\/wp-content\/uploads\/2022\/09\/Messa-Solenne-11_09_2022-1.jpg 1414w\" sizes=\"auto, (max-width: 186px) 100vw, 186px\" \/><\/a>CANALE D&#8217;AGORDO\u00a0<\/strong> <span dir=\"ltr\" role=\"presentation\">Dopo la grande gioia di domenica 4 settembre con la beatificazione <\/span><span dir=\"ltr\" role=\"presentation\">di papa Luciani proseguono gli appuntamenti in onore di papa <\/span><span dir=\"ltr\" role=\"presentation\">Giovanni Paolo I organizzati dal<\/span> <span dir=\"ltr\" role=\"presentation\">Museo a lui dedicato<\/span> <span dir=\"ltr\" role=\"presentation\">(Musal \u2013 Museo Albino Luciani (<\/span><span dir=\"ltr\" role=\"presentation\">www.musal.it<\/span><span dir=\"ltr\" role=\"presentation\">).\u00a0 <\/span><span dir=\"ltr\" role=\"presentation\">Ecco, in dettaglio, i<\/span> <span dir=\"ltr\" role=\"presentation\">prossimi appuntamenti\u00a0 <\/span><span dir=\"ltr\" role=\"presentation\">\uf0b7<\/span> <span dir=\"ltr\" role=\"presentation\">sabato 10 settembre<\/span><span dir=\"ltr\" role=\"presentation\">, alle 18, presso il Museo Albino Luciani, presentazione della <\/span><span dir=\"ltr\" role=\"presentation\">biblioteca storica della Parrocchia di Canale d&#8217;Agordo<\/span> <span dir=\"ltr\" role=\"presentation\">e, in seguito, a partire<\/span> <span dir=\"ltr\" role=\"presentation\">dalle <\/span><span dir=\"ltr\" role=\"presentation\">20.30<\/span><span dir=\"ltr\" role=\"presentation\">, presso la chiesa arcipretale di San Giovanni Battista, testimonianza di<\/span> <span dir=\"ltr\" role=\"presentation\">padre Jos\u00e9 <\/span><span dir=\"ltr\" role=\"presentation\">Dabusti<\/span><span dir=\"ltr\" role=\"presentation\">, sacerdote della parrocchia dell\u2019ospedale della capitale dell\u2019Argentina, dove <\/span><span dir=\"ltr\" role=\"presentation\">\u00a0Candela Giarda era ricoverata e in fin di vita e fu salvata grazie all&#8217;intercessione di <\/span><span dir=\"ltr\" role=\"presentation\">papa Luciani. Causa infortunio,<\/span> <span dir=\"ltr\" role=\"presentation\">Candela Giarda non potr\u00e0 essere presente<\/span><span dir=\"ltr\" role=\"presentation\">, ma verr\u00e0 <\/span><span dir=\"ltr\" role=\"presentation\">proiettato un suo video \u2013 testimonianza<\/span><span dir=\"ltr\" role=\"presentation\">. Ad accompagnare la serata le note degli <\/span><span dir=\"ltr\" role=\"presentation\">intermezzi musicali di Oda Zoe Hochscheid e degli artisti de &#8220;Le Muse e le Dolomiti&#8221;<\/span><span dir=\"ltr\" role=\"presentation\">. <\/span><span dir=\"ltr\" role=\"presentation\">\uf0b7<\/span> <span dir=\"ltr\" role=\"presentation\">domenica 11 <a class=\"dt-pswp-item\" href=\"https:\/\/www.radiopiu.net\/wordpress\/wp-content\/uploads\/2022\/09\/Beato-Luciani.jpg\" data-dt-img-description=\"\" data-large_image_width=\"710\" data-large_image_height=\"400\"><img loading=\"lazy\" decoding=\"async\" class=\"size-thumbnail wp-image-296157 alignright\" src=\"https:\/\/www.radiopiu.net\/wordpress\/wp-content\/uploads\/2022\/09\/Beato-Luciani-150x150.jpg\" alt=\"\" width=\"150\" height=\"150\" \/><\/a>settembre<\/span><span dir=\"ltr\" role=\"presentation\">,<\/span> <span dir=\"ltr\" role=\"presentation\">ore 16.00<\/span><span dir=\"ltr\" role=\"presentation\">, in piazza Papa Luciani &#8211; con maxischermo su piazza <\/span><span dir=\"ltr\" role=\"presentation\">Salvatore Serafini (retro municipio) &#8211;<\/span> <span dir=\"ltr\" role=\"presentation\">solenne messa di ringraziamento per la <\/span><span dir=\"ltr\" role=\"presentation\">beatificazione di Papa Giovanni Paolo I<\/span><span dir=\"ltr\" role=\"presentation\">.<\/span> <span dir=\"ltr\" role=\"presentation\">Tre diocesi, un unico \u201cgrazie\u201d<\/span> <span dir=\"ltr\" role=\"presentation\">per celebrare <\/span><span dir=\"ltr\" role=\"presentation\">beato Giovanni Paolo I con la Santa Messa presieduta dal Patriarca di Venezia, mons. <\/span><span dir=\"ltr\" role=\"presentation\">Francesco Moraglia, e i vescovi di Belluno-Feltre e di Vittorio Veneto.<\/span> <span dir=\"ltr\" role=\"presentation\">Vista la notevole <\/span><span dir=\"ltr\" role=\"presentation\">affluenza di persone, si raccomanda la<\/span> <span dir=\"ltr\" role=\"presentation\">prenotazione<\/span> <span dir=\"ltr\" role=\"presentation\">dei posti attraverso il form messo a <\/span><span dir=\"ltr\" role=\"presentation\">disposizione dalla Diocesi di Belluno- Feltre ( link ufficiale: <\/span><span dir=\"ltr\" role=\"presentation\">http:\/\/www.chiesabellunofeltre.it\/tre-diocesi-un-unico-grazie\/<\/span><span dir=\"ltr\" role=\"presentation\">). L\u2019Amministrazione <\/span><span dir=\"ltr\" role=\"presentation\">comunale di Canale d\u2019Agordo ha predisposto un piano per l\u2019accoglienza e per i parcheggi. <\/span><span dir=\"ltr\" role=\"presentation\">Le auto potranno essere parcheggiate lungo la strada di Gares, mentre un servizio di navetta <\/span><span dir=\"ltr\" role=\"presentation\">continuato permetter\u00e0 di raggiungere la piazza; dopo la celebrazione, lo stesso servizio <\/span><span dir=\"ltr\" role=\"presentation\">permetter\u00e0 di tornare alla propria auto. Per i pullman sar\u00e0 riservato il parcheggio di Savai\u00f3n, <\/span><span dir=\"ltr\" role=\"presentation\">lungo la strada regionale 346 del Passo di San Pellegrino, a 400 metri dalla piazza. Parte <\/span><span dir=\"ltr\" role=\"presentation\">dell\u2019assemblea potr\u00e0 seguire la celebrazione tramite un megaschermo posizionato sul retro <\/span><span dir=\"ltr\" role=\"presentation\">del Municipio, a pochi metri dall\u2019altare, vivendo la liturgia in presenza.<\/span><\/p>\n<p>&nbsp;<\/p>\n<hr \/>\n<p>&nbsp;<\/p>\n<blockquote>\n<h3>PRESENTATE\u00a0 FIERA &amp; FESTIVAL DELLE FORESTE E ARTE IN FIERA PER I 100 ANNI DALLA NASCITA DI AUGUSTO MURER<\/h3>\n<\/blockquote>\n<p><strong><a class=\"dt-pswp-item\" href=\"https:\/\/www.radiopiu.net\/wordpress\/wp-content\/uploads\/2022\/09\/Foto-con-tutti.jpg\" data-dt-img-description=\"\" data-large_image_width=\"1920\" data-large_image_height=\"1080\"><img loading=\"lazy\" decoding=\"async\" class=\"wp-image-296159 size-medium alignleft\" src=\"https:\/\/www.radiopiu.net\/wordpress\/wp-content\/uploads\/2022\/09\/Foto-con-tutti-300x169.jpg\" alt=\"\" width=\"300\" height=\"169\" srcset=\"https:\/\/www.radiopiu.net\/wordpress\/wp-content\/uploads\/2022\/09\/Foto-con-tutti-300x169.jpg 300w, https:\/\/www.radiopiu.net\/wordpress\/wp-content\/uploads\/2022\/09\/Foto-con-tutti-1024x576.jpg 1024w, https:\/\/www.radiopiu.net\/wordpress\/wp-content\/uploads\/2022\/09\/Foto-con-tutti-768x432.jpg 768w, https:\/\/www.radiopiu.net\/wordpress\/wp-content\/uploads\/2022\/09\/Foto-con-tutti-1536x864.jpg 1536w, https:\/\/www.radiopiu.net\/wordpress\/wp-content\/uploads\/2022\/09\/Foto-con-tutti.jpg 1920w\" sizes=\"auto, (max-width: 300px) 100vw, 300px\" \/><\/a>LONGARONE\u00a0<\/strong> <span style=\"color: #000000;\"><span style=\"font-family: Calibri, serif;\">Torna in presenza, il 9-10-11 settembre, ARTE FIERA DOLOMITI giunta alla sua diciassettesima edizione e si svolger\u00e0 in concomitanza con Fiera &amp; Festival delle Foreste. <\/span><\/span><span style=\"color: #000000;\"><span style=\"font-family: Calibri, serif;\">Un ritorno in grande stile con molti importanti presenze provenienti da tutta Italia e anche dall&#8217;estero.\u00a0<\/span><\/span> <span style=\"color: #000000;\"><span style=\"font-family: Calibri, serif;\">Tra gli eventi un ampio spazio sar\u00e0 dedicato al grande Maestro Augusto Murer. Una rassegna che rientra nelle celebrazioni del centenario della sua nascita, iniziate a giugno a Palazzo Fulcis di Belluno. Augusto Murer ha segnato il passo della scultura italiana e internazionale del XX secolo. Opere che arriveranno dal Museo a lui dedicato nella sua Falcade per celebrare una figura importante e un orgoglio non solo italiano ma anche della\u00a0 terra veneta. <\/span><\/span><span style=\"color: #000000;\"><span style=\"font-family: Calibri, serif;\">Altro evento, molto particolare, sono le foto di Marianna Zampieri dedicate ad un gatto, Nerone. Un gatto speciale che \u00e8 presente nel logo di Arte Fiera Dolomiti e che ha accompagnato \u201cda assistente\u201d la direzione artistica in tutte le edizioni dal 2005 ad oggi.\u00a0<\/span><\/span> <span style=\"color: #000000;\"><span style=\"font-family: Calibri, serif;\">E ancora, \u201cl\u2019Albero della Vita\u201d di Merino Mattiuzzi che si definisce \u201cCustode del Bosco\u201d. <\/span><\/span><span style=\"color: #000000;\"><span style=\"font-family: Calibri, serif;\">Un gradito ritorno sono gli artisti austriaci provenienti dalla splendida cittadina di Weiz, con la quale Arte Fiera Dolomiti, da pi\u00f9 di sei anni, ha creato un gemellaggio artistico. <\/span><\/span><span style=\"color: #000000;\"><span style=\"font-family: Calibri, serif;\">E ancora, \u201cMusicae &#8211; distretto culturale del pianoforte\u201d. In esposizione alcuni strumenti dalla collezione del liutaio Mario Buonoconto, che opera all\u2019interno del laboratorio \u201cAntichi Strumenti\u201d da lui stesso gestito a Majano in Friuli. <\/span><\/span><span style=\"color: #000000;\"><span style=\"font-family: Calibri, serif;\">Anche quest\u2019anno sar\u00e0 assegnato il Premio Arte Fiera Dolomiti, diviso per singole categorie.<\/span><\/span><\/p>\n<p>Il programma con il link alle locandine di ciascun evento del Festival delle Foreste a questo link: <a href=\"https:\/\/www.longaronefiere.it\/il-programma-di-fiera-festival-delle-foreste-2022\">https:\/\/www.longaronefiere.it\/il-programma-di-fiera-festival-delle-foreste-2022<\/a><\/p>\n<p>&nbsp;<\/p>\n<p><strong>IL SINDACO DI LONGARONE ROBERTO PADRIN<\/strong><\/p>\n<div style=\"width: 1200px;\" class=\"wp-video\"><video class=\"wp-video-shortcode\" id=\"video-296083-1\" width=\"1200\" height=\"675\" preload=\"metadata\" controls=\"controls\"><source type=\"video\/mp4\" src=\"https:\/\/www.radiopiu.net\/wordpress\/wp-content\/uploads\/2022\/09\/01-Roberto-Padrin-Sindaco-di-Longarone-e-Presidente-della-Provincia-di-Belluno.mp4?_=1\" \/><a href=\"https:\/\/www.radiopiu.net\/wordpress\/wp-content\/uploads\/2022\/09\/01-Roberto-Padrin-Sindaco-di-Longarone-e-Presidente-della-Provincia-di-Belluno.mp4\">https:\/\/www.radiopiu.net\/wordpress\/wp-content\/uploads\/2022\/09\/01-Roberto-Padrin-Sindaco-di-Longarone-e-Presidente-della-Provincia-di-Belluno.mp4<\/a><\/video><\/div>\n<p><strong>GIAN ANGELO BELLATI, PRESIDENTE LONGARONE FIERE<\/strong><\/p>\n<div style=\"width: 1200px;\" class=\"wp-video\"><video class=\"wp-video-shortcode\" id=\"video-296083-2\" width=\"1200\" height=\"675\" preload=\"metadata\" controls=\"controls\"><source type=\"video\/mp4\" src=\"https:\/\/www.radiopiu.net\/wordpress\/wp-content\/uploads\/2022\/09\/02-Gian-Angelo-Bellati-Presidente-Longarone-Fiere-Dolomiti.mp4?_=2\" \/><a href=\"https:\/\/www.radiopiu.net\/wordpress\/wp-content\/uploads\/2022\/09\/02-Gian-Angelo-Bellati-Presidente-Longarone-Fiere-Dolomiti.mp4\">https:\/\/www.radiopiu.net\/wordpress\/wp-content\/uploads\/2022\/09\/02-Gian-Angelo-Bellati-Presidente-Longarone-Fiere-Dolomiti.mp4<\/a><\/video><\/div>\n<p><strong>FRANZO FONZO DIRETTORE ARTISTICO ARTE IN FIERA<\/strong><\/p>\n<div style=\"width: 1200px;\" class=\"wp-video\"><video class=\"wp-video-shortcode\" id=\"video-296083-3\" width=\"1200\" height=\"675\" preload=\"metadata\" controls=\"controls\"><source type=\"video\/mp4\" src=\"https:\/\/www.radiopiu.net\/wordpress\/wp-content\/uploads\/2022\/09\/04-Franco-Fonzo-Direttore-artistico-Arte-in-Fiera-Dolomiti.mp4?_=3\" \/><a href=\"https:\/\/www.radiopiu.net\/wordpress\/wp-content\/uploads\/2022\/09\/04-Franco-Fonzo-Direttore-artistico-Arte-in-Fiera-Dolomiti.mp4\">https:\/\/www.radiopiu.net\/wordpress\/wp-content\/uploads\/2022\/09\/04-Franco-Fonzo-Direttore-artistico-Arte-in-Fiera-Dolomiti.mp4<\/a><\/video><\/div>\n<p>&nbsp;<\/p>\n<hr \/>\n<p>&nbsp;<\/p>\n<div class=\"page-title-head hgroup\">\n<blockquote>\n<h3 class=\"entry-title\">LE FOTO DI ELIO ARICO\u2019<\/h3>\n<\/blockquote>\n<\/div>\n<div class=\"page-title-breadcrumbs\">\n<p><strong>REDAZIONE<\/strong> Sono di Elio Aric\u00f2 di Roma le foto comparse recentemente su un articolo di Renato Bona nella pagina dedicata ad Augusto Murer\u00a0 a \u00a0fianco della scultura lignea \u201c Bambino alla fonte \u201c. Foto scattata nell\u2019Estate del 1972 durante l\u2019inaugurazione del nuovo studio e della mostra antologica di augusto Murer. Oggi pubblichiamo grazie alla segnalazione di Elio Aric\u00f2: la copertina di un fotolibro con le foto scattate a Murer dal 1972 al 1985 e la foto con dedica<\/p>\n\n\t\t\t<style type='text\/css'>\n\t\t\t\t#gallery-5 {\n\t\t\t\t\tmargin: auto;\n\t\t\t\t}\n\t\t\t\t#gallery-5 .gallery-item {\n\t\t\t\t\tfloat: left;\n\t\t\t\t\tmargin-top: 10px;\n\t\t\t\t\ttext-align: center;\n\t\t\t\t\twidth: 33%;\n\t\t\t\t}\n\t\t\t\t#gallery-5 img {\n\t\t\t\t\tborder: 2px solid #cfcfcf;\n\t\t\t\t}\n\t\t\t\t#gallery-5 .gallery-caption {\n\t\t\t\t\tmargin-left: 0;\n\t\t\t\t}\n\t\t\t\t\/* see gallery_shortcode() in wp-includes\/media.php *\/\n\t\t\t<\/style>\n\t\t<div id='gallery-5' class='dt-gallery-container gallery galleryid-296083 gallery-columns-3 gallery-size-full'><dl class='gallery-item'>\n\t\t\t\t<dt class='gallery-icon landscape'>\n\t\t\t\t\t<a class=\"rollover rollover-zoom dt-pswp-item\" title=\"Diapositiva1\" data-dt-img-description=\"\" data-large_image_width=\"960\" data-large_image_height=\"720\"href='https:\/\/www.radiopiu.net\/wordpress\/wp-content\/uploads\/2022\/09\/Diapositiva1.jpg'><img loading=\"lazy\" decoding=\"async\" width=\"960\" height=\"720\" src=\"https:\/\/www.radiopiu.net\/wordpress\/wp-content\/uploads\/2022\/09\/Diapositiva1.jpg\" class=\"attachment-full size-full\" alt=\"\" srcset=\"https:\/\/www.radiopiu.net\/wordpress\/wp-content\/uploads\/2022\/09\/Diapositiva1.jpg 960w, https:\/\/www.radiopiu.net\/wordpress\/wp-content\/uploads\/2022\/09\/Diapositiva1-300x225.jpg 300w, https:\/\/www.radiopiu.net\/wordpress\/wp-content\/uploads\/2022\/09\/Diapositiva1-768x576.jpg 768w\" sizes=\"auto, (max-width: 960px) 100vw, 960px\" \/><\/a>\n\t\t\t\t<\/dt><\/dl><dl class='gallery-item'>\n\t\t\t\t<dt class='gallery-icon landscape'>\n\t\t\t\t\t<a class=\"rollover rollover-zoom dt-pswp-item\" title=\"Diapositiva4\" data-dt-img-description=\"\" data-large_image_width=\"960\" data-large_image_height=\"720\"href='https:\/\/www.radiopiu.net\/wordpress\/wp-content\/uploads\/2022\/09\/Diapositiva4.jpg'><img loading=\"lazy\" decoding=\"async\" width=\"960\" height=\"720\" src=\"https:\/\/www.radiopiu.net\/wordpress\/wp-content\/uploads\/2022\/09\/Diapositiva4.jpg\" class=\"attachment-full size-full\" alt=\"\" srcset=\"https:\/\/www.radiopiu.net\/wordpress\/wp-content\/uploads\/2022\/09\/Diapositiva4.jpg 960w, https:\/\/www.radiopiu.net\/wordpress\/wp-content\/uploads\/2022\/09\/Diapositiva4-300x225.jpg 300w, https:\/\/www.radiopiu.net\/wordpress\/wp-content\/uploads\/2022\/09\/Diapositiva4-768x576.jpg 768w\" sizes=\"auto, (max-width: 960px) 100vw, 960px\" \/><\/a>\n\t\t\t\t<\/dt><\/dl><dl class='gallery-item'>\n\t\t\t\t<dt class='gallery-icon landscape'>\n\t\t\t\t\t<a class=\"rollover rollover-zoom dt-pswp-item\" title=\"Diapositiva88\" data-dt-img-description=\"\" data-large_image_width=\"960\" data-large_image_height=\"720\"href='https:\/\/www.radiopiu.net\/wordpress\/wp-content\/uploads\/2022\/09\/Diapositiva88.jpg'><img loading=\"lazy\" decoding=\"async\" width=\"960\" height=\"720\" src=\"https:\/\/www.radiopiu.net\/wordpress\/wp-content\/uploads\/2022\/09\/Diapositiva88.jpg\" class=\"attachment-full size-full\" alt=\"\" srcset=\"https:\/\/www.radiopiu.net\/wordpress\/wp-content\/uploads\/2022\/09\/Diapositiva88.jpg 960w, https:\/\/www.radiopiu.net\/wordpress\/wp-content\/uploads\/2022\/09\/Diapositiva88-300x225.jpg 300w, https:\/\/www.radiopiu.net\/wordpress\/wp-content\/uploads\/2022\/09\/Diapositiva88-768x576.jpg 768w\" sizes=\"auto, (max-width: 960px) 100vw, 960px\" \/><\/a>\n\t\t\t\t<\/dt><\/dl><br style=\"clear: both\" \/>\n\t\t\t<\/div>\n\n<p>&nbsp;<\/p>\n<\/div>\n<p>&nbsp;<\/p>\n<p>&nbsp;<\/p>\n<p>&nbsp;<\/p>\n<hr \/>\n<p>&nbsp;<\/p>\n<blockquote>\n<h3>FORESTE, FOCUS SULLA SICUREZZA<\/h3>\n<\/blockquote>\n<p><strong>BELLUNO<\/strong> Per le imprese che operano nei boschi la formazione \u00e8 fondamentale per garantire la sicurezza, ma \u00e8 importante anche un\u2019organizzazione aziendale che garantisca una gestione dei rischi coordinata e sostenuta da competenze specifiche. E, con i nuovi macchinari adottati dopo la tempesta Vaia, l\u2019attenzione e le competenze devono essere ancora maggiori. Di questo si parler\u00e0 nel convegno organizzato da Confagricoltura Veneto e Belluno, in collaborazione con l\u2019ente di formazione Erapra Veneto, Consorzio imprese forestali del Triveneto, la rivista \u201cSherwood\u201d e Imprese boschive Conaibo, che si svolger\u00e0 sabato 10 settembre alle 9.30 nel centro congressi di Longarone Fiere nell\u2019ambito di Fiera &amp; Festival delle Foreste.<\/p>\n<p>&nbsp;<\/p>\n<p>&nbsp;<\/p>\n<hr \/>\n<p>&nbsp;<\/p>\n<blockquote>\n<h3>MOZIONE DIRITTO ALLO STUDIO, L&#8217;INTERVENTO DEL CONSIGLIERE REGIONALE SILVIA CESTARO<\/h3>\n<\/blockquote>\n<p><strong><a class=\"dt-pswp-item\" href=\"https:\/\/www.radiopiu.net\/wordpress\/wp-content\/uploads\/2022\/07\/dopo-scuola.jpg\" data-dt-img-description=\"\" data-large_image_width=\"1600\" data-large_image_height=\"1066\"><img loading=\"lazy\" decoding=\"async\" class=\"wp-image-285601 alignleft\" src=\"https:\/\/www.radiopiu.net\/wordpress\/wp-content\/uploads\/2022\/07\/dopo-scuola-150x150.jpg\" alt=\"\" width=\"117\" height=\"117\" \/><\/a>VENEZIA<\/strong> Impegnare la giunta regionale affinch\u00e8 le universit\u00e0 possano estendere il periodo di didattica a distanza, perch\u00e9 lo studio \u00e8 un diritto e l\u2019abbandono scolastico \u00e8 un rischio che il Veneto, in particolare le sue aree pi\u00f9 marginali, non possono correre. \u00c8 l\u2019obiettivo della mozione depositata ieri dalla consigliera regionale della Lega Silvia Cestaro a favore degli studenti e delle loro famiglie.<\/p>\n<p><strong>AUDIO, SILVIA CESTARO<\/strong><\/p>\n<audio class=\"wp-audio-shortcode\" id=\"audio-296083-3\" preload=\"none\" style=\"width: 100%;\" controls=\"controls\"><source type=\"audio\/mpeg\" src=\"https:\/\/www.radiopiu.net\/wordpress\/wp-content\/uploads\/2022\/09\/CESATARO.mp3?_=3\" \/><a href=\"https:\/\/www.radiopiu.net\/wordpress\/wp-content\/uploads\/2022\/09\/CESATARO.mp3\">https:\/\/www.radiopiu.net\/wordpress\/wp-content\/uploads\/2022\/09\/CESATARO.mp3<\/a><\/audio>\n<p>&nbsp;<\/p>\n<p>&nbsp;<\/p>\n<hr \/>\n<p>&nbsp;<\/p>\n<blockquote>\n<h3>TURISMO NEL FELTRINO, DATI INCORAGGIANTI<\/h3>\n<\/blockquote>\n<p><a class=\"dt-pswp-item\" href=\"https:\/\/www.radiopiu.net\/wordpress\/wp-content\/uploads\/2022\/04\/FELTRE.jpg\" data-dt-img-description=\"\" data-large_image_width=\"1920\" data-large_image_height=\"1080\"><img loading=\"lazy\" decoding=\"async\" class=\" wp-image-269866 alignleft\" src=\"https:\/\/www.radiopiu.net\/wordpress\/wp-content\/uploads\/2022\/04\/FELTRE-150x150.jpg\" alt=\"\" width=\"131\" height=\"131\" \/><\/a><strong>FELTRE<\/strong>\u00a0 Nuovi incoraggianti segnali sul trend di ripresa del comparto turistico nel Feltrino arrivano dai dati relativi agli accessi dell\u2019ufficio IAT di Piazza Maggiore. Nel periodo compreso tra gennaio e agosto di quest\u2019anno, infatti, si sono rivolti all\u2019ufficio di Piazza Maggiore 3325 turisti, con un incremento di quasi 400 unit\u00e0 rispetto allo scorso anno e di oltre 1300 rispetto al 2020, l\u2019\u201dannus horribilis\u201d dell\u2019esplosione della pandemia.<\/p>\n<p><strong>DARIO SCOPEL Assessore al Turismo dell\u2019Unione Montana Feltrina.<\/strong><\/p>\n<audio class=\"wp-audio-shortcode\" id=\"audio-296083-4\" preload=\"none\" style=\"width: 100%;\" controls=\"controls\"><source type=\"audio\/mpeg\" src=\"https:\/\/www.radiopiu.net\/wordpress\/wp-content\/uploads\/2022\/09\/SCOPEL.mp3?_=4\" \/><a href=\"https:\/\/www.radiopiu.net\/wordpress\/wp-content\/uploads\/2022\/09\/SCOPEL.mp3\">https:\/\/www.radiopiu.net\/wordpress\/wp-content\/uploads\/2022\/09\/SCOPEL.mp3<\/a><\/audio>\n<p>&nbsp;<\/p>\n<p>&nbsp;<\/p>\n<hr \/>\n<p>&nbsp;<\/p>\n<blockquote>\n<h3>LA CA&#8217; FOSCARI AMMIRA BELLUNO<\/h3>\n<\/blockquote>\n<p><strong><a class=\"dt-pswp-item\" href=\"https:\/\/www.radiopiu.net\/wordpress\/wp-content\/uploads\/2022\/09\/16ef9b4b-7a98-40f7-a9e7-b66ad5b432a0.jpg\" data-dt-img-description=\"\" data-large_image_width=\"2048\" data-large_image_height=\"1536\"><img loading=\"lazy\" decoding=\"async\" class=\"size-thumbnail wp-image-296274 alignleft\" src=\"https:\/\/www.radiopiu.net\/wordpress\/wp-content\/uploads\/2022\/09\/16ef9b4b-7a98-40f7-a9e7-b66ad5b432a0-150x150.jpg\" alt=\"\" width=\"150\" height=\"150\" \/><\/a><\/strong><\/p>\n<p>&nbsp;<\/p>\n<p>&nbsp;<\/p>\n<p><strong>BELLUNO<\/strong> Visita quasi a sorpresa ieri in citt\u00e0 della scolaresca della C\u00e0 Foscari di Venezia e Urbino. A fare da cicerone l&#8217;assessore alla cultura Raffaele Addamiano<\/p>\n<audio class=\"wp-audio-shortcode\" id=\"audio-296083-5\" preload=\"none\" style=\"width: 100%;\" controls=\"controls\"><source type=\"audio\/mpeg\" src=\"https:\/\/www.radiopiu.net\/wordpress\/wp-content\/uploads\/2022\/09\/ADDAMIANO.mp3?_=5\" \/><a href=\"https:\/\/www.radiopiu.net\/wordpress\/wp-content\/uploads\/2022\/09\/ADDAMIANO.mp3\">https:\/\/www.radiopiu.net\/wordpress\/wp-content\/uploads\/2022\/09\/ADDAMIANO.mp3<\/a><\/audio>\n<p>&nbsp;<\/p>\n<p>&nbsp;<\/p>\n<hr \/>\n<p>&nbsp;<\/p>\n<blockquote>\n<h3>PEDONALIZZAZIONE DI PIAZZA ROMA, BATTAGLIA &#8220;DECISIONI CALATE DALL&#8217;ALTO&#8221;<\/h3>\n<\/blockquote>\n<p><strong><a class=\"dt-pswp-item\" href=\"https:\/\/www.radiopiu.net\/wordpress\/wp-content\/uploads\/2022\/09\/th.jpg\" data-dt-img-description=\"\" data-large_image_width=\"474\" data-large_image_height=\"266\"><img loading=\"lazy\" decoding=\"async\" class=\"wp-image-296175 alignleft\" src=\"https:\/\/www.radiopiu.net\/wordpress\/wp-content\/uploads\/2022\/09\/th-300x168.jpg\" alt=\"\" width=\"204\" height=\"114\" srcset=\"https:\/\/www.radiopiu.net\/wordpress\/wp-content\/uploads\/2022\/09\/th-300x168.jpg 300w, https:\/\/www.radiopiu.net\/wordpress\/wp-content\/uploads\/2022\/09\/th.jpg 474w\" sizes=\"auto, (max-width: 204px) 100vw, 204px\" \/><\/a>SANTO STEFANO DI CADORE<\/strong> Una vera \u201cdoccia fredda\u201d per le attivit\u00e0 commerciali di Santo Stefano di Cadore, appreso dell\u2019iter da parte dell\u2019Amministrazione Comunale, del progetto di riqualificazione della principale piazza del paese, che prevede la chiusura pedonale di alcuni spazi. Il delegato comunale\u00a0 Confcommercio, Roberto Battaglia, si dice fortemente preoccupato <em>&#8220;Operazioni come queste &#8211; dice &#8211;\u00a0 dovrebbero prevedere un\u2019ampia concertazione e non essere calate dall\u2019alto come pare in questo caso. Quando si parla di pedonalizzazione, non bisognerebbe dimenticare la difficolt\u00e0 in cui versano alcuni centri storici del\u00a0 territorio. L\u2019Associazione che rappresento dovrebbe quantomeno essere interpellata a riguardo e auspicabilmente, tenuto conto delle competenze specifiche acquisite nel corso di settant\u2019anni di presenza costante nell\u2019ambito del commercio e turismo della provincia, dovrebbe essere coinvolta ai tavoli di studio&#8221;.\u00a0<\/em><\/p>\n<p>&nbsp;<\/p>\n<p>&nbsp;<\/p>\n<hr \/>\n<p>&nbsp;<\/p>\n<blockquote>\n<h3>OGGI IL CONSIGLIO COMUNALE AD AGORDO<\/h3>\n<\/blockquote>\n<p><strong>AGORDO<\/strong> Il sindaco di Agordo Roberto Chissal\u00e8 ha programmato per oggi alle 19:15 il consiglio comunale. I consiglieri sono chiamati a discutere quattro punti all\u2019ordine del giorno. Si parler\u00e0 del contratto per l\u2019affidamento del servizio di asilo nido all\u2019azienda speciale Agordo Servizi, dell\u2019estinzione anticipata dei mutui con la cassa depositi e prestiti con variazione al bilancio di previsione, della variazione del documento unico di programmazione e di 5 interventi per parcheggi e viabilit\u00e0 nel territorio comunale.<\/p>\n<p>&nbsp;<\/p>\n<p>&nbsp;<\/p>\n<hr \/>\n<p>&nbsp;<\/p>\n<blockquote>\n<h3>RECUPERO IMPORTANTE IN ALTA VAL PETTORINA<\/h3>\n<\/blockquote>\n<p><strong>ROCCA PIETORE<\/strong> Ricomposizione ambientale in destra orografica del torrentePettorina in\u00a0 zona Palue (Alta Val Pettorina). Nelle foto il recupero della zona pic nic a suo tempo devastata dall&#8217;uragano Vaia.<\/p>\n<p>&nbsp;<\/p>\n\n\t\t\t<style type='text\/css'>\n\t\t\t\t#gallery-6 {\n\t\t\t\t\tmargin: auto;\n\t\t\t\t}\n\t\t\t\t#gallery-6 .gallery-item {\n\t\t\t\t\tfloat: left;\n\t\t\t\t\tmargin-top: 10px;\n\t\t\t\t\ttext-align: center;\n\t\t\t\t\twidth: 20%;\n\t\t\t\t}\n\t\t\t\t#gallery-6 img {\n\t\t\t\t\tborder: 2px solid #cfcfcf;\n\t\t\t\t}\n\t\t\t\t#gallery-6 .gallery-caption {\n\t\t\t\t\tmargin-left: 0;\n\t\t\t\t}\n\t\t\t\t\/* see gallery_shortcode() in wp-includes\/media.php *\/\n\t\t\t<\/style>\n\t\t<div id='gallery-6' class='dt-gallery-container gallery galleryid-296083 gallery-columns-5 gallery-size-thumbnail'><dl class='gallery-item'>\n\t\t\t\t<dt class='gallery-icon landscape'>\n\t\t\t\t\t<a class=\"rollover rollover-zoom dt-pswp-item\" title=\"cab8a0f5-1de7-4c27-8eb8-3c0514555e69\" data-dt-img-description=\"\" data-large_image_width=\"1600\" data-large_image_height=\"1200\"href='https:\/\/www.radiopiu.net\/wordpress\/wp-content\/uploads\/2022\/09\/cab8a0f5-1de7-4c27-8eb8-3c0514555e69.jpg'><img loading=\"lazy\" decoding=\"async\" width=\"150\" height=\"150\" src=\"https:\/\/www.radiopiu.net\/wordpress\/wp-content\/uploads\/2022\/09\/cab8a0f5-1de7-4c27-8eb8-3c0514555e69-150x150.jpg\" class=\"attachment-thumbnail size-thumbnail\" alt=\"\" \/><\/a>\n\t\t\t\t<\/dt><\/dl><dl class='gallery-item'>\n\t\t\t\t<dt class='gallery-icon landscape'>\n\t\t\t\t\t<a class=\"rollover rollover-zoom dt-pswp-item\" title=\"7143443f-2eea-4c2c-bc46-b43f0f13477b\" data-dt-img-description=\"\" data-large_image_width=\"1600\" data-large_image_height=\"1200\"href='https:\/\/www.radiopiu.net\/wordpress\/wp-content\/uploads\/2022\/09\/7143443f-2eea-4c2c-bc46-b43f0f13477b.jpg'><img loading=\"lazy\" decoding=\"async\" width=\"150\" height=\"150\" src=\"https:\/\/www.radiopiu.net\/wordpress\/wp-content\/uploads\/2022\/09\/7143443f-2eea-4c2c-bc46-b43f0f13477b-150x150.jpg\" class=\"attachment-thumbnail size-thumbnail\" alt=\"\" \/><\/a>\n\t\t\t\t<\/dt><\/dl><dl class='gallery-item'>\n\t\t\t\t<dt class='gallery-icon landscape'>\n\t\t\t\t\t<a class=\"rollover rollover-zoom dt-pswp-item\" title=\"af4d5afa-3d55-45a9-bf55-816bbbfaf69f\" data-dt-img-description=\"\" data-large_image_width=\"1600\" data-large_image_height=\"1200\"href='https:\/\/www.radiopiu.net\/wordpress\/wp-content\/uploads\/2022\/09\/af4d5afa-3d55-45a9-bf55-816bbbfaf69f.jpg'><img loading=\"lazy\" decoding=\"async\" width=\"150\" height=\"150\" src=\"https:\/\/www.radiopiu.net\/wordpress\/wp-content\/uploads\/2022\/09\/af4d5afa-3d55-45a9-bf55-816bbbfaf69f-150x150.jpg\" class=\"attachment-thumbnail size-thumbnail\" alt=\"\" \/><\/a>\n\t\t\t\t<\/dt><\/dl><dl class='gallery-item'>\n\t\t\t\t<dt class='gallery-icon landscape'>\n\t\t\t\t\t<a class=\"rollover rollover-zoom dt-pswp-item\" title=\"ed62aa2a-8691-466f-8b6e-f990823d054f\" data-dt-img-description=\"\" data-large_image_width=\"1600\" data-large_image_height=\"1200\"href='https:\/\/www.radiopiu.net\/wordpress\/wp-content\/uploads\/2022\/09\/ed62aa2a-8691-466f-8b6e-f990823d054f.jpg'><img loading=\"lazy\" decoding=\"async\" width=\"150\" height=\"150\" src=\"https:\/\/www.radiopiu.net\/wordpress\/wp-content\/uploads\/2022\/09\/ed62aa2a-8691-466f-8b6e-f990823d054f-150x150.jpg\" class=\"attachment-thumbnail size-thumbnail\" alt=\"\" \/><\/a>\n\t\t\t\t<\/dt><\/dl><dl class='gallery-item'>\n\t\t\t\t<dt class='gallery-icon landscape'>\n\t\t\t\t\t<a class=\"rollover rollover-zoom dt-pswp-item\" title=\"99b45c84-526c-42e9-8c24-4ac89367259e\" data-dt-img-description=\"\" data-large_image_width=\"1600\" data-large_image_height=\"1200\"href='https:\/\/www.radiopiu.net\/wordpress\/wp-content\/uploads\/2022\/09\/99b45c84-526c-42e9-8c24-4ac89367259e.jpg'><img loading=\"lazy\" decoding=\"async\" width=\"150\" height=\"150\" src=\"https:\/\/www.radiopiu.net\/wordpress\/wp-content\/uploads\/2022\/09\/99b45c84-526c-42e9-8c24-4ac89367259e-150x150.jpg\" class=\"attachment-thumbnail size-thumbnail\" alt=\"\" \/><\/a>\n\t\t\t\t<\/dt><\/dl><br style=\"clear: both\" \/><dl class='gallery-item'>\n\t\t\t\t<dt class='gallery-icon landscape'>\n\t\t\t\t\t<a class=\"rollover rollover-zoom dt-pswp-item\" title=\"b14f0776-24bb-4115-8c96-0a6b46b0c7bd\" data-dt-img-description=\"\" data-large_image_width=\"1600\" data-large_image_height=\"1200\"href='https:\/\/www.radiopiu.net\/wordpress\/wp-content\/uploads\/2022\/09\/b14f0776-24bb-4115-8c96-0a6b46b0c7bd.jpg'><img loading=\"lazy\" decoding=\"async\" width=\"150\" height=\"150\" src=\"https:\/\/www.radiopiu.net\/wordpress\/wp-content\/uploads\/2022\/09\/b14f0776-24bb-4115-8c96-0a6b46b0c7bd-150x150.jpg\" class=\"attachment-thumbnail size-thumbnail\" alt=\"\" \/><\/a>\n\t\t\t\t<\/dt><\/dl><dl class='gallery-item'>\n\t\t\t\t<dt class='gallery-icon landscape'>\n\t\t\t\t\t<a class=\"rollover rollover-zoom dt-pswp-item\" title=\"2f8a0102-c3c1-47be-8a38-679ae45ca06f\" data-dt-img-description=\"\" data-large_image_width=\"1600\" data-large_image_height=\"1200\"href='https:\/\/www.radiopiu.net\/wordpress\/wp-content\/uploads\/2022\/09\/2f8a0102-c3c1-47be-8a38-679ae45ca06f.jpg'><img loading=\"lazy\" decoding=\"async\" width=\"150\" height=\"150\" src=\"https:\/\/www.radiopiu.net\/wordpress\/wp-content\/uploads\/2022\/09\/2f8a0102-c3c1-47be-8a38-679ae45ca06f-150x150.jpg\" class=\"attachment-thumbnail size-thumbnail\" alt=\"\" \/><\/a>\n\t\t\t\t<\/dt><\/dl><dl class='gallery-item'>\n\t\t\t\t<dt class='gallery-icon landscape'>\n\t\t\t\t\t<a class=\"rollover rollover-zoom dt-pswp-item\" title=\"df6493d0-266f-4066-ad24-dff7ac325128\" data-dt-img-description=\"\" data-large_image_width=\"1600\" data-large_image_height=\"1200\"href='https:\/\/www.radiopiu.net\/wordpress\/wp-content\/uploads\/2022\/09\/df6493d0-266f-4066-ad24-dff7ac325128.jpg'><img loading=\"lazy\" decoding=\"async\" width=\"150\" height=\"150\" src=\"https:\/\/www.radiopiu.net\/wordpress\/wp-content\/uploads\/2022\/09\/df6493d0-266f-4066-ad24-dff7ac325128-150x150.jpg\" class=\"attachment-thumbnail size-thumbnail\" alt=\"\" \/><\/a>\n\t\t\t\t<\/dt><\/dl><dl class='gallery-item'>\n\t\t\t\t<dt class='gallery-icon landscape'>\n\t\t\t\t\t<a class=\"rollover rollover-zoom dt-pswp-item\" title=\"2d6ac710-02ff-4715-89d7-ef6d95bcadb5\" data-dt-img-description=\"\" data-large_image_width=\"1600\" data-large_image_height=\"1200\"href='https:\/\/www.radiopiu.net\/wordpress\/wp-content\/uploads\/2022\/09\/2d6ac710-02ff-4715-89d7-ef6d95bcadb5.jpg'><img loading=\"lazy\" decoding=\"async\" width=\"150\" height=\"150\" src=\"https:\/\/www.radiopiu.net\/wordpress\/wp-content\/uploads\/2022\/09\/2d6ac710-02ff-4715-89d7-ef6d95bcadb5-150x150.jpg\" class=\"attachment-thumbnail size-thumbnail\" alt=\"\" \/><\/a>\n\t\t\t\t<\/dt><\/dl><dl class='gallery-item'>\n\t\t\t\t<dt class='gallery-icon landscape'>\n\t\t\t\t\t<a class=\"rollover rollover-zoom dt-pswp-item\" title=\"3ac19ac2-2102-4932-a280-d91ab66033e8\" data-dt-img-description=\"\" data-large_image_width=\"1600\" data-large_image_height=\"1200\"href='https:\/\/www.radiopiu.net\/wordpress\/wp-content\/uploads\/2022\/09\/3ac19ac2-2102-4932-a280-d91ab66033e8.jpg'><img loading=\"lazy\" decoding=\"async\" width=\"150\" height=\"150\" src=\"https:\/\/www.radiopiu.net\/wordpress\/wp-content\/uploads\/2022\/09\/3ac19ac2-2102-4932-a280-d91ab66033e8-150x150.jpg\" class=\"attachment-thumbnail size-thumbnail\" alt=\"\" \/><\/a>\n\t\t\t\t<\/dt><\/dl><br style=\"clear: both\" \/>\n\t\t\t<\/div>\n\n<p>&nbsp;<\/p>\n<hr \/>\n<p>&nbsp;<\/p>\n<blockquote>\n<h3>BELLA, SICURA E ASFALTATA: LA NUOVA STRADA DI CAMPO<\/h3>\n<\/blockquote>\n<p><strong>CENCENIGHE<\/strong> Ecco come si presenta oggi la strada comunale di via Campo che collega la zona della centrale Enel (oltre il lago del Ghirlo) verso la zona sportiva e il cimitero. La strada \u00e8 stata seriamente danneggiata dagli eventi di Vaia 2018, ora \u00e8 pronta per la riapertura.<\/p>\n<p>&nbsp;<\/p>\n\n\t\t\t<style type='text\/css'>\n\t\t\t\t#gallery-7 {\n\t\t\t\t\tmargin: auto;\n\t\t\t\t}\n\t\t\t\t#gallery-7 .gallery-item {\n\t\t\t\t\tfloat: left;\n\t\t\t\t\tmargin-top: 10px;\n\t\t\t\t\ttext-align: center;\n\t\t\t\t\twidth: 25%;\n\t\t\t\t}\n\t\t\t\t#gallery-7 img {\n\t\t\t\t\tborder: 2px solid #cfcfcf;\n\t\t\t\t}\n\t\t\t\t#gallery-7 .gallery-caption {\n\t\t\t\t\tmargin-left: 0;\n\t\t\t\t}\n\t\t\t\t\/* see gallery_shortcode() in wp-includes\/media.php *\/\n\t\t\t<\/style>\n\t\t<div id='gallery-7' class='dt-gallery-container gallery galleryid-296083 gallery-columns-4 gallery-size-thumbnail'><dl class='gallery-item'>\n\t\t\t\t<dt class='gallery-icon landscape'>\n\t\t\t\t\t<a class=\"rollover rollover-zoom dt-pswp-item\" title=\"photo_5821193932363643652_y\" data-dt-img-description=\"\" data-large_image_width=\"1280\" data-large_image_height=\"957\"href='https:\/\/www.radiopiu.net\/wordpress\/wp-content\/uploads\/2022\/09\/photo_5821193932363643652_y.jpg'><img loading=\"lazy\" decoding=\"async\" width=\"150\" height=\"150\" src=\"https:\/\/www.radiopiu.net\/wordpress\/wp-content\/uploads\/2022\/09\/photo_5821193932363643652_y-150x150.jpg\" class=\"attachment-thumbnail size-thumbnail\" alt=\"\" \/><\/a>\n\t\t\t\t<\/dt><\/dl><dl class='gallery-item'>\n\t\t\t\t<dt class='gallery-icon portrait'>\n\t\t\t\t\t<a class=\"rollover rollover-zoom dt-pswp-item\" title=\"photo_5821193932363643660_y\" data-dt-img-description=\"\" data-large_image_width=\"957\" data-large_image_height=\"1280\"href='https:\/\/www.radiopiu.net\/wordpress\/wp-content\/uploads\/2022\/09\/photo_5821193932363643660_y.jpg'><img loading=\"lazy\" decoding=\"async\" width=\"150\" height=\"150\" src=\"https:\/\/www.radiopiu.net\/wordpress\/wp-content\/uploads\/2022\/09\/photo_5821193932363643660_y-150x150.jpg\" class=\"attachment-thumbnail size-thumbnail\" alt=\"\" \/><\/a>\n\t\t\t\t<\/dt><\/dl><dl class='gallery-item'>\n\t\t\t\t<dt class='gallery-icon landscape'>\n\t\t\t\t\t<a class=\"rollover rollover-zoom dt-pswp-item\" title=\"photo_5821193932363643657_y\" data-dt-img-description=\"\" data-large_image_width=\"1280\" data-large_image_height=\"957\"href='https:\/\/www.radiopiu.net\/wordpress\/wp-content\/uploads\/2022\/09\/photo_5821193932363643657_y.jpg'><img loading=\"lazy\" decoding=\"async\" width=\"150\" height=\"150\" src=\"https:\/\/www.radiopiu.net\/wordpress\/wp-content\/uploads\/2022\/09\/photo_5821193932363643657_y-150x150.jpg\" class=\"attachment-thumbnail size-thumbnail\" alt=\"\" \/><\/a>\n\t\t\t\t<\/dt><\/dl><dl class='gallery-item'>\n\t\t\t\t<dt class='gallery-icon landscape'>\n\t\t\t\t\t<a class=\"rollover rollover-zoom dt-pswp-item\" title=\"photo_5821193932363643651_y\" data-dt-img-description=\"\" data-large_image_width=\"1280\" data-large_image_height=\"957\"href='https:\/\/www.radiopiu.net\/wordpress\/wp-content\/uploads\/2022\/09\/photo_5821193932363643651_y.jpg'><img loading=\"lazy\" decoding=\"async\" width=\"150\" height=\"150\" src=\"https:\/\/www.radiopiu.net\/wordpress\/wp-content\/uploads\/2022\/09\/photo_5821193932363643651_y-150x150.jpg\" class=\"attachment-thumbnail size-thumbnail\" alt=\"\" \/><\/a>\n\t\t\t\t<\/dt><\/dl><br style=\"clear: both\" \/><dl class='gallery-item'>\n\t\t\t\t<dt class='gallery-icon landscape'>\n\t\t\t\t\t<a class=\"rollover rollover-zoom dt-pswp-item\" title=\"photo_5821193932363643662_y\" data-dt-img-description=\"\" data-large_image_width=\"1280\" data-large_image_height=\"957\"href='https:\/\/www.radiopiu.net\/wordpress\/wp-content\/uploads\/2022\/09\/photo_5821193932363643662_y.jpg'><img loading=\"lazy\" decoding=\"async\" width=\"150\" height=\"150\" src=\"https:\/\/www.radiopiu.net\/wordpress\/wp-content\/uploads\/2022\/09\/photo_5821193932363643662_y-150x150.jpg\" class=\"attachment-thumbnail size-thumbnail\" alt=\"\" \/><\/a>\n\t\t\t\t<\/dt><\/dl><dl class='gallery-item'>\n\t\t\t\t<dt class='gallery-icon landscape'>\n\t\t\t\t\t<a class=\"rollover rollover-zoom dt-pswp-item\" title=\"photo_5821193932363643659_y\" data-dt-img-description=\"\" data-large_image_width=\"1280\" data-large_image_height=\"957\"href='https:\/\/www.radiopiu.net\/wordpress\/wp-content\/uploads\/2022\/09\/photo_5821193932363643659_y.jpg'><img loading=\"lazy\" decoding=\"async\" width=\"150\" height=\"150\" src=\"https:\/\/www.radiopiu.net\/wordpress\/wp-content\/uploads\/2022\/09\/photo_5821193932363643659_y-150x150.jpg\" class=\"attachment-thumbnail size-thumbnail\" alt=\"\" \/><\/a>\n\t\t\t\t<\/dt><\/dl><dl class='gallery-item'>\n\t\t\t\t<dt class='gallery-icon portrait'>\n\t\t\t\t\t<a class=\"rollover rollover-zoom dt-pswp-item\" title=\"photo_5821193932363643656_y\" data-dt-img-description=\"\" data-large_image_width=\"957\" data-large_image_height=\"1280\"href='https:\/\/www.radiopiu.net\/wordpress\/wp-content\/uploads\/2022\/09\/photo_5821193932363643656_y.jpg'><img loading=\"lazy\" decoding=\"async\" width=\"150\" height=\"150\" src=\"https:\/\/www.radiopiu.net\/wordpress\/wp-content\/uploads\/2022\/09\/photo_5821193932363643656_y-150x150.jpg\" class=\"attachment-thumbnail size-thumbnail\" alt=\"\" \/><\/a>\n\t\t\t\t<\/dt><\/dl><dl class='gallery-item'>\n\t\t\t\t<dt class='gallery-icon landscape'>\n\t\t\t\t\t<a class=\"rollover rollover-zoom dt-pswp-item\" title=\"photo_5821193932363643661_y\" data-dt-img-description=\"\" data-large_image_width=\"1280\" data-large_image_height=\"957\"href='https:\/\/www.radiopiu.net\/wordpress\/wp-content\/uploads\/2022\/09\/photo_5821193932363643661_y.jpg'><img loading=\"lazy\" decoding=\"async\" width=\"150\" height=\"150\" src=\"https:\/\/www.radiopiu.net\/wordpress\/wp-content\/uploads\/2022\/09\/photo_5821193932363643661_y-150x150.jpg\" class=\"attachment-thumbnail size-thumbnail\" alt=\"\" \/><\/a>\n\t\t\t\t<\/dt><\/dl><br style=\"clear: both\" \/>\n\t\t\t<\/div>\n\n<p>&nbsp;<\/p>\n<p>&nbsp;<\/p>\n<p>&nbsp;<\/p>\n<hr \/>\n<p>&nbsp;<\/p>\n<blockquote>\n<h3>AD AGORDO L&#8217;AULA STUDI PER I RAGAZZI DELLE SCUOLE SUPERIORI E MEDIE<\/h3>\n<\/blockquote>\n<p><strong><a class=\"dt-pswp-item\" href=\"https:\/\/www.radiopiu.net\/wordpress\/wp-content\/uploads\/2022\/09\/Schermata-2022-09-07-alle-18.21.23.png\" data-dt-img-description=\"\" data-large_image_width=\"862\" data-large_image_height=\"1222\"><img loading=\"lazy\" decoding=\"async\" class=\"alignleft wp-image-296244 \" src=\"https:\/\/www.radiopiu.net\/wordpress\/wp-content\/uploads\/2022\/09\/Schermata-2022-09-07-alle-18.21.23-212x300.png\" alt=\"\" width=\"152\" height=\"215\" srcset=\"https:\/\/www.radiopiu.net\/wordpress\/wp-content\/uploads\/2022\/09\/Schermata-2022-09-07-alle-18.21.23-212x300.png 212w, https:\/\/www.radiopiu.net\/wordpress\/wp-content\/uploads\/2022\/09\/Schermata-2022-09-07-alle-18.21.23-722x1024.png 722w, https:\/\/www.radiopiu.net\/wordpress\/wp-content\/uploads\/2022\/09\/Schermata-2022-09-07-alle-18.21.23-768x1089.png 768w, https:\/\/www.radiopiu.net\/wordpress\/wp-content\/uploads\/2022\/09\/Schermata-2022-09-07-alle-18.21.23.png 862w\" sizes=\"auto, (max-width: 152px) 100vw, 152px\" \/><\/a>AGORDO<\/strong> Novit\u00e0 per gli studenti delle scuole superiori e medie di Agordo. In Via 27 Aprile arriva l&#8217;aula studi, un modo diverso per studiare in compagnia. Gloria, Lorena e Giada aspettano gli studenti dalle 14 alle 18:30 (anche con pranzo al sacco dalle 13) tutti i giorni dal luned\u00ec al venerd\u00ec. Su appuntamento anche tutoraggio dei compiti, potenziamento del metodo di studio e dal luned\u00ec al mercoled\u00ec dalle 14 perfezionamento della lingua inglese, francese e spagnola.<\/p>\n<p><strong>\u00a0<\/strong><strong>\u00a0<\/strong><strong>\u00a0<\/strong><strong>\u00a0<\/strong><\/p>\n<p><strong>\u00a0<\/strong><\/p>\n<p><strong>\u00a0<\/strong><\/p>\n<p><strong>\u00a0<\/strong><\/p>\n<p><strong>L&#8217;INVITO\u00a0<\/strong><\/p>\n<audio class=\"wp-audio-shortcode\" id=\"audio-296083-6\" preload=\"none\" style=\"width: 100%;\" controls=\"controls\"><source type=\"audio\/mpeg\" src=\"https:\/\/www.radiopiu.net\/wordpress\/wp-content\/uploads\/2022\/09\/AULA-INCONTRI.mp3?_=6\" \/><a href=\"https:\/\/www.radiopiu.net\/wordpress\/wp-content\/uploads\/2022\/09\/AULA-INCONTRI.mp3\">https:\/\/www.radiopiu.net\/wordpress\/wp-content\/uploads\/2022\/09\/AULA-INCONTRI.mp3<\/a><\/audio>\n<p>&nbsp;<\/p>\n<hr \/>\n<p>&nbsp;<\/p>\n<blockquote>\n<h3>LA MELA DI AISM<\/h3>\n<\/blockquote>\n<p><strong><a class=\"dt-pswp-item\" href=\"https:\/\/www.radiopiu.net\/wordpress\/wp-content\/uploads\/2022\/09\/MELA.png\" data-dt-img-description=\"\" data-large_image_width=\"1824\" data-large_image_height=\"1296\"><img loading=\"lazy\" decoding=\"async\" class=\"size-thumbnail wp-image-296200 alignleft\" src=\"https:\/\/www.radiopiu.net\/wordpress\/wp-content\/uploads\/2022\/09\/MELA-150x150.png\" alt=\"\" width=\"150\" height=\"150\" \/><\/a>BELLUNO <\/strong>Sabato 1, domenica 2 e marted\u00ec 4 ottobre (Festa di San Francesco d\u2019Assisi e Giornata del dono), in vari Comuni della Provincia di Belluno si svolger\u00e0 l\u2019evento d\u2019informazione, sensibilizzazione e raccolta fondi \u201cLa Mela di AISM\u201d, diretto a garantire e potenziare i servizi destinati a persone con sclerosi multipla e a sostenere la ricerca scientifica su questa pesante malattia del sistema nervoso centrale, cronica, imprevedibile e spesso invalidante, che si manifesta perlopi\u00f9 con disturbi del movimento, della vista e dell\u2019equilibrio, seguendo un decorso diverso da persona a persona e colpisce soprattutto i giovani e le donne, con un rapporto di 2 : 1 rispetto agli uomini. La Sezione AISM di Belluno (sempre che la situazione pandemica lo permetta) spera di poter allestire le postazioni di solidariet\u00e0 in tante piazze, davanti alle chiese e nei supermercati della Provincia\u00a0 e a tempo debito dar\u00e0 comunicazione dei luoghi; come adottato nelle precedenti manifestazioni di raccolta fondi, si \u00e8 comunque deciso di attivare gi\u00e0 da ora le prenotazionI.\u00a0Infatti, contattando la Sezione (0437-981680 o 366-6125610, anche via WhatsApp), chi lo desidera potr\u00e0 ottenere, a fronte di un\u2019offerta di <strong>\u20ac 10,00, <\/strong>un sacchetto da 1,800 kg di gustose mele Granny Smith, Golden o Noared. Le prenotazioni sono aperte fino al 20 settembre.<\/p>\n<p>&nbsp;<\/p>\n<p>&nbsp;<\/p>\n<hr \/>\n<p>&nbsp;<\/p>\n<blockquote>\n<h3><a class=\"dt-pswp-item\" href=\"https:\/\/www.radiopiu.net\/wordpress\/wp-content\/uploads\/2022\/09\/d11c6dcc-8b5a-4831-a5d6-6a660022a258.jpg\" data-dt-img-description=\"\" data-large_image_width=\"615\" data-large_image_height=\"862\"><img loading=\"lazy\" decoding=\"async\" class=\"wp-image-296176 alignleft\" src=\"https:\/\/www.radiopiu.net\/wordpress\/wp-content\/uploads\/2022\/09\/d11c6dcc-8b5a-4831-a5d6-6a660022a258-214x300.jpg\" alt=\"\" width=\"138\" height=\"193\" srcset=\"https:\/\/www.radiopiu.net\/wordpress\/wp-content\/uploads\/2022\/09\/d11c6dcc-8b5a-4831-a5d6-6a660022a258-214x300.jpg 214w, https:\/\/www.radiopiu.net\/wordpress\/wp-content\/uploads\/2022\/09\/d11c6dcc-8b5a-4831-a5d6-6a660022a258.jpg 615w\" sizes=\"auto, (max-width: 138px) 100vw, 138px\" \/><\/a>10 settembre, AREA PIC NIC DI CANDATEN &#8211; SEDICO &#8211; <span style=\"color: #ff0000;\">&#8220;VAIA DIVENTA ARTE&#8221;<\/span><\/h3>\n<\/blockquote>\n<p><strong>SEDICO<\/strong> DALLE 16, MARCO MARTALART, SCULTORE DEL LEGNO E ARTISTA DEL BOSCO, MANUEL CICCHETTI FOTOGRAFO E ANGELO MIOTTO GIORNALISTA ATTRAVERSO UN REPORTAGE CI FARANNO RIVIVERE LA TEMPESTA VAIA.<br \/>\nFRANCESCA GALLO, L&#8217;ARTIGIANA CHE CANTA, RACCONTA LA SUA BOTTEGA DOVE DAL LEGNO NASCONO LE FISARMONICHE<br \/>\nLIVE E DISCO MUSIC BY DUNE MOSSE.\u00a0 MODERATORE, MIRKO MEZZACASA EDITORE RADIOFONICO E DIRETTORE DI RADIO PIU<\/p>\n<p>&nbsp;<\/p>\n<p>&nbsp;<\/p>\n<p>&nbsp;<\/p>\n<hr \/>\n<blockquote>\n<h3><\/h3>\n<h3>RITORNA LA LUCCIOLATA SOLIDALE<\/h3>\n<\/blockquote>\n<p><strong>ALPAGO<\/strong> Dopo lo stop dovuto alla pandemia, ritorna la \u201cLucciolata\u201d sabato 10 settembre alle 20.30 a Molini di Chies d&#8217;Alpago. Una passeggiata notturna di circa 3 Km che ha lo scopo di raccogliere fondi per l&#8217;Associazione Via di Natale di Aviano. Per gli organizzatori sar\u00e0 il modo migliore di ricordare un vecchio amico: Vittorio De Battista. Gi\u00e0 segretario dei donatori del sangue e nativo di questa contrada. Venuto a mancare una decina di anni fa, nominava spesso Stracadon nei racconti d\u2019infanzia ai suoi collaboratori, che non hanno mai potuto esaudire il suo desiderio di fare \u201c4 passi nel paese fantasma\u201d.<\/p>\n<p>&nbsp;<\/p>\n<p>&nbsp;<\/p>\n<hr \/>\n<p>&nbsp;<\/p>\n<blockquote>\n<h3>LA FESTA DEI 100 ANNI\u00a0 A FRASSENE&#8217; CON IL GRUPPO SPORTIVO<\/h3>\n<\/blockquote>\n<p><strong><a class=\"dt-pswp-item\" href=\"https:\/\/www.radiopiu.net\/wordpress\/wp-content\/uploads\/2022\/08\/Schermata-2022-08-04-alle-12.23.41.png\" data-dt-img-description=\"\" data-large_image_width=\"1336\" data-large_image_height=\"1014\"><img loading=\"lazy\" decoding=\"async\" class=\"alignleft wp-image-290914 \" src=\"https:\/\/www.radiopiu.net\/wordpress\/wp-content\/uploads\/2022\/08\/Schermata-2022-08-04-alle-12.23.41-300x228.png\" alt=\"\" width=\"158\" height=\"120\" srcset=\"https:\/\/www.radiopiu.net\/wordpress\/wp-content\/uploads\/2022\/08\/Schermata-2022-08-04-alle-12.23.41-300x228.png 300w, https:\/\/www.radiopiu.net\/wordpress\/wp-content\/uploads\/2022\/08\/Schermata-2022-08-04-alle-12.23.41-1024x777.png 1024w, https:\/\/www.radiopiu.net\/wordpress\/wp-content\/uploads\/2022\/08\/Schermata-2022-08-04-alle-12.23.41-768x583.png 768w, https:\/\/www.radiopiu.net\/wordpress\/wp-content\/uploads\/2022\/08\/Schermata-2022-08-04-alle-12.23.41.png 1336w\" sizes=\"auto, (max-width: 158px) 100vw, 158px\" \/><\/a>VOLTAGO <\/strong>1922-2022 il primo secolo di vita del Gruppo Sportivo Frassen\u00e8: tre giorni di eventi al tendone nel parcheggio della chiesa. Domani alle 18 apertura stand gastronomico e serata musicale con Sabrina Silvestrin. Sabato 10 voli panoramici in elicottero dalle 10 alle 15 e, fino alle 17 mercatini dell&#8217;artigianato, dalle 10 torneo di calcio del Poi, a mezzogiorno stand gastronomico, 16.30 Frassene&#8217; Cross, gare podistiche non competitive, 17 aperitivo con DJ Morgan e Battaglia, 19 cena e premiazioni, dalle 21 serata musicale con I Riflesso, chiusura con DJ Morgan e Battaglia. Domenica 11 alle 10 mostra sui 100 anni del Gruppo Sportivo Frassene&#8217; presso l&#8217;ex scuola Paolo Mosca, 11 sfilata dei gruppi associativi per le vie del paese, 12.30 pranzo, 15 presentazione libro &#8220;Il Primo Secolo Di Vita&#8221;. Il ricavato sar\u00e0 devoluto al Gruppo Sportivo Frasssen\u00e8.<\/p>\n<p>&nbsp;<\/p>\n<blockquote>\n<h3>LO SPECIALE ALLA RADIO<\/h3>\n<p><span style=\"color: #ff0000;\"><strong>OSPITI,\u00a0 YURI PARISSENTI PRESIDENTE GRUPPO SPORTIVO FRASSENE&#8217;,\u00a0 SHARON DE MARCO\u00a0<\/strong><\/span><\/p><\/blockquote>\n<audio class=\"wp-audio-shortcode\" id=\"audio-296083-7\" preload=\"none\" style=\"width: 100%;\" controls=\"controls\"><source type=\"audio\/mpeg\" src=\"https:\/\/www.radiopiu.net\/wordpress\/wp-content\/uploads\/2022\/08\/gruppo-sportivo-frassene-SPECIALE.mp3?_=7\" \/><a href=\"https:\/\/www.radiopiu.net\/wordpress\/wp-content\/uploads\/2022\/08\/gruppo-sportivo-frassene-SPECIALE.mp3\">https:\/\/www.radiopiu.net\/wordpress\/wp-content\/uploads\/2022\/08\/gruppo-sportivo-frassene-SPECIALE.mp3<\/a><\/audio>\n<p>&nbsp;<\/p>\n<hr \/>\n<p>&nbsp;<\/p>\n<blockquote>\n<h3><a class=\"dt-pswp-item\" href=\"https:\/\/www.radiopiu.net\/wordpress\/wp-content\/uploads\/2022\/09\/aaaa.jpg\" data-dt-img-description=\"\" data-large_image_width=\"140\" data-large_image_height=\"150\"><img loading=\"lazy\" decoding=\"async\" class=\" wp-image-296173 alignleft\" src=\"https:\/\/www.radiopiu.net\/wordpress\/wp-content\/uploads\/2022\/09\/aaaa.jpg\" alt=\"\" width=\"89\" height=\"95\" \/><\/a>SABATO EVA POLLI A FORCELLA AURINE<\/h3>\n<\/blockquote>\n<p><strong>GOSALDO<\/strong> Per iniziativa della proloco, sabato alle 16 al ristobar &#8220;Ghegi&#8221; a Forcella Aurine, presentazione del libro &#8220;Nel cuore smarrito della scuola&#8221; di Eva Polli.\u00a0 L&#8217;opera rimette la scuola ed i ragazzi al &#8220;centro del villaggio&#8221; nel recupero dell&#8217;essere e della sostanza. Tutto possibile grazie al sorriso, alla forza e al coraggio della protagonista Licia. Il pomeriggio culturale sar\u00e0 condotto dal giornalista Gianni Santomaso.<\/p>\n<p>&nbsp;<\/p>\n<p>&nbsp;<\/p>\n<hr \/>\n<p>&nbsp;<\/p>\n<blockquote>\n<h3>A CANALE CON LE MUSE E LE DOLOMITI<\/h3>\n<\/blockquote>\n<p><a class=\"dt-pswp-item\" href=\"https:\/\/www.radiopiu.net\/wordpress\/wp-content\/uploads\/2022\/08\/ConcertoSolidarieta\u03002021.jpeg\" data-dt-img-description=\"Le Muse e le Dolomiti - concerto di solidariet\u00e0 Midori Nmikawa soprano, Oda Zoe Hochscheid contralto, Hun Kim tenore, Kwang Park basso Coro Citt\u00e0 di Piazzolla sul Brenta dir.Paolo Piana\" data-large_image_width=\"1280\" data-large_image_height=\"853\"><img loading=\"lazy\" decoding=\"async\" class=\"wp-image-294261 alignleft\" src=\"https:\/\/www.radiopiu.net\/wordpress\/wp-content\/uploads\/2022\/08\/ConcertoSolidarieta\u03002021-300x200.jpeg\" alt=\"\" width=\"125\" height=\"83\" srcset=\"https:\/\/www.radiopiu.net\/wordpress\/wp-content\/uploads\/2022\/08\/ConcertoSolidarieta\u03002021-300x200.jpeg 300w, https:\/\/www.radiopiu.net\/wordpress\/wp-content\/uploads\/2022\/08\/ConcertoSolidarieta\u03002021-1024x682.jpeg 1024w, https:\/\/www.radiopiu.net\/wordpress\/wp-content\/uploads\/2022\/08\/ConcertoSolidarieta\u03002021-768x512.jpeg 768w, https:\/\/www.radiopiu.net\/wordpress\/wp-content\/uploads\/2022\/08\/ConcertoSolidarieta\u03002021.jpeg 1280w\" sizes=\"auto, (max-width: 125px) 100vw, 125px\" \/><\/a><strong>Sabato 10 settembre a Canale d\u2019Agordo \u2013<\/strong>\u00a0 alle 20.30 con ingresso libero \u201cUna guarigione miracolosa\u201d con Candela Giarda. La giovane argentina racconter\u00e0 come lei, gravemente ammalata, \u00e8 tornata miracolosamente in salute. Moderer\u00e0 l&#8217;incontro Loris Serafini, direttore della Fondazione Papa Luciani di Canale d\u2019Agordo. \u201cLe Muse e le Dolomiti\u201d canteranno e suoneranno brani sacri\u00a0 con \u00a0la partecipazione del \u201cCoro Citt\u00e0 Piazzola sul Brenta\u201d,\u00a0 il mezzosoprano Oda Zoe Hochscheid, la violinista Myriam Dal Don e l\u2019organista Ai Yoshida<\/p>\n<p>&nbsp;<\/p>\n<p>&nbsp;<\/p>\n<div class=\"page\" title=\"Page 1\">\n<div class=\"layoutArea\">\n<div class=\"column\">\n<p>&nbsp;<\/p>\n<hr \/>\n<p>&nbsp;<\/p>\n<\/div>\n<\/div>\n<\/div>\n<blockquote>\n<h3>AD AGORDO IL PRIMO MEMORIAL RINALDO ZASSO<\/h3>\n<\/blockquote>\n<p><strong>AGORDO <\/strong>Il Tennis Club Agordo ha organizzato per domenica 18 settembre la prima edizione del Memorial Rinaldo Zasso &#8220;Nazza&#8221;. Torneo di tennis doppio misto presso i campi di Agordo. Per informazioni 340 3134441<\/p>\n<p>&nbsp;<\/p>\n<p>&nbsp;<\/p>\n<hr \/>\n<p>&nbsp;<\/p>\n<blockquote>\n<h3>INIZIA IL CORSO LIS, PER LA LINGUA DEI SEGNI<\/h3>\n<\/blockquote>\n<p><strong>SANTA GIUSTINA <\/strong>Sono aperte le iscrizioni al Corso LIS &#8211; Lingua dei segni italiana di primo livello, promosso dalla sezione bellunese dell\u2019ENS-Ente Nazionale Sordi e dalla cooperativa Blhyster. Il corso \u00e8 aperto a tutti coloro che sono interessati a conoscere la cultura sorda e desiderano acquisire le basi della lingua dei segni italiana e gli strumenti necessari per comunicare con le persone sorde. Non sono richiesti particolari requisiti per l\u2019accesso. Il percorso \u00e8 particolarmente indicato per educatori, docenti, operatori del settore sociale e sanitario. Il programma didattico del corso si sviluppa in 155 ore di lezione e comprende LIS pratica (135 ore); grammatica LIS (10 ore) e discipline complementari (10 ore). Le lezioni si svolgeranno da ottobre a maggio ogni luned\u00ec e gioved\u00ec dalle 17:30 alle 20:30, presso l&#8217;oratorio della parrocchia, in Piazza Maggiore, a Santa Giustina.<\/p>\n<p>&nbsp;<\/p>\n<p>&nbsp;<\/p>\n<hr \/>\n<p>&nbsp;<\/p>\n<blockquote>\n<h3>A SETTEMBRE RIPRENDONO CORSI AIS PER DIVENTARE SOMMELIER<\/h3>\n<\/blockquote>\n<p><strong>BELLUNO <\/strong>La Delegazione AIS (Associazione Italiana Sommelier) di Belluno riapre la stagione con i nuovi corsi di formazione per diventare sommelier AIS. In programma due corsi di primo livello: marted\u00ec 6 settembre prender\u00e0 il via a Cortina d\u2019Ampezzo, presso il l\u2019<strong>Istituto Omnicomprensivo Valboite<\/strong>, mentre luned\u00ec 12 settembre a Castion di Belluno, presso il ristorante <strong>Nogherazza<\/strong>. Per ulteriori informazioni e iscrizioni \u00e8 possibile consultare il sito\u00a0<a href=\"http:\/\/www.aisveneto.it\/\">www.aisveneto.it<\/a><\/p>\n<p>&nbsp;<\/p>\n<p>&nbsp;<\/p>\n<hr \/>\n<p>&nbsp;<\/p>\n<blockquote>\n<h3>RIPARTONO I CORSI DELL&#8217;ADA<\/h3>\n<\/blockquote>\n<div style=\"width: 848px;\" class=\"wp-video\"><video class=\"wp-video-shortcode\" id=\"video-296083-4\" width=\"848\" height=\"480\" preload=\"metadata\" controls=\"controls\"><source type=\"video\/mp4\" src=\"https:\/\/www.radiopiu.net\/wordpress\/wp-content\/uploads\/2022\/08\/WhatsApp-Video-2022-08-30-at-17.21.20.mp4?_=4\" \/><a href=\"https:\/\/www.radiopiu.net\/wordpress\/wp-content\/uploads\/2022\/08\/WhatsApp-Video-2022-08-30-at-17.21.20.mp4\">https:\/\/www.radiopiu.net\/wordpress\/wp-content\/uploads\/2022\/08\/WhatsApp-Video-2022-08-30-at-17.21.20.mp4<\/a><\/video><\/div>\n<p>&nbsp;<\/p>\n<hr \/>\n<p>&nbsp;<\/p>\n<blockquote>\n<h3>MARIO FACCHIN AL PALAZZO DELLE CONTESSE<\/h3>\n<\/blockquote>\n<p>Al Palazzo delle Contesse di Mel\u00a0 espone Mario Facchin. Un pittore di origini trevigiane ma a Trichiana da molti anni, che pu\u00f2 vantare di aver trascorso \u201c50 anni nel colore\u201d, come recita il titolo della mostra. La mostra \u00e8 visitabile fino al 17 settembre dalle 10 alle 12.30 e dalle\u00a0 17.00 alle 19.00 dei giorni feriali; 9.00-12.30 \/ 17.00-19.00 nei giorni festivi.<\/p>\n<p><a class=\"dt-pswp-item\" href=\"https:\/\/www.radiopiu.net\/wordpress\/wp-content\/uploads\/2022\/09\/WhatsApp-Image-2022-09-07-at-10.31.11.jpeg\" data-dt-img-description=\"\" data-large_image_width=\"1600\" data-large_image_height=\"736\"><img loading=\"lazy\" decoding=\"async\" class=\"alignnone wp-image-296196 size-medium\" src=\"https:\/\/www.radiopiu.net\/wordpress\/wp-content\/uploads\/2022\/09\/WhatsApp-Image-2022-09-07-at-10.31.11-300x138.jpeg\" alt=\"\" width=\"300\" height=\"138\" srcset=\"https:\/\/www.radiopiu.net\/wordpress\/wp-content\/uploads\/2022\/09\/WhatsApp-Image-2022-09-07-at-10.31.11-300x138.jpeg 300w, https:\/\/www.radiopiu.net\/wordpress\/wp-content\/uploads\/2022\/09\/WhatsApp-Image-2022-09-07-at-10.31.11-1024x471.jpeg 1024w, https:\/\/www.radiopiu.net\/wordpress\/wp-content\/uploads\/2022\/09\/WhatsApp-Image-2022-09-07-at-10.31.11-768x353.jpeg 768w, https:\/\/www.radiopiu.net\/wordpress\/wp-content\/uploads\/2022\/09\/WhatsApp-Image-2022-09-07-at-10.31.11-1536x707.jpeg 1536w, https:\/\/www.radiopiu.net\/wordpress\/wp-content\/uploads\/2022\/09\/WhatsApp-Image-2022-09-07-at-10.31.11.jpeg 1600w\" sizes=\"auto, (max-width: 300px) 100vw, 300px\" \/><\/a><\/p>\n<p>&nbsp;<\/p>\n<p>&nbsp;<\/p>\n<hr \/>\n<p>&nbsp;<\/p>\n<blockquote>\n<h3>IL SELLARONDA BIKE DAY, CHIUSI I PASSI INTERESSATI DALLA MANIFESTAZIONE<\/h3>\n<\/blockquote>\n<p><strong><a class=\"dt-pswp-item\" href=\"https:\/\/www.radiopiu.net\/wordpress\/wp-content\/uploads\/2022\/09\/SELLARONDA.png\" data-dt-img-description=\"\" data-large_image_width=\"962\" data-large_image_height=\"540\"><img loading=\"lazy\" decoding=\"async\" class=\"size-thumbnail wp-image-296208 alignleft\" src=\"https:\/\/www.radiopiu.net\/wordpress\/wp-content\/uploads\/2022\/09\/SELLARONDA-150x150.png\" alt=\"\" width=\"150\" height=\"150\" \/><\/a>LIVINALLONGO <\/strong>Sabato, 17 settembre 2022 sulle strade attorno al gruppo del Sella si svolger\u00e0 l&#8217;appuntamento autunnale del Sellaronda Bike Day, manifestazione ciclistica non competitiva aperta a tutti, che vedr\u00e0 chiuse le strade dei Passi Campolongo, Gardena, Sella e Pordoi dalle ore 8:30 sino alle ore 15:00.\u00a0 Ai ciclisti \u00e8 consigliato il senso antiorario. Per limitare i disagi e per permettere a ospiti e residenti di partire da Arabba in direzione Pieve di Livinallongo e viceversa, la strada verr\u00e0 chiusa in prossimit\u00e0 dell&#8217;accesso al piazzale antistante l&#8217;Hotel Malita. In questa maniera resteranno accessibili i parcheggi dietro la Chiesa, i parcheggi vicino alla Caserma dei Carabinieri ed i piazzali della Funivia di Porta Vescovo. Per coloro che arriveranno ad Arabba (da Pieve) durante l&#8217;orario della manifestazione sar\u00e0 possibile parcheggiare le macchine nei parcheggi indicati e recarsi a piedi presso la propria struttura ricettiva per il check-in. Agli Ospiti in partenza verso i Passi Campolongo e Pordoi, Vi consigliamo di informarli di partire non dopo le ore 7:30 per evitare problemi con le Forze dell&#8217;Ordine. Sar\u00e0 possibile lasciare le autovetture nei parcheggi precedentemente menzionati per partire anche dopo le ore 8:30, naturalmente solo in direzione Pieve di Livinallongo.<\/p>\n<p>&nbsp;<\/p>\n<p>&nbsp;<\/p>\n<hr \/>\n<p>&nbsp;<\/p>\n<blockquote>\n<h3>OGGI GLI &#8220;ALICE FOR PRESIDENT&#8221; SUL PALCO DEL TEATRO ARISTON<\/h3>\n<\/blockquote>\n<p><strong>REDAZIONE<\/strong> Ne avevamo parlato poco pi\u00f9 di un mese fa, per il secondo anno consecutivo Sanremo Rock parla bellunese. Anche nel 2022 gli Alice For President si sono presentati alla Kermesse canora con un brano che \u00e8 stato scelto per la finale che si disputer\u00e0 a settembre. Alice For President e un gruppo Rock Metal di marca veneta. Nel gruppo anche un agordino, Massimo Cassol che fin da piccolo imbraccia il basso. Il brano presentato a questa edizione di Sanremo Rock si Intitola &#8220;Forever Never&#8221;. L&#8217;appuntamento \u00e8 per le 16:20 al Teatro Ariston di Sanremo<\/p>\n<p><strong>L&#8217;INTERNO DEL TEATRO ARISTON<\/strong><\/p>\n<div style=\"width: 640px;\" class=\"wp-video\"><video class=\"wp-video-shortcode\" id=\"video-296083-5\" width=\"640\" height=\"352\" preload=\"metadata\" controls=\"controls\"><source type=\"video\/mp4\" src=\"https:\/\/www.radiopiu.net\/wordpress\/wp-content\/uploads\/2022\/09\/WhatsApp-Video-2022-09-07-at-17.03.57.mp4?_=5\" \/><a href=\"https:\/\/www.radiopiu.net\/wordpress\/wp-content\/uploads\/2022\/09\/WhatsApp-Video-2022-09-07-at-17.03.57.mp4\">https:\/\/www.radiopiu.net\/wordpress\/wp-content\/uploads\/2022\/09\/WhatsApp-Video-2022-09-07-at-17.03.57.mp4<\/a><\/video><\/div>\n<p>&nbsp;<\/p>\n<p><strong>LA CANZONE DEGLI ALICE FOR PRESIDENT IN GARA<\/strong><\/p>\n<p><iframe loading=\"lazy\" title=\"Alice for President - Forever Never\" width=\"1200\" height=\"675\" src=\"https:\/\/www.youtube.com\/embed\/HLeidptOjiY?feature=oembed\" frameborder=\"0\" allow=\"accelerometer; autoplay; clipboard-write; encrypted-media; gyroscope; picture-in-picture\" allowfullscreen><\/iframe><\/p>\n<p>&nbsp;<\/p>\n<hr \/>\n<p>&nbsp;<\/p>\n<blockquote>\n<h3>DILLO A RADIO PIU&#8230;QUEL NIDO DI API<\/h3>\n<\/blockquote>\n<p><strong><a class=\"dt-pswp-item\" href=\"https:\/\/www.radiopiu.net\/wordpress\/wp-content\/uploads\/2020\/09\/honey-bees-401238_960_720.jpg\" data-dt-img-description=\"\" data-large_image_width=\"960\" data-large_image_height=\"640\"><img loading=\"lazy\" decoding=\"async\" class=\"size-thumbnail wp-image-159647 alignleft\" src=\"https:\/\/www.radiopiu.net\/wordpress\/wp-content\/uploads\/2020\/09\/honey-bees-401238_960_720-150x150.jpg\" alt=\"\" width=\"150\" height=\"150\" srcset=\"https:\/\/www.radiopiu.net\/wordpress\/wp-content\/uploads\/2020\/09\/honey-bees-401238_960_720-150x150.jpg 150w, https:\/\/www.radiopiu.net\/wordpress\/wp-content\/uploads\/2020\/09\/honey-bees-401238_960_720-125x125.jpg 125w, https:\/\/www.radiopiu.net\/wordpress\/wp-content\/uploads\/2020\/09\/honey-bees-401238_960_720-200x200.jpg 200w, https:\/\/www.radiopiu.net\/wordpress\/wp-content\/uploads\/2020\/09\/honey-bees-401238_960_720-80x80.jpg 80w\" sizes=\"auto, (max-width: 150px) 100vw, 150px\" \/><\/a>Riceviamo e pubblichiamo<\/strong><\/p>\n<p>Ricordo quella estate del 2017 quando mi trovavo nel bosco nelle vicinanze di Caviola a fare la legna per l\u2019inverno. Non mi ero accorto di aver calpestato un grosso nido d\u2019api nascosto tra la ramaglia. Un attimo\u2026e sono stato investito da una marea indescrivibile di api. Mi sono tolto prontamente la camicia nella quale si erano infilate e sono fuggito verso casa (poco distante). Una volta arrivato presso la mia abitazione un controllo sommario della situazione mi dava il seguente esito: 19 punture sulla pancia sulle braccia e sul collo. Fatta una doccia la situazione si \u00e8 aggravata con il gonfiore di tutte le punture e un prurito impressionante. A questo punto mi sono recato presso la locale Farmacia per farmi dare delle creme apposite. Il Farmacista constatata la situazione mi rimprover\u00f2 di non essere andato subito al Pronto Soccorso e mi disse che ho rischiato di brutto. Comunque la crema in un paio di giorni ha risolto tutto. Pensando bene ora&#8230; se mi succeder\u00e0 un\u2019altra volta andr\u00f2 di corsa all\u2019Ospedale.<\/p>\n<p>Rodolfo Pellegrinon<\/p>\n<p>&nbsp;<\/p>\n<p>&nbsp;<\/p>\n<hr \/>\n<p>&nbsp;<\/p>\n<blockquote>\n<h3>AL POETA SICILIANO GUIDO BALLO CON LA POESIA \u201cALTRE ARIE LOMBARDE\u201d IL PREMIO DINO BUZZATI<\/h3>\n<\/blockquote>\n<p><strong>di Renato Bona<\/strong><\/p>\n<p>Siciliano d\u2019origine ma milanese d\u2019adozione, il poeta Guido Ballo \u00e8 stato scelto all\u2019unanimit\u00e0 dalla giuria quale vincitore della seconda edizione a Belluno-Sala di cultura \u201cDe Luca\u201d di Borgo Pra &#8211; correva l\u2019anno 1983 &#8211; del \u201cPremio Dino Buzzati \u2013 Valle del Piave\u201d, col libretto di liriche \u201cAltre arie lombarde\u201d. La giuria (Antonio Donat Cattin, Giulio Bedeschi, Alberto Bevilacqua, Augusto Buzzati, Alberto Lattuada, Gritzko Mascioni (vincitore della prima edizione del Premio), Agostino Perale, Arnaldo Pomodoro e Maria Luisa De Romano) ha quindi segnalato i bellunesi: Bepi Zilliotti, Giuseppina Clerici Biolcati, Fulvio Dal Zotto ed Emanuele Minardo. In occasione della cerimonia di premiazione, presente il pubblico delle grandi occasioni, a Francesco \u201cCheco\u201d De Luca, titolare della sala e promotore ed animatore di consolidata esperienza di svariate iniziative culturali, \u00e8 stato conferito lo speciale \u201cOscar della simpatia\u201d. Quanto precede si pu\u00f2 leggere, con servizio fra l\u2019altro dello scomparso Italo Salomon, nel primo dei due splendidi volumi intitolati \u201cUna ruota che gira da un quarto di secolo\u201d che riferiscono delle attivit\u00e0 storico-culturali della Sala \u201cDe Luca\u201d per il periodo che va dal 26 maggio 1980 al 26 maggio 2005, volumi curati proprio da \u201cCheco\u201d e stampati nel mese di dicembre 2005 dalla bergamasca Editrice Velar. Di seguito, ovviamente in sintesi, le altre manifestazioni che si sono svolte alla \u201cDe Luca\u201d nel corso del 1983. aperto, il 20 gennaio, dalla riunione del Circolo artistico provinciale; il 30 conferenza stampa del ministro delle partecipazioni statali, Gianni De Michelis; dall\u20191febbraio al 7 marzo: mostra di tappeti, mobili, quadri e argenti con aste di beneficenza a favore del Comitato d\u2019intesa fra associazioni volontaristiche della provincia di Belluno; 11 marzo: assemblea del Circolo artistico provinciale; dal 17 al 30 collettiva di pittura, scultura e grafica dei soci dello stesso Circolo artistico; sempre a marzo, il 27 assemblea provinciale dei donatori volontari del sangue bellunesi. Ad aprile: dal 9 al 19 personale di pittura di Lucio Guidotti; il 17 sfilata di auto d\u2019epoca nella piazza di Borgo Pra, con premiazione e consegna di medaglie da parte del Comune nella sala di cultura; il 30: assemblea della Fondazione \u201cde Manzoni\u201d. Maggio: dal 7 al 16 personale di pittura di Francesca Lauria Pinter; il 28 concerto vocale e strumentale del complesso Pro Musica Antiqua diretto dal maestro Renzo Bez; il 29: premiazione degli artigiani partecipanti alla manifestazione per la \u201cFesta dei marangoni\u201d in Piazza; sempre il 29: serata di musiche popolari del Canzoniere Veronese; il 30 e 31 riunione della giuria per il concorso di pittura delle scuole materne ed elementari, abbinato alla tradizionale \u201cFesta dei marangoni\u201d. E siamo al mese di giugno che ha proposto: il 18 e 19 il convegno regionale del Centro turistico giovanile, Ctg, sul tema: \u201cGiovani e societ\u00e0, un rapporto da costruire\u201d; dal 24 al 9 luglio mostra di pittura e grafica dell\u2019artista Francesco Triglia. Settembre: il 27 riunione del direttivo del Circolo artistico. Ottobre: l\u20191 seconda edizione del Premio nazionale di poesia \u201cDino Buzzati &#8211; La valle del Piave (presidente il dott. Antonio Donat Cattin, segretario il libraio Renzo Cortina). Il 2 concerto strumentale e vocale di \u201cPro Musica Antiqua\u201d. L\u20198: concerto dell\u2019orchestra \u201cRomanica\u201d di Zurigo. Dal 22 al 30: mostra regionale di pittura, grafica e fotografia del Circolo dipendenti Sip e il 24 premiazione dei vincitori. Il mese di novembre propone il giorno 3 la presentazione del libro di poesie \u201cRinascita\u201d della poetessa bellunese Giuseppina Clerici Biolcati, segnalata nella seconda edizione del \u201cBuzzati\u201d; dal 5 al 16 mostra di pittura di Antonia Fedon; dal 19 al 30 mostra di scultura in ferro di Vittorio Piotti; il 20 assemblea provinciale dei Donatori del sangue; il 23 riunione del direttivo del Circolo artistico provinciale, presieduto dal dott. Mario Morales, per formulare il programma di attivit\u00e0 per il 1984; il 20 cerimonia per il commiato del prefetto di Belluno dott. Sergio Vitiello, promossa dalla stessa \u201cDe Luca\u201d. Concludiamo con dicembre che dal 4 al 16 d\u00e0 spazio alla mostra di pittura, grafica e incisione della veneziana Renata Carraro; il 14 assemblea del Circolo artistico provinciale; il 16 quella della fondazione\u201dde Manzoni\u201d e, chiusura col \u201cbotto\u201d: dal 17 al 28 mostra della valente pittrice locale, Zelia Bernard.<\/p>\n\n\t\t\t<style type='text\/css'>\n\t\t\t\t#gallery-8 {\n\t\t\t\t\tmargin: auto;\n\t\t\t\t}\n\t\t\t\t#gallery-8 .gallery-item {\n\t\t\t\t\tfloat: left;\n\t\t\t\t\tmargin-top: 10px;\n\t\t\t\t\ttext-align: center;\n\t\t\t\t\twidth: 14%;\n\t\t\t\t}\n\t\t\t\t#gallery-8 img {\n\t\t\t\t\tborder: 2px solid #cfcfcf;\n\t\t\t\t}\n\t\t\t\t#gallery-8 .gallery-caption {\n\t\t\t\t\tmargin-left: 0;\n\t\t\t\t}\n\t\t\t\t\/* see gallery_shortcode() in wp-includes\/media.php *\/\n\t\t\t<\/style>\n\t\t<div id='gallery-8' class='dt-gallery-container gallery galleryid-296083 gallery-columns-7 gallery-size-thumbnail'><dl class='gallery-item'>\n\t\t\t\t<dt class='gallery-icon portrait'>\n\t\t\t\t\t<a class=\"rollover rollover-zoom dt-pswp-item\" title=\"305182494_610639430725906_5281934750717607398_n\" data-dt-img-description=\"\" data-large_image_width=\"364\" data-large_image_height=\"403\"href='https:\/\/www.radiopiu.net\/wordpress\/wp-content\/uploads\/2022\/09\/305182494_610639430725906_5281934750717607398_n.jpg'><img loading=\"lazy\" decoding=\"async\" width=\"150\" height=\"150\" src=\"https:\/\/www.radiopiu.net\/wordpress\/wp-content\/uploads\/2022\/09\/305182494_610639430725906_5281934750717607398_n-150x150.jpg\" class=\"attachment-thumbnail size-thumbnail\" alt=\"\" \/><\/a>\n\t\t\t\t<\/dt><\/dl><dl class='gallery-item'>\n\t\t\t\t<dt class='gallery-icon landscape'>\n\t\t\t\t\t<a class=\"rollover rollover-zoom dt-pswp-item\" title=\"305128557_1831498450525118_47328061250558620_n\" data-dt-img-description=\"\" data-large_image_width=\"582\" data-large_image_height=\"403\"href='https:\/\/www.radiopiu.net\/wordpress\/wp-content\/uploads\/2022\/09\/305128557_1831498450525118_47328061250558620_n.jpg'><img loading=\"lazy\" decoding=\"async\" width=\"150\" height=\"150\" src=\"https:\/\/www.radiopiu.net\/wordpress\/wp-content\/uploads\/2022\/09\/305128557_1831498450525118_47328061250558620_n-150x150.jpg\" class=\"attachment-thumbnail size-thumbnail\" alt=\"\" \/><\/a>\n\t\t\t\t<\/dt><\/dl><dl class='gallery-item'>\n\t\t\t\t<dt class='gallery-icon landscape'>\n\t\t\t\t\t<a class=\"rollover rollover-zoom dt-pswp-item\" title=\"305338200_380371374287687_8104049976849370939_n\" data-dt-img-description=\"\" data-large_image_width=\"551\" data-large_image_height=\"403\"href='https:\/\/www.radiopiu.net\/wordpress\/wp-content\/uploads\/2022\/09\/305338200_380371374287687_8104049976849370939_n.jpg'><img loading=\"lazy\" decoding=\"async\" width=\"150\" height=\"150\" src=\"https:\/\/www.radiopiu.net\/wordpress\/wp-content\/uploads\/2022\/09\/305338200_380371374287687_8104049976849370939_n-150x150.jpg\" class=\"attachment-thumbnail size-thumbnail\" alt=\"\" \/><\/a>\n\t\t\t\t<\/dt><\/dl><dl class='gallery-item'>\n\t\t\t\t<dt class='gallery-icon portrait'>\n\t\t\t\t\t<a class=\"rollover rollover-zoom dt-pswp-item\" title=\"305167204_1516318235476453_6336695308227538664_n\" data-dt-img-description=\"\" data-large_image_width=\"305\" data-large_image_height=\"403\"href='https:\/\/www.radiopiu.net\/wordpress\/wp-content\/uploads\/2022\/09\/305167204_1516318235476453_6336695308227538664_n.jpg'><img loading=\"lazy\" decoding=\"async\" width=\"150\" height=\"150\" src=\"https:\/\/www.radiopiu.net\/wordpress\/wp-content\/uploads\/2022\/09\/305167204_1516318235476453_6336695308227538664_n-150x150.jpg\" class=\"attachment-thumbnail size-thumbnail\" alt=\"\" \/><\/a>\n\t\t\t\t<\/dt><\/dl><dl class='gallery-item'>\n\t\t\t\t<dt class='gallery-icon landscape'>\n\t\t\t\t\t<a class=\"rollover rollover-zoom dt-pswp-item\" title=\"305515301_3067271810229487_685077267837967696_n\" data-dt-img-description=\"\" data-large_image_width=\"576\" data-large_image_height=\"403\"href='https:\/\/www.radiopiu.net\/wordpress\/wp-content\/uploads\/2022\/09\/305515301_3067271810229487_685077267837967696_n.jpg'><img loading=\"lazy\" decoding=\"async\" width=\"150\" height=\"150\" src=\"https:\/\/www.radiopiu.net\/wordpress\/wp-content\/uploads\/2022\/09\/305515301_3067271810229487_685077267837967696_n-150x150.jpg\" class=\"attachment-thumbnail size-thumbnail\" alt=\"\" \/><\/a>\n\t\t\t\t<\/dt><\/dl><dl class='gallery-item'>\n\t\t\t\t<dt class='gallery-icon landscape'>\n\t\t\t\t\t<a class=\"rollover rollover-zoom dt-pswp-item\" title=\"305807217_579807183841205_7219269259047204453_n\" data-dt-img-description=\"\" data-large_image_width=\"569\" data-large_image_height=\"403\"href='https:\/\/www.radiopiu.net\/wordpress\/wp-content\/uploads\/2022\/09\/305807217_579807183841205_7219269259047204453_n.jpg'><img loading=\"lazy\" decoding=\"async\" width=\"150\" height=\"150\" src=\"https:\/\/www.radiopiu.net\/wordpress\/wp-content\/uploads\/2022\/09\/305807217_579807183841205_7219269259047204453_n-150x150.jpg\" class=\"attachment-thumbnail size-thumbnail\" alt=\"\" \/><\/a>\n\t\t\t\t<\/dt><\/dl><dl class='gallery-item'>\n\t\t\t\t<dt class='gallery-icon landscape'>\n\t\t\t\t\t<a class=\"rollover rollover-zoom dt-pswp-item\" title=\"302169962_394767265959777_4839931782944088097_n\" data-dt-img-description=\"\" data-large_image_width=\"631\" data-large_image_height=\"403\"href='https:\/\/www.radiopiu.net\/wordpress\/wp-content\/uploads\/2022\/09\/302169962_394767265959777_4839931782944088097_n.jpg'><img loading=\"lazy\" decoding=\"async\" width=\"150\" height=\"150\" src=\"https:\/\/www.radiopiu.net\/wordpress\/wp-content\/uploads\/2022\/09\/302169962_394767265959777_4839931782944088097_n-150x150.jpg\" class=\"attachment-thumbnail size-thumbnail\" alt=\"\" \/><\/a>\n\t\t\t\t<\/dt><\/dl><br style=\"clear: both\" \/><dl class='gallery-item'>\n\t\t\t\t<dt class='gallery-icon landscape'>\n\t\t\t\t\t<a class=\"rollover rollover-zoom dt-pswp-item\" title=\"305581353_831623517855949_9066355801681199571_n\" data-dt-img-description=\"\" data-large_image_width=\"655\" data-large_image_height=\"403\"href='https:\/\/www.radiopiu.net\/wordpress\/wp-content\/uploads\/2022\/09\/305581353_831623517855949_9066355801681199571_n.jpg'><img loading=\"lazy\" decoding=\"async\" width=\"150\" height=\"150\" src=\"https:\/\/www.radiopiu.net\/wordpress\/wp-content\/uploads\/2022\/09\/305581353_831623517855949_9066355801681199571_n-150x150.jpg\" class=\"attachment-thumbnail size-thumbnail\" alt=\"\" \/><\/a>\n\t\t\t\t<\/dt><\/dl><dl class='gallery-item'>\n\t\t\t\t<dt class='gallery-icon landscape'>\n\t\t\t\t\t<a class=\"rollover rollover-zoom dt-pswp-item\" title=\"305245562_779276736529363_734801025114055704_n\" data-dt-img-description=\"\" data-large_image_width=\"658\" data-large_image_height=\"403\"href='https:\/\/www.radiopiu.net\/wordpress\/wp-content\/uploads\/2022\/09\/305245562_779276736529363_734801025114055704_n.jpg'><img loading=\"lazy\" decoding=\"async\" width=\"150\" height=\"150\" src=\"https:\/\/www.radiopiu.net\/wordpress\/wp-content\/uploads\/2022\/09\/305245562_779276736529363_734801025114055704_n-150x150.jpg\" class=\"attachment-thumbnail size-thumbnail\" alt=\"\" \/><\/a>\n\t\t\t\t<\/dt><\/dl><dl class='gallery-item'>\n\t\t\t\t<dt class='gallery-icon landscape'>\n\t\t\t\t\t<a class=\"rollover rollover-zoom dt-pswp-item\" title=\"305088417_811163483391385_3814896379414363996_n\" data-dt-img-description=\"\" data-large_image_width=\"499\" data-large_image_height=\"403\"href='https:\/\/www.radiopiu.net\/wordpress\/wp-content\/uploads\/2022\/09\/305088417_811163483391385_3814896379414363996_n.jpg'><img loading=\"lazy\" decoding=\"async\" width=\"150\" height=\"150\" src=\"https:\/\/www.radiopiu.net\/wordpress\/wp-content\/uploads\/2022\/09\/305088417_811163483391385_3814896379414363996_n-150x150.jpg\" class=\"attachment-thumbnail size-thumbnail\" alt=\"\" \/><\/a>\n\t\t\t\t<\/dt><\/dl><dl class='gallery-item'>\n\t\t\t\t<dt class='gallery-icon landscape'>\n\t\t\t\t\t<a class=\"rollover rollover-zoom dt-pswp-item\" title=\"305087811_647261610298251_4815121291194381665_n\" data-dt-img-description=\"\" data-large_image_width=\"622\" data-large_image_height=\"403\"href='https:\/\/www.radiopiu.net\/wordpress\/wp-content\/uploads\/2022\/09\/305087811_647261610298251_4815121291194381665_n.jpg'><img loading=\"lazy\" decoding=\"async\" width=\"150\" height=\"150\" src=\"https:\/\/www.radiopiu.net\/wordpress\/wp-content\/uploads\/2022\/09\/305087811_647261610298251_4815121291194381665_n-150x150.jpg\" class=\"attachment-thumbnail size-thumbnail\" alt=\"\" \/><\/a>\n\t\t\t\t<\/dt><\/dl><dl class='gallery-item'>\n\t\t\t\t<dt class='gallery-icon landscape'>\n\t\t\t\t\t<a class=\"rollover rollover-zoom dt-pswp-item\" title=\"305102294_786327262572713_4400999631991709696_n\" data-dt-img-description=\"\" data-large_image_width=\"653\" data-large_image_height=\"403\"href='https:\/\/www.radiopiu.net\/wordpress\/wp-content\/uploads\/2022\/09\/305102294_786327262572713_4400999631991709696_n.jpg'><img loading=\"lazy\" decoding=\"async\" width=\"150\" height=\"150\" src=\"https:\/\/www.radiopiu.net\/wordpress\/wp-content\/uploads\/2022\/09\/305102294_786327262572713_4400999631991709696_n-150x150.jpg\" class=\"attachment-thumbnail size-thumbnail\" alt=\"\" \/><\/a>\n\t\t\t\t<\/dt><\/dl><dl class='gallery-item'>\n\t\t\t\t<dt class='gallery-icon landscape'>\n\t\t\t\t\t<a class=\"rollover rollover-zoom dt-pswp-item\" title=\"305016832_1233552784126237_4490187519594251506_n\" data-dt-img-description=\"\" data-large_image_width=\"690\" data-large_image_height=\"403\"href='https:\/\/www.radiopiu.net\/wordpress\/wp-content\/uploads\/2022\/09\/305016832_1233552784126237_4490187519594251506_n.jpg'><img loading=\"lazy\" decoding=\"async\" width=\"150\" height=\"150\" src=\"https:\/\/www.radiopiu.net\/wordpress\/wp-content\/uploads\/2022\/09\/305016832_1233552784126237_4490187519594251506_n-150x150.jpg\" class=\"attachment-thumbnail size-thumbnail\" alt=\"\" \/><\/a>\n\t\t\t\t<\/dt><\/dl><dl class='gallery-item'>\n\t\t\t\t<dt class='gallery-icon landscape'>\n\t\t\t\t\t<a class=\"rollover rollover-zoom dt-pswp-item\" title=\"305291391_454082479800793_1253465919034834852_n\" data-dt-img-description=\"\" data-large_image_width=\"640\" data-large_image_height=\"400\"href='https:\/\/www.radiopiu.net\/wordpress\/wp-content\/uploads\/2022\/09\/305291391_454082479800793_1253465919034834852_n.jpg'><img loading=\"lazy\" decoding=\"async\" width=\"150\" height=\"150\" src=\"https:\/\/www.radiopiu.net\/wordpress\/wp-content\/uploads\/2022\/09\/305291391_454082479800793_1253465919034834852_n-150x150.jpg\" class=\"attachment-thumbnail size-thumbnail\" alt=\"\" \/><\/a>\n\t\t\t\t<\/dt><\/dl><br style=\"clear: both\" \/>\n\t\t\t<\/div>\n\n<p>&nbsp;<\/p>\n<p>NELLE FOTO (riproduzioni dal primo volume di \u201cUna ruota che gira da un quarto di secolo\u201d): la speciale medaglia di Massimo Facchin coniata per il Premio Buzzati; il vincitore, Guido Ballo; a \u201cCheco\u201d De Luca l\u2019oscar della simpatia; il ministro Gianni De Michelis; De Luca con i dirigenti del Comitato d\u2019Intesa; si inaugura la collettiva del Circolo artistico; assemblea dei donatori del sangue; sfilata d\u2019auto d\u2019epoca in piazza a Borgo Pra poi premiazioni alla \u201cDe Luca\u201d; Agostino Perale presenta la pittrice Francesca Lauria Pinter; Ermano De Col porta il saluto di Belluno alla vernice della mostra del pittore Francesco Triglia; anche il vescovo Ducoli col segretario don Lise all\u2019inaugurazione della mostra della pittrice Antonia Fedon; l\u2019artista Vittorio Piotti ha portato alla \u201cDe Luca\u201d le sue sculture in ferro; pittura ed incisioni proposte da Renata Carraro; successo di critica e pubblico per la personale della pittrice Zelia Bernard.<\/p>\n<p>&nbsp;<\/p>\n<p>&nbsp;<\/p>\n<hr \/>\n<p>&nbsp;<\/p>\n<h2><span style=\"color: #ff0000;\">IERI ALLA RADIO<\/span><\/h2>\n<blockquote>\n<h2>ROBERTO HUBER, ALTA BADIA<\/h2>\n<\/blockquote>\n<p><a class=\"dt-pswp-item\" href=\"https:\/\/www.radiopiu.net\/wordpress\/wp-content\/uploads\/2020\/06\/moviment.jpg\" data-dt-img-description=\"\" data-large_image_width=\"820\" data-large_image_height=\"547\"><img loading=\"lazy\" decoding=\"async\" class=\"wp-image-146502 size-medium alignleft\" src=\"https:\/\/www.radiopiu.net\/wordpress\/wp-content\/uploads\/2020\/06\/moviment-300x200.jpg\" alt=\"\" width=\"300\" height=\"200\" srcset=\"https:\/\/www.radiopiu.net\/wordpress\/wp-content\/uploads\/2020\/06\/moviment-300x200.jpg 300w, https:\/\/www.radiopiu.net\/wordpress\/wp-content\/uploads\/2020\/06\/moviment-768x512.jpg 768w, https:\/\/www.radiopiu.net\/wordpress\/wp-content\/uploads\/2020\/06\/moviment.jpg 820w\" sizes=\"auto, (max-width: 300px) 100vw, 300px\" \/><\/a>di Claudio Fontanive<\/p>\n<p>&nbsp;<\/p>\n<p>&nbsp;<\/p>\n<p>&nbsp;<\/p>\n<p>&nbsp;<\/p>\n<p>&nbsp;<\/p>\n<p>&nbsp;<\/p>\n<audio class=\"wp-audio-shortcode\" id=\"audio-296083-8\" preload=\"none\" style=\"width: 100%;\" controls=\"controls\"><source type=\"audio\/mpeg\" src=\"https:\/\/www.radiopiu.net\/wordpress\/wp-content\/uploads\/2020\/06\/roberto-huber-7-settembre.mp3?_=8\" \/><a href=\"https:\/\/www.radiopiu.net\/wordpress\/wp-content\/uploads\/2020\/06\/roberto-huber-7-settembre.mp3\">https:\/\/www.radiopiu.net\/wordpress\/wp-content\/uploads\/2020\/06\/roberto-huber-7-settembre.mp3<\/a><\/audio>\n<p>&nbsp;<\/p>\n<p>&nbsp;<\/p>\n<p>&nbsp;<\/p>\n<hr \/>\n<p>&nbsp;<\/p>\n<div>\n<div class=\"b654a4as d2edcug0\">\n<div class=\"rq0escxv hkbzh7o3 jwdofwj8 n8tt0mok r8blr3vg hyh9befq\">\n<p><a class=\"dt-pswp-item\" href=\"https:\/\/www.radiopiu.net\/wordpress\/wp-content\/uploads\/2020\/10\/pp.jpg\" data-dt-img-description=\"\" data-large_image_width=\"640\" data-large_image_height=\"640\"><img loading=\"lazy\" decoding=\"async\" class=\"wp-image-163678 alignleft\" src=\"https:\/\/www.radiopiu.net\/wordpress\/wp-content\/uploads\/2020\/10\/pp-300x300.jpg\" alt=\"\" width=\"106\" height=\"106\" srcset=\"https:\/\/www.radiopiu.net\/wordpress\/wp-content\/uploads\/2020\/10\/pp-300x300.jpg 300w, https:\/\/www.radiopiu.net\/wordpress\/wp-content\/uploads\/2020\/10\/pp-150x150.jpg 150w, https:\/\/www.radiopiu.net\/wordpress\/wp-content\/uploads\/2020\/10\/pp-125x125.jpg 125w, https:\/\/www.radiopiu.net\/wordpress\/wp-content\/uploads\/2020\/10\/pp-200x200.jpg 200w, https:\/\/www.radiopiu.net\/wordpress\/wp-content\/uploads\/2020\/10\/pp-80x80.jpg 80w, https:\/\/www.radiopiu.net\/wordpress\/wp-content\/uploads\/2020\/10\/pp-480x480.jpg 480w, https:\/\/www.radiopiu.net\/wordpress\/wp-content\/uploads\/2020\/10\/pp.jpg 640w\" sizes=\"auto, (max-width: 106px) 100vw, 106px\" \/><\/a><\/p>\n<\/div>\n<\/div>\n<\/div>\n<div>\n<div class=\"page-title-head hgroup\">\n<div class=\"page-title-head hgroup\">\n<div class=\"b654a4as d2edcug0\">\n<div class=\"j83agx80 btwxx1t3 lhclo0ds hop8lmos nkwizq5d scwd0bx6 roh60bw9\">\n<div class=\"rq0escxv hkbzh7o3 jwdofwj8 n8tt0mok r8blr3vg hyh9befq\">\n<div class=\"do00u71z l9j0dhe7 k4urcfbm\">\n<h2><span style=\"color: #000080;\">DON CESARE, IL PENSIERO DEL GIORNO. ALLA RADIO ALLE 7 DEL MATTINO E ALLE 19.30 DELLA SERA.\u00a0<\/span><\/h2>\n<\/div>\n<\/div>\n<\/div>\n<\/div>\n<\/div>\n<\/div>\n<\/div>\n<div class=\"do00u71z l9j0dhe7 k4urcfbm\">\n<div class=\"page-title-head hgroup\">\n<div class=\"page-title-head hgroup\">\n<div class=\"b654a4as d2edcug0\">\n<div class=\"j83agx80 btwxx1t3 lhclo0ds hop8lmos nkwizq5d scwd0bx6 roh60bw9\">\n<div class=\"rq0escxv hkbzh7o3 jwdofwj8 n8tt0mok r8blr3vg hyh9befq\">\n<div class=\"do00u71z l9j0dhe7 k4urcfbm\">\n<div class=\"page-title-head hgroup\">\n<div class=\"page-title-head hgroup\">\n<div class=\"b654a4as d2edcug0\">\n<div class=\"j83agx80 btwxx1t3 lhclo0ds hop8lmos nkwizq5d scwd0bx6 roh60bw9\">\n<div class=\"rq0escxv hkbzh7o3 jwdofwj8 n8tt0mok r8blr3vg hyh9befq\">\n<div class=\"do00u71z l9j0dhe7 k4urcfbm\">\n<div class=\"ecm0bbzt e5nlhep0 a8c37x1j\">\n<div class=\"kvgmc6g5 cxmmr5t8 oygrvhab hcukyx3x c1et5uql\">\n<div class=\"gmail-kvgmc6g5 gmail-cxmmr5t8 gmail-oygrvhab gmail-hcukyx3x gmail-c1et5uql gmail-ii04i59q\">\n<div class=\"page-title-head hgroup\">\n<div class=\"page-title-head hgroup\">\n<div class=\"b654a4as d2edcug0\">\n<div class=\"j83agx80 btwxx1t3 lhclo0ds hop8lmos nkwizq5d scwd0bx6 roh60bw9\">\n<div class=\"rq0escxv hkbzh7o3 jwdofwj8 n8tt0mok r8blr3vg hyh9befq\">\n<div class=\"do00u71z l9j0dhe7 k4urcfbm\">\n<div class=\"page-title-head hgroup\">\n<div class=\"page-title-head hgroup\">\n<div class=\"b654a4as d2edcug0\">\n<div class=\"j83agx80 btwxx1t3 lhclo0ds hop8lmos nkwizq5d scwd0bx6 roh60bw9\">\n<div class=\"rq0escxv hkbzh7o3 jwdofwj8 n8tt0mok r8blr3vg hyh9befq\">\n<div class=\"do00u71z l9j0dhe7 k4urcfbm\">\n<div class=\"page-title-head hgroup\">\n<div class=\"page-title-head hgroup\">\n<div class=\"b654a4as d2edcug0\">\n<div class=\"j83agx80 btwxx1t3 lhclo0ds hop8lmos nkwizq5d scwd0bx6 roh60bw9\">\n<div class=\"rq0escxv hkbzh7o3 jwdofwj8 n8tt0mok r8blr3vg hyh9befq\">\n<div class=\"do00u71z l9j0dhe7 k4urcfbm\">\n<div class=\"ecm0bbzt e5nlhep0 a8c37x1j\">\n<div class=\"kvgmc6g5 cxmmr5t8 oygrvhab hcukyx3x c1et5uql\">\n<div class=\"gmail-kvgmc6g5 gmail-cxmmr5t8 gmail-oygrvhab gmail-hcukyx3x gmail-c1et5uql gmail-ii04i59q\">\n<div class=\"page-title-head hgroup\">\n<div class=\"page-title-head hgroup\">\n<div class=\"b654a4as d2edcug0\">\n<div class=\"j83agx80 btwxx1t3 lhclo0ds hop8lmos nkwizq5d scwd0bx6 roh60bw9\">\n<div class=\"rq0escxv hkbzh7o3 jwdofwj8 n8tt0mok r8blr3vg hyh9befq\">\n<div class=\"do00u71z l9j0dhe7 k4urcfbm\">\n<p>&nbsp;<\/p>\n<\/div>\n<audio class=\"wp-audio-shortcode\" id=\"audio-296083-9\" preload=\"none\" style=\"width: 100%;\" controls=\"controls\"><source type=\"audio\/mpeg\" src=\"https:\/\/www.radiopiu.net\/wordpress\/wp-content\/uploads\/2022\/09\/CESARE-6.mp3?_=9\" \/><a href=\"https:\/\/www.radiopiu.net\/wordpress\/wp-content\/uploads\/2022\/09\/CESARE-6.mp3\">https:\/\/www.radiopiu.net\/wordpress\/wp-content\/uploads\/2022\/09\/CESARE-6.mp3<\/a><\/audio>\n<div class=\"do00u71z l9j0dhe7 k4urcfbm\">\n<p>&nbsp;<\/p>\n<hr \/>\n<p>&nbsp;<\/p>\n<p><span style=\"color: #0000ff;\">MUSICA PIU&#8217;\u00a0<\/span><\/p>\n<p><a href=\"https:\/\/www.radiopiu.net\/wordpress\/giornale-radiopiu-20-settembre-2021-direttore-mirko-mezzacasa\/pp-79\/\" rel=\"attachment wp-att-232921\"><img loading=\"lazy\" decoding=\"async\" class=\"wp-image-232921 alignleft\" src=\"https:\/\/www.radiopiu.net\/wordpress\/wp-content\/uploads\/2021\/09\/pp-1-300x300.jpg\" alt=\"\" width=\"135\" height=\"135\" srcset=\"https:\/\/www.radiopiu.net\/wordpress\/wp-content\/uploads\/2021\/09\/pp-1-300x300.jpg 300w, https:\/\/www.radiopiu.net\/wordpress\/wp-content\/uploads\/2021\/09\/pp-1-150x150.jpg 150w, https:\/\/www.radiopiu.net\/wordpress\/wp-content\/uploads\/2021\/09\/pp-1.jpg 640w\" sizes=\"auto, (max-width: 135px) 100vw, 135px\" \/><\/a><\/p>\n<div class=\"mkdf-post-text\">\n<div class=\"mkdf-post-text-inner\">\n<div class=\"mkdf-post-text-main\">\n<div class=\"mkdf-post-text\">\n<div class=\"mkdf-post-text-inner\">\n<div class=\"mkdf-post-text-main\">\n<div class=\"mkdf-post-text\">\n<div class=\"mkdf-post-text-inner\">\n<div class=\"mkdf-post-text-main\">\n<div class=\"page-title-head hgroup\">\n<div class=\"page-title-head hgroup\">\n<div class=\"mkdf-post-text\">\n<div class=\"mkdf-post-text-inner\">\n<div class=\"mkdf-post-text-main\">\n<div class=\"mkdf-post-text\">\n<div class=\"mkdf-post-text-inner\">\n<div class=\"mkdf-post-text-main\">\n<div class=\"page-title-head hgroup\">\n<div class=\"page-title-head hgroup\">\n<div class=\"page-title-head hgroup\">\n<div class=\"page-title-head hgroup\">\n<div class=\"b654a4as d2edcug0\">\n<div class=\"page-title-head hgroup\">\n<div class=\"page-title-head hgroup\">\n<div class=\"page-title-head hgroup\">\n<div class=\"page-title-head hgroup\">\n<div class=\"b654a4as d2edcug0\">\n<div class=\"page-title-head hgroup\">\n<div class=\"page-title-head hgroup\">\n<div class=\"page-title-head hgroup\">\n<div class=\"page-title-head hgroup\">\n<div class=\"b654a4as d2edcug0\">\n<div class=\"mkdf-post-text\">\n<div class=\"mkdf-post-text-inner\">\n<div class=\"mkdf-post-text-main\">\n<div class=\"mkdf-post-text\">\n<div class=\"mkdf-post-text-inner\">\n<div class=\"mkdf-post-text-main\">\n<div class=\"mkdf-post-text\">\n<div class=\"mkdf-post-text-inner\">\n<div class=\"mkdf-post-text-main\">\n<div class=\"page-title-head hgroup\">\n<div class=\"page-title-head hgroup\">\n<div class=\"mkdf-post-text\">\n<div class=\"mkdf-post-text-inner\">\n<div class=\"mkdf-post-text-main\">\n<div class=\"mkdf-post-text\">\n<div class=\"mkdf-post-text-inner\">\n<div class=\"mkdf-post-text-main\">\n<div class=\"page-title-head hgroup\">\n<div class=\"page-title-head hgroup\">\n<div class=\"page-title-head hgroup\">\n<div class=\"page-title-head hgroup\">\n<div class=\"b654a4as d2edcug0\">\n<div class=\"page-title-head hgroup\">\n<div class=\"page-title-head hgroup\">\n<div class=\"page-title-head hgroup\">\n<div class=\"page-title-head hgroup\">\n<div class=\"b654a4as d2edcug0\">\n<div class=\"page-title-head hgroup\">\n<div class=\"page-title-head hgroup\">\n<div class=\"page-title-head hgroup\">\n<div class=\"page-title-head hgroup\">\n<div class=\"b654a4as d2edcug0\">\n<div><\/div>\n<div><\/div>\n<div>\n<p><strong>MUSICA ALLA RADIO, IL PROGRAMMA DI LORIS SCUSSEL &#8220;COLLAGE OPERAZIONE NOSTALGIA&#8221; DAL LUNEDI AL VENERDI ALLE 16.00\u00a0 E ALLE 23\u00a0<\/strong><\/p>\n<\/div>\n<\/div>\n<p>&nbsp;<\/p>\n<\/div>\n<\/div>\n<\/div>\n<\/div>\n<\/div>\n<\/div>\n<\/div>\n<\/div>\n<\/div>\n<\/div>\n<\/div>\n<\/div>\n<\/div>\n<\/div>\n<\/div>\n<\/div>\n<\/div>\n<\/div>\n<\/div>\n<\/div>\n<\/div>\n<\/div>\n<\/div>\n<\/div>\n<\/div>\n<\/div>\n<\/div>\n<\/div>\n<\/div>\n<\/div>\n<\/div>\n<\/div>\n<\/div>\n<\/div>\n<\/div>\n<\/div>\n<\/div>\n<\/div>\n<\/div>\n<\/div>\n<\/div>\n<\/div>\n<\/div>\n<\/div>\n<\/div>\n<\/div>\n<\/div>\n<\/div>\n<\/div>\n<\/div>\n<\/div>\n<\/div>\n<\/div>\n<\/div>\n<\/div>\n<\/div>\n<\/div>\n<\/div>\n<\/div>\n<\/div>\n<\/div>\n<\/div>\n<\/div>\n<div>\n<div class=\"page-title-head hgroup\">\n<div class=\"page-title-head hgroup\">\n<div class=\"page-title-head hgroup\">\n<div class=\"page-title-head hgroup\">\n<div class=\"b654a4as d2edcug0\">\n<div class=\"page-title-head hgroup\">\n<div class=\"page-title-head hgroup\">\n<div class=\"page-title-head hgroup\">\n<div class=\"page-title-head hgroup\">\n<div class=\"b654a4as d2edcug0\">\n<div class=\"page-title-head hgroup\">\n<div class=\"page-title-head hgroup\">\n<div class=\"page-title-head hgroup\">\n<div class=\"page-title-head hgroup\">\n<div class=\"page-title-head hgroup\">\n<div class=\"page-title-head hgroup\">\n<div class=\"page-title-head hgroup\">\n<div class=\"page-title-head hgroup\">\n<div class=\"page-title-head hgroup\">\n<div class=\"b654a4as d2edcug0\">\n<div class=\"page-title-head hgroup\">\n<div class=\"page-title-head hgroup\">\n<div class=\"page-title-head hgroup\">\n<div class=\"page-title-head hgroup\">\n<div class=\"b654a4as d2edcug0\">\n<div class=\"page-title-head hgroup\">\n<div class=\"page-title-head hgroup\">\n<div class=\"page-title-head hgroup\">\n<div class=\"page-title-head hgroup\">\n<div class=\"page-title-head hgroup\">\n<div class=\"mkdf-post-text\">\n<div class=\"mkdf-post-text-inner\">\n<div class=\"mkdf-post-text-main\">\n<div class=\"mkdf-post-text\">\n<div class=\"mkdf-post-text-inner\">\n<div class=\"mkdf-post-text-main\">\n<div class=\"mkdf-post-text\">\n<div class=\"mkdf-post-text-inner\">\n<div class=\"mkdf-post-text-main\">\n<div class=\"page-title-head hgroup\">\n<div class=\"page-title-head hgroup\">\n<div class=\"mkdf-post-text\">\n<div class=\"mkdf-post-text-inner\">\n<div class=\"mkdf-post-text-main\">\n<div class=\"mkdf-post-text\">\n<div class=\"mkdf-post-text-inner\">\n<div class=\"mkdf-post-text-main\">\n<div class=\"page-title-head hgroup\">\n<div class=\"page-title-head hgroup\">\n<div class=\"page-title-head hgroup\">\n<div class=\"page-title-head hgroup\">\n<div class=\"b654a4as d2edcug0\">\n<div class=\"page-title-head hgroup\">\n<div class=\"page-title-head hgroup\">\n<div class=\"page-title-head hgroup\">\n<div class=\"page-title-head hgroup\">\n<div class=\"b654a4as d2edcug0\">\n<div class=\"page-title-head hgroup\">\n<div class=\"page-title-head hgroup\">\n<div class=\"page-title-head hgroup\">\n<p>&nbsp;<\/p>\n<p>&nbsp;<\/p>\n<p><strong class=\"photoswipe-wrapper\"><a class=\"dt-pswp-item pspw-wrap-ready\" href=\"https:\/\/www.radiopiu.net\/wordpress\/wp-content\/uploads\/2022\/09\/Celia-Cruz.jpg\" data-dt-img-description=\"\" data-large_image_width=\"948\" data-large_image_height=\"948\"><img loading=\"lazy\" decoding=\"async\" class=\" wp-image-295725 alignleft\" src=\"https:\/\/www.radiopiu.net\/wordpress\/wp-content\/uploads\/2022\/09\/Celia-Cruz-150x150.jpg\" sizes=\"auto, (max-width: 112px) 100vw, 112px\" srcset=\"https:\/\/www.radiopiu.net\/wordpress\/wp-content\/uploads\/2022\/09\/Celia-Cruz-150x150.jpg 150w, https:\/\/www.radiopiu.net\/wordpress\/wp-content\/uploads\/2022\/09\/Celia-Cruz-300x300.jpg 300w, https:\/\/www.radiopiu.net\/wordpress\/wp-content\/uploads\/2022\/09\/Celia-Cruz-768x768.jpg 768w, https:\/\/www.radiopiu.net\/wordpress\/wp-content\/uploads\/2022\/09\/Celia-Cruz.jpg 948w\" alt=\"\" width=\"112\" height=\"112\" \/><\/a>di Loris Scussel<\/strong><\/p>\n<p>Proseguono le repliche di Collage operazione nostalgia in attesa delle nuove puntate che andranno in onda dal prossimo mese di\u00a0 ottobre. \u201cRock around the clock\u201d aprir\u00e0 la nuova settimana nella quale ascolteremo una selezione di balli latino americani inoltre ci sar\u00e0 spazio per i complessi beat, per i cantautori, per la musica di oltreoceano e cos\u00ec via in un vero e proprio \u201cCollage\u201d musicale. Il programma va in onda dal luned\u00ec al venerd\u00ec alle 16,00 e alle 23,00 naturalmente su Radio Pi\u00f9.<\/p>\n<p>&nbsp;<\/p>\n<hr \/>\n<p>&nbsp;<\/p>\n<p><a class=\"dt-pswp-item\" href=\"https:\/\/www.radiopiu.net\/wordpress\/wp-content\/uploads\/2018\/09\/WhatsApp-Image-2018-09-20-at-16.04.06.jpeg\" data-dt-img-description=\"\" data-large_image_width=\"800\" data-large_image_height=\"100\"><img loading=\"lazy\" decoding=\"async\" class=\"aligncenter wp-image-61378 size-full\" src=\"https:\/\/www.radiopiu.net\/wordpress\/wp-content\/uploads\/2018\/09\/WhatsApp-Image-2018-09-20-at-16.04.06.jpeg\" alt=\"\" width=\"800\" height=\"100\" srcset=\"https:\/\/www.radiopiu.net\/wordpress\/wp-content\/uploads\/2018\/09\/WhatsApp-Image-2018-09-20-at-16.04.06.jpeg 800w, https:\/\/www.radiopiu.net\/wordpress\/wp-content\/uploads\/2018\/09\/WhatsApp-Image-2018-09-20-at-16.04.06-300x38.jpeg 300w, https:\/\/www.radiopiu.net\/wordpress\/wp-content\/uploads\/2018\/09\/WhatsApp-Image-2018-09-20-at-16.04.06-768x96.jpeg 768w\" sizes=\"auto, (max-width: 800px) 100vw, 800px\" \/><\/a><\/p>\n<p>&nbsp;<\/p>\n<p><center><b>Giovedi 8<\/b><\/center><b>Tempo atteso: <\/b>Cielo da molto nuvoloso a coperto con fasi perturbate\/instabili. In questo contesto le precipitazioni saranno altamente probabili, anche se con qualche intervallo senza fenomeni. Complessivamente ci saranno, gi\u00e0 nottetempo, e il rischio persister\u00e0. L&#8217;apice dell&#8217;instabilit\u00e0 sembra verificarsi tra le ore centrali e il primo pomeriggio, prima che la situazione migliori, ma senza escludere una residua variabilit\u00e0. Il contesto termico sar\u00e0 un po&#8217; pi\u00f9 fresco in relazione al forte deficit di sole e all&#8217;ambiente assai uggioso.<br \/>\n<b>Precipitazioni: <\/b>Nottetempo probabile precipitazioni sparse (60-80%), a tratti anche di moderata intensit\u00e0. In giornata nuovi fenomeni, anche a carattere di rovescio e di temporale, probabili qua e l\u00e0 in mattinata, ma soprattutto tra le ore centrali e il primo pomeriggio, quando il rischio risulter\u00e0 di nuovo molto alto (80\/90%). Gli apporti saranno molto irregolari: 2-15 mm, localmente pari o superiori a 30\/40 mm per forti temporali.<br \/>\n<b>Temperature: <\/b>In generale leggera flessione con debole escursione termica giornaliera a tutte le quote. Su Prealpi a 1500 m min 12\u00b0C, max 14\u00b0C; a 2000 m min 9\u00b0C, max 11\u00b0C. Su Dolomiti a 2000 m min 8\u00b0C, max 11\u00b0C; a 3000 m min 2\u00b0C, max 4\u00b0C.<br \/>\n<b>Venti: <\/b>Nelle valli deboli di direzione variabile, salvo temporanei rinforzi nei settori esposti ai quadranti meridionali; in quota moderati\/tesi da sud-ovest in giornata, in netta attenuazione disponendosi temporaneamente da ovest verso sera, a 10-25 km\/h a 2000 m e 15-45 km\/h a 3000 m.<\/p>\n<hr \/>\n<p><center><b>Venerdi 9<\/b><\/center><b>Tempo atteso: <\/b>Ampi rasserenamenti nottetempo e qualche tratto soleggiato in quota al mattino, mentre stratocumuli potrebbero limitare le schiarite alle quote medio-basse. Entro la tarda mattinata crescente nuvolosit\u00e0, anche cumuliforme, e ripresa dell&#8217;instabilit\u00e0 con alto rischio di rovesci e temporali pomeridiani pressoch\u00e9 ovunque. Contesto termico pi\u00f9 fresco, quasi freddo sulle cime pi\u00f9 alte.<br \/>\n<b>Precipitazioni: <\/b>Al mattino non esclusi primi sporadici fenomeni (20-30%). Dalla tarda mattinata ripresa dell&#8217;instabilit\u00e0 con rovesci e temporali sparsi (70\/90%). La neve torner\u00e0 sulle cime dolomitiche pi\u00f9 alte, oltre i 2900-3000 m. Gli apporti saranno molto irregolari e non ancora valutabili.<br \/>\n<b>Temperature: <\/b>In generale leggera flessione; eccetto lieve ripresa delle massime nei fondovalle. Su Prealpi a 1500 m min 10\u00b0C, max 13\u00b0C; a 2000 m min 7\u00b0C, max 9\u00b0C. Su Dolomiti a 2000 m min 6\u00b0C, max 8\u00b0C; a 3000 m min 1\u00b0C, max 2\u00b0C.<br \/>\n<b>Venti: <\/b>Nelle valli deboli di direzione variabile, salvo temporanei rinforzi per instabilit\u00e0; in quota perlopi\u00f9 moderati da sud-ovest, a 5-15 km\/h a 2000 m e 15-25 km\/h a 3000 m.<\/p>\n<hr \/>\n<p><center><b>Sabato 10<\/b><\/center>Al mattino cielo sereno, aria tersa e ottima visibilit\u00e0, salvo locali banchi di nubi basse su alcuni settori prealpini, in rapido dissolvimento. Al pomeriggio attivit\u00e0 cumuliforme irregolare, localmente intensa e associata a qualche rovescio sulle Dolomiti, nevoso oltre i 2800 m, mentre l&#8217;instabilit\u00e0 sar\u00e0 maggiore e anche temporalesca sulle fascia prealpina e la pedemontana per convezione di aria fredda in quota. Temperature minime in calo con ritorno delle brinate fino sui 2500 m e del gelo sulle cime dolomitiche pi\u00f9 alte; massime in lieve in diminuzione in quota e stazionarie nei fondovalle. Venti deboli\/moderati per brezze nelle valli; deboli moderati da ovest sud-ovest in quota, disponendosi da nord-ovest al pomeriggio.<\/p>\n<hr \/>\n<p><center><b>Domenica 11<\/b><\/center>In prevalenza soleggiato, con ingresso di qualche annuvolamento da nord al mattino sulle Dolomiti, ma mano sempre pi\u00f9 radi fino a cielo perlopi\u00f9 sereno quasi ovunque al pomeriggio. Temperature minime in ulteriore calo con contesto assai fresco al primo mattino, anche freddo in quota; massime in lieve ripresa. Venti deboli\/moderati per brezze nelle valli, anche per qualche episodio di Foehn; moderati da nord nord-ovest in quota. Previsore:R.L.Th.<\/p>\n<p>&nbsp;<\/p>\n<hr \/>\n<p>&nbsp;<\/p>\n<p><a href=\"https:\/\/www.radiopiu.net\/wordpress\/giornale-radiopiu-26-settembre-2018-direttore-mirko-mezzacasa\/viabilita-2\/\" rel=\"attachment wp-att-61954\"><img loading=\"lazy\" decoding=\"async\" class=\"aligncenter wp-image-61954 size-full\" src=\"https:\/\/www.radiopiu.net\/wordpress\/wp-content\/uploads\/2018\/09\/viabilita.jpeg\" sizes=\"auto, (max-width: 800px) 100vw, 800px\" srcset=\"https:\/\/www.radiopiu.net\/wordpress\/wp-content\/uploads\/2018\/09\/viabilita.jpeg 800w, https:\/\/www.radiopiu.net\/wordpress\/wp-content\/uploads\/2018\/09\/viabilita-300x38.jpeg 300w, https:\/\/www.radiopiu.net\/wordpress\/wp-content\/uploads\/2018\/09\/viabilita-768x96.jpeg 768w\" alt=\"\" width=\"800\" height=\"100\" \/><\/a><\/p>\n<blockquote>\n<h3><\/h3>\n<h3>GALLERIA DI SEGUSINO CHIUSA PER 4 MESI<\/h3>\n<\/blockquote>\n<p><strong><a class=\"dt-pswp-item\" href=\"https:\/\/www.radiopiu.net\/wordpress\/wp-content\/uploads\/2020\/05\/VENETO-STRADE.png\" data-dt-img-description=\"\" data-large_image_width=\"400\" data-large_image_height=\"400\"><img loading=\"lazy\" decoding=\"async\" class=\" wp-image-135574 alignleft\" src=\"https:\/\/www.radiopiu.net\/wordpress\/wp-content\/uploads\/2020\/05\/VENETO-STRADE-150x150.png\" alt=\"\" width=\"102\" height=\"102\" srcset=\"https:\/\/www.radiopiu.net\/wordpress\/wp-content\/uploads\/2020\/05\/VENETO-STRADE-150x150.png 150w, https:\/\/www.radiopiu.net\/wordpress\/wp-content\/uploads\/2020\/05\/VENETO-STRADE-300x300.png 300w, https:\/\/www.radiopiu.net\/wordpress\/wp-content\/uploads\/2020\/05\/VENETO-STRADE.png 400w\" sizes=\"auto, (max-width: 102px) 100vw, 102px\" \/><\/a><\/strong><\/p>\n<p><strong>SEGUSINO<\/strong> Fino al 4 novembre, compresi sabati domeniche e festivi infrasettimanali, un&#8217;interdizione totale al transito per l&#8217;intera tratta della galleria di Segusino in seguito a dei lavori per messa in sicurezza della condotta acquedottistica<\/p>\n<p>&nbsp;<\/p>\n<\/div>\n<\/div>\n<blockquote><p>&nbsp;<\/p><\/blockquote>\n<div class=\"page-title-head hgroup\">\n<div class=\"page-title-head hgroup\">\n<blockquote class=\"wp-embedded-content\" data-secret=\"n6bfciqsIS\"><p><a href=\"https:\/\/www.radiopiu.net\/wordpress\/viabilita\/\">viabilita<\/a><\/p><\/blockquote>\n<p><iframe loading=\"lazy\" class=\"wp-embedded-content\" sandbox=\"allow-scripts\" security=\"restricted\" style=\"position: absolute; clip: rect(1px, 1px, 1px, 1px);\" title=\"&#8220;viabilita&#8221; &#8212; Radio Pi\u00f9\" src=\"https:\/\/www.radiopiu.net\/wordpress\/viabilita\/embed\/#?secret=dXmJZp21hf#?secret=n6bfciqsIS\" data-secret=\"n6bfciqsIS\" width=\"600\" height=\"338\" frameborder=\"0\" marginwidth=\"0\" marginheight=\"0\" scrolling=\"no\"><\/iframe><\/p>\n<\/div>\n<p>&nbsp;<\/p>\n<div class=\"page-title-head hgroup\">\n<p>&nbsp;<\/p>\n<hr \/>\n<p>&nbsp;<\/p>\n<p>&nbsp;<\/p>\n<p><img loading=\"lazy\" decoding=\"async\" class=\"wp-image-60761 size-full aligncenter\" src=\"https:\/\/www.radiopiu.net\/wordpress\/wp-content\/uploads\/2018\/09\/sport.jpg\" alt=\"\" width=\"800\" height=\"100\" srcset=\"https:\/\/www.radiopiu.net\/wordpress\/wp-content\/uploads\/2018\/09\/sport.jpg 800w, https:\/\/www.radiopiu.net\/wordpress\/wp-content\/uploads\/2018\/09\/sport-300x38.jpg 300w, https:\/\/www.radiopiu.net\/wordpress\/wp-content\/uploads\/2018\/09\/sport-768x96.jpg 768w\" sizes=\"auto, (max-width: 800px) 100vw, 800px\" \/><\/p>\n<\/div>\n<\/div>\n<\/div>\n<div class=\"page-title-head hgroup\">\n<div class=\"page-title-head hgroup\">\n<p>&nbsp;<\/p>\n<p><span style=\"color: #0000ff;\"><strong>MOTORI<\/strong><\/span><\/p>\n<blockquote>\n<h3>IL FINE SETTIMANA MONDIALE DI MARCO TORMEN<\/h3>\n<\/blockquote>\n<p><strong><a class=\"dt-pswp-item\" href=\"https:\/\/www.radiopiu.net\/wordpress\/wp-content\/uploads\/2022\/09\/297484478_1450807368769686_8800829370149537066_n.jpg\" data-dt-img-description=\"\" data-large_image_width=\"900\" data-large_image_height=\"600\"><img loading=\"lazy\" decoding=\"async\" class=\"size-thumbnail wp-image-296250 alignleft\" src=\"https:\/\/www.radiopiu.net\/wordpress\/wp-content\/uploads\/2022\/09\/297484478_1450807368769686_8800829370149537066_n-150x150.jpg\" alt=\"\" width=\"150\" height=\"150\" \/><\/a>VOLTAGO\u00a0<\/strong>Il piolta di kart Marco Tormen \u00e8 appena ritornato dalla trasferta in terra francese a Le Mans dove ha partecipato al Mondiale. Un fine settimana che ha dato dei buoni risultati al pilota Agordino. Dopo una qualifica con qualche grattacapo, Marco ha fatto bella figura nella gara finale arrivando 17\u00b0 assoluto e terzo degli italiani in gara.<\/p>\n<p><strong>AI MICROFONI DI RADIO PIU&#8217; MARCO TORMEN<\/strong><\/p>\n<audio class=\"wp-audio-shortcode\" id=\"audio-296083-10\" preload=\"none\" style=\"width: 100%;\" controls=\"controls\"><source type=\"audio\/mpeg\" src=\"https:\/\/www.radiopiu.net\/wordpress\/wp-content\/uploads\/2022\/09\/MARCO-TORMEN.mp3?_=10\" \/><a href=\"https:\/\/www.radiopiu.net\/wordpress\/wp-content\/uploads\/2022\/09\/MARCO-TORMEN.mp3\">https:\/\/www.radiopiu.net\/wordpress\/wp-content\/uploads\/2022\/09\/MARCO-TORMEN.mp3<\/a><\/audio>\n<p>&nbsp;<\/p>\n\n\t\t\t<style type='text\/css'>\n\t\t\t\t#gallery-9 {\n\t\t\t\t\tmargin: auto;\n\t\t\t\t}\n\t\t\t\t#gallery-9 .gallery-item {\n\t\t\t\t\tfloat: left;\n\t\t\t\t\tmargin-top: 10px;\n\t\t\t\t\ttext-align: center;\n\t\t\t\t\twidth: 33%;\n\t\t\t\t}\n\t\t\t\t#gallery-9 img {\n\t\t\t\t\tborder: 2px solid #cfcfcf;\n\t\t\t\t}\n\t\t\t\t#gallery-9 .gallery-caption {\n\t\t\t\t\tmargin-left: 0;\n\t\t\t\t}\n\t\t\t\t\/* see gallery_shortcode() in wp-includes\/media.php *\/\n\t\t\t<\/style>\n\t\t<div id='gallery-9' class='dt-gallery-container gallery galleryid-296083 gallery-columns-3 gallery-size-thumbnail'><dl class='gallery-item'>\n\t\t\t\t<dt class='gallery-icon portrait'>\n\t\t\t\t\t<a class=\"rollover rollover-zoom dt-pswp-item\" title=\"f94b456a-6397-4a1c-a534-5bd600ae1f97\" data-dt-img-description=\"\" data-large_image_width=\"828\" data-large_image_height=\"1472\"href='https:\/\/www.radiopiu.net\/wordpress\/wp-content\/uploads\/2022\/09\/f94b456a-6397-4a1c-a534-5bd600ae1f97.jpg'><img loading=\"lazy\" decoding=\"async\" width=\"150\" height=\"150\" src=\"https:\/\/www.radiopiu.net\/wordpress\/wp-content\/uploads\/2022\/09\/f94b456a-6397-4a1c-a534-5bd600ae1f97-150x150.jpg\" class=\"attachment-thumbnail size-thumbnail\" alt=\"\" \/><\/a>\n\t\t\t\t<\/dt><\/dl><dl class='gallery-item'>\n\t\t\t\t<dt class='gallery-icon landscape'>\n\t\t\t\t\t<a class=\"rollover rollover-zoom dt-pswp-item\" title=\"7641db24-b528-4ebc-9c33-955599d20e2b\" data-dt-img-description=\"\" data-large_image_width=\"1440\" data-large_image_height=\"960\"href='https:\/\/www.radiopiu.net\/wordpress\/wp-content\/uploads\/2022\/09\/7641db24-b528-4ebc-9c33-955599d20e2b.jpg'><img loading=\"lazy\" decoding=\"async\" width=\"150\" height=\"150\" src=\"https:\/\/www.radiopiu.net\/wordpress\/wp-content\/uploads\/2022\/09\/7641db24-b528-4ebc-9c33-955599d20e2b-150x150.jpg\" class=\"attachment-thumbnail size-thumbnail\" alt=\"\" \/><\/a>\n\t\t\t\t<\/dt><\/dl><dl class='gallery-item'>\n\t\t\t\t<dt class='gallery-icon portrait'>\n\t\t\t\t\t<a class=\"rollover rollover-zoom dt-pswp-item\" title=\"0d39d386-7fe1-4b37-aece-800d8f295afa\" data-dt-img-description=\"\" data-large_image_width=\"828\" data-large_image_height=\"1018\"href='https:\/\/www.radiopiu.net\/wordpress\/wp-content\/uploads\/2022\/09\/0d39d386-7fe1-4b37-aece-800d8f295afa.jpg'><img loading=\"lazy\" decoding=\"async\" width=\"150\" height=\"150\" src=\"https:\/\/www.radiopiu.net\/wordpress\/wp-content\/uploads\/2022\/09\/0d39d386-7fe1-4b37-aece-800d8f295afa-150x150.jpg\" class=\"attachment-thumbnail size-thumbnail\" alt=\"\" \/><\/a>\n\t\t\t\t<\/dt><\/dl><br style=\"clear: both\" \/>\n\t\t\t<\/div>\n\n<p>&nbsp;<\/p>\n<\/div>\n<\/div>\n<\/div>\n<\/div>\n<\/div>\n<\/div>\n<\/div>\n<\/div>\n<\/div>\n<\/div>\n<\/div>\n<\/div>\n<\/div>\n<\/div>\n<\/div>\n<\/div>\n<\/div>\n<\/div>\n<\/div>\n<\/div>\n<\/div>\n<\/div>\n<\/div>\n<\/div>\n<\/div>\n<\/div>\n<\/div>\n<\/div>\n<\/div>\n<\/div>\n<\/div>\n<\/div>\n<\/div>\n<\/div>\n<\/div>\n<\/div>\n<\/div>\n<\/div>\n<\/div>\n<\/div>\n<\/div>\n<\/div>\n<\/div>\n<\/div>\n<\/div>\n<\/div>\n<\/div>\n<\/div>\n<\/div>\n<\/div>\n<\/div>\n<\/div>\n<\/div>\n<\/div>\n<\/div>\n<\/div>\n<\/div>\n<\/div>\n<\/div>\n<\/div>\n<\/div>\n<\/div>\n<\/div>\n<\/div>\n<\/div>\n<\/div>\n<\/div>\n<\/div>\n<\/div>\n<\/div>\n<\/div>\n<\/div>\n<\/div>\n<\/div>\n<\/div>\n<\/div>\n<\/div>\n<\/div>\n<\/div>\n<\/div>\n<\/div>\n<\/div>\n<\/div>\n<\/div>\n<\/div>\n<\/div>\n<\/div>\n<\/div>\n<\/div>\n<\/div>\n<\/div>\n<\/div>\n<\/div>\n<\/div>\n<\/div>\n<\/div>\n<\/div>\n<\/div>\n<\/div>\n<\/div>\n<\/div>\n<\/div>\n<\/div>\n","protected":false},"excerpt":{"rendered":"<p>RADIO PIU INFORMAZIONE il canale su TELEGRAM informazione di prima\u00a0\u00a0mano e in tempo reale. iscriviti ed aiutaci a farlo conoscere\u00a0\u00a0 &nbsp; &nbsp; ALLERTA GIALLA E ARANCIONE PER LE PROSSIME ORE. IN ARRIVO TEMPORALI INTENSI VENEZIA Il Centro Funzionale Decentrato della Protezione Civile della Regione del Veneto ha emesso un avviso in cui si prevede l&#8217;avvicinarsi&hellip;<\/p>\n","protected":false},"author":4,"featured_media":296283,"comment_status":"closed","ping_status":"closed","sticky":false,"template":"","format":"standard","meta":{"_monsterinsights_skip_tracking":false,"_monsterinsights_sitenote_active":false,"_monsterinsights_sitenote_note":"","_monsterinsights_sitenote_category":0,"footnotes":""},"categories":[51,86,49],"tags":[],"class_list":["post-296083","post","type-post","status-publish","format-standard","has-post-thumbnail","hentry","category-evidenza-top","category-gr","category-news-18","category-51","category-86","category-49","description-off"],"img_url":"https:\/\/www.radiopiu.net\/wordpress\/wp-content\/uploads\/2022\/09\/aaaa-1.jpg","_links":{"self":[{"href":"https:\/\/www.radiopiu.net\/wordpress\/wp-json\/wp\/v2\/posts\/296083","targetHints":{"allow":["GET"]}}],"collection":[{"href":"https:\/\/www.radiopiu.net\/wordpress\/wp-json\/wp\/v2\/posts"}],"about":[{"href":"https:\/\/www.radiopiu.net\/wordpress\/wp-json\/wp\/v2\/types\/post"}],"author":[{"embeddable":true,"href":"https:\/\/www.radiopiu.net\/wordpress\/wp-json\/wp\/v2\/users\/4"}],"replies":[{"embeddable":true,"href":"https:\/\/www.radiopiu.net\/wordpress\/wp-json\/wp\/v2\/comments?post=296083"}],"version-history":[{"count":0,"href":"https:\/\/www.radiopiu.net\/wordpress\/wp-json\/wp\/v2\/posts\/296083\/revisions"}],"wp:featuredmedia":[{"embeddable":true,"href":"https:\/\/www.radiopiu.net\/wordpress\/wp-json\/wp\/v2\/media\/296283"}],"wp:attachment":[{"href":"https:\/\/www.radiopiu.net\/wordpress\/wp-json\/wp\/v2\/media?parent=296083"}],"wp:term":[{"taxonomy":"category","embeddable":true,"href":"https:\/\/www.radiopiu.net\/wordpress\/wp-json\/wp\/v2\/categories?post=296083"},{"taxonomy":"post_tag","embeddable":true,"href":"https:\/\/www.radiopiu.net\/wordpress\/wp-json\/wp\/v2\/tags?post=296083"}],"curies":[{"name":"wp","href":"https:\/\/api.w.org\/{rel}","templated":true}]}}