{"id":296134,"date":"2022-09-08T05:49:36","date_gmt":"2022-09-08T03:49:36","guid":{"rendered":"https:\/\/www.radiopiu.net\/wordpress\/?p=296134"},"modified":"2022-09-08T06:19:00","modified_gmt":"2022-09-08T04:19:00","slug":"203-agordina-rischi-quotidiani-tra-agordo-e-belluno","status":"publish","type":"post","link":"https:\/\/www.radiopiu.net\/wordpress\/203-agordina-rischi-quotidiani-tra-agordo-e-belluno\/","title":{"rendered":"203 AGORDINA, RISCHI QUOTIDIANI TRA AGORDO E BELLUNO"},"content":{"rendered":"<p><strong>REDAZIONE\u00a0<\/strong> Il video che pubblichiamo oggi, inviato a Radio Pi\u00f9 di buon mattino, mette in evidenza quanto ripetiamo da tempo. Oltre gli autovelox di Candaten e La Muda i sorpassi sono all&#8217;ordine del giorno. I controlli latitano e anche se il Comune di Sedico si &#8220;lamenta&#8221; che gli incassi sono diminuiti perch\u00e9 gli automobilisti sono pi\u00f9 educati sotto al noto controllo della velocit\u00e0, lungo il resto della tratta Sedico-Agordo le competizioni sono sempre pi\u00f9 preoccupanti.<\/p>\n<p>&nbsp;<\/p>\n<div style=\"width: 640px;\" class=\"wp-video\"><video class=\"wp-video-shortcode\" id=\"video-296134-1\" width=\"640\" height=\"432\" preload=\"metadata\" controls=\"controls\"><source type=\"video\/mp4\" src=\"https:\/\/www.radiopiu.net\/wordpress\/wp-content\/uploads\/2022\/09\/video-e8884bdb-55fc-4a76-bd6e-30cf97d0d865-1662533046.mp4?_=1\" \/><a href=\"https:\/\/www.radiopiu.net\/wordpress\/wp-content\/uploads\/2022\/09\/video-e8884bdb-55fc-4a76-bd6e-30cf97d0d865-1662533046.mp4\">https:\/\/www.radiopiu.net\/wordpress\/wp-content\/uploads\/2022\/09\/video-e8884bdb-55fc-4a76-bd6e-30cf97d0d865-1662533046.mp4<\/a><\/video><\/div>\n<p>&nbsp;<\/p>\n<p>&nbsp;<\/p>\n<hr \/>\n<p>&nbsp;<\/p>\n","protected":false},"excerpt":{"rendered":"<p>REDAZIONE\u00a0 Il video che pubblichiamo oggi, inviato a Radio Pi\u00f9 di buon mattino, mette in evidenza quanto ripetiamo da tempo. Oltre gli autovelox di Candaten e La Muda i sorpassi sono all&#8217;ordine del giorno. I controlli latitano e anche se il Comune di Sedico si &#8220;lamenta&#8221; che gli incassi sono diminuiti perch\u00e9 gli automobilisti sono&hellip;<\/p>\n","protected":false},"author":4,"featured_media":296135,"comment_status":"closed","ping_status":"closed","sticky":false,"template":"","format":"standard","meta":{"_monsterinsights_skip_tracking":false,"_monsterinsights_sitenote_active":false,"_monsterinsights_sitenote_note":"","_monsterinsights_sitenote_category":0,"footnotes":""},"categories":[104,49],"tags":[],"class_list":["post-296134","post","type-post","status-publish","format-standard","has-post-thumbnail","hentry","category-evidenza_3","category-news-18","category-104","category-49","description-off"],"img_url":"https:\/\/www.radiopiu.net\/wordpress\/wp-content\/uploads\/2022\/09\/aaa.jpg","_links":{"self":[{"href":"https:\/\/www.radiopiu.net\/wordpress\/wp-json\/wp\/v2\/posts\/296134","targetHints":{"allow":["GET"]}}],"collection":[{"href":"https:\/\/www.radiopiu.net\/wordpress\/wp-json\/wp\/v2\/posts"}],"about":[{"href":"https:\/\/www.radiopiu.net\/wordpress\/wp-json\/wp\/v2\/types\/post"}],"author":[{"embeddable":true,"href":"https:\/\/www.radiopiu.net\/wordpress\/wp-json\/wp\/v2\/users\/4"}],"replies":[{"embeddable":true,"href":"https:\/\/www.radiopiu.net\/wordpress\/wp-json\/wp\/v2\/comments?post=296134"}],"version-history":[{"count":0,"href":"https:\/\/www.radiopiu.net\/wordpress\/wp-json\/wp\/v2\/posts\/296134\/revisions"}],"wp:featuredmedia":[{"embeddable":true,"href":"https:\/\/www.radiopiu.net\/wordpress\/wp-json\/wp\/v2\/media\/296135"}],"wp:attachment":[{"href":"https:\/\/www.radiopiu.net\/wordpress\/wp-json\/wp\/v2\/media?parent=296134"}],"wp:term":[{"taxonomy":"category","embeddable":true,"href":"https:\/\/www.radiopiu.net\/wordpress\/wp-json\/wp\/v2\/categories?post=296134"},{"taxonomy":"post_tag","embeddable":true,"href":"https:\/\/www.radiopiu.net\/wordpress\/wp-json\/wp\/v2\/tags?post=296134"}],"curies":[{"name":"wp","href":"https:\/\/api.w.org\/{rel}","templated":true}]}}