{"id":296267,"date":"2022-09-09T05:41:18","date_gmt":"2022-09-09T03:41:18","guid":{"rendered":"https:\/\/www.radiopiu.net\/wordpress\/?p=296267"},"modified":"2022-09-09T09:27:03","modified_gmt":"2022-09-09T07:27:03","slug":"giornale-radiopiu-09-settembre-2022-direttore-mirko-mezzacasa","status":"publish","type":"post","link":"https:\/\/www.radiopiu.net\/wordpress\/giornale-radiopiu-09-settembre-2022-direttore-mirko-mezzacasa\/","title":{"rendered":"GIORNALE RADIOPIU 09 SETTEMBRE 2022 DIRETTORE MIRKO MEZZACASA"},"content":{"rendered":"<h3 class=\"kvgmc6g5 cxmmr5t8 oygrvhab hcukyx3x c1et5uql\"><span style=\"color: #0000ff;\"><strong>RADIO PIU INFORMAZIONE il canale su TELEGRAM informazione di prima\u00a0\u00a0<\/strong><strong>mano e in tempo reale. iscriviti ed aiutaci a farlo conoscere\u00a0\u00a0<\/strong><\/span><\/h3>\n<p>&nbsp;<\/p>\n<hr \/>\n<p>&nbsp;<\/p>\n<h1 style=\"text-align: center;\"><span style=\"color: #ff00ff;\">1926 &#8211; 2022<\/span><\/h1>\n<p><strong>E&#8217; morta la regina Elisabetta Seconda, aveva 96 anni. Il mondo in lutto per l&#8217;addio alla Sovrana dei record<\/strong><\/p>\n<p><span style=\"color: #ff0000;\"><strong>audio<\/strong><\/span><\/p>\n<audio class=\"wp-audio-shortcode\" id=\"audio-296267-1\" preload=\"none\" style=\"width: 100%;\" controls=\"controls\"><source type=\"audio\/mpeg\" src=\"https:\/\/www.radiopiu.net\/wordpress\/wp-content\/uploads\/2022\/09\/elisabetta.mp3?_=1\" \/><a href=\"https:\/\/www.radiopiu.net\/wordpress\/wp-content\/uploads\/2022\/09\/elisabetta.mp3\">https:\/\/www.radiopiu.net\/wordpress\/wp-content\/uploads\/2022\/09\/elisabetta.mp3<\/a><\/audio>\n<p>&nbsp;<\/p>\n<p><a class=\"dt-pswp-item\" href=\"https:\/\/www.radiopiu.net\/wordpress\/wp-content\/uploads\/2022\/09\/REGINA-ELISABETTA.jpg\" data-dt-img-description=\"\" data-large_image_width=\"938\" data-large_image_height=\"466\"><img loading=\"lazy\" decoding=\"async\" class=\"aligncenter wp-image-296393 \" src=\"https:\/\/www.radiopiu.net\/wordpress\/wp-content\/uploads\/2022\/09\/REGINA-ELISABETTA.jpg\" alt=\"\" width=\"753\" height=\"374\" srcset=\"https:\/\/www.radiopiu.net\/wordpress\/wp-content\/uploads\/2022\/09\/REGINA-ELISABETTA.jpg 938w, https:\/\/www.radiopiu.net\/wordpress\/wp-content\/uploads\/2022\/09\/REGINA-ELISABETTA-300x149.jpg 300w, https:\/\/www.radiopiu.net\/wordpress\/wp-content\/uploads\/2022\/09\/REGINA-ELISABETTA-768x382.jpg 768w\" sizes=\"auto, (max-width: 753px) 100vw, 753px\" \/><\/a><\/p>\n<p>&nbsp;<\/p>\n<p>&nbsp;<\/p>\n<hr \/>\n<p>&nbsp;<\/p>\n<blockquote>\n<h3><a class=\"dt-pswp-item\" href=\"https:\/\/www.radiopiu.net\/wordpress\/wp-content\/uploads\/2022\/05\/acqua.jpg\" data-dt-img-description=\"\" data-large_image_width=\"1920\" data-large_image_height=\"1275\"><img loading=\"lazy\" decoding=\"async\" class=\" wp-image-274889 alignleft\" src=\"https:\/\/www.radiopiu.net\/wordpress\/wp-content\/uploads\/2022\/05\/acqua-150x150.jpg\" alt=\"\" width=\"97\" height=\"97\" \/><\/a>ACQUA NON POTABILE<\/h3>\n<h3><em> l&#8217;acqua erogata dall&#8217;acquedotto non \u00e8 potabile e pu\u00f2 essere usata per scopi alimentari SOLO PREVIA bollitura.<\/em><\/h3>\n<\/blockquote>\n<p><strong>TAIBON<\/strong>\u00a0 nelle localit\u00e0 RONCH DE BOS e NOGAROLA <strong>CENCENIGHE<\/strong> in localit\u00e0 COLLAZ\u00a0 <b>VALLADA<\/b> localit\u00e0\u00a0 ANDRICH, SACCHET, TOFFOL, CELAT e MAS .<strong>FALCADE<\/strong>\u00a0 nelle localit\u00e0 FALCADE ALTO, VILLOTTA, LA FOCA ed in via MAS DE LE MOLE.<\/p>\n<p>&nbsp;<\/p>\n<hr \/>\n<p>&nbsp;<\/p>\n<p>&nbsp;<\/p>\n<blockquote>\n<h3>IL PRESUNTO AUTORE DELL&#8217;INVESTIMENTO DI LIMANA INCHIODATO DALLO SPECCHIETTO<\/h3>\n<\/blockquote>\n<p><strong><img loading=\"lazy\" decoding=\"async\" class=\"alignleft\" src=\"https:\/\/www.radiopiu.net\/wordpress\/wp-content\/uploads\/2019\/12\/CARABINIERI-FELTRE-5.jpg\" width=\"250\" height=\"190\" \/>BELLUNO<\/strong> Se oggi il &#8220;pirata&#8221; della strada di ferragosto ha un nome lo si deve alle minuziose indagini dei\u00a0 Carabinieri di Trichiana, coordinati dal Sostituto Procuratore della Repubblica, Roberta Gallego. Il fatto \u00e8 noto, risale allo scorso 15 agosto quando le due ragazze sono state urtate di striscio dallo specchietto dell&#8217;auto. Gli uomini dell&#8217;Arma hanno analizzato i frammenti trovati sul luogo del sinistro che hanno permesso di risalire al modello dell&#8217;auto e anche ai tempi di produzione peraltro non particolarmente recenti. E&#8217; stato quindi stilato un elenco di 281 veicoli compatibili per modello e periodo di produzione, incrociati con le immagini delle telecamere pubbliche e private. Migliaia le immagini controllate, ovvero ore di filmati e da questa sono emerse anche quelle di un veicolo comune di media cilindrata che circolava precedentemente all\u2019evento con lo specchietto destro integro e successivamente mancante. L&#8217;autorit\u00e0 giudiziaria ha quindi disposto il sequestro del mezzo di un uomo residente in provincia. Il proprietario ammettendo di trovarsi nella zona dell\u2019 investimento\u00a0 ha riferito di non essersi accorto di aver investito le ragazze credendo invece di aver colpito un palo nell&#8217;oscurit\u00e0 e non ha nemmeno verificato il danno fino a quando non \u00e8 giunto all&#8217;abitazione di residenza.<\/p>\n<p>&nbsp;<\/p>\n<hr \/>\n<p>&nbsp;<\/p>\n<blockquote>\n<h2>TRUFFA SVENTATA, I CARABINIERI SI PRESENTANO AL POSTO DEL VENDITORE<\/h2>\n<\/blockquote>\n<p><strong>BELLUNO<\/strong> Un assegno falso da 41mila euro per pagare un&#8217;auto, ma la truffa non \u00e8 riuscita. Lo scorso 10 agosto, infatti i Carabinieri di Santa Giustina, coordinati dal Sostituto Procuratore della Repubblica di Belluno, Marta Tollardo, hanno sventato il tentativo di truffa. In vendita una Mercedes di recente immatricolazione, il proprietario si \u00e8 per\u00f2\u00a0 insospettito dalla celerit\u00e0 della trattativa a distanza con il presunto acquirente e per questo ha chiesto l&#8217;intervento dei Carabinieri. L&#8217;acquirente era gi\u00e0 pronto per consegnare l&#8217;assegno &#8220;cabriolet&#8221; ed accendere il motore dell&#8217;auto dopo il passaggio in agenzia per la pratica, tutto questo senza nemmeno aver visto l&#8217;auto.<\/p>\n<p><strong>L&#8217;IMPORTANZA DEL TEMPO<\/strong><\/p>\n<p>Furbescamente, ma fino ad un certo punto, la scelta di attivarsi nel \u00a0fine settimana, nell\u2019orario di chiusura delle agenzie e delle filiali bancarie. Va ricordato infatti che il il passaggio di propriet\u00e0 svolto in agenzia &#8211; in via informatica &#8211; \u00e8 immediato e trascorse le 12 ore,\u00a0 la revoca della cessione diventa impossibile. E&#8217; quindi ovvio che se le operazioni avvengono effettivamente in orari di chiusura delle banche, diventa impossibile ricevere garanzie sull\u2019affidabilit\u00e0 dei mezzi di pagamento,\u00a0 in questo caso i riferimenti presenti sull\u2019assegno circa il circuito bancario.<\/p>\n<p><strong>PERCHE&#8217; LA TRUFFA NON E&#8217; ANDATA A BUON FINE<\/strong><\/p>\n<p>I militari dell\u2019Arma \u00a0si sono presentati all\u2019appuntamento al posto del venditore fermando i soggetti che si erano presentati con assegno dimostratosi falso, per denunciarli poi per tentata truffa in concorso. I militari hanno constatato che i riferimenti dell&#8217;assegno erano falsi anche nella parte relativa alla filiale con annesso numero di telefono al quale, effettivamente, avrebbe risposto, probabilmente, chi faceva parte del meccanismo della truffa in atto che, potendosi spacciare per dipendente della filiale bancaria, avrebbe potuto fornire tutte le rassicurazioni sulla veridicit\u00e0 del mezzo di pagamento.<\/p>\n<p><a class=\"dt-pswp-item\" href=\"https:\/\/www.radiopiu.net\/wordpress\/wp-content\/uploads\/2022\/09\/6967cbae-b14c-422b-814a-034bcae2b187.jpg\" data-dt-img-description=\"\" data-large_image_width=\"1024\" data-large_image_height=\"598\"><img loading=\"lazy\" decoding=\"async\" class=\"alignnone wp-image-296331 size-full\" src=\"https:\/\/www.radiopiu.net\/wordpress\/wp-content\/uploads\/2022\/09\/6967cbae-b14c-422b-814a-034bcae2b187.jpg\" alt=\"\" width=\"1024\" height=\"598\" srcset=\"https:\/\/www.radiopiu.net\/wordpress\/wp-content\/uploads\/2022\/09\/6967cbae-b14c-422b-814a-034bcae2b187.jpg 1024w, https:\/\/www.radiopiu.net\/wordpress\/wp-content\/uploads\/2022\/09\/6967cbae-b14c-422b-814a-034bcae2b187-300x175.jpg 300w, https:\/\/www.radiopiu.net\/wordpress\/wp-content\/uploads\/2022\/09\/6967cbae-b14c-422b-814a-034bcae2b187-768x449.jpg 768w\" sizes=\"auto, (max-width: 1024px) 100vw, 1024px\" \/><\/a><\/p>\n<blockquote><p><em>Immagine dell\u2019assegno falso oggetto di sequestro, presentata allo scopo di mostrare l\u2019apparente veridicit\u00e0 dello strumento di pagamento.<\/em><\/p><\/blockquote>\n<p><strong>IL CONSIGLIO DEGLI ESPERTI<\/strong><\/p>\n<p>Pretendere\u00a0 sempre di svolgere le operazioni di passaggio di propriet\u00e0 in orari e giorni tali da poter verificare sempre con i circuiti bancari l\u2019affidabilit\u00e0 di quanto proposto e comunque per poter annullare eventuali atti non andati a buon fine. Di fronte all&#8217;insistenza del compratore\u00a0 svolgere comunque le operazioni solo e comunque in orari compatibili con i dovuti controlli. Mai accettare cambi di programma dell\u2019ultimo minuto\u00a0 e rivolgersi al 112, alla pi\u00f9 vicina caserma dei Carabinieri o altra forza di polizia, per farsi assistere ed eventualmente svolgere i preliminari accertamenti del caso. Nel dubbio\u00a0 non svolgere alcuna operazione rimandando l\u2019appuntamento in giorni ed orari tali da poter svolgere tutte le verifiche necessarie, il compratore onesto accetter\u00e0, sempre se realmente intenzionato all\u2019acquisto, il disonesto si defiler\u00e0 immediatamente o riprover\u00e0 ancora mantenendo ferme le modalit\u00e0 del tentativo<\/p>\n<p>&nbsp;<\/p>\n<hr \/>\n<p>&nbsp;<\/p>\n<blockquote>\n<h2>TRE MILIONI E 200 MILA EURO (A CARICO DEL COMUNE) DAI FONDI PNRR PER L&#8217;AMPLIAMENTO DELL&#8217;ASILO NIDO DI AGORDO.<\/h2>\n<\/blockquote>\n<p><em><strong>Ieri sera il consiglio comunale trasmesso in diretta da RADIO PIU<\/strong><\/em><\/p>\n<p><a href=\"https:\/\/www.facebook.com\/marco.baghy.1\/videos\/813261970023832\">https:\/\/www.facebook.com\/marco.baghy.1\/videos\/813261970023832<\/a><\/p>\n<p>&nbsp;<\/p>\n<hr \/>\n<p>&nbsp;<\/p>\n<blockquote>\n<h3>UN NUOVO PONTE SUL CORDEVOLE PER\u00a0 BY PASSARE LA FRANA DEI CASTEI<\/h3>\n<\/blockquote>\n<p><strong><a class=\"dt-pswp-item\" href=\"https:\/\/www.radiopiu.net\/wordpress\/wp-content\/uploads\/2022\/02\/8610c716-741e-4e6d-af72-86f9da55f171.jpg\" data-dt-img-description=\"Delimitazione approssimativa del corpo di frana verso la casa cantoniera\" data-large_image_width=\"1084\" data-large_image_height=\"728\"><img loading=\"lazy\" decoding=\"async\" class=\"size-thumbnail wp-image-260206 alignleft\" src=\"https:\/\/www.radiopiu.net\/wordpress\/wp-content\/uploads\/2022\/02\/8610c716-741e-4e6d-af72-86f9da55f171-150x150.jpg\" alt=\"\" width=\"150\" height=\"150\" \/><\/a><\/strong><\/p>\n<p>&nbsp;<\/p>\n<p>&nbsp;<\/p>\n<p><strong>AGORDO<\/strong>\u00a0 I sindaci hanno deciso, ecco le ultime novit\u00e0 sulla ciclabile per l&#8217;Agordino. Paolo Frena mette tutti d&#8217;accordo per il tracciato tra i ponti del Torner e dei Castei.<\/p>\n<p>&nbsp;<\/p>\n<audio class=\"wp-audio-shortcode\" id=\"audio-296267-2\" preload=\"none\" style=\"width: 100%;\" controls=\"controls\"><source type=\"audio\/mpeg\" src=\"https:\/\/www.radiopiu.net\/wordpress\/wp-content\/uploads\/2022\/09\/frana-castei-gianni.mp3?_=2\" \/><a href=\"https:\/\/www.radiopiu.net\/wordpress\/wp-content\/uploads\/2022\/09\/frana-castei-gianni.mp3\">https:\/\/www.radiopiu.net\/wordpress\/wp-content\/uploads\/2022\/09\/frana-castei-gianni.mp3<\/a><\/audio>\n<p>&nbsp;<\/p>\n<hr \/>\n<p>&nbsp;<\/p>\n<p>&nbsp;<\/p>\n<blockquote>\n<h3><a class=\"dt-pswp-item\" href=\"https:\/\/www.radiopiu.net\/wordpress\/wp-content\/uploads\/2022\/08\/La-chiesa-di-papa-Luciani-Canale-dAgordo.jpg\" data-dt-img-description=\"\" data-large_image_width=\"1575\" data-large_image_height=\"2362\"><img loading=\"lazy\" decoding=\"async\" class=\" wp-image-294844 alignleft\" src=\"https:\/\/www.radiopiu.net\/wordpress\/wp-content\/uploads\/2022\/08\/La-chiesa-di-papa-Luciani-Canale-dAgordo-150x150.jpg\" alt=\"\" width=\"107\" height=\"107\" \/><\/a>CELEBRAZIONI A CANALE D&#8217;AGORDO, MODIFICHE ALLA VIABILITA&#8217;<\/h3>\n<\/blockquote>\n<p><span dir=\"ltr\" role=\"presentation\">Nelle giornate di sabato e\u00a0 domenica saranno istituiti <\/span><span dir=\"ltr\" role=\"presentation\">i seguenti <strong>divieti di sosta (con rimozione forzata): <\/strong><\/span>\u00a0<span dir=\"ltr\" role=\"presentation\">PIAZZA PAPA LUCIANI; <\/span>\u00a0<span dir=\"ltr\" role=\"presentation\">PIAZZA SALVATORE SERAFINI, dalle\u00a0 24 di sabato alle<\/span><span dir=\"ltr\" role=\"presentation\"> 20.00 di domenica; <\/span>\u00a0<span dir=\"ltr\" role=\"presentation\">PIAZZETTA MERCATO,<\/span><span dir=\"ltr\" role=\"presentation\">\u00a0<\/span>\u00a0<span dir=\"ltr\" role=\"presentation\">PIAZZALE SCUOLA MEDIA, <\/span>\u00a0<span dir=\"ltr\" role=\"presentation\">VIA ROMA E ADIACENTE PIAZZALE ASILO e <\/span><span dir=\"ltr\" role=\"presentation\">PIAZZALE CIMITERO, dalle 10 alle 20 di domenica;<\/span>\u00a0<span dir=\"ltr\" role=\"presentation\">PARGHEGGIO SAVAION, dalle\u00a0 24 di sabato alle <\/span><span dir=\"ltr\" role=\"presentation\">15.00 di domenica; <\/span>\u00a0<span dir=\"ltr\" role=\"presentation\">PARCHEGGIO ADIACENTE CASERMA C.C. FORESTALI dalle 10.00 alle <\/span><span dir=\"ltr\" role=\"presentation\">20 di domenica.<\/span><\/p>\n<p><span dir=\"ltr\" role=\"presentation\"><strong>Chiusura totale al traffico veicolare,<\/strong> fatti salvi eventuali veicoli autorizzati e mezzi di <\/span><span dir=\"ltr\" role=\"presentation\">emergenza, dalle\u00a0 15 di domenica, sino a cessate esigenze <\/span>\u00a0<span dir=\"ltr\" role=\"presentation\">VIA MONSIGNOR A. BRAMEZZA all\u2019altezza del ponte di accesso al Capoluogo; <\/span>\u00a0<span dir=\"ltr\" role=\"presentation\">PIAZZA PAPA LUCIANI e PIAZZA SALVATORE SERAFINI; <\/span>\u00a0<span dir=\"ltr\" role=\"presentation\">VIA TANCON; <\/span>\u00a0<span dir=\"ltr\" role=\"presentation\">VIA XX AGOSTO 1944, fino all\u2019incrocio di Via Roma; <\/span>\u00a0<span dir=\"ltr\" role=\"presentation\">VIA CAVALLERA<\/span><\/p>\n<p>&nbsp;<\/p>\n<p>&nbsp;<\/p>\n<p>&nbsp;<\/p>\n<hr \/>\n<p>&nbsp;<\/p>\n<blockquote>\n<h3>ANCHE I LUPI DEL MARE A SPASSO TRA LE VIE DI PALUE<\/h3>\n<\/blockquote>\n<p><strong>ROCCA PIETORE<\/strong> La stagione estiva sta per terminare lasciando nel borgo di Palue grandi soddisfazioni. Non potrebbe essere altrimenti in considerazione dell&#8217;affluenza di pubblico che ha visitato e apprezzato le mostre e non solo quelle. Lo scorso lunedi sono saliti appositamente da Jesolo un gruppo di ragazzi:\u00a0 i Lupi di Mare. Non si sono limitati a visitare le mostre ma hanno voluto conoscere usi e tradizioni di chi ha vissuto e vive il territorio. Tra gli argomenti pi\u00f9 apprezzati la leggenda dell\u2019origine del Ghiacciaio della Marmolada e la natura che caratterizza i luoghi. &#8220;<em>Sapevano gi\u00e0 molto\u00a0 &#8211; racconta da Palue Lorena Casarin &#8211;\u00a0 del cambiamento climatico, dei disastri di \u00a0Vaia e anche del bostrico. Dopo un lungo elenco di problematiche la decisione di spiegare cosa pu\u00f2 fare un giovane. Ricorderemo i lupi di Mare come un gruppo di scout meraviglioso, disciplinato, attento, riflessivo e curioso ai quali abbiamo rivolto l&#8217;invito di tornare ai monti con le loro famiglie&#8221;.<\/em><\/p>\n\n\t\t\t<style type='text\/css'>\n\t\t\t\t#gallery-1 {\n\t\t\t\t\tmargin: auto;\n\t\t\t\t}\n\t\t\t\t#gallery-1 .gallery-item {\n\t\t\t\t\tfloat: left;\n\t\t\t\t\tmargin-top: 10px;\n\t\t\t\t\ttext-align: center;\n\t\t\t\t\twidth: 20%;\n\t\t\t\t}\n\t\t\t\t#gallery-1 img {\n\t\t\t\t\tborder: 2px solid #cfcfcf;\n\t\t\t\t}\n\t\t\t\t#gallery-1 .gallery-caption {\n\t\t\t\t\tmargin-left: 0;\n\t\t\t\t}\n\t\t\t\t\/* see gallery_shortcode() in wp-includes\/media.php *\/\n\t\t\t<\/style>\n\t\t<div id='gallery-1' class='dt-gallery-container gallery galleryid-296267 gallery-columns-5 gallery-size-thumbnail'><dl class='gallery-item'>\n\t\t\t\t<dt class='gallery-icon landscape'>\n\t\t\t\t\t<a class=\"rollover rollover-zoom dt-pswp-item\" title=\"305396593_10227465599003981_3098254277723954219_n\" data-dt-img-description=\"\" data-large_image_width=\"600\" data-large_image_height=\"450\"href='https:\/\/www.radiopiu.net\/wordpress\/wp-content\/uploads\/2022\/09\/305396593_10227465599003981_3098254277723954219_n.jpg'><img loading=\"lazy\" decoding=\"async\" width=\"150\" height=\"150\" src=\"https:\/\/www.radiopiu.net\/wordpress\/wp-content\/uploads\/2022\/09\/305396593_10227465599003981_3098254277723954219_n-150x150.jpg\" class=\"attachment-thumbnail size-thumbnail\" alt=\"\" \/><\/a>\n\t\t\t\t<\/dt><\/dl><dl class='gallery-item'>\n\t\t\t\t<dt class='gallery-icon landscape'>\n\t\t\t\t\t<a class=\"rollover rollover-zoom dt-pswp-item\" title=\"304775832_10227465594283863_7252612595465495329_n\" data-dt-img-description=\"\" data-large_image_width=\"1600\" data-large_image_height=\"1200\"href='https:\/\/www.radiopiu.net\/wordpress\/wp-content\/uploads\/2022\/09\/304775832_10227465594283863_7252612595465495329_n.jpg'><img loading=\"lazy\" decoding=\"async\" width=\"150\" height=\"150\" src=\"https:\/\/www.radiopiu.net\/wordpress\/wp-content\/uploads\/2022\/09\/304775832_10227465594283863_7252612595465495329_n-150x150.jpg\" class=\"attachment-thumbnail size-thumbnail\" alt=\"\" \/><\/a>\n\t\t\t\t<\/dt><\/dl><dl class='gallery-item'>\n\t\t\t\t<dt class='gallery-icon portrait'>\n\t\t\t\t\t<a class=\"rollover rollover-zoom dt-pswp-item\" title=\"305323497_10227465589083733_6632466117431930997_n\" data-dt-img-description=\"\" data-large_image_width=\"1200\" data-large_image_height=\"1600\"href='https:\/\/www.radiopiu.net\/wordpress\/wp-content\/uploads\/2022\/09\/305323497_10227465589083733_6632466117431930997_n.jpg'><img loading=\"lazy\" decoding=\"async\" width=\"150\" height=\"150\" src=\"https:\/\/www.radiopiu.net\/wordpress\/wp-content\/uploads\/2022\/09\/305323497_10227465589083733_6632466117431930997_n-150x150.jpg\" class=\"attachment-thumbnail size-thumbnail\" alt=\"\" \/><\/a>\n\t\t\t\t<\/dt><\/dl><dl class='gallery-item'>\n\t\t\t\t<dt class='gallery-icon landscape'>\n\t\t\t\t\t<a class=\"rollover rollover-zoom dt-pswp-item\" title=\"305659311_10227465584443617_3361513102149200715_n\" data-dt-img-description=\"\" data-large_image_width=\"600\" data-large_image_height=\"450\"href='https:\/\/www.radiopiu.net\/wordpress\/wp-content\/uploads\/2022\/09\/305659311_10227465584443617_3361513102149200715_n.jpg'><img loading=\"lazy\" decoding=\"async\" width=\"150\" height=\"150\" src=\"https:\/\/www.radiopiu.net\/wordpress\/wp-content\/uploads\/2022\/09\/305659311_10227465584443617_3361513102149200715_n-150x150.jpg\" class=\"attachment-thumbnail size-thumbnail\" alt=\"\" \/><\/a>\n\t\t\t\t<\/dt><\/dl><dl class='gallery-item'>\n\t\t\t\t<dt class='gallery-icon landscape'>\n\t\t\t\t\t<a class=\"rollover rollover-zoom dt-pswp-item\" title=\"303162410_10227465598203961_2030386181758550250_n\" data-dt-img-description=\"\" data-large_image_width=\"1600\" data-large_image_height=\"1200\"href='https:\/\/www.radiopiu.net\/wordpress\/wp-content\/uploads\/2022\/09\/303162410_10227465598203961_2030386181758550250_n.jpg'><img loading=\"lazy\" decoding=\"async\" width=\"150\" height=\"150\" src=\"https:\/\/www.radiopiu.net\/wordpress\/wp-content\/uploads\/2022\/09\/303162410_10227465598203961_2030386181758550250_n-150x150.jpg\" class=\"attachment-thumbnail size-thumbnail\" alt=\"\" \/><\/a>\n\t\t\t\t<\/dt><\/dl><br style=\"clear: both\" \/><dl class='gallery-item'>\n\t\t\t\t<dt class='gallery-icon landscape'>\n\t\t\t\t\t<a class=\"rollover rollover-zoom dt-pswp-item\" title=\"305209305_10227465587363690_3056402561450258787_n\" data-dt-img-description=\"\" data-large_image_width=\"1600\" data-large_image_height=\"1200\"href='https:\/\/www.radiopiu.net\/wordpress\/wp-content\/uploads\/2022\/09\/305209305_10227465587363690_3056402561450258787_n.jpg'><img loading=\"lazy\" decoding=\"async\" width=\"150\" height=\"150\" src=\"https:\/\/www.radiopiu.net\/wordpress\/wp-content\/uploads\/2022\/09\/305209305_10227465587363690_3056402561450258787_n-150x150.jpg\" class=\"attachment-thumbnail size-thumbnail\" alt=\"\" \/><\/a>\n\t\t\t\t<\/dt><\/dl><dl class='gallery-item'>\n\t\t\t\t<dt class='gallery-icon landscape'>\n\t\t\t\t\t<a class=\"rollover rollover-zoom dt-pswp-item\" title=\"305934855_10227465586323664_1564873613804242785_n\" data-dt-img-description=\"\" data-large_image_width=\"1600\" data-large_image_height=\"1200\"href='https:\/\/www.radiopiu.net\/wordpress\/wp-content\/uploads\/2022\/09\/305934855_10227465586323664_1564873613804242785_n.jpg'><img loading=\"lazy\" decoding=\"async\" width=\"150\" height=\"150\" src=\"https:\/\/www.radiopiu.net\/wordpress\/wp-content\/uploads\/2022\/09\/305934855_10227465586323664_1564873613804242785_n-150x150.jpg\" class=\"attachment-thumbnail size-thumbnail\" alt=\"\" \/><\/a>\n\t\t\t\t<\/dt><\/dl><dl class='gallery-item'>\n\t\t\t\t<dt class='gallery-icon landscape'>\n\t\t\t\t\t<a class=\"rollover rollover-zoom dt-pswp-item\" title=\"304793557_10227465598083958_6721737701923880983_n\" data-dt-img-description=\"\" data-large_image_width=\"2048\" data-large_image_height=\"1536\"href='https:\/\/www.radiopiu.net\/wordpress\/wp-content\/uploads\/2022\/09\/304793557_10227465598083958_6721737701923880983_n.jpg'><img loading=\"lazy\" decoding=\"async\" width=\"150\" height=\"150\" src=\"https:\/\/www.radiopiu.net\/wordpress\/wp-content\/uploads\/2022\/09\/304793557_10227465598083958_6721737701923880983_n-150x150.jpg\" class=\"attachment-thumbnail size-thumbnail\" alt=\"\" \/><\/a>\n\t\t\t\t<\/dt><\/dl><dl class='gallery-item'>\n\t\t\t\t<dt class='gallery-icon landscape'>\n\t\t\t\t\t<a class=\"rollover rollover-zoom dt-pswp-item\" title=\"305109103_10227465605924154_907703107274805157_n\" data-dt-img-description=\"\" data-large_image_width=\"2048\" data-large_image_height=\"1536\"href='https:\/\/www.radiopiu.net\/wordpress\/wp-content\/uploads\/2022\/09\/305109103_10227465605924154_907703107274805157_n.jpg'><img loading=\"lazy\" decoding=\"async\" width=\"150\" height=\"150\" src=\"https:\/\/www.radiopiu.net\/wordpress\/wp-content\/uploads\/2022\/09\/305109103_10227465605924154_907703107274805157_n-150x150.jpg\" class=\"attachment-thumbnail size-thumbnail\" alt=\"\" \/><\/a>\n\t\t\t\t<\/dt><\/dl><dl class='gallery-item'>\n\t\t\t\t<dt class='gallery-icon landscape'>\n\t\t\t\t\t<a class=\"rollover rollover-zoom dt-pswp-item\" title=\"304856906_10227465595763900_8362934808335166783_n\" data-dt-img-description=\"\" data-large_image_width=\"1600\" data-large_image_height=\"1200\"href='https:\/\/www.radiopiu.net\/wordpress\/wp-content\/uploads\/2022\/09\/304856906_10227465595763900_8362934808335166783_n.jpg'><img loading=\"lazy\" decoding=\"async\" width=\"150\" height=\"150\" src=\"https:\/\/www.radiopiu.net\/wordpress\/wp-content\/uploads\/2022\/09\/304856906_10227465595763900_8362934808335166783_n-150x150.jpg\" class=\"attachment-thumbnail size-thumbnail\" alt=\"\" \/><\/a>\n\t\t\t\t<\/dt><\/dl><br style=\"clear: both\" \/>\n\t\t\t<\/div>\n\n<p>&nbsp;<\/p>\n<hr \/>\n<p>&nbsp;<\/p>\n<blockquote>\n<h3>CONTINUA LA CAMPAGNA ABBONAMENTI DI DOLOMITIBUS<\/h3>\n<\/blockquote>\n<p><strong><a class=\"dt-pswp-item\" href=\"https:\/\/www.radiopiu.net\/wordpress\/wp-content\/uploads\/2020\/06\/80c303ed-9a2e-49f0-8b20-3dd5e061bbf3.jpg\" data-dt-img-description=\"\" data-large_image_width=\"1280\" data-large_image_height=\"960\"><img loading=\"lazy\" decoding=\"async\" class=\"size-thumbnail wp-image-145520 alignleft\" src=\"https:\/\/www.radiopiu.net\/wordpress\/wp-content\/uploads\/2020\/06\/80c303ed-9a2e-49f0-8b20-3dd5e061bbf3-150x150.jpg\" alt=\"\" width=\"150\" height=\"150\" \/><\/a>BELLUNO <\/strong>Prosegue la campagna abbonamenti avviata con il progetto provinciale \u201cInvesti Scuola\u201d e con l\u2019aggiunta del bonus trasporti del Ministero del Lavoro e delle Politiche Sociali. La procedura \u00e8 piuttosto complessa e sta richiedendo un grande sforzo da parte dell\u2019azienda Dolomiti Bus spa. \u00abL\u2019azienda si dispiace delle code create agli sportelli e di eventuali disagi nella presentazione della documentazione alle biglietterie. Disagi che non dipendono dalla volont\u00e0 di Dolomiti Bus spa\u00bb fa sapere l\u2019azienda. \u00abVista la complessit\u00e0 delle procedure del bonus ministeriale, sono stati ampliati gli orari di apertura degli uffici, per andare incontro alla clientela\u00bb. Le biglietterie di Belluno, Feltre, Agordo e Calalzo resteranno aperte anche nella giornata di sabato (Belluno 7.30-11.30 e 14.30-17; Agordo 7.40-12.30 e 13.30-16.30; Feltre 8-15; Calalzo 7.30-12.40 e 13.30-16.30). \u00abSono stati attivati tutti gli addetti e per le prime due settimane dall\u2019avvio dell\u2019anno scolastico, il personale di controllo sui mezzi sar\u00e0 messo a supporto, per dare informazioni e indicazioni sulla campagna abbonamenti e sull\u2019attivazione del bonus. Dolomiti Bus spa continua a essere l\u2019azienda del territorio e in quanto tale &#8211; pur nelle note difficolt\u00e0 di personale &#8211; intende dare un servizio il pi\u00f9 possibile in linea con le esigenze degli utenti\u00bb.<\/p>\n<p>&nbsp;<\/p>\n<hr \/>\n<p>&nbsp;<\/p>\n<blockquote>\n<h3>LA FESTA DEI 100 ANNI\u00a0 A FRASSENE&#8217; CON IL GRUPPO SPORTIVO<\/h3>\n<\/blockquote>\n<p><strong><a class=\"dt-pswp-item\" href=\"https:\/\/www.radiopiu.net\/wordpress\/wp-content\/uploads\/2022\/08\/Schermata-2022-08-04-alle-12.23.41.png\" data-dt-img-description=\"\" data-large_image_width=\"1336\" data-large_image_height=\"1014\"><img loading=\"lazy\" decoding=\"async\" class=\"alignleft wp-image-290914 \" src=\"https:\/\/www.radiopiu.net\/wordpress\/wp-content\/uploads\/2022\/08\/Schermata-2022-08-04-alle-12.23.41-300x228.png\" alt=\"\" width=\"158\" height=\"120\" srcset=\"https:\/\/www.radiopiu.net\/wordpress\/wp-content\/uploads\/2022\/08\/Schermata-2022-08-04-alle-12.23.41-300x228.png 300w, https:\/\/www.radiopiu.net\/wordpress\/wp-content\/uploads\/2022\/08\/Schermata-2022-08-04-alle-12.23.41-1024x777.png 1024w, https:\/\/www.radiopiu.net\/wordpress\/wp-content\/uploads\/2022\/08\/Schermata-2022-08-04-alle-12.23.41-768x583.png 768w, https:\/\/www.radiopiu.net\/wordpress\/wp-content\/uploads\/2022\/08\/Schermata-2022-08-04-alle-12.23.41.png 1336w\" sizes=\"auto, (max-width: 158px) 100vw, 158px\" \/><\/a>VOLTAGO <\/strong>1922-2022 il primo secolo di vita del Gruppo Sportivo Frassen\u00e8: tre giorni di eventi al tendone nel parcheggio della chiesa. Domani alle 18 apertura stand gastronomico e serata musicale con Sabrina Silvestrin. Sabato 10 voli panoramici in elicottero dalle 10 alle 15 e, fino alle 17 mercatini dell&#8217;artigianato, dalle 10 torneo di calcio del Poi, a mezzogiorno stand gastronomico, 16.30 Frassene&#8217; Cross, gare podistiche non competitive, 17 aperitivo con DJ Morgan e Battaglia, 19 cena e premiazioni, dalle 21 serata musicale con I Riflesso, chiusura con DJ Morgan e Battaglia. Domenica 11 alle 10 mostra sui 100 anni del Gruppo Sportivo Frassene&#8217; presso l&#8217;ex scuola Paolo Mosca, 11 sfilata dei gruppi associativi per le vie del paese, 12.30 pranzo, 15 presentazione libro &#8220;Il Primo Secolo Di Vita&#8221;. Il ricavato sar\u00e0 devoluto al Gruppo Sportivo Frasssen\u00e8.<\/p>\n<p>&nbsp;<\/p>\n<blockquote>\n<h3>LO SPECIALE ALLA RADIO<\/h3>\n<p><span style=\"color: #ff0000;\"><strong>OSPITI,\u00a0 YURI PARISSENTI PRESIDENTE GRUPPO SPORTIVO FRASSENE&#8217;,\u00a0 SHARON DE MARCO\u00a0<\/strong><\/span><\/p><\/blockquote>\n<audio class=\"wp-audio-shortcode\" id=\"audio-296267-3\" preload=\"none\" style=\"width: 100%;\" controls=\"controls\"><source type=\"audio\/mpeg\" src=\"https:\/\/www.radiopiu.net\/wordpress\/wp-content\/uploads\/2022\/08\/gruppo-sportivo-frassene-SPECIALE.mp3?_=3\" \/><a href=\"https:\/\/www.radiopiu.net\/wordpress\/wp-content\/uploads\/2022\/08\/gruppo-sportivo-frassene-SPECIALE.mp3\">https:\/\/www.radiopiu.net\/wordpress\/wp-content\/uploads\/2022\/08\/gruppo-sportivo-frassene-SPECIALE.mp3<\/a><\/audio>\n<p>&nbsp;<\/p>\n<p>&nbsp;<\/p>\n<hr \/>\n<p>&nbsp;<\/p>\n<blockquote class=\"wp-embedded-content\" data-secret=\"NewKdSYs18\"><p><a href=\"https:\/\/www.radiopiu.net\/wordpress\/aggnazionalesettembre-08\/\">CORONAVIRUS: AGGIORNAMENTO NAZIONALE 08 SETTEMBRE 2022<\/a><\/p><\/blockquote>\n<p><iframe loading=\"lazy\" class=\"wp-embedded-content\" sandbox=\"allow-scripts\" security=\"restricted\" style=\"position: absolute; clip: rect(1px, 1px, 1px, 1px);\" title=\"&#8220;CORONAVIRUS: AGGIORNAMENTO NAZIONALE 08 SETTEMBRE 2022&#8221; &#8212; Radio Pi\u00f9\" src=\"https:\/\/www.radiopiu.net\/wordpress\/aggnazionalesettembre-08\/embed\/#?secret=Kk2ZnkYexd#?secret=NewKdSYs18\" data-secret=\"NewKdSYs18\" width=\"600\" height=\"338\" frameborder=\"0\" marginwidth=\"0\" marginheight=\"0\" scrolling=\"no\"><\/iframe><\/p>\n<p>&nbsp;<\/p>\n<blockquote class=\"wp-embedded-content\" data-secret=\"bAAQNi5eNn\"><p><a href=\"https:\/\/www.radiopiu.net\/wordpress\/aziendazerosettembre08\/\">IN 24 ORE 20 PAZIENTI IN MENO IN CORSIA, ANCORA IN CALO IN NUOVI CASI<\/a><\/p><\/blockquote>\n<p><iframe loading=\"lazy\" class=\"wp-embedded-content\" sandbox=\"allow-scripts\" security=\"restricted\" style=\"position: absolute; clip: rect(1px, 1px, 1px, 1px);\" title=\"&#8220;IN 24 ORE 20 PAZIENTI IN MENO IN CORSIA, ANCORA IN CALO IN NUOVI CASI&#8221; &#8212; Radio Pi\u00f9\" src=\"https:\/\/www.radiopiu.net\/wordpress\/aziendazerosettembre08\/embed\/#?secret=Aurgbwdj4a#?secret=bAAQNi5eNn\" data-secret=\"bAAQNi5eNn\" width=\"600\" height=\"338\" frameborder=\"0\" marginwidth=\"0\" marginheight=\"0\" scrolling=\"no\"><\/iframe><\/p>\n<h2><\/h2>\n<h2>I GRAFICI DI TIZIANO DE COL<\/h2>\n\n\t\t\t<style type='text\/css'>\n\t\t\t\t#gallery-2 {\n\t\t\t\t\tmargin: auto;\n\t\t\t\t}\n\t\t\t\t#gallery-2 .gallery-item {\n\t\t\t\t\tfloat: left;\n\t\t\t\t\tmargin-top: 10px;\n\t\t\t\t\ttext-align: center;\n\t\t\t\t\twidth: 33%;\n\t\t\t\t}\n\t\t\t\t#gallery-2 img {\n\t\t\t\t\tborder: 2px solid #cfcfcf;\n\t\t\t\t}\n\t\t\t\t#gallery-2 .gallery-caption {\n\t\t\t\t\tmargin-left: 0;\n\t\t\t\t}\n\t\t\t\t\/* see gallery_shortcode() in wp-includes\/media.php *\/\n\t\t\t<\/style>\n\t\t<div id='gallery-2' class='dt-gallery-container gallery galleryid-296267 gallery-columns-3 gallery-size-thumbnail'><dl class='gallery-item'>\n\t\t\t\t<dt class='gallery-icon landscape'>\n\t\t\t\t\t<a class=\"rollover rollover-zoom dt-pswp-item\" title=\"c8828d15-945e-4b8a-a5af-dcf7ce9c6526\" data-dt-img-description=\"\" data-large_image_width=\"610\" data-large_image_height=\"360\"href='https:\/\/www.radiopiu.net\/wordpress\/wp-content\/uploads\/2022\/09\/c8828d15-945e-4b8a-a5af-dcf7ce9c6526.jpg'><img loading=\"lazy\" decoding=\"async\" width=\"150\" height=\"150\" src=\"https:\/\/www.radiopiu.net\/wordpress\/wp-content\/uploads\/2022\/09\/c8828d15-945e-4b8a-a5af-dcf7ce9c6526-150x150.jpg\" class=\"attachment-thumbnail size-thumbnail\" alt=\"\" \/><\/a>\n\t\t\t\t<\/dt><\/dl><dl class='gallery-item'>\n\t\t\t\t<dt class='gallery-icon landscape'>\n\t\t\t\t\t<a class=\"rollover rollover-zoom dt-pswp-item\" title=\"b0810c46-7643-42ce-8e9e-90d527d097c9\" data-dt-img-description=\"\" data-large_image_width=\"605\" data-large_image_height=\"359\"href='https:\/\/www.radiopiu.net\/wordpress\/wp-content\/uploads\/2022\/09\/b0810c46-7643-42ce-8e9e-90d527d097c9.jpg'><img loading=\"lazy\" decoding=\"async\" width=\"150\" height=\"150\" src=\"https:\/\/www.radiopiu.net\/wordpress\/wp-content\/uploads\/2022\/09\/b0810c46-7643-42ce-8e9e-90d527d097c9-150x150.jpg\" class=\"attachment-thumbnail size-thumbnail\" alt=\"\" \/><\/a>\n\t\t\t\t<\/dt><\/dl><dl class='gallery-item'>\n\t\t\t\t<dt class='gallery-icon landscape'>\n\t\t\t\t\t<a class=\"rollover rollover-zoom dt-pswp-item\" title=\"fc14cee0-e63e-403a-9dec-d9473e54c77a\" data-dt-img-description=\"\" data-large_image_width=\"628\" data-large_image_height=\"366\"href='https:\/\/www.radiopiu.net\/wordpress\/wp-content\/uploads\/2022\/09\/fc14cee0-e63e-403a-9dec-d9473e54c77a.jpg'><img loading=\"lazy\" decoding=\"async\" width=\"150\" height=\"150\" src=\"https:\/\/www.radiopiu.net\/wordpress\/wp-content\/uploads\/2022\/09\/fc14cee0-e63e-403a-9dec-d9473e54c77a-150x150.jpg\" class=\"attachment-thumbnail size-thumbnail\" alt=\"\" \/><\/a>\n\t\t\t\t<\/dt><\/dl><br style=\"clear: both\" \/><dl class='gallery-item'>\n\t\t\t\t<dt class='gallery-icon landscape'>\n\t\t\t\t\t<a class=\"rollover rollover-zoom dt-pswp-item\" title=\"ca1d4548-2e9d-4f71-9108-d814114ba47f\" data-dt-img-description=\"\" data-large_image_width=\"612\" data-large_image_height=\"358\"href='https:\/\/www.radiopiu.net\/wordpress\/wp-content\/uploads\/2022\/09\/ca1d4548-2e9d-4f71-9108-d814114ba47f.jpg'><img loading=\"lazy\" decoding=\"async\" width=\"150\" height=\"150\" src=\"https:\/\/www.radiopiu.net\/wordpress\/wp-content\/uploads\/2022\/09\/ca1d4548-2e9d-4f71-9108-d814114ba47f-150x150.jpg\" class=\"attachment-thumbnail size-thumbnail\" alt=\"\" \/><\/a>\n\t\t\t\t<\/dt><\/dl><dl class='gallery-item'>\n\t\t\t\t<dt class='gallery-icon landscape'>\n\t\t\t\t\t<a class=\"rollover rollover-zoom dt-pswp-item\" title=\"71530021-4619-4c7a-a00e-a07c11947833\" data-dt-img-description=\"\" data-large_image_width=\"610\" data-large_image_height=\"368\"href='https:\/\/www.radiopiu.net\/wordpress\/wp-content\/uploads\/2022\/09\/71530021-4619-4c7a-a00e-a07c11947833.jpg'><img loading=\"lazy\" decoding=\"async\" width=\"150\" height=\"150\" src=\"https:\/\/www.radiopiu.net\/wordpress\/wp-content\/uploads\/2022\/09\/71530021-4619-4c7a-a00e-a07c11947833-150x150.jpg\" class=\"attachment-thumbnail size-thumbnail\" alt=\"\" \/><\/a>\n\t\t\t\t<\/dt><\/dl><dl class='gallery-item'>\n\t\t\t\t<dt class='gallery-icon landscape'>\n\t\t\t\t\t<a class=\"rollover rollover-zoom dt-pswp-item\" title=\"fe6f7a02-2a64-40f5-abf8-8c4159b03da1\" data-dt-img-description=\"\" data-large_image_width=\"612\" data-large_image_height=\"358\"href='https:\/\/www.radiopiu.net\/wordpress\/wp-content\/uploads\/2022\/09\/fe6f7a02-2a64-40f5-abf8-8c4159b03da1.jpg'><img loading=\"lazy\" decoding=\"async\" width=\"150\" height=\"150\" src=\"https:\/\/www.radiopiu.net\/wordpress\/wp-content\/uploads\/2022\/09\/fe6f7a02-2a64-40f5-abf8-8c4159b03da1-150x150.jpg\" class=\"attachment-thumbnail size-thumbnail\" alt=\"\" \/><\/a>\n\t\t\t\t<\/dt><\/dl><br style=\"clear: both\" \/>\n\t\t\t<\/div>\n\n<p>&nbsp;<\/p>\n<hr \/>\n<p>&nbsp;<\/p>\n<blockquote>\n<h3>GIORNATA PER LA PREVENZIONE DEL SUICIDIO<\/h3>\n<\/blockquote>\n<p><strong><a class=\"dt-pswp-item\" href=\"https:\/\/www.radiopiu.net\/wordpress\/wp-content\/uploads\/2021\/03\/ULSS-1.jpg\" data-dt-img-description=\"\" data-large_image_width=\"776\" data-large_image_height=\"408\"><img loading=\"lazy\" decoding=\"async\" class=\"alignleft wp-image-198838 \" src=\"https:\/\/www.radiopiu.net\/wordpress\/wp-content\/uploads\/2021\/03\/ULSS-1-300x158.jpg\" alt=\"\" width=\"177\" height=\"93\" srcset=\"https:\/\/www.radiopiu.net\/wordpress\/wp-content\/uploads\/2021\/03\/ULSS-1-300x158.jpg 300w, https:\/\/www.radiopiu.net\/wordpress\/wp-content\/uploads\/2021\/03\/ULSS-1-768x404.jpg 768w, https:\/\/www.radiopiu.net\/wordpress\/wp-content\/uploads\/2021\/03\/ULSS-1.jpg 776w\" sizes=\"auto, (max-width: 177px) 100vw, 177px\" \/><\/a>BELLUNO <\/strong>Il 10 settembre ricorre la giornata mondiale dedicata alla prevenzione del suicidio con l\u2019obiettivo di\u00a0 sensibilizzare i cittadini e aumentare la consapevolezza sulla prevenzione dei comportamenti suicidari. L\u2019Ulss Dolomiti propone degli open day. Gesti spesso improvvisi, che denotano la difficolt\u00e0 a chiedere aiuto e che lasciano sgomenti famiglie e intere comunit\u00e0 che si interrogano su quanto si sarebbe potuto fare per cogliere dei segnali di malessere ed agire sui fattori di rischio come l\u2019isolamento o l\u2019uso problematico di alcol. L\u2019Ulss Dolomiti, con i Dipartimenti di Salute Mentale, ha organizzato un \u201copen day\u201d per sabato 10 settembre, un punto di ascolto dedicato per trovare aiuto, avere informazioni su come approcciarsi a persone vicine in difficolt\u00e0, trovare un supporto. Sabato 10 settembre 2022 dalle 8.00 alle 13.00 al Centro Salute Mentale di Pieve di Cadore (Via Carducci 36\/B) un medico psichiatria, uno psicologo e un\u2019assistente sociale saranno a disposizione di persone che si trovano in un momento di fragilit\u00e0 o dei loro familiari, gratuitamente e senza appuntamento, di persona o telefonicamente allo 0435 341554. Ulteriori incontri saranno organizzate nei centri di salute mentale di Agordo, Belluno e Feltre nelle prossime settimane.<\/p>\n<p>&nbsp;<\/p>\n<p>&nbsp;<\/p>\n<hr \/>\n<p>&nbsp;<\/p>\n<blockquote>\n<h3>UN TOCCO DI FANTASIA PER LE PEDIATRIE DI BELLUNO E FELTRE<\/h3>\n<\/blockquote>\n<p><strong><a class=\"dt-pswp-item\" href=\"https:\/\/www.radiopiu.net\/wordpress\/wp-content\/uploads\/2022\/09\/WhatsApp-Image-2022-09-08-at-15.35.42.jpeg\" data-dt-img-description=\"\" data-large_image_width=\"1600\" data-large_image_height=\"1173\"><img loading=\"lazy\" decoding=\"async\" class=\"size-thumbnail wp-image-296357 alignleft\" src=\"https:\/\/www.radiopiu.net\/wordpress\/wp-content\/uploads\/2022\/09\/WhatsApp-Image-2022-09-08-at-15.35.42-150x150.jpeg\" alt=\"\" width=\"150\" height=\"150\" \/><\/a>BELLUNO <\/strong>\u201cAffinch\u00e8 non si smetta mai di sognare\u201d : questo il messaggio dato dall\u2019AISM &#8211; Associazione Italiana Sclerosi Multipla &#8211; ai bambini delle pediatrie di Belluno e Feltre con la donazione di 12\u00a0 colorati quadri d\u2019autore Dopo essere stati esposti alla mostra \u201cNel mondo dei cartoni animati\u201d, tenutasi nel mese di maggio di quest\u2019anno nella sede AISM, le opere sono state donate per portare un tocco di originalit\u00e0 e fantasia per i piccoli degenti delle pediatrie. I dipinti sono stati realizzati su tela da alcuni artisti locali dell\u2019Associazione e raffigurano personaggi delle favole e dei grandi classici dei cartoni animati tanto amati dai bambini: da Dumbo alla Gabianella e il gatto, dalel principesse Disney a Toy Story. L\u2019Azienda ringrazia l\u2019Associazione per questo gesto ricco di colori e allegria che dimostra la grande solidariet\u00e0 e attenzione verso i piccoli degenti. L\u2019AISM ha voluto con questo gesto invitare a \u201cuscire dal mondo della malattia\u201d e conoscere le persone al di l\u00e0 della patologia, con i loro sogni, le loro speranze, la loro vita che oggi, grazie alle nuove terapie, pu\u00f2 essere di buona qualit\u00e0. Senza smettere mai di sognare come ci invitano a fare gli eroi delle nostre fiabe preferite a tutte le et\u00e0.<\/p>\n<p>&nbsp;<\/p>\n<hr \/>\n<p>&nbsp;<\/p>\n<blockquote>\n<h3>DAL 1983 IL PUNTUALE RADUNO A SELVA DI CADORE PER I RAGAZZI DEL REPARTO POLIO<\/h3>\n<\/blockquote>\n<p><strong><a class=\"dt-pswp-item\" href=\"https:\/\/www.radiopiu.net\/wordpress\/wp-content\/uploads\/2018\/09\/SANTA-FOSCA-35mo-raduno-poliomielitici-IOE.jpg\" data-dt-img-description=\"\" data-large_image_width=\"1476\" data-large_image_height=\"1139\"><img loading=\"lazy\" decoding=\"async\" class=\"alignleft wp-image-59601 \" src=\"https:\/\/www.radiopiu.net\/wordpress\/wp-content\/uploads\/2018\/09\/SANTA-FOSCA-35mo-raduno-poliomielitici-IOE-300x232.jpg\" alt=\"\" width=\"219\" height=\"169\" srcset=\"https:\/\/www.radiopiu.net\/wordpress\/wp-content\/uploads\/2018\/09\/SANTA-FOSCA-35mo-raduno-poliomielitici-IOE-300x232.jpg 300w, https:\/\/www.radiopiu.net\/wordpress\/wp-content\/uploads\/2018\/09\/SANTA-FOSCA-35mo-raduno-poliomielitici-IOE-768x593.jpg 768w, https:\/\/www.radiopiu.net\/wordpress\/wp-content\/uploads\/2018\/09\/SANTA-FOSCA-35mo-raduno-poliomielitici-IOE-1024x790.jpg 1024w, https:\/\/www.radiopiu.net\/wordpress\/wp-content\/uploads\/2018\/09\/SANTA-FOSCA-35mo-raduno-poliomielitici-IOE.jpg 1476w\" sizes=\"auto, (max-width: 219px) 100vw, 219px\" \/><\/a>SELVA DI CADORE<\/strong><\/p>\n<p><strong>DI GIANNI SANTOMASO<\/strong><\/p>\n<audio class=\"wp-audio-shortcode\" id=\"audio-296267-4\" preload=\"none\" style=\"width: 100%;\" controls=\"controls\"><source type=\"audio\/mpeg\" src=\"https:\/\/www.radiopiu.net\/wordpress\/wp-content\/uploads\/2022\/09\/polio-selva.mp3?_=4\" \/><a href=\"https:\/\/www.radiopiu.net\/wordpress\/wp-content\/uploads\/2022\/09\/polio-selva.mp3\">https:\/\/www.radiopiu.net\/wordpress\/wp-content\/uploads\/2022\/09\/polio-selva.mp3<\/a><\/audio>\n<p>&nbsp;<\/p>\n<hr \/>\n<p>&nbsp;<\/p>\n<blockquote>\n<h3>PREMIO SONEGO PER DUE<\/h3>\n<\/blockquote>\n<p><strong>ALPAGO <\/strong>Il premio Rodolfo Sonego, concorso per sceneggiature di commedia ha annunciato i vincitori della 14\u00aa edizione alla 79\u00aa Mostra del Cinema di Venezia. A vincere \u00e8 stata la sceneggiatura di cortometraggio &#8220;Roma Mon Amour&#8221; di Ginevra Bruscino e Lorenzo Fontana, scelta tra le 9 finaliste ed arrivata in finale dopo essere stata selezionata tra pi\u00f9 di cento lavori.<\/p>\n<p>&nbsp;<\/p>\n<p>&nbsp;<\/p>\n<hr \/>\n<p>&nbsp;<\/p>\n<p><strong>IL LIBRO<\/strong><\/p>\n<blockquote>\n<h3 class=\"addthis_sharing_toolbox\" data-url=\"http:\/\/sfoglio.corrierealpi.gelocal.it\/share_article.php?article_id=10955338\" data-title=\"Brugnaro presenta il libro\"><a class=\"dt-pswp-item\" href=\"https:\/\/www.radiopiu.net\/wordpress\/wp-content\/uploads\/2022\/09\/8c1be97e-2418-4223-bad5-eadf37f192c2.jpg\" data-dt-img-description=\"\" data-large_image_width=\"1152\" data-large_image_height=\"2048\"><img loading=\"lazy\" decoding=\"async\" class=\"size-thumbnail wp-image-296410 alignleft\" src=\"https:\/\/www.radiopiu.net\/wordpress\/wp-content\/uploads\/2022\/09\/8c1be97e-2418-4223-bad5-eadf37f192c2-150x150.jpg\" alt=\"\" width=\"150\" height=\"150\" \/><\/a><\/h3>\n<h3 data-url=\"http:\/\/sfoglio.corrierealpi.gelocal.it\/share_article.php?article_id=10955338\" data-title=\"Brugnaro presenta il libro\"><\/h3>\n<h3 class=\"addthis_sharing_toolbox\" data-url=\"http:\/\/sfoglio.corrierealpi.gelocal.it\/share_article.php?article_id=10955338\" data-title=\"Brugnaro presenta il libro\">Il sindaco di Venezia e presidente di Coraggio Italia, Luigi Brugnaro, ieri ha presentato il suo libro a Belluno &#8220;Ci giudicheranno i bambini &#8211; Dall&#8217;azienda alla politica una vita per l&#8217;Italia&#8221;. Presenti in libreria numerose persone.<\/h3>\n<\/blockquote>\n<p>&nbsp;<\/p>\n<p>&nbsp;<\/p>\n<p>&nbsp;<\/p>\n<p>&nbsp;<\/p>\n<hr \/>\n<p>&nbsp;<\/p>\n<blockquote>\n<h3>UN FLASH MOB PER LA SANITA&#8217;<\/h3>\n<\/blockquote>\n<p><strong>FELTRE<\/strong> Il comitato feltrino per il diritto alla salute organizza un flash mob a Feltre, venerd\u00ec 16 settembre dalle ore 10 in Via Campo Giorgio, per riportare l&#8217;attenzione sulla difesa della Sanit\u00e0 Pubblica.\u00a0Le recenti notizie sulle difficolt\u00e0 dei servizi locali stanno destando molta preoccupazione nei cittadini: la chiusura del reparto di chirurgia senologica di Feltre, con relativo trasferimento di tutte le pazienti a Belluno; le gare di appalto per affidare i turni di emergenza-urgenza degli Ospedali di Belluno e\u00a0 Feltre; la grave carenza di guardie mediche e medici di medicina generale, anche negli ospedali mancano medici e personale specializzato (infermieri, OSS, pediatri, psichiatri, anestesisti&#8230;); la sospensione da oltre un anno dei ricoveri nel reparto di psichiatria a Feltre.\u00a0 Il comitato feltrino parteciper\u00e0 anche al flash mob organizzato dal Coordinamento Veneto Sanit\u00e0 Pubblica sabato 17 settembre alle ore 11 a Venezia in via Garibaldi, insieme a tutti i comitati locali.<\/p>\n<p>&nbsp;<\/p>\n<p>&nbsp;<\/p>\n<hr \/>\n<p>&nbsp;<\/p>\n<blockquote>\n<h3>SINDACO E ASSESSORE INCONTRANO LE ASSOCIAZIONI<\/h3>\n<\/blockquote>\n<p><strong><a class=\"dt-pswp-item\" href=\"https:\/\/www.radiopiu.net\/wordpress\/wp-content\/uploads\/2021\/10\/PIAZZA-MARTIRI-BELLUNO.jpg\" data-dt-img-description=\"\" data-large_image_width=\"1364\" data-large_image_height=\"908\"><img loading=\"lazy\" decoding=\"async\" class=\"size-thumbnail wp-image-235813 alignleft\" src=\"https:\/\/www.radiopiu.net\/wordpress\/wp-content\/uploads\/2021\/10\/PIAZZA-MARTIRI-BELLUNO-150x150.jpg\" alt=\"\" width=\"150\" height=\"150\" \/><\/a>BELLUNO<\/strong> Ammontano a 12 mila le giornate uomo impiegate dalla Protezione civile del Comune di Belluno alla struttura di Mussoi, dove sono accolti i civili ucraini fuggiti dal conflitto, a partire da fine febbraio ad oggi. Accanto a loro operano i volontari del gruppo Protezione civile dell\u2019Ana, quelli della Croce Rossa, del Nore, i vigili del fuoco e i poliziotti in congedo. Nella serata di mercoled\u00ec un incontro, voluto dall\u2019assessore alla Protezione civile e al quale ha preso parte anche il sindaco di Belluno, ha messo tutte le associazioni attorno ad un tavolo per un primo confronto sull\u2019attivit\u00e0 svolta fin qui e per programmare quella dei prossimi mesi. Sono tante le attivit\u00e0 portate avanti in questi mesi dalle associazioni operative a Mussoi, presenti nella struttura sette giorni su sette h24. I volontari si occupano di portare i pasti preparati da Sersa, di accogliere i nuovi arrivati, di fare da guida nella gestione delle pratiche legate al permesso di soggiorno, alla tessera sanitaria provvisoria e alla scelta del medico di base. All\u2019interno del complesso \u00e8 stata anche creata un\u2019aula didattica, dove un\u2019insegnante volontaria impartisce lezioni di italiano e grazie ad un accordo con la societ\u00e0 del Salce, con la ripresa degli allenamenti sette bambini ucraini potranno svolgere attivit\u00e0 sportiva con gli atleti delle squadre.<\/p>\n<p>&nbsp;<\/p>\n<p>&nbsp;<\/p>\n<hr \/>\n<p>&nbsp;<\/p>\n<blockquote>\n<h3>CONVITTO FEMMINILE A VELLAI, DALLA PROSSIMA SETTIMANA PARTE IL SERVIZIO<\/h3>\n<\/blockquote>\n<p><strong><a class=\"dt-pswp-item\" href=\"https:\/\/www.radiopiu.net\/wordpress\/wp-content\/uploads\/2022\/06\/ISTITUTO-AGRARIO-VELLAI.jpg\" data-dt-img-description=\"\" data-large_image_width=\"800\" data-large_image_height=\"450\"><img loading=\"lazy\" decoding=\"async\" class=\" wp-image-280599 alignleft\" src=\"https:\/\/www.radiopiu.net\/wordpress\/wp-content\/uploads\/2022\/06\/ISTITUTO-AGRARIO-VELLAI-150x150.jpg\" alt=\"\" width=\"118\" height=\"118\" \/><\/a>FELTRE <\/strong>La prossima settimana, con l\u2019avvio del nuovo anno scolastico, partir\u00e0 anche il convitto femminile all\u2019istituto agrario di Vellai. Una novit\u00e0 che parte da una richiesta delle famiglie e dalla volont\u00e0 della consigliera di Parit\u00e0 e dell\u2019amministrazione provinciale. Il problema era sorto diversi mesi fa, per il fatto che l\u2019istituto agrario aveva un convitto interno esclusivamente maschile. Alle richieste delle famiglie delle ragazze frequentanti la scuola di Vellai, la consigliera di Parit\u00e0 ha cercato di dare risposte coinvolgendo fin da subito l\u2019amministrazione provinciale, che si \u00e8 attivata per riqualificare alcuni spazi interni della scuola e trasformarli in stanze e servizi per ospitare il convitto femminile. L\u2019investimento ha riguardato anche l\u2019acquisto di mobili e arredi.<\/p>\n<p>&nbsp;<\/p>\n<p>&nbsp;<\/p>\n<hr \/>\n<p>&nbsp;<\/p>\n<blockquote>\n<h3>DOLOMITIBUS: LINEA PER LE TRE CIME FINO AL 25 SETTEMBRE<\/h3>\n<\/blockquote>\n<p><strong><a class=\"dt-pswp-item\" href=\"https:\/\/www.radiopiu.net\/wordpress\/wp-content\/uploads\/2018\/08\/dolomitibus.jpeg\" data-dt-img-description=\"\" data-large_image_width=\"621\" data-large_image_height=\"414\"><img loading=\"lazy\" decoding=\"async\" class=\" wp-image-59158 alignleft\" src=\"https:\/\/www.radiopiu.net\/wordpress\/wp-content\/uploads\/2018\/08\/dolomitibus-150x150.jpeg\" alt=\"\" width=\"120\" height=\"120\" \/><\/a>BELLUNO <\/strong>Gli autobus per le Tre Cime di Lavaredo continueranno a operare fino a fine mese. Dolomiti Bus ha ottenuto il via libera per poter prorogare il servizio. Quindi, la linea che sarebbe dovuta terminare con la chiusura dell\u2019orario estivo domenica 10 settembre, proseguir\u00e0 tutti i giorni fino a domenica 25 settembre (l\u2019orario \u00e8 scaricabile dal sito <a title=\"https:\/\/dolomitibus.it\" href=\"https:\/\/dolomitibus.it\/\">https:\/\/dolomitibus.it<\/a>). L\u2019allungamento del servizio \u00e8 stato richiesto a fronte del grande numero di utenti che per tutta l\u2019estate hanno frequentato la tratta da Reane e da Misurina al Rifugio Auronzo. In linea con la domanda di mobilit\u00e0 turistica presente nell\u2019area, sono attesi flussi anche per tutto il mese di settembre. Nel caso in cui le condizioni meteo dovessero mutare, sar\u00e0 sempre possibile chiudere anticipatamente il servizio.<\/p>\n<p>&nbsp;<\/p>\n<p>&nbsp;<\/p>\n<hr \/>\n<p>&nbsp;<\/p>\n<blockquote>\n<h3>IL SELLARONDA BIKE DAY, CHIUSI I PASSI INTERESSATI DALLA MANIFESTAZIONE<\/h3>\n<\/blockquote>\n<p><strong><a class=\"dt-pswp-item\" href=\"https:\/\/www.radiopiu.net\/wordpress\/wp-content\/uploads\/2022\/09\/SELLARONDA.png\" data-dt-img-description=\"\" data-large_image_width=\"962\" data-large_image_height=\"540\"><img loading=\"lazy\" decoding=\"async\" class=\"size-thumbnail wp-image-296208 alignleft\" src=\"https:\/\/www.radiopiu.net\/wordpress\/wp-content\/uploads\/2022\/09\/SELLARONDA-150x150.png\" alt=\"\" width=\"150\" height=\"150\" \/><\/a>LIVINALLONGO <\/strong>Sabato, 17 settembre 2022 sulle strade attorno al gruppo del Sella si svolger\u00e0 l&#8217;appuntamento autunnale del Sellaronda Bike Day, manifestazione ciclistica non competitiva aperta a tutti, che vedr\u00e0 chiuse le strade dei Passi Campolongo, Gardena, Sella e Pordoi dalle ore 8:30 sino alle ore 15:00.\u00a0 Ai ciclisti \u00e8 consigliato il senso antiorario. Per limitare i disagi e per permettere a ospiti e residenti di partire da Arabba in direzione Pieve di Livinallongo e viceversa, la strada verr\u00e0 chiusa in prossimit\u00e0 dell&#8217;accesso al piazzale antistante l&#8217;Hotel Malita. In questa maniera resteranno accessibili i parcheggi dietro la Chiesa, i parcheggi vicino alla Caserma dei Carabinieri ed i piazzali della Funivia di Porta Vescovo. Per coloro che arriveranno ad Arabba (da Pieve) durante l&#8217;orario della manifestazione sar\u00e0 possibile parcheggiare le macchine nei parcheggi indicati e recarsi a piedi presso la propria struttura ricettiva per il check-in. Agli Ospiti in partenza verso i Passi Campolongo e Pordoi, Vi consigliamo di informarli di partire non dopo le ore 7:30 per evitare problemi con le Forze dell&#8217;Ordine. Sar\u00e0 possibile lasciare le autovetture nei parcheggi precedentemente menzionati per partire anche dopo le ore 8:30, naturalmente solo in direzione Pieve di Livinallongo.<\/p>\n<p>&nbsp;<\/p>\n<p>&nbsp;<\/p>\n<p>&nbsp;<\/p>\n<hr \/>\n<p>&nbsp;<\/p>\n<blockquote>\n<h3>ASCA, AZIENDA SPECIALE CONSORTILE AGORDINA &#8211; VERSO LA NORMALITA&#8217; NELLA RSA<\/h3>\n<\/blockquote>\n<p><strong><a class=\"dt-pswp-item\" href=\"https:\/\/www.radiopiu.net\/wordpress\/wp-content\/uploads\/2022\/01\/6441593_15212809_asca.jpg\" data-dt-img-description=\"\" data-large_image_width=\"620\" data-large_image_height=\"340\"><img loading=\"lazy\" decoding=\"async\" class=\"wp-image-254405 alignleft\" src=\"https:\/\/www.radiopiu.net\/wordpress\/wp-content\/uploads\/2022\/01\/6441593_15212809_asca-150x150.jpg\" alt=\"\" width=\"109\" height=\"109\" \/><\/a>AGORDO<\/strong>\u00a0 Oggi\u00a0 festa di fine estate,\u00a0 ma al tempo stesso inizio di una nuova stagione caratterizzata da nuove aperture ai familiari nella RSA polifunzionale Asca , parteciper\u00e0 il Coro ANA Adunata di Belluno per allietare gli ospiti con alcuni brani ma anche per coinvolgerli in canti a loro familiari. L&#8217;incontro ristretto tra parenti, ospiti e operatori inizier\u00e0 alle 15 con il ritrovo (triage e registrazione green-pass); \u00a0Saluti direzione e Del dottor Giulio Pirolo con la\u00a0 presentazione dei nuovi operatori;\u00a0 alle 16 il\u00a0 Coro ed\u00a0 a seguire piccolo rinfresco. In caso di pioggia l\u2019incontro si terr\u00e0 nell\u2019atrio principale.<\/p>\n<p>&nbsp;<\/p>\n<p>&nbsp;<\/p>\n<p>&nbsp;<\/p>\n<hr \/>\n<blockquote>\n<h3><a class=\"dt-pswp-item\" href=\"https:\/\/www.radiopiu.net\/wordpress\/wp-content\/uploads\/2022\/09\/d11c6dcc-8b5a-4831-a5d6-6a660022a258.jpg\" data-dt-img-description=\"\" data-large_image_width=\"615\" data-large_image_height=\"862\">\u00a0<\/a><\/h3>\n<h3><a class=\"dt-pswp-item\" href=\"https:\/\/www.radiopiu.net\/wordpress\/wp-content\/uploads\/2022\/09\/d11c6dcc-8b5a-4831-a5d6-6a660022a258.jpg\" data-dt-img-description=\"\" data-large_image_width=\"615\" data-large_image_height=\"862\"><img loading=\"lazy\" decoding=\"async\" class=\"wp-image-296176 alignleft\" src=\"https:\/\/www.radiopiu.net\/wordpress\/wp-content\/uploads\/2022\/09\/d11c6dcc-8b5a-4831-a5d6-6a660022a258-214x300.jpg\" alt=\"\" width=\"138\" height=\"193\" srcset=\"https:\/\/www.radiopiu.net\/wordpress\/wp-content\/uploads\/2022\/09\/d11c6dcc-8b5a-4831-a5d6-6a660022a258-214x300.jpg 214w, https:\/\/www.radiopiu.net\/wordpress\/wp-content\/uploads\/2022\/09\/d11c6dcc-8b5a-4831-a5d6-6a660022a258.jpg 615w\" sizes=\"auto, (max-width: 138px) 100vw, 138px\" \/><\/a>DOMANI NELL&#8217;AREA PIC NIC DI CANDATEN\u00a0 <span style=\"color: #ff0000;\">&#8220;VAIA DIVENTA ARTE&#8221;<\/span><\/h3>\n<\/blockquote>\n<p><strong>SEDICO<\/strong> DOMANI DALLE 16, MARCO MARTALART, SCULTORE DEL LEGNO E ARTISTA DEL BOSCO, MANUEL CICCHETTI FOTOGRAFO E ANGELO MIOTTO GIORNALISTA ATTRAVERSO UN REPORTAGE CI FARANNO RIVIVERE LA TEMPESTA VAIA.<br \/>\nFRANCESCA GALLO, L&#8217;ARTIGIANA CHE CANTA, RACCONTA LA SUA BOTTEGA DOVE DAL LEGNO NASCONO LE FISARMONICHE<br \/>\nLIVE E DISCO MUSIC BY DUNE MOSSE.\u00a0 MODERATORE, MIRKO MEZZACASA EDITORE RADIOFONICO E DIRETTORE DI RADIO PIU<\/p>\n<p>&nbsp;<\/p>\n<p>&nbsp;<\/p>\n<p>&nbsp;<\/p>\n<hr \/>\n<blockquote>\n<h3><\/h3>\n<h3>DOMANI IL RITORNO DELLA LUCCIOLATA SOLIDALE<\/h3>\n<\/blockquote>\n<p><strong>ALPAGO<\/strong> Ritorna la \u201cLucciolata\u201d domani\u00a0 alle 20.30 a Molini di Chies d&#8217;Alpago. Una passeggiata notturna di circa 3 Km che ha lo scopo di raccogliere fondi per l&#8217;Associazione Via di Natale di Aviano. Per gli organizzatori sar\u00e0 il modo migliore di ricordare un vecchio amico: Vittorio De Battista. Gi\u00e0 segretario dei donatori del sangue e nativo della contrada.<\/p>\n<p>&nbsp;<\/p>\n<p>&nbsp;<\/p>\n<hr \/>\n<p>&nbsp;<\/p>\n<blockquote>\n<h3><a class=\"dt-pswp-item\" href=\"https:\/\/www.radiopiu.net\/wordpress\/wp-content\/uploads\/2022\/09\/aaaa.jpg\" data-dt-img-description=\"\" data-large_image_width=\"140\" data-large_image_height=\"150\"><img loading=\"lazy\" decoding=\"async\" class=\" wp-image-296173 alignleft\" src=\"https:\/\/www.radiopiu.net\/wordpress\/wp-content\/uploads\/2022\/09\/aaaa.jpg\" alt=\"\" width=\"89\" height=\"95\" \/><\/a>DOMANI EVA POLLI A FORCELLA AURINE<\/h3>\n<\/blockquote>\n<p><strong>GOSALDO<\/strong> Per iniziativa della proloco, domani alle 16 al ristobar &#8220;Ghegi&#8221; a Forcella Aurine, presentazione del libro &#8220;Nel cuore smarrito della scuola&#8221; di Eva Polli.\u00a0 L&#8217;opera rimette la scuola ed i ragazzi al &#8220;centro del villaggio&#8221; nel recupero dell&#8217;essere e della sostanza. Tutto possibile grazie al sorriso, alla forza e al coraggio della protagonista Licia. Il pomeriggio culturale sar\u00e0 condotto dal giornalista Gianni Santomaso.<\/p>\n<p>&nbsp;<\/p>\n<p>&nbsp;<\/p>\n<hr \/>\n<p>&nbsp;<\/p>\n<blockquote>\n<h3>A CANALE CON LE MUSE E LE DOLOMITI<\/h3>\n<\/blockquote>\n<p><a class=\"dt-pswp-item\" href=\"https:\/\/www.radiopiu.net\/wordpress\/wp-content\/uploads\/2022\/08\/ConcertoSolidarieta\u03002021.jpeg\" data-dt-img-description=\"Le Muse e le Dolomiti - concerto di solidariet\u00e0 Midori Nmikawa soprano, Oda Zoe Hochscheid contralto, Hun Kim tenore, Kwang Park basso Coro Citt\u00e0 di Piazzolla sul Brenta dir.Paolo Piana\" data-large_image_width=\"1280\" data-large_image_height=\"853\"><img loading=\"lazy\" decoding=\"async\" class=\"wp-image-294261 alignleft\" src=\"https:\/\/www.radiopiu.net\/wordpress\/wp-content\/uploads\/2022\/08\/ConcertoSolidarieta\u03002021-300x200.jpeg\" alt=\"\" width=\"125\" height=\"83\" srcset=\"https:\/\/www.radiopiu.net\/wordpress\/wp-content\/uploads\/2022\/08\/ConcertoSolidarieta\u03002021-300x200.jpeg 300w, https:\/\/www.radiopiu.net\/wordpress\/wp-content\/uploads\/2022\/08\/ConcertoSolidarieta\u03002021-1024x682.jpeg 1024w, https:\/\/www.radiopiu.net\/wordpress\/wp-content\/uploads\/2022\/08\/ConcertoSolidarieta\u03002021-768x512.jpeg 768w, https:\/\/www.radiopiu.net\/wordpress\/wp-content\/uploads\/2022\/08\/ConcertoSolidarieta\u03002021.jpeg 1280w\" sizes=\"auto, (max-width: 125px) 100vw, 125px\" \/><\/a><strong>CANALE D&#8217;AGORDO <\/strong>Domani\u00a0 alle 20.30 con ingresso libero \u201cUna guarigione miracolosa\u201d con Candela Giarda. La giovane argentina racconter\u00e0 come lei, gravemente ammalata, \u00e8 tornata miracolosamente in salute. Moderer\u00e0 l&#8217;incontro Loris Serafini, direttore della Fondazione Papa Luciani di Canale d\u2019Agordo. \u201cLe Muse e le Dolomiti\u201d canteranno e suoneranno brani sacri\u00a0 con \u00a0la partecipazione del \u201cCoro Citt\u00e0 Piazzola sul Brenta\u201d,\u00a0 il mezzosoprano Oda Zoe Hochscheid, la violinista Myriam Dal Don e l\u2019organista Ai Yoshida<\/p>\n<p>&nbsp;<\/p>\n<p>&nbsp;<\/p>\n<hr \/>\n<p>&nbsp;<\/p>\n<blockquote>\n<h3><span id=\"page3R_mcid13\" class=\"markedContent\"><span dir=\"ltr\" role=\"presentation\">GARA SEZIONALE DI TIRO A SEGNO<\/span><\/span><\/h3>\n<\/blockquote>\n<p><strong><a class=\"dt-pswp-item\" href=\"https:\/\/www.radiopiu.net\/wordpress\/wp-content\/uploads\/2022\/09\/ALPINI.jpg\" data-dt-img-description=\"\" data-large_image_width=\"156\" data-large_image_height=\"132\"><img loading=\"lazy\" decoding=\"async\" class=\"wp-image-296315 alignleft\" src=\"https:\/\/www.radiopiu.net\/wordpress\/wp-content\/uploads\/2022\/09\/ALPINI-150x132.jpg\" alt=\"\" width=\"115\" height=\"101\" \/><\/a>FELTRE<\/strong> <span id=\"page3R_mcid18\" class=\"markedContent\"><span dir=\"ltr\" role=\"presentation\">Gli alpini di Feltre organizzano per domenica, in collaborazione con la locale sezione Tiro a Segno, la gara <\/span><span dir=\"ltr\" role=\"presentation\">sezionale di tiro con carabina calibro 2<\/span><span dir=\"ltr\" role=\"presentation\">2LR, riservata ai soci maggiorenni, ordinari e aggregati, e iscritti almeno <\/span><span dir=\"ltr\" role=\"presentation\">alla Sezione da almeno due anni. <\/span><\/span><span id=\"page3R_mcid19\" class=\"markedContent\"><span dir=\"ltr\" role=\"presentation\">La competizione\u00a0 avr\u00e0 luogo nel Poligono di Feltre a partire dalle 8.30, sar\u00e0 valida per l\u2019assegnazione <\/span><span dir=\"ltr\" role=\"presentation\">del 4\u00b0 Trofeo \u201cMaresciallo Angelo Zattoni\u201d e<\/span> <span dir=\"ltr\" role=\"presentation\">designer\u00e0 il migliore tiratore alpino della Sezione.<\/span><\/span><\/p>\n<p>&nbsp;<\/p>\n<p>&nbsp;<\/p>\n<hr \/>\n<p>&nbsp;<\/p>\n<blockquote>\n<h3>CON IL CAI SULLE DOLOMITI FRIULANE<\/h3>\n<\/blockquote>\n<p><strong><a class=\"dt-pswp-item\" href=\"https:\/\/www.radiopiu.net\/wordpress\/wp-content\/uploads\/2022\/09\/CAI-AGORDO.jpg\" data-dt-img-description=\"\" data-large_image_width=\"92\" data-large_image_height=\"74\"><img loading=\"lazy\" decoding=\"async\" class=\"size-full wp-image-296316 alignleft\" src=\"https:\/\/www.radiopiu.net\/wordpress\/wp-content\/uploads\/2022\/09\/CAI-AGORDO.jpg\" alt=\"\" width=\"92\" height=\"74\" \/><\/a>AGORDO<\/strong> Domenica escursione al Monte Ferrara (2258 metri) nel gruppo di Pramaggiore. Ritrovo in sede Cai alle 6.30, trasferimento con mezzi propri e pranzo al sacco. Informazioni al 380 6983040<\/p>\n<p>&nbsp;<\/p>\n<p>&nbsp;<\/p>\n<p><strong>di GIANNI SANTOMASO<\/strong><\/p>\n<audio class=\"wp-audio-shortcode\" id=\"audio-296267-5\" preload=\"none\" style=\"width: 100%;\" controls=\"controls\"><source type=\"audio\/mpeg\" src=\"https:\/\/www.radiopiu.net\/wordpress\/wp-content\/uploads\/2022\/09\/cai-agordo-gianni.mp3?_=5\" \/><a href=\"https:\/\/www.radiopiu.net\/wordpress\/wp-content\/uploads\/2022\/09\/cai-agordo-gianni.mp3\">https:\/\/www.radiopiu.net\/wordpress\/wp-content\/uploads\/2022\/09\/cai-agordo-gianni.mp3<\/a><\/audio>\n<p>&nbsp;<\/p>\n<hr \/>\n<p>&nbsp;<\/p>\n<blockquote>\n<h3>CINQUANT&#8217;ANNI CON GLI ALPINI DI FALCADE<\/h3>\n<\/blockquote>\n<p><a class=\"dt-pswp-item\" href=\"https:\/\/www.radiopiu.net\/wordpress\/wp-content\/uploads\/2022\/09\/aaaa-2.jpg\" data-dt-img-description=\"\" data-large_image_width=\"141\" data-large_image_height=\"127\"><img loading=\"lazy\" decoding=\"async\" class=\"wp-image-296314 alignleft\" src=\"https:\/\/www.radiopiu.net\/wordpress\/wp-content\/uploads\/2022\/09\/aaaa-2.jpg\" alt=\"\" width=\"123\" height=\"111\" \/><\/a><strong>FALCADE<\/strong> Domenica 18 settembre cerimonia per il 50esimo dalla fondazione del gruppo alpini di Falcade. Programma: 8.45 ritrovo sul piazzale della chiesa e messa con la partecipazione del Coro Val Biois. Dalle 9 annullo filatelico nella sede Ana di piazza del mercato. Alle 10.30 presentazione del libro &#8220;Il gruppo Alpini Falcade, dalle origini ai giorni nostri&#8221;.<\/p>\n<p>&nbsp;<\/p>\n<p>&nbsp;<\/p>\n<p>&nbsp;<\/p>\n<div class=\"page\" title=\"Page 1\">\n<div class=\"layoutArea\">\n<div class=\"column\">\n<p>&nbsp;<\/p>\n<hr \/>\n<p>&nbsp;<\/p>\n<\/div>\n<\/div>\n<\/div>\n<blockquote>\n<h3>AD AGORDO IL PRIMO MEMORIAL RINALDO ZASSO<\/h3>\n<\/blockquote>\n<p><strong>AGORDO <\/strong>Il Tennis Club Agordo ha organizzato per domenica 18 settembre la prima edizione del Memorial Rinaldo Zasso &#8220;Nazza&#8221;. Torneo di tennis doppio misto presso i campi di Agordo. Per informazioni 340 3134441<\/p>\n<p>&nbsp;<\/p>\n<p>&nbsp;<\/p>\n<hr \/>\n<p>&nbsp;<\/p>\n<blockquote>\n<h3>INIZIA IL CORSO LIS, PER LA LINGUA DEI SEGNI<\/h3>\n<\/blockquote>\n<p><strong>SANTA GIUSTINA <\/strong>Sono aperte le iscrizioni al Corso LIS &#8211; Lingua dei segni italiana di primo livello, promosso dalla sezione bellunese dell\u2019ENS-Ente Nazionale Sordi e dalla cooperativa Blhyster. Il corso \u00e8 aperto a tutti coloro che sono interessati a conoscere la cultura sorda e desiderano acquisire le basi della lingua dei segni italiana e gli strumenti necessari per comunicare con le persone sorde. Non sono richiesti particolari requisiti per l\u2019accesso. Il percorso \u00e8 particolarmente indicato per educatori, docenti, operatori del settore sociale e sanitario. Il programma didattico del corso si sviluppa in 155 ore di lezione e comprende LIS pratica (135 ore); grammatica LIS (10 ore) e discipline complementari (10 ore). Le lezioni si svolgeranno da ottobre a maggio ogni luned\u00ec e gioved\u00ec dalle 17:30 alle 20:30, presso l&#8217;oratorio della parrocchia, in Piazza Maggiore, a Santa Giustina.<\/p>\n<p>&nbsp;<\/p>\n<hr \/>\n<p>&nbsp;<\/p>\n<p>&nbsp;<\/p>\n<blockquote>\n<h3>AD AGORDO L&#8217;AULA STUDI PER I RAGAZZI DELLE SCUOLE SUPERIORI E MEDIE<\/h3>\n<\/blockquote>\n<p><strong>AGORDO<\/strong> Novit\u00e0 per gli studenti delle scuole superiori e medie di Agordo. In Via 27 Aprile arriva l&#8217;aula studi, un modo diverso per studiare in compagnia. Gloria, Lorena e Giada aspettano gli studenti dalle 14 alle 18:30 (anche con pranzo al sacco dalle 13) tutti i giorni dal luned\u00ec al venerd\u00ec. Su appuntamento anche tutoraggio dei compiti, potenziamento del metodo di studio e dal luned\u00ec al mercoled\u00ec dalle 14 perfezionamento della lingua inglese, francese e spagnola.<strong>\u00a0<\/strong><\/p>\n<p><strong>L&#8217;INVITO\u00a0<\/strong><\/p>\n<audio class=\"wp-audio-shortcode\" id=\"audio-296267-6\" preload=\"none\" style=\"width: 100%;\" controls=\"controls\"><source type=\"audio\/mpeg\" src=\"https:\/\/www.radiopiu.net\/wordpress\/wp-content\/uploads\/2022\/09\/AULA-INCONTRI.mp3?_=6\" \/><a href=\"https:\/\/www.radiopiu.net\/wordpress\/wp-content\/uploads\/2022\/09\/AULA-INCONTRI.mp3\">https:\/\/www.radiopiu.net\/wordpress\/wp-content\/uploads\/2022\/09\/AULA-INCONTRI.mp3<\/a><\/audio>\n<p>&nbsp;<\/p>\n<p>&nbsp;<\/p>\n<hr \/>\n<p>&nbsp;<\/p>\n<blockquote>\n<h3>LA MELA DI AISM<\/h3>\n<\/blockquote>\n<p><strong>BELLUNO <\/strong>Sabato 1, domenica 2 e marted\u00ec 4 ottobre, in vari Comuni della Provincia di Belluno si svolger\u00e0 l\u2019evento d\u2019informazione, sensibilizzazione e raccolta fondi \u201cLa Mela di AISM\u201d, diretto a garantire e potenziare i servizi destinati a persone con sclerosi multipla. Per le prenotazioni del sacchetto di mele da 1,800 chilogrammi contattare lo 0437-981680 o 366-6125610. Le prenotazioni sono aperte fino al 20 settembre.<\/p>\n<p>&nbsp;<\/p>\n<hr \/>\n<p>&nbsp;<\/p>\n<blockquote>\n<h3>RIPARTONO I CORSI DELL&#8217;ADA<\/h3>\n<\/blockquote>\n<p>DI GIANNI SANTOMASO<\/p>\n<audio class=\"wp-audio-shortcode\" id=\"audio-296267-7\" preload=\"none\" style=\"width: 100%;\" controls=\"controls\"><source type=\"audio\/mpeg\" src=\"https:\/\/www.radiopiu.net\/wordpress\/wp-content\/uploads\/2022\/09\/ripartenza-corsi-ada-gianni.mp3?_=7\" \/><a href=\"https:\/\/www.radiopiu.net\/wordpress\/wp-content\/uploads\/2022\/09\/ripartenza-corsi-ada-gianni.mp3\">https:\/\/www.radiopiu.net\/wordpress\/wp-content\/uploads\/2022\/09\/ripartenza-corsi-ada-gianni.mp3<\/a><\/audio>\n<p>&nbsp;<\/p>\n<div style=\"width: 848px;\" class=\"wp-video\"><video class=\"wp-video-shortcode\" id=\"video-296267-1\" width=\"848\" height=\"480\" preload=\"metadata\" controls=\"controls\"><source type=\"video\/mp4\" src=\"https:\/\/www.radiopiu.net\/wordpress\/wp-content\/uploads\/2022\/08\/WhatsApp-Video-2022-08-30-at-17.21.20.mp4?_=1\" \/><a href=\"https:\/\/www.radiopiu.net\/wordpress\/wp-content\/uploads\/2022\/08\/WhatsApp-Video-2022-08-30-at-17.21.20.mp4\">https:\/\/www.radiopiu.net\/wordpress\/wp-content\/uploads\/2022\/08\/WhatsApp-Video-2022-08-30-at-17.21.20.mp4<\/a><\/video><\/div>\n<p>&nbsp;<\/p>\n<p>&nbsp;<\/p>\n<p>&nbsp;<\/p>\n<hr \/>\n<p>&nbsp;<\/p>\n<blockquote>\n<h3>GLI ALICE FOR PRESIDENT A SANREMO ROCK. BELLUNESI DOC<\/h3>\n<\/blockquote>\n<p>&nbsp;<\/p>\n<p><strong><a class=\"dt-pswp-item\" href=\"https:\/\/www.radiopiu.net\/wordpress\/wp-content\/uploads\/2022\/09\/298154575_469837508483553_2253105508200798226_n.jpg\" data-dt-img-description=\"\" data-large_image_width=\"959\" data-large_image_height=\"640\"><img loading=\"lazy\" decoding=\"async\" class=\" wp-image-296380 alignleft\" src=\"https:\/\/www.radiopiu.net\/wordpress\/wp-content\/uploads\/2022\/09\/298154575_469837508483553_2253105508200798226_n-150x150.jpg\" alt=\"\" width=\"126\" height=\"126\" \/><\/a>SANREMO <\/strong>Gli Alice For President si sono esibiti sul palco dell&#8217;Ariston. Una bella esibizione del gruppo bellunese. Sul palco si sono esibiti alle 17:10 riscontrando un ottimo giudizio della giuria di Sanremo Rock. Complimenti ai ragazzi bellunesi che si sono fatti valere nel Teatro Ariston al Sanremo Rock Festival. Gi\u00e0 lo scorso anno non erano passati inosservati, come non \u00e8 passata inosservata la continua crescita del gruppo. Dalla voce che piace ad un impasto musicale attuale e d&#8217;altri tempi. Da esserne orgogliosi di queste &#8220;mosche bianche&#8221; tra le crode bellunesi.<\/p>\n<p>&nbsp;<\/p>\n<p><strong>GLI ALICE FOR PRESIDENT DOPO L&#8217;ESIBIZIONE<\/strong><\/p>\n<audio class=\"wp-audio-shortcode\" id=\"audio-296267-8\" preload=\"none\" style=\"width: 100%;\" controls=\"controls\"><source type=\"audio\/mpeg\" src=\"https:\/\/www.radiopiu.net\/wordpress\/wp-content\/uploads\/2022\/09\/ALICE-FOR-PRESIDENT.mp3?_=8\" \/><a href=\"https:\/\/www.radiopiu.net\/wordpress\/wp-content\/uploads\/2022\/09\/ALICE-FOR-PRESIDENT.mp3\">https:\/\/www.radiopiu.net\/wordpress\/wp-content\/uploads\/2022\/09\/ALICE-FOR-PRESIDENT.mp3<\/a><\/audio>\n<p>&nbsp;<\/p>\n<p><strong>LA GIURIA, GLI ELOGI<\/strong><\/p>\n<audio class=\"wp-audio-shortcode\" id=\"audio-296267-9\" preload=\"none\" style=\"width: 100%;\" controls=\"controls\"><source type=\"audio\/mpeg\" src=\"https:\/\/www.radiopiu.net\/wordpress\/wp-content\/uploads\/2022\/09\/INTERVISTA-ALICE-FOR-PRESIDENTE-POST.mp3?_=9\" \/><a href=\"https:\/\/www.radiopiu.net\/wordpress\/wp-content\/uploads\/2022\/09\/INTERVISTA-ALICE-FOR-PRESIDENTE-POST.mp3\">https:\/\/www.radiopiu.net\/wordpress\/wp-content\/uploads\/2022\/09\/INTERVISTA-ALICE-FOR-PRESIDENTE-POST.mp3<\/a><\/audio>\n<p>&nbsp;<\/p>\n<p><strong>\u00a0DIETRO LE QUINTE<\/strong><\/p>\n\n\t\t\t<style type='text\/css'>\n\t\t\t\t#gallery-3 {\n\t\t\t\t\tmargin: auto;\n\t\t\t\t}\n\t\t\t\t#gallery-3 .gallery-item {\n\t\t\t\t\tfloat: left;\n\t\t\t\t\tmargin-top: 10px;\n\t\t\t\t\ttext-align: center;\n\t\t\t\t\twidth: 50%;\n\t\t\t\t}\n\t\t\t\t#gallery-3 img {\n\t\t\t\t\tborder: 2px solid #cfcfcf;\n\t\t\t\t}\n\t\t\t\t#gallery-3 .gallery-caption {\n\t\t\t\t\tmargin-left: 0;\n\t\t\t\t}\n\t\t\t\t\/* see gallery_shortcode() in wp-includes\/media.php *\/\n\t\t\t<\/style>\n\t\t<div id='gallery-3' class='dt-gallery-container gallery galleryid-296267 gallery-columns-2 gallery-size-medium'><dl class='gallery-item'>\n\t\t\t\t<dt class='gallery-icon landscape'>\n\t\t\t\t\t<a class=\"rollover rollover-zoom dt-pswp-item\" title=\"fdc499de-7ffc-4c60-9374-858d8de9e245\" data-dt-img-description=\"\" data-large_image_width=\"1920\" data-large_image_height=\"1080\"href='https:\/\/www.radiopiu.net\/wordpress\/wp-content\/uploads\/2022\/09\/fdc499de-7ffc-4c60-9374-858d8de9e245.jpg'><img loading=\"lazy\" decoding=\"async\" width=\"300\" height=\"169\" src=\"https:\/\/www.radiopiu.net\/wordpress\/wp-content\/uploads\/2022\/09\/fdc499de-7ffc-4c60-9374-858d8de9e245-300x169.jpg\" class=\"attachment-medium size-medium\" alt=\"\" srcset=\"https:\/\/www.radiopiu.net\/wordpress\/wp-content\/uploads\/2022\/09\/fdc499de-7ffc-4c60-9374-858d8de9e245-300x169.jpg 300w, https:\/\/www.radiopiu.net\/wordpress\/wp-content\/uploads\/2022\/09\/fdc499de-7ffc-4c60-9374-858d8de9e245-1024x576.jpg 1024w, https:\/\/www.radiopiu.net\/wordpress\/wp-content\/uploads\/2022\/09\/fdc499de-7ffc-4c60-9374-858d8de9e245-768x432.jpg 768w, https:\/\/www.radiopiu.net\/wordpress\/wp-content\/uploads\/2022\/09\/fdc499de-7ffc-4c60-9374-858d8de9e245-1536x864.jpg 1536w, https:\/\/www.radiopiu.net\/wordpress\/wp-content\/uploads\/2022\/09\/fdc499de-7ffc-4c60-9374-858d8de9e245.jpg 1920w\" sizes=\"auto, (max-width: 300px) 100vw, 300px\" \/><\/a>\n\t\t\t\t<\/dt><\/dl><dl class='gallery-item'>\n\t\t\t\t<dt class='gallery-icon landscape'>\n\t\t\t\t\t<a class=\"rollover rollover-zoom dt-pswp-item\" title=\"984a4aa8-e341-4d82-9f22-5e14eb6bfb6f\" data-dt-img-description=\"\" data-large_image_width=\"1920\" data-large_image_height=\"1080\"href='https:\/\/www.radiopiu.net\/wordpress\/wp-content\/uploads\/2022\/09\/984a4aa8-e341-4d82-9f22-5e14eb6bfb6f.jpg'><img loading=\"lazy\" decoding=\"async\" width=\"300\" height=\"169\" src=\"https:\/\/www.radiopiu.net\/wordpress\/wp-content\/uploads\/2022\/09\/984a4aa8-e341-4d82-9f22-5e14eb6bfb6f-300x169.jpg\" class=\"attachment-medium size-medium\" alt=\"\" srcset=\"https:\/\/www.radiopiu.net\/wordpress\/wp-content\/uploads\/2022\/09\/984a4aa8-e341-4d82-9f22-5e14eb6bfb6f-300x169.jpg 300w, https:\/\/www.radiopiu.net\/wordpress\/wp-content\/uploads\/2022\/09\/984a4aa8-e341-4d82-9f22-5e14eb6bfb6f-1024x576.jpg 1024w, https:\/\/www.radiopiu.net\/wordpress\/wp-content\/uploads\/2022\/09\/984a4aa8-e341-4d82-9f22-5e14eb6bfb6f-768x432.jpg 768w, https:\/\/www.radiopiu.net\/wordpress\/wp-content\/uploads\/2022\/09\/984a4aa8-e341-4d82-9f22-5e14eb6bfb6f-1536x864.jpg 1536w, https:\/\/www.radiopiu.net\/wordpress\/wp-content\/uploads\/2022\/09\/984a4aa8-e341-4d82-9f22-5e14eb6bfb6f.jpg 1920w\" sizes=\"auto, (max-width: 300px) 100vw, 300px\" \/><\/a>\n\t\t\t\t<\/dt><\/dl><br style=\"clear: both\" \/>\n\t\t\t<\/div>\n\n<p>&nbsp;<\/p>\n<div style=\"width: 1200px;\" class=\"wp-video\"><video class=\"wp-video-shortcode\" id=\"video-296267-2\" width=\"1200\" height=\"675\" preload=\"metadata\" controls=\"controls\"><source type=\"video\/mp4\" src=\"https:\/\/www.radiopiu.net\/wordpress\/wp-content\/uploads\/2022\/09\/WhatsApp-Video-2022-09-08-at-19.58.59-1.mp4?_=2\" \/><a href=\"https:\/\/www.radiopiu.net\/wordpress\/wp-content\/uploads\/2022\/09\/WhatsApp-Video-2022-09-08-at-19.58.59-1.mp4\">https:\/\/www.radiopiu.net\/wordpress\/wp-content\/uploads\/2022\/09\/WhatsApp-Video-2022-09-08-at-19.58.59-1.mp4<\/a><\/video><\/div>\n<p>&nbsp;<\/p>\n<p>&nbsp;<\/p>\n<p>&nbsp;<\/p>\n<p>&nbsp;<\/p>\n<hr \/>\n<p>&nbsp;<\/p>\n<h2><span style=\"color: #ff0000;\">IERI ALLA RADIO<\/span><\/h2>\n<blockquote>\n<h2>SABATO E DOMENICA A SANTA FOSCA LA DESMONTEGADA, DECIMA EDIZIONE<\/h2>\n<\/blockquote>\n<p><strong><img loading=\"lazy\" decoding=\"async\" class=\"alignleft\" src=\"https:\/\/www.radiopiu.net\/wordpress\/wp-content\/uploads\/2022\/03\/254026600_962124181039693_1306450083412456774_n.png\" width=\"202\" height=\"155\" \/>PRESIDENTE PROLOCO VAL FIORENTINA ALICE DALL&#8217;ACQUA<\/strong><\/p>\n<p>&nbsp;<\/p>\n<audio class=\"wp-audio-shortcode\" id=\"audio-296267-10\" preload=\"none\" style=\"width: 100%;\" controls=\"controls\"><source type=\"audio\/mpeg\" src=\"https:\/\/www.radiopiu.net\/wordpress\/wp-content\/uploads\/2022\/09\/alice-dall-acqua-8-settembre.mp3?_=10\" \/><a href=\"https:\/\/www.radiopiu.net\/wordpress\/wp-content\/uploads\/2022\/09\/alice-dall-acqua-8-settembre.mp3\">https:\/\/www.radiopiu.net\/wordpress\/wp-content\/uploads\/2022\/09\/alice-dall-acqua-8-settembre.mp3<\/a><\/audio>\n<p>&nbsp;<\/p>\n<p>&nbsp;<\/p>\n<hr \/>\n<p>&nbsp;<\/p>\n<div>\n<div class=\"b654a4as d2edcug0\">\n<div class=\"rq0escxv hkbzh7o3 jwdofwj8 n8tt0mok r8blr3vg hyh9befq\">\n<p><a class=\"dt-pswp-item\" href=\"https:\/\/www.radiopiu.net\/wordpress\/wp-content\/uploads\/2020\/10\/pp.jpg\" data-dt-img-description=\"\" data-large_image_width=\"640\" data-large_image_height=\"640\"><img loading=\"lazy\" decoding=\"async\" class=\"wp-image-163678 alignleft\" src=\"https:\/\/www.radiopiu.net\/wordpress\/wp-content\/uploads\/2020\/10\/pp-300x300.jpg\" alt=\"\" width=\"106\" height=\"106\" srcset=\"https:\/\/www.radiopiu.net\/wordpress\/wp-content\/uploads\/2020\/10\/pp-300x300.jpg 300w, https:\/\/www.radiopiu.net\/wordpress\/wp-content\/uploads\/2020\/10\/pp-150x150.jpg 150w, https:\/\/www.radiopiu.net\/wordpress\/wp-content\/uploads\/2020\/10\/pp-125x125.jpg 125w, https:\/\/www.radiopiu.net\/wordpress\/wp-content\/uploads\/2020\/10\/pp-200x200.jpg 200w, https:\/\/www.radiopiu.net\/wordpress\/wp-content\/uploads\/2020\/10\/pp-80x80.jpg 80w, https:\/\/www.radiopiu.net\/wordpress\/wp-content\/uploads\/2020\/10\/pp-480x480.jpg 480w, https:\/\/www.radiopiu.net\/wordpress\/wp-content\/uploads\/2020\/10\/pp.jpg 640w\" sizes=\"auto, (max-width: 106px) 100vw, 106px\" \/><\/a><\/p>\n<\/div>\n<\/div>\n<\/div>\n<div>\n<div class=\"page-title-head hgroup\">\n<div class=\"page-title-head hgroup\">\n<div class=\"b654a4as d2edcug0\">\n<div class=\"j83agx80 btwxx1t3 lhclo0ds hop8lmos nkwizq5d scwd0bx6 roh60bw9\">\n<div class=\"rq0escxv hkbzh7o3 jwdofwj8 n8tt0mok r8blr3vg hyh9befq\">\n<div class=\"do00u71z l9j0dhe7 k4urcfbm\">\n<h2><span style=\"color: #000080;\">DON CESARE, IL PENSIERO DEL GIORNO. ALLA RADIO ALLE 7 DEL MATTINO E ALLE 19.30 DELLA SERA.\u00a0<\/span><\/h2>\n<\/div>\n<\/div>\n<\/div>\n<\/div>\n<\/div>\n<\/div>\n<\/div>\n<div class=\"do00u71z l9j0dhe7 k4urcfbm\">\n<div class=\"page-title-head hgroup\">\n<div class=\"page-title-head hgroup\">\n<div class=\"b654a4as d2edcug0\">\n<div class=\"j83agx80 btwxx1t3 lhclo0ds hop8lmos nkwizq5d scwd0bx6 roh60bw9\">\n<div class=\"rq0escxv hkbzh7o3 jwdofwj8 n8tt0mok r8blr3vg hyh9befq\">\n<div class=\"do00u71z l9j0dhe7 k4urcfbm\">\n<div class=\"page-title-head hgroup\">\n<div class=\"page-title-head hgroup\">\n<div class=\"b654a4as d2edcug0\">\n<div class=\"j83agx80 btwxx1t3 lhclo0ds hop8lmos nkwizq5d scwd0bx6 roh60bw9\">\n<div class=\"rq0escxv hkbzh7o3 jwdofwj8 n8tt0mok r8blr3vg hyh9befq\">\n<div class=\"do00u71z l9j0dhe7 k4urcfbm\">\n<div class=\"ecm0bbzt e5nlhep0 a8c37x1j\">\n<div class=\"kvgmc6g5 cxmmr5t8 oygrvhab hcukyx3x c1et5uql\">\n<div class=\"gmail-kvgmc6g5 gmail-cxmmr5t8 gmail-oygrvhab gmail-hcukyx3x gmail-c1et5uql gmail-ii04i59q\">\n<div class=\"page-title-head hgroup\">\n<div class=\"page-title-head hgroup\">\n<div class=\"b654a4as d2edcug0\">\n<div class=\"j83agx80 btwxx1t3 lhclo0ds hop8lmos nkwizq5d scwd0bx6 roh60bw9\">\n<div class=\"rq0escxv hkbzh7o3 jwdofwj8 n8tt0mok r8blr3vg hyh9befq\">\n<div class=\"do00u71z l9j0dhe7 k4urcfbm\">\n<div class=\"page-title-head hgroup\">\n<div class=\"page-title-head hgroup\">\n<div class=\"b654a4as d2edcug0\">\n<div class=\"j83agx80 btwxx1t3 lhclo0ds hop8lmos nkwizq5d scwd0bx6 roh60bw9\">\n<div class=\"rq0escxv hkbzh7o3 jwdofwj8 n8tt0mok r8blr3vg hyh9befq\">\n<div class=\"do00u71z l9j0dhe7 k4urcfbm\">\n<div class=\"page-title-head hgroup\">\n<div class=\"page-title-head hgroup\">\n<div class=\"b654a4as d2edcug0\">\n<div class=\"j83agx80 btwxx1t3 lhclo0ds hop8lmos nkwizq5d scwd0bx6 roh60bw9\">\n<div class=\"rq0escxv hkbzh7o3 jwdofwj8 n8tt0mok r8blr3vg hyh9befq\">\n<div class=\"do00u71z l9j0dhe7 k4urcfbm\">\n<div class=\"ecm0bbzt e5nlhep0 a8c37x1j\">\n<div class=\"kvgmc6g5 cxmmr5t8 oygrvhab hcukyx3x c1et5uql\">\n<div class=\"gmail-kvgmc6g5 gmail-cxmmr5t8 gmail-oygrvhab gmail-hcukyx3x gmail-c1et5uql gmail-ii04i59q\">\n<div class=\"page-title-head hgroup\">\n<div class=\"page-title-head hgroup\">\n<div class=\"b654a4as d2edcug0\">\n<div class=\"j83agx80 btwxx1t3 lhclo0ds hop8lmos nkwizq5d scwd0bx6 roh60bw9\">\n<div class=\"rq0escxv hkbzh7o3 jwdofwj8 n8tt0mok r8blr3vg hyh9befq\">\n<div class=\"do00u71z l9j0dhe7 k4urcfbm\">\n<audio class=\"wp-audio-shortcode\" id=\"audio-296267-11\" preload=\"none\" style=\"width: 100%;\" controls=\"controls\"><source type=\"audio\/mpeg\" src=\"https:\/\/www.radiopiu.net\/wordpress\/wp-content\/uploads\/2022\/09\/cesare.mp3?_=11\" \/><a href=\"https:\/\/www.radiopiu.net\/wordpress\/wp-content\/uploads\/2022\/09\/cesare.mp3\">https:\/\/www.radiopiu.net\/wordpress\/wp-content\/uploads\/2022\/09\/cesare.mp3<\/a><\/audio>\n<\/div>\n<div class=\"do00u71z l9j0dhe7 k4urcfbm\">\n<p>&nbsp;<\/p>\n<hr \/>\n<p>&nbsp;<\/p>\n<p><span style=\"color: #0000ff;\">MUSICA PIU&#8217;\u00a0<\/span><\/p>\n<p><a href=\"https:\/\/www.radiopiu.net\/wordpress\/giornale-radiopiu-20-settembre-2021-direttore-mirko-mezzacasa\/pp-79\/\" rel=\"attachment wp-att-232921\"><img loading=\"lazy\" decoding=\"async\" class=\"wp-image-232921 alignleft\" src=\"https:\/\/www.radiopiu.net\/wordpress\/wp-content\/uploads\/2021\/09\/pp-1-300x300.jpg\" alt=\"\" width=\"135\" height=\"135\" srcset=\"https:\/\/www.radiopiu.net\/wordpress\/wp-content\/uploads\/2021\/09\/pp-1-300x300.jpg 300w, https:\/\/www.radiopiu.net\/wordpress\/wp-content\/uploads\/2021\/09\/pp-1-150x150.jpg 150w, https:\/\/www.radiopiu.net\/wordpress\/wp-content\/uploads\/2021\/09\/pp-1.jpg 640w\" sizes=\"auto, (max-width: 135px) 100vw, 135px\" \/><\/a><\/p>\n<div class=\"mkdf-post-text\">\n<div class=\"mkdf-post-text-inner\">\n<div class=\"mkdf-post-text-main\">\n<div class=\"mkdf-post-text\">\n<div class=\"mkdf-post-text-inner\">\n<div class=\"mkdf-post-text-main\">\n<div class=\"mkdf-post-text\">\n<div class=\"mkdf-post-text-inner\">\n<div class=\"mkdf-post-text-main\">\n<div class=\"page-title-head hgroup\">\n<div class=\"page-title-head hgroup\">\n<div class=\"mkdf-post-text\">\n<div class=\"mkdf-post-text-inner\">\n<div class=\"mkdf-post-text-main\">\n<div class=\"mkdf-post-text\">\n<div class=\"mkdf-post-text-inner\">\n<div class=\"mkdf-post-text-main\">\n<div class=\"page-title-head hgroup\">\n<div class=\"page-title-head hgroup\">\n<div class=\"page-title-head hgroup\">\n<div class=\"page-title-head hgroup\">\n<div class=\"b654a4as d2edcug0\">\n<div class=\"page-title-head hgroup\">\n<div class=\"page-title-head hgroup\">\n<div class=\"page-title-head hgroup\">\n<div class=\"page-title-head hgroup\">\n<div class=\"b654a4as d2edcug0\">\n<div class=\"page-title-head hgroup\">\n<div class=\"page-title-head hgroup\">\n<div class=\"page-title-head hgroup\">\n<div class=\"page-title-head hgroup\">\n<div class=\"b654a4as d2edcug0\">\n<div class=\"mkdf-post-text\">\n<div class=\"mkdf-post-text-inner\">\n<div class=\"mkdf-post-text-main\">\n<div class=\"mkdf-post-text\">\n<div class=\"mkdf-post-text-inner\">\n<div class=\"mkdf-post-text-main\">\n<div class=\"mkdf-post-text\">\n<div class=\"mkdf-post-text-inner\">\n<div class=\"mkdf-post-text-main\">\n<div class=\"page-title-head hgroup\">\n<div class=\"page-title-head hgroup\">\n<div class=\"mkdf-post-text\">\n<div class=\"mkdf-post-text-inner\">\n<div class=\"mkdf-post-text-main\">\n<div class=\"mkdf-post-text\">\n<div class=\"mkdf-post-text-inner\">\n<div class=\"mkdf-post-text-main\">\n<div class=\"page-title-head hgroup\">\n<div class=\"page-title-head hgroup\">\n<div class=\"page-title-head hgroup\">\n<div class=\"page-title-head hgroup\">\n<div class=\"b654a4as d2edcug0\">\n<div class=\"page-title-head hgroup\">\n<div class=\"page-title-head hgroup\">\n<div class=\"page-title-head hgroup\">\n<div class=\"page-title-head hgroup\">\n<div class=\"b654a4as d2edcug0\">\n<div class=\"page-title-head hgroup\">\n<div class=\"page-title-head hgroup\">\n<div class=\"page-title-head hgroup\">\n<div class=\"page-title-head hgroup\">\n<div class=\"b654a4as d2edcug0\">\n<div><\/div>\n<div><\/div>\n<div>\n<p><strong>MUSICA ALLA RADIO, IL PROGRAMMA DI LORIS SCUSSEL &#8220;COLLAGE OPERAZIONE NOSTALGIA&#8221; DAL LUNEDI AL VENERDI ALLE 16.00\u00a0 E ALLE 23\u00a0<\/strong><\/p>\n<\/div>\n<\/div>\n<p>&nbsp;<\/p>\n<\/div>\n<\/div>\n<\/div>\n<\/div>\n<\/div>\n<\/div>\n<\/div>\n<\/div>\n<\/div>\n<\/div>\n<\/div>\n<\/div>\n<\/div>\n<\/div>\n<\/div>\n<\/div>\n<\/div>\n<\/div>\n<\/div>\n<\/div>\n<\/div>\n<\/div>\n<\/div>\n<\/div>\n<\/div>\n<\/div>\n<\/div>\n<\/div>\n<\/div>\n<\/div>\n<\/div>\n<\/div>\n<\/div>\n<\/div>\n<\/div>\n<\/div>\n<\/div>\n<\/div>\n<\/div>\n<\/div>\n<\/div>\n<\/div>\n<\/div>\n<\/div>\n<\/div>\n<\/div>\n<\/div>\n<\/div>\n<\/div>\n<\/div>\n<\/div>\n<\/div>\n<\/div>\n<\/div>\n<\/div>\n<\/div>\n<\/div>\n<\/div>\n<\/div>\n<\/div>\n<\/div>\n<\/div>\n<\/div>\n<div>\n<div class=\"page-title-head hgroup\">\n<div class=\"page-title-head hgroup\">\n<div class=\"page-title-head hgroup\">\n<div class=\"page-title-head hgroup\">\n<div class=\"b654a4as d2edcug0\">\n<div class=\"page-title-head hgroup\">\n<div class=\"page-title-head hgroup\">\n<div class=\"page-title-head hgroup\">\n<div class=\"page-title-head hgroup\">\n<div class=\"b654a4as d2edcug0\">\n<div class=\"page-title-head hgroup\">\n<div class=\"page-title-head hgroup\">\n<div class=\"page-title-head hgroup\">\n<div class=\"page-title-head hgroup\">\n<div class=\"page-title-head hgroup\">\n<div class=\"page-title-head hgroup\">\n<div class=\"page-title-head hgroup\">\n<div class=\"page-title-head hgroup\">\n<div class=\"page-title-head hgroup\">\n<div class=\"b654a4as d2edcug0\">\n<div class=\"page-title-head hgroup\">\n<div class=\"page-title-head hgroup\">\n<div class=\"page-title-head hgroup\">\n<div class=\"page-title-head hgroup\">\n<div class=\"b654a4as d2edcug0\">\n<div class=\"page-title-head hgroup\">\n<div class=\"page-title-head hgroup\">\n<div class=\"page-title-head hgroup\">\n<div class=\"page-title-head hgroup\">\n<div class=\"page-title-head hgroup\">\n<div class=\"mkdf-post-text\">\n<div class=\"mkdf-post-text-inner\">\n<div class=\"mkdf-post-text-main\">\n<div class=\"mkdf-post-text\">\n<div class=\"mkdf-post-text-inner\">\n<div class=\"mkdf-post-text-main\">\n<div class=\"mkdf-post-text\">\n<div class=\"mkdf-post-text-inner\">\n<div class=\"mkdf-post-text-main\">\n<div class=\"page-title-head hgroup\">\n<div class=\"page-title-head hgroup\">\n<div class=\"mkdf-post-text\">\n<div class=\"mkdf-post-text-inner\">\n<div class=\"mkdf-post-text-main\">\n<div class=\"mkdf-post-text\">\n<div class=\"mkdf-post-text-inner\">\n<div class=\"mkdf-post-text-main\">\n<div class=\"page-title-head hgroup\">\n<div class=\"page-title-head hgroup\">\n<div class=\"page-title-head hgroup\">\n<div class=\"page-title-head hgroup\">\n<div class=\"b654a4as d2edcug0\">\n<div class=\"page-title-head hgroup\">\n<div class=\"page-title-head hgroup\">\n<div class=\"page-title-head hgroup\">\n<div class=\"page-title-head hgroup\">\n<div class=\"b654a4as d2edcug0\">\n<div class=\"page-title-head hgroup\">\n<div class=\"page-title-head hgroup\">\n<div class=\"page-title-head hgroup\">\n<p>&nbsp;<\/p>\n<p>&nbsp;<\/p>\n<p>&nbsp;<\/p>\n<p>&nbsp;<\/p>\n<hr \/>\n<p>&nbsp;<\/p>\n<p><a class=\"dt-pswp-item\" href=\"https:\/\/www.radiopiu.net\/wordpress\/wp-content\/uploads\/2018\/09\/WhatsApp-Image-2018-09-20-at-16.04.06.jpeg\" data-dt-img-description=\"\" data-large_image_width=\"800\" data-large_image_height=\"100\"><img loading=\"lazy\" decoding=\"async\" class=\"aligncenter wp-image-61378 size-full\" src=\"https:\/\/www.radiopiu.net\/wordpress\/wp-content\/uploads\/2018\/09\/WhatsApp-Image-2018-09-20-at-16.04.06.jpeg\" alt=\"\" width=\"800\" height=\"100\" srcset=\"https:\/\/www.radiopiu.net\/wordpress\/wp-content\/uploads\/2018\/09\/WhatsApp-Image-2018-09-20-at-16.04.06.jpeg 800w, https:\/\/www.radiopiu.net\/wordpress\/wp-content\/uploads\/2018\/09\/WhatsApp-Image-2018-09-20-at-16.04.06-300x38.jpeg 300w, https:\/\/www.radiopiu.net\/wordpress\/wp-content\/uploads\/2018\/09\/WhatsApp-Image-2018-09-20-at-16.04.06-768x96.jpeg 768w\" sizes=\"auto, (max-width: 800px) 100vw, 800px\" \/><\/a><\/p>\n<p>&nbsp;<\/p>\n<p><center><b>Venerdi 9<\/b><\/center><b>Tempo atteso: <\/b>Ampi rasserenamenti nottetempo e lunghi tratti soleggiati nella prima parte del mattino, senza scartare l&#8217;insidia di nubi basse su alcuni settori prealpini e sul Cadore, in dissolvimento dopo il sorgere del sole. Entro le ore centrali del giorno crescente nuvolosit\u00e0, anche cumuliforme, e ripresa dell&#8217;instabilit\u00e0 con alto rischio di rovesci e temporali pressoch\u00e9 ovunque nel corso del pomeriggio. Contesto termico pi\u00f9 fresco, quasi freddo sulle cime pi\u00f9 alte.<br \/>\n<b>Precipitazioni: <\/b>Inizialmente assenti (0%), ma entro le ore centrali del giorno non esclusi del tutto i primi sporadici fenomeni (10-20%), anche 30\/40%) su Prealpi . Al pomeriggio ripresa dell&#8217;instabilit\u00e0 con rovesci e temporali sparsi (70\/80%). La neve torner\u00e0 sulle cime dolomitiche pi\u00f9 alte, oltre i 2900-3000 m. Gli apporti saranno molto irregolari: 2-15 mm, localmente anche di pi\u00f9 in caso di temporale stazionario.<br \/>\n<b>Temperature: <\/b>In generale ulteriore calo; eccetto lieve ripresa delle massime nei fondovalle pi\u00f9 assolati. Le minime saranno osservate alla sera. Su Prealpi a 1500 m min 10\u00b0C, max 13\u00b0C; a 2000 m min 7\u00b0C, max 10\u00b0C. Su Dolomiti a 2000 m min 6\u00b0C, max 8\u00b0C; a 3000 m min 1\u00b0C, max 2\u00b0C.<br \/>\n<b>Venti: <\/b>Nelle valli deboli di direzione variabile, salvo temporanei rinforzi per instabilit\u00e0; in quota perlopi\u00f9 moderati da sud sud-est, in rotazione a nord alla sera, a 5-15 km\/h a 2000 m e 15-25 km\/h a 3000 m.<\/p>\n<hr \/>\n<p><center><b>Sabato 10<\/b><\/center><b>Tempo atteso: <\/b>Al mattino cielo sereno, aria tersa e ottima visibilit\u00e0, salvo locali banchi di nubi basse su alcuni settori prealpini, in rapido dissolvimento. Al pomeriggio attivit\u00e0 cumuliforme irregolare, localmente intensa e associata a qualche fenomeno sulle Dolomiti, maggiore instabilit\u00e0 tra Prealpi e pedemontana. Contesto termico pi\u00f9 fresco di notte, anche freddo in alta quota. In giornata ancora fresco in alta montagna, mentre nelle valli pi\u00f9 assolate si avr\u00e0 il beneficio mitigante del sole.<br \/>\n<b>Precipitazioni: <\/b>fino al primo pomeriggio assenti (0%), poi probabilit\u00e0 di qualche rovescio sulle Dolomiti (40\/60%), nevoso oltre i 2800 m. L&#8217;instabilit\u00e0 sar\u00e0 maggiore e anche temporalesca sulle fascia prealpina e la pedemontana (60\/70%).<br \/>\n<b>Temperature: <\/b>Temperature minime in calo con ritorno delle brinate fino sui 2500 m e del gelo sulle cime dolomitiche pi\u00f9 alte; massime in lieve in diminuzione in quota e stazionarie nei fondovalle. Su Prealpi a 1500 m min 9\u00b0C, max 12\u00b0C; a 2000 m min 6\u00b0C, max 9\u00b0C. Su Dolomiti a 2000 m min 5\u00b0C, max 8\u00b0C; a 3000 m min -1\u00b0C, max 0\u00b0C.<br \/>\n<b>Venti: <\/b>Nelle valli deboli di direzione variabile, salvo temporanei rinforzi per instabilit\u00e0; in quota deboli moderati da ovest sud-ovest al mattino, disponendosi da nord-ovest al pomeriggio, a 5-15 km\/h a 2000 m e 20-30 km\/h a 3000 m.<\/p>\n<hr \/>\n<p><center><b>Domenica 11<\/b><\/center>In prevalenza soleggiato, con ingresso di qualche annuvolamento da nord al mattino sulle Dolomiti, ma mano sempre pi\u00f9 radi fino a cielo perlopi\u00f9 sereno quasi ovunque al pomeriggio. Temperature minime in ulteriore calo con contesto assai fresco al primo mattino, anche freddo in quota; massime in lieve ripresa. Venti deboli\/moderati per brezze nelle valli, senza escludere qualche episodio di Foehn; moderati da nord nord-ovest in quota.<\/p>\n<hr \/>\n<p><center><b>Lunedi 12<\/b><\/center>Bel tempo settembrino con cielo sereno, aria tersa e ottima visibilit\u00e0. Non esclusi locali banchi di nebbia notturna e mattutina tra Valbelluna e altopiani prealpini, in dissolvimento dopo il sorgere del sole. Notte fresca con ulteriori locali diminuzioni delle minime e massime in ripresa con forte escursione termica giornaliera. Venti perlopi\u00f9 deboli a regime di brezza nelle valli, localmente e a tratti moderati in alcuni settori; in quota moderati da nord. Previsore:R.L.Th.<\/p>\n<p>&nbsp;<\/p>\n<hr \/>\n<p>&nbsp;<\/p>\n<p><a href=\"https:\/\/www.radiopiu.net\/wordpress\/giornale-radiopiu-26-settembre-2018-direttore-mirko-mezzacasa\/viabilita-2\/\" rel=\"attachment wp-att-61954\"><img loading=\"lazy\" decoding=\"async\" class=\"aligncenter wp-image-61954 size-full\" src=\"https:\/\/www.radiopiu.net\/wordpress\/wp-content\/uploads\/2018\/09\/viabilita.jpeg\" sizes=\"auto, (max-width: 800px) 100vw, 800px\" srcset=\"https:\/\/www.radiopiu.net\/wordpress\/wp-content\/uploads\/2018\/09\/viabilita.jpeg 800w, https:\/\/www.radiopiu.net\/wordpress\/wp-content\/uploads\/2018\/09\/viabilita-300x38.jpeg 300w, https:\/\/www.radiopiu.net\/wordpress\/wp-content\/uploads\/2018\/09\/viabilita-768x96.jpeg 768w\" alt=\"\" width=\"800\" height=\"100\" \/><\/a><\/p>\n<blockquote>\n<h3><\/h3>\n<h3>GALLERIA DI SEGUSINO CHIUSA PER 4 MESI<\/h3>\n<\/blockquote>\n<p><strong><a class=\"dt-pswp-item\" href=\"https:\/\/www.radiopiu.net\/wordpress\/wp-content\/uploads\/2020\/05\/VENETO-STRADE.png\" data-dt-img-description=\"\" data-large_image_width=\"400\" data-large_image_height=\"400\"><img loading=\"lazy\" decoding=\"async\" class=\" wp-image-135574 alignleft\" src=\"https:\/\/www.radiopiu.net\/wordpress\/wp-content\/uploads\/2020\/05\/VENETO-STRADE-150x150.png\" alt=\"\" width=\"102\" height=\"102\" srcset=\"https:\/\/www.radiopiu.net\/wordpress\/wp-content\/uploads\/2020\/05\/VENETO-STRADE-150x150.png 150w, https:\/\/www.radiopiu.net\/wordpress\/wp-content\/uploads\/2020\/05\/VENETO-STRADE-300x300.png 300w, https:\/\/www.radiopiu.net\/wordpress\/wp-content\/uploads\/2020\/05\/VENETO-STRADE.png 400w\" sizes=\"auto, (max-width: 102px) 100vw, 102px\" \/><\/a><\/strong><\/p>\n<p><strong>SEGUSINO<\/strong> Fino al 4 novembre, compresi sabati domeniche e festivi infrasettimanali, un&#8217;interdizione totale al transito per l&#8217;intera tratta della galleria di Segusino in seguito a dei lavori per messa in sicurezza della condotta acquedottistica<\/p>\n<p>&nbsp;<\/p>\n<\/div>\n<\/div>\n<blockquote><p>&nbsp;<\/p><\/blockquote>\n<div class=\"page-title-head hgroup\">\n<div class=\"page-title-head hgroup\">\n<blockquote class=\"wp-embedded-content\" data-secret=\"2Nhe5TcXmZ\"><p><a href=\"https:\/\/www.radiopiu.net\/wordpress\/viabilita\/\">viabilita<\/a><\/p><\/blockquote>\n<p><iframe loading=\"lazy\" class=\"wp-embedded-content\" sandbox=\"allow-scripts\" security=\"restricted\" style=\"position: absolute; clip: rect(1px, 1px, 1px, 1px);\" title=\"&#8220;viabilita&#8221; &#8212; Radio Pi\u00f9\" src=\"https:\/\/www.radiopiu.net\/wordpress\/viabilita\/embed\/#?secret=qddiHuCPXD#?secret=2Nhe5TcXmZ\" data-secret=\"2Nhe5TcXmZ\" width=\"600\" height=\"338\" frameborder=\"0\" marginwidth=\"0\" marginheight=\"0\" scrolling=\"no\"><\/iframe><\/p>\n<\/div>\n<p>&nbsp;<\/p>\n<div class=\"page-title-head hgroup\">\n<p>&nbsp;<\/p>\n<hr \/>\n<p>&nbsp;<\/p>\n<p>&nbsp;<\/p>\n<p><img loading=\"lazy\" decoding=\"async\" class=\"wp-image-60761 size-full aligncenter\" src=\"https:\/\/www.radiopiu.net\/wordpress\/wp-content\/uploads\/2018\/09\/sport.jpg\" alt=\"\" width=\"800\" height=\"100\" srcset=\"https:\/\/www.radiopiu.net\/wordpress\/wp-content\/uploads\/2018\/09\/sport.jpg 800w, https:\/\/www.radiopiu.net\/wordpress\/wp-content\/uploads\/2018\/09\/sport-300x38.jpg 300w, https:\/\/www.radiopiu.net\/wordpress\/wp-content\/uploads\/2018\/09\/sport-768x96.jpg 768w\" sizes=\"auto, (max-width: 800px) 100vw, 800px\" \/><\/p>\n<\/div>\n<\/div>\n<\/div>\n<div class=\"page-title-head hgroup\">\n<div class=\"page-title-head hgroup\">\n<p>&nbsp;<\/p>\n<p><span style=\"color: #0000ff;\"><strong>PALLAVOLO\u00a0<\/strong><\/span><\/p>\n<blockquote>\n<h3>BELLUNO-TRENTO, FESTA DEL VOLLEY<\/h3>\n<\/blockquote>\n<p><strong><a class=\"dt-pswp-item\" href=\"https:\/\/www.radiopiu.net\/wordpress\/wp-content\/uploads\/2022\/09\/I_rinoceronti_si_preparano-scaled.jpg\" data-dt-img-description=\"\" data-large_image_width=\"2560\" data-large_image_height=\"1706\"><img loading=\"lazy\" decoding=\"async\" class=\" wp-image-296317 alignleft\" src=\"https:\/\/www.radiopiu.net\/wordpress\/wp-content\/uploads\/2022\/09\/I_rinoceronti_si_preparano-150x150.jpg\" alt=\"\" width=\"121\" height=\"121\" \/><\/a>BELLUNO<\/strong>\u00a0 \u00abSar\u00e0 stimolante, divertente, piacevole: una festa per tutti. La festa del volley\u00bb. Le parole del direttore generale della Pallavolo<b>\u00a0Belluno<\/b>, <b>Franco Da Re<\/b>, introducono l\u2019appuntamento pi\u00f9 elettrizzante del pre-campionato: perch\u00e9 oggi alle<b> 18<\/b>, alla <b>Spes Arena con ingresso libero<\/b>, approder\u00e0 l\u2019<b>Itas Trentino<\/b>. I rinoceronti hanno gi\u00e0 dato buone risposte, nel debutto assoluto a Schiavonia<em>: \u00abLa prova offerta dal collettivo &#8211; riprende Franco Da Re, che domani si trover\u00e0 di fronte il fratello Bruno, presidente del Trentino Volley &#8211; \u00e8 stata soddisfacente. Abbiamo affrontato un sestetto che ha meccanismi pi\u00f9 collaudati rispetto ai nostri e punge al servizio. All\u2019inizio abbiamo un po\u2019 sofferto il loro servizio, poi per\u00f2 ci siamo scrollati di dosso la ruggine e siamo riusciti a esprimere un discreto volley\u00bb. Non sono mancate le piacevoli sorprese: \u00abA cominciare dai due giovani centrali, Stufano e Gustamacchia. Senza considerare Galliani e Guolla: hanno avuto un buonissimo impatto. Insomma, c\u2019\u00e8 ancora parecchio da sistemare, ma le sensazioni sono positive\u00bb.\u00a0<\/em><\/p>\n<p>&nbsp;<\/p>\n<hr \/>\n<p>&nbsp;<\/p>\n<p><span style=\"color: #0000ff;\"><strong>HOCKEY SU GHIACCIO<\/strong><\/span><\/p>\n<blockquote>\n<h3>STASERA IL PRIMO TEST MATCH DELL&#8217;ALLEGHE HOCKEY AL DE TONI<\/h3>\n<\/blockquote>\n<p><strong><a class=\"dt-pswp-item\" href=\"https:\/\/www.radiopiu.net\/wordpress\/wp-content\/uploads\/2019\/08\/logo-alleghe-hockey.png\" data-dt-img-description=\"\" data-large_image_width=\"547\" data-large_image_height=\"512\"><img loading=\"lazy\" decoding=\"async\" class=\" wp-image-95699 alignleft\" src=\"https:\/\/www.radiopiu.net\/wordpress\/wp-content\/uploads\/2019\/08\/logo-alleghe-hockey-150x150.png\" alt=\"\" width=\"100\" height=\"100\" \/><\/a>ALLEGHE<\/strong> L&#8217;Alleghe Hockey \u00e8 pronto per la prima partita pre stagionale. Stasera all&#8217;Alvise De Toni di Alleghe andr\u00e0 in scena la prima amichevole tra le mura amiche della squadra allenata da Alessandro Fontana. Alle 20:30 arriva il Fiemme per un assaggio di IHL. La formazione trentina infatti sar\u00e0 una delle avversarie delle civette nel prossimo campionato che inizier\u00e0 ufficialmente il 24 settembre. Intanto i tifosi potranno godere di questa prima sfida che non assegner\u00e0 titoli ma sar\u00e0 un test match per provare le linee e per vedere di che pasta sono fatte le squadre. Domani invece l&#8217;appuntamento sar\u00e0 all&#8217;Alleghe Beach dove alle 12:30 ci sar\u00e0 la presentazione ufficiale dell&#8217;Alleghe Hockey<\/p>\n<p>&nbsp;<\/p>\n<p>&nbsp;<\/p>\n<hr \/>\n<p>&nbsp;<\/p>\n<p><span style=\"color: #0000ff;\"><strong>AUTOMOBILISMO<\/strong><\/span><\/p>\n<blockquote>\n<h3>IL RALLY DI SAN MARTINO TAGLIA FUORI LA MIS-SAGRON, A GOSALDO SOLO PER TRASFERIMENTI<\/h3>\n<\/blockquote>\n<\/div>\n<\/div>\n<p><strong><a class=\"dt-pswp-item\" href=\"https:\/\/www.radiopiu.net\/wordpress\/wp-content\/uploads\/2022\/09\/c7b4f0bd-6cc4-4c2a-ab62-2973eafee71b.jpg\" data-dt-img-description=\"\" data-large_image_width=\"750\" data-large_image_height=\"465\"><img loading=\"lazy\" decoding=\"async\" class=\"size-thumbnail wp-image-296080 alignleft\" src=\"https:\/\/www.radiopiu.net\/wordpress\/wp-content\/uploads\/2022\/09\/c7b4f0bd-6cc4-4c2a-ab62-2973eafee71b-150x150.jpg\" alt=\"\" width=\"150\" height=\"150\" \/><\/a>BELLUNO<\/strong><\/p>\n<p>di Roberto Bona<\/p>\n<audio class=\"wp-audio-shortcode\" id=\"audio-296267-12\" preload=\"none\" style=\"width: 100%;\" controls=\"controls\"><source type=\"audio\/mpeg\" src=\"https:\/\/www.radiopiu.net\/wordpress\/wp-content\/uploads\/2022\/09\/gr-07-sport-rally-san-martino.mp3?_=12\" \/><a href=\"https:\/\/www.radiopiu.net\/wordpress\/wp-content\/uploads\/2022\/09\/gr-07-sport-rally-san-martino.mp3\">https:\/\/www.radiopiu.net\/wordpress\/wp-content\/uploads\/2022\/09\/gr-07-sport-rally-san-martino.mp3<\/a><\/audio>\n<p>&nbsp;<\/p>\n<p>&nbsp;<\/p>\n<hr \/>\n<p>&nbsp;<\/p>\n<\/div>\n<\/div>\n<\/div>\n<\/div>\n<\/div>\n<\/div>\n<\/div>\n<\/div>\n<\/div>\n<\/div>\n<\/div>\n<\/div>\n<\/div>\n<\/div>\n<\/div>\n<\/div>\n<\/div>\n<\/div>\n<\/div>\n<\/div>\n<\/div>\n<\/div>\n<\/div>\n<\/div>\n<\/div>\n<\/div>\n<\/div>\n<\/div>\n<\/div>\n<\/div>\n<\/div>\n<\/div>\n<\/div>\n<\/div>\n<\/div>\n<\/div>\n<\/div>\n<\/div>\n<\/div>\n<\/div>\n<\/div>\n<\/div>\n<\/div>\n<\/div>\n<\/div>\n<\/div>\n<\/div>\n<\/div>\n<\/div>\n<\/div>\n<\/div>\n<\/div>\n<\/div>\n<\/div>\n<\/div>\n<\/div>\n<\/div>\n<\/div>\n<\/div>\n<\/div>\n<\/div>\n<\/div>\n<\/div>\n<\/div>\n<\/div>\n<\/div>\n<\/div>\n<\/div>\n<\/div>\n<\/div>\n<\/div>\n<\/div>\n<\/div>\n<\/div>\n<\/div>\n<\/div>\n<\/div>\n<\/div>\n<\/div>\n<\/div>\n<\/div>\n<\/div>\n<\/div>\n<\/div>\n<\/div>\n<\/div>\n<\/div>\n<\/div>\n<\/div>\n<\/div>\n<\/div>\n<\/div>\n<\/div>\n<\/div>\n<\/div>\n<\/div>\n<\/div>\n<\/div>\n<\/div>\n<\/div>\n<\/div>\n","protected":false},"excerpt":{"rendered":"<p>RADIO PIU INFORMAZIONE il canale su TELEGRAM informazione di prima\u00a0\u00a0mano e in tempo reale. iscriviti ed aiutaci a farlo conoscere\u00a0\u00a0 &nbsp; &nbsp; 1926 &#8211; 2022 E&#8217; morta la regina Elisabetta Seconda, aveva 96 anni. Il mondo in lutto per l&#8217;addio alla Sovrana dei record audio &nbsp; &nbsp; &nbsp; &nbsp; ACQUA NON POTABILE l&#8217;acqua erogata dall&#8217;acquedotto&hellip;<\/p>\n","protected":false},"author":4,"featured_media":296412,"comment_status":"closed","ping_status":"closed","sticky":false,"template":"","format":"standard","meta":{"_monsterinsights_skip_tracking":false,"_monsterinsights_sitenote_active":false,"_monsterinsights_sitenote_note":"","_monsterinsights_sitenote_category":0,"footnotes":""},"categories":[51,86,49],"tags":[],"class_list":["post-296267","post","type-post","status-publish","format-standard","has-post-thumbnail","hentry","category-evidenza-top","category-gr","category-news-18","category-51","category-86","category-49","description-off"],"img_url":"https:\/\/www.radiopiu.net\/wordpress\/wp-content\/uploads\/2022\/09\/th-1.jpg","_links":{"self":[{"href":"https:\/\/www.radiopiu.net\/wordpress\/wp-json\/wp\/v2\/posts\/296267","targetHints":{"allow":["GET"]}}],"collection":[{"href":"https:\/\/www.radiopiu.net\/wordpress\/wp-json\/wp\/v2\/posts"}],"about":[{"href":"https:\/\/www.radiopiu.net\/wordpress\/wp-json\/wp\/v2\/types\/post"}],"author":[{"embeddable":true,"href":"https:\/\/www.radiopiu.net\/wordpress\/wp-json\/wp\/v2\/users\/4"}],"replies":[{"embeddable":true,"href":"https:\/\/www.radiopiu.net\/wordpress\/wp-json\/wp\/v2\/comments?post=296267"}],"version-history":[{"count":0,"href":"https:\/\/www.radiopiu.net\/wordpress\/wp-json\/wp\/v2\/posts\/296267\/revisions"}],"wp:featuredmedia":[{"embeddable":true,"href":"https:\/\/www.radiopiu.net\/wordpress\/wp-json\/wp\/v2\/media\/296412"}],"wp:attachment":[{"href":"https:\/\/www.radiopiu.net\/wordpress\/wp-json\/wp\/v2\/media?parent=296267"}],"wp:term":[{"taxonomy":"category","embeddable":true,"href":"https:\/\/www.radiopiu.net\/wordpress\/wp-json\/wp\/v2\/categories?post=296267"},{"taxonomy":"post_tag","embeddable":true,"href":"https:\/\/www.radiopiu.net\/wordpress\/wp-json\/wp\/v2\/tags?post=296267"}],"curies":[{"name":"wp","href":"https:\/\/api.w.org\/{rel}","templated":true}]}}