{"id":296465,"date":"2022-09-09T23:59:16","date_gmt":"2022-09-09T21:59:16","guid":{"rendered":"https:\/\/www.radiopiu.net\/wordpress\/?p=296465"},"modified":"2022-09-10T05:42:51","modified_gmt":"2022-09-10T03:42:51","slug":"domani-ultima-partita-di-coppa-veneto-per-lagordina","status":"publish","type":"post","link":"https:\/\/www.radiopiu.net\/wordpress\/domani-ultima-partita-di-coppa-veneto-per-lagordina\/","title":{"rendered":"DOMANI ULTIMA PARTITA DI COPPA VENETO PER L&#8217;AGORDINA"},"content":{"rendered":"<p><strong><a class=\"dt-pswp-item\" href=\"https:\/\/www.radiopiu.net\/wordpress\/wp-content\/uploads\/2019\/09\/AGORDINA-CALCIO.jpeg\" data-dt-img-description=\"\" data-large_image_width=\"225\" data-large_image_height=\"225\"><img loading=\"lazy\" decoding=\"async\" class=\"size-thumbnail wp-image-97575 alignleft\" src=\"https:\/\/www.radiopiu.net\/wordpress\/wp-content\/uploads\/2019\/09\/AGORDINA-CALCIO-150x150.jpeg\" alt=\"\" width=\"150\" height=\"150\" srcset=\"https:\/\/www.radiopiu.net\/wordpress\/wp-content\/uploads\/2019\/09\/AGORDINA-CALCIO-150x150.jpeg 150w, https:\/\/www.radiopiu.net\/wordpress\/wp-content\/uploads\/2019\/09\/AGORDINA-CALCIO.jpeg 225w\" sizes=\"auto, (max-width: 150px) 100vw, 150px\" \/><\/a>AGORDO<\/strong> Si giocher\u00e0 domani alle 16 l&#8217;ultima partita del girone di qualificazione di Coppa Veneto per l&#8217;Agordina. Domani all&#8217;Ivano Dorigo di Agordo arriva il Gemelle per l&#8217;ultima sfida del torneo regionale. Una passerella quella della squadra allenata da Marco Lorenzi che, dopo aver perso le prime due partite, non ha pi\u00f9 speranze di passare il turno. Sar\u00e0 comunque una sfida interessante in cui l&#8217;allenatore della squadra di Agordo potr\u00e0 mettere alla prova i giovani e provare dei nuovi schemi in vista della stagione di Seconda Categoria che inizier\u00e0 domenica 18 settembre. Intanto continuano gli allenamenti della formazione di Lorenzi che si vuole preparare al meglio per l&#8217;inizio ufficiale della stagione con l&#8217;obbiettivo di raggiungere la salvezza il prima possibile, poi si penser\u00e0 ad altro.<\/p>\n<p>&nbsp;<\/p>\n<p>&nbsp;<\/p>\n<p>&nbsp;<\/p>\n<p>******<\/p>\n","protected":false},"excerpt":{"rendered":"<p>AGORDO Si giocher\u00e0 domani alle 16 l&#8217;ultima partita del girone di qualificazione di Coppa Veneto per l&#8217;Agordina. Domani all&#8217;Ivano Dorigo di Agordo arriva il Gemelle per l&#8217;ultima sfida del torneo regionale. Una passerella quella della squadra allenata da Marco Lorenzi che, dopo aver perso le prime due partite, non ha pi\u00f9 speranze di passare il&hellip;<\/p>\n","protected":false},"author":4,"featured_media":235116,"comment_status":"closed","ping_status":"closed","sticky":false,"template":"","format":"standard","meta":{"_monsterinsights_skip_tracking":false,"_monsterinsights_sitenote_active":false,"_monsterinsights_sitenote_note":"","_monsterinsights_sitenote_category":0,"footnotes":""},"categories":[104,49],"tags":[],"class_list":["post-296465","post","type-post","status-publish","format-standard","has-post-thumbnail","hentry","category-evidenza_3","category-news-18","category-104","category-49","description-off"],"img_url":"https:\/\/www.radiopiu.net\/wordpress\/wp-content\/uploads\/2021\/10\/CALCIO-2021.jpg","_links":{"self":[{"href":"https:\/\/www.radiopiu.net\/wordpress\/wp-json\/wp\/v2\/posts\/296465","targetHints":{"allow":["GET"]}}],"collection":[{"href":"https:\/\/www.radiopiu.net\/wordpress\/wp-json\/wp\/v2\/posts"}],"about":[{"href":"https:\/\/www.radiopiu.net\/wordpress\/wp-json\/wp\/v2\/types\/post"}],"author":[{"embeddable":true,"href":"https:\/\/www.radiopiu.net\/wordpress\/wp-json\/wp\/v2\/users\/4"}],"replies":[{"embeddable":true,"href":"https:\/\/www.radiopiu.net\/wordpress\/wp-json\/wp\/v2\/comments?post=296465"}],"version-history":[{"count":0,"href":"https:\/\/www.radiopiu.net\/wordpress\/wp-json\/wp\/v2\/posts\/296465\/revisions"}],"wp:featuredmedia":[{"embeddable":true,"href":"https:\/\/www.radiopiu.net\/wordpress\/wp-json\/wp\/v2\/media\/235116"}],"wp:attachment":[{"href":"https:\/\/www.radiopiu.net\/wordpress\/wp-json\/wp\/v2\/media?parent=296465"}],"wp:term":[{"taxonomy":"category","embeddable":true,"href":"https:\/\/www.radiopiu.net\/wordpress\/wp-json\/wp\/v2\/categories?post=296465"},{"taxonomy":"post_tag","embeddable":true,"href":"https:\/\/www.radiopiu.net\/wordpress\/wp-json\/wp\/v2\/tags?post=296465"}],"curies":[{"name":"wp","href":"https:\/\/api.w.org\/{rel}","templated":true}]}}