{"id":296482,"date":"2022-09-09T16:23:33","date_gmt":"2022-09-09T14:23:33","guid":{"rendered":"https:\/\/www.radiopiu.net\/wordpress\/?p=296482"},"modified":"2022-09-10T05:43:09","modified_gmt":"2022-09-10T03:43:09","slug":"luxottica-agordo-i-risultati-del-primo-sabato-di-straordinari-incentivati","status":"publish","type":"post","link":"https:\/\/www.radiopiu.net\/wordpress\/luxottica-agordo-i-risultati-del-primo-sabato-di-straordinari-incentivati\/","title":{"rendered":"LUXOTTICA AGORDO: I RISULTATI DEL PRIMO SABATO DI STRAORDINARI INCENTIVATI"},"content":{"rendered":"<p><strong><a class=\"dt-pswp-item\" href=\"https:\/\/www.radiopiu.net\/wordpress\/wp-content\/uploads\/2021\/10\/926947f7-647d-43cb-a2b9-82bd99c18312.jpg\" data-dt-img-description=\"\" data-large_image_width=\"2000\" data-large_image_height=\"1496\"><img loading=\"lazy\" decoding=\"async\" class=\"size-thumbnail wp-image-237172 alignleft\" src=\"https:\/\/www.radiopiu.net\/wordpress\/wp-content\/uploads\/2021\/10\/926947f7-647d-43cb-a2b9-82bd99c18312-150x150.jpg\" alt=\"\" width=\"150\" height=\"150\" \/><\/a>AGORDO<\/strong> Sono iniziati sabato scorso gli straordinari incentivati allo stabilimento Luxottica di Agordo. Sono quattro i sabati lavorativi in programma per le maestranze nel mese di settembre, due per turno lavorativo visto che sono chiamate al lavoro solo le persone che nella settimana interessata lavorano al turno mattino. Un risultato buono nella giornata del 3 settembre dove a ricevere la maggiorazione del 100% sono i reparti Confezionamento, Saldatura, Trattamenti Superficiali, Finitura Iniettato e Nastratura Iniettato. Una percentuale pi\u00f9 bassa di adesione allo straordinario si \u00e8 registrata nei reparti Stamperia Metallo e Magazzino Centrale dove il supplemento in busta paga delle ore lavorate sar\u00e0 del 90%. Ancora pi\u00f9 bassa in stamperia iniettato dove si erogher\u00e0 il 70% in pi\u00f9. Non si \u00e8 raggiunta la quota di maggiorazione al Taglio Lenti dove, come da contratto, ci sar\u00e0 un supplemento del 50% delle ore lavorate. Ricordiamo che gli operai interessati dallo straordinario incentivato possono decidere se monetizzare in busta paga le ore lavorate o trasformarle in banca ore tramite l&#8217;apposito form disponibile sul portale aziendale My Personal Desk.<\/p>\n<p>&nbsp;<\/p>\n<p>&nbsp;<\/p>\n<p>******<\/p>\n","protected":false},"excerpt":{"rendered":"<p>AGORDO Sono iniziati sabato scorso gli straordinari incentivati allo stabilimento Luxottica di Agordo. Sono quattro i sabati lavorativi in programma per le maestranze nel mese di settembre, due per turno lavorativo visto che sono chiamate al lavoro solo le persone che nella settimana interessata lavorano al turno mattino. Un risultato buono nella giornata del 3&hellip;<\/p>\n","protected":false},"author":4,"featured_media":237172,"comment_status":"closed","ping_status":"closed","sticky":false,"template":"","format":"standard","meta":{"_monsterinsights_skip_tracking":false,"_monsterinsights_sitenote_active":false,"_monsterinsights_sitenote_note":"","_monsterinsights_sitenote_category":0,"footnotes":""},"categories":[51,49],"tags":[],"class_list":["post-296482","post","type-post","status-publish","format-standard","has-post-thumbnail","hentry","category-evidenza-top","category-news-18","category-51","category-49","description-off"],"img_url":"https:\/\/www.radiopiu.net\/wordpress\/wp-content\/uploads\/2021\/10\/926947f7-647d-43cb-a2b9-82bd99c18312.jpg","_links":{"self":[{"href":"https:\/\/www.radiopiu.net\/wordpress\/wp-json\/wp\/v2\/posts\/296482","targetHints":{"allow":["GET"]}}],"collection":[{"href":"https:\/\/www.radiopiu.net\/wordpress\/wp-json\/wp\/v2\/posts"}],"about":[{"href":"https:\/\/www.radiopiu.net\/wordpress\/wp-json\/wp\/v2\/types\/post"}],"author":[{"embeddable":true,"href":"https:\/\/www.radiopiu.net\/wordpress\/wp-json\/wp\/v2\/users\/4"}],"replies":[{"embeddable":true,"href":"https:\/\/www.radiopiu.net\/wordpress\/wp-json\/wp\/v2\/comments?post=296482"}],"version-history":[{"count":0,"href":"https:\/\/www.radiopiu.net\/wordpress\/wp-json\/wp\/v2\/posts\/296482\/revisions"}],"wp:featuredmedia":[{"embeddable":true,"href":"https:\/\/www.radiopiu.net\/wordpress\/wp-json\/wp\/v2\/media\/237172"}],"wp:attachment":[{"href":"https:\/\/www.radiopiu.net\/wordpress\/wp-json\/wp\/v2\/media?parent=296482"}],"wp:term":[{"taxonomy":"category","embeddable":true,"href":"https:\/\/www.radiopiu.net\/wordpress\/wp-json\/wp\/v2\/categories?post=296482"},{"taxonomy":"post_tag","embeddable":true,"href":"https:\/\/www.radiopiu.net\/wordpress\/wp-json\/wp\/v2\/tags?post=296482"}],"curies":[{"name":"wp","href":"https:\/\/api.w.org\/{rel}","templated":true}]}}