{"id":296490,"date":"2022-09-09T16:40:09","date_gmt":"2022-09-09T14:40:09","guid":{"rendered":"https:\/\/www.radiopiu.net\/wordpress\/?p=296490"},"modified":"2022-09-10T05:43:05","modified_gmt":"2022-09-10T03:43:05","slug":"siglato-il-contratto-di-servizio-del-tpl-tra-provincia-e-dolomitibus-sara-attivo-dal-2023","status":"publish","type":"post","link":"https:\/\/www.radiopiu.net\/wordpress\/siglato-il-contratto-di-servizio-del-tpl-tra-provincia-e-dolomitibus-sara-attivo-dal-2023\/","title":{"rendered":"SIGLATO IL CONTRATTO DI SERVIZIO DEL TPL TRA PROVINCIA E DOLOMITIBUS: SARA&#8217; ATTIVO DAL 2023"},"content":{"rendered":"<p><strong><a class=\"dt-pswp-item\" href=\"https:\/\/www.radiopiu.net\/wordpress\/wp-content\/uploads\/2020\/06\/f662441c-c6a1-40df-8978-3ff5202173f9.jpg\" data-dt-img-description=\"\" data-large_image_width=\"1280\" data-large_image_height=\"960\"><img loading=\"lazy\" decoding=\"async\" class=\"size-thumbnail wp-image-145519 alignleft\" src=\"https:\/\/www.radiopiu.net\/wordpress\/wp-content\/uploads\/2020\/06\/f662441c-c6a1-40df-8978-3ff5202173f9-150x150.jpg\" alt=\"\" width=\"150\" height=\"150\" \/><\/a>BELLUNO <\/strong>Provincia di Belluno e Dolomitibus hanno sottoscritto oggi il contratto di servizio per la concessione di esercizio del trasporto pubblico locale. Si tratta di uno degli ultimi atti della gara del tpl, che ha richiesto un lungo iter procedurale. Il contratto sar\u00e0 attivo dal 1\u00b0 gennaio 2023 e avr\u00e0 validit\u00e0 di nove anni. Riguarda il servizio tpl extraurbano e urbano (di Belluno, Feltre, Auronzo, Cortina e Pieve di Cadore); e nella fase transitoria &#8211; da qui al 2023 &#8211; sono previsti alcuni passaggi formali, tra cui il subentro di Dolomitibus in Seam (Servizi Ampezzo, la societ\u00e0 municipale che si occupa anche del trasporto pubblico urbano). Il contratto di servizio prevede alcuni obblighi e impegni per l\u2019affidatario Dolomitibus, tra cui l\u2019attivazione della Direzione Innovazione, che avr\u00e0 il compito di studiare e proporre progetti di sviluppo innovativo nelle modalit\u00e0 di erogazione dei servizi all\u2019utenza. \u00abSi tratta di una componente che era stata inserita con particolare attenzione nel bando di gara\u00bb sottolinea il consigliere provinciale delegato ai trasporti. \u00abAllo stesso modo tra gli obblighi c\u2019\u00e8 anche quello di attivare nuovi servizi flessibili e di approvare la \u201cCarta della qualit\u00e0 del Servizio\u201d, strumento idoneo a definire e monitorare i livelli qualitativi e quantitativi. Inoltre, viene richiesta l\u2019attivazione di interventi volti a favorire l\u2019intermodalit\u00e0, altro tassello fondamentale per un territorio montano, che ha bisogno di integrare sistemi diversi di trasporto\u00bb. \u00abSiamo consapevoli della carenza di manodopera, che sta causando criticit\u00e0 diffuse in tutte le aziende di trasporto pubblico\u00bb conclude il presidente della Provincia. \u00abCi auguriamo che possa decollare il progetto Academy Dolomitibus, che offre la possibilit\u00e0 a giovani del territorio di avere un posto da autista, con formazione e patente a carico dell\u2019azienda. Nel frattempo Dolomitibus sta lavorando per garantire il servizio nonostante i numeri in organico mostrino qualche difficolt\u00e0 sul fronte autisti, e quindi ringraziamo chi quotidianamente guida bus e corriere. La vivibilit\u00e0 e la competitivit\u00e0 di un territorio passa anche attraverso la capacit\u00e0 di garantire servizi efficienti e capillari, come previsto in questo contratto di servizio\u00bb.<\/p>\n<p>&nbsp;<\/p>\n<p>&nbsp;<\/p>\n<p>*****<\/p>\n","protected":false},"excerpt":{"rendered":"<p>BELLUNO Provincia di Belluno e Dolomitibus hanno sottoscritto oggi il contratto di servizio per la concessione di esercizio del trasporto pubblico locale. Si tratta di uno degli ultimi atti della gara del tpl, che ha richiesto un lungo iter procedurale. Il contratto sar\u00e0 attivo dal 1\u00b0 gennaio 2023 e avr\u00e0 validit\u00e0 di nove anni. Riguarda&hellip;<\/p>\n","protected":false},"author":4,"featured_media":145519,"comment_status":"closed","ping_status":"closed","sticky":false,"template":"","format":"standard","meta":{"_monsterinsights_skip_tracking":false,"_monsterinsights_sitenote_active":false,"_monsterinsights_sitenote_note":"","_monsterinsights_sitenote_category":0,"footnotes":""},"categories":[51,49],"tags":[],"class_list":["post-296490","post","type-post","status-publish","format-standard","has-post-thumbnail","hentry","category-evidenza-top","category-news-18","category-51","category-49","description-off"],"img_url":"https:\/\/www.radiopiu.net\/wordpress\/wp-content\/uploads\/2020\/06\/f662441c-c6a1-40df-8978-3ff5202173f9.jpg","_links":{"self":[{"href":"https:\/\/www.radiopiu.net\/wordpress\/wp-json\/wp\/v2\/posts\/296490","targetHints":{"allow":["GET"]}}],"collection":[{"href":"https:\/\/www.radiopiu.net\/wordpress\/wp-json\/wp\/v2\/posts"}],"about":[{"href":"https:\/\/www.radiopiu.net\/wordpress\/wp-json\/wp\/v2\/types\/post"}],"author":[{"embeddable":true,"href":"https:\/\/www.radiopiu.net\/wordpress\/wp-json\/wp\/v2\/users\/4"}],"replies":[{"embeddable":true,"href":"https:\/\/www.radiopiu.net\/wordpress\/wp-json\/wp\/v2\/comments?post=296490"}],"version-history":[{"count":0,"href":"https:\/\/www.radiopiu.net\/wordpress\/wp-json\/wp\/v2\/posts\/296490\/revisions"}],"wp:featuredmedia":[{"embeddable":true,"href":"https:\/\/www.radiopiu.net\/wordpress\/wp-json\/wp\/v2\/media\/145519"}],"wp:attachment":[{"href":"https:\/\/www.radiopiu.net\/wordpress\/wp-json\/wp\/v2\/media?parent=296490"}],"wp:term":[{"taxonomy":"category","embeddable":true,"href":"https:\/\/www.radiopiu.net\/wordpress\/wp-json\/wp\/v2\/categories?post=296490"},{"taxonomy":"post_tag","embeddable":true,"href":"https:\/\/www.radiopiu.net\/wordpress\/wp-json\/wp\/v2\/tags?post=296490"}],"curies":[{"name":"wp","href":"https:\/\/api.w.org\/{rel}","templated":true}]}}