{"id":296579,"date":"2022-09-12T05:33:37","date_gmt":"2022-09-12T03:33:37","guid":{"rendered":"https:\/\/www.radiopiu.net\/wordpress\/?p=296579"},"modified":"2022-09-13T05:50:51","modified_gmt":"2022-09-13T03:50:51","slug":"giornale-radiopiu-12-settembre-2022-direttore-mirko-mezzacasa","status":"publish","type":"post","link":"https:\/\/www.radiopiu.net\/wordpress\/giornale-radiopiu-12-settembre-2022-direttore-mirko-mezzacasa\/","title":{"rendered":"GIORNALE RADIOPIU 12 SETTEMBRE 2022 DIRETTORE MIRKO MEZZACASA"},"content":{"rendered":"<h3 class=\"kvgmc6g5 cxmmr5t8 oygrvhab hcukyx3x c1et5uql\"><span style=\"color: #0000ff;\"><strong>RADIO PIU INFORMAZIONE il canale su TELEGRAM informazione di prima\u00a0\u00a0<\/strong><strong>mano e in tempo reale. iscriviti ed aiutaci a farlo conoscere\u00a0\u00a0<\/strong><\/span><\/h3>\n<p>&nbsp;<\/p>\n<p>&nbsp;<\/p>\n<hr \/>\n<p>&nbsp;<\/p>\n<blockquote>\n<h3><a class=\"dt-pswp-item\" href=\"https:\/\/www.radiopiu.net\/wordpress\/wp-content\/uploads\/2022\/05\/acqua.jpg\" data-dt-img-description=\"\" data-large_image_width=\"1920\" data-large_image_height=\"1275\"><img loading=\"lazy\" decoding=\"async\" class=\" wp-image-274889 alignleft\" src=\"https:\/\/www.radiopiu.net\/wordpress\/wp-content\/uploads\/2022\/05\/acqua-150x150.jpg\" alt=\"\" width=\"97\" height=\"97\" \/><\/a>ACQUA\u00a0 POTABILE<\/h3>\n<h3><em>\u00e8\u00a0 di nuovo potabile e pu\u00f2 essere usata per scopi alimentari\u00a0<\/em><\/h3>\n<\/blockquote>\n<p><strong>TAIBON<\/strong>\u00a0 nelle localit<span style=\"color: #ff0000;\">\u00e0 RONCH DE BOS e NOGAROLA<\/span> <b>VALLADA<\/b> <span style=\"color: #ff0000;\">localit\u00e0\u00a0 ANDRICH, SACCHET, TOFFOL<\/span>,<span style=\"color: #ff0000;\"> CELAT e MAS<\/span> .<strong>FALCADE<\/strong>\u00a0 <span style=\"color: #ff0000;\">FALCADE ALTO, VILLOTTA, LA FOCA ed in via MAS DE LE MOLE.<\/span><\/p>\n<p>ACQUA ANCORA INQUINATA, SI POTRA&#8217; USARE PER SCOPI ALIMENTARI PREVIA BOLLITURA A <strong>CENCENIGHE<\/strong> in localit\u00e0 <span style=\"color: #ff0000;\">COLLAZ\u00a0<\/span><\/p>\n<p>ACQUA INQUINATA\u00a0 A GOSALDO<span style=\"color: #ff0000;\"> LE FOCHE, LAMBROI, DENEORE, MAGAIT, REN, SELLE, COL TAMAI, BITTI, GIARDOI E PETTUINE\u00a0<span style=\"color: #000000;\">verr\u00e0 effettuato il servizio sostitutivo con cisterne presso le localit\u00e0 Foche e Lambroi.<\/span><\/span><\/p>\n<p>&nbsp;<\/p>\n<hr \/>\n<p>&nbsp;<\/p>\n<blockquote>\n<h3>DILLO A RADIO PIU&#8217;&#8230; DI NUOVO L&#8217;INTRUSO NELLE CASE DI VOLTAGO<\/h3>\n<\/blockquote>\n<p><strong>VOLTAGO<\/strong> Non \u00e8 purtroppo la prima segnalazione di questo tipo, le precedenti peraltro sono pure recenti. Nel messaggio inviato ieri i redazione poche parole, non ne servono molte per invitare all&#8217;attenzione e prudenza&#8230;<\/p>\n<p><em>&#8220;ieri\u00a0 rientrando a casa ha trovato una persona che frugava in salotto. Cara Radio Pi\u00f9,\u00a0 ti chiedo quindi se puoi fare una raccomandazione di chiudere bene le porte d\u2019entrata&#8221;\u00a0<\/em>e aggiungiamo noi prestare attenzione ad episodi o persone sospette, contattando senza indugio i Carabinieri.<\/p>\n<p>&nbsp;<\/p>\n<hr \/>\n<p>&nbsp;<\/p>\n<blockquote>\n<h3>ACCOLTELLAMENTO DI POLPET,\u00a0 LE INDAGINI DEI CARABINIERI<\/h3>\n<\/blockquote>\n<p><strong>PONTE NELLE ALPI\u00a0<\/strong> Le indagini dei carabinieri del Nucleo Radiomobile sono indirizzate verso un giovane maghrebino residente con la famiglia in Sinistra Piave. Uno dei due agordini feriti, quello meno grave e gi\u00e0 dimesso dall&#8217;ospedale San Martino, l&#8217;avrebbe riconosciuto tra le fotografie che gli sono state fatte vedere dagli investigatori. L&#8217;altro, che \u00e8 stato colpito a un polmone e sottoposto a un intervento chirurgico d&#8217;urgenza, avr\u00e0 bisogno di qualche giorno di tempo, poi sar\u00e0 a sua volta sentito. Entrambi hanno 20 anni e sono di Agordo.<\/p>\n<blockquote>\n<h3>DUE AGORDINI COINVOLTI NELL&#8217;ACCOLTELLAMENTO DI PONTE NELLE ALPI<\/h3>\n<\/blockquote>\n<p><strong>PONTE NELLE ALPI<\/strong><\/p>\n<p>di Moreno Gioli<\/p>\n<audio class=\"wp-audio-shortcode\" id=\"audio-296579-1\" preload=\"none\" style=\"width: 100%;\" controls=\"controls\"><source type=\"audio\/mpeg\" src=\"https:\/\/www.radiopiu.net\/wordpress\/wp-content\/uploads\/2022\/09\/WhatsApp-Audio-2022-09-10-at-19.35.23.mp3?_=1\" \/><a href=\"https:\/\/www.radiopiu.net\/wordpress\/wp-content\/uploads\/2022\/09\/WhatsApp-Audio-2022-09-10-at-19.35.23.mp3\">https:\/\/www.radiopiu.net\/wordpress\/wp-content\/uploads\/2022\/09\/WhatsApp-Audio-2022-09-10-at-19.35.23.mp3<\/a><\/audio>\n<p>&nbsp;<\/p>\n<p>&nbsp;<\/p>\n<p>&nbsp;<\/p>\n<p>&nbsp;<\/p>\n<p>&nbsp;<\/p>\n<hr \/>\n<p>&nbsp;<\/p>\n<blockquote>\n<h3>CINQUE FERITI NELL&#8217;INCIDENTE DI LENTIAI<\/h3>\n<\/blockquote>\n<p><strong>BORGO VALBELLUNA<\/strong> I Vigili del Fuoco sono intervenuti sabato alle 12:20 a Lentiai sulla SP1 bis dove due auto sono entrate in collisione. Sono cinque i feriti nell&#8217;incidente stradale. Pompieri arrivati da Feltre che hanno messo in sicurezza i mezzi, mentre i feriti, nessuno in maniera grave, sono stati assistiti dal personale sanitario del SUEM per poi essere trasferiti in pronto soccorso. Sul posto le forze dell\u2019ordine per i rilievi del sinistro. Le operazioni di soccorso dei Vigili del Fuoco sono terminate dopo circa un\u2019ora.<\/p>\n\n\t\t\t<style type='text\/css'>\n\t\t\t\t#gallery-1 {\n\t\t\t\t\tmargin: auto;\n\t\t\t\t}\n\t\t\t\t#gallery-1 .gallery-item {\n\t\t\t\t\tfloat: left;\n\t\t\t\t\tmargin-top: 10px;\n\t\t\t\t\ttext-align: center;\n\t\t\t\t\twidth: 50%;\n\t\t\t\t}\n\t\t\t\t#gallery-1 img {\n\t\t\t\t\tborder: 2px solid #cfcfcf;\n\t\t\t\t}\n\t\t\t\t#gallery-1 .gallery-caption {\n\t\t\t\t\tmargin-left: 0;\n\t\t\t\t}\n\t\t\t\t\/* see gallery_shortcode() in wp-includes\/media.php *\/\n\t\t\t<\/style>\n\t\t<div id='gallery-1' class='dt-gallery-container gallery galleryid-296579 gallery-columns-2 gallery-size-medium'><dl class='gallery-item'>\n\t\t\t\t<dt class='gallery-icon landscape'>\n\t\t\t\t\t<a class=\"rollover rollover-zoom dt-pswp-item\" title=\"32ea98a0-5dc1-4ca4-af31-2930d756122b\" data-dt-img-description=\"\" data-large_image_width=\"1280\" data-large_image_height=\"960\"href='https:\/\/www.radiopiu.net\/wordpress\/wp-content\/uploads\/2022\/09\/32ea98a0-5dc1-4ca4-af31-2930d756122b.jpg'><img loading=\"lazy\" decoding=\"async\" width=\"300\" height=\"225\" src=\"https:\/\/www.radiopiu.net\/wordpress\/wp-content\/uploads\/2022\/09\/32ea98a0-5dc1-4ca4-af31-2930d756122b-300x225.jpg\" class=\"attachment-medium size-medium\" alt=\"\" srcset=\"https:\/\/www.radiopiu.net\/wordpress\/wp-content\/uploads\/2022\/09\/32ea98a0-5dc1-4ca4-af31-2930d756122b-300x225.jpg 300w, https:\/\/www.radiopiu.net\/wordpress\/wp-content\/uploads\/2022\/09\/32ea98a0-5dc1-4ca4-af31-2930d756122b-1024x768.jpg 1024w, https:\/\/www.radiopiu.net\/wordpress\/wp-content\/uploads\/2022\/09\/32ea98a0-5dc1-4ca4-af31-2930d756122b-768x576.jpg 768w, https:\/\/www.radiopiu.net\/wordpress\/wp-content\/uploads\/2022\/09\/32ea98a0-5dc1-4ca4-af31-2930d756122b.jpg 1280w\" sizes=\"auto, (max-width: 300px) 100vw, 300px\" \/><\/a>\n\t\t\t\t<\/dt><\/dl><dl class='gallery-item'>\n\t\t\t\t<dt class='gallery-icon landscape'>\n\t\t\t\t\t<a class=\"rollover rollover-zoom dt-pswp-item\" title=\"24c2cf35-4239-4a99-ac61-6ed3941438ee\" data-dt-img-description=\"\" data-large_image_width=\"1280\" data-large_image_height=\"960\"href='https:\/\/www.radiopiu.net\/wordpress\/wp-content\/uploads\/2022\/09\/24c2cf35-4239-4a99-ac61-6ed3941438ee.jpg'><img loading=\"lazy\" decoding=\"async\" width=\"300\" height=\"225\" src=\"https:\/\/www.radiopiu.net\/wordpress\/wp-content\/uploads\/2022\/09\/24c2cf35-4239-4a99-ac61-6ed3941438ee-300x225.jpg\" class=\"attachment-medium size-medium\" alt=\"\" srcset=\"https:\/\/www.radiopiu.net\/wordpress\/wp-content\/uploads\/2022\/09\/24c2cf35-4239-4a99-ac61-6ed3941438ee-300x225.jpg 300w, https:\/\/www.radiopiu.net\/wordpress\/wp-content\/uploads\/2022\/09\/24c2cf35-4239-4a99-ac61-6ed3941438ee-1024x768.jpg 1024w, https:\/\/www.radiopiu.net\/wordpress\/wp-content\/uploads\/2022\/09\/24c2cf35-4239-4a99-ac61-6ed3941438ee-768x576.jpg 768w, https:\/\/www.radiopiu.net\/wordpress\/wp-content\/uploads\/2022\/09\/24c2cf35-4239-4a99-ac61-6ed3941438ee.jpg 1280w\" sizes=\"auto, (max-width: 300px) 100vw, 300px\" \/><\/a>\n\t\t\t\t<\/dt><\/dl><br style=\"clear: both\" \/>\n\t\t\t<\/div>\n\n<p>&nbsp;<\/p>\n<hr \/>\n<p>&nbsp;<\/p>\n<blockquote>\n<h3><a class=\"dt-pswp-item\" href=\"https:\/\/www.radiopiu.net\/wordpress\/wp-content\/uploads\/2022\/09\/1b5de53e-3b50-4f63-89c0-d9e29cc5123c.jpg\" data-dt-img-description=\"\" data-large_image_width=\"1106\" data-large_image_height=\"681\"><img loading=\"lazy\" decoding=\"async\" class=\" wp-image-296738 alignleft\" src=\"https:\/\/www.radiopiu.net\/wordpress\/wp-content\/uploads\/2022\/09\/1b5de53e-3b50-4f63-89c0-d9e29cc5123c-150x150.jpg\" alt=\"\" width=\"112\" height=\"112\" \/><\/a>UN FERITO NELL&#8217;INCIDENTE A LA STANGA<\/h3>\n<\/blockquote>\n<p><strong>SEDICO<\/strong> Incidente sulla SR 203 Agordina la scorsa notte attorno alle 3 in localit\u00e0 La Stanga dove un&#8217;auto \u00e8 stata ritrovata con le ruote all&#8217;aria. Un incidente autonomo, forse causato da un colpo di sonno del conducente. Sul posto sono intervenuti i Vigili del Fuoco di Agordo, Suem e Polizia Stradale di Belluno. Il conducente dell&#8217;auto \u00e8 stato trasportato all&#8217;ospedale di Belluno. Le operazioni dei pompieri sono durate circa un&#8217;ora.<\/p>\n<p>&nbsp;<\/p>\n<p>&nbsp;<\/p>\n<hr \/>\n<p>&nbsp;<\/p>\n<blockquote>\n<h3>ESCURSIONISTA IN DIFFICOLTA&#8217; SUL SENTIERO PER IL RIFUGIO BIANCHET. MALORE SUL CIVETTA<\/h3>\n<\/blockquote>\n<p><strong><a class=\"dt-pswp-item\" href=\"https:\/\/www.radiopiu.net\/wordpress\/wp-content\/uploads\/2022\/08\/1661-2022.jpeg\" data-dt-img-description=\"\" data-large_image_width=\"1024\" data-large_image_height=\"768\"><img loading=\"lazy\" decoding=\"async\" class=\"size-thumbnail wp-image-290950 alignleft\" src=\"https:\/\/www.radiopiu.net\/wordpress\/wp-content\/uploads\/2022\/08\/1661-2022-150x150.jpeg\" alt=\"\" width=\"150\" height=\"150\" \/><\/a>CORTINA <\/strong>Venerd\u00ec sera il Pelikan di Bressanone \u00e8 riuscito a recuperare in una pausa del maltempo 4 escursionisti bloccati lungo la Ferrata Tomaselli alla Punta Fanes. I 4 turisti americani, due donne di 48 e 54 anni e due uomini di di 63 e 59 anni, che avevano lanciato l&#8217;allarme verso le 19.30, sono stati individuati a 2.900 metri di quota, imbarcati e trasportati a Bressanone verso le 21. Pronta a intervenire una squadra del Soccorso alpino di Cortina.<\/p>\n<p><strong>SEDICO <\/strong>Sabato attorno a mezzogiorno la Centrale del Suem \u00e8 stata attivata dal 112, contattato da un escursionista bloccato nella zona del Rifugio Bianchet. Dalle prime informazioni, essendoci poca copertura telefonica, il 44enne di Belluno era partito da Costa dei Pinei, per salire al Boral della Forchetta, raggiungere l&#8217;omonima Forcella, da dove poi il sentiero sblocca sui tornanti che portano al Rifugio. Una squadra del Soccorso alpino di Belluno ha quindi risalito i tornanti e ha raggiunto la Forcella senza per\u00f2 individuarlo. Abbassandosi di quota i soccorritori hanno finalmente avuto un contatto vocale e hanno rintracciato l&#8217;uomo un centinaio di metri pi\u00f9 in basso, a 1000 metri di quota. A un bivio, l&#8217;escursionista aveva sbagliato traccia ed era sceso fino a incrodarsi sopra un salto di roccia. Attrezzato l&#8217;ancoraggio per la calata di 20 metri, la squadra ha raggiunto l&#8217;uomo e lo ha accompagnato nella risalita, per poi raggiungere il mezzo fuoristrada e riportarlo a valle.<\/p>\n<p><strong>VAL DI ZOLDO <\/strong>Verso le 14.30 di sabato l&#8217;elicottero del Suem di Pieve di Cadore \u00e8 volato in Civetta, all&#8217;altezza delle corde fisse del Crodolon, dove un 58enne di Sommacampagna (VR), che si trovava con la moglie e altre 3 persone, si era sentito poco bene. Recuperato dal tecnico di elisoccorso con un verricello di 20 metri, l&#8217;uomo \u00e8 stato trasportato all&#8217;ospedale di Agordo per gli accertamenti del caso.<\/p>\n<p>&nbsp;<\/p>\n<p>&nbsp;<\/p>\n<hr \/>\n<p>&nbsp;<\/p>\n<blockquote>\n<h3>INCRODATO SU UNA CENGIA A FORCELLA LAGAZUOI<\/h3>\n<\/blockquote>\n<p><strong>CORTINA<\/strong> Attorno alle 15 di ieri il Soccorso alpino di Cortina \u00e8 stato attivato per un escursionista incrodato su una cengia, incapace di muoversi nei pressi di Forcella Lagazuoi. Dopo essere salito con gli impianti, al momento di scendere lungo la pista, il 51enne di San Giovanni di Fassa (TN) ha abbandonato il sentiero numero 402 seguendo una traccia ed \u00e8 finito tra le rocce, senza potersi pi\u00f9 spostare. Una squadra del Soccorso alpino della Guardia di Finanza di Cortina si \u00e8 avvicinata il pi\u00f9 possibile in jeep, per poi raggiungere a piedi l&#8217;uomo. Dopo averlo dotato di imbrago e averlo assicurato alla corda, i soccorritori lo hanno ricondotto sul prato e al sentiero, per poi tornare al fuoristrada e accompagnarlo a valle.<\/p>\n<p>&nbsp;<\/p>\n<p>&nbsp;<\/p>\n<hr \/>\n<p>&nbsp;<\/p>\n<blockquote>\n<h3>ALPINISTI INCRODATI SULLE TORRI DEL FALZAREGO<\/h3>\n<\/blockquote>\n<p><strong>CORTINA<\/strong> Ieri alle 18.30 l&#8217;elicottero del Suem di Pieve di Cadore \u00e8 volato sulle Torri del Falzarego, dove una coppia di alpinisti tedeschi era bloccata in parete. Al momento di calarsi con le doppie, una ventina di metri dopo aver iniziato la discesa, le corde erano infatti rimaste incastrate nella roccia. Una volta individuati, l&#8217;uomo e la donna sono stati recuperati dal tecnico di elisoccorso con un verricello di 15 metri e trasportati a valle.<\/p>\n<p>&nbsp;<\/p>\n<p>&nbsp;<\/p>\n<hr \/>\n<p>&nbsp;<\/p>\n<blockquote>\n<h3>QUINTUPLICATA LA BOLLETTA DELL&#8217;ENERGIA ELETTRICA: CHIUDE LO STADIO DEL GHIACCIO DI ALLEGHE<\/h3>\n<\/blockquote>\n<p><strong><img loading=\"lazy\" decoding=\"async\" class=\"alignleft\" src=\"https:\/\/www.radiopiu.net\/wordpress\/wp-content\/uploads\/2020\/05\/PALAGHIACCIO-Alleghe.jpg\" width=\"201\" height=\"151\" \/><\/strong><\/p>\n<p>&nbsp;<\/p>\n<p><strong>ALLEGHE<\/strong> Entro fine settembre chiude lo stadio del ghiaccio &#8220;Alvise De Toni&#8221;, il periodo di siccit\u00e0 non aiuta, non girano le turbine della centralina sullo Zunaia. Immaginabili le difficolt\u00e0 per l&#8217;Alleghe Hockey e gli sport del ghiaccio.<\/p>\n<p>&nbsp;<\/p>\n<p>&nbsp;<\/p>\n<p><strong><span style=\"color: #ff0000;\">AUDIO<\/span><\/strong><\/p>\n<audio class=\"wp-audio-shortcode\" id=\"audio-296579-2\" preload=\"none\" style=\"width: 100%;\" controls=\"controls\"><source type=\"audio\/mpeg\" src=\"https:\/\/www.radiopiu.net\/wordpress\/wp-content\/uploads\/2022\/09\/NOTIZIARIO.mp3?_=2\" \/><a href=\"https:\/\/www.radiopiu.net\/wordpress\/wp-content\/uploads\/2022\/09\/NOTIZIARIO.mp3\">https:\/\/www.radiopiu.net\/wordpress\/wp-content\/uploads\/2022\/09\/NOTIZIARIO.mp3<\/a><\/audio>\n<p>&nbsp;<\/p>\n<blockquote>\n<h3>53 MILA EURO DI BOLLETTA PER IL SOLO MESE DI AGOSTO. CHIUDE LO STADIO DI ALLEGHE<\/h3>\n<\/blockquote>\n<p><strong><a class=\"dt-pswp-item\" href=\"https:\/\/www.radiopiu.net\/wordpress\/wp-content\/uploads\/2018\/07\/stadio-alleghe-5.jpg\" data-dt-img-description=\"\" data-large_image_width=\"1024\" data-large_image_height=\"768\"><img loading=\"lazy\" decoding=\"async\" class=\"size-thumbnail wp-image-53145 alignleft\" src=\"https:\/\/www.radiopiu.net\/wordpress\/wp-content\/uploads\/2018\/07\/stadio-alleghe-5-150x150.jpg\" alt=\"\" width=\"150\" height=\"150\" \/><\/a>ALLEGHE<\/strong> Lo stadio del ghiaccio di Alleghe deve chiudere. \u00c8 una brutta notizia quella che arriva dal municipio. Venerd\u00ec \u00e8 stata recapitata la bolletta elettrica del mese di agosto e la cifra \u00e8 proibitiva: 53mila euro. \u00ab\u00c8 un valore cinque volte superiore a quello di un mese normale. Prima dei rincari a cui stiamo assistendo, un mese costava circa 10mila euro, con la centralina sullo Zunaia spenta; altrimenti si pagava ancora meno. Solo che con la siccit\u00e0, quest\u2019anno l\u2019impianto ha prodotto pochissima energia: \u00e8 rimasto inattivo da fine dicembre a fine aprile e in questo periodo ha avuto una produzione di kW irrilevante rispetto agli scorsi anni\u00bb, spiega il sindaco, Danilo De Toni. \u00abCon il trend dell\u2019ultima bolletta, il costo di un solo mese vale quanto il costo di circa met\u00e0 anno. Impossibile tenere aperta la struttura a queste condizioni\u00bb. La scelta dell\u2019amministrazione comunale \u00e8 obbligata, seppur sofferta. Il palaghiaccio infatti serve non solo i turisti, ma anche la locale squadra di hockey, il pattinaggio artistico con un vasto settore giovanile, che svolge attivit\u00e0 sociale a tutti gli effetti.\u00a0 \u00abQuest\u2019anno avevamo ritardato la riapertura estiva, posticipandola da luglio ad agosto, proprio per ridurre i costi, alla luce dei rincari\u00bb sottolinea il sindaco Danilo De Toni. \u00abMa abbiamo riaperto proprio per dare continuit\u00e0 all\u2019attivit\u00e0 della squadra Hockey Alleghe e al pattinaggio artistico che danno la possibilit\u00e0 di fare sport a oltre 100 bambini e ragazzi dell\u2019intera vallata. In questo senso, lo stadio del ghiaccio ha sempre rappresentato un servizio per tutto l\u2019Agordino, erogato dal Comune di Alleghe che da sempre ha sostenuto da solo i costi. Adesso per\u00f2 non possiamo pi\u00f9 sostenere un onere simile. A malincuore l\u2019ho gi\u00e0 comunicato al presidente della societ\u00e0 sportiva, Adriano Levis, dicendogli che non appena il costo dell\u2019energia elettrica torner\u00e0 a livelli accettabili e si creeranno delle condizioni sostenibili, studieremo le modalit\u00e0 di riapertura. Far\u00f2 lo stesso appena possibile con la responsabile del settore pattinaggio\u00bb. Al momento il PUN (Prezzo Unico Nazionale) dell\u2019energia elettrica si aggira attorno a 0,794 euro\/kWh, mentre era a circa 0,11 euro appena un anno fa. \u00abLe stime parlano di un ulteriore rialzo dei prezzi a settembre\u00bb conclude il sindaco De Toni. \u00abTenere aperto il palaghiaccio potrebbe significare un costo impensabile, solo di elettricit\u00e0, in un anno. Risorse che un piccolo Comune come Alleghe non ha\u00bb.<\/p>\n<p>&nbsp;<\/p>\n<p>&nbsp;<\/p>\n<hr \/>\n<p>&nbsp;<\/p>\n<blockquote>\n<h3>CHIUDE LO STADIO DI ALLEGHE. IL DISPIACERE DEL PRESIDENTE DELL&#8217;ALLEGHE HOCKEY ADRIANO LEVIS<\/h3>\n<\/blockquote>\n<p><strong><a class=\"dt-pswp-item\" href=\"https:\/\/www.radiopiu.net\/wordpress\/wp-content\/uploads\/2020\/06\/Adriano-LEVIS.jpg\" data-dt-img-description=\"\" data-large_image_width=\"2560\" data-large_image_height=\"2104\"><img loading=\"lazy\" decoding=\"async\" class=\"size-thumbnail wp-image-143358 alignleft\" src=\"https:\/\/www.radiopiu.net\/wordpress\/wp-content\/uploads\/2020\/06\/Adriano-LEVIS-150x150.jpg\" alt=\"\" width=\"150\" height=\"150\" \/><\/a>ALLEGHE<\/strong> Non \u00e8 stato sicuramente un fine settimana facile per il Presidente dell&#8217;Alleghe Hockey Adriano Levis visto che dall&#8217;amministrazione comunale di Alleghe ha avuto la notizia che era arrivata una bolletta dell&#8217;energia elettrica salatissima per il mese di agosto. Ieri mattina la notizia direttamente dal sindaco Danilo De Toni che ha comunicato a Levis la chiusura dell&#8217;impianto. Ora le difficolt\u00e0 si fanno enormi per l&#8217;Alleghe Hockey e stasera nel consiglio di amministrazione decider\u00e0 il da farsi.<\/p>\n<p><strong>ADRIANO LEVIS, PRESIDENTE DELL&#8217;ALLEGHE HOCKEY<\/strong><\/p>\n<audio class=\"wp-audio-shortcode\" id=\"audio-296579-3\" preload=\"none\" style=\"width: 100%;\" controls=\"controls\"><source type=\"audio\/mpeg\" src=\"https:\/\/www.radiopiu.net\/wordpress\/wp-content\/uploads\/2022\/09\/ADRIANO-LEVIS.mp3?_=3\" \/><a href=\"https:\/\/www.radiopiu.net\/wordpress\/wp-content\/uploads\/2022\/09\/ADRIANO-LEVIS.mp3\">https:\/\/www.radiopiu.net\/wordpress\/wp-content\/uploads\/2022\/09\/ADRIANO-LEVIS.mp3<\/a><\/audio>\n<p>&nbsp;<\/p>\n<p>&nbsp;<\/p>\n<hr \/>\n<p>&nbsp;<\/p>\n<div class=\"page-title-head hgroup\">\n<blockquote>\n<h3 class=\"entry-title\">LA CHIUSURA DEL \u201cDE TONI\u201d LA TRISTEZZA NELL\u2019ARRABBIATURA.<\/h3>\n<\/blockquote>\n<\/div>\n<p>Riceviamo a volentieri pubblichiamo<\/p>\n<p><a class=\"dt-pswp-item\" href=\"https:\/\/www.radiopiu.net\/wordpress\/wp-content\/uploads\/2022\/09\/7828364052458804893.jpg\" data-dt-img-description=\"\" data-large_image_width=\"500\" data-large_image_height=\"261\"><img loading=\"lazy\" decoding=\"async\" class=\"size-thumbnail wp-image-296820 alignleft\" src=\"https:\/\/www.radiopiu.net\/wordpress\/wp-content\/uploads\/2022\/09\/7828364052458804893-150x150.jpg\" alt=\"\" width=\"150\" height=\"150\" \/><\/a>Non so se \u00e8 pi\u00f9 grande la tristezza o l\u2019arrabbiatura in questo momento. E non so se sono pi\u00f9 arrabbiato della speculazione che Enel sta facendo sui costi dell\u2019energia o delle amministrazioni comunali dell\u2019Agordino che da un lato spendono Milioni in cattedrali nel deserto (vedi impianti sportivi mai aperti e \u201cteatri\u201d inutilizzati nel comune di Taibon A.) e dall\u2019altro hanno come unica soluzione quella di convertire uno Stadio storico e di bellezza unica come l\u2019Alvise de Toni in un palazzetto per giocare a Tennis o Basket (come da Vostra intervista al Sindaco di Alleghe). A parte tutte le considerazioni che si possono fare, come impianti e palestre gi\u00e0 esistenti e sottoutilizzati, i costi di manutenzione, luce e riscaldamento di un impianto del genere sarebbero ben superiori ai cinquantamila euro al mese\u2026 Da tifoso dell\u2019Alleghe e da genitore di una pattinatrice che sogna l\u2019Olimpiade Milano-Cortina (perch\u00e9 Presidente, non esiste solo l\u2019hockey ad Alleghe) mi sento profondamente triste, amareggiato, abbandonato ed offeso dal comportamento di queste amministrazioni che dimostrano un\u2019incompetenza assoluta di gestione di Azienda e che come unica soluzione chiudono gli impianti sportivi alla prima bolletta perch\u00e9 non sanno come gestire la manutenzione e\/o i costi di funzionamento. Imprese, fabbriche, negozi (ma anche le nostre case) stanno subendo questo incremento di costi dell\u2019elettricit\u00e0, ma non chiudono per questo. Sicuramente ci sono degli sprechi che possono essere ridotti e una gestione dello Stadio che pu\u00f2 essere ottimizzata, come anche l\u2019uso della centralina; dei fondi che possono essere richiesti al Governo Italiano ed Europeo e delle risorse dei vari Comuni dell\u2019Agordino, della Provincia e della Regione che possono essere utilizzati. Ma certo. Pi\u00f9 facile chiudere tutto e chi se ne frega dei sogni di un bambino\u2026<\/p>\n<p>Un genitore.<\/p>\n<p>&nbsp;<\/p>\n<p>&nbsp;<\/p>\n<hr \/>\n<blockquote>\n<h3 dir=\"auto\">PIU&#8217; DI 2 MILA FEDELI ALLA MESSA SOLENNE DI RINGRAZIAMENTO PER PAPA LUCIANI BEATO<\/h3>\n<\/blockquote>\n<p><strong>CANALE D&#8217;AGORDO<\/strong> Erano pi\u00f9 di 2 mila i presenti a Canale D&#8217;Agordo per la Messa Solenne di ringraziamento per Papa Luciani Beato. A presenziare il rito \u00e8 stato il Patriarca di Venezia Francesco Moraglia assieme al Vescovo di Belluno e Feltre Renato Marangoni. In piazza Papa Luciani erano presenti tutti i Vescovi del Veneto oltre ai parroci della provincia di Belluno. Ad assistere alla Messa i sindaci della provincia di Belluno, il Presidente della Provincia di Belluno e il Ministro per i rapporti con il parlamento. Una funzione durata quasi due ore in cui si ha ricordato a lungo la figura del Beato Albino Luciani. Una celebrazione composta con tutti i posti a sedere occupati e tanta gente che \u00e8 rimasta in piedi per assistere alla funzione religiosa.<\/p>\n<p><strong>IL VESCOVO DI BELLUNO FELTRE RENATO MARANGONI<\/strong><\/p>\n<audio class=\"wp-audio-shortcode\" id=\"audio-296579-4\" preload=\"none\" style=\"width: 100%;\" controls=\"controls\"><source type=\"audio\/mpeg\" src=\"https:\/\/www.radiopiu.net\/wordpress\/wp-content\/uploads\/2022\/09\/VESCOVO.mp3?_=4\" \/><a href=\"https:\/\/www.radiopiu.net\/wordpress\/wp-content\/uploads\/2022\/09\/VESCOVO.mp3\">https:\/\/www.radiopiu.net\/wordpress\/wp-content\/uploads\/2022\/09\/VESCOVO.mp3<\/a><\/audio>\n<p>&nbsp;<\/p>\n<p><strong>IL PATRIARCA DI VENEZIA FRANCESCO MORAGLIA IN UNO SPEZZONE DELL&#8217;OMELIA<\/strong><\/p>\n<audio class=\"wp-audio-shortcode\" id=\"audio-296579-5\" preload=\"none\" style=\"width: 100%;\" controls=\"controls\"><source type=\"audio\/mpeg\" src=\"https:\/\/www.radiopiu.net\/wordpress\/wp-content\/uploads\/2022\/09\/PATRIARCA.mp3?_=5\" \/><a href=\"https:\/\/www.radiopiu.net\/wordpress\/wp-content\/uploads\/2022\/09\/PATRIARCA.mp3\">https:\/\/www.radiopiu.net\/wordpress\/wp-content\/uploads\/2022\/09\/PATRIARCA.mp3<\/a><\/audio>\n<p>&nbsp;<\/p>\n<p><strong>LE FOTO DI CARLO LORENZI\u00a0<\/strong><\/p>\n\n\t\t\t<style type='text\/css'>\n\t\t\t\t#gallery-2 {\n\t\t\t\t\tmargin: auto;\n\t\t\t\t}\n\t\t\t\t#gallery-2 .gallery-item {\n\t\t\t\t\tfloat: left;\n\t\t\t\t\tmargin-top: 10px;\n\t\t\t\t\ttext-align: center;\n\t\t\t\t\twidth: 25%;\n\t\t\t\t}\n\t\t\t\t#gallery-2 img {\n\t\t\t\t\tborder: 2px solid #cfcfcf;\n\t\t\t\t}\n\t\t\t\t#gallery-2 .gallery-caption {\n\t\t\t\t\tmargin-left: 0;\n\t\t\t\t}\n\t\t\t\t\/* see gallery_shortcode() in wp-includes\/media.php *\/\n\t\t\t<\/style>\n\t\t<div id='gallery-2' class='dt-gallery-container gallery galleryid-296579 gallery-columns-4 gallery-size-thumbnail'><dl class='gallery-item'>\n\t\t\t\t<dt class='gallery-icon portrait'>\n\t\t\t\t\t<a class=\"rollover rollover-zoom dt-pswp-item\" title=\"Beat.0024\" data-dt-img-description=\"\" data-large_image_width=\"1706\" data-large_image_height=\"2560\"href='https:\/\/www.radiopiu.net\/wordpress\/wp-content\/uploads\/2022\/09\/Beat.0024-scaled.jpg'><img loading=\"lazy\" decoding=\"async\" width=\"150\" height=\"150\" src=\"https:\/\/www.radiopiu.net\/wordpress\/wp-content\/uploads\/2022\/09\/Beat.0024-150x150.jpg\" class=\"attachment-thumbnail size-thumbnail\" alt=\"\" \/><\/a>\n\t\t\t\t<\/dt><\/dl><dl class='gallery-item'>\n\t\t\t\t<dt class='gallery-icon landscape'>\n\t\t\t\t\t<a class=\"rollover rollover-zoom dt-pswp-item\" title=\"Beat.0232\" data-dt-img-description=\"\" data-large_image_width=\"2560\" data-large_image_height=\"1707\"href='https:\/\/www.radiopiu.net\/wordpress\/wp-content\/uploads\/2022\/09\/Beat.0232-scaled.jpg'><img loading=\"lazy\" decoding=\"async\" width=\"150\" height=\"150\" src=\"https:\/\/www.radiopiu.net\/wordpress\/wp-content\/uploads\/2022\/09\/Beat.0232-150x150.jpg\" class=\"attachment-thumbnail size-thumbnail\" alt=\"\" \/><\/a>\n\t\t\t\t<\/dt><\/dl><dl class='gallery-item'>\n\t\t\t\t<dt class='gallery-icon landscape'>\n\t\t\t\t\t<a class=\"rollover rollover-zoom dt-pswp-item\" title=\"Beat.0254\" data-dt-img-description=\"\" data-large_image_width=\"2560\" data-large_image_height=\"1707\"href='https:\/\/www.radiopiu.net\/wordpress\/wp-content\/uploads\/2022\/09\/Beat.0254-scaled.jpg'><img loading=\"lazy\" decoding=\"async\" width=\"150\" height=\"150\" src=\"https:\/\/www.radiopiu.net\/wordpress\/wp-content\/uploads\/2022\/09\/Beat.0254-150x150.jpg\" class=\"attachment-thumbnail size-thumbnail\" alt=\"\" \/><\/a>\n\t\t\t\t<\/dt><\/dl><dl class='gallery-item'>\n\t\t\t\t<dt class='gallery-icon landscape'>\n\t\t\t\t\t<a class=\"rollover rollover-zoom dt-pswp-item\" title=\"Beat.0260\" data-dt-img-description=\"\" data-large_image_width=\"2560\" data-large_image_height=\"1707\"href='https:\/\/www.radiopiu.net\/wordpress\/wp-content\/uploads\/2022\/09\/Beat.0260-scaled.jpg'><img loading=\"lazy\" decoding=\"async\" width=\"150\" height=\"150\" src=\"https:\/\/www.radiopiu.net\/wordpress\/wp-content\/uploads\/2022\/09\/Beat.0260-150x150.jpg\" class=\"attachment-thumbnail size-thumbnail\" alt=\"\" \/><\/a>\n\t\t\t\t<\/dt><\/dl><br style=\"clear: both\" \/><dl class='gallery-item'>\n\t\t\t\t<dt class='gallery-icon landscape'>\n\t\t\t\t\t<a class=\"rollover rollover-zoom dt-pswp-item\" title=\"Beat.0266\" data-dt-img-description=\"\" data-large_image_width=\"2560\" data-large_image_height=\"1707\"href='https:\/\/www.radiopiu.net\/wordpress\/wp-content\/uploads\/2022\/09\/Beat.0266-scaled.jpg'><img loading=\"lazy\" decoding=\"async\" width=\"150\" height=\"150\" src=\"https:\/\/www.radiopiu.net\/wordpress\/wp-content\/uploads\/2022\/09\/Beat.0266-150x150.jpg\" class=\"attachment-thumbnail size-thumbnail\" alt=\"\" \/><\/a>\n\t\t\t\t<\/dt><\/dl><dl class='gallery-item'>\n\t\t\t\t<dt class='gallery-icon landscape'>\n\t\t\t\t\t<a class=\"rollover rollover-zoom dt-pswp-item\" title=\"Beat.0268\" data-dt-img-description=\"\" data-large_image_width=\"2560\" data-large_image_height=\"1707\"href='https:\/\/www.radiopiu.net\/wordpress\/wp-content\/uploads\/2022\/09\/Beat.0268-scaled.jpg'><img loading=\"lazy\" decoding=\"async\" width=\"150\" height=\"150\" src=\"https:\/\/www.radiopiu.net\/wordpress\/wp-content\/uploads\/2022\/09\/Beat.0268-150x150.jpg\" class=\"attachment-thumbnail size-thumbnail\" alt=\"\" \/><\/a>\n\t\t\t\t<\/dt><\/dl><dl class='gallery-item'>\n\t\t\t\t<dt class='gallery-icon landscape'>\n\t\t\t\t\t<a class=\"rollover rollover-zoom dt-pswp-item\" title=\"Beat.0276\" data-dt-img-description=\"\" data-large_image_width=\"2560\" data-large_image_height=\"1707\"href='https:\/\/www.radiopiu.net\/wordpress\/wp-content\/uploads\/2022\/09\/Beat.0276-scaled.jpg'><img loading=\"lazy\" decoding=\"async\" width=\"150\" height=\"150\" src=\"https:\/\/www.radiopiu.net\/wordpress\/wp-content\/uploads\/2022\/09\/Beat.0276-150x150.jpg\" class=\"attachment-thumbnail size-thumbnail\" alt=\"\" \/><\/a>\n\t\t\t\t<\/dt><\/dl><dl class='gallery-item'>\n\t\t\t\t<dt class='gallery-icon landscape'>\n\t\t\t\t\t<a class=\"rollover rollover-zoom dt-pswp-item\" title=\"Beat.0282\" data-dt-img-description=\"\" data-large_image_width=\"2560\" data-large_image_height=\"1707\"href='https:\/\/www.radiopiu.net\/wordpress\/wp-content\/uploads\/2022\/09\/Beat.0282-scaled.jpg'><img loading=\"lazy\" decoding=\"async\" width=\"150\" height=\"150\" src=\"https:\/\/www.radiopiu.net\/wordpress\/wp-content\/uploads\/2022\/09\/Beat.0282-150x150.jpg\" class=\"attachment-thumbnail size-thumbnail\" alt=\"\" \/><\/a>\n\t\t\t\t<\/dt><\/dl><br style=\"clear: both\" \/><dl class='gallery-item'>\n\t\t\t\t<dt class='gallery-icon landscape'>\n\t\t\t\t\t<a class=\"rollover rollover-zoom dt-pswp-item\" title=\"Beat.0293\" data-dt-img-description=\"\" data-large_image_width=\"2560\" data-large_image_height=\"1707\"href='https:\/\/www.radiopiu.net\/wordpress\/wp-content\/uploads\/2022\/09\/Beat.0293-scaled.jpg'><img loading=\"lazy\" decoding=\"async\" width=\"150\" height=\"150\" src=\"https:\/\/www.radiopiu.net\/wordpress\/wp-content\/uploads\/2022\/09\/Beat.0293-150x150.jpg\" class=\"attachment-thumbnail size-thumbnail\" alt=\"\" \/><\/a>\n\t\t\t\t<\/dt><\/dl><dl class='gallery-item'>\n\t\t\t\t<dt class='gallery-icon landscape'>\n\t\t\t\t\t<a class=\"rollover rollover-zoom dt-pswp-item\" title=\"Beat.0300\" data-dt-img-description=\"\" data-large_image_width=\"2560\" data-large_image_height=\"1707\"href='https:\/\/www.radiopiu.net\/wordpress\/wp-content\/uploads\/2022\/09\/Beat.0300-scaled.jpg'><img loading=\"lazy\" decoding=\"async\" width=\"150\" height=\"150\" src=\"https:\/\/www.radiopiu.net\/wordpress\/wp-content\/uploads\/2022\/09\/Beat.0300-150x150.jpg\" class=\"attachment-thumbnail size-thumbnail\" alt=\"\" \/><\/a>\n\t\t\t\t<\/dt><\/dl><dl class='gallery-item'>\n\t\t\t\t<dt class='gallery-icon landscape'>\n\t\t\t\t\t<a class=\"rollover rollover-zoom dt-pswp-item\" title=\"Beat.0342\" data-dt-img-description=\"\" data-large_image_width=\"2560\" data-large_image_height=\"1707\"href='https:\/\/www.radiopiu.net\/wordpress\/wp-content\/uploads\/2022\/09\/Beat.0342-scaled.jpg'><img loading=\"lazy\" decoding=\"async\" width=\"150\" height=\"150\" src=\"https:\/\/www.radiopiu.net\/wordpress\/wp-content\/uploads\/2022\/09\/Beat.0342-150x150.jpg\" class=\"attachment-thumbnail size-thumbnail\" alt=\"\" \/><\/a>\n\t\t\t\t<\/dt><\/dl><dl class='gallery-item'>\n\t\t\t\t<dt class='gallery-icon landscape'>\n\t\t\t\t\t<a class=\"rollover rollover-zoom dt-pswp-item\" title=\"Beat.0354\" data-dt-img-description=\"\" data-large_image_width=\"2560\" data-large_image_height=\"1707\"href='https:\/\/www.radiopiu.net\/wordpress\/wp-content\/uploads\/2022\/09\/Beat.0354-scaled.jpg'><img loading=\"lazy\" decoding=\"async\" width=\"150\" height=\"150\" src=\"https:\/\/www.radiopiu.net\/wordpress\/wp-content\/uploads\/2022\/09\/Beat.0354-150x150.jpg\" class=\"attachment-thumbnail size-thumbnail\" alt=\"\" \/><\/a>\n\t\t\t\t<\/dt><\/dl><br style=\"clear: both\" \/><dl class='gallery-item'>\n\t\t\t\t<dt class='gallery-icon landscape'>\n\t\t\t\t\t<a class=\"rollover rollover-zoom dt-pswp-item\" title=\"Beat.0358\" data-dt-img-description=\"\" data-large_image_width=\"2560\" data-large_image_height=\"1707\"href='https:\/\/www.radiopiu.net\/wordpress\/wp-content\/uploads\/2022\/09\/Beat.0358-scaled.jpg'><img loading=\"lazy\" decoding=\"async\" width=\"150\" height=\"150\" src=\"https:\/\/www.radiopiu.net\/wordpress\/wp-content\/uploads\/2022\/09\/Beat.0358-150x150.jpg\" class=\"attachment-thumbnail size-thumbnail\" alt=\"\" \/><\/a>\n\t\t\t\t<\/dt><\/dl><dl class='gallery-item'>\n\t\t\t\t<dt class='gallery-icon portrait'>\n\t\t\t\t\t<a class=\"rollover rollover-zoom dt-pswp-item\" title=\"Beat.0382\" data-dt-img-description=\"\" data-large_image_width=\"1706\" data-large_image_height=\"2560\"href='https:\/\/www.radiopiu.net\/wordpress\/wp-content\/uploads\/2022\/09\/Beat.0382-scaled.jpg'><img loading=\"lazy\" decoding=\"async\" width=\"150\" height=\"150\" src=\"https:\/\/www.radiopiu.net\/wordpress\/wp-content\/uploads\/2022\/09\/Beat.0382-150x150.jpg\" class=\"attachment-thumbnail size-thumbnail\" alt=\"\" \/><\/a>\n\t\t\t\t<\/dt><\/dl><dl class='gallery-item'>\n\t\t\t\t<dt class='gallery-icon landscape'>\n\t\t\t\t\t<a class=\"rollover rollover-zoom dt-pswp-item\" title=\"Beat.0390\" data-dt-img-description=\"\" data-large_image_width=\"2560\" data-large_image_height=\"1707\"href='https:\/\/www.radiopiu.net\/wordpress\/wp-content\/uploads\/2022\/09\/Beat.0390-scaled.jpg'><img loading=\"lazy\" decoding=\"async\" width=\"150\" height=\"150\" src=\"https:\/\/www.radiopiu.net\/wordpress\/wp-content\/uploads\/2022\/09\/Beat.0390-150x150.jpg\" class=\"attachment-thumbnail size-thumbnail\" alt=\"\" \/><\/a>\n\t\t\t\t<\/dt><\/dl><dl class='gallery-item'>\n\t\t\t\t<dt class='gallery-icon landscape'>\n\t\t\t\t\t<a class=\"rollover rollover-zoom dt-pswp-item\" title=\"Beat.0410\" data-dt-img-description=\"\" data-large_image_width=\"2560\" data-large_image_height=\"1707\"href='https:\/\/www.radiopiu.net\/wordpress\/wp-content\/uploads\/2022\/09\/Beat.0410-scaled.jpg'><img loading=\"lazy\" decoding=\"async\" width=\"150\" height=\"150\" src=\"https:\/\/www.radiopiu.net\/wordpress\/wp-content\/uploads\/2022\/09\/Beat.0410-150x150.jpg\" class=\"attachment-thumbnail size-thumbnail\" alt=\"\" \/><\/a>\n\t\t\t\t<\/dt><\/dl><br style=\"clear: both\" \/><dl class='gallery-item'>\n\t\t\t\t<dt class='gallery-icon landscape'>\n\t\t\t\t\t<a class=\"rollover rollover-zoom dt-pswp-item\" title=\"Beat.0415\" data-dt-img-description=\"\" data-large_image_width=\"2560\" data-large_image_height=\"1707\"href='https:\/\/www.radiopiu.net\/wordpress\/wp-content\/uploads\/2022\/09\/Beat.0415-scaled.jpg'><img loading=\"lazy\" decoding=\"async\" width=\"150\" height=\"150\" src=\"https:\/\/www.radiopiu.net\/wordpress\/wp-content\/uploads\/2022\/09\/Beat.0415-150x150.jpg\" class=\"attachment-thumbnail size-thumbnail\" alt=\"\" \/><\/a>\n\t\t\t\t<\/dt><\/dl><dl class='gallery-item'>\n\t\t\t\t<dt class='gallery-icon landscape'>\n\t\t\t\t\t<a class=\"rollover rollover-zoom dt-pswp-item\" title=\"Beat.0457\" data-dt-img-description=\"\" data-large_image_width=\"2560\" data-large_image_height=\"1707\"href='https:\/\/www.radiopiu.net\/wordpress\/wp-content\/uploads\/2022\/09\/Beat.0457-scaled.jpg'><img loading=\"lazy\" decoding=\"async\" width=\"150\" height=\"150\" src=\"https:\/\/www.radiopiu.net\/wordpress\/wp-content\/uploads\/2022\/09\/Beat.0457-150x150.jpg\" class=\"attachment-thumbnail size-thumbnail\" alt=\"\" \/><\/a>\n\t\t\t\t<\/dt><\/dl><dl class='gallery-item'>\n\t\t\t\t<dt class='gallery-icon landscape'>\n\t\t\t\t\t<a class=\"rollover rollover-zoom dt-pswp-item\" title=\"Beat.0488\" data-dt-img-description=\"\" data-large_image_width=\"2560\" data-large_image_height=\"1707\"href='https:\/\/www.radiopiu.net\/wordpress\/wp-content\/uploads\/2022\/09\/Beat.0488-scaled.jpg'><img loading=\"lazy\" decoding=\"async\" width=\"150\" height=\"150\" src=\"https:\/\/www.radiopiu.net\/wordpress\/wp-content\/uploads\/2022\/09\/Beat.0488-150x150.jpg\" class=\"attachment-thumbnail size-thumbnail\" alt=\"\" \/><\/a>\n\t\t\t\t<\/dt><\/dl><dl class='gallery-item'>\n\t\t\t\t<dt class='gallery-icon landscape'>\n\t\t\t\t\t<a class=\"rollover rollover-zoom dt-pswp-item\" title=\"Beat.0502\" data-dt-img-description=\"\" data-large_image_width=\"2560\" data-large_image_height=\"1707\"href='https:\/\/www.radiopiu.net\/wordpress\/wp-content\/uploads\/2022\/09\/Beat.0502-scaled.jpg'><img loading=\"lazy\" decoding=\"async\" width=\"150\" height=\"150\" src=\"https:\/\/www.radiopiu.net\/wordpress\/wp-content\/uploads\/2022\/09\/Beat.0502-150x150.jpg\" class=\"attachment-thumbnail size-thumbnail\" alt=\"\" \/><\/a>\n\t\t\t\t<\/dt><\/dl><br style=\"clear: both\" \/><dl class='gallery-item'>\n\t\t\t\t<dt class='gallery-icon landscape'>\n\t\t\t\t\t<a class=\"rollover rollover-zoom dt-pswp-item\" title=\"Beat.0518\" data-dt-img-description=\"\" data-large_image_width=\"2560\" data-large_image_height=\"1707\"href='https:\/\/www.radiopiu.net\/wordpress\/wp-content\/uploads\/2022\/09\/Beat.0518-scaled.jpg'><img loading=\"lazy\" decoding=\"async\" width=\"150\" height=\"150\" src=\"https:\/\/www.radiopiu.net\/wordpress\/wp-content\/uploads\/2022\/09\/Beat.0518-150x150.jpg\" class=\"attachment-thumbnail size-thumbnail\" alt=\"\" \/><\/a>\n\t\t\t\t<\/dt><\/dl><dl class='gallery-item'>\n\t\t\t\t<dt class='gallery-icon landscape'>\n\t\t\t\t\t<a class=\"rollover rollover-zoom dt-pswp-item\" title=\"Beat.0530\" data-dt-img-description=\"\" data-large_image_width=\"2560\" data-large_image_height=\"1707\"href='https:\/\/www.radiopiu.net\/wordpress\/wp-content\/uploads\/2022\/09\/Beat.0530-scaled.jpg'><img loading=\"lazy\" decoding=\"async\" width=\"150\" height=\"150\" src=\"https:\/\/www.radiopiu.net\/wordpress\/wp-content\/uploads\/2022\/09\/Beat.0530-150x150.jpg\" class=\"attachment-thumbnail size-thumbnail\" alt=\"\" \/><\/a>\n\t\t\t\t<\/dt><\/dl><dl class='gallery-item'>\n\t\t\t\t<dt class='gallery-icon landscape'>\n\t\t\t\t\t<a class=\"rollover rollover-zoom dt-pswp-item\" title=\"Beat.0544\" data-dt-img-description=\"\" data-large_image_width=\"2560\" data-large_image_height=\"1707\"href='https:\/\/www.radiopiu.net\/wordpress\/wp-content\/uploads\/2022\/09\/Beat.0544-scaled.jpg'><img loading=\"lazy\" decoding=\"async\" width=\"150\" height=\"150\" src=\"https:\/\/www.radiopiu.net\/wordpress\/wp-content\/uploads\/2022\/09\/Beat.0544-150x150.jpg\" class=\"attachment-thumbnail size-thumbnail\" alt=\"\" \/><\/a>\n\t\t\t\t<\/dt><\/dl><dl class='gallery-item'>\n\t\t\t\t<dt class='gallery-icon landscape'>\n\t\t\t\t\t<a class=\"rollover rollover-zoom dt-pswp-item\" title=\"Beat.0549\" data-dt-img-description=\"\" data-large_image_width=\"2560\" data-large_image_height=\"1707\"href='https:\/\/www.radiopiu.net\/wordpress\/wp-content\/uploads\/2022\/09\/Beat.0549-scaled.jpg'><img loading=\"lazy\" decoding=\"async\" width=\"150\" height=\"150\" src=\"https:\/\/www.radiopiu.net\/wordpress\/wp-content\/uploads\/2022\/09\/Beat.0549-150x150.jpg\" class=\"attachment-thumbnail size-thumbnail\" alt=\"\" \/><\/a>\n\t\t\t\t<\/dt><\/dl><br style=\"clear: both\" \/><dl class='gallery-item'>\n\t\t\t\t<dt class='gallery-icon landscape'>\n\t\t\t\t\t<a class=\"rollover rollover-zoom dt-pswp-item\" title=\"Beat.0553\" data-dt-img-description=\"\" data-large_image_width=\"2560\" data-large_image_height=\"1707\"href='https:\/\/www.radiopiu.net\/wordpress\/wp-content\/uploads\/2022\/09\/Beat.0553-scaled.jpg'><img loading=\"lazy\" decoding=\"async\" width=\"150\" height=\"150\" src=\"https:\/\/www.radiopiu.net\/wordpress\/wp-content\/uploads\/2022\/09\/Beat.0553-150x150.jpg\" class=\"attachment-thumbnail size-thumbnail\" alt=\"\" \/><\/a>\n\t\t\t\t<\/dt><\/dl><dl class='gallery-item'>\n\t\t\t\t<dt class='gallery-icon landscape'>\n\t\t\t\t\t<a class=\"rollover rollover-zoom dt-pswp-item\" title=\"Beat.0554\" data-dt-img-description=\"\" data-large_image_width=\"2560\" data-large_image_height=\"1707\"href='https:\/\/www.radiopiu.net\/wordpress\/wp-content\/uploads\/2022\/09\/Beat.0554-scaled.jpg'><img loading=\"lazy\" decoding=\"async\" width=\"150\" height=\"150\" src=\"https:\/\/www.radiopiu.net\/wordpress\/wp-content\/uploads\/2022\/09\/Beat.0554-150x150.jpg\" class=\"attachment-thumbnail size-thumbnail\" alt=\"\" \/><\/a>\n\t\t\t\t<\/dt><\/dl><dl class='gallery-item'>\n\t\t\t\t<dt class='gallery-icon portrait'>\n\t\t\t\t\t<a class=\"rollover rollover-zoom dt-pswp-item\" title=\"Beat.0568\" data-dt-img-description=\"\" data-large_image_width=\"1706\" data-large_image_height=\"2560\"href='https:\/\/www.radiopiu.net\/wordpress\/wp-content\/uploads\/2022\/09\/Beat.0568-scaled.jpg'><img loading=\"lazy\" decoding=\"async\" width=\"150\" height=\"150\" src=\"https:\/\/www.radiopiu.net\/wordpress\/wp-content\/uploads\/2022\/09\/Beat.0568-150x150.jpg\" class=\"attachment-thumbnail size-thumbnail\" alt=\"\" \/><\/a>\n\t\t\t\t<\/dt><\/dl><dl class='gallery-item'>\n\t\t\t\t<dt class='gallery-icon landscape'>\n\t\t\t\t\t<a class=\"rollover rollover-zoom dt-pswp-item\" title=\"Beat.0570\" data-dt-img-description=\"\" data-large_image_width=\"2560\" data-large_image_height=\"1707\"href='https:\/\/www.radiopiu.net\/wordpress\/wp-content\/uploads\/2022\/09\/Beat.0570-scaled.jpg'><img loading=\"lazy\" decoding=\"async\" width=\"150\" height=\"150\" src=\"https:\/\/www.radiopiu.net\/wordpress\/wp-content\/uploads\/2022\/09\/Beat.0570-150x150.jpg\" class=\"attachment-thumbnail size-thumbnail\" alt=\"\" \/><\/a>\n\t\t\t\t<\/dt><\/dl><br style=\"clear: both\" \/><dl class='gallery-item'>\n\t\t\t\t<dt class='gallery-icon landscape'>\n\t\t\t\t\t<a class=\"rollover rollover-zoom dt-pswp-item\" title=\"Beat.0574\" data-dt-img-description=\"\" data-large_image_width=\"2560\" data-large_image_height=\"1707\"href='https:\/\/www.radiopiu.net\/wordpress\/wp-content\/uploads\/2022\/09\/Beat.0574-scaled.jpg'><img loading=\"lazy\" decoding=\"async\" width=\"150\" height=\"150\" src=\"https:\/\/www.radiopiu.net\/wordpress\/wp-content\/uploads\/2022\/09\/Beat.0574-150x150.jpg\" class=\"attachment-thumbnail size-thumbnail\" alt=\"\" \/><\/a>\n\t\t\t\t<\/dt><\/dl><dl class='gallery-item'>\n\t\t\t\t<dt class='gallery-icon landscape'>\n\t\t\t\t\t<a class=\"rollover rollover-zoom dt-pswp-item\" title=\"Beat.0612\" data-dt-img-description=\"\" data-large_image_width=\"2560\" data-large_image_height=\"1707\"href='https:\/\/www.radiopiu.net\/wordpress\/wp-content\/uploads\/2022\/09\/Beat.0612-scaled.jpg'><img loading=\"lazy\" decoding=\"async\" width=\"150\" height=\"150\" src=\"https:\/\/www.radiopiu.net\/wordpress\/wp-content\/uploads\/2022\/09\/Beat.0612-150x150.jpg\" class=\"attachment-thumbnail size-thumbnail\" alt=\"\" \/><\/a>\n\t\t\t\t<\/dt><\/dl><dl class='gallery-item'>\n\t\t\t\t<dt class='gallery-icon landscape'>\n\t\t\t\t\t<a class=\"rollover rollover-zoom dt-pswp-item\" title=\"Beat.0613\" data-dt-img-description=\"\" data-large_image_width=\"2560\" data-large_image_height=\"1707\"href='https:\/\/www.radiopiu.net\/wordpress\/wp-content\/uploads\/2022\/09\/Beat.0613-scaled.jpg'><img loading=\"lazy\" decoding=\"async\" width=\"150\" height=\"150\" src=\"https:\/\/www.radiopiu.net\/wordpress\/wp-content\/uploads\/2022\/09\/Beat.0613-150x150.jpg\" class=\"attachment-thumbnail size-thumbnail\" alt=\"\" \/><\/a>\n\t\t\t\t<\/dt><\/dl><dl class='gallery-item'>\n\t\t\t\t<dt class='gallery-icon landscape'>\n\t\t\t\t\t<a class=\"rollover rollover-zoom dt-pswp-item\" title=\"Beat.0633\" data-dt-img-description=\"\" data-large_image_width=\"2560\" data-large_image_height=\"1707\"href='https:\/\/www.radiopiu.net\/wordpress\/wp-content\/uploads\/2022\/09\/Beat.0633-scaled.jpg'><img loading=\"lazy\" decoding=\"async\" width=\"150\" height=\"150\" src=\"https:\/\/www.radiopiu.net\/wordpress\/wp-content\/uploads\/2022\/09\/Beat.0633-150x150.jpg\" class=\"attachment-thumbnail size-thumbnail\" alt=\"\" \/><\/a>\n\t\t\t\t<\/dt><\/dl><br style=\"clear: both\" \/>\n\t\t\t<\/div>\n\n<p>&nbsp;<\/p>\n<p>&nbsp;<\/p>\n\n\t\t\t<style type='text\/css'>\n\t\t\t\t#gallery-3 {\n\t\t\t\t\tmargin: auto;\n\t\t\t\t}\n\t\t\t\t#gallery-3 .gallery-item {\n\t\t\t\t\tfloat: left;\n\t\t\t\t\tmargin-top: 10px;\n\t\t\t\t\ttext-align: center;\n\t\t\t\t\twidth: 20%;\n\t\t\t\t}\n\t\t\t\t#gallery-3 img {\n\t\t\t\t\tborder: 2px solid #cfcfcf;\n\t\t\t\t}\n\t\t\t\t#gallery-3 .gallery-caption {\n\t\t\t\t\tmargin-left: 0;\n\t\t\t\t}\n\t\t\t\t\/* see gallery_shortcode() in wp-includes\/media.php *\/\n\t\t\t<\/style>\n\t\t<div id='gallery-3' class='dt-gallery-container gallery galleryid-296579 gallery-columns-5 gallery-size-thumbnail'><dl class='gallery-item'>\n\t\t\t\t<dt class='gallery-icon landscape'>\n\t\t\t\t\t<a class=\"rollover rollover-zoom dt-pswp-item\" title=\"b08b2e63-424a-4517-87ba-93abdc85bed1\" data-dt-img-description=\"\" data-large_image_width=\"1024\" data-large_image_height=\"768\"href='https:\/\/www.radiopiu.net\/wordpress\/wp-content\/uploads\/2022\/09\/b08b2e63-424a-4517-87ba-93abdc85bed1.jpg'><img loading=\"lazy\" decoding=\"async\" width=\"150\" height=\"150\" src=\"https:\/\/www.radiopiu.net\/wordpress\/wp-content\/uploads\/2022\/09\/b08b2e63-424a-4517-87ba-93abdc85bed1-150x150.jpg\" class=\"attachment-thumbnail size-thumbnail\" alt=\"\" \/><\/a>\n\t\t\t\t<\/dt><\/dl><dl class='gallery-item'>\n\t\t\t\t<dt class='gallery-icon landscape'>\n\t\t\t\t\t<a class=\"rollover rollover-zoom dt-pswp-item\" title=\"f930a1ec-6b9f-4345-86f4-f35c263a46b4\" data-dt-img-description=\"\" data-large_image_width=\"1024\" data-large_image_height=\"768\"href='https:\/\/www.radiopiu.net\/wordpress\/wp-content\/uploads\/2022\/09\/f930a1ec-6b9f-4345-86f4-f35c263a46b4.jpg'><img loading=\"lazy\" decoding=\"async\" width=\"150\" height=\"150\" src=\"https:\/\/www.radiopiu.net\/wordpress\/wp-content\/uploads\/2022\/09\/f930a1ec-6b9f-4345-86f4-f35c263a46b4-150x150.jpg\" class=\"attachment-thumbnail size-thumbnail\" alt=\"\" \/><\/a>\n\t\t\t\t<\/dt><\/dl><dl class='gallery-item'>\n\t\t\t\t<dt class='gallery-icon landscape'>\n\t\t\t\t\t<a class=\"rollover rollover-zoom dt-pswp-item\" title=\"263ce5ca-860e-4533-b5c1-e0b488dfacac\" data-dt-img-description=\"\" data-large_image_width=\"1024\" data-large_image_height=\"768\"href='https:\/\/www.radiopiu.net\/wordpress\/wp-content\/uploads\/2022\/09\/263ce5ca-860e-4533-b5c1-e0b488dfacac.jpg'><img loading=\"lazy\" decoding=\"async\" width=\"150\" height=\"150\" src=\"https:\/\/www.radiopiu.net\/wordpress\/wp-content\/uploads\/2022\/09\/263ce5ca-860e-4533-b5c1-e0b488dfacac-150x150.jpg\" class=\"attachment-thumbnail size-thumbnail\" alt=\"\" \/><\/a>\n\t\t\t\t<\/dt><\/dl><dl class='gallery-item'>\n\t\t\t\t<dt class='gallery-icon landscape'>\n\t\t\t\t\t<a class=\"rollover rollover-zoom dt-pswp-item\" title=\"106afd0b-21ca-440f-858f-8096ed766bc7\" data-dt-img-description=\"\" data-large_image_width=\"1024\" data-large_image_height=\"768\"href='https:\/\/www.radiopiu.net\/wordpress\/wp-content\/uploads\/2022\/09\/106afd0b-21ca-440f-858f-8096ed766bc7.jpg'><img loading=\"lazy\" decoding=\"async\" width=\"150\" height=\"150\" src=\"https:\/\/www.radiopiu.net\/wordpress\/wp-content\/uploads\/2022\/09\/106afd0b-21ca-440f-858f-8096ed766bc7-150x150.jpg\" class=\"attachment-thumbnail size-thumbnail\" alt=\"\" \/><\/a>\n\t\t\t\t<\/dt><\/dl><dl class='gallery-item'>\n\t\t\t\t<dt class='gallery-icon landscape'>\n\t\t\t\t\t<a class=\"rollover rollover-zoom dt-pswp-item\" title=\"cedb9917-3b88-469d-a262-51d01c6d7492\" data-dt-img-description=\"\" data-large_image_width=\"1024\" data-large_image_height=\"768\"href='https:\/\/www.radiopiu.net\/wordpress\/wp-content\/uploads\/2022\/09\/cedb9917-3b88-469d-a262-51d01c6d7492.jpg'><img loading=\"lazy\" decoding=\"async\" width=\"150\" height=\"150\" src=\"https:\/\/www.radiopiu.net\/wordpress\/wp-content\/uploads\/2022\/09\/cedb9917-3b88-469d-a262-51d01c6d7492-150x150.jpg\" class=\"attachment-thumbnail size-thumbnail\" alt=\"\" \/><\/a>\n\t\t\t\t<\/dt><\/dl><br style=\"clear: both\" \/>\n\t\t\t<\/div>\n\n<p><strong>LA DIRETTA RADIO PIU&#8217;<\/strong><\/p>\n<p>https:\/\/www.facebook.com\/marco.baghy.1\/videos\/393408879621342<\/p>\n<p>&nbsp;<\/p>\n<hr \/>\n<blockquote>\n<h3 dir=\"auto\">IL NUOVO DEFIBRILLATORE NELL&#8217;ATRIO DEL MUNICIPIO DI ALLEGHE<\/h3>\n<\/blockquote>\n<p><strong><a class=\"dt-pswp-item\" href=\"https:\/\/www.radiopiu.net\/wordpress\/wp-content\/uploads\/2022\/09\/35a26598-eefe-4048-9238-b836072501ff.jpg\" data-dt-img-description=\"\" data-large_image_width=\"775\" data-large_image_height=\"772\"><img loading=\"lazy\" decoding=\"async\" class=\"size-thumbnail wp-image-296604 alignleft\" src=\"https:\/\/www.radiopiu.net\/wordpress\/wp-content\/uploads\/2022\/09\/35a26598-eefe-4048-9238-b836072501ff-150x150.jpg\" alt=\"\" width=\"150\" height=\"150\" srcset=\"https:\/\/www.radiopiu.net\/wordpress\/wp-content\/uploads\/2022\/09\/35a26598-eefe-4048-9238-b836072501ff-150x150.jpg 150w, https:\/\/www.radiopiu.net\/wordpress\/wp-content\/uploads\/2022\/09\/35a26598-eefe-4048-9238-b836072501ff-300x300.jpg 300w, https:\/\/www.radiopiu.net\/wordpress\/wp-content\/uploads\/2022\/09\/35a26598-eefe-4048-9238-b836072501ff-768x765.jpg 768w, https:\/\/www.radiopiu.net\/wordpress\/wp-content\/uploads\/2022\/09\/35a26598-eefe-4048-9238-b836072501ff.jpg 775w\" sizes=\"auto, (max-width: 150px) 100vw, 150px\" \/><\/a>ALLEGHE<\/strong> Da alcuni giorni nell&#8217;atrio del Municipio di Alleghe c&#8217;\u00e8 un nuovo dispositivo salva vita. Si tratta di un defibrillatore che \u00e8 stato donato al Comune di Alleghe da un cittadino. Apparecchiatura che si rivela importante nel caso in cui qualcuno sia colto da malore per problemi cardiaci.<\/p>\n<p>&nbsp;<\/p>\n<p>&nbsp;<\/p>\n<p>&nbsp;<\/p>\n<p>&nbsp;<\/p>\n<p><strong>IL SINDACO DI ALLEGHE DANILO DE TONI<\/strong><\/p>\n<audio class=\"wp-audio-shortcode\" id=\"audio-296579-6\" preload=\"none\" style=\"width: 100%;\" controls=\"controls\"><source type=\"audio\/mpeg\" src=\"https:\/\/www.radiopiu.net\/wordpress\/wp-content\/uploads\/2022\/09\/DANILO-DE-TONI.mp3?_=6\" \/><a href=\"https:\/\/www.radiopiu.net\/wordpress\/wp-content\/uploads\/2022\/09\/DANILO-DE-TONI.mp3\">https:\/\/www.radiopiu.net\/wordpress\/wp-content\/uploads\/2022\/09\/DANILO-DE-TONI.mp3<\/a><\/audio>\n<p>&nbsp;<\/p>\n<hr \/>\n<blockquote>\n<h3>AVVIO DELLA SCUOLA, LA PROVINCIA AUGURA BUON ANNO A RAGAZZE E RAGAZZI<\/h3>\n<\/blockquote>\n<p><strong><a class=\"dt-pswp-item\" href=\"https:\/\/www.radiopiu.net\/wordpress\/wp-content\/uploads\/2020\/06\/primo-piano-gli-studenti-che-scrivono-e-leggono-gli-fogli-di-risposta-degli-esami-di-esercitazione-in-aula-della-scuola-con-lo-stress_73622-858.jpg\" data-dt-img-description=\"\" data-large_image_width=\"626\" data-large_image_height=\"417\"><img loading=\"lazy\" decoding=\"async\" class=\"size-thumbnail wp-image-143128 alignleft\" src=\"https:\/\/www.radiopiu.net\/wordpress\/wp-content\/uploads\/2020\/06\/primo-piano-gli-studenti-che-scrivono-e-leggono-gli-fogli-di-risposta-degli-esami-di-esercitazione-in-aula-della-scuola-con-lo-stress_73622-858-150x150.jpg\" alt=\"\" width=\"150\" height=\"150\" \/><\/a>BELLUNO <\/strong>\u00abRiponiamo grandi aspettative nelle nostre ragazze e nei nostri ragazzi. Il nuovo anno scolastico dia loro occasioni di formazione e di crescita, e offra al territorio bellunese la possibilit\u00e0 di investire sui giovani e sulle loro competenze\u00bb. \u00c8 l\u2019augurio della Provincia alla vigilia della prima campanella. A formularlo \u00e8 la consigliera provinciale delegata all\u2019istruzione, in un anno che si preannuncia complicato per effetto del rincaro dei prezzi energetici. La consigliera ricorda tutte le comunicazioni inviate al Ministero per richiedere deroghe ai numeri minimi previsti per attivare convitti e classi. E anche i viaggi a Roma da parte dell\u2019amministrazione provinciale.<\/p>\n<p><strong>SERENELLA BOGANA, CONSIGLIERA DELEGATA ALL&#8217;ISTRUZIONE DELLA PROVINCIA DI BELLUNO<\/strong><\/p>\n<audio class=\"wp-audio-shortcode\" id=\"audio-296579-7\" preload=\"none\" style=\"width: 100%;\" controls=\"controls\"><source type=\"audio\/mpeg\" src=\"https:\/\/www.radiopiu.net\/wordpress\/wp-content\/uploads\/2022\/09\/consigliera-delegata-allistruzione-e-Serenella-Bogana.mp3?_=7\" \/><a href=\"https:\/\/www.radiopiu.net\/wordpress\/wp-content\/uploads\/2022\/09\/consigliera-delegata-allistruzione-e-Serenella-Bogana.mp3\">https:\/\/www.radiopiu.net\/wordpress\/wp-content\/uploads\/2022\/09\/consigliera-delegata-allistruzione-e-Serenella-Bogana.mp3<\/a><\/audio>\n<p>&nbsp;<\/p>\n<hr \/>\n<p>&nbsp;<\/p>\n<p>&nbsp;<\/p>\n<blockquote>\n<h3>DILLO A RADIO PIU&#8217;&#8230;CARA DOLOMITIBUS, UN PICCOLO CAMBIAMENTO PER EVITARE DISAGI AGLI STUDENTI<\/h3>\n<\/blockquote>\n<p><strong>LA VALLE<\/strong> Alcuni genitori si sono rivolti a Dolomitibus\u00a0 chiedendo, con cortesia, di mofidicare gli orari\u00a0 delle corse della corriera che scende ad Agordo. Da oggi infatti i pullman partiranno alle 7.05 anzich\u00e9 alle 7.20 come gli anni scorsi. I ragazzi saranno costretti ad aspettare l\u2019apertura della scuola per 35 minuti anzich\u00e9 20 minuti e con l&#8217;arrivo della stagione fredda non \u00e8 una bella cosa<\/p>\n<p>&nbsp;<\/p>\n<hr \/>\n<p>&nbsp;<\/p>\n<blockquote>\n<h3>SONO CIRCA 3 MILA GLI ABBONAMENTI SOTTOSCRITTI CON INVESTI SCUOLA<\/h3>\n<\/blockquote>\n<p><strong><a class=\"dt-pswp-item\" href=\"https:\/\/www.radiopiu.net\/wordpress\/wp-content\/uploads\/2021\/10\/9396bbfc-2818-4225-b55d-9a56c39206f1.jpg\" data-dt-img-description=\"\" data-large_image_width=\"1599\" data-large_image_height=\"899\"><img loading=\"lazy\" decoding=\"async\" class=\" wp-image-237486 alignleft\" src=\"https:\/\/www.radiopiu.net\/wordpress\/wp-content\/uploads\/2021\/10\/9396bbfc-2818-4225-b55d-9a56c39206f1-150x150.jpg\" alt=\"\" width=\"113\" height=\"113\" \/><\/a>BELLUNO <\/strong>Prosegue senza sosta la campagna \u201cInvesti scuola\u201d. Alla chiusura delle biglietterie Dolomiti Bus di sabato 10 settembre, risultano all\u2019incirca 3.000 gli abbonamenti sottoscritti con il progetto a favore dei ragazzi delle scuole superiori, che allinea i costi alla fascia chilometrica pi\u00f9 bassa. La campagna \u00e8 cominciata mercoled\u00ec pomeriggio e in pochissimo tempo ha visto una vera e propria corsa, che ha richiesto anche l\u2019ampliamento degli orari delle biglietterie. Oggi inoltre sono stati pubblicati i quadri del nuovo orario invernale, con le corse scolastiche, che sar\u00e0 in vigore da luned\u00ec 12 settembre all\u201911 giugno prossimo. Il dettaglio aggiornato delle singole linee urbane ed extraurbane si trova sul sito di Dolomiti Bus.<\/p>\n<p>&nbsp;<\/p>\n<hr \/>\n<p>&nbsp;<\/p>\n<p>&nbsp;<\/p>\n<blockquote>\n<h2><span style=\"color: #ff0000;\">RADIO PIU&#8217; RITORNA ANCHE SU TUNE IN, GOOGLE ED ALEXA<\/span><\/h2>\n<\/blockquote>\n<p><strong><a class=\"dt-pswp-item\" href=\"https:\/\/www.radiopiu.net\/wordpress\/wp-content\/uploads\/2022\/09\/6e6bd7bc-6f84-4d13-8ec7-40ef2788d502.jpg\" data-dt-img-description=\"\" data-large_image_width=\"2048\" data-large_image_height=\"1152\"><img loading=\"lazy\" decoding=\"async\" class=\"alignleft wp-image-296504 \" src=\"https:\/\/www.radiopiu.net\/wordpress\/wp-content\/uploads\/2022\/09\/6e6bd7bc-6f84-4d13-8ec7-40ef2788d502-300x169.jpg\" alt=\"\" width=\"156\" height=\"88\" srcset=\"https:\/\/www.radiopiu.net\/wordpress\/wp-content\/uploads\/2022\/09\/6e6bd7bc-6f84-4d13-8ec7-40ef2788d502-300x169.jpg 300w, https:\/\/www.radiopiu.net\/wordpress\/wp-content\/uploads\/2022\/09\/6e6bd7bc-6f84-4d13-8ec7-40ef2788d502-1024x576.jpg 1024w, https:\/\/www.radiopiu.net\/wordpress\/wp-content\/uploads\/2022\/09\/6e6bd7bc-6f84-4d13-8ec7-40ef2788d502-768x432.jpg 768w, https:\/\/www.radiopiu.net\/wordpress\/wp-content\/uploads\/2022\/09\/6e6bd7bc-6f84-4d13-8ec7-40ef2788d502-1536x864.jpg 1536w, https:\/\/www.radiopiu.net\/wordpress\/wp-content\/uploads\/2022\/09\/6e6bd7bc-6f84-4d13-8ec7-40ef2788d502.jpg 2048w\" sizes=\"auto, (max-width: 156px) 100vw, 156px\" \/><\/a>REDAZIONE<\/strong> Radio Pi\u00f9 si pu\u00f2 ascoltare di nuovo su tutti i device. L&#8217;ultimo tassello mancante era l&#8217;aggiornamento su Tune In, la piattaforma mondiale che racchiude tutte le radio del mondo. Aggiornato il flusso streaming anche in questo caso e Radio Pi\u00f9 torna ad essere operativa, oltre che tramite app o sito web di Tune In, anche sui vari dispositivi di casa come Google o Alexa (Amazon). In questo caso basta dire una frase e la radio parte in automatico.<\/p>\n<p>&nbsp;<\/p>\n<p><strong>LE FRASI PER FAR PARTIRE RADIO PIU&#8217;<\/strong><\/p>\n<p><strong>PER GOOGLE\u00a0<\/strong><em>Ehi google, fammi ascoltare Radio Pi\u00f9<\/em><\/p>\n<p><strong>PER ALEXA<\/strong> <em>Alexa, fammi ascoltare Radio Pi\u00f9<\/em><\/p>\n<p>&nbsp;<\/p>\n<p>&nbsp;<\/p>\n<hr \/>\n<p>&nbsp;<\/p>\n<blockquote class=\"wp-embedded-content\" data-secret=\"zzxCsEblWc\"><p><a href=\"https:\/\/www.radiopiu.net\/wordpress\/aggnazionalesettembre-11\/\">CORONAVIRUS: AGGIORNAMENTO NAZIONALE 11 SETTEMBRE 2022<\/a><\/p><\/blockquote>\n<p><iframe loading=\"lazy\" class=\"wp-embedded-content\" sandbox=\"allow-scripts\" security=\"restricted\" style=\"position: absolute; clip: rect(1px, 1px, 1px, 1px);\" title=\"&#8220;CORONAVIRUS: AGGIORNAMENTO NAZIONALE 11 SETTEMBRE 2022&#8221; &#8212; Radio Pi\u00f9\" src=\"https:\/\/www.radiopiu.net\/wordpress\/aggnazionalesettembre-11\/embed\/#?secret=nGVbh3LVOG#?secret=zzxCsEblWc\" data-secret=\"zzxCsEblWc\" width=\"600\" height=\"338\" frameborder=\"0\" marginwidth=\"0\" marginheight=\"0\" scrolling=\"no\"><\/iframe><\/p>\n<p>&nbsp;<\/p>\n<blockquote class=\"wp-embedded-content\" data-secret=\"RKbdJ1otPA\"><p><a href=\"https:\/\/www.radiopiu.net\/wordpress\/aziendazerosettembre11\/\">UN DECESSO E 1223 NUOVE POSITIVITA&#8217; NELLE ULTIME 24 ORE IN VENETO<\/a><\/p><\/blockquote>\n<p><iframe loading=\"lazy\" class=\"wp-embedded-content\" sandbox=\"allow-scripts\" security=\"restricted\" style=\"position: absolute; clip: rect(1px, 1px, 1px, 1px);\" title=\"&#8220;UN DECESSO E 1223 NUOVE POSITIVITA&#8217; NELLE ULTIME 24 ORE IN VENETO&#8221; &#8212; Radio Pi\u00f9\" src=\"https:\/\/www.radiopiu.net\/wordpress\/aziendazerosettembre11\/embed\/#?secret=Oc4p0STvVi#?secret=RKbdJ1otPA\" data-secret=\"RKbdJ1otPA\" width=\"600\" height=\"338\" frameborder=\"0\" marginwidth=\"0\" marginheight=\"0\" scrolling=\"no\"><\/iframe><\/p>\n<p>&nbsp;<\/p>\n<h2>I GRAFICI DI TIZIANO DE COL<\/h2>\n\n\t\t\t<style type='text\/css'>\n\t\t\t\t#gallery-4 {\n\t\t\t\t\tmargin: auto;\n\t\t\t\t}\n\t\t\t\t#gallery-4 .gallery-item {\n\t\t\t\t\tfloat: left;\n\t\t\t\t\tmargin-top: 10px;\n\t\t\t\t\ttext-align: center;\n\t\t\t\t\twidth: 33%;\n\t\t\t\t}\n\t\t\t\t#gallery-4 img {\n\t\t\t\t\tborder: 2px solid #cfcfcf;\n\t\t\t\t}\n\t\t\t\t#gallery-4 .gallery-caption {\n\t\t\t\t\tmargin-left: 0;\n\t\t\t\t}\n\t\t\t\t\/* see gallery_shortcode() in wp-includes\/media.php *\/\n\t\t\t<\/style>\n\t\t<div id='gallery-4' class='dt-gallery-container gallery galleryid-296579 gallery-columns-3 gallery-size-thumbnail'><dl class='gallery-item'>\n\t\t\t\t<dt class='gallery-icon landscape'>\n\t\t\t\t\t<a class=\"rollover rollover-zoom dt-pswp-item\" title=\"6e09f655-32fd-45a6-a542-225be5aae603\" data-dt-img-description=\"\" data-large_image_width=\"603\" data-large_image_height=\"367\"href='https:\/\/www.radiopiu.net\/wordpress\/wp-content\/uploads\/2022\/09\/6e09f655-32fd-45a6-a542-225be5aae603.jpg'><img loading=\"lazy\" decoding=\"async\" width=\"150\" height=\"150\" src=\"https:\/\/www.radiopiu.net\/wordpress\/wp-content\/uploads\/2022\/09\/6e09f655-32fd-45a6-a542-225be5aae603-150x150.jpg\" class=\"attachment-thumbnail size-thumbnail\" alt=\"\" \/><\/a>\n\t\t\t\t<\/dt><\/dl><dl class='gallery-item'>\n\t\t\t\t<dt class='gallery-icon landscape'>\n\t\t\t\t\t<a class=\"rollover rollover-zoom dt-pswp-item\" title=\"b6f7e2ff-792f-4678-9fbb-e39bd5d79362\" data-dt-img-description=\"\" data-large_image_width=\"604\" data-large_image_height=\"373\"href='https:\/\/www.radiopiu.net\/wordpress\/wp-content\/uploads\/2022\/09\/b6f7e2ff-792f-4678-9fbb-e39bd5d79362.jpg'><img loading=\"lazy\" decoding=\"async\" width=\"150\" height=\"150\" src=\"https:\/\/www.radiopiu.net\/wordpress\/wp-content\/uploads\/2022\/09\/b6f7e2ff-792f-4678-9fbb-e39bd5d79362-150x150.jpg\" class=\"attachment-thumbnail size-thumbnail\" alt=\"\" \/><\/a>\n\t\t\t\t<\/dt><\/dl><dl class='gallery-item'>\n\t\t\t\t<dt class='gallery-icon landscape'>\n\t\t\t\t\t<a class=\"rollover rollover-zoom dt-pswp-item\" title=\"ce71a223-7c36-4c7c-8eaf-b36a01710478\" data-dt-img-description=\"\" data-large_image_width=\"624\" data-large_image_height=\"370\"href='https:\/\/www.radiopiu.net\/wordpress\/wp-content\/uploads\/2022\/09\/ce71a223-7c36-4c7c-8eaf-b36a01710478.jpg'><img loading=\"lazy\" decoding=\"async\" width=\"150\" height=\"150\" src=\"https:\/\/www.radiopiu.net\/wordpress\/wp-content\/uploads\/2022\/09\/ce71a223-7c36-4c7c-8eaf-b36a01710478-150x150.jpg\" class=\"attachment-thumbnail size-thumbnail\" alt=\"\" \/><\/a>\n\t\t\t\t<\/dt><\/dl><br style=\"clear: both\" \/><dl class='gallery-item'>\n\t\t\t\t<dt class='gallery-icon landscape'>\n\t\t\t\t\t<a class=\"rollover rollover-zoom dt-pswp-item\" title=\"c2851686-23aa-4ce0-9874-7e64e172d36d\" data-dt-img-description=\"\" data-large_image_width=\"622\" data-large_image_height=\"362\"href='https:\/\/www.radiopiu.net\/wordpress\/wp-content\/uploads\/2022\/09\/c2851686-23aa-4ce0-9874-7e64e172d36d.jpg'><img loading=\"lazy\" decoding=\"async\" width=\"150\" height=\"150\" src=\"https:\/\/www.radiopiu.net\/wordpress\/wp-content\/uploads\/2022\/09\/c2851686-23aa-4ce0-9874-7e64e172d36d-150x150.jpg\" class=\"attachment-thumbnail size-thumbnail\" alt=\"\" \/><\/a>\n\t\t\t\t<\/dt><\/dl><dl class='gallery-item'>\n\t\t\t\t<dt class='gallery-icon landscape'>\n\t\t\t\t\t<a class=\"rollover rollover-zoom dt-pswp-item\" title=\"67a209de-ff78-4d62-8bd4-cf28d1455aeb\" data-dt-img-description=\"\" data-large_image_width=\"614\" data-large_image_height=\"370\"href='https:\/\/www.radiopiu.net\/wordpress\/wp-content\/uploads\/2022\/09\/67a209de-ff78-4d62-8bd4-cf28d1455aeb.jpg'><img loading=\"lazy\" decoding=\"async\" width=\"150\" height=\"150\" src=\"https:\/\/www.radiopiu.net\/wordpress\/wp-content\/uploads\/2022\/09\/67a209de-ff78-4d62-8bd4-cf28d1455aeb-150x150.jpg\" class=\"attachment-thumbnail size-thumbnail\" alt=\"\" \/><\/a>\n\t\t\t\t<\/dt><\/dl><dl class='gallery-item'>\n\t\t\t\t<dt class='gallery-icon landscape'>\n\t\t\t\t\t<a class=\"rollover rollover-zoom dt-pswp-item\" title=\"4590fd2f-f8b5-444b-a10c-f1eba114fd54\" data-dt-img-description=\"\" data-large_image_width=\"608\" data-large_image_height=\"356\"href='https:\/\/www.radiopiu.net\/wordpress\/wp-content\/uploads\/2022\/09\/4590fd2f-f8b5-444b-a10c-f1eba114fd54.jpg'><img loading=\"lazy\" decoding=\"async\" width=\"150\" height=\"150\" src=\"https:\/\/www.radiopiu.net\/wordpress\/wp-content\/uploads\/2022\/09\/4590fd2f-f8b5-444b-a10c-f1eba114fd54-150x150.jpg\" class=\"attachment-thumbnail size-thumbnail\" alt=\"\" \/><\/a>\n\t\t\t\t<\/dt><\/dl><br style=\"clear: both\" \/>\n\t\t\t<\/div>\n\n<p>&nbsp;<\/p>\n<hr \/>\n<p>&nbsp;<\/p>\n<blockquote>\n<h3>ELEZIONI POLITICHE, LA CISL INCONTRA I PRINCIPALI SCHIERAMENTI IN CAMPO E PRESENTA LA SUA AGENDA<\/h3>\n<\/blockquote>\n<p><a class=\"dt-pswp-item\" href=\"https:\/\/www.radiopiu.net\/wordpress\/wp-content\/uploads\/2020\/11\/Massimiliano-Paglini-2020-min-scaled.jpg\" data-dt-img-description=\"MASSIMILIANO PAGLINI\" data-large_image_width=\"2560\" data-large_image_height=\"1920\"><img loading=\"lazy\" decoding=\"async\" class=\"wp-image-175135 alignleft\" src=\"https:\/\/www.radiopiu.net\/wordpress\/wp-content\/uploads\/2020\/11\/Massimiliano-Paglini-2020-min-150x150.jpg\" alt=\"\" width=\"117\" height=\"117\" \/><\/a><strong>BELLUNO <\/strong>Equit\u00e0 fiscale, impegno per un nuovo modello di sviluppo inclusivo e sostenibile, lavoro buono e stabile, rinnovo dei contratti, garanzie sociali e previdenziali per i giovani, adeguamento di salari e pensioni per far fronte all\u2019impennata dell\u2019inflazione, ma anche un impegno serio sulle tematiche demografiche e migratorie. La Cisl Belluno Treviso presenta la sua agenda ai principali schieramenti politici in corsa alle elezioni del 25 settembre, in un documento che definisce priorit\u00e0 e ambiti di maggiore interesse per il sindacato guidato a livello territoriale da Massimiliano Paglini.<\/p>\n<p><strong>MASSIMILIANO PAGLINI, CISL BELLUNO-TREVISO<\/strong><\/p>\n<audio class=\"wp-audio-shortcode\" id=\"audio-296579-8\" preload=\"none\" style=\"width: 100%;\" controls=\"controls\"><source type=\"audio\/mpeg\" src=\"https:\/\/www.radiopiu.net\/wordpress\/wp-content\/uploads\/2022\/09\/PAGLINI-CISL.mp3?_=8\" \/><a href=\"https:\/\/www.radiopiu.net\/wordpress\/wp-content\/uploads\/2022\/09\/PAGLINI-CISL.mp3\">https:\/\/www.radiopiu.net\/wordpress\/wp-content\/uploads\/2022\/09\/PAGLINI-CISL.mp3<\/a><\/audio>\n<p>&nbsp;<\/p>\n<hr \/>\n<p>&nbsp;<\/p>\n<blockquote>\n<h3>SILVIA CESTARO E L&#8217;ENERGIA A LONGARONE FIERE<\/h3>\n<\/blockquote>\n<p><strong><a class=\"dt-pswp-item\" href=\"https:\/\/www.radiopiu.net\/wordpress\/wp-content\/uploads\/2021\/11\/CESTARO-ORIZZONTALE.png\" data-dt-img-description=\"\" data-large_image_width=\"544\" data-large_image_height=\"406\"><img loading=\"lazy\" decoding=\"async\" class=\"size-thumbnail wp-image-240773 alignleft\" src=\"https:\/\/www.radiopiu.net\/wordpress\/wp-content\/uploads\/2021\/11\/CESTARO-ORIZZONTALE-150x150.png\" alt=\"\" width=\"150\" height=\"150\" \/><\/a>LONGARONE <\/strong>\u201cLa montagna bellunese \u00e8 naturalmente vocata alle comunit\u00e0 energetiche rinnovabili, una grande risorsa per noi\u201d, a dirlo \u00e8 la consigliera regionale Silvia Cestaro a margine del convegno \u201cLe comunit\u00e0 energetiche rinnovabili. Opportunit\u00e0 per i territori montani\u201d di sabato pomeriggio a Longarone Fiere, nell\u2019ambito della Fiera &amp; Festival delle foreste 2022.<\/p>\n<p>&nbsp;<\/p>\n<p>&nbsp;<\/p>\n<p><strong>LA CONSIGLIERA REGIONALE SIVIA CESTARO<\/strong><\/p>\n<audio class=\"wp-audio-shortcode\" id=\"audio-296579-9\" preload=\"none\" style=\"width: 100%;\" controls=\"controls\"><source type=\"audio\/mpeg\" src=\"https:\/\/www.radiopiu.net\/wordpress\/wp-content\/uploads\/2022\/09\/Cestaro-su-comunita-energetiche.mp3?_=9\" \/><a href=\"https:\/\/www.radiopiu.net\/wordpress\/wp-content\/uploads\/2022\/09\/Cestaro-su-comunita-energetiche.mp3\">https:\/\/www.radiopiu.net\/wordpress\/wp-content\/uploads\/2022\/09\/Cestaro-su-comunita-energetiche.mp3<\/a><\/audio>\n<p>&nbsp;<\/p>\n<hr \/>\n<p>&nbsp;<\/p>\n<blockquote>\n<h3>VAIA DIVENTA ARTE, L&#8217;INCONTRO A CANDATEN<\/h3>\n<\/blockquote>\n<p><strong>SEDICO\u00a0<\/strong>Si \u00e8 svolto nell&#8217;area pic nic di Candaten l&#8217;incontro dal titolo &#8220;Vaia diventa arte&#8221;. Nel pomeriggio curato da Mirko Mezzacasa direttore di Radio Pi\u00f9 sono intervenuti Marco Martalart, scultore del legno e artista del bosco, il fotografo Manuel Cicchetti e il giornalista Angelo Miotto che, attraverso un reportage, hanno descritto la tempesta Vaia. Presente anche Francesca Gallo, l\u2019artigiana che canta, rche ha raccontato la sua bottega dove dal legno nascono le fisarmoniche. Il pomeriggio \u00e8 terminato con la musica live di Dune Mosse.<\/p>\n<p>&nbsp;<\/p>\n\n\t\t\t<style type='text\/css'>\n\t\t\t\t#gallery-5 {\n\t\t\t\t\tmargin: auto;\n\t\t\t\t}\n\t\t\t\t#gallery-5 .gallery-item {\n\t\t\t\t\tfloat: left;\n\t\t\t\t\tmargin-top: 10px;\n\t\t\t\t\ttext-align: center;\n\t\t\t\t\twidth: 20%;\n\t\t\t\t}\n\t\t\t\t#gallery-5 img {\n\t\t\t\t\tborder: 2px solid #cfcfcf;\n\t\t\t\t}\n\t\t\t\t#gallery-5 .gallery-caption {\n\t\t\t\t\tmargin-left: 0;\n\t\t\t\t}\n\t\t\t\t\/* see gallery_shortcode() in wp-includes\/media.php *\/\n\t\t\t<\/style>\n\t\t<div id='gallery-5' class='dt-gallery-container gallery galleryid-296579 gallery-columns-5 gallery-size-thumbnail'><dl class='gallery-item'>\n\t\t\t\t<dt class='gallery-icon landscape'>\n\t\t\t\t\t<a class=\"rollover rollover-zoom dt-pswp-item\" title=\"64556f8d-6db7-4a81-a698-1f6794b1a9de\" data-dt-img-description=\"\" data-large_image_width=\"1024\" data-large_image_height=\"1002\"href='https:\/\/www.radiopiu.net\/wordpress\/wp-content\/uploads\/2022\/09\/64556f8d-6db7-4a81-a698-1f6794b1a9de.jpg'><img loading=\"lazy\" decoding=\"async\" width=\"150\" height=\"150\" src=\"https:\/\/www.radiopiu.net\/wordpress\/wp-content\/uploads\/2022\/09\/64556f8d-6db7-4a81-a698-1f6794b1a9de-150x150.jpg\" class=\"attachment-thumbnail size-thumbnail\" alt=\"\" \/><\/a>\n\t\t\t\t<\/dt><\/dl><dl class='gallery-item'>\n\t\t\t\t<dt class='gallery-icon portrait'>\n\t\t\t\t\t<a class=\"rollover rollover-zoom dt-pswp-item\" title=\"5f3050a7-7d26-43f3-ab08-49a149075f23\" data-dt-img-description=\"\" data-large_image_width=\"750\" data-large_image_height=\"815\"href='https:\/\/www.radiopiu.net\/wordpress\/wp-content\/uploads\/2022\/09\/5f3050a7-7d26-43f3-ab08-49a149075f23.jpg'><img loading=\"lazy\" decoding=\"async\" width=\"150\" height=\"150\" src=\"https:\/\/www.radiopiu.net\/wordpress\/wp-content\/uploads\/2022\/09\/5f3050a7-7d26-43f3-ab08-49a149075f23-150x150.jpg\" class=\"attachment-thumbnail size-thumbnail\" alt=\"\" \/><\/a>\n\t\t\t\t<\/dt><\/dl><dl class='gallery-item'>\n\t\t\t\t<dt class='gallery-icon portrait'>\n\t\t\t\t\t<a class=\"rollover rollover-zoom dt-pswp-item\" title=\"ed96276f-a74c-4b92-aac6-3d2f060b2147\" data-dt-img-description=\"\" data-large_image_width=\"696\" data-large_image_height=\"1024\"href='https:\/\/www.radiopiu.net\/wordpress\/wp-content\/uploads\/2022\/09\/ed96276f-a74c-4b92-aac6-3d2f060b2147.jpg'><img loading=\"lazy\" decoding=\"async\" width=\"150\" height=\"150\" src=\"https:\/\/www.radiopiu.net\/wordpress\/wp-content\/uploads\/2022\/09\/ed96276f-a74c-4b92-aac6-3d2f060b2147-150x150.jpg\" class=\"attachment-thumbnail size-thumbnail\" alt=\"\" \/><\/a>\n\t\t\t\t<\/dt><\/dl><dl class='gallery-item'>\n\t\t\t\t<dt class='gallery-icon portrait'>\n\t\t\t\t\t<a class=\"rollover rollover-zoom dt-pswp-item\" title=\"29a5ac6f-543f-4ce6-b2fb-3355a6bb0f2e\" data-dt-img-description=\"\" data-large_image_width=\"375\" data-large_image_height=\"812\"href='https:\/\/www.radiopiu.net\/wordpress\/wp-content\/uploads\/2022\/09\/29a5ac6f-543f-4ce6-b2fb-3355a6bb0f2e.jpg'><img loading=\"lazy\" decoding=\"async\" width=\"150\" height=\"150\" src=\"https:\/\/www.radiopiu.net\/wordpress\/wp-content\/uploads\/2022\/09\/29a5ac6f-543f-4ce6-b2fb-3355a6bb0f2e-150x150.jpg\" class=\"attachment-thumbnail size-thumbnail\" alt=\"\" \/><\/a>\n\t\t\t\t<\/dt><\/dl><dl class='gallery-item'>\n\t\t\t\t<dt class='gallery-icon portrait'>\n\t\t\t\t\t<a class=\"rollover rollover-zoom dt-pswp-item\" title=\"47cd8d02-63d1-4cac-9731-a088fa0b101e\" data-dt-img-description=\"\" data-large_image_width=\"772\" data-large_image_height=\"1024\"href='https:\/\/www.radiopiu.net\/wordpress\/wp-content\/uploads\/2022\/09\/47cd8d02-63d1-4cac-9731-a088fa0b101e.jpg'><img loading=\"lazy\" decoding=\"async\" width=\"150\" height=\"150\" src=\"https:\/\/www.radiopiu.net\/wordpress\/wp-content\/uploads\/2022\/09\/47cd8d02-63d1-4cac-9731-a088fa0b101e-150x150.jpg\" class=\"attachment-thumbnail size-thumbnail\" alt=\"\" \/><\/a>\n\t\t\t\t<\/dt><\/dl><br style=\"clear: both\" \/><dl class='gallery-item'>\n\t\t\t\t<dt class='gallery-icon portrait'>\n\t\t\t\t\t<a class=\"rollover rollover-zoom dt-pswp-item\" title=\"abad0774-0704-447c-a788-70218101205b\" data-dt-img-description=\"\" data-large_image_width=\"728\" data-large_image_height=\"1024\"href='https:\/\/www.radiopiu.net\/wordpress\/wp-content\/uploads\/2022\/09\/abad0774-0704-447c-a788-70218101205b.jpg'><img loading=\"lazy\" decoding=\"async\" width=\"150\" height=\"150\" src=\"https:\/\/www.radiopiu.net\/wordpress\/wp-content\/uploads\/2022\/09\/abad0774-0704-447c-a788-70218101205b-150x150.jpg\" class=\"attachment-thumbnail size-thumbnail\" alt=\"\" \/><\/a>\n\t\t\t\t<\/dt><\/dl><dl class='gallery-item'>\n\t\t\t\t<dt class='gallery-icon portrait'>\n\t\t\t\t\t<a class=\"rollover rollover-zoom dt-pswp-item\" title=\"58c697eb-08be-435f-b54d-0f2883e7c57c\" data-dt-img-description=\"\" data-large_image_width=\"811\" data-large_image_height=\"1024\"href='https:\/\/www.radiopiu.net\/wordpress\/wp-content\/uploads\/2022\/09\/58c697eb-08be-435f-b54d-0f2883e7c57c.jpg'><img loading=\"lazy\" decoding=\"async\" width=\"150\" height=\"150\" src=\"https:\/\/www.radiopiu.net\/wordpress\/wp-content\/uploads\/2022\/09\/58c697eb-08be-435f-b54d-0f2883e7c57c-150x150.jpg\" class=\"attachment-thumbnail size-thumbnail\" alt=\"\" \/><\/a>\n\t\t\t\t<\/dt><\/dl><dl class='gallery-item'>\n\t\t\t\t<dt class='gallery-icon portrait'>\n\t\t\t\t\t<a class=\"rollover rollover-zoom dt-pswp-item\" title=\"7a7c309c-1bee-465c-ac9d-61fe8b61f054\" data-dt-img-description=\"\" data-large_image_width=\"750\" data-large_image_height=\"894\"href='https:\/\/www.radiopiu.net\/wordpress\/wp-content\/uploads\/2022\/09\/7a7c309c-1bee-465c-ac9d-61fe8b61f054.jpg'><img loading=\"lazy\" decoding=\"async\" width=\"150\" height=\"150\" src=\"https:\/\/www.radiopiu.net\/wordpress\/wp-content\/uploads\/2022\/09\/7a7c309c-1bee-465c-ac9d-61fe8b61f054-150x150.jpg\" class=\"attachment-thumbnail size-thumbnail\" alt=\"\" \/><\/a>\n\t\t\t\t<\/dt><\/dl><dl class='gallery-item'>\n\t\t\t\t<dt class='gallery-icon landscape'>\n\t\t\t\t\t<a class=\"rollover rollover-zoom dt-pswp-item\" title=\"b776ecd4-5f99-46a6-8ef2-56f8d49e5d5a\" data-dt-img-description=\"\" data-large_image_width=\"1024\" data-large_image_height=\"768\"href='https:\/\/www.radiopiu.net\/wordpress\/wp-content\/uploads\/2022\/09\/b776ecd4-5f99-46a6-8ef2-56f8d49e5d5a.jpg'><img loading=\"lazy\" decoding=\"async\" width=\"150\" height=\"150\" src=\"https:\/\/www.radiopiu.net\/wordpress\/wp-content\/uploads\/2022\/09\/b776ecd4-5f99-46a6-8ef2-56f8d49e5d5a-150x150.jpg\" class=\"attachment-thumbnail size-thumbnail\" alt=\"\" \/><\/a>\n\t\t\t\t<\/dt><\/dl><dl class='gallery-item'>\n\t\t\t\t<dt class='gallery-icon portrait'>\n\t\t\t\t\t<a class=\"rollover rollover-zoom dt-pswp-item\" title=\"f61ba4a7-37d0-4b42-b5f1-565495639872\" data-dt-img-description=\"\" data-large_image_width=\"768\" data-large_image_height=\"1024\"href='https:\/\/www.radiopiu.net\/wordpress\/wp-content\/uploads\/2022\/09\/f61ba4a7-37d0-4b42-b5f1-565495639872.jpg'><img loading=\"lazy\" decoding=\"async\" width=\"150\" height=\"150\" src=\"https:\/\/www.radiopiu.net\/wordpress\/wp-content\/uploads\/2022\/09\/f61ba4a7-37d0-4b42-b5f1-565495639872-150x150.jpg\" class=\"attachment-thumbnail size-thumbnail\" alt=\"\" \/><\/a>\n\t\t\t\t<\/dt><\/dl><br style=\"clear: both\" \/>\n\t\t\t<\/div>\n\n<p>&nbsp;<\/p>\n<hr \/>\n<p>&nbsp;<\/p>\n<blockquote>\n<h3>I 100 ANNI DEL GRUPPO SPORTIVO FRASSENE&#8217;<img decoding=\"async\" src=\"https:\/\/www.radiopiu.net\/wordpress\/wp-content\/uploads\/2022\/09\/faf34d0a-562f-47e7-b733-c38717ee00ee.jpg\" \/><\/h3>\n<\/blockquote>\n<p><strong>VOLTAGO<\/strong> Ieri i 100 anni del Gruppo Sportivo Frassen\u00e8. In mattinata la sfilata per le vie del paese e nel pomeriggio la presentazione del libro sulla storia del gruppo sportivo.<\/p>\n<p>&nbsp;<\/p>\n<h1><strong>LA DIRETTA RADIO PIU&#8217; &#8211; VIDEO 1<span style=\"color: #0000ff;\"> <a style=\"color: #0000ff;\" href=\"https:\/\/www.facebook.com\/marco.baghy.1\/videos\/513974693783804\">CLICCA QUI<\/a><\/span><\/strong><\/h1>\n<p>&nbsp;<\/p>\n<p><strong>LA DIRETTA RADIO PIU&#8217; &#8211; VIDEO 2<\/strong><\/p>\n<p>https:\/\/www.facebook.com\/marco.baghy.1\/videos\/528339382433451<\/p>\n<p>&nbsp;<\/p>\n<p><strong>LA DIRETTA RADIO PIU&#8217; &#8211; VIDEO 3<\/strong><\/p>\n<p>https:\/\/www.facebook.com\/marco.baghy.1\/videos\/5586674678021979<\/p>\n<p>&nbsp;<\/p>\n<hr \/>\n<p>&nbsp;<\/p>\n<blockquote>\n<h3>FALCADE RICORDA CHI E&#8217; STATO DIMENTICATO, I CIVILI INERMI MORTI NEL 1944 E 1945<\/h3>\n<\/blockquote>\n<p><strong><a class=\"dt-pswp-item\" href=\"https:\/\/www.radiopiu.net\/wordpress\/wp-content\/uploads\/2022\/09\/f8401e92-d1bd-457c-9e2f-d60715512ba2.jpg\" data-dt-img-description=\"\" data-large_image_width=\"1600\" data-large_image_height=\"1200\"><img loading=\"lazy\" decoding=\"async\" class=\"size-thumbnail wp-image-296676 alignleft\" src=\"https:\/\/www.radiopiu.net\/wordpress\/wp-content\/uploads\/2022\/09\/f8401e92-d1bd-457c-9e2f-d60715512ba2-150x150.jpg\" alt=\"\" width=\"150\" height=\"150\" \/><\/a>FALCADE<\/strong> Si \u00e8 svolta sabato a Falcade la giornata dedicata alla memoria delle vittime civili del 1944 e 1945. Alla memoria di chi \u00e8 stato dimenticato: l&#8217;ingiusto prezzo di una guerra non finisce con la distruzione da parte dei tedeschi dei paesi della Valle del Biois, ovvero degli appartenenti al \u201cBattaglion Bozen\u201d composto principalmente da militari provenienti da paesi oggi italiani. Il tempo allevia il dolore e guarisce le ferite, ma \u00e8 opportuno non dimenticare perch\u00e9 le generazioni future non debbano subire mai pi\u00f9 tali violenze ma possano vivere nella pace e nella concordia. Le vittime di queste atrocit\u00e0 sono state ricordate dall&#8217;amministrazione comunale di Falcade capitanata dal sindaco Mauro Salvaterra con una messa nella chiesa parrocchiale di Falcade e la deposizione di una corona d&#8217;alloro sulla lapide commemorativa posta nel cimitero del paese.<\/p>\n<p>&nbsp;<\/p>\n<p>&nbsp;<\/p>\n<hr \/>\n<p>&nbsp;<\/p>\n<blockquote>\n<h3 class=\"entry-title\">BOLLETTE: FAMIGLIE E IMPRESE VENETE PAGHERANNO 10 MILIARDI IN PIU\u2019 DEL 2021 AL NETTO DEGLI AIUTI<\/h3>\n<\/blockquote>\n<p class=\"photoswipe-wrapper\"><a class=\"dt-pswp-item pspw-wrap-ready\" href=\"https:\/\/www.radiopiu.net\/wordpress\/wp-content\/uploads\/2022\/09\/Schermata-2022-09-10-alle-09.45.58.png\" data-dt-img-description=\"\" data-large_image_width=\"1280\" data-large_image_height=\"622\"><img loading=\"lazy\" decoding=\"async\" class=\"alignleft size-medium wp-image-296541\" src=\"https:\/\/www.radiopiu.net\/wordpress\/wp-content\/uploads\/2022\/09\/Schermata-2022-09-10-alle-09.45.58-300x146.png\" sizes=\"auto, (max-width: 300px) 100vw, 300px\" srcset=\"https:\/\/www.radiopiu.net\/wordpress\/wp-content\/uploads\/2022\/09\/Schermata-2022-09-10-alle-09.45.58-300x146.png 300w, https:\/\/www.radiopiu.net\/wordpress\/wp-content\/uploads\/2022\/09\/Schermata-2022-09-10-alle-09.45.58-1024x498.png 1024w, https:\/\/www.radiopiu.net\/wordpress\/wp-content\/uploads\/2022\/09\/Schermata-2022-09-10-alle-09.45.58-768x373.png 768w, https:\/\/www.radiopiu.net\/wordpress\/wp-content\/uploads\/2022\/09\/Schermata-2022-09-10-alle-09.45.58.png 1280w\" alt=\"\" width=\"300\" height=\"146\" \/><\/a>Secondo una stima elaborata dall\u2019Ufficio studi della CGIA, al netto degli aiuti sin qui erogati,\u00a0<strong>ammontano a 82,6 miliardi di euro i rincari di luce e gas che le famiglie e le aziende italiane subiranno quest\u2019anno rispetto al 2021.<\/strong>\u00a0Di questi, almeno 10 miliardi sono in capo ai nuclei familiari e agli imprenditori veneti.<\/p>\n<p>Una cifra spaventosa che d\u00e0 l\u2019idea di quale sforzo economico saremo chiamati a sostenere per fronteggiare la crisi energetica esplosa nel 2022. Un incremento che, comunque, \u00e8 destinato a diminuire; grazie agli effetti del tanto atteso decreto Aiuti ter che il Governo Draghi approver\u00e0 la settimana prossima.<\/p>\n<p>Se, in linea puramente teorica, il Governo avesse a disposizione tutte le risorse necessarie per azzerare gli aumenti senza ricorrere a un nuovo indebitamento, dovrebbe, per l\u2019appunto, approvare una misura da 82,6 miliardi. In realt\u00e0, stando alle notizie apparse in questi ultimi giorni, il nuovo decreto, proprio per non incorrere in uno scostamento di bilancio, dovrebbe portare in dote non pi\u00f9 di 12-13 miliardi.<\/p>\n<p><strong>Rincari pari alla met\u00e0 del Pil Veneto<\/strong><br \/>\nCome si \u00e8 giunti a questa cifra monstre da 82,6 miliardi che corrisponde a circa la met\u00e0 Pil annuo del Veneto ? Secondo la metodologia di calcolo utilizzata dall\u2019Istat nell\u2019indagine sulla spesa delle famiglie del 2021, inizialmente \u00e8 stato possibile stimare il costo sostenuto dalle famiglie per l\u2019energia elettrica e il gas, successivamente \u00e8 stato aggiunto quello riconducibile alle imprese, arrivando a un costo totale per il 2021 di 80 miliardi di euro. Per l\u2019anno 2022, invece, si \u00e8 stimato un costo energetico complessivo, sempre a a carico delle famiglie e delle imprese, di 207,4 miliardi di euro.<\/p>\n<p><strong class=\"photoswipe-wrapper\">P<a class=\"dt-pswp-item pspw-wrap-ready\" href=\"https:\/\/www.radiopiu.net\/wordpress\/wp-content\/uploads\/2022\/09\/Schermata-2022-09-10-alle-09.46.11.png\" data-dt-img-description=\"\" data-large_image_width=\"1102\" data-large_image_height=\"606\"><img loading=\"lazy\" decoding=\"async\" class=\"alignleft size-medium wp-image-296540\" src=\"https:\/\/www.radiopiu.net\/wordpress\/wp-content\/uploads\/2022\/09\/Schermata-2022-09-10-alle-09.46.11-300x165.png\" sizes=\"auto, (max-width: 300px) 100vw, 300px\" srcset=\"https:\/\/www.radiopiu.net\/wordpress\/wp-content\/uploads\/2022\/09\/Schermata-2022-09-10-alle-09.46.11-300x165.png 300w, https:\/\/www.radiopiu.net\/wordpress\/wp-content\/uploads\/2022\/09\/Schermata-2022-09-10-alle-09.46.11-1024x563.png 1024w, https:\/\/www.radiopiu.net\/wordpress\/wp-content\/uploads\/2022\/09\/Schermata-2022-09-10-alle-09.46.11-768x422.png 768w, https:\/\/www.radiopiu.net\/wordpress\/wp-content\/uploads\/2022\/09\/Schermata-2022-09-10-alle-09.46.11.png 1102w\" alt=\"\" width=\"300\" height=\"165\" \/><\/a>ertanto, l\u2019aumento del costo energetico totale 2022 su 2021 \u00e8 stato di 127,4 miliardi di euro (+159 per cento)<\/strong>\u00a0(vedi Tab. 1).<br \/>\nSe a questa cifra in valore assoluto sottraiamo i 44,8 miliardi di aiuti economici contro il caro bollette erogati quest\u2019anno dal Governo Draghi, rispetto al 2021 l\u2019incremento del costo energetico in capo a famiglie e imprese \u00e8, come abbiamo evidenziato pi\u00f9 sopra, di 82,6 miliardi (vedi Tab. 2).<\/p>\n<p><strong>Con una spesa pubblica da mille miliardi, non dovrebbe essere difficile trovarne altri 20 miliardi<\/strong><br \/>\nAppare evidente che se vogliamo mettere in sicurezza il Paese entro la fine dell\u2019anno bisogner\u00e0 intervenire con almeno 30 miliardi di nuovi aiuti. La met\u00e0 circa di questa cifra sembra essere stata recuperata dal Governo Draghi senza dover ricorrere a nuovo debito. Crediamo, vista la gravit\u00e0 del momento, che non sarebbe un\u2019 \u201ceresia\u201d ricorrere a un nuovo scostamento di bilancio per almeno altri 15-20 miliardi. Ovviamente, con l\u2019assenso di Bruxelles che, nel frattempo, dovrebbe allentare i vincoli normativi sugli aiuti di Stato. Ricordiamo che per fronteggiare la crisi pandemica in Italia, tra il 2020 e il 2021 \u2013 attraverso i ristori, i contributi a fondo perduto e i prestiti agevolati \u2013 abbiamo sostenuto famiglie e imprese con oltre 180 miliardi di euro. Ed \u00e8 stato grazie a queste misure se siamo riusciti a superare quel momento cos\u00ec difficile. Ora, con una spesa pubblica che in Italia ammonta a circa mille miliardi di euro all\u2019anno, non possiamo \u201crecuperarne\u201d altri 20 per tamponare questa situazione che \u00e8 altrettanto drammatica, fintantoch\u00e8 l\u2019UE non trover\u00e0 un accordo sull\u2019introduzione del tetto al prezzo del gas ?<\/p>\n<p>&nbsp;<\/p>\n<p>&nbsp;<\/p>\n<hr \/>\n<p>&nbsp;<\/p>\n<blockquote>\n<h3>UN FLASH MOB PER LA SANITA&#8217;<\/h3>\n<\/blockquote>\n<p><strong>FELTRE<\/strong> Il comitato feltrino per il diritto alla salute organizza un flash mob a Feltre, venerd\u00ec 16 settembre dalle ore 10 in Via Campo Giorgio, per riportare l&#8217;attenzione sulla difesa della Sanit\u00e0 Pubblica.\u00a0Le recenti notizie sulle difficolt\u00e0 dei servizi locali stanno destando molta preoccupazione nei cittadini: la chiusura del reparto di chirurgia senologica di Feltre, con relativo trasferimento di tutte le pazienti a Belluno; le gare di appalto per affidare i turni di emergenza-urgenza degli Ospedali di Belluno e\u00a0 Feltre; la grave carenza di guardie mediche e medici di medicina generale, anche negli ospedali mancano medici e personale specializzato (infermieri, OSS, pediatri, psichiatri, anestesisti&#8230;); la sospensione da oltre un anno dei ricoveri nel reparto di psichiatria a Feltre.\u00a0 Il comitato feltrino parteciper\u00e0 anche al flash mob organizzato dal Coordinamento Veneto Sanit\u00e0 Pubblica sabato 17 settembre alle ore 11 a Venezia in via Garibaldi, insieme a tutti i comitati locali.<\/p>\n<p>&nbsp;<\/p>\n<p>&nbsp;<\/p>\n<hr \/>\n<p>&nbsp;<\/p>\n<blockquote>\n<h3>IL SELLARONDA BIKE DAY, CHIUSI I PASSI INTERESSATI DALLA MANIFESTAZIONE<\/h3>\n<\/blockquote>\n<p><strong><a class=\"dt-pswp-item\" href=\"https:\/\/www.radiopiu.net\/wordpress\/wp-content\/uploads\/2022\/09\/SELLARONDA.png\" data-dt-img-description=\"\" data-large_image_width=\"962\" data-large_image_height=\"540\"><img loading=\"lazy\" decoding=\"async\" class=\"size-thumbnail wp-image-296208 alignleft\" src=\"https:\/\/www.radiopiu.net\/wordpress\/wp-content\/uploads\/2022\/09\/SELLARONDA-150x150.png\" alt=\"\" width=\"150\" height=\"150\" \/><\/a>LIVINALLONGO <\/strong>Sabato, 17 settembre 2022 sulle strade attorno al gruppo del Sella si svolger\u00e0 l&#8217;appuntamento autunnale del Sellaronda Bike Day, manifestazione ciclistica non competitiva aperta a tutti, che vedr\u00e0 chiuse le strade dei Passi Campolongo, Gardena, Sella e Pordoi dalle ore 8:30 sino alle ore 15:00.\u00a0 Ai ciclisti \u00e8 consigliato il senso antiorario. Per limitare i disagi e per permettere a ospiti e residenti di partire da Arabba in direzione Pieve di Livinallongo e viceversa, la strada verr\u00e0 chiusa in prossimit\u00e0 dell&#8217;accesso al piazzale antistante l&#8217;Hotel Malita. In questa maniera resteranno accessibili i parcheggi dietro la Chiesa, i parcheggi vicino alla Caserma dei Carabinieri ed i piazzali della Funivia di Porta Vescovo. Per coloro che arriveranno ad Arabba (da Pieve) durante l&#8217;orario della manifestazione sar\u00e0 possibile parcheggiare le macchine nei parcheggi indicati e recarsi a piedi presso la propria struttura ricettiva per il check-in. Agli Ospiti in partenza verso i Passi Campolongo e Pordoi, Vi consigliamo di informarli di partire non dopo le ore 7:30 per evitare problemi con le Forze dell&#8217;Ordine. Sar\u00e0 possibile lasciare le autovetture nei parcheggi precedentemente menzionati per partire anche dopo le ore 8:30, naturalmente solo in direzione Pieve di Livinallongo.<\/p>\n<p>&nbsp;<\/p>\n<p>&nbsp;<\/p>\n<hr \/>\n<p>&nbsp;<\/p>\n<blockquote>\n<h3>SERATA DEDICATA AI PARCHI\u00a0 A 100 ANNI DALL&#8217;ISTITUZIONE<\/h3>\n<\/blockquote>\n<p><strong>BELLUNO<\/strong> Per celebrare il primo secolo di vita delle due pi\u00f9 antiche aree protette italiane il Parco Nazionale delle Dolomiti Bellunesi ha organizzato una serata per venerd\u00ec 23 settembre, alle\u00a0 18, presso la sala Bianchi, in Viale Fantuzzi a Belluno.\u00a0 Parteciper\u00e0 anche il Presidente del Parco Nazionale del Gran Paradiso, Italo Cerise e sar\u00e0 presentato il documentario: \u201c100 anni insieme per la natura\u201d, dedicato alla storia e alla natura dei Parchi Nazionali del Gran Paradiso e d\u2019Abruzzo, Lazio e Molise. Nel corso della serata sar\u00e0 presentato anche il volume \u201cParchi d\u2019Italia\u201d: un viaggio attraverso i 24 Parchi Nazionali italiani e sar\u00e0 proiettato un filmato dedicato al Parco Nazionale delle Dolomiti Bellunesi.<\/p>\n<p>&nbsp;<\/p>\n<p>&nbsp;<\/p>\n<hr \/>\n<p>&nbsp;<\/p>\n<blockquote>\n<h3>CINQUANT&#8217;ANNI CON GLI ALPINI DI FALCADE<\/h3>\n<\/blockquote>\n<p><a class=\"dt-pswp-item\" href=\"https:\/\/www.radiopiu.net\/wordpress\/wp-content\/uploads\/2022\/09\/aaaa-2.jpg\" data-dt-img-description=\"\" data-large_image_width=\"141\" data-large_image_height=\"127\"><img loading=\"lazy\" decoding=\"async\" class=\"wp-image-296314 alignleft\" src=\"https:\/\/www.radiopiu.net\/wordpress\/wp-content\/uploads\/2022\/09\/aaaa-2.jpg\" alt=\"\" width=\"123\" height=\"111\" \/><\/a><strong>FALCADE<\/strong> Domenica 18 settembre cerimonia per il 50esimo dalla fondazione del gruppo alpini di Falcade. Programma: 8.45 ritrovo sul piazzale della chiesa e messa con la partecipazione del Coro Val Biois. Dalle 9 annullo filatelico nella sede Ana di piazza del mercato. Alle 10.30 presentazione del libro &#8220;Il gruppo Alpini Falcade, dalle origini ai giorni nostri&#8221;.<\/p>\n<p>&nbsp;<\/p>\n<p>&nbsp;<\/p>\n<div class=\"page\" title=\"Page 1\">\n<div class=\"layoutArea\">\n<div class=\"column\">\n<p>&nbsp;<\/p>\n<hr \/>\n<p>&nbsp;<\/p>\n<\/div>\n<\/div>\n<\/div>\n<blockquote>\n<h3>AD AGORDO IL PRIMO MEMORIAL RINALDO ZASSO<\/h3>\n<\/blockquote>\n<p><strong>AGORDO <\/strong>Il Tennis Club Agordo ha organizzato per domenica 18 settembre la prima edizione del Memorial Rinaldo Zasso &#8220;Nazza&#8221;. Torneo di tennis doppio misto presso i campi di Agordo. Per informazioni 340 3134441<\/p>\n<p>&nbsp;<\/p>\n<p>&nbsp;<\/p>\n<hr \/>\n<p>&nbsp;<\/p>\n<blockquote>\n<h3>LA MELA DI AISM<\/h3>\n<\/blockquote>\n<p><strong>BELLUNO <\/strong>Sabato 1, domenica 2 e marted\u00ec 4 ottobre, in vari Comuni della Provincia di Belluno si svolger\u00e0 l\u2019evento d\u2019informazione, sensibilizzazione e raccolta fondi \u201cLa Mela di AISM\u201d, diretto a garantire e potenziare i servizi destinati a persone con sclerosi multipla. Per le prenotazioni del sacchetto di mele da 1,800 chilogrammi contattare lo 0437-981680 o 366-6125610. Le prenotazioni sono aperte fino al 20 settembre.<\/p>\n<p>&nbsp;<\/p>\n<hr \/>\n<p>&nbsp;<\/p>\n<blockquote>\n<h3>DOMENICA 23 OTTOBRE LA GRANDE FESTA ALLA FABBRICA IN PEDAVENA DI LA VALLE<\/h3>\n<\/blockquote>\n<p><a class=\"dt-pswp-item\" href=\"https:\/\/www.radiopiu.net\/wordpress\/wp-content\/uploads\/2022\/09\/be36ec51-e02a-4ee2-8c75-860605e2253f.jpg\" data-dt-img-description=\"\" data-large_image_width=\"1200\" data-large_image_height=\"628\"><img loading=\"lazy\" decoding=\"async\" class=\"aligncenter wp-image-296751 size-medium\" src=\"https:\/\/www.radiopiu.net\/wordpress\/wp-content\/uploads\/2022\/09\/be36ec51-e02a-4ee2-8c75-860605e2253f-300x157.jpg\" alt=\"\" width=\"300\" height=\"157\" srcset=\"https:\/\/www.radiopiu.net\/wordpress\/wp-content\/uploads\/2022\/09\/be36ec51-e02a-4ee2-8c75-860605e2253f-300x157.jpg 300w, https:\/\/www.radiopiu.net\/wordpress\/wp-content\/uploads\/2022\/09\/be36ec51-e02a-4ee2-8c75-860605e2253f-1024x536.jpg 1024w, https:\/\/www.radiopiu.net\/wordpress\/wp-content\/uploads\/2022\/09\/be36ec51-e02a-4ee2-8c75-860605e2253f-768x402.jpg 768w, https:\/\/www.radiopiu.net\/wordpress\/wp-content\/uploads\/2022\/09\/be36ec51-e02a-4ee2-8c75-860605e2253f.jpg 1200w\" sizes=\"auto, (max-width: 300px) 100vw, 300px\" \/><\/a><\/p>\n<p>&nbsp;<\/p>\n<hr \/>\n<p>&nbsp;<\/p>\n<blockquote>\n<h3>RIPARTONO I CORSI DELL&#8217;ADA<\/h3>\n<\/blockquote>\n<p>di GIANNI SANTOMASO<\/p>\n<audio class=\"wp-audio-shortcode\" id=\"audio-296579-10\" preload=\"none\" style=\"width: 100%;\" controls=\"controls\"><source type=\"audio\/mpeg\" src=\"https:\/\/www.radiopiu.net\/wordpress\/wp-content\/uploads\/2022\/09\/ripartenza-corsi-ada-gianni.mp3?_=10\" \/><a href=\"https:\/\/www.radiopiu.net\/wordpress\/wp-content\/uploads\/2022\/09\/ripartenza-corsi-ada-gianni.mp3\">https:\/\/www.radiopiu.net\/wordpress\/wp-content\/uploads\/2022\/09\/ripartenza-corsi-ada-gianni.mp3<\/a><\/audio>\n<p>&nbsp;<\/p>\n<div style=\"width: 848px;\" class=\"wp-video\"><video class=\"wp-video-shortcode\" id=\"video-296579-1\" width=\"848\" height=\"480\" preload=\"metadata\" controls=\"controls\"><source type=\"video\/mp4\" src=\"https:\/\/www.radiopiu.net\/wordpress\/wp-content\/uploads\/2022\/08\/WhatsApp-Video-2022-08-30-at-17.21.20.mp4?_=1\" \/><a href=\"https:\/\/www.radiopiu.net\/wordpress\/wp-content\/uploads\/2022\/08\/WhatsApp-Video-2022-08-30-at-17.21.20.mp4\">https:\/\/www.radiopiu.net\/wordpress\/wp-content\/uploads\/2022\/08\/WhatsApp-Video-2022-08-30-at-17.21.20.mp4<\/a><\/video><\/div>\n<p>&nbsp;<\/p>\n<p>&nbsp;<\/p>\n<p>&nbsp;<\/p>\n<hr \/>\n<p>&nbsp;<\/p>\n<blockquote>\n<h3>LIBRO: BELLUNO 1905-2005: UN SECOLO DELL\u2019ISTITUTO TECNICO INDUSTRIALE STATALE \u201cGIROLAMO SEGATO\u201d<\/h3>\n<\/blockquote>\n<p><strong>di Renato Bona<\/strong><\/p>\n<p>Prende il via un nuovo anno scolastico e l\u2019occasione ci \u00e8 parsa propizia per una \u201crilettura\u201d dell\u2019ottimo, ponderoso volume col quale Luigi Rivis con le efficaci collaborazioni di Dino Bridda e Paolo Conte, nell\u2019ottobre del 2005 dava alle stampe per Assindustria Belluno, con la tipografia Piave: \u201cBelluno 1905-2005: un secolo dell\u2019Istituto tecnico industriale \u2018Girolamo Segato\u2019\u201d. Ricercatore ed autore di testi di storia locale, Rivis, che del \u201cSegato\u201d \u00e8 stato allievo (e per un certo periodo anche docente conseguendo il diploma di perito elettrotecnico), ha il merito, fra molti altri, compresa la realizzazione del volume di cui ci occupiamo (in copertina la prospettiva del progetto di ampliamento della scuola: in un disegno del 1953; verso Via Tasso-Piazza Piloni la facciata del nuovo fabbricato verr\u00e0 ridisegnata successivamente dall\u2019architetto Mario Sanzovo \u2013 ndr.) e di essere stato promotore e coordinatore dell\u2019iniziativa per ricordare i cento anni di vita di quella che \u00e8 una autentica, preziosa istituzione scolastica: l\u2019Itis appunto. Per la circostanza venne costituito un comitato promotore ed organizzatore delle iniziative con: Luigi Rivis, Paolo Conte, il dirigente scolastico Gerardo Cavaliero, l\u2019allora presidente del consiglio d\u2019Istituto Mario Fontana, i docenti Emilio Bianchi e Mauro Da Rold, l\u2019ex insegnante Luiberto Croce, la direttrice amministrativa Annalisa Fagherazzi, l\u2019ex assistente amministrativa Antonietta Gava Vidalino, il rappresentante del Collegio dei periti industriali di Belluno, Renzo Montresor, il pubblicista Dino Bridda quale addetto stampa. E veniamo al volume le cui quasi trecento pagine sono suddivise nei seguenti10 capitoli e un\u2019appendice: \u201cL\u2019istruzione tecnica fra \u2018800 e \u2018900 (problematiche generali, il \u2018patronage\u2019 di imprenditori illuminati, la situazione in provincia di Belluno)\u201d; \u201cNasce l\u2019\u00ecdea di una scuola industriale (Domenico Antonio Fabris, il commerciante che vide lontano, L\u2019opera dei promotori, Per una \u2018Scuola industriale teorico-pratica\u2019, Il progetto entra a palazzo Piloni, Antonio Marco Federici, un militare prestato alla politica, Il contributo di altri benefattori)\u201d;\u201dLa scuola inizia la sua avventura (Gli ultimi adempimenti prima dell\u2019avvio, 26 marzo e 6 novembre 1905, date storiche, Primi passi e riconoscimenti, La scuola si attrezza)\u201d; \u201cDalla prima guerra mondiale al Regio istituto tecnico industriale (I segni del conflitto, Negli anni del dopoguerra, La prima met\u00e0 degli anni \u201820, Dalla seconda met\u00e0 degli anni \u201820 al Regio istituto)\u201d; \u201cDal Regio istituto al secondo dopoguerra (L\u2019intitolazione a Girolamo Segato, Nella seconda met\u00e0 degli anni \u201830, E\u2019 ancora tempo di guerra, Verso gli anni \u201850, Dalla nascita dell\u2019Istituto professionale agli anni \u201870)\u201d; \u201cLe vicende degli edifici (La prima sede, Il fabbricato delle \u2018officine\u2019, Dall\u2019ex Convitto Tiziano alla sede principale, L\u2019espansione a est verso piazza Piloni, I successivi ampliamenti e completamenti)\u201d; \u201cGli indirizzi di studio (Gli scopi della scuola e l\u2019ordinamento degli studi, I corsi \u2018storici\u2019 per licenziati, I corsi speciali di perfezionamento per licenziati elettromeccanici, I corsi per diplomati: caratteri generali. I corsi per diplomati: le quattro specializzazioni, Tra presente e futuro, I corsi serali e domenicali per maestranze, Le scuole tecnico-professionali, La biblioteca dell\u2019Istituto)\u201d; \u201cI protagonisti dell scuola (Dal Direttore ai primi Presidi, Da Bracalenti al Dirigente scolastico, Il corpo docente, Dalla Giunta di vigilanza al Consiglio d\u2019Istituto, La popolazione scolastica, Gli allievi e il mondo del lavoro)\u201d; \u201cLa scuola al servizio del territorio (Al servizio della comunit\u00e0 locale, Le Aree di progetto, Il progetto Tekne, Altre iniziative)\u201d; \u201cIl perito industriale tra presente e futuro (Un\u2019antica origine: i \u2018Maestri Comacini\u2019, L\u2019evoluzione degli organismi di rappresentanza, Un Consiglio nazionale che ha parlato bellunese, Il Collegio dei periti bellunesi, Una formazione sempre all\u2019avanguardia: la sfida del futuro)\u201d; \u201cAppendici (Le iniziative per la celebrazione del Centenario, Progetti Tekne realizzati dal 1996 al 2005, Album fotografico, I docenti, I licenziati e i diplomati)\u201d. Resta da dire che il libro di Rivis si apre col saluto del prof. Gerardo Cavaliero, dirigente scolastico, il quale sottoline\u00f2, fra l\u2019altro, come: \u201cOggi, nell\u2019era della globalizzazione e dell\u2019integrazione multimediale, il \u2018Segato\u2019 continua a dimostrarsi capace di affrontare con la stessa convinzione la sfida del cambiamento. L\u2019eventuale futura trasformazione in liceo non lo penalizzer\u00e0 ma, esaltandone le caratteristiche culturali accanto all\u2019alto livello tecnico professionale raggiunto, gli consentir\u00e0 di contribuire alla formazione di quegli specialisti nel campo dell\u2019innovazione tecnologica di cui il Paese ha bisogno\u201d. Seguono quelli dell\u2019allora sindaco di Belluno, lo scomparso Ermano De Col: \u201cScuola centenaria, prestigioso spaccato della societ\u00e0 bellunese\u201d; del presidente della Provincia, Sergio Reolon (anch\u2019egli mancato): \u201cL\u2019Istituto ha sempre \u2018accompagnato\u2019 il sistema economico della provincia\u201d; di Celeste Bortoluzzi, presidente di Assindustria Belluno (pure deceduto): \u201cScuola e impresa in sinergia per affrontare la sfida dell\u2019innovazione\u201d; di Carlo Cavalet, presidente del Collegio dei periti industriali: \u201cUna fucina di tecnici qualificati per lo sviluppo della societ\u00e0 civile\u201d.<\/p>\n\n\t\t\t<style type='text\/css'>\n\t\t\t\t#gallery-6 {\n\t\t\t\t\tmargin: auto;\n\t\t\t\t}\n\t\t\t\t#gallery-6 .gallery-item {\n\t\t\t\t\tfloat: left;\n\t\t\t\t\tmargin-top: 10px;\n\t\t\t\t\ttext-align: center;\n\t\t\t\t\twidth: 14%;\n\t\t\t\t}\n\t\t\t\t#gallery-6 img {\n\t\t\t\t\tborder: 2px solid #cfcfcf;\n\t\t\t\t}\n\t\t\t\t#gallery-6 .gallery-caption {\n\t\t\t\t\tmargin-left: 0;\n\t\t\t\t}\n\t\t\t\t\/* see gallery_shortcode() in wp-includes\/media.php *\/\n\t\t\t<\/style>\n\t\t<div id='gallery-6' class='dt-gallery-container gallery galleryid-296579 gallery-columns-7 gallery-size-thumbnail'><dl class='gallery-item'>\n\t\t\t\t<dt class='gallery-icon landscape'>\n\t\t\t\t\t<a class=\"rollover rollover-zoom dt-pswp-item\" title=\"304995857_818922672782235_9083446009318390565_n\" data-dt-img-description=\"\" data-large_image_width=\"582\" data-large_image_height=\"403\"href='https:\/\/www.radiopiu.net\/wordpress\/wp-content\/uploads\/2022\/09\/304995857_818922672782235_9083446009318390565_n.jpg'><img loading=\"lazy\" decoding=\"async\" width=\"150\" height=\"150\" src=\"https:\/\/www.radiopiu.net\/wordpress\/wp-content\/uploads\/2022\/09\/304995857_818922672782235_9083446009318390565_n-150x150.jpg\" class=\"attachment-thumbnail size-thumbnail\" alt=\"\" \/><\/a>\n\t\t\t\t<\/dt><\/dl><dl class='gallery-item'>\n\t\t\t\t<dt class='gallery-icon landscape'>\n\t\t\t\t\t<a class=\"rollover rollover-zoom dt-pswp-item\" title=\"305110500_417122153882405_6741170607006300683_n\" data-dt-img-description=\"\" data-large_image_width=\"582\" data-large_image_height=\"403\"href='https:\/\/www.radiopiu.net\/wordpress\/wp-content\/uploads\/2022\/09\/305110500_417122153882405_6741170607006300683_n.jpg'><img loading=\"lazy\" decoding=\"async\" width=\"150\" height=\"150\" src=\"https:\/\/www.radiopiu.net\/wordpress\/wp-content\/uploads\/2022\/09\/305110500_417122153882405_6741170607006300683_n-150x150.jpg\" class=\"attachment-thumbnail size-thumbnail\" alt=\"\" \/><\/a>\n\t\t\t\t<\/dt><\/dl><dl class='gallery-item'>\n\t\t\t\t<dt class='gallery-icon landscape'>\n\t\t\t\t\t<a class=\"rollover rollover-zoom dt-pswp-item\" title=\"306014036_1893236267549077_5776481099169698801_n\" data-dt-img-description=\"\" data-large_image_width=\"459\" data-large_image_height=\"403\"href='https:\/\/www.radiopiu.net\/wordpress\/wp-content\/uploads\/2022\/09\/306014036_1893236267549077_5776481099169698801_n.jpg'><img loading=\"lazy\" decoding=\"async\" width=\"150\" height=\"150\" src=\"https:\/\/www.radiopiu.net\/wordpress\/wp-content\/uploads\/2022\/09\/306014036_1893236267549077_5776481099169698801_n-150x150.jpg\" class=\"attachment-thumbnail size-thumbnail\" alt=\"\" \/><\/a>\n\t\t\t\t<\/dt><\/dl><dl class='gallery-item'>\n\t\t\t\t<dt class='gallery-icon portrait'>\n\t\t\t\t\t<a class=\"rollover rollover-zoom dt-pswp-item\" title=\"306113602_800611364712512_8947741293397280992_n\" data-dt-img-description=\"\" data-large_image_width=\"319\" data-large_image_height=\"480\"href='https:\/\/www.radiopiu.net\/wordpress\/wp-content\/uploads\/2022\/09\/306113602_800611364712512_8947741293397280992_n.jpg'><img loading=\"lazy\" decoding=\"async\" width=\"150\" height=\"150\" src=\"https:\/\/www.radiopiu.net\/wordpress\/wp-content\/uploads\/2022\/09\/306113602_800611364712512_8947741293397280992_n-150x150.jpg\" class=\"attachment-thumbnail size-thumbnail\" alt=\"\" \/><\/a>\n\t\t\t\t<\/dt><\/dl><dl class='gallery-item'>\n\t\t\t\t<dt class='gallery-icon portrait'>\n\t\t\t\t\t<a class=\"rollover rollover-zoom dt-pswp-item\" title=\"305902465_874196283954486_8102852212380602188_n\" data-dt-img-description=\"\" data-large_image_width=\"304\" data-large_image_height=\"480\"href='https:\/\/www.radiopiu.net\/wordpress\/wp-content\/uploads\/2022\/09\/305902465_874196283954486_8102852212380602188_n.jpg'><img loading=\"lazy\" decoding=\"async\" width=\"150\" height=\"150\" src=\"https:\/\/www.radiopiu.net\/wordpress\/wp-content\/uploads\/2022\/09\/305902465_874196283954486_8102852212380602188_n-150x150.jpg\" class=\"attachment-thumbnail size-thumbnail\" alt=\"\" \/><\/a>\n\t\t\t\t<\/dt><\/dl><dl class='gallery-item'>\n\t\t\t\t<dt class='gallery-icon portrait'>\n\t\t\t\t\t<a class=\"rollover rollover-zoom dt-pswp-item\" title=\"305499137_907684993969229_4688464327480527571_n\" data-dt-img-description=\"\" data-large_image_width=\"302\" data-large_image_height=\"403\"href='https:\/\/www.radiopiu.net\/wordpress\/wp-content\/uploads\/2022\/09\/305499137_907684993969229_4688464327480527571_n.jpg'><img loading=\"lazy\" decoding=\"async\" width=\"150\" height=\"150\" src=\"https:\/\/www.radiopiu.net\/wordpress\/wp-content\/uploads\/2022\/09\/305499137_907684993969229_4688464327480527571_n-150x150.jpg\" class=\"attachment-thumbnail size-thumbnail\" alt=\"\" \/><\/a>\n\t\t\t\t<\/dt><\/dl><dl class='gallery-item'>\n\t\t\t\t<dt class='gallery-icon portrait'>\n\t\t\t\t\t<a class=\"rollover rollover-zoom dt-pswp-item\" title=\"304829207_455075959979098_7763162122694981491_n\" data-dt-img-description=\"\" data-large_image_width=\"318\" data-large_image_height=\"403\"href='https:\/\/www.radiopiu.net\/wordpress\/wp-content\/uploads\/2022\/09\/304829207_455075959979098_7763162122694981491_n.jpg'><img loading=\"lazy\" decoding=\"async\" width=\"150\" height=\"150\" src=\"https:\/\/www.radiopiu.net\/wordpress\/wp-content\/uploads\/2022\/09\/304829207_455075959979098_7763162122694981491_n-150x150.jpg\" class=\"attachment-thumbnail size-thumbnail\" alt=\"\" \/><\/a>\n\t\t\t\t<\/dt><\/dl><br style=\"clear: both\" \/><dl class='gallery-item'>\n\t\t\t\t<dt class='gallery-icon portrait'>\n\t\t\t\t\t<a class=\"rollover rollover-zoom dt-pswp-item\" title=\"304817048_1279844546202066_2339365076317067981_n\" data-dt-img-description=\"\" data-large_image_width=\"300\" data-large_image_height=\"414\"href='https:\/\/www.radiopiu.net\/wordpress\/wp-content\/uploads\/2022\/09\/304817048_1279844546202066_2339365076317067981_n.jpg'><img loading=\"lazy\" decoding=\"async\" width=\"150\" height=\"150\" src=\"https:\/\/www.radiopiu.net\/wordpress\/wp-content\/uploads\/2022\/09\/304817048_1279844546202066_2339365076317067981_n-150x150.jpg\" class=\"attachment-thumbnail size-thumbnail\" alt=\"\" \/><\/a>\n\t\t\t\t<\/dt><\/dl><dl class='gallery-item'>\n\t\t\t\t<dt class='gallery-icon portrait'>\n\t\t\t\t\t<a class=\"rollover rollover-zoom dt-pswp-item\" title=\"305111232_2055267568196040_4996094671547049729_n\" data-dt-img-description=\"\" data-large_image_width=\"300\" data-large_image_height=\"417\"href='https:\/\/www.radiopiu.net\/wordpress\/wp-content\/uploads\/2022\/09\/305111232_2055267568196040_4996094671547049729_n.jpg'><img loading=\"lazy\" decoding=\"async\" width=\"150\" height=\"150\" src=\"https:\/\/www.radiopiu.net\/wordpress\/wp-content\/uploads\/2022\/09\/305111232_2055267568196040_4996094671547049729_n-150x150.jpg\" class=\"attachment-thumbnail size-thumbnail\" alt=\"\" \/><\/a>\n\t\t\t\t<\/dt><\/dl><dl class='gallery-item'>\n\t\t\t\t<dt class='gallery-icon landscape'>\n\t\t\t\t\t<a class=\"rollover rollover-zoom dt-pswp-item\" title=\"305129288_1123519308594261_6274431560854856450_n\" data-dt-img-description=\"\" data-large_image_width=\"611\" data-large_image_height=\"403\"href='https:\/\/www.radiopiu.net\/wordpress\/wp-content\/uploads\/2022\/09\/305129288_1123519308594261_6274431560854856450_n.jpg'><img loading=\"lazy\" decoding=\"async\" width=\"150\" height=\"150\" src=\"https:\/\/www.radiopiu.net\/wordpress\/wp-content\/uploads\/2022\/09\/305129288_1123519308594261_6274431560854856450_n-150x150.jpg\" class=\"attachment-thumbnail size-thumbnail\" alt=\"\" \/><\/a>\n\t\t\t\t<\/dt><\/dl><dl class='gallery-item'>\n\t\t\t\t<dt class='gallery-icon landscape'>\n\t\t\t\t\t<a class=\"rollover rollover-zoom dt-pswp-item\" title=\"304358810_451605266939102_7822120144563740340_n\" data-dt-img-description=\"\" data-large_image_width=\"625\" data-large_image_height=\"403\"href='https:\/\/www.radiopiu.net\/wordpress\/wp-content\/uploads\/2022\/09\/304358810_451605266939102_7822120144563740340_n.jpg'><img loading=\"lazy\" decoding=\"async\" width=\"150\" height=\"150\" src=\"https:\/\/www.radiopiu.net\/wordpress\/wp-content\/uploads\/2022\/09\/304358810_451605266939102_7822120144563740340_n-150x150.jpg\" class=\"attachment-thumbnail size-thumbnail\" alt=\"\" \/><\/a>\n\t\t\t\t<\/dt><\/dl><dl class='gallery-item'>\n\t\t\t\t<dt class='gallery-icon landscape'>\n\t\t\t\t\t<a class=\"rollover rollover-zoom dt-pswp-item\" title=\"305969236_821125962231863_5993800407549140461_n\" data-dt-img-description=\"\" data-large_image_width=\"642\" data-large_image_height=\"300\"href='https:\/\/www.radiopiu.net\/wordpress\/wp-content\/uploads\/2022\/09\/305969236_821125962231863_5993800407549140461_n.jpg'><img loading=\"lazy\" decoding=\"async\" width=\"150\" height=\"150\" src=\"https:\/\/www.radiopiu.net\/wordpress\/wp-content\/uploads\/2022\/09\/305969236_821125962231863_5993800407549140461_n-150x150.jpg\" class=\"attachment-thumbnail size-thumbnail\" alt=\"\" \/><\/a>\n\t\t\t\t<\/dt><\/dl><dl class='gallery-item'>\n\t\t\t\t<dt class='gallery-icon landscape'>\n\t\t\t\t\t<a class=\"rollover rollover-zoom dt-pswp-item\" title=\"305976731_880331666261357_7588447422259504788_n\" data-dt-img-description=\"\" data-large_image_width=\"408\" data-large_image_height=\"403\"href='https:\/\/www.radiopiu.net\/wordpress\/wp-content\/uploads\/2022\/09\/305976731_880331666261357_7588447422259504788_n.jpg'><img loading=\"lazy\" decoding=\"async\" width=\"150\" height=\"150\" src=\"https:\/\/www.radiopiu.net\/wordpress\/wp-content\/uploads\/2022\/09\/305976731_880331666261357_7588447422259504788_n-150x150.jpg\" class=\"attachment-thumbnail size-thumbnail\" alt=\"\" \/><\/a>\n\t\t\t\t<\/dt><\/dl>\n\t\t\t\t<br style='clear: both' \/>\n\t\t\t<\/div>\n\n<p>&nbsp;<\/p>\n<p>NELLE FOTO (riproduzioni dal libro di Luigi Rivis): la copertina del prestigioso volume; l\u2019autore: Luigi Rivis, allievo poi docente; una panoramica datata 1903 di Belluno (archivio Biblioteca civica); anni \u201830: scorcio di via Loreto con sulla destra il fabbricato ove dal 1880 era ospitata la R. Scuola tecnica; il cav. Domenico Antonio Fabris, benemerito ideatore e fondatore dell\u2019Istituto; proposta del 29 gennaio 1903 di Fabris alla cittadinanza perch\u00e9 sostenga la Scuola; l\u2019agordino Roberto Paganini: don\u00f2 alla Scuola 1400 metri quadrati di terreno sul quale vennero edificate le officine; il deputato Magno Magni, brianzolo di Como, contribu\u00ec all\u2019acquisto di apparecchiature per il gabinetto di fisica e per premi agli allievi; ingresso di via Psaro nel 1922 e nel 2005; frontespizio di \u201cLa Revue Polytecnique\u201d con notizie sulla Scuola di Belluno; la prima officina meccanica del 1907; la prima officina lavori del legno, dello stesso anno.<\/p>\n<p>&nbsp;<\/p>\n<p>&nbsp;<\/p>\n<hr \/>\n<p>&nbsp;<\/p>\n<h2><span style=\"color: #ff0000;\">IERI ALLA RADIO<\/span><\/h2>\n<h2><strong><a class=\"dt-pswp-item\" href=\"https:\/\/www.radiopiu.net\/wordpress\/wp-content\/uploads\/2020\/12\/DON-GIORGIO-LISE.jpg\" data-dt-img-description=\"\" data-large_image_width=\"1600\" data-large_image_height=\"901\"><img loading=\"lazy\" decoding=\"async\" class=\"size-thumbnail wp-image-177420 alignleft\" src=\"https:\/\/www.radiopiu.net\/wordpress\/wp-content\/uploads\/2020\/12\/DON-GIORGIO-LISE-150x150.jpg\" alt=\"\" width=\"150\" height=\"150\" \/><\/a><\/strong><span style=\"color: #00ccff;\">DUE MINUTI PER TE<\/span><\/h2>\n<p><strong>APPUNTAMENTO DELLA DOMENICA CON MONSIGNOR GIORGIO LISE<\/strong><\/p>\n<audio class=\"wp-audio-shortcode\" id=\"audio-296579-11\" preload=\"none\" style=\"width: 100%;\" controls=\"controls\"><source type=\"audio\/mpeg\" src=\"https:\/\/www.radiopiu.net\/wordpress\/wp-content\/uploads\/2022\/09\/DON-GIORGIO-1.mp3?_=11\" \/><a href=\"https:\/\/www.radiopiu.net\/wordpress\/wp-content\/uploads\/2022\/09\/DON-GIORGIO-1.mp3\">https:\/\/www.radiopiu.net\/wordpress\/wp-content\/uploads\/2022\/09\/DON-GIORGIO-1.mp3<\/a><\/audio>\n<p>&nbsp;<\/p>\n<hr \/>\n<p>&nbsp;<\/p>\n<h2><strong><a class=\"dt-pswp-item\" href=\"https:\/\/www.radiopiu.net\/wordpress\/wp-content\/uploads\/2021\/11\/scuola-zaino.jpg\" data-dt-img-description=\"\" data-large_image_width=\"626\" data-large_image_height=\"417\"><img loading=\"lazy\" decoding=\"async\" class=\"size-thumbnail wp-image-241814 alignleft\" src=\"https:\/\/www.radiopiu.net\/wordpress\/wp-content\/uploads\/2021\/11\/scuola-zaino-150x150.jpg\" alt=\"\" width=\"150\" height=\"150\" \/><\/a><\/strong><span style=\"color: #339966;\">LA RASSEGNA STAMPA DA L&#8217;AMICO DEL POPOLO<\/span><\/h2>\n<p><strong>di Gianni Santomaso<\/strong><\/p>\n<p>OSPITE: Maria Rosa Salmazo<\/p>\n<audio class=\"wp-audio-shortcode\" id=\"audio-296579-12\" preload=\"none\" style=\"width: 100%;\" controls=\"controls\"><source type=\"audio\/mpeg\" src=\"https:\/\/www.radiopiu.net\/wordpress\/wp-content\/uploads\/2022\/09\/RASSEGNA-GIANNI-1.mp3?_=12\" \/><a href=\"https:\/\/www.radiopiu.net\/wordpress\/wp-content\/uploads\/2022\/09\/RASSEGNA-GIANNI-1.mp3\">https:\/\/www.radiopiu.net\/wordpress\/wp-content\/uploads\/2022\/09\/RASSEGNA-GIANNI-1.mp3<\/a><\/audio>\n<p>&nbsp;<\/p>\n<hr \/>\n<p>&nbsp;<\/p>\n<div>\n<div class=\"b654a4as d2edcug0\">\n<div class=\"rq0escxv hkbzh7o3 jwdofwj8 n8tt0mok r8blr3vg hyh9befq\">\n<p><a class=\"dt-pswp-item\" href=\"https:\/\/www.radiopiu.net\/wordpress\/wp-content\/uploads\/2020\/10\/pp.jpg\" data-dt-img-description=\"\" data-large_image_width=\"640\" data-large_image_height=\"640\"><img loading=\"lazy\" decoding=\"async\" class=\"wp-image-163678 alignleft\" src=\"https:\/\/www.radiopiu.net\/wordpress\/wp-content\/uploads\/2020\/10\/pp-300x300.jpg\" alt=\"\" width=\"106\" height=\"106\" srcset=\"https:\/\/www.radiopiu.net\/wordpress\/wp-content\/uploads\/2020\/10\/pp-300x300.jpg 300w, https:\/\/www.radiopiu.net\/wordpress\/wp-content\/uploads\/2020\/10\/pp-150x150.jpg 150w, https:\/\/www.radiopiu.net\/wordpress\/wp-content\/uploads\/2020\/10\/pp-125x125.jpg 125w, https:\/\/www.radiopiu.net\/wordpress\/wp-content\/uploads\/2020\/10\/pp-200x200.jpg 200w, https:\/\/www.radiopiu.net\/wordpress\/wp-content\/uploads\/2020\/10\/pp-80x80.jpg 80w, https:\/\/www.radiopiu.net\/wordpress\/wp-content\/uploads\/2020\/10\/pp-480x480.jpg 480w, https:\/\/www.radiopiu.net\/wordpress\/wp-content\/uploads\/2020\/10\/pp.jpg 640w\" sizes=\"auto, (max-width: 106px) 100vw, 106px\" \/><\/a><\/p>\n<\/div>\n<\/div>\n<\/div>\n<div>\n<div class=\"page-title-head hgroup\">\n<div class=\"page-title-head hgroup\">\n<div class=\"b654a4as d2edcug0\">\n<div class=\"j83agx80 btwxx1t3 lhclo0ds hop8lmos nkwizq5d scwd0bx6 roh60bw9\">\n<div class=\"rq0escxv hkbzh7o3 jwdofwj8 n8tt0mok r8blr3vg hyh9befq\">\n<div class=\"do00u71z l9j0dhe7 k4urcfbm\">\n<h2><span style=\"color: #000080;\">DON CESARE, IL PENSIERO DEL GIORNO. ALLA RADIO ALLE 7 DEL MATTINO E ALLE 19.30 DELLA SERA.\u00a0<\/span><\/h2>\n<\/div>\n<\/div>\n<\/div>\n<\/div>\n<\/div>\n<\/div>\n<\/div>\n<div class=\"do00u71z l9j0dhe7 k4urcfbm\">\n<div class=\"page-title-head hgroup\">\n<div class=\"page-title-head hgroup\">\n<div class=\"b654a4as d2edcug0\">\n<div class=\"j83agx80 btwxx1t3 lhclo0ds hop8lmos nkwizq5d scwd0bx6 roh60bw9\">\n<div class=\"rq0escxv hkbzh7o3 jwdofwj8 n8tt0mok r8blr3vg hyh9befq\">\n<div class=\"do00u71z l9j0dhe7 k4urcfbm\">\n<div class=\"page-title-head hgroup\">\n<div class=\"page-title-head hgroup\">\n<div class=\"b654a4as d2edcug0\">\n<div class=\"j83agx80 btwxx1t3 lhclo0ds hop8lmos nkwizq5d scwd0bx6 roh60bw9\">\n<div class=\"rq0escxv hkbzh7o3 jwdofwj8 n8tt0mok r8blr3vg hyh9befq\">\n<div class=\"do00u71z l9j0dhe7 k4urcfbm\">\n<div class=\"ecm0bbzt e5nlhep0 a8c37x1j\">\n<div class=\"kvgmc6g5 cxmmr5t8 oygrvhab hcukyx3x c1et5uql\">\n<div class=\"gmail-kvgmc6g5 gmail-cxmmr5t8 gmail-oygrvhab gmail-hcukyx3x gmail-c1et5uql gmail-ii04i59q\">\n<div class=\"page-title-head hgroup\">\n<div class=\"page-title-head hgroup\">\n<div class=\"b654a4as d2edcug0\">\n<div class=\"j83agx80 btwxx1t3 lhclo0ds hop8lmos nkwizq5d scwd0bx6 roh60bw9\">\n<div class=\"rq0escxv hkbzh7o3 jwdofwj8 n8tt0mok r8blr3vg hyh9befq\">\n<div class=\"do00u71z l9j0dhe7 k4urcfbm\">\n<div class=\"page-title-head hgroup\">\n<div class=\"page-title-head hgroup\">\n<div class=\"b654a4as d2edcug0\">\n<div class=\"j83agx80 btwxx1t3 lhclo0ds hop8lmos nkwizq5d scwd0bx6 roh60bw9\">\n<div class=\"rq0escxv hkbzh7o3 jwdofwj8 n8tt0mok r8blr3vg hyh9befq\">\n<div class=\"do00u71z l9j0dhe7 k4urcfbm\">\n<div class=\"page-title-head hgroup\">\n<div class=\"page-title-head hgroup\">\n<div class=\"b654a4as d2edcug0\">\n<div class=\"j83agx80 btwxx1t3 lhclo0ds hop8lmos nkwizq5d scwd0bx6 roh60bw9\">\n<div class=\"rq0escxv hkbzh7o3 jwdofwj8 n8tt0mok r8blr3vg hyh9befq\">\n<div class=\"do00u71z l9j0dhe7 k4urcfbm\">\n<div class=\"ecm0bbzt e5nlhep0 a8c37x1j\">\n<div class=\"kvgmc6g5 cxmmr5t8 oygrvhab hcukyx3x c1et5uql\">\n<div class=\"gmail-kvgmc6g5 gmail-cxmmr5t8 gmail-oygrvhab gmail-hcukyx3x gmail-c1et5uql gmail-ii04i59q\">\n<div class=\"page-title-head hgroup\">\n<div class=\"page-title-head hgroup\">\n<div class=\"b654a4as d2edcug0\">\n<div class=\"j83agx80 btwxx1t3 lhclo0ds hop8lmos nkwizq5d scwd0bx6 roh60bw9\">\n<div class=\"rq0escxv hkbzh7o3 jwdofwj8 n8tt0mok r8blr3vg hyh9befq\">\n<div>\n<audio class=\"wp-audio-shortcode\" id=\"audio-296579-13\" preload=\"none\" style=\"width: 100%;\" controls=\"controls\"><source type=\"audio\/mpeg\" src=\"https:\/\/www.radiopiu.net\/wordpress\/wp-content\/uploads\/2022\/09\/CESARE-7.mp3?_=13\" \/><a href=\"https:\/\/www.radiopiu.net\/wordpress\/wp-content\/uploads\/2022\/09\/CESARE-7.mp3\">https:\/\/www.radiopiu.net\/wordpress\/wp-content\/uploads\/2022\/09\/CESARE-7.mp3<\/a><\/audio>\n<\/div>\n<div class=\"do00u71z l9j0dhe7 k4urcfbm\">\n<p>&nbsp;<\/p>\n<hr \/>\n<p>&nbsp;<\/p>\n<p><span style=\"color: #0000ff;\">MUSICA PIU&#8217;\u00a0<\/span><\/p>\n<p><a href=\"https:\/\/www.radiopiu.net\/wordpress\/giornale-radiopiu-20-settembre-2021-direttore-mirko-mezzacasa\/pp-79\/\" rel=\"attachment wp-att-232921\"><img loading=\"lazy\" decoding=\"async\" class=\"wp-image-232921 alignleft\" src=\"https:\/\/www.radiopiu.net\/wordpress\/wp-content\/uploads\/2021\/09\/pp-1-300x300.jpg\" alt=\"\" width=\"135\" height=\"135\" srcset=\"https:\/\/www.radiopiu.net\/wordpress\/wp-content\/uploads\/2021\/09\/pp-1-300x300.jpg 300w, https:\/\/www.radiopiu.net\/wordpress\/wp-content\/uploads\/2021\/09\/pp-1-150x150.jpg 150w, https:\/\/www.radiopiu.net\/wordpress\/wp-content\/uploads\/2021\/09\/pp-1.jpg 640w\" sizes=\"auto, (max-width: 135px) 100vw, 135px\" \/><\/a><\/p>\n<div class=\"mkdf-post-text\">\n<div class=\"mkdf-post-text-inner\">\n<div class=\"mkdf-post-text-main\">\n<div class=\"mkdf-post-text\">\n<div class=\"mkdf-post-text-inner\">\n<div class=\"mkdf-post-text-main\">\n<div class=\"mkdf-post-text\">\n<div class=\"mkdf-post-text-inner\">\n<div class=\"mkdf-post-text-main\">\n<div class=\"page-title-head hgroup\">\n<div class=\"page-title-head hgroup\">\n<div class=\"mkdf-post-text\">\n<div class=\"mkdf-post-text-inner\">\n<div class=\"mkdf-post-text-main\">\n<div class=\"mkdf-post-text\">\n<div class=\"mkdf-post-text-inner\">\n<div class=\"mkdf-post-text-main\">\n<div class=\"page-title-head hgroup\">\n<div class=\"page-title-head hgroup\">\n<div class=\"page-title-head hgroup\">\n<div class=\"page-title-head hgroup\">\n<div class=\"b654a4as d2edcug0\">\n<div class=\"page-title-head hgroup\">\n<div class=\"page-title-head hgroup\">\n<div class=\"page-title-head hgroup\">\n<div class=\"page-title-head hgroup\">\n<div class=\"b654a4as d2edcug0\">\n<div class=\"page-title-head hgroup\">\n<div class=\"page-title-head hgroup\">\n<div class=\"page-title-head hgroup\">\n<div class=\"page-title-head hgroup\">\n<div class=\"b654a4as d2edcug0\">\n<div class=\"mkdf-post-text\">\n<div class=\"mkdf-post-text-inner\">\n<div class=\"mkdf-post-text-main\">\n<div class=\"mkdf-post-text\">\n<div class=\"mkdf-post-text-inner\">\n<div class=\"mkdf-post-text-main\">\n<div class=\"mkdf-post-text\">\n<div class=\"mkdf-post-text-inner\">\n<div class=\"mkdf-post-text-main\">\n<div class=\"page-title-head hgroup\">\n<div class=\"page-title-head hgroup\">\n<div class=\"mkdf-post-text\">\n<div class=\"mkdf-post-text-inner\">\n<div class=\"mkdf-post-text-main\">\n<div class=\"mkdf-post-text\">\n<div class=\"mkdf-post-text-inner\">\n<div class=\"mkdf-post-text-main\">\n<div class=\"page-title-head hgroup\">\n<div class=\"page-title-head hgroup\">\n<div class=\"page-title-head hgroup\">\n<div class=\"page-title-head hgroup\">\n<div class=\"b654a4as d2edcug0\">\n<div class=\"page-title-head hgroup\">\n<div class=\"page-title-head hgroup\">\n<div class=\"page-title-head hgroup\">\n<div class=\"page-title-head hgroup\">\n<div class=\"b654a4as d2edcug0\">\n<div class=\"page-title-head hgroup\">\n<div class=\"page-title-head hgroup\">\n<div class=\"page-title-head hgroup\">\n<div class=\"page-title-head hgroup\">\n<div class=\"b654a4as d2edcug0\">\n<div><\/div>\n<div><\/div>\n<div>\n<p><strong>MUSICA ALLA RADIO, IL PROGRAMMA DI LORIS SCUSSEL &#8220;COLLAGE OPERAZIONE NOSTALGIA&#8221; DAL LUNEDI AL VENERDI ALLE 16.00\u00a0 E ALLE 23\u00a0<\/strong><\/p>\n<\/div>\n<\/div>\n<p>&nbsp;<\/p>\n<\/div>\n<\/div>\n<\/div>\n<\/div>\n<\/div>\n<\/div>\n<\/div>\n<\/div>\n<\/div>\n<\/div>\n<\/div>\n<\/div>\n<\/div>\n<\/div>\n<\/div>\n<\/div>\n<\/div>\n<\/div>\n<\/div>\n<\/div>\n<\/div>\n<\/div>\n<\/div>\n<\/div>\n<\/div>\n<\/div>\n<\/div>\n<\/div>\n<\/div>\n<\/div>\n<\/div>\n<\/div>\n<\/div>\n<\/div>\n<\/div>\n<\/div>\n<\/div>\n<\/div>\n<\/div>\n<\/div>\n<\/div>\n<\/div>\n<\/div>\n<\/div>\n<\/div>\n<\/div>\n<\/div>\n<\/div>\n<\/div>\n<\/div>\n<\/div>\n<\/div>\n<\/div>\n<\/div>\n<\/div>\n<\/div>\n<\/div>\n<\/div>\n<\/div>\n<\/div>\n<\/div>\n<\/div>\n<\/div>\n<div>\n<div class=\"page-title-head hgroup\">\n<div class=\"page-title-head hgroup\">\n<div class=\"page-title-head hgroup\">\n<div class=\"page-title-head hgroup\">\n<div class=\"b654a4as d2edcug0\">\n<div class=\"page-title-head hgroup\">\n<div class=\"page-title-head hgroup\">\n<div class=\"page-title-head hgroup\">\n<div class=\"page-title-head hgroup\">\n<div class=\"b654a4as d2edcug0\">\n<div class=\"page-title-head hgroup\">\n<div class=\"page-title-head hgroup\">\n<div class=\"page-title-head hgroup\">\n<div class=\"page-title-head hgroup\">\n<div class=\"page-title-head hgroup\">\n<div class=\"page-title-head hgroup\">\n<div class=\"page-title-head hgroup\">\n<div class=\"page-title-head hgroup\">\n<div class=\"page-title-head hgroup\">\n<div class=\"b654a4as d2edcug0\">\n<div class=\"page-title-head hgroup\">\n<div class=\"page-title-head hgroup\">\n<div class=\"page-title-head hgroup\">\n<div class=\"page-title-head hgroup\">\n<div class=\"b654a4as d2edcug0\">\n<div class=\"page-title-head hgroup\">\n<div class=\"page-title-head hgroup\">\n<div class=\"page-title-head hgroup\">\n<div class=\"page-title-head hgroup\">\n<div class=\"page-title-head hgroup\">\n<div class=\"mkdf-post-text\">\n<div class=\"mkdf-post-text-inner\">\n<div class=\"mkdf-post-text-main\">\n<div class=\"mkdf-post-text\">\n<div class=\"mkdf-post-text-inner\">\n<div class=\"mkdf-post-text-main\">\n<div class=\"mkdf-post-text\">\n<div class=\"mkdf-post-text-inner\">\n<div class=\"mkdf-post-text-main\">\n<div class=\"page-title-head hgroup\">\n<div class=\"page-title-head hgroup\">\n<div class=\"mkdf-post-text\">\n<div class=\"mkdf-post-text-inner\">\n<div class=\"mkdf-post-text-main\">\n<div class=\"mkdf-post-text\">\n<div class=\"mkdf-post-text-inner\">\n<div class=\"mkdf-post-text-main\">\n<div class=\"page-title-head hgroup\">\n<div class=\"page-title-head hgroup\">\n<div class=\"page-title-head hgroup\">\n<div class=\"page-title-head hgroup\">\n<div class=\"b654a4as d2edcug0\">\n<div class=\"page-title-head hgroup\">\n<div class=\"page-title-head hgroup\">\n<div class=\"page-title-head hgroup\">\n<div class=\"page-title-head hgroup\">\n<div class=\"b654a4as d2edcug0\">\n<div class=\"page-title-head hgroup\">\n<div class=\"page-title-head hgroup\">\n<div class=\"page-title-head hgroup\">\n<p>&nbsp;<\/p>\n<p>&nbsp;<\/p>\n<p><strong><a class=\"dt-pswp-item\" href=\"https:\/\/www.radiopiu.net\/wordpress\/wp-content\/uploads\/2022\/09\/I-Gufi.jpg\" data-dt-img-description=\"\" data-large_image_width=\"640\" data-large_image_height=\"640\"><img loading=\"lazy\" decoding=\"async\" class=\" wp-image-296683 alignleft\" src=\"https:\/\/www.radiopiu.net\/wordpress\/wp-content\/uploads\/2022\/09\/I-Gufi-150x150.jpg\" alt=\"\" width=\"108\" height=\"108\" srcset=\"https:\/\/www.radiopiu.net\/wordpress\/wp-content\/uploads\/2022\/09\/I-Gufi-150x150.jpg 150w, https:\/\/www.radiopiu.net\/wordpress\/wp-content\/uploads\/2022\/09\/I-Gufi-300x300.jpg 300w, https:\/\/www.radiopiu.net\/wordpress\/wp-content\/uploads\/2022\/09\/I-Gufi.jpg 640w\" sizes=\"auto, (max-width: 108px) 100vw, 108px\" \/><\/a>di Loris Scussel<\/strong><\/p>\n<p>In attesa delle nuove puntate che andranno in onda dal prossimo mese di\u00a0 ottobre proseguono le repliche di Collage. Apriremo la settimana con una selezione di brani anglo americani poi ascolteremo musica genere tipo cabaret, cos\u00ec per sorridere un po\u2019, ci sar\u00e0 anche spazio per una puntata dedicata alle voci femminili e naturalmente non mancheranno le canzoni italiane nella consueta alternanza con le hit internazionali. Collage va in onda dal luned\u00ec al venerd\u00ec alle 16,00 e alle 23,00 naturalmente su Radio Pi\u00f9<\/p>\n<p>&nbsp;<\/p>\n<hr \/>\n<p>&nbsp;<\/p>\n<p><a class=\"dt-pswp-item\" href=\"https:\/\/www.radiopiu.net\/wordpress\/wp-content\/uploads\/2018\/09\/WhatsApp-Image-2018-09-20-at-16.04.06.jpeg\" data-dt-img-description=\"\" data-large_image_width=\"800\" data-large_image_height=\"100\"><img loading=\"lazy\" decoding=\"async\" class=\"aligncenter wp-image-61378 size-full\" src=\"https:\/\/www.radiopiu.net\/wordpress\/wp-content\/uploads\/2018\/09\/WhatsApp-Image-2018-09-20-at-16.04.06.jpeg\" alt=\"\" width=\"800\" height=\"100\" srcset=\"https:\/\/www.radiopiu.net\/wordpress\/wp-content\/uploads\/2018\/09\/WhatsApp-Image-2018-09-20-at-16.04.06.jpeg 800w, https:\/\/www.radiopiu.net\/wordpress\/wp-content\/uploads\/2018\/09\/WhatsApp-Image-2018-09-20-at-16.04.06-300x38.jpeg 300w, https:\/\/www.radiopiu.net\/wordpress\/wp-content\/uploads\/2018\/09\/WhatsApp-Image-2018-09-20-at-16.04.06-768x96.jpeg 768w\" sizes=\"auto, (max-width: 800px) 100vw, 800px\" \/><\/a><\/p>\n<p>&nbsp;<\/p>\n<p><center><b>Lunedi 12<\/b><\/center><b>Tempo atteso: <\/b>Bel tempo settembrino con cielo sereno o al pi\u00f9 poco nuvoloso per modesti cumuli diurni e qualche velatura, con aria tersa e ottima visibilit\u00e0. Non esclusi locali banchi di nebbia o nubi basse notturne e mattutine tra la Valbelluna e gli altopiani prealpini, in dissolvimento dopo il sorgere del sole. Notte ancora fresca nelle valli e contesto termico diurno pi\u00f9 mite con forte escursione termica giornaliera.<br \/>\n<b>Precipitazioni: <\/b>Assenti (0%).<br \/>\n<b>Temperature: <\/b>In generale contenuto aumento, o stazionarie le minime nelle valli. Su Prealpi a 1500 m min 10\u00b0C max 15\u00b0C, a 2000 m min 6\u00b0C max 12\u00b0C. Su Dolomiti a 2000 m min 5\u00b0C max 13\u00b0C, a 3000 m min 0\u00b0C max 5\u00b0C.<br \/>\n<b>Venti: <\/b>Nelle valli deboli\/moderati a regime di brezza; in quota deboli\/moderati da nord-ovest, a 5-20 km\/h a 2000 m e 20-30 km\/h a 3000 m.<\/p>\n<hr \/>\n<p><center><b>Martedi 13<\/b><\/center><b>Tempo atteso: <\/b>Tempo ancora stabile anche se meno soleggiato dei giorni precedenti per transito di nuvolosit\u00e0 alta, che tuttavia non toglier\u00e0 l&#8217;impressione di bel tempo; possibile qualche banco di nebbia o nubi basse al primo mattino su alcuni settori prealpini. Contesto termico diurno pi\u00f9 mite.<br \/>\n<b>Precipitazioni: <\/b>Assenti (0%).<br \/>\n<b>Temperature: <\/b>In aumento, pi\u00f9 sensibile in quota. Su Prealpi a 1500 m min 12\u00b0C max 18\u00b0C, a 2000 m min 10\u00b0C max 14\u00b0C. Su Dolomiti a 2000 m min 10\u00b0C max 16\u00b0C, a 3000 m min 5\u00b0C max 8\u00b0C.<br \/>\n<b>Venti: <\/b>Nelle valli deboli\/moderati a regime di brezza; in quota moderati da nord-ovest, a tratti tesi alle quote pi\u00f9 elevate, a 10-20 km\/h a 2000 m e 20-40 km\/h a 3000 m.<\/p>\n<hr \/>\n<p><center><b>Mercoledi 14<\/b><\/center>Giornata pi\u00f9 nuvolosa, anche per nubi medio-basse, con tratti soleggiati di breve durata; ci\u00f2 nonostante si raggiunger\u00e0 probabilmente l&#8217;apice della mitezza della fase anticiclonica. La probabilit\u00e0 di precipitazioni, seppure non esclusa, si manterr\u00e0 bassa e limitata a qualche piovasco, specie sulle Dolomiti. Venti deboli\/moderati occidentali in quota.<\/p>\n<hr \/>\n<p><center><b>Giovedi 15<\/b><\/center>Tempo variabile\/instabile, con nuvolosit\u00e0 irregolare alternata a schiarite temporanee, con possibili rovesci o temporali sparsi, pi\u00f9 probabili sulle Dolomiti al pomeriggio. Modesto calo delle temperature diurne. Venti deboli\/moderati occidentali in quota. Previsore: G.M.<\/p>\n<p>&nbsp;<\/p>\n<hr \/>\n<p>&nbsp;<\/p>\n<p><a href=\"https:\/\/www.radiopiu.net\/wordpress\/giornale-radiopiu-26-settembre-2018-direttore-mirko-mezzacasa\/viabilita-2\/\" rel=\"attachment wp-att-61954\"><img loading=\"lazy\" decoding=\"async\" class=\"aligncenter wp-image-61954 size-full\" src=\"https:\/\/www.radiopiu.net\/wordpress\/wp-content\/uploads\/2018\/09\/viabilita.jpeg\" sizes=\"auto, (max-width: 800px) 100vw, 800px\" srcset=\"https:\/\/www.radiopiu.net\/wordpress\/wp-content\/uploads\/2018\/09\/viabilita.jpeg 800w, https:\/\/www.radiopiu.net\/wordpress\/wp-content\/uploads\/2018\/09\/viabilita-300x38.jpeg 300w, https:\/\/www.radiopiu.net\/wordpress\/wp-content\/uploads\/2018\/09\/viabilita-768x96.jpeg 768w\" alt=\"\" width=\"800\" height=\"100\" \/><\/a><\/p>\n<blockquote>\n<h3><\/h3>\n<h3>GALLERIA DI SEGUSINO CHIUSA PER 4 MESI<\/h3>\n<\/blockquote>\n<p><strong><a class=\"dt-pswp-item\" href=\"https:\/\/www.radiopiu.net\/wordpress\/wp-content\/uploads\/2020\/05\/VENETO-STRADE.png\" data-dt-img-description=\"\" data-large_image_width=\"400\" data-large_image_height=\"400\"><img loading=\"lazy\" decoding=\"async\" class=\" wp-image-135574 alignleft\" src=\"https:\/\/www.radiopiu.net\/wordpress\/wp-content\/uploads\/2020\/05\/VENETO-STRADE-150x150.png\" alt=\"\" width=\"102\" height=\"102\" srcset=\"https:\/\/www.radiopiu.net\/wordpress\/wp-content\/uploads\/2020\/05\/VENETO-STRADE-150x150.png 150w, https:\/\/www.radiopiu.net\/wordpress\/wp-content\/uploads\/2020\/05\/VENETO-STRADE-300x300.png 300w, https:\/\/www.radiopiu.net\/wordpress\/wp-content\/uploads\/2020\/05\/VENETO-STRADE.png 400w\" sizes=\"auto, (max-width: 102px) 100vw, 102px\" \/><\/a><\/strong><\/p>\n<p><strong>SEGUSINO<\/strong> Fino al 4 novembre, compresi sabati domeniche e festivi infrasettimanali, un&#8217;interdizione totale al transito per l&#8217;intera tratta della galleria di Segusino in seguito a dei lavori per messa in sicurezza della condotta acquedottistica<\/p>\n<p>&nbsp;<\/p>\n<\/div>\n<\/div>\n<blockquote><p>&nbsp;<\/p><\/blockquote>\n<div class=\"page-title-head hgroup\">\n<div class=\"page-title-head hgroup\">\n<blockquote class=\"wp-embedded-content\" data-secret=\"5sEnoDGo9V\"><p><a href=\"https:\/\/www.radiopiu.net\/wordpress\/viabilita\/\">viabilita<\/a><\/p><\/blockquote>\n<p><iframe loading=\"lazy\" class=\"wp-embedded-content\" sandbox=\"allow-scripts\" security=\"restricted\" style=\"position: absolute; clip: rect(1px, 1px, 1px, 1px);\" title=\"&#8220;viabilita&#8221; &#8212; Radio Pi\u00f9\" src=\"https:\/\/www.radiopiu.net\/wordpress\/viabilita\/embed\/#?secret=YdtrNV4Gmk#?secret=5sEnoDGo9V\" data-secret=\"5sEnoDGo9V\" width=\"600\" height=\"338\" frameborder=\"0\" marginwidth=\"0\" marginheight=\"0\" scrolling=\"no\"><\/iframe><\/p>\n<\/div>\n<p>&nbsp;<\/p>\n<div class=\"page-title-head hgroup\">\n<p>&nbsp;<\/p>\n<hr \/>\n<p>&nbsp;<\/p>\n<p>&nbsp;<\/p>\n<p><img loading=\"lazy\" decoding=\"async\" class=\"wp-image-60761 size-full aligncenter\" src=\"https:\/\/www.radiopiu.net\/wordpress\/wp-content\/uploads\/2018\/09\/sport.jpg\" alt=\"\" width=\"800\" height=\"100\" srcset=\"https:\/\/www.radiopiu.net\/wordpress\/wp-content\/uploads\/2018\/09\/sport.jpg 800w, https:\/\/www.radiopiu.net\/wordpress\/wp-content\/uploads\/2018\/09\/sport-300x38.jpg 300w, https:\/\/www.radiopiu.net\/wordpress\/wp-content\/uploads\/2018\/09\/sport-768x96.jpg 768w\" sizes=\"auto, (max-width: 800px) 100vw, 800px\" \/><\/p>\n<\/div>\n<\/div>\n<\/div>\n<div class=\"page-title-head hgroup\">\n<div class=\"page-title-head hgroup\">\n<p>&nbsp;<\/p>\n<p><span style=\"color: #0000ff;\"><strong>HOCKEY SU GHIACCIO<\/strong><\/span><\/p>\n<blockquote>\n<h3>PRESENTATA LA FAMIGLIA ALLEGHE HOCKEY<\/h3>\n<\/blockquote>\n<p><strong>di Roberto Miana, portavoce dell&#8217;Alleghe Hockey<\/strong><\/p>\n<p><strong>ALLEGHE <\/strong>Come da tradizione anche quest\u2019anno \u00e8 andata in scena la presentazione della famiglia dell\u2019Alleghe Hockey. Nell\u2019incantevole cornice di Alleghe beach, con l\u2019impeccabile presentazione affidata a Mirko Mezzacasa di Radio Pi\u00f9, sono intervenuti dirigenti e personalit\u00e0 istituzionali. Immancabilmente sono stati presentati anche i circa ottanta ragazzi che saranno protagonisti sul rettangolo ghiacciato della prossima stagione hockeistica, dai pi\u00f9 piccoli che cominciano a prendere confidenza con i pattini, ai pi\u00f9 grandi della squadra senior partecipante al campionato di IHL. Con grande piacere ha aperto la manifestazione il sindaco di Alleghe Danilo De Toni che ha ringraziato in prima persona Adriano e Matthias Levis, presidente e vicepresidente del sodalizio biancorosso, per il grande lavoro e l\u2019impegno profuso assieme a tutto il loro staff per tenere vivo l\u2019hockey sotto al Civetta, ricordando che il prossimo anno saranno festeggiati i novant\u2019anni della societ\u00e0, nata nel lontano 1933. Il primo cittadino ha anche espresso la propria preoccupazione per le ormai insostenibili bollette elettriche. Elettricit\u00e0 indispensabile per fornire l\u2019illuminazione e far funzionare i refrigeratori che garantiscono il ghiaccio sulla pista del \u201cDe Toni\u201d. A fare gli onori di casa il presidente Adriano Levis che ha ricordato con grande piacere il successo della festa biancorossa svoltasi a ferragosto, ribadendo il massimo impegno e la volont\u00e0 di tutti i dirigenti e volontari nel portare avanti questo progetto, improntato sull\u2019importanza dell\u2019attivit\u00e0 giovanile che potr\u00e0 garantire un futuro all\u2019hockey in riva al lago. Il vicepresidente Matthias Levis ha affermato che si \u00e8 pronti per la nuova stagione, confermando il lavoro che si sta portando avanti per quanto riguarda la crescita delle nuove leve. L\u2019allenatore delle giovanili Paolo De Biasio, che ad Alleghe non ha bisogno di presentazioni, afferma di essere molto contento di far ancora parte di questa famiglia, evidenziando grande entusiasmo e soddisfazione, regalandoci nel suo discorso anche una massima che lo rappresenta ed \u00e8 bene non dimenticare: \u201cPer essere nell\u2019hockey bisogna voler bene all\u2019hockey\u201d. Alla kermesse \u00e8 intervenuto anche Luca Zardini, consigliere del comitato Veneto per l\u2019hockey su ghiaccio, che ha dato la sua benedizione al progetto di collaborazione tra Alleghe, Cortina e Pieve di Cadore e all\u2019investimento nella crescita del settore giovanile, unica strada per garantirsi un futuro sportivo. Coach Alessandro Fontana coglie di buon grado la collaborazione con le societ\u00e0 di Cortina e Pieve, poich\u00e9 potr\u00e0 garantire rinforzi di qualit\u00e0 e quantit\u00e0 al roster e allo stesso tempo dar\u00e0 stimoli e possibilit\u00e0 di crescita a tutti i ragazzi. In rappresentanza della squadra di IHL ha preso la parola il capitano Milos Ganz, promettendo il massimo impegno da parte di tutta la squadra nell\u2019affrontare la nuova stagione. Infine il preparatore atletico Nicol\u00f2 Paganin, che ha affiancato Nicola Fontanive per tutta la preparazione estiva, ha ringraziato calorosamente la societ\u00e0 per l\u2019opportunit\u00e0 e la bellissima esperienza vissuta con i giovani, che hanno dimostrato grande entusiasmo e a suo modo di vedere ci sono tutte le premesse per una buona stagione. \u00c8 stata colta l\u2019occasione anche per dare la freschissima notizia dell\u2019arrivo in giornata ad Alleghe del nuovo allenatore delle giovanili, il lettone Andris Svitins, che affiancher\u00e0 Paolo De Biasio nel ruolo che negli ultimi anni ricopriva Miika Kiviranta. Al termine \u00e8 stato fatto a tutti i ragazzi un grande in bocca al lupo per i rispettivi campionati ai nastri di partenza. Il presidente Levis ci tiene a ringraziare calorosamente tutti i volontari che, con il loro ottimo lavoro, hanno reso possibile lo svolgimento della manifestazione e di tutte le attivit\u00e0 connesse alla preparazione della nuova stagione, nonch\u00e9 il comune di Alleghe. Infine, e non certo per ordine di importanza, non pu\u00f2 mancare il doveroso e caloroso ringraziamento al nostro mitico Mirko Mezzacasa che da quarant\u2019anni, con la sua Radio Pi\u00f9, segue e supporta con passione e professionalit\u00e0 l\u2019Alleghe Hockey.<\/p>\n<p><strong>L\u2019ALLEGHE IHL<\/strong> Portieri: Tommaso Zanardi, Matias De Nardin. Difensori: Milos Ganz, Nicola Soppelsa, Andrea Damin, Lorenzo Riva, Michele Darman, Matteo Fontanive, Marco Lorenzini, Matteo Da Tos. Attaccanti: Loris De Val, Francesco Soppelsa, Erwin Martin, Riccardo Dell\u2019Osbel, Mirko Giolai, Thomas De Silvestro, Marwin Martini, Thomas Angoletta, Godstine Da Riz, Aleksandris Novikovs, Mattia Vigilante, Gabriel Bassot, Tobia De Col. Allenatore: Alessandro Fontana. Dirigente Sportivo: Manuel Da Tos. Team Leader: Tamara Angeli. Attrezzisti: Massimo Zanardi, Patrick De Toni, Mauro Vittuari, Dino De Dea. Team manager: Federico Paganin.<\/p>\n<p><strong>LE FOTO DI ANNALISA DAL MAS<\/strong><\/p>\n\n\t\t\t<style type='text\/css'>\n\t\t\t\t#gallery-7 {\n\t\t\t\t\tmargin: auto;\n\t\t\t\t}\n\t\t\t\t#gallery-7 .gallery-item {\n\t\t\t\t\tfloat: left;\n\t\t\t\t\tmargin-top: 10px;\n\t\t\t\t\ttext-align: center;\n\t\t\t\t\twidth: 20%;\n\t\t\t\t}\n\t\t\t\t#gallery-7 img {\n\t\t\t\t\tborder: 2px solid #cfcfcf;\n\t\t\t\t}\n\t\t\t\t#gallery-7 .gallery-caption {\n\t\t\t\t\tmargin-left: 0;\n\t\t\t\t}\n\t\t\t\t\/* see gallery_shortcode() in wp-includes\/media.php *\/\n\t\t\t<\/style>\n\t\t<div id='gallery-7' class='dt-gallery-container gallery galleryid-296579 gallery-columns-5 gallery-size-thumbnail'><dl class='gallery-item'>\n\t\t\t\t<dt class='gallery-icon landscape'>\n\t\t\t\t\t<a class=\"rollover rollover-zoom dt-pswp-item\" title=\"0b8cd8eb-8bf1-48db-ad14-13b226046c05\" data-dt-img-description=\"\" data-large_image_width=\"2048\" data-large_image_height=\"1362\"href='https:\/\/www.radiopiu.net\/wordpress\/wp-content\/uploads\/2022\/09\/0b8cd8eb-8bf1-48db-ad14-13b226046c05.jpg'><img loading=\"lazy\" decoding=\"async\" width=\"150\" height=\"150\" src=\"https:\/\/www.radiopiu.net\/wordpress\/wp-content\/uploads\/2022\/09\/0b8cd8eb-8bf1-48db-ad14-13b226046c05-150x150.jpg\" class=\"attachment-thumbnail size-thumbnail\" alt=\"\" \/><\/a>\n\t\t\t\t<\/dt><\/dl><dl class='gallery-item'>\n\t\t\t\t<dt class='gallery-icon landscape'>\n\t\t\t\t\t<a class=\"rollover rollover-zoom dt-pswp-item\" title=\"3e168ae8-92b2-4d7a-854b-63a1f7a7e9df\" data-dt-img-description=\"\" data-large_image_width=\"2048\" data-large_image_height=\"1362\"href='https:\/\/www.radiopiu.net\/wordpress\/wp-content\/uploads\/2022\/09\/3e168ae8-92b2-4d7a-854b-63a1f7a7e9df.jpg'><img loading=\"lazy\" decoding=\"async\" width=\"150\" height=\"150\" src=\"https:\/\/www.radiopiu.net\/wordpress\/wp-content\/uploads\/2022\/09\/3e168ae8-92b2-4d7a-854b-63a1f7a7e9df-150x150.jpg\" class=\"attachment-thumbnail size-thumbnail\" alt=\"\" \/><\/a>\n\t\t\t\t<\/dt><\/dl><dl class='gallery-item'>\n\t\t\t\t<dt class='gallery-icon landscape'>\n\t\t\t\t\t<a class=\"rollover rollover-zoom dt-pswp-item\" title=\"7c18cba7-bf67-4556-83bb-7778566b423b\" data-dt-img-description=\"\" data-large_image_width=\"2048\" data-large_image_height=\"1362\"href='https:\/\/www.radiopiu.net\/wordpress\/wp-content\/uploads\/2022\/09\/7c18cba7-bf67-4556-83bb-7778566b423b.jpg'><img loading=\"lazy\" decoding=\"async\" width=\"150\" height=\"150\" src=\"https:\/\/www.radiopiu.net\/wordpress\/wp-content\/uploads\/2022\/09\/7c18cba7-bf67-4556-83bb-7778566b423b-150x150.jpg\" class=\"attachment-thumbnail size-thumbnail\" alt=\"\" \/><\/a>\n\t\t\t\t<\/dt><\/dl><dl class='gallery-item'>\n\t\t\t\t<dt class='gallery-icon landscape'>\n\t\t\t\t\t<a class=\"rollover rollover-zoom dt-pswp-item\" title=\"3985c56a-1e0b-429f-8b20-785eba20b1ca\" data-dt-img-description=\"\" data-large_image_width=\"2048\" data-large_image_height=\"1362\"href='https:\/\/www.radiopiu.net\/wordpress\/wp-content\/uploads\/2022\/09\/3985c56a-1e0b-429f-8b20-785eba20b1ca.jpg'><img loading=\"lazy\" decoding=\"async\" width=\"150\" height=\"150\" src=\"https:\/\/www.radiopiu.net\/wordpress\/wp-content\/uploads\/2022\/09\/3985c56a-1e0b-429f-8b20-785eba20b1ca-150x150.jpg\" class=\"attachment-thumbnail size-thumbnail\" alt=\"\" \/><\/a>\n\t\t\t\t<\/dt><\/dl><dl class='gallery-item'>\n\t\t\t\t<dt class='gallery-icon landscape'>\n\t\t\t\t\t<a class=\"rollover rollover-zoom dt-pswp-item\" title=\"4029dc50-d3e7-4068-9002-a89dc16d898f\" data-dt-img-description=\"\" data-large_image_width=\"2048\" data-large_image_height=\"1362\"href='https:\/\/www.radiopiu.net\/wordpress\/wp-content\/uploads\/2022\/09\/4029dc50-d3e7-4068-9002-a89dc16d898f.jpg'><img loading=\"lazy\" decoding=\"async\" width=\"150\" height=\"150\" src=\"https:\/\/www.radiopiu.net\/wordpress\/wp-content\/uploads\/2022\/09\/4029dc50-d3e7-4068-9002-a89dc16d898f-150x150.jpg\" class=\"attachment-thumbnail size-thumbnail\" alt=\"\" \/><\/a>\n\t\t\t\t<\/dt><\/dl><br style=\"clear: both\" \/><dl class='gallery-item'>\n\t\t\t\t<dt class='gallery-icon landscape'>\n\t\t\t\t\t<a class=\"rollover rollover-zoom dt-pswp-item\" title=\"4783cea5-726c-48c9-8f13-cb90fe7b52c8\" data-dt-img-description=\"\" data-large_image_width=\"2048\" data-large_image_height=\"1362\"href='https:\/\/www.radiopiu.net\/wordpress\/wp-content\/uploads\/2022\/09\/4783cea5-726c-48c9-8f13-cb90fe7b52c8.jpg'><img loading=\"lazy\" decoding=\"async\" width=\"150\" height=\"150\" src=\"https:\/\/www.radiopiu.net\/wordpress\/wp-content\/uploads\/2022\/09\/4783cea5-726c-48c9-8f13-cb90fe7b52c8-150x150.jpg\" class=\"attachment-thumbnail size-thumbnail\" alt=\"\" \/><\/a>\n\t\t\t\t<\/dt><\/dl><dl class='gallery-item'>\n\t\t\t\t<dt class='gallery-icon landscape'>\n\t\t\t\t\t<a class=\"rollover rollover-zoom dt-pswp-item\" title=\"8939aca5-8d4b-4923-823c-a4d4a798494f\" data-dt-img-description=\"\" data-large_image_width=\"2048\" data-large_image_height=\"1362\"href='https:\/\/www.radiopiu.net\/wordpress\/wp-content\/uploads\/2022\/09\/8939aca5-8d4b-4923-823c-a4d4a798494f.jpg'><img loading=\"lazy\" decoding=\"async\" width=\"150\" height=\"150\" src=\"https:\/\/www.radiopiu.net\/wordpress\/wp-content\/uploads\/2022\/09\/8939aca5-8d4b-4923-823c-a4d4a798494f-150x150.jpg\" class=\"attachment-thumbnail size-thumbnail\" alt=\"\" \/><\/a>\n\t\t\t\t<\/dt><\/dl><dl class='gallery-item'>\n\t\t\t\t<dt class='gallery-icon landscape'>\n\t\t\t\t\t<a class=\"rollover rollover-zoom dt-pswp-item\" title=\"a933f63f-170c-4a8a-8b7f-7a42fe821198\" data-dt-img-description=\"\" data-large_image_width=\"2048\" data-large_image_height=\"1362\"href='https:\/\/www.radiopiu.net\/wordpress\/wp-content\/uploads\/2022\/09\/a933f63f-170c-4a8a-8b7f-7a42fe821198.jpg'><img loading=\"lazy\" decoding=\"async\" width=\"150\" height=\"150\" src=\"https:\/\/www.radiopiu.net\/wordpress\/wp-content\/uploads\/2022\/09\/a933f63f-170c-4a8a-8b7f-7a42fe821198-150x150.jpg\" class=\"attachment-thumbnail size-thumbnail\" alt=\"\" \/><\/a>\n\t\t\t\t<\/dt><\/dl><dl class='gallery-item'>\n\t\t\t\t<dt class='gallery-icon landscape'>\n\t\t\t\t\t<a class=\"rollover rollover-zoom dt-pswp-item\" title=\"d549b9bd-a293-48db-bb46-d9fc0a9ecb53\" data-dt-img-description=\"\" data-large_image_width=\"2048\" data-large_image_height=\"1362\"href='https:\/\/www.radiopiu.net\/wordpress\/wp-content\/uploads\/2022\/09\/d549b9bd-a293-48db-bb46-d9fc0a9ecb53.jpg'><img loading=\"lazy\" decoding=\"async\" width=\"150\" height=\"150\" src=\"https:\/\/www.radiopiu.net\/wordpress\/wp-content\/uploads\/2022\/09\/d549b9bd-a293-48db-bb46-d9fc0a9ecb53-150x150.jpg\" class=\"attachment-thumbnail size-thumbnail\" alt=\"\" \/><\/a>\n\t\t\t\t<\/dt><\/dl><dl class='gallery-item'>\n\t\t\t\t<dt class='gallery-icon landscape'>\n\t\t\t\t\t<a class=\"rollover rollover-zoom dt-pswp-item\" title=\"d18951c9-13fc-445e-a7b1-d7a7700f6459\" data-dt-img-description=\"\" data-large_image_width=\"2048\" data-large_image_height=\"1362\"href='https:\/\/www.radiopiu.net\/wordpress\/wp-content\/uploads\/2022\/09\/d18951c9-13fc-445e-a7b1-d7a7700f6459.jpg'><img loading=\"lazy\" decoding=\"async\" width=\"150\" height=\"150\" src=\"https:\/\/www.radiopiu.net\/wordpress\/wp-content\/uploads\/2022\/09\/d18951c9-13fc-445e-a7b1-d7a7700f6459-150x150.jpg\" class=\"attachment-thumbnail size-thumbnail\" alt=\"\" \/><\/a>\n\t\t\t\t<\/dt><\/dl><br style=\"clear: both\" \/><dl class='gallery-item'>\n\t\t\t\t<dt class='gallery-icon landscape'>\n\t\t\t\t\t<a class=\"rollover rollover-zoom dt-pswp-item\" title=\"e3446b79-d820-4cf0-ad9c-aab43bd8e0b9\" data-dt-img-description=\"\" data-large_image_width=\"2048\" data-large_image_height=\"1362\"href='https:\/\/www.radiopiu.net\/wordpress\/wp-content\/uploads\/2022\/09\/e3446b79-d820-4cf0-ad9c-aab43bd8e0b9.jpg'><img loading=\"lazy\" decoding=\"async\" width=\"150\" height=\"150\" src=\"https:\/\/www.radiopiu.net\/wordpress\/wp-content\/uploads\/2022\/09\/e3446b79-d820-4cf0-ad9c-aab43bd8e0b9-150x150.jpg\" class=\"attachment-thumbnail size-thumbnail\" alt=\"\" \/><\/a>\n\t\t\t\t<\/dt><\/dl><dl class='gallery-item'>\n\t\t\t\t<dt class='gallery-icon landscape'>\n\t\t\t\t\t<a class=\"rollover rollover-zoom dt-pswp-item\" title=\"f4eb489b-4084-46a7-be1c-95757af9095e\" data-dt-img-description=\"\" data-large_image_width=\"2048\" data-large_image_height=\"1362\"href='https:\/\/www.radiopiu.net\/wordpress\/wp-content\/uploads\/2022\/09\/f4eb489b-4084-46a7-be1c-95757af9095e.jpg'><img loading=\"lazy\" decoding=\"async\" width=\"150\" height=\"150\" src=\"https:\/\/www.radiopiu.net\/wordpress\/wp-content\/uploads\/2022\/09\/f4eb489b-4084-46a7-be1c-95757af9095e-150x150.jpg\" class=\"attachment-thumbnail size-thumbnail\" alt=\"\" \/><\/a>\n\t\t\t\t<\/dt><\/dl><dl class='gallery-item'>\n\t\t\t\t<dt class='gallery-icon landscape'>\n\t\t\t\t\t<a class=\"rollover rollover-zoom dt-pswp-item\" title=\"f864d6e9-02be-4b60-b275-13437015638b\" data-dt-img-description=\"\" data-large_image_width=\"2048\" data-large_image_height=\"1362\"href='https:\/\/www.radiopiu.net\/wordpress\/wp-content\/uploads\/2022\/09\/f864d6e9-02be-4b60-b275-13437015638b.jpg'><img loading=\"lazy\" decoding=\"async\" width=\"150\" height=\"150\" src=\"https:\/\/www.radiopiu.net\/wordpress\/wp-content\/uploads\/2022\/09\/f864d6e9-02be-4b60-b275-13437015638b-150x150.jpg\" class=\"attachment-thumbnail size-thumbnail\" alt=\"\" \/><\/a>\n\t\t\t\t<\/dt><\/dl><dl class='gallery-item'>\n\t\t\t\t<dt class='gallery-icon landscape'>\n\t\t\t\t\t<a class=\"rollover rollover-zoom dt-pswp-item\" title=\"36ce030f-513b-4fbe-8076-75a95f23788a\" data-dt-img-description=\"\" data-large_image_width=\"2048\" data-large_image_height=\"1362\"href='https:\/\/www.radiopiu.net\/wordpress\/wp-content\/uploads\/2022\/09\/36ce030f-513b-4fbe-8076-75a95f23788a.jpg'><img loading=\"lazy\" decoding=\"async\" width=\"150\" height=\"150\" src=\"https:\/\/www.radiopiu.net\/wordpress\/wp-content\/uploads\/2022\/09\/36ce030f-513b-4fbe-8076-75a95f23788a-150x150.jpg\" class=\"attachment-thumbnail size-thumbnail\" alt=\"\" \/><\/a>\n\t\t\t\t<\/dt><\/dl><dl class='gallery-item'>\n\t\t\t\t<dt class='gallery-icon landscape'>\n\t\t\t\t\t<a class=\"rollover rollover-zoom dt-pswp-item\" title=\"f930d510-c235-4c20-91dc-a9924a084410\" data-dt-img-description=\"\" data-large_image_width=\"2048\" data-large_image_height=\"1362\"href='https:\/\/www.radiopiu.net\/wordpress\/wp-content\/uploads\/2022\/09\/f930d510-c235-4c20-91dc-a9924a084410.jpg'><img loading=\"lazy\" decoding=\"async\" width=\"150\" height=\"150\" src=\"https:\/\/www.radiopiu.net\/wordpress\/wp-content\/uploads\/2022\/09\/f930d510-c235-4c20-91dc-a9924a084410-150x150.jpg\" class=\"attachment-thumbnail size-thumbnail\" alt=\"\" \/><\/a>\n\t\t\t\t<\/dt><\/dl><br style=\"clear: both\" \/>\n\t\t\t<\/div>\n\n<p>Presentate anche le squadre giovanili. Gli allenatori sono Alessandro Fontana, Paolo De Biasio, Christian Schivo, Ugo Da Rech, Silvia Toffano e Andris Svitins.. Preparatore atletico Niccol\u00f2 Paganin. I team leaders Alberto Fontanive, Roberto Fontanive, Cristian De Toni, Andrea Del Monego, Daniele Veggiato, Fabio Cominato, Matthias Levis, Roberta Pol e Valentino Angoletta.<\/p>\n<p><strong>LE GIOVANI CIVETTE<\/strong><\/p>\n\n\t\t\t<style type='text\/css'>\n\t\t\t\t#gallery-8 {\n\t\t\t\t\tmargin: auto;\n\t\t\t\t}\n\t\t\t\t#gallery-8 .gallery-item {\n\t\t\t\t\tfloat: left;\n\t\t\t\t\tmargin-top: 10px;\n\t\t\t\t\ttext-align: center;\n\t\t\t\t\twidth: 100%;\n\t\t\t\t}\n\t\t\t\t#gallery-8 img {\n\t\t\t\t\tborder: 2px solid #cfcfcf;\n\t\t\t\t}\n\t\t\t\t#gallery-8 .gallery-caption {\n\t\t\t\t\tmargin-left: 0;\n\t\t\t\t}\n\t\t\t\t\/* see gallery_shortcode() in wp-includes\/media.php *\/\n\t\t\t<\/style>\n\t\t<div id='gallery-8' class='dt-gallery-container gallery galleryid-296579 gallery-columns-1 gallery-size-thumbnail'><dl class='gallery-item'>\n\t\t\t\t<dt class='gallery-icon portrait'>\n\t\t\t\t\t<a class=\"rollover rollover-zoom dt-pswp-item\" title=\"229adafe-48e5-4e42-a1a7-668ba0a16f1e\" data-dt-img-description=\"\" data-large_image_width=\"1080\" data-large_image_height=\"1920\"href='https:\/\/www.radiopiu.net\/wordpress\/wp-content\/uploads\/2022\/09\/229adafe-48e5-4e42-a1a7-668ba0a16f1e.jpg'><img loading=\"lazy\" decoding=\"async\" width=\"150\" height=\"150\" src=\"https:\/\/www.radiopiu.net\/wordpress\/wp-content\/uploads\/2022\/09\/229adafe-48e5-4e42-a1a7-668ba0a16f1e-150x150.jpg\" class=\"attachment-thumbnail size-thumbnail\" alt=\"\" \/><\/a>\n\t\t\t\t<\/dt><\/dl><br style=\"clear: both\" \/>\n\t\t\t<\/div>\n\n<p>Nello staff della famiglia Alleghe Hockey anche Bruno Giolai (responsabile dei mezzi), Valentina Decima (segretaria), Annalisa Dal Mas e Matteo Floridia (fotografi, Francesca Bisatti (responsabile marketing e Instagram) Roberto Miana (Facebook), Massimo Zanardi (sito internet), Federico Paganin (voce e occhi dell&#8217;Alleghe Hockey per Radio Pi\u00f9), Alessio Sergio (dottore della societ\u00e0), Dino De Dea e Claudio De Toni (i valori aggiunti).<\/p>\n<p>&nbsp;<\/p>\n<p>&nbsp;<\/p>\n<hr \/>\n<p>&nbsp;<\/p>\n<p><span style=\"color: #0000ff;\"><strong>CALCIO<\/strong><\/span><\/p>\n<blockquote>\n<h3>UNA VITTORIA PER L&#8217;AGORDINA NELL&#8217;ULTIMA PARTITA DI COPPA VENETO<\/h3>\n<\/blockquote>\n<p><strong><a class=\"dt-pswp-item\" href=\"https:\/\/www.radiopiu.net\/wordpress\/wp-content\/uploads\/2021\/11\/CALCIO-2021.jpg\" data-dt-img-description=\"\" data-large_image_width=\"2560\" data-large_image_height=\"1707\"><img loading=\"lazy\" decoding=\"async\" class=\"size-thumbnail wp-image-242798 alignleft\" src=\"https:\/\/www.radiopiu.net\/wordpress\/wp-content\/uploads\/2021\/11\/CALCIO-2021-150x150.jpg\" alt=\"\" width=\"150\" height=\"150\" \/><\/a>AGORDINA &#8211; GEMELLE 3-1 (Gol Agordina: Del Din, M. Costa, Paganin)<\/strong><\/p>\n<p>Si chiude con una vittoria per l&#8217;Agordina il girone di qualificazione della Coppa Veneto. Una vittoria che da morale alla squadra allenata da Lorenzi ma niente di pi\u00f9. L&#8217;Agordina non si qualifica per la fase finale del torneo ed ora si prepara per l&#8217;inizio del campionato di Seconda Categoria che partir\u00e0 il prossimo fine settimana. Sono tre le marcature della compagine di Agordo che \u00e8 riuscita a far vedere un buon calcio. Del Din, Matteo Costa e Paganin gli autori delle reti biancocelesti. Ora una settimana per mettere in ordine le idee e preparare al meglio la prima sfida di campionato che vedr\u00e0 l&#8217;Agordina esordire in trasferta contro l&#8217;Alpes Cesio. Sabato pomeriggio all&#8217;Ivano Dorigo di Agordo spazio alla presentazione delle squadre.<\/p>\n<p>&nbsp;<\/p>\n<p>&nbsp;<\/p>\n<hr \/>\n<p>&nbsp;<\/p>\n<p><span style=\"color: #0000ff;\"><strong>CORSA CAMPESTRE<\/strong><\/span><\/p>\n<blockquote>\n<h3>LA PRIMA EDIZIONE DELLA FRASSENE&#8217; CROSS VA A NICOLA COSTANTINI ED ALESSANDRA DA RONCH<\/h3>\n<\/blockquote>\n<p><strong>VOLTAGO<\/strong> Si \u00e8 svolta nel pomeriggio di sabato la prima edizione della Frassen\u00e8 Cross, la gara di corsa campestre organizzata dal Gruppo Sportivo Frassen\u00e8 in occasione del centenario dalla fondazione. Quarta e ultima tappa del circuito &#8220;Corri Poi&#8221;. Ad imporsi in ambito aschile \u00e8 stato Nicola Costantini che ha percorso i 7 km del percorso con il tempo di 27&#8217;14&#8221;. A pi\u00f9 di un minuto di distanza Valentino Cotsa e terzo gradino del podio per Simone Selva. Nella femminile Alessandra Da Ronch vince in 34&#8217;21&#8221;, secondo posto per Martina Scola e terza Giulia Ben. Anche i pi\u00f9 giovani hanno avuto il loro momento di gloria sotto una pioggia battente che ha accompagnato le varie categorie lungo i 2,5 km di percorso. 178 i partecipanti che si sono sfidati per onorare i 100 anni del Gruppo Sportivo Frassen\u00e8.<\/p>\n<p><strong>PER CONSULTARE LE CLASSIFICHE <a href=\"https:\/\/sportdolomiti.it\/classifiche-frassene_cross\">CLICCA QUI<\/a><\/strong><\/p>\n\n\t\t\t<style type='text\/css'>\n\t\t\t\t#gallery-9 {\n\t\t\t\t\tmargin: auto;\n\t\t\t\t}\n\t\t\t\t#gallery-9 .gallery-item {\n\t\t\t\t\tfloat: left;\n\t\t\t\t\tmargin-top: 10px;\n\t\t\t\t\ttext-align: center;\n\t\t\t\t\twidth: 25%;\n\t\t\t\t}\n\t\t\t\t#gallery-9 img {\n\t\t\t\t\tborder: 2px solid #cfcfcf;\n\t\t\t\t}\n\t\t\t\t#gallery-9 .gallery-caption {\n\t\t\t\t\tmargin-left: 0;\n\t\t\t\t}\n\t\t\t\t\/* see gallery_shortcode() in wp-includes\/media.php *\/\n\t\t\t<\/style>\n\t\t<div id='gallery-9' class='dt-gallery-container gallery galleryid-296579 gallery-columns-4 gallery-size-thumbnail'><dl class='gallery-item'>\n\t\t\t\t<dt class='gallery-icon landscape'>\n\t\t\t\t\t<a class=\"rollover rollover-zoom dt-pswp-item\" title=\"69a7b71a-26c3-47f1-9878-3aff8fe61094\" data-dt-img-description=\"\" data-large_image_width=\"1024\" data-large_image_height=\"769\"href='https:\/\/www.radiopiu.net\/wordpress\/wp-content\/uploads\/2022\/09\/69a7b71a-26c3-47f1-9878-3aff8fe61094.jpg'><img loading=\"lazy\" decoding=\"async\" width=\"150\" height=\"150\" src=\"https:\/\/www.radiopiu.net\/wordpress\/wp-content\/uploads\/2022\/09\/69a7b71a-26c3-47f1-9878-3aff8fe61094-150x150.jpg\" class=\"attachment-thumbnail size-thumbnail\" alt=\"\" \/><\/a>\n\t\t\t\t<\/dt><\/dl><dl class='gallery-item'>\n\t\t\t\t<dt class='gallery-icon portrait'>\n\t\t\t\t\t<a class=\"rollover rollover-zoom dt-pswp-item\" title=\"7b222696-d11d-41e5-adcf-786fb447a06a\" data-dt-img-description=\"\" data-large_image_width=\"642\" data-large_image_height=\"1024\"href='https:\/\/www.radiopiu.net\/wordpress\/wp-content\/uploads\/2022\/09\/7b222696-d11d-41e5-adcf-786fb447a06a.jpg'><img loading=\"lazy\" decoding=\"async\" width=\"150\" height=\"150\" src=\"https:\/\/www.radiopiu.net\/wordpress\/wp-content\/uploads\/2022\/09\/7b222696-d11d-41e5-adcf-786fb447a06a-150x150.jpg\" class=\"attachment-thumbnail size-thumbnail\" alt=\"\" \/><\/a>\n\t\t\t\t<\/dt><\/dl><dl class='gallery-item'>\n\t\t\t\t<dt class='gallery-icon portrait'>\n\t\t\t\t\t<a class=\"rollover rollover-zoom dt-pswp-item\" title=\"44a7a4f9-8612-44c8-aad4-6b8c86bf5be9\" data-dt-img-description=\"\" data-large_image_width=\"824\" data-large_image_height=\"1024\"href='https:\/\/www.radiopiu.net\/wordpress\/wp-content\/uploads\/2022\/09\/44a7a4f9-8612-44c8-aad4-6b8c86bf5be9.jpg'><img loading=\"lazy\" decoding=\"async\" width=\"150\" height=\"150\" src=\"https:\/\/www.radiopiu.net\/wordpress\/wp-content\/uploads\/2022\/09\/44a7a4f9-8612-44c8-aad4-6b8c86bf5be9-150x150.jpg\" class=\"attachment-thumbnail size-thumbnail\" alt=\"\" \/><\/a>\n\t\t\t\t<\/dt><\/dl><dl class='gallery-item'>\n\t\t\t\t<dt class='gallery-icon landscape'>\n\t\t\t\t\t<a class=\"rollover rollover-zoom dt-pswp-item\" title=\"a826312b-0d32-4ede-a603-748e792bc5d5\" data-dt-img-description=\"\" data-large_image_width=\"1024\" data-large_image_height=\"768\"href='https:\/\/www.radiopiu.net\/wordpress\/wp-content\/uploads\/2022\/09\/a826312b-0d32-4ede-a603-748e792bc5d5.jpg'><img loading=\"lazy\" decoding=\"async\" width=\"150\" height=\"150\" src=\"https:\/\/www.radiopiu.net\/wordpress\/wp-content\/uploads\/2022\/09\/a826312b-0d32-4ede-a603-748e792bc5d5-150x150.jpg\" class=\"attachment-thumbnail size-thumbnail\" alt=\"\" \/><\/a>\n\t\t\t\t<\/dt><\/dl><br style=\"clear: both\" \/><dl class='gallery-item'>\n\t\t\t\t<dt class='gallery-icon landscape'>\n\t\t\t\t\t<a class=\"rollover rollover-zoom dt-pswp-item\" title=\"18fa4397-78a7-4340-91ef-1d1f7252ffeb\" data-dt-img-description=\"\" data-large_image_width=\"1024\" data-large_image_height=\"768\"href='https:\/\/www.radiopiu.net\/wordpress\/wp-content\/uploads\/2022\/09\/18fa4397-78a7-4340-91ef-1d1f7252ffeb.jpg'><img loading=\"lazy\" decoding=\"async\" width=\"150\" height=\"150\" src=\"https:\/\/www.radiopiu.net\/wordpress\/wp-content\/uploads\/2022\/09\/18fa4397-78a7-4340-91ef-1d1f7252ffeb-150x150.jpg\" class=\"attachment-thumbnail size-thumbnail\" alt=\"\" \/><\/a>\n\t\t\t\t<\/dt><\/dl><dl class='gallery-item'>\n\t\t\t\t<dt class='gallery-icon landscape'>\n\t\t\t\t\t<a class=\"rollover rollover-zoom dt-pswp-item\" title=\"76c72e91-2904-439b-bb59-05abb4c1cfd0\" data-dt-img-description=\"\" data-large_image_width=\"1024\" data-large_image_height=\"768\"href='https:\/\/www.radiopiu.net\/wordpress\/wp-content\/uploads\/2022\/09\/76c72e91-2904-439b-bb59-05abb4c1cfd0.jpg'><img loading=\"lazy\" decoding=\"async\" width=\"150\" height=\"150\" src=\"https:\/\/www.radiopiu.net\/wordpress\/wp-content\/uploads\/2022\/09\/76c72e91-2904-439b-bb59-05abb4c1cfd0-150x150.jpg\" class=\"attachment-thumbnail size-thumbnail\" alt=\"\" \/><\/a>\n\t\t\t\t<\/dt><\/dl><dl class='gallery-item'>\n\t\t\t\t<dt class='gallery-icon landscape'>\n\t\t\t\t\t<a class=\"rollover rollover-zoom dt-pswp-item\" title=\"bc1eb230-306c-44a8-8776-f8829e3f21cb\" data-dt-img-description=\"\" data-large_image_width=\"1024\" data-large_image_height=\"768\"href='https:\/\/www.radiopiu.net\/wordpress\/wp-content\/uploads\/2022\/09\/bc1eb230-306c-44a8-8776-f8829e3f21cb.jpg'><img loading=\"lazy\" decoding=\"async\" width=\"150\" height=\"150\" src=\"https:\/\/www.radiopiu.net\/wordpress\/wp-content\/uploads\/2022\/09\/bc1eb230-306c-44a8-8776-f8829e3f21cb-150x150.jpg\" class=\"attachment-thumbnail size-thumbnail\" alt=\"\" \/><\/a>\n\t\t\t\t<\/dt><\/dl><dl class='gallery-item'>\n\t\t\t\t<dt class='gallery-icon landscape'>\n\t\t\t\t\t<a class=\"rollover rollover-zoom dt-pswp-item\" title=\"13fafd77-b83a-4b1d-93f1-79ed97bd6c2b\" data-dt-img-description=\"\" data-large_image_width=\"1024\" data-large_image_height=\"768\"href='https:\/\/www.radiopiu.net\/wordpress\/wp-content\/uploads\/2022\/09\/13fafd77-b83a-4b1d-93f1-79ed97bd6c2b.jpg'><img loading=\"lazy\" decoding=\"async\" width=\"150\" height=\"150\" src=\"https:\/\/www.radiopiu.net\/wordpress\/wp-content\/uploads\/2022\/09\/13fafd77-b83a-4b1d-93f1-79ed97bd6c2b-150x150.jpg\" class=\"attachment-thumbnail size-thumbnail\" alt=\"\" \/><\/a>\n\t\t\t\t<\/dt><\/dl><br style=\"clear: both\" \/><dl class='gallery-item'>\n\t\t\t\t<dt class='gallery-icon landscape'>\n\t\t\t\t\t<a class=\"rollover rollover-zoom dt-pswp-item\" title=\"5301a701-fab4-456c-adbd-16085c73e8b9\" data-dt-img-description=\"\" data-large_image_width=\"1024\" data-large_image_height=\"768\"href='https:\/\/www.radiopiu.net\/wordpress\/wp-content\/uploads\/2022\/09\/5301a701-fab4-456c-adbd-16085c73e8b9.jpg'><img loading=\"lazy\" decoding=\"async\" width=\"150\" height=\"150\" src=\"https:\/\/www.radiopiu.net\/wordpress\/wp-content\/uploads\/2022\/09\/5301a701-fab4-456c-adbd-16085c73e8b9-150x150.jpg\" class=\"attachment-thumbnail size-thumbnail\" alt=\"\" \/><\/a>\n\t\t\t\t<\/dt><\/dl><dl class='gallery-item'>\n\t\t\t\t<dt class='gallery-icon landscape'>\n\t\t\t\t\t<a class=\"rollover rollover-zoom dt-pswp-item\" title=\"7fe4c9a7-8449-44f3-87b4-fc0b805810c4\" data-dt-img-description=\"\" data-large_image_width=\"1024\" data-large_image_height=\"768\"href='https:\/\/www.radiopiu.net\/wordpress\/wp-content\/uploads\/2022\/09\/7fe4c9a7-8449-44f3-87b4-fc0b805810c4.jpg'><img loading=\"lazy\" decoding=\"async\" width=\"150\" height=\"150\" src=\"https:\/\/www.radiopiu.net\/wordpress\/wp-content\/uploads\/2022\/09\/7fe4c9a7-8449-44f3-87b4-fc0b805810c4-150x150.jpg\" class=\"attachment-thumbnail size-thumbnail\" alt=\"\" \/><\/a>\n\t\t\t\t<\/dt><\/dl><dl class='gallery-item'>\n\t\t\t\t<dt class='gallery-icon landscape'>\n\t\t\t\t\t<a class=\"rollover rollover-zoom dt-pswp-item\" title=\"02fcb822-918a-46c2-a56b-70c40bb084a1\" data-dt-img-description=\"\" data-large_image_width=\"1024\" data-large_image_height=\"768\"href='https:\/\/www.radiopiu.net\/wordpress\/wp-content\/uploads\/2022\/09\/02fcb822-918a-46c2-a56b-70c40bb084a1.jpg'><img loading=\"lazy\" decoding=\"async\" width=\"150\" height=\"150\" src=\"https:\/\/www.radiopiu.net\/wordpress\/wp-content\/uploads\/2022\/09\/02fcb822-918a-46c2-a56b-70c40bb084a1-150x150.jpg\" class=\"attachment-thumbnail size-thumbnail\" alt=\"\" \/><\/a>\n\t\t\t\t<\/dt><\/dl><dl class='gallery-item'>\n\t\t\t\t<dt class='gallery-icon landscape'>\n\t\t\t\t\t<a class=\"rollover rollover-zoom dt-pswp-item\" title=\"de752d12-1da2-47bc-9d58-96ed7019a322\" data-dt-img-description=\"\" data-large_image_width=\"1024\" data-large_image_height=\"768\"href='https:\/\/www.radiopiu.net\/wordpress\/wp-content\/uploads\/2022\/09\/de752d12-1da2-47bc-9d58-96ed7019a322.jpg'><img loading=\"lazy\" decoding=\"async\" width=\"150\" height=\"150\" src=\"https:\/\/www.radiopiu.net\/wordpress\/wp-content\/uploads\/2022\/09\/de752d12-1da2-47bc-9d58-96ed7019a322-150x150.jpg\" class=\"attachment-thumbnail size-thumbnail\" alt=\"\" \/><\/a>\n\t\t\t\t<\/dt><\/dl><br style=\"clear: both\" \/><dl class='gallery-item'>\n\t\t\t\t<dt class='gallery-icon landscape'>\n\t\t\t\t\t<a class=\"rollover rollover-zoom dt-pswp-item\" title=\"e8bf6ea4-cb48-4d97-8e72-f47de82fcee9\" data-dt-img-description=\"\" data-large_image_width=\"1024\" data-large_image_height=\"768\"href='https:\/\/www.radiopiu.net\/wordpress\/wp-content\/uploads\/2022\/09\/e8bf6ea4-cb48-4d97-8e72-f47de82fcee9.jpg'><img loading=\"lazy\" decoding=\"async\" width=\"150\" height=\"150\" src=\"https:\/\/www.radiopiu.net\/wordpress\/wp-content\/uploads\/2022\/09\/e8bf6ea4-cb48-4d97-8e72-f47de82fcee9-150x150.jpg\" class=\"attachment-thumbnail size-thumbnail\" alt=\"\" \/><\/a>\n\t\t\t\t<\/dt><\/dl><dl class='gallery-item'>\n\t\t\t\t<dt class='gallery-icon landscape'>\n\t\t\t\t\t<a class=\"rollover rollover-zoom dt-pswp-item\" title=\"2986d623-0fd4-4703-8fdb-b76bf4e0276f\" data-dt-img-description=\"\" data-large_image_width=\"1024\" data-large_image_height=\"768\"href='https:\/\/www.radiopiu.net\/wordpress\/wp-content\/uploads\/2022\/09\/2986d623-0fd4-4703-8fdb-b76bf4e0276f.jpg'><img loading=\"lazy\" decoding=\"async\" width=\"150\" height=\"150\" src=\"https:\/\/www.radiopiu.net\/wordpress\/wp-content\/uploads\/2022\/09\/2986d623-0fd4-4703-8fdb-b76bf4e0276f-150x150.jpg\" class=\"attachment-thumbnail size-thumbnail\" alt=\"\" \/><\/a>\n\t\t\t\t<\/dt><\/dl><dl class='gallery-item'>\n\t\t\t\t<dt class='gallery-icon landscape'>\n\t\t\t\t\t<a class=\"rollover rollover-zoom dt-pswp-item\" title=\"1eb06289-38cb-4064-a95d-9c2a1dc04330\" data-dt-img-description=\"\" data-large_image_width=\"1024\" data-large_image_height=\"768\"href='https:\/\/www.radiopiu.net\/wordpress\/wp-content\/uploads\/2022\/09\/1eb06289-38cb-4064-a95d-9c2a1dc04330.jpg'><img loading=\"lazy\" decoding=\"async\" width=\"150\" height=\"150\" src=\"https:\/\/www.radiopiu.net\/wordpress\/wp-content\/uploads\/2022\/09\/1eb06289-38cb-4064-a95d-9c2a1dc04330-150x150.jpg\" class=\"attachment-thumbnail size-thumbnail\" alt=\"\" \/><\/a>\n\t\t\t\t<\/dt><\/dl><dl class='gallery-item'>\n\t\t\t\t<dt class='gallery-icon landscape'>\n\t\t\t\t\t<a class=\"rollover rollover-zoom dt-pswp-item\" title=\"cbec0f18-62fa-4175-8312-3b0eeb7a0390\" data-dt-img-description=\"\" data-large_image_width=\"1024\" data-large_image_height=\"768\"href='https:\/\/www.radiopiu.net\/wordpress\/wp-content\/uploads\/2022\/09\/cbec0f18-62fa-4175-8312-3b0eeb7a0390.jpg'><img loading=\"lazy\" decoding=\"async\" width=\"150\" height=\"150\" src=\"https:\/\/www.radiopiu.net\/wordpress\/wp-content\/uploads\/2022\/09\/cbec0f18-62fa-4175-8312-3b0eeb7a0390-150x150.jpg\" class=\"attachment-thumbnail size-thumbnail\" alt=\"\" \/><\/a>\n\t\t\t\t<\/dt><\/dl><br style=\"clear: both\" \/>\n\t\t\t<\/div>\n\n<p>&nbsp;<\/p>\n<hr \/>\n<p>&nbsp;<\/p>\n<p><span style=\"color: #0000ff;\"><strong>PALLAVOLO<\/strong><\/span><\/p>\n<blockquote>\n<h3>PORTO VIRO ATTERRA BELLUNO<\/h3>\n<\/blockquote>\n<p><b><a class=\"dt-pswp-item\" href=\"https:\/\/www.radiopiu.net\/wordpress\/wp-content\/uploads\/2022\/09\/DRL_a_muro.jpg\" data-dt-img-description=\"\" data-large_image_width=\"748\" data-large_image_height=\"498\"><img loading=\"lazy\" decoding=\"async\" class=\"size-thumbnail wp-image-296667 alignleft\" src=\"https:\/\/www.radiopiu.net\/wordpress\/wp-content\/uploads\/2022\/09\/DRL_a_muro-150x150.jpg\" alt=\"\" width=\"150\" height=\"150\" \/><\/a>DELTA GROUP PORTO VIRO-DA ROLD LOGISTICS BELLUNO 4-0 (<\/b><strong>25-15, 25-16, 25-15, 25-20)<\/strong><\/p>\n<p>A 24 ore di distanza dal faccia a faccia con il Trentino Volley, Belluno torna sotto rete per la terza tappa del loro cammino: a Porto Viro, nella tana di una squadra in procinto di imbarcarsi nel campionato di A2 come il Delta Group. Il risultato? Mai in discussione. S\u00ec, perch\u00e9 i padroni di casa, al loro primo test stagionale, hanno fatto valere la categoria di differenza, mentre i \u201crinoceronti\u201d sono apparsi piuttosto stanchi. E non poteva essere altrimenti, dopo il dispendio anche di natura emotiva legato all\u2019impegno con l\u2019Itas, in una Spes Arena nobilitata dalla presenza di quasi 700 spettatori.<span class=\"gmail-Apple-converted-space\"> \u00a0<\/span>In terra rodigina, la DRL ci prova. Ma il Delta Group, fin dai primi scambi, impone il suo ritmo, oltre a una maggior freschezza e all\u2019indiscutibile tasso tecnico.<\/p>\n<p>&nbsp;<\/p>\n<p>&nbsp;<\/p>\n<hr \/>\n<p>&nbsp;<\/p>\n<p><span style=\"color: #0000ff;\"><strong>MOTORI<\/strong><\/span><\/p>\n<blockquote>\n<h3>IL RALLY INTERNAZIONALE SAN MARTINO DI CASTROZZA<\/h3>\n<\/blockquote>\n<p><strong>SAN MARTINO DI CASTROZZA (TN)<\/strong><\/p>\n<p>di Roberto Bona<\/p>\n<audio class=\"wp-audio-shortcode\" id=\"audio-296579-14\" preload=\"none\" style=\"width: 100%;\" controls=\"controls\"><source type=\"audio\/mpeg\" src=\"https:\/\/www.radiopiu.net\/wordpress\/wp-content\/uploads\/2022\/09\/gr-12-sport-motori-bona.mp3?_=14\" \/><a href=\"https:\/\/www.radiopiu.net\/wordpress\/wp-content\/uploads\/2022\/09\/gr-12-sport-motori-bona.mp3\">https:\/\/www.radiopiu.net\/wordpress\/wp-content\/uploads\/2022\/09\/gr-12-sport-motori-bona.mp3<\/a><\/audio>\n<p>&nbsp;<\/p>\n\n\t\t\t<style type='text\/css'>\n\t\t\t\t#gallery-10 {\n\t\t\t\t\tmargin: auto;\n\t\t\t\t}\n\t\t\t\t#gallery-10 .gallery-item {\n\t\t\t\t\tfloat: left;\n\t\t\t\t\tmargin-top: 10px;\n\t\t\t\t\ttext-align: center;\n\t\t\t\t\twidth: 50%;\n\t\t\t\t}\n\t\t\t\t#gallery-10 img {\n\t\t\t\t\tborder: 2px solid #cfcfcf;\n\t\t\t\t}\n\t\t\t\t#gallery-10 .gallery-caption {\n\t\t\t\t\tmargin-left: 0;\n\t\t\t\t}\n\t\t\t\t\/* see gallery_shortcode() in wp-includes\/media.php *\/\n\t\t\t<\/style>\n\t\t<div id='gallery-10' class='dt-gallery-container gallery galleryid-296579 gallery-columns-2 gallery-size-medium'><dl class='gallery-item'>\n\t\t\t\t<dt class='gallery-icon landscape'>\n\t\t\t\t\t<a class=\"rollover rollover-zoom dt-pswp-item\" title=\"2c7a441d-2654-42d1-b224-7376abd2a9b9\" data-dt-img-description=\"\" data-large_image_width=\"1600\" data-large_image_height=\"900\"href='https:\/\/www.radiopiu.net\/wordpress\/wp-content\/uploads\/2022\/09\/2c7a441d-2654-42d1-b224-7376abd2a9b9.jpg'><img loading=\"lazy\" decoding=\"async\" width=\"300\" height=\"169\" src=\"https:\/\/www.radiopiu.net\/wordpress\/wp-content\/uploads\/2022\/09\/2c7a441d-2654-42d1-b224-7376abd2a9b9-300x169.jpg\" class=\"attachment-medium size-medium\" alt=\"\" srcset=\"https:\/\/www.radiopiu.net\/wordpress\/wp-content\/uploads\/2022\/09\/2c7a441d-2654-42d1-b224-7376abd2a9b9-300x169.jpg 300w, https:\/\/www.radiopiu.net\/wordpress\/wp-content\/uploads\/2022\/09\/2c7a441d-2654-42d1-b224-7376abd2a9b9-1024x576.jpg 1024w, https:\/\/www.radiopiu.net\/wordpress\/wp-content\/uploads\/2022\/09\/2c7a441d-2654-42d1-b224-7376abd2a9b9-768x432.jpg 768w, https:\/\/www.radiopiu.net\/wordpress\/wp-content\/uploads\/2022\/09\/2c7a441d-2654-42d1-b224-7376abd2a9b9-1536x864.jpg 1536w, https:\/\/www.radiopiu.net\/wordpress\/wp-content\/uploads\/2022\/09\/2c7a441d-2654-42d1-b224-7376abd2a9b9.jpg 1600w\" sizes=\"auto, (max-width: 300px) 100vw, 300px\" \/><\/a>\n\t\t\t\t<\/dt><\/dl><dl class='gallery-item'>\n\t\t\t\t<dt class='gallery-icon landscape'>\n\t\t\t\t\t<a class=\"rollover rollover-zoom dt-pswp-item\" title=\"07fc2764-14d6-4603-9474-d77aec31c290\" data-dt-img-description=\"\" data-large_image_width=\"1600\" data-large_image_height=\"1000\"href='https:\/\/www.radiopiu.net\/wordpress\/wp-content\/uploads\/2022\/09\/07fc2764-14d6-4603-9474-d77aec31c290.jpg'><img loading=\"lazy\" decoding=\"async\" width=\"300\" height=\"188\" src=\"https:\/\/www.radiopiu.net\/wordpress\/wp-content\/uploads\/2022\/09\/07fc2764-14d6-4603-9474-d77aec31c290-300x188.jpg\" class=\"attachment-medium size-medium\" alt=\"\" srcset=\"https:\/\/www.radiopiu.net\/wordpress\/wp-content\/uploads\/2022\/09\/07fc2764-14d6-4603-9474-d77aec31c290-300x188.jpg 300w, https:\/\/www.radiopiu.net\/wordpress\/wp-content\/uploads\/2022\/09\/07fc2764-14d6-4603-9474-d77aec31c290-1024x640.jpg 1024w, https:\/\/www.radiopiu.net\/wordpress\/wp-content\/uploads\/2022\/09\/07fc2764-14d6-4603-9474-d77aec31c290-768x480.jpg 768w, https:\/\/www.radiopiu.net\/wordpress\/wp-content\/uploads\/2022\/09\/07fc2764-14d6-4603-9474-d77aec31c290-1536x960.jpg 1536w, https:\/\/www.radiopiu.net\/wordpress\/wp-content\/uploads\/2022\/09\/07fc2764-14d6-4603-9474-d77aec31c290.jpg 1600w\" sizes=\"auto, (max-width: 300px) 100vw, 300px\" \/><\/a>\n\t\t\t\t<\/dt><\/dl><br style=\"clear: both\" \/>\n\t\t\t<\/div>\n\n<p>&nbsp;<\/p>\n<\/div>\n<\/div>\n<\/div>\n<\/div>\n<\/div>\n<\/div>\n<\/div>\n<\/div>\n<\/div>\n<\/div>\n<\/div>\n<\/div>\n<\/div>\n<\/div>\n<\/div>\n<\/div>\n<\/div>\n<\/div>\n<\/div>\n<\/div>\n<\/div>\n<\/div>\n<\/div>\n<\/div>\n<\/div>\n<\/div>\n<\/div>\n<\/div>\n<\/div>\n<\/div>\n<\/div>\n<\/div>\n<\/div>\n<\/div>\n<\/div>\n<\/div>\n<\/div>\n<\/div>\n<\/div>\n<\/div>\n<\/div>\n<\/div>\n<\/div>\n<\/div>\n<\/div>\n<\/div>\n<\/div>\n<\/div>\n<\/div>\n<\/div>\n<\/div>\n<\/div>\n<\/div>\n<\/div>\n<\/div>\n<\/div>\n<\/div>\n<\/div>\n<\/div>\n<\/div>\n<\/div>\n<\/div>\n<\/div>\n<\/div>\n<\/div>\n<\/div>\n<\/div>\n<\/div>\n<\/div>\n<\/div>\n<\/div>\n<\/div>\n<\/div>\n<\/div>\n<\/div>\n<\/div>\n<\/div>\n<\/div>\n<\/div>\n<\/div>\n<\/div>\n<\/div>\n<\/div>\n<\/div>\n<\/div>\n<\/div>\n<\/div>\n<\/div>\n<\/div>\n<\/div>\n<\/div>\n<\/div>\n<\/div>\n<\/div>\n<\/div>\n<\/div>\n<\/div>\n<\/div>\n<\/div>\n<\/div>\n<\/div>\n<\/div>\n<\/div>\n","protected":false},"excerpt":{"rendered":"<p>RADIO PIU INFORMAZIONE il canale su TELEGRAM informazione di prima\u00a0\u00a0mano e in tempo reale. iscriviti ed aiutaci a farlo conoscere\u00a0\u00a0 &nbsp; &nbsp; &nbsp; ACQUA\u00a0 POTABILE \u00e8\u00a0 di nuovo potabile e pu\u00f2 essere usata per scopi alimentari\u00a0 TAIBON\u00a0 nelle localit\u00e0 RONCH DE BOS e NOGAROLA VALLADA localit\u00e0\u00a0 ANDRICH, SACCHET, TOFFOL, CELAT e MAS .FALCADE\u00a0 FALCADE ALTO,&hellip;<\/p>\n","protected":false},"author":4,"featured_media":296818,"comment_status":"closed","ping_status":"closed","sticky":false,"template":"","format":"standard","meta":{"_monsterinsights_skip_tracking":false,"_monsterinsights_sitenote_active":false,"_monsterinsights_sitenote_note":"","_monsterinsights_sitenote_category":0,"footnotes":""},"categories":[86,49],"tags":[],"class_list":["post-296579","post","type-post","status-publish","format-standard","has-post-thumbnail","hentry","category-gr","category-news-18","category-86","category-49","description-off"],"img_url":"https:\/\/www.radiopiu.net\/wordpress\/wp-content\/uploads\/2022\/09\/faf34d0a-562f-47e7-b733-c38717ee00ee.jpg","_links":{"self":[{"href":"https:\/\/www.radiopiu.net\/wordpress\/wp-json\/wp\/v2\/posts\/296579","targetHints":{"allow":["GET"]}}],"collection":[{"href":"https:\/\/www.radiopiu.net\/wordpress\/wp-json\/wp\/v2\/posts"}],"about":[{"href":"https:\/\/www.radiopiu.net\/wordpress\/wp-json\/wp\/v2\/types\/post"}],"author":[{"embeddable":true,"href":"https:\/\/www.radiopiu.net\/wordpress\/wp-json\/wp\/v2\/users\/4"}],"replies":[{"embeddable":true,"href":"https:\/\/www.radiopiu.net\/wordpress\/wp-json\/wp\/v2\/comments?post=296579"}],"version-history":[{"count":0,"href":"https:\/\/www.radiopiu.net\/wordpress\/wp-json\/wp\/v2\/posts\/296579\/revisions"}],"wp:featuredmedia":[{"embeddable":true,"href":"https:\/\/www.radiopiu.net\/wordpress\/wp-json\/wp\/v2\/media\/296818"}],"wp:attachment":[{"href":"https:\/\/www.radiopiu.net\/wordpress\/wp-json\/wp\/v2\/media?parent=296579"}],"wp:term":[{"taxonomy":"category","embeddable":true,"href":"https:\/\/www.radiopiu.net\/wordpress\/wp-json\/wp\/v2\/categories?post=296579"},{"taxonomy":"post_tag","embeddable":true,"href":"https:\/\/www.radiopiu.net\/wordpress\/wp-json\/wp\/v2\/tags?post=296579"}],"curies":[{"name":"wp","href":"https:\/\/api.w.org\/{rel}","templated":true}]}}