{"id":296674,"date":"2022-09-11T10:17:15","date_gmt":"2022-09-11T08:17:15","guid":{"rendered":"https:\/\/www.radiopiu.net\/wordpress\/?p=296674"},"modified":"2022-09-11T10:17:50","modified_gmt":"2022-09-11T08:17:50","slug":"falcade-ricorda-chi-e-stato-dimenticato-i-civili-inermi-morti-nel-1944-e-1945","status":"publish","type":"post","link":"https:\/\/www.radiopiu.net\/wordpress\/falcade-ricorda-chi-e-stato-dimenticato-i-civili-inermi-morti-nel-1944-e-1945\/","title":{"rendered":"FALCADE RICORDA CHI E&#8217; STATO DIMENTICATO, I CIVILI INERMI MORTI NEL 1944 E 1945"},"content":{"rendered":"<p><strong><a class=\"dt-pswp-item\" href=\"https:\/\/www.radiopiu.net\/wordpress\/wp-content\/uploads\/2022\/09\/f8401e92-d1bd-457c-9e2f-d60715512ba2.jpg\" data-dt-img-description=\"\" data-large_image_width=\"1600\" data-large_image_height=\"1200\"><img loading=\"lazy\" decoding=\"async\" class=\"size-thumbnail wp-image-296676 alignleft\" src=\"https:\/\/www.radiopiu.net\/wordpress\/wp-content\/uploads\/2022\/09\/f8401e92-d1bd-457c-9e2f-d60715512ba2-150x150.jpg\" alt=\"\" width=\"150\" height=\"150\" \/><\/a>FALCADE<\/strong> Si \u00e8 svolta ieri a Falcade la giornata dedicata alla memoria delle vittime civili del 1944 e 1945. Alla memoria di chi \u00e8 stato dimenticato: l&#8217;ingiusto prezzo di una guerra non finisce con la distruzione da parte dei tedeschi dei paesi della Valle del Biois, ovvero degli appartenenti al \u201cBattaglion Bozen\u201d composto principalmente da militari provenienti da paesi oggi italiani. Il tempo allevia il dolore e guarisce le ferite, ma \u00e8 opportuno non dimenticare perch\u00e9 le generazioni future non debbano subire mai pi\u00f9 tali violenze ma possano vivere nella pace e nella concordia. Le vittime di queste atrocit\u00e0 sono state ricordate dall&#8217;amministrazione comunale di Falcade capitanata dal sindaco Mauro Salvaterra con una messa nella chiesa parrocchiale di Falcade e la deposizione di una corona d&#8217;alloro sulla lapide commemorativa posta nel cimitero del paese.<\/p>\n<p>&nbsp;<\/p>\n<p>&nbsp;<\/p>\n<p>&nbsp;<\/p>\n<p>******<\/p>\n","protected":false},"excerpt":{"rendered":"<p>FALCADE Si \u00e8 svolta ieri a Falcade la giornata dedicata alla memoria delle vittime civili del 1944 e 1945. Alla memoria di chi \u00e8 stato dimenticato: l&#8217;ingiusto prezzo di una guerra non finisce con la distruzione da parte dei tedeschi dei paesi della Valle del Biois, ovvero degli appartenenti al \u201cBattaglion Bozen\u201d composto principalmente da&hellip;<\/p>\n","protected":false},"author":4,"featured_media":296676,"comment_status":"closed","ping_status":"closed","sticky":false,"template":"","format":"standard","meta":{"_monsterinsights_skip_tracking":false,"_monsterinsights_sitenote_active":false,"_monsterinsights_sitenote_note":"","_monsterinsights_sitenote_category":0,"footnotes":""},"categories":[49],"tags":[],"class_list":["post-296674","post","type-post","status-publish","format-standard","has-post-thumbnail","hentry","category-news-18","category-49","description-off"],"img_url":"https:\/\/www.radiopiu.net\/wordpress\/wp-content\/uploads\/2022\/09\/f8401e92-d1bd-457c-9e2f-d60715512ba2.jpg","_links":{"self":[{"href":"https:\/\/www.radiopiu.net\/wordpress\/wp-json\/wp\/v2\/posts\/296674","targetHints":{"allow":["GET"]}}],"collection":[{"href":"https:\/\/www.radiopiu.net\/wordpress\/wp-json\/wp\/v2\/posts"}],"about":[{"href":"https:\/\/www.radiopiu.net\/wordpress\/wp-json\/wp\/v2\/types\/post"}],"author":[{"embeddable":true,"href":"https:\/\/www.radiopiu.net\/wordpress\/wp-json\/wp\/v2\/users\/4"}],"replies":[{"embeddable":true,"href":"https:\/\/www.radiopiu.net\/wordpress\/wp-json\/wp\/v2\/comments?post=296674"}],"version-history":[{"count":0,"href":"https:\/\/www.radiopiu.net\/wordpress\/wp-json\/wp\/v2\/posts\/296674\/revisions"}],"wp:featuredmedia":[{"embeddable":true,"href":"https:\/\/www.radiopiu.net\/wordpress\/wp-json\/wp\/v2\/media\/296676"}],"wp:attachment":[{"href":"https:\/\/www.radiopiu.net\/wordpress\/wp-json\/wp\/v2\/media?parent=296674"}],"wp:term":[{"taxonomy":"category","embeddable":true,"href":"https:\/\/www.radiopiu.net\/wordpress\/wp-json\/wp\/v2\/categories?post=296674"},{"taxonomy":"post_tag","embeddable":true,"href":"https:\/\/www.radiopiu.net\/wordpress\/wp-json\/wp\/v2\/tags?post=296674"}],"curies":[{"name":"wp","href":"https:\/\/api.w.org\/{rel}","templated":true}]}}