{"id":296877,"date":"2022-09-12T23:59:43","date_gmt":"2022-09-12T21:59:43","guid":{"rendered":"https:\/\/www.radiopiu.net\/wordpress\/?p=296877"},"modified":"2022-09-13T05:48:57","modified_gmt":"2022-09-13T03:48:57","slug":"sabato-la-presentazione-ufficiale-dellagordina-calcio","status":"publish","type":"post","link":"https:\/\/www.radiopiu.net\/wordpress\/sabato-la-presentazione-ufficiale-dellagordina-calcio\/","title":{"rendered":"SABATO LA PRESENTAZIONE UFFICIALE DELL&#8217;AGORDINA CALCIO"},"content":{"rendered":"<p><strong><a class=\"dt-pswp-item\" href=\"https:\/\/www.radiopiu.net\/wordpress\/wp-content\/uploads\/2019\/09\/AGORDINA-CALCIO.jpeg\" data-dt-img-description=\"\" data-large_image_width=\"225\" data-large_image_height=\"225\"><img loading=\"lazy\" decoding=\"async\" class=\"size-thumbnail wp-image-97575 alignleft\" src=\"https:\/\/www.radiopiu.net\/wordpress\/wp-content\/uploads\/2019\/09\/AGORDINA-CALCIO-150x150.jpeg\" alt=\"\" width=\"150\" height=\"150\" srcset=\"https:\/\/www.radiopiu.net\/wordpress\/wp-content\/uploads\/2019\/09\/AGORDINA-CALCIO-150x150.jpeg 150w, https:\/\/www.radiopiu.net\/wordpress\/wp-content\/uploads\/2019\/09\/AGORDINA-CALCIO.jpeg 225w\" sizes=\"auto, (max-width: 150px) 100vw, 150px\" \/><\/a>AGORDO<\/strong> Finita l&#8217;avventura in Coppa Veneto, per l&#8217;Agordina \u00e8 ora di pensare ai vari campionati in cui \u00e8 iscritta. La squadra del Presidente Cosmo Forcella \u00e8 pronta per presentarsi alla cittadinanza e lo far\u00e0 sabato pomeriggio all&#8217;Ivano Dorigo di Agordo alle 16. Un folto gruppo di atleti, dai pi\u00f9 piccoli ai pi\u00f9 grandi, avranno modo di farsi conoscere alla gente che arriver\u00e0 allo stadio di Agordo. Sono tante le categorie in cui la compagine agordina \u00e8 iscritta. Si partir\u00e0 dalla scuola calcio con piccoli amici, primi calci e pulcini. Per poi passare alle categorie della FIGC. Dagli Esordienti, passando per Allievi e Juniores e terminare con la prima squadra iscritta al campionato di Seconda Categoria. Un pomeriggio di festa prima di iniziare la stagione vera e proprio che vedr\u00e0 scendere in campo la prima squadra domenica in trasferta contro l&#8217;Alpes Cesio.<\/p>\n<p>&nbsp;<\/p>\n<p>&nbsp;<\/p>\n<p>&nbsp;<\/p>\n<p>******<\/p>\n","protected":false},"excerpt":{"rendered":"<p>AGORDO Finita l&#8217;avventura in Coppa Veneto, per l&#8217;Agordina \u00e8 ora di pensare ai vari campionati in cui \u00e8 iscritta. La squadra del Presidente Cosmo Forcella \u00e8 pronta per presentarsi alla cittadinanza e lo far\u00e0 sabato pomeriggio all&#8217;Ivano Dorigo di Agordo alle 16. Un folto gruppo di atleti, dai pi\u00f9 piccoli ai pi\u00f9 grandi, avranno modo&hellip;<\/p>\n","protected":false},"author":4,"featured_media":97575,"comment_status":"closed","ping_status":"closed","sticky":false,"template":"","format":"standard","meta":{"_monsterinsights_skip_tracking":false,"_monsterinsights_sitenote_active":false,"_monsterinsights_sitenote_note":"","_monsterinsights_sitenote_category":0,"footnotes":""},"categories":[104,49],"tags":[],"class_list":["post-296877","post","type-post","status-publish","format-standard","has-post-thumbnail","hentry","category-evidenza_3","category-news-18","category-104","category-49","description-off"],"img_url":"https:\/\/www.radiopiu.net\/wordpress\/wp-content\/uploads\/2019\/09\/AGORDINA-CALCIO.jpeg","_links":{"self":[{"href":"https:\/\/www.radiopiu.net\/wordpress\/wp-json\/wp\/v2\/posts\/296877","targetHints":{"allow":["GET"]}}],"collection":[{"href":"https:\/\/www.radiopiu.net\/wordpress\/wp-json\/wp\/v2\/posts"}],"about":[{"href":"https:\/\/www.radiopiu.net\/wordpress\/wp-json\/wp\/v2\/types\/post"}],"author":[{"embeddable":true,"href":"https:\/\/www.radiopiu.net\/wordpress\/wp-json\/wp\/v2\/users\/4"}],"replies":[{"embeddable":true,"href":"https:\/\/www.radiopiu.net\/wordpress\/wp-json\/wp\/v2\/comments?post=296877"}],"version-history":[{"count":0,"href":"https:\/\/www.radiopiu.net\/wordpress\/wp-json\/wp\/v2\/posts\/296877\/revisions"}],"wp:featuredmedia":[{"embeddable":true,"href":"https:\/\/www.radiopiu.net\/wordpress\/wp-json\/wp\/v2\/media\/97575"}],"wp:attachment":[{"href":"https:\/\/www.radiopiu.net\/wordpress\/wp-json\/wp\/v2\/media?parent=296877"}],"wp:term":[{"taxonomy":"category","embeddable":true,"href":"https:\/\/www.radiopiu.net\/wordpress\/wp-json\/wp\/v2\/categories?post=296877"},{"taxonomy":"post_tag","embeddable":true,"href":"https:\/\/www.radiopiu.net\/wordpress\/wp-json\/wp\/v2\/tags?post=296877"}],"curies":[{"name":"wp","href":"https:\/\/api.w.org\/{rel}","templated":true}]}}