{"id":297034,"date":"2022-09-14T05:39:54","date_gmt":"2022-09-14T03:39:54","guid":{"rendered":"https:\/\/www.radiopiu.net\/wordpress\/?p=297034"},"modified":"2022-09-14T08:47:08","modified_gmt":"2022-09-14T06:47:08","slug":"giornale-radiopiu-14-settembre-2022-direttore-mirko-mezzacasa","status":"publish","type":"post","link":"https:\/\/www.radiopiu.net\/wordpress\/giornale-radiopiu-14-settembre-2022-direttore-mirko-mezzacasa\/","title":{"rendered":"GIORNALE RADIOPIU 14 SETTEMBRE 2022 DIRETTORE MIRKO MEZZACASA"},"content":{"rendered":"<h3 class=\"kvgmc6g5 cxmmr5t8 oygrvhab hcukyx3x c1et5uql\"><span style=\"color: #0000ff;\"><strong>RADIO PIU INFORMAZIONE il canale su TELEGRAM informazione di prima\u00a0\u00a0<\/strong><strong>mano e in tempo reale. iscriviti ed aiutaci a farlo conoscere<\/strong><\/span><\/h3>\n<p>&nbsp;<\/p>\n<hr \/>\n<p>&nbsp;<\/p>\n<blockquote>\n<h3>NEI GIORNI 15 E 22 SETTEMBRE BREVI INTERRUZIONI SULLA SR 203 AGORDINA<\/h3>\n<\/blockquote>\n<p><strong><a class=\"dt-pswp-item\" href=\"https:\/\/www.radiopiu.net\/wordpress\/wp-content\/uploads\/2020\/05\/VENETO-STRADE.png\" data-dt-img-description=\"\" data-large_image_width=\"400\" data-large_image_height=\"400\"><img loading=\"lazy\" decoding=\"async\" class=\"size-thumbnail wp-image-135574 alignleft\" src=\"https:\/\/www.radiopiu.net\/wordpress\/wp-content\/uploads\/2020\/05\/VENETO-STRADE-150x150.png\" alt=\"\" width=\"150\" height=\"150\" srcset=\"https:\/\/www.radiopiu.net\/wordpress\/wp-content\/uploads\/2020\/05\/VENETO-STRADE-150x150.png 150w, https:\/\/www.radiopiu.net\/wordpress\/wp-content\/uploads\/2020\/05\/VENETO-STRADE-300x300.png 300w, https:\/\/www.radiopiu.net\/wordpress\/wp-content\/uploads\/2020\/05\/VENETO-STRADE.png 400w\" sizes=\"auto, (max-width: 150px) 100vw, 150px\" \/><\/a> <\/strong><\/p>\n<p><strong>\u00a0<\/strong><\/p>\n<p><strong>SEDICO<\/strong> Veneto Strade comunica che nelle giornate del 15 e 22 settembre la SR 203 Agordina sar\u00e0 interessata da brevi interruzioni della durata di 5 minuti per consentire la rimozione di pali ENEL. Le interruzioni saranno gestite da movieri e gli orari interessato sono dalle 8 alle 13:30 e dalle 14:30 alle 17. In Comune di Sedico tra La Stanga e Peron<\/p>\n<p>&nbsp;<\/p>\n<p>&nbsp;<\/p>\n<p>&nbsp;<\/p>\n<hr \/>\n<p>&nbsp;<\/p>\n<blockquote>\n<h3><a class=\"dt-pswp-item\" href=\"https:\/\/www.radiopiu.net\/wordpress\/wp-content\/uploads\/2022\/05\/acqua.jpg\" data-dt-img-description=\"\" data-large_image_width=\"1920\" data-large_image_height=\"1275\"><img loading=\"lazy\" decoding=\"async\" class=\" wp-image-274889 alignleft\" src=\"https:\/\/www.radiopiu.net\/wordpress\/wp-content\/uploads\/2022\/05\/acqua-150x150.jpg\" alt=\"\" width=\"97\" height=\"97\" \/><\/a>ACQUA\u00a0 POTABILE<\/h3>\n<h3><em>\u00e8\u00a0 di nuovo potabile e pu\u00f2 essere usata per scopi alimentari\u00a0<\/em><\/h3>\n<\/blockquote>\n<p><strong>TAIBON<\/strong>\u00a0 nelle localit<span style=\"color: #ff0000;\">\u00e0 RONCH DE BOS e NOGAROLA<\/span> <b>VALLADA<\/b> <span style=\"color: #ff0000;\">localit\u00e0\u00a0 ANDRICH, SACCHET, TOFFOL<\/span>,<span style=\"color: #ff0000;\"> CELAT e MAS<\/span> .<strong>FALCADE<\/strong>\u00a0 <span style=\"color: #ff0000;\">FALCADE ALTO, VILLOTTA, LA FOCA ed in via MAS DE LE MOLE.<\/span><\/p>\n<p>ACQUA ANCORA INQUINATA, SI POTRA&#8217; USARE PER SCOPI ALIMENTARI PREVIA BOLLITURA A <strong>CENCENIGHE<\/strong> in localit\u00e0 <span style=\"color: #ff0000;\">COLLAZ\u00a0<\/span><\/p>\n<p>ACQUA INQUINATA\u00a0 A GOSALDO<span style=\"color: #ff0000;\"> LE FOCHE, LAMBROI, DENEORE, MAGAIT, REN, SELLE, COL TAMAI, BITTI, GIARDOI E PETTUINE\u00a0<span style=\"color: #000000;\">verr\u00e0 effettuato il servizio sostitutivo con cisterne presso le localit\u00e0 Foche e Lambroi.<\/span><\/span><\/p>\n<p>&nbsp;<\/p>\n<hr \/>\n<p>&nbsp;<\/p>\n<blockquote>\n<h3>DONNA AL PRONTO SOCCORSO, SEQUESTRATA E PICCHIATA DA UN UOMO ORA IN CARCERE<\/h3>\n<\/blockquote>\n<p><strong>FELTRE<\/strong> Una donna non solo \u00e8 stata segregata in casa. I carabinieri di Feltre hanno arrestato un\u00a0 23enne di origine maghrebina\u00a0 residente nella Marca ora in carcere a\u00a0 Baldenich. Le ipotesi di reato: sequestro di persona e percosse, inoltre l&#8217;uomo per entrare in casa ha scassinato e abbattuto la porta d&#8217;ingresso. La donna \u00e8 una 35enne di Belluno, che per\u00f2 tra sabato e domenica si trovava a Feltre. L&#8217;uomo ha sequestrato la donna, impedendole di andarsene. L&#8217;avrebbe malmenata e privata del telefonino.<\/p>\n<p>&nbsp;<\/p>\n<p>&nbsp;<\/p>\n<div class=\"page\" title=\"Page 1\">\n<hr \/>\n<blockquote>\n<h3>MALORE PER UN&#8217;ESCURSIONISTA AL RIFUGIO MULAZ, LO SALVA IL GESTORE<\/h3>\n<\/blockquote>\n<p class=\"layoutArea\"><strong>ROCCA PIETORE<\/strong> Ieri passate le 16 il Soccorso alpino della Val Pettorina \u00e8 intervenuto all&#8217;altezza di Malga Ombretta, per un escursionista 64enne sfinito dalla stanchezza. Raggiunto in quad, l&#8217;uomo \u00e8 stato trasportato a Malga Ciapela.<\/p>\n<p class=\"layoutArea\"><strong>FALCADE <\/strong>Verso le 16.30 l&#8217;elicottero del Suem di Pieve di Cadore \u00e8 invece volato al Rifugio Mulaz per una turista tedesca di 61 anni, che a seguito di un malore si era accasciata a terra all&#8217;improvviso dentro la struttura. Il gestore ha subito iniziato le manovre di rianimazione, utilizzando anche il defibrillatore, finch\u00e9 la donna si \u00e8 ripresa. Affidata all&#8217;equipe medica e caricata a bordo, l&#8217;escursionista \u00e8 stata trasportata all&#8217;ospedale di Belluno.<\/p>\n<p class=\"layoutArea\"><strong>CORTINA <\/strong>L&#8217;elicottero \u00e8 poi stato inviato sulla forcella tra Tofana di Dentro e Tofana di Mezzo per una persona incapace di proseguire. Il 40enne tedesco \u00e8 stato recuperato con 20 metri di verricello e portato a Pieve di Cadore.<\/p>\n<p>&nbsp;<\/p>\n<hr \/>\n<p>&nbsp;<\/p>\n<\/div>\n<blockquote>\n<h3>UNDICI ARRESTI E 184 DENUNCIATI, IL RISULTATO DEI CONTROLLI DELLA POLIZIA FERROVIARIA DEL VENETO<\/h3>\n<\/blockquote>\n<p><strong><a class=\"dt-pswp-item\" href=\"https:\/\/www.radiopiu.net\/wordpress\/wp-content\/uploads\/2018\/12\/Polfer-Belluno-6.png\" data-dt-img-description=\"\" data-large_image_width=\"301\" data-large_image_height=\"167\"><img loading=\"lazy\" decoding=\"async\" class=\"size-thumbnail wp-image-69691 alignleft\" src=\"https:\/\/www.radiopiu.net\/wordpress\/wp-content\/uploads\/2018\/12\/Polfer-Belluno-6-150x150.png\" alt=\"\" width=\"150\" height=\"150\" \/><\/a>VENEZIA <\/strong>11 arrestati e 184 denunciati\u00a0 all\u2019Autorit\u00e0 Giudiziaria\u00a0 per reati contro il patrimonio e in materia di stupefacenti, rifiuto di generalit\u00e0 o false attestazioni, resistenza a pubblico ufficiale, inosservanza della normativa che regola la permanenza degli stranieri sul territorio nazionale e inottemperanza al divieto di ritorno nel Comune; 25.349 identificati: \u00e8 questo il bilancio dell\u2019attivit\u00e0 svolta dal personale del Compartimento Polizia Ferroviaria per il Veneto, nelle principali stazioni ferroviarie e a bordo dei treni,\u00a0\u00a0 dall\u2019inizio del mese di giugno alla prima decade di settembre. Durante il periodo estivo, i servizi per la prevenzione e la repressione dei reati in ambito ferroviario sono stati intensificati in relazione all\u2019aumentato flusso di viaggiatori: 2.850 le pattuglie\u00a0 impegnate in stazione e a bordo dei convogli, 122 i servizi specifici antiborseggio, 190 i servizi di pattugliamento lungo le principali linee al fine di prevenire i danneggiamenti alle strutture ferroviarie e compromettere la sicurezza e la regolarit\u00e0 del trasporto e 134 i treni presenziati, anche in tratte a lunga percorrenza. Nel periodo in questione,\u00a0 si evidenzia, in particolare, l\u2019attivit\u00e0 svolta dalla Squadra di Polizia Giudiziaria Compartimentale, impiegata in abiti civili nei servizi antiborseggio: nello scalo di Mestre e in quello di Venezia gli operatori hanno indagato 16 persone, colte in flagranza di furto aggravato ai danni di turisti e viaggiatori; una di loro \u00e8 stata successivamente arrestata, in quanto, a seguito degli accertamenti, \u00e8 risultata destinataria di\u00a0 un ordine di carcerazione, emesso dalla Procura della Repubblica presso il Tribunale di Roma, dovendo espiare la pena di\u00a0 5 anni, 11 mesi e 15 giorni per la commissione di vari reati contro il patrimonio. Gli stessi operatori della Squadra di Polizia Giudiziaria, in momenti diversi, a seguito di accurata attivit\u00e0 di indagine hanno anche individuato e indagato in stato di libert\u00e0 altre 11 persone per i reati di rapina, furto aggravato e false attestazioni sull\u2019identit\u00e0 personale, commessi in precedenza. Oltre ai consueti controlli, da giugno alla prima decade di settembre, la Polfer \u00e8 stata anche impegnata in giornate di controlli straordinari, disposte dal Servizio Polizia ferroviaria su tutto il territorio nazionale:\u00a0 4 operazioni \u201cOro Rosso\u201d (mirate al contrasto del fenomeno dei furti di rame in ambito ferroviario),\u00a0 4\u201cRail Safe Day\u201d (finalizzate ad individuare e contrastare comportamenti scorretti che pregiudicano la sicurezza della circolazione dei treni e degli utenti) e 3 \u201cStazioni Sicure\u201d (mirate ad incrementare il livello di sicurezza negli scali con controlli straordinari per incrementare il livello di sicurezza nelle stazioni). Nel mese di giugno, inoltre, \u00e8 stata svolta l\u2019operazione \u201cRail Action Day\u201d, finalizzata alla prevenzione ed al contrasto dei fenomeni criminosi maggiormente ricorrenti in ambito ferroviario a cui partecipano, nell\u2019ambito dell\u2019Associazione Railpol, le Polizie ferroviarie e dei trasporti dei maggiori Paesi europei, per condurre un\u2019azione coordinata a livello internazionale che garantisca la sicurezza del trasporto ferroviario. Numerosi, infine, i DASPO Urbano, in particolare a cura degli operatori della Sezione Polizia Ferroviaria di Padova e della Sezione di Mestre, che hanno applicato 45 provvedimenti di allontanamento nei confronti di soggetti senza fissa dimora, alcuni dei quali sanzionati anche per ubriachezza molesta e per atti contrari al pubblico decoro.<\/p>\n<p>&nbsp;<\/p>\n<hr \/>\n<p>&nbsp;<\/p>\n<blockquote>\n<h2>INVESTIMENTO DI SAVINER, RIFIUTA L&#8217;ALCOOLTEST, PATENTE SOSPESA<\/h2>\n<\/blockquote>\n<p><strong>ROCCA PIETORE<\/strong>\u00a0 Turista e postina di Rocca Pietore stanno meglio. Il loro investitore \u00e8 in una comunit\u00e0. Lo scorso 26 agosto G.G. era stato individuato dai carabinieri, poche ore dopo il doppio investimento sulla 203 Agordina, dai carabinieri di Caprile. Il 58enne del posto sarebbe in questo momento ospite di una non meglio identificata comunit\u00e0 e lo aspetta un capo d&#8217;imputazione molto pesante: alle scontate contestazioni di lesioni stradali, fuga dopo incidente e omissione di soccorso, si \u00e8 aggiunta quella di rifiuto di sottoporsi all&#8217;esame dell&#8217;alcotest. Patente sospesa.<\/p>\n<p>&nbsp;<\/p>\n<p>&nbsp;<\/p>\n<hr \/>\n<p>&nbsp;<\/p>\n<blockquote>\n<h3>POLITRAUMA PER L&#8217;UOMO INVESTITO L&#8217;ALTRA SERA A FELTRE<\/h3>\n<\/blockquote>\n<p><strong>FELTRE<\/strong>\u00a0 \u00a0L&#8217;uomo travolto da una Toyota, mente stava attraversando la strada \u00e8 ricoverato all&#8217;ospedale Santa Maria del Prato di Feltre, ma non sarebbe in pericolo di vita. L&#8217;automobilista stava procedendo proprio in direzione della farmacia, quando si \u00e8 trovato davanti il pedone intento ad attraversare sulle o vicino alle strisce e non \u00e8 riuscito a evitarlo.<\/p>\n<p>&nbsp;<\/p>\n<p>&nbsp;<\/p>\n<hr \/>\n<p>&nbsp;<\/p>\n<blockquote>\n<h3>CONTRO LA RECINZIONE A TRICHIANA, FERITA LA CONDUCENTE<\/h3>\n<\/blockquote>\n<p><strong>TRICHIANA<\/strong>\u00a0 Nel pomeriggio i vigili del fuoco sono intervenuti lungo la SP1 in Via Ponte Ardo a Trichiana per un\u2019auto finita contro una ringhiera che delimita il cortile di un\u2019abitazione: ferita la conducente. I pompieri hanno messo in sicurezza l\u2019auto, mentre la conducente, M.G. 66enne di Lentiai \u00e8 stata presa in cura dal personale del SUEM per essere trasferita in ospedale con un codice di media gravit\u00e0. Sul posto le forze dell\u2019ordine per ricostruire la dinamica del sinistro. Le operazioni di soccorso dei vigili del fuoco sono terminate alle 16<\/p>\n\n\t\t\t<style type='text\/css'>\n\t\t\t\t#gallery-1 {\n\t\t\t\t\tmargin: auto;\n\t\t\t\t}\n\t\t\t\t#gallery-1 .gallery-item {\n\t\t\t\t\tfloat: left;\n\t\t\t\t\tmargin-top: 10px;\n\t\t\t\t\ttext-align: center;\n\t\t\t\t\twidth: 50%;\n\t\t\t\t}\n\t\t\t\t#gallery-1 img {\n\t\t\t\t\tborder: 2px solid #cfcfcf;\n\t\t\t\t}\n\t\t\t\t#gallery-1 .gallery-caption {\n\t\t\t\t\tmargin-left: 0;\n\t\t\t\t}\n\t\t\t\t\/* see gallery_shortcode() in wp-includes\/media.php *\/\n\t\t\t<\/style>\n\t\t<div id='gallery-1' class='dt-gallery-container gallery galleryid-297034 gallery-columns-2 gallery-size-full'><dl class='gallery-item'>\n\t\t\t\t<dt class='gallery-icon landscape'>\n\t\t\t\t\t<a class=\"rollover rollover-zoom dt-pswp-item\" title=\"32aa02d0-7f4c-4666-830f-911ef6b3a166\" data-dt-img-description=\"\" data-large_image_width=\"1280\" data-large_image_height=\"720\"href='https:\/\/www.radiopiu.net\/wordpress\/wp-content\/uploads\/2022\/09\/32aa02d0-7f4c-4666-830f-911ef6b3a166.jpg'><img loading=\"lazy\" decoding=\"async\" width=\"1280\" height=\"720\" src=\"https:\/\/www.radiopiu.net\/wordpress\/wp-content\/uploads\/2022\/09\/32aa02d0-7f4c-4666-830f-911ef6b3a166.jpg\" class=\"attachment-full size-full\" alt=\"\" srcset=\"https:\/\/www.radiopiu.net\/wordpress\/wp-content\/uploads\/2022\/09\/32aa02d0-7f4c-4666-830f-911ef6b3a166.jpg 1280w, https:\/\/www.radiopiu.net\/wordpress\/wp-content\/uploads\/2022\/09\/32aa02d0-7f4c-4666-830f-911ef6b3a166-300x169.jpg 300w, https:\/\/www.radiopiu.net\/wordpress\/wp-content\/uploads\/2022\/09\/32aa02d0-7f4c-4666-830f-911ef6b3a166-1024x576.jpg 1024w, https:\/\/www.radiopiu.net\/wordpress\/wp-content\/uploads\/2022\/09\/32aa02d0-7f4c-4666-830f-911ef6b3a166-768x432.jpg 768w\" sizes=\"auto, (max-width: 1280px) 100vw, 1280px\" \/><\/a>\n\t\t\t\t<\/dt><\/dl><dl class='gallery-item'>\n\t\t\t\t<dt class='gallery-icon landscape'>\n\t\t\t\t\t<a class=\"rollover rollover-zoom dt-pswp-item\" title=\"6d9e21a7-400c-424b-86a6-ccb88c8cd34d\" data-dt-img-description=\"\" data-large_image_width=\"1280\" data-large_image_height=\"720\"href='https:\/\/www.radiopiu.net\/wordpress\/wp-content\/uploads\/2022\/09\/6d9e21a7-400c-424b-86a6-ccb88c8cd34d.jpg'><img loading=\"lazy\" decoding=\"async\" width=\"1280\" height=\"720\" src=\"https:\/\/www.radiopiu.net\/wordpress\/wp-content\/uploads\/2022\/09\/6d9e21a7-400c-424b-86a6-ccb88c8cd34d.jpg\" class=\"attachment-full size-full\" alt=\"\" srcset=\"https:\/\/www.radiopiu.net\/wordpress\/wp-content\/uploads\/2022\/09\/6d9e21a7-400c-424b-86a6-ccb88c8cd34d.jpg 1280w, https:\/\/www.radiopiu.net\/wordpress\/wp-content\/uploads\/2022\/09\/6d9e21a7-400c-424b-86a6-ccb88c8cd34d-300x169.jpg 300w, https:\/\/www.radiopiu.net\/wordpress\/wp-content\/uploads\/2022\/09\/6d9e21a7-400c-424b-86a6-ccb88c8cd34d-1024x576.jpg 1024w, https:\/\/www.radiopiu.net\/wordpress\/wp-content\/uploads\/2022\/09\/6d9e21a7-400c-424b-86a6-ccb88c8cd34d-768x432.jpg 768w\" sizes=\"auto, (max-width: 1280px) 100vw, 1280px\" \/><\/a>\n\t\t\t\t<\/dt><\/dl><br style=\"clear: both\" \/>\n\t\t\t<\/div>\n\n<p>&nbsp;<\/p>\n<hr \/>\n<p>&nbsp;<\/p>\n<blockquote>\n<h3><a class=\"dt-pswp-item\" href=\"https:\/\/www.radiopiu.net\/wordpress\/wp-content\/uploads\/2022\/09\/301471044_5675915519106183_3100755522730379857_n.jpg\" data-dt-img-description=\"\" data-large_image_width=\"512\" data-large_image_height=\"640\"><img loading=\"lazy\" decoding=\"async\" class=\" wp-image-297173 alignleft\" src=\"https:\/\/www.radiopiu.net\/wordpress\/wp-content\/uploads\/2022\/09\/301471044_5675915519106183_3100755522730379857_n-150x150.jpg\" alt=\"\" width=\"143\" height=\"143\" \/><\/a>LUTTO A CORTINA, E&#8217; MORTO GEPI IL CAMPIONE DEL PASSATO<\/h3>\n<\/blockquote>\n<p><strong>CORTINA<\/strong> E&#8217; morto Giuseppe Lorenzi &#8220;Gepi&#8221;, 81 anni. Con il Cortina Hockey ha conquistato 12 scudetti l&#8217;ultimo\u00a0 nel 1975.\u00a0 Nella nazionale italiana, ha giocato i Campionati del mondo a Vienna e a Lubiana.<\/p>\n<div class=\"l7ghb35v kjdc1dyq kmwttqpk gh25dzvf jikcssrz n3t5jt4f\">\n<div dir=\"auto\"><\/div>\n<div dir=\"auto\"><\/div>\n<div dir=\"auto\"><\/div>\n<div dir=\"auto\"><\/div>\n<\/div>\n<hr \/>\n<p>&nbsp;<\/p>\n<p>&nbsp;<\/p>\n<blockquote>\n<h1><strong>LA SOPRINTENDENZA: IL MONUMENTO AI CADUTI NON SI SPOSTA<\/strong><\/h1>\n<\/blockquote>\n<h3><img loading=\"lazy\" decoding=\"async\" class=\"alignleft\" src=\"https:\/\/www.radiopiu.net\/wordpress\/wp-content\/uploads\/2022\/09\/0a0a8c05-ed3f-4c7c-b1e4-62fa6b93e698.jpg\" width=\"234\" height=\"132\" \/>AGORDO<\/h3>\n<p><strong>DI GIANNI SANTOMASO<\/strong><\/p>\n<p>&nbsp;<\/p>\n<audio class=\"wp-audio-shortcode\" id=\"audio-297034-1\" preload=\"none\" style=\"width: 100%;\" controls=\"controls\"><source type=\"audio\/mpeg\" src=\"https:\/\/www.radiopiu.net\/wordpress\/wp-content\/uploads\/2022\/09\/gianni-monumento.mp3?_=1\" \/><a href=\"https:\/\/www.radiopiu.net\/wordpress\/wp-content\/uploads\/2022\/09\/gianni-monumento.mp3\">https:\/\/www.radiopiu.net\/wordpress\/wp-content\/uploads\/2022\/09\/gianni-monumento.mp3<\/a><\/audio>\n<p>&nbsp;<\/p>\n<p>&nbsp;<\/p>\n<hr \/>\n<p>&nbsp;<\/p>\n<blockquote>\n<h3>QUANDO IL GALLO FORCELLO BLOCCA IL CANTIERE<\/h3>\n<\/blockquote>\n<p><strong><img loading=\"lazy\" decoding=\"async\" class=\"alignleft\" src=\"https:\/\/www.radiopiu.net\/wordpress\/wp-content\/uploads\/2022\/09\/galloforcello.jpg\" width=\"194\" height=\"129\" \/>BELLUNO<\/strong><\/p>\n<p><strong>DI MORENO GIOLI<\/strong><\/p>\n<audio class=\"wp-audio-shortcode\" id=\"audio-297034-2\" preload=\"none\" style=\"width: 100%;\" controls=\"controls\"><source type=\"audio\/mpeg\" src=\"https:\/\/www.radiopiu.net\/wordpress\/wp-content\/uploads\/2022\/09\/MORENO-GALLO-FORCELLO.mp3?_=2\" \/><a href=\"https:\/\/www.radiopiu.net\/wordpress\/wp-content\/uploads\/2022\/09\/MORENO-GALLO-FORCELLO.mp3\">https:\/\/www.radiopiu.net\/wordpress\/wp-content\/uploads\/2022\/09\/MORENO-GALLO-FORCELLO.mp3<\/a><\/audio>\n<p>&nbsp;<\/p>\n<blockquote>\n<h3>Ripresi i lavori di demolizione dell\u2019ex base NATO di Cima Grappa, iniziati a fine 2021: l\u2019annuncio arrivato dal Ministero della Difesa.<\/h3>\n<\/blockquote>\n<p><strong>IL SINDACO DI SEREN DEL GRAPPA DARIO SCOPEL<\/strong><\/p>\n<audio class=\"wp-audio-shortcode\" id=\"audio-297034-3\" preload=\"none\" style=\"width: 100%;\" controls=\"controls\"><source type=\"audio\/mpeg\" src=\"https:\/\/www.radiopiu.net\/wordpress\/wp-content\/uploads\/2022\/09\/SCOPEL-1.mp3?_=3\" \/><a href=\"https:\/\/www.radiopiu.net\/wordpress\/wp-content\/uploads\/2022\/09\/SCOPEL-1.mp3\">https:\/\/www.radiopiu.net\/wordpress\/wp-content\/uploads\/2022\/09\/SCOPEL-1.mp3<\/a><\/audio>\n<p>&nbsp;<\/p>\n<hr \/>\n<p>&nbsp;<\/p>\n<blockquote>\n<h3>IL LUPO SBRANA L&#8217;ASINO DI RONCE<\/h3>\n<\/blockquote>\n<p><strong>BELLUNO\u00a0<\/strong> Il lupo\u00a0 in Nevegal azzanna e ammazza un&#8217;asina gravida dell&#8217;azienda agricola di Natalino Nicoletto alle Ronce in localit\u00e0 Valdart.\u00a0 La zona non \u00e8\u00a0 nuova a questo genere di eventi e la vita per gli imprenditori agricoli si fa sempre pi\u00f9 difficile, sul Visentin c&#8217;\u00e8 un branco di lupi che diventa sempre pi\u00f9 grande<\/p>\n<p>&nbsp;<\/p>\n<hr \/>\n<p>&nbsp;<\/p>\n<blockquote>\n<h3>UN SIT IN AD ALLEGHE PER SALVARE LO SPORT. L&#8217;INIZIATIVA DI ALLEGHE HOCKEY E AGORDINO GHIACCIO E SPORT<\/h3>\n<\/blockquote>\n<p><strong><a class=\"dt-pswp-item\" href=\"https:\/\/www.radiopiu.net\/wordpress\/wp-content\/uploads\/2022\/09\/PALAGHIACCIO-Alleghe.jpg\" data-dt-img-description=\"\" data-large_image_width=\"640\" data-large_image_height=\"480\"><img loading=\"lazy\" decoding=\"async\" class=\"size-thumbnail wp-image-297105 alignleft\" src=\"https:\/\/www.radiopiu.net\/wordpress\/wp-content\/uploads\/2022\/09\/PALAGHIACCIO-Alleghe-150x150.jpg\" alt=\"\" width=\"150\" height=\"150\" \/><\/a>ALLEGHE<\/strong> L&#8217;Alleghe Hockey e Agordino Ghiaccio e Sport scrivono a tutte le societ\u00e0 dopo la chiusura dello Stadio di Alleghe e di Pieve di Cadore. Nella lettera l&#8217;invito a tutte le realt\u00e0 sportive di partecipare domenica dalle 11 alle 12 ad un sit-in davanti allo Stadio Alvise De Toni di Alleghe.<\/p>\n<blockquote><p><strong>LA LETTERA<\/strong><\/p><\/blockquote>\n<div class=\"page\" title=\"Page 1\">\n<div class=\"layoutArea\">\n<div class=\"column\">\n<blockquote><p>In queste ore abbiamo appreso con profondo dolore che, a causa dei costi spropositati dell\u2019energia, il nostro Palaghiaccio verra\u0300 chiuso. Temevamo si scatenasse un effetto domino irreversibile, e cosi\u0300 si sta verificando. Dopo poche ore un\u2019altra amministrazione, Pieve di Cadore, ha fatto altrettanto. E lo faranno a breve altre strutture in tutta la provincia, piscine, impianti di risalita, e tutti gli altri impianti sportivi energivori. La nostra speranza e\u0300 che tutte le associazioni sportive, ora piu\u0300 che mai, mostrino sinergia e caparbieta\u0300 per evitare il disastro ed il fallimento di tante realta\u0300 costruite e mantenute con impegni e sacrifici. Per dare un segnale forte alle istituzioni e alle federazioni sportive abbiamo intenzione di ritrovarci davanti al palaghiaccio di Alleghe domenica dalle 11 alle\u00a0 12 per un sit-in di solidarieta\u0300 e di supporto tra associazioni sportive. &#8220;Ci auguriamo &#8211; dicono Adriano Levis dell&#8217;Alleghe Hockey e Valeria Rosson di Agordino Ghiaccio e Sport- di avere al nostro fianco tante persone, indispensabili per la promozione e la tutela delle attivita\u0300 sportive e del tessuto sociale, valorizzando cosi\u0300 pienamente il \u201csenso di squadra\u201d, punto d\u2019eccellenza dello sport in generale&#8221;.<\/p>\n<p>&nbsp;<\/p><\/blockquote>\n<hr \/>\n<p>&nbsp;<\/p>\n<blockquote><p><strong>di FEDERICA MEZZACASA<\/strong><\/p>\n<div dir=\"auto\"><strong>MAESTRA PATTINAGGIO ARTISTICO SU GHIACCIO &#8220;AGORDINO GHIACCIO E SPORT&#8221;<\/strong><\/div>\n<p>&nbsp;<\/p>\n<div class=\"m8h3af8h l7ghb35v kjdc1dyq kmwttqpk gh25dzvf n3t5jt4f\">\n<div dir=\"auto\"><a class=\"dt-pswp-item\" href=\"https:\/\/www.radiopiu.net\/wordpress\/wp-content\/uploads\/2022\/09\/118959155_2747385848832035_7634493487985025981_n.jpg\" data-dt-img-description=\"\" data-large_image_width=\"842\" data-large_image_height=\"843\"><img loading=\"lazy\" decoding=\"async\" class=\"size-thumbnail wp-image-297176 alignleft\" src=\"https:\/\/www.radiopiu.net\/wordpress\/wp-content\/uploads\/2022\/09\/118959155_2747385848832035_7634493487985025981_n-150x150.jpg\" alt=\"\" width=\"150\" height=\"150\" srcset=\"https:\/\/www.radiopiu.net\/wordpress\/wp-content\/uploads\/2022\/09\/118959155_2747385848832035_7634493487985025981_n-150x150.jpg 150w, https:\/\/www.radiopiu.net\/wordpress\/wp-content\/uploads\/2022\/09\/118959155_2747385848832035_7634493487985025981_n-300x300.jpg 300w, https:\/\/www.radiopiu.net\/wordpress\/wp-content\/uploads\/2022\/09\/118959155_2747385848832035_7634493487985025981_n-768x769.jpg 768w, https:\/\/www.radiopiu.net\/wordpress\/wp-content\/uploads\/2022\/09\/118959155_2747385848832035_7634493487985025981_n.jpg 842w\" sizes=\"auto, (max-width: 150px) 100vw, 150px\" \/><\/a>Ormai la vicenda dello Stadio del Ghiaccio di <a class=\"qi72231t nu7423ey n3hqoq4p r86q59rh b3qcqh3k fq87ekyn bdao358l fsf7x5fv rse6dlih s5oniofx m8h3af8h l7ghb35v kjdc1dyq kmwttqpk srn514ro oxkhqvkx rl78xhln nch0832m cr00lzj9 rn8ck1ys s3jn8y49 icdlwmnq cxfqmxzd d1w2l3lo tes86rjd\" tabindex=\"0\" role=\"link\" href=\"https:\/\/www.facebook.com\/hashtag\/alleghe?__eep__=6&amp;__cft__[0]=AZUah79cwIzUyHTVhztEiHZOXUFtr0a4pt0al7hI1X-esd5jgupaVTAc4eiuQxBCUbVoemwalpqXAi8k751fwBniT2oX8BWJRmniNm-NdhXYmdW35bpPDJzzvBmBfmaS884G_PI7qBoLkELddNt174kvlDV44X4tMop90maWJuyUonm_2B6p7auI_zPAFC-cpYG7XPw84VmTOrK2aZ3QJNCK&amp;__tn__=*NK-y-R\">#Alleghe<\/a> \u00e8 ben nota. Odio le polemiche, soprattutto quelle che non portano a nulla di utile, fatte qui su facebook dai tuttologhi che non hanno la minima competenza riguardo all&#8217;argomento di cui stanno disquisendo. Questa per\u00f2 \u00e8 una questione che \u00e8 merita la massima visibilit\u00e0 perch\u00e9 chi di dovere possa fare qualcosa per evitare l&#8217;ennesimo passo verso la cat\u00e1strofe sociale dell&#8217;Agordino (gi\u00e0 arido e appiattito professionalmente). Questa volta mi sento parte integrante del discorso. Quasi 20 anni sul ghiaccio di Alleghe mi danno il permesso di dire la mia. Da ex pattinatrice e ora maestra di pattinaggio provo un&#8217;amarezza indescrivibile in questi giorni, non tanto per me&#8230; Ma per tutte le atlete e tutti gli atleti che ogni giorno finita la scuola non vedono l&#8217;ora di sentire l&#8217;aria fresca sulle loro guance mentre sfrecciano sul ghiaccio del <a class=\"qi72231t nu7423ey n3hqoq4p r86q59rh b3qcqh3k fq87ekyn bdao358l fsf7x5fv rse6dlih s5oniofx m8h3af8h l7ghb35v kjdc1dyq kmwttqpk srn514ro oxkhqvkx rl78xhln nch0832m cr00lzj9 rn8ck1ys s3jn8y49 icdlwmnq cxfqmxzd d1w2l3lo tes86rjd\" tabindex=\"0\" role=\"link\" href=\"https:\/\/www.facebook.com\/hashtag\/detoni?__eep__=6&amp;__cft__[0]=AZUah79cwIzUyHTVhztEiHZOXUFtr0a4pt0al7hI1X-esd5jgupaVTAc4eiuQxBCUbVoemwalpqXAi8k751fwBniT2oX8BWJRmniNm-NdhXYmdW35bpPDJzzvBmBfmaS884G_PI7qBoLkELddNt174kvlDV44X4tMop90maWJuyUonm_2B6p7auI_zPAFC-cpYG7XPw84VmTOrK2aZ3QJNCK&amp;__tn__=*NK-y-R\">#DeToni<\/a>. Sono gli stessi che due anni fa hanno lottato a denti stretti dimostrando una motivazione e una determinazione tali da superare anche lo stop forzato causa pandemia. Non hanno mollato, e sono ritornati, pi\u00f9 di prima.<\/div>\n<div dir=\"auto\">\u00c8 stato difficile allora dire a delle bambine di 6,7,8 anni che non potevano pi\u00f9 pattinare allo stadio di Alleghe, quando le loro amiche di 9,10,11 anni lo potevano fare perch\u00e9 tesserate alla <a class=\"qi72231t nu7423ey n3hqoq4p r86q59rh b3qcqh3k fq87ekyn bdao358l fsf7x5fv rse6dlih s5oniofx m8h3af8h l7ghb35v kjdc1dyq kmwttqpk srn514ro oxkhqvkx rl78xhln nch0832m cr00lzj9 rn8ck1ys s3jn8y49 icdlwmnq cxfqmxzd d1w2l3lo tes86rjd\" tabindex=\"0\" role=\"link\" href=\"https:\/\/www.facebook.com\/fisg.it\/?__cft__[0]=AZUah79cwIzUyHTVhztEiHZOXUFtr0a4pt0al7hI1X-esd5jgupaVTAc4eiuQxBCUbVoemwalpqXAi8k751fwBniT2oX8BWJRmniNm-NdhXYmdW35bpPDJzzvBmBfmaS884G_PI7qBoLkELddNt174kvlDV44X4tMop90maWJuyUonm_2B6p7auI_zPAFC-cpYG7XPw84VmTOrK2aZ3QJNCK&amp;__tn__=kK-y-R\"><span class=\"rse6dlih\">FISG &#8211; Federazione Italiana Sport del Ghiaccio<\/span><\/a> Noi allenatori ci siamo scervellati, ci siamo fatti il mazzo per riuscire a farle pattinare lo stesso senza infrangere la legge in stadi all&#8217;aperto. Ora le stesse bambine che con impegno loro e dei genitori hanno continuato ad allenarsi per raggiungere il loro sogno o anche semplicemente per passare qualche sana ora di spensieratezza con i loro coetanei, si sentiranno dire che non possono pi\u00f9 pattinare ad Alleghe (cos\u00ec come a Pieve di Cadore, e fra poco a Feltre molto probabilmente&#8230;) perch\u00e9 la bolletta dell&#8217;energia \u00e8 troppo alta per un Comune di montagna come quello di Alleghe. Come si pu\u00f2 credere che questo sia possibile? Ok, c&#8217;\u00e8 l&#8217;Alleghe Hockey in serie B (e gi\u00e0 questo in questa situazione dovrebbe essere motivo di sostegno da parte di Stato, Coni, Federazione etc..), ma qui stiamo parlando di bambini e ragazzi dai 5 anni in su che fin&#8217;ora ogni giorno hanno dimostrato grande passione per due sport &#8220;minori&#8221; (minori solo perch\u00e9 se ne parla poco eh) come il pattinaggio artistico e l&#8217;hockey su ghiaccio. Li stiamo lasciando tutto il pomeriggio davanti alla TV, sui social a farsi venire gli occhi quadrati guardando i balletti di Tik Tok.. perch\u00e9 se non possono pi\u00f9 venire allo Stadio cosa faranno?!<\/div>\n<\/div>\n<div class=\"l7ghb35v kjdc1dyq kmwttqpk gh25dzvf jikcssrz n3t5jt4f\">\n<div dir=\"auto\">Ricordiamoci che lo scorso 20 aprile \u00e8 stata approvata la modifica all&#8217;art.33 della Costituzione Italiana: &#8220;la Repubblica riconosce il valore educativo, sociale e di promozione del benessere psicofisico dell&#8217;attivit\u00e0 sportiva in tutte le sue forme&#8221;. Detto ci\u00f2, che si fa?!<\/div>\n<\/div>\n<div class=\"l7ghb35v kjdc1dyq kmwttqpk gh25dzvf jikcssrz n3t5jt4f\">\n<div dir=\"auto\"><\/div>\n<\/div>\n<\/blockquote>\n<hr \/>\n<\/div>\n<\/div>\n<\/div>\n<p>&nbsp;<\/p>\n<p>&nbsp;<\/p>\n<blockquote class=\"wp-embedded-content\" data-secret=\"fODMRuYFI3\"><p><a href=\"https:\/\/www.radiopiu.net\/wordpress\/abbandonati-in-uno-scatolone-in-mezzo-al-nulla-cercano-adozione\/\">Abbandonati in uno scatolone in mezzo al nulla. Cercano adozione<\/a><\/p><\/blockquote>\n<p><iframe loading=\"lazy\" class=\"wp-embedded-content\" sandbox=\"allow-scripts\" security=\"restricted\" style=\"position: absolute; clip: rect(1px, 1px, 1px, 1px);\" title=\"&#8220;Abbandonati in uno scatolone in mezzo al nulla. Cercano adozione&#8221; &#8212; Radio Pi\u00f9\" src=\"https:\/\/www.radiopiu.net\/wordpress\/abbandonati-in-uno-scatolone-in-mezzo-al-nulla-cercano-adozione\/embed\/#?secret=NpJjwaXb3P#?secret=fODMRuYFI3\" data-secret=\"fODMRuYFI3\" width=\"600\" height=\"338\" frameborder=\"0\" marginwidth=\"0\" marginheight=\"0\" scrolling=\"no\"><\/iframe><\/p>\n<p>&nbsp;<\/p>\n<p>&nbsp;<\/p>\n<hr \/>\n<p>&nbsp;<\/p>\n<blockquote>\n<h3 class=\"entry-title\">SFOGHI ALLA RADIO, PERCHE\u2019 RADIO PIU\u2019 E\u2019 LA RADIO DI TUTTI<\/h3>\n<\/blockquote>\n<p><strong><img loading=\"lazy\" decoding=\"async\" class=\"alignleft\" src=\"https:\/\/www.radiopiu.net\/wordpress\/wp-content\/uploads\/2022\/09\/urla3.jpg\" width=\"221\" height=\"149\" \/>SFOGO 1<\/strong>, Da Agordo localit\u00e0 Valcozzena\u00a0<em>\u201cSono un abitante della zona di Valcozzena e devo dire che sono stupita dalle critiche alla polizia municipale per le contravvenzioni. Vorrei fare notare che la situazione era diventata insostenibile con automobili parcheggiate ovunque anche sugli stop e sugli incroci nonch\u00e9 nella zona parcheggio riservata ai camper. In soldoni impediscono la regolare e sicura circolazione ad auto e mezzi pi\u00f9 o meno pesanti. Forse si tratta solo di una questione di educazione\u201d<\/em>.<\/p>\n<p><strong>SFOGO 2,<\/strong>\u00a0Da La Valle Agordina<em> \u201cAlcuni genitori si sono rivolti a Dolomitibus\u00a0 chiedendo, con cortesia, di modificare gli orari\u00a0 delle corse della corriera che scende ad Agordo. Da oggi infatti i pullman partiranno alle 7.05 anzich\u00e9 alle 7.20 come gli anni scorsi. I ragazzi saranno costretti ad aspettare l\u2019apertura della scuola per 35 minuti anzich\u00e9 20 minuti e con l\u2019arrivo della stagione fredda non \u00e8 una bella cosa\u201d<\/em><\/p>\n<p><strong>SFOGO 3<\/strong>, Da Agordo<em> \u201cVorrei segnalare il poco\u00a0 rispetto verso i genitori. Il preside ha pubblicato sul sito del istituto comprensivo di Agordo, l\u2019orario della scuola solamente venerd\u00ec, neanche una mail. Sappiamo che in fabbrica dobbiamo avvisare con almeno 48 ore prima. E diciamo che i permessi per questa giornata erano chiusi da parecchio. Non ci sono corriere alle 11\u201d.<\/em><\/p>\n<p>foto www.inpsiche.it<\/p>\n<p>&nbsp;<\/p>\n<p>&nbsp;<\/p>\n<hr \/>\n<p>&nbsp;<\/p>\n<blockquote>\n<h3>L&#8217;ACQUEDOTTO DIGITALE DI TRICHIANA<\/h3>\n<\/blockquote>\n<p><strong>BORGO VALBELLUNA <\/strong>Si \u00e8 conclusa di recente l\u2019attivit\u00e0 di modellazione, distrettualizzazione e digitalizzazione della rete idrica a servizio del centro cittadino di Trichiana in Comune di Borgo Valbelluna. Bim Gsp, infatti, ha provveduto ad installare in diversi punti dell\u2019acquedotto nuove saracinesche idrauliche, per la segmentazione dell\u2019acquedotto in piccoli distretti, a posare misuratori di portata e a dotare la rete di sensori digitali (logger) per il monitoraggio del flusso dell\u2019acqua in rete. Un\u2019attivit\u00e0 apparentemente semplice, ma in realt\u00e0 molto complessa, che ha richiesto studi approfonditi, sopralluoghi, rilevazioni sul campo e la realizzazione di un modello idraulico digitale in grado di riprodurre il funzionamento della rete. Grazie ai logger, in particolare, e a chiusure notturne programmate circoscritte a segmenti di rete, \u00e8 stato possibile raccogliere dati reali sul livello di perdita reale e sul volume disperso. I monitoraggi notturni, in particolare, eseguiti con personale tecnico-operativo presente sul posto e in assenza di prelievi significativi da parte dell\u2019utenza, hanno permesso di individuare i segmenti di rete con il maggior livello di perdita, di procedere con una ricerca pi\u00f9 mirata, e quindi pi\u00f9 efficace, delle rotture occulte e di provvedere alla riparazione tempestiva. Risultato? Risparmiati giornalmente oltre 11 litri al secondo, vale a dire circa 350mila metri cubi all\u2019anno, che corrispondono, per dare un\u2019idea, al consumo annuale di quasi 4mila persone o pi\u00f9 semplicemente ad un campo da calcio con 50 metri di colonna d\u2019acqua disposta sull\u2019intera superficie. Non solo, l\u2019attivit\u00e0 ha consentito di creare tre porzioni di acquedotto con pressione ridotta e controllata: un\u2019operazione strategica, che ha permesso di fatto di diminuire nelle stesse la probabilit\u00e0 di formazione di nuove perdite. Contestualmente ai lavori, sono stati posati 200 metri di nuova condotta di distribuzione in via Saubens e via La Malfa per collegare alcuni stabili ad altre porzioni di acquedotto. Nella rete idrica a servizio delle frazioni pi\u00f9 alte del territorio di Trichiana \u2013 Niccia, Sant\u2019Antonio Tortal, Dagno, Campedei, Signa, Col di Pera, Melere &#8211; \u00e8 attualmente in corso l\u2019installazione di alcuni misuratori di portata e la sostituzione di altri pi\u00f9 vetusti. Ultimati i lavori di posa, verr\u00e0 avviata la seconda fase delle attivit\u00e0 di modellazione idraulica per il completamento dell\u2019intera rete idrica locale.<\/p>\n\n\t\t\t<style type='text\/css'>\n\t\t\t\t#gallery-2 {\n\t\t\t\t\tmargin: auto;\n\t\t\t\t}\n\t\t\t\t#gallery-2 .gallery-item {\n\t\t\t\t\tfloat: left;\n\t\t\t\t\tmargin-top: 10px;\n\t\t\t\t\ttext-align: center;\n\t\t\t\t\twidth: 25%;\n\t\t\t\t}\n\t\t\t\t#gallery-2 img {\n\t\t\t\t\tborder: 2px solid #cfcfcf;\n\t\t\t\t}\n\t\t\t\t#gallery-2 .gallery-caption {\n\t\t\t\t\tmargin-left: 0;\n\t\t\t\t}\n\t\t\t\t\/* see gallery_shortcode() in wp-includes\/media.php *\/\n\t\t\t<\/style>\n\t\t<div id='gallery-2' class='dt-gallery-container gallery galleryid-297034 gallery-columns-4 gallery-size-thumbnail'><dl class='gallery-item'>\n\t\t\t\t<dt class='gallery-icon portrait'>\n\t\t\t\t\t<a class=\"rollover rollover-zoom dt-pswp-item\" title=\"1_posa_nuove_valvole\" data-dt-img-description=\"\" data-large_image_width=\"1200\" data-large_image_height=\"1600\"href='https:\/\/www.radiopiu.net\/wordpress\/wp-content\/uploads\/2022\/09\/1_posa_nuove_valvole.jpg'><img loading=\"lazy\" decoding=\"async\" width=\"150\" height=\"150\" src=\"https:\/\/www.radiopiu.net\/wordpress\/wp-content\/uploads\/2022\/09\/1_posa_nuove_valvole-150x150.jpg\" class=\"attachment-thumbnail size-thumbnail\" alt=\"\" \/><\/a>\n\t\t\t\t<\/dt><\/dl><dl class='gallery-item'>\n\t\t\t\t<dt class='gallery-icon portrait'>\n\t\t\t\t\t<a class=\"rollover rollover-zoom dt-pswp-item\" title=\"2_nuove_valvole\" data-dt-img-description=\"\" data-large_image_width=\"1200\" data-large_image_height=\"1600\"href='https:\/\/www.radiopiu.net\/wordpress\/wp-content\/uploads\/2022\/09\/2_nuove_valvole.jpg'><img loading=\"lazy\" decoding=\"async\" width=\"150\" height=\"150\" src=\"https:\/\/www.radiopiu.net\/wordpress\/wp-content\/uploads\/2022\/09\/2_nuove_valvole-150x150.jpg\" class=\"attachment-thumbnail size-thumbnail\" alt=\"\" \/><\/a>\n\t\t\t\t<\/dt><\/dl><dl class='gallery-item'>\n\t\t\t\t<dt class='gallery-icon landscape'>\n\t\t\t\t\t<a class=\"rollover rollover-zoom dt-pswp-item\" title=\"3_nuove_valvole\" data-dt-img-description=\"\" data-large_image_width=\"984\" data-large_image_height=\"738\"href='https:\/\/www.radiopiu.net\/wordpress\/wp-content\/uploads\/2022\/09\/3_nuove_valvole.jpg'><img loading=\"lazy\" decoding=\"async\" width=\"150\" height=\"150\" src=\"https:\/\/www.radiopiu.net\/wordpress\/wp-content\/uploads\/2022\/09\/3_nuove_valvole-150x150.jpg\" class=\"attachment-thumbnail size-thumbnail\" alt=\"\" \/><\/a>\n\t\t\t\t<\/dt><\/dl><dl class='gallery-item'>\n\t\t\t\t<dt class='gallery-icon landscape'>\n\t\t\t\t\t<a class=\"rollover rollover-zoom dt-pswp-item\" title=\"4_logger e nuove valvole di Pialdier controllate al telecontrollo\" data-dt-img-description=\"\" data-large_image_width=\"1594\" data-large_image_height=\"804\"href='https:\/\/www.radiopiu.net\/wordpress\/wp-content\/uploads\/2022\/09\/4_logger-e-nuove-valvole-di-Pialdier-controllate-al-telecontrollo.jpg'><img loading=\"lazy\" decoding=\"async\" width=\"150\" height=\"150\" src=\"https:\/\/www.radiopiu.net\/wordpress\/wp-content\/uploads\/2022\/09\/4_logger-e-nuove-valvole-di-Pialdier-controllate-al-telecontrollo-150x150.jpg\" class=\"attachment-thumbnail size-thumbnail\" alt=\"\" \/><\/a>\n\t\t\t\t<\/dt><\/dl><br style=\"clear: both\" \/>\n\t\t\t<\/div>\n\n<p>&nbsp;<\/p>\n<hr \/>\n<p>&nbsp;<\/p>\n<p>&nbsp;<\/p>\n<p><a class=\"dt-pswp-item\" href=\"https:\/\/www.radiopiu.net\/wordpress\/wp-content\/uploads\/2022\/09\/8512b4a4-4b46-4f27-8054-00988ff02bd2.jpg\" data-dt-img-description=\"\" data-large_image_width=\"1280\" data-large_image_height=\"1280\"><img loading=\"lazy\" decoding=\"async\" class=\"wp-image-297178 aligncenter\" src=\"https:\/\/www.radiopiu.net\/wordpress\/wp-content\/uploads\/2022\/09\/8512b4a4-4b46-4f27-8054-00988ff02bd2.jpg\" alt=\"\" width=\"313\" height=\"313\" srcset=\"https:\/\/www.radiopiu.net\/wordpress\/wp-content\/uploads\/2022\/09\/8512b4a4-4b46-4f27-8054-00988ff02bd2.jpg 1280w, https:\/\/www.radiopiu.net\/wordpress\/wp-content\/uploads\/2022\/09\/8512b4a4-4b46-4f27-8054-00988ff02bd2-300x300.jpg 300w, https:\/\/www.radiopiu.net\/wordpress\/wp-content\/uploads\/2022\/09\/8512b4a4-4b46-4f27-8054-00988ff02bd2-1024x1024.jpg 1024w, https:\/\/www.radiopiu.net\/wordpress\/wp-content\/uploads\/2022\/09\/8512b4a4-4b46-4f27-8054-00988ff02bd2-150x150.jpg 150w, https:\/\/www.radiopiu.net\/wordpress\/wp-content\/uploads\/2022\/09\/8512b4a4-4b46-4f27-8054-00988ff02bd2-768x768.jpg 768w\" sizes=\"auto, (max-width: 313px) 100vw, 313px\" \/><\/a><\/p>\n<p>&nbsp;<\/p>\n<blockquote class=\"wp-embedded-content\" data-secret=\"70aCrlUlOs\"><p><a href=\"https:\/\/www.radiopiu.net\/wordpress\/aziendazerosettembre13\/\">QUASI 3 MILA NUOVE POSITIVITA&#8217; IN 24 ORE NEL VENETO. RICOVERI IN CALO<\/a><\/p><\/blockquote>\n<p><iframe loading=\"lazy\" class=\"wp-embedded-content\" sandbox=\"allow-scripts\" security=\"restricted\" style=\"position: absolute; clip: rect(1px, 1px, 1px, 1px);\" title=\"&#8220;QUASI 3 MILA NUOVE POSITIVITA&#8217; IN 24 ORE NEL VENETO. RICOVERI IN CALO&#8221; &#8212; Radio Pi\u00f9\" src=\"https:\/\/www.radiopiu.net\/wordpress\/aziendazerosettembre13\/embed\/#?secret=9S6KaVlspG#?secret=70aCrlUlOs\" data-secret=\"70aCrlUlOs\" width=\"600\" height=\"338\" frameborder=\"0\" marginwidth=\"0\" marginheight=\"0\" scrolling=\"no\"><\/iframe><\/p>\n<p>&nbsp;<\/p>\n<h2>I GRAFICI DI TIZIANO DE COL<\/h2>\n\n\t\t\t<style type='text\/css'>\n\t\t\t\t#gallery-3 {\n\t\t\t\t\tmargin: auto;\n\t\t\t\t}\n\t\t\t\t#gallery-3 .gallery-item {\n\t\t\t\t\tfloat: left;\n\t\t\t\t\tmargin-top: 10px;\n\t\t\t\t\ttext-align: center;\n\t\t\t\t\twidth: 33%;\n\t\t\t\t}\n\t\t\t\t#gallery-3 img {\n\t\t\t\t\tborder: 2px solid #cfcfcf;\n\t\t\t\t}\n\t\t\t\t#gallery-3 .gallery-caption {\n\t\t\t\t\tmargin-left: 0;\n\t\t\t\t}\n\t\t\t\t\/* see gallery_shortcode() in wp-includes\/media.php *\/\n\t\t\t<\/style>\n\t\t<div id='gallery-3' class='dt-gallery-container gallery galleryid-297034 gallery-columns-3 gallery-size-thumbnail'><dl class='gallery-item'>\n\t\t\t\t<dt class='gallery-icon landscape'>\n\t\t\t\t\t<a class=\"rollover rollover-zoom dt-pswp-item\" title=\"adc9ecc0-acdf-4372-8323-cabd694ab9b0\" data-dt-img-description=\"\" data-large_image_width=\"610\" data-large_image_height=\"356\"href='https:\/\/www.radiopiu.net\/wordpress\/wp-content\/uploads\/2022\/09\/adc9ecc0-acdf-4372-8323-cabd694ab9b0.jpg'><img loading=\"lazy\" decoding=\"async\" width=\"150\" height=\"150\" src=\"https:\/\/www.radiopiu.net\/wordpress\/wp-content\/uploads\/2022\/09\/adc9ecc0-acdf-4372-8323-cabd694ab9b0-150x150.jpg\" class=\"attachment-thumbnail size-thumbnail\" alt=\"\" \/><\/a>\n\t\t\t\t<\/dt><\/dl><dl class='gallery-item'>\n\t\t\t\t<dt class='gallery-icon landscape'>\n\t\t\t\t\t<a class=\"rollover rollover-zoom dt-pswp-item\" title=\"9adc89f6-2c35-4b51-883b-8a53dc52723e\" data-dt-img-description=\"\" data-large_image_width=\"590\" data-large_image_height=\"351\"href='https:\/\/www.radiopiu.net\/wordpress\/wp-content\/uploads\/2022\/09\/9adc89f6-2c35-4b51-883b-8a53dc52723e.jpg'><img loading=\"lazy\" decoding=\"async\" width=\"150\" height=\"150\" src=\"https:\/\/www.radiopiu.net\/wordpress\/wp-content\/uploads\/2022\/09\/9adc89f6-2c35-4b51-883b-8a53dc52723e-150x150.jpg\" class=\"attachment-thumbnail size-thumbnail\" alt=\"\" \/><\/a>\n\t\t\t\t<\/dt><\/dl><dl class='gallery-item'>\n\t\t\t\t<dt class='gallery-icon landscape'>\n\t\t\t\t\t<a class=\"rollover rollover-zoom dt-pswp-item\" title=\"382c2f6e-04c6-49c0-a2ad-884baf1f3909\" data-dt-img-description=\"\" data-large_image_width=\"610\" data-large_image_height=\"359\"href='https:\/\/www.radiopiu.net\/wordpress\/wp-content\/uploads\/2022\/09\/382c2f6e-04c6-49c0-a2ad-884baf1f3909.jpg'><img loading=\"lazy\" decoding=\"async\" width=\"150\" height=\"150\" src=\"https:\/\/www.radiopiu.net\/wordpress\/wp-content\/uploads\/2022\/09\/382c2f6e-04c6-49c0-a2ad-884baf1f3909-150x150.jpg\" class=\"attachment-thumbnail size-thumbnail\" alt=\"\" \/><\/a>\n\t\t\t\t<\/dt><\/dl><br style=\"clear: both\" \/><dl class='gallery-item'>\n\t\t\t\t<dt class='gallery-icon landscape'>\n\t\t\t\t\t<a class=\"rollover rollover-zoom dt-pswp-item\" title=\"1d973e37-8a21-42eb-a966-d3882b8e5cae\" data-dt-img-description=\"\" data-large_image_width=\"614\" data-large_image_height=\"358\"href='https:\/\/www.radiopiu.net\/wordpress\/wp-content\/uploads\/2022\/09\/1d973e37-8a21-42eb-a966-d3882b8e5cae.jpg'><img loading=\"lazy\" decoding=\"async\" width=\"150\" height=\"150\" src=\"https:\/\/www.radiopiu.net\/wordpress\/wp-content\/uploads\/2022\/09\/1d973e37-8a21-42eb-a966-d3882b8e5cae-150x150.jpg\" class=\"attachment-thumbnail size-thumbnail\" alt=\"\" \/><\/a>\n\t\t\t\t<\/dt><\/dl><dl class='gallery-item'>\n\t\t\t\t<dt class='gallery-icon landscape'>\n\t\t\t\t\t<a class=\"rollover rollover-zoom dt-pswp-item\" title=\"41e474cd-23c3-4a79-9bfd-93aa3fb7d79c\" data-dt-img-description=\"\" data-large_image_width=\"612\" data-large_image_height=\"359\"href='https:\/\/www.radiopiu.net\/wordpress\/wp-content\/uploads\/2022\/09\/41e474cd-23c3-4a79-9bfd-93aa3fb7d79c.jpg'><img loading=\"lazy\" decoding=\"async\" width=\"150\" height=\"150\" src=\"https:\/\/www.radiopiu.net\/wordpress\/wp-content\/uploads\/2022\/09\/41e474cd-23c3-4a79-9bfd-93aa3fb7d79c-150x150.jpg\" class=\"attachment-thumbnail size-thumbnail\" alt=\"\" \/><\/a>\n\t\t\t\t<\/dt><\/dl><dl class='gallery-item'>\n\t\t\t\t<dt class='gallery-icon landscape'>\n\t\t\t\t\t<a class=\"rollover rollover-zoom dt-pswp-item\" title=\"2e7ce908-a5b5-4a48-9060-ff0ac68891bc\" data-dt-img-description=\"\" data-large_image_width=\"612\" data-large_image_height=\"365\"href='https:\/\/www.radiopiu.net\/wordpress\/wp-content\/uploads\/2022\/09\/2e7ce908-a5b5-4a48-9060-ff0ac68891bc.jpg'><img loading=\"lazy\" decoding=\"async\" width=\"150\" height=\"150\" src=\"https:\/\/www.radiopiu.net\/wordpress\/wp-content\/uploads\/2022\/09\/2e7ce908-a5b5-4a48-9060-ff0ac68891bc-150x150.jpg\" class=\"attachment-thumbnail size-thumbnail\" alt=\"\" \/><\/a>\n\t\t\t\t<\/dt><\/dl><br style=\"clear: both\" \/>\n\t\t\t<\/div>\n\n<p>&nbsp;<\/p>\n<hr \/>\n<p>&nbsp;<\/p>\n<blockquote>\n<h3>UN FLASH MOB PER LA SANITA&#8217;<\/h3>\n<\/blockquote>\n<p><strong>FELTRE<\/strong> Il comitato feltrino per il diritto alla salute organizza un flash mob a Feltre, venerd\u00ec 16 settembre dalle ore 10 in Via Campo Giorgio, per riportare l&#8217;attenzione sulla difesa della Sanit\u00e0 Pubblica.\u00a0Le recenti notizie sulle difficolt\u00e0 dei servizi locali stanno destando molta preoccupazione nei cittadini: la chiusura del reparto di chirurgia senologica di Feltre, con relativo trasferimento di tutte le pazienti a Belluno; le gare di appalto per affidare i turni di emergenza-urgenza degli Ospedali di Belluno e\u00a0 Feltre; la grave carenza di guardie mediche e medici di medicina generale, anche negli ospedali mancano medici e personale specializzato (infermieri, OSS, pediatri, psichiatri, anestesisti&#8230;); la sospensione da oltre un anno dei ricoveri nel reparto di psichiatria a Feltre.\u00a0 Il comitato feltrino parteciper\u00e0 anche al flash mob organizzato dal Coordinamento Veneto Sanit\u00e0 Pubblica sabato 17 settembre alle ore 11 a Venezia in via Garibaldi, insieme a tutti i comitati locali.<\/p>\n<p>&nbsp;<\/p>\n<p>&nbsp;<\/p>\n<hr \/>\n<p>&nbsp;<\/p>\n<blockquote>\n<h3>IL SELLARONDA BIKE DAY, CHIUSI I PASSI INTERESSATI DALLA MANIFESTAZIONE<\/h3>\n<\/blockquote>\n<p><strong><a class=\"dt-pswp-item\" href=\"https:\/\/www.radiopiu.net\/wordpress\/wp-content\/uploads\/2022\/09\/SELLARONDA.png\" data-dt-img-description=\"\" data-large_image_width=\"962\" data-large_image_height=\"540\"><img loading=\"lazy\" decoding=\"async\" class=\"size-thumbnail wp-image-296208 alignleft\" src=\"https:\/\/www.radiopiu.net\/wordpress\/wp-content\/uploads\/2022\/09\/SELLARONDA-150x150.png\" alt=\"\" width=\"150\" height=\"150\" \/><\/a>LIVINALLONGO <\/strong>Sabato, 17 settembre 2022 sulle strade attorno al gruppo del Sella si svolger\u00e0 l&#8217;appuntamento autunnale del Sellaronda Bike Day, manifestazione ciclistica non competitiva aperta a tutti, che vedr\u00e0 chiuse le strade dei Passi Campolongo, Gardena, Sella e Pordoi dalle ore 8:30 sino alle ore 15:00.\u00a0 Ai ciclisti \u00e8 consigliato il senso antiorario. Per limitare i disagi e per permettere a ospiti e residenti di partire da Arabba in direzione Pieve di Livinallongo e viceversa, la strada verr\u00e0 chiusa in prossimit\u00e0 dell&#8217;accesso al piazzale antistante l&#8217;Hotel Malita. In questa maniera resteranno accessibili i parcheggi dietro la Chiesa, i parcheggi vicino alla Caserma dei Carabinieri ed i piazzali della Funivia di Porta Vescovo. Per coloro che arriveranno ad Arabba (da Pieve) durante l&#8217;orario della manifestazione sar\u00e0 possibile parcheggiare le macchine nei parcheggi indicati e recarsi a piedi presso la propria struttura ricettiva per il check-in. Agli Ospiti in partenza verso i Passi Campolongo e Pordoi, Vi consigliamo di informarli di partire non dopo le ore 7:30 per evitare problemi con le Forze dell&#8217;Ordine. Sar\u00e0 possibile lasciare le autovetture nei parcheggi precedentemente menzionati per partire anche dopo le ore 8:30, naturalmente solo in direzione Pieve di Livinallongo.<\/p>\n<p>&nbsp;<\/p>\n<p>&nbsp;<\/p>\n<hr \/>\n<p>&nbsp;<\/p>\n<blockquote>\n<h3>SERATA DEDICATA AI PARCHI\u00a0 A 100 ANNI DALL&#8217;ISTITUZIONE<\/h3>\n<\/blockquote>\n<p><strong>BELLUNO<\/strong> Per celebrare il primo secolo di vita delle due pi\u00f9 antiche aree protette italiane il Parco Nazionale delle Dolomiti Bellunesi ha organizzato una serata per venerd\u00ec 23 settembre, alle\u00a0 18, presso la sala Bianchi, in Viale Fantuzzi a Belluno.\u00a0 Parteciper\u00e0 anche il Presidente del Parco Nazionale del Gran Paradiso, Italo Cerise e sar\u00e0 presentato il documentario: \u201c100 anni insieme per la natura\u201d, dedicato alla storia e alla natura dei Parchi Nazionali del Gran Paradiso e d\u2019Abruzzo, Lazio e Molise. Nel corso della serata sar\u00e0 presentato anche il volume \u201cParchi d\u2019Italia\u201d: un viaggio attraverso i 24 Parchi Nazionali italiani e sar\u00e0 proiettato un filmato dedicato al Parco Nazionale delle Dolomiti Bellunesi.<\/p>\n<p>&nbsp;<\/p>\n<p>&nbsp;<\/p>\n<hr \/>\n<p>&nbsp;<\/p>\n<blockquote>\n<h3>CINQUANT&#8217;ANNI CON GLI ALPINI DI FALCADE<\/h3>\n<\/blockquote>\n<p>di GIANNI SANTOMASO<\/p>\n<audio class=\"wp-audio-shortcode\" id=\"audio-297034-4\" preload=\"none\" style=\"width: 100%;\" controls=\"controls\"><source type=\"audio\/mpeg\" src=\"https:\/\/www.radiopiu.net\/wordpress\/wp-content\/uploads\/2022\/09\/FALCADE-50-ALPINI-GIANNI.mp3?_=4\" \/><a href=\"https:\/\/www.radiopiu.net\/wordpress\/wp-content\/uploads\/2022\/09\/FALCADE-50-ALPINI-GIANNI.mp3\">https:\/\/www.radiopiu.net\/wordpress\/wp-content\/uploads\/2022\/09\/FALCADE-50-ALPINI-GIANNI.mp3<\/a><\/audio>\n<p>&nbsp;<\/p>\n<p><a class=\"dt-pswp-item\" href=\"https:\/\/www.radiopiu.net\/wordpress\/wp-content\/uploads\/2022\/09\/aaaa-2.jpg\" data-dt-img-description=\"\" data-large_image_width=\"141\" data-large_image_height=\"127\"><img loading=\"lazy\" decoding=\"async\" class=\"wp-image-296314 alignleft\" src=\"https:\/\/www.radiopiu.net\/wordpress\/wp-content\/uploads\/2022\/09\/aaaa-2.jpg\" alt=\"\" width=\"123\" height=\"111\" \/><\/a><strong>FALCADE<\/strong> Domenica 18 settembre cerimonia per il 50esimo dalla fondazione del gruppo alpini di Falcade. Programma: 8.45 ritrovo sul piazzale della chiesa e messa con la partecipazione del Coro Val Biois. Dalle 9 annullo filatelico nella sede Ana di piazza del mercato. Alle 10.30 presentazione del libro &#8220;Il gruppo Alpini Falcade, dalle origini ai giorni nostri&#8221;.<\/p>\n<p>&nbsp;<\/p>\n<p>&nbsp;<\/p>\n<hr \/>\n<p>&nbsp;<\/p>\n<blockquote>\n<h3>SABATO A FORCELLA AURINE IL LIBRO DI EVA POLLI<\/h3>\n<\/blockquote>\n<div class=\"page\" title=\"Page 1\">\n<div class=\"layoutArea\">\n<div class=\"column\">\n<audio class=\"wp-audio-shortcode\" id=\"audio-297034-5\" preload=\"none\" style=\"width: 100%;\" controls=\"controls\"><source type=\"audio\/mpeg\" src=\"https:\/\/www.radiopiu.net\/wordpress\/wp-content\/uploads\/2022\/09\/GIANNI-GOSALDO-SABATO.mp3?_=5\" \/><a href=\"https:\/\/www.radiopiu.net\/wordpress\/wp-content\/uploads\/2022\/09\/GIANNI-GOSALDO-SABATO.mp3\">https:\/\/www.radiopiu.net\/wordpress\/wp-content\/uploads\/2022\/09\/GIANNI-GOSALDO-SABATO.mp3<\/a><\/audio>\n<p>&nbsp;<\/p>\n<p>&nbsp;<\/p>\n<p>&nbsp;<\/p>\n<hr \/>\n<p>&nbsp;<\/p>\n<\/div>\n<\/div>\n<\/div>\n<blockquote>\n<h3>AD AGORDO IL PRIMO MEMORIAL RINALDO ZASSO<\/h3>\n<\/blockquote>\n<p><strong>AGORDO <\/strong>Il Tennis Club Agordo ha organizzato per domenica 18 settembre la prima edizione del Memorial Rinaldo Zasso &#8220;Nazza&#8221;. Torneo di tennis doppio misto presso i campi di Agordo. Per informazioni 340 3134441<\/p>\n<p>&nbsp;<\/p>\n<p>&nbsp;<\/p>\n<hr \/>\n<p>&nbsp;<\/p>\n<blockquote>\n<h3>LA MELA DI AISM<\/h3>\n<\/blockquote>\n<p><strong>BELLUNO <\/strong>Sabato 1, domenica 2 e marted\u00ec 4 ottobre, in vari Comuni della Provincia di Belluno si svolger\u00e0 l\u2019evento d\u2019informazione, sensibilizzazione e raccolta fondi \u201cLa Mela di AISM\u201d, diretto a garantire e potenziare i servizi destinati a persone con sclerosi multipla. Per le prenotazioni del sacchetto di mele da 1,800 chilogrammi contattare lo 0437-981680 o 366-6125610. Le prenotazioni sono aperte fino al 20 settembre.<\/p>\n<p>&nbsp;<\/p>\n<hr \/>\n<p>&nbsp;<\/p>\n<p>&nbsp;<\/p>\n<blockquote>\n<h2>PROLOCO DI RIVAMONTE AGORDINO<\/h2>\n<\/blockquote>\n<div>\n<div class=\"hael596l alzwoclg jl2a5g8c qjfq86k5 r227ecj6 gt60zsk1 s1m0hq7j\">\n<div class=\"cgu29s5g\">\n<div class=\"alzwoclg cqf1kptm siwo0mpr gu5uzgus\">\n<div class=\"jroqu855 nthtkgg5\"><strong>14-15-16 OTTOBRE 2022<\/strong><\/div>\n<\/div>\n<\/div>\n<\/div>\n<\/div>\n<div>\n<div class=\"\" dir=\"auto\">\n<div id=\"jsc_c_1y\" class=\"d2hqwtrz r227ecj6 ez8dtbzv gt60zsk1\" data-ad-comet-preview=\"message\" data-ad-preview=\"message\">\n<div class=\"alzwoclg cqf1kptm siwo0mpr gu5uzgus\">\n<div class=\"jroqu855 nthtkgg5\">\n<div class=\"m8h3af8h l7ghb35v kjdc1dyq kmwttqpk gh25dzvf n3t5jt4f\">\n<div dir=\"auto\">Finalmente ritorna l&#8217;Oktoberfest. Tre giorni di festa in compagnia di buona musica e buon cibo: Canederli, \u00a0Spatzle<\/div>\n<div dir=\"auto\">Stinco con crauti e patate fritte e Buona birra in bicchieri di vetro\u00a0 \u00a0 \u00a0<strong>STAY TUNED<\/strong><br \/>\n<a class=\"dt-pswp-item\" href=\"https:\/\/www.radiopiu.net\/wordpress\/wp-content\/uploads\/2022\/09\/306610049_3398892650338616_7875061756741663012_n.jpg\" data-dt-img-description=\"\" data-large_image_width=\"720\" data-large_image_height=\"261\"><img loading=\"lazy\" decoding=\"async\" class=\"alignnone wp-image-296989 size-full\" src=\"https:\/\/www.radiopiu.net\/wordpress\/wp-content\/uploads\/2022\/09\/306610049_3398892650338616_7875061756741663012_n.jpg\" alt=\"\" width=\"720\" height=\"261\" srcset=\"https:\/\/www.radiopiu.net\/wordpress\/wp-content\/uploads\/2022\/09\/306610049_3398892650338616_7875061756741663012_n.jpg 720w, https:\/\/www.radiopiu.net\/wordpress\/wp-content\/uploads\/2022\/09\/306610049_3398892650338616_7875061756741663012_n-300x109.jpg 300w\" sizes=\"auto, (max-width: 720px) 100vw, 720px\" \/><\/a><\/div>\n<div dir=\"auto\"><\/div>\n<\/div>\n<\/div>\n<\/div>\n<\/div>\n<\/div>\n<\/div>\n<p>&nbsp;<\/p>\n<hr \/>\n<blockquote>\n<h3>DOMENICA 23 OTTOBRE LA GRANDE FESTA ALLA FABBRICA IN PEDAVENA DI LA VALLE<\/h3>\n<\/blockquote>\n<p><a class=\"dt-pswp-item\" href=\"https:\/\/www.radiopiu.net\/wordpress\/wp-content\/uploads\/2022\/09\/be36ec51-e02a-4ee2-8c75-860605e2253f.jpg\" data-dt-img-description=\"\" data-large_image_width=\"1200\" data-large_image_height=\"628\"><img loading=\"lazy\" decoding=\"async\" class=\"aligncenter wp-image-296751 size-medium\" src=\"https:\/\/www.radiopiu.net\/wordpress\/wp-content\/uploads\/2022\/09\/be36ec51-e02a-4ee2-8c75-860605e2253f-300x157.jpg\" alt=\"\" width=\"300\" height=\"157\" srcset=\"https:\/\/www.radiopiu.net\/wordpress\/wp-content\/uploads\/2022\/09\/be36ec51-e02a-4ee2-8c75-860605e2253f-300x157.jpg 300w, https:\/\/www.radiopiu.net\/wordpress\/wp-content\/uploads\/2022\/09\/be36ec51-e02a-4ee2-8c75-860605e2253f-1024x536.jpg 1024w, https:\/\/www.radiopiu.net\/wordpress\/wp-content\/uploads\/2022\/09\/be36ec51-e02a-4ee2-8c75-860605e2253f-768x402.jpg 768w, https:\/\/www.radiopiu.net\/wordpress\/wp-content\/uploads\/2022\/09\/be36ec51-e02a-4ee2-8c75-860605e2253f.jpg 1200w\" sizes=\"auto, (max-width: 300px) 100vw, 300px\" \/><\/a><\/p>\n<p>&nbsp;<\/p>\n<p>&nbsp;<\/p>\n<p>&nbsp;<\/p>\n<hr \/>\n<p>&nbsp;<\/p>\n<blockquote>\n<h3>NEL FINE SETTIMANA LA 25\u00b0 FESTA DEL VOLONTARIATO<\/h3>\n<\/blockquote>\n<p><strong><a class=\"dt-pswp-item\" href=\"https:\/\/www.radiopiu.net\/wordpress\/wp-content\/uploads\/2022\/09\/VILLA-SAN-FRANCESCO.png\" data-dt-img-description=\"\" data-large_image_width=\"868\" data-large_image_height=\"484\"><img loading=\"lazy\" decoding=\"async\" class=\"alignleft wp-image-297076 \" src=\"https:\/\/www.radiopiu.net\/wordpress\/wp-content\/uploads\/2022\/09\/VILLA-SAN-FRANCESCO-300x167.png\" alt=\"\" width=\"165\" height=\"92\" srcset=\"https:\/\/www.radiopiu.net\/wordpress\/wp-content\/uploads\/2022\/09\/VILLA-SAN-FRANCESCO-300x167.png 300w, https:\/\/www.radiopiu.net\/wordpress\/wp-content\/uploads\/2022\/09\/VILLA-SAN-FRANCESCO-768x428.png 768w, https:\/\/www.radiopiu.net\/wordpress\/wp-content\/uploads\/2022\/09\/VILLA-SAN-FRANCESCO.png 868w\" sizes=\"auto, (max-width: 165px) 100vw, 165px\" \/><\/a>PEDAVENA<\/strong> Sar\u00e0 un fine settimana di festa a Pedavena con La Festa del Volontariato. Venerd\u00ec, sabato e domenica ci sar\u00e0 la festa dei Giovani a Villa San Francesco. Una tre giorni di convegni. Venerd\u00ec alle 18 l&#8217;apertura della festa del volontariato. Sabato alle 10 &#8220;Investire con gli ultimi&#8221;, Analisi annuale rendicontativa del F.I.E. Fondo di Investimento Educativo della Comunit\u00e0 \u201cVilla San Francesco\u201d e della Cooperativa Sociale Arcobaleno \u201886 Onlus. Alle 15 Cercatori &#8220;Nell&#8217;Oltre&#8221;, 19 studenti di terza media, di scuole della provincia di Belluno e Treviso, gi\u00e0 in visita al Museo dei Sogni e della Memoria, hanno studiato una materia a testa, superando assieme un significativo esame. Quattro di questi studenti, presenteranno i loro studi. Alle 20 Serata con il Beato Papa Luciani anche a ricordo della sua visita del 18 maggio 1978 in Comunit\u00e0 e la via Crucis di Augusto Murer a 100 anni dalla nascita. Domenica la giornata conclusiva: alle 10 il riconoscimento annuale a 10 &#8220;giusti nel mondo&#8221;, alle 15 l&#8217;incontro con i giovani bellunesi dei 61 comuni della provincia e alle 18:30 la Santa Messa concelebrata a memoria di tutti i volontari, collaboratori e amici defunti della Comunit\u00e0.<\/p>\n<p>&nbsp;<\/p>\n<p>&nbsp;<\/p>\n<p>&nbsp;<\/p>\n<hr \/>\n<p>&nbsp;<\/p>\n<blockquote>\n<h3>RIPARTONO I CORSI DELL&#8217;ADA<\/h3>\n<\/blockquote>\n<p>di GIANNI SANTOMASO<\/p>\n<audio class=\"wp-audio-shortcode\" id=\"audio-297034-6\" preload=\"none\" style=\"width: 100%;\" controls=\"controls\"><source type=\"audio\/mpeg\" src=\"https:\/\/www.radiopiu.net\/wordpress\/wp-content\/uploads\/2022\/09\/ripartenza-corsi-ada-gianni.mp3?_=6\" \/><a href=\"https:\/\/www.radiopiu.net\/wordpress\/wp-content\/uploads\/2022\/09\/ripartenza-corsi-ada-gianni.mp3\">https:\/\/www.radiopiu.net\/wordpress\/wp-content\/uploads\/2022\/09\/ripartenza-corsi-ada-gianni.mp3<\/a><\/audio>\n<p>&nbsp;<\/p>\n<div style=\"width: 848px;\" class=\"wp-video\"><video class=\"wp-video-shortcode\" id=\"video-297034-1\" width=\"848\" height=\"480\" preload=\"metadata\" controls=\"controls\"><source type=\"video\/mp4\" src=\"https:\/\/www.radiopiu.net\/wordpress\/wp-content\/uploads\/2022\/08\/WhatsApp-Video-2022-08-30-at-17.21.20.mp4?_=1\" \/><a href=\"https:\/\/www.radiopiu.net\/wordpress\/wp-content\/uploads\/2022\/08\/WhatsApp-Video-2022-08-30-at-17.21.20.mp4\">https:\/\/www.radiopiu.net\/wordpress\/wp-content\/uploads\/2022\/08\/WhatsApp-Video-2022-08-30-at-17.21.20.mp4<\/a><\/video><\/div>\n<p>&nbsp;<\/p>\n<p>&nbsp;<\/p>\n<p>&nbsp;<\/p>\n<hr \/>\n<p>&nbsp;<\/p>\n<h2><span style=\"color: #ff0000;\">IERI ALLA RADIO<\/span><\/h2>\n<h2><strong><a class=\"dt-pswp-item\" href=\"https:\/\/www.radiopiu.net\/wordpress\/wp-content\/uploads\/2022\/09\/Schermata-2022-09-13-alle-10.32.18.png\" data-dt-img-description=\"\" data-large_image_width=\"1242\" data-large_image_height=\"882\"><img loading=\"lazy\" decoding=\"async\" class=\"size-thumbnail wp-image-297081 alignleft\" src=\"https:\/\/www.radiopiu.net\/wordpress\/wp-content\/uploads\/2022\/09\/Schermata-2022-09-13-alle-10.32.18-150x150.png\" alt=\"\" width=\"150\" height=\"150\" \/><\/a><\/strong><span style=\"color: #ff6600;\">GLI ULTIMI GIORNI DI APERTURA PER SPORT AGORDO, IL SALUTO DI DANIELE CARLIN<\/span><\/h2>\n<p><strong>di Claudio Fontanive<\/strong><\/p>\n<p>OSPITE: Daniele Carlin<\/p>\n<audio class=\"wp-audio-shortcode\" id=\"audio-297034-7\" preload=\"none\" style=\"width: 100%;\" controls=\"controls\"><source type=\"audio\/mpeg\" src=\"https:\/\/www.radiopiu.net\/wordpress\/wp-content\/uploads\/2022\/09\/SPORT-AGORDO-ADDIO.mp3?_=7\" \/><a href=\"https:\/\/www.radiopiu.net\/wordpress\/wp-content\/uploads\/2022\/09\/SPORT-AGORDO-ADDIO.mp3\">https:\/\/www.radiopiu.net\/wordpress\/wp-content\/uploads\/2022\/09\/SPORT-AGORDO-ADDIO.mp3<\/a><\/audio>\n<p>&nbsp;<\/p>\n<hr \/>\n<p>&nbsp;<\/p>\n<h2><span style=\"color: #008080;\">&#8220;DINTORN E FORA VIA&#8221; A CURA DEL MUSLA, IL NUOVO PROGRAMMA\u00a0<\/span><\/h2>\n<p><strong><a class=\"dt-pswp-item\" href=\"https:\/\/www.radiopiu.net\/wordpress\/wp-content\/uploads\/2022\/09\/e6f0b371-c4bb-4079-b394-1d942bdf4a34.jpg\" data-dt-img-description=\"\" data-large_image_width=\"1080\" data-large_image_height=\"1080\"><img loading=\"lazy\" decoding=\"async\" class=\"size-thumbnail wp-image-297060 alignleft\" src=\"https:\/\/www.radiopiu.net\/wordpress\/wp-content\/uploads\/2022\/09\/e6f0b371-c4bb-4079-b394-1d942bdf4a34-150x150.jpg\" alt=\"\" width=\"150\" height=\"150\" srcset=\"https:\/\/www.radiopiu.net\/wordpress\/wp-content\/uploads\/2022\/09\/e6f0b371-c4bb-4079-b394-1d942bdf4a34-150x150.jpg 150w, https:\/\/www.radiopiu.net\/wordpress\/wp-content\/uploads\/2022\/09\/e6f0b371-c4bb-4079-b394-1d942bdf4a34-300x300.jpg 300w, https:\/\/www.radiopiu.net\/wordpress\/wp-content\/uploads\/2022\/09\/e6f0b371-c4bb-4079-b394-1d942bdf4a34-1024x1024.jpg 1024w, https:\/\/www.radiopiu.net\/wordpress\/wp-content\/uploads\/2022\/09\/e6f0b371-c4bb-4079-b394-1d942bdf4a34-768x768.jpg 768w, https:\/\/www.radiopiu.net\/wordpress\/wp-content\/uploads\/2022\/09\/e6f0b371-c4bb-4079-b394-1d942bdf4a34.jpg 1080w\" sizes=\"auto, (max-width: 150px) 100vw, 150px\" \/><\/a>PUNTATA DEL 13 SETTEMBRE &#8211; BEATRICE COLCUC<\/strong><\/p>\n<audio class=\"wp-audio-shortcode\" id=\"audio-297034-8\" preload=\"none\" style=\"width: 100%;\" controls=\"controls\"><source type=\"audio\/mpeg\" src=\"https:\/\/www.radiopiu.net\/wordpress\/wp-content\/uploads\/2022\/09\/MUSLA-2.mp3?_=8\" \/><a href=\"https:\/\/www.radiopiu.net\/wordpress\/wp-content\/uploads\/2022\/09\/MUSLA-2.mp3\">https:\/\/www.radiopiu.net\/wordpress\/wp-content\/uploads\/2022\/09\/MUSLA-2.mp3<\/a><\/audio>\n<p>&nbsp;<\/p>\n<p><strong>LA RACCOLTA<\/strong><\/p>\n<blockquote class=\"wp-embedded-content\" data-secret=\"WkzJ2jHhOd\"><p><a href=\"https:\/\/www.radiopiu.net\/wordpress\/musla\/\">MUSLA<\/a><\/p><\/blockquote>\n<p><iframe loading=\"lazy\" class=\"wp-embedded-content\" sandbox=\"allow-scripts\" security=\"restricted\" style=\"position: absolute; clip: rect(1px, 1px, 1px, 1px);\" title=\"&#8220;MUSLA&#8221; &#8212; Radio Pi\u00f9\" src=\"https:\/\/www.radiopiu.net\/wordpress\/musla\/embed\/#?secret=aQr14N17gL#?secret=WkzJ2jHhOd\" data-secret=\"WkzJ2jHhOd\" width=\"600\" height=\"338\" frameborder=\"0\" marginwidth=\"0\" marginheight=\"0\" scrolling=\"no\"><\/iframe><\/p>\n<p>&nbsp;<\/p>\n<hr \/>\n<p>&nbsp;<\/p>\n<div>\n<div class=\"b654a4as d2edcug0\">\n<div class=\"rq0escxv hkbzh7o3 jwdofwj8 n8tt0mok r8blr3vg hyh9befq\">\n<p><a class=\"dt-pswp-item\" href=\"https:\/\/www.radiopiu.net\/wordpress\/wp-content\/uploads\/2020\/10\/pp.jpg\" data-dt-img-description=\"\" data-large_image_width=\"640\" data-large_image_height=\"640\"><img loading=\"lazy\" decoding=\"async\" class=\"wp-image-163678 alignleft\" src=\"https:\/\/www.radiopiu.net\/wordpress\/wp-content\/uploads\/2020\/10\/pp-300x300.jpg\" alt=\"\" width=\"106\" height=\"106\" srcset=\"https:\/\/www.radiopiu.net\/wordpress\/wp-content\/uploads\/2020\/10\/pp-300x300.jpg 300w, https:\/\/www.radiopiu.net\/wordpress\/wp-content\/uploads\/2020\/10\/pp-150x150.jpg 150w, https:\/\/www.radiopiu.net\/wordpress\/wp-content\/uploads\/2020\/10\/pp-125x125.jpg 125w, https:\/\/www.radiopiu.net\/wordpress\/wp-content\/uploads\/2020\/10\/pp-200x200.jpg 200w, https:\/\/www.radiopiu.net\/wordpress\/wp-content\/uploads\/2020\/10\/pp-80x80.jpg 80w, https:\/\/www.radiopiu.net\/wordpress\/wp-content\/uploads\/2020\/10\/pp-480x480.jpg 480w, https:\/\/www.radiopiu.net\/wordpress\/wp-content\/uploads\/2020\/10\/pp.jpg 640w\" sizes=\"auto, (max-width: 106px) 100vw, 106px\" \/><\/a><\/p>\n<\/div>\n<\/div>\n<\/div>\n<div>\n<div class=\"page-title-head hgroup\">\n<div class=\"page-title-head hgroup\">\n<div class=\"b654a4as d2edcug0\">\n<div class=\"j83agx80 btwxx1t3 lhclo0ds hop8lmos nkwizq5d scwd0bx6 roh60bw9\">\n<div class=\"rq0escxv hkbzh7o3 jwdofwj8 n8tt0mok r8blr3vg hyh9befq\">\n<div class=\"do00u71z l9j0dhe7 k4urcfbm\">\n<h2><span style=\"color: #000080;\">DON CESARE, IL PENSIERO DEL GIORNO. ALLA RADIO ALLE 7 DEL MATTINO E ALLE 19.30 DELLA SERA.\u00a0<\/span><\/h2>\n<\/div>\n<\/div>\n<\/div>\n<\/div>\n<\/div>\n<\/div>\n<\/div>\n<div class=\"do00u71z l9j0dhe7 k4urcfbm\">\n<div class=\"page-title-head hgroup\">\n<div class=\"page-title-head hgroup\">\n<div class=\"b654a4as d2edcug0\">\n<div class=\"j83agx80 btwxx1t3 lhclo0ds hop8lmos nkwizq5d scwd0bx6 roh60bw9\">\n<div class=\"rq0escxv hkbzh7o3 jwdofwj8 n8tt0mok r8blr3vg hyh9befq\">\n<div class=\"do00u71z l9j0dhe7 k4urcfbm\">\n<div class=\"page-title-head hgroup\">\n<div class=\"page-title-head hgroup\">\n<div class=\"b654a4as d2edcug0\">\n<div class=\"j83agx80 btwxx1t3 lhclo0ds hop8lmos nkwizq5d scwd0bx6 roh60bw9\">\n<div class=\"rq0escxv hkbzh7o3 jwdofwj8 n8tt0mok r8blr3vg hyh9befq\">\n<div class=\"do00u71z l9j0dhe7 k4urcfbm\">\n<div class=\"ecm0bbzt e5nlhep0 a8c37x1j\">\n<div class=\"kvgmc6g5 cxmmr5t8 oygrvhab hcukyx3x c1et5uql\">\n<div class=\"gmail-kvgmc6g5 gmail-cxmmr5t8 gmail-oygrvhab gmail-hcukyx3x gmail-c1et5uql gmail-ii04i59q\">\n<div class=\"page-title-head hgroup\">\n<div class=\"page-title-head hgroup\">\n<div class=\"b654a4as d2edcug0\">\n<div class=\"j83agx80 btwxx1t3 lhclo0ds hop8lmos nkwizq5d scwd0bx6 roh60bw9\">\n<div class=\"rq0escxv hkbzh7o3 jwdofwj8 n8tt0mok r8blr3vg hyh9befq\">\n<div class=\"do00u71z l9j0dhe7 k4urcfbm\">\n<div class=\"page-title-head hgroup\">\n<div class=\"page-title-head hgroup\">\n<div class=\"b654a4as d2edcug0\">\n<div class=\"j83agx80 btwxx1t3 lhclo0ds hop8lmos nkwizq5d scwd0bx6 roh60bw9\">\n<div class=\"rq0escxv hkbzh7o3 jwdofwj8 n8tt0mok r8blr3vg hyh9befq\">\n<div class=\"do00u71z l9j0dhe7 k4urcfbm\">\n<div class=\"page-title-head hgroup\">\n<div class=\"page-title-head hgroup\">\n<div class=\"b654a4as d2edcug0\">\n<div class=\"j83agx80 btwxx1t3 lhclo0ds hop8lmos nkwizq5d scwd0bx6 roh60bw9\">\n<div class=\"rq0escxv hkbzh7o3 jwdofwj8 n8tt0mok r8blr3vg hyh9befq\">\n<div class=\"do00u71z l9j0dhe7 k4urcfbm\">\n<div class=\"ecm0bbzt e5nlhep0 a8c37x1j\">\n<div class=\"kvgmc6g5 cxmmr5t8 oygrvhab hcukyx3x c1et5uql\">\n<div class=\"gmail-kvgmc6g5 gmail-cxmmr5t8 gmail-oygrvhab gmail-hcukyx3x gmail-c1et5uql gmail-ii04i59q\">\n<div class=\"page-title-head hgroup\">\n<div class=\"page-title-head hgroup\">\n<div class=\"b654a4as d2edcug0\">\n<div class=\"j83agx80 btwxx1t3 lhclo0ds hop8lmos nkwizq5d scwd0bx6 roh60bw9\">\n<div class=\"rq0escxv hkbzh7o3 jwdofwj8 n8tt0mok r8blr3vg hyh9befq\">\n<div class=\"do00u71z l9j0dhe7 k4urcfbm\"><\/div>\n<div>\n<audio class=\"wp-audio-shortcode\" id=\"audio-297034-9\" preload=\"none\" style=\"width: 100%;\" controls=\"controls\"><source type=\"audio\/mpeg\" src=\"https:\/\/www.radiopiu.net\/wordpress\/wp-content\/uploads\/2022\/09\/CESARE-9.mp3?_=9\" \/><a href=\"https:\/\/www.radiopiu.net\/wordpress\/wp-content\/uploads\/2022\/09\/CESARE-9.mp3\">https:\/\/www.radiopiu.net\/wordpress\/wp-content\/uploads\/2022\/09\/CESARE-9.mp3<\/a><\/audio>\n<p>&nbsp;<\/p>\n<p>&nbsp;<\/p>\n<p>&nbsp;<\/p>\n<\/div>\n<div>\n<hr \/>\n<\/div>\n<div>\n<blockquote>\n<h3>UNA MESSA IN RICORDO DI DON CARLO ONORINI<\/h3>\n<\/blockquote>\n<p><strong>BELLUNO<\/strong> Sono passati otto anni dalla morte di don Carlo Onorini, ex parroco di Casso &#8211; fu un testimone diretto della tragedia del Vajont la sera del 9 ottobre 1963 &#8211; e storico cappellano del carcere di Baldenich, oltre che cappellano della chiesa di San Rocco. E proprio in ricordo di don Carlo sar\u00e0 celebrata una Messa nella chiesa di Loreto, a Belluno, gioved\u00ec 15 settembre alle 18<\/p>\n<p>&nbsp;<\/p>\n<hr \/>\n<p>&nbsp;<\/p>\n<blockquote>\n<h3>CON LA BEATIFICAZIONE DI GIOVANNI PAOLO I ALLA RIBALTA IL PAESE DI CANALE D\u2019AGORDO<\/h3>\n<\/blockquote>\n<div class=\"bdao358l om3e55n1 g4tp4svg __fb-light-mode\" role=\"none\">\n<div dir=\"auto\" role=\"none\"><strong>di RENATO BONA\u00a0<\/strong><\/div>\n<div dir=\"auto\" role=\"none\"><\/div>\n<div class=\"ztn2w49o n3t5jt4f k1z55t6l ne6e0wym pbevjfx6\" dir=\"auto\" role=\"none\">La recentissima beatificazione di Giovanni Paolo I, Albino Luciani, asceso al soglio di Pietro il 26 agosto 1978, ha portato alla ribalta mondiale anche Canale d\u2019Agordo, il paese natale del \u201cPapa bellunese del sorriso\u201d a proposito del quale lo storico agordino Loris Serafini (autore fra l\u2019altro, di una trentina di prestigiose pubblicazioni; membro del comitato scientifico della Fondazione Vaticana Giovanni Paolo I; direttore della Fondazione e del Museo-Casa natale di Albino Luciani, Papa Giovanni Paolo I di Canale d\u2019Agordo dall\u20191 gennaio 2010; presidente della commissione storica per la fase diocesana del processo di canonizzazione di Luciani) il quale, attingendo anche a fonti inedite quali l\u2019Archivio arcipretale di Canale d\u2019Agordo, e l\u2019Archivio vescovile di Belluno &#8211; nel luglio di 4 anni fa ha realizzato (contributo del Consorzio Bim Piave di Belluno) il libro \u201cLa Pieve di San Giovanni Battista a Canale d\u2019Agordo (Dolomiti Bellunesi). La chiesa di Papa Luciani\u201d. Hanno collaborato in vario modo, anche con la concessione di immagini fotografiche, oltre ad Antonella Schena che si \u00e8 occupata dell\u2019impaginazione grafica: l\u2019Union Ladina Val Biois, Cesare Andrich, Laura Busin, Ivan Cagnati, Vigilio Costa, Andrea Fiocco, Giulia Fiocco, Carlo Lorenzi, Gloria Sabina Manera, Inna Maslovska, Bepi Pellegrinon, Ennio Poletto, Enrico Tomaselli, Flavio Vizzuti. La pubblicazione si apre con un saluto dell\u2019allora arciprete di Canale d\u2019Agordo, don Mariano Baldovin \u201cpiovan de Canal\u201d, il quale afferma fra l\u2019altro che: \u201cScorrendo queste pagine, conosciamo la storia della Valle del Biois, le opere artistiche ivi custodite, le tradizioni, ma oltre vi scorgiamo anche la sua gente, le persone che l\u2019hanno fatta bella e unica\u201d. Ancora Baldovin: \u201cTutto ci parla della laboriosit\u00e0, dell\u2019ingegno, della fede e della solidariet\u00e0 di chi ha vissuto in questa Valle, che aveva come centro ideale la bella chiesa di San Giovanni Battista. E noi, entrando in questa storia, accostando chi ora la rende viva, possiamo ancora scoprirvi il cuore: una naturale semplicit\u00e0, una fede sobria, una cordialit\u00e0 sincera, Una terra e una gente che si fa amare\u201d. Detto che per quanto concerne la pievanale di San Giovanni Battista avremo modo di soffermarci con altro servizio, proponiamo qui un po\u2019 di storia del paese, seguendo la traccia di Serafini il quale esordisce ricordando che gli abitati che oggi compongono il centro di Canale d\u2019Agordo formavano un tempo due Regole (antiche propriet\u00e0 collettive che &#8211; unit\u00e0 giuridiche precedenti ai comuni, in cui i capi famiglia gestivano autonomamente e democraticamente il territorio di competenza): quella verso nord di Forno con Pieve (o Col) e Tancon, verso sud quella di Pitigu\u00f3gn, con Gar\u00e9s. Il centro del paese in base a documenti del 1148 era formato dall\u2019abitato di Col, detto anche Pieve, caratterizzato dall\u2019ampia piazza \u201cPr\u00e0 de San Zuanne\u201d detta anche \u201cPiazza grande del Forno\u201d o \u201cPiazza della Pieve\u201d, dasl 1979 ribattezzata \u201cPiazza Papa Luciani\u201d. Era luogo di socializzazione e commerci ma anche di incontri della gente e di sacralit\u00e0 per la presenza della chiesa e del cimitero. Con la prima \u201cfulcro della vita parrocchiale della valle\u201d. A sinistra del tempio il quattrocentesco ospizio della Confraternita dei Battuti e sede delle Regole. La imponente Canonica arcipretale venne ricostruita dagli abitanti della Val Biois nel 1741 dopo il rovinoso incendio che l\u2019aveva distrutta come gli adiacenti fabbricati. Oggi, l\u2019ex Ospizio \u00e8 sede del Museo Albino Luciani (il \u201cMusal\u201d). Sul lato destro della chiesa era invece sorta dalla seconda met\u00e0 del Settecento la bella villa veneta della famiglia Zannini che nel 1847 edific\u00f2 una pionieristica birreria che alla fine dell\u2019Ottocento \u201cera appannaggio di un ramo della famiglia Luciani, che si trasfer\u00ec a Pedavena, trasferendovi la celebre birreria\u201d. Quanto alla Casa delle Regole si tratta, per Serafini, di uno splendido esempio di architettura seicentesca, edificata dalla famiglia Doglioni di Belluno nel 1640 e poi probabilmente acquistata dalle Regole di Forno e Pitiguogn; l\u2019edificio \u00e8 stato restaurato nel 1988 ed \u00e8 adibito a sede di mostre. Sul retro della Casa vale la pena visitare il \u201cGiardino della memoria\u201d ricostruzione in scala della Campagna di Russia ideata da Giovanni Fontanive (1937-2009) e dedicata ai soldati che non hanno mai fatto ritorno. Ci avviamo a conclusione ricordando che dalla piazzetta di Tancon verso ovest si giunge alla sede della prima Latteria cooperativa d\u2019Italia, sorta nel 1872 ad iniziativa dell\u2019illuminato arciprete Antonio Della Lucia. Al termine della via ecco la casa natale di Albino Luciani. Proseguendo, nel villaggio di Gares si pu\u00f2 visitare la splendida chiesa della Beata Vergine delle Grazie e di San Gottardo del 1732 e a Carfon quella dello Spirito Santo, del 1717.<\/div>\n<\/div>\n<div dir=\"auto\" role=\"none\"><\/div>\n<div class=\"bdao358l om3e55n1 g4tp4svg __fb-light-mode\" role=\"none\">\n<div dir=\"auto\" role=\"none\">\n\n\t\t\t<style type='text\/css'>\n\t\t\t\t#gallery-4 {\n\t\t\t\t\tmargin: auto;\n\t\t\t\t}\n\t\t\t\t#gallery-4 .gallery-item {\n\t\t\t\t\tfloat: left;\n\t\t\t\t\tmargin-top: 10px;\n\t\t\t\t\ttext-align: center;\n\t\t\t\t\twidth: 20%;\n\t\t\t\t}\n\t\t\t\t#gallery-4 img {\n\t\t\t\t\tborder: 2px solid #cfcfcf;\n\t\t\t\t}\n\t\t\t\t#gallery-4 .gallery-caption {\n\t\t\t\t\tmargin-left: 0;\n\t\t\t\t}\n\t\t\t\t\/* see gallery_shortcode() in wp-includes\/media.php *\/\n\t\t\t<\/style>\n\t\t<div id='gallery-4' class='dt-gallery-container gallery galleryid-297034 gallery-columns-5 gallery-size-thumbnail'><dl class='gallery-item'>\n\t\t\t\t<dt class='gallery-icon portrait'>\n\t\t\t\t\t<a class=\"rollover\" href='https:\/\/www.radiopiu.net\/wordpress\/con-la-beatificazione-di-giovanni-paolo-i-alla-ribalta-il-paese-di-canale-dagordo\/306390114_1767155376954150_8362182499623029253_n\/'><img loading=\"lazy\" decoding=\"async\" width=\"150\" height=\"150\" src=\"https:\/\/www.radiopiu.net\/wordpress\/wp-content\/uploads\/2022\/09\/306390114_1767155376954150_8362182499623029253_n-150x150.jpg\" class=\"attachment-thumbnail size-thumbnail\" alt=\"\" \/><\/a>\n\t\t\t\t<\/dt><\/dl><dl class='gallery-item'>\n\t\t\t\t<dt class='gallery-icon portrait'>\n\t\t\t\t\t<a class=\"rollover\" href='https:\/\/www.radiopiu.net\/wordpress\/con-la-beatificazione-di-giovanni-paolo-i-alla-ribalta-il-paese-di-canale-dagordo\/306373011_468685701851289_2773235326920381238_n\/'><img loading=\"lazy\" decoding=\"async\" width=\"150\" height=\"150\" src=\"https:\/\/www.radiopiu.net\/wordpress\/wp-content\/uploads\/2022\/09\/306373011_468685701851289_2773235326920381238_n-150x150.jpg\" class=\"attachment-thumbnail size-thumbnail\" alt=\"\" \/><\/a>\n\t\t\t\t<\/dt><\/dl><dl class='gallery-item'>\n\t\t\t\t<dt class='gallery-icon landscape'>\n\t\t\t\t\t<a class=\"rollover\" href='https:\/\/www.radiopiu.net\/wordpress\/con-la-beatificazione-di-giovanni-paolo-i-alla-ribalta-il-paese-di-canale-dagordo\/306324912_3376135569375175_9003112064793929375_n\/'><img loading=\"lazy\" decoding=\"async\" width=\"150\" height=\"150\" src=\"https:\/\/www.radiopiu.net\/wordpress\/wp-content\/uploads\/2022\/09\/306324912_3376135569375175_9003112064793929375_n-150x150.jpg\" class=\"attachment-thumbnail size-thumbnail\" alt=\"\" \/><\/a>\n\t\t\t\t<\/dt><\/dl><dl class='gallery-item'>\n\t\t\t\t<dt class='gallery-icon landscape'>\n\t\t\t\t\t<a class=\"rollover\" href='https:\/\/www.radiopiu.net\/wordpress\/con-la-beatificazione-di-giovanni-paolo-i-alla-ribalta-il-paese-di-canale-dagordo\/306795636_6134125303271103_3642165884791114708_n\/'><img loading=\"lazy\" decoding=\"async\" width=\"150\" height=\"150\" src=\"https:\/\/www.radiopiu.net\/wordpress\/wp-content\/uploads\/2022\/09\/306795636_6134125303271103_3642165884791114708_n-150x150.jpg\" class=\"attachment-thumbnail size-thumbnail\" alt=\"\" \/><\/a>\n\t\t\t\t<\/dt><\/dl><dl class='gallery-item'>\n\t\t\t\t<dt class='gallery-icon landscape'>\n\t\t\t\t\t<a class=\"rollover\" href='https:\/\/www.radiopiu.net\/wordpress\/con-la-beatificazione-di-giovanni-paolo-i-alla-ribalta-il-paese-di-canale-dagordo\/306588692_770192154202907_1203070739461779463_n\/'><img loading=\"lazy\" decoding=\"async\" width=\"150\" height=\"150\" src=\"https:\/\/www.radiopiu.net\/wordpress\/wp-content\/uploads\/2022\/09\/306588692_770192154202907_1203070739461779463_n-150x150.jpg\" class=\"attachment-thumbnail size-thumbnail\" alt=\"\" \/><\/a>\n\t\t\t\t<\/dt><\/dl><br style=\"clear: both\" \/><dl class='gallery-item'>\n\t\t\t\t<dt class='gallery-icon landscape'>\n\t\t\t\t\t<a class=\"rollover\" href='https:\/\/www.radiopiu.net\/wordpress\/con-la-beatificazione-di-giovanni-paolo-i-alla-ribalta-il-paese-di-canale-dagordo\/306636752_833573804475424_4627101957069008289_n\/'><img loading=\"lazy\" decoding=\"async\" width=\"150\" height=\"150\" src=\"https:\/\/www.radiopiu.net\/wordpress\/wp-content\/uploads\/2022\/09\/306636752_833573804475424_4627101957069008289_n-150x150.jpg\" class=\"attachment-thumbnail size-thumbnail\" alt=\"\" \/><\/a>\n\t\t\t\t<\/dt><\/dl><dl class='gallery-item'>\n\t\t\t\t<dt class='gallery-icon landscape'>\n\t\t\t\t\t<a class=\"rollover\" href='https:\/\/www.radiopiu.net\/wordpress\/con-la-beatificazione-di-giovanni-paolo-i-alla-ribalta-il-paese-di-canale-dagordo\/306286429_778213886658939_7840359206913103914_n\/'><img loading=\"lazy\" decoding=\"async\" width=\"150\" height=\"150\" src=\"https:\/\/www.radiopiu.net\/wordpress\/wp-content\/uploads\/2022\/09\/306286429_778213886658939_7840359206913103914_n-150x150.jpg\" class=\"attachment-thumbnail size-thumbnail\" alt=\"\" \/><\/a>\n\t\t\t\t<\/dt><\/dl><dl class='gallery-item'>\n\t\t\t\t<dt class='gallery-icon landscape'>\n\t\t\t\t\t<a class=\"rollover\" href='https:\/\/www.radiopiu.net\/wordpress\/con-la-beatificazione-di-giovanni-paolo-i-alla-ribalta-il-paese-di-canale-dagordo\/306460239_894333901545220_6629402999971176193_n\/'><img loading=\"lazy\" decoding=\"async\" width=\"150\" height=\"150\" src=\"https:\/\/www.radiopiu.net\/wordpress\/wp-content\/uploads\/2022\/09\/306460239_894333901545220_6629402999971176193_n-150x150.jpg\" class=\"attachment-thumbnail size-thumbnail\" alt=\"\" \/><\/a>\n\t\t\t\t<\/dt><\/dl><dl class='gallery-item'>\n\t\t\t\t<dt class='gallery-icon landscape'>\n\t\t\t\t\t<a class=\"rollover\" href='https:\/\/www.radiopiu.net\/wordpress\/con-la-beatificazione-di-giovanni-paolo-i-alla-ribalta-il-paese-di-canale-dagordo\/306472656_1448572715622846_2401141996207378456_n\/'><img loading=\"lazy\" decoding=\"async\" width=\"150\" height=\"150\" src=\"https:\/\/www.radiopiu.net\/wordpress\/wp-content\/uploads\/2022\/09\/306472656_1448572715622846_2401141996207378456_n-150x150.jpg\" class=\"attachment-thumbnail size-thumbnail\" alt=\"\" \/><\/a>\n\t\t\t\t<\/dt><\/dl><dl class='gallery-item'>\n\t\t\t\t<dt class='gallery-icon landscape'>\n\t\t\t\t\t<a class=\"rollover\" href='https:\/\/www.radiopiu.net\/wordpress\/con-la-beatificazione-di-giovanni-paolo-i-alla-ribalta-il-paese-di-canale-dagordo\/306212930_5235825659880175_5415097803083525735_n\/'><img loading=\"lazy\" decoding=\"async\" width=\"150\" height=\"150\" src=\"https:\/\/www.radiopiu.net\/wordpress\/wp-content\/uploads\/2022\/09\/306212930_5235825659880175_5415097803083525735_n-150x150.jpg\" class=\"attachment-thumbnail size-thumbnail\" alt=\"\" \/><\/a>\n\t\t\t\t<\/dt><\/dl><br style=\"clear: both\" \/><dl class='gallery-item'>\n\t\t\t\t<dt class='gallery-icon portrait'>\n\t\t\t\t\t<a class=\"rollover\" href='https:\/\/www.radiopiu.net\/wordpress\/con-la-beatificazione-di-giovanni-paolo-i-alla-ribalta-il-paese-di-canale-dagordo\/306266758_476557417701480_3282898726300111904_n\/'><img loading=\"lazy\" decoding=\"async\" width=\"150\" height=\"150\" src=\"https:\/\/www.radiopiu.net\/wordpress\/wp-content\/uploads\/2022\/09\/306266758_476557417701480_3282898726300111904_n-150x150.jpg\" class=\"attachment-thumbnail size-thumbnail\" alt=\"\" \/><\/a>\n\t\t\t\t<\/dt><\/dl><dl class='gallery-item'>\n\t\t\t\t<dt class='gallery-icon landscape'>\n\t\t\t\t\t<a class=\"rollover\" href='https:\/\/www.radiopiu.net\/wordpress\/con-la-beatificazione-di-giovanni-paolo-i-alla-ribalta-il-paese-di-canale-dagordo\/306441402_1276150219867821_4451131934962227456_n\/'><img loading=\"lazy\" decoding=\"async\" width=\"150\" height=\"150\" src=\"https:\/\/www.radiopiu.net\/wordpress\/wp-content\/uploads\/2022\/09\/306441402_1276150219867821_4451131934962227456_n-150x150.jpg\" class=\"attachment-thumbnail size-thumbnail\" alt=\"\" \/><\/a>\n\t\t\t\t<\/dt><\/dl><dl class='gallery-item'>\n\t\t\t\t<dt class='gallery-icon landscape'>\n\t\t\t\t\t<a class=\"rollover\" href='https:\/\/www.radiopiu.net\/wordpress\/con-la-beatificazione-di-giovanni-paolo-i-alla-ribalta-il-paese-di-canale-dagordo\/306167682_1049590059044916_9017173548494906340_n\/'><img loading=\"lazy\" decoding=\"async\" width=\"150\" height=\"150\" src=\"https:\/\/www.radiopiu.net\/wordpress\/wp-content\/uploads\/2022\/09\/306167682_1049590059044916_9017173548494906340_n-150x150.jpg\" class=\"attachment-thumbnail size-thumbnail\" alt=\"\" \/><\/a>\n\t\t\t\t<\/dt><\/dl><dl class='gallery-item'>\n\t\t\t\t<dt class='gallery-icon landscape'>\n\t\t\t\t\t<a class=\"rollover\" href='https:\/\/www.radiopiu.net\/wordpress\/con-la-beatificazione-di-giovanni-paolo-i-alla-ribalta-il-paese-di-canale-dagordo\/306376419_755371588856805_3509081586900177704_n\/'><img loading=\"lazy\" decoding=\"async\" width=\"150\" height=\"150\" src=\"https:\/\/www.radiopiu.net\/wordpress\/wp-content\/uploads\/2022\/09\/306376419_755371588856805_3509081586900177704_n-150x150.jpg\" class=\"attachment-thumbnail size-thumbnail\" alt=\"\" \/><\/a>\n\t\t\t\t<\/dt><\/dl>\n\t\t\t\t<br style='clear: both' \/>\n\t\t\t<\/div>\n\n<\/div>\n<div class=\"ztn2w49o n3t5jt4f k1z55t6l ne6e0wym pbevjfx6\" dir=\"auto\" role=\"none\">NELLE FOTO (sito musal.it e riproduzioni dal libro \u201cLa Pieve di San Giovanni Battista a Canale d\u2019Agordo\u201d): la copertina della pubblicazione; l\u2019autore dott. Loris Serafini; panoramica datata di Canale d\u2019Agordo; la piazza della Pieve nei primi del Novecento; il \u201cpasseggio\u201d dell\u2019antica villa Zannini-Donati; l\u2019antica Birreria; la Casa delle Regole; il \u201cGiardino della Memoria\u201d; 1890: inaugurazione della Latteria a Forno di Canale; casa natale di Albino Luciani; la chiesa della Beata Vergine delle Grazie a Gares (foto Ennio Poletti); l\u2019Oratorio di San Simon a Vallada Agordina; il paese come era alla nascita di Albino Luciani e come si presenta oggi.<\/div>\n<\/div>\n<p>&nbsp;<\/p>\n<hr \/>\n<\/div>\n<\/div>\n<\/div>\n<\/div>\n<\/div>\n<p>&nbsp;<\/p>\n<blockquote>\n<h2>Per il ritiro premi contattare Manfroi Daniela cell. 335340487.<\/h2>\n<\/blockquote>\n<a href=\"https:\/\/www.radiopiu.net\/wordpress\/wp-content\/uploads\/2022\/09\/202209131746.pdf\" class=\"pdfemb-viewer\" style=\"\" data-width=\"max\" data-height=\"max\" data-toolbar=\"top\" data-toolbar-fixed=\"on\">202209131746<\/a>\n<\/div>\n<\/div>\n<\/div>\n<\/div>\n<p>&nbsp;<\/p>\n<div class=\"ecm0bbzt e5nlhep0 a8c37x1j\">\n<div class=\"kvgmc6g5 cxmmr5t8 oygrvhab hcukyx3x c1et5uql\">\n<div class=\"gmail-kvgmc6g5 gmail-cxmmr5t8 gmail-oygrvhab gmail-hcukyx3x gmail-c1et5uql gmail-ii04i59q\">\n<div class=\"page-title-head hgroup\">\n<div class=\"page-title-head hgroup\">\n<div class=\"b654a4as d2edcug0\">\n<div class=\"j83agx80 btwxx1t3 lhclo0ds hop8lmos nkwizq5d scwd0bx6 roh60bw9\">\n<div class=\"rq0escxv hkbzh7o3 jwdofwj8 n8tt0mok r8blr3vg hyh9befq\">\n<div class=\"do00u71z l9j0dhe7 k4urcfbm\">\n<hr \/>\n<p>&nbsp;<\/p>\n<p><span style=\"color: #0000ff;\">MUSICA PIU&#8217;\u00a0<\/span><\/p>\n<p><a href=\"https:\/\/www.radiopiu.net\/wordpress\/giornale-radiopiu-20-settembre-2021-direttore-mirko-mezzacasa\/pp-79\/\" rel=\"attachment wp-att-232921\"><img loading=\"lazy\" decoding=\"async\" class=\"wp-image-232921 alignleft\" src=\"https:\/\/www.radiopiu.net\/wordpress\/wp-content\/uploads\/2021\/09\/pp-1-300x300.jpg\" alt=\"\" width=\"135\" height=\"135\" srcset=\"https:\/\/www.radiopiu.net\/wordpress\/wp-content\/uploads\/2021\/09\/pp-1-300x300.jpg 300w, https:\/\/www.radiopiu.net\/wordpress\/wp-content\/uploads\/2021\/09\/pp-1-150x150.jpg 150w, https:\/\/www.radiopiu.net\/wordpress\/wp-content\/uploads\/2021\/09\/pp-1.jpg 640w\" sizes=\"auto, (max-width: 135px) 100vw, 135px\" \/><\/a><\/p>\n<div class=\"mkdf-post-text\">\n<div class=\"mkdf-post-text-inner\">\n<div class=\"mkdf-post-text-main\">\n<div class=\"mkdf-post-text\">\n<div class=\"mkdf-post-text-inner\">\n<div class=\"mkdf-post-text-main\">\n<div class=\"mkdf-post-text\">\n<div class=\"mkdf-post-text-inner\">\n<div class=\"mkdf-post-text-main\">\n<div class=\"page-title-head hgroup\">\n<div class=\"page-title-head hgroup\">\n<div class=\"mkdf-post-text\">\n<div class=\"mkdf-post-text-inner\">\n<div class=\"mkdf-post-text-main\">\n<div class=\"mkdf-post-text\">\n<div class=\"mkdf-post-text-inner\">\n<div class=\"mkdf-post-text-main\">\n<div class=\"page-title-head hgroup\">\n<div class=\"page-title-head hgroup\">\n<div class=\"page-title-head hgroup\">\n<div class=\"page-title-head hgroup\">\n<div class=\"b654a4as d2edcug0\">\n<div class=\"page-title-head hgroup\">\n<div class=\"page-title-head hgroup\">\n<div class=\"page-title-head hgroup\">\n<div class=\"page-title-head hgroup\">\n<div class=\"b654a4as d2edcug0\">\n<div class=\"page-title-head hgroup\">\n<div class=\"page-title-head hgroup\">\n<div class=\"page-title-head hgroup\">\n<div class=\"page-title-head hgroup\">\n<div class=\"b654a4as d2edcug0\">\n<div class=\"mkdf-post-text\">\n<div class=\"mkdf-post-text-inner\">\n<div class=\"mkdf-post-text-main\">\n<div class=\"mkdf-post-text\">\n<div class=\"mkdf-post-text-inner\">\n<div class=\"mkdf-post-text-main\">\n<div class=\"mkdf-post-text\">\n<div class=\"mkdf-post-text-inner\">\n<div class=\"mkdf-post-text-main\">\n<div class=\"page-title-head hgroup\">\n<div class=\"page-title-head hgroup\">\n<div class=\"mkdf-post-text\">\n<div class=\"mkdf-post-text-inner\">\n<div class=\"mkdf-post-text-main\">\n<div class=\"mkdf-post-text\">\n<div class=\"mkdf-post-text-inner\">\n<div class=\"mkdf-post-text-main\">\n<div class=\"page-title-head hgroup\">\n<div class=\"page-title-head hgroup\">\n<div class=\"page-title-head hgroup\">\n<div class=\"page-title-head hgroup\">\n<div class=\"b654a4as d2edcug0\">\n<div class=\"page-title-head hgroup\">\n<div class=\"page-title-head hgroup\">\n<div class=\"page-title-head hgroup\">\n<div class=\"page-title-head hgroup\">\n<div class=\"b654a4as d2edcug0\">\n<div class=\"page-title-head hgroup\">\n<div class=\"page-title-head hgroup\">\n<div class=\"page-title-head hgroup\">\n<div class=\"page-title-head hgroup\">\n<div class=\"b654a4as d2edcug0\">\n<div><\/div>\n<div><\/div>\n<div>\n<p><strong>MUSICA ALLA RADIO, IL PROGRAMMA DI LORIS SCUSSEL &#8220;COLLAGE OPERAZIONE NOSTALGIA&#8221; DAL LUNEDI AL VENERDI ALLE 16.00\u00a0 E ALLE 23\u00a0<\/strong><\/p>\n<\/div>\n<\/div>\n<p>&nbsp;<\/p>\n<\/div>\n<\/div>\n<\/div>\n<\/div>\n<\/div>\n<\/div>\n<\/div>\n<\/div>\n<\/div>\n<\/div>\n<\/div>\n<\/div>\n<\/div>\n<\/div>\n<\/div>\n<\/div>\n<\/div>\n<\/div>\n<\/div>\n<\/div>\n<\/div>\n<\/div>\n<\/div>\n<\/div>\n<\/div>\n<\/div>\n<\/div>\n<\/div>\n<\/div>\n<\/div>\n<\/div>\n<\/div>\n<\/div>\n<\/div>\n<\/div>\n<\/div>\n<\/div>\n<\/div>\n<\/div>\n<\/div>\n<\/div>\n<\/div>\n<\/div>\n<\/div>\n<\/div>\n<\/div>\n<\/div>\n<\/div>\n<\/div>\n<\/div>\n<\/div>\n<\/div>\n<\/div>\n<\/div>\n<\/div>\n<\/div>\n<\/div>\n<\/div>\n<\/div>\n<\/div>\n<\/div>\n<\/div>\n<\/div>\n<div>\n<div class=\"page-title-head hgroup\">\n<div class=\"page-title-head hgroup\">\n<div class=\"page-title-head hgroup\">\n<div class=\"page-title-head hgroup\">\n<div class=\"b654a4as d2edcug0\">\n<div class=\"page-title-head hgroup\">\n<div class=\"page-title-head hgroup\">\n<div class=\"page-title-head hgroup\">\n<div class=\"page-title-head hgroup\">\n<div class=\"b654a4as d2edcug0\">\n<div class=\"page-title-head hgroup\">\n<div class=\"page-title-head hgroup\">\n<div class=\"page-title-head hgroup\">\n<div class=\"page-title-head hgroup\">\n<div class=\"page-title-head hgroup\">\n<div class=\"page-title-head hgroup\">\n<div class=\"page-title-head hgroup\">\n<div class=\"page-title-head hgroup\">\n<div class=\"page-title-head hgroup\">\n<div class=\"b654a4as d2edcug0\">\n<div class=\"page-title-head hgroup\">\n<div class=\"page-title-head hgroup\">\n<div class=\"page-title-head hgroup\">\n<div class=\"page-title-head hgroup\">\n<div class=\"b654a4as d2edcug0\">\n<div class=\"page-title-head hgroup\">\n<div class=\"page-title-head hgroup\">\n<div class=\"page-title-head hgroup\">\n<div class=\"page-title-head hgroup\">\n<div class=\"page-title-head hgroup\">\n<div class=\"mkdf-post-text\">\n<div class=\"mkdf-post-text-inner\">\n<div class=\"mkdf-post-text-main\">\n<div class=\"mkdf-post-text\">\n<div class=\"mkdf-post-text-inner\">\n<div class=\"mkdf-post-text-main\">\n<div class=\"mkdf-post-text\">\n<div class=\"mkdf-post-text-inner\">\n<div class=\"mkdf-post-text-main\">\n<div class=\"page-title-head hgroup\">\n<div class=\"page-title-head hgroup\">\n<div class=\"mkdf-post-text\">\n<div class=\"mkdf-post-text-inner\">\n<div class=\"mkdf-post-text-main\">\n<div class=\"mkdf-post-text\">\n<div class=\"mkdf-post-text-inner\">\n<div class=\"mkdf-post-text-main\">\n<div class=\"page-title-head hgroup\">\n<div class=\"page-title-head hgroup\">\n<div class=\"page-title-head hgroup\">\n<div class=\"page-title-head hgroup\">\n<div class=\"b654a4as d2edcug0\">\n<div class=\"page-title-head hgroup\">\n<div class=\"page-title-head hgroup\">\n<div class=\"page-title-head hgroup\">\n<div class=\"page-title-head hgroup\">\n<div class=\"b654a4as d2edcug0\">\n<div class=\"page-title-head hgroup\">\n<div class=\"page-title-head hgroup\">\n<div class=\"page-title-head hgroup\">\n<p>&nbsp;<\/p>\n<p>&nbsp;<\/p>\n<p><strong><a class=\"dt-pswp-item\" href=\"https:\/\/www.radiopiu.net\/wordpress\/wp-content\/uploads\/2022\/09\/I-Gufi.jpg\" data-dt-img-description=\"\" data-large_image_width=\"640\" data-large_image_height=\"640\"><img loading=\"lazy\" decoding=\"async\" class=\" wp-image-296683 alignleft\" src=\"https:\/\/www.radiopiu.net\/wordpress\/wp-content\/uploads\/2022\/09\/I-Gufi-150x150.jpg\" alt=\"\" width=\"108\" height=\"108\" srcset=\"https:\/\/www.radiopiu.net\/wordpress\/wp-content\/uploads\/2022\/09\/I-Gufi-150x150.jpg 150w, https:\/\/www.radiopiu.net\/wordpress\/wp-content\/uploads\/2022\/09\/I-Gufi-300x300.jpg 300w, https:\/\/www.radiopiu.net\/wordpress\/wp-content\/uploads\/2022\/09\/I-Gufi.jpg 640w\" sizes=\"auto, (max-width: 108px) 100vw, 108px\" \/><\/a>di Loris Scussel<\/strong><\/p>\n<p>In attesa delle nuove puntate che andranno in onda dal prossimo mese di\u00a0 ottobre proseguono le repliche di Collage. Apriremo la settimana con una selezione di brani anglo americani poi ascolteremo musica genere tipo cabaret, cos\u00ec per sorridere un po\u2019, ci sar\u00e0 anche spazio per una puntata dedicata alle voci femminili e naturalmente non mancheranno le canzoni italiane nella consueta alternanza con le hit internazionali. Collage va in onda dal luned\u00ec al venerd\u00ec alle 16,00 e alle 23,00 naturalmente su Radio Pi\u00f9<\/p>\n<p>&nbsp;<\/p>\n<hr \/>\n<p>&nbsp;<\/p>\n<p><a class=\"dt-pswp-item\" href=\"https:\/\/www.radiopiu.net\/wordpress\/wp-content\/uploads\/2018\/09\/WhatsApp-Image-2018-09-20-at-16.04.06.jpeg\" data-dt-img-description=\"\" data-large_image_width=\"800\" data-large_image_height=\"100\"><img loading=\"lazy\" decoding=\"async\" class=\"aligncenter wp-image-61378 size-full\" src=\"https:\/\/www.radiopiu.net\/wordpress\/wp-content\/uploads\/2018\/09\/WhatsApp-Image-2018-09-20-at-16.04.06.jpeg\" alt=\"\" width=\"800\" height=\"100\" srcset=\"https:\/\/www.radiopiu.net\/wordpress\/wp-content\/uploads\/2018\/09\/WhatsApp-Image-2018-09-20-at-16.04.06.jpeg 800w, https:\/\/www.radiopiu.net\/wordpress\/wp-content\/uploads\/2018\/09\/WhatsApp-Image-2018-09-20-at-16.04.06-300x38.jpeg 300w, https:\/\/www.radiopiu.net\/wordpress\/wp-content\/uploads\/2018\/09\/WhatsApp-Image-2018-09-20-at-16.04.06-768x96.jpeg 768w\" sizes=\"auto, (max-width: 800px) 100vw, 800px\" \/><\/a><\/p>\n<p>&nbsp;<\/p>\n<p><center><b>Mercoledi 14<\/b><\/center><b>Tempo atteso: <\/b>Cielo un po&#8217;pi\u00f9 nuvoloso rispetto a marted\u00ec, gi\u00e0 dal mattino per nubi alte in grado di velare o mascherare in parte il sole, localmente anche per nubi basse su alcuni settori della fascia prealpina. Al pomeriggio ulteriore intensificazione della copertura nuvolosa per nubi medio-alte stratiformi, pi\u00f9 intense sulle Dolomiti, dove l&#8217;insidia di qualche goccia non sar\u00e0 da escludere a fine giornata. Nonostante la nuvolosit\u00e0 il contesto termico risulter\u00e0 piuttosto mite grazie all&#8217;apice dell&#8217;avvezione di aria calda in quota.<br \/>\n<b>Precipitazioni: <\/b>Generalmente assenti (0%), anche se non del tutto escluso qualche isolato piovasco nel tardo pomeriggio\/sera, pi\u00f9 probabile sulle Dolomiti (20-30%), meno sulle Prealpi (10-20%).<br \/>\n<b>Temperature: <\/b>Minime in aumento a tutte le quote e massime in leggera flessione. Su Prealpi a 1500 m min 14\u00b0C max 18\u00b0C, a 2000 m min 11\u00b0C max 14\u00b0C. Su Dolomiti a 2000 m min 10\u00b0C max 15\u00b0C, a 3000 m min 5\u00b0C max 8\u00b0C.<br \/>\n<b>Venti: <\/b>Nelle valli deboli di direzione variabile, localmente moderati al primo mattino su alcuni settori prealpini per brezze di monte; in quota tesi da sud-ovest, in rinforzo al pomeriggio fino a risultare forti sulle cime dolomitiche pi\u00f9 alte, a 10-25 km\/h a 2000 m e 35-65 km\/h a 3000 m.<\/p>\n<hr \/>\n<p><center><b>Giovedi 15<\/b><\/center><b>Tempo atteso: <\/b>Tempo discreto\/variabile al mattino con tratti soleggiati e crescente ma ancora contenuta nuvolosit\u00e0. Al pomeriggio intensificazione dell&#8217;attivit\u00e0 cumuliforme, localmente intensa e associata a qualche precipitazione sul Bellunese, altrove la nuvolosit\u00e0 rimarr\u00e0 irregolare con minore rischio di fenomeni. La riduzione del soleggiamento avr\u00e0 qualche effetto sulla mitezza diurna.<br \/>\n<b>Precipitazioni: <\/b>Al mattino perlopi\u00f9 assenti (0-10%). Al pomeriggio probabili precipitazioni sparse perlopi\u00f9 a carattere di rovescio o occasionale temporale (40-60%) sul Bellunese, mentre la probabilit\u00e0 sar\u00e0 minore sulle Prealpi vicentine (20-30%) e del tutto marginale sulle Prealpi pi\u00f9 occidentali (10%).<br \/>\n<b>Temperature: <\/b>Generale modesto calo termico rispetto a mercoled\u00ec, la flessione sar\u00e0 pi\u00f9 avvertita in quota, dove le minime saranno osservate alla sera. Su Prealpi a 1500 m min 13\u00b0C max 16\u00b0C, a 2000 m min 10\u00b0C max 12\u00b0C. Su Dolomiti a 2000 m min 9\u00b0C max 13\u00b0C, a 3000 m min 3\u00b0C max 5\u00b0C.<br \/>\n<b>Venti: <\/b>Nelle valli deboli di direzione variabile, salvo locali rinforzi erratici; in quota tesi occidentali tra la notte e il mattino, poi moderati da nord-ovest, a 10-20 km\/h a 2000 m e 20-35 km\/h a 3000 m.<\/p>\n<hr \/>\n<p><center><b>Venerdi 16<\/b><\/center>Peggioramento del tempo fino a risultare instabile\/perturbato al pomeriggio. Residui tratti soleggiati al mattino, poi intensificazione della nuvolosit\u00e0 associata a probabili precipitazioni al pomeriggio, anche a carattere di rovescio e di temporale. Il limite neve si abbasser\u00e0 dai 3000 m iniziali a 2500 m in tarda serata. Temperature in generale calo, con minime osservate alla sera. Venti moderati sud-occidentali al mattino, in rotazione da nord-ovest indebolendosi al pomeriggio; nelle valli deboli di direzione variabile, salvo temporanei rinforzi in caso di temporale.<\/p>\n<hr \/>\n<p><center><b>Sabato 17<\/b><\/center>Nottetempo e parte del mattino lieve maltempo con deboli precipitazioni, a tratti diffuse, localmente di moderata intensit\u00e0 sulle Prealpi. La neve cadr\u00e0 fino sui 2000-2200 m sulle Dolomiti, localmente pi\u00f9 in basso in alcune zone maggiormente interessate dalla discesa di aria fredda. Dalle ore centrali miglioramento del tempo con esaurimento dei fenomeni, graduale attenuazione della nuvolosit\u00e0 e primi rasserenamenti. Generale calo termico responsabile di un temporaneo anticipo invernale in alta quota. Venti deboli di direzione variabile nelle valli, salvo rinforzi per episodio di Foehn al pomeriggio\/sera; inizialmente moderati da nord nord-ovest in quota, tendenti a rafforzarsi al pomeriggio\/sera. Previsore: R.L.Th.<\/p>\n<p>&nbsp;<\/p>\n<hr \/>\n<p>&nbsp;<\/p>\n<p><a href=\"https:\/\/www.radiopiu.net\/wordpress\/giornale-radiopiu-26-settembre-2018-direttore-mirko-mezzacasa\/viabilita-2\/\" rel=\"attachment wp-att-61954\"><img loading=\"lazy\" decoding=\"async\" class=\"aligncenter wp-image-61954 size-full\" src=\"https:\/\/www.radiopiu.net\/wordpress\/wp-content\/uploads\/2018\/09\/viabilita.jpeg\" sizes=\"auto, (max-width: 800px) 100vw, 800px\" srcset=\"https:\/\/www.radiopiu.net\/wordpress\/wp-content\/uploads\/2018\/09\/viabilita.jpeg 800w, https:\/\/www.radiopiu.net\/wordpress\/wp-content\/uploads\/2018\/09\/viabilita-300x38.jpeg 300w, https:\/\/www.radiopiu.net\/wordpress\/wp-content\/uploads\/2018\/09\/viabilita-768x96.jpeg 768w\" alt=\"\" width=\"800\" height=\"100\" \/><\/a><\/p>\n<blockquote>\n<h3><\/h3>\n<h3>GALLERIA DI SEGUSINO CHIUSA PER 4 MESI<\/h3>\n<\/blockquote>\n<p><strong><a class=\"dt-pswp-item\" href=\"https:\/\/www.radiopiu.net\/wordpress\/wp-content\/uploads\/2020\/05\/VENETO-STRADE.png\" data-dt-img-description=\"\" data-large_image_width=\"400\" data-large_image_height=\"400\"><img loading=\"lazy\" decoding=\"async\" class=\" wp-image-135574 alignleft\" src=\"https:\/\/www.radiopiu.net\/wordpress\/wp-content\/uploads\/2020\/05\/VENETO-STRADE-150x150.png\" alt=\"\" width=\"102\" height=\"102\" srcset=\"https:\/\/www.radiopiu.net\/wordpress\/wp-content\/uploads\/2020\/05\/VENETO-STRADE-150x150.png 150w, https:\/\/www.radiopiu.net\/wordpress\/wp-content\/uploads\/2020\/05\/VENETO-STRADE-300x300.png 300w, https:\/\/www.radiopiu.net\/wordpress\/wp-content\/uploads\/2020\/05\/VENETO-STRADE.png 400w\" sizes=\"auto, (max-width: 102px) 100vw, 102px\" \/><\/a><\/strong><\/p>\n<p><strong>SEGUSINO<\/strong> Fino al 4 novembre, compresi sabati domeniche e festivi infrasettimanali, un&#8217;interdizione totale al transito per l&#8217;intera tratta della galleria di Segusino in seguito a dei lavori per messa in sicurezza della condotta acquedottistica<\/p>\n<p>&nbsp;<\/p>\n<\/div>\n<\/div>\n<blockquote><p>&nbsp;<\/p><\/blockquote>\n<div class=\"page-title-head hgroup\">\n<p>&nbsp;<\/p>\n<blockquote class=\"wp-embedded-content\" data-secret=\"FyPDGlnVYD\"><p><a href=\"https:\/\/www.radiopiu.net\/wordpress\/viabilita\/\">viabilita<\/a><\/p><\/blockquote>\n<p><iframe loading=\"lazy\" class=\"wp-embedded-content\" sandbox=\"allow-scripts\" security=\"restricted\" style=\"position: absolute; clip: rect(1px, 1px, 1px, 1px);\" title=\"&#8220;viabilita&#8221; &#8212; Radio Pi\u00f9\" src=\"https:\/\/www.radiopiu.net\/wordpress\/viabilita\/embed\/#?secret=GkzftdoKSs#?secret=FyPDGlnVYD\" data-secret=\"FyPDGlnVYD\" width=\"600\" height=\"338\" frameborder=\"0\" marginwidth=\"0\" marginheight=\"0\" scrolling=\"no\"><\/iframe><\/p>\n<div class=\"page-title-head hgroup\">\n<p>&nbsp;<\/p>\n<hr \/>\n<p>&nbsp;<\/p>\n<p>&nbsp;<\/p>\n<p><img loading=\"lazy\" decoding=\"async\" class=\"wp-image-60761 size-full aligncenter\" src=\"https:\/\/www.radiopiu.net\/wordpress\/wp-content\/uploads\/2018\/09\/sport.jpg\" alt=\"\" width=\"800\" height=\"100\" srcset=\"https:\/\/www.radiopiu.net\/wordpress\/wp-content\/uploads\/2018\/09\/sport.jpg 800w, https:\/\/www.radiopiu.net\/wordpress\/wp-content\/uploads\/2018\/09\/sport-300x38.jpg 300w, https:\/\/www.radiopiu.net\/wordpress\/wp-content\/uploads\/2018\/09\/sport-768x96.jpg 768w\" sizes=\"auto, (max-width: 800px) 100vw, 800px\" \/><\/p>\n<\/div>\n<\/div>\n<\/div>\n<div class=\"page-title-head hgroup\">\n<div class=\"page-title-head hgroup\">\n<p>&nbsp;<\/p>\n<p><span style=\"color: #0000ff;\"><strong>\u00a0PALLAVOLO<\/strong><\/span><\/p>\n<blockquote>\n<h3>OGGI LA PRESENTAZIONE DEI RINOCERONTI<\/h3>\n<\/blockquote>\n<p><strong><a class=\"dt-pswp-item\" href=\"https:\/\/www.radiopiu.net\/wordpress\/wp-content\/uploads\/2022\/09\/Presentazione_DRL_Volley_Team.jpg\" data-dt-img-description=\"\" data-large_image_width=\"720\" data-large_image_height=\"1064\"><img loading=\"lazy\" decoding=\"async\" class=\"size-thumbnail wp-image-297085 alignleft\" src=\"https:\/\/www.radiopiu.net\/wordpress\/wp-content\/uploads\/2022\/09\/Presentazione_DRL_Volley_Team-150x150.jpg\" alt=\"\" width=\"150\" height=\"150\" \/><\/a>BELLUNO <\/strong>La Pallavolo Belluno si presenta, stasera alle 19, al Centro diocesano Giovanni XXIII di piazza Piloni.<\/p>\n<p>&nbsp;<\/p>\n<p>&nbsp;<\/p>\n<p>&nbsp;<\/p>\n<p>&nbsp;<\/p>\n<p>&nbsp;<\/p>\n<p>&nbsp;<\/p>\n<hr \/>\n<p>&nbsp;<\/p>\n<\/div>\n<\/div>\n<\/div>\n<\/div>\n<\/div>\n<\/div>\n<\/div>\n<\/div>\n<\/div>\n<\/div>\n<\/div>\n<\/div>\n<\/div>\n<\/div>\n<\/div>\n<\/div>\n<\/div>\n<\/div>\n<\/div>\n<\/div>\n<\/div>\n<\/div>\n<\/div>\n<\/div>\n<\/div>\n<\/div>\n<\/div>\n<\/div>\n<\/div>\n<\/div>\n<\/div>\n<\/div>\n<\/div>\n<\/div>\n<\/div>\n<\/div>\n<\/div>\n<\/div>\n<\/div>\n<\/div>\n<\/div>\n<\/div>\n<\/div>\n<\/div>\n<\/div>\n<\/div>\n<\/div>\n<\/div>\n<\/div>\n<\/div>\n<\/div>\n<\/div>\n<\/div>\n<\/div>\n<\/div>\n<\/div>\n<\/div>\n<\/div>\n<\/div>\n<\/div>\n<\/div>\n<\/div>\n<\/div>\n<\/div>\n<\/div>\n<\/div>\n<\/div>\n<\/div>\n<\/div>\n<\/div>\n<\/div>\n<\/div>\n<\/div>\n<\/div>\n<\/div>\n<\/div>\n<\/div>\n<\/div>\n<\/div>\n<\/div>\n<\/div>\n<\/div>\n<\/div>\n<\/div>\n<\/div>\n<\/div>\n<\/div>\n<\/div>\n<\/div>\n<\/div>\n<\/div>\n<\/div>\n<\/div>\n<\/div>\n<\/div>\n<\/div>\n<\/div>\n<\/div>\n<\/div>\n<\/div>\n<\/div>\n<\/div>\n<\/div>\n","protected":false},"excerpt":{"rendered":"<p>RADIO PIU INFORMAZIONE il canale su TELEGRAM informazione di prima\u00a0\u00a0mano e in tempo reale. iscriviti ed aiutaci a farlo conoscere &nbsp; &nbsp; NEI GIORNI 15 E 22 SETTEMBRE BREVI INTERRUZIONI SULLA SR 203 AGORDINA \u00a0 SEDICO Veneto Strade comunica che nelle giornate del 15 e 22 settembre la SR 203 Agordina sar\u00e0 interessata da brevi&hellip;<\/p>\n","protected":false},"author":4,"featured_media":297153,"comment_status":"closed","ping_status":"closed","sticky":false,"template":"","format":"standard","meta":{"_monsterinsights_skip_tracking":false,"_monsterinsights_sitenote_active":false,"_monsterinsights_sitenote_note":"","_monsterinsights_sitenote_category":0,"footnotes":""},"categories":[51,86,49],"tags":[],"class_list":["post-297034","post","type-post","status-publish","format-standard","has-post-thumbnail","hentry","category-evidenza-top","category-gr","category-news-18","category-51","category-86","category-49","description-off"],"img_url":"https:\/\/www.radiopiu.net\/wordpress\/wp-content\/uploads\/2022\/09\/6d9e21a7-400c-424b-86a6-ccb88c8cd34d.jpg","_links":{"self":[{"href":"https:\/\/www.radiopiu.net\/wordpress\/wp-json\/wp\/v2\/posts\/297034","targetHints":{"allow":["GET"]}}],"collection":[{"href":"https:\/\/www.radiopiu.net\/wordpress\/wp-json\/wp\/v2\/posts"}],"about":[{"href":"https:\/\/www.radiopiu.net\/wordpress\/wp-json\/wp\/v2\/types\/post"}],"author":[{"embeddable":true,"href":"https:\/\/www.radiopiu.net\/wordpress\/wp-json\/wp\/v2\/users\/4"}],"replies":[{"embeddable":true,"href":"https:\/\/www.radiopiu.net\/wordpress\/wp-json\/wp\/v2\/comments?post=297034"}],"version-history":[{"count":0,"href":"https:\/\/www.radiopiu.net\/wordpress\/wp-json\/wp\/v2\/posts\/297034\/revisions"}],"wp:featuredmedia":[{"embeddable":true,"href":"https:\/\/www.radiopiu.net\/wordpress\/wp-json\/wp\/v2\/media\/297153"}],"wp:attachment":[{"href":"https:\/\/www.radiopiu.net\/wordpress\/wp-json\/wp\/v2\/media?parent=297034"}],"wp:term":[{"taxonomy":"category","embeddable":true,"href":"https:\/\/www.radiopiu.net\/wordpress\/wp-json\/wp\/v2\/categories?post=297034"},{"taxonomy":"post_tag","embeddable":true,"href":"https:\/\/www.radiopiu.net\/wordpress\/wp-json\/wp\/v2\/tags?post=297034"}],"curies":[{"name":"wp","href":"https:\/\/api.w.org\/{rel}","templated":true}]}}