{"id":297038,"date":"2022-09-13T04:00:56","date_gmt":"2022-09-13T02:00:56","guid":{"rendered":"https:\/\/www.radiopiu.net\/wordpress\/?p=297038"},"modified":"2022-09-13T14:47:09","modified_gmt":"2022-09-13T12:47:09","slug":"chisura-dello-hockey-scende-in-piazza-sabato-ad-agosto","status":"publish","type":"post","link":"https:\/\/www.radiopiu.net\/wordpress\/chisura-dello-hockey-scende-in-piazza-sabato-ad-agosto\/","title":{"rendered":"CHIUSURA DELLO STADIO, L&#8217;ALLEGHE HOCKEY SCENDE IN PIAZZA, SABATO AD AGORDO"},"content":{"rendered":"<p><strong><a class=\"dt-pswp-item\" href=\"https:\/\/www.radiopiu.net\/wordpress\/wp-content\/uploads\/2018\/07\/stadio-alleghe-5.jpg\" data-dt-img-description=\"\" data-large_image_width=\"1024\" data-large_image_height=\"768\">u<img loading=\"lazy\" decoding=\"async\" class=\"size-thumbnail wp-image-53145 alignleft\" src=\"https:\/\/www.radiopiu.net\/wordpress\/wp-content\/uploads\/2018\/07\/stadio-alleghe-5-150x150.jpg\" alt=\"\" width=\"150\" height=\"150\" \/><\/a>ALLEGHE<\/strong> Si \u00e8 svolto ieri sera il consiglio di amministrazione dell&#8217;Alleghe Hockey dopo l&#8217;annunciata chiusura dello stadio da parte del sindaco di Alleghe Danilo De Toni. Una lunga riunione voluta dal presidente Adriano Levis da cui non si conosce ancora ufficialmente quale sar\u00e0 il futuro della societ\u00e0. Alla riunione anche un rappresentante del pattinaggio artistico. Dall&#8217;incontro si \u00e8 deciso di manifestare in modo tranquillo e dimostrare il disappunto sulla chiusura della struttura con degli striscioni in occasione di Sport in Piazza di sabato prossimo ad Agordo. Nelle prossime ore saranno chiamati i genitori del settore giovanile per spiegare la motivazione della chiusura dello stadio. &#8220;<em>Vogliamo anche coinvolgere pi\u00f9 societ\u00e0 possibili. Dal calcio al nuoto e tutte le realt\u00e0 dell&#8217;Agordino &#8211; dice il presidente Adriano Levis &#8211; cerchiamo solidariet\u00e0 dalle societ\u00e0 sportive anche perch\u00e9 questo problema riguarda al momento lo stadio del ghiaccio ma un domani sar\u00e0 un problema generale per tutti gli impianti sportivi<\/em>&#8220;.<\/p>\n<p><strong>IL PRESIDENTE, ADRIANO LEVIS<\/strong><\/p>\n<audio class=\"wp-audio-shortcode\" id=\"audio-297038-1\" preload=\"none\" style=\"width: 100%;\" controls=\"controls\"><source type=\"audio\/mpeg\" src=\"https:\/\/www.radiopiu.net\/wordpress\/wp-content\/uploads\/2022\/09\/ADRIANO-LEVIS-1.mp3?_=1\" \/><a href=\"https:\/\/www.radiopiu.net\/wordpress\/wp-content\/uploads\/2022\/09\/ADRIANO-LEVIS-1.mp3\">https:\/\/www.radiopiu.net\/wordpress\/wp-content\/uploads\/2022\/09\/ADRIANO-LEVIS-1.mp3<\/a><\/audio>\n<p>&nbsp;<\/p>\n<p>&nbsp;<\/p>\n<p>******<\/p>\n","protected":false},"excerpt":{"rendered":"<p>uALLEGHE Si \u00e8 svolto ieri sera il consiglio di amministrazione dell&#8217;Alleghe Hockey dopo l&#8217;annunciata chiusura dello stadio da parte del sindaco di Alleghe Danilo De Toni. Una lunga riunione voluta dal presidente Adriano Levis da cui non si conosce ancora ufficialmente quale sar\u00e0 il futuro della societ\u00e0. Alla riunione anche un rappresentante del pattinaggio artistico.&hellip;<\/p>\n","protected":false},"author":4,"featured_media":53145,"comment_status":"closed","ping_status":"closed","sticky":false,"template":"","format":"standard","meta":{"_monsterinsights_skip_tracking":false,"_monsterinsights_sitenote_active":false,"_monsterinsights_sitenote_note":"","_monsterinsights_sitenote_category":0,"footnotes":""},"categories":[51,49],"tags":[],"class_list":["post-297038","post","type-post","status-publish","format-standard","has-post-thumbnail","hentry","category-evidenza-top","category-news-18","category-51","category-49","description-off"],"img_url":"https:\/\/www.radiopiu.net\/wordpress\/wp-content\/uploads\/2018\/07\/stadio-alleghe-5.jpg","_links":{"self":[{"href":"https:\/\/www.radiopiu.net\/wordpress\/wp-json\/wp\/v2\/posts\/297038","targetHints":{"allow":["GET"]}}],"collection":[{"href":"https:\/\/www.radiopiu.net\/wordpress\/wp-json\/wp\/v2\/posts"}],"about":[{"href":"https:\/\/www.radiopiu.net\/wordpress\/wp-json\/wp\/v2\/types\/post"}],"author":[{"embeddable":true,"href":"https:\/\/www.radiopiu.net\/wordpress\/wp-json\/wp\/v2\/users\/4"}],"replies":[{"embeddable":true,"href":"https:\/\/www.radiopiu.net\/wordpress\/wp-json\/wp\/v2\/comments?post=297038"}],"version-history":[{"count":0,"href":"https:\/\/www.radiopiu.net\/wordpress\/wp-json\/wp\/v2\/posts\/297038\/revisions"}],"wp:featuredmedia":[{"embeddable":true,"href":"https:\/\/www.radiopiu.net\/wordpress\/wp-json\/wp\/v2\/media\/53145"}],"wp:attachment":[{"href":"https:\/\/www.radiopiu.net\/wordpress\/wp-json\/wp\/v2\/media?parent=297038"}],"wp:term":[{"taxonomy":"category","embeddable":true,"href":"https:\/\/www.radiopiu.net\/wordpress\/wp-json\/wp\/v2\/categories?post=297038"},{"taxonomy":"post_tag","embeddable":true,"href":"https:\/\/www.radiopiu.net\/wordpress\/wp-json\/wp\/v2\/tags?post=297038"}],"curies":[{"name":"wp","href":"https:\/\/api.w.org\/{rel}","templated":true}]}}