{"id":297043,"date":"2022-09-13T05:14:00","date_gmt":"2022-09-13T03:14:00","guid":{"rendered":"https:\/\/www.radiopiu.net\/wordpress\/?p=297043"},"modified":"2022-09-13T05:14:00","modified_gmt":"2022-09-13T03:14:00","slug":"mi-ha-violentato-da-ubriaca-e-porta-a-processo-un-conoscente","status":"publish","type":"post","link":"https:\/\/www.radiopiu.net\/wordpress\/mi-ha-violentato-da-ubriaca-e-porta-a-processo-un-conoscente\/","title":{"rendered":"MI HA VIOLENTATO DA UBRIACA, E PORTA A PROCESSO UN CONOSCENTE"},"content":{"rendered":"<p><strong>OGGI SUL CORRIERE DELLE ALPI<\/strong><\/p>\n<p><strong>DI GIGI SOSSO<\/strong><\/p>\n<p>Bendata, sculacciata e violentata. Una donna ha portato in tribunale un coetaneo bellunese, del quale si fidava. Le violenze contestate sarebbero avvenute nell&#8217;appartamento dell&#8217;uomo e anche nell&#8217;abitacolo della sua autovettura. Il capo d&#8217;imputazione, steso dalla Procura della Repubblica, pu\u00f2 ricordare il copione di film come &#8220;50 sfumature di&#8230;&#8221;, ma in quello che viene descritto dal pubblico ministero non ci sarebbe niente di consenziente. In un caso, la parte offesa si sarebbe trovata anche in una condizione di inferiorit\u00e0 fisica e psichica, perch\u00e9 aveva bevuto e non reggeva l&#8217;alcol. Chieder\u00e0 i danni. Il collegio formato dai giudici Coniglio Feletto e Berletti ha ammesso cinque testimoni per accusa, parte civile e difesa e il processo comincer\u00e0 il 29 marzo dell&#8217;anno prossimo<\/p>\n<p>&nbsp;<\/p>\n<hr \/>\n<p>&nbsp;<\/p>\n","protected":false},"excerpt":{"rendered":"<p>OGGI SUL CORRIERE DELLE ALPI DI GIGI SOSSO Bendata, sculacciata e violentata. Una donna ha portato in tribunale un coetaneo bellunese, del quale si fidava. Le violenze contestate sarebbero avvenute nell&#8217;appartamento dell&#8217;uomo e anche nell&#8217;abitacolo della sua autovettura. Il capo d&#8217;imputazione, steso dalla Procura della Repubblica, pu\u00f2 ricordare il copione di film come &#8220;50 sfumature&hellip;<\/p>\n","protected":false},"author":4,"featured_media":282908,"comment_status":"closed","ping_status":"closed","sticky":false,"template":"","format":"standard","meta":{"_monsterinsights_skip_tracking":false,"_monsterinsights_sitenote_active":false,"_monsterinsights_sitenote_note":"","_monsterinsights_sitenote_category":0,"footnotes":""},"categories":[51,49],"tags":[],"class_list":["post-297043","post","type-post","status-publish","format-standard","has-post-thumbnail","hentry","category-evidenza-top","category-news-18","category-51","category-49","description-off"],"img_url":"https:\/\/www.radiopiu.net\/wordpress\/wp-content\/uploads\/2022\/06\/TRIBUNALE-2.jpg","_links":{"self":[{"href":"https:\/\/www.radiopiu.net\/wordpress\/wp-json\/wp\/v2\/posts\/297043","targetHints":{"allow":["GET"]}}],"collection":[{"href":"https:\/\/www.radiopiu.net\/wordpress\/wp-json\/wp\/v2\/posts"}],"about":[{"href":"https:\/\/www.radiopiu.net\/wordpress\/wp-json\/wp\/v2\/types\/post"}],"author":[{"embeddable":true,"href":"https:\/\/www.radiopiu.net\/wordpress\/wp-json\/wp\/v2\/users\/4"}],"replies":[{"embeddable":true,"href":"https:\/\/www.radiopiu.net\/wordpress\/wp-json\/wp\/v2\/comments?post=297043"}],"version-history":[{"count":0,"href":"https:\/\/www.radiopiu.net\/wordpress\/wp-json\/wp\/v2\/posts\/297043\/revisions"}],"wp:featuredmedia":[{"embeddable":true,"href":"https:\/\/www.radiopiu.net\/wordpress\/wp-json\/wp\/v2\/media\/282908"}],"wp:attachment":[{"href":"https:\/\/www.radiopiu.net\/wordpress\/wp-json\/wp\/v2\/media?parent=297043"}],"wp:term":[{"taxonomy":"category","embeddable":true,"href":"https:\/\/www.radiopiu.net\/wordpress\/wp-json\/wp\/v2\/categories?post=297043"},{"taxonomy":"post_tag","embeddable":true,"href":"https:\/\/www.radiopiu.net\/wordpress\/wp-json\/wp\/v2\/tags?post=297043"}],"curies":[{"name":"wp","href":"https:\/\/api.w.org\/{rel}","templated":true}]}}