{"id":297160,"date":"2022-09-13T22:50:35","date_gmt":"2022-09-13T20:50:35","guid":{"rendered":"https:\/\/www.radiopiu.net\/wordpress\/?p=297160"},"modified":"2022-09-14T05:48:08","modified_gmt":"2022-09-14T03:48:08","slug":"malore-per-unescursionista-al-rifugio-mulaz","status":"publish","type":"post","link":"https:\/\/www.radiopiu.net\/wordpress\/malore-per-unescursionista-al-rifugio-mulaz\/","title":{"rendered":"MALORE PER UN&#8217;ESCURSIONISTA AL RIFUGIO MULAZ"},"content":{"rendered":"<p dir=\"auto\"><strong>ROCCA PIETORE <\/strong>Passate le 16 il Soccorso alpino della Val Pettorina \u00e8 intervenuto all&#8217;altezza di Malga Ombretta, per un escursionista 64enne sfinito dalla stanchezza. Raggiunto in quad, l&#8217;uomo \u00e8 stato trasportato a Malga Ciapela.<\/p>\n<p dir=\"auto\"><strong>FALCADE <\/strong>Verso le 16.30 l&#8217;elicottero del Suem di Pieve di Cadore \u00e8 invece volato al Rifugio Mulaz per una turista tedesca di 61 anni, che a seguito di un malore si era accasciata a terra all&#8217;improvviso dentro la struttura. Il gestore ha subito iniziato le manovre di rianimazione, utilizzando anche il defibrillatore, finch\u00e9 la donna si \u00e8 ripresa. Affidata all&#8217;equipe medica e caricata a bordo, l&#8217;escursionista \u00e8 stata trasportata all&#8217;ospedale di Belluno.<\/p>\n<p dir=\"auto\"><strong>CORTINA <\/strong>L&#8217;elicottero \u00e8 poi stato inviato sulla forcella tra Tofana di Dentro e Tofana di Mezzo per una persona incapace di proseguire. Il 40enne tedesco \u00e8 stato recuperato con 20 metri di verricello e portato a Pieve di Cadore.<\/p>\n<p dir=\"auto\">\n<p dir=\"auto\">\n<p dir=\"auto\">******<\/p>\n","protected":false},"excerpt":{"rendered":"<p>ROCCA PIETORE Passate le 16 il Soccorso alpino della Val Pettorina \u00e8 intervenuto all&#8217;altezza di Malga Ombretta, per un escursionista 64enne sfinito dalla stanchezza. Raggiunto in quad, l&#8217;uomo \u00e8 stato trasportato a Malga Ciapela. FALCADE Verso le 16.30 l&#8217;elicottero del Suem di Pieve di Cadore \u00e8 invece volato al Rifugio Mulaz per una turista tedesca&hellip;<\/p>\n","protected":false},"author":4,"featured_media":290950,"comment_status":"closed","ping_status":"closed","sticky":false,"template":"","format":"standard","meta":{"_monsterinsights_skip_tracking":false,"_monsterinsights_sitenote_active":false,"_monsterinsights_sitenote_note":"","_monsterinsights_sitenote_category":0,"footnotes":""},"categories":[51,49],"tags":[],"class_list":["post-297160","post","type-post","status-publish","format-standard","has-post-thumbnail","hentry","category-evidenza-top","category-news-18","category-51","category-49","description-off"],"img_url":"https:\/\/www.radiopiu.net\/wordpress\/wp-content\/uploads\/2022\/08\/1661-2022.jpeg","_links":{"self":[{"href":"https:\/\/www.radiopiu.net\/wordpress\/wp-json\/wp\/v2\/posts\/297160","targetHints":{"allow":["GET"]}}],"collection":[{"href":"https:\/\/www.radiopiu.net\/wordpress\/wp-json\/wp\/v2\/posts"}],"about":[{"href":"https:\/\/www.radiopiu.net\/wordpress\/wp-json\/wp\/v2\/types\/post"}],"author":[{"embeddable":true,"href":"https:\/\/www.radiopiu.net\/wordpress\/wp-json\/wp\/v2\/users\/4"}],"replies":[{"embeddable":true,"href":"https:\/\/www.radiopiu.net\/wordpress\/wp-json\/wp\/v2\/comments?post=297160"}],"version-history":[{"count":0,"href":"https:\/\/www.radiopiu.net\/wordpress\/wp-json\/wp\/v2\/posts\/297160\/revisions"}],"wp:featuredmedia":[{"embeddable":true,"href":"https:\/\/www.radiopiu.net\/wordpress\/wp-json\/wp\/v2\/media\/290950"}],"wp:attachment":[{"href":"https:\/\/www.radiopiu.net\/wordpress\/wp-json\/wp\/v2\/media?parent=297160"}],"wp:term":[{"taxonomy":"category","embeddable":true,"href":"https:\/\/www.radiopiu.net\/wordpress\/wp-json\/wp\/v2\/categories?post=297160"},{"taxonomy":"post_tag","embeddable":true,"href":"https:\/\/www.radiopiu.net\/wordpress\/wp-json\/wp\/v2\/tags?post=297160"}],"curies":[{"name":"wp","href":"https:\/\/api.w.org\/{rel}","templated":true}]}}